{"id":10610,"date":"2024-10-23T05:00:00","date_gmt":"2024-10-23T11:00:00","guid":{"rendered":"https:\/\/soymigrante.com\/revista\/?p=10610"},"modified":"2024-10-22T23:00:38","modified_gmt":"2024-10-23T05:00:38","slug":"elecciones-usa-2024-no-solo-compiten-harris-y-trump-hay-otros-candidatos-enterate-aqui","status":"publish","type":"post","link":"https:\/\/soymigrante.com\/revista\/elecciones-usa-2024-no-solo-compiten-harris-y-trump-hay-otros-candidatos-enterate-aqui\/","title":{"rendered":"Elecciones USA 2024: No solo compiten Harris y Trump, hay otros candidatos. Ent\u00e9rate aqu\u00ed."},"content":{"rendered":"\t\t<div data-elementor-type=\"wp-post\" data-elementor-id=\"10610\" class=\"elementor elementor-10610\" data-elementor-post-type=\"post\">\n\t\t\t\t<div data-particle_enable=\"false\" data-particle-mobile-disabled=\"false\" class=\"elementor-element elementor-element-402a31d e-flex e-con-boxed e-con e-parent\" data-id=\"402a31d\" data-element_type=\"container\" data-e-type=\"container\">\n\t\t\t\t\t<div class=\"e-con-inner\">\n\t\t\t\t<div class=\"elementor-element elementor-element-201392a elementor-widget elementor-widget-heading\" data-id=\"201392a\" data-element_type=\"widget\" data-e-type=\"widget\" data-widget_type=\"heading.default\">\n\t\t\t\t\t<h2 class=\"elementor-heading-title elementor-size-default\">Los estadounidenses ya est\u00e1n votando para elegir nuevo presidente, pero el d\u00eda clave ser\u00e1 el 5 de noviembre.  La vicepresidenta Kamala Harris y el expresidente Donald Trump encabezan las encuestas, pero hay al menos otros dos participantes a nivel nacional.<\/h2>\t\t\t\t<\/div>\n\t\t\t\t\t<\/div>\n\t\t\t\t<\/div>\n\t\t<div data-particle_enable=\"false\" data-particle-mobile-disabled=\"false\" class=\"elementor-element elementor-element-c3cbeb2 e-flex e-con-boxed e-con e-parent\" data-id=\"c3cbeb2\" data-element_type=\"container\" data-e-type=\"container\">\n\t\t\t\t\t<div class=\"e-con-inner\">\n\t\t\t\t<div class=\"elementor-element elementor-element-b8bdfb5 elementor-widget elementor-widget-text-editor\" data-id=\"b8bdfb5\" data-element_type=\"widget\" data-e-type=\"widget\" data-widget_type=\"text-editor.default\">\n\t\t\t\t\t\t\t\t\t<p>\u00bfTe sorprender\u00eda si te decimos que hay al menos 10 candidatos presidenciales para estas elecciones 2024 en Estados Unidos? Pues sorpr\u00e9ndete, as\u00ed es. Pero t\u00f3malo con calma, pues solo cuatro de ellos compiten a escala nacional, auque no en todos los Estados, ya que sus partidos no tienen representaci\u00f3n\u00a0 en ellos. A\u00fan as\u00ed, estamos seguros que solo has escuchado hablar de dos de ellos, la actual vicepresidenta Kamala Harris y el expresidente Donald Trump.\u00a0<\/p><p>Adem\u00e1s de Harris y Trump, tambi\u00e9n compiten Chase Oliver, del Partido Libertario, quien estar\u00e1 en la papeleta de 47 Estados de la Uni\u00f3n, mientras\u00a0<span style=\"color: var( --e-global-color-text );text-align: var(--text-align)\">Jill Stein, del Partido Verde, competir\u00e1 el 38 de los 50 Estados.<\/span><\/p><p><span style=\"color: var( --e-global-color-text );text-align: var(--text-align)\">En\u00a0<\/span><span style=\"color: var( --e-global-color-text );text-align: var(--text-align)\">las\u00a0<\/span><a style=\"text-align: var(--text-align)\" href=\"https:\/\/soymigrante.com\/revista\/elecciones-usa-2024-informe-refleja-percepciones-fortalezas-y-debilidades-de-harris-o-trump\/\" target=\"_blank\" rel=\"noopener\">Elecciones Presidenciales de Estados Unidos 2024<\/a>\u00a0hay tambi\u00e9n otros 9 partidos minoritarios que presentan candidatos presidenciales , pero ninguno de ellos tiene posibilidades de llegar por no tener representaci\u00f3n en suficientes Estados. A\u00fan as\u00ed competir\u00e1n en algunos Estados, pero en otros no.<\/p><p><span style=\"color: var( --e-global-color-text );text-align: var(--text-align)\">Harris y Trump son los dos candidatos m\u00e1s fuertes para ser electos. De hecho, encuestas han referido que hasta el momento ambos tiene una intenci\u00f3n de voto muy pareja.\u00a0<\/span><\/p><p>Te compartimos el perfil de cada candidato en miras de las Elecciones Presidenciales de Estados Unidos 2024, que se celebrar\u00e1n el pr\u00f3ximo 5 de noviembre en cada uno de los 50 estados.<\/p>\t\t\t\t\t\t\t\t<\/div>\n\t\t\t\t\t<\/div>\n\t\t\t\t<\/div>\n\t\t<div data-particle_enable=\"false\" data-particle-mobile-disabled=\"false\" class=\"elementor-element elementor-element-01ee602 e-flex e-con-boxed e-con e-parent\" data-id=\"01ee602\" data-element_type=\"container\" data-e-type=\"container\">\n\t\t\t\t\t<div class=\"e-con-inner\">\n\t\t\t\t<div class=\"elementor-element elementor-element-c90b7c4 elementor-widget elementor-widget-image\" data-id=\"c90b7c4\" data-element_type=\"widget\" data-e-type=\"widget\" data-widget_type=\"image.default\">\n\t\t\t\t\t\t\t\t\t\t\t\t<figure class=\"wp-caption\">\n\t\t\t\t\t\t\t\t\t\t<img fetchpriority=\"high\" decoding=\"async\" width=\"768\" height=\"302\" src=\"https:\/\/soymigrante.com\/revista\/wp-content\/uploads\/2024\/10\/encuesta-hasta-el-22-de-octubre-1024x403.webp\" class=\"attachment-large size-large wp-image-10636\" alt=\"Encuesta de preferencias electorales 2024 en EE.UU., comparaci\u00f3n entre Harris y Trump, an\u00e1lisis de tendencias y movimientos en las encuestas de opini\u00f3n.\" srcset=\"https:\/\/soymigrante.com\/revista\/wp-content\/uploads\/2024\/10\/encuesta-hasta-el-22-de-octubre-1024x403.webp 1024w, https:\/\/soymigrante.com\/revista\/wp-content\/uploads\/2024\/10\/encuesta-hasta-el-22-de-octubre-300x118.webp 300w, https:\/\/soymigrante.com\/revista\/wp-content\/uploads\/2024\/10\/encuesta-hasta-el-22-de-octubre-768x303.webp 768w, https:\/\/soymigrante.com\/revista\/wp-content\/uploads\/2024\/10\/encuesta-hasta-el-22-de-octubre-750x295.webp 750w, https:\/\/soymigrante.com\/revista\/wp-content\/uploads\/2024\/10\/encuesta-hasta-el-22-de-octubre-1140x449.webp 1140w, https:\/\/soymigrante.com\/revista\/wp-content\/uploads\/2024\/10\/encuesta-hasta-el-22-de-octubre.webp 1320w\" sizes=\"(max-width: 768px) 100vw, 768px\" title=\"Resultado de encuestas combinadas por Real Clear Polling hasta el 22 de de octubre muestra un virtual empate t\u00e9cnico entre Harris y Trump en voto absoluto. Sin embargo, las elecciones de EE.UU. se ganan seg\u00fan la cantidad de Estados y colegios electorales. \u2013 SoyMigrante.com REVISTA\" \/>\t\t\t\t\t\t\t\t\t\t\t<figcaption class=\"widget-image-caption wp-caption-text\">Gr\u00e1fica de las tendencias de intenci\u00f3n de voto para Harris y Trump en la elecci\u00f3n presidencial de EE.UU. 2024, con indicadores clave y an\u00e1lisis de cambios en el apoyo popular.<\/figcaption>\n\t\t\t\t\t\t\t\t\t\t<\/figure>\n\t\t\t\t\t\t\t\t\t<\/div>\n\t\t\t\t\t<\/div>\n\t\t\t\t<\/div>\n\t\t<div data-particle_enable=\"false\" data-particle-mobile-disabled=\"false\" class=\"elementor-element elementor-element-8b78a56 e-flex e-con-boxed e-con e-parent\" data-id=\"8b78a56\" data-element_type=\"container\" data-e-type=\"container\">\n\t\t\t\t\t<div class=\"e-con-inner\">\n\t\t\t\t<div class=\"elementor-element elementor-element-3aac486 elementor-align-center elementor-widget elementor-widget-button\" data-id=\"3aac486\" data-element_type=\"widget\" data-e-type=\"widget\" data-widget_type=\"button.default\">\n\t\t\t\t\t\t\t\t\t\t<a class=\"elementor-button elementor-button-link elementor-size-sm\" href=\"https:\/\/www.usa.gov\/es\/elecciones-presidenciales-estados-unidos\">\n\t\t\t\t\t\t<span class=\"elementor-button-content-wrapper\">\n\t\t\t\t\t\t\t\t\t<span class=\"elementor-button-text\">\u00bfQui\u00e9res saber m\u00e1s sobre por qu\u00e9 la simple mayor\u00eda en n\u00famero de votos no elige al ganador de la Presidencia sino la mayor\u00eda de Colegios Electorales? \nClic aqu\u00ed<\/span>\n\t\t\t\t\t<\/span>\n\t\t\t\t\t<\/a>\n\t\t\t\t\t\t\t\t<\/div>\n\t\t\t\t\t<\/div>\n\t\t\t\t<\/div>\n\t\t<div data-particle_enable=\"false\" data-particle-mobile-disabled=\"false\" class=\"elementor-element elementor-element-ced80b4 e-flex e-con-boxed e-con e-parent\" data-id=\"ced80b4\" data-element_type=\"container\" data-e-type=\"container\">\n\t\t\t\t\t<div class=\"e-con-inner\">\n\t\t\t\t<div class=\"elementor-element elementor-element-bf8ba68 elementor-widget elementor-widget-heading\" data-id=\"bf8ba68\" data-element_type=\"widget\" data-e-type=\"widget\" data-widget_type=\"heading.default\">\n\t\t\t\t\t<h3 class=\"elementor-heading-title elementor-size-default\">Kamala Harris (Dem\u00f3crata):<\/h3>\t\t\t\t<\/div>\n\t\t\t\t\t<\/div>\n\t\t\t\t<\/div>\n\t\t<div data-particle_enable=\"false\" data-particle-mobile-disabled=\"false\" class=\"elementor-element elementor-element-6a26cbf e-flex e-con-boxed e-con e-parent\" data-id=\"6a26cbf\" data-element_type=\"container\" data-e-type=\"container\">\n\t\t\t\t\t<div class=\"e-con-inner\">\n\t\t\t\t<div class=\"elementor-element elementor-element-5b8fe41 elementor-widget elementor-widget-text-editor\" data-id=\"5b8fe41\" data-element_type=\"widget\" data-e-type=\"widget\" data-widget_type=\"text-editor.default\">\n\t\t\t\t\t\t\t\t\t<p>Actualmente es la vicepresidenta de Estados Unidos, habiendo asumido ese cargo en la administraci\u00f3n de Joe Biden. Cuando Biden decidi\u00f3 no continuar en la contienda para 2024, Harris anunci\u00f3 su candidatura para la presidencia el 21 de julio de 2024. Su campa\u00f1a se enfoca en continuar las pol\u00edticas de la administraci\u00f3n anterior, con \u00e9nfasis en la salud, la equidad econ\u00f3mica y el fortalecimiento de la democracia.<\/p>\n<p>Kamala Harris naci\u00f3 en 1964 en Oakland,&nbsp;<a href=\"https:\/\/soymigrante.com\/revista\/esvin-gomez-retalteco-migrante-impulsa-el-movimiento-tps-en-california\/\" target=\"_blank\">California<\/a>, Kamala Harris es la actual vicepresidenta de Estados Unidos, siendo la primera mujer y persona afroamericana y de ascendencia surasi\u00e1tica en ocupar este cargo. Anteriormente, fue senadora por California y fiscal general del estado. Su carrera pol\u00edtica se ha enfocado en la reforma de la justicia penal, derechos civiles y salud p\u00fablica.<\/p>\t\t\t\t\t\t\t\t<\/div>\n\t\t\t\t\t<\/div>\n\t\t\t\t<\/div>\n\t\t<div data-particle_enable=\"false\" data-particle-mobile-disabled=\"false\" class=\"elementor-element elementor-element-0e9ccf7 e-flex e-con-boxed e-con e-parent\" data-id=\"0e9ccf7\" data-element_type=\"container\" data-e-type=\"container\">\n\t\t\t\t\t<div class=\"e-con-inner\">\n\t\t\t\t<div class=\"elementor-element elementor-element-abfcfa4 elementor-arrows-position-inside elementor-pagination-position-outside elementor-widget elementor-widget-image-carousel\" data-id=\"abfcfa4\" data-element_type=\"widget\" data-e-type=\"widget\" data-settings=\"{&quot;slides_to_show&quot;:&quot;1&quot;,&quot;navigation&quot;:&quot;both&quot;,&quot;autoplay&quot;:&quot;yes&quot;,&quot;pause_on_hover&quot;:&quot;yes&quot;,&quot;pause_on_interaction&quot;:&quot;yes&quot;,&quot;autoplay_speed&quot;:5000,&quot;infinite&quot;:&quot;yes&quot;,&quot;effect&quot;:&quot;slide&quot;,&quot;speed&quot;:500}\" data-widget_type=\"image-carousel.default\">\n\t\t\t\t\t\t\t<div class=\"elementor-image-carousel-wrapper swiper\" role=\"region\" aria-roledescription=\"carousel\" aria-label=\"Carrusel de im\u00e1genes\" dir=\"ltr\">\n\t\t\t<div class=\"elementor-image-carousel swiper-wrapper\" aria-live=\"off\">\n\t\t\t\t\t\t\t\t<div class=\"swiper-slide\" role=\"group\" aria-roledescription=\"slide\" aria-label=\"1 de 3\"><figure class=\"swiper-slide-inner\"><img decoding=\"async\" class=\"swiper-slide-image\" src=\"https:\/\/soymigrante.com\/revista\/wp-content\/uploads\/2024\/10\/Kamala-Harris-vicepresidenciable-soy-migrante-1024x683.webp\" alt=\"Candidatos pol\u00edticos en un mitin electoral, sonrientes en el escenario con una multitud en el fondo, durante un evento de campa\u00f1a pol\u00edtica en un estadio lleno, promoviendo la participaci\u00f3n ciudadana y la democracia.\" \/><figcaption class=\"elementor-image-carousel-caption\">Relevancia.<\/figcaption><\/figure><\/div><div class=\"swiper-slide\" role=\"group\" aria-roledescription=\"slide\" aria-label=\"2 de 3\"><figure class=\"swiper-slide-inner\"><img decoding=\"async\" class=\"swiper-slide-image\" src=\"https:\/\/soymigrante.com\/revista\/wp-content\/uploads\/2024\/10\/Kamala-Harris-presidenciales-usa-2024-3-1024x683.webp\" alt=\"Recurso no apto para generar contenido. Por favor, proporciona una imagen para que pueda ayudarte con las etiquetas SEO.\" \/><figcaption class=\"elementor-image-carousel-caption\">L\u00edder hablando en una conferencia sobre la importancia de la libertad reproductiva y los derechos humanos en un escenario con pancartas y p\u00fablico.<\/figcaption><\/figure><\/div><div class=\"swiper-slide\" role=\"group\" aria-roledescription=\"slide\" aria-label=\"3 de 3\"><figure class=\"swiper-slide-inner\"><img decoding=\"async\" class=\"swiper-slide-image\" src=\"https:\/\/soymigrante.com\/revista\/wp-content\/uploads\/2024\/10\/Kamala-Harris-presidenciales-usa-2024-2-1024x683.webp\" alt=\"Ama de casa levantando una pancarta en manifestaci\u00f3n por derechos en un evento p\u00fablico, en el exterior de un centro m\u00e9dico.\" \/><figcaption class=\"elementor-image-carousel-caption\">Mujer liderando una marcha de protesta por justicia en salud, con pancartas y banderas, en un contexto de demanda social en el sector de salud.<\/figcaption><\/figure><\/div>\t\t\t<\/div>\n\t\t\t\t\t\t\t\t\t\t\t\t<div class=\"elementor-swiper-button elementor-swiper-button-prev\" role=\"button\" tabindex=\"0\">\n\t\t\t\t\t\t<i aria-hidden=\"true\" class=\"eicon-chevron-left\"><\/i>\t\t\t\t\t<\/div>\n\t\t\t\t\t<div class=\"elementor-swiper-button elementor-swiper-button-next\" role=\"button\" tabindex=\"0\">\n\t\t\t\t\t\t<i aria-hidden=\"true\" class=\"eicon-chevron-right\"><\/i>\t\t\t\t\t<\/div>\n\t\t\t\t\n\t\t\t\t\t\t\t\t\t<div class=\"swiper-pagination\"><\/div>\n\t\t\t\t\t\t\t\t\t<\/div>\n\t\t\t\t\t\t<\/div>\n\t\t\t\t\t<\/div>\n\t\t\t\t<\/div>\n\t\t<div data-particle_enable=\"false\" data-particle-mobile-disabled=\"false\" class=\"elementor-element elementor-element-dbdadb9 e-flex e-con-boxed e-con e-parent\" data-id=\"dbdadb9\" data-element_type=\"container\" data-e-type=\"container\">\n\t\t\t\t\t<div class=\"e-con-inner\">\n\t\t\t\t<div class=\"elementor-element elementor-element-19ff693 elementor-widget elementor-widget-text-editor\" data-id=\"19ff693\" data-element_type=\"widget\" data-e-type=\"widget\" data-widget_type=\"text-editor.default\">\n\t\t\t\t\t\t\t\t\t<p><b>Vicepresidenciable<\/b><\/p><p><b>Tim Walz (Dem\u00f3crata): <\/b>Actualmente es el compa\u00f1ero de f\u00f3rmula de Kamala Harris. Walz es el gobernador de Minnesota y fue elegido por Harris para atraer a votantes del Medio Oeste y para fortalecer su mensaje progresista en temas econ\u00f3micos y\u00a0<a style=\"text-align: var(--text-align)\" href=\"https:\/\/soymigrante.com\/revista\/esto-dice-la-carta-de-22-senadores-de-ee-uu-dirigida-al-presidente-biden-en-favor-del-tps-para-guatemaltecos\/\" target=\"_blank\" rel=\"noopener\">sociales.<\/a><\/p>\t\t\t\t\t\t\t\t<\/div>\n\t\t\t\t\t<\/div>\n\t\t\t\t<\/div>\n\t\t<div data-particle_enable=\"false\" data-particle-mobile-disabled=\"false\" class=\"elementor-element elementor-element-7f90fa1 e-flex e-con-boxed e-con e-parent\" data-id=\"7f90fa1\" data-element_type=\"container\" data-e-type=\"container\">\n\t\t\t\t\t<div class=\"e-con-inner\">\n\t\t\t\t<div class=\"elementor-element elementor-element-a28e216 elementor-widget elementor-widget-heading\" data-id=\"a28e216\" data-element_type=\"widget\" data-e-type=\"widget\" data-widget_type=\"heading.default\">\n\t\t\t\t\t<h3 class=\"elementor-heading-title elementor-size-default\">Donald Trump (Republicano):<\/h3>\t\t\t\t<\/div>\n\t\t\t\t\t<\/div>\n\t\t\t\t<\/div>\n\t\t<div data-particle_enable=\"false\" data-particle-mobile-disabled=\"false\" class=\"elementor-element elementor-element-b8781ee e-flex e-con-boxed e-con e-parent\" data-id=\"b8781ee\" data-element_type=\"container\" data-e-type=\"container\">\n\t\t\t\t\t<div class=\"e-con-inner\">\n\t\t\t\t<div class=\"elementor-element elementor-element-c4b7213 elementor-widget elementor-widget-text-editor\" data-id=\"c4b7213\" data-element_type=\"widget\" data-e-type=\"widget\" data-widget_type=\"text-editor.default\">\n\t\t\t\t\t\t\t\t\t<p>El expresidente de Estados Unidos (2017-2021) anunci\u00f3 su candidatura para la reelecci\u00f3n en noviembre de 2022. Su campa\u00f1a busca retomar las pol\u00edticas de su primer mandato, centr\u00e1ndose en la seguridad fronteriza, la econom\u00eda y una postura m\u00e1s nacionalista en el \u00e1mbito internacional. Trump ha mantenido un perfil activo en la pol\u00edtica desde su salida de la Casa Blanca, buscando consolidar el apoyo de su base electoral.<\/p><p>Donald Trump naci\u00f3 en 1946 en Nueva York, es empresario y pol\u00edtico. Fue el 45 presidente de Estados Unidos (2017-2021). Antes de su mandato, era conocido por su carrera en bienes ra\u00edces y por su programa de televisi\u00f3n The Apprentice. Su presidencia se caracteriz\u00f3 por\u00a0<a href=\"https:\/\/soymigrante.com\/revista\/el-dia-del-guatemalteco-en-los-angeles-dignifica-y-resalta-la-presencia-chapina-en-usa\/\" target=\"_blank\" rel=\"noopener\">pol\u00edticas de inmigraci\u00f3n estrictas<\/a>\u00a0y una postura econ\u00f3mica nacionalista.<\/p>\t\t\t\t\t\t\t\t<\/div>\n\t\t\t\t\t<\/div>\n\t\t\t\t<\/div>\n\t\t<div data-particle_enable=\"false\" data-particle-mobile-disabled=\"false\" class=\"elementor-element elementor-element-6f7ec74 e-flex e-con-boxed e-con e-parent\" data-id=\"6f7ec74\" data-element_type=\"container\" data-e-type=\"container\">\n\t\t\t\t\t<div class=\"e-con-inner\">\n\t\t\t\t<div class=\"elementor-element elementor-element-4e2f048 elementor-arrows-position-inside elementor-pagination-position-outside elementor-widget elementor-widget-image-carousel\" data-id=\"4e2f048\" data-element_type=\"widget\" data-e-type=\"widget\" data-settings=\"{&quot;slides_to_show&quot;:&quot;1&quot;,&quot;navigation&quot;:&quot;both&quot;,&quot;autoplay&quot;:&quot;yes&quot;,&quot;pause_on_hover&quot;:&quot;yes&quot;,&quot;pause_on_interaction&quot;:&quot;yes&quot;,&quot;autoplay_speed&quot;:5000,&quot;infinite&quot;:&quot;yes&quot;,&quot;effect&quot;:&quot;slide&quot;,&quot;speed&quot;:500}\" data-widget_type=\"image-carousel.default\">\n\t\t\t\t\t\t\t<div class=\"elementor-image-carousel-wrapper swiper\" role=\"region\" aria-roledescription=\"carousel\" aria-label=\"Carrusel de im\u00e1genes\" dir=\"ltr\">\n\t\t\t<div class=\"elementor-image-carousel swiper-wrapper\" aria-live=\"off\">\n\t\t\t\t\t\t\t\t<div class=\"swiper-slide\" role=\"group\" aria-roledescription=\"slide\" aria-label=\"1 de 3\"><figure class=\"swiper-slide-inner\"><img decoding=\"async\" class=\"swiper-slide-image\" src=\"https:\/\/soymigrante.com\/revista\/wp-content\/uploads\/2024\/10\/Donald-Trump-presidenciales-usa-2024-6-1024x683.webp\" alt=\"Donald Trump y otro hombre aplaudiendo en un evento con bandera de Estados Unidos de fondo.\" \/><figcaption class=\"elementor-image-carousel-caption\">Trump y un compa\u00f1ero aplaudiendo en una conferencia con bandera estadounidense en el fondo, en un escenario que refleja pol\u00edtica y liderazgo en Estados Unidos.<\/figcaption><\/figure><\/div><div class=\"swiper-slide\" role=\"group\" aria-roledescription=\"slide\" aria-label=\"2 de 3\"><figure class=\"swiper-slide-inner\"><img decoding=\"async\" class=\"swiper-slide-image\" src=\"https:\/\/soymigrante.com\/revista\/wp-content\/uploads\/2024\/10\/Donald-Trump-presidenciales-usa-2024-7.webp\" alt=\"Manifestaci\u00f3n pol\u00edtica en un evento con gran audiencia en un estadio parecido a un mitin en EE.UU. con banderas patri\u00f3ticas, p\u00fablico emocionado, ambiente de campa\u00f1a electoral.\" \/><figcaption class=\"elementor-image-carousel-caption\">Un pol\u00edtico da un discurso en un acto electoral con multitud de asistentes y decoraciones patri\u00f3ticas en un estadio lleno de apoyo popular.<\/figcaption><\/figure><\/div><div class=\"swiper-slide\" role=\"group\" aria-roledescription=\"slide\" aria-label=\"3 de 3\"><figure class=\"swiper-slide-inner\"><img decoding=\"async\" class=\"swiper-slide-image\" src=\"https:\/\/soymigrante.com\/revista\/wp-content\/uploads\/2024\/10\/Donald-Trump-presidenciales-usa-2024-1024x576.webp\" alt=\"Candidato Donald Trump en mitin pol\u00edtico con gran afluencia de apoyo en un evento electoral en EE. UU. durante campa\u00f1a presidencial.\" \/><figcaption class=\"elementor-image-carousel-caption\">Imagen muestra un mitin con multitud y banderas, destacando participaci\u00f3n pol\u00edtica y movimiento social.<\/figcaption><\/figure><\/div>\t\t\t<\/div>\n\t\t\t\t\t\t\t\t\t\t\t\t<div class=\"elementor-swiper-button elementor-swiper-button-prev\" role=\"button\" tabindex=\"0\">\n\t\t\t\t\t\t<i aria-hidden=\"true\" class=\"eicon-chevron-left\"><\/i>\t\t\t\t\t<\/div>\n\t\t\t\t\t<div class=\"elementor-swiper-button elementor-swiper-button-next\" role=\"button\" tabindex=\"0\">\n\t\t\t\t\t\t<i aria-hidden=\"true\" class=\"eicon-chevron-right\"><\/i>\t\t\t\t\t<\/div>\n\t\t\t\t\n\t\t\t\t\t\t\t\t\t<div class=\"swiper-pagination\"><\/div>\n\t\t\t\t\t\t\t\t\t<\/div>\n\t\t\t\t\t\t<\/div>\n\t\t\t\t\t<\/div>\n\t\t\t\t<\/div>\n\t\t<div data-particle_enable=\"false\" data-particle-mobile-disabled=\"false\" class=\"elementor-element elementor-element-e24870e e-flex e-con-boxed e-con e-parent\" data-id=\"e24870e\" data-element_type=\"container\" data-e-type=\"container\">\n\t\t\t\t\t<div class=\"e-con-inner\">\n\t\t\t\t<div class=\"elementor-element elementor-element-6cf3660 elementor-widget elementor-widget-text-editor\" data-id=\"6cf3660\" data-element_type=\"widget\" data-e-type=\"widget\" data-widget_type=\"text-editor.default\">\n\t\t\t\t\t\t\t\t\t<p><strong>Vicepresidenciable<\/strong><\/p><p><b>JD Vance (Republicano):<\/b> Es el compa\u00f1ero de f\u00f3rmula de Donald Trump. Vance, senador por Ohio y autor de Hillbilly Elegy, es conocido por su enfoque populista y su \u00e9nfasis en temas de econom\u00eda y cultura conservadora.<\/p>\t\t\t\t\t\t\t\t<\/div>\n\t\t\t\t\t<\/div>\n\t\t\t\t<\/div>\n\t\t<div data-particle_enable=\"false\" data-particle-mobile-disabled=\"false\" class=\"elementor-element elementor-element-c8415ae e-flex e-con-boxed e-con e-parent\" data-id=\"c8415ae\" data-element_type=\"container\" data-e-type=\"container\">\n\t\t\t\t\t<div class=\"e-con-inner\">\n\t\t\t\t<div class=\"elementor-element elementor-element-8bd7a2b elementor-widget elementor-widget-heading\" data-id=\"8bd7a2b\" data-element_type=\"widget\" data-e-type=\"widget\" data-widget_type=\"heading.default\">\n\t\t\t\t\t<h3 class=\"elementor-heading-title elementor-size-default\">Chase Oliver, del partido Libertario<\/h3>\t\t\t\t<\/div>\n\t\t\t\t\t<\/div>\n\t\t\t\t<\/div>\n\t\t<div data-particle_enable=\"false\" data-particle-mobile-disabled=\"false\" class=\"elementor-element elementor-element-6e55a92 e-flex e-con-boxed e-con e-parent\" data-id=\"6e55a92\" data-element_type=\"container\" data-e-type=\"container\">\n\t\t\t\t\t<div class=\"e-con-inner\">\n\t\t\t\t<div class=\"elementor-element elementor-element-5849768 elementor-widget elementor-widget-text-editor\" data-id=\"5849768\" data-element_type=\"widget\" data-e-type=\"widget\" data-widget_type=\"text-editor.default\">\n\t\t\t\t\t\t\t\t\t<p>Chase Oliver fue nominado candidato a la presidencia de Estados Unidos el 26 de mayo de 2024 en la Convenci\u00f3n del Partido Libertario. Anteriormente fue candidato de ese mismo partido a la gobernatura de Georgia en 2022.\u00a0 Obtuvo acceso a la papeleta en los 50 Estados de EE.UU., seg\u00fan su p\u00e1gina de campa\u00f1a.\u00a0\u00a0Su compa\u00f1ero de f\u00f3rmula como vicepresidente es es Michael ter Maat, empresario, economista y exoficial de Polic\u00eda.\u00a0<\/p><p>En las encuestas, los partidos minoritarios tienen menos de 5% entre todos, incluyendo el Libertario.<\/p><p>\u00a0<\/p>\t\t\t\t\t\t\t\t<\/div>\n\t\t\t\t\t<\/div>\n\t\t\t\t<\/div>\n\t\t<div data-particle_enable=\"false\" data-particle-mobile-disabled=\"false\" class=\"elementor-element elementor-element-065db22 e-flex e-con-boxed e-con e-parent\" data-id=\"065db22\" data-element_type=\"container\" data-e-type=\"container\">\n\t\t\t\t\t<div class=\"e-con-inner\">\n\t\t\t\t<div class=\"elementor-element elementor-element-5130d23 elementor-widget elementor-widget-image\" data-id=\"5130d23\" data-element_type=\"widget\" data-e-type=\"widget\" data-widget_type=\"image.default\">\n\t\t\t\t\t\t\t\t\t\t\t\t\t\t\t<img decoding=\"async\" width=\"692\" height=\"452\" src=\"https:\/\/soymigrante.com\/revista\/wp-content\/uploads\/2024\/10\/Captura-de-pantalla-2024-10-22-224914-1.webp\" class=\"attachment-large size-large wp-image-10638\" alt=\"Chase Oliver campa\u00f1a electoral, flyers de promoci\u00f3n para presidente y vicepresidente, comunicaci\u00f3n pol\u00edtica, propaganda electoral, sobre campa\u00f1a de Chase Oliver.\" srcset=\"https:\/\/soymigrante.com\/revista\/wp-content\/uploads\/2024\/10\/Captura-de-pantalla-2024-10-22-224914-1.webp 692w, https:\/\/soymigrante.com\/revista\/wp-content\/uploads\/2024\/10\/Captura-de-pantalla-2024-10-22-224914-1-300x196.webp 300w\" sizes=\"(max-width: 692px) 100vw, 692px\" title=\"Captura de pantalla 2024-10-22 224914 \u2013 SoyMigrante.com REVISTA\" \/>\t\t\t\t\t\t\t\t\t\t\t\t\t\t\t<\/div>\n\t\t\t\t\t<\/div>\n\t\t\t\t<\/div>\n\t\t<div data-particle_enable=\"false\" data-particle-mobile-disabled=\"false\" class=\"elementor-element elementor-element-3e8cc52 e-flex e-con-boxed e-con e-parent\" data-id=\"3e8cc52\" data-element_type=\"container\" data-e-type=\"container\">\n\t\t\t\t\t<div class=\"e-con-inner\">\n\t\t\t\t<div class=\"elementor-element elementor-element-20bffbd elementor-widget elementor-widget-heading\" data-id=\"20bffbd\" data-element_type=\"widget\" data-e-type=\"widget\" data-widget_type=\"heading.default\">\n\t\t\t\t\t<h3 class=\"elementor-heading-title elementor-size-default\">Jill Stein (Partido Verde):<\/h3>\t\t\t\t<\/div>\n\t\t\t\t\t<\/div>\n\t\t\t\t<\/div>\n\t\t<div data-particle_enable=\"false\" data-particle-mobile-disabled=\"false\" class=\"elementor-element elementor-element-3ff7fdd e-flex e-con-boxed e-con e-parent\" data-id=\"3ff7fdd\" data-element_type=\"container\" data-e-type=\"container\">\n\t\t\t\t\t<div class=\"e-con-inner\">\n\t\t\t\t<div class=\"elementor-element elementor-element-c36e524 elementor-widget elementor-widget-text-editor\" data-id=\"c36e524\" data-element_type=\"widget\" data-e-type=\"widget\" data-widget_type=\"text-editor.default\">\n\t\t\t\t\t\t\t\t\t<p>Excandidata presidencial en 2016 por el Partido Verde, Jill Stein anunci\u00f3 su candidatura en noviembre de 2023. Su plataforma se enfoca en cuestiones ambientales, justicia social y una reforma econ\u00f3mica que busque mayores regulaciones para combatir el cambio clim\u00e1tico y la desigualdad.\u00a0<br \/>Stein estar\u00e1 en la papeleta de 38 de los 50 Estados, seg\u00fan la representaci\u00f3n de su partido en dichos Estados. Hipot\u00e9ticamente podr\u00eda llegar a reunir los 270 delegados necesarios, pero tendr\u00eda que ganar casi todos los Estados donde compite.<\/p><p>Jill Stein naci\u00f3 en 1950 en Chicago, es m\u00e9dica y pol\u00edtica estadounidense. Ha sido candidata presidencial por el Partido Verde en 2012 y 2016, y actualmente compite nuevamente en 2024. Su plataforma pol\u00edtica se centra en la justicia social, ambiental y econ\u00f3mica, con \u00e9nfasis en la lucha contra el cambio clim\u00e1tico y la reforma del\u00a0<a style=\"text-align: var(--text-align)\" href=\"https:\/\/soymigrante.com\/revista\/vacunas-son-vitales-para-ninos-sean-o-no-migrantes-en-ee-uu\/\" target=\"_blank\" rel=\"noopener\">sistema de salud.<\/a><\/p><p>Su vicepresidenciable es el profesor universitario e historiador Butch Ware, especializado en historia de \u00c1frica.<\/p><p>En encuestas, los partidos minoritarios como el Verde tienen 5% de intenci\u00f3n de voto entre todos.<\/p>\t\t\t\t\t\t\t\t<\/div>\n\t\t\t\t\t<\/div>\n\t\t\t\t<\/div>\n\t\t<div data-particle_enable=\"false\" data-particle-mobile-disabled=\"false\" class=\"elementor-element elementor-element-7a8432e e-flex e-con-boxed e-con e-parent\" data-id=\"7a8432e\" data-element_type=\"container\" data-e-type=\"container\">\n\t\t\t\t\t<div class=\"e-con-inner\">\n\t\t\t\t<div class=\"elementor-element elementor-element-d2a43b7 elementor-arrows-position-inside elementor-pagination-position-outside elementor-widget elementor-widget-image-carousel\" data-id=\"d2a43b7\" data-element_type=\"widget\" data-e-type=\"widget\" data-settings=\"{&quot;slides_to_show&quot;:&quot;1&quot;,&quot;navigation&quot;:&quot;both&quot;,&quot;autoplay&quot;:&quot;yes&quot;,&quot;pause_on_hover&quot;:&quot;yes&quot;,&quot;pause_on_interaction&quot;:&quot;yes&quot;,&quot;autoplay_speed&quot;:5000,&quot;infinite&quot;:&quot;yes&quot;,&quot;effect&quot;:&quot;slide&quot;,&quot;speed&quot;:500}\" data-widget_type=\"image-carousel.default\">\n\t\t\t\t\t\t\t<div class=\"elementor-image-carousel-wrapper swiper\" role=\"region\" aria-roledescription=\"carousel\" aria-label=\"Carrusel de im\u00e1genes\" dir=\"ltr\">\n\t\t\t<div class=\"elementor-image-carousel swiper-wrapper\" aria-live=\"off\">\n\t\t\t\t\t\t\t\t<div class=\"swiper-slide\" role=\"group\" aria-roledescription=\"slide\" aria-label=\"1 de 3\"><figure class=\"swiper-slide-inner\"><img decoding=\"async\" class=\"swiper-slide-image\" src=\"https:\/\/soymigrante.com\/revista\/wp-content\/uploads\/2024\/10\/Jill-Stein-junto-al-vicepresidenciable-1024x641.webp\" alt=\"Migrantes y activistas en una manifestaci\u00f3n frente a un edificio oficial, mostrando diversidad cultural y de edades, promoviendo derechos migratorios y justicia social.\" \/><figcaption class=\"elementor-image-carousel-caption\">Conjunto de migrantes y activistas en una protesta, defendiendo derechos de los migrantes en un acto p\u00fablico, en un entorno urbano con edificio hist\u00f3rico de fondo.<\/figcaption><\/figure><\/div><div class=\"swiper-slide\" role=\"group\" aria-roledescription=\"slide\" aria-label=\"2 de 3\"><figure class=\"swiper-slide-inner\"><img decoding=\"async\" class=\"swiper-slide-image\" src=\"https:\/\/soymigrante.com\/revista\/wp-content\/uploads\/2024\/10\/Jill-Stein-presidenciales-usa-2024-1024x760.webp\" alt=\"Violencia, derechos humanos, manifestaci\u00f3n, activista femenina dando discurso en evento pol\u00edtico, protestas por justicia social, rallyista con multitud de personas en marcha, reivindicaci\u00f3n en espacio p\u00fablico.\" \/><figcaption class=\"elementor-image-carousel-caption\">Una mujer en un acto de reivindicaci\u00f3n en un espacio p\u00fablico, rodeada de una gran multitud con banderas y pancartas, promoviendo la visibilidad de migrants y derechos humanos.<\/figcaption><\/figure><\/div><div class=\"swiper-slide\" role=\"group\" aria-roledescription=\"slide\" aria-label=\"3 de 3\"><figure class=\"swiper-slide-inner\"><img decoding=\"async\" class=\"swiper-slide-image\" src=\"https:\/\/soymigrante.com\/revista\/wp-content\/uploads\/2024\/10\/Jill-Stein-1024x768.webp\" alt=\"Manifestaci\u00f3n en la calle sobre derechos laborales y justicia social, con periodistas y activistas participando en un evento en exteriores.\" \/><figcaption class=\"elementor-image-carousel-caption\">Protesta sobre derechos laborales en la calle, con diferentes personas participando y medios de comunicaci\u00f3n presentes en un evento social.<\/figcaption><\/figure><\/div>\t\t\t<\/div>\n\t\t\t\t\t\t\t\t\t\t\t\t<div class=\"elementor-swiper-button elementor-swiper-button-prev\" role=\"button\" tabindex=\"0\">\n\t\t\t\t\t\t<i aria-hidden=\"true\" class=\"eicon-chevron-left\"><\/i>\t\t\t\t\t<\/div>\n\t\t\t\t\t<div class=\"elementor-swiper-button elementor-swiper-button-next\" role=\"button\" tabindex=\"0\">\n\t\t\t\t\t\t<i aria-hidden=\"true\" class=\"eicon-chevron-right\"><\/i>\t\t\t\t\t<\/div>\n\t\t\t\t\n\t\t\t\t\t\t\t\t\t<div class=\"swiper-pagination\"><\/div>\n\t\t\t\t\t\t\t\t\t<\/div>\n\t\t\t\t\t\t<\/div>\n\t\t\t\t\t<\/div>\n\t\t\t\t<\/div>\n\t\t<div data-particle_enable=\"false\" data-particle-mobile-disabled=\"false\" class=\"elementor-element elementor-element-c9e77ce e-flex e-con-boxed e-con e-parent\" data-id=\"c9e77ce\" data-element_type=\"container\" data-e-type=\"container\">\n\t\t\t\t\t<div class=\"e-con-inner\">\n\t\t\t\t<div class=\"elementor-element elementor-element-08a67c2 elementor-widget elementor-widget-text-editor\" data-id=\"08a67c2\" data-element_type=\"widget\" data-e-type=\"widget\" data-widget_type=\"text-editor.default\">\n\t\t\t\t\t\t\t\t\t<p><strong>Vicepresidenciable<\/strong><\/p><p><strong>Rudolph &#8220;Butch&#8221; Ware<\/strong> es el compa\u00f1ero de f\u00f3rmula de Jill Stein para las elecciones presidenciales de 2024. Butch Ware es profesor en la Universidad de California, Santa B\u00e1rbara, especializado en historia de los imperios, colonialismo y movimientos de resistencia. Adem\u00e1s de su labor acad\u00e9mica, Ware ha sido un activista comprometido en temas sociales y de derechos humanos, como el apoyo a las comunidades vulnerables y la lucha contra la injusticia racial y el colonialismo.<\/p>\t\t\t\t\t\t\t\t<\/div>\n\t\t\t\t\t<\/div>\n\t\t\t\t<\/div>\n\t\t<div data-particle_enable=\"false\" data-particle-mobile-disabled=\"false\" class=\"elementor-element elementor-element-19b6f55 e-flex e-con-boxed e-con e-parent\" data-id=\"19b6f55\" data-element_type=\"container\" data-e-type=\"container\">\n\t\t\t\t\t<div class=\"e-con-inner\">\n\t\t\t\t<div class=\"elementor-element elementor-element-bd5e818 elementor-widget elementor-widget-heading\" data-id=\"bd5e818\" data-element_type=\"widget\" data-e-type=\"widget\" data-widget_type=\"heading.default\">\n\t\t\t\t\t<h3 class=\"elementor-heading-title elementor-size-default\">Qu\u00e9 dicen las encuestas<\/h3>\t\t\t\t<\/div>\n\t\t\t\t\t<\/div>\n\t\t\t\t<\/div>\n\t\t<div data-particle_enable=\"false\" data-particle-mobile-disabled=\"false\" class=\"elementor-element elementor-element-2f7faf3 e-flex e-con-boxed e-con e-parent\" data-id=\"2f7faf3\" data-element_type=\"container\" data-e-type=\"container\">\n\t\t\t\t\t<div class=\"e-con-inner\">\n\t\t\t\t<div class=\"elementor-element elementor-element-9e97e78 elementor-widget elementor-widget-text-editor\" data-id=\"9e97e78\" data-element_type=\"widget\" data-e-type=\"widget\" data-widget_type=\"text-editor.default\">\n\t\t\t\t\t\t\t\t\t<p>Seg\u00fan la encuesta m\u00e1s reciente de Pew Research Center, la intenci\u00f3n de voto en las elecciones presidenciales de 2024 muestra una competencia ajustada entre Kamala Harris y Donald Trump. Harris cuenta con un 48% de apoyo, mientras que Trump tiene un 47% entre los votantes registrados a nivel nacional.<\/p><p><em style=\"color: var( --e-global-color-text );text-align: var(--text-align)\">*Con datos de Pew Research Center, Ballotpedia y 270towin.com\u00a0<\/em><\/p><div>\u00a0<\/div>\t\t\t\t\t\t\t\t<\/div>\n\t\t\t\t\t<\/div>\n\t\t\t\t<\/div>\n\t\t<div data-particle_enable=\"false\" data-particle-mobile-disabled=\"false\" class=\"elementor-element elementor-element-4a9db19 e-flex e-con-boxed e-con e-parent\" data-id=\"4a9db19\" data-element_type=\"container\" data-e-type=\"container\">\n\t\t\t\t\t<div class=\"e-con-inner\">\n\t\t\t\t<div class=\"elementor-element elementor-element-78bf61c elementor-align-center elementor-widget elementor-widget-button\" data-id=\"78bf61c\" data-element_type=\"widget\" data-e-type=\"widget\" data-widget_type=\"button.default\">\n\t\t\t\t\t\t\t\t\t\t<a class=\"elementor-button elementor-button-link elementor-size-sm\" href=\"https:\/\/www.usa.gov\/es\/candidatos-guias-votar-boletas-muestra\">\n\t\t\t\t\t\t<span class=\"elementor-button-content-wrapper\">\n\t\t\t\t\t\t\t\t\t<span class=\"elementor-button-text\">Si alguien no sabe por qui\u00e9n votar y necesita informaci\u00f3n puede solicitarla en este link<\/span>\n\t\t\t\t\t<\/span>\n\t\t\t\t\t<\/a>\n\t\t\t\t\t\t\t\t<\/div>\n\t\t\t\t\t<\/div>\n\t\t\t\t<\/div>\n\t\t<div data-particle_enable=\"false\" data-particle-mobile-disabled=\"false\" class=\"elementor-element elementor-element-8856438 e-flex e-con-boxed e-con e-parent\" data-id=\"8856438\" data-element_type=\"container\" data-e-type=\"container\">\n\t\t\t\t\t<div class=\"e-con-inner\">\n\t\t\t\t<div class=\"elementor-element elementor-element-7725981 elementor-widget elementor-widget-heading\" data-id=\"7725981\" data-element_type=\"widget\" data-e-type=\"widget\" data-widget_type=\"heading.default\">\n\t\t\t\t\t<h3 class=\"elementor-heading-title elementor-size-default\">Aporte migrante en USA<\/h3>\t\t\t\t<\/div>\n\t\t\t\t\t<\/div>\n\t\t\t\t<\/div>\n\t\t<div data-particle_enable=\"false\" data-particle-mobile-disabled=\"false\" class=\"elementor-element elementor-element-782fa28 e-flex e-con-boxed e-con e-parent\" data-id=\"782fa28\" data-element_type=\"container\" data-e-type=\"container\">\n\t\t\t\t\t<div class=\"e-con-inner\">\n\t\t\t\t<div class=\"elementor-element elementor-element-4d55bcf elementor-grid-eael-col-3 elementor-grid-tablet-eael-col-2 elementor-grid-mobile-eael-col-1 elementor-widget elementor-widget-eael-post-grid\" data-id=\"4d55bcf\" data-element_type=\"widget\" data-e-type=\"widget\" data-settings=\"{&quot;eael_post_grid_columns&quot;:&quot;eael-col-3&quot;,&quot;eael_post_grid_columns_tablet&quot;:&quot;eael-col-2&quot;,&quot;eael_post_grid_columns_mobile&quot;:&quot;eael-col-1&quot;}\" data-widget_type=\"eael-post-grid.default\">\n\t\t\t\t\t<div id=\"eael-post-grid-4d55bcf\" class=\"eael-post-grid-container\">\n            <div class=\"eael-post-grid eael-post-appender eael-post-appender-4d55bcf eael-post-grid-style-one\" data-layout-mode=\"masonry\"><article class=\"eael-grid-post  eael-post-grid-column eael-pg-post-10027 category-exitos\" data-id=\"10027\">\n        <div class=\"eael-grid-post-holder\">\n            <div class=\"eael-grid-post-holder-inner\"><div class=\"eael-entry-media\"><div class=\"eael-entry-overlay fade-in\"><i class=\"far fa-hand-pointer\" aria-hidden=\"true\"><\/i><a href=\"https:\/\/soymigrante.com\/revista\/es-un-honor-ser-guatemalteco-rudy-perez-subjefe-de-policia-en-minneapolis-minnesota\/\"><\/a><\/div><div class=\"eael-entry-thumbnail \">\n                <img decoding=\"async\" width=\"1024\" height=\"1024\" src=\"https:\/\/soymigrante.com\/revista\/wp-content\/uploads\/2024\/10\/Rudy-Perez-subjefe-policial-guatemalteco-americano-1-1024x1024.webp\" class=\"attachment-large size-large wp-image-10094\" alt=\"Polic\u00eda de tr\u00e1nsito en uniforme, sonriendo, en un parque con edificio hist\u00f3rico al fondo, representando autoridad y seguridad ciudadana en un entorno urbano.\" srcset=\"https:\/\/soymigrante.com\/revista\/wp-content\/uploads\/2024\/10\/Rudy-Perez-subjefe-policial-guatemalteco-americano-1-1024x1024.webp 1024w, https:\/\/soymigrante.com\/revista\/wp-content\/uploads\/2024\/10\/Rudy-Perez-subjefe-policial-guatemalteco-americano-1-300x300.webp 300w, https:\/\/soymigrante.com\/revista\/wp-content\/uploads\/2024\/10\/Rudy-Perez-subjefe-policial-guatemalteco-americano-1-150x150.webp 150w, https:\/\/soymigrante.com\/revista\/wp-content\/uploads\/2024\/10\/Rudy-Perez-subjefe-policial-guatemalteco-americano-1-768x768.webp 768w, https:\/\/soymigrante.com\/revista\/wp-content\/uploads\/2024\/10\/Rudy-Perez-subjefe-policial-guatemalteco-americano-1-75x75.webp 75w, https:\/\/soymigrante.com\/revista\/wp-content\/uploads\/2024\/10\/Rudy-Perez-subjefe-policial-guatemalteco-americano-1-750x750.webp 750w, https:\/\/soymigrante.com\/revista\/wp-content\/uploads\/2024\/10\/Rudy-Perez-subjefe-policial-guatemalteco-americano-1.webp 1206w\" sizes=\"(max-width: 1024px) 100vw, 1024px\" \/>\n            <\/div>\n        <\/div><div class=\"eael-entry-wrapper\"><header class=\"eael-entry-header\"><h2 class=\"eael-entry-title\"><a class=\"eael-grid-post-link\" href=\"https:\/\/soymigrante.com\/revista\/es-un-honor-ser-guatemalteco-rudy-perez-subjefe-de-policia-en-minneapolis-minnesota\/\" title=\"\u201cEs un honor ser guatemalteco\u201d: Rudy P\u00e9rez, subjefe de polic\u00eda en Minneapolis, Minnesota.\">\u201cEs un honor ser guatemalteco\u201d: Rudy P\u00e9rez, subjefe de polic\u00eda en Minneapolis, Minnesota.<\/a><\/h2><\/header><div class=\"eael-entry-content\">\n                        <div class=\"eael-grid-post-excerpt\"><a href=\"https:\/\/soymigrante.com\/revista\/es-un-honor-ser-guatemalteco-rudy-perez-subjefe-de-policia-en-minneapolis-minnesota\/\" class=\"eael-post-elements-readmore-btn\">CONOCE SU HISTORIA <\/a><\/div>\n                    <\/div><\/div><\/div>\n        <\/div>\n    <\/article><article class=\"eael-grid-post  eael-post-grid-column eael-pg-post-7733 category-estamos-unidos\" data-id=\"7733\">\n        <div class=\"eael-grid-post-holder\">\n            <div class=\"eael-grid-post-holder-inner\"><div class=\"eael-entry-media\"><div class=\"eael-entry-overlay fade-in\"><i class=\"far fa-hand-pointer\" aria-hidden=\"true\"><\/i><a href=\"https:\/\/soymigrante.com\/revista\/red-migrante-recolecta-firmas-de-apoyo-a-tps-para-guatemala-en-consulados\/\"><\/a><\/div><div class=\"eael-entry-thumbnail \">\n                <img loading=\"lazy\" decoding=\"async\" width=\"730\" height=\"730\" src=\"https:\/\/soymigrante.com\/revista\/wp-content\/uploads\/2024\/07\/consulado-guatemala-tps.webp\" class=\"attachment-large size-large wp-image-7744\" alt=\"Guatemaltecos participando en un evento de migrantes, con banderas y documentos en mano, en un espacio de reuni\u00f3n y capacitaci\u00f3n sobre derechos y oportunidades para la comunidad migrante en Guatemala.\" srcset=\"https:\/\/soymigrante.com\/revista\/wp-content\/uploads\/2024\/07\/consulado-guatemala-tps.webp 730w, https:\/\/soymigrante.com\/revista\/wp-content\/uploads\/2024\/07\/consulado-guatemala-tps-300x300.webp 300w, https:\/\/soymigrante.com\/revista\/wp-content\/uploads\/2024\/07\/consulado-guatemala-tps-150x150.webp 150w, https:\/\/soymigrante.com\/revista\/wp-content\/uploads\/2024\/07\/consulado-guatemala-tps-75x75.webp 75w\" sizes=\"(max-width: 730px) 100vw, 730px\" \/>\n            <\/div>\n        <\/div><div class=\"eael-entry-wrapper\"><header class=\"eael-entry-header\"><h2 class=\"eael-entry-title\"><a class=\"eael-grid-post-link\" href=\"https:\/\/soymigrante.com\/revista\/red-migrante-recolecta-firmas-de-apoyo-a-tps-para-guatemala-en-consulados\/\" title=\"Red Migrante recolecta firmas de apoyo a TPS para Guatemala en consulados.\">Red Migrante recolecta firmas de apoyo a TPS para Guatemala en consulados.<\/a><\/h2><\/header><div class=\"eael-entry-content\">\n                        <div class=\"eael-grid-post-excerpt\"><a href=\"https:\/\/soymigrante.com\/revista\/red-migrante-recolecta-firmas-de-apoyo-a-tps-para-guatemala-en-consulados\/\" class=\"eael-post-elements-readmore-btn\">CONOCE SU HISTORIA <\/a><\/div>\n                    <\/div><\/div><\/div>\n        <\/div>\n    <\/article><article class=\"eael-grid-post  eael-post-grid-column eael-pg-post-260 category-estamos-unidos\" data-id=\"260\">\n        <div class=\"eael-grid-post-holder\">\n            <div class=\"eael-grid-post-holder-inner\"><div class=\"eael-entry-media\"><div class=\"eael-entry-overlay fade-in\"><i class=\"far fa-hand-pointer\" aria-hidden=\"true\"><\/i><a href=\"https:\/\/soymigrante.com\/revista\/los-migrantes-tambien-somos-guatemala\/\"><\/a><\/div><div class=\"eael-entry-thumbnail \">\n                <img loading=\"lazy\" decoding=\"async\" width=\"1024\" height=\"768\" src=\"https:\/\/soymigrante.com\/revista\/wp-content\/uploads\/2023\/02\/SOY-BEN-MONTERROSO-3-1024x768.jpg\" class=\"attachment-large size-large wp-image-263\" alt=\"\" srcset=\"https:\/\/soymigrante.com\/revista\/wp-content\/uploads\/2023\/02\/SOY-BEN-MONTERROSO-3-1024x768.jpg 1024w, https:\/\/soymigrante.com\/revista\/wp-content\/uploads\/2023\/02\/SOY-BEN-MONTERROSO-3-300x225.webp 300w, https:\/\/soymigrante.com\/revista\/wp-content\/uploads\/2023\/02\/SOY-BEN-MONTERROSO-3-768x576.jpg 768w, https:\/\/soymigrante.com\/revista\/wp-content\/uploads\/2023\/02\/SOY-BEN-MONTERROSO-3-750x563.webp 750w, https:\/\/soymigrante.com\/revista\/wp-content\/uploads\/2023\/02\/SOY-BEN-MONTERROSO-3-1140x855.jpg 1140w, https:\/\/soymigrante.com\/revista\/wp-content\/uploads\/2023\/02\/SOY-BEN-MONTERROSO-3.webp 1440w\" sizes=\"(max-width: 1024px) 100vw, 1024px\" \/>\n            <\/div>\n        <\/div><div class=\"eael-entry-wrapper\"><header class=\"eael-entry-header\"><h2 class=\"eael-entry-title\"><a class=\"eael-grid-post-link\" href=\"https:\/\/soymigrante.com\/revista\/los-migrantes-tambien-somos-guatemala\/\" title=\"&#8220;Los migrantes tambi\u00e9n somos Guatemala y tenemos derecho a marcar su futuro&#8221;: Ben Monterroso\">&#8220;Los migrantes tambi\u00e9n somos Guatemala y tenemos derecho a marcar su futuro&#8221;: Ben Monterroso<\/a><\/h2><\/header><div class=\"eael-entry-content\">\n                        <div class=\"eael-grid-post-excerpt\"><a href=\"https:\/\/soymigrante.com\/revista\/los-migrantes-tambien-somos-guatemala\/\" class=\"eael-post-elements-readmore-btn\">CONOCE SU HISTORIA <\/a><\/div>\n                    <\/div><\/div><\/div>\n        <\/div>\n    <\/article><\/div>\n            <div class=\"clearfix\"><\/div>\n        <\/div>\t\t\t\t<\/div>\n\t\t\t\t\t<\/div>\n\t\t\t\t<\/div>\n\t\t\t\t<\/div>\n\t\t","protected":false},"excerpt":{"rendered":"<p>Los estadounidenses ya est\u00e1n votando para elegir nuevo presidente, pero el d\u00eda clave ser\u00e1 el 5 de noviembre. La vicepresidenta Kamala Harris y el expresidente Donald Trump encabezan las encuestas, pero hay al menos otros dos participantes a nivel nacional. \u00bfTe sorprender\u00eda si te decimos que hay al menos 10 candidatos presidenciales para estas elecciones [&hellip;]<\/p>\n","protected":false},"author":23,"featured_media":10633,"comment_status":"open","ping_status":"open","sticky":false,"template":"","format":"standard","meta":{"_acf_changed":false,"_eb_attr":"","footnotes":""},"categories":[54],"tags":[],"class_list":["post-10610","post","type-post","status-publish","format-standard","has-post-thumbnail","hentry","category-estamos-unidos"],"acf":[],"aioseo_notices":[],"aioseo_head":"\n\t\t<!-- All in One SEO Pro 4.9.6.2 - aioseo.com -->\n\t<meta name=\"description\" content=\"Ben Monterroso, guatemalteco defensor de los derechos migrantes y promotor del voto en el extranujero considera contradictorio que se les llame \u201ch\u00e9roes\u201d por sostener la econom\u00eda del pa\u00eds, pero no se les facilita la participaci\u00f3n pol\u00edtica ni reciben la atenci\u00f3n necesaria del Estado de Guatemala. Con m\u00e1s de 45 a\u00f1os de haber llegado a EE.UU.,\" \/>\n\t<meta name=\"robots\" content=\"max-snippet:-1, max-image-preview:large, max-video-preview:-1\" \/>\n\t<meta name=\"author\" content=\"Gustavo Montenegro\"\/>\n\t<link rel=\"canonical\" href=\"https:\/\/soymigrante.com\/revista\/los-migrantes-tambien-somos-guatemala\/\" \/>\n\t<meta name=\"generator\" content=\"All in One SEO Pro (AIOSEO) 4.9.6.2\" \/>\n\n\t\t<link rel=\"preconnect\" href=\"https:\/\/fonts.googleapis.com\" crossorigin>\n<link rel=\"preconnect\" href=\"https:\/\/fonts.gstatic.com\" crossorigin>\n\t\t<meta property=\"og:locale\" content=\"es_ES\" \/>\n\t\t<meta property=\"og:site_name\" content=\"SoyMigrante.com REVISTA \u2013 Nuestra misi\u00f3n es reconocer y dignificar al migrante.\" \/>\n\t\t<meta property=\"og:type\" content=\"article\" \/>\n\t\t<meta property=\"og:title\" content=\"\u201cLos migrantes tambi\u00e9n somos Guatemala y tenemos derecho a marcar su futuro\u201d: Ben Monterroso\" \/>\n\t\t<meta property=\"og:description\" content=\"Ben Monterroso, guatemalteco defensor de los derechos migrantes y promotor del voto en el extranujero considera contradictorio que se les llame \u201ch\u00e9roes\u201d por sostener la econom\u00eda del pa\u00eds, pero no se les facilita la participaci\u00f3n pol\u00edtica ni reciben la atenci\u00f3n necesaria del Estado de Guatemala. Con m\u00e1s de 45 a\u00f1os de haber llegado a EE.UU.,\" \/>\n\t\t<meta property=\"og:url\" content=\"https:\/\/soymigrante.com\/revista\/los-migrantes-tambien-somos-guatemala\/\" \/>\n\t\t<meta property=\"og:image\" content=\"https:\/\/soymigrante.com\/revista\/wp-content\/uploads\/2023\/02\/SOY-BEN-MONTERROSO-3.webp\" \/>\n\t\t<meta property=\"og:image:secure_url\" content=\"https:\/\/soymigrante.com\/revista\/wp-content\/uploads\/2023\/02\/SOY-BEN-MONTERROSO-3.webp\" \/>\n\t\t<meta property=\"og:image:width\" content=\"1440\" \/>\n\t\t<meta property=\"og:image:height\" content=\"1080\" \/>\n\t\t<meta property=\"article:published_time\" content=\"2023-05-26T00:01:24+00:00\" \/>\n\t\t<meta property=\"article:modified_time\" content=\"2024-11-01T21:04:18+00:00\" \/>\n\t\t<meta property=\"article:publisher\" content=\"https:\/\/www.facebook.com\/soymigrantecom\" \/>\n\t\t<meta name=\"twitter:card\" content=\"summary_large_image\" \/>\n\t\t<meta name=\"twitter:site\" content=\"@SoyMigrante_com\" \/>\n\t\t<meta name=\"twitter:title\" content=\"\u201cLos migrantes tambi\u00e9n somos Guatemala y tenemos derecho a marcar su futuro\u201d: Ben Monterroso\" \/>\n\t\t<meta name=\"twitter:description\" content=\"Ben Monterroso, guatemalteco defensor de los derechos migrantes y promotor del voto en el extranujero considera contradictorio que se les llame \u201ch\u00e9roes\u201d por sostener la econom\u00eda del pa\u00eds, pero no se les facilita la participaci\u00f3n pol\u00edtica ni reciben la atenci\u00f3n necesaria del Estado de Guatemala. Con m\u00e1s de 45 a\u00f1os de haber llegado a EE.UU.,\" \/>\n\t\t<meta name=\"twitter:creator\" content=\"@SoyMigrante_com\" \/>\n\t\t<meta name=\"twitter:image\" content=\"https:\/\/soymigrante.com\/revista\/wp-content\/uploads\/2023\/02\/SOY-BEN-MONTERROSO-3.webp\" \/>\n\t\t<!-- All in One SEO Pro -->\r\n\t\t<title>\u201cLos migrantes tambi\u00e9n somos Guatemala y tenemos derecho a marcar su futuro\u201d: Ben Monterroso<\/title>\n\n","aioseo_head_json":{"title":"\u201cLos migrantes tambi\u00e9n somos Guatemala y tenemos derecho a marcar su futuro\u201d: Ben Monterroso","description":"Ben Monterroso, guatemalteco defensor de los derechos migrantes y promotor del voto en el extranujero considera contradictorio que se les llame \u201ch\u00e9roes\u201d por sostener la econom\u00eda del pa\u00eds, pero no se les facilita la participaci\u00f3n pol\u00edtica ni reciben la atenci\u00f3n necesaria del Estado de Guatemala. Con m\u00e1s de 45 a\u00f1os de haber llegado a EE.UU.,","canonical_url":"https:\/\/soymigrante.com\/revista\/los-migrantes-tambien-somos-guatemala\/","robots":"max-snippet:-1, max-image-preview:large, max-video-preview:-1","keywords":"","webmasterTools":{"miscellaneous":"&lt;link rel=\"preconnect\" href=\"https:\/\/fonts.googleapis.com\" crossorigin&gt;\n&lt;link rel=\"preconnect\" href=\"https:\/\/fonts.gstatic.com\" crossorigin&gt;"},"schema":null,"og:locale":"es_ES","og:site_name":"SoyMigrante.com REVISTA \u2013 Nuestra misi\u00f3n es reconocer y dignificar al migrante.","og:type":"article","og:title":"\u201cLos migrantes tambi\u00e9n somos Guatemala y tenemos derecho a marcar su futuro\u201d: Ben Monterroso","og:description":"Ben Monterroso, guatemalteco defensor de los derechos migrantes y promotor del voto en el extranujero considera contradictorio que se les llame \u201ch\u00e9roes\u201d por sostener la econom\u00eda del pa\u00eds, pero no se les facilita la participaci\u00f3n pol\u00edtica ni reciben la atenci\u00f3n necesaria del Estado de Guatemala. Con m\u00e1s de 45 a\u00f1os de haber llegado a EE.UU.,","og:url":"https:\/\/soymigrante.com\/revista\/los-migrantes-tambien-somos-guatemala\/","og:image":"https:\/\/soymigrante.com\/revista\/wp-content\/uploads\/2023\/02\/SOY-BEN-MONTERROSO-3.webp","og:image:secure_url":"https:\/\/soymigrante.com\/revista\/wp-content\/uploads\/2023\/02\/SOY-BEN-MONTERROSO-3.webp","og:image:width":1440,"og:image:height":1080,"article:published_time":"2023-05-26T00:01:24+00:00","article:modified_time":"2024-11-01T21:04:18+00:00","article:publisher":"https:\/\/www.facebook.com\/soymigrantecom","twitter:card":"summary_large_image","twitter:site":"@SoyMigrante_com","twitter:title":"\u201cLos migrantes tambi\u00e9n somos Guatemala y tenemos derecho a marcar su futuro\u201d: Ben Monterroso","twitter:description":"Ben Monterroso, guatemalteco defensor de los derechos migrantes y promotor del voto en el extranujero considera contradictorio que se les llame \u201ch\u00e9roes\u201d por sostener la econom\u00eda del pa\u00eds, pero no se les facilita la participaci\u00f3n pol\u00edtica ni reciben la atenci\u00f3n necesaria del Estado de Guatemala. Con m\u00e1s de 45 a\u00f1os de haber llegado a EE.UU.,","twitter:creator":"@SoyMigrante_com","twitter:image":"https:\/\/soymigrante.com\/revista\/wp-content\/uploads\/2023\/02\/SOY-BEN-MONTERROSO-3.webp"},"aioseo_meta_data":{"post_id":"10610","title":"Elecciones USA 2024: Hay m\u00e1s de dos aspirantes a lla presidencia","description":"La carrera presidencial entre Kamala Harris y Donald Trump centra la atenci\u00f3n, pero hay al menos otros dos binomios aspirantes a la Casa Blanca. \u00bfQui\u00e9nes son?","keywords":null,"keyphrases":{"focus":{"keyphrase":"Elecciones USA 2024","score":51,"analysis":{"keyphraseInTitle":{"score":9,"maxScore":9,"error":0},"keyphraseInDescription":{"score":3,"maxScore":9,"error":1},"keyphraseLength":{"score":9,"maxScore":9,"error":0,"length":3},"keyphraseInURL":{"score":5,"maxScore":5,"error":0},"keyphraseInIntroduction":{"score":3,"maxScore":9,"error":1},"keyphraseInSubHeadings":{"score":3,"maxScore":9,"error":1},"keyphraseInImageAlt":{"score":3,"maxScore":9,"error":1},"keywordDensity":{"score":0,"type":"low","maxScore":9,"error":1}}},"additional":[{"keyphrase":"Elecciones Presidenciales ","score":40,"analysis":{"keyphraseInDescription":{"score":3,"maxScore":9,"error":1},"keyphraseLength":{"score":9,"maxScore":9,"error":0,"length":2},"keyphraseInIntroduction":{"score":3,"maxScore":9,"error":1},"keyphraseInImageAlt":{"score":3,"maxScore":9,"error":1},"keywordDensity":{"score":0,"type":"low","maxScore":9,"error":1}}},{"keyphrase":"Estados Unidos","score":73,"analysis":{"keyphraseInDescription":{"score":3,"maxScore":9,"error":1},"keyphraseLength":{"score":9,"maxScore":9,"error":0,"length":2},"keyphraseInIntroduction":{"score":9,"maxScore":9,"error":0},"keyphraseInImageAlt":{"score":3,"maxScore":9,"error":1},"keywordDensity":{"type":"best","score":9,"maxScore":9,"error":0}}},{"keyphrase":"soy migrante","score":40,"analysis":{"keyphraseInDescription":{"score":3,"maxScore":9,"error":1},"keyphraseLength":{"score":9,"maxScore":9,"error":0,"length":2},"keyphraseInIntroduction":{"score":3,"maxScore":9,"error":1},"keyphraseInImageAlt":{"score":3,"maxScore":9,"error":1},"keywordDensity":{"score":0,"type":"low","maxScore":9,"error":1}}},{"keyphrase":"Elecciones USA","score":40,"analysis":{"keyphraseInDescription":{"score":3,"maxScore":9,"error":1},"keyphraseLength":{"score":9,"maxScore":9,"error":0,"length":2},"keyphraseInIntroduction":{"score":3,"maxScore":9,"error":1},"keyphraseInImageAlt":{"score":3,"maxScore":9,"error":1},"keywordDensity":{"score":0,"type":"low","maxScore":9,"error":1}}},{"keyphrase":"Harris","score":100,"analysis":{"keyphraseInDescription":{"score":9,"maxScore":9,"error":0},"keyphraseLength":{"score":9,"maxScore":9,"error":0,"length":1},"keyphraseInIntroduction":{"score":9,"maxScore":9,"error":0},"keyphraseInImageAlt":{"score":9,"maxScore":9,"error":0},"keywordDensity":{"type":"best","score":9,"maxScore":9,"error":0}}},{"keyphrase":"Trump","score":100,"analysis":{"keyphraseInDescription":{"score":9,"maxScore":9,"error":0},"keyphraseLength":{"score":9,"maxScore":9,"error":0,"length":1},"keyphraseInIntroduction":{"score":9,"maxScore":9,"error":0},"keyphraseInImageAlt":{"score":9,"maxScore":9,"error":0},"keywordDensity":{"type":"best","score":9,"maxScore":9,"error":0}}}]},"primary_term":null,"canonical_url":null,"og_title":null,"og_description":null,"og_object_type":"default","og_image_type":"default","og_image_url":null,"og_image_width":null,"og_image_height":null,"og_image_custom_url":null,"og_image_custom_fields":null,"og_video":"","og_custom_url":null,"og_article_section":null,"og_article_tags":null,"twitter_use_og":false,"twitter_card":"default","twitter_image_type":"default","twitter_image_url":null,"twitter_image_custom_url":null,"twitter_image_custom_fields":null,"twitter_title":null,"twitter_description":null,"schema":{"blockGraphs":[],"customGraphs":[],"default":{"data":{"Article":[],"Course":[],"Dataset":[],"FAQPage":[],"Movie":[],"Person":[],"Product":[],"ProductReview":[],"Car":[],"Recipe":[],"Service":[],"SoftwareApplication":[],"WebPage":[]},"graphName":"Article","isEnabled":true},"graphs":[]},"schema_type":"default","schema_type_options":null,"pillar_content":false,"robots_default":true,"robots_noindex":false,"robots_noarchive":false,"robots_nosnippet":false,"robots_nofollow":false,"robots_noimageindex":false,"robots_noodp":false,"robots_notranslate":false,"robots_max_snippet":"-1","robots_max_videopreview":"-1","robots_max_imagepreview":"large","priority":null,"frequency":"default","local_seo":null,"seo_analyzer_scan_date":"2025-10-08 23:50:12","breadcrumb_settings":null,"limit_modified_date":false,"reviewed_by":null,"open_ai":"{\"title\":{\"suggestions\":[],\"usage\":0},\"description\":{\"suggestions\":[],\"usage\":0}}","ai":null,"created":"2024-10-22 18:14:24","updated":"2026-02-04 15:19:47"},"aioseo_breadcrumb":"<div class=\"aioseo-breadcrumbs\"><span class=\"aioseo-breadcrumb\">\n\t<a href=\"https:\/\/soymigrante.com\/revista\" title=\"Home\">Home<\/a>\n<\/span><span class=\"aioseo-breadcrumb-separator\">\u00bb<\/span><span class=\"aioseo-breadcrumb\">\n\t<a href=\"https:\/\/soymigrante.com\/revista\/category\/estamos-unidos\/\" title=\"Estamos Unidos\">Estamos Unidos<\/a>\n<\/span><span class=\"aioseo-breadcrumb-separator\">\u00bb<\/span><span class=\"aioseo-breadcrumb\">\n\tElecciones USA 2024: No solo compiten Harris y Trump, hay otros candidatos. Ent\u00e9rate aqu\u00ed.\n<\/span><\/div>","aioseo_breadcrumb_json":[{"label":"Home","link":"https:\/\/soymigrante.com\/revista"},{"label":"Estamos Unidos","link":"https:\/\/soymigrante.com\/revista\/category\/estamos-unidos\/"},{"label":"Elecciones USA 2024: No solo compiten Harris y Trump, hay otros candidatos. Ent\u00e9rate aqu\u00ed.","link":"https:\/\/soymigrante.com\/revista\/elecciones-usa-2024-no-solo-compiten-harris-y-trump-hay-otros-candidatos-enterate-aqui\/"}],"_links":{"self":[{"href":"https:\/\/soymigrante.com\/revista\/wp-json\/wp\/v2\/posts\/10610","targetHints":{"allow":["GET"]}}],"collection":[{"href":"https:\/\/soymigrante.com\/revista\/wp-json\/wp\/v2\/posts"}],"about":[{"href":"https:\/\/soymigrante.com\/revista\/wp-json\/wp\/v2\/types\/post"}],"author":[{"embeddable":true,"href":"https:\/\/soymigrante.com\/revista\/wp-json\/wp\/v2\/users\/23"}],"replies":[{"embeddable":true,"href":"https:\/\/soymigrante.com\/revista\/wp-json\/wp\/v2\/comments?post=10610"}],"version-history":[{"count":0,"href":"https:\/\/soymigrante.com\/revista\/wp-json\/wp\/v2\/posts\/10610\/revisions"}],"wp:featuredmedia":[{"embeddable":true,"href":"https:\/\/soymigrante.com\/revista\/wp-json\/wp\/v2\/media\/10633"}],"wp:attachment":[{"href":"https:\/\/soymigrante.com\/revista\/wp-json\/wp\/v2\/media?parent=10610"}],"wp:term":[{"taxonomy":"category","embeddable":true,"href":"https:\/\/soymigrante.com\/revista\/wp-json\/wp\/v2\/categories?post=10610"},{"taxonomy":"post_tag","embeddable":true,"href":"https:\/\/soymigrante.com\/revista\/wp-json\/wp\/v2\/tags?post=10610"}],"curies":[{"name":"wp","href":"https:\/\/api.w.org\/{rel}","templated":true}]}}