{"id":10600,"date":"2024-10-22T13:50:10","date_gmt":"2024-10-22T19:50:10","guid":{"rendered":"https:\/\/soymigrante.com\/revista\/?p=10600"},"modified":"2024-11-26T08:18:01","modified_gmt":"2024-11-26T14:18:01","slug":"guatemaltecos-son-el-6-de-la-fuerza-laboral-migrante-hispana-en-ee-uu","status":"publish","type":"post","link":"https:\/\/soymigrante.com\/revista\/guatemaltecos-son-el-6-de-la-fuerza-laboral-migrante-hispana-en-ee-uu\/","title":{"rendered":"Guatemaltecos son el 6% de la fuerza laboral migrante hispana en EE.UU."},"content":{"rendered":"\t\t<div data-elementor-type=\"wp-post\" data-elementor-id=\"10600\" class=\"elementor elementor-10600\" data-elementor-post-type=\"post\">\n\t\t\t\t<div data-particle_enable=\"false\" data-particle-mobile-disabled=\"false\" class=\"elementor-element elementor-element-ba59caa e-flex e-con-boxed e-con e-parent\" data-id=\"ba59caa\" data-element_type=\"container\" data-e-type=\"container\">\n\t\t\t\t\t<div class=\"e-con-inner\">\n\t\t\t\t<div class=\"elementor-element elementor-element-9753333 elementor-widget elementor-widget-heading\" data-id=\"9753333\" data-element_type=\"widget\" data-e-type=\"widget\" data-widget_type=\"heading.default\">\n\t\t\t\t\t<h2 class=\"elementor-heading-title elementor-size-default\">Foro Latinoamericano de Remesas analiza datos de la Oficina del Censo de EE.UU, seg\u00fan los cuales Guatemala duplic\u00f3 su fuerza laboral en este pa\u00eds entre 2012 y 2024. Conoce las cifras y porcentajes que dan un panorama de la participaci\u00f3n del talento guatemalteco migrante.\n<\/h2>\t\t\t\t<\/div>\n\t\t\t\t\t<\/div>\n\t\t\t\t<\/div>\n\t\t<div data-particle_enable=\"false\" data-particle-mobile-disabled=\"false\" class=\"elementor-element elementor-element-fe0aa6d e-flex e-con-boxed e-con e-parent\" data-id=\"fe0aa6d\" data-element_type=\"container\" data-e-type=\"container\">\n\t\t\t\t\t<div class=\"e-con-inner\">\n\t\t\t\t<div class=\"elementor-element elementor-element-6144904 elementor-widget elementor-widget-text-editor\" data-id=\"6144904\" data-element_type=\"widget\" data-e-type=\"widget\" data-widget_type=\"text-editor.default\">\n\t\t\t\t\t\t\t\t\t<p>Los migrantes latinoamericanos han tenido una fuerte participaci\u00f3n y creciente importancia en el trabajo y productividad de Estados Unidos. Seg\u00fan datos de la Oficina del Censo de EE.UU., analizados por el Foro Latinoamericano de Remesas, de<span style=\"color: var( --e-global-color-text ); text-align: var(--text-align);\">\u00a0enero a agosto de 2024 la participaci\u00f3n migrante de 13 pa\u00edses hispanos fue de 15 millones 695 mil 767 empleos, de los cuales un 6.2% son\u00a0 guatemaltecos.<\/span><\/p><p><span style=\"color: var( --e-global-color-text ); text-align: var(--text-align);\">En el periodo de enero a agosto de 2024, el mercado laboral estadounidense ha mostrado una recuperaci\u00f3n y dinamismo significativo, especialmente en lo que respecta a los trabajadores migrantes de 13 pa\u00edses de la regi\u00f3n.<\/span><\/p><p><span style=\"font-family: Roboto, sans-serif; font-size: 16px; font-style: normal; font-variant-ligatures: normal; font-variant-caps: normal; font-weight: 400; color: var( --e-global-color-text ); text-align: var(--text-align);\">La mayor proporci\u00f3n de estos trabajadores proviene de M\u00e9xico, que constituye el 47.8% del total, seguido por Cuba (6.6%), Guatemala (6.2%), El Salvador (6.1%), y Venezuela (4.6%).\u00a0<\/span><a style=\"font-family: Roboto, sans-serif; font-size: 16px; font-style: normal; font-variant-ligatures: normal; font-variant-caps: normal; font-weight: 400; text-align: var(--text-align);\" href=\"https:\/\/soymigrante.com\/revista\/remesas-de-migrantes\/\" target=\"_blank\" rel=\"noopener\">La presencia de estos migrantes ha sido esencial para la econom\u00eda<\/a><span style=\"font-family: Roboto, sans-serif; font-size: 16px; font-style: normal; font-variant-ligatures: normal; font-variant-caps: normal; font-weight: 400; color: var( --e-global-color-text ); text-align: var(--text-align);\">\u00a0estadounidense, especialmente despu\u00e9s de la recuperaci\u00f3n post-pandemia, seg\u00fan el Foro Latinoamericano de Remesas.\u00a0<\/span><\/p>\t\t\t\t\t\t\t\t<\/div>\n\t\t\t\t\t<\/div>\n\t\t\t\t<\/div>\n\t\t<div data-particle_enable=\"false\" data-particle-mobile-disabled=\"false\" class=\"elementor-element elementor-element-e332fbb e-flex e-con-boxed e-con e-parent\" data-id=\"e332fbb\" data-element_type=\"container\" data-e-type=\"container\">\n\t\t\t\t\t<div class=\"e-con-inner\">\n\t\t\t\t<div class=\"elementor-element elementor-element-8b31698 elementor-widget elementor-widget-image\" data-id=\"8b31698\" data-element_type=\"widget\" data-e-type=\"widget\" data-widget_type=\"image.default\">\n\t\t\t\t\t\t\t\t\t\t\t\t<figure class=\"wp-caption\">\n\t\t\t\t\t\t\t\t\t\t<img fetchpriority=\"high\" decoding=\"async\" width=\"768\" height=\"768\" src=\"https:\/\/soymigrante.com\/revista\/wp-content\/uploads\/2024\/11\/tiana-ochoa-lider-migrante-rhode-island-5-e1734361323429-1024x1024.webp\" class=\"attachment-large size-large wp-image-11993\" alt=\"Celebraci\u00f3n de migrantes en un evento cultural, con banderas de Estados Unidos, Guatemala, y Cuba, mostrando orgullo y comunidad en un ambiente festivo y multicultural.\" srcset=\"https:\/\/soymigrante.com\/revista\/wp-content\/uploads\/2024\/11\/tiana-ochoa-lider-migrante-rhode-island-5-e1734361323429-1024x1024.webp 1024w, https:\/\/soymigrante.com\/revista\/wp-content\/uploads\/2024\/11\/tiana-ochoa-lider-migrante-rhode-island-5-e1734361323429-300x300.webp 300w, https:\/\/soymigrante.com\/revista\/wp-content\/uploads\/2024\/11\/tiana-ochoa-lider-migrante-rhode-island-5-e1734361323429-150x150.webp 150w, https:\/\/soymigrante.com\/revista\/wp-content\/uploads\/2024\/11\/tiana-ochoa-lider-migrante-rhode-island-5-e1734361323429-768x768.webp 768w, https:\/\/soymigrante.com\/revista\/wp-content\/uploads\/2024\/11\/tiana-ochoa-lider-migrante-rhode-island-5-e1734361323429-75x75.webp 75w, https:\/\/soymigrante.com\/revista\/wp-content\/uploads\/2024\/11\/tiana-ochoa-lider-migrante-rhode-island-5-e1734361323429-750x750.webp 750w, https:\/\/soymigrante.com\/revista\/wp-content\/uploads\/2024\/11\/tiana-ochoa-lider-migrante-rhode-island-5-e1734361323429-1140x1140.webp 1140w, https:\/\/soymigrante.com\/revista\/wp-content\/uploads\/2024\/11\/tiana-ochoa-lider-migrante-rhode-island-5-e1734361323429.webp 1370w\" sizes=\"(max-width: 768px) 100vw, 768px\" title=\"Los guatemaltecos  tienen una buena fama en Estados Unidos de ser trabajadores, dedicados y con una excelente actit6ud hacia la mejora constante. Comunidad chapina en Rhode Island durante las fiestas patrias. \u2013 SoyMigrante.com REVISTA\" \/>\t\t\t\t\t\t\t\t\t\t\t<figcaption class=\"widget-image-caption wp-caption-text\">Amplia variedad de inmigrantes participando en un evento cultural, con banderas y ropa tradicional, promoviendo la integraci\u00f3n y reconocimiento de la comunidad migrante en EE.UU., en un ambiente alegre y lleno de solidaridad.<\/figcaption>\n\t\t\t\t\t\t\t\t\t\t<\/figure>\n\t\t\t\t\t\t\t\t\t<\/div>\n\t\t\t\t\t<\/div>\n\t\t\t\t<\/div>\n\t\t<div data-particle_enable=\"false\" data-particle-mobile-disabled=\"false\" class=\"elementor-element elementor-element-19f67a9 e-flex e-con-boxed e-con e-parent\" data-id=\"19f67a9\" data-element_type=\"container\" data-e-type=\"container\">\n\t\t\t\t\t<div class=\"e-con-inner\">\n\t\t\t\t<div class=\"elementor-element elementor-element-5ac46cb elementor-widget elementor-widget-heading\" data-id=\"5ac46cb\" data-element_type=\"widget\" data-e-type=\"widget\" data-widget_type=\"heading.default\">\n\t\t\t\t\t<h3 class=\"elementor-heading-title elementor-size-default\">Guatemaltecos son trabajadores dedicados<\/h3>\t\t\t\t<\/div>\n\t\t\t\t\t<\/div>\n\t\t\t\t<\/div>\n\t\t<div data-particle_enable=\"false\" data-particle-mobile-disabled=\"false\" class=\"elementor-element elementor-element-737c172 e-flex e-con-boxed e-con e-parent\" data-id=\"737c172\" data-element_type=\"container\" data-e-type=\"container\">\n\t\t\t\t\t<div class=\"e-con-inner\">\n\t\t\t\t<div class=\"elementor-element elementor-element-94ce9b2 elementor-widget elementor-widget-text-editor\" data-id=\"94ce9b2\" data-element_type=\"widget\" data-e-type=\"widget\" data-widget_type=\"text-editor.default\">\n\t\t\t\t\t\t\t\t\t<p>El flujo migratorio desde Guatemala se confirma con el incremento de trabajadores guatemaltecos integrados en Estados Unidos,\u00a0 los cuales adem\u00e1s tienen altas tasas de estabilidad laboral. Ello refleja un fuerte compromiso de trabajo y mucha dedicaci\u00f3n, caracter\u00edsticas muy apreciadas en EE.UU.\u00a0<\/p><p>En 2024, el n\u00famero de trabajadores guatemaltecos ocupados, registrados por el Departamento del Censo de EE.UU. es de aproximadamente 973,853 personas. De los cuales un 33.4% son mujeres.<\/p>\t\t\t\t\t\t\t\t<\/div>\n\t\t\t\t\t<\/div>\n\t\t\t\t<\/div>\n\t\t<div data-particle_enable=\"false\" data-particle-mobile-disabled=\"false\" class=\"elementor-element elementor-element-5759d18 e-flex e-con-boxed e-con e-parent\" data-id=\"5759d18\" data-element_type=\"container\" data-e-type=\"container\">\n\t\t\t\t\t<div class=\"e-con-inner\">\n\t\t\t\t<div class=\"elementor-element elementor-element-e08a0df elementor-widget elementor-widget-heading\" data-id=\"e08a0df\" data-element_type=\"widget\" data-e-type=\"widget\" data-widget_type=\"heading.default\">\n\t\t\t\t\t<h4 class=\"elementor-heading-title elementor-size-default\">La oficina del Censo reporta empleados de enero a agosto 2024<\/h4>\t\t\t\t<\/div>\n\t\t\t\t\t<\/div>\n\t\t\t\t<\/div>\n\t\t<div data-particle_enable=\"false\" data-particle-mobile-disabled=\"false\" class=\"elementor-element elementor-element-0e6beec e-flex e-con-boxed e-con e-parent\" data-id=\"0e6beec\" data-element_type=\"container\" data-e-type=\"container\">\n\t\t\t\t\t<div class=\"e-con-inner\">\n\t\t\t\t<div class=\"elementor-element elementor-element-ca75e8c elementor-invisible elementor-widget elementor-widget-heading\" data-id=\"ca75e8c\" data-element_type=\"widget\" data-e-type=\"widget\" data-settings=\"{&quot;motion_fx_motion_fx_scrolling&quot;:&quot;yes&quot;,&quot;_animation&quot;:&quot;fadeInLeft&quot;,&quot;motion_fx_devices&quot;:[&quot;desktop&quot;,&quot;tablet&quot;,&quot;mobile&quot;]}\" data-widget_type=\"heading.default\">\n\t\t\t\t\t<h2 class=\"elementor-heading-title elementor-size-xxl\">662,848 guatemaltecos \n<\/h2>\t\t\t\t<\/div>\n\t\t\t\t\t<\/div>\n\t\t\t\t<\/div>\n\t\t<div data-particle_enable=\"false\" data-particle-mobile-disabled=\"false\" class=\"elementor-element elementor-element-5d8a1d7 e-flex e-con-boxed e-con e-parent\" data-id=\"5d8a1d7\" data-element_type=\"container\" data-e-type=\"container\">\n\t\t\t\t\t<div class=\"e-con-inner\">\n\t\t\t\t<div class=\"elementor-element elementor-element-e065c3a elementor-invisible elementor-widget elementor-widget-heading\" data-id=\"e065c3a\" data-element_type=\"widget\" data-e-type=\"widget\" data-settings=\"{&quot;motion_fx_motion_fx_scrolling&quot;:&quot;yes&quot;,&quot;_animation&quot;:&quot;fadeInRight&quot;,&quot;motion_fx_devices&quot;:[&quot;desktop&quot;,&quot;tablet&quot;,&quot;mobile&quot;]}\" data-widget_type=\"heading.default\">\n\t\t\t\t\t<h2 class=\"elementor-heading-title elementor-size-xxl\">311,005 guatemaltecas \n<\/h2>\t\t\t\t<\/div>\n\t\t\t\t\t<\/div>\n\t\t\t\t<\/div>\n\t\t<div data-particle_enable=\"false\" data-particle-mobile-disabled=\"false\" class=\"elementor-element elementor-element-495afa4 e-flex e-con-boxed e-con e-parent\" data-id=\"495afa4\" data-element_type=\"container\" data-e-type=\"container\">\n\t\t\t\t\t<div class=\"e-con-inner\">\n\t\t\t\t<div class=\"elementor-element elementor-element-bd2dbe5 elementor-widget elementor-widget-heading\" data-id=\"bd2dbe5\" data-element_type=\"widget\" data-e-type=\"widget\" data-widget_type=\"heading.default\">\n\t\t\t\t\t<h3 class=\"elementor-heading-title elementor-size-default\">Crecimiento del 102%<\/h3>\t\t\t\t<\/div>\n\t\t\t\t\t<\/div>\n\t\t\t\t<\/div>\n\t\t<div data-particle_enable=\"false\" data-particle-mobile-disabled=\"false\" class=\"elementor-element elementor-element-dbcff9f e-flex e-con-boxed e-con e-parent\" data-id=\"dbcff9f\" data-element_type=\"container\" data-e-type=\"container\">\n\t\t\t\t\t<div class=\"e-con-inner\">\n\t\t\t\t<div class=\"elementor-element elementor-element-b3d169f elementor-widget elementor-widget-text-editor\" data-id=\"b3d169f\" data-element_type=\"widget\" data-e-type=\"widget\" data-widget_type=\"text-editor.default\">\n\t\t\t\t\t\t\t\t\t<p><span style=\"color: var( --e-global-color-text ); text-align: var(--text-align);\">En el 2011-2012 el n\u00famero de trabajadores guatemaltecos registrados por la Oficina del Censo era era 481 mil 898 mientras que en el 2024 son 973 mil 853.\u00a0<\/span><\/p><p><span style=\"color: var( --e-global-color-text ); text-align: var(--text-align);\">La fuerza laboral en hombres en el 2011-2022 eran 327 mil 366, pero en 2024 que son 662 mil 848. Ka fuerza laboral de la mujer guatemalteca en el 2011-2022 era de 154 mil con relaci\u00f3n al 2024 son 311 mil 5.<\/span><\/p><p><span style=\"color: var( --e-global-color-text ); text-align: var(--text-align);\">Esto es un claro indicador del desplazamiento de guatemaltecos a EE.UU. en busca de oportunidades. Cabe contrastar estos datos con los del Sistema Consular de Guatemala, que registra 3.2 millones de Guatemaltecos que han solicitado servicios de tr\u00e1mites. No se trata de errores, sino de un posible subregistro de indocumentados que est\u00e1n contratados sin reportar, o que no dan datos debido a temores de ser detenidos o deportados.<\/span><\/p><p>\u00a0<\/p>\t\t\t\t\t\t\t\t<\/div>\n\t\t\t\t\t<\/div>\n\t\t\t\t<\/div>\n\t\t<div data-particle_enable=\"false\" data-particle-mobile-disabled=\"false\" class=\"elementor-element elementor-element-946e786 e-flex e-con-boxed e-con e-parent\" data-id=\"946e786\" data-element_type=\"container\" data-e-type=\"container\">\n\t\t\t\t\t<div class=\"e-con-inner\">\n\t\t\t\t<div class=\"elementor-element elementor-element-ac0e0ea elementor-invisible elementor-widget elementor-widget-text-editor\" data-id=\"ac0e0ea\" data-element_type=\"widget\" data-e-type=\"widget\" data-settings=\"{&quot;_animation&quot;:&quot;bounceInUp&quot;}\" data-widget_type=\"text-editor.default\">\n\t\t\t\t\t\t\t\t\t<h3>Tabla 1: Empleo de Migrantes Latinoamericanos en Estados Unidos (2024)<\/h3>\n<table>\n<thead>\n<tr>\n<th><strong>Descripci\u00f3n<\/strong><\/th>\n<th><strong>Valor<\/strong><\/th>\n<\/tr>\n<\/thead>\n<tbody>\n<tr>\n<td>Total de trabajadores inmigrantes<\/td>\n<td>15,695,767 personas<\/td>\n<\/tr>\n<tr>\n<td>Porcentaje de mujeres<\/td>\n<td>39.9%<\/td>\n<\/tr>\n<tr>\n<td>Porcentaje de trabajadores provenientes de M\u00e9xico<\/td>\n<td>47.8%<\/td>\n<\/tr>\n<tr>\n<td>Otros pa\u00edses con mayor n\u00famero de inmigrantes<\/td>\n<td>Cuba, Guatemala, El Salvador, Honduras, Venezuela<\/td>\n<\/tr>\n<\/tbody>\n<\/table>\t\t\t\t\t\t\t\t<\/div>\n\t\t\t\t\t<\/div>\n\t\t\t\t<\/div>\n\t\t<div data-particle_enable=\"false\" data-particle-mobile-disabled=\"false\" class=\"elementor-element elementor-element-766b68d e-flex e-con-boxed e-con e-parent\" data-id=\"766b68d\" data-element_type=\"container\" data-e-type=\"container\">\n\t\t\t\t\t<div class=\"e-con-inner\">\n\t\t\t\t<div class=\"elementor-element elementor-element-805de3f elementor-widget elementor-widget-heading\" data-id=\"805de3f\" data-element_type=\"widget\" data-e-type=\"widget\" data-widget_type=\"heading.default\">\n\t\t\t\t\t<h3 class=\"elementor-heading-title elementor-size-default\">Crecimiento de migrantes post pandemia<\/h3>\t\t\t\t<\/div>\n\t\t\t\t\t<\/div>\n\t\t\t\t<\/div>\n\t\t<div data-particle_enable=\"false\" data-particle-mobile-disabled=\"false\" class=\"elementor-element elementor-element-c082e91 e-flex e-con-boxed e-con e-parent\" data-id=\"c082e91\" data-element_type=\"container\" data-e-type=\"container\">\n\t\t\t\t\t<div class=\"e-con-inner\">\n\t\t\t\t<div class=\"elementor-element elementor-element-dd0e61a elementor-widget elementor-widget-text-editor\" data-id=\"dd0e61a\" data-element_type=\"widget\" data-e-type=\"widget\" data-widget_type=\"text-editor.default\">\n\t\t\t\t\t\t\t\t\t<p>El an\u00e1lisis de la evoluci\u00f3n del empleo desde 2011 muestra un crecimiento sostenido, aunque interrumpido brevemente en 2020 debido a la pandemia de COVID-19. A partir de 2021, el mercado laboral retom\u00f3 su trayectoria positiva.\u00a0<\/p><p>En t\u00e9rminos absolutos, el crecimiento del empleo ha sido mayor entre los trabajadores de origen mexicano, mientras que los incrementos porcentuales m\u00e1s destacados se observan en los inmigrantes provenientes de Venezuela,\u00a0<a href=\"https:\/\/soymigrante.com\/revista\/el-dia-del-guatemalteco-en-los-angeles-dignifica-y-resalta-la-presencia-chapina-en-usa\/\" target=\"_blank\" rel=\"noopener\">Guatemala\u00a0<\/a>y Honduras, reflejando un significativo flujo migratorio reciente desde estas naciones.<\/p>\t\t\t\t\t\t\t\t<\/div>\n\t\t\t\t\t<\/div>\n\t\t\t\t<\/div>\n\t\t<div data-particle_enable=\"false\" data-particle-mobile-disabled=\"false\" class=\"elementor-element elementor-element-db9d717 e-flex e-con-boxed e-con e-parent\" data-id=\"db9d717\" data-element_type=\"container\" data-e-type=\"container\">\n\t\t\t\t\t<div class=\"e-con-inner\">\n\t\t\t\t<div class=\"elementor-element elementor-element-6e557fe elementor-grid-eael-col-1 elementor-grid-tablet-eael-col-2 elementor-grid-mobile-eael-col-1 elementor-widget elementor-widget-eael-post-grid\" data-id=\"6e557fe\" data-element_type=\"widget\" data-e-type=\"widget\" data-settings=\"{&quot;eael_post_grid_columns&quot;:&quot;eael-col-1&quot;,&quot;eael_post_grid_columns_tablet&quot;:&quot;eael-col-2&quot;,&quot;eael_post_grid_columns_mobile&quot;:&quot;eael-col-1&quot;}\" data-widget_type=\"eael-post-grid.default\">\n\t\t\t\t\t<div id=\"eael-post-grid-6e557fe\" class=\"eael-post-grid-container\">\n            <div class=\"eael-post-grid eael-post-appender eael-post-appender-6e557fe eael-post-grid-style-one\" data-layout-mode=\"masonry\"><article class=\"eael-grid-post  eael-post-grid-column eael-pg-post-7769 category-estamos-unidos\" data-id=\"7769\">\n        <div class=\"eael-grid-post-holder\">\n            <div class=\"eael-grid-post-holder-inner\"><div class=\"eael-entry-media\"><div class=\"eael-entry-overlay fade-in\"><i class=\"far fa-hand-pointer\" aria-hidden=\"true\"><\/i><a href=\"https:\/\/soymigrante.com\/revista\/migrantes-indocumentados-aportan-us100-mil-millones-en-impuestos-a-estados-unidos\/\"><\/a><\/div><div class=\"eael-entry-thumbnail \">\n                <img decoding=\"async\" width=\"681\" height=\"681\" src=\"https:\/\/soymigrante.com\/revista\/wp-content\/uploads\/2024\/08\/aporte-migrante-en-impuestos-en-estados-unidos-2.webp\" class=\"attachment-large size-large wp-image-7775\" alt=\"Reparador de ventanas en altura en un edificio de vidrio, realizando mantenimiento exterior con equipo de seguridad en un rascacielos, en un contexto urbano y empresarial.\" srcset=\"https:\/\/soymigrante.com\/revista\/wp-content\/uploads\/2024\/08\/aporte-migrante-en-impuestos-en-estados-unidos-2.webp 681w, https:\/\/soymigrante.com\/revista\/wp-content\/uploads\/2024\/08\/aporte-migrante-en-impuestos-en-estados-unidos-2-300x300.webp 300w, https:\/\/soymigrante.com\/revista\/wp-content\/uploads\/2024\/08\/aporte-migrante-en-impuestos-en-estados-unidos-2-150x150.webp 150w, https:\/\/soymigrante.com\/revista\/wp-content\/uploads\/2024\/08\/aporte-migrante-en-impuestos-en-estados-unidos-2-75x75.webp 75w\" sizes=\"(max-width: 681px) 100vw, 681px\" \/>\n            <\/div>\n        <\/div><div class=\"eael-entry-wrapper\"><header class=\"eael-entry-header\"><h2 class=\"eael-entry-title\"><a class=\"eael-grid-post-link\" href=\"https:\/\/soymigrante.com\/revista\/migrantes-indocumentados-aportan-us100-mil-millones-en-impuestos-a-estados-unidos\/\" title=\"Migrantes indocumentados aportan US$96 mil millones en impuestos a Estados Unidos\">Migrantes indocumentados aportan US$96 mil millones en impuestos a Estados Unidos<\/a><\/h2><\/header><div class=\"eael-entry-content\">\n                        <div class=\"eael-grid-post-excerpt\"><a href=\"https:\/\/soymigrante.com\/revista\/migrantes-indocumentados-aportan-us100-mil-millones-en-impuestos-a-estados-unidos\/\" class=\"eael-post-elements-readmore-btn\">CONOCE SU HISTORIA <\/a><\/div>\n                    <\/div><\/div><\/div>\n        <\/div>\n    <\/article><\/div>\n            <div class=\"clearfix\"><\/div>\n        <\/div>\t\t\t\t<\/div>\n\t\t\t\t\t<\/div>\n\t\t\t\t<\/div>\n\t\t<div data-particle_enable=\"false\" data-particle-mobile-disabled=\"false\" class=\"elementor-element elementor-element-1d9032a e-flex e-con-boxed e-con e-parent\" data-id=\"1d9032a\" data-element_type=\"container\" data-e-type=\"container\">\n\t\t\t\t\t<div class=\"e-con-inner\">\n\t\t\t\t<div class=\"elementor-element elementor-element-8c18805 elementor-widget elementor-widget-heading\" data-id=\"8c18805\" data-element_type=\"widget\" data-e-type=\"widget\" data-widget_type=\"heading.default\">\n\t\t\t\t\t<h3 class=\"elementor-heading-title elementor-size-default\">Fuerza laboral a tiempo completo<\/h3>\t\t\t\t<\/div>\n\t\t\t\t\t<\/div>\n\t\t\t\t<\/div>\n\t\t<div data-particle_enable=\"false\" data-particle-mobile-disabled=\"false\" class=\"elementor-element elementor-element-5bef520 e-flex e-con-boxed e-con e-parent\" data-id=\"5bef520\" data-element_type=\"container\" data-e-type=\"container\">\n\t\t\t\t\t<div class=\"e-con-inner\">\n\t\t\t\t<div class=\"elementor-element elementor-element-146b952 elementor-widget elementor-widget-text-editor\" data-id=\"146b952\" data-element_type=\"widget\" data-e-type=\"widget\" data-widget_type=\"text-editor.default\">\n\t\t\t\t\t\t\t\t\t<p>La mayor\u00eda de los migrantes latinoamericanos en Estados Unidos trabajan en ocupaciones de tiempo completo (35 horas o m\u00e1s por semana). En 2023, el 86.4% de estos trabajadores ten\u00edan este tipo de empleo.\u00a0<\/p><p>Este indicador ha mostrado una mejora desde 2011, cuando el porcentaje era del 83%. Este aumento ha sido consistente tanto para hombres como para mujeres, aunque la proporci\u00f3n de hombres en trabajos de tiempo completo sigue siendo superior a la de las mujeres.<\/p>\t\t\t\t\t\t\t\t<\/div>\n\t\t\t\t\t<\/div>\n\t\t\t\t<\/div>\n\t\t<div data-particle_enable=\"false\" data-particle-mobile-disabled=\"false\" class=\"elementor-element elementor-element-77724c8 e-flex e-con-boxed e-con e-parent\" data-id=\"77724c8\" data-element_type=\"container\" data-e-type=\"container\">\n\t\t\t\t\t<div class=\"e-con-inner\">\n\t\t\t\t<div class=\"elementor-element elementor-element-d374d83 elementor-widget elementor-widget-heading\" data-id=\"d374d83\" data-element_type=\"widget\" data-e-type=\"widget\" data-widget_type=\"heading.default\">\n\t\t\t\t\t<h3 class=\"elementor-heading-title elementor-size-default\">Participaci\u00f3n de mujeres y ciudadan\u00eda<\/h3>\t\t\t\t<\/div>\n\t\t\t\t\t<\/div>\n\t\t\t\t<\/div>\n\t\t<div data-particle_enable=\"false\" data-particle-mobile-disabled=\"false\" class=\"elementor-element elementor-element-c2ea9a9 e-flex e-con-boxed e-con e-parent\" data-id=\"c2ea9a9\" data-element_type=\"container\" data-e-type=\"container\">\n\t\t\t\t\t<div class=\"e-con-inner\">\n\t\t\t\t<div class=\"elementor-element elementor-element-101b3ba elementor-widget elementor-widget-text-editor\" data-id=\"101b3ba\" data-element_type=\"widget\" data-e-type=\"widget\" data-widget_type=\"text-editor.default\">\n\t\t\t\t\t\t\t\t\t<p>La participaci\u00f3n de las mujeres en el empleo total de migrantes latinoamericanos tambi\u00e9n ha crecido. En 2023, de cada 5 empleos ocupados por inmigrantes latinoamericanos, 2 eran de mujeres, lo que representa un aumento respecto al 36.6% de 2011. Sin embargo, esta participaci\u00f3n var\u00eda seg\u00fan el pa\u00eds de origen. En grupos como el de Jamaica y Rep\u00fablica Dominicana, las mujeres ocupan m\u00e1s del 50% de los empleos. En el caso de Guatemala, son el 36%<\/p><p>Por otro lado, el porcentaje de trabajadores migrantes con ciudadan\u00eda estadounidense ha aumentado ligeramente, pasando del 33.5% en 2011 al 37.6% en 2023. Este incremento es m\u00e1s evidente entre las mujeres, que tienen una tasa de ciudadan\u00eda mayor en comparaci\u00f3n con los hombres. Sin embargo, en grupos con altos flujos migratorios recientes, como los de Guatemala y Honduras, este porcentaje no ha crecido de manera significativa.<\/p>\t\t\t\t\t\t\t\t<\/div>\n\t\t\t\t\t<\/div>\n\t\t\t\t<\/div>\n\t\t<div data-particle_enable=\"false\" data-particle-mobile-disabled=\"false\" class=\"elementor-element elementor-element-bc8a67b e-flex e-con-boxed e-con e-parent\" data-id=\"bc8a67b\" data-element_type=\"container\" data-e-type=\"container\">\n\t\t\t\t\t<div class=\"e-con-inner\">\n\t\t\t\t<div class=\"elementor-element elementor-element-357ebcb elementor-widget elementor-widget-image\" data-id=\"357ebcb\" data-element_type=\"widget\" data-e-type=\"widget\" data-widget_type=\"image.default\">\n\t\t\t\t\t\t\t\t\t\t\t\t<figure class=\"wp-caption\">\n\t\t\t\t\t\t\t\t\t\t<img decoding=\"async\" width=\"768\" height=\"576\" src=\"https:\/\/soymigrante.com\/revista\/wp-content\/uploads\/2024\/04\/5ba2f540-bf3d-4534-81a7-21490c23bc36-1-1024x768.webp\" class=\"attachment-large size-large wp-image-6156\" alt=\"Limpieza profesional en acci\u00f3n en un hogar, con dos empleadas usando equipo especializado para mantener un ambiente higi\u00e9nico y ordenado, promoviendo servicios confiables y de calidad.\" srcset=\"https:\/\/soymigrante.com\/revista\/wp-content\/uploads\/2024\/04\/5ba2f540-bf3d-4534-81a7-21490c23bc36-1-1024x768.webp 1024w, https:\/\/soymigrante.com\/revista\/wp-content\/uploads\/2024\/04\/5ba2f540-bf3d-4534-81a7-21490c23bc36-1-300x225.webp 300w, https:\/\/soymigrante.com\/revista\/wp-content\/uploads\/2024\/04\/5ba2f540-bf3d-4534-81a7-21490c23bc36-1-768x576.webp 768w, https:\/\/soymigrante.com\/revista\/wp-content\/uploads\/2024\/04\/5ba2f540-bf3d-4534-81a7-21490c23bc36-1-1536x1152.webp 1536w, https:\/\/soymigrante.com\/revista\/wp-content\/uploads\/2024\/04\/5ba2f540-bf3d-4534-81a7-21490c23bc36-1-750x563.webp 750w, https:\/\/soymigrante.com\/revista\/wp-content\/uploads\/2024\/04\/5ba2f540-bf3d-4534-81a7-21490c23bc36-1-1140x855.webp 1140w, https:\/\/soymigrante.com\/revista\/wp-content\/uploads\/2024\/04\/5ba2f540-bf3d-4534-81a7-21490c23bc36-1.webp 1920w\" sizes=\"(max-width: 768px) 100vw, 768px\" title=\"En el trabajo de limpieza de casas, cada detalle cuenta: el tipo de productos desinfectantes a utilizar seg\u00fan cada caso,  el tipo de superficies y materiales en cada casa; el cuidado de buscar hasta el m\u00ednimo rastro de suciedad, la honradez y tambi\u00e9n.... el silencio. \u2013 SoyMigrante.com REVISTA\" \/>\t\t\t\t\t\t\t\t\t\t\t<figcaption class=\"widget-image-caption wp-caption-text\">La participaci\u00f3n de migrantes guatemaltecas en empleos estables ha aumentado despu\u00e9s de la pandemia.<\/figcaption>\n\t\t\t\t\t\t\t\t\t\t<\/figure>\n\t\t\t\t\t\t\t\t\t<\/div>\n\t\t\t\t\t<\/div>\n\t\t\t\t<\/div>\n\t\t<div data-particle_enable=\"false\" data-particle-mobile-disabled=\"false\" class=\"elementor-element elementor-element-184fe44 e-flex e-con-boxed e-con e-parent\" data-id=\"184fe44\" data-element_type=\"container\" data-e-type=\"container\">\n\t\t\t\t\t<div class=\"e-con-inner\">\n\t\t\t\t<div class=\"elementor-element elementor-element-b959a74 elementor-widget elementor-widget-heading\" data-id=\"b959a74\" data-element_type=\"widget\" data-e-type=\"widget\" data-widget_type=\"heading.default\">\n\t\t\t\t\t<h3 class=\"elementor-heading-title elementor-size-default\">Aporte laboral migrante es valioso para USA<\/h3>\t\t\t\t<\/div>\n\t\t\t\t\t<\/div>\n\t\t\t\t<\/div>\n\t\t<div data-particle_enable=\"false\" data-particle-mobile-disabled=\"false\" class=\"elementor-element elementor-element-e192a61 e-flex e-con-boxed e-con e-parent\" data-id=\"e192a61\" data-element_type=\"container\" data-e-type=\"container\">\n\t\t\t\t\t<div class=\"e-con-inner\">\n\t\t\t\t<div class=\"elementor-element elementor-element-661052f elementor-widget elementor-widget-text-editor\" data-id=\"661052f\" data-element_type=\"widget\" data-e-type=\"widget\" data-widget_type=\"text-editor.default\">\n\t\t\t\t\t\t\t\t\t<p>Lo m\u00e1s valioso del informe es destacar\u00a0<a href=\"https:\/\/soymigrante.com\/revista\/mercado-es-una-comunidad-digital-para-emprendedores-guatemaltecos\/\" target=\"_blank\" rel=\"noopener\">la importancia de la fuerza laboral<\/a>\u00a0migrante latinoamericana en Estados Unidos y su contribuci\u00f3n al dinamismo de la econom\u00eda del pa\u00eds. Si bien la pandemia afect\u00f3 temporalmente la participaci\u00f3n de estos trabajadores, la recuperaci\u00f3n econ\u00f3mica ha sido notable, especialmente para los grupos con mayor reciente migraci\u00f3n.\u00a0<\/p><p>En 2023, el empleo total de inmigrantes latinoamericanos, considerando otros grupos menores, super\u00f3 los 17 millones de trabajadores, lo que subraya la relevancia de este grupo en el mercado laboral norteamericano.<\/p><p>Este an\u00e1lisis refleja la evoluci\u00f3n y adaptaci\u00f3n de los trabajadores inmigrantes de Am\u00e9rica Latina y el Caribe en el contexto econ\u00f3mico de Estados Unidos, as\u00ed como su papel fundamental en diversos sectores productivos del pa\u00eds.<\/p>\t\t\t\t\t\t\t\t<\/div>\n\t\t\t\t\t<\/div>\n\t\t\t\t<\/div>\n\t\t<div data-particle_enable=\"false\" data-particle-mobile-disabled=\"false\" class=\"elementor-element elementor-element-b16c5b3 e-flex e-con-boxed e-con e-parent\" data-id=\"b16c5b3\" data-element_type=\"container\" data-e-type=\"container\">\n\t\t\t\t\t<div class=\"e-con-inner\">\n\t\t\t\t<div class=\"elementor-element elementor-element-3b0b1a3 elementor-align-center elementor-widget elementor-widget-button\" data-id=\"3b0b1a3\" data-element_type=\"widget\" data-e-type=\"widget\" data-widget_type=\"button.default\">\n\t\t\t\t\t\t\t\t\t\t<a class=\"elementor-button elementor-button-link elementor-size-sm\" href=\"https:\/\/www.cemla.org\/foroderemesas\/notas\/2024-08-notas-de-remesas.pdf\">\n\t\t\t\t\t\t<span class=\"elementor-button-content-wrapper\">\n\t\t\t\t\t\t\t\t\t<span class=\"elementor-button-text\">Consulta el informa oficial de la CPS en el sitio del Cemla.<\/span>\n\t\t\t\t\t<\/span>\n\t\t\t\t\t<\/a>\n\t\t\t\t\t\t\t\t<\/div>\n\t\t\t\t\t<\/div>\n\t\t\t\t<\/div>\n\t\t<div data-particle_enable=\"false\" data-particle-mobile-disabled=\"false\" class=\"elementor-element elementor-element-ab687d6 e-flex e-con-boxed e-con e-parent\" data-id=\"ab687d6\" data-element_type=\"container\" data-e-type=\"container\">\n\t\t\t\t\t<div class=\"e-con-inner\">\n\t\t\t\t<div class=\"elementor-element elementor-element-6fa00f8 elementor-invisible elementor-widget elementor-widget-text-editor\" data-id=\"6fa00f8\" data-element_type=\"widget\" data-e-type=\"widget\" data-settings=\"{&quot;_animation&quot;:&quot;fadeInRight&quot;}\" data-widget_type=\"text-editor.default\">\n\t\t\t\t\t\t\t\t\t<h3>Tabla 2: Crecimiento del empleo de trabajadores migrantes (2011-2024)<\/h3><table><thead><tr><th><strong>Descripci\u00f3n<\/strong><\/th><th><strong>Valor<\/strong><\/th><\/tr><\/thead><tbody><tr><td>Incremento total de trabajadores<\/td><td>4,705,765 personas<\/td><\/tr><tr><td>Crecimiento porcentual total<\/td><td>42.8%<\/td><\/tr><tr><td>Crecimiento porcentual en mujeres<\/td><td>55.9%<\/td><\/tr><tr><td>Crecimiento porcentual en hombres<\/td><td>35.3%<\/td><\/tr><\/tbody><\/table>\t\t\t\t\t\t\t\t<\/div>\n\t\t\t\t\t<\/div>\n\t\t\t\t<\/div>\n\t\t<div data-particle_enable=\"false\" data-particle-mobile-disabled=\"false\" class=\"elementor-element elementor-element-30a7ef6 e-flex e-con-boxed e-con e-parent\" data-id=\"30a7ef6\" data-element_type=\"container\" data-e-type=\"container\">\n\t\t\t\t\t<div class=\"e-con-inner\">\n\t\t\t\t<div class=\"elementor-element elementor-element-b70cb8d elementor-invisible elementor-widget elementor-widget-text-editor\" data-id=\"b70cb8d\" data-element_type=\"widget\" data-e-type=\"widget\" data-settings=\"{&quot;_animation&quot;:&quot;fadeInLeft&quot;}\" data-widget_type=\"text-editor.default\">\n\t\t\t\t\t\t\t\t\t<h3>Tabla 3: Din\u00e1mica de empleo y ocupaciones (2023)<\/h3><table><thead><tr><th><strong>Descripci\u00f3n<\/strong><\/th><th><strong>Valor<\/strong><\/th><\/tr><\/thead><tbody><tr><td>Porcentaje de empleos de tiempo completo<\/td><td>86.4%<\/td><\/tr><tr><td>Participaci\u00f3n de las mujeres en el empleo total<\/td><td>39.9%<\/td><\/tr><\/tbody><\/table>\t\t\t\t\t\t\t\t<\/div>\n\t\t\t\t\t<\/div>\n\t\t\t\t<\/div>\n\t\t<div data-particle_enable=\"false\" data-particle-mobile-disabled=\"false\" class=\"elementor-element elementor-element-a2e43ad e-flex e-con-boxed e-con e-parent\" data-id=\"a2e43ad\" data-element_type=\"container\" data-e-type=\"container\">\n\t\t\t\t\t<div class=\"e-con-inner\">\n\t\t\t\t<div class=\"elementor-element elementor-element-f8f7c64 elementor-invisible elementor-widget elementor-widget-text-editor\" data-id=\"f8f7c64\" data-element_type=\"widget\" data-e-type=\"widget\" data-settings=\"{&quot;_animation&quot;:&quot;fadeInRight&quot;}\" data-widget_type=\"text-editor.default\">\n\t\t\t\t\t\t\t\t\t<h3>Tabla 4: Ciudadan\u00eda de los trabajadores migrantes (2011-2023)<\/h3><table><thead><tr><th><strong>Descripci\u00f3n<\/strong><\/th><th><strong>2011<\/strong><\/th><th><strong>2023<\/strong><\/th><\/tr><\/thead><tbody><tr><td>Porcentaje de trabajadores con ciudadan\u00eda<\/td><td>33.5%<\/td><td>37.6%<\/td><\/tr><\/tbody><\/table>\t\t\t\t\t\t\t\t<\/div>\n\t\t\t\t\t<\/div>\n\t\t\t\t<\/div>\n\t\t<div data-particle_enable=\"false\" data-particle-mobile-disabled=\"false\" class=\"elementor-element elementor-element-2532e3e e-flex e-con-boxed e-con e-parent\" data-id=\"2532e3e\" data-element_type=\"container\" data-e-type=\"container\">\n\t\t\t\t\t<div class=\"e-con-inner\">\n\t\t\t\t<div class=\"elementor-element elementor-element-795c439 elementor-widget elementor-widget-heading\" data-id=\"795c439\" data-element_type=\"widget\" data-e-type=\"widget\" data-widget_type=\"heading.default\">\n\t\t\t\t\t<h3 class=\"elementor-heading-title elementor-size-default\">El legado latino en USA<\/h3>\t\t\t\t<\/div>\n\t\t\t\t\t<\/div>\n\t\t\t\t<\/div>\n\t\t<div data-particle_enable=\"false\" data-particle-mobile-disabled=\"false\" class=\"elementor-element elementor-element-a6f1d78 e-flex e-con-boxed e-con e-parent\" data-id=\"a6f1d78\" data-element_type=\"container\" data-e-type=\"container\">\n\t\t\t\t\t<div class=\"e-con-inner\">\n\t\t\t\t<div class=\"elementor-element elementor-element-6bb0d9a elementor-grid-eael-col-3 elementor-grid-tablet-eael-col-2 elementor-grid-mobile-eael-col-1 elementor-widget elementor-widget-eael-post-grid\" data-id=\"6bb0d9a\" data-element_type=\"widget\" data-e-type=\"widget\" data-settings=\"{&quot;eael_post_grid_columns&quot;:&quot;eael-col-3&quot;,&quot;eael_post_grid_columns_tablet&quot;:&quot;eael-col-2&quot;,&quot;eael_post_grid_columns_mobile&quot;:&quot;eael-col-1&quot;}\" data-widget_type=\"eael-post-grid.default\">\n\t\t\t\t\t<div id=\"eael-post-grid-6bb0d9a\" class=\"eael-post-grid-container\">\n            <div class=\"eael-post-grid eael-post-appender eael-post-appender-6bb0d9a eael-post-grid-style-one\" data-layout-mode=\"masonry\"><article class=\"eael-grid-post  eael-post-grid-column eael-pg-post-9776 category-exitos\" data-id=\"9776\">\n        <div class=\"eael-grid-post-holder\">\n            <div class=\"eael-grid-post-holder-inner\"><div class=\"eael-entry-media\"><div class=\"eael-entry-overlay fade-in\"><i class=\"far fa-hand-pointer\" aria-hidden=\"true\"><\/i><a href=\"https:\/\/soymigrante.com\/revista\/esvin-gomez-retalteco-migrante-impulsa-el-movimiento-tps-en-california\/\"><\/a><\/div><div class=\"eael-entry-thumbnail \">\n                <img loading=\"lazy\" decoding=\"async\" width=\"1024\" height=\"1024\" src=\"https:\/\/soymigrante.com\/revista\/wp-content\/uploads\/2024\/09\/Esvin-Gomez-defiende-el-TPS-en-USA3-e1727724241599-1024x1024.webp\" class=\"attachment-large size-large wp-image-9830\" alt=\"Turista en un centro comercial de EE.UU., sostiene una hoja con el logotipo de TPS, en un entorno urbano con decoraciones de Halloween y figura de Mickey Mouse disfrazada.\" srcset=\"https:\/\/soymigrante.com\/revista\/wp-content\/uploads\/2024\/09\/Esvin-Gomez-defiende-el-TPS-en-USA3-e1727724241599-1024x1024.webp 1024w, https:\/\/soymigrante.com\/revista\/wp-content\/uploads\/2024\/09\/Esvin-Gomez-defiende-el-TPS-en-USA3-e1727724241599-300x300.webp 300w, https:\/\/soymigrante.com\/revista\/wp-content\/uploads\/2024\/09\/Esvin-Gomez-defiende-el-TPS-en-USA3-e1727724241599-150x150.webp 150w, https:\/\/soymigrante.com\/revista\/wp-content\/uploads\/2024\/09\/Esvin-Gomez-defiende-el-TPS-en-USA3-e1727724241599-768x768.webp 768w, https:\/\/soymigrante.com\/revista\/wp-content\/uploads\/2024\/09\/Esvin-Gomez-defiende-el-TPS-en-USA3-e1727724241599-75x75.webp 75w, https:\/\/soymigrante.com\/revista\/wp-content\/uploads\/2024\/09\/Esvin-Gomez-defiende-el-TPS-en-USA3-e1727724241599-750x750.webp 750w, https:\/\/soymigrante.com\/revista\/wp-content\/uploads\/2024\/09\/Esvin-Gomez-defiende-el-TPS-en-USA3-e1727724241599-1140x1140.webp 1140w, https:\/\/soymigrante.com\/revista\/wp-content\/uploads\/2024\/09\/Esvin-Gomez-defiende-el-TPS-en-USA3-e1727724241599.webp 1440w\" sizes=\"(max-width: 1024px) 100vw, 1024px\" \/>\n            <\/div>\n        <\/div><div class=\"eael-entry-wrapper\"><header class=\"eael-entry-header\"><h2 class=\"eael-entry-title\"><a class=\"eael-grid-post-link\" href=\"https:\/\/soymigrante.com\/revista\/esvin-gomez-retalteco-migrante-impulsa-el-movimiento-tps-en-california\/\" title=\"&#8220;Lo vamos a lograr&#8221;: Esvin G\u00f3mez, migrante retalteco apoya el movimiento TPS en California\">&#8220;Lo vamos a lograr&#8221;: Esvin G\u00f3mez, migrante retalteco apoya el movimiento TPS en California<\/a><\/h2><\/header><div class=\"eael-entry-content\">\n                        <div class=\"eael-grid-post-excerpt\"><a href=\"https:\/\/soymigrante.com\/revista\/esvin-gomez-retalteco-migrante-impulsa-el-movimiento-tps-en-california\/\" class=\"eael-post-elements-readmore-btn\">CONOCE SU HISTORIA <\/a><\/div>\n                    <\/div><\/div><\/div>\n        <\/div>\n    <\/article><article class=\"eael-grid-post  eael-post-grid-column eael-pg-post-7208 category-estamos-unidos\" data-id=\"7208\">\n        <div class=\"eael-grid-post-holder\">\n            <div class=\"eael-grid-post-holder-inner\"><div class=\"eael-entry-media\"><div class=\"eael-entry-overlay fade-in\"><i class=\"far fa-hand-pointer\" aria-hidden=\"true\"><\/i><a href=\"https:\/\/soymigrante.com\/revista\/tps-guatemalteco-avanza-campana-con-mas-firmas-apoyos-y-esperanzas\/\"><\/a><\/div><div class=\"eael-entry-thumbnail \">\n                <img loading=\"lazy\" decoding=\"async\" width=\"1024\" height=\"1024\" src=\"https:\/\/soymigrante.com\/revista\/wp-content\/uploads\/2024\/06\/fdererererer-1024x1024.webp\" class=\"attachment-large size-large wp-image-7209\" alt=\"Acto de protesta en Washington D.C. por migrantes guatemaltecos, resaltando la lucha por derechos y justicia social, con fondo del Capitolio.\" srcset=\"https:\/\/soymigrante.com\/revista\/wp-content\/uploads\/2024\/06\/fdererererer-1024x1024.webp 1024w, https:\/\/soymigrante.com\/revista\/wp-content\/uploads\/2024\/06\/fdererererer-300x300.webp 300w, https:\/\/soymigrante.com\/revista\/wp-content\/uploads\/2024\/06\/fdererererer-150x150.webp 150w, https:\/\/soymigrante.com\/revista\/wp-content\/uploads\/2024\/06\/fdererererer-768x768.webp 768w, https:\/\/soymigrante.com\/revista\/wp-content\/uploads\/2024\/06\/fdererererer-75x75.webp 75w, https:\/\/soymigrante.com\/revista\/wp-content\/uploads\/2024\/06\/fdererererer-750x750.webp 750w, https:\/\/soymigrante.com\/revista\/wp-content\/uploads\/2024\/06\/fdererererer-1140x1140.jpg 1140w, https:\/\/soymigrante.com\/revista\/wp-content\/uploads\/2024\/06\/fdererererer.webp 1511w\" sizes=\"(max-width: 1024px) 100vw, 1024px\" \/>\n            <\/div>\n        <\/div><div class=\"eael-entry-wrapper\"><header class=\"eael-entry-header\"><h2 class=\"eael-entry-title\"><a class=\"eael-grid-post-link\" href=\"https:\/\/soymigrante.com\/revista\/tps-guatemalteco-avanza-campana-con-mas-firmas-apoyos-y-esperanzas\/\" title=\"TPS Guatemalteco: Avanza campa\u00f1a con m\u00e1s firmas, apoyos y esperanzas\">TPS Guatemalteco: Avanza campa\u00f1a con m\u00e1s firmas, apoyos y esperanzas<\/a><\/h2><\/header><div class=\"eael-entry-content\">\n                        <div class=\"eael-grid-post-excerpt\"><a href=\"https:\/\/soymigrante.com\/revista\/tps-guatemalteco-avanza-campana-con-mas-firmas-apoyos-y-esperanzas\/\" class=\"eael-post-elements-readmore-btn\">CONOCE SU HISTORIA <\/a><\/div>\n                    <\/div><\/div><\/div>\n        <\/div>\n    <\/article><article class=\"eael-grid-post  eael-post-grid-column eael-pg-post-2485 category-estamos-unidos tags-remesas-migrantes\" data-id=\"2485\">\n        <div class=\"eael-grid-post-holder\">\n            <div class=\"eael-grid-post-holder-inner\"><div class=\"eael-entry-media\"><div class=\"eael-entry-overlay fade-in\"><i class=\"far fa-hand-pointer\" aria-hidden=\"true\"><\/i><a href=\"https:\/\/soymigrante.com\/revista\/remesas-de-migrantes-guatemaltecos-desde-estados-unidos-superan-los-us13-mil-millones-en-ocho-meses\/\"><\/a><\/div><div class=\"eael-entry-thumbnail \">\n                <img loading=\"lazy\" decoding=\"async\" width=\"1024\" height=\"747\" src=\"https:\/\/soymigrante.com\/revista\/wp-content\/uploads\/2023\/09\/remesaschapinas-1024x747.webp\" class=\"attachment-large size-large wp-image-2488\" alt=\"\" srcset=\"https:\/\/soymigrante.com\/revista\/wp-content\/uploads\/2023\/09\/remesaschapinas-1024x747.webp 1024w, https:\/\/soymigrante.com\/revista\/wp-content\/uploads\/2023\/09\/remesaschapinas-300x219.webp 300w, https:\/\/soymigrante.com\/revista\/wp-content\/uploads\/2023\/09\/remesaschapinas-768x560.webp 768w, https:\/\/soymigrante.com\/revista\/wp-content\/uploads\/2023\/09\/remesaschapinas-750x547.webp 750w, https:\/\/soymigrante.com\/revista\/wp-content\/uploads\/2023\/09\/remesaschapinas-1140x831.webp 1140w, https:\/\/soymigrante.com\/revista\/wp-content\/uploads\/2023\/09\/remesaschapinas.webp 1222w\" sizes=\"(max-width: 1024px) 100vw, 1024px\" \/>\n            <\/div>\n        <\/div><div class=\"eael-entry-wrapper\"><header class=\"eael-entry-header\"><h2 class=\"eael-entry-title\"><a class=\"eael-grid-post-link\" href=\"https:\/\/soymigrante.com\/revista\/remesas-de-migrantes-guatemaltecos-desde-estados-unidos-superan-los-us13-mil-millones-en-ocho-meses\/\" title=\"Remesas de migrantes guatemaltecos desde Estados Unidos superan los US$13 mil millones en ocho meses\">Remesas de migrantes guatemaltecos desde Estados Unidos superan los US$13 mil millones en ocho meses<\/a><\/h2><\/header><div class=\"eael-entry-content\">\n                        <div class=\"eael-grid-post-excerpt\"><a href=\"https:\/\/soymigrante.com\/revista\/remesas-de-migrantes-guatemaltecos-desde-estados-unidos-superan-los-us13-mil-millones-en-ocho-meses\/\" class=\"eael-post-elements-readmore-btn\">CONOCE SU HISTORIA <\/a><\/div>\n                    <\/div><\/div><\/div>\n        <\/div>\n    <\/article><\/div>\n            <div class=\"clearfix\"><\/div>\n        <\/div>\t\t\t\t<\/div>\n\t\t\t\t\t<\/div>\n\t\t\t\t<\/div>\n\t\t\t\t<\/div>\n\t\t","protected":false},"excerpt":{"rendered":"<p>Foro Latinoamericano de Remesas analiza datos de la Oficina del Censo de EE.UU, seg\u00fan los cuales Guatemala duplic\u00f3 su fuerza laboral en este pa\u00eds entre 2012 y 2024. Conoce las cifras y porcentajes que dan un panorama de la participaci\u00f3n del talento guatemalteco migrante. Los migrantes latinoamericanos han tenido una fuerte participaci\u00f3n y creciente importancia [&hellip;]<\/p>\n","protected":false},"author":23,"featured_media":10609,"comment_status":"open","ping_status":"open","sticky":false,"template":"","format":"standard","meta":{"_acf_changed":false,"_eb_attr":"","footnotes":""},"categories":[54],"tags":[],"class_list":["post-10600","post","type-post","status-publish","format-standard","has-post-thumbnail","hentry","category-estamos-unidos"],"acf":[],"aioseo_notices":[],"aioseo_head":"\n\t\t<!-- All in One SEO Pro 4.9.6.2 - aioseo.com -->\n\t<meta name=\"description\" content=\"Los migrantes guatemaltecos en Estados Unidos contin\u00faan apuntalando la econom\u00eda nacional a trav\u00e9s del env\u00edo de recursos a sus familiares Con US$1773.4 millones enviados a Guatemala durante el mes de agosto, los migrantes guatemaltecos en Estados Unidos reiteran de manera espont\u00e1nea, masiva y consistente, su compromiso de apoyo a sus familiares en el pa\u00eds, porque El Banco de Guatemala anunci\u00f3 que durante agosto de 2023 ingresaron al pa\u00eds remesas por US$1,773.4 millones, superior a los US$1642 millones del mismo mes de 2022.\" \/>\n\t<meta name=\"robots\" content=\"max-snippet:-1, max-image-preview:large, max-video-preview:-1\" \/>\n\t<meta name=\"author\" content=\"Gustavo Montenegro\"\/>\n\t<link rel=\"canonical\" href=\"https:\/\/soymigrante.com\/revista\/remesas-de-migrantes-guatemaltecos-desde-estados-unidos-superan-los-us13-mil-millones-en-ocho-meses\/\" \/>\n\t<meta name=\"generator\" content=\"All in One SEO Pro (AIOSEO) 4.9.6.2\" \/>\n\n\t\t<link rel=\"preconnect\" href=\"https:\/\/fonts.googleapis.com\" crossorigin>\n<link rel=\"preconnect\" href=\"https:\/\/fonts.gstatic.com\" crossorigin>\n\t\t<meta property=\"og:locale\" content=\"es_ES\" \/>\n\t\t<meta property=\"og:site_name\" content=\"SoyMigrante.com REVISTA \u2013 Nuestra misi\u00f3n es reconocer y dignificar al migrante.\" \/>\n\t\t<meta property=\"og:type\" content=\"article\" \/>\n\t\t<meta property=\"og:title\" content=\"Remesas de migrantes guatemaltecos desde Estados Unidos superan los US$13 mil millones en ocho meses\" \/>\n\t\t<meta property=\"og:description\" content=\"Los migrantes guatemaltecos en Estados Unidos contin\u00faan apuntalando la econom\u00eda nacional a trav\u00e9s del env\u00edo de recursos a sus familiares Con US$1773.4 millones enviados a Guatemala durante el mes de agosto, los migrantes guatemaltecos en Estados Unidos reiteran de manera espont\u00e1nea, masiva y consistente, su compromiso de apoyo a sus familiares en el pa\u00eds, porque El Banco de Guatemala anunci\u00f3 que durante agosto de 2023 ingresaron al pa\u00eds remesas por US$1,773.4 millones, superior a los US$1642 millones del mismo mes de 2022.\" \/>\n\t\t<meta property=\"og:url\" content=\"https:\/\/soymigrante.com\/revista\/remesas-de-migrantes-guatemaltecos-desde-estados-unidos-superan-los-us13-mil-millones-en-ocho-meses\/\" \/>\n\t\t<meta property=\"og:image\" content=\"https:\/\/soymigrante.com\/revista\/wp-content\/uploads\/2023\/09\/remesaschapinas.webp\" \/>\n\t\t<meta property=\"og:image:secure_url\" content=\"https:\/\/soymigrante.com\/revista\/wp-content\/uploads\/2023\/09\/remesaschapinas.webp\" \/>\n\t\t<meta property=\"og:image:width\" content=\"1222\" \/>\n\t\t<meta property=\"og:image:height\" content=\"891\" \/>\n\t\t<meta property=\"article:published_time\" content=\"2023-09-07T00:32:17+00:00\" \/>\n\t\t<meta property=\"article:modified_time\" content=\"2024-07-30T20:02:44+00:00\" \/>\n\t\t<meta property=\"article:publisher\" content=\"https:\/\/www.facebook.com\/soymigrantecom\" \/>\n\t\t<meta name=\"twitter:card\" content=\"summary_large_image\" \/>\n\t\t<meta name=\"twitter:site\" content=\"@SoyMigrante_com\" \/>\n\t\t<meta name=\"twitter:title\" content=\"Remesas de migrantes guatemaltecos desde Estados Unidos superan los US$13 mil millones en ocho meses\" \/>\n\t\t<meta name=\"twitter:description\" content=\"Los migrantes guatemaltecos en Estados Unidos contin\u00faan apuntalando la econom\u00eda nacional a trav\u00e9s del env\u00edo de recursos a sus familiares Con US$1773.4 millones enviados a Guatemala durante el mes de agosto, los migrantes guatemaltecos en Estados Unidos reiteran de manera espont\u00e1nea, masiva y consistente, su compromiso de apoyo a sus familiares en el pa\u00eds, porque El Banco de Guatemala anunci\u00f3 que durante agosto de 2023 ingresaron al pa\u00eds remesas por US$1,773.4 millones, superior a los US$1642 millones del mismo mes de 2022.\" \/>\n\t\t<meta name=\"twitter:creator\" content=\"@SoyMigrante_com\" \/>\n\t\t<meta name=\"twitter:image\" content=\"https:\/\/soymigrante.com\/revista\/wp-content\/uploads\/2023\/09\/remesaschapinas.webp\" \/>\n\t\t<!-- All in One SEO Pro -->\r\n\t\t<title>Remesas de migrantes guatemaltecos desde Estados Unidos superan los US$13 mil millones en ocho meses<\/title>\n\n","aioseo_head_json":{"title":"Remesas de migrantes guatemaltecos desde Estados Unidos superan los US$13 mil millones en ocho meses","description":"Los migrantes guatemaltecos en Estados Unidos contin\u00faan apuntalando la econom\u00eda nacional a trav\u00e9s del env\u00edo de recursos a sus familiares Con US$1773.4 millones enviados a Guatemala durante el mes de agosto, los migrantes guatemaltecos en Estados Unidos reiteran de manera espont\u00e1nea, masiva y consistente, su compromiso de apoyo a sus familiares en el pa\u00eds, porque El Banco de Guatemala anunci\u00f3 que durante agosto de 2023 ingresaron al pa\u00eds remesas por US$1,773.4 millones, superior a los US$1642 millones del mismo mes de 2022.","canonical_url":"https:\/\/soymigrante.com\/revista\/remesas-de-migrantes-guatemaltecos-desde-estados-unidos-superan-los-us13-mil-millones-en-ocho-meses\/","robots":"max-snippet:-1, max-image-preview:large, max-video-preview:-1","keywords":"","webmasterTools":{"miscellaneous":"&lt;link rel=\"preconnect\" href=\"https:\/\/fonts.googleapis.com\" crossorigin&gt;\n&lt;link rel=\"preconnect\" href=\"https:\/\/fonts.gstatic.com\" crossorigin&gt;"},"schema":null,"og:locale":"es_ES","og:site_name":"SoyMigrante.com REVISTA \u2013 Nuestra misi\u00f3n es reconocer y dignificar al migrante.","og:type":"article","og:title":"Remesas de migrantes guatemaltecos desde Estados Unidos superan los US$13 mil millones en ocho meses","og:description":"Los migrantes guatemaltecos en Estados Unidos contin\u00faan apuntalando la econom\u00eda nacional a trav\u00e9s del env\u00edo de recursos a sus familiares Con US$1773.4 millones enviados a Guatemala durante el mes de agosto, los migrantes guatemaltecos en Estados Unidos reiteran de manera espont\u00e1nea, masiva y consistente, su compromiso de apoyo a sus familiares en el pa\u00eds, porque El Banco de Guatemala anunci\u00f3 que durante agosto de 2023 ingresaron al pa\u00eds remesas por US$1,773.4 millones, superior a los US$1642 millones del mismo mes de 2022.","og:url":"https:\/\/soymigrante.com\/revista\/remesas-de-migrantes-guatemaltecos-desde-estados-unidos-superan-los-us13-mil-millones-en-ocho-meses\/","og:image":"https:\/\/soymigrante.com\/revista\/wp-content\/uploads\/2023\/09\/remesaschapinas.webp","og:image:secure_url":"https:\/\/soymigrante.com\/revista\/wp-content\/uploads\/2023\/09\/remesaschapinas.webp","og:image:width":1222,"og:image:height":891,"article:published_time":"2023-09-07T00:32:17+00:00","article:modified_time":"2024-07-30T20:02:44+00:00","article:publisher":"https:\/\/www.facebook.com\/soymigrantecom","twitter:card":"summary_large_image","twitter:site":"@SoyMigrante_com","twitter:title":"Remesas de migrantes guatemaltecos desde Estados Unidos superan los US$13 mil millones en ocho meses","twitter:description":"Los migrantes guatemaltecos en Estados Unidos contin\u00faan apuntalando la econom\u00eda nacional a trav\u00e9s del env\u00edo de recursos a sus familiares Con US$1773.4 millones enviados a Guatemala durante el mes de agosto, los migrantes guatemaltecos en Estados Unidos reiteran de manera espont\u00e1nea, masiva y consistente, su compromiso de apoyo a sus familiares en el pa\u00eds, porque El Banco de Guatemala anunci\u00f3 que durante agosto de 2023 ingresaron al pa\u00eds remesas por US$1,773.4 millones, superior a los US$1642 millones del mismo mes de 2022.","twitter:creator":"@SoyMigrante_com","twitter:image":"https:\/\/soymigrante.com\/revista\/wp-content\/uploads\/2023\/09\/remesaschapinas.webp"},"aioseo_meta_data":{"post_id":"10600","title":"Guatemaltecos son 6% de fuerza laboral migrante en USA","description":"Entre 2012 y 2024 se ha duplicado la cifra de migrantes guatemaltecos trabajando en EE.UU. Conoce otras cifras de este informe basado en datos de US Census.","keywords":null,"keyphrases":{"focus":{"keyphrase":"Guatemaltecos","score":82,"analysis":{"keyphraseInTitle":{"score":9,"maxScore":9,"error":0},"keyphraseInDescription":{"score":9,"maxScore":9,"error":0},"keyphraseLength":{"score":9,"maxScore":9,"error":0,"length":1},"keyphraseInURL":{"score":5,"maxScore":5,"error":0},"keyphraseInIntroduction":{"score":9,"maxScore":9,"error":0},"keyphraseInSubHeadings":{"score":3,"maxScore":9,"error":1},"keyphraseInImageAlt":{"score":3,"maxScore":9,"error":1},"keywordDensity":{"type":"best","score":9,"maxScore":9,"error":0}}},"additional":[{"keyphrase":"migrante","score":87,"analysis":{"keyphraseInDescription":{"score":3,"maxScore":9,"error":1},"keyphraseLength":{"score":9,"maxScore":9,"error":0,"length":1},"keyphraseInIntroduction":{"score":9,"maxScore":9,"error":0},"keyphraseInImageAlt":{"score":9,"maxScore":9,"error":0},"keywordDensity":{"type":"best","score":9,"maxScore":9,"error":0}}},{"keyphrase":"migrantes","score":100,"analysis":{"keyphraseInDescription":{"score":9,"maxScore":9,"error":0},"keyphraseLength":{"score":9,"maxScore":9,"error":0,"length":1},"keyphraseInIntroduction":{"score":9,"maxScore":9,"error":0},"keyphraseInImageAlt":{"score":9,"maxScore":9,"error":0},"keywordDensity":{"type":"best","score":9,"maxScore":9,"error":0}}},{"keyphrase":"latinos","score":40,"analysis":{"keyphraseInDescription":{"score":3,"maxScore":9,"error":1},"keyphraseLength":{"score":9,"maxScore":9,"error":0,"length":1},"keyphraseInIntroduction":{"score":3,"maxScore":9,"error":1},"keyphraseInImageAlt":{"score":3,"maxScore":9,"error":1},"keywordDensity":{"score":0,"type":"low","maxScore":9,"error":1}}},{"keyphrase":"soy migrante","score":40,"analysis":{"keyphraseInDescription":{"score":3,"maxScore":9,"error":1},"keyphraseLength":{"score":9,"maxScore":9,"error":0,"length":2},"keyphraseInIntroduction":{"score":3,"maxScore":9,"error":1},"keyphraseInImageAlt":{"score":3,"maxScore":9,"error":1},"keywordDensity":{"score":0,"type":"low","maxScore":9,"error":1}}}]},"primary_term":null,"canonical_url":null,"og_title":null,"og_description":null,"og_object_type":"default","og_image_type":"default","og_image_url":null,"og_image_width":null,"og_image_height":null,"og_image_custom_url":null,"og_image_custom_fields":null,"og_video":"","og_custom_url":null,"og_article_section":null,"og_article_tags":null,"twitter_use_og":false,"twitter_card":"default","twitter_image_type":"default","twitter_image_url":null,"twitter_image_custom_url":null,"twitter_image_custom_fields":null,"twitter_title":null,"twitter_description":null,"schema":{"blockGraphs":[],"customGraphs":[],"default":{"data":{"Article":[],"Course":[],"Dataset":[],"FAQPage":[],"Movie":[],"Person":[],"Product":[],"ProductReview":[],"Car":[],"Recipe":[],"Service":[],"SoftwareApplication":[],"WebPage":[]},"graphName":"Article","isEnabled":true},"graphs":[]},"schema_type":"default","schema_type_options":null,"pillar_content":false,"robots_default":true,"robots_noindex":false,"robots_noarchive":false,"robots_nosnippet":false,"robots_nofollow":false,"robots_noimageindex":false,"robots_noodp":false,"robots_notranslate":false,"robots_max_snippet":"-1","robots_max_videopreview":"-1","robots_max_imagepreview":"large","priority":null,"frequency":"default","local_seo":null,"seo_analyzer_scan_date":"2025-10-08 23:48:06","breadcrumb_settings":null,"limit_modified_date":false,"reviewed_by":null,"open_ai":"{\"title\":{\"suggestions\":[],\"usage\":0},\"description\":{\"suggestions\":[],\"usage\":0}}","ai":null,"created":"2024-10-22 14:12:16","updated":"2026-02-04 15:11:34"},"aioseo_breadcrumb":"<div class=\"aioseo-breadcrumbs\"><span class=\"aioseo-breadcrumb\">\n\t<a href=\"https:\/\/soymigrante.com\/revista\" title=\"Home\">Home<\/a>\n<\/span><span class=\"aioseo-breadcrumb-separator\">\u00bb<\/span><span class=\"aioseo-breadcrumb\">\n\t<a href=\"https:\/\/soymigrante.com\/revista\/category\/estamos-unidos\/\" title=\"Estamos Unidos\">Estamos Unidos<\/a>\n<\/span><span class=\"aioseo-breadcrumb-separator\">\u00bb<\/span><span class=\"aioseo-breadcrumb\">\n\tGuatemaltecos son el 6% de la fuerza laboral migrante hispana en EE.UU.\n<\/span><\/div>","aioseo_breadcrumb_json":[{"label":"Home","link":"https:\/\/soymigrante.com\/revista"},{"label":"Estamos Unidos","link":"https:\/\/soymigrante.com\/revista\/category\/estamos-unidos\/"},{"label":"Guatemaltecos son el 6% de la fuerza laboral migrante hispana en EE.UU.","link":"https:\/\/soymigrante.com\/revista\/guatemaltecos-son-el-6-de-la-fuerza-laboral-migrante-hispana-en-ee-uu\/"}],"_links":{"self":[{"href":"https:\/\/soymigrante.com\/revista\/wp-json\/wp\/v2\/posts\/10600","targetHints":{"allow":["GET"]}}],"collection":[{"href":"https:\/\/soymigrante.com\/revista\/wp-json\/wp\/v2\/posts"}],"about":[{"href":"https:\/\/soymigrante.com\/revista\/wp-json\/wp\/v2\/types\/post"}],"author":[{"embeddable":true,"href":"https:\/\/soymigrante.com\/revista\/wp-json\/wp\/v2\/users\/23"}],"replies":[{"embeddable":true,"href":"https:\/\/soymigrante.com\/revista\/wp-json\/wp\/v2\/comments?post=10600"}],"version-history":[{"count":0,"href":"https:\/\/soymigrante.com\/revista\/wp-json\/wp\/v2\/posts\/10600\/revisions"}],"wp:featuredmedia":[{"embeddable":true,"href":"https:\/\/soymigrante.com\/revista\/wp-json\/wp\/v2\/media\/10609"}],"wp:attachment":[{"href":"https:\/\/soymigrante.com\/revista\/wp-json\/wp\/v2\/media?parent=10600"}],"wp:term":[{"taxonomy":"category","embeddable":true,"href":"https:\/\/soymigrante.com\/revista\/wp-json\/wp\/v2\/categories?post=10600"},{"taxonomy":"post_tag","embeddable":true,"href":"https:\/\/soymigrante.com\/revista\/wp-json\/wp\/v2\/tags?post=10600"}],"curies":[{"name":"wp","href":"https:\/\/api.w.org\/{rel}","templated":true}]}}