{"id":10598,"date":"2024-10-22T08:00:00","date_gmt":"2024-10-22T14:00:00","guid":{"rendered":"https:\/\/soymigrante.com\/revista\/?p=10598"},"modified":"2024-10-22T12:51:37","modified_gmt":"2024-10-22T18:51:37","slug":"siete-canciones-dedicadas-a-guatemala-que-alegran-emocionan-y-unen","status":"publish","type":"post","link":"https:\/\/soymigrante.com\/revista\/siete-canciones-dedicadas-a-guatemala-que-alegran-emocionan-y-unen\/","title":{"rendered":"Siete canciones dedicadas a Guatemala que alegran, emocionan y unen"},"content":{"rendered":"\t\t<div data-elementor-type=\"wp-post\" data-elementor-id=\"10598\" class=\"elementor elementor-10598\" data-elementor-post-type=\"post\">\n\t\t\t\t<div data-particle_enable=\"false\" data-particle-mobile-disabled=\"false\" class=\"elementor-element elementor-element-1be6e2e e-flex e-con-boxed e-con e-parent\" data-id=\"1be6e2e\" data-element_type=\"container\" data-e-type=\"container\">\n\t\t\t\t\t<div class=\"e-con-inner\">\n\t\t\t\t<div class=\"elementor-element elementor-element-bb57d4b elementor-widget elementor-widget-heading\" data-id=\"bb57d4b\" data-element_type=\"widget\" data-e-type=\"widget\" data-widget_type=\"heading.default\">\n\t\t\t\t\t<h2 class=\"elementor-heading-title elementor-size-default\">El Himno Nacional de Guatemala es el canto patrio por excelencia y Luna de Xelaj\u00fa es considerada como el segundo himno nacional sin duda alguna. Pero existen otras canciones que tocan la tecla del amor a la Tierra del Quetzal. \u00bfCu\u00e1les has escuchado?<\/h2>\t\t\t\t<\/div>\n\t\t\t\t\t<\/div>\n\t\t\t\t<\/div>\n\t\t<div data-particle_enable=\"false\" data-particle-mobile-disabled=\"false\" class=\"elementor-element elementor-element-ec2ab1d e-flex e-con-boxed e-con e-parent\" data-id=\"ec2ab1d\" data-element_type=\"container\" data-e-type=\"container\">\n\t\t\t\t\t<div class=\"e-con-inner\">\n\t\t\t\t<div class=\"elementor-element elementor-element-8029aba elementor-widget elementor-widget-text-editor\" data-id=\"8029aba\" data-element_type=\"widget\" data-e-type=\"widget\" data-widget_type=\"text-editor.default\">\n\t\t\t\t\t\t\t\t\t<p>En cada pa\u00eds hay canciones populares y composiciones que elogian a la patria. Guatemala no es la excepci\u00f3n. Existen varios temas que, cantados por solista o en integraciones corales, tienen esas frases, estrofas y melod\u00eda que tocan el coraz\u00f3n del chap\u00edn.<\/p><p>Esta es una breve s\u00edntesis de esas canciones a guatemala y a los guatemaltecos, interpretadas por artistas nacionales con toda el alma. \u00bfCu\u00e1l es tu favorita?\u00a0<\/p>\t\t\t\t\t\t\t\t<\/div>\n\t\t\t\t\t<\/div>\n\t\t\t\t<\/div>\n\t\t<div data-particle_enable=\"false\" data-particle-mobile-disabled=\"false\" class=\"elementor-element elementor-element-ec47fe4 e-flex e-con-boxed e-con e-parent\" data-id=\"ec47fe4\" data-element_type=\"container\" data-e-type=\"container\">\n\t\t\t\t\t<div class=\"e-con-inner\">\n\t\t\t\t<div class=\"elementor-element elementor-element-3067df2 elementor-widget elementor-widget-heading\" data-id=\"3067df2\" data-element_type=\"widget\" data-e-type=\"widget\" data-widget_type=\"heading.default\">\n\t\t\t\t\t<h3 class=\"elementor-heading-title elementor-size-default\">Orgulloso de ser chap\u00edn (2010)<\/h3>\t\t\t\t<\/div>\n\t\t\t\t\t<\/div>\n\t\t\t\t<\/div>\n\t\t<div data-particle_enable=\"false\" data-particle-mobile-disabled=\"false\" class=\"elementor-element elementor-element-45226a7 e-flex e-con-boxed e-con e-parent\" data-id=\"45226a7\" data-element_type=\"container\" data-e-type=\"container\">\n\t\t\t\t\t<div class=\"e-con-inner\">\n\t\t\t\t<div class=\"elementor-element elementor-element-3e47c26 elementor-widget elementor-widget-text-editor\" data-id=\"3e47c26\" data-element_type=\"widget\" data-e-type=\"widget\" data-widget_type=\"text-editor.default\">\n\t\t\t\t\t\t\t\t\t<p>Se trata de una composici\u00f3n del locutor y cantante Nelson Leal, que tambi\u00e9n propici\u00f3 la producci\u00f3n de esta grabaci\u00f3n en audio y video. La motivaci\u00f3n fue crear un canto patrio para las fiestas de Independencia del a\u00f1o 2010.<\/p><p>Participan m\u00e1s de 30 artistas guatemaltecos, algunos de los cuales ya fallecieron. Otros ya no siguieron en el \u00e1mbito musical y otros s\u00ed. No obstante, aquella fusi\u00f3n de tesituras, estilos y ritmos se convirti\u00f3 en motivo de emoci\u00f3n cuando se lanz\u00f3 este tema.<\/p><p>Frases como las siguientes, con las armon\u00edas de interpretaci\u00f3n, arrancaron suspiros.<\/p><p><i>Primavera en el coraz\u00f3n,<br \/>mano amiga en toda ocasi\u00f3n<br \/>La nobleza de un pueblo <br \/>que trabaja con tes\u00f3n<\/i><\/p><p><i>\u00a0<\/i><\/p><p><i>Eres un guatemalteco trabajador, <br \/>eres un guatemalteco triunfador<br \/>La Marimba, los Tamales, Los Paisajes, tus ideales<br \/>Firme hasta el fin Orgulloso de Ser Chap\u00edn\u2026<\/i><\/p><p><i>En el video aparecen los nombres de todos los artistas que participaron<\/i><\/p>\t\t\t\t\t\t\t\t<\/div>\n\t\t\t\t\t<\/div>\n\t\t\t\t<\/div>\n\t\t<div data-particle_enable=\"false\" data-particle-mobile-disabled=\"false\" class=\"elementor-element elementor-element-f35c639 e-flex e-con-boxed e-con e-parent\" data-id=\"f35c639\" data-element_type=\"container\" data-e-type=\"container\">\n\t\t\t\t\t<div class=\"e-con-inner\">\n\t\t\t\t<div class=\"elementor-element elementor-element-a1ad2c6 elementor-widget elementor-widget-video\" data-id=\"a1ad2c6\" data-element_type=\"widget\" data-e-type=\"widget\" data-settings=\"{&quot;youtube_url&quot;:&quot;https:\\\/\\\/www.youtube.com\\\/watch?v=uN4yGa1IH9k&quot;,&quot;video_type&quot;:&quot;youtube&quot;,&quot;controls&quot;:&quot;yes&quot;}\" data-widget_type=\"video.default\">\n\t\t\t\t\t\t\t<div class=\"elementor-wrapper elementor-open-inline\">\n\t\t\t<div class=\"elementor-video\"><\/div>\t\t<\/div>\n\t\t\t\t\t\t<\/div>\n\t\t\t\t\t<\/div>\n\t\t\t\t<\/div>\n\t\t<div data-particle_enable=\"false\" data-particle-mobile-disabled=\"false\" class=\"elementor-element elementor-element-5804ef3 e-flex e-con-boxed e-con e-parent\" data-id=\"5804ef3\" data-element_type=\"container\" data-e-type=\"container\">\n\t\t\t\t\t<div class=\"e-con-inner\">\n\t\t\t\t<div class=\"elementor-element elementor-element-cb043de elementor-widget elementor-widget-heading\" data-id=\"cb043de\" data-element_type=\"widget\" data-e-type=\"widget\" data-widget_type=\"heading.default\">\n\t\t\t\t\t<h3 class=\"elementor-heading-title elementor-size-default\">Mi Bella Guatemala (Siglo XIX)<\/h3>\t\t\t\t<\/div>\n\t\t\t\t\t<\/div>\n\t\t\t\t<\/div>\n\t\t<div data-particle_enable=\"false\" data-particle-mobile-disabled=\"false\" class=\"elementor-element elementor-element-fb2c0f1 e-flex e-con-boxed e-con e-parent\" data-id=\"fb2c0f1\" data-element_type=\"container\" data-e-type=\"container\">\n\t\t\t\t\t<div class=\"e-con-inner\">\n\t\t\t\t<div class=\"elementor-element elementor-element-495ae10 elementor-widget elementor-widget-text-editor\" data-id=\"495ae10\" data-element_type=\"widget\" data-e-type=\"widget\" data-widget_type=\"text-editor.default\">\n\t\t\t\t\t\t\t\t\t<p>Esta melod\u00eda fue compuesta, sin letra, por el maestro Germ\u00e1n Alc\u00e1ntara (1863-1910). Fue compositor y director de banda. EStudio en la Escuela de Sustitutos, hoy Escuela Militar de M\u00fasica.\u00a0<\/p><p>En 1892 fue director de la Banda Marcial y en 1906 fue puesto a cargo del Conwservatorio Nacional de M\u00fasica de Guatemala, que hoy lleva su nombre. No se tiene la fecha exacta de la composici\u00f3n de Mi Bella Guatemala, un tema a ritmo de mazurka.\u00a0 Alc\u00e1ntara tambi\u00e9n es creador de otra famosa pieza, La Flor del Caf\u00e9.<\/p><p>Se desconoce la autor\u00eda de la letra del canto Mi Bella Guatemala, que sigue las notas trazadas por Alc\u00e1ntara: una serie de dulces l\u00edneas que exaltan el paisaje, a la gente y a la historia de Guatemala. Ha sido interpretada por muchos artistas.\u00a0<\/p><p>\u00a0<\/p>\t\t\t\t\t\t\t\t<\/div>\n\t\t\t\t\t<\/div>\n\t\t\t\t<\/div>\n\t\t<div data-particle_enable=\"false\" data-particle-mobile-disabled=\"false\" class=\"elementor-element elementor-element-e6be53f e-flex e-con-boxed e-con e-parent\" data-id=\"e6be53f\" data-element_type=\"container\" data-e-type=\"container\">\n\t\t\t\t\t<div class=\"e-con-inner\">\n\t\t\t\t<div class=\"elementor-element elementor-element-4b32a56 elementor-widget elementor-widget-video\" data-id=\"4b32a56\" data-element_type=\"widget\" data-e-type=\"widget\" data-settings=\"{&quot;youtube_url&quot;:&quot;https:\\\/\\\/www.youtube.com\\\/watch?v=xfANo6wIv2o&quot;,&quot;video_type&quot;:&quot;youtube&quot;,&quot;controls&quot;:&quot;yes&quot;}\" data-widget_type=\"video.default\">\n\t\t\t\t\t\t\t<div class=\"elementor-wrapper elementor-open-inline\">\n\t\t\t<div class=\"elementor-video\"><\/div>\t\t<\/div>\n\t\t\t\t\t\t<\/div>\n\t\t\t\t\t<\/div>\n\t\t\t\t<\/div>\n\t\t<div data-particle_enable=\"false\" data-particle-mobile-disabled=\"false\" class=\"elementor-element elementor-element-4e51b72 e-flex e-con-boxed e-con e-parent\" data-id=\"4e51b72\" data-element_type=\"container\" data-e-type=\"container\">\n\t\t\t\t\t<div class=\"e-con-inner\">\n\t\t\t\t<div class=\"elementor-element elementor-element-e4b8ba7 elementor-widget elementor-widget-heading\" data-id=\"e4b8ba7\" data-element_type=\"widget\" data-e-type=\"widget\" data-widget_type=\"heading.default\">\n\t\t\t\t\t<h3 class=\"elementor-heading-title elementor-size-default\">Guatemala (Leo Dan 1990)<\/h3>\t\t\t\t<\/div>\n\t\t\t\t\t<\/div>\n\t\t\t\t<\/div>\n\t\t<div data-particle_enable=\"false\" data-particle-mobile-disabled=\"false\" class=\"elementor-element elementor-element-d139b0d e-flex e-con-boxed e-con e-parent\" data-id=\"d139b0d\" data-element_type=\"container\" data-e-type=\"container\">\n\t\t\t\t\t<div class=\"e-con-inner\">\n\t\t\t\t<div class=\"elementor-element elementor-element-fb7d68e elementor-widget elementor-widget-text-editor\" data-id=\"fb7d68e\" data-element_type=\"widget\" data-e-type=\"widget\" data-widget_type=\"text-editor.default\">\n\t\t\t\t\t\t\t\t\t<p>Esta canci\u00f3n fue creada por el compositor y cantante argentino Leo Dan, (1942) incluida en su \u00e1lbum Leo Rap en 1990. El artista conoci\u00f3 el pa\u00eds y qued\u00f3 prendado de su belleza.\u00a0<\/p><p>&#8220;Guatemala me has robado el coraz\u00f3n&#8221; es una frase que manifiesta la admiraci\u00f3n que la Tierra del Quetzal dej\u00f3 en la inspiraci\u00f3n del artista.<\/p>\t\t\t\t\t\t\t\t<\/div>\n\t\t\t\t\t<\/div>\n\t\t\t\t<\/div>\n\t\t<div data-particle_enable=\"false\" data-particle-mobile-disabled=\"false\" class=\"elementor-element elementor-element-329312a e-flex e-con-boxed e-con e-parent\" data-id=\"329312a\" data-element_type=\"container\" data-e-type=\"container\">\n\t\t\t\t\t<div class=\"e-con-inner\">\n\t\t\t\t<div class=\"elementor-element elementor-element-03a8437 elementor-widget elementor-widget-video\" data-id=\"03a8437\" data-element_type=\"widget\" data-e-type=\"widget\" data-settings=\"{&quot;youtube_url&quot;:&quot;https:\\\/\\\/www.youtube.com\\\/watch?v=tFeF_lgzJ-E&quot;,&quot;video_type&quot;:&quot;youtube&quot;,&quot;controls&quot;:&quot;yes&quot;}\" data-widget_type=\"video.default\">\n\t\t\t\t\t\t\t<div class=\"elementor-wrapper elementor-open-inline\">\n\t\t\t<div class=\"elementor-video\"><\/div>\t\t<\/div>\n\t\t\t\t\t\t<\/div>\n\t\t\t\t\t<\/div>\n\t\t\t\t<\/div>\n\t\t<div data-particle_enable=\"false\" data-particle-mobile-disabled=\"false\" class=\"elementor-element elementor-element-47cab8a e-flex e-con-boxed e-con e-parent\" data-id=\"47cab8a\" data-element_type=\"container\" data-e-type=\"container\">\n\t\t\t\t\t<div class=\"e-con-inner\">\n\t\t\t\t<div class=\"elementor-element elementor-element-7f90345 elementor-widget elementor-widget-heading\" data-id=\"7f90345\" data-element_type=\"widget\" data-e-type=\"widget\" data-widget_type=\"heading.default\">\n\t\t\t\t\t<h3 class=\"elementor-heading-title elementor-size-default\">Mi Pa\u00eds, Ricardo Arjona (2010)<\/h3>\t\t\t\t<\/div>\n\t\t\t\t\t<\/div>\n\t\t\t\t<\/div>\n\t\t<div data-particle_enable=\"false\" data-particle-mobile-disabled=\"false\" class=\"elementor-element elementor-element-a6b3ffb e-flex e-con-boxed e-con e-parent\" data-id=\"a6b3ffb\" data-element_type=\"container\" data-e-type=\"container\">\n\t\t\t\t\t<div class=\"e-con-inner\">\n\t\t\t\t<div class=\"elementor-element elementor-element-8fd2175 elementor-widget elementor-widget-text-editor\" data-id=\"8fd2175\" data-element_type=\"widget\" data-e-type=\"widget\" data-widget_type=\"text-editor.default\">\n\t\t\t\t\t\t\t\t\t<p>Este emblem\u00e1tico tema del cantautor guatemalteco Ricardo Arjona fue creado a inicios del a\u00f1o 2000, pero no fue incluido en ning\u00fan \u00e1lbum hasta el a\u00f1o 2010, en que fue grabado con versi\u00f3n ac\u00fastica en el disco Poquita Ropa.<\/p><p>En 2012, con motivo del movimiento Guatemorfosis, con el cual Arjona buscaba impulsar la transformaci\u00f3n del pa\u00eds, se hicieron arreglos especiales para una versi\u00f3n con orquesta\u00a0 y video.\u00a0 La melod\u00eda evoca la partida del artista al extranjero en busca de \u00e9xito, sus memorias de infancia y sus recuerdos m\u00e1s preciados en la tierra natal.<\/p><p>&#8220;Mas que mi patria, mi ra\u00edz; m\u00e1s que el suelo la matriz&#8221;, reza una de las expresivas l\u00edneas.<\/p>\t\t\t\t\t\t\t\t<\/div>\n\t\t\t\t\t<\/div>\n\t\t\t\t<\/div>\n\t\t<div data-particle_enable=\"false\" data-particle-mobile-disabled=\"false\" class=\"elementor-element elementor-element-6eb5975 e-flex e-con-boxed e-con e-parent\" data-id=\"6eb5975\" data-element_type=\"container\" data-e-type=\"container\">\n\t\t\t\t\t<div class=\"e-con-inner\">\n\t\t\t\t<div class=\"elementor-element elementor-element-b43bc92 elementor-widget elementor-widget-video\" data-id=\"b43bc92\" data-element_type=\"widget\" data-e-type=\"widget\" data-settings=\"{&quot;youtube_url&quot;:&quot;https:\\\/\\\/www.youtube.com\\\/watch?v=SEUMFVLFZqI&quot;,&quot;video_type&quot;:&quot;youtube&quot;,&quot;controls&quot;:&quot;yes&quot;}\" data-widget_type=\"video.default\">\n\t\t\t\t\t\t\t<div class=\"elementor-wrapper elementor-open-inline\">\n\t\t\t<div class=\"elementor-video\"><\/div>\t\t<\/div>\n\t\t\t\t\t\t<\/div>\n\t\t\t\t\t<\/div>\n\t\t\t\t<\/div>\n\t\t<div data-particle_enable=\"false\" data-particle-mobile-disabled=\"false\" class=\"elementor-element elementor-element-7431bca e-flex e-con-boxed e-con e-parent\" data-id=\"7431bca\" data-element_type=\"container\" data-e-type=\"container\">\n\t\t\t\t\t<div class=\"e-con-inner\">\n\t\t\t\t<div class=\"elementor-element elementor-element-14270ae elementor-widget elementor-widget-heading\" data-id=\"14270ae\" data-element_type=\"widget\" data-e-type=\"widget\" data-widget_type=\"heading.default\">\n\t\t\t\t\t<h3 class=\"elementor-heading-title elementor-size-default\">Son El Grito (1939)<\/h3>\t\t\t\t<\/div>\n\t\t\t\t\t<\/div>\n\t\t\t\t<\/div>\n\t\t<div data-particle_enable=\"false\" data-particle-mobile-disabled=\"false\" class=\"elementor-element elementor-element-ad5fb0f e-flex e-con-boxed e-con e-parent\" data-id=\"ad5fb0f\" data-element_type=\"container\" data-e-type=\"container\">\n\t\t\t\t\t<div class=\"e-con-inner\">\n\t\t\t\t<div class=\"elementor-element elementor-element-1c533ae elementor-widget elementor-widget-text-editor\" data-id=\"1c533ae\" data-element_type=\"widget\" data-e-type=\"widget\" data-widget_type=\"text-editor.default\">\n\t\t\t\t\t\t\t\t\t<p>Esta es sin duda una de las canciones m\u00e1s emblem\u00e1ticas de los guatemaltecos, sobre todo si est\u00e1n fuera del territorio nacional. Integra un son tradicional, compuesto por el maestro Everardo de Le\u00f3n (1909-1985), con letra del maestro Jos\u00e9 Ernesto Monz\u00f3n, llamado El Cantor del Paisaje.<\/p><p>&#8220;Yo soy puro guatemalteco y me gusta bailar el son, con las notas de mi marimba, tambi\u00e9n baila mi coraz\u00f3n&#8221;, es una de las emblem\u00e1ticas l\u00edneas de esta pieza, interpretada con o sin letra, pero de profundo calado en el coraz\u00f3n guatemalteco.<\/p>\t\t\t\t\t\t\t\t<\/div>\n\t\t\t\t\t<\/div>\n\t\t\t\t<\/div>\n\t\t<div data-particle_enable=\"false\" data-particle-mobile-disabled=\"false\" class=\"elementor-element elementor-element-00145c5 e-flex e-con-boxed e-con e-parent\" data-id=\"00145c5\" data-element_type=\"container\" data-e-type=\"container\">\n\t\t\t\t\t<div class=\"e-con-inner\">\n\t\t\t\t<div class=\"elementor-element elementor-element-ed4df3b elementor-widget elementor-widget-video\" data-id=\"ed4df3b\" data-element_type=\"widget\" data-e-type=\"widget\" data-settings=\"{&quot;youtube_url&quot;:&quot;https:\\\/\\\/www.youtube.com\\\/watch?v=MWvmiys8aho&quot;,&quot;video_type&quot;:&quot;youtube&quot;,&quot;controls&quot;:&quot;yes&quot;}\" data-widget_type=\"video.default\">\n\t\t\t\t\t\t\t<div class=\"elementor-wrapper elementor-open-inline\">\n\t\t\t<div class=\"elementor-video\"><\/div>\t\t<\/div>\n\t\t\t\t\t\t<\/div>\n\t\t\t\t\t<\/div>\n\t\t\t\t<\/div>\n\t\t<div data-particle_enable=\"false\" data-particle-mobile-disabled=\"false\" class=\"elementor-element elementor-element-b2130b8 e-flex e-con-boxed e-con e-parent\" data-id=\"b2130b8\" data-element_type=\"container\" data-e-type=\"container\">\n\t\t\t\t\t<div class=\"e-con-inner\">\n\t\t\t\t<div class=\"elementor-element elementor-element-9f3292f elementor-widget elementor-widget-heading\" data-id=\"9f3292f\" data-element_type=\"widget\" data-e-type=\"widget\" data-widget_type=\"heading.default\">\n\t\t\t\t\t<h3 class=\"elementor-heading-title elementor-size-default\">No se olvida de donde se viene (2014)<\/h3>\t\t\t\t<\/div>\n\t\t\t\t\t<\/div>\n\t\t\t\t<\/div>\n\t\t<div data-particle_enable=\"false\" data-particle-mobile-disabled=\"false\" class=\"elementor-element elementor-element-8a1fdb1 e-flex e-con-boxed e-con e-parent\" data-id=\"8a1fdb1\" data-element_type=\"container\" data-e-type=\"container\">\n\t\t\t\t\t<div class=\"e-con-inner\">\n\t\t\t\t<div class=\"elementor-element elementor-element-256b4b3 elementor-widget elementor-widget-text-editor\" data-id=\"256b4b3\" data-element_type=\"widget\" data-e-type=\"widget\" data-widget_type=\"text-editor.default\">\n\t\t\t\t\t\t\t\t\t<p>Esta fue una canci\u00f3n creada para una campa\u00f1a publicitaria, pero que por su emotiva letra y pegajoso estribillo se convirti\u00f3 en un aut\u00e9ntico cl\u00e1sico.\u00a0 Fue una creaci\u00f3n de Dual C junto con el trompetista Jacobo Nitsch y el cantante Francisco Pa\u00e9z, ambos integrantes del grupo Malacates Trebol Shop.<\/p><p>&#8220;Aunque es una canci\u00f3n con fines publicitarios, sigue siendo una de las que m\u00e1s nos solicitan, sobre todo cuando vamos a Estados Unidos donde nuestros hermanos guatemaltecos la cantan a todo pulm\u00f3n en nuestros conciertos&#8221; explica P\u00e1ez.<\/p>\t\t\t\t\t\t\t\t<\/div>\n\t\t\t\t\t<\/div>\n\t\t\t\t<\/div>\n\t\t<div data-particle_enable=\"false\" data-particle-mobile-disabled=\"false\" class=\"elementor-element elementor-element-d03df87 e-flex e-con-boxed e-con e-parent\" data-id=\"d03df87\" data-element_type=\"container\" data-e-type=\"container\">\n\t\t\t\t\t<div class=\"e-con-inner\">\n\t\t\t\t<div class=\"elementor-element elementor-element-0d1fb27 elementor-widget elementor-widget-video\" data-id=\"0d1fb27\" data-element_type=\"widget\" data-e-type=\"widget\" data-settings=\"{&quot;youtube_url&quot;:&quot;https:\\\/\\\/www.youtube.com\\\/watch?v=0LzXYyc6tAA&quot;,&quot;video_type&quot;:&quot;youtube&quot;,&quot;controls&quot;:&quot;yes&quot;}\" data-widget_type=\"video.default\">\n\t\t\t\t\t\t\t<div class=\"elementor-wrapper elementor-open-inline\">\n\t\t\t<div class=\"elementor-video\"><\/div>\t\t<\/div>\n\t\t\t\t\t\t<\/div>\n\t\t\t\t\t<\/div>\n\t\t\t\t<\/div>\n\t\t<div data-particle_enable=\"false\" data-particle-mobile-disabled=\"false\" class=\"elementor-element elementor-element-3553119 e-flex e-con-boxed e-con e-parent\" data-id=\"3553119\" data-element_type=\"container\" data-e-type=\"container\">\n\t\t\t\t\t<div class=\"e-con-inner\">\n\t\t\t\t<div class=\"elementor-element elementor-element-92575aa elementor-widget elementor-widget-video\" data-id=\"92575aa\" data-element_type=\"widget\" data-e-type=\"widget\" data-settings=\"{&quot;youtube_url&quot;:&quot;https:\\\/\\\/www.youtube.com\\\/watch?v=ptyWVaoa3rQ&quot;,&quot;start&quot;:50,&quot;video_type&quot;:&quot;youtube&quot;,&quot;controls&quot;:&quot;yes&quot;}\" data-widget_type=\"video.default\">\n\t\t\t\t\t\t\t<div class=\"elementor-wrapper elementor-open-inline\">\n\t\t\t<div class=\"elementor-video\"><\/div>\t\t<\/div>\n\t\t\t\t\t\t<\/div>\n\t\t\t\t\t<\/div>\n\t\t\t\t<\/div>\n\t\t<div data-particle_enable=\"false\" data-particle-mobile-disabled=\"false\" class=\"elementor-element elementor-element-2ae0fec e-flex e-con-boxed e-con e-parent\" data-id=\"2ae0fec\" data-element_type=\"container\" data-e-type=\"container\">\n\t\t\t\t\t<div class=\"e-con-inner\">\n\t\t\t\t<div class=\"elementor-element elementor-element-34a1aac elementor-widget elementor-widget-heading\" data-id=\"34a1aac\" data-element_type=\"widget\" data-e-type=\"widget\" data-widget_type=\"heading.default\">\n\t\t\t\t\t<h3 class=\"elementor-heading-title elementor-size-default\">Cumbia guatemayense (Tiempo Azul 2014)<\/h3>\t\t\t\t<\/div>\n\t\t\t\t\t<\/div>\n\t\t\t\t<\/div>\n\t\t<div data-particle_enable=\"false\" data-particle-mobile-disabled=\"false\" class=\"elementor-element elementor-element-01814ca e-flex e-con-boxed e-con e-parent\" data-id=\"01814ca\" data-element_type=\"container\" data-e-type=\"container\">\n\t\t\t\t\t<div class=\"e-con-inner\">\n\t\t\t\t<div class=\"elementor-element elementor-element-cd1127f elementor-widget elementor-widget-text-editor\" data-id=\"cd1127f\" data-element_type=\"widget\" data-e-type=\"widget\" data-widget_type=\"text-editor.default\">\n\t\t\t\t\t\t\t\t\t<p>El grupo guatemalteco Tiempo Azul fusion\u00f3 la cumbia, con marimba y rap para hacer un canto emotivo, popular, con tono desenfadado pero muy sincero para manifestar amor al pa\u00eds.<\/p><p>El grupo lanz\u00f3 temas como la Cumbia de la Tortilla y en noviembre de 2014 presentaron La Cumbia Guatemayense cuyo video tiene muchas escenas de lugares del pa\u00eds. Es posible que no la hayas escuchado antes, pero ya es momento de conocer esta divertida versi\u00f3n, porque al fin y al cabo, el sentido del humor forma parte del ser chap\u00edn.<\/p>\t\t\t\t\t\t\t\t<\/div>\n\t\t\t\t\t<\/div>\n\t\t\t\t<\/div>\n\t\t<div data-particle_enable=\"false\" data-particle-mobile-disabled=\"false\" class=\"elementor-element elementor-element-7bdf908 e-flex e-con-boxed e-con e-parent\" data-id=\"7bdf908\" data-element_type=\"container\" data-e-type=\"container\">\n\t\t\t\t\t<div class=\"e-con-inner\">\n\t\t\t\t<div class=\"elementor-element elementor-element-17a85d3 elementor-widget elementor-widget-video\" data-id=\"17a85d3\" data-element_type=\"widget\" data-e-type=\"widget\" data-settings=\"{&quot;youtube_url&quot;:&quot;https:\\\/\\\/www.youtube.com\\\/watch?v=96EMPq3MyNc&quot;,&quot;video_type&quot;:&quot;youtube&quot;,&quot;controls&quot;:&quot;yes&quot;}\" data-widget_type=\"video.default\">\n\t\t\t\t\t\t\t<div class=\"elementor-wrapper elementor-open-inline\">\n\t\t\t<div class=\"elementor-video\"><\/div>\t\t<\/div>\n\t\t\t\t\t\t<\/div>\n\t\t\t\t\t<\/div>\n\t\t\t\t<\/div>\n\t\t<div data-particle_enable=\"false\" data-particle-mobile-disabled=\"false\" class=\"elementor-element elementor-element-4d6af71 e-flex e-con-boxed e-con e-parent\" data-id=\"4d6af71\" data-element_type=\"container\" data-e-type=\"container\">\n\t\t\t\t\t<div class=\"e-con-inner\">\n\t\t\t\t<div class=\"elementor-element elementor-element-ead45ee elementor-widget elementor-widget-heading\" data-id=\"ead45ee\" data-element_type=\"widget\" data-e-type=\"widget\" data-widget_type=\"heading.default\">\n\t\t\t\t\t<h2 class=\"elementor-heading-title elementor-size-default\">M\u00e1s sobre el tesoro cultural de Guatemala<\/h2>\t\t\t\t<\/div>\n\t\t\t\t\t<\/div>\n\t\t\t\t<\/div>\n\t\t<div data-particle_enable=\"false\" data-particle-mobile-disabled=\"false\" class=\"elementor-element elementor-element-47c4da8 e-flex e-con-boxed e-con e-parent\" data-id=\"47c4da8\" data-element_type=\"container\" data-e-type=\"container\">\n\t\t\t\t\t<div class=\"e-con-inner\">\n\t\t\t\t<div class=\"elementor-element elementor-element-81b3d85 elementor-grid-eael-col-3 elementor-grid-tablet-eael-col-2 elementor-grid-mobile-eael-col-1 elementor-widget elementor-widget-eael-post-grid\" data-id=\"81b3d85\" data-element_type=\"widget\" data-e-type=\"widget\" data-settings=\"{&quot;eael_post_grid_columns&quot;:&quot;eael-col-3&quot;,&quot;eael_post_grid_columns_tablet&quot;:&quot;eael-col-2&quot;,&quot;eael_post_grid_columns_mobile&quot;:&quot;eael-col-1&quot;}\" data-widget_type=\"eael-post-grid.default\">\n\t\t\t\t\t<div id=\"eael-post-grid-81b3d85\" class=\"eael-post-grid-container\">\n            <div class=\"eael-post-grid eael-post-appender eael-post-appender-81b3d85 eael-post-grid-style-one\" data-layout-mode=\"masonry\"><article class=\"eael-grid-post  eael-post-grid-column eael-pg-post-7041 category-guate-nuestra\" data-id=\"7041\">\n        <div class=\"eael-grid-post-holder\">\n            <div class=\"eael-grid-post-holder-inner\"><div class=\"eael-entry-media\"><div class=\"eael-entry-overlay fade-in\"><i class=\"far fa-hand-pointer\" aria-hidden=\"true\"><\/i><a href=\"https:\/\/soymigrante.com\/revista\/juguetes-tradicionales-guatemaltecos-siguen-vivos\/\"><\/a><\/div><div class=\"eael-entry-thumbnail \">\n                <img fetchpriority=\"high\" decoding=\"async\" width=\"1024\" height=\"684\" src=\"https:\/\/soymigrante.com\/revista\/wp-content\/uploads\/2024\/06\/toys-4620231_1280-1024x684.webp\" class=\"attachment-large size-large wp-image-7043\" alt=\"Juguetes tradicionales guatemaltecos siguen vivos\" srcset=\"https:\/\/soymigrante.com\/revista\/wp-content\/uploads\/2024\/06\/toys-4620231_1280-1024x684.webp 1024w, https:\/\/soymigrante.com\/revista\/wp-content\/uploads\/2024\/06\/toys-4620231_1280-300x200.webp 300w, https:\/\/soymigrante.com\/revista\/wp-content\/uploads\/2024\/06\/toys-4620231_1280-768x513.webp 768w, https:\/\/soymigrante.com\/revista\/wp-content\/uploads\/2024\/06\/toys-4620231_1280-750x501.webp 750w, https:\/\/soymigrante.com\/revista\/wp-content\/uploads\/2024\/06\/toys-4620231_1280-1140x761.webp 1140w, https:\/\/soymigrante.com\/revista\/wp-content\/uploads\/2024\/06\/toys-4620231_1280.webp 1280w\" sizes=\"(max-width: 1024px) 100vw, 1024px\" \/>\n            <\/div>\n        <\/div><div class=\"eael-entry-wrapper\"><header class=\"eael-entry-header\"><h2 class=\"eael-entry-title\"><a class=\"eael-grid-post-link\" href=\"https:\/\/soymigrante.com\/revista\/juguetes-tradicionales-guatemaltecos-siguen-vivos\/\" title=\"Juguetes tradicionales guatemaltecos siguen vivos\">Juguetes tradicionales guatemaltecos siguen vivos<\/a><\/h2><\/header><div class=\"eael-entry-content\">\n                        <div class=\"eael-grid-post-excerpt\"><a href=\"https:\/\/soymigrante.com\/revista\/juguetes-tradicionales-guatemaltecos-siguen-vivos\/\" class=\"eael-post-elements-readmore-btn\">CONOCE SU HISTORIA <\/a><\/div>\n                    <\/div><\/div><\/div>\n        <\/div>\n    <\/article><article class=\"eael-grid-post  eael-post-grid-column eael-pg-post-5793 category-guate-nuestra\" data-id=\"5793\">\n        <div class=\"eael-grid-post-holder\">\n            <div class=\"eael-grid-post-holder-inner\"><div class=\"eael-entry-media\"><div class=\"eael-entry-overlay fade-in\"><i class=\"far fa-hand-pointer\" aria-hidden=\"true\"><\/i><a href=\"https:\/\/soymigrante.com\/revista\/luna-de-xelaju-dudas-verdades-y-versiones-del-segundo-himno-de-guatemala\/\"><\/a><\/div><div class=\"eael-entry-thumbnail \">\n                <img decoding=\"async\" width=\"1024\" height=\"576\" src=\"https:\/\/soymigrante.com\/revista\/wp-content\/uploads\/2024\/04\/luna-de-xelaju-1024x576.webp\" class=\"attachment-large size-large wp-image-5884\" alt=\"Luna de Xelaj\u00fa: dudas, verdades y versiones del &quot;segundo Himno de Guatemala&quot;\" srcset=\"https:\/\/soymigrante.com\/revista\/wp-content\/uploads\/2024\/04\/luna-de-xelaju-1024x576.webp 1024w, https:\/\/soymigrante.com\/revista\/wp-content\/uploads\/2024\/04\/luna-de-xelaju-300x169.webp 300w, https:\/\/soymigrante.com\/revista\/wp-content\/uploads\/2024\/04\/luna-de-xelaju-768x432.webp 768w, https:\/\/soymigrante.com\/revista\/wp-content\/uploads\/2024\/04\/luna-de-xelaju-1536x864.webp 1536w, https:\/\/soymigrante.com\/revista\/wp-content\/uploads\/2024\/04\/luna-de-xelaju-scaled.webp 1920w, https:\/\/soymigrante.com\/revista\/wp-content\/uploads\/2024\/04\/luna-de-xelaju-750x422.webp 750w, https:\/\/soymigrante.com\/revista\/wp-content\/uploads\/2024\/04\/luna-de-xelaju-1140x641.webp 1140w\" sizes=\"(max-width: 1024px) 100vw, 1024px\" \/>\n            <\/div>\n        <\/div><div class=\"eael-entry-wrapper\"><header class=\"eael-entry-header\"><h2 class=\"eael-entry-title\"><a class=\"eael-grid-post-link\" href=\"https:\/\/soymigrante.com\/revista\/luna-de-xelaju-dudas-verdades-y-versiones-del-segundo-himno-de-guatemala\/\" title=\"Luna de Xelaj\u00fa: dudas, verdades y versiones del &#8220;segundo Himno de Guatemala&#8221;\">Luna de Xelaj\u00fa: dudas, verdades y versiones del &#8220;segundo Himno de Guatemala&#8221;<\/a><\/h2><\/header><div class=\"eael-entry-content\">\n                        <div class=\"eael-grid-post-excerpt\"><a href=\"https:\/\/soymigrante.com\/revista\/luna-de-xelaju-dudas-verdades-y-versiones-del-segundo-himno-de-guatemala\/\" class=\"eael-post-elements-readmore-btn\">CONOCE SU HISTORIA <\/a><\/div>\n                    <\/div><\/div><\/div>\n        <\/div>\n    <\/article><article class=\"eael-grid-post  eael-post-grid-column eael-pg-post-3120 category-guate-nuestra\" data-id=\"3120\">\n        <div class=\"eael-grid-post-holder\">\n            <div class=\"eael-grid-post-holder-inner\"><div class=\"eael-entry-media\"><div class=\"eael-entry-overlay fade-in\"><i class=\"far fa-hand-pointer\" aria-hidden=\"true\"><\/i><a href=\"https:\/\/soymigrante.com\/revista\/cinco-grandes-sabores-de-guatemala-en-noviembre\/\"><\/a><\/div><div class=\"eael-entry-thumbnail \">\n                <img decoding=\"async\" width=\"871\" height=\"672\" src=\"https:\/\/soymigrante.com\/revista\/wp-content\/uploads\/2023\/11\/WhatsApp-Image-2023-11-01-at-10.06.11-AM-2-e1698855328635.webp\" class=\"attachment-large size-large wp-image-3137\" alt=\"Cinco grandes sabores de Guatemala en noviembre\" srcset=\"https:\/\/soymigrante.com\/revista\/wp-content\/uploads\/2023\/11\/WhatsApp-Image-2023-11-01-at-10.06.11-AM-2-e1698855328635.webp 871w, https:\/\/soymigrante.com\/revista\/wp-content\/uploads\/2023\/11\/WhatsApp-Image-2023-11-01-at-10.06.11-AM-2-e1698855328635-300x231.webp 300w, https:\/\/soymigrante.com\/revista\/wp-content\/uploads\/2023\/11\/WhatsApp-Image-2023-11-01-at-10.06.11-AM-2-e1698855328635-768x593.webp 768w, https:\/\/soymigrante.com\/revista\/wp-content\/uploads\/2023\/11\/WhatsApp-Image-2023-11-01-at-10.06.11-AM-2-e1698855328635-750x579.webp 750w\" sizes=\"(max-width: 871px) 100vw, 871px\" \/>\n            <\/div>\n        <\/div><div class=\"eael-entry-wrapper\"><header class=\"eael-entry-header\"><h2 class=\"eael-entry-title\"><a class=\"eael-grid-post-link\" href=\"https:\/\/soymigrante.com\/revista\/cinco-grandes-sabores-de-guatemala-en-noviembre\/\" title=\"Cinco grandes sabores de Guatemala en  noviembre\">Cinco grandes sabores de Guatemala en  noviembre<\/a><\/h2><\/header><div class=\"eael-entry-content\">\n                        <div class=\"eael-grid-post-excerpt\"><a href=\"https:\/\/soymigrante.com\/revista\/cinco-grandes-sabores-de-guatemala-en-noviembre\/\" class=\"eael-post-elements-readmore-btn\">CONOCE SU HISTORIA <\/a><\/div>\n                    <\/div><\/div><\/div>\n        <\/div>\n    <\/article><\/div>\n            <div class=\"clearfix\"><\/div>\n        <\/div>\t\t\t\t<\/div>\n\t\t\t\t\t<\/div>\n\t\t\t\t<\/div>\n\t\t\t\t<\/div>\n\t\t","protected":false},"excerpt":{"rendered":"<p>El Himno Nacional de Guatemala es el canto patrio por excelencia y Luna de Xelaj\u00fa es considerada como el segundo himno nacional sin duda alguna. Pero existen otras canciones que tocan la tecla del amor a la Tierra del Quetzal. \u00bfCu\u00e1les has escuchado? En cada pa\u00eds hay canciones populares y composiciones que elogian a la [&hellip;]<\/p>\n","protected":false},"author":7,"featured_media":10599,"comment_status":"open","ping_status":"open","sticky":false,"template":"","format":"standard","meta":{"_acf_changed":false,"_eb_attr":"","footnotes":""},"categories":[58],"tags":[],"class_list":["post-10598","post","type-post","status-publish","format-standard","has-post-thumbnail","hentry","category-guate-nuestra"],"acf":[],"aioseo_notices":[],"aioseo_head":"\n\t\t<!-- All in One SEO Pro 4.9.6.2 - aioseo.com -->\n\t<meta name=\"description\" content=\"Cada 1 y 2 de noviembre de cada a\u00f1o en Guatemala surgen sabores que deleitan a todos, dentro y fuera del pa\u00eds. Pero el gusto a menudo se extiende por todo noviembre. Ayote en miel Es un platillo tradicional a base de panela, az\u00facar, elote y ayote con una cocci\u00f3n aproximada de tres a cuatro Ayote en miel, fiambre, atol de elote son sabores \u00fanicos y tradicionales que se disfrutan el 1 y 2 de noviembre de cada a\u00f1o en Guatemala.\" \/>\n\t<meta name=\"robots\" content=\"max-snippet:-1, max-image-preview:large, max-video-preview:-1\" \/>\n\t<meta name=\"author\" content=\"Gustavo Montenegro\"\/>\n\t<link rel=\"canonical\" href=\"https:\/\/soymigrante.com\/revista\/siete-canciones-dedicadas-a-guatemala-que-alegran-emocionan-y-unen\/\" \/>\n\t<meta name=\"generator\" content=\"All in One SEO Pro (AIOSEO) 4.9.6.2\" \/>\n\n\t\t<link rel=\"preconnect\" href=\"https:\/\/fonts.googleapis.com\" crossorigin>\n<link rel=\"preconnect\" href=\"https:\/\/fonts.gstatic.com\" crossorigin>\n\t\t<meta property=\"og:locale\" content=\"es_ES\" \/>\n\t\t<meta property=\"og:site_name\" content=\"SoyMigrante.com REVISTA \u2013 Nuestra misi\u00f3n es reconocer y dignificar al migrante.\" \/>\n\t\t<meta property=\"og:type\" content=\"article\" \/>\n\t\t<meta property=\"og:title\" content=\"Siete canciones dedicadas a Guatemala que alegran, emocionan y unen\" \/>\n\t\t<meta property=\"og:description\" content=\"Estas canciones mueven emociones y pueden causar l\u00e1grimas de alegr\u00eda o de nostalgia, al celebrar a Guatemala y a los guatemaltecos. \u00bfCu\u00e1les recuerdas?\" \/>\n\t\t<meta property=\"og:url\" content=\"https:\/\/soymigrante.com\/revista\/siete-canciones-dedicadas-a-guatemala-que-alegran-emocionan-y-unen\/\" \/>\n\t\t<meta property=\"og:image\" content=\"https:\/\/soymigrante.com\/revista\/wp-content\/uploads\/2024\/10\/quetzal-canciones-guatemala.webp\" \/>\n\t\t<meta property=\"og:image:secure_url\" content=\"https:\/\/soymigrante.com\/revista\/wp-content\/uploads\/2024\/10\/quetzal-canciones-guatemala.webp\" \/>\n\t\t<meta property=\"og:image:width\" content=\"1920\" \/>\n\t\t<meta property=\"og:image:height\" content=\"1920\" \/>\n\t\t<meta property=\"article:published_time\" content=\"2024-10-22T14:00:00+00:00\" \/>\n\t\t<meta property=\"article:modified_time\" content=\"2024-10-22T18:51:37+00:00\" \/>\n\t\t<meta property=\"article:publisher\" content=\"https:\/\/www.facebook.com\/soymigrantecom\" \/>\n\t\t<meta name=\"twitter:card\" content=\"summary_large_image\" \/>\n\t\t<meta name=\"twitter:site\" content=\"@SoyMigrante_com\" \/>\n\t\t<meta name=\"twitter:title\" content=\"Siete canciones dedicadas a Guatemala que alegran, emocionan y unen\" \/>\n\t\t<meta name=\"twitter:description\" content=\"Estas canciones mueven emociones y pueden causar l\u00e1grimas de alegr\u00eda o de nostalgia, al celebrar a Guatemala y a los guatemaltecos. \u00bfCu\u00e1les recuerdas?\" \/>\n\t\t<meta name=\"twitter:creator\" content=\"@SoyMigrante_com\" \/>\n\t\t<meta name=\"twitter:image\" content=\"https:\/\/soymigrante.com\/revista\/wp-content\/uploads\/2024\/10\/quetzal-canciones-guatemala.webp\" \/>\n\t\t<!-- All in One SEO Pro -->\r\n\t\t<title>Siete canciones dedicadas a Guatemala que alegran, emocionan y unen<\/title>\n\n","aioseo_head_json":{"title":"Siete canciones dedicadas a Guatemala que alegran, emocionan y unen","description":"Estas canciones mueven emociones y pueden causar l\u00e1grimas de alegr\u00eda o de nostalgia, al celebrar a Guatemala y a los guatemaltecos. \u00bfCu\u00e1les recuerdas?","canonical_url":"https:\/\/soymigrante.com\/revista\/siete-canciones-dedicadas-a-guatemala-que-alegran-emocionan-y-unen\/","robots":"max-snippet:-1, max-image-preview:large, max-video-preview:-1","keywords":"","webmasterTools":{"miscellaneous":"&lt;link rel=\"preconnect\" href=\"https:\/\/fonts.googleapis.com\" crossorigin&gt;\n&lt;link rel=\"preconnect\" href=\"https:\/\/fonts.gstatic.com\" crossorigin&gt;"},"schema":null,"og:locale":"es_ES","og:site_name":"SoyMigrante.com REVISTA \u2013 Nuestra misi\u00f3n es reconocer y dignificar al migrante.","og:type":"article","og:title":"Siete canciones dedicadas a Guatemala que alegran, emocionan y unen","og:description":"Estas canciones mueven emociones y pueden causar l\u00e1grimas de alegr\u00eda o de nostalgia, al celebrar a Guatemala y a los guatemaltecos. \u00bfCu\u00e1les recuerdas?","og:url":"https:\/\/soymigrante.com\/revista\/siete-canciones-dedicadas-a-guatemala-que-alegran-emocionan-y-unen\/","og:image":"https:\/\/soymigrante.com\/revista\/wp-content\/uploads\/2024\/10\/quetzal-canciones-guatemala.webp","og:image:secure_url":"https:\/\/soymigrante.com\/revista\/wp-content\/uploads\/2024\/10\/quetzal-canciones-guatemala.webp","og:image:width":1920,"og:image:height":1920,"article:published_time":"2024-10-22T14:00:00+00:00","article:modified_time":"2024-10-22T18:51:37+00:00","article:publisher":"https:\/\/www.facebook.com\/soymigrantecom","twitter:card":"summary_large_image","twitter:site":"@SoyMigrante_com","twitter:title":"Siete canciones dedicadas a Guatemala que alegran, emocionan y unen","twitter:description":"Estas canciones mueven emociones y pueden causar l\u00e1grimas de alegr\u00eda o de nostalgia, al celebrar a Guatemala y a los guatemaltecos. \u00bfCu\u00e1les recuerdas?","twitter:creator":"@SoyMigrante_com","twitter:image":"https:\/\/soymigrante.com\/revista\/wp-content\/uploads\/2024\/10\/quetzal-canciones-guatemala.webp"},"aioseo_meta_data":{"post_id":"10598","title":null,"description":"Estas canciones mueven emociones y pueden causar l\u00e1grimas de alegr\u00eda o de nostalgia, al celebrar a Guatemala y a los guatemaltecos. \u00bfCu\u00e1les recuerdas?","keywords":null,"keyphrases":{"focus":{"keyphrase":"Guatemala","score":91,"analysis":{"keyphraseInTitle":{"score":9,"maxScore":9,"error":0},"keyphraseInDescription":{"score":9,"maxScore":9,"error":0},"keyphraseLength":{"score":9,"maxScore":9,"error":0,"length":1},"keyphraseInURL":{"score":5,"maxScore":5,"error":0},"keyphraseInIntroduction":{"score":9,"maxScore":9,"error":0},"keyphraseInSubHeadings":{"score":9,"maxScore":9,"error":0},"keyphraseInImageAlt":{"score":3,"maxScore":9,"error":1},"keywordDensity":{"type":"best","score":9,"maxScore":9,"error":0}}},"additional":[{"keyphrase":"Canciones","score":67,"analysis":{"keyphraseInDescription":{"score":9,"maxScore":9,"error":0},"keyphraseLength":{"score":9,"maxScore":9,"error":0,"length":1},"keyphraseInIntroduction":{"score":9,"maxScore":9,"error":0},"keyphraseInImageAlt":{"score":3,"maxScore":9,"error":1},"keywordDensity":{"score":0,"type":"low","maxScore":9,"error":1}}}]},"primary_term":null,"canonical_url":null,"og_title":null,"og_description":null,"og_object_type":"default","og_image_type":"default","og_image_url":null,"og_image_width":null,"og_image_height":null,"og_image_custom_url":null,"og_image_custom_fields":null,"og_video":"","og_custom_url":null,"og_article_section":null,"og_article_tags":null,"twitter_use_og":false,"twitter_card":"default","twitter_image_type":"default","twitter_image_url":null,"twitter_image_custom_url":null,"twitter_image_custom_fields":null,"twitter_title":null,"twitter_description":null,"schema":{"blockGraphs":[],"customGraphs":[],"default":{"data":{"Article":[],"Course":[],"Dataset":[],"FAQPage":[],"Movie":[],"Person":[],"Product":[],"ProductReview":[],"Car":[],"Recipe":[],"Service":[],"SoftwareApplication":[],"WebPage":[]},"graphName":"Article","isEnabled":true},"graphs":[]},"schema_type":"default","schema_type_options":null,"pillar_content":false,"robots_default":true,"robots_noindex":false,"robots_noarchive":false,"robots_nosnippet":false,"robots_nofollow":false,"robots_noimageindex":false,"robots_noodp":false,"robots_notranslate":false,"robots_max_snippet":"-1","robots_max_videopreview":"-1","robots_max_imagepreview":"large","priority":null,"frequency":"default","local_seo":null,"seo_analyzer_scan_date":"2025-10-08 23:48:06","breadcrumb_settings":null,"limit_modified_date":false,"reviewed_by":null,"open_ai":"{\"title\":{\"suggestions\":[],\"usage\":0},\"description\":{\"suggestions\":[],\"usage\":0}}","ai":null,"created":"2024-10-22 04:27:37","updated":"2026-02-04 15:11:33"},"aioseo_breadcrumb":"<div class=\"aioseo-breadcrumbs\"><span class=\"aioseo-breadcrumb\">\n\t<a href=\"https:\/\/soymigrante.com\/revista\" title=\"Home\">Home<\/a>\n<\/span><span class=\"aioseo-breadcrumb-separator\">\u00bb<\/span><span class=\"aioseo-breadcrumb\">\n\t<a href=\"https:\/\/soymigrante.com\/revista\/category\/guate-nuestra\/\" title=\"Guate Nuestra\">Guate Nuestra<\/a>\n<\/span><span class=\"aioseo-breadcrumb-separator\">\u00bb<\/span><span class=\"aioseo-breadcrumb\">\n\tSiete canciones dedicadas a Guatemala que alegran, emocionan y unen\n<\/span><\/div>","aioseo_breadcrumb_json":[{"label":"Home","link":"https:\/\/soymigrante.com\/revista"},{"label":"Guate Nuestra","link":"https:\/\/soymigrante.com\/revista\/category\/guate-nuestra\/"},{"label":"Siete canciones dedicadas a Guatemala que alegran, emocionan y unen","link":"https:\/\/soymigrante.com\/revista\/siete-canciones-dedicadas-a-guatemala-que-alegran-emocionan-y-unen\/"}],"_links":{"self":[{"href":"https:\/\/soymigrante.com\/revista\/wp-json\/wp\/v2\/posts\/10598","targetHints":{"allow":["GET"]}}],"collection":[{"href":"https:\/\/soymigrante.com\/revista\/wp-json\/wp\/v2\/posts"}],"about":[{"href":"https:\/\/soymigrante.com\/revista\/wp-json\/wp\/v2\/types\/post"}],"author":[{"embeddable":true,"href":"https:\/\/soymigrante.com\/revista\/wp-json\/wp\/v2\/users\/7"}],"replies":[{"embeddable":true,"href":"https:\/\/soymigrante.com\/revista\/wp-json\/wp\/v2\/comments?post=10598"}],"version-history":[{"count":0,"href":"https:\/\/soymigrante.com\/revista\/wp-json\/wp\/v2\/posts\/10598\/revisions"}],"wp:featuredmedia":[{"embeddable":true,"href":"https:\/\/soymigrante.com\/revista\/wp-json\/wp\/v2\/media\/10599"}],"wp:attachment":[{"href":"https:\/\/soymigrante.com\/revista\/wp-json\/wp\/v2\/media?parent=10598"}],"wp:term":[{"taxonomy":"category","embeddable":true,"href":"https:\/\/soymigrante.com\/revista\/wp-json\/wp\/v2\/categories?post=10598"},{"taxonomy":"post_tag","embeddable":true,"href":"https:\/\/soymigrante.com\/revista\/wp-json\/wp\/v2\/tags?post=10598"}],"curies":[{"name":"wp","href":"https:\/\/api.w.org\/{rel}","templated":true}]}}