{"id":10570,"date":"2024-10-21T12:17:58","date_gmt":"2024-10-21T18:17:58","guid":{"rendered":"https:\/\/soymigrante.com\/revista\/?p=10570"},"modified":"2024-10-21T12:25:53","modified_gmt":"2024-10-21T18:25:53","slug":"guatemalteco-carlos-quilo-crea-innova-y-se-supera-en-los-angeles-con-kilos-de-ingenio","status":"publish","type":"post","link":"https:\/\/soymigrante.com\/revista\/guatemalteco-carlos-quilo-crea-innova-y-se-supera-en-los-angeles-con-kilos-de-ingenio\/","title":{"rendered":"Guatemalteco Carlos Quilo crea, innova y se supera en Los Angeles con kilos de ingenio"},"content":{"rendered":"\t\t<div data-elementor-type=\"wp-post\" data-elementor-id=\"10570\" class=\"elementor elementor-10570\" data-elementor-post-type=\"post\">\n\t\t\t\t<div data-particle_enable=\"false\" data-particle-mobile-disabled=\"false\" class=\"elementor-element elementor-element-77a92d6 e-flex e-con-boxed e-con e-parent\" data-id=\"77a92d6\" data-element_type=\"container\" data-e-type=\"container\">\n\t\t\t\t\t<div class=\"e-con-inner\">\n\t\t\t\t<div class=\"elementor-element elementor-element-81897bd elementor-widget elementor-widget-heading\" data-id=\"81897bd\" data-element_type=\"widget\" data-e-type=\"widget\" data-widget_type=\"heading.default\">\n\t\t\t\t\t<h2 class=\"elementor-heading-title elementor-size-default\"><span style=\"font-size: 31.2px;font-weight: 400\">Carlos Quilo es un migrante  y  emprendedor chap\u00edn en Los Angeles: elabora productos promocionales y suvenires al gusto del cliente; pero tambi\u00e9n el sabor de la comida chapina, con las recetas de su mam\u00e1 y su abuelita le acompa\u00f1an en su esfuerzo. Esta es su historia.<\/span><br><\/h2>\t\t\t\t<\/div>\n\t\t\t\t\t<\/div>\n\t\t\t\t<\/div>\n\t\t<div data-particle_enable=\"false\" data-particle-mobile-disabled=\"false\" class=\"elementor-element elementor-element-994c73a e-flex e-con-boxed e-con e-parent\" data-id=\"994c73a\" data-element_type=\"container\" data-e-type=\"container\">\n\t\t\t\t\t<div class=\"e-con-inner\">\n\t\t\t\t<div class=\"elementor-element elementor-element-e8521d7 elementor-widget elementor-widget-text-editor\" data-id=\"e8521d7\" data-element_type=\"widget\" data-e-type=\"widget\" data-widget_type=\"text-editor.default\">\n\t\t\t\t\t\t\t\t\t<p>Carlos Quilo nunca se rinde: por m\u00e1s dif\u00edcil que sea la circunstancia ha encontrado en el ingenio guatemalteco la respuesta o al menos la propuesta para seguir avanzando. Y as\u00ed ha salido adelante.\u00a0<\/p><p>Actualmente tiene dos emprendimientos: 1.\u00a0<span style=\"color: var( --e-global-color-text ); text-align: var(--text-align);\">La elaboraci\u00f3n de art\u00edculos promocionales u obsequios personalizados de todo tipo (llaveros, portaplacas, vasos, tarros, tazas, playeras y un largo etc\u00e9tera) 2. La preparaci\u00f3n de toda clase de comida chapina (tamales, pepian, joc\u00f3n, chuchitos, paches y otro largo etc\u00e9tera que se expande a otros antojitos latinoamericanos). No tiene un restaurante pero su cocina siempre recibe pedidos. \u00bfQu\u00e9 significa esto? Que Carlos Quilo ha salido adelante con kilos y kilos de ingenio, innovaci\u00f3n y optimismo. Esta es su historia.\u00a0\u00a0<\/span><\/p>\t\t\t\t\t\t\t\t<\/div>\n\t\t\t\t\t<\/div>\n\t\t\t\t<\/div>\n\t\t<div data-particle_enable=\"false\" data-particle-mobile-disabled=\"false\" class=\"elementor-element elementor-element-eb039d4 e-flex e-con-boxed e-con e-parent\" data-id=\"eb039d4\" data-element_type=\"container\" data-e-type=\"container\">\n\t\t\t\t\t<div class=\"e-con-inner\">\n\t\t\t\t<div class=\"elementor-element elementor-element-d2a5e09 elementor-widget elementor-widget-image\" data-id=\"d2a5e09\" data-element_type=\"widget\" data-e-type=\"widget\" data-widget_type=\"image.default\">\n\t\t\t\t\t\t\t\t\t\t\t\t<figure class=\"wp-caption\">\n\t\t\t\t\t\t\t\t\t\t<img fetchpriority=\"high\" decoding=\"async\" width=\"768\" height=\"455\" src=\"https:\/\/soymigrante.com\/revista\/wp-content\/uploads\/2024\/10\/carlos-quilo-guatemalteco-6-e1729532726347-1024x607.webp\" class=\"attachment-large size-large wp-image-10575\" alt=\"Personaje en primer plano con gafas y camiseta roja, en una calle con arquitectura colonial y reloj en la iglesia del fondo en Antigua Guatemala.\" srcset=\"https:\/\/soymigrante.com\/revista\/wp-content\/uploads\/2024\/10\/carlos-quilo-guatemalteco-6-e1729532726347-1024x607.webp 1024w, https:\/\/soymigrante.com\/revista\/wp-content\/uploads\/2024\/10\/carlos-quilo-guatemalteco-6-e1729532726347-300x178.webp 300w, https:\/\/soymigrante.com\/revista\/wp-content\/uploads\/2024\/10\/carlos-quilo-guatemalteco-6-e1729532726347-768x456.webp 768w, https:\/\/soymigrante.com\/revista\/wp-content\/uploads\/2024\/10\/carlos-quilo-guatemalteco-6-e1729532726347-1536x911.webp 1536w, https:\/\/soymigrante.com\/revista\/wp-content\/uploads\/2024\/10\/carlos-quilo-guatemalteco-6-e1729532726347-750x445.webp 750w, https:\/\/soymigrante.com\/revista\/wp-content\/uploads\/2024\/10\/carlos-quilo-guatemalteco-6-e1729532726347-1140x676.webp 1140w, https:\/\/soymigrante.com\/revista\/wp-content\/uploads\/2024\/10\/carlos-quilo-guatemalteco-6-e1729532726347.webp 1696w\" sizes=\"(max-width: 768px) 100vw, 768px\" title=\"En el a\u00f1o 2021, el migrante y emprendedor guatemalteco Carlos Quilo pudo regresar a su patria y fue un encuentro a la vez que una sorpresa al ver muchos cambios respecto de la \u00e9poca en que se march\u00f3 a EE.UU. (Foto Cortes\u00eda Carlos Quilo) \u2013 SoyMigrante.com REVISTA\" \/>\t\t\t\t\t\t\t\t\t\t\t<figcaption class=\"widget-image-caption wp-caption-text\">Explora la cultura y historia colonial en Antigua Guatemala, con arquitectura tradicional y calles llenas de vida, en una imagen que refleja el turismo y el patrimonio cultural.<\/figcaption>\n\t\t\t\t\t\t\t\t\t\t<\/figure>\n\t\t\t\t\t\t\t\t\t<\/div>\n\t\t\t\t\t<\/div>\n\t\t\t\t<\/div>\n\t\t<div data-particle_enable=\"false\" data-particle-mobile-disabled=\"false\" class=\"elementor-element elementor-element-6e60423 e-flex e-con-boxed e-con e-parent\" data-id=\"6e60423\" data-element_type=\"container\" data-e-type=\"container\">\n\t\t\t\t\t<div class=\"e-con-inner\">\n\t\t\t\t<div class=\"elementor-element elementor-element-8704ec5 elementor-widget elementor-widget-heading\" data-id=\"8704ec5\" data-element_type=\"widget\" data-e-type=\"widget\" data-widget_type=\"heading.default\">\n\t\t\t\t\t<h3 class=\"elementor-heading-title elementor-size-default\">Empezar de cero, otra vez<\/h3>\t\t\t\t<\/div>\n\t\t\t\t\t<\/div>\n\t\t\t\t<\/div>\n\t\t<div data-particle_enable=\"false\" data-particle-mobile-disabled=\"false\" class=\"elementor-element elementor-element-297d26b e-flex e-con-boxed e-con e-parent\" data-id=\"297d26b\" data-element_type=\"container\" data-e-type=\"container\">\n\t\t\t\t\t<div class=\"e-con-inner\">\n\t\t\t\t<div class=\"elementor-element elementor-element-97ceca4 elementor-widget elementor-widget-text-editor\" data-id=\"97ceca4\" data-element_type=\"widget\" data-e-type=\"widget\" data-widget_type=\"text-editor.default\">\n\t\t\t\t\t\t\t\t\t<p><span style=\"color: var( --e-global-color-text ); text-align: var(--text-align);\">Sufrir un grave robo y no tener otra forma de reponerse fue la detonante de la migraci\u00f3n de Carlos Quilo hace 19 a\u00f1os. &#8220;Como a tantos guatemaltecos me toc\u00f3 la parte m\u00e1s dura: salir de mi pa\u00eds para buscar oportunidades. Fueron comienzos muy dif\u00edciles, agotadores&#8221;.<\/span><\/p><p>&#8220;En Guatemala comenc\u00e9 un emprendimiento, vend\u00eda veh\u00edculos usados. Pero la situaci\u00f3n de violencia me golpe\u00f3 y me toc\u00f3 la\u00a0 mala suerte de que me robaran nueve carros. Ya me hab\u00edan asaltado tres o cuatro veces. Estaba endeudado, en una situaci\u00f3n bastante precaria&#8221;.<\/p><p>Carlos lleg\u00f3 a Los Angeles y en ese momento no hab\u00eda sue\u00f1o: solo le esperaba una nueva realidad, tambi\u00e9n dura y exigente: &#8220;El poco dinero que traes empieza a mermar y tienes que pagar una renta de apartamento, llegan los bills, las facturas de luz, de agua, de gas. Y uno sin trabajo, te expones a que te hagan de menos. Lamentablemente a veces son latinos los que te ponen bloqueos. A veces el racismo o clasismo se da incluso entre personas que venimos del mismo pa\u00eds. Pero Gracias a Dios no todos son as\u00ed. Es m\u00e1s son una minor\u00eda pero te los encuentras&#8221;.<\/p><p>&#8220;Cuando eres reci\u00e9n llegado y con necesidad, se te nota en tu forma de caminar, de hablar, de mirar. E<span style=\"color: var( --e-global-color-text ); text-align: var(--text-align);\">mpezar de cero es duro&#8221;, relata Carlos en entrevista con SoyMigrante.com.<\/span><\/p>\t\t\t\t\t\t\t\t<\/div>\n\t\t\t\t\t<\/div>\n\t\t\t\t<\/div>\n\t\t<div data-particle_enable=\"false\" data-particle-mobile-disabled=\"false\" class=\"elementor-element elementor-element-887b5f1 e-flex e-con-boxed e-con e-parent\" data-id=\"887b5f1\" data-element_type=\"container\" data-e-type=\"container\">\n\t\t\t\t\t<div class=\"e-con-inner\">\n\t\t\t\t<div class=\"elementor-element elementor-element-1a02a3d elementor-widget elementor-widget-image\" data-id=\"1a02a3d\" data-element_type=\"widget\" data-e-type=\"widget\" data-widget_type=\"image.default\">\n\t\t\t\t\t\t\t\t\t\t\t\t<figure class=\"wp-caption\">\n\t\t\t\t\t\t\t\t\t\t<img decoding=\"async\" width=\"768\" height=\"1024\" src=\"https:\/\/soymigrante.com\/revista\/wp-content\/uploads\/2024\/10\/carlos-quilo-guatemalteco-8-768x1024.webp\" class=\"attachment-large size-large wp-image-10576\" alt=\"Viaje en avi\u00f3n de migrantes latinoamericanos, imagen de una persona sonriendo en el asiento, con una multitud de pasajeros y asistente de vuelo en el fondo, en el contexto de la comunidad de migrantes.\" srcset=\"https:\/\/soymigrante.com\/revista\/wp-content\/uploads\/2024\/10\/carlos-quilo-guatemalteco-8-768x1024.webp 768w, https:\/\/soymigrante.com\/revista\/wp-content\/uploads\/2024\/10\/carlos-quilo-guatemalteco-8-225x300.webp 225w, https:\/\/soymigrante.com\/revista\/wp-content\/uploads\/2024\/10\/carlos-quilo-guatemalteco-8-1152x1536.webp 1152w, https:\/\/soymigrante.com\/revista\/wp-content\/uploads\/2024\/10\/carlos-quilo-guatemalteco-8-750x1000.webp 750w, https:\/\/soymigrante.com\/revista\/wp-content\/uploads\/2024\/10\/carlos-quilo-guatemalteco-8-1140x1520.webp 1140w, https:\/\/soymigrante.com\/revista\/wp-content\/uploads\/2024\/10\/carlos-quilo-guatemalteco-8.webp 1440w\" sizes=\"(max-width: 768px) 100vw, 768px\" title=\"El d\u00eda en que por fin pudo viajar a Guatemala, Carlos ten\u00eda muchas preguntas, dudas, sentimientos encontrados. &quot;\u00bfSer\u00e1 que me van a dejar entrar?&quot;, se preguntaba. \u2013 SoyMigrante.com REVISTA\" \/>\t\t\t\t\t\t\t\t\t\t\t<figcaption class=\"widget-image-caption wp-caption-text\">Imagen de un viajero latinoamericano en avi\u00f3n, reflejando la experiencia migratoria con pasajeros y asistente de vuelo, en el contexto de los migrantes latinoamericanos y sus viajes.<\/figcaption>\n\t\t\t\t\t\t\t\t\t\t<\/figure>\n\t\t\t\t\t\t\t\t\t<\/div>\n\t\t\t\t\t<\/div>\n\t\t\t\t<\/div>\n\t\t<div data-particle_enable=\"false\" data-particle-mobile-disabled=\"false\" class=\"elementor-element elementor-element-9a04d3f e-flex e-con-boxed e-con e-parent\" data-id=\"9a04d3f\" data-element_type=\"container\" data-e-type=\"container\">\n\t\t\t\t\t<div class=\"e-con-inner\">\n\t\t\t\t<div class=\"elementor-element elementor-element-fd0a130 elementor-widget elementor-widget-heading\" data-id=\"fd0a130\" data-element_type=\"widget\" data-e-type=\"widget\" data-widget_type=\"heading.default\">\n\t\t\t\t\t<h3 class=\"elementor-heading-title elementor-size-default\">Una carrera que no vale (aparentemente)<\/h3>\t\t\t\t<\/div>\n\t\t\t\t\t<\/div>\n\t\t\t\t<\/div>\n\t\t<div data-particle_enable=\"false\" data-particle-mobile-disabled=\"false\" class=\"elementor-element elementor-element-4648a09 e-flex e-con-boxed e-con e-parent\" data-id=\"4648a09\" data-element_type=\"container\" data-e-type=\"container\">\n\t\t\t\t\t<div class=\"e-con-inner\">\n\t\t\t\t<div class=\"elementor-element elementor-element-c77886f elementor-widget elementor-widget-text-editor\" data-id=\"c77886f\" data-element_type=\"widget\" data-e-type=\"widget\" data-widget_type=\"text-editor.default\">\n\t\t\t\t\t\t\t\t\t<p><span style=\"color: var( --e-global-color-text ); text-align: var(--text-align);\">&#8220;Finalmente consegu\u00ed un trabajo. En realidad eran dos empleos, porque si no, no te alcanza. Aqu\u00ed no vale tu t\u00edtulo de diversificado o de universidad, porque aqu\u00ed vienes a trabajar de lo que sea&#8221;, relata Carlos quien en aquel momento era Publicista profesional graduado de la Universidad de San Carlos, lo cual le dio conocimientos de locuci\u00f3n, dise\u00f1o gr\u00e1fico y expresi\u00f3n escrita.\u00a0<\/span><\/p><p>&#8220;Pero ten\u00eda que empezar de cero, porque mi t\u00edtulo no val\u00eda. Intent\u00e9 validar esos t\u00edtulos, pero pr\u00e1cticamente hab\u00eda que estudiar otros cuatro o cinco a\u00f1os, volver a cursar todo. Y todo tiene un costo econ\u00f3mico que no pod\u00eda afrontar&#8221;.\u00a0<\/p><p>\u00a0<\/p><p><span style=\"color: var( --e-global-color-text ); text-align: var(--text-align);\">&#8220;Trabajaba en un Searse. Mi trabajo era ordenar la ropa uue la gente descompone o desordena. Es un trabajo de una y otra vez. Ganaba US$6.25 la hora, menos lo del seguro, el servicio m\u00e9dico y otras cuestiones. Al final del d\u00eda me quedaban como 25 d\u00f3lares en el d\u00eda. Por eso ten\u00eda otro trabajo&#8221;.\u00a0<\/span><\/p><p><span style=\"color: var( --e-global-color-text ); text-align: var(--text-align);\">&#8220;Hice de todo, repart\u00ed volantes y vend\u00ed seguros por tel\u00e9fono. En esto me iba bien, pero en eso sali\u00f3 una ley que prohib\u00eda vender por tel\u00e9fono ese tipo de seguros y ten\u00edas que sacar una licencia&#8221;.<\/span><\/p><p>&#8220;Entonces me met\u00ed a organizar eventos a amigos, compa\u00f1eros de trabajo. Cumplea\u00f1os, alguna boda o un festejo familiar. Les armaba todo para que no se preocuparan de nada&#8221;.<\/p>\t\t\t\t\t\t\t\t<\/div>\n\t\t\t\t\t<\/div>\n\t\t\t\t<\/div>\n\t\t<div data-particle_enable=\"false\" data-particle-mobile-disabled=\"false\" class=\"elementor-element elementor-element-29ba03a e-flex e-con-boxed e-con e-parent\" data-id=\"29ba03a\" data-element_type=\"container\" data-e-type=\"container\">\n\t\t\t\t\t<div class=\"e-con-inner\">\n\t\t\t\t<div class=\"elementor-element elementor-element-30386cc elementor-widget elementor-widget-image\" data-id=\"30386cc\" data-element_type=\"widget\" data-e-type=\"widget\" data-widget_type=\"image.default\">\n\t\t\t\t\t\t\t\t\t\t\t\t<figure class=\"wp-caption\">\n\t\t\t\t\t\t\t\t\t\t\t<a href=\"https:\/\/www.facebook.com\/p\/carlos-quilo-61551783990916\/\">\n\t\t\t\t\t\t\t<img decoding=\"async\" width=\"636\" height=\"642\" src=\"https:\/\/soymigrante.com\/revista\/wp-content\/uploads\/2024\/10\/carlos-quilo-articulos.webp\" class=\"attachment-large size-large wp-image-10579\" alt=\"Camisetas y mugs personalizados promocionales para eventos y empresas en SoyMigrante.com REVISTA.\" srcset=\"https:\/\/soymigrante.com\/revista\/wp-content\/uploads\/2024\/10\/carlos-quilo-articulos.webp 636w, https:\/\/soymigrante.com\/revista\/wp-content\/uploads\/2024\/10\/carlos-quilo-articulos-297x300.webp 297w, https:\/\/soymigrante.com\/revista\/wp-content\/uploads\/2024\/10\/carlos-quilo-articulos-150x150.webp 150w, https:\/\/soymigrante.com\/revista\/wp-content\/uploads\/2024\/10\/carlos-quilo-articulos-75x75.webp 75w\" sizes=\"(max-width: 636px) 100vw, 636px\" title=\"Si lo puedes imaginar, lo puedes describir y si lo puedes describir, se puede hacer. Carlos Quilo trabaja una gama de opciones de promocionales, con posibilidad de env\u00edo a todo EE.UU.  Su FB de contacto est\u00e1 al dar clic en la foto. \u2013 SoyMigrante.com REVISTA\" \/>\t\t\t\t\t\t\t\t<\/a>\n\t\t\t\t\t\t\t\t\t\t\t<figcaption class=\"widget-image-caption wp-caption-text\">Im\u00e1genes de camisetas, tazas y art\u00edculos promocionales personalizados disponibles en SoyMigrante.com REVISTA, ideales para branding y marketing en eventos culturales y empresariales.<\/figcaption>\n\t\t\t\t\t\t\t\t\t\t<\/figure>\n\t\t\t\t\t\t\t\t\t<\/div>\n\t\t\t\t\t<\/div>\n\t\t\t\t<\/div>\n\t\t<div data-particle_enable=\"false\" data-particle-mobile-disabled=\"false\" class=\"elementor-element elementor-element-615eff9 e-flex e-con-boxed e-con e-parent\" data-id=\"615eff9\" data-element_type=\"container\" data-e-type=\"container\">\n\t\t\t\t\t<div class=\"e-con-inner\">\n\t\t\t\t<div class=\"elementor-element elementor-element-ff4ae40 elementor-widget elementor-widget-heading\" data-id=\"ff4ae40\" data-element_type=\"widget\" data-e-type=\"widget\" data-widget_type=\"heading.default\">\n\t\t\t\t\t<h4 class=\"elementor-heading-title elementor-size-default\">\u00bfY c\u00f3mo surgen los art\u00edculos promocionales?<\/h4>\t\t\t\t<\/div>\n\t\t\t\t\t<\/div>\n\t\t\t\t<\/div>\n\t\t<div data-particle_enable=\"false\" data-particle-mobile-disabled=\"false\" class=\"elementor-element elementor-element-2aa2da2 e-flex e-con-boxed e-con e-parent\" data-id=\"2aa2da2\" data-element_type=\"container\" data-e-type=\"container\">\n\t\t\t\t\t<div class=\"e-con-inner\">\n\t\t\t\t<div class=\"elementor-element elementor-element-56adc7e elementor-widget elementor-widget-text-editor\" data-id=\"56adc7e\" data-element_type=\"widget\" data-e-type=\"widget\" data-widget_type=\"text-editor.default\">\n\t\t\t\t\t\t\t\t\t<p><span style=\"color: var( --e-global-color-text ); text-align: var(--text-align);\">&#8220;La crisis del 2008-2009 fue devastadora. El mercado cay\u00f3, todo mundo entr\u00f3 en problemas econ\u00f3micos. Fue terrible. Entonces se me ocurri\u00f3 comenzar a hacer playeras promocionales, para eventos o para peque\u00f1os negocios. Me hac\u00edan peque\u00f1os encargos y los entregaba. As\u00ed me empec\u00e9 a hacer nombre y me llegaban otros pedidos&#8221;.<\/span><\/p><p>&#8220;Compa\u00f1eros de trabajo me dec\u00edan: necesito unas playeras para un viaje familiar o para unas vacaciones. Pap\u00e1, Mam\u00e1, Hijo, Hija, BEb\u00e9\u2026 algo as\u00ed. Las personalizaba con mu\u00f1equitos o nombres. Les daba buen precio, pero poco a poco se corri\u00f3 la voz y me llegaron m\u00e1s clientes&#8221;.<\/p><p>Carlos Quilo se expandi\u00f3 a la producci\u00f3n de todo tipo de accesorios promocionales: desde lapiceros hasta tarros cerveceros, prendas de vestir. Incluso comenz\u00f3 a pensar en abrir una tienda pero en eso lleg\u00f3 la pandemia.<\/p>\t\t\t\t\t\t\t\t<\/div>\n\t\t\t\t\t<\/div>\n\t\t\t\t<\/div>\n\t\t<div data-particle_enable=\"false\" data-particle-mobile-disabled=\"false\" class=\"elementor-element elementor-element-55c22bd e-flex e-con-boxed e-con e-parent\" data-id=\"55c22bd\" data-element_type=\"container\" data-e-type=\"container\">\n\t\t\t\t\t<div class=\"e-con-inner\">\n\t\t\t\t<div class=\"elementor-element elementor-element-8ff635c elementor-widget elementor-widget-image\" data-id=\"8ff635c\" data-element_type=\"widget\" data-e-type=\"widget\" data-widget_type=\"image.default\">\n\t\t\t\t\t\t\t\t\t\t\t\t<figure class=\"wp-caption\">\n\t\t\t\t\t\t\t\t\t\t\t<a href=\"https:\/\/www.facebook.com\/groups\/597117970479223\/user\/61551783990916\/\">\n\t\t\t\t\t\t\t<img loading=\"lazy\" decoding=\"async\" width=\"576\" height=\"725\" src=\"https:\/\/soymigrante.com\/revista\/wp-content\/uploads\/2024\/10\/Captura-de-pantalla-2024-10-21-120807.webp\" class=\"attachment-large size-large wp-image-10580\" alt=\"Chuchos guatemaltecos rellenos de pollo, receta tradicional, comida t\u00edpica de Guatemala, tama\u00f1o grande, ideal para compartir, sabor aut\u00e9ntico, comida callejera, chuchitos tradicionales, comida centroamericana.\" srcset=\"https:\/\/soymigrante.com\/revista\/wp-content\/uploads\/2024\/10\/Captura-de-pantalla-2024-10-21-120807.webp 576w, https:\/\/soymigrante.com\/revista\/wp-content\/uploads\/2024\/10\/Captura-de-pantalla-2024-10-21-120807-238x300.webp 238w\" sizes=\"(max-width: 576px) 100vw, 576px\" title=\"Qui\u00e9n lo iba a decir. Las recetas de su mam\u00e1 y de su abuelita se convirtieron en otro potencial de negocio para el migrante guatemalteco Carlos Quilo en Los Angeles. Promociona sus comidas chapinas en varios foros de redes sociales. \u2013 SoyMigrante.com REVISTA\" \/>\t\t\t\t\t\t\t\t<\/a>\n\t\t\t\t\t\t\t\t\t\t\t<figcaption class=\"widget-image-caption wp-caption-text\">Chuchos guatemaltecos rellenos de pollo, receta tradicional con pollo y masa de ma\u00edz, ideales para disfrutar en familia. Descubre los chuchitos cl\u00e1sicos, comida t\u00edpica de Guatemala, en tama\u00f1o grande, perfectos para compartir en cualquier ocasi\u00f3n.<\/figcaption>\n\t\t\t\t\t\t\t\t\t\t<\/figure>\n\t\t\t\t\t\t\t\t\t<\/div>\n\t\t\t\t\t<\/div>\n\t\t\t\t<\/div>\n\t\t<div data-particle_enable=\"false\" data-particle-mobile-disabled=\"false\" class=\"elementor-element elementor-element-f9b7b19 e-flex e-con-boxed e-con e-parent\" data-id=\"f9b7b19\" data-element_type=\"container\" data-e-type=\"container\">\n\t\t\t\t\t<div class=\"e-con-inner\">\n\t\t\t\t<div class=\"elementor-element elementor-element-dfdbb1d elementor-widget elementor-widget-heading\" data-id=\"dfdbb1d\" data-element_type=\"widget\" data-e-type=\"widget\" data-widget_type=\"heading.default\">\n\t\t\t\t\t<h2 class=\"elementor-heading-title elementor-size-default\">Muchos kilos de ingenio e ingredientes chapines<\/h2>\t\t\t\t<\/div>\n\t\t\t\t\t<\/div>\n\t\t\t\t<\/div>\n\t\t<div data-particle_enable=\"false\" data-particle-mobile-disabled=\"false\" class=\"elementor-element elementor-element-10b7179 e-flex e-con-boxed e-con e-parent\" data-id=\"10b7179\" data-element_type=\"container\" data-e-type=\"container\">\n\t\t\t\t\t<div class=\"e-con-inner\">\n\t\t\t\t<div class=\"elementor-element elementor-element-0b2e5fe elementor-widget elementor-widget-text-editor\" data-id=\"0b2e5fe\" data-element_type=\"widget\" data-e-type=\"widget\" data-widget_type=\"text-editor.default\">\n\t\t\t\t\t\t\t\t\t<p><span style=\"color: var( --e-global-color-text ); text-align: var(--text-align);\">\u00a0Al preguntarle: \u00bfCarlos y como saliste adelante en los meses de pandemia? responde con naturalidad.\u00a0<\/span><\/p><p><span style=\"color: var( --e-global-color-text ); text-align: var(--text-align);\">&#8220;Como buen chap\u00edn uno se las ingenia. Me doy cuenta de que aqu\u00ed sales a la calle y lo primero que encuentras es un taco o pupusas, pero no hab\u00eda platillos chapines disnponibles. Entonces empec\u00e9 a preparar pepi\u00e1n, joc\u00f3n, tamales, paches, chuchitos. Hasta revolcado de cerdo aprend\u00ed a hacer&#8221;.<\/span><\/p><p>\u00a0<\/p>\t\t\t\t\t\t\t\t<\/div>\n\t\t\t\t\t<\/div>\n\t\t\t\t<\/div>\n\t\t<div data-particle_enable=\"false\" data-particle-mobile-disabled=\"false\" class=\"elementor-element elementor-element-72b46f2 e-flex e-con-boxed e-con e-parent\" data-id=\"72b46f2\" data-element_type=\"container\" data-e-type=\"container\">\n\t\t\t\t\t<div class=\"e-con-inner\">\n\t\t\t\t<div class=\"elementor-element elementor-element-10992be elementor-widget elementor-widget-text-editor\" data-id=\"10992be\" data-element_type=\"widget\" data-e-type=\"widget\" data-widget_type=\"text-editor.default\">\n\t\t\t\t\t\t\t\t\t<p><span style=\"color: var( --e-global-color-text ); text-align: var(--text-align);\">-\u00bfY de d\u00f3nde salieron las recetas?<\/span><\/p><p><span style=\"color: var( --e-global-color-text ); text-align: var(--text-align);\">&#8220;Yo desde ni\u00f1o miraba a mi mam\u00e1 y a mi abuelita preparar todos esos platillos. No los hab\u00eda hecho, pero les mand\u00e9 a pedir las recetas de la familia. Escarb\u00e9 la memoria y record\u00e9 algunos detalles del proceso, le preguntaba otros a mi mam\u00e1 y as\u00ed fue llegando el sabor de una familia de la zona 5 a Los Angeles2.\u00a0<\/span><\/p><p><span style=\"color: var( --e-global-color-text ); text-align: var(--text-align);\">&#8220;Los primeros tamales los daba a dos d\u00f3lares y a la siguiente semana ya me estaban preguntando si iba a haber m\u00e1s el s\u00e1bado. Un amigo me encargaba 10, otro me ped\u00eda 20 y otro 10 m\u00e1s&#8230; y as\u00ed llegaba a hacer 150 a 200 tamales por semana. Hay jueves de paches y mi\u00e9rcoles de chuchitos, Ya no valen 2 d\u00f3lares, pero se venden&#8221;.<\/span><\/p><p>S\u00ed, todos esos kilos del sabor e ingenio de Carlos Quilo contin\u00faan a la fecha, sin dejar de lado el negocio de los promocionales que tambi\u00e9n contin\u00faa ofreciendo a trav\u00e9s de su perfil de Facebook.\u00a0<\/p><p><span style=\"color: var( --e-global-color-text ); text-align: var(--text-align);\">&#8220;El men\u00fa sigue creciendo, porque hacemos ceviche chap\u00edn, deviche peruano, mexicano, salvadore\u00f1o&#8230; cada uno es distinto.\u00a0 Tenemos de camar\u00f3n, de pescado, mixto. Tambi\u00e9n hacemos kak ik (caldo de pavo de Alta Verapaz), chom\u00edn, tacos. Todo por encargo y con entrega a domicilio&#8221;.<\/span><\/p><p>\u00a0<\/p>\t\t\t\t\t\t\t\t<\/div>\n\t\t\t\t\t<\/div>\n\t\t\t\t<\/div>\n\t\t<div data-particle_enable=\"false\" data-particle-mobile-disabled=\"false\" class=\"elementor-element elementor-element-1498f10 e-flex e-con-boxed e-con e-parent\" data-id=\"1498f10\" data-element_type=\"container\" data-e-type=\"container\">\n\t\t\t\t\t<div class=\"e-con-inner\">\n\t\t\t\t<div class=\"elementor-element elementor-element-8254395 elementor-widget elementor-widget-image\" data-id=\"8254395\" data-element_type=\"widget\" data-e-type=\"widget\" data-widget_type=\"image.default\">\n\t\t\t\t\t\t\t\t\t\t\t\t<figure class=\"wp-caption\">\n\t\t\t\t\t\t\t\t\t\t<img loading=\"lazy\" decoding=\"async\" width=\"768\" height=\"576\" src=\"https:\/\/soymigrante.com\/revista\/wp-content\/uploads\/2024\/10\/guatemala-carlos-quilo-1-1024x768.webp\" class=\"attachment-large size-large wp-image-10582\" alt=\"Viaje de migrante en aeropuerto, personas con equipaje esperando abordar, con enfoque en movilidad y migraci\u00f3n, en un entorno urbano con estructura moderna y actividad intensa.\" srcset=\"https:\/\/soymigrante.com\/revista\/wp-content\/uploads\/2024\/10\/guatemala-carlos-quilo-1-1024x768.webp 1024w, https:\/\/soymigrante.com\/revista\/wp-content\/uploads\/2024\/10\/guatemala-carlos-quilo-1-300x225.webp 300w, https:\/\/soymigrante.com\/revista\/wp-content\/uploads\/2024\/10\/guatemala-carlos-quilo-1-768x576.webp 768w, https:\/\/soymigrante.com\/revista\/wp-content\/uploads\/2024\/10\/guatemala-carlos-quilo-1-1536x1152.webp 1536w, https:\/\/soymigrante.com\/revista\/wp-content\/uploads\/2024\/10\/guatemala-carlos-quilo-1-750x563.webp 750w, https:\/\/soymigrante.com\/revista\/wp-content\/uploads\/2024\/10\/guatemala-carlos-quilo-1-1140x855.webp 1140w, https:\/\/soymigrante.com\/revista\/wp-content\/uploads\/2024\/10\/guatemala-carlos-quilo-1.webp 1920w\" sizes=\"(max-width: 768px) 100vw, 768px\" title=\"Fotograf\u00eda de cuando Carlos Quilo regres\u00f3 a Estados Unidos despu\u00e9s de haber podido viajar a Guatemala tras 16 a\u00f1os de ausencia. Llevaba las maletas a\u00fan m\u00e1s llenas de sue\u00f1os, con m\u00e1s inspiraci\u00f3n y amor por su patria. \u2013 SoyMigrante.com REVISTA\" \/>\t\t\t\t\t\t\t\t\t\t\t<figcaption class=\"widget-image-caption wp-caption-text\">Persona viajando en aeropuerto con equipaje y fondo de pasajeros y estructuras modernas.<\/figcaption>\n\t\t\t\t\t\t\t\t\t\t<\/figure>\n\t\t\t\t\t\t\t\t\t<\/div>\n\t\t\t\t\t<\/div>\n\t\t\t\t<\/div>\n\t\t<div data-particle_enable=\"false\" data-particle-mobile-disabled=\"false\" class=\"elementor-element elementor-element-ce98833 e-flex e-con-boxed e-con e-parent\" data-id=\"ce98833\" data-element_type=\"container\" data-e-type=\"container\">\n\t\t\t\t\t<div class=\"e-con-inner\">\n\t\t\t\t<div class=\"elementor-element elementor-element-f508fe6 elementor-widget elementor-widget-heading\" data-id=\"f508fe6\" data-element_type=\"widget\" data-e-type=\"widget\" data-widget_type=\"heading.default\">\n\t\t\t\t\t<h2 class=\"elementor-heading-title elementor-size-default\">El anhelado regreso a visitar Guatemala<\/h2>\t\t\t\t<\/div>\n\t\t\t\t\t<\/div>\n\t\t\t\t<\/div>\n\t\t<div data-particle_enable=\"false\" data-particle-mobile-disabled=\"false\" class=\"elementor-element elementor-element-9f7e95e e-flex e-con-boxed e-con e-parent\" data-id=\"9f7e95e\" data-element_type=\"container\" data-e-type=\"container\">\n\t\t\t\t\t<div class=\"e-con-inner\">\n\t\t\t\t<div class=\"elementor-element elementor-element-25e49c5 elementor-widget elementor-widget-text-editor\" data-id=\"25e49c5\" data-element_type=\"widget\" data-e-type=\"widget\" data-widget_type=\"text-editor.default\">\n\t\t\t\t\t\t\t\t\t<p><span style=\"color: var( --e-global-color-text ); text-align: var(--text-align);\">Carlos Quilo pudo regularizar su situaci\u00f3n migratoria y regres\u00f3 a Guatemala despu\u00e9s de 16 a\u00f1os en 2020. &#8220;Fue algo especial, ten\u00eda un nerviosismo y una emoci\u00f3n. No sab\u00eda si me iban a dejar entrar a mi patria, pero ansiaba volver&#8221;.\u00a0<\/span><\/p><p><span style=\"color: var( --e-global-color-text ); text-align: var(--text-align);\">Carlos sigue adelante y deja a los lectores de soymigrante.com un mensaje:<\/span><\/p><p><span style=\"color: var( --e-global-color-text ); text-align: var(--text-align);\">&#8220;Yo siempre voy a exaltar a mi patria, a esos colores magn\u00edficos que me vieron crecer y les digo a mis compatriotas que cada ca\u00edda que tienen es buena.\u00a0<\/span><\/p><p>porque eso te va a ense\u00f1ar a levantarte. Porque no te sirve de nada estar arriba sin haber aprendido de cuantas veces te has ca\u00eddo. Si en este momento est\u00e1s en un momento dif\u00edcil, amigo chap\u00edn, hermano guatemalteco, lev\u00e1ntate, t\u00fa puedes\u00a0 t\u00fa sabes c\u00f3mo levantarte porque nosotros somos como el Quetzal, volamos muy alto&#8221;.<\/p>\t\t\t\t\t\t\t\t<\/div>\n\t\t\t\t\t<\/div>\n\t\t\t\t<\/div>\n\t\t<div data-particle_enable=\"false\" data-particle-mobile-disabled=\"false\" class=\"elementor-element elementor-element-c306cdd e-flex e-con-boxed e-con e-parent\" data-id=\"c306cdd\" data-element_type=\"container\" data-e-type=\"container\">\n\t\t\t\t\t<div class=\"e-con-inner\">\n\t\t\t\t<div class=\"elementor-element elementor-element-1734344 elementor-invisible elementor-widget elementor-widget-testimonial\" data-id=\"1734344\" data-element_type=\"widget\" data-e-type=\"widget\" data-settings=\"{&quot;_animation&quot;:&quot;rotateInUpLeft&quot;}\" data-widget_type=\"testimonial.default\">\n\t\t\t\t\t\t\t<div class=\"elementor-testimonial-wrapper\">\n\t\t\t\t\t\t\t<div class=\"elementor-testimonial-content\">\"Yo les digo a mis compatriotas que cada ca\u00edda que tienen es buena,\nporque eso te va a ense\u00f1ar a levantarte. Lo digo por experiencia. Porque no te sirve de nada estar arriba sin haber aprendido de cuantas veces te has ca\u00eddo. Si en este momento est\u00e1s en un momento dif\u00edcil, amigo chap\u00edn, hermano guatemalteco, lev\u00e1ntate, t\u00fa puedes  t\u00fa sabes c\u00f3mo levantarte porque nosotros somos como el Quetzal, volamos muy alto\".<\/div>\n\t\t\t\n\t\t\t\t\t\t<div class=\"elementor-testimonial-meta elementor-has-image elementor-testimonial-image-position-aside\">\n\t\t\t\t<div class=\"elementor-testimonial-meta-inner\">\n\t\t\t\t\t\t\t\t\t\t\t<div class=\"elementor-testimonial-image\">\n\t\t\t\t\t\t\t<img loading=\"lazy\" decoding=\"async\" width=\"1272\" height=\"1272\" src=\"https:\/\/soymigrante.com\/revista\/wp-content\/uploads\/2024\/10\/carlos-quilo-guatemalteco-4.webp\" class=\"attachment-full size-full wp-image-10571\" alt=\"Trabajador migrante mostrando un objeto en oficina, enfoque en cultura migrante y trabajo en el extranjero para revista SoyMigrante.com.\" title=\"carlos quilo guatemalteco 4 \u2013 SoyMigrante.com REVISTA\" srcset=\"https:\/\/soymigrante.com\/revista\/wp-content\/uploads\/2024\/10\/carlos-quilo-guatemalteco-4.webp 1272w, https:\/\/soymigrante.com\/revista\/wp-content\/uploads\/2024\/10\/carlos-quilo-guatemalteco-4-300x300.webp 300w, https:\/\/soymigrante.com\/revista\/wp-content\/uploads\/2024\/10\/carlos-quilo-guatemalteco-4-1024x1024.webp 1024w, https:\/\/soymigrante.com\/revista\/wp-content\/uploads\/2024\/10\/carlos-quilo-guatemalteco-4-150x150.webp 150w, https:\/\/soymigrante.com\/revista\/wp-content\/uploads\/2024\/10\/carlos-quilo-guatemalteco-4-768x768.webp 768w, https:\/\/soymigrante.com\/revista\/wp-content\/uploads\/2024\/10\/carlos-quilo-guatemalteco-4-75x75.webp 75w, https:\/\/soymigrante.com\/revista\/wp-content\/uploads\/2024\/10\/carlos-quilo-guatemalteco-4-750x750.webp 750w, https:\/\/soymigrante.com\/revista\/wp-content\/uploads\/2024\/10\/carlos-quilo-guatemalteco-4-1140x1140.webp 1140w\" sizes=\"(max-width: 1272px) 100vw, 1272px\" \/>\t\t\t\t\t\t<\/div>\n\t\t\t\t\t\n\t\t\t\t\t\t\t\t\t\t<div class=\"elementor-testimonial-details\">\n\t\t\t\t\t\t\t\t\t\t\t\t\t\t<div class=\"elementor-testimonial-name\">Carlos Quilo<\/div>\n\t\t\t\t\t\t\t\t\t\t\t\t\t\t\t\t\t\t\t\t\t\t<div class=\"elementor-testimonial-job\">Migrante y emprendedor guatemalteco en Los Angeles<\/div>\n\t\t\t\t\t\t\t\t\t\t\t\t\t<\/div>\n\t\t\t\t\t\t\t\t\t<\/div>\n\t\t\t<\/div>\n\t\t\t\t\t<\/div>\n\t\t\t\t\t\t<\/div>\n\t\t\t\t\t<\/div>\n\t\t\t\t<\/div>\n\t\t<div data-particle_enable=\"false\" data-particle-mobile-disabled=\"false\" class=\"elementor-element elementor-element-f8c47e3 e-flex e-con-boxed e-con e-parent\" data-id=\"f8c47e3\" data-element_type=\"container\" data-e-type=\"container\">\n\t\t\t\t\t<div class=\"e-con-inner\">\n\t\t\t\t<div class=\"elementor-element elementor-element-94c28b4 elementor-widget elementor-widget-heading\" data-id=\"94c28b4\" data-element_type=\"widget\" data-e-type=\"widget\" data-widget_type=\"heading.default\">\n\t\t\t\t\t<h2 class=\"elementor-heading-title elementor-size-default\">M\u00e1s ingenio y emprendimientos guatemaltecos<\/h2>\t\t\t\t<\/div>\n\t\t\t\t\t<\/div>\n\t\t\t\t<\/div>\n\t\t<div data-particle_enable=\"false\" data-particle-mobile-disabled=\"false\" class=\"elementor-element elementor-element-526e770 e-flex e-con-boxed e-con e-parent\" data-id=\"526e770\" data-element_type=\"container\" data-e-type=\"container\">\n\t\t\t\t\t<div class=\"e-con-inner\">\n\t\t\t\t<div class=\"elementor-element elementor-element-ec1517f elementor-grid-eael-col-3 elementor-grid-tablet-eael-col-2 elementor-grid-mobile-eael-col-1 elementor-widget elementor-widget-eael-post-grid\" data-id=\"ec1517f\" data-element_type=\"widget\" data-e-type=\"widget\" data-settings=\"{&quot;eael_post_grid_columns&quot;:&quot;eael-col-3&quot;,&quot;eael_post_grid_columns_tablet&quot;:&quot;eael-col-2&quot;,&quot;eael_post_grid_columns_mobile&quot;:&quot;eael-col-1&quot;}\" data-widget_type=\"eael-post-grid.default\">\n\t\t\t\t\t<div id=\"eael-post-grid-ec1517f\" class=\"eael-post-grid-container\">\n            <div class=\"eael-post-grid eael-post-appender eael-post-appender-ec1517f eael-post-grid-style-one\" data-layout-mode=\"masonry\"><article class=\"eael-grid-post  eael-post-grid-column eael-pg-post-10385 category-guate-nuestra tags-mercado-emprendedores\" data-id=\"10385\">\n        <div class=\"eael-grid-post-holder\">\n            <div class=\"eael-grid-post-holder-inner\"><div class=\"eael-entry-media\"><div class=\"eael-entry-overlay fade-in\"><i class=\"far fa-hand-pointer\" aria-hidden=\"true\"><\/i><a href=\"https:\/\/soymigrante.com\/revista\/cooperativa-yax-transforma-una-planta-recicladora-en-huehuetenango-que-crea-y-genera-empleo\/\"><\/a><\/div><div class=\"eael-entry-thumbnail \">\n                <img loading=\"lazy\" decoding=\"async\" width=\"1024\" height=\"1024\" src=\"https:\/\/soymigrante.com\/revista\/wp-content\/uploads\/2024\/10\/yax-transforma-1024x1024.webp\" class=\"attachment-large size-large wp-image-10489\" alt=\"Transformaci\u00f3n social en eventos de SoyMigrante.com REVISTA, promoviendo inclusi\u00f3n y derechos de migrantes en Am\u00e9rica Latina.\" srcset=\"https:\/\/soymigrante.com\/revista\/wp-content\/uploads\/2024\/10\/yax-transforma-1024x1024.webp 1024w, https:\/\/soymigrante.com\/revista\/wp-content\/uploads\/2024\/10\/yax-transforma-300x300.webp 300w, https:\/\/soymigrante.com\/revista\/wp-content\/uploads\/2024\/10\/yax-transforma-150x150.webp 150w, https:\/\/soymigrante.com\/revista\/wp-content\/uploads\/2024\/10\/yax-transforma-768x768.webp 768w, https:\/\/soymigrante.com\/revista\/wp-content\/uploads\/2024\/10\/yax-transforma-75x75.webp 75w, https:\/\/soymigrante.com\/revista\/wp-content\/uploads\/2024\/10\/yax-transforma-750x750.webp 750w, https:\/\/soymigrante.com\/revista\/wp-content\/uploads\/2024\/10\/yax-transforma.webp 1049w\" sizes=\"(max-width: 1024px) 100vw, 1024px\" \/>\n            <\/div>\n        <\/div><div class=\"eael-entry-wrapper\"><header class=\"eael-entry-header\"><h2 class=\"eael-entry-title\"><a class=\"eael-grid-post-link\" href=\"https:\/\/soymigrante.com\/revista\/cooperativa-yax-transforma-una-planta-recicladora-en-huehuetenango-que-crea-y-genera-empleo\/\" title=\"Yax Transforma recolecta pl\u00e1stico y lo convierte en tablas, mesas, postes y&#8230; empleos\">Yax Transforma recolecta pl\u00e1stico y lo convierte en tablas, mesas, postes y&#8230; empleos<\/a><\/h2><\/header><div class=\"eael-entry-content\">\n                        <div class=\"eael-grid-post-excerpt\"><a href=\"https:\/\/soymigrante.com\/revista\/cooperativa-yax-transforma-una-planta-recicladora-en-huehuetenango-que-crea-y-genera-empleo\/\" class=\"eael-post-elements-readmore-btn\">CONOCE SU HISTORIA <\/a><\/div>\n                    <\/div><\/div><\/div>\n        <\/div>\n    <\/article><article class=\"eael-grid-post  eael-post-grid-column eael-pg-post-2511 category-exitos\" data-id=\"2511\">\n        <div class=\"eael-grid-post-holder\">\n            <div class=\"eael-grid-post-holder-inner\"><div class=\"eael-entry-media\"><div class=\"eael-entry-overlay fade-in\"><i class=\"far fa-hand-pointer\" aria-hidden=\"true\"><\/i><a href=\"https:\/\/soymigrante.com\/revista\/migrante-guatemalteca-cory-tzul-emprendio-su-negocio-en-alabama-y-crea-empleo-en-toto\/\"><\/a><\/div><div class=\"eael-entry-thumbnail \">\n                <img loading=\"lazy\" decoding=\"async\" width=\"508\" height=\"416\" src=\"https:\/\/soymigrante.com\/revista\/wp-content\/uploads\/2023\/09\/Captura-de-pantalla-2023-09-09-131440.webp\" class=\"attachment-large size-large wp-image-2531\" alt=\"\" srcset=\"https:\/\/soymigrante.com\/revista\/wp-content\/uploads\/2023\/09\/Captura-de-pantalla-2023-09-09-131440.webp 508w, https:\/\/soymigrante.com\/revista\/wp-content\/uploads\/2023\/09\/Captura-de-pantalla-2023-09-09-131440-300x246.webp 300w\" sizes=\"(max-width: 508px) 100vw, 508px\" \/>\n            <\/div>\n        <\/div><div class=\"eael-entry-wrapper\"><header class=\"eael-entry-header\"><h2 class=\"eael-entry-title\"><a class=\"eael-grid-post-link\" href=\"https:\/\/soymigrante.com\/revista\/migrante-guatemalteca-cory-tzul-emprendio-su-negocio-en-alabama-y-crea-empleo-en-toto\/\" title=\"Migrante guatemalteca Cori Tzul emprendi\u00f3  negocio en Alabama y genera empleo en su natal  Totonicap\u00e1n\">Migrante guatemalteca Cori Tzul emprendi\u00f3  negocio en Alabama y genera empleo en su natal  Totonicap\u00e1n<\/a><\/h2><\/header><div class=\"eael-entry-content\">\n                        <div class=\"eael-grid-post-excerpt\"><a href=\"https:\/\/soymigrante.com\/revista\/migrante-guatemalteca-cory-tzul-emprendio-su-negocio-en-alabama-y-crea-empleo-en-toto\/\" class=\"eael-post-elements-readmore-btn\">CONOCE SU HISTORIA <\/a><\/div>\n                    <\/div><\/div><\/div>\n        <\/div>\n    <\/article><article class=\"eael-grid-post  eael-post-grid-column eael-pg-post-2292 category-exitos\" data-id=\"2292\">\n        <div class=\"eael-grid-post-holder\">\n            <div class=\"eael-grid-post-holder-inner\"><div class=\"eael-entry-media\"><div class=\"eael-entry-overlay fade-in\"><i class=\"far fa-hand-pointer\" aria-hidden=\"true\"><\/i><a href=\"https:\/\/soymigrante.com\/revista\/sandy-castillo-emprendedora-guatemalteca-eeuu\/\"><\/a><\/div><div class=\"eael-entry-thumbnail \">\n                <img loading=\"lazy\" decoding=\"async\" width=\"980\" height=\"783\" src=\"https:\/\/soymigrante.com\/revista\/wp-content\/uploads\/2023\/08\/sandy.webp\" class=\"attachment-large size-large wp-image-2295\" alt=\"\" srcset=\"https:\/\/soymigrante.com\/revista\/wp-content\/uploads\/2023\/08\/sandy.webp 980w, https:\/\/soymigrante.com\/revista\/wp-content\/uploads\/2023\/08\/sandy-300x240.webp 300w, https:\/\/soymigrante.com\/revista\/wp-content\/uploads\/2023\/08\/sandy-768x614.webp 768w, https:\/\/soymigrante.com\/revista\/wp-content\/uploads\/2023\/08\/sandy-750x599.webp 750w\" sizes=\"(max-width: 980px) 100vw, 980px\" \/>\n            <\/div>\n        <\/div><div class=\"eael-entry-wrapper\"><header class=\"eael-entry-header\"><h2 class=\"eael-entry-title\"><a class=\"eael-grid-post-link\" href=\"https:\/\/soymigrante.com\/revista\/sandy-castillo-emprendedora-guatemalteca-eeuu\/\" title=\"Sandy Castillo: De Migrante a emprendedora en EE.UU.\">Sandy Castillo: De Migrante a emprendedora en EE.UU.<\/a><\/h2><\/header><div class=\"eael-entry-content\">\n                        <div class=\"eael-grid-post-excerpt\"><a href=\"https:\/\/soymigrante.com\/revista\/sandy-castillo-emprendedora-guatemalteca-eeuu\/\" class=\"eael-post-elements-readmore-btn\">CONOCE SU HISTORIA <\/a><\/div>\n                    <\/div><\/div><\/div>\n        <\/div>\n    <\/article><\/div>\n            <div class=\"clearfix\"><\/div>\n        <\/div>\t\t\t\t<\/div>\n\t\t\t\t\t<\/div>\n\t\t\t\t<\/div>\n\t\t\t\t<\/div>\n\t\t","protected":false},"excerpt":{"rendered":"<p>Carlos Quilo es un migrante y emprendedor chap\u00edn en Los Angeles: elabora productos promocionales y suvenires al gusto del cliente; pero tambi\u00e9n el sabor de la comida chapina, con las recetas de su mam\u00e1 y su abuelita le acompa\u00f1an en su esfuerzo. Esta es su historia. Carlos Quilo nunca se rinde: por m\u00e1s dif\u00edcil que [&hellip;]<\/p>\n","protected":false},"author":7,"featured_media":10571,"comment_status":"open","ping_status":"open","sticky":false,"template":"","format":"standard","meta":{"_acf_changed":false,"_eb_attr":"","footnotes":""},"categories":[50],"tags":[],"class_list":["post-10570","post","type-post","status-publish","format-standard","has-post-thumbnail","hentry","category-exitos"],"acf":[],"aioseo_notices":[],"aioseo_head":"\n\t\t<!-- All in One SEO Pro 4.9.6.2 - aioseo.com -->\n\t<meta name=\"description\" content=\"Sandy Castillo, originaria de Guatemala, supera adversidades como migrante y se convierte en una emprendedora exitosa en EE.UU.\" \/>\n\t<meta name=\"robots\" content=\"max-snippet:-1, max-image-preview:large, max-video-preview:-1\" \/>\n\t<meta name=\"author\" content=\"Diana Batz\"\/>\n\t<link rel=\"canonical\" href=\"https:\/\/soymigrante.com\/revista\/sandy-castillo-emprendedora-guatemalteca-eeuu\/\" \/>\n\t<meta name=\"generator\" content=\"All in One SEO Pro (AIOSEO) 4.9.6.2\" \/>\n\n\t\t<link rel=\"preconnect\" href=\"https:\/\/fonts.googleapis.com\" crossorigin>\n<link rel=\"preconnect\" href=\"https:\/\/fonts.gstatic.com\" crossorigin>\n\t\t<meta property=\"og:locale\" content=\"es_ES\" \/>\n\t\t<meta property=\"og:site_name\" content=\"SoyMigrante.com REVISTA \u2013 Nuestra misi\u00f3n es reconocer y dignificar al migrante.\" \/>\n\t\t<meta property=\"og:type\" content=\"article\" \/>\n\t\t<meta property=\"og:title\" content=\"Sandy Castillo: De Migrante a emprendedora en EE.UU.\" \/>\n\t\t<meta property=\"og:description\" content=\"Sandy Castillo, originaria de Guatemala, supera adversidades como migrante y se convierte en una emprendedora exitosa en EE.UU.\" \/>\n\t\t<meta property=\"og:url\" content=\"https:\/\/soymigrante.com\/revista\/sandy-castillo-emprendedora-guatemalteca-eeuu\/\" \/>\n\t\t<meta property=\"og:image\" content=\"https:\/\/soymigrante.com\/revista\/wp-content\/uploads\/2023\/08\/sandy.webp\" \/>\n\t\t<meta property=\"og:image:secure_url\" content=\"https:\/\/soymigrante.com\/revista\/wp-content\/uploads\/2023\/08\/sandy.webp\" \/>\n\t\t<meta property=\"og:image:width\" content=\"980\" \/>\n\t\t<meta property=\"og:image:height\" content=\"783\" \/>\n\t\t<meta property=\"article:published_time\" content=\"2023-08-23T22:30:58+00:00\" \/>\n\t\t<meta property=\"article:modified_time\" content=\"2024-07-31T00:35:34+00:00\" \/>\n\t\t<meta property=\"article:publisher\" content=\"https:\/\/www.facebook.com\/soymigrantecom\" \/>\n\t\t<meta name=\"twitter:card\" content=\"summary_large_image\" \/>\n\t\t<meta name=\"twitter:site\" content=\"@SoyMigrante_com\" \/>\n\t\t<meta name=\"twitter:title\" content=\"Sandy Castillo: De Migrante a emprendedora en EE.UU.\" \/>\n\t\t<meta name=\"twitter:description\" content=\"Sandy Castillo, originaria de Guatemala, supera adversidades como migrante y se convierte en una emprendedora exitosa en EE.UU.\" \/>\n\t\t<meta name=\"twitter:creator\" content=\"@SoyMigrante_com\" \/>\n\t\t<meta name=\"twitter:image\" content=\"https:\/\/soymigrante.com\/revista\/wp-content\/uploads\/2023\/08\/sandy.webp\" \/>\n\t\t<!-- All in One SEO Pro -->\r\n\t\t<title>Sandy Castillo: De Migrante a emprendedora en EE.UU.<\/title>\n\n","aioseo_head_json":{"title":"Sandy Castillo: De Migrante a emprendedora en EE.UU.","description":"Sandy Castillo, originaria de Guatemala, supera adversidades como migrante y se convierte en una emprendedora exitosa en EE.UU.","canonical_url":"https:\/\/soymigrante.com\/revista\/sandy-castillo-emprendedora-guatemalteca-eeuu\/","robots":"max-snippet:-1, max-image-preview:large, max-video-preview:-1","keywords":"","webmasterTools":{"miscellaneous":"&lt;link rel=\"preconnect\" href=\"https:\/\/fonts.googleapis.com\" crossorigin&gt;\n&lt;link rel=\"preconnect\" href=\"https:\/\/fonts.gstatic.com\" crossorigin&gt;"},"schema":null,"og:locale":"es_ES","og:site_name":"SoyMigrante.com REVISTA \u2013 Nuestra misi\u00f3n es reconocer y dignificar al migrante.","og:type":"article","og:title":"Sandy Castillo: De Migrante a emprendedora en EE.UU.","og:description":"Sandy Castillo, originaria de Guatemala, supera adversidades como migrante y se convierte en una emprendedora exitosa en EE.UU.","og:url":"https:\/\/soymigrante.com\/revista\/sandy-castillo-emprendedora-guatemalteca-eeuu\/","og:image":"https:\/\/soymigrante.com\/revista\/wp-content\/uploads\/2023\/08\/sandy.webp","og:image:secure_url":"https:\/\/soymigrante.com\/revista\/wp-content\/uploads\/2023\/08\/sandy.webp","og:image:width":980,"og:image:height":783,"article:published_time":"2023-08-23T22:30:58+00:00","article:modified_time":"2024-07-31T00:35:34+00:00","article:publisher":"https:\/\/www.facebook.com\/soymigrantecom","twitter:card":"summary_large_image","twitter:site":"@SoyMigrante_com","twitter:title":"Sandy Castillo: De Migrante a emprendedora en EE.UU.","twitter:description":"Sandy Castillo, originaria de Guatemala, supera adversidades como migrante y se convierte en una emprendedora exitosa en EE.UU.","twitter:creator":"@SoyMigrante_com","twitter:image":"https:\/\/soymigrante.com\/revista\/wp-content\/uploads\/2023\/08\/sandy.webp"},"aioseo_meta_data":{"post_id":"10570","title":"Carlos Quilo innova, crea y se supera en LA con sabor chap\u00edn","description":"Carlos Quilo lleg\u00f3 a EE.UU. hace 19 a\u00f1os y no pudo ejercer su carrera. Hoy innova y crea gracias a sus ra\u00edces e identidad. Esta historia tiene kilos de superaci\u00f3n.","keywords":null,"keyphrases":{"focus":{"keyphrase":"Guatemalteco","score":50,"analysis":{"keyphraseInTitle":{"score":3,"maxScore":9,"error":1},"keyphraseInDescription":{"score":3,"maxScore":9,"error":1},"keyphraseLength":{"score":9,"maxScore":9,"error":0,"length":1},"keyphraseInURL":{"score":1,"maxScore":5,"error":1}}},"additional":[{"keyphrase":"Los Angeles","score":67,"analysis":{"keyphraseInDescription":{"score":3,"maxScore":9,"error":1},"keyphraseLength":{"score":9,"maxScore":9,"error":0,"length":2}}},{"keyphrase":"Migrante","score":67,"analysis":{"keyphraseInDescription":{"score":3,"maxScore":9,"error":1},"keyphraseLength":{"score":9,"maxScore":9,"error":0,"length":1}}}]},"primary_term":null,"canonical_url":null,"og_title":null,"og_description":null,"og_object_type":"default","og_image_type":"default","og_image_url":null,"og_image_width":null,"og_image_height":null,"og_image_custom_url":null,"og_image_custom_fields":null,"og_video":"","og_custom_url":null,"og_article_section":null,"og_article_tags":null,"twitter_use_og":false,"twitter_card":"default","twitter_image_type":"default","twitter_image_url":null,"twitter_image_custom_url":null,"twitter_image_custom_fields":null,"twitter_title":null,"twitter_description":null,"schema":{"blockGraphs":[],"customGraphs":[],"default":{"data":{"Article":[],"Course":[],"Dataset":[],"FAQPage":[],"Movie":[],"Person":[],"Product":[],"ProductReview":[],"Car":[],"Recipe":[],"Service":[],"SoftwareApplication":[],"WebPage":[]},"graphName":"Article","isEnabled":true},"graphs":[]},"schema_type":"default","schema_type_options":null,"pillar_content":false,"robots_default":true,"robots_noindex":false,"robots_noarchive":false,"robots_nosnippet":false,"robots_nofollow":false,"robots_noimageindex":false,"robots_noodp":false,"robots_notranslate":false,"robots_max_snippet":"-1","robots_max_videopreview":"-1","robots_max_imagepreview":"large","priority":null,"frequency":"default","local_seo":null,"seo_analyzer_scan_date":"2025-10-08 23:48:04","breadcrumb_settings":null,"limit_modified_date":false,"reviewed_by":null,"open_ai":"{\"title\":{\"suggestions\":[],\"usage\":0},\"description\":{\"suggestions\":[],\"usage\":0}}","ai":null,"created":"2024-10-21 17:16:41","updated":"2026-02-04 15:11:33"},"aioseo_breadcrumb":"<div class=\"aioseo-breadcrumbs\"><span class=\"aioseo-breadcrumb\">\n\t<a href=\"https:\/\/soymigrante.com\/revista\" title=\"Home\">Home<\/a>\n<\/span><span class=\"aioseo-breadcrumb-separator\">\u00bb<\/span><span class=\"aioseo-breadcrumb\">\n\t<a href=\"https:\/\/soymigrante.com\/revista\/category\/exitos\/\" title=\"\u00c9xitos\">\u00c9xitos<\/a>\n<\/span><span class=\"aioseo-breadcrumb-separator\">\u00bb<\/span><span class=\"aioseo-breadcrumb\">\n\tGuatemalteco Carlos Quilo crea, innova y se supera en Los Angeles con kilos de ingenio\n<\/span><\/div>","aioseo_breadcrumb_json":[{"label":"Home","link":"https:\/\/soymigrante.com\/revista"},{"label":"\u00c9xitos","link":"https:\/\/soymigrante.com\/revista\/category\/exitos\/"},{"label":"Guatemalteco Carlos Quilo crea, innova y se supera en Los Angeles con kilos de ingenio","link":"https:\/\/soymigrante.com\/revista\/guatemalteco-carlos-quilo-crea-innova-y-se-supera-en-los-angeles-con-kilos-de-ingenio\/"}],"_links":{"self":[{"href":"https:\/\/soymigrante.com\/revista\/wp-json\/wp\/v2\/posts\/10570","targetHints":{"allow":["GET"]}}],"collection":[{"href":"https:\/\/soymigrante.com\/revista\/wp-json\/wp\/v2\/posts"}],"about":[{"href":"https:\/\/soymigrante.com\/revista\/wp-json\/wp\/v2\/types\/post"}],"author":[{"embeddable":true,"href":"https:\/\/soymigrante.com\/revista\/wp-json\/wp\/v2\/users\/7"}],"replies":[{"embeddable":true,"href":"https:\/\/soymigrante.com\/revista\/wp-json\/wp\/v2\/comments?post=10570"}],"version-history":[{"count":0,"href":"https:\/\/soymigrante.com\/revista\/wp-json\/wp\/v2\/posts\/10570\/revisions"}],"wp:featuredmedia":[{"embeddable":true,"href":"https:\/\/soymigrante.com\/revista\/wp-json\/wp\/v2\/media\/10571"}],"wp:attachment":[{"href":"https:\/\/soymigrante.com\/revista\/wp-json\/wp\/v2\/media?parent=10570"}],"wp:term":[{"taxonomy":"category","embeddable":true,"href":"https:\/\/soymigrante.com\/revista\/wp-json\/wp\/v2\/categories?post=10570"},{"taxonomy":"post_tag","embeddable":true,"href":"https:\/\/soymigrante.com\/revista\/wp-json\/wp\/v2\/tags?post=10570"}],"curies":[{"name":"wp","href":"https:\/\/api.w.org\/{rel}","templated":true}]}}