{"id":10548,"date":"2024-10-22T15:15:11","date_gmt":"2024-10-22T21:15:11","guid":{"rendered":"https:\/\/soymigrante.com\/revista\/?p=10548"},"modified":"2024-11-01T13:59:58","modified_gmt":"2024-11-01T19:59:58","slug":"oportunidades-universitarias-para-migrantes-guatemaltecos","status":"publish","type":"post","link":"https:\/\/soymigrante.com\/revista\/oportunidades-universitarias-para-migrantes-guatemaltecos\/","title":{"rendered":"\u00bfOportunidades universitarias para migrantes guatemaltecos? Algunas claves"},"content":{"rendered":"\t\t<div data-elementor-type=\"wp-post\" data-elementor-id=\"10548\" class=\"elementor elementor-10548\" data-elementor-post-type=\"post\">\n\t\t\t\t<div data-particle_enable=\"false\" data-particle-mobile-disabled=\"false\" class=\"elementor-element elementor-element-aa65922 e-flex e-con-boxed e-con e-parent\" data-id=\"aa65922\" data-element_type=\"container\" data-e-type=\"container\">\n\t\t\t\t\t<div class=\"e-con-inner\">\n\t\t\t\t<div class=\"elementor-element elementor-element-ac44f47 elementor-widget elementor-widget-heading\" data-id=\"ac44f47\" data-element_type=\"widget\" data-e-type=\"widget\" data-widget_type=\"heading.default\">\n\t\t\t\t\t<h3 class=\"elementor-heading-title elementor-size-default\">La b\u00fasqueda de oportunidades universitarias para los migrantes guatemaltecos en Estados Unidos es un reto, pero no es imposible.\n<\/h3>\t\t\t\t<\/div>\n\t\t\t\t\t<\/div>\n\t\t\t\t<\/div>\n\t\t<div data-particle_enable=\"false\" data-particle-mobile-disabled=\"false\" class=\"elementor-element elementor-element-39df3c7 e-flex e-con-boxed e-con e-parent\" data-id=\"39df3c7\" data-element_type=\"container\" data-e-type=\"container\">\n\t\t\t\t\t<div class=\"e-con-inner\">\n\t\t\t\t<div class=\"elementor-element elementor-element-548bed8 elementor-widget elementor-widget-text-editor\" data-id=\"548bed8\" data-element_type=\"widget\" data-e-type=\"widget\" data-widget_type=\"text-editor.default\">\n\t\t\t\t\t\t\t\t\t<p>Para muchos migrantes guatemaltecos en Estados Unidos, <a href=\"https:\/\/soymigrante.com\/revista\/category\/mejor\/\" target=\"_blank\" rel=\"noopener\">acceder a una educaci\u00f3n universitaria representa no solo un sue\u00f1o personal,<\/a> sino tambi\u00e9n una oportunidad para mejorar su situaci\u00f3n econ\u00f3mica y la de sus familias. Sin embargo, la b\u00fasqueda de oportunidades universitarias puede ser un desaf\u00edo debido al alto costo de la educaci\u00f3n superior, las barreras idiom\u00e1ticas y la falta de informaci\u00f3n sobre c\u00f3mo acceder a becas o pr\u00e9stamos.<\/p><p>Esta nota explora c\u00f3mo los migrantes pueden navegar estas barreras, las opciones de financiamiento disponibles y los costos de estudiar en universidades p\u00fablicas y privadas en Estados Unidos.<\/p>\t\t\t\t\t\t\t\t<\/div>\n\t\t\t\t\t<\/div>\n\t\t\t\t<\/div>\n\t\t<div data-particle_enable=\"false\" data-particle-mobile-disabled=\"false\" class=\"elementor-element elementor-element-8748acf e-flex e-con-boxed e-con e-parent\" data-id=\"8748acf\" data-element_type=\"container\" data-e-type=\"container\">\n\t\t\t\t\t<div class=\"e-con-inner\">\n\t\t\t\t<div class=\"elementor-element elementor-element-d7ba07e elementor-widget elementor-widget-image\" data-id=\"d7ba07e\" data-element_type=\"widget\" data-e-type=\"widget\" data-widget_type=\"image.default\">\n\t\t\t\t\t\t\t\t\t\t\t\t<figure class=\"wp-caption\">\n\t\t\t\t\t\t\t\t\t\t<img fetchpriority=\"high\" decoding=\"async\" width=\"768\" height=\"512\" src=\"https:\/\/soymigrante.com\/revista\/wp-content\/uploads\/2024\/10\/Oportunidades-universitarias-para-migrantes-Guatemaltecos-2-1024x683.webp\" class=\"attachment-large size-large wp-image-10550\" alt=\"Estudiante universitaria sonriendo en aula, estudiando y revisando documentos en un ambiente acad\u00e9mico, promoviendo la educaci\u00f3n, el aprendizaje y la inclusi\u00f3n de migrantes en el sistema educativo.\" srcset=\"https:\/\/soymigrante.com\/revista\/wp-content\/uploads\/2024\/10\/Oportunidades-universitarias-para-migrantes-Guatemaltecos-2-1024x683.webp 1024w, https:\/\/soymigrante.com\/revista\/wp-content\/uploads\/2024\/10\/Oportunidades-universitarias-para-migrantes-Guatemaltecos-2-300x200.webp 300w, https:\/\/soymigrante.com\/revista\/wp-content\/uploads\/2024\/10\/Oportunidades-universitarias-para-migrantes-Guatemaltecos-2-768x512.webp 768w, https:\/\/soymigrante.com\/revista\/wp-content\/uploads\/2024\/10\/Oportunidades-universitarias-para-migrantes-Guatemaltecos-2-1536x1024.webp 1536w, https:\/\/soymigrante.com\/revista\/wp-content\/uploads\/2024\/10\/Oportunidades-universitarias-para-migrantes-Guatemaltecos-2-scaled.webp 1920w, https:\/\/soymigrante.com\/revista\/wp-content\/uploads\/2024\/10\/Oportunidades-universitarias-para-migrantes-Guatemaltecos-2-750x500.webp 750w, https:\/\/soymigrante.com\/revista\/wp-content\/uploads\/2024\/10\/Oportunidades-universitarias-para-migrantes-Guatemaltecos-2-1140x760.webp 1140w\" sizes=\"(max-width: 768px) 100vw, 768px\" title=\"Oportunidades universitarias para migrantes Guatemaltecos \u2013 SoyMigrante.com REVISTA\" \/>\t\t\t\t\t\t\t\t\t\t\t<figcaption class=\"widget-image-caption wp-caption-text\">Joven woman smiling in classroom, studying and reviewing documents in an academic environment, promoting education, learning, and migrant inclusion in the educational system.<\/figcaption>\n\t\t\t\t\t\t\t\t\t\t<\/figure>\n\t\t\t\t\t\t\t\t\t<\/div>\n\t\t\t\t\t<\/div>\n\t\t\t\t<\/div>\n\t\t<div data-particle_enable=\"false\" data-particle-mobile-disabled=\"false\" class=\"elementor-element elementor-element-6ac03c0 e-flex e-con-boxed e-con e-parent\" data-id=\"6ac03c0\" data-element_type=\"container\" data-e-type=\"container\">\n\t\t\t\t\t<div class=\"e-con-inner\">\n\t\t\t\t<div class=\"elementor-element elementor-element-ef9d91a elementor-widget elementor-widget-heading\" data-id=\"ef9d91a\" data-element_type=\"widget\" data-e-type=\"widget\" data-widget_type=\"heading.default\">\n\t\t\t\t\t<h3 class=\"elementor-heading-title elementor-size-default\">Costo de la universidad: Un desaf\u00edo econ\u00f3mico<\/h3>\t\t\t\t<\/div>\n\t\t\t\t\t<\/div>\n\t\t\t\t<\/div>\n\t\t<div data-particle_enable=\"false\" data-particle-mobile-disabled=\"false\" class=\"elementor-element elementor-element-1f38d73 e-flex e-con-boxed e-con e-parent\" data-id=\"1f38d73\" data-element_type=\"container\" data-e-type=\"container\">\n\t\t\t\t\t<div class=\"e-con-inner\">\n\t\t\t\t<div class=\"elementor-element elementor-element-2a57b3b elementor-widget elementor-widget-text-editor\" data-id=\"2a57b3b\" data-element_type=\"widget\" data-e-type=\"widget\" data-widget_type=\"text-editor.default\">\n\t\t\t\t\t\t\t\t\t<p>El costo de asistir a una universidad en Estados Unidos var\u00eda ampliamente dependiendo de si la instituci\u00f3n es p\u00fablica o privada.<\/p><p>Las universidades p\u00fablicas, que reciben fondos del gobierno, suelen ser m\u00e1s accesibles en t\u00e9rminos de matr\u00edcula, especialmente para los residentes del estado donde se ubican.<\/p><p>En promedio, el costo anual de una universidad p\u00fablica para residentes del estado<strong> puede oscilar entre los $10,000 y $15,000.<\/strong> Sin embargo, para los no residentes, que incluyen a muchos migrantes, este costo puede duplicarse, <strong>alcanzando entre $25,000 y $35,000 al a\u00f1o.<\/strong><\/p><p>Por otro lado, <a href=\"https:\/\/soymigrante.com\/revista\/category\/mejor\/\" target=\"_blank\" rel=\"noopener\">las universidades privadas, que no dependen de fondos estatales, tienen costos significativamente m\u00e1s altos.<\/a><\/p><p>En promedio, el costo anual de matr\u00edcula en una universidad privada oscila entre los <strong>$35,000 y $55,000,<\/strong> sin contar los gastos de vivienda, libros y otros materiales. Estos costos pueden parecer inalcanzables para muchas familias migrantes, pero existen mecanismos de apoyo que pueden hacer que la educaci\u00f3n universitaria sea m\u00e1s accesible.<\/p>\t\t\t\t\t\t\t\t<\/div>\n\t\t\t\t\t<\/div>\n\t\t\t\t<\/div>\n\t\t<div data-particle_enable=\"false\" data-particle-mobile-disabled=\"false\" class=\"elementor-element elementor-element-2383bc0 e-flex e-con-boxed e-con e-parent\" data-id=\"2383bc0\" data-element_type=\"container\" data-e-type=\"container\">\n\t\t\t\t\t<div class=\"e-con-inner\">\n\t\t\t\t<div class=\"elementor-element elementor-element-f7ee9e4 elementor-widget elementor-widget-image\" data-id=\"f7ee9e4\" data-element_type=\"widget\" data-e-type=\"widget\" data-widget_type=\"image.default\">\n\t\t\t\t\t\t\t\t\t\t\t\t<figure class=\"wp-caption\">\n\t\t\t\t\t\t\t\t\t\t<img decoding=\"async\" width=\"768\" height=\"512\" src=\"https:\/\/soymigrante.com\/revista\/wp-content\/uploads\/2024\/10\/Oportunidades-universitarias-para-migrantes-Guatemaltecos-3-1024x683.webp\" class=\"attachment-large size-large wp-image-10551\" alt=\"Joven estudiante hispana con mochila, bicicleta y cuadernos en un campus universitario, reflejando temas de migraci\u00f3n, educaci\u00f3n y juventud en espacios de aprendizaje.\" srcset=\"https:\/\/soymigrante.com\/revista\/wp-content\/uploads\/2024\/10\/Oportunidades-universitarias-para-migrantes-Guatemaltecos-3-1024x683.webp 1024w, https:\/\/soymigrante.com\/revista\/wp-content\/uploads\/2024\/10\/Oportunidades-universitarias-para-migrantes-Guatemaltecos-3-300x200.webp 300w, https:\/\/soymigrante.com\/revista\/wp-content\/uploads\/2024\/10\/Oportunidades-universitarias-para-migrantes-Guatemaltecos-3-768x512.webp 768w, https:\/\/soymigrante.com\/revista\/wp-content\/uploads\/2024\/10\/Oportunidades-universitarias-para-migrantes-Guatemaltecos-3-1536x1024.webp 1536w, https:\/\/soymigrante.com\/revista\/wp-content\/uploads\/2024\/10\/Oportunidades-universitarias-para-migrantes-Guatemaltecos-3-scaled.webp 1920w, https:\/\/soymigrante.com\/revista\/wp-content\/uploads\/2024\/10\/Oportunidades-universitarias-para-migrantes-Guatemaltecos-3-750x500.webp 750w, https:\/\/soymigrante.com\/revista\/wp-content\/uploads\/2024\/10\/Oportunidades-universitarias-para-migrantes-Guatemaltecos-3-1140x760.webp 1140w\" sizes=\"(max-width: 768px) 100vw, 768px\" title=\"Oportunidades universitarias para migrantes Guatemaltecos \u2013 SoyMigrante.com REVISTA\" \/>\t\t\t\t\t\t\t\t\t\t\t<figcaption class=\"widget-image-caption wp-caption-text\">Joven estudiante en campus universitario con mochila y bicicleta, representando la vida estudiantil, migraci\u00f3n y participaci\u00f3n juvenil en entornos educativos.<\/figcaption>\n\t\t\t\t\t\t\t\t\t\t<\/figure>\n\t\t\t\t\t\t\t\t\t<\/div>\n\t\t\t\t\t<\/div>\n\t\t\t\t<\/div>\n\t\t<div data-particle_enable=\"false\" data-particle-mobile-disabled=\"false\" class=\"elementor-element elementor-element-2dc6723 e-flex e-con-boxed e-con e-parent\" data-id=\"2dc6723\" data-element_type=\"container\" data-e-type=\"container\">\n\t\t\t\t\t<div class=\"e-con-inner\">\n\t\t\t\t<div class=\"elementor-element elementor-element-5ea21cb elementor-widget elementor-widget-heading\" data-id=\"5ea21cb\" data-element_type=\"widget\" data-e-type=\"widget\" data-widget_type=\"heading.default\">\n\t\t\t\t\t<h3 class=\"elementor-heading-title elementor-size-default\">Becas: Un recurso clave para los migrantes<\/h3>\t\t\t\t<\/div>\n\t\t\t\t\t<\/div>\n\t\t\t\t<\/div>\n\t\t<div data-particle_enable=\"false\" data-particle-mobile-disabled=\"false\" class=\"elementor-element elementor-element-81c48fe e-flex e-con-boxed e-con e-parent\" data-id=\"81c48fe\" data-element_type=\"container\" data-e-type=\"container\">\n\t\t\t\t\t<div class=\"e-con-inner\">\n\t\t\t\t<div class=\"elementor-element elementor-element-dd545a0 elementor-widget elementor-widget-text-editor\" data-id=\"dd545a0\" data-element_type=\"widget\" data-e-type=\"widget\" data-widget_type=\"text-editor.default\">\n\t\t\t\t\t\t\t\t\t<p>Las becas son una de las formas m\u00e1s efectivas de financiar la educaci\u00f3n superior, ya que no requieren ser reembolsadas. En Estados Unidos, existen diversas becas ofrecidas tanto por el gobierno como por organizaciones privadas y fundaciones. Algunas de estas becas est\u00e1n espec\u00edficamente dirigidas a estudiantes latinos o a migrantes.<\/p><p>Organizaciones como<a href=\"https:\/\/www.hsf.net\/\" target=\"_blank\" rel=\"noopener\"> The Hispanic Scholarship Fund<\/a> o <a href=\"https:\/\/www.thedream.us\/\" target=\"_blank\" rel=\"noopener\">TheDream.US<\/a> ofrecen becas a estudiantes latinos y a migrantes indocumentados que desean acceder a la educaci\u00f3n superior. <a href=\"https:\/\/www.thedream.us\/\" target=\"_blank\" rel=\"noopener\">TheDream.US<\/a>, en particular, brinda apoyo a estudiantes con DACA (Acci\u00f3n Diferida para los Llegados en la Infancia) y a otros j\u00f3venes migrantes, ayud\u00e1ndoles a cubrir los costos de matr\u00edcula en instituciones seleccionadas.<\/p><p>Adem\u00e1s, muchas universidades tienen programas de becas internas basadas en el m\u00e9rito acad\u00e9mico, la necesidad financiera o el liderazgo comunitario. Los estudiantes migrantes que demuestran un alto rendimiento acad\u00e9mico pueden postularse a estas becas para reducir significativamente el costo de sus estudios.<\/p>\t\t\t\t\t\t\t\t<\/div>\n\t\t\t\t\t<\/div>\n\t\t\t\t<\/div>\n\t\t<div data-particle_enable=\"false\" data-particle-mobile-disabled=\"false\" class=\"elementor-element elementor-element-f389a95 e-flex e-con-boxed e-con e-parent\" data-id=\"f389a95\" data-element_type=\"container\" data-e-type=\"container\">\n\t\t\t\t\t<div class=\"e-con-inner\">\n\t\t\t\t<div class=\"elementor-element elementor-element-b7d4a73 elementor-widget elementor-widget-heading\" data-id=\"b7d4a73\" data-element_type=\"widget\" data-e-type=\"widget\" data-widget_type=\"heading.default\">\n\t\t\t\t\t<h3 class=\"elementor-heading-title elementor-size-default\">Pr\u00e9stamos estudiantiles: Una opci\u00f3n de financiamiento a largo plazo<\/h3>\t\t\t\t<\/div>\n\t\t\t\t\t<\/div>\n\t\t\t\t<\/div>\n\t\t<div data-particle_enable=\"false\" data-particle-mobile-disabled=\"false\" class=\"elementor-element elementor-element-158ff2a e-flex e-con-boxed e-con e-parent\" data-id=\"158ff2a\" data-element_type=\"container\" data-e-type=\"container\">\n\t\t\t\t\t<div class=\"e-con-inner\">\n\t\t\t\t<div class=\"elementor-element elementor-element-0540894 elementor-widget elementor-widget-text-editor\" data-id=\"0540894\" data-element_type=\"widget\" data-e-type=\"widget\" data-widget_type=\"text-editor.default\">\n\t\t\t\t\t\t\t\t\t<p>Para aquellos que no pueden acceder a suficientes becas, los pr\u00e9stamos estudiantiles se presentan como una alternativa. Sin embargo, es importante tener en cuenta que los pr\u00e9stamos deben ser devueltos, generalmente con intereses. Los migrantes con estatus legal<a href=\"https:\/\/soymigrante.com\/revista\/category\/mejor\/\" target=\"_blank\" rel=\"noopener\"> pueden optar a pr\u00e9stamos federales, como el Pr\u00e9stamo Stafford o el Pr\u00e9stamo PLUS,<\/a> que suelen tener tasas de inter\u00e9s m\u00e1s bajas que los pr\u00e9stamos privados.<\/p><p>Para los migrantes indocumentados, obtener un pr\u00e9stamo puede ser m\u00e1s complicado, ya que no son elegibles para ayudas federales. Sin embargo, algunos bancos y cooperativas de cr\u00e9dito ofrecen pr\u00e9stamos privados para estudiantes migrantes, aunque con condiciones m\u00e1s estrictas y tasas de inter\u00e9s m\u00e1s altas. Adem\u00e1s, organizaciones como <a href=\"https:\/\/www.maldef.org\/\" target=\"_blank\" rel=\"noopener\">MALDEF (Mexican American Legal Defense and Educational Fund)<\/a> tambi\u00e9n proporcionan informaci\u00f3n sobre pr\u00e9stamos para estudiantes latinos.<\/p>\t\t\t\t\t\t\t\t<\/div>\n\t\t\t\t\t<\/div>\n\t\t\t\t<\/div>\n\t\t<div data-particle_enable=\"false\" data-particle-mobile-disabled=\"false\" class=\"elementor-element elementor-element-befae35 e-flex e-con-boxed e-con e-parent\" data-id=\"befae35\" data-element_type=\"container\" data-e-type=\"container\">\n\t\t\t\t\t<div class=\"e-con-inner\">\n\t\t\t\t<div class=\"elementor-element elementor-element-747070c elementor-widget elementor-widget-image\" data-id=\"747070c\" data-element_type=\"widget\" data-e-type=\"widget\" data-widget_type=\"image.default\">\n\t\t\t\t\t\t\t\t\t\t\t\t<figure class=\"wp-caption\">\n\t\t\t\t\t\t\t\t\t\t<img decoding=\"async\" width=\"768\" height=\"504\" src=\"https:\/\/soymigrante.com\/revista\/wp-content\/uploads\/2024\/10\/Oportunidades-universitarias-para-migrantes-Guatemaltecos-4-1024x672.webp\" class=\"attachment-large size-large wp-image-10552\" alt=\"Equipo de migrantes trabajando en una mesa con laptops, libros y notas, promoviendo derechos y oportunidades para migrantes en M\u00e9xico y el mundo.\" srcset=\"https:\/\/soymigrante.com\/revista\/wp-content\/uploads\/2024\/10\/Oportunidades-universitarias-para-migrantes-Guatemaltecos-4-1024x672.webp 1024w, https:\/\/soymigrante.com\/revista\/wp-content\/uploads\/2024\/10\/Oportunidades-universitarias-para-migrantes-Guatemaltecos-4-300x197.webp 300w, https:\/\/soymigrante.com\/revista\/wp-content\/uploads\/2024\/10\/Oportunidades-universitarias-para-migrantes-Guatemaltecos-4-768x504.webp 768w, https:\/\/soymigrante.com\/revista\/wp-content\/uploads\/2024\/10\/Oportunidades-universitarias-para-migrantes-Guatemaltecos-4-1536x1009.webp 1536w, https:\/\/soymigrante.com\/revista\/wp-content\/uploads\/2024\/10\/Oportunidades-universitarias-para-migrantes-Guatemaltecos-4-scaled.webp 1920w, https:\/\/soymigrante.com\/revista\/wp-content\/uploads\/2024\/10\/Oportunidades-universitarias-para-migrantes-Guatemaltecos-4-750x492.webp 750w, https:\/\/soymigrante.com\/revista\/wp-content\/uploads\/2024\/10\/Oportunidades-universitarias-para-migrantes-Guatemaltecos-4-1140x749.webp 1140w\" sizes=\"(max-width: 768px) 100vw, 768px\" title=\"Oportunidades universitarias para migrantes Guatemaltecos \u2013 SoyMigrante.com REVISTA\" \/>\t\t\t\t\t\t\t\t\t\t\t<figcaption class=\"widget-image-caption wp-caption-text\">Un grupo diverso de migrantes en una reuni\u00f3n de trabajo, promoviendo la comunidad, derechos y oportunidades para migrantes en M\u00e9xico y en el extranjero.<\/figcaption>\n\t\t\t\t\t\t\t\t\t\t<\/figure>\n\t\t\t\t\t\t\t\t\t<\/div>\n\t\t\t\t\t<\/div>\n\t\t\t\t<\/div>\n\t\t<div data-particle_enable=\"false\" data-particle-mobile-disabled=\"false\" class=\"elementor-element elementor-element-b33a134 e-flex e-con-boxed e-con e-parent\" data-id=\"b33a134\" data-element_type=\"container\" data-e-type=\"container\">\n\t\t\t\t\t<div class=\"e-con-inner\">\n\t\t\t\t<div class=\"elementor-element elementor-element-9dbfe85 elementor-widget elementor-widget-heading\" data-id=\"9dbfe85\" data-element_type=\"widget\" data-e-type=\"widget\" data-widget_type=\"heading.default\">\n\t\t\t\t\t<h3 class=\"elementor-heading-title elementor-size-default\">Accesibilidad para los migrantes guatemaltecos<\/h3>\t\t\t\t<\/div>\n\t\t\t\t\t<\/div>\n\t\t\t\t<\/div>\n\t\t<div data-particle_enable=\"false\" data-particle-mobile-disabled=\"false\" class=\"elementor-element elementor-element-ef9f858 e-flex e-con-boxed e-con e-parent\" data-id=\"ef9f858\" data-element_type=\"container\" data-e-type=\"container\">\n\t\t\t\t\t<div class=\"e-con-inner\">\n\t\t\t\t<div class=\"elementor-element elementor-element-c7435b6 elementor-widget elementor-widget-text-editor\" data-id=\"c7435b6\" data-element_type=\"widget\" data-e-type=\"widget\" data-widget_type=\"text-editor.default\">\n\t\t\t\t\t\t\t\t\t<p><a href=\"https:\/\/soymigrante.com\/revista\/category\/mejor\/\" target=\"_blank\" rel=\"noopener\">Para los migrantes guatemaltecos, la accesibilidad a la educaci\u00f3n superior en Estados Unidos puede depender de varios factores<\/a>, incluyendo su estatus migratorio, sus habilidades en ingl\u00e9s y el apoyo familiar. Aquellos con estatus de DACA o residencia legal tienen m\u00e1s opciones para acceder a pr\u00e9stamos y becas, mientras que los indocumentados enfrentan barreras adicionales.<\/p><p>A pesar de los desaf\u00edos, muchos guatemaltecos han encontrado maneras de superar las dificultades y acceder a la universidad. Programas de apoyo para estudiantes migrantes, as\u00ed como redes de exalumnos latinos, ofrecen mentor\u00eda y orientaci\u00f3n en el proceso de solicitud universitaria. Adem\u00e1s, las escuelas comunitarias (community colleges) son una opci\u00f3n accesible para muchos migrantes, ya que ofrecen programas de dos a\u00f1os con costos m\u00e1s bajos y pueden servir como un trampol\u00edn hacia una universidad de cuatro a\u00f1os.<\/p>\t\t\t\t\t\t\t\t<\/div>\n\t\t\t\t\t<\/div>\n\t\t\t\t<\/div>\n\t\t<div data-particle_enable=\"false\" data-particle-mobile-disabled=\"false\" class=\"elementor-element elementor-element-1c876a6 e-flex e-con-boxed e-con e-parent\" data-id=\"1c876a6\" data-element_type=\"container\" data-e-type=\"container\">\n\t\t\t\t\t<div class=\"e-con-inner\">\n\t\t\t\t<div class=\"elementor-element elementor-element-448c273 elementor-widget elementor-widget-text-editor\" data-id=\"448c273\" data-element_type=\"widget\" data-e-type=\"widget\" data-widget_type=\"text-editor.default\">\n\t\t\t\t\t\t\t\t\t<p><a href=\"https:\/\/soymigrante.com\/revista\/category\/mejor\/\" target=\"_blank\" rel=\"noopener\">Con la informaci\u00f3n correcta, el acceso a becas y la opci\u00f3n de pr\u00e9stamos, muchos estudiantes pueden encontrar caminos viables para financiar su educaci\u00f3n<\/a>. Adem\u00e1s, organizaciones comunitarias y programas de apoyo juegan un papel crucial en ayudar a estos estudiantes a cumplir sus sue\u00f1os acad\u00e9micos y profesionales, abriendo puertas que les permitan contribuir a\u00fan m\u00e1s a la sociedad estadounidense.<\/p>\t\t\t\t\t\t\t\t<\/div>\n\t\t\t\t\t<\/div>\n\t\t\t\t<\/div>\n\t\t<div data-particle_enable=\"false\" data-particle-mobile-disabled=\"false\" class=\"elementor-element elementor-element-457edf7 e-flex e-con-boxed e-con e-parent\" data-id=\"457edf7\" data-element_type=\"container\" data-e-type=\"container\">\n\t\t\t\t\t<div class=\"e-con-inner\">\n\t\t\t\t<div class=\"elementor-element elementor-element-364472a elementor-widget elementor-widget-heading\" data-id=\"364472a\" data-element_type=\"widget\" data-e-type=\"widget\" data-widget_type=\"heading.default\">\n\t\t\t\t\t<h2 class=\"elementor-heading-title elementor-size-default\">Te puede interesar...<\/h2>\t\t\t\t<\/div>\n\t\t\t\t\t<\/div>\n\t\t\t\t<\/div>\n\t\t<div data-particle_enable=\"false\" data-particle-mobile-disabled=\"false\" class=\"elementor-element elementor-element-61fa902 e-flex e-con-boxed e-con e-parent\" data-id=\"61fa902\" data-element_type=\"container\" data-e-type=\"container\">\n\t\t\t\t\t<div class=\"e-con-inner\">\n\t\t\t\t<div class=\"elementor-element elementor-element-869975a elementor-widget elementor-widget-blfe-post-grid\" data-id=\"869975a\" data-element_type=\"widget\" data-e-type=\"widget\" data-settings=\"{&quot;columns&quot;:&quot;3&quot;,&quot;columns_tablet&quot;:&quot;6&quot;,&quot;columns_mobile&quot;:&quot;12&quot;,&quot;hero1_layout_column_gap&quot;:{&quot;unit&quot;:&quot;px&quot;,&quot;size&quot;:30,&quot;sizes&quot;:[]},&quot;hero1_layout_column_gap_tablet&quot;:{&quot;unit&quot;:&quot;px&quot;,&quot;size&quot;:&quot;&quot;,&quot;sizes&quot;:[]},&quot;hero1_layout_column_gap_mobile&quot;:{&quot;unit&quot;:&quot;px&quot;,&quot;size&quot;:&quot;&quot;,&quot;sizes&quot;:[]},&quot;hero1_layout_row_gap&quot;:{&quot;unit&quot;:&quot;px&quot;,&quot;size&quot;:30,&quot;sizes&quot;:[]},&quot;hero1_layout_row_gap_tablet&quot;:{&quot;unit&quot;:&quot;px&quot;,&quot;size&quot;:&quot;&quot;,&quot;sizes&quot;:[]},&quot;hero1_layout_row_gap_mobile&quot;:{&quot;unit&quot;:&quot;px&quot;,&quot;size&quot;:&quot;&quot;,&quot;sizes&quot;:[]}}\" data-widget_type=\"blfe-post-grid.hero1\">\n\t\t\t\t<div class=\"elementor-widget-container\">\n\t\t\t\t\t\n                        <div class=\"blfe-post-grid-container \">\n            \n                <div data-skin=\"hero1\" class=\"blfe-row blfe-posts-inner blfe-hero1 blfe-posts-inner blfe-col-3 blfe-col-tab-6 blfe-col-mob-12     \">\n                            <div class=\"blfe-post-grid-item\">\n            <div class=\"blfe-post-grid-item-inner blfe-modern-zoom\">\n                        <div class=\"blfe-post-grid-bg-image\">\n            <a class=\"blfe-post-grid-image-inner\" href=\"https:\/\/soymigrante.com\/revista\/la-marimba-de-tecomates-maravilla-sonora-ancestral-esta-en-peligro\/\" title=\"Mark Lux lucha por mantener viva la Marimba de Tecomates, tesoro ancestral\" rel=\"nofollow\" target=\"_blank\"><img decoding=\"async\" src=\"https:\/\/soymigrante.com\/revista\/wp-content\/uploads\/2025\/03\/MARK-LUX.webp\" alt=\"Mark Lux lucha por mantener viva la Marimba de Tecomates, tesoro ancestral\"\/><\/a>        <\/div>\n                        <div class=\"blfe-post-grid-details\">\n                    <div class=\"blfe-post-grid-details-inner\">\n                        <span class=\"blfe-post-category\"><a href=\"https:\/\/soymigrante.com\/revista\/category\/guate-nuestra\/arte-cultura\/\">Cultura de Guatemala<\/a><\/span>                        <h3 class=\"blfe-post-grid-title\">\n            <a href=\"https:\/\/soymigrante.com\/revista\/la-marimba-de-tecomates-maravilla-sonora-ancestral-esta-en-peligro\/\" title=\"Mark Lux lucha por mantener viva la Marimba de Tecomates, tesoro ancestral\" rel=\"nofollow\" target=\"_blank\">Mark Lux lucha por mantener viva la Marimba de Tecomates, tesoro ancestral<\/a>\n            <\/h3>                                                            <div class=\"blfe-post-grid-meta\">\n                <span class=\"blfe-post-grid-time\"><i class=\"fas fa-book-reader\"><\/i>7 Min read<\/span>            <\/div>\n                                                        <\/div>\n                <\/div>\n\n            <\/div>\n        <\/div>\n                <div class=\"blfe-post-grid-item\">\n            <div class=\"blfe-post-grid-item-inner blfe-modern-zoom\">\n                        <div class=\"blfe-post-grid-bg-image\">\n            <a class=\"blfe-post-grid-image-inner\" href=\"https:\/\/soymigrante.com\/revista\/7-volcanes-de-guatemala-datos-y-leyenda-que-quiza-ya-sabias-o-tal-vez-no\/\" title=\"7 volcanes de Guatemala: datos y leyenda que quiz\u00e1 ya sab\u00edas&#8230; o tal vez no\" rel=\"nofollow\" target=\"_blank\"><img decoding=\"async\" src=\"https:\/\/soymigrante.com\/revista\/wp-content\/uploads\/2024\/07\/volcanes-de-guatemala-2.webp\" alt=\"7 volcanes de Guatemala: datos y leyenda que quiz\u00e1 ya sab\u00edas&#8230; o tal vez no\"\/><\/a>        <\/div>\n                        <div class=\"blfe-post-grid-details\">\n                    <div class=\"blfe-post-grid-details-inner\">\n                        <span class=\"blfe-post-category\"><a href=\"https:\/\/soymigrante.com\/revista\/category\/guate-nuestra\/\">Guate Nuestra<\/a><\/span>                        <h3 class=\"blfe-post-grid-title\">\n            <a href=\"https:\/\/soymigrante.com\/revista\/7-volcanes-de-guatemala-datos-y-leyenda-que-quiza-ya-sabias-o-tal-vez-no\/\" title=\"7 volcanes de Guatemala: datos y leyenda que quiz\u00e1 ya sab\u00edas&#8230; o tal vez no\" rel=\"nofollow\" target=\"_blank\">7 volcanes de Guatemala: datos y leyenda que quiz\u00e1 ya sab\u00edas&#8230; o tal vez no<\/a>\n            <\/h3>                                                            <div class=\"blfe-post-grid-meta\">\n                <span class=\"blfe-post-grid-time\"><i class=\"fas fa-book-reader\"><\/i>9 Min read<\/span>            <\/div>\n                                                        <\/div>\n                <\/div>\n\n            <\/div>\n        <\/div>\n                <div class=\"blfe-post-grid-item\">\n            <div class=\"blfe-post-grid-item-inner blfe-modern-zoom\">\n                        <div class=\"blfe-post-grid-bg-image\">\n            <a class=\"blfe-post-grid-image-inner\" href=\"https:\/\/soymigrante.com\/revista\/el-traductor-que-contribuye-a-preservar-idiomas-mayas-en-internet\/\" title=\"El traductor que contribuye a valorar e impulsar idiomas mayas en internet\" rel=\"nofollow\" target=\"_blank\"><img decoding=\"async\" src=\"https:\/\/soymigrante.com\/revista\/wp-content\/uploads\/2024\/08\/idiomas-mayas.webp\" alt=\"El traductor que contribuye a valorar e impulsar idiomas mayas en internet\"\/><\/a>        <\/div>\n                        <div class=\"blfe-post-grid-details\">\n                    <div class=\"blfe-post-grid-details-inner\">\n                        <span class=\"blfe-post-category\"><a href=\"https:\/\/soymigrante.com\/revista\/category\/guate-nuestra\/\">Guate Nuestra<\/a><\/span>                        <h3 class=\"blfe-post-grid-title\">\n            <a href=\"https:\/\/soymigrante.com\/revista\/el-traductor-que-contribuye-a-preservar-idiomas-mayas-en-internet\/\" title=\"El traductor que contribuye a valorar e impulsar idiomas mayas en internet\" rel=\"nofollow\" target=\"_blank\">El traductor que contribuye a valorar e impulsar idiomas mayas en internet<\/a>\n            <\/h3>                                                            <div class=\"blfe-post-grid-meta\">\n                <span class=\"blfe-post-grid-time\"><i class=\"fas fa-book-reader\"><\/i>5 Min read<\/span>            <\/div>\n                                                        <\/div>\n                <\/div>\n\n            <\/div>\n        <\/div>\n                        <\/div>\n\n                        <\/div>\n            \n                        <div class=\"blfe-post-footer\">\n                        <\/div>\n            \t\t\t\t<\/div>\n\t\t\t\t<\/div>\n\t\t\t\t\t<\/div>\n\t\t\t\t<\/div>\n\t\t\t\t<\/div>\n\t\t","protected":false},"excerpt":{"rendered":"<p>La b\u00fasqueda de oportunidades universitarias para los migrantes guatemaltecos en Estados Unidos es un reto, pero no es imposible. Para muchos migrantes guatemaltecos en Estados Unidos, acceder a una educaci\u00f3n universitaria representa no solo un sue\u00f1o personal, sino tambi\u00e9n una oportunidad para mejorar su situaci\u00f3n econ\u00f3mica y la de sus familias. Sin embargo, la b\u00fasqueda [&hellip;]<\/p>\n","protected":false},"author":19,"featured_media":10549,"comment_status":"open","ping_status":"open","sticky":false,"template":"","format":"standard","meta":{"_acf_changed":false,"_eb_attr":"","footnotes":""},"categories":[55],"tags":[],"class_list":["post-10548","post","type-post","status-publish","format-standard","has-post-thumbnail","hentry","category-bienestar"],"acf":[],"aioseo_notices":[],"aioseo_head":"\n\t\t<!-- All in One SEO Pro 4.9.6.2 - aioseo.com -->\n\t<meta name=\"description\" content=\"De ser un sitio tipo diccionario ha pasado a ser un traductor de m\u00e1s de 10 idiomas mayas, incluyendo el Nahuatl azteco.\" \/>\n\t<meta name=\"robots\" content=\"max-snippet:-1, max-image-preview:large, max-video-preview:-1\" \/>\n\t<meta name=\"author\" content=\"Beatriz Tercero\"\/>\n\t<link rel=\"canonical\" href=\"https:\/\/soymigrante.com\/revista\/el-traductor-que-contribuye-a-preservar-idiomas-mayas-en-internet\/\" \/>\n\t<meta name=\"generator\" content=\"All in One SEO Pro (AIOSEO) 4.9.6.2\" \/>\n\n\t\t<link rel=\"preconnect\" href=\"https:\/\/fonts.googleapis.com\" crossorigin>\n<link rel=\"preconnect\" href=\"https:\/\/fonts.gstatic.com\" crossorigin>\n\t\t<meta property=\"og:locale\" content=\"es_ES\" \/>\n\t\t<meta property=\"og:site_name\" content=\"SoyMigrante.com REVISTA \u2013 Nuestra misi\u00f3n es reconocer y dignificar al migrante.\" \/>\n\t\t<meta property=\"og:type\" content=\"article\" \/>\n\t\t<meta property=\"og:title\" content=\"Traductor creado por guatemalteco preserva idiomas mayas\" \/>\n\t\t<meta property=\"og:description\" content=\"De ser un sitio tipo diccionario ha pasado a ser un traductor de m\u00e1s de 10 idiomas mayas, incluyendo el Nahuatl azteco.\" \/>\n\t\t<meta property=\"og:url\" content=\"https:\/\/soymigrante.com\/revista\/el-traductor-que-contribuye-a-preservar-idiomas-mayas-en-internet\/\" \/>\n\t\t<meta property=\"og:image\" content=\"https:\/\/soymigrante.com\/revista\/wp-content\/uploads\/2024\/08\/idiomas-mayas.webp\" \/>\n\t\t<meta property=\"og:image:secure_url\" content=\"https:\/\/soymigrante.com\/revista\/wp-content\/uploads\/2024\/08\/idiomas-mayas.webp\" \/>\n\t\t<meta property=\"og:image:width\" content=\"1200\" \/>\n\t\t<meta property=\"og:image:height\" content=\"1200\" \/>\n\t\t<meta property=\"article:published_time\" content=\"2024-08-15T20:12:30+00:00\" \/>\n\t\t<meta property=\"article:modified_time\" content=\"2024-08-15T20:13:30+00:00\" \/>\n\t\t<meta property=\"article:publisher\" content=\"https:\/\/www.facebook.com\/soymigrantecom\" \/>\n\t\t<meta name=\"twitter:card\" content=\"summary_large_image\" \/>\n\t\t<meta name=\"twitter:site\" content=\"@SoyMigrante_com\" \/>\n\t\t<meta name=\"twitter:title\" content=\"Traductor creado por guatemalteco preserva idiomas mayas\" \/>\n\t\t<meta name=\"twitter:description\" content=\"De ser un sitio tipo diccionario ha pasado a ser un traductor de m\u00e1s de 10 idiomas mayas, incluyendo el Nahuatl azteco.\" \/>\n\t\t<meta name=\"twitter:creator\" content=\"@SoyMigrante_com\" \/>\n\t\t<meta name=\"twitter:image\" content=\"https:\/\/soymigrante.com\/revista\/wp-content\/uploads\/2024\/08\/idiomas-mayas.webp\" \/>\n\t\t<!-- All in One SEO Pro -->\r\n\t\t<title>Traductor creado por guatemalteco preserva idiomas mayas<\/title>\n\n","aioseo_head_json":{"title":"Traductor creado por guatemalteco preserva idiomas mayas","description":"De ser un sitio tipo diccionario ha pasado a ser un traductor de m\u00e1s de 10 idiomas mayas, incluyendo el Nahuatl azteco.","canonical_url":"https:\/\/soymigrante.com\/revista\/el-traductor-que-contribuye-a-preservar-idiomas-mayas-en-internet\/","robots":"max-snippet:-1, max-image-preview:large, max-video-preview:-1","keywords":"","webmasterTools":{"miscellaneous":"&lt;link rel=\"preconnect\" href=\"https:\/\/fonts.googleapis.com\" crossorigin&gt;\n&lt;link rel=\"preconnect\" href=\"https:\/\/fonts.gstatic.com\" crossorigin&gt;"},"schema":null,"og:locale":"es_ES","og:site_name":"SoyMigrante.com REVISTA \u2013 Nuestra misi\u00f3n es reconocer y dignificar al migrante.","og:type":"article","og:title":"Traductor creado por guatemalteco preserva idiomas mayas","og:description":"De ser un sitio tipo diccionario ha pasado a ser un traductor de m\u00e1s de 10 idiomas mayas, incluyendo el Nahuatl azteco.","og:url":"https:\/\/soymigrante.com\/revista\/el-traductor-que-contribuye-a-preservar-idiomas-mayas-en-internet\/","og:image":"https:\/\/soymigrante.com\/revista\/wp-content\/uploads\/2024\/08\/idiomas-mayas.webp","og:image:secure_url":"https:\/\/soymigrante.com\/revista\/wp-content\/uploads\/2024\/08\/idiomas-mayas.webp","og:image:width":1200,"og:image:height":1200,"article:published_time":"2024-08-15T20:12:30+00:00","article:modified_time":"2024-08-15T20:13:30+00:00","article:publisher":"https:\/\/www.facebook.com\/soymigrantecom","twitter:card":"summary_large_image","twitter:site":"@SoyMigrante_com","twitter:title":"Traductor creado por guatemalteco preserva idiomas mayas","twitter:description":"De ser un sitio tipo diccionario ha pasado a ser un traductor de m\u00e1s de 10 idiomas mayas, incluyendo el Nahuatl azteco.","twitter:creator":"@SoyMigrante_com","twitter:image":"https:\/\/soymigrante.com\/revista\/wp-content\/uploads\/2024\/08\/idiomas-mayas.webp"},"aioseo_meta_data":{"post_id":"10548","title":null,"description":"La b\u00fasqueda de oportunidades universitarias para los migrantes guatemaltecos en USA es un reto, hay m\u00faltiples exigencias, pero no es del todo imposible.","keywords":null,"keyphrases":{"focus":{"keyphrase":"Migrantes","score":100,"analysis":{"keyphraseInTitle":{"score":9,"maxScore":9,"error":0},"keyphraseInDescription":{"score":9,"maxScore":9,"error":0},"keyphraseLength":{"score":9,"maxScore":9,"error":0,"length":1},"keyphraseInURL":{"score":5,"maxScore":5,"error":0},"keyphraseInIntroduction":{"score":9,"maxScore":9,"error":0},"keyphraseInSubHeadings":{"score":9,"maxScore":9,"error":0},"keyphraseInImageAlt":{"score":9,"maxScore":9,"error":0},"keywordDensity":{"type":"best","score":9,"maxScore":9,"error":0}}},"additional":[{"keyphrase":"Migrantes","score":100,"analysis":{"keyphraseInDescription":{"score":9,"maxScore":9,"error":0},"keyphraseLength":{"score":9,"maxScore":9,"error":0,"length":1},"keyphraseInIntroduction":{"score":9,"maxScore":9,"error":0},"keyphraseInImageAlt":{"score":9,"maxScore":9,"error":0},"keywordDensity":{"type":"best","score":9,"maxScore":9,"error":0}}},{"keyphrase":"guatemaltecos","score":100,"analysis":{"keyphraseInDescription":{"score":9,"maxScore":9,"error":0},"keyphraseLength":{"score":9,"maxScore":9,"error":0,"length":1},"keyphraseInIntroduction":{"score":9,"maxScore":9,"error":0},"keyphraseInImageAlt":{"score":9,"maxScore":9,"error":0},"keywordDensity":{"type":"best","score":9,"maxScore":9,"error":0}}}]},"primary_term":null,"canonical_url":null,"og_title":null,"og_description":null,"og_object_type":"default","og_image_type":"default","og_image_url":null,"og_image_width":null,"og_image_height":null,"og_image_custom_url":null,"og_image_custom_fields":null,"og_video":"","og_custom_url":null,"og_article_section":null,"og_article_tags":null,"twitter_use_og":false,"twitter_card":"default","twitter_image_type":"default","twitter_image_url":null,"twitter_image_custom_url":null,"twitter_image_custom_fields":null,"twitter_title":null,"twitter_description":null,"schema":{"blockGraphs":[],"customGraphs":[],"default":{"data":{"Article":[],"Course":[],"Dataset":[],"FAQPage":[],"Movie":[],"Person":[],"Product":[],"ProductReview":[],"Car":[],"Recipe":[],"Service":[],"SoftwareApplication":[],"WebPage":[]},"graphName":"Article","isEnabled":true},"graphs":[]},"schema_type":"default","schema_type_options":null,"pillar_content":false,"robots_default":true,"robots_noindex":false,"robots_noarchive":false,"robots_nosnippet":false,"robots_nofollow":false,"robots_noimageindex":false,"robots_noodp":false,"robots_notranslate":false,"robots_max_snippet":"-1","robots_max_videopreview":"-1","robots_max_imagepreview":"large","priority":null,"frequency":"default","local_seo":null,"seo_analyzer_scan_date":"2025-10-08 23:50:11","breadcrumb_settings":null,"limit_modified_date":false,"reviewed_by":null,"open_ai":"{\"title\":{\"suggestions\":[],\"usage\":0},\"description\":{\"suggestions\":[],\"usage\":0}}","ai":null,"created":"2024-10-18 19:09:20","updated":"2026-02-04 15:11:34"},"aioseo_breadcrumb":"<div class=\"aioseo-breadcrumbs\"><span class=\"aioseo-breadcrumb\">\n\t<a href=\"https:\/\/soymigrante.com\/revista\" title=\"Home\">Home<\/a>\n<\/span><span class=\"aioseo-breadcrumb-separator\">\u00bb<\/span><span class=\"aioseo-breadcrumb\">\n\t<a href=\"https:\/\/soymigrante.com\/revista\/category\/bienestar\/\" title=\"Bienestar\">Bienestar<\/a>\n<\/span><span class=\"aioseo-breadcrumb-separator\">\u00bb<\/span><span class=\"aioseo-breadcrumb\">\n\t\u00bfOportunidades universitarias para migrantes guatemaltecos? Algunas claves\n<\/span><\/div>","aioseo_breadcrumb_json":[{"label":"Home","link":"https:\/\/soymigrante.com\/revista"},{"label":"Bienestar","link":"https:\/\/soymigrante.com\/revista\/category\/bienestar\/"},{"label":"\u00bfOportunidades universitarias para migrantes guatemaltecos? Algunas claves","link":"https:\/\/soymigrante.com\/revista\/oportunidades-universitarias-para-migrantes-guatemaltecos\/"}],"_links":{"self":[{"href":"https:\/\/soymigrante.com\/revista\/wp-json\/wp\/v2\/posts\/10548","targetHints":{"allow":["GET"]}}],"collection":[{"href":"https:\/\/soymigrante.com\/revista\/wp-json\/wp\/v2\/posts"}],"about":[{"href":"https:\/\/soymigrante.com\/revista\/wp-json\/wp\/v2\/types\/post"}],"author":[{"embeddable":true,"href":"https:\/\/soymigrante.com\/revista\/wp-json\/wp\/v2\/users\/19"}],"replies":[{"embeddable":true,"href":"https:\/\/soymigrante.com\/revista\/wp-json\/wp\/v2\/comments?post=10548"}],"version-history":[{"count":0,"href":"https:\/\/soymigrante.com\/revista\/wp-json\/wp\/v2\/posts\/10548\/revisions"}],"wp:featuredmedia":[{"embeddable":true,"href":"https:\/\/soymigrante.com\/revista\/wp-json\/wp\/v2\/media\/10549"}],"wp:attachment":[{"href":"https:\/\/soymigrante.com\/revista\/wp-json\/wp\/v2\/media?parent=10548"}],"wp:term":[{"taxonomy":"category","embeddable":true,"href":"https:\/\/soymigrante.com\/revista\/wp-json\/wp\/v2\/categories?post=10548"},{"taxonomy":"post_tag","embeddable":true,"href":"https:\/\/soymigrante.com\/revista\/wp-json\/wp\/v2\/tags?post=10548"}],"curies":[{"name":"wp","href":"https:\/\/api.w.org\/{rel}","templated":true}]}}