{"id":10531,"date":"2024-11-01T07:04:00","date_gmt":"2024-11-01T13:04:00","guid":{"rendered":"https:\/\/soymigrante.com\/revista\/?p=10531"},"modified":"2024-11-01T13:59:57","modified_gmt":"2024-11-01T19:59:57","slug":"estas-son-las-tradiciones-del-dia-de-difuntos-en-guatemala","status":"publish","type":"post","link":"https:\/\/soymigrante.com\/revista\/estas-son-las-tradiciones-del-dia-de-difuntos-en-guatemala\/","title":{"rendered":"Estas son las tradiciones del D\u00eda de Difuntos en Guatemala"},"content":{"rendered":"\t\t<div data-elementor-type=\"wp-post\" data-elementor-id=\"10531\" class=\"elementor elementor-10531\" data-elementor-post-type=\"post\">\n\t\t\t\t<div data-particle_enable=\"false\" data-particle-mobile-disabled=\"false\" class=\"elementor-element elementor-element-bdcfb3b e-flex e-con-boxed e-con e-parent\" data-id=\"bdcfb3b\" data-element_type=\"container\" data-e-type=\"container\">\n\t\t\t\t\t<div class=\"e-con-inner\">\n\t\t\t\t<div class=\"elementor-element elementor-element-a0db22f elementor-widget elementor-widget-heading\" data-id=\"a0db22f\" data-element_type=\"widget\" data-e-type=\"widget\" data-widget_type=\"heading.default\">\n\t\t\t\t\t<h2 class=\"elementor-heading-title elementor-size-default\">El D\u00eda de Muertos en Guatemala se celebra el 1 de noviembre y es una tradici\u00f3n muy querida porque hace recordar el amor y cari\u00f1o a los seres queridos que ya no est\u00e1n. \n<\/h2>\t\t\t\t<\/div>\n\t\t\t\t\t<\/div>\n\t\t\t\t<\/div>\n\t\t<div data-particle_enable=\"false\" data-particle-mobile-disabled=\"false\" class=\"elementor-element elementor-element-5630de9 e-flex e-con-boxed e-con e-parent\" data-id=\"5630de9\" data-element_type=\"container\" data-e-type=\"container\">\n\t\t\t\t\t<div class=\"e-con-inner\">\n\t\t\t\t<div class=\"elementor-element elementor-element-8413b2e elementor-widget elementor-widget-text-editor\" data-id=\"8413b2e\" data-element_type=\"widget\" data-e-type=\"widget\" data-widget_type=\"text-editor.default\">\n\t\t\t\t\t\t\t\t\t<p>El D\u00eda de Muertos en Guatemala es una festividad rica en simbolismos, donde las costumbres ind\u00edgenas y cat\u00f3licas se entrelazan para honrar la memoria de los difuntos. <a href=\"https:\/\/soymigrante.com\/revista\/category\/guate-nuestra\/\" target=\"_blank\" rel=\"noopener\">En este d\u00eda, los cementerios se llenan de vida, colores y aromas que evocan la conexi\u00f3n entre el mundo terrenal y el espiritual.<\/a><\/p><p>Entre las tradiciones m\u00e1s significativas est\u00e1n las comidas familiares en los cementerios, las oraciones por el descanso de las almas, la elaboraci\u00f3n del tradicional fiambre y los rituales mayas que celebran la continuidad de la vida m\u00e1s all\u00e1 de la muerte.<\/p>\t\t\t\t\t\t\t\t<\/div>\n\t\t\t\t\t<\/div>\n\t\t\t\t<\/div>\n\t\t<div data-particle_enable=\"false\" data-particle-mobile-disabled=\"false\" class=\"elementor-element elementor-element-721dd74 e-flex e-con-boxed e-con e-parent\" data-id=\"721dd74\" data-element_type=\"container\" data-e-type=\"container\">\n\t\t\t\t\t<div class=\"e-con-inner\">\n\t\t\t\t<div class=\"elementor-element elementor-element-ebe12c3 elementor-widget elementor-widget-heading\" data-id=\"ebe12c3\" data-element_type=\"widget\" data-e-type=\"widget\" data-widget_type=\"heading.default\">\n\t\t\t\t\t<h3 class=\"elementor-heading-title elementor-size-default\">Comer en los cementerios: Un acto de amor y compa\u00f1\u00eda<\/h3>\t\t\t\t<\/div>\n\t\t\t\t\t<\/div>\n\t\t\t\t<\/div>\n\t\t<div data-particle_enable=\"false\" data-particle-mobile-disabled=\"false\" class=\"elementor-element elementor-element-26879d7 e-flex e-con-boxed e-con e-parent\" data-id=\"26879d7\" data-element_type=\"container\" data-e-type=\"container\">\n\t\t\t\t\t<div class=\"e-con-inner\">\n\t\t\t\t<div class=\"elementor-element elementor-element-3b2b43e elementor-widget elementor-widget-text-editor\" data-id=\"3b2b43e\" data-element_type=\"widget\" data-e-type=\"widget\" data-widget_type=\"text-editor.default\">\n\t\t\t\t\t\t\t\t\t<p>Una de las tradiciones m\u00e1s representativas del D\u00eda de Muertos en Guatemala es la costumbre de visitar los cementerios. <a href=\"https:\/\/soymigrante.com\/revista\/category\/guate-nuestra\/\" target=\"_blank\" rel=\"noopener\">Familias enteras se congregan alrededor de las tumbas de sus seres queridos para compartir un d\u00eda de recuerdos.<\/a> No solo se trata de limpiar las l\u00e1pidas o adornarlas con flores, sino de compartir comida y momentos.<\/p><p>Comer en el cementerio simboliza la uni\u00f3n con aquellos que ya no est\u00e1n en cuerpo, pero s\u00ed en esp\u00edritu. Este acto une a vivos y muertos en un banquete que, m\u00e1s all\u00e1 de lo simb\u00f3lico, es una celebraci\u00f3n de la vida que trasciende la muerte.<\/p>\t\t\t\t\t\t\t\t<\/div>\n\t\t\t\t\t<\/div>\n\t\t\t\t<\/div>\n\t\t<div data-particle_enable=\"false\" data-particle-mobile-disabled=\"false\" class=\"elementor-element elementor-element-61aa9db e-flex e-con-boxed e-con e-parent\" data-id=\"61aa9db\" data-element_type=\"container\" data-e-type=\"container\">\n\t\t\t\t\t<div class=\"e-con-inner\">\n\t\t\t\t<div class=\"elementor-element elementor-element-308848c elementor-widget elementor-widget-video\" data-id=\"308848c\" data-element_type=\"widget\" data-e-type=\"widget\" data-settings=\"{&quot;youtube_url&quot;:&quot;https:\\\/\\\/www.youtube.com\\\/watch?v=DiddwkL6PA8&quot;,&quot;video_type&quot;:&quot;youtube&quot;,&quot;controls&quot;:&quot;yes&quot;}\" data-widget_type=\"video.default\">\n\t\t\t\t\t\t\t<div class=\"elementor-wrapper elementor-open-inline\">\n\t\t\t<div class=\"elementor-video\"><\/div>\t\t<\/div>\n\t\t\t\t\t\t<\/div>\n\t\t\t\t\t<\/div>\n\t\t\t\t<\/div>\n\t\t<div data-particle_enable=\"false\" data-particle-mobile-disabled=\"false\" class=\"elementor-element elementor-element-36b4145 e-flex e-con-boxed e-con e-parent\" data-id=\"36b4145\" data-element_type=\"container\" data-e-type=\"container\">\n\t\t\t\t\t<div class=\"e-con-inner\">\n\t\t\t\t<div class=\"elementor-element elementor-element-e68b5dd elementor-widget elementor-widget-heading\" data-id=\"e68b5dd\" data-element_type=\"widget\" data-e-type=\"widget\" data-widget_type=\"heading.default\">\n\t\t\t\t\t<h3 class=\"elementor-heading-title elementor-size-default\">Oraciones: Un camino de conexi\u00f3n espiritual<\/h3>\t\t\t\t<\/div>\n\t\t\t\t\t<\/div>\n\t\t\t\t<\/div>\n\t\t<div data-particle_enable=\"false\" data-particle-mobile-disabled=\"false\" class=\"elementor-element elementor-element-42066b2 e-flex e-con-boxed e-con e-parent\" data-id=\"42066b2\" data-element_type=\"container\" data-e-type=\"container\">\n\t\t\t\t\t<div class=\"e-con-inner\">\n\t\t\t\t<div class=\"elementor-element elementor-element-dfb946f elementor-widget elementor-widget-text-editor\" data-id=\"dfb946f\" data-element_type=\"widget\" data-e-type=\"widget\" data-widget_type=\"text-editor.default\">\n\t\t\t\t\t\t\t\t\t<p>Las oraciones forman parte esencial de esta celebraci\u00f3n. Durante el D\u00eda de Muertos, <a href=\"https:\/\/soymigrante.com\/revista\/category\/guate-nuestra\/\" target=\"_blank\" rel=\"noopener\">los guatemaltecos ofrecen plegarias por el descanso de sus seres queridos y para pedir por su paz eterna.<\/a> Estas oraciones no solo se realizan en los cementerios, sino tambi\u00e9n en los hogares, donde se preparan peque\u00f1os altares con fotograf\u00edas de los fallecidos, velas y ofrendas. <br \/>Las veladoras y el incienso son elementos clave que gu\u00edan a las almas en su visita a la Tierra, de acuerdo con las creencias populares.<\/p>\t\t\t\t\t\t\t\t<\/div>\n\t\t\t\t\t<\/div>\n\t\t\t\t<\/div>\n\t\t<div data-particle_enable=\"false\" data-particle-mobile-disabled=\"false\" class=\"elementor-element elementor-element-795e5ca e-flex e-con-boxed e-con e-parent\" data-id=\"795e5ca\" data-element_type=\"container\" data-e-type=\"container\">\n\t\t\t\t\t<div class=\"e-con-inner\">\n\t\t\t\t<div class=\"elementor-element elementor-element-a174518 elementor-widget elementor-widget-video\" data-id=\"a174518\" data-element_type=\"widget\" data-e-type=\"widget\" data-settings=\"{&quot;youtube_url&quot;:&quot;https:\\\/\\\/www.youtube.com\\\/watch?v=7BxeBt5qnGA&quot;,&quot;video_type&quot;:&quot;youtube&quot;,&quot;controls&quot;:&quot;yes&quot;}\" data-widget_type=\"video.default\">\n\t\t\t\t\t\t\t<div class=\"elementor-wrapper elementor-open-inline\">\n\t\t\t<div class=\"elementor-video\"><\/div>\t\t<\/div>\n\t\t\t\t\t\t<\/div>\n\t\t\t\t\t<\/div>\n\t\t\t\t<\/div>\n\t\t<div data-particle_enable=\"false\" data-particle-mobile-disabled=\"false\" class=\"elementor-element elementor-element-4f74eda e-flex e-con-boxed e-con e-parent\" data-id=\"4f74eda\" data-element_type=\"container\" data-e-type=\"container\">\n\t\t\t\t\t<div class=\"e-con-inner\">\n\t\t\t\t<div class=\"elementor-element elementor-element-656adbe elementor-widget elementor-widget-heading\" data-id=\"656adbe\" data-element_type=\"widget\" data-e-type=\"widget\" data-widget_type=\"heading.default\">\n\t\t\t\t\t<h3 class=\"elementor-heading-title elementor-size-default\">El Fiambre: Un platillo cargado de simbolismo<\/h3>\t\t\t\t<\/div>\n\t\t\t\t\t<\/div>\n\t\t\t\t<\/div>\n\t\t<div data-particle_enable=\"false\" data-particle-mobile-disabled=\"false\" class=\"elementor-element elementor-element-038ad85 e-flex e-con-boxed e-con e-parent\" data-id=\"038ad85\" data-element_type=\"container\" data-e-type=\"container\">\n\t\t\t\t\t<div class=\"e-con-inner\">\n\t\t\t\t<div class=\"elementor-element elementor-element-77259a2 elementor-widget elementor-widget-text-editor\" data-id=\"77259a2\" data-element_type=\"widget\" data-e-type=\"widget\" data-widget_type=\"text-editor.default\">\n\t\t\t\t\t\t\t\t\t<p>El fiambre, una ensalada fr\u00eda que combina m\u00e1s de 50 ingredientes, es el plato t\u00edpico del D\u00eda de Muertos en Guatemala. Este tradicional manjar es una verdadera ofrenda a los ancestros, ya que representa la diversidad y la uni\u00f3n familiar.<\/p><p><a href=\"https:\/\/soymigrante.com\/revista\/category\/guate-nuestra\/\" target=\"_blank\" rel=\"noopener\">Preparar el fiambre es una actividad que lleva varios d\u00edas y re\u00fane a la familia en torno a la cocina, lo que refuerza el sentido comunitario de la festividad.<\/a> Compartir el fiambre con amigos y vecinos tambi\u00e9n es una forma de mantener viva la tradici\u00f3n y recordar a los seres amados.<\/p>\t\t\t\t\t\t\t\t<\/div>\n\t\t\t\t\t<\/div>\n\t\t\t\t<\/div>\n\t\t<div data-particle_enable=\"false\" data-particle-mobile-disabled=\"false\" class=\"elementor-element elementor-element-101633e e-flex e-con-boxed e-con e-parent\" data-id=\"101633e\" data-element_type=\"container\" data-e-type=\"container\">\n\t\t\t\t\t<div class=\"e-con-inner\">\n\t\t\t\t<div class=\"elementor-element elementor-element-4a09f23 elementor-widget elementor-widget-video\" data-id=\"4a09f23\" data-element_type=\"widget\" data-e-type=\"widget\" data-settings=\"{&quot;youtube_url&quot;:&quot;https:\\\/\\\/www.youtube.com\\\/watch?v=KzklEVdMl-s&amp;t=11s&quot;,&quot;video_type&quot;:&quot;youtube&quot;,&quot;controls&quot;:&quot;yes&quot;}\" data-widget_type=\"video.default\">\n\t\t\t\t\t\t\t<div class=\"elementor-wrapper elementor-open-inline\">\n\t\t\t<div class=\"elementor-video\"><\/div>\t\t<\/div>\n\t\t\t\t\t\t<\/div>\n\t\t\t\t\t<\/div>\n\t\t\t\t<\/div>\n\t\t<div data-particle_enable=\"false\" data-particle-mobile-disabled=\"false\" class=\"elementor-element elementor-element-6151d42 e-flex e-con-boxed e-con e-parent\" data-id=\"6151d42\" data-element_type=\"container\" data-e-type=\"container\">\n\t\t\t\t\t<div class=\"e-con-inner\">\n\t\t\t\t<div class=\"elementor-element elementor-element-fcc833d elementor-widget elementor-widget-heading\" data-id=\"fcc833d\" data-element_type=\"widget\" data-e-type=\"widget\" data-widget_type=\"heading.default\">\n\t\t\t\t\t<h3 class=\"elementor-heading-title elementor-size-default\">Rituales mayas: Un legado ancestral<\/h3>\t\t\t\t<\/div>\n\t\t\t\t\t<\/div>\n\t\t\t\t<\/div>\n\t\t<div data-particle_enable=\"false\" data-particle-mobile-disabled=\"false\" class=\"elementor-element elementor-element-fd3136c e-flex e-con-boxed e-con e-parent\" data-id=\"fd3136c\" data-element_type=\"container\" data-e-type=\"container\">\n\t\t\t\t\t<div class=\"e-con-inner\">\n\t\t\t\t<div class=\"elementor-element elementor-element-e3543fc elementor-widget elementor-widget-text-editor\" data-id=\"e3543fc\" data-element_type=\"widget\" data-e-type=\"widget\" data-widget_type=\"text-editor.default\">\n\t\t\t\t\t\t\t\t\t<p>En muchas comunidades mayas, el D\u00eda de Muertos se celebra con rituales que combinan espiritualidad y respeto a la naturaleza. Las ofrendas a los ancestros se realizan no solo en los cementerios, sino tambi\u00e9n en altares especiales ubicados en monta\u00f1as o cerca de fuentes de agua, considerados lugares sagrados.<\/p><p>Durante estos rituales, se encienden fogatas y se realizan ceremonias con copal, ma\u00edz y cacao, elementos importantes en la cosmovisi\u00f3n maya. <a href=\"https:\/\/soymigrante.com\/revista\/category\/guate-nuestra\/\" target=\"_blank\" rel=\"noopener\">La conexi\u00f3n con la naturaleza y los ancestros es un recordatorio del ciclo de la vida y la muerte<\/a>, ambos vistos como partes inseparables del mismo todo.<\/p>\t\t\t\t\t\t\t\t<\/div>\n\t\t\t\t\t<\/div>\n\t\t\t\t<\/div>\n\t\t<div data-particle_enable=\"false\" data-particle-mobile-disabled=\"false\" class=\"elementor-element elementor-element-5a8f3de e-flex e-con-boxed e-con e-parent\" data-id=\"5a8f3de\" data-element_type=\"container\" data-e-type=\"container\">\n\t\t\t\t\t<div class=\"e-con-inner\">\n\t\t\t\t<div class=\"elementor-element elementor-element-43efa1f elementor-widget elementor-widget-video\" data-id=\"43efa1f\" data-element_type=\"widget\" data-e-type=\"widget\" data-settings=\"{&quot;youtube_url&quot;:&quot;https:\\\/\\\/www.youtube.com\\\/watch?v=OCsHgF7E9gY&quot;,&quot;video_type&quot;:&quot;youtube&quot;,&quot;controls&quot;:&quot;yes&quot;}\" data-widget_type=\"video.default\">\n\t\t\t\t\t\t\t<div class=\"elementor-wrapper elementor-open-inline\">\n\t\t\t<div class=\"elementor-video\"><\/div>\t\t<\/div>\n\t\t\t\t\t\t<\/div>\n\t\t\t\t\t<\/div>\n\t\t\t\t<\/div>\n\t\t<div data-particle_enable=\"false\" data-particle-mobile-disabled=\"false\" class=\"elementor-element elementor-element-c1f1e7b e-flex e-con-boxed e-con e-parent\" data-id=\"c1f1e7b\" data-element_type=\"container\" data-e-type=\"container\">\n\t\t\t\t\t<div class=\"e-con-inner\">\n\t\t\t\t<div class=\"elementor-element elementor-element-19ae687 elementor-widget elementor-widget-heading\" data-id=\"19ae687\" data-element_type=\"widget\" data-e-type=\"widget\" data-widget_type=\"heading.default\">\n\t\t\t\t\t<h3 class=\"elementor-heading-title elementor-size-default\">Historias familiares: Un legado que vive en cada tumba decorada<\/h3>\t\t\t\t<\/div>\n\t\t\t\t\t<\/div>\n\t\t\t\t<\/div>\n\t\t<div data-particle_enable=\"false\" data-particle-mobile-disabled=\"false\" class=\"elementor-element elementor-element-d435d61 e-flex e-con-boxed e-con e-parent\" data-id=\"d435d61\" data-element_type=\"container\" data-e-type=\"container\">\n\t\t\t\t\t<div class=\"e-con-inner\">\n\t\t\t\t<div class=\"elementor-element elementor-element-6803134 elementor-widget elementor-widget-text-editor\" data-id=\"6803134\" data-element_type=\"widget\" data-e-type=\"widget\" data-widget_type=\"text-editor.default\">\n\t\t\t\t\t\t\t\t\t<p><strong>La familia P\u00e9rez en Santiago Sacatep\u00e9quez<\/strong><br \/>Cada a\u00f1o, la familia P\u00e9rez viaja desde la capital hasta el cementerio de Santiago Sacatep\u00e9quez para decorar la tumba de su abuelo, don Jos\u00e9 P\u00e9rez, quien falleci\u00f3 hace m\u00e1s de dos d\u00e9cadas. La tradici\u00f3n de decorar su tumba se ha convertido en una reuni\u00f3n familiar que no solo incluye flores y velas, sino tambi\u00e9n un barrilete gigante, que los ni\u00f1os de la familia construyen semanas antes.<\/p><p>Para ellos, el barrilete representa un mensaje directo a su abuelo, uniendo la tierra con el cielo. Adem\u00e1s de decorar la tumba, la familia comparte un almuerzo con tamales y fiambre, recordando las historias de don Jos\u00e9 y su amor por los barriletes.<\/p>\t\t\t\t\t\t\t\t<\/div>\n\t\t\t\t\t<\/div>\n\t\t\t\t<\/div>\n\t\t<div data-particle_enable=\"false\" data-particle-mobile-disabled=\"false\" class=\"elementor-element elementor-element-239f431 e-flex e-con-boxed e-con e-parent\" data-id=\"239f431\" data-element_type=\"container\" data-e-type=\"container\">\n\t\t\t\t\t<div class=\"e-con-inner\">\n\t\t\t\t<div class=\"elementor-element elementor-element-80faeb6 elementor-widget elementor-widget-image\" data-id=\"80faeb6\" data-element_type=\"widget\" data-e-type=\"widget\" data-widget_type=\"image.default\">\n\t\t\t\t\t\t\t\t\t\t\t\t\t\t\t<img fetchpriority=\"high\" decoding=\"async\" width=\"768\" height=\"512\" src=\"https:\/\/soymigrante.com\/revista\/wp-content\/uploads\/2024\/10\/Estas-son-las-tradiciones-del-Dia-de-Muertos-en-Guatemala-1024x683.webp\" class=\"attachment-large size-large wp-image-10538\" alt=\"Deliciosa ensalada fr\u00eda con embutidos, huevos, encurtidos, verduras y queso, ideal para revitalizarse en verano.\" srcset=\"https:\/\/soymigrante.com\/revista\/wp-content\/uploads\/2024\/10\/Estas-son-las-tradiciones-del-Dia-de-Muertos-en-Guatemala-1024x683.webp 1024w, https:\/\/soymigrante.com\/revista\/wp-content\/uploads\/2024\/10\/Estas-son-las-tradiciones-del-Dia-de-Muertos-en-Guatemala-300x200.webp 300w, https:\/\/soymigrante.com\/revista\/wp-content\/uploads\/2024\/10\/Estas-son-las-tradiciones-del-Dia-de-Muertos-en-Guatemala-768x512.webp 768w, https:\/\/soymigrante.com\/revista\/wp-content\/uploads\/2024\/10\/Estas-son-las-tradiciones-del-Dia-de-Muertos-en-Guatemala-1536x1024.webp 1536w, https:\/\/soymigrante.com\/revista\/wp-content\/uploads\/2024\/10\/Estas-son-las-tradiciones-del-Dia-de-Muertos-en-Guatemala-scaled.webp 1920w, https:\/\/soymigrante.com\/revista\/wp-content\/uploads\/2024\/10\/Estas-son-las-tradiciones-del-Dia-de-Muertos-en-Guatemala-750x500.jpg 750w, https:\/\/soymigrante.com\/revista\/wp-content\/uploads\/2024\/10\/Estas-son-las-tradiciones-del-Dia-de-Muertos-en-Guatemala-1140x760.jpg 1140w\" sizes=\"(max-width: 768px) 100vw, 768px\" title=\"Estas son las tradiciones del D\u00eda de Muertos en Guatemala \u2013 SoyMigrante.com REVISTA\" \/>\t\t\t\t\t\t\t\t\t\t\t\t\t\t\t<\/div>\n\t\t\t\t\t<\/div>\n\t\t\t\t<\/div>\n\t\t<div data-particle_enable=\"false\" data-particle-mobile-disabled=\"false\" class=\"elementor-element elementor-element-667253b e-flex e-con-boxed e-con e-parent\" data-id=\"667253b\" data-element_type=\"container\" data-e-type=\"container\">\n\t\t\t\t\t<div class=\"e-con-inner\">\n\t\t\t\t<div class=\"elementor-element elementor-element-970cb93 elementor-widget elementor-widget-text-editor\" data-id=\"970cb93\" data-element_type=\"widget\" data-e-type=\"widget\" data-widget_type=\"text-editor.default\">\n\t\t\t\t\t\t\t\t\t<p><strong>La familia Rax en Chichicastenango<\/strong><br \/>En Chichicastenango, la familia Rax sigue una antigua tradici\u00f3n maya que incluye ofrendas de ma\u00edz, flores y veladoras. Cada a\u00f1o, suben al cementerio con sus indumentarias mayas y realizan una ceremonia guiada por un sacerdote maya. <br \/>Alrededor de la tumba de su abuela, do\u00f1a Rosa Rax, colocan un altar con copal y cacao. La familia cuenta que su abuela fue una mujer sabia que les ense\u00f1\u00f3 la importancia de respetar a los ancestros. Este d\u00eda, para ellos, no es solo una forma de recordar a do\u00f1a Rosa, sino de ense\u00f1ar a los m\u00e1s j\u00f3venes la continuidad de sus ra\u00edces y el respeto a la espiritualidad.<\/p>\t\t\t\t\t\t\t\t<\/div>\n\t\t\t\t\t<\/div>\n\t\t\t\t<\/div>\n\t\t<div data-particle_enable=\"false\" data-particle-mobile-disabled=\"false\" class=\"elementor-element elementor-element-f60a740 e-flex e-con-boxed e-con e-parent\" data-id=\"f60a740\" data-element_type=\"container\" data-e-type=\"container\">\n\t\t\t\t\t<div class=\"e-con-inner\">\n\t\t\t\t<div class=\"elementor-element elementor-element-c2644b4 elementor-widget elementor-widget-text-editor\" data-id=\"c2644b4\" data-element_type=\"widget\" data-e-type=\"widget\" data-widget_type=\"text-editor.default\">\n\t\t\t\t\t\t\t\t\t<p><strong>La familia Morales en Antigua Guatemala<\/strong><br \/>La familia Morales decora la tumba de su madre, do\u00f1a Carmen, con flores coloridas y grandes coronas de cempas\u00fachil en el cementerio de Antigua Guatemala. Para ellos, el D\u00eda de Muertos es un d\u00eda para estar juntos y recordar las an\u00e9cdotas y ense\u00f1anzas de do\u00f1a Carmen. La tradici\u00f3n incluye no solo adornar la tumba, sino tambi\u00e9n preparar su receta especial de fiambre, una versi\u00f3n que lleva m\u00e1s de 60 a\u00f1os en la familia. En palabras de Jos\u00e9 Morales, el hijo mayor, \u201ces como si mi madre estuviera con nosotros a trav\u00e9s del fiambre, el sabor nos la trae de vuelta cada a\u00f1o\u201d.<\/p>\t\t\t\t\t\t\t\t<\/div>\n\t\t\t\t\t<\/div>\n\t\t\t\t<\/div>\n\t\t<div data-particle_enable=\"false\" data-particle-mobile-disabled=\"false\" class=\"elementor-element elementor-element-b845c96 e-flex e-con-boxed e-con e-parent\" data-id=\"b845c96\" data-element_type=\"container\" data-e-type=\"container\">\n\t\t\t\t\t<div class=\"e-con-inner\">\n\t\t\t\t<div class=\"elementor-element elementor-element-b945a74 elementor-widget elementor-widget-video\" data-id=\"b945a74\" data-element_type=\"widget\" data-e-type=\"widget\" data-settings=\"{&quot;youtube_url&quot;:&quot;https:\\\/\\\/www.youtube.com\\\/watch?v=-e3eEftNDKc&quot;,&quot;video_type&quot;:&quot;youtube&quot;,&quot;controls&quot;:&quot;yes&quot;}\" data-widget_type=\"video.default\">\n\t\t\t\t\t\t\t<div class=\"elementor-wrapper elementor-open-inline\">\n\t\t\t<div class=\"elementor-video\"><\/div>\t\t<\/div>\n\t\t\t\t\t\t<\/div>\n\t\t\t\t\t<\/div>\n\t\t\t\t<\/div>\n\t\t<div data-particle_enable=\"false\" data-particle-mobile-disabled=\"false\" class=\"elementor-element elementor-element-b82e2f1 e-flex e-con-boxed e-con e-parent\" data-id=\"b82e2f1\" data-element_type=\"container\" data-e-type=\"container\">\n\t\t\t\t\t<div class=\"e-con-inner\">\n\t\t\t\t<div class=\"elementor-element elementor-element-c4be757 elementor-widget elementor-widget-heading\" data-id=\"c4be757\" data-element_type=\"widget\" data-e-type=\"widget\" data-widget_type=\"heading.default\">\n\t\t\t\t\t<h3 class=\"elementor-heading-title elementor-size-default\">Recordar a los seres amados: Una tradici\u00f3n que trasciende generaciones<\/h3>\t\t\t\t<\/div>\n\t\t\t\t\t<\/div>\n\t\t\t\t<\/div>\n\t\t<div data-particle_enable=\"false\" data-particle-mobile-disabled=\"false\" class=\"elementor-element elementor-element-94194bd e-flex e-con-boxed e-con e-parent\" data-id=\"94194bd\" data-element_type=\"container\" data-e-type=\"container\">\n\t\t\t\t\t<div class=\"e-con-inner\">\n\t\t\t\t<div class=\"elementor-element elementor-element-3c9c4ad elementor-widget elementor-widget-text-editor\" data-id=\"3c9c4ad\" data-element_type=\"widget\" data-e-type=\"widget\" data-widget_type=\"text-editor.default\">\n\t\t\t\t\t\t\t\t\t<p>M\u00e1s all\u00e1 de los rituales y las comidas, el D\u00eda de Muertos en Guatemala es, ante todo, un d\u00eda para recordar a los seres amados. <a href=\"https:\/\/soymigrante.com\/revista\/category\/guate-nuestra\/\" target=\"_blank\" rel=\"noopener\">Es un momento para reflexionar sobre la permanencia de la vida y el papel que los fallecidos contin\u00faan desempe\u00f1ando en la vida de los vivos.<\/a> Las familias no solo recuerdan a sus muertos, sino que transmiten las historias y ense\u00f1anzas de estos a las nuevas generaciones, manteniendo as\u00ed vivo su legado.<\/p><p>Esta festividad es un ejemplo claro de c\u00f3mo la cultura guatemalteca ha sabido integrar sus ra\u00edces ind\u00edgenas con la fe cat\u00f3lica, creando una celebraci\u00f3n que honra la vida, la muerte y la memoria de los ancestros. En cada oraci\u00f3n, en cada platillo de fiambre, y en cada reuni\u00f3n familiar, en los cementerios, se teje un v\u00ednculo que une a los guatemaltecos con sus seres queridos, trascendiendo la barrera de la muerte.<\/p>\t\t\t\t\t\t\t\t<\/div>\n\t\t\t\t\t<\/div>\n\t\t\t\t<\/div>\n\t\t<div data-particle_enable=\"false\" data-particle-mobile-disabled=\"false\" class=\"elementor-element elementor-element-ddef7ee e-flex e-con-boxed e-con e-parent\" data-id=\"ddef7ee\" data-element_type=\"container\" data-e-type=\"container\">\n\t\t\t\t\t<div class=\"e-con-inner\">\n\t\t\t\t<div class=\"elementor-element elementor-element-089033d elementor-widget elementor-widget-text-editor\" data-id=\"089033d\" data-element_type=\"widget\" data-e-type=\"widget\" data-widget_type=\"text-editor.default\">\n\t\t\t\t\t\t\t\t\t<p>Con estas historias, se refuerza la conexi\u00f3n personal y espiritual que los guatemaltecos mantienen con sus seres queridos fallecidos, mostrando c\u00f3mo cada familia honra sus propias tradiciones, manteniendo vivos los recuerdos y el amor.<\/p>\t\t\t\t\t\t\t\t<\/div>\n\t\t\t\t\t<\/div>\n\t\t\t\t<\/div>\n\t\t<div data-particle_enable=\"false\" data-particle-mobile-disabled=\"false\" class=\"elementor-element elementor-element-7bc8bfd e-flex e-con-boxed e-con e-parent\" data-id=\"7bc8bfd\" data-element_type=\"container\" data-e-type=\"container\">\n\t\t\t\t\t<div class=\"e-con-inner\">\n\t\t\t\t<div class=\"elementor-element elementor-element-e516ea6 elementor-widget elementor-widget-video\" data-id=\"e516ea6\" data-element_type=\"widget\" data-e-type=\"widget\" data-settings=\"{&quot;youtube_url&quot;:&quot;https:\\\/\\\/www.youtube.com\\\/watch?v=-trHaHzEcTc&quot;,&quot;video_type&quot;:&quot;youtube&quot;,&quot;controls&quot;:&quot;yes&quot;}\" data-widget_type=\"video.default\">\n\t\t\t\t\t\t\t<div class=\"elementor-wrapper elementor-open-inline\">\n\t\t\t<div class=\"elementor-video\"><\/div>\t\t<\/div>\n\t\t\t\t\t\t<\/div>\n\t\t\t\t\t<\/div>\n\t\t\t\t<\/div>\n\t\t<div data-particle_enable=\"false\" data-particle-mobile-disabled=\"false\" class=\"elementor-element elementor-element-1ad9ecf e-flex e-con-boxed e-con e-parent\" data-id=\"1ad9ecf\" data-element_type=\"container\" data-e-type=\"container\">\n\t\t\t\t\t<div class=\"e-con-inner\">\n\t\t\t\t<div class=\"elementor-element elementor-element-90c589c elementor-widget elementor-widget-heading\" data-id=\"90c589c\" data-element_type=\"widget\" data-e-type=\"widget\" data-widget_type=\"heading.default\">\n\t\t\t\t\t<h2 class=\"elementor-heading-title elementor-size-default\">Te puede interesar...<\/h2>\t\t\t\t<\/div>\n\t\t\t\t\t<\/div>\n\t\t\t\t<\/div>\n\t\t<div data-particle_enable=\"false\" data-particle-mobile-disabled=\"false\" class=\"elementor-element elementor-element-53b6a9b e-flex e-con-boxed e-con e-parent\" data-id=\"53b6a9b\" data-element_type=\"container\" data-e-type=\"container\">\n\t\t\t\t\t<div class=\"e-con-inner\">\n\t\t\t\t<div class=\"elementor-element elementor-element-6d8ded5 elementor-widget elementor-widget-blfe-post-grid\" data-id=\"6d8ded5\" data-element_type=\"widget\" data-e-type=\"widget\" data-settings=\"{&quot;columns&quot;:&quot;3&quot;,&quot;columns_tablet&quot;:&quot;6&quot;,&quot;columns_mobile&quot;:&quot;12&quot;,&quot;hero1_layout_column_gap&quot;:{&quot;unit&quot;:&quot;px&quot;,&quot;size&quot;:30,&quot;sizes&quot;:[]},&quot;hero1_layout_column_gap_tablet&quot;:{&quot;unit&quot;:&quot;px&quot;,&quot;size&quot;:&quot;&quot;,&quot;sizes&quot;:[]},&quot;hero1_layout_column_gap_mobile&quot;:{&quot;unit&quot;:&quot;px&quot;,&quot;size&quot;:&quot;&quot;,&quot;sizes&quot;:[]},&quot;hero1_layout_row_gap&quot;:{&quot;unit&quot;:&quot;px&quot;,&quot;size&quot;:30,&quot;sizes&quot;:[]},&quot;hero1_layout_row_gap_tablet&quot;:{&quot;unit&quot;:&quot;px&quot;,&quot;size&quot;:&quot;&quot;,&quot;sizes&quot;:[]},&quot;hero1_layout_row_gap_mobile&quot;:{&quot;unit&quot;:&quot;px&quot;,&quot;size&quot;:&quot;&quot;,&quot;sizes&quot;:[]}}\" data-widget_type=\"blfe-post-grid.hero1\">\n\t\t\t\t<div class=\"elementor-widget-container\">\n\t\t\t\t\t\n                        <div class=\"blfe-post-grid-container \">\n            \n                <div data-skin=\"hero1\" class=\"blfe-row blfe-posts-inner blfe-hero1 blfe-posts-inner blfe-col-3 blfe-col-tab-6 blfe-col-mob-12     \">\n                            <div class=\"blfe-post-grid-item\">\n            <div class=\"blfe-post-grid-item-inner blfe-modern-zoom\">\n                        <div class=\"blfe-post-grid-bg-image\">\n            <a class=\"blfe-post-grid-image-inner\" href=\"https:\/\/soymigrante.com\/revista\/semana-santa-guatemalteca-via-crucis-en-vivo-cuilapa-santa-rosa-imagenes\/\" title=\"Impresionante y piadoso V\u00eda Crucis en vivo presentan estudiantes en Cuilapa, Santa Rosa &#8211; Im\u00e1genes\" rel=\"nofollow\" target=\"_blank\"><img decoding=\"async\" src=\"https:\/\/soymigrante.com\/revista\/wp-content\/uploads\/2026\/04\/via-crucis-en-vivo-cuilapa.jpg\" alt=\"Impresionante y piadoso V\u00eda Crucis en vivo presentan estudiantes en Cuilapa, Santa Rosa &#8211; Im\u00e1genes\"\/><\/a>        <\/div>\n                        <div class=\"blfe-post-grid-details\">\n                    <div class=\"blfe-post-grid-details-inner\">\n                        <span class=\"blfe-post-category\"><a href=\"https:\/\/soymigrante.com\/revista\/category\/guate-nuestra\/\">Guate Nuestra<\/a><\/span>                        <h3 class=\"blfe-post-grid-title\">\n            <a href=\"https:\/\/soymigrante.com\/revista\/semana-santa-guatemalteca-via-crucis-en-vivo-cuilapa-santa-rosa-imagenes\/\" title=\"Impresionante y piadoso V\u00eda Crucis en vivo presentan estudiantes en Cuilapa, Santa Rosa &#8211; Im\u00e1genes\" rel=\"nofollow\" target=\"_blank\">Impresionante y piadoso V\u00eda Crucis en vivo presentan estudiantes en Cuilapa, Santa Rosa &#8211; Im\u00e1genes<\/a>\n            <\/h3>                                                            <div class=\"blfe-post-grid-meta\">\n                <span class=\"blfe-post-grid-time\"><i class=\"fas fa-book-reader\"><\/i>3 Min read<\/span>            <\/div>\n                                                        <\/div>\n                <\/div>\n\n            <\/div>\n        <\/div>\n                <div class=\"blfe-post-grid-item\">\n            <div class=\"blfe-post-grid-item-inner blfe-modern-zoom\">\n                        <div class=\"blfe-post-grid-bg-image\">\n            <a class=\"blfe-post-grid-image-inner\" href=\"https:\/\/soymigrante.com\/revista\/el-maestro-hector-gomez-lleva-la-musica-sacra-de-cuaresma-y-semana-santa-en-el-alma\/\" title=\"El maestro H\u00e9ctor G\u00f3mez lleva la m\u00fasica sacra de Cuaresma y Semana Santa en el alma\" rel=\"nofollow\" target=\"_blank\"><img decoding=\"async\" src=\"https:\/\/soymigrante.com\/revista\/wp-content\/uploads\/2025\/04\/He\u0301ctor-Go\u0301mez-foto-de-Marco-Pereira-scaled-e1743522233442.webp\" alt=\"El maestro H\u00e9ctor G\u00f3mez lleva la m\u00fasica sacra de Cuaresma y Semana Santa en el alma\"\/><\/a>        <\/div>\n                        <div class=\"blfe-post-grid-details\">\n                    <div class=\"blfe-post-grid-details-inner\">\n                        <span class=\"blfe-post-category\"><a href=\"https:\/\/soymigrante.com\/revista\/category\/guate-nuestra\/\">Guate Nuestra<\/a><\/span>                        <h3 class=\"blfe-post-grid-title\">\n            <a href=\"https:\/\/soymigrante.com\/revista\/el-maestro-hector-gomez-lleva-la-musica-sacra-de-cuaresma-y-semana-santa-en-el-alma\/\" title=\"El maestro H\u00e9ctor G\u00f3mez lleva la m\u00fasica sacra de Cuaresma y Semana Santa en el alma\" rel=\"nofollow\" target=\"_blank\">El maestro H\u00e9ctor G\u00f3mez lleva la m\u00fasica sacra de Cuaresma y Semana Santa en el alma<\/a>\n            <\/h3>                                                            <div class=\"blfe-post-grid-meta\">\n                <span class=\"blfe-post-grid-time\"><i class=\"fas fa-book-reader\"><\/i>5 Min read<\/span>            <\/div>\n                                                        <\/div>\n                <\/div>\n\n            <\/div>\n        <\/div>\n                <div class=\"blfe-post-grid-item\">\n            <div class=\"blfe-post-grid-item-inner blfe-modern-zoom\">\n                        <div class=\"blfe-post-grid-bg-image\">\n            <a class=\"blfe-post-grid-image-inner\" href=\"https:\/\/soymigrante.com\/revista\/la-migrante-orquidia-archila-se-reencuentra-con-la-belleza-de-su-natal-guatemala\/\" title=\"La migrante Orquidia Archila se reencuentra con la belleza de su natal Guatemala\" rel=\"nofollow\" target=\"_blank\"><img decoding=\"async\" src=\"https:\/\/soymigrante.com\/revista\/wp-content\/uploads\/2024\/08\/migrante-guatemalteca.webp\" alt=\"La migrante Orquidia Archila se reencuentra con la belleza de su natal Guatemala\"\/><\/a>        <\/div>\n                        <div class=\"blfe-post-grid-details\">\n                    <div class=\"blfe-post-grid-details-inner\">\n                        <span class=\"blfe-post-category\"><a href=\"https:\/\/soymigrante.com\/revista\/category\/guate-nuestra\/\">Guate Nuestra<\/a><\/span>                        <h3 class=\"blfe-post-grid-title\">\n            <a href=\"https:\/\/soymigrante.com\/revista\/la-migrante-orquidia-archila-se-reencuentra-con-la-belleza-de-su-natal-guatemala\/\" title=\"La migrante Orquidia Archila se reencuentra con la belleza de su natal Guatemala\" rel=\"nofollow\" target=\"_blank\">La migrante Orquidia Archila se reencuentra con la belleza de su natal Guatemala<\/a>\n            <\/h3>                                                            <div class=\"blfe-post-grid-meta\">\n                <span class=\"blfe-post-grid-time\"><i class=\"fas fa-book-reader\"><\/i>5 Min read<\/span>            <\/div>\n                                                        <\/div>\n                <\/div>\n\n            <\/div>\n        <\/div>\n                        <\/div>\n\n                        <\/div>\n            \n                        <div class=\"blfe-post-footer\">\n                        <\/div>\n            \t\t\t\t<\/div>\n\t\t\t\t<\/div>\n\t\t\t\t\t<\/div>\n\t\t\t\t<\/div>\n\t\t\t\t<\/div>\n\t\t","protected":false},"excerpt":{"rendered":"<p>El D\u00eda de Muertos en Guatemala se celebra el 1 de noviembre y es una tradici\u00f3n muy querida porque hace recordar el amor y cari\u00f1o a los seres queridos que ya no est\u00e1n. El D\u00eda de Muertos en Guatemala es una festividad rica en simbolismos, donde las costumbres ind\u00edgenas y cat\u00f3licas se entrelazan para honrar [&hellip;]<\/p>\n","protected":false},"author":19,"featured_media":10532,"comment_status":"open","ping_status":"open","sticky":false,"template":"","format":"standard","meta":{"_acf_changed":false,"_eb_attr":"","footnotes":""},"categories":[58],"tags":[],"class_list":["post-10531","post","type-post","status-publish","format-standard","has-post-thumbnail","hentry","category-guate-nuestra"],"acf":[],"aioseo_notices":[],"aioseo_head":"\n\t\t<!-- All in One SEO Pro 4.9.6.2 - aioseo.com -->\n\t<meta name=\"description\" content=\"Orquidia Archila trabaja en el \u00e1rea de control de calidad de una bodega en Kansas, EE.UU. En vacaciones decidi\u00f3 volver a su patria y as\u00ed cuenta su vivencia.\" \/>\n\t<meta name=\"robots\" content=\"max-snippet:-1, max-image-preview:large, max-video-preview:-1\" \/>\n\t<meta name=\"author\" content=\"Beatriz Tercero\"\/>\n\t<link rel=\"canonical\" href=\"https:\/\/soymigrante.com\/revista\/la-migrante-orquidia-archila-se-reencuentra-con-la-belleza-de-su-natal-guatemala\/\" \/>\n\t<meta name=\"generator\" content=\"All in One SEO Pro (AIOSEO) 4.9.6.2\" \/>\n\n\t\t<link rel=\"preconnect\" href=\"https:\/\/fonts.googleapis.com\" crossorigin>\n<link rel=\"preconnect\" href=\"https:\/\/fonts.gstatic.com\" crossorigin>\n\t\t<meta property=\"og:locale\" content=\"es_ES\" \/>\n\t\t<meta property=\"og:site_name\" content=\"SoyMigrante.com REVISTA \u2013 Nuestra misi\u00f3n es reconocer y dignificar al migrante.\" \/>\n\t\t<meta property=\"og:type\" content=\"article\" \/>\n\t\t<meta property=\"og:title\" content=\"Migrante Orquidia Archila redescubre su patria en sus vacaciones\" \/>\n\t\t<meta property=\"og:description\" content=\"Orquidia Archila trabaja en el \u00e1rea de control de calidad de una bodega en Kansas, EE.UU. En vacaciones decidi\u00f3 volver a su patria y as\u00ed cuenta su vivencia.\" \/>\n\t\t<meta property=\"og:url\" content=\"https:\/\/soymigrante.com\/revista\/la-migrante-orquidia-archila-se-reencuentra-con-la-belleza-de-su-natal-guatemala\/\" \/>\n\t\t<meta property=\"og:image\" content=\"https:\/\/soymigrante.com\/revista\/wp-content\/uploads\/2024\/08\/migrante-guatemalteca.webp\" \/>\n\t\t<meta property=\"og:image:secure_url\" content=\"https:\/\/soymigrante.com\/revista\/wp-content\/uploads\/2024\/08\/migrante-guatemalteca.webp\" \/>\n\t\t<meta property=\"og:image:width\" content=\"789\" \/>\n\t\t<meta property=\"og:image:height\" content=\"789\" \/>\n\t\t<meta property=\"article:published_time\" content=\"2024-08-19T23:18:21+00:00\" \/>\n\t\t<meta property=\"article:modified_time\" content=\"2024-08-19T23:26:04+00:00\" \/>\n\t\t<meta property=\"article:publisher\" content=\"https:\/\/www.facebook.com\/soymigrantecom\" \/>\n\t\t<meta name=\"twitter:card\" content=\"summary_large_image\" \/>\n\t\t<meta name=\"twitter:site\" content=\"@SoyMigrante_com\" \/>\n\t\t<meta name=\"twitter:title\" content=\"Migrante Orquidia Archila redescubre su patria en sus vacaciones\" \/>\n\t\t<meta name=\"twitter:description\" content=\"Orquidia Archila trabaja en el \u00e1rea de control de calidad de una bodega en Kansas, EE.UU. En vacaciones decidi\u00f3 volver a su patria y as\u00ed cuenta su vivencia.\" \/>\n\t\t<meta name=\"twitter:creator\" content=\"@SoyMigrante_com\" \/>\n\t\t<meta name=\"twitter:image\" content=\"https:\/\/soymigrante.com\/revista\/wp-content\/uploads\/2024\/08\/migrante-guatemalteca.webp\" \/>\n\t\t<!-- All in One SEO Pro -->\r\n\t\t<title>Migrante Orquidia Archila redescubre su patria en sus vacaciones<\/title>\n\n","aioseo_head_json":{"title":"Migrante Orquidia Archila redescubre su patria en sus vacaciones","description":"Orquidia Archila trabaja en el \u00e1rea de control de calidad de una bodega en Kansas, EE.UU. En vacaciones decidi\u00f3 volver a su patria y as\u00ed cuenta su vivencia.","canonical_url":"https:\/\/soymigrante.com\/revista\/la-migrante-orquidia-archila-se-reencuentra-con-la-belleza-de-su-natal-guatemala\/","robots":"max-snippet:-1, max-image-preview:large, max-video-preview:-1","keywords":"","webmasterTools":{"miscellaneous":"&lt;link rel=\"preconnect\" href=\"https:\/\/fonts.googleapis.com\" crossorigin&gt;\n&lt;link rel=\"preconnect\" href=\"https:\/\/fonts.gstatic.com\" crossorigin&gt;"},"schema":null,"og:locale":"es_ES","og:site_name":"SoyMigrante.com REVISTA \u2013 Nuestra misi\u00f3n es reconocer y dignificar al migrante.","og:type":"article","og:title":"Migrante Orquidia Archila redescubre su patria en sus vacaciones","og:description":"Orquidia Archila trabaja en el \u00e1rea de control de calidad de una bodega en Kansas, EE.UU. En vacaciones decidi\u00f3 volver a su patria y as\u00ed cuenta su vivencia.","og:url":"https:\/\/soymigrante.com\/revista\/la-migrante-orquidia-archila-se-reencuentra-con-la-belleza-de-su-natal-guatemala\/","og:image":"https:\/\/soymigrante.com\/revista\/wp-content\/uploads\/2024\/08\/migrante-guatemalteca.webp","og:image:secure_url":"https:\/\/soymigrante.com\/revista\/wp-content\/uploads\/2024\/08\/migrante-guatemalteca.webp","og:image:width":789,"og:image:height":789,"article:published_time":"2024-08-19T23:18:21+00:00","article:modified_time":"2024-08-19T23:26:04+00:00","article:publisher":"https:\/\/www.facebook.com\/soymigrantecom","twitter:card":"summary_large_image","twitter:site":"@SoyMigrante_com","twitter:title":"Migrante Orquidia Archila redescubre su patria en sus vacaciones","twitter:description":"Orquidia Archila trabaja en el \u00e1rea de control de calidad de una bodega en Kansas, EE.UU. En vacaciones decidi\u00f3 volver a su patria y as\u00ed cuenta su vivencia.","twitter:creator":"@SoyMigrante_com","twitter:image":"https:\/\/soymigrante.com\/revista\/wp-content\/uploads\/2024\/08\/migrante-guatemalteca.webp"},"aioseo_meta_data":{"post_id":"10531","title":null,"description":"El D\u00eda de Muertos en Guatemala se celebra el 1 de noviembre y es una tradici\u00f3n muy querida porque hace recordar el amor y cari\u00f1o a los seres que ya no est\u00e1n.","keywords":null,"keyphrases":{"focus":{"keyphrase":"tradiciones","score":60,"analysis":{"keyphraseInTitle":{"score":9,"maxScore":9,"error":0},"keyphraseInDescription":{"score":3,"maxScore":9,"error":1},"keyphraseLength":{"score":9,"maxScore":9,"error":0,"length":1},"keyphraseInURL":{"score":5,"maxScore":5,"error":0},"keyphraseInIntroduction":{"score":3,"maxScore":9,"error":1},"keyphraseInSubHeadings":{"score":3,"maxScore":9,"error":1},"keyphraseInImageAlt":{"score":9,"maxScore":9,"error":0},"keywordDensity":{"score":0,"type":"low","maxScore":9,"error":1}}},"additional":[{"keyphrase":"tradici\u00f3n ","score":53,"analysis":{"keyphraseInDescription":{"score":9,"maxScore":9,"error":0},"keyphraseLength":{"score":9,"maxScore":9,"error":0,"length":2},"keyphraseInIntroduction":{"score":3,"maxScore":9,"error":1},"keyphraseInImageAlt":{"score":3,"maxScore":9,"error":1},"keywordDensity":{"score":0,"type":"low","maxScore":9,"error":1}}},{"keyphrase":"Guatemala","score":100,"analysis":{"keyphraseInDescription":{"score":9,"maxScore":9,"error":0},"keyphraseLength":{"score":9,"maxScore":9,"error":0,"length":1},"keyphraseInIntroduction":{"score":9,"maxScore":9,"error":0},"keyphraseInImageAlt":{"score":9,"maxScore":9,"error":0},"keywordDensity":{"type":"best","score":9,"maxScore":9,"error":0}}}]},"primary_term":null,"canonical_url":null,"og_title":null,"og_description":null,"og_object_type":"default","og_image_type":"default","og_image_url":null,"og_image_width":null,"og_image_height":null,"og_image_custom_url":null,"og_image_custom_fields":null,"og_video":"","og_custom_url":null,"og_article_section":null,"og_article_tags":null,"twitter_use_og":false,"twitter_card":"default","twitter_image_type":"default","twitter_image_url":null,"twitter_image_custom_url":null,"twitter_image_custom_fields":null,"twitter_title":null,"twitter_description":null,"schema":{"blockGraphs":[],"customGraphs":[],"default":{"data":{"Article":[],"Course":[],"Dataset":[],"FAQPage":[],"Movie":[],"Person":[],"Product":[],"ProductReview":[],"Car":[],"Recipe":[],"Service":[],"SoftwareApplication":[],"WebPage":[]},"graphName":"Article","isEnabled":true},"graphs":[]},"schema_type":"default","schema_type_options":null,"pillar_content":false,"robots_default":true,"robots_noindex":false,"robots_noarchive":false,"robots_nosnippet":false,"robots_nofollow":false,"robots_noimageindex":false,"robots_noodp":false,"robots_notranslate":false,"robots_max_snippet":"-1","robots_max_videopreview":"-1","robots_max_imagepreview":"large","priority":null,"frequency":"default","local_seo":null,"seo_analyzer_scan_date":"2025-10-08 23:57:50","breadcrumb_settings":null,"limit_modified_date":false,"reviewed_by":null,"open_ai":"{\"title\":{\"suggestions\":[],\"usage\":0},\"description\":{\"suggestions\":[],\"usage\":0}}","ai":null,"created":"2024-10-18 15:36:56","updated":"2026-02-04 15:33:49"},"aioseo_breadcrumb":"<div class=\"aioseo-breadcrumbs\"><span class=\"aioseo-breadcrumb\">\n\t<a href=\"https:\/\/soymigrante.com\/revista\" title=\"Home\">Home<\/a>\n<\/span><span class=\"aioseo-breadcrumb-separator\">\u00bb<\/span><span class=\"aioseo-breadcrumb\">\n\t<a href=\"https:\/\/soymigrante.com\/revista\/category\/guate-nuestra\/\" title=\"Guate Nuestra\">Guate Nuestra<\/a>\n<\/span><span class=\"aioseo-breadcrumb-separator\">\u00bb<\/span><span class=\"aioseo-breadcrumb\">\n\tEstas son las tradiciones del D\u00eda de Difuntos en Guatemala\n<\/span><\/div>","aioseo_breadcrumb_json":[{"label":"Home","link":"https:\/\/soymigrante.com\/revista"},{"label":"Guate Nuestra","link":"https:\/\/soymigrante.com\/revista\/category\/guate-nuestra\/"},{"label":"Estas son las tradiciones del D\u00eda de Difuntos en Guatemala","link":"https:\/\/soymigrante.com\/revista\/estas-son-las-tradiciones-del-dia-de-difuntos-en-guatemala\/"}],"_links":{"self":[{"href":"https:\/\/soymigrante.com\/revista\/wp-json\/wp\/v2\/posts\/10531","targetHints":{"allow":["GET"]}}],"collection":[{"href":"https:\/\/soymigrante.com\/revista\/wp-json\/wp\/v2\/posts"}],"about":[{"href":"https:\/\/soymigrante.com\/revista\/wp-json\/wp\/v2\/types\/post"}],"author":[{"embeddable":true,"href":"https:\/\/soymigrante.com\/revista\/wp-json\/wp\/v2\/users\/19"}],"replies":[{"embeddable":true,"href":"https:\/\/soymigrante.com\/revista\/wp-json\/wp\/v2\/comments?post=10531"}],"version-history":[{"count":0,"href":"https:\/\/soymigrante.com\/revista\/wp-json\/wp\/v2\/posts\/10531\/revisions"}],"wp:featuredmedia":[{"embeddable":true,"href":"https:\/\/soymigrante.com\/revista\/wp-json\/wp\/v2\/media\/10532"}],"wp:attachment":[{"href":"https:\/\/soymigrante.com\/revista\/wp-json\/wp\/v2\/media?parent=10531"}],"wp:term":[{"taxonomy":"category","embeddable":true,"href":"https:\/\/soymigrante.com\/revista\/wp-json\/wp\/v2\/categories?post=10531"},{"taxonomy":"post_tag","embeddable":true,"href":"https:\/\/soymigrante.com\/revista\/wp-json\/wp\/v2\/tags?post=10531"}],"curies":[{"name":"wp","href":"https:\/\/api.w.org\/{rel}","templated":true}]}}