{"id":1048,"date":"2023-05-26T10:00:33","date_gmt":"2023-05-26T10:00:33","guid":{"rendered":"https:\/\/soymigrante.com\/revista\/?p=1048"},"modified":"2024-11-01T07:55:25","modified_gmt":"2024-11-01T13:55:25","slug":"editorial-soymigrante-com-nace-para-servir","status":"publish","type":"post","link":"https:\/\/soymigrante.com\/revista\/editorial-soymigrante-com-nace-para-servir\/","title":{"rendered":"Editorial: SoyMigrante.com nace para servir."},"content":{"rendered":"\t\t<div data-elementor-type=\"wp-post\" data-elementor-id=\"1048\" class=\"elementor elementor-1048\" data-elementor-post-type=\"post\">\n\t\t\t\t\t\t<section data-particle_enable=\"false\" data-particle-mobile-disabled=\"false\" class=\"elementor-section elementor-top-section elementor-element elementor-element-6371949 elementor-section-boxed elementor-section-height-default elementor-section-height-default\" data-id=\"6371949\" data-element_type=\"section\" data-e-type=\"section\">\n\t\t\t\t\t\t<div class=\"elementor-container elementor-column-gap-default\">\n\t\t\t\t\t<div class=\"elementor-column elementor-col-100 elementor-top-column elementor-element elementor-element-67aa99d\" data-id=\"67aa99d\" data-element_type=\"column\" data-e-type=\"column\">\n\t\t\t<div class=\"elementor-widget-wrap elementor-element-populated\">\n\t\t\t\t\t\t<div class=\"elementor-element elementor-element-9633c30 elementor-widget elementor-widget-spacer\" data-id=\"9633c30\" data-element_type=\"widget\" data-e-type=\"widget\" data-widget_type=\"spacer.default\">\n\t\t\t\t\t\t\t<div class=\"elementor-spacer\">\n\t\t\t<div class=\"elementor-spacer-inner\"><\/div>\n\t\t<\/div>\n\t\t\t\t\t\t<\/div>\n\t\t\t\t<div class=\"elementor-element elementor-element-7bec301 elementor-widget elementor-widget-heading\" data-id=\"7bec301\" data-element_type=\"widget\" data-e-type=\"widget\" data-widget_type=\"heading.default\">\n\t\t\t\t\t<h2 class=\"elementor-heading-title elementor-size-default\">SoyMigrante.com nace&nbsp;con un gran sue\u00f1o, con un ideal de servicio, con una visi\u00f3n: reconocer y dignificar a los migrantes guatemaltecos radicados en los Estados Unidos. Los migrantes que se vieron en la necesidad de dejar su tierra natal por circunstancias adversas como la violencia, el desempleo, la precariedad econ\u00f3mica de comunidades.<\/h2>\t\t\t\t<\/div>\n\t\t\t\t\t<\/div>\n\t\t<\/div>\n\t\t\t\t\t<\/div>\n\t\t<\/section>\n\t\t\t\t<section data-particle_enable=\"false\" data-particle-mobile-disabled=\"false\" class=\"elementor-section elementor-top-section elementor-element elementor-element-f49f03f elementor-section-boxed elementor-section-height-default elementor-section-height-default\" data-id=\"f49f03f\" data-element_type=\"section\" data-e-type=\"section\">\n\t\t\t\t\t\t<div class=\"elementor-container elementor-column-gap-default\">\n\t\t\t\t\t<div class=\"elementor-column elementor-col-100 elementor-top-column elementor-element elementor-element-4053530\" data-id=\"4053530\" data-element_type=\"column\" data-e-type=\"column\">\n\t\t\t<div class=\"elementor-widget-wrap elementor-element-populated\">\n\t\t\t\t\t\t<div class=\"elementor-element elementor-element-14ecf55 elementor-widget elementor-widget-text-editor\" data-id=\"14ecf55\" data-element_type=\"widget\" data-e-type=\"widget\" data-widget_type=\"text-editor.default\">\n\t\t\t\t\t\t\t\t\t<p>En todos los departamentos, en todos los municipios, pr\u00e1cticamente no existe familia guatemalteca que no tenga un familiar migrante, un amigo, un conocido que viva, luche y trabaje en territorio estadounidense. El impacto de este esfuerzo perseverante de m\u00e1s de 3 millones de hermanos guatemaltecos migrantes en los Estados Unidos alcanza, incluso, a la macroeconom\u00eda nacional, debido a que las remesas familiares enviadas con amor y esfuerzo constituyen ya una quinta parte de la econom\u00eda del pa\u00eds, es decir, los migrantes son un pilar de estabilidad.<\/p>\t\t\t\t\t\t\t\t<\/div>\n\t\t\t\t<div class=\"elementor-element elementor-element-819235b elementor-widget elementor-widget-heading\" data-id=\"819235b\" data-element_type=\"widget\" data-e-type=\"widget\" data-widget_type=\"heading.default\">\n\t\t\t\t\t<h2 class=\"elementor-heading-title elementor-size-default\">Para un migrante, estar lejos de la tierra natal no es f\u00e1cil.<\/h2>\t\t\t\t<\/div>\n\t\t\t\t<div class=\"elementor-element elementor-element-8b038c8 elementor-widget elementor-widget-text-editor\" data-id=\"8b038c8\" data-element_type=\"widget\" data-e-type=\"widget\" data-widget_type=\"text-editor.default\">\n\t\t\t\t\t\t\t\t\t<p>Para un migrante, el clima, la distancia, la nostalgia, a menudo la soledad y el anhelo del abrazo de seres amados se convierten en el alt\u00edsimo precio que toca pagar por la oportunidad de salir adelante. Existen tantos mitos, suposiciones y decires, pero estar en Estados Unidos no es f\u00e1cil: los d\u00f3lares no crecen en los \u00e1rboles ni est\u00e1n tirados en la calle.\u00a0<span style=\"color: var( --e-global-color-text ); background-color: var(--ak-bg-color);\">Se ganan hora tras hora, a veces de madrugada, a veces en medio del fr\u00edo y la nieve, tambi\u00e9n cansancio y la constante pregunta migrante: \u00bfcu\u00e1ndo podr\u00e9 regresar al pueblo que amo, aunque sea de visita, para ver a mis padres, a mis hermanos, a mis amigos y vecinos de barrio, aldea, caser\u00edo, a menudo anhelado desde una urbe con rascacielos&#8230;<\/span><\/p>\t\t\t\t\t\t\t\t<\/div>\n\t\t\t\t<div class=\"elementor-element elementor-element-15027b3 elementor-widget elementor-widget-text-editor\" data-id=\"15027b3\" data-element_type=\"widget\" data-e-type=\"widget\" data-widget_type=\"text-editor.default\">\n\t\t\t\t\t\t\t\t\t<p>As\u00ed surge el prop\u00f3sito de servir, reconocer y dignificar al migrante guatemalteco a trav\u00e9s de esta plataforma digital en dos fases: La primera es la que lanzamos este 26 de mayo desde Momostenango, Totonicap\u00e1n:\u00a0 mediante SoyMigrante.com\u00a0<em>storytelling<\/em> y notas con testimonios de vida, inspiraci\u00f3n y valores en acci\u00f3n,\u00a0 informaci\u00f3n utilitaria y valoraciones de la multiculturalidad; una segunda fase vendr\u00e1 en pocos meses con la creaci\u00f3n de un mercado\u00a0 digital (SoyMigrante.com\u00a0<em>marketplace<\/em>) abierto a emprendedores guatemaltecos y compa\u00f1\u00edas, dentro o\u00a0 fuera del pa\u00eds.\u00a0<br \/>El gran de objetivo de SoyMigrante.com es aportar nuestro grano de ma\u00edz para la construcci\u00f3n del #Sue\u00f1oGuatemalteco.\u00a0<\/p><h3>Amigo, amiga: <b>SoyMigrante.com est\u00e1 para servirte.<\/b><\/h3>\t\t\t\t\t\t\t\t<\/div>\n\t\t\t\t<div class=\"elementor-element elementor-element-27e9211 elementor-widget elementor-widget-image\" data-id=\"27e9211\" data-element_type=\"widget\" data-e-type=\"widget\" data-widget_type=\"image.default\">\n\t\t\t\t\t\t\t\t\t\t\t\t<figure class=\"wp-caption\">\n\t\t\t\t\t\t\t\t\t\t<img fetchpriority=\"high\" decoding=\"async\" width=\"768\" height=\"904\" src=\"https:\/\/soymigrante.com\/revista\/wp-content\/uploads\/2023\/05\/PINTURA-ILUSTRACION-ARMANDO-SEB-870x1024.jpg\" class=\"attachment-large size-large wp-image-1051\" alt=\"\" srcset=\"https:\/\/soymigrante.com\/revista\/wp-content\/uploads\/2023\/05\/PINTURA-ILUSTRACION-ARMANDO-SEB-870x1024.jpg 870w, https:\/\/soymigrante.com\/revista\/wp-content\/uploads\/2023\/05\/PINTURA-ILUSTRACION-ARMANDO-SEB-255x300.webp 255w, https:\/\/soymigrante.com\/revista\/wp-content\/uploads\/2023\/05\/PINTURA-ILUSTRACION-ARMANDO-SEB-768x904.jpg 768w, https:\/\/soymigrante.com\/revista\/wp-content\/uploads\/2023\/05\/PINTURA-ILUSTRACION-ARMANDO-SEB-1305x1536.jpg 1305w, https:\/\/soymigrante.com\/revista\/wp-content\/uploads\/2023\/05\/PINTURA-ILUSTRACION-ARMANDO-SEB-750x883.webp 750w, https:\/\/soymigrante.com\/revista\/wp-content\/uploads\/2023\/05\/PINTURA-ILUSTRACION-ARMANDO-SEB-1140x1342.jpg 1140w, https:\/\/soymigrante.com\/revista\/wp-content\/uploads\/2023\/05\/PINTURA-ILUSTRACION-ARMANDO-SEB.webp 1632w\" sizes=\"(max-width: 768px) 100vw, 768px\" title=\"PINTURA ILUSTRACION ARMANDO SEB \u2013 SoyMigrante.com REVISTA\" \/>\t\t\t\t\t\t\t\t\t\t\t<figcaption class=\"widget-image-caption wp-caption-text\">Nuestro anhelo es integrar, alegrar, dignificar, emocionar, valorar la multiculturalidad guatemalteca que llega, por supuesto mucho m\u00e1s all\u00e1 de las fronteras. (Ilusraci\u00f3n, cortes\u00eda del artista huehueteco Armando Seb Instagram: @sebarmandofoto<\/figcaption>\n\t\t\t\t\t\t\t\t\t\t<\/figure>\n\t\t\t\t\t\t\t\t\t<\/div>\n\t\t\t\t\t<\/div>\n\t\t<\/div>\n\t\t\t\t\t<\/div>\n\t\t<\/section>\n\t\t\t\t<\/div>\n\t\t","protected":false},"excerpt":{"rendered":"<p>SoyMigrante.com nace&nbsp;con un gran sue\u00f1o, con un ideal de servicio, con una visi\u00f3n: reconocer y dignificar a los migrantes guatemaltecos radicados en los Estados Unidos. Los migrantes que se vieron en la necesidad de dejar su tierra natal por circunstancias adversas como la violencia, el desempleo, la precariedad econ\u00f3mica de comunidades. En todos los departamentos, [&hellip;]<\/p>\n","protected":false},"author":1,"featured_media":1052,"comment_status":"open","ping_status":"open","sticky":false,"template":"","format":"standard","meta":{"_acf_changed":false,"_eb_attr":"","footnotes":""},"categories":[54],"tags":[],"class_list":["post-1048","post","type-post","status-publish","format-standard","has-post-thumbnail","hentry","category-estamos-unidos"],"acf":[],"aioseo_notices":[],"aioseo_head":"\n\t\t<!-- All in One SEO Pro 4.9.6.2 - aioseo.com -->\n\t<meta name=\"description\" content=\"SoyMigrante.com nace con un gran sue\u00f1o, con un ideal de servicio, con una visi\u00f3n: reconocer y dignificar a los migrantes guatemaltecos radicados en los Estados Unidos. Los migrantes que se vieron en la necesidad de dejar su tierra natal por circunstancias adversas como la violencia, el desempleo, la precariedad econ\u00f3mica de comunidades. En todos los departamentos,\" \/>\n\t<meta name=\"robots\" content=\"max-snippet:-1, max-image-preview:large, max-video-preview:-1\" \/>\n\t<meta name=\"author\" content=\"SoyMigrante.com REVISTA\"\/>\n\t<link rel=\"canonical\" href=\"https:\/\/soymigrante.com\/revista\/editorial-soymigrante-com-nace-para-servir\/\" \/>\n\t<meta name=\"generator\" content=\"All in One SEO Pro (AIOSEO) 4.9.6.2\" \/>\n\n\t\t<link rel=\"preconnect\" href=\"https:\/\/fonts.googleapis.com\" crossorigin>\n<link rel=\"preconnect\" href=\"https:\/\/fonts.gstatic.com\" crossorigin>\n\t\t<meta property=\"og:locale\" content=\"es_ES\" \/>\n\t\t<meta property=\"og:site_name\" content=\"SoyMigrante.com REVISTA \u2013 Nuestra misi\u00f3n es reconocer y dignificar al migrante.\" \/>\n\t\t<meta property=\"og:type\" content=\"article\" \/>\n\t\t<meta property=\"og:title\" content=\"Editorial: SoyMigrante.com nace para servir.\" \/>\n\t\t<meta property=\"og:description\" content=\"SoyMigrante.com nace con un gran sue\u00f1o, con un ideal de servicio, con una visi\u00f3n: reconocer y dignificar a los migrantes guatemaltecos radicados en los Estados Unidos. Los migrantes que se vieron en la necesidad de dejar su tierra natal por circunstancias adversas como la violencia, el desempleo, la precariedad econ\u00f3mica de comunidades. En todos los departamentos,\" \/>\n\t\t<meta property=\"og:url\" content=\"https:\/\/soymigrante.com\/revista\/editorial-soymigrante-com-nace-para-servir\/\" \/>\n\t\t<meta property=\"og:image\" content=\"https:\/\/soymigrante.com\/revista\/wp-content\/uploads\/2023\/05\/recorte-nina-2.webp\" \/>\n\t\t<meta property=\"og:image:secure_url\" content=\"https:\/\/soymigrante.com\/revista\/wp-content\/uploads\/2023\/05\/recorte-nina-2.webp\" \/>\n\t\t<meta property=\"og:image:width\" content=\"1111\" \/>\n\t\t<meta property=\"og:image:height\" content=\"540\" \/>\n\t\t<meta property=\"article:published_time\" content=\"2023-05-26T10:00:33+00:00\" \/>\n\t\t<meta property=\"article:modified_time\" content=\"2024-11-01T13:55:25+00:00\" \/>\n\t\t<meta property=\"article:publisher\" content=\"https:\/\/www.facebook.com\/soymigrantecom\" \/>\n\t\t<meta name=\"twitter:card\" content=\"summary_large_image\" \/>\n\t\t<meta name=\"twitter:site\" content=\"@SoyMigrante_com\" \/>\n\t\t<meta name=\"twitter:title\" content=\"Editorial: SoyMigrante.com nace para servir.\" \/>\n\t\t<meta name=\"twitter:description\" content=\"SoyMigrante.com nace con un gran sue\u00f1o, con un ideal de servicio, con una visi\u00f3n: reconocer y dignificar a los migrantes guatemaltecos radicados en los Estados Unidos. Los migrantes que se vieron en la necesidad de dejar su tierra natal por circunstancias adversas como la violencia, el desempleo, la precariedad econ\u00f3mica de comunidades. En todos los departamentos,\" \/>\n\t\t<meta name=\"twitter:creator\" content=\"@SoyMigrante_com\" \/>\n\t\t<meta name=\"twitter:image\" content=\"https:\/\/soymigrante.com\/revista\/wp-content\/uploads\/2023\/05\/recorte-nina-2.webp\" \/>\n\t\t<!-- All in One SEO Pro -->\r\n\t\t<title>Editorial: SoyMigrante.com nace para servir.<\/title>\n\n","aioseo_head_json":{"title":"Editorial: SoyMigrante.com nace para servir.","description":"SoyMigrante.com nace con un gran sue\u00f1o, con un ideal de servicio, con una visi\u00f3n: reconocer y dignificar a los migrantes guatemaltecos radicados en los Estados Unidos. Los migrantes que se vieron en la necesidad de dejar su tierra natal por circunstancias adversas como la violencia, el desempleo, la precariedad econ\u00f3mica de comunidades. En todos los departamentos,","canonical_url":"https:\/\/soymigrante.com\/revista\/editorial-soymigrante-com-nace-para-servir\/","robots":"max-snippet:-1, max-image-preview:large, max-video-preview:-1","keywords":"","webmasterTools":{"miscellaneous":"&lt;link rel=\"preconnect\" href=\"https:\/\/fonts.googleapis.com\" crossorigin&gt;\n&lt;link rel=\"preconnect\" href=\"https:\/\/fonts.gstatic.com\" crossorigin&gt;"},"schema":null,"og:locale":"es_ES","og:site_name":"SoyMigrante.com REVISTA \u2013 Nuestra misi\u00f3n es reconocer y dignificar al migrante.","og:type":"article","og:title":"Editorial: SoyMigrante.com nace para servir.","og:description":"SoyMigrante.com nace con un gran sue\u00f1o, con un ideal de servicio, con una visi\u00f3n: reconocer y dignificar a los migrantes guatemaltecos radicados en los Estados Unidos. Los migrantes que se vieron en la necesidad de dejar su tierra natal por circunstancias adversas como la violencia, el desempleo, la precariedad econ\u00f3mica de comunidades. En todos los departamentos,","og:url":"https:\/\/soymigrante.com\/revista\/editorial-soymigrante-com-nace-para-servir\/","og:image":"https:\/\/soymigrante.com\/revista\/wp-content\/uploads\/2023\/05\/recorte-nina-2.webp","og:image:secure_url":"https:\/\/soymigrante.com\/revista\/wp-content\/uploads\/2023\/05\/recorte-nina-2.webp","og:image:width":1111,"og:image:height":540,"article:published_time":"2023-05-26T10:00:33+00:00","article:modified_time":"2024-11-01T13:55:25+00:00","article:publisher":"https:\/\/www.facebook.com\/soymigrantecom","twitter:card":"summary_large_image","twitter:site":"@SoyMigrante_com","twitter:title":"Editorial: SoyMigrante.com nace para servir.","twitter:description":"SoyMigrante.com nace con un gran sue\u00f1o, con un ideal de servicio, con una visi\u00f3n: reconocer y dignificar a los migrantes guatemaltecos radicados en los Estados Unidos. Los migrantes que se vieron en la necesidad de dejar su tierra natal por circunstancias adversas como la violencia, el desempleo, la precariedad econ\u00f3mica de comunidades. En todos los departamentos,","twitter:creator":"@SoyMigrante_com","twitter:image":"https:\/\/soymigrante.com\/revista\/wp-content\/uploads\/2023\/05\/recorte-nina-2.webp"},"aioseo_meta_data":{"post_id":"1048","title":null,"description":null,"keywords":null,"keyphrases":{"focus":{"keyphrase":"Migrante","score":69,"analysis":{"keyphraseInTitle":{"score":3,"maxScore":9,"error":1},"keyphraseInDescription":{"score":9,"maxScore":9,"error":0},"keyphraseLength":{"score":9,"maxScore":9,"error":0,"length":1},"keyphraseInURL":{"score":5,"maxScore":5,"error":0},"keyphraseInIntroduction":{"score":9,"maxScore":9,"error":0},"keyphraseInSubHeadings":{"score":9,"maxScore":9,"error":0},"keyphraseInImageAlt":{"score":3,"maxScore":9,"error":1},"keywordDensity":{"type":"high","score":0,"maxScore":9,"error":1}}},"additional":[]},"primary_term":null,"canonical_url":null,"og_title":null,"og_description":null,"og_object_type":"default","og_image_type":"default","og_image_url":null,"og_image_width":null,"og_image_height":null,"og_image_custom_url":null,"og_image_custom_fields":null,"og_video":"","og_custom_url":null,"og_article_section":null,"og_article_tags":null,"twitter_use_og":false,"twitter_card":"default","twitter_image_type":"default","twitter_image_url":null,"twitter_image_custom_url":null,"twitter_image_custom_fields":null,"twitter_title":null,"twitter_description":null,"schema":{"blockGraphs":[],"customGraphs":[],"default":{"data":{"Article":[],"Course":[],"Dataset":[],"FAQPage":[],"Movie":[],"Person":[],"Product":[],"ProductReview":[],"Car":[],"Recipe":[],"Service":[],"SoftwareApplication":[],"WebPage":[]},"graphName":"Article","isEnabled":true},"graphs":[]},"schema_type":"default","schema_type_options":null,"pillar_content":false,"robots_default":true,"robots_noindex":false,"robots_noarchive":false,"robots_nosnippet":false,"robots_nofollow":false,"robots_noimageindex":false,"robots_noodp":false,"robots_notranslate":false,"robots_max_snippet":"-1","robots_max_videopreview":"-1","robots_max_imagepreview":"large","priority":null,"frequency":"default","local_seo":null,"seo_analyzer_scan_date":"2025-10-08 19:47:18","breadcrumb_settings":null,"limit_modified_date":false,"reviewed_by":null,"open_ai":"{\"title\":{\"suggestions\":[],\"usage\":0},\"description\":{\"suggestions\":[],\"usage\":0}}","ai":null,"created":"2023-08-18 12:57:55","updated":"2026-02-04 04:30:41"},"aioseo_breadcrumb":"<div class=\"aioseo-breadcrumbs\"><span class=\"aioseo-breadcrumb\">\n\t<a href=\"https:\/\/soymigrante.com\/revista\" title=\"Home\">Home<\/a>\n<\/span><span class=\"aioseo-breadcrumb-separator\">\u00bb<\/span><span class=\"aioseo-breadcrumb\">\n\t<a href=\"https:\/\/soymigrante.com\/revista\/category\/estamos-unidos\/\" title=\"Estamos Unidos\">Estamos Unidos<\/a>\n<\/span><span class=\"aioseo-breadcrumb-separator\">\u00bb<\/span><span class=\"aioseo-breadcrumb\">\n\tEditorial: SoyMigrante.com nace para servir.\n<\/span><\/div>","aioseo_breadcrumb_json":[{"label":"Home","link":"https:\/\/soymigrante.com\/revista"},{"label":"Estamos Unidos","link":"https:\/\/soymigrante.com\/revista\/category\/estamos-unidos\/"},{"label":"Editorial: SoyMigrante.com nace para servir.","link":"https:\/\/soymigrante.com\/revista\/editorial-soymigrante-com-nace-para-servir\/"}],"_links":{"self":[{"href":"https:\/\/soymigrante.com\/revista\/wp-json\/wp\/v2\/posts\/1048","targetHints":{"allow":["GET"]}}],"collection":[{"href":"https:\/\/soymigrante.com\/revista\/wp-json\/wp\/v2\/posts"}],"about":[{"href":"https:\/\/soymigrante.com\/revista\/wp-json\/wp\/v2\/types\/post"}],"author":[{"embeddable":true,"href":"https:\/\/soymigrante.com\/revista\/wp-json\/wp\/v2\/users\/1"}],"replies":[{"embeddable":true,"href":"https:\/\/soymigrante.com\/revista\/wp-json\/wp\/v2\/comments?post=1048"}],"version-history":[{"count":0,"href":"https:\/\/soymigrante.com\/revista\/wp-json\/wp\/v2\/posts\/1048\/revisions"}],"wp:featuredmedia":[{"embeddable":true,"href":"https:\/\/soymigrante.com\/revista\/wp-json\/wp\/v2\/media\/1052"}],"wp:attachment":[{"href":"https:\/\/soymigrante.com\/revista\/wp-json\/wp\/v2\/media?parent=1048"}],"wp:term":[{"taxonomy":"category","embeddable":true,"href":"https:\/\/soymigrante.com\/revista\/wp-json\/wp\/v2\/categories?post=1048"},{"taxonomy":"post_tag","embeddable":true,"href":"https:\/\/soymigrante.com\/revista\/wp-json\/wp\/v2\/tags?post=1048"}],"curies":[{"name":"wp","href":"https:\/\/api.w.org\/{rel}","templated":true}]}}