{"id":10468,"date":"2024-10-28T12:26:26","date_gmt":"2024-10-28T18:26:26","guid":{"rendered":"https:\/\/soymigrante.com\/revista\/?p=10468"},"modified":"2024-11-01T13:45:20","modified_gmt":"2024-11-01T19:45:20","slug":"barriletes-gigantes-son-una-tradicion-de-arte-espiritu-y-memoria","status":"publish","type":"post","link":"https:\/\/soymigrante.com\/revista\/barriletes-gigantes-son-una-tradicion-de-arte-espiritu-y-memoria\/","title":{"rendered":"Los barriletes gigantes son una tradici\u00f3n, un ritual sagrado y un emblema de Guatemala"},"content":{"rendered":"\t\t<div data-elementor-type=\"wp-post\" data-elementor-id=\"10468\" class=\"elementor elementor-10468\" data-elementor-post-type=\"post\">\n\t\t\t\t<div data-particle_enable=\"false\" data-particle-mobile-disabled=\"false\" class=\"elementor-element elementor-element-b9037cd e-flex e-con-boxed e-con e-parent\" data-id=\"b9037cd\" data-element_type=\"container\" data-e-type=\"container\">\n\t\t\t\t\t<div class=\"e-con-inner\">\n\t\t\t\t<div class=\"elementor-element elementor-element-403d8ab elementor-widget elementor-widget-heading\" data-id=\"403d8ab\" data-element_type=\"widget\" data-e-type=\"widget\" data-widget_type=\"heading.default\">\n\t\t\t\t\t<h2 class=\"elementor-heading-title elementor-size-default\">Los barriletes gigantes de Sumpango son un s\u00edmbolo de resistencia cultural, de creatividad y de conexi\u00f3n espiritual.<\/h2>\t\t\t\t<\/div>\n\t\t\t\t\t<\/div>\n\t\t\t\t<\/div>\n\t\t<div data-particle_enable=\"false\" data-particle-mobile-disabled=\"false\" class=\"elementor-element elementor-element-611fe29 e-flex e-con-boxed e-con e-parent\" data-id=\"611fe29\" data-element_type=\"container\" data-e-type=\"container\">\n\t\t\t\t\t<div class=\"e-con-inner\">\n\t\t\t\t<div class=\"elementor-element elementor-element-d9620c9 elementor-widget elementor-widget-text-editor\" data-id=\"d9620c9\" data-element_type=\"widget\" data-e-type=\"widget\" data-widget_type=\"text-editor.default\">\n\t\t\t\t\t\t\t\t\t<p>Cada 1 de noviembre, el cielo de Sumpango, Sacatep\u00e9quez, en Guatemala, se llena de colores vibrantes y formas majestuosas. Los barriletes gigantes, algunos de m\u00e1s de 20 metros de altura, son mucho m\u00e1s que simples cometas: representan un v\u00ednculo sagrado entre los vivos y los muertos, y son el orgullo de una tradici\u00f3n ancestral que ha trascendido generaciones.<\/p><p>Este espect\u00e1culo, conocido como el Festival de Barriletes Gigantes, es una celebraci\u00f3n en honor al D\u00eda de los Difuntos, <a href=\"https:\/\/soymigrante.com\/revista\/asi-se-honran-las-tradiciones-guatemaltecas-mas-alla-de-las-fronteras-patrias\/\" target=\"_blank\" rel=\"noopener\">donde el arte, la devoci\u00f3n y la cultura se entrelazan para crear una de las festividades m\u00e1s \u00fanicas y coloridas de Guatemala.<\/a><\/p>\t\t\t\t\t\t\t\t<\/div>\n\t\t\t\t\t<\/div>\n\t\t\t\t<\/div>\n\t\t<div data-particle_enable=\"false\" data-particle-mobile-disabled=\"false\" class=\"elementor-element elementor-element-62d04c4 e-flex e-con-boxed e-con e-parent\" data-id=\"62d04c4\" data-element_type=\"container\" data-e-type=\"container\">\n\t\t\t\t\t<div class=\"e-con-inner\">\n\t\t\t\t<div class=\"elementor-element elementor-element-9e0baca elementor-widget elementor-widget-image\" data-id=\"9e0baca\" data-element_type=\"widget\" data-e-type=\"widget\" data-widget_type=\"image.default\">\n\t\t\t\t\t\t\t\t\t\t\t\t<figure class=\"wp-caption\">\n\t\t\t\t\t\t\t\t\t\t<img fetchpriority=\"high\" decoding=\"async\" width=\"768\" height=\"512\" src=\"https:\/\/soymigrante.com\/revista\/wp-content\/uploads\/2024\/10\/Barriletes-gigantes-1-1024x683.webp\" class=\"attachment-large size-large wp-image-10470\" alt=\"Coloridas siluetas en feria tradicional con muchos asistentes, dominando los globos decorativos y banderas, en celebraci\u00f3n cultural mexicana en un entorno monta\u00f1oso.\" srcset=\"https:\/\/soymigrante.com\/revista\/wp-content\/uploads\/2024\/10\/Barriletes-gigantes-1-1024x683.webp 1024w, https:\/\/soymigrante.com\/revista\/wp-content\/uploads\/2024\/10\/Barriletes-gigantes-1-300x200.webp 300w, https:\/\/soymigrante.com\/revista\/wp-content\/uploads\/2024\/10\/Barriletes-gigantes-1-768x512.webp 768w, https:\/\/soymigrante.com\/revista\/wp-content\/uploads\/2024\/10\/Barriletes-gigantes-1-750x500.webp 750w, https:\/\/soymigrante.com\/revista\/wp-content\/uploads\/2024\/10\/Barriletes-gigantes-1.webp 1080w\" sizes=\"(max-width: 768px) 100vw, 768px\" title=\"Barriletes gigantes 1 \u2013 SoyMigrante.com REVISTA\" \/>\t\t\t\t\t\t\t\t\t\t\t<figcaption class=\"widget-image-caption wp-caption-text\">Feria cultural mexicana con gran afluencia de personas, colores vibrantes y globos decorativos tradicionales en un entorno rural con monta\u00f1as al fondo.<\/figcaption>\n\t\t\t\t\t\t\t\t\t\t<\/figure>\n\t\t\t\t\t\t\t\t\t<\/div>\n\t\t\t\t\t<\/div>\n\t\t\t\t<\/div>\n\t\t<div data-particle_enable=\"false\" data-particle-mobile-disabled=\"false\" class=\"elementor-element elementor-element-0471bd7 e-flex e-con-boxed e-con e-parent\" data-id=\"0471bd7\" data-element_type=\"container\" data-e-type=\"container\">\n\t\t\t\t\t<div class=\"e-con-inner\">\n\t\t\t\t<div class=\"elementor-element elementor-element-23cdc7f elementor-widget elementor-widget-heading\" data-id=\"23cdc7f\" data-element_type=\"widget\" data-e-type=\"widget\" data-widget_type=\"heading.default\">\n\t\t\t\t\t<h3 class=\"elementor-heading-title elementor-size-default\">Historia de los barriletes gigantes<\/h3>\t\t\t\t<\/div>\n\t\t\t\t\t<\/div>\n\t\t\t\t<\/div>\n\t\t<div data-particle_enable=\"false\" data-particle-mobile-disabled=\"false\" class=\"elementor-element elementor-element-6ea4529 e-flex e-con-boxed e-con e-parent\" data-id=\"6ea4529\" data-element_type=\"container\" data-e-type=\"container\">\n\t\t\t\t\t<div class=\"e-con-inner\">\n\t\t\t\t<div class=\"elementor-element elementor-element-31d7aaf elementor-widget elementor-widget-text-editor\" data-id=\"31d7aaf\" data-element_type=\"widget\" data-e-type=\"widget\" data-widget_type=\"text-editor.default\">\n\t\t\t\t\t\t\t\t\t<p>La tradici\u00f3n de los barriletes en Sumpango tiene ra\u00edces que se remontan a siglos atr\u00e1s, cuando los antiguos mayas cre\u00edan que estos cometas serv\u00edan como un medio para comunicarse con los esp\u00edritus de sus antepasados. Seg\u00fan la leyenda, los barriletes espantaban a los malos esp\u00edritus que perturbaban la paz de los cementerios durante el D\u00eda de los Difuntos. Con el tiempo, esta creencia espiritual se fusion\u00f3 con la celebraci\u00f3n cat\u00f3lica del 1 de noviembre, creando un evento que ahora es tanto un espect\u00e1culo visual como un acto de devoci\u00f3n.<\/p><p><a href=\"https:\/\/soymigrante.com\/revista\/asi-se-honran-las-tradiciones-guatemaltecas-mas-alla-de-las-fronteras-patrias\/\" target=\"_blank\" rel=\"noopener\">Los barriletes no solo son parte de la tradici\u00f3n de Sumpango, sino tambi\u00e9n de otras regiones de Guatemala como Santiago Sacatep\u00e9quez<\/a>. Sin embargo, en Sumpango, el festival ha tomado una dimensi\u00f3n extraordinaria, atrayendo a turistas de todo el mundo que vienen a admirar las monumentales creaciones hechas con papel de china y ca\u00f1as de bamb\u00fa.<\/p>\t\t\t\t\t\t\t\t<\/div>\n\t\t\t\t\t<\/div>\n\t\t\t\t<\/div>\n\t\t<div data-particle_enable=\"false\" data-particle-mobile-disabled=\"false\" class=\"elementor-element elementor-element-7139035 e-flex e-con-boxed e-con e-parent\" data-id=\"7139035\" data-element_type=\"container\" data-e-type=\"container\">\n\t\t\t\t\t<div class=\"e-con-inner\">\n\t\t\t\t<div class=\"elementor-element elementor-element-3e135fe elementor-widget elementor-widget-image\" data-id=\"3e135fe\" data-element_type=\"widget\" data-e-type=\"widget\" data-widget_type=\"image.default\">\n\t\t\t\t\t\t\t\t\t\t\t\t\t\t\t<img decoding=\"async\" width=\"768\" height=\"576\" src=\"https:\/\/soymigrante.com\/revista\/wp-content\/uploads\/2024\/10\/barriletes-gigantes-2.webp\" class=\"attachment-large size-large wp-image-10471\" alt=\"Coloresados carros de papel mach\u00e9 en la celebraci\u00f3n de las Fallas en Valencia, con multitudes disfrutando de las tradiciones y el arte festivo en un d\u00eda soleado.\" srcset=\"https:\/\/soymigrante.com\/revista\/wp-content\/uploads\/2024\/10\/barriletes-gigantes-2.webp 960w, https:\/\/soymigrante.com\/revista\/wp-content\/uploads\/2024\/10\/barriletes-gigantes-2-300x225.webp 300w, https:\/\/soymigrante.com\/revista\/wp-content\/uploads\/2024\/10\/barriletes-gigantes-2-768x576.webp 768w, https:\/\/soymigrante.com\/revista\/wp-content\/uploads\/2024\/10\/barriletes-gigantes-2-750x563.webp 750w\" sizes=\"(max-width: 768px) 100vw, 768px\" title=\"Los barriletes gigantes: una tradici\u00f3n de arte y esp\u00edritu \u2013 SoyMigrante.com REVISTA\" \/>\t\t\t\t\t\t\t\t\t\t\t\t\t\t\t<\/div>\n\t\t\t\t\t<\/div>\n\t\t\t\t<\/div>\n\t\t<div data-particle_enable=\"false\" data-particle-mobile-disabled=\"false\" class=\"elementor-element elementor-element-b9acb7c e-flex e-con-boxed e-con e-parent\" data-id=\"b9acb7c\" data-element_type=\"container\" data-e-type=\"container\">\n\t\t\t\t\t<div class=\"e-con-inner\">\n\t\t\t\t<div class=\"elementor-element elementor-element-12fdbf3 elementor-widget elementor-widget-heading\" data-id=\"12fdbf3\" data-element_type=\"widget\" data-e-type=\"widget\" data-widget_type=\"heading.default\">\n\t\t\t\t\t<h3 class=\"elementor-heading-title elementor-size-default\">\u00bfC\u00f3mo se hacen los barriletes gigantes?<\/h3>\t\t\t\t<\/div>\n\t\t\t\t\t<\/div>\n\t\t\t\t<\/div>\n\t\t<div data-particle_enable=\"false\" data-particle-mobile-disabled=\"false\" class=\"elementor-element elementor-element-5f10dda e-flex e-con-boxed e-con e-parent\" data-id=\"5f10dda\" data-element_type=\"container\" data-e-type=\"container\">\n\t\t\t\t\t<div class=\"e-con-inner\">\n\t\t\t\t<div class=\"elementor-element elementor-element-756ef82 elementor-widget elementor-widget-facebook-embed\" data-id=\"756ef82\" data-element_type=\"widget\" data-e-type=\"widget\" data-widget_type=\"facebook-embed.default\">\n\t\t\t\t\t<div style=\"min-height: 1px\" class=\"elementor-facebook-widget fb-post\" data-href=\"https:\/\/www.facebook.com\/photo?fbid=868953798661277&#038;set=pcb.868954071994583\" data-show-text=\"false\"><\/div>\t\t\t\t<\/div>\n\t\t\t\t\t<\/div>\n\t\t\t\t<\/div>\n\t\t<div data-particle_enable=\"false\" data-particle-mobile-disabled=\"false\" class=\"elementor-element elementor-element-66bbf99 e-flex e-con-boxed e-con e-parent\" data-id=\"66bbf99\" data-element_type=\"container\" data-e-type=\"container\">\n\t\t\t\t\t<div class=\"e-con-inner\">\n\t\t\t\t<div class=\"elementor-element elementor-element-4066a46 elementor-widget elementor-widget-text-editor\" data-id=\"4066a46\" data-element_type=\"widget\" data-e-type=\"widget\" data-widget_type=\"text-editor.default\">\n\t\t\t\t\t\t\t\t\t<p>El proceso de creaci\u00f3n de los barriletes gigantes es una verdadera obra de arte comunitaria. Desde meses antes de la celebraci\u00f3n, los grupos de artesanos locales, conocidos como \u201ccofrad\u00edas\u201d, se organizan para dise\u00f1ar y construir estos gigantes del cielo. La estructura b\u00e1sica est\u00e1 hecha de ca\u00f1as de bamb\u00fa que se entrelazan para formar un esqueleto resistente. Luego, se les pega papel de china, uno de los materiales principales, en diferentes colores para crear los impactantes dise\u00f1os que vemos volar en el festival.<\/p><p>El nivel de detalle en cada barrilete es impresionante. <a href=\"https:\/\/soymigrante.com\/revista\/asi-se-honran-las-tradiciones-guatemaltecas-mas-alla-de-las-fronteras-patrias\/\" target=\"_blank\" rel=\"noopener\">Muchos de ellos llevan im\u00e1genes simb\u00f3licas, mensajes pol\u00edticos o religiosos, e incluso representaciones de temas actuales, como la migraci\u00f3n o la preservaci\u00f3n de la cultura maya.<\/a><\/p><p>La creaci\u00f3n de un barrilete gigante puede tardar entre tres a seis meses, dependiendo de su tama\u00f1o y complejidad.<\/p>\t\t\t\t\t\t\t\t<\/div>\n\t\t\t\t\t<\/div>\n\t\t\t\t<\/div>\n\t\t<div data-particle_enable=\"false\" data-particle-mobile-disabled=\"false\" class=\"elementor-element elementor-element-ede87f2 e-flex e-con-boxed e-con e-parent\" data-id=\"ede87f2\" data-element_type=\"container\" data-e-type=\"container\">\n\t\t\t\t\t<div class=\"e-con-inner\">\n\t\t\t\t<div class=\"elementor-element elementor-element-5ac00ae elementor-widget elementor-widget-image\" data-id=\"5ac00ae\" data-element_type=\"widget\" data-e-type=\"widget\" data-widget_type=\"image.default\">\n\t\t\t\t\t\t\t\t\t\t\t\t\t\t\t<img decoding=\"async\" width=\"720\" height=\"960\" src=\"https:\/\/soymigrante.com\/revista\/wp-content\/uploads\/2024\/10\/barriletes-gigantes-5-.webp\" class=\"attachment-large size-large wp-image-10473\" alt=\"Ventanista con tela colorida decorada con arte y mensajes culturales en celebraci\u00f3n tradicional, rodeada de personas en evento cultural de comunidad ind\u00edgena en M\u00e9xico.\" srcset=\"https:\/\/soymigrante.com\/revista\/wp-content\/uploads\/2024\/10\/barriletes-gigantes-5-.webp 720w, https:\/\/soymigrante.com\/revista\/wp-content\/uploads\/2024\/10\/barriletes-gigantes-5--225x300.webp 225w\" sizes=\"(max-width: 720px) 100vw, 720px\" title=\"barriletes gigantes 5 \u2013 SoyMigrante.com REVISTA\" \/>\t\t\t\t\t\t\t\t\t\t\t\t\t\t\t<\/div>\n\t\t\t\t\t<\/div>\n\t\t\t\t<\/div>\n\t\t<div data-particle_enable=\"false\" data-particle-mobile-disabled=\"false\" class=\"elementor-element elementor-element-9a31857 e-flex e-con-boxed e-con e-parent\" data-id=\"9a31857\" data-element_type=\"container\" data-e-type=\"container\">\n\t\t\t\t\t<div class=\"e-con-inner\">\n\t\t\t\t<div class=\"elementor-element elementor-element-91a7e89 elementor-widget elementor-widget-heading\" data-id=\"91a7e89\" data-element_type=\"widget\" data-e-type=\"widget\" data-widget_type=\"heading.default\">\n\t\t\t\t\t<h3 class=\"elementor-heading-title elementor-size-default\">Testimonios de la comunidad<\/h3>\t\t\t\t<\/div>\n\t\t\t\t\t<\/div>\n\t\t\t\t<\/div>\n\t\t<div data-particle_enable=\"false\" data-particle-mobile-disabled=\"false\" class=\"elementor-element elementor-element-112e3a3 e-flex e-con-boxed e-con e-parent\" data-id=\"112e3a3\" data-element_type=\"container\" data-e-type=\"container\">\n\t\t\t\t\t<div class=\"e-con-inner\">\n\t\t\t\t<div class=\"elementor-element elementor-element-4f161b9 elementor-widget elementor-widget-text-editor\" data-id=\"4f161b9\" data-element_type=\"widget\" data-e-type=\"widget\" data-widget_type=\"text-editor.default\">\n\t\t\t\t\t\t\t\t\t<p>Para los comunitarios de Sumpango, el festival no es solo un espect\u00e1culo, sino una expresi\u00f3n de su identidad cultural y espiritual. Varios de ellos comparten sus experiencias:<\/p>\t\t\t\t\t\t\t\t<\/div>\n\t\t\t\t\t<\/div>\n\t\t\t\t<\/div>\n\t\t<div data-particle_enable=\"false\" data-particle-mobile-disabled=\"false\" class=\"elementor-element elementor-element-a03dfff e-flex e-con-boxed e-con e-parent\" data-id=\"a03dfff\" data-element_type=\"container\" data-e-type=\"container\">\n\t\t\t\t\t<div class=\"e-con-inner\">\n\t\t\t\t<div class=\"elementor-element elementor-element-338b63b elementor-widget elementor-widget-text-editor\" data-id=\"338b63b\" data-element_type=\"widget\" data-e-type=\"widget\" data-widget_type=\"text-editor.default\">\n\t\t\t\t\t\t\t\t\t<p>Don Miguel G\u00f3mez, uno de los organizadores m\u00e1s antiguos del festival, comenta: \u201cYo llevo m\u00e1s de 30 a\u00f1os haciendo barriletes. Empezamos a trabajar desde junio con mis hijos y nietos. Esto no es solo una tradici\u00f3n, es una forma de mantener viva la memoria de nuestros antepasados.\u201d<\/p>\t\t\t\t\t\t\t\t<\/div>\n\t\t\t\t\t<\/div>\n\t\t\t\t<\/div>\n\t\t<div data-particle_enable=\"false\" data-particle-mobile-disabled=\"false\" class=\"elementor-element elementor-element-9523855 e-flex e-con-boxed e-con e-parent\" data-id=\"9523855\" data-element_type=\"container\" data-e-type=\"container\">\n\t\t\t\t\t<div class=\"e-con-inner\">\n\t\t\t\t<div class=\"elementor-element elementor-element-c88d077 elementor-widget elementor-widget-facebook-embed\" data-id=\"c88d077\" data-element_type=\"widget\" data-e-type=\"widget\" data-widget_type=\"facebook-embed.default\">\n\t\t\t\t\t<div style=\"min-height: 1px\" class=\"elementor-facebook-widget fb-post\" data-href=\"https:\/\/www.facebook.com\/photo?fbid=1082482570114631&#038;set=pcb.1082482836781271\" data-show-text=\"false\"><\/div>\t\t\t\t<\/div>\n\t\t\t\t\t<\/div>\n\t\t\t\t<\/div>\n\t\t<div data-particle_enable=\"false\" data-particle-mobile-disabled=\"false\" class=\"elementor-element elementor-element-a61b1c6 e-flex e-con-boxed e-con e-parent\" data-id=\"a61b1c6\" data-element_type=\"container\" data-e-type=\"container\">\n\t\t\t\t\t<div class=\"e-con-inner\">\n\t\t\t\t<div class=\"elementor-element elementor-element-753623c elementor-widget elementor-widget-text-editor\" data-id=\"753623c\" data-element_type=\"widget\" data-e-type=\"widget\" data-widget_type=\"text-editor.default\">\n\t\t\t\t\t\t\t\t\t<p>Mar\u00eda Ju\u00e1rez, quien ha trabajado en la confecci\u00f3n de los barriletes desde su juventud, dice: \u201cCada barrilete que hacemos tiene un mensaje. Este a\u00f1o estamos dedicando el nuestro a la migraci\u00f3n, porque muchos de nuestros j\u00f3venes han tenido que irse a Estados Unidos. Es nuestra manera de recordarles que siempre tienen un hogar aqu\u00ed.\u201d<\/p>\t\t\t\t\t\t\t\t<\/div>\n\t\t\t\t\t<\/div>\n\t\t\t\t<\/div>\n\t\t<div data-particle_enable=\"false\" data-particle-mobile-disabled=\"false\" class=\"elementor-element elementor-element-444c052 e-flex e-con-boxed e-con e-parent\" data-id=\"444c052\" data-element_type=\"container\" data-e-type=\"container\">\n\t\t\t\t\t<div class=\"e-con-inner\">\n\t\t\t\t<div class=\"elementor-element elementor-element-ccfeebf elementor-widget elementor-widget-text-editor\" data-id=\"ccfeebf\" data-element_type=\"widget\" data-e-type=\"widget\" data-widget_type=\"text-editor.default\">\n\t\t\t\t\t\t\t\t\t<p>Julio Caxaj, joven artesano, menciona: \u201cDesde ni\u00f1o so\u00f1\u00e9 con hacer uno de esos gigantes. Mi familia lleva a\u00f1os participando en el festival, y para nosotros es un orgullo mostrar al mundo lo que podemos hacer. No es solo volar un cometa, es honrar a quienes ya no est\u00e1n.\u201d<\/p>\t\t\t\t\t\t\t\t<\/div>\n\t\t\t\t\t<\/div>\n\t\t\t\t<\/div>\n\t\t<div data-particle_enable=\"false\" data-particle-mobile-disabled=\"false\" class=\"elementor-element elementor-element-6234c99 e-flex e-con-boxed e-con e-parent\" data-id=\"6234c99\" data-element_type=\"container\" data-e-type=\"container\">\n\t\t\t\t\t<div class=\"e-con-inner\">\n\t\t\t\t<div class=\"elementor-element elementor-element-38f021a elementor-widget elementor-widget-video\" data-id=\"38f021a\" data-element_type=\"widget\" data-e-type=\"widget\" data-settings=\"{&quot;youtube_url&quot;:&quot;https:\\\/\\\/www.youtube.com\\\/watch?v=oMnFF4fHBBY&quot;,&quot;video_type&quot;:&quot;youtube&quot;,&quot;controls&quot;:&quot;yes&quot;}\" data-widget_type=\"video.default\">\n\t\t\t\t\t\t\t<div class=\"elementor-wrapper elementor-open-inline\">\n\t\t\t<div class=\"elementor-video\"><\/div>\t\t<\/div>\n\t\t\t\t\t\t<\/div>\n\t\t\t\t\t<\/div>\n\t\t\t\t<\/div>\n\t\t<div data-particle_enable=\"false\" data-particle-mobile-disabled=\"false\" class=\"elementor-element elementor-element-c7339e9 e-flex e-con-boxed e-con e-parent\" data-id=\"c7339e9\" data-element_type=\"container\" data-e-type=\"container\">\n\t\t\t\t\t<div class=\"e-con-inner\">\n\t\t\t\t<div class=\"elementor-element elementor-element-18790e2 elementor-widget elementor-widget-text-editor\" data-id=\"18790e2\" data-element_type=\"widget\" data-e-type=\"widget\" data-widget_type=\"text-editor.default\">\n\t\t\t\t\t\t\t\t\t<p>Ana Vel\u00e1squez, quien se encarga de los detalles finales en el barrilete de su cofrad\u00eda, afirma: \u201cLo m\u00e1s dif\u00edcil es encontrar la manera de que todos los colores armonicen. Queremos que nuestro barrilete cuente una historia y que la gente sienta algo al verlo volar.\u201d<\/p>\t\t\t\t\t\t\t\t<\/div>\n\t\t\t\t\t<\/div>\n\t\t\t\t<\/div>\n\t\t<div data-particle_enable=\"false\" data-particle-mobile-disabled=\"false\" class=\"elementor-element elementor-element-8b8892a e-flex e-con-boxed e-con e-parent\" data-id=\"8b8892a\" data-element_type=\"container\" data-e-type=\"container\">\n\t\t\t\t\t<div class=\"e-con-inner\">\n\t\t\t\t<div class=\"elementor-element elementor-element-1cc2c11 elementor-widget elementor-widget-text-editor\" data-id=\"1cc2c11\" data-element_type=\"widget\" data-e-type=\"widget\" data-widget_type=\"text-editor.default\">\n\t\t\t\t\t\t\t\t\t<p>Jos\u00e9 Contreras, uno de los l\u00edderes comunitarios, explica el impacto del festival en el pueblo: \u201cEste festival nos une como comunidad. No solo trabajamos juntos, tambi\u00e9n invitamos a nuestros ni\u00f1os y j\u00f3venes a participar para que la tradici\u00f3n nunca se pierda.\u201d<\/p>\t\t\t\t\t\t\t\t<\/div>\n\t\t\t\t\t<\/div>\n\t\t\t\t<\/div>\n\t\t<div data-particle_enable=\"false\" data-particle-mobile-disabled=\"false\" class=\"elementor-element elementor-element-cb8cfcb e-flex e-con-boxed e-con e-parent\" data-id=\"cb8cfcb\" data-element_type=\"container\" data-e-type=\"container\">\n\t\t\t\t\t<div class=\"e-con-inner\">\n\t\t\t\t<div class=\"elementor-element elementor-element-32d735c elementor-widget elementor-widget-text-editor\" data-id=\"32d735c\" data-element_type=\"widget\" data-e-type=\"widget\" data-widget_type=\"text-editor.default\">\n\t\t\t\t\t\t\t\t\t<p>Carmen Morales, turista guatemalteca, quien visit\u00f3 el festival, por primera vez, el a\u00f1o pasado, expres\u00f3 su admiraci\u00f3n: \u201cEs incre\u00edble ver la dedicaci\u00f3n y el esfuerzo que le ponen. Siento que es algo muy especial, porque no es solo una fiesta, es una manifestaci\u00f3n de su cultura y creencias.\u201d<\/p>\t\t\t\t\t\t\t\t<\/div>\n\t\t\t\t\t<\/div>\n\t\t\t\t<\/div>\n\t\t<div data-particle_enable=\"false\" data-particle-mobile-disabled=\"false\" class=\"elementor-element elementor-element-81ef6e2 e-flex e-con-boxed e-con e-parent\" data-id=\"81ef6e2\" data-element_type=\"container\" data-e-type=\"container\">\n\t\t\t\t\t<div class=\"e-con-inner\">\n\t\t\t\t<div class=\"elementor-element elementor-element-235a4a0 elementor-widget elementor-widget-video\" data-id=\"235a4a0\" data-element_type=\"widget\" data-e-type=\"widget\" data-settings=\"{&quot;youtube_url&quot;:&quot;https:\\\/\\\/www.youtube.com\\\/watch?v=otO6FRxsyB8&quot;,&quot;video_type&quot;:&quot;youtube&quot;,&quot;controls&quot;:&quot;yes&quot;}\" data-widget_type=\"video.default\">\n\t\t\t\t\t\t\t<div class=\"elementor-wrapper elementor-open-inline\">\n\t\t\t<div class=\"elementor-video\"><\/div>\t\t<\/div>\n\t\t\t\t\t\t<\/div>\n\t\t\t\t\t<\/div>\n\t\t\t\t<\/div>\n\t\t<div data-particle_enable=\"false\" data-particle-mobile-disabled=\"false\" class=\"elementor-element elementor-element-9ca4a0c e-flex e-con-boxed e-con e-parent\" data-id=\"9ca4a0c\" data-element_type=\"container\" data-e-type=\"container\">\n\t\t\t\t\t<div class=\"e-con-inner\">\n\t\t\t\t<div class=\"elementor-element elementor-element-1dc8a76 elementor-widget elementor-widget-heading\" data-id=\"1dc8a76\" data-element_type=\"widget\" data-e-type=\"widget\" data-widget_type=\"heading.default\">\n\t\t\t\t\t<h3 class=\"elementor-heading-title elementor-size-default\">El d\u00eda del festival: colores que llenan el cielo<\/h3>\t\t\t\t<\/div>\n\t\t\t\t\t<\/div>\n\t\t\t\t<\/div>\n\t\t<div data-particle_enable=\"false\" data-particle-mobile-disabled=\"false\" class=\"elementor-element elementor-element-f27164e e-flex e-con-boxed e-con e-parent\" data-id=\"f27164e\" data-element_type=\"container\" data-e-type=\"container\">\n\t\t\t\t\t<div class=\"e-con-inner\">\n\t\t\t\t<div class=\"elementor-element elementor-element-f14b463 elementor-widget elementor-widget-text-editor\" data-id=\"f14b463\" data-element_type=\"widget\" data-e-type=\"widget\" data-widget_type=\"text-editor.default\">\n\t\t\t\t\t\t\t\t\t<p><a href=\"https:\/\/soymigrante.com\/revista\/asi-se-honran-las-tradiciones-guatemaltecas-mas-alla-de-las-fronteras-patrias\/\" target=\"_blank\" rel=\"noopener\">Cuando llega el 1 de noviembre, los barriletes finalmente ven la luz del d\u00eda<\/a>. Los campos se llenan de familias y turistas que esperan ansiosos el momento en que estas gigantescas creaciones sean levantadas y empiecen a elevarse al cielo. La emoci\u00f3n es palpable cuando las primeras r\u00e1fagas de viento ayudan a despegar los barriletes, que, una vez en el aire, se mecen majestuosamente, como si fueran mensajeros entre el mundo terrenal y el m\u00e1s all\u00e1.<\/p><p>El Festival de Barriletes Gigantes de Sumpango es una experiencia que va m\u00e1s all\u00e1 de lo visual. Es una celebraci\u00f3n de vida y muerte, de arte y tradici\u00f3n, que envuelve a todos en un sentimiento de comuni\u00f3n con el pasado y con las ra\u00edces profundas de la cultura maya.<\/p>\t\t\t\t\t\t\t\t<\/div>\n\t\t\t\t\t<\/div>\n\t\t\t\t<\/div>\n\t\t<div data-particle_enable=\"false\" data-particle-mobile-disabled=\"false\" class=\"elementor-element elementor-element-5db5c4b e-flex e-con-boxed e-con e-parent\" data-id=\"5db5c4b\" data-element_type=\"container\" data-e-type=\"container\">\n\t\t\t\t\t<div class=\"e-con-inner\">\n\t\t\t\t<div class=\"elementor-element elementor-element-ec9131e elementor-widget elementor-widget-text-editor\" data-id=\"ec9131e\" data-element_type=\"widget\" data-e-type=\"widget\" data-widget_type=\"text-editor.default\">\n\t\t\t\t\t\t\t\t\t<p>A trav\u00e9s de los barriletes, los comunitarios rinden homenaje a sus antepasados y muestran al mundo la riqueza de su herencia. Cada a\u00f1o, el festival no solo llena el cielo de colores, sino tambi\u00e9n los corazones de quienes lo presencian, record\u00e1ndonos que, en Guatemala, las tradiciones vuelan alto.<\/p>\t\t\t\t\t\t\t\t<\/div>\n\t\t\t\t\t<\/div>\n\t\t\t\t<\/div>\n\t\t<div data-particle_enable=\"false\" data-particle-mobile-disabled=\"false\" class=\"elementor-element elementor-element-1ecf5c8 e-flex e-con-boxed e-con e-parent\" data-id=\"1ecf5c8\" data-element_type=\"container\" data-e-type=\"container\">\n\t\t\t\t\t<div class=\"e-con-inner\">\n\t\t\t\t<div class=\"elementor-element elementor-element-1ed3567 elementor-widget elementor-widget-video\" data-id=\"1ed3567\" data-element_type=\"widget\" data-e-type=\"widget\" data-settings=\"{&quot;youtube_url&quot;:&quot;https:\\\/\\\/www.youtube.com\\\/watch?v=pKJ_P1SrARw&quot;,&quot;video_type&quot;:&quot;youtube&quot;,&quot;controls&quot;:&quot;yes&quot;}\" data-widget_type=\"video.default\">\n\t\t\t\t\t\t\t<div class=\"elementor-wrapper elementor-open-inline\">\n\t\t\t<div class=\"elementor-video\"><\/div>\t\t<\/div>\n\t\t\t\t\t\t<\/div>\n\t\t\t\t\t<\/div>\n\t\t\t\t<\/div>\n\t\t<div data-particle_enable=\"false\" data-particle-mobile-disabled=\"false\" class=\"elementor-element elementor-element-df2fbdb e-flex e-con-boxed e-con e-parent\" data-id=\"df2fbdb\" data-element_type=\"container\" data-e-type=\"container\">\n\t\t\t\t\t<div class=\"e-con-inner\">\n\t\t\t\t<div class=\"elementor-element elementor-element-de62f23 elementor-widget elementor-widget-heading\" data-id=\"de62f23\" data-element_type=\"widget\" data-e-type=\"widget\" data-widget_type=\"heading.default\">\n\t\t\t\t\t<h2 class=\"elementor-heading-title elementor-size-default\">Te puede interesar...<\/h2>\t\t\t\t<\/div>\n\t\t\t\t\t<\/div>\n\t\t\t\t<\/div>\n\t\t<div data-particle_enable=\"false\" data-particle-mobile-disabled=\"false\" class=\"elementor-element elementor-element-9d93db3 e-flex e-con-boxed e-con e-parent\" data-id=\"9d93db3\" data-element_type=\"container\" data-e-type=\"container\">\n\t\t\t\t\t<div class=\"e-con-inner\">\n\t\t\t\t<div class=\"elementor-element elementor-element-389868f elementor-widget elementor-widget-blfe-post-grid\" data-id=\"389868f\" data-element_type=\"widget\" data-e-type=\"widget\" data-settings=\"{&quot;columns&quot;:&quot;3&quot;,&quot;columns_tablet&quot;:&quot;6&quot;,&quot;columns_mobile&quot;:&quot;12&quot;,&quot;hero1_layout_column_gap&quot;:{&quot;unit&quot;:&quot;px&quot;,&quot;size&quot;:30,&quot;sizes&quot;:[]},&quot;hero1_layout_column_gap_tablet&quot;:{&quot;unit&quot;:&quot;px&quot;,&quot;size&quot;:&quot;&quot;,&quot;sizes&quot;:[]},&quot;hero1_layout_column_gap_mobile&quot;:{&quot;unit&quot;:&quot;px&quot;,&quot;size&quot;:&quot;&quot;,&quot;sizes&quot;:[]},&quot;hero1_layout_row_gap&quot;:{&quot;unit&quot;:&quot;px&quot;,&quot;size&quot;:30,&quot;sizes&quot;:[]},&quot;hero1_layout_row_gap_tablet&quot;:{&quot;unit&quot;:&quot;px&quot;,&quot;size&quot;:&quot;&quot;,&quot;sizes&quot;:[]},&quot;hero1_layout_row_gap_mobile&quot;:{&quot;unit&quot;:&quot;px&quot;,&quot;size&quot;:&quot;&quot;,&quot;sizes&quot;:[]}}\" data-widget_type=\"blfe-post-grid.hero1\">\n\t\t\t\t<div class=\"elementor-widget-container\">\n\t\t\t\t\t\n                        <div class=\"blfe-post-grid-container \">\n            \n                <div data-skin=\"hero1\" class=\"blfe-row blfe-posts-inner blfe-hero1 blfe-posts-inner blfe-col-3 blfe-col-tab-6 blfe-col-mob-12     \">\n                            <div class=\"blfe-post-grid-item\">\n            <div class=\"blfe-post-grid-item-inner blfe-modern-zoom\">\n                        <div class=\"blfe-post-grid-bg-image\">\n            <a class=\"blfe-post-grid-image-inner\" href=\"https:\/\/soymigrante.com\/revista\/ecoturismo-en-guatemala\/\" title=\"Joya natural en la bocacosta de Chiquimulilla, Santa Rosa\" rel=\"nofollow\" target=\"_blank\"><img decoding=\"async\" src=\"https:\/\/soymigrante.com\/revista\/wp-content\/uploads\/2023\/02\/3-Guate-Nuestra-Chiquimulilla-1-scaled.webp\" alt=\"Joya natural en la bocacosta de Chiquimulilla, Santa Rosa\"\/><\/a>        <\/div>\n                        <div class=\"blfe-post-grid-details\">\n                    <div class=\"blfe-post-grid-details-inner\">\n                        <span class=\"blfe-post-category\"><a href=\"https:\/\/soymigrante.com\/revista\/category\/guate-nuestra\/\">Guate Nuestra<\/a><\/span>                        <h3 class=\"blfe-post-grid-title\">\n            <a href=\"https:\/\/soymigrante.com\/revista\/ecoturismo-en-guatemala\/\" title=\"Joya natural en la bocacosta de Chiquimulilla, Santa Rosa\" rel=\"nofollow\" target=\"_blank\">Joya natural en la bocacosta de Chiquimulilla, Santa Rosa<\/a>\n            <\/h3>                                                            <div class=\"blfe-post-grid-meta\">\n                <span class=\"blfe-post-grid-time\"><i class=\"fas fa-book-reader\"><\/i>3 Min read<\/span>            <\/div>\n                                                        <\/div>\n                <\/div>\n\n            <\/div>\n        <\/div>\n                <div class=\"blfe-post-grid-item\">\n            <div class=\"blfe-post-grid-item-inner blfe-modern-zoom\">\n                        <div class=\"blfe-post-grid-bg-image\">\n            <a class=\"blfe-post-grid-image-inner\" href=\"https:\/\/soymigrante.com\/revista\/indumentaria-tradicional-del-varon-tzutujil\/\" title=\"Legendario \u201cN\u2019skaw\u201d: pantal\u00f3n del var\u00f3n tz&#8217;utuj&#8217;il de San Juan la Laguna\" rel=\"nofollow\" target=\"_blank\"><img decoding=\"async\" src=\"https:\/\/soymigrante.com\/revista\/wp-content\/uploads\/2023\/02\/San-Juan-pantalon-3-ecastro.webp\" alt=\"Legendario \u201cN\u2019skaw\u201d: pantal\u00f3n del var\u00f3n tz&#8217;utuj&#8217;il de San Juan la Laguna\"\/><\/a>        <\/div>\n                        <div class=\"blfe-post-grid-details\">\n                    <div class=\"blfe-post-grid-details-inner\">\n                        <span class=\"blfe-post-category\"><a href=\"https:\/\/soymigrante.com\/revista\/category\/guate-nuestra\/\">Guate Nuestra<\/a><\/span>                        <h3 class=\"blfe-post-grid-title\">\n            <a href=\"https:\/\/soymigrante.com\/revista\/indumentaria-tradicional-del-varon-tzutujil\/\" title=\"Legendario \u201cN\u2019skaw\u201d: pantal\u00f3n del var\u00f3n tz&#8217;utuj&#8217;il de San Juan la Laguna\" rel=\"nofollow\" target=\"_blank\">Legendario \u201cN\u2019skaw\u201d: pantal\u00f3n del var\u00f3n tz&#8217;utuj&#8217;il de San Juan la Laguna<\/a>\n            <\/h3>                                                            <div class=\"blfe-post-grid-meta\">\n                <span class=\"blfe-post-grid-time\"><i class=\"fas fa-book-reader\"><\/i>2 Min read<\/span>            <\/div>\n                                                        <\/div>\n                <\/div>\n\n            <\/div>\n        <\/div>\n                <div class=\"blfe-post-grid-item\">\n            <div class=\"blfe-post-grid-item-inner blfe-modern-zoom\">\n                        <div class=\"blfe-post-grid-bg-image\">\n            <a class=\"blfe-post-grid-image-inner\" href=\"https:\/\/soymigrante.com\/revista\/viaje-en-autobus-extraurbano-de-guatemala\/\" title=\"Cr\u00f3nica: el viaje en camioneta, recuerdo de muchos migrantes\" rel=\"nofollow\" target=\"_blank\"><img decoding=\"async\" src=\"https:\/\/soymigrante.com\/revista\/wp-content\/uploads\/2023\/06\/Camionetas-en-paso-adesnivel-cuatro-caminos-San-Cistobal-Totonicapan.webp\" alt=\"Cr\u00f3nica: el viaje en camioneta, recuerdo de muchos migrantes\"\/><\/a>        <\/div>\n                        <div class=\"blfe-post-grid-details\">\n                    <div class=\"blfe-post-grid-details-inner\">\n                        <span class=\"blfe-post-category\"><a href=\"https:\/\/soymigrante.com\/revista\/category\/guate-nuestra\/\">Guate Nuestra<\/a><\/span>                        <h3 class=\"blfe-post-grid-title\">\n            <a href=\"https:\/\/soymigrante.com\/revista\/viaje-en-autobus-extraurbano-de-guatemala\/\" title=\"Cr\u00f3nica: el viaje en camioneta, recuerdo de muchos migrantes\" rel=\"nofollow\" target=\"_blank\">Cr\u00f3nica: el viaje en camioneta, recuerdo de muchos migrantes<\/a>\n            <\/h3>                                                            <div class=\"blfe-post-grid-meta\">\n                <span class=\"blfe-post-grid-time\"><i class=\"fas fa-book-reader\"><\/i>5 Min read<\/span>            <\/div>\n                                                        <\/div>\n                <\/div>\n\n            <\/div>\n        <\/div>\n                        <\/div>\n\n                        <\/div>\n            \n                        <div class=\"blfe-post-footer\">\n                        <\/div>\n            \t\t\t\t<\/div>\n\t\t\t\t<\/div>\n\t\t\t\t\t<\/div>\n\t\t\t\t<\/div>\n\t\t\t\t<\/div>\n\t\t","protected":false},"excerpt":{"rendered":"<p>Los barriletes gigantes de Sumpango son un s\u00edmbolo de resistencia cultural, de creatividad y de conexi\u00f3n espiritual. Cada 1 de noviembre, el cielo de Sumpango, Sacatep\u00e9quez, en Guatemala, se llena de colores vibrantes y formas majestuosas. Los barriletes gigantes, algunos de m\u00e1s de 20 metros de altura, son mucho m\u00e1s que simples cometas: representan un [&hellip;]<\/p>\n","protected":false},"author":19,"featured_media":10469,"comment_status":"open","ping_status":"open","sticky":false,"template":"","format":"standard","meta":{"_acf_changed":false,"_eb_attr":"","footnotes":""},"categories":[58],"tags":[],"class_list":["post-10468","post","type-post","status-publish","format-standard","has-post-thumbnail","hentry","category-guate-nuestra"],"acf":[],"aioseo_notices":[],"aioseo_head":"\n\t\t<!-- All in One SEO Pro 4.9.6.2 - aioseo.com -->\n\t<meta name=\"description\" content=\"\u00a1S\u00fabale s\u00fabale!, \u00bfA d\u00f3nde va? \u00a1llega, llega! Toto, Xela, Guate, San Marcos, Huhue: el viaje tantas veces efectuado en camioneta extraurbana\" \/>\n\t<meta name=\"robots\" content=\"max-snippet:-1, max-image-preview:large, max-video-preview:-1\" \/>\n\t<meta name=\"author\" content=\"Diana Batz\"\/>\n\t<link rel=\"canonical\" href=\"https:\/\/soymigrante.com\/revista\/viaje-en-autobus-extraurbano-de-guatemala\/\" \/>\n\t<meta name=\"generator\" content=\"All in One SEO Pro (AIOSEO) 4.9.6.2\" \/>\n\n\t\t<link rel=\"preconnect\" href=\"https:\/\/fonts.googleapis.com\" crossorigin>\n<link rel=\"preconnect\" href=\"https:\/\/fonts.gstatic.com\" crossorigin>\n\t\t<meta property=\"og:locale\" content=\"es_ES\" \/>\n\t\t<meta property=\"og:site_name\" content=\"SoyMigrante.com REVISTA \u2013 Nuestra misi\u00f3n es reconocer y dignificar al migrante.\" \/>\n\t\t<meta property=\"og:type\" content=\"article\" \/>\n\t\t<meta property=\"og:title\" content=\"Cr\u00f3nica: el viaje en camioneta, recuerdo de muchos migrantes\" \/>\n\t\t<meta property=\"og:description\" content=\"\u00a1S\u00fabale s\u00fabale!, \u00bfA d\u00f3nde va? \u00a1llega, llega! Toto, Xela, Guate, San Marcos, Huhue: el viaje tantas veces efectuado en camioneta extraurbana\" \/>\n\t\t<meta property=\"og:url\" content=\"https:\/\/soymigrante.com\/revista\/viaje-en-autobus-extraurbano-de-guatemala\/\" \/>\n\t\t<meta property=\"og:image\" content=\"https:\/\/soymigrante.com\/revista\/wp-content\/uploads\/2023\/06\/Camionetas-en-paso-adesnivel-cuatro-caminos-San-Cistobal-Totonicapan.webp\" \/>\n\t\t<meta property=\"og:image:secure_url\" content=\"https:\/\/soymigrante.com\/revista\/wp-content\/uploads\/2023\/06\/Camionetas-en-paso-adesnivel-cuatro-caminos-San-Cistobal-Totonicapan.webp\" \/>\n\t\t<meta property=\"og:image:width\" content=\"1101\" \/>\n\t\t<meta property=\"og:image:height\" content=\"619\" \/>\n\t\t<meta property=\"article:published_time\" content=\"2023-06-08T07:30:00+00:00\" \/>\n\t\t<meta property=\"article:modified_time\" content=\"2024-11-01T10:35:50+00:00\" \/>\n\t\t<meta property=\"article:publisher\" content=\"https:\/\/www.facebook.com\/soymigrantecom\" \/>\n\t\t<meta name=\"twitter:card\" content=\"summary_large_image\" \/>\n\t\t<meta name=\"twitter:site\" content=\"@SoyMigrante_com\" \/>\n\t\t<meta name=\"twitter:title\" content=\"Cr\u00f3nica: el viaje en camioneta, recuerdo de muchos migrantes\" \/>\n\t\t<meta name=\"twitter:description\" content=\"\u00a1S\u00fabale s\u00fabale!, \u00bfA d\u00f3nde va? \u00a1llega, llega! Toto, Xela, Guate, San Marcos, Huhue: el viaje tantas veces efectuado en camioneta extraurbana\" \/>\n\t\t<meta name=\"twitter:creator\" content=\"@SoyMigrante_com\" \/>\n\t\t<meta name=\"twitter:image\" content=\"https:\/\/soymigrante.com\/revista\/wp-content\/uploads\/2023\/06\/Camionetas-en-paso-adesnivel-cuatro-caminos-San-Cistobal-Totonicapan.webp\" \/>\n\t\t<!-- All in One SEO Pro -->\r\n\t\t<title>Cr\u00f3nica: el viaje en camioneta, recuerdo de muchos migrantes<\/title>\n\n","aioseo_head_json":{"title":"Cr\u00f3nica: el viaje en camioneta, recuerdo de muchos migrantes","description":"\u00a1S\u00fabale s\u00fabale!, \u00bfA d\u00f3nde va? \u00a1llega, llega! Toto, Xela, Guate, San Marcos, Huhue: el viaje tantas veces efectuado en camioneta extraurbana","canonical_url":"https:\/\/soymigrante.com\/revista\/viaje-en-autobus-extraurbano-de-guatemala\/","robots":"max-snippet:-1, max-image-preview:large, max-video-preview:-1","keywords":"","webmasterTools":{"miscellaneous":"&lt;link rel=\"preconnect\" href=\"https:\/\/fonts.googleapis.com\" crossorigin&gt;\n&lt;link rel=\"preconnect\" href=\"https:\/\/fonts.gstatic.com\" crossorigin&gt;"},"schema":null,"og:locale":"es_ES","og:site_name":"SoyMigrante.com REVISTA \u2013 Nuestra misi\u00f3n es reconocer y dignificar al migrante.","og:type":"article","og:title":"Cr\u00f3nica: el viaje en camioneta, recuerdo de muchos migrantes","og:description":"\u00a1S\u00fabale s\u00fabale!, \u00bfA d\u00f3nde va? \u00a1llega, llega! Toto, Xela, Guate, San Marcos, Huhue: el viaje tantas veces efectuado en camioneta extraurbana","og:url":"https:\/\/soymigrante.com\/revista\/viaje-en-autobus-extraurbano-de-guatemala\/","og:image":"https:\/\/soymigrante.com\/revista\/wp-content\/uploads\/2023\/06\/Camionetas-en-paso-adesnivel-cuatro-caminos-San-Cistobal-Totonicapan.webp","og:image:secure_url":"https:\/\/soymigrante.com\/revista\/wp-content\/uploads\/2023\/06\/Camionetas-en-paso-adesnivel-cuatro-caminos-San-Cistobal-Totonicapan.webp","og:image:width":1101,"og:image:height":619,"article:published_time":"2023-06-08T07:30:00+00:00","article:modified_time":"2024-11-01T10:35:50+00:00","article:publisher":"https:\/\/www.facebook.com\/soymigrantecom","twitter:card":"summary_large_image","twitter:site":"@SoyMigrante_com","twitter:title":"Cr\u00f3nica: el viaje en camioneta, recuerdo de muchos migrantes","twitter:description":"\u00a1S\u00fabale s\u00fabale!, \u00bfA d\u00f3nde va? \u00a1llega, llega! Toto, Xela, Guate, San Marcos, Huhue: el viaje tantas veces efectuado en camioneta extraurbana","twitter:creator":"@SoyMigrante_com","twitter:image":"https:\/\/soymigrante.com\/revista\/wp-content\/uploads\/2023\/06\/Camionetas-en-paso-adesnivel-cuatro-caminos-San-Cistobal-Totonicapan.webp"},"aioseo_meta_data":{"post_id":"10468","title":null,"description":"Los barriletes gigantes de Sumpango son un s\u00edmbolo de cultura, creatividad, uni\u00f3n y sobre todo, de conexi\u00f3n espiritual: un ritual sagrado del 1 y 2 de noviembre","keywords":null,"keyphrases":{"focus":{"keyphrase":"Barriletes","score":100,"analysis":{"keyphraseInTitle":{"score":9,"maxScore":9,"error":0},"keyphraseInDescription":{"score":9,"maxScore":9,"error":0},"keyphraseLength":{"score":9,"maxScore":9,"error":0,"length":1},"keyphraseInURL":{"score":5,"maxScore":5,"error":0},"keyphraseInIntroduction":{"score":9,"maxScore":9,"error":0},"keyphraseInSubHeadings":{"score":9,"maxScore":9,"error":0},"keyphraseInImageAlt":{"score":9,"maxScore":9,"error":0},"keywordDensity":{"type":"best","score":9,"maxScore":9,"error":0}}},"additional":[{"keyphrase":"Barriletes","score":100,"analysis":{"keyphraseInDescription":{"score":9,"maxScore":9,"error":0},"keyphraseLength":{"score":9,"maxScore":9,"error":0,"length":1},"keyphraseInIntroduction":{"score":9,"maxScore":9,"error":0},"keyphraseInImageAlt":{"score":9,"maxScore":9,"error":0},"keywordDensity":{"type":"best","score":9,"maxScore":9,"error":0}}},{"keyphrase":"gigantes","score":100,"analysis":{"keyphraseInDescription":{"score":9,"maxScore":9,"error":0},"keyphraseLength":{"score":9,"maxScore":9,"error":0,"length":1},"keyphraseInIntroduction":{"score":9,"maxScore":9,"error":0},"keyphraseInImageAlt":{"score":9,"maxScore":9,"error":0},"keywordDensity":{"type":"best","score":9,"maxScore":9,"error":0}}}]},"primary_term":null,"canonical_url":null,"og_title":null,"og_description":null,"og_object_type":"default","og_image_type":"default","og_image_url":null,"og_image_width":null,"og_image_height":null,"og_image_custom_url":null,"og_image_custom_fields":null,"og_video":"","og_custom_url":null,"og_article_section":null,"og_article_tags":null,"twitter_use_og":false,"twitter_card":"default","twitter_image_type":"default","twitter_image_url":null,"twitter_image_custom_url":null,"twitter_image_custom_fields":null,"twitter_title":null,"twitter_description":null,"schema":{"blockGraphs":[],"customGraphs":[],"default":{"data":{"Article":[],"Course":[],"Dataset":[],"FAQPage":[],"Movie":[],"Person":[],"Product":[],"ProductReview":[],"Car":[],"Recipe":[],"Service":[],"SoftwareApplication":[],"WebPage":[]},"graphName":"Article","isEnabled":true},"graphs":[]},"schema_type":"default","schema_type_options":null,"pillar_content":false,"robots_default":true,"robots_noindex":false,"robots_noarchive":false,"robots_nosnippet":false,"robots_nofollow":false,"robots_noimageindex":false,"robots_noodp":false,"robots_notranslate":false,"robots_max_snippet":"-1","robots_max_videopreview":"-1","robots_max_imagepreview":"large","priority":null,"frequency":"default","local_seo":null,"seo_analyzer_scan_date":"2025-10-08 23:53:49","breadcrumb_settings":null,"limit_modified_date":false,"reviewed_by":null,"open_ai":"{\"title\":{\"suggestions\":[],\"usage\":0},\"description\":{\"suggestions\":[],\"usage\":0}}","ai":null,"created":"2024-10-17 16:10:28","updated":"2026-02-04 15:21:58"},"aioseo_breadcrumb":"<div class=\"aioseo-breadcrumbs\"><span class=\"aioseo-breadcrumb\">\n\t<a href=\"https:\/\/soymigrante.com\/revista\" title=\"Home\">Home<\/a>\n<\/span><span class=\"aioseo-breadcrumb-separator\">\u00bb<\/span><span class=\"aioseo-breadcrumb\">\n\t<a href=\"https:\/\/soymigrante.com\/revista\/category\/guate-nuestra\/\" title=\"Guate Nuestra\">Guate Nuestra<\/a>\n<\/span><span class=\"aioseo-breadcrumb-separator\">\u00bb<\/span><span class=\"aioseo-breadcrumb\">\n\tLos barriletes gigantes son una tradici\u00f3n, un ritual sagrado y un emblema de Guatemala\n<\/span><\/div>","aioseo_breadcrumb_json":[{"label":"Home","link":"https:\/\/soymigrante.com\/revista"},{"label":"Guate Nuestra","link":"https:\/\/soymigrante.com\/revista\/category\/guate-nuestra\/"},{"label":"Los barriletes gigantes son una tradici\u00f3n, un ritual sagrado y un emblema de Guatemala","link":"https:\/\/soymigrante.com\/revista\/barriletes-gigantes-son-una-tradicion-de-arte-espiritu-y-memoria\/"}],"_links":{"self":[{"href":"https:\/\/soymigrante.com\/revista\/wp-json\/wp\/v2\/posts\/10468","targetHints":{"allow":["GET"]}}],"collection":[{"href":"https:\/\/soymigrante.com\/revista\/wp-json\/wp\/v2\/posts"}],"about":[{"href":"https:\/\/soymigrante.com\/revista\/wp-json\/wp\/v2\/types\/post"}],"author":[{"embeddable":true,"href":"https:\/\/soymigrante.com\/revista\/wp-json\/wp\/v2\/users\/19"}],"replies":[{"embeddable":true,"href":"https:\/\/soymigrante.com\/revista\/wp-json\/wp\/v2\/comments?post=10468"}],"version-history":[{"count":0,"href":"https:\/\/soymigrante.com\/revista\/wp-json\/wp\/v2\/posts\/10468\/revisions"}],"wp:featuredmedia":[{"embeddable":true,"href":"https:\/\/soymigrante.com\/revista\/wp-json\/wp\/v2\/media\/10469"}],"wp:attachment":[{"href":"https:\/\/soymigrante.com\/revista\/wp-json\/wp\/v2\/media?parent=10468"}],"wp:term":[{"taxonomy":"category","embeddable":true,"href":"https:\/\/soymigrante.com\/revista\/wp-json\/wp\/v2\/categories?post=10468"},{"taxonomy":"post_tag","embeddable":true,"href":"https:\/\/soymigrante.com\/revista\/wp-json\/wp\/v2\/tags?post=10468"}],"curies":[{"name":"wp","href":"https:\/\/api.w.org\/{rel}","templated":true}]}}