{"id":10453,"date":"2025-08-18T05:39:38","date_gmt":"2025-08-18T11:39:38","guid":{"rendered":"https:\/\/soymigrante.com\/revista\/?p=10453"},"modified":"2025-08-18T05:39:42","modified_gmt":"2025-08-18T11:39:42","slug":"siete-claves-para-lograr-enfoque-en-tus-tareas-y-lograr-resultados","status":"publish","type":"post","link":"https:\/\/soymigrante.com\/revista\/siete-claves-para-lograr-enfoque-en-tus-tareas-y-lograr-resultados\/","title":{"rendered":"Siete claves para lograr enfoque en tus tareas y lograr resultados"},"content":{"rendered":"\t\t<div data-elementor-type=\"wp-post\" data-elementor-id=\"10453\" class=\"elementor elementor-10453\" data-elementor-post-type=\"post\">\n\t\t\t\t<div data-particle_enable=\"false\" data-particle-mobile-disabled=\"false\" class=\"elementor-element elementor-element-17c2f54 e-flex e-con-boxed e-con e-parent\" data-id=\"17c2f54\" data-element_type=\"container\" data-e-type=\"container\">\n\t\t\t\t\t<div class=\"e-con-inner\">\n\t\t\t\t<div class=\"elementor-element elementor-element-c8f895f elementor-widget elementor-widget-heading\" data-id=\"c8f895f\" data-element_type=\"widget\" data-e-type=\"widget\" data-widget_type=\"heading.default\">\n\t\t\t\t\t<h2 class=\"elementor-heading-title elementor-size-default\">La clave para estar presente es entrenar la mente y el cuerpo para que trabajen en armon\u00eda, eliminando el ruido mental y conect\u00e1ndote con la tarea que tienes delante. <\/h2>\t\t\t\t<\/div>\n\t\t\t\t\t<\/div>\n\t\t\t\t<\/div>\n\t\t<div data-particle_enable=\"false\" data-particle-mobile-disabled=\"false\" class=\"elementor-element elementor-element-35c32f8 e-flex e-con-boxed e-con e-parent\" data-id=\"35c32f8\" data-element_type=\"container\" data-e-type=\"container\">\n\t\t\t\t\t<div class=\"e-con-inner\">\n\t\t\t\t<div class=\"elementor-element elementor-element-1783443 elementor-widget elementor-widget-text-editor\" data-id=\"1783443\" data-element_type=\"widget\" data-e-type=\"widget\" data-widget_type=\"text-editor.default\">\n\t\t\t\t\t\t\t\t\t<p>Con la pr\u00e1ctica constante de estos siete consejos que te compartimos, mejorar\u00e1s tu capacidad de mantenerte enfocado y de&nbsp;<a href=\"https:\/\/soymigrante.com\/revista\/levantarse-temprano-no-solo-es-necesidad-tiene-muchos-beneficios\/\" target=\"_blank\" rel=\"noopener\">lograr mejores resultados&nbsp;<\/a>en actividades que demandan precisi\u00f3n.<\/p>\n<p>Mantener la presencia y el enfoque en tareas que requieren&nbsp;<a href=\"https:\/\/soymigrante.com\/revista\/aprende-a-manejar-el-distres-por-la-diabetes-con-estos-10-consejos\/\" target=\"_blank\" rel=\"noopener\">destreza f\u00edsica<\/a>, exactitud y buenos resultados es esencial para el<a href=\"https:\/\/soymigrante.com\/revista\/10-razones-para-buscar-y-asumir-nuevos-aprendizajes-para-el-desarrollo-personal\/\" target=\"_blank\" rel=\"noopener\"> rendimiento \u00f3ptimo<\/a>. Aqu\u00ed tienes algunos&nbsp;<a href=\"https:\/\/soymigrante.com\/revista\/seis-consejos-para-conseguir-ser-una-persona-puntual\/\" target=\"_blank\">consejos pr\u00e1cticos<\/a>&nbsp;para lograrlo:<\/p>\t\t\t\t\t\t\t\t<\/div>\n\t\t\t\t\t<\/div>\n\t\t\t\t<\/div>\n\t\t<div data-particle_enable=\"false\" data-particle-mobile-disabled=\"false\" class=\"elementor-element elementor-element-45d2ee7 e-flex e-con-boxed e-con e-parent\" data-id=\"45d2ee7\" data-element_type=\"container\" data-e-type=\"container\">\n\t\t\t\t\t<div class=\"e-con-inner\">\n\t\t\t\t<div class=\"elementor-element elementor-element-102d7e8 elementor-widget elementor-widget-image\" data-id=\"102d7e8\" data-element_type=\"widget\" data-e-type=\"widget\" data-widget_type=\"image.default\">\n\t\t\t\t\t\t\t\t\t\t\t\t<figure class=\"wp-caption\">\n\t\t\t\t\t\t\t\t\t\t<img fetchpriority=\"high\" decoding=\"async\" width=\"768\" height=\"460\" src=\"https:\/\/soymigrante.com\/revista\/wp-content\/uploads\/2024\/10\/rendimiento-1024x613.webp\" class=\"attachment-large size-large wp-image-10454\" alt=\"Mindfulness y meditaci\u00f3n para migrantes en ambientes laborales, promoviendo bienestar y equilibrio emocional.\" srcset=\"https:\/\/soymigrante.com\/revista\/wp-content\/uploads\/2024\/10\/rendimiento-1024x613.webp 1024w, https:\/\/soymigrante.com\/revista\/wp-content\/uploads\/2024\/10\/rendimiento-300x179.webp 300w, https:\/\/soymigrante.com\/revista\/wp-content\/uploads\/2024\/10\/rendimiento-768x459.webp 768w, https:\/\/soymigrante.com\/revista\/wp-content\/uploads\/2024\/10\/rendimiento-scaled.webp 1920w\" sizes=\"(max-width: 768px) 100vw, 768px\" title=\"Woman practicing meditation at home \u2013 SoyMigrante.com REVISTA\" \/>\t\t\t\t\t\t\t\t\t\t\t<figcaption class=\"widget-image-caption wp-caption-text\">Practica de meditaci\u00f3n en oficina para migrantes enfocados en salud mental y bienestar laboral.<\/figcaption>\n\t\t\t\t\t\t\t\t\t\t<\/figure>\n\t\t\t\t\t\t\t\t\t<\/div>\n\t\t\t\t\t<\/div>\n\t\t\t\t<\/div>\n\t\t<div data-particle_enable=\"false\" data-particle-mobile-disabled=\"false\" class=\"elementor-element elementor-element-5ff6f6c e-flex e-con-boxed e-con e-parent\" data-id=\"5ff6f6c\" data-element_type=\"container\" data-e-type=\"container\">\n\t\t\t\t\t<div class=\"e-con-inner\">\n\t\t\t\t<div class=\"elementor-element elementor-element-b87d821 elementor-flip-box--effect-flip elementor-flip-box--direction-up elementor-widget elementor-widget-flip-box\" data-id=\"b87d821\" data-element_type=\"widget\" data-e-type=\"widget\" data-widget_type=\"flip-box.default\">\n\t\t\t\t\t\t\t<div class=\"elementor-flip-box\" tabindex=\"0\">\n\t\t\t<div class=\"elementor-flip-box__layer elementor-flip-box__front\">\n\t\t\t\t<div class=\"elementor-flip-box__layer__overlay\">\n\t\t\t\t\t<div class=\"elementor-flip-box__layer__inner\">\n\t\t\t\t\t\t\t\t\t\t\t\t\t<div class=\"elementor-icon-wrapper elementor-view-default\">\n\t\t\t\t\t\t\t\t<div class=\"elementor-icon\">\n\t\t\t\t\t\t\t\t\t<i aria-hidden=\"true\" class=\"fas fa-star\"><\/i>\t\t\t\t\t\t\t\t<\/div>\n\t\t\t\t\t\t\t<\/div>\n\t\t\t\t\t\t\n\t\t\t\t\t\t\t\t\t\t\t\t\t<h3 class=\"elementor-flip-box__layer__title\">\n\t\t\t\t\t\t\t\t1. Prep\u00e1rate f\u00edsica y mentalmente:\t\t\t\t\t\t\t<\/h3>\n\t\t\t\t\t\t\n\t\t\t\t\t\t\t\t\t\t\t\t\t<div class=\"elementor-flip-box__layer__description\">\n\t\t\t\t\t\t\t\t\nCalentamiento F\u00edsico: Antes de comenzar una actividad f\u00edsica, realiza un calentamiento adecuado. Esto no solo prepara los m\u00fasculos, sino que tambi\u00e9n sintoniza tu mente con la tarea que realizar\u00e1s.\n\nRespiraci\u00f3n Consciente: La respiraci\u00f3n profunda y controlada ayuda a reducir la ansiedad y a mantener la concentraci\u00f3n. Inhala profundamente por la nariz, llena tus pulmones y exhala lentamente, enfoc\u00e1ndote en el flujo de aire. Esto te ayuda a centrarte antes de empezar la tarea.\n\u2022\tEstiramientos y Relajaci\u00f3n: Realizar estiramientos breves ayuda a liberar la tensi\u00f3n acumulada en el cuerpo, mejorando el rango de movimiento y la precisi\u00f3n.\n\t\t\t\t\t\t\t<\/div>\n\t\t\t\t\t\t\t\t\t\t\t<\/div>\n\t\t\t\t<\/div>\n\t\t\t<\/div>\n\t\t\t<div class=\"elementor-flip-box__layer elementor-flip-box__back\">\n\t\t\t<div class=\"elementor-flip-box__layer__overlay\">\n\t\t\t\t<div class=\"elementor-flip-box__layer__inner\">\n\t\t\t\t\t\t\t\t\t\t\t<h3 class=\"elementor-flip-box__layer__title\">\n\t\t\t\t\t\t\t2. Atenci\u00f3n Plena:\t\t\t\t\t\t<\/h3>\n\t\t\t\t\t\n\t\t\t\t\t\t\t\t\t\t\t<div class=\"elementor-flip-box__layer__description\">\n\t\t\t\t\t\t\t\u2022\tConc\u00e9ntrate en el ahora: Practicar la atenci\u00f3n plena (mindfulness) te ayuda a mantener tu mente en la tarea actual, en lugar de preocuparte por el pasado o el futuro. Pon toda tu atenci\u00f3n en lo que est\u00e1s haciendo, ya sea el movimiento de tus manos, la sensaci\u00f3n de tus m\u00fasculos, o la herramienta que est\u00e1s usando.\n\u2022\tPr\u00e1cticas de meditaci\u00f3n breve: Realiza pausas de 2 a 5 minutos para practicar una breve meditaci\u00f3n. Cierra los ojos, respira lentamente y enf\u00f3cate en la sensaci\u00f3n de estar presente. Esto ayuda a despejar la mente y mejorar el enfoque.\n\u2022\tVisualizaci\u00f3n de la tarea: Antes de comenzar, visualiza los pasos que vas a realizar y el resultado deseado. Esto ayuda a tu mente a anticipar y ejecutar mejor los movimientos.\n\t\t\t\t\t\t<\/div>\n\t\t\t\t\t\n\t\t\t\t\t\t\t\t<\/div>\n\t\t<\/div>\n\t\t<\/div>\n\t\t<\/div>\n\t\t\t\t\t\t<\/div>\n\t\t\t\t<div class=\"elementor-element elementor-element-60c0ba1 elementor-flip-box--effect-flip elementor-flip-box--direction-up elementor-widget elementor-widget-flip-box\" data-id=\"60c0ba1\" data-element_type=\"widget\" data-e-type=\"widget\" data-widget_type=\"flip-box.default\">\n\t\t\t\t\t\t\t<div class=\"elementor-flip-box\" tabindex=\"0\">\n\t\t\t<div class=\"elementor-flip-box__layer elementor-flip-box__front\">\n\t\t\t\t<div class=\"elementor-flip-box__layer__overlay\">\n\t\t\t\t\t<div class=\"elementor-flip-box__layer__inner\">\n\t\t\t\t\t\t\t\t\t\t\t\t\t<div class=\"elementor-icon-wrapper elementor-view-default\">\n\t\t\t\t\t\t\t\t<div class=\"elementor-icon\">\n\t\t\t\t\t\t\t\t\t<i aria-hidden=\"true\" class=\"fas fa-star\"><\/i>\t\t\t\t\t\t\t\t<\/div>\n\t\t\t\t\t\t\t<\/div>\n\t\t\t\t\t\t\n\t\t\t\t\t\t\t\t\t\t\t\t\t<h3 class=\"elementor-flip-box__layer__title\">\n\t\t\t\t\t\t\t\t3. Establece rutinas:\t\t\t\t\t\t\t<\/h3>\n\t\t\t\t\t\t\n\t\t\t\t\t\t\t\t\t\t\t\t\t<div class=\"elementor-flip-box__layer__description\">\n\t\t\t\t\t\t\t\t\u2022\tCrea una rutina consistente: Tener una serie de pasos que realizas antes de comenzar la tarea (por ejemplo, revisar tus herramientas, ajustar tu postura, respirar profundamente) puede ayudarte a entrar en \"modo de trabajo\".\n\u2022\tMini-rituales de enfoque: Hacer algo peque\u00f1o antes de empezar, como estirar los dedos, golpear las palmas suavemente o contar hasta 5, puede ser una se\u00f1al mental para que tu mente se prepare para la concentraci\u00f3n.\n\t\t\t\t\t\t\t<\/div>\n\t\t\t\t\t\t\t\t\t\t\t<\/div>\n\t\t\t\t<\/div>\n\t\t\t<\/div>\n\t\t\t<div class=\"elementor-flip-box__layer elementor-flip-box__back\">\n\t\t\t<div class=\"elementor-flip-box__layer__overlay\">\n\t\t\t\t<div class=\"elementor-flip-box__layer__inner\">\n\t\t\t\t\t\t\t\t\t\t\t<h3 class=\"elementor-flip-box__layer__title\">\n\t\t\t\t\t\t\t4. Gestiona el entorno y distracciones:\t\t\t\t\t\t<\/h3>\n\t\t\t\t\t\n\t\t\t\t\t\t\t\t\t\t\t<div class=\"elementor-flip-box__layer__description\">\n\t\t\t\t\t\t\t\u2022\tElimina distracciones externas: Mant\u00e9n tu espacio de trabajo limpio y libre de elementos que no necesites para la tarea. Un entorno ordenado contribuye a una mente m\u00e1s despejada.\n\u2022\tUsa herramientas auditivas: Algunas personas encuentran \u00fatil escuchar m\u00fasica instrumental, sonidos de la naturaleza, o ruido blanco para bloquear distracciones. Elige lo que te mantenga en tu \"zona\".\n\u2022\tToma Breves Pausas: Si la tarea es extensa, permite a tu mente y cuerpo recuperarse con descansos cortos. Esto evita la fatiga mental y f\u00edsica, y te permite volver a la tarea con energ\u00eda renovada.\n\t\t\t\t\t\t<\/div>\n\t\t\t\t\t\n\t\t\t\t\t\t\t\t<\/div>\n\t\t<\/div>\n\t\t<\/div>\n\t\t<\/div>\n\t\t\t\t\t\t<\/div>\n\t\t\t\t\t<\/div>\n\t\t\t\t<\/div>\n\t\t<div data-particle_enable=\"false\" data-particle-mobile-disabled=\"false\" class=\"elementor-element elementor-element-79d08ca e-flex e-con-boxed e-con e-parent\" data-id=\"79d08ca\" data-element_type=\"container\" data-e-type=\"container\">\n\t\t\t\t\t<div class=\"e-con-inner\">\n\t\t\t\t<div class=\"elementor-element elementor-element-94dba7f elementor-flip-box--effect-flip elementor-flip-box--direction-up elementor-widget elementor-widget-flip-box\" data-id=\"94dba7f\" data-element_type=\"widget\" data-e-type=\"widget\" data-widget_type=\"flip-box.default\">\n\t\t\t\t\t\t\t<div class=\"elementor-flip-box\" tabindex=\"0\">\n\t\t\t<div class=\"elementor-flip-box__layer elementor-flip-box__front\">\n\t\t\t\t<div class=\"elementor-flip-box__layer__overlay\">\n\t\t\t\t\t<div class=\"elementor-flip-box__layer__inner\">\n\t\t\t\t\t\t\t\t\t\t\t\t\t<div class=\"elementor-icon-wrapper elementor-view-default\">\n\t\t\t\t\t\t\t\t<div class=\"elementor-icon\">\n\t\t\t\t\t\t\t\t\t<i aria-hidden=\"true\" class=\"fas fa-star\"><\/i>\t\t\t\t\t\t\t\t<\/div>\n\t\t\t\t\t\t\t<\/div>\n\t\t\t\t\t\t\n\t\t\t\t\t\t\t\t\t\t\t\t\t<h3 class=\"elementor-flip-box__layer__title\">\n\t\t\t\t\t\t\t\t5. Conciencia corporal:\t\t\t\t\t\t\t<\/h3>\n\t\t\t\t\t\t\n\t\t\t\t\t\t\t\t\t\t\t\t\t<div class=\"elementor-flip-box__layer__description\">\n\t\t\t\t\t\t\t\t\u2022\tMant\u00e9n una buena postura: Alinear bien tu cuerpo ayuda a prevenir tensiones y a mejorar la coordinaci\u00f3n. Mant\u00e9n una postura correcta, ya que la forma en que colocas tu cuerpo afecta c\u00f3mo te sientes y tu capacidad de concentraci\u00f3n.\n\u2022\tEscucha a tu cuerpo: Presta atenci\u00f3n a se\u00f1ales de fatiga o incomodidad. Si sientes tensi\u00f3n o molestias, ajusta tu postura o realiza un breve estiramiento antes de continuar.\n\u2022\tMueve el cuerpo para mantener la energ\u00eda: Si sientes que tu energ\u00eda baja, hacer algunos movimientos f\u00edsicos como caminar un par de minutos puede ayudarte a reactivar tu mente y mejorar la circulaci\u00f3n.\n\t\t\t\t\t\t\t<\/div>\n\t\t\t\t\t\t\t\t\t\t\t<\/div>\n\t\t\t\t<\/div>\n\t\t\t<\/div>\n\t\t\t<div class=\"elementor-flip-box__layer elementor-flip-box__back\">\n\t\t\t<div class=\"elementor-flip-box__layer__overlay\">\n\t\t\t\t<div class=\"elementor-flip-box__layer__inner\">\n\t\t\t\t\t\t\t\t\t\t\t<h3 class=\"elementor-flip-box__layer__title\">\n\t\t\t\t\t\t\t6. Establece intenciones claras:\t\t\t\t\t\t<\/h3>\n\t\t\t\t\t\n\t\t\t\t\t\t\t\t\t\t\t<div class=\"elementor-flip-box__layer__description\">\n\t\t\t\t\t\t\t\u2022\tDefine un objetivo espec\u00edfico para cada sesi\u00f3n: Antes de comenzar, define cu\u00e1l es tu objetivo espec\u00edfico. Esto te ayuda a enfocarte en lo que quieres lograr y a mantenerte en el presente.\n\u2022\tDivide la tarea en pasos: Si la actividad es compleja, div\u00eddela en peque\u00f1as tareas manejables. Conc\u00e9ntrate en completar un paso a la vez antes de pasar al siguiente.\n\u2022\tUsa afirmaciones positivas: Repite frases cortas como \"Estoy enfocado y presente\" o \"Estoy en control de mi cuerpo y mente\". Esto puede ayudarte a alinear tus pensamientos con tus acciones.\n\t\t\t\t\t\t<\/div>\n\t\t\t\t\t\n\t\t\t\t\t\t\t\t<\/div>\n\t\t<\/div>\n\t\t<\/div>\n\t\t<\/div>\n\t\t\t\t\t\t<\/div>\n\t\t\t\t\t<\/div>\n\t\t\t\t<\/div>\n\t\t<div data-particle_enable=\"false\" data-particle-mobile-disabled=\"false\" class=\"elementor-element elementor-element-6618e37 e-flex e-con-boxed e-con e-parent\" data-id=\"6618e37\" data-element_type=\"container\" data-e-type=\"container\">\n\t\t\t\t\t<div class=\"e-con-inner\">\n\t\t\t\t<div class=\"elementor-element elementor-element-1328f09 elementor-widget elementor-widget-image\" data-id=\"1328f09\" data-element_type=\"widget\" data-e-type=\"widget\" data-widget_type=\"image.default\">\n\t\t\t\t\t\t\t\t\t\t\t\t<figure class=\"wp-caption\">\n\t\t\t\t\t\t\t\t\t\t<img decoding=\"async\" width=\"768\" height=\"512\" src=\"https:\/\/soymigrante.com\/revista\/wp-content\/uploads\/2024\/10\/rendimiento2-1024x683.webp\" class=\"attachment-large size-large wp-image-10455\" alt=\"An\u00e1lisis de datos, gr\u00e1ficos y laptop en un entorno de trabajo para publicaciones relacionadas con migrantes y desaf\u00edos laborales.\" srcset=\"https:\/\/soymigrante.com\/revista\/wp-content\/uploads\/2024\/10\/rendimiento2-1024x683.webp 1024w, https:\/\/soymigrante.com\/revista\/wp-content\/uploads\/2024\/10\/rendimiento2-300x200.webp 300w, https:\/\/soymigrante.com\/revista\/wp-content\/uploads\/2024\/10\/rendimiento2-768x512.webp 768w, https:\/\/soymigrante.com\/revista\/wp-content\/uploads\/2024\/10\/rendimiento2-1536x1024.webp 1536w, https:\/\/soymigrante.com\/revista\/wp-content\/uploads\/2024\/10\/rendimiento2-scaled.webp 1920w, https:\/\/soymigrante.com\/revista\/wp-content\/uploads\/2024\/10\/rendimiento2-750x500.webp 750w, https:\/\/soymigrante.com\/revista\/wp-content\/uploads\/2024\/10\/rendimiento2-1140x760.webp 1140w\" sizes=\"(max-width: 768px) 100vw, 768px\" title=\"rendimiento2 \u2013 SoyMigrante.com REVISTA\" \/>\t\t\t\t\t\t\t\t\t\t\t<figcaption class=\"widget-image-caption wp-caption-text\">Documentaci\u00f3n y an\u00e1lisis visual de estad\u00edsticas migratorias y temas de inter\u00e9s para la comunidad migrante.<\/figcaption>\n\t\t\t\t\t\t\t\t\t\t<\/figure>\n\t\t\t\t\t\t\t\t\t<\/div>\n\t\t\t\t\t<\/div>\n\t\t\t\t<\/div>\n\t\t<div data-particle_enable=\"false\" data-particle-mobile-disabled=\"false\" class=\"elementor-element elementor-element-ae75882 e-flex e-con-boxed e-con e-parent\" data-id=\"ae75882\" data-element_type=\"container\" data-e-type=\"container\">\n\t\t\t\t\t<div class=\"e-con-inner\">\n\t\t\t\t<div class=\"elementor-element elementor-element-6f6ad53 elementor-flip-box--effect-flip elementor-flip-box--direction-up elementor-widget elementor-widget-flip-box\" data-id=\"6f6ad53\" data-element_type=\"widget\" data-e-type=\"widget\" data-widget_type=\"flip-box.default\">\n\t\t\t\t\t\t\t<div class=\"elementor-flip-box\" tabindex=\"0\">\n\t\t\t<div class=\"elementor-flip-box__layer elementor-flip-box__front\">\n\t\t\t\t<div class=\"elementor-flip-box__layer__overlay\">\n\t\t\t\t\t<div class=\"elementor-flip-box__layer__inner\">\n\t\t\t\t\t\t\t\t\t\t\t\t\t<div class=\"elementor-icon-wrapper elementor-view-default\">\n\t\t\t\t\t\t\t\t<div class=\"elementor-icon\">\n\t\t\t\t\t\t\t\t\t<i aria-hidden=\"true\" class=\"fas fa-star\"><\/i>\t\t\t\t\t\t\t\t<\/div>\n\t\t\t\t\t\t\t<\/div>\n\t\t\t\t\t\t\n\t\t\t\t\t\t\t\t\t\t\t\t\t<h3 class=\"elementor-flip-box__layer__title\">\n\t\t\t\t\t\t\t\t7. Revisi\u00f3n de progreso y ajustes:\t\t\t\t\t\t\t<\/h3>\n\t\t\t\t\t\t\n\t\t\t\t\t\t\t\t\t\t\t\t\t<div class=\"elementor-flip-box__layer__description\">\n\t\t\t\t\t\t\t\t\u2022\tReflexiona sobre el proceso: Despu\u00e9s de realizar la tarea, reflexiona sobre qu\u00e9 funcion\u00f3 bien y qu\u00e9 podr\u00edas mejorar. Esto te ayuda a ajustar tu enfoque y a aprender a estar m\u00e1s presente la pr\u00f3xima vez.\n\u2022\tAutocompasi\u00f3n: Si cometes un error, no te juzgues duramente. Recon\u00f3celo, aprende de \u00e9l y vuelve a centrarte en el presente. Esto reduce la ansiedad y mejora tu rendimiento a largo plazo.\n\t\t\t\t\t\t\t<\/div>\n\t\t\t\t\t\t\t\t\t\t\t<\/div>\n\t\t\t\t<\/div>\n\t\t\t<\/div>\n\t\t\t<div class=\"elementor-flip-box__layer elementor-flip-box__back\">\n\t\t\t<div class=\"elementor-flip-box__layer__overlay\">\n\t\t\t\t<div class=\"elementor-flip-box__layer__inner\">\n\t\t\t\t\t\n\t\t\t\t\t\n\t\t\t\t\t\t\t\t<\/div>\n\t\t<\/div>\n\t\t<\/div>\n\t\t<\/div>\n\t\t\t\t\t\t<\/div>\n\t\t\t\t\t<\/div>\n\t\t\t\t<\/div>\n\t\t<div data-particle_enable=\"false\" data-particle-mobile-disabled=\"false\" class=\"elementor-element elementor-element-e251daf e-flex e-con-boxed e-con e-parent\" data-id=\"e251daf\" data-element_type=\"container\" data-e-type=\"container\">\n\t\t\t\t\t<div class=\"e-con-inner\">\n\t\t\t\t<div class=\"elementor-element elementor-element-3470b4c elementor-widget elementor-widget-heading\" data-id=\"3470b4c\" data-element_type=\"widget\" data-e-type=\"widget\" data-widget_type=\"heading.default\">\n\t\t\t\t\t<h3 class=\"elementor-heading-title elementor-size-default\">Cuida tu salud, cuida tu cuerpo<\/h3>\t\t\t\t<\/div>\n\t\t\t\t\t<\/div>\n\t\t\t\t<\/div>\n\t\t<div data-particle_enable=\"false\" data-particle-mobile-disabled=\"false\" class=\"elementor-element elementor-element-23447e3 e-flex e-con-boxed e-con e-parent\" data-id=\"23447e3\" data-element_type=\"container\" data-e-type=\"container\">\n\t\t\t\t\t<div class=\"e-con-inner\">\n\t\t\t\t<div class=\"elementor-element elementor-element-a647111 elementor-grid-eael-col-3 elementor-grid-tablet-eael-col-2 elementor-grid-mobile-eael-col-1 elementor-widget elementor-widget-eael-post-grid\" data-id=\"a647111\" data-element_type=\"widget\" data-e-type=\"widget\" data-settings=\"{&quot;eael_post_grid_columns&quot;:&quot;eael-col-3&quot;,&quot;eael_post_grid_columns_tablet&quot;:&quot;eael-col-2&quot;,&quot;eael_post_grid_columns_mobile&quot;:&quot;eael-col-1&quot;}\" data-widget_type=\"eael-post-grid.default\">\n\t\t\t\t\t<div id=\"eael-post-grid-a647111\" class=\"eael-post-grid-container\">\n            <div class=\"eael-post-grid eael-post-appender eael-post-appender-a647111 eael-post-grid-style-one\" data-layout-mode=\"masonry\"><article class=\"eael-grid-post  eael-post-grid-column eael-pg-post-10283 category-bienestar\" data-id=\"10283\">\n        <div class=\"eael-grid-post-holder\">\n            <div class=\"eael-grid-post-holder-inner\"><div class=\"eael-entry-media\"><div class=\"eael-entry-overlay fade-in\"><i class=\"far fa-hand-pointer\" aria-hidden=\"true\"><\/i><a href=\"https:\/\/soymigrante.com\/revista\/cuida-tu-nutricion-al-evitar-o-reducir-el-consumo-de-estos-7-alimentos-ultraprocesados\/\"><\/a><\/div><div class=\"eael-entry-thumbnail \">\n                <img decoding=\"async\" width=\"443\" height=\"440\" src=\"https:\/\/soymigrante.com\/revista\/wp-content\/uploads\/2024\/10\/alimentos-ultra-procesados-2-e1728916546558.webp\" class=\"attachment-large size-large wp-image-10324\" alt=\"Comida r\u00e1pida y snacks de juguete con tem\u00e1tica de alimentos, sushi, hot dog, pizza, hamburguesa, y m\u00e1s, ilustraci\u00f3n de alimentos en miniatura.\" srcset=\"https:\/\/soymigrante.com\/revista\/wp-content\/uploads\/2024\/10\/alimentos-ultra-procesados-2-e1728916546558.webp 443w, https:\/\/soymigrante.com\/revista\/wp-content\/uploads\/2024\/10\/alimentos-ultra-procesados-2-e1728916546558-300x298.webp 300w, https:\/\/soymigrante.com\/revista\/wp-content\/uploads\/2024\/10\/alimentos-ultra-procesados-2-e1728916546558-150x150.webp 150w, https:\/\/soymigrante.com\/revista\/wp-content\/uploads\/2024\/10\/alimentos-ultra-procesados-2-e1728916546558-75x75.webp 75w\" sizes=\"(max-width: 443px) 100vw, 443px\" \/>\n            <\/div>\n        <\/div><div class=\"eael-entry-wrapper\"><header class=\"eael-entry-header\"><h2 class=\"eael-entry-title\"><a class=\"eael-grid-post-link\" href=\"https:\/\/soymigrante.com\/revista\/cuida-tu-nutricion-al-evitar-o-reducir-el-consumo-de-estos-7-alimentos-ultraprocesados\/\" title=\"Cuida tu nutrici\u00f3n al reducir el consumo de 7 alimentos ultraprocesados\">Cuida tu nutrici\u00f3n al reducir el consumo de 7 alimentos ultraprocesados<\/a><\/h2><\/header><div class=\"eael-entry-content\">\n                        <div class=\"eael-grid-post-excerpt\"><a href=\"https:\/\/soymigrante.com\/revista\/cuida-tu-nutricion-al-evitar-o-reducir-el-consumo-de-estos-7-alimentos-ultraprocesados\/\" class=\"eael-post-elements-readmore-btn\">CONOCE SU HISTORIA <\/a><\/div>\n                    <\/div><\/div><\/div>\n        <\/div>\n    <\/article><article class=\"eael-grid-post  eael-post-grid-column eael-pg-post-9797 category-bienestar\" data-id=\"9797\">\n        <div class=\"eael-grid-post-holder\">\n            <div class=\"eael-grid-post-holder-inner\"><div class=\"eael-entry-media\"><div class=\"eael-entry-overlay fade-in\"><i class=\"far fa-hand-pointer\" aria-hidden=\"true\"><\/i><a href=\"https:\/\/soymigrante.com\/revista\/aprende-a-manejar-el-distres-por-la-diabetes-con-estos-10-consejos\/\"><\/a><\/div><div class=\"eael-entry-thumbnail \">\n                <img loading=\"lazy\" decoding=\"async\" width=\"816\" height=\"816\" src=\"https:\/\/soymigrante.com\/revista\/wp-content\/uploads\/2024\/09\/prevenir-diabetes-ejercicio.webp\" class=\"attachment-large size-large wp-image-9844\" alt=\"Ejercicio de estiramiento en exterior para promover salud y bienestar.\" srcset=\"https:\/\/soymigrante.com\/revista\/wp-content\/uploads\/2024\/09\/prevenir-diabetes-ejercicio.webp 816w, https:\/\/soymigrante.com\/revista\/wp-content\/uploads\/2024\/09\/prevenir-diabetes-ejercicio-300x300.webp 300w, https:\/\/soymigrante.com\/revista\/wp-content\/uploads\/2024\/09\/prevenir-diabetes-ejercicio-150x150.webp 150w, https:\/\/soymigrante.com\/revista\/wp-content\/uploads\/2024\/09\/prevenir-diabetes-ejercicio-768x768.webp 768w, https:\/\/soymigrante.com\/revista\/wp-content\/uploads\/2024\/09\/prevenir-diabetes-ejercicio-75x75.webp 75w, https:\/\/soymigrante.com\/revista\/wp-content\/uploads\/2024\/09\/prevenir-diabetes-ejercicio-750x750.webp 750w\" sizes=\"(max-width: 816px) 100vw, 816px\" \/>\n            <\/div>\n        <\/div><div class=\"eael-entry-wrapper\"><header class=\"eael-entry-header\"><h2 class=\"eael-entry-title\"><a class=\"eael-grid-post-link\" href=\"https:\/\/soymigrante.com\/revista\/aprende-a-manejar-el-distres-por-la-diabetes-con-estos-10-consejos\/\" title=\"Aprende a manejar el distr\u00e9s por la diabetes con estos 10 consejos\">Aprende a manejar el distr\u00e9s por la diabetes con estos 10 consejos<\/a><\/h2><\/header><div class=\"eael-entry-content\">\n                        <div class=\"eael-grid-post-excerpt\"><a href=\"https:\/\/soymigrante.com\/revista\/aprende-a-manejar-el-distres-por-la-diabetes-con-estos-10-consejos\/\" class=\"eael-post-elements-readmore-btn\">CONOCE SU HISTORIA <\/a><\/div>\n                    <\/div><\/div><\/div>\n        <\/div>\n    <\/article><article class=\"eael-grid-post  eael-post-grid-column eael-pg-post-7915 category-bienestar\" data-id=\"7915\">\n        <div class=\"eael-grid-post-holder\">\n            <div class=\"eael-grid-post-holder-inner\"><div class=\"eael-entry-media\"><div class=\"eael-entry-overlay fade-in\"><i class=\"far fa-hand-pointer\" aria-hidden=\"true\"><\/i><a href=\"https:\/\/soymigrante.com\/revista\/no-todos-pensamos-en-una-refaccion-saludable-pero-debemos\/\"><\/a><\/div><div class=\"eael-entry-thumbnail \">\n                <img loading=\"lazy\" decoding=\"async\" width=\"487\" height=\"486\" src=\"https:\/\/soymigrante.com\/revista\/wp-content\/uploads\/2024\/08\/refaccion-saludable-en-el-trabajo-soy-migrante4-e1723753062880.webp\" class=\"attachment-large size-large wp-image-7960\" alt=\"Fruta fresca en un frasco de vidrio con yogurt y cereales, s\u00edmbolo de salud y bienestar, en un entorno minimalista.\" srcset=\"https:\/\/soymigrante.com\/revista\/wp-content\/uploads\/2024\/08\/refaccion-saludable-en-el-trabajo-soy-migrante4-e1723753062880.webp 487w, https:\/\/soymigrante.com\/revista\/wp-content\/uploads\/2024\/08\/refaccion-saludable-en-el-trabajo-soy-migrante4-e1723753062880-300x300.webp 300w, https:\/\/soymigrante.com\/revista\/wp-content\/uploads\/2024\/08\/refaccion-saludable-en-el-trabajo-soy-migrante4-e1723753062880-150x150.webp 150w, https:\/\/soymigrante.com\/revista\/wp-content\/uploads\/2024\/08\/refaccion-saludable-en-el-trabajo-soy-migrante4-e1723753062880-75x75.webp 75w\" sizes=\"(max-width: 487px) 100vw, 487px\" \/>\n            <\/div>\n        <\/div><div class=\"eael-entry-wrapper\"><header class=\"eael-entry-header\"><h2 class=\"eael-entry-title\"><a class=\"eael-grid-post-link\" href=\"https:\/\/soymigrante.com\/revista\/no-todos-pensamos-en-una-refaccion-saludable-pero-debemos\/\" title=\"No todos pensamos en una refacci\u00f3n saludable, pero debemos\">No todos pensamos en una refacci\u00f3n saludable, pero debemos<\/a><\/h2><\/header><div class=\"eael-entry-content\">\n                        <div class=\"eael-grid-post-excerpt\"><a href=\"https:\/\/soymigrante.com\/revista\/no-todos-pensamos-en-una-refaccion-saludable-pero-debemos\/\" class=\"eael-post-elements-readmore-btn\">CONOCE SU HISTORIA <\/a><\/div>\n                    <\/div><\/div><\/div>\n        <\/div>\n    <\/article><\/div>\n            <div class=\"clearfix\"><\/div>\n        <\/div>\t\t\t\t<\/div>\n\t\t\t\t\t<\/div>\n\t\t\t\t<\/div>\n\t\t\t\t<\/div>\n\t\t","protected":false},"excerpt":{"rendered":"<p>La clave para estar presente es entrenar la mente y el cuerpo para que trabajen en armon\u00eda, eliminando el ruido mental y conect\u00e1ndote con la tarea que tienes delante. Con la pr\u00e1ctica constante de estos siete consejos que te compartimos, mejorar\u00e1s tu capacidad de mantenerte enfocado y de&nbsp;lograr mejores resultados&nbsp;en actividades que demandan precisi\u00f3n. Mantener [&hellip;]<\/p>\n","protected":false},"author":23,"featured_media":10457,"comment_status":"open","ping_status":"open","sticky":false,"template":"","format":"standard","meta":{"_acf_changed":false,"_eb_attr":"","footnotes":""},"categories":[55],"tags":[],"class_list":["post-10453","post","type-post","status-publish","format-standard","has-post-thumbnail","hentry","category-bienestar"],"acf":[],"aioseo_notices":[],"aioseo_head":"\n\t\t<!-- All in One SEO Pro 4.9.6.2 - aioseo.com -->\n\t<meta name=\"description\" content=\"En este art\u00edculo te recomendamos varios tips para que a la hora de tu refacci\u00f3n aproveches mejor los nutrientes para desempe\u00f1ar mejor tus labores, con salud.\" \/>\n\t<meta name=\"robots\" content=\"max-snippet:-1, max-image-preview:large, max-video-preview:-1\" \/>\n\t<meta name=\"author\" content=\"Beatriz Tercero\"\/>\n\t<link rel=\"canonical\" href=\"https:\/\/soymigrante.com\/revista\/no-todos-pensamos-en-una-refaccion-saludable-pero-debemos\/\" \/>\n\t<meta name=\"generator\" content=\"All in One SEO Pro (AIOSEO) 4.9.6.2\" \/>\n\n\t\t<link rel=\"preconnect\" href=\"https:\/\/fonts.googleapis.com\" crossorigin>\n<link rel=\"preconnect\" href=\"https:\/\/fonts.gstatic.com\" crossorigin>\n\t\t<meta property=\"og:locale\" content=\"es_ES\" \/>\n\t\t<meta property=\"og:site_name\" content=\"SoyMigrante.com REVISTA \u2013 Nuestra misi\u00f3n es reconocer y dignificar al migrante.\" \/>\n\t\t<meta property=\"og:type\" content=\"article\" \/>\n\t\t<meta property=\"og:title\" content=\"Consejos para una refacci\u00f3n saludable en tu horario laboral\" \/>\n\t\t<meta property=\"og:description\" content=\"En este art\u00edculo te recomendamos varios tips para que a la hora de tu refacci\u00f3n aproveches mejor los nutrientes para desempe\u00f1ar mejor tus labores, con salud.\" \/>\n\t\t<meta property=\"og:url\" content=\"https:\/\/soymigrante.com\/revista\/no-todos-pensamos-en-una-refaccion-saludable-pero-debemos\/\" \/>\n\t\t<meta property=\"og:image\" content=\"https:\/\/soymigrante.com\/revista\/wp-content\/uploads\/2024\/08\/refaccion-saludable-en-el-trabajo-soy-migrante4-e1723753062880.webp\" \/>\n\t\t<meta property=\"og:image:secure_url\" content=\"https:\/\/soymigrante.com\/revista\/wp-content\/uploads\/2024\/08\/refaccion-saludable-en-el-trabajo-soy-migrante4-e1723753062880.webp\" \/>\n\t\t<meta property=\"og:image:width\" content=\"487\" \/>\n\t\t<meta property=\"og:image:height\" content=\"486\" \/>\n\t\t<meta property=\"article:published_time\" content=\"2024-08-12T16:24:17+00:00\" \/>\n\t\t<meta property=\"article:modified_time\" content=\"2024-08-15T20:18:48+00:00\" \/>\n\t\t<meta property=\"article:publisher\" content=\"https:\/\/www.facebook.com\/soymigrantecom\" \/>\n\t\t<meta name=\"twitter:card\" content=\"summary_large_image\" \/>\n\t\t<meta name=\"twitter:site\" content=\"@SoyMigrante_com\" \/>\n\t\t<meta name=\"twitter:title\" content=\"Consejos para una refacci\u00f3n saludable en tu horario laboral\" \/>\n\t\t<meta name=\"twitter:description\" content=\"En este art\u00edculo te recomendamos varios tips para que a la hora de tu refacci\u00f3n aproveches mejor los nutrientes para desempe\u00f1ar mejor tus labores, con salud.\" \/>\n\t\t<meta name=\"twitter:creator\" content=\"@SoyMigrante_com\" \/>\n\t\t<meta name=\"twitter:image\" content=\"https:\/\/soymigrante.com\/revista\/wp-content\/uploads\/2024\/08\/refaccion-saludable-en-el-trabajo-soy-migrante4-e1723753062880.webp\" \/>\n\t\t<!-- All in One SEO Pro -->\r\n\t\t<title>Consejos para una refacci\u00f3n saludable en tu horario laboral<\/title>\n\n","aioseo_head_json":{"title":"Consejos para una refacci\u00f3n saludable en tu horario laboral","description":"En este art\u00edculo te recomendamos varios tips para que a la hora de tu refacci\u00f3n aproveches mejor los nutrientes para desempe\u00f1ar mejor tus labores, con salud.","canonical_url":"https:\/\/soymigrante.com\/revista\/no-todos-pensamos-en-una-refaccion-saludable-pero-debemos\/","robots":"max-snippet:-1, max-image-preview:large, max-video-preview:-1","keywords":"","webmasterTools":{"miscellaneous":"&lt;link rel=\"preconnect\" href=\"https:\/\/fonts.googleapis.com\" crossorigin&gt;\n&lt;link rel=\"preconnect\" href=\"https:\/\/fonts.gstatic.com\" crossorigin&gt;"},"schema":null,"og:locale":"es_ES","og:site_name":"SoyMigrante.com REVISTA \u2013 Nuestra misi\u00f3n es reconocer y dignificar al migrante.","og:type":"article","og:title":"Consejos para una refacci\u00f3n saludable en tu horario laboral","og:description":"En este art\u00edculo te recomendamos varios tips para que a la hora de tu refacci\u00f3n aproveches mejor los nutrientes para desempe\u00f1ar mejor tus labores, con salud.","og:url":"https:\/\/soymigrante.com\/revista\/no-todos-pensamos-en-una-refaccion-saludable-pero-debemos\/","og:image":"https:\/\/soymigrante.com\/revista\/wp-content\/uploads\/2024\/08\/refaccion-saludable-en-el-trabajo-soy-migrante4-e1723753062880.webp","og:image:secure_url":"https:\/\/soymigrante.com\/revista\/wp-content\/uploads\/2024\/08\/refaccion-saludable-en-el-trabajo-soy-migrante4-e1723753062880.webp","og:image:width":487,"og:image:height":486,"article:published_time":"2024-08-12T16:24:17+00:00","article:modified_time":"2024-08-15T20:18:48+00:00","article:publisher":"https:\/\/www.facebook.com\/soymigrantecom","twitter:card":"summary_large_image","twitter:site":"@SoyMigrante_com","twitter:title":"Consejos para una refacci\u00f3n saludable en tu horario laboral","twitter:description":"En este art\u00edculo te recomendamos varios tips para que a la hora de tu refacci\u00f3n aproveches mejor los nutrientes para desempe\u00f1ar mejor tus labores, con salud.","twitter:creator":"@SoyMigrante_com","twitter:image":"https:\/\/soymigrante.com\/revista\/wp-content\/uploads\/2024\/08\/refaccion-saludable-en-el-trabajo-soy-migrante4-e1723753062880.webp"},"aioseo_meta_data":{"post_id":"10453","title":"Siete claves para lograr enfocar la atenci\u00f3n en objetivos","description":"La clave para estar presente es entrenar la mente y el cuerpo para que trabajen en armon\u00eda, eliminando el ruido mental y conect\u00e1ndote con la tarea.","keywords":null,"keyphrases":{"focus":{"keyphrase":"Lograr resultados","score":43,"analysis":{"keyphraseInTitle":{"score":3,"maxScore":9,"error":1},"keyphraseInDescription":{"score":3,"maxScore":9,"error":1},"keyphraseLength":{"score":9,"maxScore":9,"error":0,"length":2},"keyphraseInURL":{"score":5,"maxScore":5,"error":0},"keyphraseInIntroduction":{"score":3,"maxScore":9,"error":1},"keyphraseInSubHeadings":{"score":3,"maxScore":9,"error":1},"keyphraseInImageAlt":{"score":3,"maxScore":9,"error":1},"keywordDensity":{"score":0,"type":"low","maxScore":9,"error":1}}},"additional":[{"keyphrase":"mildfudness","score":40,"analysis":{"keyphraseInDescription":{"score":3,"maxScore":9,"error":1},"keyphraseLength":{"score":9,"maxScore":9,"error":0,"length":1},"keyphraseInIntroduction":{"score":3,"maxScore":9,"error":1},"keyphraseInImageAlt":{"score":3,"maxScore":9,"error":1},"keywordDensity":{"score":0,"type":"low","maxScore":9,"error":1}}},{"keyphrase":"concentraci\u00f3n mental","score":40,"analysis":{"keyphraseInDescription":{"score":3,"maxScore":9,"error":1},"keyphraseLength":{"score":9,"maxScore":9,"error":0,"length":3},"keyphraseInIntroduction":{"score":3,"maxScore":9,"error":1},"keyphraseInImageAlt":{"score":3,"maxScore":9,"error":1},"keywordDensity":{"score":0,"type":"low","maxScore":9,"error":1}}},{"keyphrase":"soy migrante","score":40,"analysis":{"keyphraseInDescription":{"score":3,"maxScore":9,"error":1},"keyphraseLength":{"score":9,"maxScore":9,"error":0,"length":2},"keyphraseInIntroduction":{"score":3,"maxScore":9,"error":1},"keyphraseInImageAlt":{"score":3,"maxScore":9,"error":1},"keywordDensity":{"score":0,"type":"low","maxScore":9,"error":1}}}]},"primary_term":null,"canonical_url":null,"og_title":null,"og_description":null,"og_object_type":"default","og_image_type":"default","og_image_url":null,"og_image_width":null,"og_image_height":null,"og_image_custom_url":null,"og_image_custom_fields":null,"og_video":"","og_custom_url":null,"og_article_section":null,"og_article_tags":null,"twitter_use_og":false,"twitter_card":"default","twitter_image_type":"default","twitter_image_url":null,"twitter_image_custom_url":null,"twitter_image_custom_fields":null,"twitter_title":null,"twitter_description":null,"schema":{"blockGraphs":[],"customGraphs":[],"default":{"data":{"Article":[],"Course":[],"Dataset":[],"FAQPage":[],"Movie":[],"Person":[],"Product":[],"ProductReview":[],"Car":[],"Recipe":[],"Service":[],"SoftwareApplication":[],"WebPage":[]},"graphName":"none","isEnabled":true},"graphs":[]},"schema_type":"default","schema_type_options":null,"pillar_content":false,"robots_default":true,"robots_noindex":false,"robots_noarchive":false,"robots_nosnippet":false,"robots_nofollow":false,"robots_noimageindex":false,"robots_noodp":false,"robots_notranslate":false,"robots_max_snippet":"-1","robots_max_videopreview":"-1","robots_max_imagepreview":"large","priority":null,"frequency":"default","local_seo":null,"seo_analyzer_scan_date":"2025-10-09 07:44:26","breadcrumb_settings":null,"limit_modified_date":false,"reviewed_by":"0","open_ai":"{\"title\":{\"suggestions\":[],\"usage\":0},\"description\":{\"suggestions\":[],\"usage\":0}}","ai":{"faqs":[],"keyPoints":[],"titles":[],"descriptions":[],"socialPosts":{"email":[],"linkedin":[],"twitter":[],"facebook":[],"instagram":[]}},"created":"2024-10-16 23:59:01","updated":"2026-02-05 04:19:37"},"aioseo_breadcrumb":"<div class=\"aioseo-breadcrumbs\"><span class=\"aioseo-breadcrumb\">\n\t<a href=\"https:\/\/soymigrante.com\/revista\" title=\"Home\">Home<\/a>\n<\/span><span class=\"aioseo-breadcrumb-separator\">\u00bb<\/span><span class=\"aioseo-breadcrumb\">\n\t<a href=\"https:\/\/soymigrante.com\/revista\/category\/bienestar\/\" title=\"Bienestar\">Bienestar<\/a>\n<\/span><span class=\"aioseo-breadcrumb-separator\">\u00bb<\/span><span class=\"aioseo-breadcrumb\">\n\tSiete claves para lograr enfoque en tus tareas y lograr resultados\n<\/span><\/div>","aioseo_breadcrumb_json":[{"label":"Home","link":"https:\/\/soymigrante.com\/revista"},{"label":"Bienestar","link":"https:\/\/soymigrante.com\/revista\/category\/bienestar\/"},{"label":"Siete claves para lograr enfoque en tus tareas y lograr resultados","link":"https:\/\/soymigrante.com\/revista\/siete-claves-para-lograr-enfoque-en-tus-tareas-y-lograr-resultados\/"}],"_links":{"self":[{"href":"https:\/\/soymigrante.com\/revista\/wp-json\/wp\/v2\/posts\/10453","targetHints":{"allow":["GET"]}}],"collection":[{"href":"https:\/\/soymigrante.com\/revista\/wp-json\/wp\/v2\/posts"}],"about":[{"href":"https:\/\/soymigrante.com\/revista\/wp-json\/wp\/v2\/types\/post"}],"author":[{"embeddable":true,"href":"https:\/\/soymigrante.com\/revista\/wp-json\/wp\/v2\/users\/23"}],"replies":[{"embeddable":true,"href":"https:\/\/soymigrante.com\/revista\/wp-json\/wp\/v2\/comments?post=10453"}],"version-history":[{"count":3,"href":"https:\/\/soymigrante.com\/revista\/wp-json\/wp\/v2\/posts\/10453\/revisions"}],"predecessor-version":[{"id":42327,"href":"https:\/\/soymigrante.com\/revista\/wp-json\/wp\/v2\/posts\/10453\/revisions\/42327"}],"wp:featuredmedia":[{"embeddable":true,"href":"https:\/\/soymigrante.com\/revista\/wp-json\/wp\/v2\/media\/10457"}],"wp:attachment":[{"href":"https:\/\/soymigrante.com\/revista\/wp-json\/wp\/v2\/media?parent=10453"}],"wp:term":[{"taxonomy":"category","embeddable":true,"href":"https:\/\/soymigrante.com\/revista\/wp-json\/wp\/v2\/categories?post=10453"},{"taxonomy":"post_tag","embeddable":true,"href":"https:\/\/soymigrante.com\/revista\/wp-json\/wp\/v2\/tags?post=10453"}],"curies":[{"name":"wp","href":"https:\/\/api.w.org\/{rel}","templated":true}]}}