{"id":10441,"date":"2024-10-16T18:29:38","date_gmt":"2024-10-17T00:29:38","guid":{"rendered":"https:\/\/soymigrante.com\/revista\/?p=10441"},"modified":"2025-06-21T14:31:50","modified_gmt":"2025-06-21T20:31:50","slug":"uaxactun-la-ciudad-maya-que-sigue-viva-en-la-selva","status":"publish","type":"post","link":"https:\/\/soymigrante.com\/revista\/uaxactun-la-ciudad-maya-que-sigue-viva-en-la-selva\/","title":{"rendered":"Uaxact\u00fan: La ciudad maya que sigue viva en la selva"},"content":{"rendered":"\t\t<div data-elementor-type=\"wp-post\" data-elementor-id=\"10441\" class=\"elementor elementor-10441\" data-elementor-post-type=\"post\">\n\t\t\t\t<div data-particle_enable=\"false\" data-particle-mobile-disabled=\"false\" class=\"elementor-element elementor-element-f7562bd e-flex e-con-boxed e-con e-parent\" data-id=\"f7562bd\" data-element_type=\"container\" data-e-type=\"container\">\n\t\t\t\t\t<div class=\"e-con-inner\">\n\t\t\t\t<div class=\"elementor-element elementor-element-ab1e81f elementor-widget elementor-widget-heading\" data-id=\"ab1e81f\" data-element_type=\"widget\" data-e-type=\"widget\" data-widget_type=\"heading.default\">\n\t\t\t\t\t<h2 class=\"elementor-heading-title elementor-size-default\">Uaxact\u00fan una ciudad que ha permanecido con los secretos de los mayas y que es una joya en Pet\u00e9n. <\/h2>\t\t\t\t<\/div>\n\t\t\t\t\t<\/div>\n\t\t\t\t<\/div>\n\t\t<div data-particle_enable=\"false\" data-particle-mobile-disabled=\"false\" class=\"elementor-element elementor-element-c951872 e-flex e-con-boxed e-con e-parent\" data-id=\"c951872\" data-element_type=\"container\" data-e-type=\"container\">\n\t\t\t\t\t<div class=\"e-con-inner\">\n\t\t\t\t<div class=\"elementor-element elementor-element-aeb8fd9 elementor-widget elementor-widget-text-editor\" data-id=\"aeb8fd9\" data-element_type=\"widget\" data-e-type=\"widget\" data-widget_type=\"text-editor.default\">\n\t\t\t\t\t\t\t\t\t<p>Ubicada <a href=\"https:\/\/soymigrante.com\/revista\/la-danta-de-el-mirador-la-mayor-piramide-del-mundo-7-datos\/\" target=\"_blank\" rel=\"noopener\">en el coraz\u00f3n de la Reserva de la Biosfera Maya<\/a>, a unos 25 kil\u00f3metros al norte de Tikal, Uaxact\u00fan es una de las ciudades m\u00e1s antiguas de la civilizaci\u00f3n maya y un lugar de gran importancia arqueol\u00f3gica.<\/p><p>Rodeada por una exuberante selva tropical, esta ciudad ha sido clave para comprender <a href=\"https:\/\/soymigrante.com\/revista\/la-danta-de-el-mirador-la-mayor-piramide-del-mundo-7-datos\/\" target=\"_blank\" rel=\"noopener\">el desarrollo de la cultura maya<\/a>, no solo por su antig\u00fcedad, sino tambi\u00e9n por sus avances astron\u00f3micos y arquitect\u00f3nicos.<\/p>\t\t\t\t\t\t\t\t<\/div>\n\t\t\t\t\t<\/div>\n\t\t\t\t<\/div>\n\t\t<div data-particle_enable=\"false\" data-particle-mobile-disabled=\"false\" class=\"elementor-element elementor-element-aabf2fb e-flex e-con-boxed e-con e-parent\" data-id=\"aabf2fb\" data-element_type=\"container\" data-e-type=\"container\">\n\t\t\t\t\t<div class=\"e-con-inner\">\n\t\t\t\t<div class=\"elementor-element elementor-element-03cb0cb elementor-widget elementor-widget-image\" data-id=\"03cb0cb\" data-element_type=\"widget\" data-e-type=\"widget\" data-widget_type=\"image.default\">\n\t\t\t\t\t\t\t\t\t\t\t\t<figure class=\"wp-caption\">\n\t\t\t\t\t\t\t\t\t\t<img fetchpriority=\"high\" decoding=\"async\" width=\"768\" height=\"576\" src=\"https:\/\/soymigrante.com\/revista\/wp-content\/uploads\/2024\/10\/Uaxactun-La-ciudad-maya-que-sigue-viva-en-la-selva-6-1024x768.webp\" class=\"attachment-large size-large wp-image-10443\" alt=\"UAXACT\u00daN reserva natural en la biosfera Maya, biodiversidad, turismo ecol\u00f3gico, conservaci\u00f3n del medio ambiente.\" srcset=\"https:\/\/soymigrante.com\/revista\/wp-content\/uploads\/2024\/10\/Uaxactun-La-ciudad-maya-que-sigue-viva-en-la-selva-6-1024x768.webp 1024w, https:\/\/soymigrante.com\/revista\/wp-content\/uploads\/2024\/10\/Uaxactun-La-ciudad-maya-que-sigue-viva-en-la-selva-6-300x225.webp 300w, https:\/\/soymigrante.com\/revista\/wp-content\/uploads\/2024\/10\/Uaxactun-La-ciudad-maya-que-sigue-viva-en-la-selva-6-768x576.webp 768w, https:\/\/soymigrante.com\/revista\/wp-content\/uploads\/2024\/10\/Uaxactun-La-ciudad-maya-que-sigue-viva-en-la-selva-6-1536x1152.webp 1536w, https:\/\/soymigrante.com\/revista\/wp-content\/uploads\/2024\/10\/Uaxactun-La-ciudad-maya-que-sigue-viva-en-la-selva-6-750x563.webp 750w, https:\/\/soymigrante.com\/revista\/wp-content\/uploads\/2024\/10\/Uaxactun-La-ciudad-maya-que-sigue-viva-en-la-selva-6-1140x855.webp 1140w, https:\/\/soymigrante.com\/revista\/wp-content\/uploads\/2024\/10\/Uaxactun-La-ciudad-maya-que-sigue-viva-en-la-selva-6.webp 1600w\" sizes=\"(max-width: 768px) 100vw, 768px\" title=\"Uaxact\u00fan: La ciudad maya que sigue viva en la selva \u2013 SoyMigrante.com REVISTA\" \/>\t\t\t\t\t\t\t\t\t\t\t<figcaption class=\"widget-image-caption wp-caption-text\">Cartel de reserva natural en Uaxact\u00fan, ubicado en la biosfera Maya, promoviendo el turismo ecol\u00f3gico y la conservaci\u00f3n de la biodiversidad en la regi\u00f3n.<\/figcaption>\n\t\t\t\t\t\t\t\t\t\t<\/figure>\n\t\t\t\t\t\t\t\t\t<\/div>\n\t\t\t\t\t<\/div>\n\t\t\t\t<\/div>\n\t\t<div data-particle_enable=\"false\" data-particle-mobile-disabled=\"false\" class=\"elementor-element elementor-element-3c9b44b e-flex e-con-boxed e-con e-parent\" data-id=\"3c9b44b\" data-element_type=\"container\" data-e-type=\"container\">\n\t\t\t\t\t<div class=\"e-con-inner\">\n\t\t\t\t<div class=\"elementor-element elementor-element-3b48135 elementor-widget elementor-widget-heading\" data-id=\"3b48135\" data-element_type=\"widget\" data-e-type=\"widget\" data-widget_type=\"heading.default\">\n\t\t\t\t\t<h3 class=\"elementor-heading-title elementor-size-default\">Ubicaci\u00f3n y descubrimiento de Uaxact\u00fan<\/h3>\t\t\t\t<\/div>\n\t\t\t\t\t<\/div>\n\t\t\t\t<\/div>\n\t\t<div data-particle_enable=\"false\" data-particle-mobile-disabled=\"false\" class=\"elementor-element elementor-element-06b8380 e-flex e-con-boxed e-con e-parent\" data-id=\"06b8380\" data-element_type=\"container\" data-e-type=\"container\">\n\t\t\t\t\t<div class=\"e-con-inner\">\n\t\t\t\t<div class=\"elementor-element elementor-element-eef0d7a elementor-widget elementor-widget-text-editor\" data-id=\"eef0d7a\" data-element_type=\"widget\" data-e-type=\"widget\" data-widget_type=\"text-editor.default\">\n\t\t\t\t\t\t\t\t\t<p>Uaxact\u00fan se encuentra en el departamento de Pet\u00e9n, Guatemala, en una regi\u00f3n de dif\u00edcil acceso, lo que le ha permitido mantenerse relativamente aislada del impacto humano moderno.<\/p><p><a href=\"https:\/\/soymigrante.com\/revista\/la-danta-de-el-mirador-la-mayor-piramide-del-mundo-7-datos\/\" target=\"_blank\" rel=\"noopener\">Esta ubicaci\u00f3n, rodeada de selva densa y fauna diversa<\/a>, ha ayudado a conservar los restos arqueol\u00f3gicos de la ciudad.<\/p>\t\t\t\t\t\t\t\t<\/div>\n\t\t\t\t\t<\/div>\n\t\t\t\t<\/div>\n\t\t<div data-particle_enable=\"false\" data-particle-mobile-disabled=\"false\" class=\"elementor-element elementor-element-cffffa4 e-flex e-con-boxed e-con e-parent\" data-id=\"cffffa4\" data-element_type=\"container\" data-e-type=\"container\">\n\t\t\t\t\t<div class=\"e-con-inner\">\n\t\t\t\t<div class=\"elementor-element elementor-element-1d98db9 elementor-widget elementor-widget-image\" data-id=\"1d98db9\" data-element_type=\"widget\" data-e-type=\"widget\" data-widget_type=\"image.default\">\n\t\t\t\t\t\t\t\t\t\t\t\t\t\t\t<img decoding=\"async\" width=\"768\" height=\"576\" src=\"https:\/\/soymigrante.com\/revista\/wp-content\/uploads\/2024\/10\/Uaxactun-La-ciudad-maya-que-sigue-viva-en-la-selva-2-1024x768.webp\" class=\"attachment-large size-large wp-image-10444\" alt=\"Ruinas antiguas en un sitio arqueol\u00f3gico maya rodeado de vegetaci\u00f3n y \u00e1rboles, con estructura de piedra y cielo despejado, reflejando historia y cultura en M\u00e9xico.\" srcset=\"https:\/\/soymigrante.com\/revista\/wp-content\/uploads\/2024\/10\/Uaxactun-La-ciudad-maya-que-sigue-viva-en-la-selva-2-1024x768.webp 1024w, https:\/\/soymigrante.com\/revista\/wp-content\/uploads\/2024\/10\/Uaxactun-La-ciudad-maya-que-sigue-viva-en-la-selva-2-300x225.webp 300w, https:\/\/soymigrante.com\/revista\/wp-content\/uploads\/2024\/10\/Uaxactun-La-ciudad-maya-que-sigue-viva-en-la-selva-2-768x576.webp 768w, https:\/\/soymigrante.com\/revista\/wp-content\/uploads\/2024\/10\/Uaxactun-La-ciudad-maya-que-sigue-viva-en-la-selva-2-1536x1152.webp 1536w, https:\/\/soymigrante.com\/revista\/wp-content\/uploads\/2024\/10\/Uaxactun-La-ciudad-maya-que-sigue-viva-en-la-selva-2-750x563.webp 750w, https:\/\/soymigrante.com\/revista\/wp-content\/uploads\/2024\/10\/Uaxactun-La-ciudad-maya-que-sigue-viva-en-la-selva-2-1140x855.webp 1140w, https:\/\/soymigrante.com\/revista\/wp-content\/uploads\/2024\/10\/Uaxactun-La-ciudad-maya-que-sigue-viva-en-la-selva-2.webp 1600w\" sizes=\"(max-width: 768px) 100vw, 768px\" title=\"Uaxactu\u0301n La ciudad maya que sigue viva en la selva 2 \u2013 SoyMigrante.com REVISTA\" \/>\t\t\t\t\t\t\t\t\t\t\t\t\t\t\t<\/div>\n\t\t\t\t\t<\/div>\n\t\t\t\t<\/div>\n\t\t<div data-particle_enable=\"false\" data-particle-mobile-disabled=\"false\" class=\"elementor-element elementor-element-2c71e18 e-flex e-con-boxed e-con e-parent\" data-id=\"2c71e18\" data-element_type=\"container\" data-e-type=\"container\">\n\t\t\t\t\t<div class=\"e-con-inner\">\n\t\t\t\t<div class=\"elementor-element elementor-element-ce0b6a1 elementor-widget elementor-widget-text-editor\" data-id=\"ce0b6a1\" data-element_type=\"widget\" data-e-type=\"widget\" data-widget_type=\"text-editor.default\">\n\t\t\t\t\t\t\t\t\t<p>Descubierta en 1916 por el arque\u00f3logo Sylvanus Morley, Uaxact\u00fan ha sido objeto de numerosas investigaciones debido a sus monumentos \u00fanicos y a su sistema de alineaci\u00f3n astron\u00f3mica, que fue utilizado por los mayas para determinar eventos clave del calendario, como los solsticios y equinoccios.<\/p>\t\t\t\t\t\t\t\t<\/div>\n\t\t\t\t\t<\/div>\n\t\t\t\t<\/div>\n\t\t<div data-particle_enable=\"false\" data-particle-mobile-disabled=\"false\" class=\"elementor-element elementor-element-58c6377 e-flex e-con-boxed e-con e-parent\" data-id=\"58c6377\" data-element_type=\"container\" data-e-type=\"container\">\n\t\t\t\t\t<div class=\"e-con-inner\">\n\t\t\t\t<div class=\"elementor-element elementor-element-3e05675 elementor-widget elementor-widget-heading\" data-id=\"3e05675\" data-element_type=\"widget\" data-e-type=\"widget\" data-widget_type=\"heading.default\">\n\t\t\t\t\t<h3 class=\"elementor-heading-title elementor-size-default\">Historia y auge de Uaxact\u00fan<\/h3>\t\t\t\t<\/div>\n\t\t\t\t\t<\/div>\n\t\t\t\t<\/div>\n\t\t<div data-particle_enable=\"false\" data-particle-mobile-disabled=\"false\" class=\"elementor-element elementor-element-be55a1b e-flex e-con-boxed e-con e-parent\" data-id=\"be55a1b\" data-element_type=\"container\" data-e-type=\"container\">\n\t\t\t\t\t<div class=\"e-con-inner\">\n\t\t\t\t<div class=\"elementor-element elementor-element-dec1b8b elementor-widget elementor-widget-text-editor\" data-id=\"dec1b8b\" data-element_type=\"widget\" data-e-type=\"widget\" data-widget_type=\"text-editor.default\">\n\t\t\t\t\t\t\t\t\t<p>Se cree que Uaxact\u00fan fue habitada desde el Precl\u00e1sico Medio, aproximadamente en el a\u00f1o 600 a.C., y alcanz\u00f3 su m\u00e1ximo esplendor durante el Cl\u00e1sico Temprano (250-600 d.C.). A lo largo de los siglos, la ciudad se consolid\u00f3 como un centro ceremonial y astron\u00f3mico de gran relevancia para los mayas.<\/p><p><a href=\"https:\/\/soymigrante.com\/revista\/la-danta-de-el-mirador-la-mayor-piramide-del-mundo-7-datos\/\" target=\"_blank\" rel=\"noopener\">Uaxact\u00fan es conocida por ser el lugar donde se encontr\u00f3 la estela m\u00e1s antigua de la historia maya<\/a>, la Estela 9, lo que la convierte en un sitio crucial para estudiar el desarrollo temprano de la civilizaci\u00f3n. Adem\u00e1s, se descubrieron importantes hallazgos arquitect\u00f3nicos, incluidos templos y observatorios que muestran la avanzada comprensi\u00f3n astron\u00f3mica de los mayas.<\/p>\t\t\t\t\t\t\t\t<\/div>\n\t\t\t\t\t<\/div>\n\t\t\t\t<\/div>\n\t\t<div data-particle_enable=\"false\" data-particle-mobile-disabled=\"false\" class=\"elementor-element elementor-element-97f4899 e-flex e-con-boxed e-con e-parent\" data-id=\"97f4899\" data-element_type=\"container\" data-e-type=\"container\">\n\t\t\t\t\t<div class=\"e-con-inner\">\n\t\t\t\t<div class=\"elementor-element elementor-element-210dcec elementor-widget elementor-widget-image\" data-id=\"210dcec\" data-element_type=\"widget\" data-e-type=\"widget\" data-widget_type=\"image.default\">\n\t\t\t\t\t\t\t\t\t\t\t\t\t\t\t<img decoding=\"async\" width=\"768\" height=\"576\" src=\"https:\/\/soymigrante.com\/revista\/wp-content\/uploads\/2024\/10\/Uaxactun-La-ciudad-maya-que-sigue-viva-en-la-selva-3-1024x768.webp\" class=\"attachment-large size-large wp-image-10445\" alt=\"Ruinas mayas en un entorno selv\u00e1tico, patrimonio cultural de Mesoam\u00e9rica, representando historia y arquitectura antigua en Guatemala.\" srcset=\"https:\/\/soymigrante.com\/revista\/wp-content\/uploads\/2024\/10\/Uaxactun-La-ciudad-maya-que-sigue-viva-en-la-selva-3-1024x768.webp 1024w, https:\/\/soymigrante.com\/revista\/wp-content\/uploads\/2024\/10\/Uaxactun-La-ciudad-maya-que-sigue-viva-en-la-selva-3-300x225.webp 300w, https:\/\/soymigrante.com\/revista\/wp-content\/uploads\/2024\/10\/Uaxactun-La-ciudad-maya-que-sigue-viva-en-la-selva-3-768x576.webp 768w, https:\/\/soymigrante.com\/revista\/wp-content\/uploads\/2024\/10\/Uaxactun-La-ciudad-maya-que-sigue-viva-en-la-selva-3-1536x1152.webp 1536w, https:\/\/soymigrante.com\/revista\/wp-content\/uploads\/2024\/10\/Uaxactun-La-ciudad-maya-que-sigue-viva-en-la-selva-3-750x563.webp 750w, https:\/\/soymigrante.com\/revista\/wp-content\/uploads\/2024\/10\/Uaxactun-La-ciudad-maya-que-sigue-viva-en-la-selva-3-1140x855.webp 1140w, https:\/\/soymigrante.com\/revista\/wp-content\/uploads\/2024\/10\/Uaxactun-La-ciudad-maya-que-sigue-viva-en-la-selva-3.webp 1600w\" sizes=\"(max-width: 768px) 100vw, 768px\" title=\"Uaxactu\u0301n La ciudad maya que sigue viva en la selva 3 \u2013 SoyMigrante.com REVISTA\" \/>\t\t\t\t\t\t\t\t\t\t\t\t\t\t\t<\/div>\n\t\t\t\t\t<\/div>\n\t\t\t\t<\/div>\n\t\t<div data-particle_enable=\"false\" data-particle-mobile-disabled=\"false\" class=\"elementor-element elementor-element-3628fea e-flex e-con-boxed e-con e-parent\" data-id=\"3628fea\" data-element_type=\"container\" data-e-type=\"container\">\n\t\t\t\t\t<div class=\"e-con-inner\">\n\t\t\t\t<div class=\"elementor-element elementor-element-dccc1e6 elementor-widget elementor-widget-heading\" data-id=\"dccc1e6\" data-element_type=\"widget\" data-e-type=\"widget\" data-widget_type=\"heading.default\">\n\t\t\t\t\t<h3 class=\"elementor-heading-title elementor-size-default\">Monumentos importantes de Uaxact\u00fan<\/h3>\t\t\t\t<\/div>\n\t\t\t\t\t<\/div>\n\t\t\t\t<\/div>\n\t\t<div data-particle_enable=\"false\" data-particle-mobile-disabled=\"false\" class=\"elementor-element elementor-element-2beb0d8 e-flex e-con-boxed e-con e-parent\" data-id=\"2beb0d8\" data-element_type=\"container\" data-e-type=\"container\">\n\t\t\t\t\t<div class=\"e-con-inner\">\n\t\t\t\t<div class=\"elementor-element elementor-element-7452e10 elementor-widget elementor-widget-text-editor\" data-id=\"7452e10\" data-element_type=\"widget\" data-e-type=\"widget\" data-widget_type=\"text-editor.default\">\n\t\t\t\t\t\t\t\t\t<p><a href=\"https:\/\/soymigrante.com\/revista\/la-danta-de-el-mirador-la-mayor-piramide-del-mundo-7-datos\/\" target=\"_blank\" rel=\"noopener\">Uno de los aspectos m\u00e1s fascinantes de Uaxact\u00fan es su disposici\u00f3n arquitect\u00f3nica<\/a>, dise\u00f1ada con precisi\u00f3n para alinear los edificios con los eventos astron\u00f3micos. Entre sus monumentos m\u00e1s destacados se encuentran:<\/p>\t\t\t\t\t\t\t\t<\/div>\n\t\t\t\t\t<\/div>\n\t\t\t\t<\/div>\n\t\t<div data-particle_enable=\"false\" data-particle-mobile-disabled=\"false\" class=\"elementor-element elementor-element-a4d7269 e-flex e-con-boxed e-con e-parent\" data-id=\"a4d7269\" data-element_type=\"container\" data-e-type=\"container\">\n\t\t\t\t\t<div class=\"e-con-inner\">\n\t\t\t\t<div class=\"elementor-element elementor-element-e3c20de elementor-widget elementor-widget-text-editor\" data-id=\"e3c20de\" data-element_type=\"widget\" data-e-type=\"widget\" data-widget_type=\"text-editor.default\">\n\t\t\t\t\t\t\t\t\t<div><strong>\u2022El Grupo E:<\/strong> Este conjunto es considerado el primer observatorio astron\u00f3mico conocido en el mundo maya. Est\u00e1 compuesto por una pir\u00e1mide al oeste y tres estructuras al este, que se alinean con los puntos de salida del sol durante los solsticios y equinoccios, lo que permit\u00eda a los mayas realizar observaciones precisas del cielo.<\/div><div><strong>\u2022Estela 9:<\/strong> Este monumento es uno de los m\u00e1s antiguos encontrados en el \u00e1rea maya y ha sido clave para comprender la cronolog\u00eda temprana de Uaxact\u00fan.<\/div><div><strong>\u2022Estructura A-5:<\/strong> Se trata de un complejo arquitect\u00f3nico que incluye una pir\u00e1mide que serv\u00eda tanto para rituales religiosos como para observaciones astron\u00f3micas. Esta estructura es uno de los ejemplos mejor conservados de la arquitectura ceremonial maya.<\/div>\t\t\t\t\t\t\t\t<\/div>\n\t\t\t\t\t<\/div>\n\t\t\t\t<\/div>\n\t\t<div data-particle_enable=\"false\" data-particle-mobile-disabled=\"false\" class=\"elementor-element elementor-element-cc6a94d e-flex e-con-boxed e-con e-parent\" data-id=\"cc6a94d\" data-element_type=\"container\" data-e-type=\"container\">\n\t\t\t\t\t<div class=\"e-con-inner\">\n\t\t\t\t<div class=\"elementor-element elementor-element-5609310 elementor-widget elementor-widget-gallery\" data-id=\"5609310\" data-element_type=\"widget\" data-e-type=\"widget\" data-settings=\"{&quot;columns&quot;:1,&quot;gap&quot;:{&quot;unit&quot;:&quot;px&quot;,&quot;size&quot;:2,&quot;sizes&quot;:[]},&quot;aspect_ratio&quot;:&quot;4:3&quot;,&quot;overlay_description&quot;:&quot;caption&quot;,&quot;lazyload&quot;:&quot;yes&quot;,&quot;gallery_layout&quot;:&quot;grid&quot;,&quot;columns_tablet&quot;:2,&quot;columns_mobile&quot;:1,&quot;gap_tablet&quot;:{&quot;unit&quot;:&quot;px&quot;,&quot;size&quot;:10,&quot;sizes&quot;:[]},&quot;gap_mobile&quot;:{&quot;unit&quot;:&quot;px&quot;,&quot;size&quot;:10,&quot;sizes&quot;:[]},&quot;content_hover_animation&quot;:&quot;fade-in&quot;}\" data-widget_type=\"gallery.default\">\n\t\t\t\t\t\t\t<div class=\"elementor-gallery__container\">\n\t\t\t\t\t\t\t<div class=\"e-gallery-item elementor-gallery-item elementor-animated-content\">\n\t\t\t\t\t<div class=\"e-gallery-image elementor-gallery-item__image\" data-thumbnail=\"https:\/\/soymigrante.com\/revista\/wp-content\/uploads\/2024\/10\/Uaxactun-La-ciudad-maya-que-sigue-viva-en-la-selva-9-768x1024.webp\" data-width=\"768\" data-height=\"1024\" aria-label=\"Antigua piedra y estructura de madera en una construcci\u00f3n tradicional, destacando la arquitectura rural y el uso de materiales naturales en obras de campo.\" role=\"img\" ><\/div>\n\t\t\t\t\t\t\t\t\t\t\t\t\t\t\t<div class=\"elementor-gallery-item__content\">\n\t\t\t\t\t\t\t\t\t\t\t\t\t\t<div class=\"elementor-gallery-item__description\">\n\t\t\t\t\t\t\t\t\t\t\t\t\t\t\t\t\t\tDetalle de piedra y madera en estructura de construcci\u00f3n rural, mostrando t\u00e9cnicas tradicionales y materiales locales.\t\t\t\t\t\t\t\t<\/div>\n\t\t\t\t\t\t\t\t\t\t\t\t<\/div>\n\t\t\t\t\t\t\t\t\t<\/div>\n\t\t\t\t\t\t\t<div class=\"e-gallery-item elementor-gallery-item elementor-animated-content\">\n\t\t\t\t\t<div class=\"e-gallery-image elementor-gallery-item__image\" data-thumbnail=\"https:\/\/soymigrante.com\/revista\/wp-content\/uploads\/2024\/10\/Uaxactun-La-ciudad-maya-que-sigue-viva-en-la-selva-7-768x576.webp\" data-width=\"768\" data-height=\"576\" aria-label=\"Tierra de cultura y arqueolog\u00eda maya en M\u00e9xico, con pir\u00e1mides antiguas rodeadas de \u00e1rboles frondosos.\" role=\"img\" ><\/div>\n\t\t\t\t\t\t\t\t\t\t\t\t\t\t\t<div class=\"elementor-gallery-item__content\">\n\t\t\t\t\t\t\t\t\t\t\t\t\t\t<div class=\"elementor-gallery-item__description\">\n\t\t\t\t\t\t\t\t\t\t\t\t\t\t\t\t\t\tExplora el patrimonio cultural y la historia de las civilizaciones mayas en esta zona arqueol\u00f3gica en M\u00e9xico, rodeada de naturaleza y vestigios hist\u00f3ricos.\t\t\t\t\t\t\t\t<\/div>\n\t\t\t\t\t\t\t\t\t\t\t\t<\/div>\n\t\t\t\t\t\t\t\t\t<\/div>\n\t\t\t\t\t\t\t<div class=\"e-gallery-item elementor-gallery-item elementor-animated-content\">\n\t\t\t\t\t<div class=\"e-gallery-image elementor-gallery-item__image\" data-thumbnail=\"https:\/\/soymigrante.com\/revista\/wp-content\/uploads\/2024\/10\/Uaxactun-La-ciudad-maya-que-sigue-viva-en-la-selva-8-768x576.webp\" data-width=\"768\" data-height=\"576\" aria-label=\"Ancient Mayan ruins surrounded by lush jungle at Tikal archaeological site in Guatemala, showcasing pre-Hispanic architecture and Mayan history.\" role=\"img\" ><\/div>\n\t\t\t\t\t\t\t\t\t\t\t\t\t\t\t<div class=\"elementor-gallery-item__content\">\n\t\t\t\t\t\t\t\t\t\t\t\t\t\t<div class=\"elementor-gallery-item__description\">\n\t\t\t\t\t\t\t\t\t\t\t\t\t\t\t\t\t\tRestos arqueol\u00f3gicos de Tikal en la jungla de Guatemala, reflejando la cultura y arquitectura maya antigua.\t\t\t\t\t\t\t\t<\/div>\n\t\t\t\t\t\t\t\t\t\t\t\t<\/div>\n\t\t\t\t\t\t\t\t\t<\/div>\n\t\t\t\t\t\t\t<div class=\"e-gallery-item elementor-gallery-item elementor-animated-content\">\n\t\t\t\t\t<div class=\"e-gallery-image elementor-gallery-item__image\" data-thumbnail=\"https:\/\/soymigrante.com\/revista\/wp-content\/uploads\/2024\/10\/Uaxactun-La-ciudad-maya-que-sigue-viva-en-la-selva-5-768x576.webp\" data-width=\"768\" data-height=\"576\" aria-label=\"Ruinas antiguas en la oscuridad, vestigios hist\u00f3ricos que reflejan el legado cultural y arquitect\u00f3nico en un entorno enigm\u00e1tico y misterioso.\" role=\"img\" ><\/div>\n\t\t\t\t\t\t\t\t\t\t\t\t\t\t\t<div class=\"elementor-gallery-item__content\">\n\t\t\t\t\t\t\t\t\t\t\t\t\t\t<div class=\"elementor-gallery-item__description\">\n\t\t\t\t\t\t\t\t\t\t\t\t\t\t\t\t\t\tRestos arqueol\u00f3gicos en penumbra, mostrando la historia y cultura en un escenario nocturno, ideal para art\u00edculos sobre patrimonio y hallazgos hist\u00f3ricos en revistas migrantes.\t\t\t\t\t\t\t\t<\/div>\n\t\t\t\t\t\t\t\t\t\t\t\t<\/div>\n\t\t\t\t\t\t\t\t\t<\/div>\n\t\t\t\t\t<\/div>\n\t\t\t\t\t<\/div>\n\t\t\t\t\t<\/div>\n\t\t\t\t<\/div>\n\t\t<div data-particle_enable=\"false\" data-particle-mobile-disabled=\"false\" class=\"elementor-element elementor-element-d9ee22f e-flex e-con-boxed e-con e-parent\" data-id=\"d9ee22f\" data-element_type=\"container\" data-e-type=\"container\">\n\t\t\t\t\t<div class=\"e-con-inner\">\n\t\t\t\t<div class=\"elementor-element elementor-element-5dadcf5 elementor-widget elementor-widget-heading\" data-id=\"5dadcf5\" data-element_type=\"widget\" data-e-type=\"widget\" data-widget_type=\"heading.default\">\n\t\t\t\t\t<h3 class=\"elementor-heading-title elementor-size-default\">Situaciones importantes en su historia<\/h3>\t\t\t\t<\/div>\n\t\t\t\t\t<\/div>\n\t\t\t\t<\/div>\n\t\t<div data-particle_enable=\"false\" data-particle-mobile-disabled=\"false\" class=\"elementor-element elementor-element-55f91c5 e-flex e-con-boxed e-con e-parent\" data-id=\"55f91c5\" data-element_type=\"container\" data-e-type=\"container\">\n\t\t\t\t\t<div class=\"e-con-inner\">\n\t\t\t\t<div class=\"elementor-element elementor-element-906cb48 elementor-widget elementor-widget-text-editor\" data-id=\"906cb48\" data-element_type=\"widget\" data-e-type=\"widget\" data-widget_type=\"text-editor.default\">\n\t\t\t\t\t\t\t\t\t<p>A lo largo de su historia, Uaxact\u00fan fue escenario de varias guerras y conflictos, principalmente con la vecina ciudad de Tikal, una de las potencias m\u00e1s importantes de la \u00e9poca. Se cree que Tikal conquist\u00f3 Uaxact\u00fan alrededor del a\u00f1o 378 d.C., lo que marc\u00f3 un cambio significativo en su desarrollo.<\/p><p>A pesar de estos conflictos, <a href=\"https:\/\/soymigrante.com\/revista\/la-danta-de-el-mirador-la-mayor-piramide-del-mundo-7-datos\/\" target=\"_blank\" rel=\"noopener\">la ciudad continu\u00f3 siendo un centro de importancia hasta su abandono gradual en el per\u00edodo Poscl\u00e1sico.<\/a><\/p><p>Uno de los momentos m\u00e1s cruciales en la historia moderna de Uaxact\u00fan fue su reapertura al mundo en el siglo XX, cuando los arque\u00f3logos comenzaron a descubrir sus tesoros ocultos. Desde entonces, Uaxact\u00fan ha sido un s\u00edmbolo del pasado glorioso de la civilizaci\u00f3n maya y una pieza clave para los estudios arqueol\u00f3gicos.<\/p>\t\t\t\t\t\t\t\t<\/div>\n\t\t\t\t\t<\/div>\n\t\t\t\t<\/div>\n\t\t<div data-particle_enable=\"false\" data-particle-mobile-disabled=\"false\" class=\"elementor-element elementor-element-bdefeee e-flex e-con-boxed e-con e-parent\" data-id=\"bdefeee\" data-element_type=\"container\" data-e-type=\"container\">\n\t\t\t\t\t<div class=\"e-con-inner\">\n\t\t\t\t<div class=\"elementor-element elementor-element-fc4182d elementor-widget elementor-widget-image\" data-id=\"fc4182d\" data-element_type=\"widget\" data-e-type=\"widget\" data-widget_type=\"image.default\">\n\t\t\t\t\t\t\t\t\t\t\t\t\t\t\t<img loading=\"lazy\" decoding=\"async\" width=\"768\" height=\"576\" src=\"https:\/\/soymigrante.com\/revista\/wp-content\/uploads\/2024\/10\/Uaxactun-La-ciudad-maya-que-sigue-viva-en-la-selva-1-1024x768.webp\" class=\"attachment-large size-large wp-image-10450\" alt=\"Antiguas ruinas mayas en medio de la naturaleza, s\u00edmbolo del patrimonio cultural y la historia de la regi\u00f3n, representando la importancia de la cultura ind\u00edgena en la historia de M\u00e9xico y Centroam\u00e9rica.\" srcset=\"https:\/\/soymigrante.com\/revista\/wp-content\/uploads\/2024\/10\/Uaxactun-La-ciudad-maya-que-sigue-viva-en-la-selva-1-1024x768.webp 1024w, https:\/\/soymigrante.com\/revista\/wp-content\/uploads\/2024\/10\/Uaxactun-La-ciudad-maya-que-sigue-viva-en-la-selva-1-300x225.webp 300w, https:\/\/soymigrante.com\/revista\/wp-content\/uploads\/2024\/10\/Uaxactun-La-ciudad-maya-que-sigue-viva-en-la-selva-1-768x576.webp 768w, https:\/\/soymigrante.com\/revista\/wp-content\/uploads\/2024\/10\/Uaxactun-La-ciudad-maya-que-sigue-viva-en-la-selva-1-1536x1152.webp 1536w, https:\/\/soymigrante.com\/revista\/wp-content\/uploads\/2024\/10\/Uaxactun-La-ciudad-maya-que-sigue-viva-en-la-selva-1-750x563.webp 750w, https:\/\/soymigrante.com\/revista\/wp-content\/uploads\/2024\/10\/Uaxactun-La-ciudad-maya-que-sigue-viva-en-la-selva-1-1140x855.webp 1140w, https:\/\/soymigrante.com\/revista\/wp-content\/uploads\/2024\/10\/Uaxactun-La-ciudad-maya-que-sigue-viva-en-la-selva-1.webp 1600w\" sizes=\"(max-width: 768px) 100vw, 768px\" title=\"Uaxactu\u0301n La ciudad maya que sigue viva en la selva 1 \u2013 SoyMigrante.com REVISTA\" \/>\t\t\t\t\t\t\t\t\t\t\t\t\t\t\t<\/div>\n\t\t\t\t\t<\/div>\n\t\t\t\t<\/div>\n\t\t<div data-particle_enable=\"false\" data-particle-mobile-disabled=\"false\" class=\"elementor-element elementor-element-047fc78 e-flex e-con-boxed e-con e-parent\" data-id=\"047fc78\" data-element_type=\"container\" data-e-type=\"container\">\n\t\t\t\t\t<div class=\"e-con-inner\">\n\t\t\t\t<div class=\"elementor-element elementor-element-00bb552 elementor-widget elementor-widget-heading\" data-id=\"00bb552\" data-element_type=\"widget\" data-e-type=\"widget\" data-widget_type=\"heading.default\">\n\t\t\t\t\t<h3 class=\"elementor-heading-title elementor-size-default\">Flora y fauna<\/h3>\t\t\t\t<\/div>\n\t\t\t\t\t<\/div>\n\t\t\t\t<\/div>\n\t\t<div data-particle_enable=\"false\" data-particle-mobile-disabled=\"false\" class=\"elementor-element elementor-element-e632a9c e-flex e-con-boxed e-con e-parent\" data-id=\"e632a9c\" data-element_type=\"container\" data-e-type=\"container\">\n\t\t\t\t\t<div class=\"e-con-inner\">\n\t\t\t\t<div class=\"elementor-element elementor-element-1f8b6bf elementor-widget elementor-widget-text-editor\" data-id=\"1f8b6bf\" data-element_type=\"widget\" data-e-type=\"widget\" data-widget_type=\"text-editor.default\">\n\t\t\t\t\t\t\t\t\t<p>Rodeada por la densa selva tropical, Uaxact\u00fan se encuentra en un ecosistema rico en biodiversidad. La flora que predomina incluye \u00e1rboles de caoba, ceiba (el \u00e1rbol sagrado de los mayas), y especies como el ram\u00f3n, que era fundamental en la dieta maya. Adem\u00e1s, la regi\u00f3n es hogar de orqu\u00eddeas, bromelias y otras plantas ex\u00f3ticas que prosperan en el clima h\u00famedo del Pet\u00e9n.<\/p><p>La fauna que habita la zona incluye especies como <a href=\"https:\/\/soymigrante.com\/revista\/la-danta-de-el-mirador-la-mayor-piramide-del-mundo-7-datos\/\" target=\"_blank\" rel=\"noopener\">el jaguar, el puma, el mono aullador y el mono ara\u00f1a, adem\u00e1s de aves como el quetzal y el tuc\u00e1n.<\/a> Esta rica diversidad de fauna a\u00f1ade un componente vital a la preservaci\u00f3n del sitio, ya que Uaxact\u00fan forma parte de una de las \u00e1reas m\u00e1s importantes para la conservaci\u00f3n de la vida silvestre en Guatemala.<\/p>\t\t\t\t\t\t\t\t<\/div>\n\t\t\t\t\t<\/div>\n\t\t\t\t<\/div>\n\t\t<div data-particle_enable=\"false\" data-particle-mobile-disabled=\"false\" class=\"elementor-element elementor-element-1d0f35c e-flex e-con-boxed e-con e-parent\" data-id=\"1d0f35c\" data-element_type=\"container\" data-e-type=\"container\">\n\t\t\t\t\t<div class=\"e-con-inner\">\n\t\t\t\t<div class=\"elementor-element elementor-element-82a0c90 elementor-widget elementor-widget-text-editor\" data-id=\"82a0c90\" data-element_type=\"widget\" data-e-type=\"widget\" data-widget_type=\"text-editor.default\">\n\t\t\t\t\t\t\t\t\t<p>Uaxact\u00fan no solo es una ventana al pasado glorioso de los mayas, sino tambi\u00e9n un recordatorio de c\u00f3mo la astronom\u00eda, la arquitectura y la naturaleza estaban profundamente entrelazadas en su cultura. A medida que las investigaciones contin\u00faan, este sitio arqueol\u00f3gico sigue revelando los secretos de una civilizaci\u00f3n que, en su tiempo, fue una de las m\u00e1s avanzadas del mundo.<\/p>\t\t\t\t\t\t\t\t<\/div>\n\t\t\t\t\t<\/div>\n\t\t\t\t<\/div>\n\t\t<div data-particle_enable=\"false\" data-particle-mobile-disabled=\"false\" class=\"elementor-element elementor-element-86285f8 e-flex e-con-boxed e-con e-parent\" data-id=\"86285f8\" data-element_type=\"container\" data-e-type=\"container\">\n\t\t\t\t\t<div class=\"e-con-inner\">\n\t\t\t\t<div class=\"elementor-element elementor-element-8bdd6c0 elementor-widget elementor-widget-video\" data-id=\"8bdd6c0\" data-element_type=\"widget\" data-e-type=\"widget\" data-settings=\"{&quot;youtube_url&quot;:&quot;https:\\\/\\\/www.youtube.com\\\/watch?v=mzlo8QgBDh0&quot;,&quot;video_type&quot;:&quot;youtube&quot;,&quot;controls&quot;:&quot;yes&quot;}\" data-widget_type=\"video.default\">\n\t\t\t\t\t\t\t<div class=\"elementor-wrapper elementor-open-inline\">\n\t\t\t<div class=\"elementor-video\"><\/div>\t\t<\/div>\n\t\t\t\t\t\t<\/div>\n\t\t\t\t\t<\/div>\n\t\t\t\t<\/div>\n\t\t<div data-particle_enable=\"false\" data-particle-mobile-disabled=\"false\" class=\"elementor-element elementor-element-c36ed99 e-flex e-con-boxed e-con e-parent\" data-id=\"c36ed99\" data-element_type=\"container\" data-e-type=\"container\">\n\t\t\t\t\t<div class=\"e-con-inner\">\n\t\t\t\t<div class=\"elementor-element elementor-element-0d03588 elementor-widget elementor-widget-heading\" data-id=\"0d03588\" data-element_type=\"widget\" data-e-type=\"widget\" data-widget_type=\"heading.default\">\n\t\t\t\t\t<h2 class=\"elementor-heading-title elementor-size-default\">Te puede interesar...<\/h2>\t\t\t\t<\/div>\n\t\t\t\t\t<\/div>\n\t\t\t\t<\/div>\n\t\t<div data-particle_enable=\"false\" data-particle-mobile-disabled=\"false\" class=\"elementor-element elementor-element-f535207 e-flex e-con-boxed e-con e-parent\" data-id=\"f535207\" data-element_type=\"container\" data-e-type=\"container\">\n\t\t\t\t\t<div class=\"e-con-inner\">\n\t\t\t\t<div class=\"elementor-element elementor-element-7102d91 elementor-widget elementor-widget-blfe-post-grid\" data-id=\"7102d91\" data-element_type=\"widget\" data-e-type=\"widget\" data-settings=\"{&quot;columns&quot;:&quot;3&quot;,&quot;columns_tablet&quot;:&quot;6&quot;,&quot;columns_mobile&quot;:&quot;12&quot;,&quot;hero1_layout_column_gap&quot;:{&quot;unit&quot;:&quot;px&quot;,&quot;size&quot;:30,&quot;sizes&quot;:[]},&quot;hero1_layout_column_gap_tablet&quot;:{&quot;unit&quot;:&quot;px&quot;,&quot;size&quot;:&quot;&quot;,&quot;sizes&quot;:[]},&quot;hero1_layout_column_gap_mobile&quot;:{&quot;unit&quot;:&quot;px&quot;,&quot;size&quot;:&quot;&quot;,&quot;sizes&quot;:[]},&quot;hero1_layout_row_gap&quot;:{&quot;unit&quot;:&quot;px&quot;,&quot;size&quot;:30,&quot;sizes&quot;:[]},&quot;hero1_layout_row_gap_tablet&quot;:{&quot;unit&quot;:&quot;px&quot;,&quot;size&quot;:&quot;&quot;,&quot;sizes&quot;:[]},&quot;hero1_layout_row_gap_mobile&quot;:{&quot;unit&quot;:&quot;px&quot;,&quot;size&quot;:&quot;&quot;,&quot;sizes&quot;:[]}}\" data-widget_type=\"blfe-post-grid.hero1\">\n\t\t\t\t<div class=\"elementor-widget-container\">\n\t\t\t\t\t\n                        <div class=\"blfe-post-grid-container \">\n            \n                <div data-skin=\"hero1\" class=\"blfe-row blfe-posts-inner blfe-hero1 blfe-posts-inner blfe-col-3 blfe-col-tab-6 blfe-col-mob-12     \">\n                            <div class=\"blfe-post-grid-item\">\n            <div class=\"blfe-post-grid-item-inner blfe-modern-zoom\">\n                        <div class=\"blfe-post-grid-bg-image\">\n            <a class=\"blfe-post-grid-image-inner\" href=\"https:\/\/soymigrante.com\/revista\/rosa-maria-turcios-de-maquila-a-emprendedora-con-rosas-y-g\/\" title=\"Rosa Mar\u00eda Turcios: De maquila a emprendedora con Rosas y G\" rel=\"nofollow\" target=\"_blank\"><img decoding=\"async\" src=\"https:\/\/soymigrante.com\/revista\/wp-content\/uploads\/2025\/10\/rosa-maria-turcios-de-maquila-a-emprendedora-con-rosas-y-g.jpg\" alt=\"Rosa Mar\u00eda Turcios: De maquila a emprendedora con Rosas y G\"\/><\/a>        <\/div>\n                        <div class=\"blfe-post-grid-details\">\n                    <div class=\"blfe-post-grid-details-inner\">\n                        <span class=\"blfe-post-category\"><a href=\"https:\/\/soymigrante.com\/revista\/category\/guate-nuestra\/\">Guate Nuestra<\/a><\/span>                        <h3 class=\"blfe-post-grid-title\">\n            <a href=\"https:\/\/soymigrante.com\/revista\/rosa-maria-turcios-de-maquila-a-emprendedora-con-rosas-y-g\/\" title=\"Rosa Mar\u00eda Turcios: De maquila a emprendedora con Rosas y G\" rel=\"nofollow\" target=\"_blank\">Rosa Mar\u00eda Turcios: De maquila a emprendedora con Rosas y G<\/a>\n            <\/h3>                                                            <div class=\"blfe-post-grid-meta\">\n                <span class=\"blfe-post-grid-time\"><i class=\"fas fa-book-reader\"><\/i>1 Min read<\/span>            <\/div>\n                                                        <\/div>\n                <\/div>\n\n            <\/div>\n        <\/div>\n                <div class=\"blfe-post-grid-item\">\n            <div class=\"blfe-post-grid-item-inner blfe-modern-zoom\">\n                        <div class=\"blfe-post-grid-bg-image\">\n            <a class=\"blfe-post-grid-image-inner\" href=\"https:\/\/soymigrante.com\/revista\/el-obsequio-perfecto-articulos-elaborados-con-amor-de-mama-en-soymigrante-com-mercado\/\" title=\"El obsequio perfecto: art\u00edculos elaborados con amor de Mam\u00e1, en SoyMigrante.com MERCADO\" rel=\"nofollow\" target=\"_blank\"><img decoding=\"async\" src=\"https:\/\/soymigrante.com\/revista\/wp-content\/uploads\/2025\/05\/raices-manualidades-scaled.webp\" alt=\"El obsequio perfecto: art\u00edculos elaborados con amor de Mam\u00e1, en SoyMigrante.com MERCADO\"\/><\/a>        <\/div>\n                        <div class=\"blfe-post-grid-details\">\n                    <div class=\"blfe-post-grid-details-inner\">\n                        <span class=\"blfe-post-category\"><a href=\"https:\/\/soymigrante.com\/revista\/category\/guate-nuestra\/\">Guate Nuestra<\/a><\/span>                        <h3 class=\"blfe-post-grid-title\">\n            <a href=\"https:\/\/soymigrante.com\/revista\/el-obsequio-perfecto-articulos-elaborados-con-amor-de-mama-en-soymigrante-com-mercado\/\" title=\"El obsequio perfecto: art\u00edculos elaborados con amor de Mam\u00e1, en SoyMigrante.com MERCADO\" rel=\"nofollow\" target=\"_blank\">El obsequio perfecto: art\u00edculos elaborados con amor de Mam\u00e1, en SoyMigrante.com MERCADO<\/a>\n            <\/h3>                                                            <div class=\"blfe-post-grid-meta\">\n                <span class=\"blfe-post-grid-time\"><i class=\"fas fa-book-reader\"><\/i>4 Min read<\/span>            <\/div>\n                                                        <\/div>\n                <\/div>\n\n            <\/div>\n        <\/div>\n                <div class=\"blfe-post-grid-item\">\n            <div class=\"blfe-post-grid-item-inner blfe-modern-zoom\">\n                        <div class=\"blfe-post-grid-bg-image\">\n            <a class=\"blfe-post-grid-image-inner\" href=\"https:\/\/soymigrante.com\/revista\/reserva-biosfera-trifinio-fraternidad-esto-debes-saber\/\" title=\"Reserva Biosfera Trifinio-Fraternidad: bosque compartido por Guatemala, El Salvador y Honduras\" rel=\"nofollow\" target=\"_blank\"><img decoding=\"async\" src=\"https:\/\/soymigrante.com\/revista\/wp-content\/uploads\/2025\/04\/Biosfera-Trifinio-Fraternidad-2.webp\" alt=\"Reserva Biosfera Trifinio-Fraternidad: bosque compartido por Guatemala, El Salvador y Honduras\"\/><\/a>        <\/div>\n                        <div class=\"blfe-post-grid-details\">\n                    <div class=\"blfe-post-grid-details-inner\">\n                        <span class=\"blfe-post-category\"><a href=\"https:\/\/soymigrante.com\/revista\/category\/guate-nuestra\/\">Guate Nuestra<\/a><\/span>                        <h3 class=\"blfe-post-grid-title\">\n            <a href=\"https:\/\/soymigrante.com\/revista\/reserva-biosfera-trifinio-fraternidad-esto-debes-saber\/\" title=\"Reserva Biosfera Trifinio-Fraternidad: bosque compartido por Guatemala, El Salvador y Honduras\" rel=\"nofollow\" target=\"_blank\">Reserva Biosfera Trifinio-Fraternidad: bosque compartido por Guatemala, El Salvador y Honduras<\/a>\n            <\/h3>                                                            <div class=\"blfe-post-grid-meta\">\n                <span class=\"blfe-post-grid-time\"><i class=\"fas fa-book-reader\"><\/i>3 Min read<\/span>            <\/div>\n                                                        <\/div>\n                <\/div>\n\n            <\/div>\n        <\/div>\n                        <\/div>\n\n                        <\/div>\n            \n                        <div class=\"blfe-post-footer\">\n                        <\/div>\n            \t\t\t\t<\/div>\n\t\t\t\t<\/div>\n\t\t\t\t\t<\/div>\n\t\t\t\t<\/div>\n\t\t\t\t<\/div>\n\t\t","protected":false},"excerpt":{"rendered":"<p>Uaxact\u00fan una ciudad que ha permanecido con los secretos de los mayas y que es una joya en Pet\u00e9n. Ubicada en el coraz\u00f3n de la Reserva de la Biosfera Maya, a unos 25 kil\u00f3metros al norte de Tikal, Uaxact\u00fan es una de las ciudades m\u00e1s antiguas de la civilizaci\u00f3n maya y un lugar de gran [&hellip;]<\/p>\n","protected":false},"author":19,"featured_media":10442,"comment_status":"open","ping_status":"open","sticky":false,"template":"","format":"standard","meta":{"_acf_changed":false,"_eb_attr":"","footnotes":""},"categories":[58],"tags":[],"class_list":["post-10441","post","type-post","status-publish","format-standard","has-post-thumbnail","hentry","category-guate-nuestra"],"acf":[],"aioseo_notices":[],"aioseo_head":"\n\t\t<!-- All in One SEO Pro 4.9.6.2 - aioseo.com -->\n\t<meta name=\"description\" content=\"La Biosfera Trifinio-Fraternidad es un modelo de ayuda y cooperaci\u00f3n para conservar un tesoro compartido por Guatemala, El Salvador y Honduras.\" \/>\n\t<meta name=\"robots\" content=\"max-snippet:-1, max-image-preview:large, max-video-preview:-1\" \/>\n\t<meta name=\"author\" content=\"Marysabel Aldana\"\/>\n\t<link rel=\"canonical\" href=\"https:\/\/soymigrante.com\/revista\/reserva-biosfera-trifinio-fraternidad-esto-debes-saber\/\" \/>\n\t<meta name=\"generator\" content=\"All in One SEO Pro (AIOSEO) 4.9.6.2\" \/>\n\n\t\t<link rel=\"preconnect\" href=\"https:\/\/fonts.googleapis.com\" crossorigin>\n<link rel=\"preconnect\" href=\"https:\/\/fonts.gstatic.com\" crossorigin>\n\t\t<meta property=\"og:locale\" content=\"es_ES\" \/>\n\t\t<meta property=\"og:site_name\" content=\"SoyMigrante.com REVISTA \u2013 Nuestra misi\u00f3n es reconocer y dignificar al migrante.\" \/>\n\t\t<meta property=\"og:type\" content=\"article\" \/>\n\t\t<meta property=\"og:title\" content=\"Reserva Trifinio: bosque compartido por tres pa\u00edses hermanos\" \/>\n\t\t<meta property=\"og:description\" content=\"La Biosfera Trifinio-Fraternidad es un modelo de ayuda y cooperaci\u00f3n para conservar un tesoro compartido por Guatemala, El Salvador y Honduras.\" \/>\n\t\t<meta property=\"og:url\" content=\"https:\/\/soymigrante.com\/revista\/reserva-biosfera-trifinio-fraternidad-esto-debes-saber\/\" \/>\n\t\t<meta property=\"og:image\" content=\"https:\/\/soymigrante.com\/revista\/wp-content\/uploads\/2025\/04\/Biosfera-Trifinio-Fraternidad-2.webp\" \/>\n\t\t<meta property=\"og:image:secure_url\" content=\"https:\/\/soymigrante.com\/revista\/wp-content\/uploads\/2025\/04\/Biosfera-Trifinio-Fraternidad-2.webp\" \/>\n\t\t<meta property=\"og:image:width\" content=\"474\" \/>\n\t\t<meta property=\"og:image:height\" content=\"355\" \/>\n\t\t<meta property=\"article:published_time\" content=\"2026-03-01T20:20:39+00:00\" \/>\n\t\t<meta property=\"article:modified_time\" content=\"2026-03-01T20:20:47+00:00\" \/>\n\t\t<meta property=\"article:publisher\" content=\"https:\/\/www.facebook.com\/soymigrantecom\" \/>\n\t\t<meta name=\"twitter:card\" content=\"summary_large_image\" \/>\n\t\t<meta name=\"twitter:site\" content=\"@SoyMigrante_com\" \/>\n\t\t<meta name=\"twitter:title\" content=\"Reserva Trifinio: bosque compartido por tres pa\u00edses hermanos\" \/>\n\t\t<meta name=\"twitter:description\" content=\"La Biosfera Trifinio-Fraternidad es un modelo de ayuda y cooperaci\u00f3n para conservar un tesoro compartido por Guatemala, El Salvador y Honduras.\" \/>\n\t\t<meta name=\"twitter:creator\" content=\"@SoyMigrante_com\" \/>\n\t\t<meta name=\"twitter:image\" content=\"https:\/\/soymigrante.com\/revista\/wp-content\/uploads\/2025\/04\/Biosfera-Trifinio-Fraternidad-2.webp\" \/>\n\t\t<!-- All in One SEO Pro -->\r\n\t\t<title>Reserva Trifinio: bosque compartido por tres pa\u00edses hermanos<\/title>\n\n","aioseo_head_json":{"title":"Reserva Trifinio: bosque compartido por tres pa\u00edses hermanos","description":"La Biosfera Trifinio-Fraternidad es un modelo de ayuda y cooperaci\u00f3n para conservar un tesoro compartido por Guatemala, El Salvador y Honduras.","canonical_url":"https:\/\/soymigrante.com\/revista\/reserva-biosfera-trifinio-fraternidad-esto-debes-saber\/","robots":"max-snippet:-1, max-image-preview:large, max-video-preview:-1","keywords":"","webmasterTools":{"miscellaneous":"&lt;link rel=\"preconnect\" href=\"https:\/\/fonts.googleapis.com\" crossorigin&gt;\n&lt;link rel=\"preconnect\" href=\"https:\/\/fonts.gstatic.com\" crossorigin&gt;"},"schema":null,"og:locale":"es_ES","og:site_name":"SoyMigrante.com REVISTA \u2013 Nuestra misi\u00f3n es reconocer y dignificar al migrante.","og:type":"article","og:title":"Reserva Trifinio: bosque compartido por tres pa\u00edses hermanos","og:description":"La Biosfera Trifinio-Fraternidad es un modelo de ayuda y cooperaci\u00f3n para conservar un tesoro compartido por Guatemala, El Salvador y Honduras.","og:url":"https:\/\/soymigrante.com\/revista\/reserva-biosfera-trifinio-fraternidad-esto-debes-saber\/","og:image":"https:\/\/soymigrante.com\/revista\/wp-content\/uploads\/2025\/04\/Biosfera-Trifinio-Fraternidad-2.webp","og:image:secure_url":"https:\/\/soymigrante.com\/revista\/wp-content\/uploads\/2025\/04\/Biosfera-Trifinio-Fraternidad-2.webp","og:image:width":474,"og:image:height":355,"article:published_time":"2026-03-01T20:20:39+00:00","article:modified_time":"2026-03-01T20:20:47+00:00","article:publisher":"https:\/\/www.facebook.com\/soymigrantecom","twitter:card":"summary_large_image","twitter:site":"@SoyMigrante_com","twitter:title":"Reserva Trifinio: bosque compartido por tres pa\u00edses hermanos","twitter:description":"La Biosfera Trifinio-Fraternidad es un modelo de ayuda y cooperaci\u00f3n para conservar un tesoro compartido por Guatemala, El Salvador y Honduras.","twitter:creator":"@SoyMigrante_com","twitter:image":"https:\/\/soymigrante.com\/revista\/wp-content\/uploads\/2025\/04\/Biosfera-Trifinio-Fraternidad-2.webp"},"aioseo_meta_data":{"post_id":"10441","title":null,"description":"Se trata de un sitio arqueol\u00f3gico maya a\u00fan muy poco conocido y pr\u00f3ximo a Tikal. Vale la pena ir, tan solo para aprecier la arquitectura orientada a los solsticios.","keywords":null,"keyphrases":{"focus":{"keyphrase":"Uaxact\u00fan","score":91,"analysis":{"keyphraseInTitle":{"score":9,"maxScore":9,"error":0},"keyphraseInDescription":{"score":3,"maxScore":9,"error":1},"keyphraseLength":{"score":9,"maxScore":9,"error":0,"length":2},"keyphraseInURL":{"score":5,"maxScore":5,"error":0},"keyphraseInIntroduction":{"score":9,"maxScore":9,"error":0},"keyphraseInSubHeadings":{"score":9,"maxScore":9,"error":0},"keyphraseInImageAlt":{"score":9,"maxScore":9,"error":0},"keywordDensity":{"type":"best","score":9,"maxScore":9,"error":0}}},"additional":[{"keyphrase":"Uaxact\u00fan","score":87,"analysis":{"keyphraseInDescription":{"score":3,"maxScore":9,"error":1},"keyphraseLength":{"score":9,"maxScore":9,"error":0,"length":2},"keyphraseInIntroduction":{"score":9,"maxScore":9,"error":0},"keyphraseInImageAlt":{"score":9,"maxScore":9,"error":0},"keywordDensity":{"type":"best","score":9,"maxScore":9,"error":0}}},{"keyphrase":"Maya","score":100,"analysis":{"keyphraseInDescription":{"score":9,"maxScore":9,"error":0},"keyphraseLength":{"score":9,"maxScore":9,"error":0,"length":1},"keyphraseInIntroduction":{"score":9,"maxScore":9,"error":0},"keyphraseInImageAlt":{"score":9,"maxScore":9,"error":0},"keywordDensity":{"type":"best","score":9,"maxScore":9,"error":0}}},{"keyphrase":"Pet\u00e9n","score":40,"analysis":{"keyphraseInDescription":{"score":3,"maxScore":9,"error":1},"keyphraseLength":{"score":9,"maxScore":9,"error":0,"length":2},"keyphraseInIntroduction":{"score":3,"maxScore":9,"error":1},"keyphraseInImageAlt":{"score":3,"maxScore":9,"error":1},"keywordDensity":{"score":0,"type":"low","maxScore":9,"error":1}}}]},"primary_term":null,"canonical_url":null,"og_title":null,"og_description":null,"og_object_type":"default","og_image_type":"default","og_image_url":null,"og_image_width":null,"og_image_height":null,"og_image_custom_url":null,"og_image_custom_fields":null,"og_video":"","og_custom_url":null,"og_article_section":null,"og_article_tags":null,"twitter_use_og":false,"twitter_card":"default","twitter_image_type":"default","twitter_image_url":null,"twitter_image_custom_url":null,"twitter_image_custom_fields":null,"twitter_title":null,"twitter_description":null,"schema":{"blockGraphs":[],"customGraphs":[],"default":{"data":{"Article":[],"Course":[],"Dataset":[],"FAQPage":[],"Movie":[],"Person":[],"Product":[],"ProductReview":[],"Car":[],"Recipe":[],"Service":[],"SoftwareApplication":[],"WebPage":[]},"graphName":"Article","isEnabled":true},"graphs":[]},"schema_type":"default","schema_type_options":null,"pillar_content":false,"robots_default":true,"robots_noindex":false,"robots_noarchive":false,"robots_nosnippet":false,"robots_nofollow":false,"robots_noimageindex":false,"robots_noodp":false,"robots_notranslate":false,"robots_max_snippet":"-1","robots_max_videopreview":"-1","robots_max_imagepreview":"large","priority":null,"frequency":"default","local_seo":null,"seo_analyzer_scan_date":"2025-10-08 23:43:50","breadcrumb_settings":null,"limit_modified_date":false,"reviewed_by":null,"open_ai":"{\"title\":{\"suggestions\":[],\"usage\":0},\"description\":{\"suggestions\":[],\"usage\":0}}","ai":null,"created":"2024-10-16 20:20:37","updated":"2026-02-04 15:08:57"},"aioseo_breadcrumb":"<div class=\"aioseo-breadcrumbs\"><span class=\"aioseo-breadcrumb\">\n\t<a href=\"https:\/\/soymigrante.com\/revista\" title=\"Home\">Home<\/a>\n<\/span><span class=\"aioseo-breadcrumb-separator\">\u00bb<\/span><span class=\"aioseo-breadcrumb\">\n\t<a href=\"https:\/\/soymigrante.com\/revista\/category\/guate-nuestra\/\" title=\"Guate Nuestra\">Guate Nuestra<\/a>\n<\/span><span class=\"aioseo-breadcrumb-separator\">\u00bb<\/span><span class=\"aioseo-breadcrumb\">\n\tUaxact\u00fan: La ciudad maya que sigue viva en la selva\n<\/span><\/div>","aioseo_breadcrumb_json":[{"label":"Home","link":"https:\/\/soymigrante.com\/revista"},{"label":"Guate Nuestra","link":"https:\/\/soymigrante.com\/revista\/category\/guate-nuestra\/"},{"label":"Uaxact\u00fan: La ciudad maya que sigue viva en la selva","link":"https:\/\/soymigrante.com\/revista\/uaxactun-la-ciudad-maya-que-sigue-viva-en-la-selva\/"}],"_links":{"self":[{"href":"https:\/\/soymigrante.com\/revista\/wp-json\/wp\/v2\/posts\/10441","targetHints":{"allow":["GET"]}}],"collection":[{"href":"https:\/\/soymigrante.com\/revista\/wp-json\/wp\/v2\/posts"}],"about":[{"href":"https:\/\/soymigrante.com\/revista\/wp-json\/wp\/v2\/types\/post"}],"author":[{"embeddable":true,"href":"https:\/\/soymigrante.com\/revista\/wp-json\/wp\/v2\/users\/19"}],"replies":[{"embeddable":true,"href":"https:\/\/soymigrante.com\/revista\/wp-json\/wp\/v2\/comments?post=10441"}],"version-history":[{"count":6,"href":"https:\/\/soymigrante.com\/revista\/wp-json\/wp\/v2\/posts\/10441\/revisions"}],"predecessor-version":[{"id":37220,"href":"https:\/\/soymigrante.com\/revista\/wp-json\/wp\/v2\/posts\/10441\/revisions\/37220"}],"wp:featuredmedia":[{"embeddable":true,"href":"https:\/\/soymigrante.com\/revista\/wp-json\/wp\/v2\/media\/10442"}],"wp:attachment":[{"href":"https:\/\/soymigrante.com\/revista\/wp-json\/wp\/v2\/media?parent=10441"}],"wp:term":[{"taxonomy":"category","embeddable":true,"href":"https:\/\/soymigrante.com\/revista\/wp-json\/wp\/v2\/categories?post=10441"},{"taxonomy":"post_tag","embeddable":true,"href":"https:\/\/soymigrante.com\/revista\/wp-json\/wp\/v2\/tags?post=10441"}],"curies":[{"name":"wp","href":"https:\/\/api.w.org\/{rel}","templated":true}]}}