{"id":10432,"date":"2024-10-18T10:14:11","date_gmt":"2024-10-18T16:14:11","guid":{"rendered":"https:\/\/soymigrante.com\/revista\/?p=10432"},"modified":"2024-11-01T13:59:58","modified_gmt":"2024-11-01T19:59:58","slug":"la-verguenza-es-un-obstaculo-innecesario-en-la-vida","status":"publish","type":"post","link":"https:\/\/soymigrante.com\/revista\/la-verguenza-es-un-obstaculo-innecesario-en-la-vida\/","title":{"rendered":"La verg\u00fcenza puede convertirse en un obst\u00e1culo social"},"content":{"rendered":"\t\t<div data-elementor-type=\"wp-post\" data-elementor-id=\"10432\" class=\"elementor elementor-10432\" data-elementor-post-type=\"post\">\n\t\t\t\t<div data-particle_enable=\"false\" data-particle-mobile-disabled=\"false\" class=\"elementor-element elementor-element-c28e263 e-flex e-con-boxed e-con e-parent\" data-id=\"c28e263\" data-element_type=\"container\" data-e-type=\"container\">\n\t\t\t\t\t<div class=\"e-con-inner\">\n\t\t\t\t<div class=\"elementor-element elementor-element-a47c46f elementor-widget elementor-widget-heading\" data-id=\"a47c46f\" data-element_type=\"widget\" data-e-type=\"widget\" data-widget_type=\"heading.default\">\n\t\t\t\t\t<h2 class=\"elementor-heading-title elementor-size-default\">La verg\u00fcenza, aunque es una emoci\u00f3n natural, no tiene lugar en la b\u00fasqueda de trabajo ni en la realizaci\u00f3n de tr\u00e1mites.<\/h2>\t\t\t\t<\/div>\n\t\t\t\t\t<\/div>\n\t\t\t\t<\/div>\n\t\t<div data-particle_enable=\"false\" data-particle-mobile-disabled=\"false\" class=\"elementor-element elementor-element-b703a7a e-flex e-con-boxed e-con e-parent\" data-id=\"b703a7a\" data-element_type=\"container\" data-e-type=\"container\">\n\t\t\t\t\t<div class=\"e-con-inner\">\n\t\t\t\t<div class=\"elementor-element elementor-element-4b290cb elementor-widget elementor-widget-text-editor\" data-id=\"4b290cb\" data-element_type=\"widget\" data-e-type=\"widget\" data-widget_type=\"text-editor.default\">\n\t\t\t\t\t\t\t\t\t<p>Enfrentarse a situaciones que requieren interacciones sociales, <a href=\"https:\/\/soymigrante.com\/revista\/compromiso-con-el-trabajo-hay-que-saber-ser-realista-y-eficiente\/\" target=\"_blank\" rel=\"noopener\">como hacer tr\u00e1mites o buscar trabajo, puede despertar sensaciones de verg\u00fcenza en algunas personas.<\/a> Sin embargo, esa verg\u00fcenza puede ser un obst\u00e1culo m\u00e1s que un aliado, impidiendo aprovechar oportunidades o realizar tareas necesarias. De hecho, cuando la verg\u00fcenza es extrema, puede llevar al aislamiento, creando barreras que limitan el desarrollo personal y profesional.<\/p>\t\t\t\t\t\t\t\t<\/div>\n\t\t\t\t\t<\/div>\n\t\t\t\t<\/div>\n\t\t<div data-particle_enable=\"false\" data-particle-mobile-disabled=\"false\" class=\"elementor-element elementor-element-06ef61f e-flex e-con-boxed e-con e-parent\" data-id=\"06ef61f\" data-element_type=\"container\" data-e-type=\"container\">\n\t\t\t\t\t<div class=\"e-con-inner\">\n\t\t\t\t<div class=\"elementor-element elementor-element-3d639ee elementor-widget elementor-widget-heading\" data-id=\"3d639ee\" data-element_type=\"widget\" data-e-type=\"widget\" data-widget_type=\"heading.default\">\n\t\t\t\t\t<h3 class=\"elementor-heading-title elementor-size-default\">\u00bfPor qu\u00e9 la verg\u00fcenza no sirve de nada?<\/h3>\t\t\t\t<\/div>\n\t\t\t\t\t<\/div>\n\t\t\t\t<\/div>\n\t\t<div data-particle_enable=\"false\" data-particle-mobile-disabled=\"false\" class=\"elementor-element elementor-element-d58ec7d e-flex e-con-boxed e-con e-parent\" data-id=\"d58ec7d\" data-element_type=\"container\" data-e-type=\"container\">\n\t\t\t\t\t<div class=\"e-con-inner\">\n\t\t\t\t<div class=\"elementor-element elementor-element-dea2da6 elementor-widget elementor-widget-text-editor\" data-id=\"dea2da6\" data-element_type=\"widget\" data-e-type=\"widget\" data-widget_type=\"text-editor.default\">\n\t\t\t\t\t\t\t\t\t<p>La verg\u00fcenza es una emoci\u00f3n natural que todos hemos sentido en alg\u00fan momento, especialmente cuando nos enfrentamos a lo desconocido o tememos ser juzgados. Sin embargo, <a href=\"https:\/\/soymigrante.com\/revista\/compromiso-con-el-trabajo-hay-que-saber-ser-realista-y-eficiente\/\" target=\"_blank\" rel=\"noopener\">en situaciones como la b\u00fasqueda de empleo o la realizaci\u00f3n de tr\u00e1mites, esta emoci\u00f3n no solo es innecesaria, sino que puede convertirse en un freno.<\/a><\/p>\t\t\t\t\t\t\t\t<\/div>\n\t\t\t\t\t<\/div>\n\t\t\t\t<\/div>\n\t\t<div data-particle_enable=\"false\" data-particle-mobile-disabled=\"false\" class=\"elementor-element elementor-element-8b7d150 e-flex e-con-boxed e-con e-parent\" data-id=\"8b7d150\" data-element_type=\"container\" data-e-type=\"container\">\n\t\t\t\t\t<div class=\"e-con-inner\">\n\t\t\t\t<div class=\"elementor-element elementor-element-f68dd54 elementor-widget elementor-widget-text-editor\" data-id=\"f68dd54\" data-element_type=\"widget\" data-e-type=\"widget\" data-widget_type=\"text-editor.default\">\n\t\t\t\t\t\t\t\t\t<div><strong>1. Tr\u00e1mites y procesos burocr\u00e1ticos:<\/strong> Muchas personas sienten verg\u00fcenza al preguntar sobre c\u00f3mo completar un tr\u00e1mite o pedir ayuda para entender un documento. Sin embargo, es importante recordar que las instituciones est\u00e1n dise\u00f1adas para brindar servicios y que no hay preguntas \u201ctontas\u201d. Preguntar con claridad y seguridad es fundamental para evitar errores que podr\u00edan retrasar procesos importantes.<\/div><div>\u00a0<\/div><div><strong>2. B\u00fasqueda de empleo:<\/strong> <a href=\"https:\/\/soymigrante.com\/revista\/compromiso-con-el-trabajo-hay-que-saber-ser-realista-y-eficiente\/\" target=\"_blank\" rel=\"noopener\">En el contexto laboral, la verg\u00fcenza puede impedir que alguien busque empleo con confianza.<\/a> Sentirse inc\u00f3modo al hablar de las propias habilidades o experiencia puede disminuir las posibilidades de ser contratado. En una entrevista de trabajo, mostrarse seguro es crucial, ya que la verg\u00fcenza puede ser percibida como falta de competencia o inseguridad.<\/div>\t\t\t\t\t\t\t\t<\/div>\n\t\t\t\t\t<\/div>\n\t\t\t\t<\/div>\n\t\t<div data-particle_enable=\"false\" data-particle-mobile-disabled=\"false\" class=\"elementor-element elementor-element-1d4e584 e-flex e-con-boxed e-con e-parent\" data-id=\"1d4e584\" data-element_type=\"container\" data-e-type=\"container\">\n\t\t\t\t\t<div class=\"e-con-inner\">\n\t\t\t\t<div class=\"elementor-element elementor-element-1c375b8 elementor-widget elementor-widget-image\" data-id=\"1c375b8\" data-element_type=\"widget\" data-e-type=\"widget\" data-widget_type=\"image.default\">\n\t\t\t\t\t\t\t\t\t\t\t\t<figure class=\"wp-caption\">\n\t\t\t\t\t\t\t\t\t\t<img fetchpriority=\"high\" decoding=\"async\" width=\"768\" height=\"512\" src=\"https:\/\/soymigrante.com\/revista\/wp-content\/uploads\/2024\/10\/La-verguenza-un-obstaculo-innecesario-en-la-vida-2-1024x683.jpg\" class=\"attachment-large size-large wp-image-10434\" alt=\"So\u00f1ador sentado con los brazos cruzados en una esquina, reflejando tristeza y desesperanza, relacionado con migrantes, derechos humanos y apoyo a la comunidad migrante en Am\u00e9rica Latina.\" srcset=\"https:\/\/soymigrante.com\/revista\/wp-content\/uploads\/2024\/10\/La-verguenza-un-obstaculo-innecesario-en-la-vida-2-1024x683.jpg.webp 1024w, https:\/\/soymigrante.com\/revista\/wp-content\/uploads\/2024\/10\/La-verguenza-un-obstaculo-innecesario-en-la-vida-2-300x200.webp 300w, https:\/\/soymigrante.com\/revista\/wp-content\/uploads\/2024\/10\/La-verguenza-un-obstaculo-innecesario-en-la-vida-2-768x512.jpg.webp 768w, https:\/\/soymigrante.com\/revista\/wp-content\/uploads\/2024\/10\/La-verguenza-un-obstaculo-innecesario-en-la-vida-2-1536x1024.jpg.webp 1536w, https:\/\/soymigrante.com\/revista\/wp-content\/uploads\/2024\/10\/La-verguenza-un-obstaculo-innecesario-en-la-vida-2-2048x1365.jpg.webp 2048w, https:\/\/soymigrante.com\/revista\/wp-content\/uploads\/2024\/10\/La-verguenza-un-obstaculo-innecesario-en-la-vida-2-750x500.webp 750w, https:\/\/soymigrante.com\/revista\/wp-content\/uploads\/2024\/10\/La-verguenza-un-obstaculo-innecesario-en-la-vida-2-1140x760.jpg.webp 1140w, https:\/\/soymigrante.com\/revista\/wp-content\/uploads\/2024\/10\/La-verguenza-un-obstaculo-innecesario-en-la-vida-2-scaled.webp 1920w\" sizes=\"(max-width: 768px) 100vw, 768px\" title=\"La verg\u00fcenza: un obst\u00e1culo innecesario en la vida \u2013 SoyMigrante.com REVISTA\" \/>\t\t\t\t\t\t\t\t\t\t\t<figcaption class=\"widget-image-caption wp-caption-text\">Joven migrante en actitud de tristeza, sentado en un rinc\u00f3n, simbolizando vulnerabilidad y necesidad de apoyo por parte de la comunidad migrante en Am\u00e9rica Latina.<\/figcaption>\n\t\t\t\t\t\t\t\t\t\t<\/figure>\n\t\t\t\t\t\t\t\t\t<\/div>\n\t\t\t\t\t<\/div>\n\t\t\t\t<\/div>\n\t\t<div data-particle_enable=\"false\" data-particle-mobile-disabled=\"false\" class=\"elementor-element elementor-element-e82ad92 e-flex e-con-boxed e-con e-parent\" data-id=\"e82ad92\" data-element_type=\"container\" data-e-type=\"container\">\n\t\t\t\t\t<div class=\"e-con-inner\">\n\t\t\t\t<div class=\"elementor-element elementor-element-3adf8e4 elementor-widget elementor-widget-heading\" data-id=\"3adf8e4\" data-element_type=\"widget\" data-e-type=\"widget\" data-widget_type=\"heading.default\">\n\t\t\t\t\t<h3 class=\"elementor-heading-title elementor-size-default\">La verg\u00fcenza extrema y el aislamiento<\/h3>\t\t\t\t<\/div>\n\t\t\t\t\t<\/div>\n\t\t\t\t<\/div>\n\t\t<div data-particle_enable=\"false\" data-particle-mobile-disabled=\"false\" class=\"elementor-element elementor-element-a27960e e-flex e-con-boxed e-con e-parent\" data-id=\"a27960e\" data-element_type=\"container\" data-e-type=\"container\">\n\t\t\t\t\t<div class=\"e-con-inner\">\n\t\t\t\t<div class=\"elementor-element elementor-element-667929f elementor-widget elementor-widget-text-editor\" data-id=\"667929f\" data-element_type=\"widget\" data-e-type=\"widget\" data-widget_type=\"text-editor.default\">\n\t\t\t\t\t\t\t\t\t<p>Cuando la verg\u00fcenza se convierte en una barrera constante, puede derivar en aislamiento social. Evitar situaciones que generan incomodidad \u2013como interactuar con otros, solicitar apoyo o exponerse en p\u00fablico\u2013 puede alejar a las personas de oportunidades importantes. Este aislamiento puede afectar no solo la vida profesional, sino tambi\u00e9n la personal, limitando el crecimiento y las relaciones.<\/p><p><a href=\"https:\/\/soymigrante.com\/revista\/compromiso-con-el-trabajo-hay-que-saber-ser-realista-y-eficiente\/\" target=\"_blank\" rel=\"noopener\">El problema es que cuanto m\u00e1s se evita la interacci\u00f3n por verg\u00fcenza, m\u00e1s dif\u00edcil se vuelve salir de ese ciclo<\/a>. Poco a poco, las oportunidades se pierden y el individuo se queda atrapado en su zona de confort, sin avanzar.<\/p>\t\t\t\t\t\t\t\t<\/div>\n\t\t\t\t\t<\/div>\n\t\t\t\t<\/div>\n\t\t<div data-particle_enable=\"false\" data-particle-mobile-disabled=\"false\" class=\"elementor-element elementor-element-f888b0e e-flex e-con-boxed e-con e-parent\" data-id=\"f888b0e\" data-element_type=\"container\" data-e-type=\"container\">\n\t\t\t\t\t<div class=\"e-con-inner\">\n\t\t\t\t<div class=\"elementor-element elementor-element-b05e3c9 elementor-widget elementor-widget-image\" data-id=\"b05e3c9\" data-element_type=\"widget\" data-e-type=\"widget\" data-widget_type=\"image.default\">\n\t\t\t\t\t\t\t\t\t\t\t\t\t\t\t<img decoding=\"async\" width=\"768\" height=\"548\" src=\"https:\/\/soymigrante.com\/revista\/wp-content\/uploads\/2024\/10\/La-verguenza-un-obstaculo-innecesario-en-la-vida-3-1024x731.webp\" class=\"attachment-large size-large wp-image-10435\" alt=\"Joven con angustia sentado en el suelo, representando dificultades y desaf\u00edos de la comunidad migrante en la revista SoyMigrante.com REVISTA.\" srcset=\"https:\/\/soymigrante.com\/revista\/wp-content\/uploads\/2024\/10\/La-verguenza-un-obstaculo-innecesario-en-la-vida-3-1024x731.webp 1024w, https:\/\/soymigrante.com\/revista\/wp-content\/uploads\/2024\/10\/La-verguenza-un-obstaculo-innecesario-en-la-vida-3-300x214.webp 300w, https:\/\/soymigrante.com\/revista\/wp-content\/uploads\/2024\/10\/La-verguenza-un-obstaculo-innecesario-en-la-vida-3-768x549.webp 768w, https:\/\/soymigrante.com\/revista\/wp-content\/uploads\/2024\/10\/La-verguenza-un-obstaculo-innecesario-en-la-vida-3-1536x1097.webp 1536w, https:\/\/soymigrante.com\/revista\/wp-content\/uploads\/2024\/10\/La-verguenza-un-obstaculo-innecesario-en-la-vida-3-scaled.webp 1920w, https:\/\/soymigrante.com\/revista\/wp-content\/uploads\/2024\/10\/La-verguenza-un-obstaculo-innecesario-en-la-vida-3-120x86.webp 120w, https:\/\/soymigrante.com\/revista\/wp-content\/uploads\/2024\/10\/La-verguenza-un-obstaculo-innecesario-en-la-vida-3-350x250.webp 350w, https:\/\/soymigrante.com\/revista\/wp-content\/uploads\/2024\/10\/La-verguenza-un-obstaculo-innecesario-en-la-vida-3-750x536.webp 750w, https:\/\/soymigrante.com\/revista\/wp-content\/uploads\/2024\/10\/La-verguenza-un-obstaculo-innecesario-en-la-vida-3-1140x814.webp 1140w\" sizes=\"(max-width: 768px) 100vw, 768px\" title=\"La vergu\u0308enza un obsta\u0301culo innecesario en la vida 3 \u2013 SoyMigrante.com REVISTA\" \/>\t\t\t\t\t\t\t\t\t\t\t\t\t\t\t<\/div>\n\t\t\t\t\t<\/div>\n\t\t\t\t<\/div>\n\t\t<div data-particle_enable=\"false\" data-particle-mobile-disabled=\"false\" class=\"elementor-element elementor-element-9037daa e-flex e-con-boxed e-con e-parent\" data-id=\"9037daa\" data-element_type=\"container\" data-e-type=\"container\">\n\t\t\t\t\t<div class=\"e-con-inner\">\n\t\t\t\t<div class=\"elementor-element elementor-element-e5ccdc2 elementor-widget elementor-widget-heading\" data-id=\"e5ccdc2\" data-element_type=\"widget\" data-e-type=\"widget\" data-widget_type=\"heading.default\">\n\t\t\t\t\t<h3 class=\"elementor-heading-title elementor-size-default\">\u00bfC\u00f3mo superar la verg\u00fcenza?<\/h3>\t\t\t\t<\/div>\n\t\t\t\t\t<\/div>\n\t\t\t\t<\/div>\n\t\t<div data-particle_enable=\"false\" data-particle-mobile-disabled=\"false\" class=\"elementor-element elementor-element-d8603f2 e-flex e-con-boxed e-con e-parent\" data-id=\"d8603f2\" data-element_type=\"container\" data-e-type=\"container\">\n\t\t\t\t\t<div class=\"e-con-inner\">\n\t\t\t\t<div class=\"elementor-element elementor-element-3f8f958 elementor-widget elementor-widget-text-editor\" data-id=\"3f8f958\" data-element_type=\"widget\" data-e-type=\"widget\" data-widget_type=\"text-editor.default\">\n\t\t\t\t\t\t\t\t\t<div><strong>1. Reconocer la importancia de la acci\u00f3n<\/strong>: Es esencial recordar que hacer tr\u00e1mites o buscar trabajo son actividades comunes que todos enfrentan en alg\u00fan momento. No hay nada vergonzoso en necesitar informaci\u00f3n o en presentar tu mejor versi\u00f3n para conseguir empleo.<\/div><div><strong>2. Preparaci\u00f3n:<\/strong> Para reducir la verg\u00fcenza, es \u00fatil prepararse. Si se trata de un tr\u00e1mite, investigar sobre los requisitos con antelaci\u00f3n puede aumentar la confianza. Si es una entrevista, practicar las respuestas a posibles preguntas ayuda a sentirse m\u00e1s seguro.<\/div><div><strong>3. Aceptar la posibilidad de error:<\/strong> Todos cometemos errores, y es fundamental entender que errar forma parte del proceso de aprendizaje. No dejar que el miedo a equivocarse o a ser juzgado limite la acci\u00f3n es clave para superar la verg\u00fcenza.<\/div><div><strong>4. Buscar apoyo:<\/strong> A veces, hablar con alguien de confianza sobre los miedos y las inseguridades puede aliviar la sensaci\u00f3n de verg\u00fcenza. Contar con una red de apoyo que motive y brinde perspectivas externas puede ser muy beneficioso.<\/div>\t\t\t\t\t\t\t\t<\/div>\n\t\t\t\t\t<\/div>\n\t\t\t\t<\/div>\n\t\t<div data-particle_enable=\"false\" data-particle-mobile-disabled=\"false\" class=\"elementor-element elementor-element-d9e1009 e-flex e-con-boxed e-con e-parent\" data-id=\"d9e1009\" data-element_type=\"container\" data-e-type=\"container\">\n\t\t\t\t\t<div class=\"e-con-inner\">\n\t\t\t\t<div class=\"elementor-element elementor-element-58d3d04 elementor-widget elementor-widget-image\" data-id=\"58d3d04\" data-element_type=\"widget\" data-e-type=\"widget\" data-widget_type=\"image.default\">\n\t\t\t\t\t\t\t\t\t\t\t\t\t\t\t<img decoding=\"async\" width=\"768\" height=\"512\" src=\"https:\/\/soymigrante.com\/revista\/wp-content\/uploads\/2024\/10\/La-verguenza-un-obstaculo-innecesario-en-la-vida-4-1024x683.webp\" class=\"attachment-large size-large wp-image-10436\" alt=\"Ansiedad y estr\u00e9s en migrantes, apoyo emocional, salud mental, comunidad migrante, protecci\u00f3n y derechos de migrantes.\" srcset=\"https:\/\/soymigrante.com\/revista\/wp-content\/uploads\/2024\/10\/La-verguenza-un-obstaculo-innecesario-en-la-vida-4-1024x683.webp 1024w, https:\/\/soymigrante.com\/revista\/wp-content\/uploads\/2024\/10\/La-verguenza-un-obstaculo-innecesario-en-la-vida-4-300x200.webp 300w, https:\/\/soymigrante.com\/revista\/wp-content\/uploads\/2024\/10\/La-verguenza-un-obstaculo-innecesario-en-la-vida-4-768x512.webp 768w, https:\/\/soymigrante.com\/revista\/wp-content\/uploads\/2024\/10\/La-verguenza-un-obstaculo-innecesario-en-la-vida-4-1536x1024.webp 1536w, https:\/\/soymigrante.com\/revista\/wp-content\/uploads\/2024\/10\/La-verguenza-un-obstaculo-innecesario-en-la-vida-4-scaled.webp 1920w, https:\/\/soymigrante.com\/revista\/wp-content\/uploads\/2024\/10\/La-verguenza-un-obstaculo-innecesario-en-la-vida-4-750x500.webp 750w, https:\/\/soymigrante.com\/revista\/wp-content\/uploads\/2024\/10\/La-verguenza-un-obstaculo-innecesario-en-la-vida-4-1140x760.webp 1140w\" sizes=\"(max-width: 768px) 100vw, 768px\" title=\"La verg\u00fcenza: un obst\u00e1culo innecesario en la vida \u2013 SoyMigrante.com REVISTA\" \/>\t\t\t\t\t\t\t\t\t\t\t\t\t\t\t<\/div>\n\t\t\t\t\t<\/div>\n\t\t\t\t<\/div>\n\t\t<div data-particle_enable=\"false\" data-particle-mobile-disabled=\"false\" class=\"elementor-element elementor-element-b59728a e-flex e-con-boxed e-con e-parent\" data-id=\"b59728a\" data-element_type=\"container\" data-e-type=\"container\">\n\t\t\t\t\t<div class=\"e-con-inner\">\n\t\t\t\t<div class=\"elementor-element elementor-element-aeb5624 elementor-widget elementor-widget-text-editor\" data-id=\"aeb5624\" data-element_type=\"widget\" data-e-type=\"widget\" data-widget_type=\"text-editor.default\">\n\t\t\t\t\t\t\t\t\t<p>Superar la verg\u00fcenza, seg\u00fan la psic\u00f3loga Laura Armas, no solo abre puertas a nuevas oportunidades, sino que tambi\u00e9n evita el aislamiento que muchas veces resulta de una verg\u00fcenza extrema. <a href=\"https:\/\/soymigrante.com\/revista\/compromiso-con-el-trabajo-hay-que-saber-ser-realista-y-eficiente\/\" target=\"_blank\" rel=\"noopener\">Aprender a actuar con seguridad y a enfrentar las situaciones con una actitud positiva es fundamental<\/a> para crecer tanto a nivel personal como profesional.<\/p>\t\t\t\t\t\t\t\t<\/div>\n\t\t\t\t\t<\/div>\n\t\t\t\t<\/div>\n\t\t<div data-particle_enable=\"false\" data-particle-mobile-disabled=\"false\" class=\"elementor-element elementor-element-88d250f e-flex e-con-boxed e-con e-parent\" data-id=\"88d250f\" data-element_type=\"container\" data-e-type=\"container\">\n\t\t\t\t\t<div class=\"e-con-inner\">\n\t\t\t\t<div class=\"elementor-element elementor-element-24f7d10 elementor-widget elementor-widget-video\" data-id=\"24f7d10\" data-element_type=\"widget\" data-e-type=\"widget\" data-settings=\"{&quot;youtube_url&quot;:&quot;https:\\\/\\\/www.youtube.com\\\/watch?v=RW4CFAKEg4A&quot;,&quot;video_type&quot;:&quot;youtube&quot;,&quot;controls&quot;:&quot;yes&quot;}\" data-widget_type=\"video.default\">\n\t\t\t\t\t\t\t<div class=\"elementor-wrapper elementor-open-inline\">\n\t\t\t<div class=\"elementor-video\"><\/div>\t\t<\/div>\n\t\t\t\t\t\t<\/div>\n\t\t\t\t\t<\/div>\n\t\t\t\t<\/div>\n\t\t<div data-particle_enable=\"false\" data-particle-mobile-disabled=\"false\" class=\"elementor-element elementor-element-06b0415 e-flex e-con-boxed e-con e-parent\" data-id=\"06b0415\" data-element_type=\"container\" data-e-type=\"container\">\n\t\t\t\t\t<div class=\"e-con-inner\">\n\t\t\t\t<div class=\"elementor-element elementor-element-c8fb6fd elementor-widget elementor-widget-heading\" data-id=\"c8fb6fd\" data-element_type=\"widget\" data-e-type=\"widget\" data-widget_type=\"heading.default\">\n\t\t\t\t\t<h2 class=\"elementor-heading-title elementor-size-default\">Te puede interesar...<\/h2>\t\t\t\t<\/div>\n\t\t\t\t\t<\/div>\n\t\t\t\t<\/div>\n\t\t<div data-particle_enable=\"false\" data-particle-mobile-disabled=\"false\" class=\"elementor-element elementor-element-0fa4798 e-flex e-con-boxed e-con e-parent\" data-id=\"0fa4798\" data-element_type=\"container\" data-e-type=\"container\">\n\t\t\t\t\t<div class=\"e-con-inner\">\n\t\t\t\t<div class=\"elementor-element elementor-element-a3b61ac elementor-widget elementor-widget-blfe-post-grid\" data-id=\"a3b61ac\" data-element_type=\"widget\" data-e-type=\"widget\" data-settings=\"{&quot;columns&quot;:&quot;3&quot;,&quot;columns_tablet&quot;:&quot;6&quot;,&quot;columns_mobile&quot;:&quot;12&quot;,&quot;hero1_layout_column_gap&quot;:{&quot;unit&quot;:&quot;px&quot;,&quot;size&quot;:30,&quot;sizes&quot;:[]},&quot;hero1_layout_column_gap_tablet&quot;:{&quot;unit&quot;:&quot;px&quot;,&quot;size&quot;:&quot;&quot;,&quot;sizes&quot;:[]},&quot;hero1_layout_column_gap_mobile&quot;:{&quot;unit&quot;:&quot;px&quot;,&quot;size&quot;:&quot;&quot;,&quot;sizes&quot;:[]},&quot;hero1_layout_row_gap&quot;:{&quot;unit&quot;:&quot;px&quot;,&quot;size&quot;:30,&quot;sizes&quot;:[]},&quot;hero1_layout_row_gap_tablet&quot;:{&quot;unit&quot;:&quot;px&quot;,&quot;size&quot;:&quot;&quot;,&quot;sizes&quot;:[]},&quot;hero1_layout_row_gap_mobile&quot;:{&quot;unit&quot;:&quot;px&quot;,&quot;size&quot;:&quot;&quot;,&quot;sizes&quot;:[]}}\" data-widget_type=\"blfe-post-grid.hero1\">\n\t\t\t\t<div class=\"elementor-widget-container\">\n\t\t\t\t\t\n                        <div class=\"blfe-post-grid-container \">\n            \n                <div data-skin=\"hero1\" class=\"blfe-row blfe-posts-inner blfe-hero1 blfe-posts-inner blfe-col-3 blfe-col-tab-6 blfe-col-mob-12     \">\n                            <div class=\"blfe-post-grid-item\">\n            <div class=\"blfe-post-grid-item-inner blfe-modern-zoom\">\n                        <div class=\"blfe-post-grid-bg-image\">\n            <a class=\"blfe-post-grid-image-inner\" href=\"https:\/\/soymigrante.com\/revista\/atol-blanco-es-sabor-ancestral-que-nutre-se-disfruta-y-conecta-comunidades\/\" title=\"Atol Blanco es sabor ancestral que nutre, se disfruta y conecta  comunidades\" rel=\"nofollow\" target=\"_blank\"><img decoding=\"async\" src=\"https:\/\/soymigrante.com\/revista\/wp-content\/uploads\/2025\/01\/atol-blanco-1.webp\" alt=\"Atol Blanco es sabor ancestral que nutre, se disfruta y conecta  comunidades\"\/><\/a>        <\/div>\n                        <div class=\"blfe-post-grid-details\">\n                    <div class=\"blfe-post-grid-details-inner\">\n                        <span class=\"blfe-post-category\"><a href=\"https:\/\/soymigrante.com\/revista\/category\/guate-nuestra\/\">Guate Nuestra<\/a><\/span>                        <h3 class=\"blfe-post-grid-title\">\n            <a href=\"https:\/\/soymigrante.com\/revista\/atol-blanco-es-sabor-ancestral-que-nutre-se-disfruta-y-conecta-comunidades\/\" title=\"Atol Blanco es sabor ancestral que nutre, se disfruta y conecta  comunidades\" rel=\"nofollow\" target=\"_blank\">Atol Blanco es sabor ancestral que nutre, se disfruta y conecta  comunidades<\/a>\n            <\/h3>                                                            <div class=\"blfe-post-grid-meta\">\n                <span class=\"blfe-post-grid-time\"><i class=\"fas fa-book-reader\"><\/i>3 Min read<\/span>            <\/div>\n                                                        <\/div>\n                <\/div>\n\n            <\/div>\n        <\/div>\n                <div class=\"blfe-post-grid-item\">\n            <div class=\"blfe-post-grid-item-inner blfe-modern-zoom\">\n                        <div class=\"blfe-post-grid-bg-image\">\n            <a class=\"blfe-post-grid-image-inner\" href=\"https:\/\/soymigrante.com\/revista\/receta-de-paches-quezaltecos-de-papa-que-delicia\/\" title=\"Recetas chapinas: Paches quezaltecos de papa \u00a1Qu\u00e9 delicia!\" rel=\"nofollow\" target=\"_blank\"><img decoding=\"async\" src=\"https:\/\/soymigrante.com\/revista\/wp-content\/uploads\/2024\/04\/receta-para-elaborar-paches-de-papa-xela-3.webp\" alt=\"Recetas chapinas: Paches quezaltecos de papa \u00a1Qu\u00e9 delicia!\"\/><\/a>        <\/div>\n                        <div class=\"blfe-post-grid-details\">\n                    <div class=\"blfe-post-grid-details-inner\">\n                        <span class=\"blfe-post-category\"><a href=\"https:\/\/soymigrante.com\/revista\/category\/guate-nuestra\/recetas-guatemaltecas\/\">Recetas guatemaltecas<\/a><\/span>                        <h3 class=\"blfe-post-grid-title\">\n            <a href=\"https:\/\/soymigrante.com\/revista\/receta-de-paches-quezaltecos-de-papa-que-delicia\/\" title=\"Recetas chapinas: Paches quezaltecos de papa \u00a1Qu\u00e9 delicia!\" rel=\"nofollow\" target=\"_blank\">Recetas chapinas: Paches quezaltecos de papa \u00a1Qu\u00e9 delicia!<\/a>\n            <\/h3>                                                            <div class=\"blfe-post-grid-meta\">\n                <span class=\"blfe-post-grid-time\"><i class=\"fas fa-book-reader\"><\/i>4 Min read<\/span>            <\/div>\n                                                        <\/div>\n                <\/div>\n\n            <\/div>\n        <\/div>\n                <div class=\"blfe-post-grid-item\">\n            <div class=\"blfe-post-grid-item-inner blfe-modern-zoom\">\n                        <div class=\"blfe-post-grid-bg-image\">\n            <a class=\"blfe-post-grid-image-inner\" href=\"https:\/\/soymigrante.com\/revista\/historicos-templos-del-occidente-de-guatemala-son-refugio-de-paz-fe-y-color\/\" title=\"Hist\u00f3ricos templos del Occidente de Guatemala son refugio de paz, fe y color\" rel=\"nofollow\" target=\"_blank\"><img decoding=\"async\" src=\"https:\/\/soymigrante.com\/revista\/wp-content\/uploads\/2023\/06\/IglesiaXecul.webp\" alt=\"Hist\u00f3ricos templos del Occidente de Guatemala son refugio de paz, fe y color\"\/><\/a>        <\/div>\n                        <div class=\"blfe-post-grid-details\">\n                    <div class=\"blfe-post-grid-details-inner\">\n                        <span class=\"blfe-post-category\"><a href=\"https:\/\/soymigrante.com\/revista\/category\/guate-nuestra\/\">Guate Nuestra<\/a><\/span>                        <h3 class=\"blfe-post-grid-title\">\n            <a href=\"https:\/\/soymigrante.com\/revista\/historicos-templos-del-occidente-de-guatemala-son-refugio-de-paz-fe-y-color\/\" title=\"Hist\u00f3ricos templos del Occidente de Guatemala son refugio de paz, fe y color\" rel=\"nofollow\" target=\"_blank\">Hist\u00f3ricos templos del Occidente de Guatemala son refugio de paz, fe y color<\/a>\n            <\/h3>                                                            <div class=\"blfe-post-grid-meta\">\n                <span class=\"blfe-post-grid-time\"><i class=\"fas fa-book-reader\"><\/i>7 Min read<\/span>            <\/div>\n                                                        <\/div>\n                <\/div>\n\n            <\/div>\n        <\/div>\n                        <\/div>\n\n                        <\/div>\n            \n                        <div class=\"blfe-post-footer\">\n                        <\/div>\n            \t\t\t\t<\/div>\n\t\t\t\t<\/div>\n\t\t\t\t\t<\/div>\n\t\t\t\t<\/div>\n\t\t\t\t<\/div>\n\t\t","protected":false},"excerpt":{"rendered":"<p>La verg\u00fcenza, aunque es una emoci\u00f3n natural, no tiene lugar en la b\u00fasqueda de trabajo ni en la realizaci\u00f3n de tr\u00e1mites. Enfrentarse a situaciones que requieren interacciones sociales, como hacer tr\u00e1mites o buscar trabajo, puede despertar sensaciones de verg\u00fcenza en algunas personas. Sin embargo, esa verg\u00fcenza puede ser un obst\u00e1culo m\u00e1s que un aliado, impidiendo [&hellip;]<\/p>\n","protected":false},"author":19,"featured_media":10433,"comment_status":"open","ping_status":"open","sticky":false,"template":"","format":"standard","meta":{"_acf_changed":false,"_eb_attr":"","footnotes":""},"categories":[55],"tags":[],"class_list":["post-10432","post","type-post","status-publish","format-standard","has-post-thumbnail","hentry","category-bienestar"],"acf":[],"aioseo_notices":[],"aioseo_head":"\n\t\t<!-- All in One SEO Pro 4.9.6.2 - aioseo.com -->\n\t<meta name=\"description\" content=\"Estructuras que a veces parecieran fr\u00e1giles, han resistido siglos en el occidente deGuatemala: refugios de la fe, la historia y tambi\u00e9n la admiraci\u00f3n de quienes las visitan. El territorio de Guatemalase caracteriza por tener tesoros coloniales y republicanos que desaf\u00edan al tiempo y a los elementos. Algunos llevan ya varios siglos pero se mantienencon una\" \/>\n\t<meta name=\"robots\" content=\"max-snippet:-1, max-image-preview:large, max-video-preview:-1\" \/>\n\t<meta name=\"author\" content=\"Marysabel Aldana\"\/>\n\t<link rel=\"canonical\" href=\"https:\/\/soymigrante.com\/revista\/la-verguenza-es-un-obstaculo-innecesario-en-la-vida\/\" \/>\n\t<meta name=\"generator\" content=\"All in One SEO Pro (AIOSEO) 4.9.6.2\" \/>\n\n\t\t<link rel=\"preconnect\" href=\"https:\/\/fonts.googleapis.com\" crossorigin>\n<link rel=\"preconnect\" href=\"https:\/\/fonts.gstatic.com\" crossorigin>\n\t\t<meta property=\"og:locale\" content=\"es_ES\" \/>\n\t\t<meta property=\"og:site_name\" content=\"SoyMigrante.com REVISTA \u2013 Nuestra misi\u00f3n es reconocer y dignificar al migrante.\" \/>\n\t\t<meta property=\"og:type\" content=\"article\" \/>\n\t\t<meta property=\"og:title\" content=\"La verg\u00fcenza puede convertirse en un obst\u00e1culo social\" \/>\n\t\t<meta property=\"og:description\" content=\"La verg\u00fcenza tiene su origen en cierto sentido de autoprotecci\u00f3n o en algunos miedos aprendidos. Sin embargo, si no se le controla puede dificultar la vida social.\" \/>\n\t\t<meta property=\"og:url\" content=\"https:\/\/soymigrante.com\/revista\/la-verguenza-es-un-obstaculo-innecesario-en-la-vida\/\" \/>\n\t\t<meta property=\"og:image\" content=\"https:\/\/soymigrante.com\/revista\/wp-content\/uploads\/2024\/10\/La-verguenza-un-obstaculo-innecesario-en-la-vida-1-scaled-e1729101204579.webp\" \/>\n\t\t<meta property=\"og:image:secure_url\" content=\"https:\/\/soymigrante.com\/revista\/wp-content\/uploads\/2024\/10\/La-verguenza-un-obstaculo-innecesario-en-la-vida-1-scaled-e1729101204579.webp\" \/>\n\t\t<meta property=\"og:image:width\" content=\"1920\" \/>\n\t\t<meta property=\"og:image:height\" content=\"1282\" \/>\n\t\t<meta property=\"article:published_time\" content=\"2024-10-18T16:14:11+00:00\" \/>\n\t\t<meta property=\"article:modified_time\" content=\"2024-11-01T19:59:58+00:00\" \/>\n\t\t<meta property=\"article:publisher\" content=\"https:\/\/www.facebook.com\/soymigrantecom\" \/>\n\t\t<meta name=\"twitter:card\" content=\"summary_large_image\" \/>\n\t\t<meta name=\"twitter:site\" content=\"@SoyMigrante_com\" \/>\n\t\t<meta name=\"twitter:title\" content=\"La verg\u00fcenza puede convertirse en un obst\u00e1culo social\" \/>\n\t\t<meta name=\"twitter:description\" content=\"La verg\u00fcenza tiene su origen en cierto sentido de autoprotecci\u00f3n o en algunos miedos aprendidos. Sin embargo, si no se le controla puede dificultar la vida social.\" \/>\n\t\t<meta name=\"twitter:creator\" content=\"@SoyMigrante_com\" \/>\n\t\t<meta name=\"twitter:image\" content=\"https:\/\/soymigrante.com\/revista\/wp-content\/uploads\/2024\/10\/La-verguenza-un-obstaculo-innecesario-en-la-vida-1-scaled-e1729101204579.webp\" \/>\n\t\t<!-- All in One SEO Pro -->\r\n\t\t<title>La verg\u00fcenza puede convertirse en un obst\u00e1culo social<\/title>\n\n","aioseo_head_json":{"title":"La verg\u00fcenza puede convertirse en un obst\u00e1culo social","description":"La verg\u00fcenza tiene su origen en cierto sentido de autoprotecci\u00f3n o en algunos miedos aprendidos. Sin embargo, si no se le controla puede dificultar la vida social.","canonical_url":"https:\/\/soymigrante.com\/revista\/la-verguenza-es-un-obstaculo-innecesario-en-la-vida\/","robots":"max-snippet:-1, max-image-preview:large, max-video-preview:-1","keywords":"","webmasterTools":{"miscellaneous":"&lt;link rel=\"preconnect\" href=\"https:\/\/fonts.googleapis.com\" crossorigin&gt;\n&lt;link rel=\"preconnect\" href=\"https:\/\/fonts.gstatic.com\" crossorigin&gt;"},"schema":null,"og:locale":"es_ES","og:site_name":"SoyMigrante.com REVISTA \u2013 Nuestra misi\u00f3n es reconocer y dignificar al migrante.","og:type":"article","og:title":"La verg\u00fcenza puede convertirse en un obst\u00e1culo social","og:description":"La verg\u00fcenza tiene su origen en cierto sentido de autoprotecci\u00f3n o en algunos miedos aprendidos. Sin embargo, si no se le controla puede dificultar la vida social.","og:url":"https:\/\/soymigrante.com\/revista\/la-verguenza-es-un-obstaculo-innecesario-en-la-vida\/","og:image":"https:\/\/soymigrante.com\/revista\/wp-content\/uploads\/2024\/10\/La-verguenza-un-obstaculo-innecesario-en-la-vida-1-scaled-e1729101204579.webp","og:image:secure_url":"https:\/\/soymigrante.com\/revista\/wp-content\/uploads\/2024\/10\/La-verguenza-un-obstaculo-innecesario-en-la-vida-1-scaled-e1729101204579.webp","og:image:width":1920,"og:image:height":1282,"article:published_time":"2024-10-18T16:14:11+00:00","article:modified_time":"2024-11-01T19:59:58+00:00","article:publisher":"https:\/\/www.facebook.com\/soymigrantecom","twitter:card":"summary_large_image","twitter:site":"@SoyMigrante_com","twitter:title":"La verg\u00fcenza puede convertirse en un obst\u00e1culo social","twitter:description":"La verg\u00fcenza tiene su origen en cierto sentido de autoprotecci\u00f3n o en algunos miedos aprendidos. Sin embargo, si no se le controla puede dificultar la vida social.","twitter:creator":"@SoyMigrante_com","twitter:image":"https:\/\/soymigrante.com\/revista\/wp-content\/uploads\/2024\/10\/La-verguenza-un-obstaculo-innecesario-en-la-vida-1-scaled-e1729101204579.webp"},"aioseo_meta_data":{"post_id":"10432","title":null,"description":"La verg\u00fcenza tiene su origen en cierto sentido de autoprotecci\u00f3n o en algunos miedos aprendidos. Sin embargo, si no se le controla puede dificultar la vida social.","keywords":null,"keyphrases":{"focus":{"keyphrase":"verg\u00fcenza","score":78,"analysis":{"keyphraseInTitle":{"score":9,"maxScore":9,"error":0},"keyphraseInDescription":{"score":9,"maxScore":9,"error":0},"keyphraseLength":{"score":9,"maxScore":9,"error":0,"length":2},"keyphraseInURL":{"score":5,"maxScore":5,"error":0},"keyphraseInIntroduction":{"score":9,"maxScore":9,"error":0},"keyphraseInSubHeadings":{"score":3,"maxScore":9,"error":1},"keyphraseInImageAlt":{"score":9,"maxScore":9,"error":0},"keywordDensity":{"type":"high","score":0,"maxScore":9,"error":1}}},"additional":[{"keyphrase":"verg\u00fcenza","score":80,"analysis":{"keyphraseInDescription":{"score":9,"maxScore":9,"error":0},"keyphraseLength":{"score":9,"maxScore":9,"error":0,"length":2},"keyphraseInIntroduction":{"score":9,"maxScore":9,"error":0},"keyphraseInImageAlt":{"score":9,"maxScore":9,"error":0},"keywordDensity":{"type":"high","score":0,"maxScore":9,"error":1}}},{"keyphrase":"Obst\u00e1culo","score":67,"analysis":{"keyphraseInDescription":{"score":3,"maxScore":9,"error":1},"keyphraseLength":{"score":9,"maxScore":9,"error":0,"length":2},"keyphraseInIntroduction":{"score":9,"maxScore":9,"error":0},"keyphraseInImageAlt":{"score":9,"maxScore":9,"error":0},"keywordDensity":{"score":0,"type":"low","maxScore":9,"error":1}}}]},"primary_term":null,"canonical_url":null,"og_title":null,"og_description":null,"og_object_type":"default","og_image_type":"default","og_image_url":null,"og_image_width":null,"og_image_height":null,"og_image_custom_url":null,"og_image_custom_fields":null,"og_video":"","og_custom_url":null,"og_article_section":null,"og_article_tags":null,"twitter_use_og":false,"twitter_card":"default","twitter_image_type":"default","twitter_image_url":null,"twitter_image_custom_url":null,"twitter_image_custom_fields":null,"twitter_title":null,"twitter_description":null,"schema":{"blockGraphs":[],"customGraphs":[],"default":{"data":{"Article":[],"Course":[],"Dataset":[],"FAQPage":[],"Movie":[],"Person":[],"Product":[],"ProductReview":[],"Car":[],"Recipe":[],"Service":[],"SoftwareApplication":[],"WebPage":[]},"graphName":"Article","isEnabled":true},"graphs":[]},"schema_type":"default","schema_type_options":null,"pillar_content":false,"robots_default":true,"robots_noindex":false,"robots_noarchive":false,"robots_nosnippet":false,"robots_nofollow":false,"robots_noimageindex":false,"robots_noodp":false,"robots_notranslate":false,"robots_max_snippet":"-1","robots_max_videopreview":"-1","robots_max_imagepreview":"large","priority":null,"frequency":"default","local_seo":null,"seo_analyzer_scan_date":"2025-10-08 23:45:49","breadcrumb_settings":null,"limit_modified_date":false,"reviewed_by":null,"open_ai":"{\"title\":{\"suggestions\":[],\"usage\":0},\"description\":{\"suggestions\":[],\"usage\":0}}","ai":null,"created":"2024-10-16 17:52:02","updated":"2026-02-04 15:08:58"},"aioseo_breadcrumb":"<div class=\"aioseo-breadcrumbs\"><span class=\"aioseo-breadcrumb\">\n\t<a href=\"https:\/\/soymigrante.com\/revista\" title=\"Home\">Home<\/a>\n<\/span><span class=\"aioseo-breadcrumb-separator\">\u00bb<\/span><span class=\"aioseo-breadcrumb\">\n\t<a href=\"https:\/\/soymigrante.com\/revista\/category\/bienestar\/\" title=\"Bienestar\">Bienestar<\/a>\n<\/span><span class=\"aioseo-breadcrumb-separator\">\u00bb<\/span><span class=\"aioseo-breadcrumb\">\n\tLa verg\u00fcenza puede convertirse en un obst\u00e1culo social\n<\/span><\/div>","aioseo_breadcrumb_json":[{"label":"Home","link":"https:\/\/soymigrante.com\/revista"},{"label":"Bienestar","link":"https:\/\/soymigrante.com\/revista\/category\/bienestar\/"},{"label":"La verg\u00fcenza puede convertirse en un obst\u00e1culo social","link":"https:\/\/soymigrante.com\/revista\/la-verguenza-es-un-obstaculo-innecesario-en-la-vida\/"}],"_links":{"self":[{"href":"https:\/\/soymigrante.com\/revista\/wp-json\/wp\/v2\/posts\/10432","targetHints":{"allow":["GET"]}}],"collection":[{"href":"https:\/\/soymigrante.com\/revista\/wp-json\/wp\/v2\/posts"}],"about":[{"href":"https:\/\/soymigrante.com\/revista\/wp-json\/wp\/v2\/types\/post"}],"author":[{"embeddable":true,"href":"https:\/\/soymigrante.com\/revista\/wp-json\/wp\/v2\/users\/19"}],"replies":[{"embeddable":true,"href":"https:\/\/soymigrante.com\/revista\/wp-json\/wp\/v2\/comments?post=10432"}],"version-history":[{"count":0,"href":"https:\/\/soymigrante.com\/revista\/wp-json\/wp\/v2\/posts\/10432\/revisions"}],"wp:featuredmedia":[{"embeddable":true,"href":"https:\/\/soymigrante.com\/revista\/wp-json\/wp\/v2\/media\/10433"}],"wp:attachment":[{"href":"https:\/\/soymigrante.com\/revista\/wp-json\/wp\/v2\/media?parent=10432"}],"wp:term":[{"taxonomy":"category","embeddable":true,"href":"https:\/\/soymigrante.com\/revista\/wp-json\/wp\/v2\/categories?post=10432"},{"taxonomy":"post_tag","embeddable":true,"href":"https:\/\/soymigrante.com\/revista\/wp-json\/wp\/v2\/tags?post=10432"}],"curies":[{"name":"wp","href":"https:\/\/api.w.org\/{rel}","templated":true}]}}