{"id":10417,"date":"2024-10-17T08:31:17","date_gmt":"2024-10-17T14:31:17","guid":{"rendered":"https:\/\/soymigrante.com\/revista\/?p=10417"},"modified":"2024-10-31T21:23:01","modified_gmt":"2024-11-01T03:23:01","slug":"ramiro-garrido-electricista-en-ee-uu-posee-la-poderosa-energia-de-la-generosida","status":"publish","type":"post","link":"https:\/\/soymigrante.com\/revista\/ramiro-garrido-electricista-en-ee-uu-posee-la-poderosa-energia-de-la-generosida\/","title":{"rendered":"Ramiro Garrido es electricista y posee la poderosa energ\u00eda de la generosidad"},"content":{"rendered":"\t\t<div data-elementor-type=\"wp-post\" data-elementor-id=\"10417\" class=\"elementor elementor-10417\" data-elementor-post-type=\"post\">\n\t\t\t\t<div data-particle_enable=\"false\" data-particle-mobile-disabled=\"false\" class=\"elementor-element elementor-element-ee531d5 e-flex e-con-boxed e-con e-parent\" data-id=\"ee531d5\" data-element_type=\"container\" data-e-type=\"container\">\n\t\t\t\t\t<div class=\"e-con-inner\">\n\t\t\t\t<div class=\"elementor-element elementor-element-964ede6 elementor-widget elementor-widget-heading\" data-id=\"964ede6\" data-element_type=\"widget\" data-e-type=\"widget\" data-widget_type=\"heading.default\">\n\t\t\t\t\t<h2 class=\"elementor-heading-title elementor-size-default\">Ramiro Garrido decidi\u00f3 emigrar a Estados Unidos ante la extrema pobreza que su familia viv\u00eda en Salam\u00e1, Baja Verapaz en 1994. Se ha superado, pero nunca se olvida de ayudar a sus compatriotas. Aqu\u00ed su historia.\n<\/h2>\t\t\t\t<\/div>\n\t\t\t\t\t<\/div>\n\t\t\t\t<\/div>\n\t\t<div data-particle_enable=\"false\" data-particle-mobile-disabled=\"false\" class=\"elementor-element elementor-element-bbcd5f5 e-flex e-con-boxed e-con e-parent\" data-id=\"bbcd5f5\" data-element_type=\"container\" data-e-type=\"container\">\n\t\t\t\t\t<div class=\"e-con-inner\">\n\t\t\t\t<div class=\"elementor-element elementor-element-4585c0f elementor-widget elementor-widget-text-editor\" data-id=\"4585c0f\" data-element_type=\"widget\" data-e-type=\"widget\" data-widget_type=\"text-editor.default\">\n\t\t\t\t\t\t\t\t\t<p>Ramiro Garrido ten\u00eda solo 19 a\u00f1os cuando decidi\u00f3 perseguir el sue\u00f1o de un futuro mejor lejos de su tierra.<span style=\"color: var( --e-global-color-text ); text-align: var(--text-align);\">Su deseo de superaci\u00f3n le ha permitido formar una familia. Tiene 28 a\u00f1os de matrimonio y\u00a0 junto a junto a su esposa han criado cuatro hijos. Dos de ellos siguen los pasos de Ramiro: son electricistas, un trabajo que en EE.UU. puede ser muy exigente, pero con alto nivel de cetificaci\u00f3n.<\/span><\/p><p><span style=\"color: var( --e-global-color-text ); text-align: var(--text-align);\">El tipo de trabajo que Ramiro hace junto a sus hijos conlleva el sacrificio de permanecer lejos de casa por temporadas largas. No obstante disfruta de lo que hace, sobre todo porque sabe compartir con los m\u00e1s necesitados en su pa\u00eds natal.<\/span><\/p>\t\t\t\t\t\t\t\t<\/div>\n\t\t\t\t\t<\/div>\n\t\t\t\t<\/div>\n\t\t<div data-particle_enable=\"false\" data-particle-mobile-disabled=\"false\" class=\"elementor-element elementor-element-9ce6bf9 e-flex e-con-boxed e-con e-parent\" data-id=\"9ce6bf9\" data-element_type=\"container\" data-e-type=\"container\">\n\t\t\t\t\t<div class=\"e-con-inner\">\n\t\t\t\t<div class=\"elementor-element elementor-element-08af7db elementor-widget elementor-widget-image\" data-id=\"08af7db\" data-element_type=\"widget\" data-e-type=\"widget\" data-widget_type=\"image.default\">\n\t\t\t\t\t\t\t\t\t\t\t\t<figure class=\"wp-caption\">\n\t\t\t\t\t\t\t\t\t\t<img fetchpriority=\"high\" decoding=\"async\" width=\"768\" height=\"576\" src=\"https:\/\/soymigrante.com\/revista\/wp-content\/uploads\/2024\/10\/Ramiro-Garrido-soy-migrante.webp\" class=\"attachment-large size-large wp-image-10418\" alt=\"Ingenieros en obra de infraestructura en un sitio exterior, vistiendo casco y ropa de seguridad, en un d\u00eda nublado.\" srcset=\"https:\/\/soymigrante.com\/revista\/wp-content\/uploads\/2024\/10\/Ramiro-Garrido-soy-migrante.webp 960w, https:\/\/soymigrante.com\/revista\/wp-content\/uploads\/2024\/10\/Ramiro-Garrido-soy-migrante-300x225.webp 300w, https:\/\/soymigrante.com\/revista\/wp-content\/uploads\/2024\/10\/Ramiro-Garrido-soy-migrante-768x576.webp 768w, https:\/\/soymigrante.com\/revista\/wp-content\/uploads\/2024\/10\/Ramiro-Garrido-soy-migrante-750x563.webp 750w\" sizes=\"(max-width: 768px) 100vw, 768px\" title=\"Ramiro Garrido soy migrante \u2013 SoyMigrante.com REVISTA\" \/>\t\t\t\t\t\t\t\t\t\t\t<figcaption class=\"widget-image-caption wp-caption-text\">Personas con equipo y vestimenta de seguridad en obra de construcci\u00f3n o ingenier\u00eda civil, en un entorno al aire libre con cielo nublado.<\/figcaption>\n\t\t\t\t\t\t\t\t\t\t<\/figure>\n\t\t\t\t\t\t\t\t\t<\/div>\n\t\t\t\t\t<\/div>\n\t\t\t\t<\/div>\n\t\t<div data-particle_enable=\"false\" data-particle-mobile-disabled=\"false\" class=\"elementor-element elementor-element-18090e2 e-flex e-con-boxed e-con e-parent\" data-id=\"18090e2\" data-element_type=\"container\" data-e-type=\"container\">\n\t\t\t\t\t<div class=\"e-con-inner\">\n\t\t\t\t<div class=\"elementor-element elementor-element-b417b21 elementor-widget elementor-widget-heading\" data-id=\"b417b21\" data-element_type=\"widget\" data-e-type=\"widget\" data-widget_type=\"heading.default\">\n\t\t\t\t\t<h3 class=\"elementor-heading-title elementor-size-default\">La energ\u00eda positiva de la bondad<\/h3>\t\t\t\t<\/div>\n\t\t\t\t\t<\/div>\n\t\t\t\t<\/div>\n\t\t<div data-particle_enable=\"false\" data-particle-mobile-disabled=\"false\" class=\"elementor-element elementor-element-9b0bfc3 e-flex e-con-boxed e-con e-parent\" data-id=\"9b0bfc3\" data-element_type=\"container\" data-e-type=\"container\">\n\t\t\t\t\t<div class=\"e-con-inner\">\n\t\t\t\t<div class=\"elementor-element elementor-element-ea71616 elementor-widget elementor-widget-text-editor\" data-id=\"ea71616\" data-element_type=\"widget\" data-e-type=\"widget\" data-widget_type=\"text-editor.default\">\n\t\t\t\t\t\t\t\t\t<p>Para esta entrevista \u00e9l se encontraba en Georgia donde lleva cuatro meses efectuando trabajos de electricidad, a 32 horas de distancia de su hogar ubicado en California. Ante la situaci\u00f3n que lo motiv\u00f3 a irse de Guatemala ahora se ha convertido en un guatemalteco\u00a0<a href=\"https:\/\/soymigrante.com\/revista\/de-monjas-a-stamford-connecticut-maria-sandoval-preside-el-grupo-quetzal\/\" target=\"_blank\" rel=\"noopener\">que ayuda a su gente<\/a>\u00a0en Baja Verapaz, incluso, ha podido ayudar a personas de M\u00e9xico y Uruguay cuando acuden a su buena fe. Lo que Ramiro hace al recibir alguna historia es verificar la situaci\u00f3n de las personas para luego\u00a0<a href=\"https:\/\/soymigrante.com\/revista\/pablo-pineda-un-aliado-humanitario-en-chicago-con-su-restaurante-latin-patio\/\" target=\"_blank\" rel=\"noopener\">buscar los fondos<\/a>\u00a0que ser\u00e1n destinados a la causa.<\/p><p>El primer caso con el que comenz\u00f3 a solidarizarse fue con una connacional que ten\u00eda c\u00e1ncer de piel. La apoy\u00f3 con la compra de medicamentos. \u201cDe ah\u00ed naci\u00f3 la inspiraci\u00f3n de seguir ayudando\u201d, comparte Ramiro. Otro caso que le ha conmovido mucho ha sido el de un ni\u00f1o de la aldea en San Ignacio, Baja Verapaz.\u00a0<\/p><p>El menor del ni\u00f1o estaba ingresado en el Hospital Rooselvelt, la madre se comunic\u00f3 con Ramiro porque necesitaba ayuda econ\u00f3mica para el tratamiento de su hijo, quien recib\u00eda tratamiento de di\u00e1lisis. Esta historia lleg\u00f3 a su vida hace dos a\u00f1os por WhatsApp, el menor ha sobrevivido gracias a la ayuda que Ramiro logr\u00f3 recaudar.<\/p>\t\t\t\t\t\t\t\t<\/div>\n\t\t\t\t\t<\/div>\n\t\t\t\t<\/div>\n\t\t<div data-particle_enable=\"false\" data-particle-mobile-disabled=\"false\" class=\"elementor-element elementor-element-a58f5a2 e-flex e-con-boxed e-con e-parent\" data-id=\"a58f5a2\" data-element_type=\"container\" data-e-type=\"container\">\n\t\t\t\t\t<div class=\"e-con-inner\">\n\t\t\t\t<div class=\"elementor-element elementor-element-64642c6 elementor-widget elementor-widget-facebook-embed\" data-id=\"64642c6\" data-element_type=\"widget\" data-e-type=\"widget\" data-widget_type=\"facebook-embed.default\">\n\t\t\t\t\t<div style=\"min-height: 1px\" class=\"elementor-facebook-widget fb-post\" data-href=\"https:\/\/www.facebook.com\/61559912221745\/videos\/505715918731912\" data-show-text=\"true\"><\/div>\t\t\t\t<\/div>\n\t\t\t\t\t<\/div>\n\t\t\t\t<\/div>\n\t\t<div data-particle_enable=\"false\" data-particle-mobile-disabled=\"false\" class=\"elementor-element elementor-element-23813f3 e-flex e-con-boxed e-con e-parent\" data-id=\"23813f3\" data-element_type=\"container\" data-e-type=\"container\">\n\t\t\t\t\t<div class=\"e-con-inner\">\n\t\t\t\t<div class=\"elementor-element elementor-element-c3d4ea1 elementor-widget elementor-widget-heading\" data-id=\"c3d4ea1\" data-element_type=\"widget\" data-e-type=\"widget\" data-widget_type=\"heading.default\">\n\t\t\t\t\t<h3 class=\"elementor-heading-title elementor-size-default\">Entre sue\u00f1os y afici\u00f3n<\/h3>\t\t\t\t<\/div>\n\t\t\t\t\t<\/div>\n\t\t\t\t<\/div>\n\t\t<div data-particle_enable=\"false\" data-particle-mobile-disabled=\"false\" class=\"elementor-element elementor-element-d1e2c5a e-flex e-con-boxed e-con e-parent\" data-id=\"d1e2c5a\" data-element_type=\"container\" data-e-type=\"container\">\n\t\t\t\t\t<div class=\"e-con-inner\">\n\t\t\t\t<div class=\"elementor-element elementor-element-576be2d elementor-widget elementor-widget-text-editor\" data-id=\"576be2d\" data-element_type=\"widget\" data-e-type=\"widget\" data-widget_type=\"text-editor.default\">\n\t\t\t\t\t\t\t\t\t<p>\u201cEra un jovencito que ten\u00eda sue\u00f1os. So\u00f1aba con tener un carro. \u00c9ramos tres hermanos y tom\u00e9 la iniciativa de venirme (a EE. UU.)\u201d, refiere Ramiro cuando tuvo la oportunidad de llegar a suelo estadounidense, Nueva York, para ser espec\u00edficos. Actualmente radica desde hace 20 a\u00f1os en California.<\/p><p>\u201cSoy electricista. El estatus migratorio es una barrera, pero se puede salir adelante. Uno tiene que esforzarse. Me gusta el futbol desde que ten\u00eda como 5 a 8 a\u00f1os. Jugaba descalzo en la tierra\u201d, expresa Ramiro quien tuvo a la oportunidad de formarse como entrenador de futbol para ni\u00f1os durante diez a\u00f1os. Esa es otra de sus pasiones en la vida: el futbol. Es por ello que suele identificarse en su perfil de Facebook como Ramiro Tiki Taka en relaci\u00f3n a la forma de juego del futbol que se practica con pases cortos. El llevar a sus dos hijos a entrenar futbol lo motiv\u00f3 para prepararse como tal. \u201cMe gustar\u00eda ser entrenador de la Selecci\u00f3n de Guatemala\u201d, bromea.<\/p>\t\t\t\t\t\t\t\t<\/div>\n\t\t\t\t\t<\/div>\n\t\t\t\t<\/div>\n\t\t<div data-particle_enable=\"false\" data-particle-mobile-disabled=\"false\" class=\"elementor-element elementor-element-0d457c3 e-flex e-con-boxed e-con e-parent\" data-id=\"0d457c3\" data-element_type=\"container\" data-e-type=\"container\">\n\t\t\t\t\t<div class=\"e-con-inner\">\n\t\t\t\t<div class=\"elementor-element elementor-element-e29e1a0 elementor-widget elementor-widget-testimonial\" data-id=\"e29e1a0\" data-element_type=\"widget\" data-e-type=\"widget\" data-widget_type=\"testimonial.default\">\n\t\t\t\t\t\t\t<div class=\"elementor-testimonial-wrapper\">\n\t\t\t\t\t\t\t<div class=\"elementor-testimonial-content\">\"Se lucha contra la discriminaci\u00f3n por el idioma, por la estatura o el color de piel, pero siempre se puede salir adelante\u201d.-<\/div>\n\t\t\t\n\t\t\t\t\t\t<div class=\"elementor-testimonial-meta elementor-has-image elementor-testimonial-image-position-aside\">\n\t\t\t\t<div class=\"elementor-testimonial-meta-inner\">\n\t\t\t\t\t\t\t\t\t\t\t<div class=\"elementor-testimonial-image\">\n\t\t\t\t\t\t\t<img decoding=\"async\" width=\"1010\" height=\"1010\" src=\"https:\/\/soymigrante.com\/revista\/wp-content\/uploads\/2024\/10\/banner-Ramiro-Garrido-Veliz-soy-migrante.webp\" class=\"attachment-full size-full wp-image-10419\" alt=\"Camisa gris con logo rojo, hombre con sombrero vaquero negro, retrato en interior, cultura migrante, identidad mexicana, Revista SoyMigrante.com, tem\u00e1tica migratoria y cultural, celebraci\u00f3n de tradiciones mexicanas, hombre con estilo regional de M\u00e9xico, orgullo cultural y migrante.\" title=\"banner Ramiro Garrido Veliz soy migrante \u2013 SoyMigrante.com REVISTA\" srcset=\"https:\/\/soymigrante.com\/revista\/wp-content\/uploads\/2024\/10\/banner-Ramiro-Garrido-Veliz-soy-migrante.webp 1010w, https:\/\/soymigrante.com\/revista\/wp-content\/uploads\/2024\/10\/banner-Ramiro-Garrido-Veliz-soy-migrante-300x300.webp 300w, https:\/\/soymigrante.com\/revista\/wp-content\/uploads\/2024\/10\/banner-Ramiro-Garrido-Veliz-soy-migrante-150x150.webp 150w, https:\/\/soymigrante.com\/revista\/wp-content\/uploads\/2024\/10\/banner-Ramiro-Garrido-Veliz-soy-migrante-768x768.webp 768w, https:\/\/soymigrante.com\/revista\/wp-content\/uploads\/2024\/10\/banner-Ramiro-Garrido-Veliz-soy-migrante-75x75.webp 75w, https:\/\/soymigrante.com\/revista\/wp-content\/uploads\/2024\/10\/banner-Ramiro-Garrido-Veliz-soy-migrante-750x750.webp 750w\" sizes=\"(max-width: 1010px) 100vw, 1010px\" \/>\t\t\t\t\t\t<\/div>\n\t\t\t\t\t\n\t\t\t\t\t\t\t\t\t\t<div class=\"elementor-testimonial-details\">\n\t\t\t\t\t\t\t\t\t\t\t\t\t\t<div class=\"elementor-testimonial-name\">Ramiro Garrido<\/div>\n\t\t\t\t\t\t\t\t\t\t\t\t\t\t\t\t\t\t\t\t\t\t<div class=\"elementor-testimonial-job\">Electricista y entrenador de futbol juvenil<\/div>\n\t\t\t\t\t\t\t\t\t\t\t\t\t<\/div>\n\t\t\t\t\t\t\t\t\t<\/div>\n\t\t\t<\/div>\n\t\t\t\t\t<\/div>\n\t\t\t\t\t\t<\/div>\n\t\t\t\t\t<\/div>\n\t\t\t\t<\/div>\n\t\t<div data-particle_enable=\"false\" data-particle-mobile-disabled=\"false\" class=\"elementor-element elementor-element-77e9d88 e-flex e-con-boxed e-con e-parent\" data-id=\"77e9d88\" data-element_type=\"container\" data-e-type=\"container\">\n\t\t\t\t\t<div class=\"e-con-inner\">\n\t\t\t\t<div class=\"elementor-element elementor-element-1c53533 elementor-widget elementor-widget-text-editor\" data-id=\"1c53533\" data-element_type=\"widget\" data-e-type=\"widget\" data-widget_type=\"text-editor.default\">\n\t\t\t\t\t\t\t\t\t<p>\u201cEl miedo de estar en Estados Unidos es lo que a uno de migrante lo hace estar bajo la sombra. Se lucha contra la discriminaci\u00f3n por el idioma, por la estatura o el color de piel, pero siempre se puede salir adelante\u201d, dice Ramiro.<\/p><p>Su trabajo como electricista se ha forjado en empresas que le han dado la oportunidad de aprender. Y la experiencia adquirida le ha permitido viajar por diferentes ciudades y tambi\u00e9n apoya econ\u00f3micamente en la crianza de su hija menor. Su otra hija es una emprendedora.<\/p><p>Lo m\u00e1s duro que Ramiro ha vivido en Estados Unidos fue sufrir las secuelas del covid-19, enfermedad que lo oblig\u00f3 a hospitalizarse. Para fortuna logr\u00f3 recuperarse. <\/p>\t\t\t\t\t\t\t\t<\/div>\n\t\t\t\t\t<\/div>\n\t\t\t\t<\/div>\n\t\t<div data-particle_enable=\"false\" data-particle-mobile-disabled=\"false\" class=\"elementor-element elementor-element-7272552 e-flex e-con-boxed e-con e-parent\" data-id=\"7272552\" data-element_type=\"container\" data-e-type=\"container\">\n\t\t\t\t\t<div class=\"e-con-inner\">\n\t\t\t\t<div class=\"elementor-element elementor-element-65bd6d2 elementor-widget elementor-widget-facebook-embed\" data-id=\"65bd6d2\" data-element_type=\"widget\" data-e-type=\"widget\" data-widget_type=\"facebook-embed.default\">\n\t\t\t\t\t<div style=\"min-height: 1px\" class=\"elementor-facebook-widget fb-post\" data-href=\"https:\/\/www.facebook.com\/permalink.php?story_fbid=122153356094258805&#038;id=61557764155596&#038;ref=embed_post\" data-show-text=\"false\"><\/div>\t\t\t\t<\/div>\n\t\t\t\t\t<\/div>\n\t\t\t\t<\/div>\n\t\t<div data-particle_enable=\"false\" data-particle-mobile-disabled=\"false\" class=\"elementor-element elementor-element-453a0c0 e-flex e-con-boxed e-con e-parent\" data-id=\"453a0c0\" data-element_type=\"container\" data-e-type=\"container\">\n\t\t\t\t\t<div class=\"e-con-inner\">\n\t\t\t\t<div class=\"elementor-element elementor-element-fb2c0fc elementor-widget elementor-widget-text-editor\" data-id=\"fb2c0fc\" data-element_type=\"widget\" data-e-type=\"widget\" data-widget_type=\"text-editor.default\">\n\t\t\t\t\t\t\t\t\t<p>Ramiro Garrido constantemente&nbsp;<a href=\"https:\/\/soymigrante.com\/revista\/esvin-gomez-retalteco-migrante-impulsa-el-movimiento-tps-en-california\/\" target=\"_blank\">aboga para ayudar a otros&nbsp;<\/a>con dinero o donaci\u00f3n de silllas de ruedas, seg\u00fan la necesidad de la persona.<\/p>\t\t\t\t\t\t\t\t<\/div>\n\t\t\t\t\t<\/div>\n\t\t\t\t<\/div>\n\t\t<div data-particle_enable=\"false\" data-particle-mobile-disabled=\"false\" class=\"elementor-element elementor-element-4b5af0f e-flex e-con-boxed e-con e-parent\" data-id=\"4b5af0f\" data-element_type=\"container\" data-e-type=\"container\">\n\t\t\t\t\t<div class=\"e-con-inner\">\n\t\t\t\t<div class=\"elementor-element elementor-element-fcef0b9 elementor-widget elementor-widget-heading\" data-id=\"fcef0b9\" data-element_type=\"widget\" data-e-type=\"widget\" data-widget_type=\"heading.default\">\n\t\t\t\t\t<h3 class=\"elementor-heading-title elementor-size-default\">Tres historias inspiradoras<\/h3>\t\t\t\t<\/div>\n\t\t\t\t\t<\/div>\n\t\t\t\t<\/div>\n\t\t<div data-particle_enable=\"false\" data-particle-mobile-disabled=\"false\" class=\"elementor-element elementor-element-eed7e9a e-flex e-con-boxed e-con e-parent\" data-id=\"eed7e9a\" data-element_type=\"container\" data-e-type=\"container\">\n\t\t\t\t\t<div class=\"e-con-inner\">\n\t\t\t\t<div class=\"elementor-element elementor-element-6537a14 elementor-grid-eael-col-3 elementor-grid-tablet-eael-col-2 elementor-grid-mobile-eael-col-1 elementor-widget elementor-widget-eael-post-grid\" data-id=\"6537a14\" data-element_type=\"widget\" data-e-type=\"widget\" data-settings=\"{&quot;eael_post_grid_columns&quot;:&quot;eael-col-3&quot;,&quot;eael_post_grid_columns_tablet&quot;:&quot;eael-col-2&quot;,&quot;eael_post_grid_columns_mobile&quot;:&quot;eael-col-1&quot;}\" data-widget_type=\"eael-post-grid.default\">\n\t\t\t\t\t<div id=\"eael-post-grid-6537a14\" class=\"eael-post-grid-container\">\n            <div class=\"eael-post-grid eael-post-appender eael-post-appender-6537a14 eael-post-grid-style-one\" data-layout-mode=\"masonry\"><article class=\"eael-grid-post  eael-post-grid-column eael-pg-post-10224 category-exitos\" data-id=\"10224\">\n        <div class=\"eael-grid-post-holder\">\n            <div class=\"eael-grid-post-holder-inner\"><div class=\"eael-entry-media\"><div class=\"eael-entry-overlay fade-in\"><i class=\"far fa-hand-pointer\" aria-hidden=\"true\"><\/i><a href=\"https:\/\/soymigrante.com\/revista\/tuve-que-buscar-un-mejor-futuro-amarilys-ortiz-lider-guatemalteca-que-migro-a-california-desde-hace-mas-de-tres-decadas\/\"><\/a><\/div><div class=\"eael-entry-thumbnail \">\n                <img decoding=\"async\" width=\"1024\" height=\"1024\" src=\"https:\/\/soymigrante.com\/revista\/wp-content\/uploads\/2024\/10\/Amaralys-Ortiz7-1-1024x1024.webp\" class=\"attachment-large size-large wp-image-10233\" alt=\"Bandera de Estados Unidos, bandera de California, bandera de Alemania, mujer sonriendo en evento cultural internacional, diversidad y comunidad global.\" srcset=\"https:\/\/soymigrante.com\/revista\/wp-content\/uploads\/2024\/10\/Amaralys-Ortiz7-1-1024x1024.webp 1024w, https:\/\/soymigrante.com\/revista\/wp-content\/uploads\/2024\/10\/Amaralys-Ortiz7-1-300x300.webp 300w, https:\/\/soymigrante.com\/revista\/wp-content\/uploads\/2024\/10\/Amaralys-Ortiz7-1-150x150.webp 150w, https:\/\/soymigrante.com\/revista\/wp-content\/uploads\/2024\/10\/Amaralys-Ortiz7-1-768x768.webp 768w, https:\/\/soymigrante.com\/revista\/wp-content\/uploads\/2024\/10\/Amaralys-Ortiz7-1-75x75.webp 75w, https:\/\/soymigrante.com\/revista\/wp-content\/uploads\/2024\/10\/Amaralys-Ortiz7-1-750x750.webp 750w, https:\/\/soymigrante.com\/revista\/wp-content\/uploads\/2024\/10\/Amaralys-Ortiz7-1-1140x1140.webp 1140w, https:\/\/soymigrante.com\/revista\/wp-content\/uploads\/2024\/10\/Amaralys-Ortiz7-1.webp 1235w\" sizes=\"(max-width: 1024px) 100vw, 1024px\" \/>\n            <\/div>\n        <\/div><div class=\"eael-entry-wrapper\"><header class=\"eael-entry-header\"><h2 class=\"eael-entry-title\"><a class=\"eael-grid-post-link\" href=\"https:\/\/soymigrante.com\/revista\/tuve-que-buscar-un-mejor-futuro-amarilys-ortiz-lider-guatemalteca-que-migro-a-california-desde-hace-mas-de-tres-decadas\/\" title=\"El camino de la l\u00edder migrante Amarilys Ortiz ha sido de servicio, dedicaci\u00f3n y amor a Guatemala\">El camino de la l\u00edder migrante Amarilys Ortiz ha sido de servicio, dedicaci\u00f3n y amor a Guatemala<\/a><\/h2><\/header><div class=\"eael-entry-content\">\n                        <div class=\"eael-grid-post-excerpt\"><a href=\"https:\/\/soymigrante.com\/revista\/tuve-que-buscar-un-mejor-futuro-amarilys-ortiz-lider-guatemalteca-que-migro-a-california-desde-hace-mas-de-tres-decadas\/\" class=\"eael-post-elements-readmore-btn\">CONOCE SU HISTORIA <\/a><\/div>\n                    <\/div><\/div><\/div>\n        <\/div>\n    <\/article><article class=\"eael-grid-post  eael-post-grid-column eael-pg-post-10027 category-exitos\" data-id=\"10027\">\n        <div class=\"eael-grid-post-holder\">\n            <div class=\"eael-grid-post-holder-inner\"><div class=\"eael-entry-media\"><div class=\"eael-entry-overlay fade-in\"><i class=\"far fa-hand-pointer\" aria-hidden=\"true\"><\/i><a href=\"https:\/\/soymigrante.com\/revista\/es-un-honor-ser-guatemalteco-rudy-perez-subjefe-de-policia-en-minneapolis-minnesota\/\"><\/a><\/div><div class=\"eael-entry-thumbnail \">\n                <img loading=\"lazy\" decoding=\"async\" width=\"1024\" height=\"1024\" src=\"https:\/\/soymigrante.com\/revista\/wp-content\/uploads\/2024\/10\/Rudy-Perez-subjefe-policial-guatemalteco-americano-1-1024x1024.webp\" class=\"attachment-large size-large wp-image-10094\" alt=\"Polic\u00eda de tr\u00e1nsito en uniforme, sonriendo, en un parque con edificio hist\u00f3rico al fondo, representando autoridad y seguridad ciudadana en un entorno urbano.\" srcset=\"https:\/\/soymigrante.com\/revista\/wp-content\/uploads\/2024\/10\/Rudy-Perez-subjefe-policial-guatemalteco-americano-1-1024x1024.webp 1024w, https:\/\/soymigrante.com\/revista\/wp-content\/uploads\/2024\/10\/Rudy-Perez-subjefe-policial-guatemalteco-americano-1-300x300.webp 300w, https:\/\/soymigrante.com\/revista\/wp-content\/uploads\/2024\/10\/Rudy-Perez-subjefe-policial-guatemalteco-americano-1-150x150.webp 150w, https:\/\/soymigrante.com\/revista\/wp-content\/uploads\/2024\/10\/Rudy-Perez-subjefe-policial-guatemalteco-americano-1-768x768.webp 768w, https:\/\/soymigrante.com\/revista\/wp-content\/uploads\/2024\/10\/Rudy-Perez-subjefe-policial-guatemalteco-americano-1-75x75.webp 75w, https:\/\/soymigrante.com\/revista\/wp-content\/uploads\/2024\/10\/Rudy-Perez-subjefe-policial-guatemalteco-americano-1-750x750.webp 750w, https:\/\/soymigrante.com\/revista\/wp-content\/uploads\/2024\/10\/Rudy-Perez-subjefe-policial-guatemalteco-americano-1.webp 1206w\" sizes=\"(max-width: 1024px) 100vw, 1024px\" \/>\n            <\/div>\n        <\/div><div class=\"eael-entry-wrapper\"><header class=\"eael-entry-header\"><h2 class=\"eael-entry-title\"><a class=\"eael-grid-post-link\" href=\"https:\/\/soymigrante.com\/revista\/es-un-honor-ser-guatemalteco-rudy-perez-subjefe-de-policia-en-minneapolis-minnesota\/\" title=\"\u201cEs un honor ser guatemalteco\u201d: Rudy P\u00e9rez, subjefe de polic\u00eda en Minneapolis, Minnesota.\">\u201cEs un honor ser guatemalteco\u201d: Rudy P\u00e9rez, subjefe de polic\u00eda en Minneapolis, Minnesota.<\/a><\/h2><\/header><div class=\"eael-entry-content\">\n                        <div class=\"eael-grid-post-excerpt\"><a href=\"https:\/\/soymigrante.com\/revista\/es-un-honor-ser-guatemalteco-rudy-perez-subjefe-de-policia-en-minneapolis-minnesota\/\" class=\"eael-post-elements-readmore-btn\">CONOCE SU HISTORIA <\/a><\/div>\n                    <\/div><\/div><\/div>\n        <\/div>\n    <\/article><article class=\"eael-grid-post  eael-post-grid-column eael-pg-post-9776 category-exitos\" data-id=\"9776\">\n        <div class=\"eael-grid-post-holder\">\n            <div class=\"eael-grid-post-holder-inner\"><div class=\"eael-entry-media\"><div class=\"eael-entry-overlay fade-in\"><i class=\"far fa-hand-pointer\" aria-hidden=\"true\"><\/i><a href=\"https:\/\/soymigrante.com\/revista\/esvin-gomez-retalteco-migrante-impulsa-el-movimiento-tps-en-california\/\"><\/a><\/div><div class=\"eael-entry-thumbnail \">\n                <img loading=\"lazy\" decoding=\"async\" width=\"1024\" height=\"1024\" src=\"https:\/\/soymigrante.com\/revista\/wp-content\/uploads\/2024\/09\/Esvin-Gomez-defiende-el-TPS-en-USA3-e1727724241599-1024x1024.webp\" class=\"attachment-large size-large wp-image-9830\" alt=\"Turista en un centro comercial de EE.UU., sostiene una hoja con el logotipo de TPS, en un entorno urbano con decoraciones de Halloween y figura de Mickey Mouse disfrazada.\" srcset=\"https:\/\/soymigrante.com\/revista\/wp-content\/uploads\/2024\/09\/Esvin-Gomez-defiende-el-TPS-en-USA3-e1727724241599-1024x1024.webp 1024w, https:\/\/soymigrante.com\/revista\/wp-content\/uploads\/2024\/09\/Esvin-Gomez-defiende-el-TPS-en-USA3-e1727724241599-300x300.webp 300w, https:\/\/soymigrante.com\/revista\/wp-content\/uploads\/2024\/09\/Esvin-Gomez-defiende-el-TPS-en-USA3-e1727724241599-150x150.webp 150w, https:\/\/soymigrante.com\/revista\/wp-content\/uploads\/2024\/09\/Esvin-Gomez-defiende-el-TPS-en-USA3-e1727724241599-768x768.webp 768w, https:\/\/soymigrante.com\/revista\/wp-content\/uploads\/2024\/09\/Esvin-Gomez-defiende-el-TPS-en-USA3-e1727724241599-75x75.webp 75w, https:\/\/soymigrante.com\/revista\/wp-content\/uploads\/2024\/09\/Esvin-Gomez-defiende-el-TPS-en-USA3-e1727724241599-750x750.webp 750w, https:\/\/soymigrante.com\/revista\/wp-content\/uploads\/2024\/09\/Esvin-Gomez-defiende-el-TPS-en-USA3-e1727724241599-1140x1140.webp 1140w, https:\/\/soymigrante.com\/revista\/wp-content\/uploads\/2024\/09\/Esvin-Gomez-defiende-el-TPS-en-USA3-e1727724241599.webp 1440w\" sizes=\"(max-width: 1024px) 100vw, 1024px\" \/>\n            <\/div>\n        <\/div><div class=\"eael-entry-wrapper\"><header class=\"eael-entry-header\"><h2 class=\"eael-entry-title\"><a class=\"eael-grid-post-link\" href=\"https:\/\/soymigrante.com\/revista\/esvin-gomez-retalteco-migrante-impulsa-el-movimiento-tps-en-california\/\" title=\"&#8220;Lo vamos a lograr&#8221;: Esvin G\u00f3mez, migrante retalteco apoya el movimiento TPS en California\">&#8220;Lo vamos a lograr&#8221;: Esvin G\u00f3mez, migrante retalteco apoya el movimiento TPS en California<\/a><\/h2><\/header><div class=\"eael-entry-content\">\n                        <div class=\"eael-grid-post-excerpt\"><a href=\"https:\/\/soymigrante.com\/revista\/esvin-gomez-retalteco-migrante-impulsa-el-movimiento-tps-en-california\/\" class=\"eael-post-elements-readmore-btn\">CONOCE SU HISTORIA <\/a><\/div>\n                    <\/div><\/div><\/div>\n        <\/div>\n    <\/article><\/div>\n            <div class=\"clearfix\"><\/div>\n        <\/div>\t\t\t\t<\/div>\n\t\t\t\t\t<\/div>\n\t\t\t\t<\/div>\n\t\t\t\t<\/div>\n\t\t","protected":false},"excerpt":{"rendered":"<p>Ramiro Garrido decidi\u00f3 emigrar a Estados Unidos ante la extrema pobreza que su familia viv\u00eda en Salam\u00e1, Baja Verapaz en 1994. Se ha superado, pero nunca se olvida de ayudar a sus compatriotas. Aqu\u00ed su historia. Ramiro Garrido ten\u00eda solo 19 a\u00f1os cuando decidi\u00f3 perseguir el sue\u00f1o de un futuro mejor lejos de su tierra.Su [&hellip;]<\/p>\n","protected":false},"author":23,"featured_media":10419,"comment_status":"open","ping_status":"open","sticky":false,"template":"","format":"standard","meta":{"_acf_changed":false,"_eb_attr":"","footnotes":""},"categories":[50],"tags":[],"class_list":["post-10417","post","type-post","status-publish","format-standard","has-post-thumbnail","hentry","category-exitos"],"acf":[],"aioseo_notices":[],"aioseo_head":"\n\t\t<!-- All in One SEO Pro 4.9.6.2 - aioseo.com -->\n\t<meta name=\"description\" content=\"Ten\u00eda 23 a\u00f1os cuando dej\u00f3 su natal San Felipe Retalhuleu. Lleg\u00f3 a North Hollywood en California hace 31 a\u00f1os. Es ciudadano pero apoya un TPS para connacionales.\" \/>\n\t<meta name=\"robots\" content=\"max-snippet:-1, max-image-preview:large, max-video-preview:-1\" \/>\n\t<meta name=\"author\" content=\"Beatriz Tercero\"\/>\n\t<link rel=\"canonical\" href=\"https:\/\/soymigrante.com\/revista\/esvin-gomez-retalteco-migrante-impulsa-el-movimiento-tps-en-california\/\" \/>\n\t<meta name=\"generator\" content=\"All in One SEO Pro (AIOSEO) 4.9.6.2\" \/>\n\n\t\t<link rel=\"preconnect\" href=\"https:\/\/fonts.googleapis.com\" crossorigin>\n<link rel=\"preconnect\" href=\"https:\/\/fonts.gstatic.com\" crossorigin>\n\t\t<meta property=\"og:locale\" content=\"es_ES\" \/>\n\t\t<meta property=\"og:site_name\" content=\"SoyMigrante.com REVISTA \u2013 Nuestra misi\u00f3n es reconocer y dignificar al migrante.\" \/>\n\t\t<meta property=\"og:type\" content=\"article\" \/>\n\t\t<meta property=\"og:title\" content=\"Esvin G\u00f3mez re\u00fane firmas en California para TPS Guatemalteco\" \/>\n\t\t<meta property=\"og:description\" content=\"Ten\u00eda 23 a\u00f1os cuando dej\u00f3 su natal San Felipe Retalhuleu. Lleg\u00f3 a North Hollywood en California hace 31 a\u00f1os. Es ciudadano pero apoya un TPS para connacionales.\" \/>\n\t\t<meta property=\"og:url\" content=\"https:\/\/soymigrante.com\/revista\/esvin-gomez-retalteco-migrante-impulsa-el-movimiento-tps-en-california\/\" \/>\n\t\t<meta property=\"og:image\" content=\"https:\/\/soymigrante.com\/revista\/wp-content\/uploads\/2024\/09\/Esvin-Gomez-defiende-el-TPS-en-USA3-e1727724241599.webp\" \/>\n\t\t<meta property=\"og:image:secure_url\" content=\"https:\/\/soymigrante.com\/revista\/wp-content\/uploads\/2024\/09\/Esvin-Gomez-defiende-el-TPS-en-USA3-e1727724241599.webp\" \/>\n\t\t<meta property=\"og:image:width\" content=\"1440\" \/>\n\t\t<meta property=\"og:image:height\" content=\"1440\" \/>\n\t\t<meta property=\"article:published_time\" content=\"2024-09-30T19:53:29+00:00\" \/>\n\t\t<meta property=\"article:modified_time\" content=\"2024-10-02T14:02:12+00:00\" \/>\n\t\t<meta property=\"article:publisher\" content=\"https:\/\/www.facebook.com\/soymigrantecom\" \/>\n\t\t<meta name=\"twitter:card\" content=\"summary_large_image\" \/>\n\t\t<meta name=\"twitter:site\" content=\"@SoyMigrante_com\" \/>\n\t\t<meta name=\"twitter:title\" content=\"Esvin G\u00f3mez re\u00fane firmas en California para TPS Guatemalteco\" \/>\n\t\t<meta name=\"twitter:description\" content=\"Ten\u00eda 23 a\u00f1os cuando dej\u00f3 su natal San Felipe Retalhuleu. Lleg\u00f3 a North Hollywood en California hace 31 a\u00f1os. Es ciudadano pero apoya un TPS para connacionales.\" \/>\n\t\t<meta name=\"twitter:creator\" content=\"@SoyMigrante_com\" \/>\n\t\t<meta name=\"twitter:image\" content=\"https:\/\/soymigrante.com\/revista\/wp-content\/uploads\/2024\/09\/Esvin-Gomez-defiende-el-TPS-en-USA3-e1727724241599.webp\" \/>\n\t\t<!-- All in One SEO Pro -->\r\n\t\t<title>Esvin G\u00f3mez re\u00fane firmas en California para TPS Guatemalteco<\/title>\n\n","aioseo_head_json":{"title":"Esvin G\u00f3mez re\u00fane firmas en California para TPS Guatemalteco","description":"Ten\u00eda 23 a\u00f1os cuando dej\u00f3 su natal San Felipe Retalhuleu. Lleg\u00f3 a North Hollywood en California hace 31 a\u00f1os. Es ciudadano pero apoya un TPS para connacionales.","canonical_url":"https:\/\/soymigrante.com\/revista\/esvin-gomez-retalteco-migrante-impulsa-el-movimiento-tps-en-california\/","robots":"max-snippet:-1, max-image-preview:large, max-video-preview:-1","keywords":"","webmasterTools":{"miscellaneous":"&lt;link rel=\"preconnect\" href=\"https:\/\/fonts.googleapis.com\" crossorigin&gt;\n&lt;link rel=\"preconnect\" href=\"https:\/\/fonts.gstatic.com\" crossorigin&gt;"},"schema":null,"og:locale":"es_ES","og:site_name":"SoyMigrante.com REVISTA \u2013 Nuestra misi\u00f3n es reconocer y dignificar al migrante.","og:type":"article","og:title":"Esvin G\u00f3mez re\u00fane firmas en California para TPS Guatemalteco","og:description":"Ten\u00eda 23 a\u00f1os cuando dej\u00f3 su natal San Felipe Retalhuleu. Lleg\u00f3 a North Hollywood en California hace 31 a\u00f1os. Es ciudadano pero apoya un TPS para connacionales.","og:url":"https:\/\/soymigrante.com\/revista\/esvin-gomez-retalteco-migrante-impulsa-el-movimiento-tps-en-california\/","og:image":"https:\/\/soymigrante.com\/revista\/wp-content\/uploads\/2024\/09\/Esvin-Gomez-defiende-el-TPS-en-USA3-e1727724241599.webp","og:image:secure_url":"https:\/\/soymigrante.com\/revista\/wp-content\/uploads\/2024\/09\/Esvin-Gomez-defiende-el-TPS-en-USA3-e1727724241599.webp","og:image:width":1440,"og:image:height":1440,"article:published_time":"2024-09-30T19:53:29+00:00","article:modified_time":"2024-10-02T14:02:12+00:00","article:publisher":"https:\/\/www.facebook.com\/soymigrantecom","twitter:card":"summary_large_image","twitter:site":"@SoyMigrante_com","twitter:title":"Esvin G\u00f3mez re\u00fane firmas en California para TPS Guatemalteco","twitter:description":"Ten\u00eda 23 a\u00f1os cuando dej\u00f3 su natal San Felipe Retalhuleu. Lleg\u00f3 a North Hollywood en California hace 31 a\u00f1os. Es ciudadano pero apoya un TPS para connacionales.","twitter:creator":"@SoyMigrante_com","twitter:image":"https:\/\/soymigrante.com\/revista\/wp-content\/uploads\/2024\/09\/Esvin-Gomez-defiende-el-TPS-en-USA3-e1727724241599.webp"},"aioseo_meta_data":{"post_id":"10417","title":"Ramiro Garrido posee la energ\u00eda positiva de la solidaridad","description":"Ramiro Garrido, originario de Salam\u00e1, Baja Verapaz, lleg\u00f3 a EE.UU. a los 19 a\u00f1os. Es electricista en EEE.UU. un guatemalteco que nunca se olvida de su patria.","keywords":null,"keyphrases":{"focus":{"keyphrase":"Ramiro Garrido","score":82,"analysis":{"keyphraseInTitle":{"score":9,"maxScore":9,"error":0},"keyphraseInDescription":{"score":9,"maxScore":9,"error":0},"keyphraseLength":{"score":9,"maxScore":9,"error":0,"length":2},"keyphraseInURL":{"score":5,"maxScore":5,"error":0},"keyphraseInIntroduction":{"score":9,"maxScore":9,"error":0},"keyphraseInSubHeadings":{"score":3,"maxScore":9,"error":1},"keyphraseInImageAlt":{"score":3,"maxScore":9,"error":1},"keywordDensity":{"type":"best","score":9,"maxScore":9,"error":0}}},"additional":[]},"primary_term":null,"canonical_url":null,"og_title":null,"og_description":null,"og_object_type":"default","og_image_type":"default","og_image_url":null,"og_image_width":null,"og_image_height":null,"og_image_custom_url":null,"og_image_custom_fields":null,"og_video":"","og_custom_url":null,"og_article_section":null,"og_article_tags":null,"twitter_use_og":false,"twitter_card":"default","twitter_image_type":"default","twitter_image_url":null,"twitter_image_custom_url":null,"twitter_image_custom_fields":null,"twitter_title":null,"twitter_description":null,"schema":{"blockGraphs":[],"customGraphs":[],"default":{"data":{"Article":[],"Course":[],"Dataset":[],"FAQPage":[],"Movie":[],"Person":[],"Product":[],"ProductReview":[],"Car":[],"Recipe":[],"Service":[],"SoftwareApplication":[],"WebPage":[]},"graphName":"Article","isEnabled":true},"graphs":[]},"schema_type":"default","schema_type_options":null,"pillar_content":false,"robots_default":true,"robots_noindex":false,"robots_noarchive":false,"robots_nosnippet":false,"robots_nofollow":false,"robots_noimageindex":false,"robots_noodp":false,"robots_notranslate":false,"robots_max_snippet":"-1","robots_max_videopreview":"-1","robots_max_imagepreview":"large","priority":null,"frequency":"default","local_seo":null,"seo_analyzer_scan_date":"2025-10-08 23:45:48","breadcrumb_settings":null,"limit_modified_date":false,"reviewed_by":null,"open_ai":"{\"title\":{\"suggestions\":[],\"usage\":0},\"description\":{\"suggestions\":[],\"usage\":0}}","ai":null,"created":"2024-10-16 05:17:25","updated":"2026-02-04 15:08:57"},"aioseo_breadcrumb":"<div class=\"aioseo-breadcrumbs\"><span class=\"aioseo-breadcrumb\">\n\t<a href=\"https:\/\/soymigrante.com\/revista\" title=\"Home\">Home<\/a>\n<\/span><span class=\"aioseo-breadcrumb-separator\">\u00bb<\/span><span class=\"aioseo-breadcrumb\">\n\t<a href=\"https:\/\/soymigrante.com\/revista\/category\/exitos\/\" title=\"\u00c9xitos\">\u00c9xitos<\/a>\n<\/span><span class=\"aioseo-breadcrumb-separator\">\u00bb<\/span><span class=\"aioseo-breadcrumb\">\n\tRamiro Garrido es electricista y posee la poderosa energ\u00eda de la generosidad\n<\/span><\/div>","aioseo_breadcrumb_json":[{"label":"Home","link":"https:\/\/soymigrante.com\/revista"},{"label":"\u00c9xitos","link":"https:\/\/soymigrante.com\/revista\/category\/exitos\/"},{"label":"Ramiro Garrido es electricista y posee la poderosa energ\u00eda de la generosidad","link":"https:\/\/soymigrante.com\/revista\/ramiro-garrido-electricista-en-ee-uu-posee-la-poderosa-energia-de-la-generosida\/"}],"_links":{"self":[{"href":"https:\/\/soymigrante.com\/revista\/wp-json\/wp\/v2\/posts\/10417","targetHints":{"allow":["GET"]}}],"collection":[{"href":"https:\/\/soymigrante.com\/revista\/wp-json\/wp\/v2\/posts"}],"about":[{"href":"https:\/\/soymigrante.com\/revista\/wp-json\/wp\/v2\/types\/post"}],"author":[{"embeddable":true,"href":"https:\/\/soymigrante.com\/revista\/wp-json\/wp\/v2\/users\/23"}],"replies":[{"embeddable":true,"href":"https:\/\/soymigrante.com\/revista\/wp-json\/wp\/v2\/comments?post=10417"}],"version-history":[{"count":0,"href":"https:\/\/soymigrante.com\/revista\/wp-json\/wp\/v2\/posts\/10417\/revisions"}],"wp:featuredmedia":[{"embeddable":true,"href":"https:\/\/soymigrante.com\/revista\/wp-json\/wp\/v2\/media\/10419"}],"wp:attachment":[{"href":"https:\/\/soymigrante.com\/revista\/wp-json\/wp\/v2\/media?parent=10417"}],"wp:term":[{"taxonomy":"category","embeddable":true,"href":"https:\/\/soymigrante.com\/revista\/wp-json\/wp\/v2\/categories?post=10417"},{"taxonomy":"post_tag","embeddable":true,"href":"https:\/\/soymigrante.com\/revista\/wp-json\/wp\/v2\/tags?post=10417"}],"curies":[{"name":"wp","href":"https:\/\/api.w.org\/{rel}","templated":true}]}}