{"id":10384,"date":"2024-10-15T17:55:57","date_gmt":"2024-10-15T23:55:57","guid":{"rendered":"https:\/\/soymigrante.com\/revista\/?p=10384"},"modified":"2024-10-15T18:17:31","modified_gmt":"2024-10-16T00:17:31","slug":"historias-creatividad-y-economia-se-integran-en-el-ingenio-artesanal-de-guatemala","status":"publish","type":"post","link":"https:\/\/soymigrante.com\/revista\/historias-creatividad-y-economia-se-integran-en-el-ingenio-artesanal-de-guatemala\/","title":{"rendered":"Historias, creatividad y econom\u00eda se integran en el ingenio artesanal de Guatemala"},"content":{"rendered":"\t\t<div data-elementor-type=\"wp-post\" data-elementor-id=\"10384\" class=\"elementor elementor-10384\" data-elementor-post-type=\"post\">\n\t\t\t\t<div data-particle_enable=\"false\" data-particle-mobile-disabled=\"false\" class=\"elementor-element elementor-element-05890b6 e-flex e-con-boxed e-con e-parent\" data-id=\"05890b6\" data-element_type=\"container\" data-e-type=\"container\">\n\t\t\t\t\t<div class=\"e-con-inner\">\n\t\t\t\t<div class=\"elementor-element elementor-element-e040c2a elementor-widget elementor-widget-heading\" data-id=\"e040c2a\" data-element_type=\"widget\" data-e-type=\"widget\" data-widget_type=\"heading.default\">\n\t\t\t\t\t<h2 class=\"elementor-heading-title elementor-size-default\">La plataforma SoyMigrante.com\/MERCADO surge para apoyar al emprendedor, al artesano, al fabricante de art\u00edculos hechos a mano: un sector de producci\u00f3n integrado por peque\u00f1os talleres personales o familiares, que integran tradici\u00f3n, creatividad y ra\u00edces culturales. He ah\u00ed su gran valor econ\u00f3mico y de identidad.<\/h2>\t\t\t\t<\/div>\n\t\t\t\t\t<\/div>\n\t\t\t\t<\/div>\n\t\t<div data-particle_enable=\"false\" data-particle-mobile-disabled=\"false\" class=\"elementor-element elementor-element-6d2a406 e-flex e-con-boxed e-con e-parent\" data-id=\"6d2a406\" data-element_type=\"container\" data-e-type=\"container\">\n\t\t\t\t\t<div class=\"e-con-inner\">\n\t\t\t\t<div class=\"elementor-element elementor-element-8edee4b elementor-widget elementor-widget-text-editor\" data-id=\"8edee4b\" data-element_type=\"widget\" data-e-type=\"widget\" data-widget_type=\"text-editor.default\">\n\t\t\t\t\t\t\t\t\t<p>Las artesan\u00edas y la fabricaci\u00f3n de art\u00edculos a mano en Guatemala constituyen una expresi\u00f3n profunda de la riqueza multicultural del pa\u00eds.\u00a0 Lamentablemente, muchos de estos productos no reciben adecuada valoraci\u00f3n, a pesar del trabajo, la tradici\u00f3n y la cultura que representan.<\/p><p>Parad\u00f3jicamente, por ejemplo en el caso de los textiles mayas, cuando forman parte de piezas creadas por otros dise\u00f1adores no ind\u00edgenas o cuandon son mercadeadas a trav\u00e9s de otros intermediarios, alcanzan precios que no necesariamente benefician a sus creadores originales.\u00a0\u00a0<\/p><p>Por eso surge SoyMigrante.com\/Mercado, como una plataforma de e-commerce dedicada a los emprendedores, artesanos y fabricantes de art\u00edculos a mano, de diversos rubros, para brindarle un p\u00fablico m\u00e1s amplio, sin l\u00edmite de horarios y con el derecho de establecer su precio, a fin de dignificar el trabajo, el aporte y la creatividad de cada creador.\u00a0<\/p><p>En todo caso, aqu\u00ed presentamos siete aspectos que hacen de los productos elaborados a mano un aut\u00e9ntico bien digno de ser justipreciado, valorado y distribuido a mayor escala, sin perder su car\u00e1cter de pieza \u00fanica.<\/p>\t\t\t\t\t\t\t\t<\/div>\n\t\t\t\t\t<\/div>\n\t\t\t\t<\/div>\n\t\t<div data-particle_enable=\"false\" data-particle-mobile-disabled=\"false\" class=\"elementor-element elementor-element-288cd71 e-flex e-con-boxed e-con e-parent\" data-id=\"288cd71\" data-element_type=\"container\" data-e-type=\"container\">\n\t\t\t\t\t<div class=\"e-con-inner\">\n\t\t\t\t<div class=\"elementor-element elementor-element-19affa5 elementor-widget elementor-widget-image\" data-id=\"19affa5\" data-element_type=\"widget\" data-e-type=\"widget\" data-widget_type=\"image.default\">\n\t\t\t\t\t\t\t\t\t\t\t\t<figure class=\"wp-caption\">\n\t\t\t\t\t\t\t\t\t\t<img fetchpriority=\"high\" decoding=\"async\" width=\"768\" height=\"512\" src=\"https:\/\/soymigrante.com\/revista\/wp-content\/uploads\/2024\/10\/artesanias-guatemala-2-1024x683.webp\" class=\"attachment-large size-large wp-image-10409\" alt=\"Barro cocido artesanal en manos, s\u00edmbolo de cultura y trabajo en comunidades migrantes.\" srcset=\"https:\/\/soymigrante.com\/revista\/wp-content\/uploads\/2024\/10\/artesanias-guatemala-2-1024x683.webp 1024w, https:\/\/soymigrante.com\/revista\/wp-content\/uploads\/2024\/10\/artesanias-guatemala-2-300x200.webp 300w, https:\/\/soymigrante.com\/revista\/wp-content\/uploads\/2024\/10\/artesanias-guatemala-2-768x512.webp 768w, https:\/\/soymigrante.com\/revista\/wp-content\/uploads\/2024\/10\/artesanias-guatemala-2-1536x1024.webp 1536w, https:\/\/soymigrante.com\/revista\/wp-content\/uploads\/2024\/10\/artesanias-guatemala-2-750x500.webp 750w, https:\/\/soymigrante.com\/revista\/wp-content\/uploads\/2024\/10\/artesanias-guatemala-2-1140x760.webp 1140w, https:\/\/soymigrante.com\/revista\/wp-content\/uploads\/2024\/10\/artesanias-guatemala-2.webp 1920w\" sizes=\"(max-width: 768px) 100vw, 768px\" title=\"Figurilla de un \u00e1ngel navide\u00f1o, elaborada por manos de ceramistas tradicionales mayas de Chinautla, Guatemala. \u2013 SoyMigrante.com REVISTA\" \/>\t\t\t\t\t\t\t\t\t\t\t<figcaption class=\"widget-image-caption wp-caption-text\">Proceso de elaboraci\u00f3n de barro en manos de artesanos, reflejando tradiciones y migraci\u00f3n en M\u00e9xico.<\/figcaption>\n\t\t\t\t\t\t\t\t\t\t<\/figure>\n\t\t\t\t\t\t\t\t\t<\/div>\n\t\t\t\t\t<\/div>\n\t\t\t\t<\/div>\n\t\t<div data-particle_enable=\"false\" data-particle-mobile-disabled=\"false\" class=\"elementor-element elementor-element-f26dab3 e-flex e-con-boxed e-con e-parent\" data-id=\"f26dab3\" data-element_type=\"container\" data-e-type=\"container\">\n\t\t\t\t\t<div class=\"e-con-inner\">\n\t\t\t\t<div class=\"elementor-element elementor-element-08faeed elementor-widget elementor-widget-heading\" data-id=\"08faeed\" data-element_type=\"widget\" data-e-type=\"widget\" data-widget_type=\"heading.default\">\n\t\t\t\t\t<h3 class=\"elementor-heading-title elementor-size-default\">Expresi\u00f3n cultural<\/h3>\t\t\t\t<\/div>\n\t\t\t\t\t<\/div>\n\t\t\t\t<\/div>\n\t\t<div data-particle_enable=\"false\" data-particle-mobile-disabled=\"false\" class=\"elementor-element elementor-element-81aa822 e-flex e-con-boxed e-con e-parent\" data-id=\"81aa822\" data-element_type=\"container\" data-e-type=\"container\">\n\t\t\t\t\t<div class=\"e-con-inner\">\n\t\t\t\t<div class=\"elementor-element elementor-element-9c08640 elementor-widget elementor-widget-text-editor\" data-id=\"9c08640\" data-element_type=\"widget\" data-e-type=\"widget\" data-widget_type=\"text-editor.default\">\n\t\t\t\t\t\t\t\t\t<p><span style=\"color: var( --e-global-color-text ); text-align: var(--text-align);\">&nbsp;Las artesan\u00edas guatemaltecas son una manifestaci\u00f3n directa de la identidad cultural de sus comunidades. A trav\u00e9s de t\u00e9cnicas ancestrales, colores, formas y materiales, los artesanos preservan y transmiten historias, tradiciones y cosmovisiones que reflejan la diversidad \u00e9tnica y cultural del pa\u00eds. Cada pieza es \u00fanica y lleva consigo un significado simb\u00f3lico y cultural, conectando generaciones y manteniendo vivas las ra\u00edces de los pueblos ind\u00edgenas.<\/span><\/p>\n<p><\/p>\t\t\t\t\t\t\t\t<\/div>\n\t\t\t\t\t<\/div>\n\t\t\t\t<\/div>\n\t\t<div data-particle_enable=\"false\" data-particle-mobile-disabled=\"false\" class=\"elementor-element elementor-element-2e1c92f e-flex e-con-boxed e-con e-parent\" data-id=\"2e1c92f\" data-element_type=\"container\" data-e-type=\"container\">\n\t\t\t\t\t<div class=\"e-con-inner\">\n\t\t\t\t<div class=\"elementor-element elementor-element-649ed39 elementor-widget elementor-widget-video\" data-id=\"649ed39\" data-element_type=\"widget\" data-e-type=\"widget\" data-settings=\"{&quot;youtube_url&quot;:&quot;https:\\\/\\\/www.youtube.com\\\/watch?v=1cdhAHa1Ar4&quot;,&quot;video_type&quot;:&quot;youtube&quot;,&quot;controls&quot;:&quot;yes&quot;}\" data-widget_type=\"video.default\">\n\t\t\t\t\t\t\t<div class=\"elementor-wrapper elementor-open-inline\">\n\t\t\t<div class=\"elementor-video\"><\/div>\t\t<\/div>\n\t\t\t\t\t\t<\/div>\n\t\t\t\t\t<\/div>\n\t\t\t\t<\/div>\n\t\t<div data-particle_enable=\"false\" data-particle-mobile-disabled=\"false\" class=\"elementor-element elementor-element-5ded151 e-flex e-con-boxed e-con e-parent\" data-id=\"5ded151\" data-element_type=\"container\" data-e-type=\"container\">\n\t\t\t\t\t<div class=\"e-con-inner\">\n\t\t\t\t<div class=\"elementor-element elementor-element-4638f38 elementor-widget elementor-widget-heading\" data-id=\"4638f38\" data-element_type=\"widget\" data-e-type=\"widget\" data-widget_type=\"heading.default\">\n\t\t\t\t\t<h3 class=\"elementor-heading-title elementor-size-default\">T\u00e9cnicas tradicionales con historia y memoria<\/h3>\t\t\t\t<\/div>\n\t\t\t\t\t<\/div>\n\t\t\t\t<\/div>\n\t\t<div data-particle_enable=\"false\" data-particle-mobile-disabled=\"false\" class=\"elementor-element elementor-element-9c8e343 e-flex e-con-boxed e-con e-parent\" data-id=\"9c8e343\" data-element_type=\"container\" data-e-type=\"container\">\n\t\t\t\t\t<div class=\"e-con-inner\">\n\t\t\t\t<div class=\"elementor-element elementor-element-0c96528 elementor-widget elementor-widget-text-editor\" data-id=\"0c96528\" data-element_type=\"widget\" data-e-type=\"widget\" data-widget_type=\"text-editor.default\">\n\t\t\t\t\t\t\t\t\t<p><span style=\"color: var( --e-global-color-text ); text-align: var(--text-align);\">Conservaci\u00f3n de t\u00e9cnicas tradicionales: La fabricaci\u00f3n manual de art\u00edculos en Guatemala ha pasado de generaci\u00f3n en generaci\u00f3n, garantizando la preservaci\u00f3n de t\u00e9cnicas artesanales que datan de siglos. Desde el tejido de los famosos huipiles hasta la cer\u00e1mica y la talla en madera, estos m\u00e9todos tradicionales son fundamentales para mantener la historia viva. A trav\u00e9s de estas pr\u00e1cticas, se protege y se refuerza la identidad de las comunidades, adem\u00e1s de generar un v\u00ednculo con el pasado.<\/span><\/p>\t\t\t\t\t\t\t\t<\/div>\n\t\t\t\t\t<\/div>\n\t\t\t\t<\/div>\n\t\t<div data-particle_enable=\"false\" data-particle-mobile-disabled=\"false\" class=\"elementor-element elementor-element-ce29500 e-flex e-con-boxed e-con e-parent\" data-id=\"ce29500\" data-element_type=\"container\" data-e-type=\"container\">\n\t\t\t\t\t<div class=\"e-con-inner\">\n\t\t\t\t<div class=\"elementor-element elementor-element-51fd772 elementor-align-center elementor-invisible elementor-widget elementor-widget-button\" data-id=\"51fd772\" data-element_type=\"widget\" data-e-type=\"widget\" data-settings=\"{&quot;_animation&quot;:&quot;bounceInDown&quot;}\" data-widget_type=\"button.default\">\n\t\t\t\t\t\t\t\t\t\t<a class=\"elementor-button elementor-button-link elementor-size-sm\" href=\"https:\/\/bit.ly\/3MwSGcU\">\n\t\t\t\t\t\t<span class=\"elementor-button-content-wrapper\">\n\t\t\t\t\t\t\t\t\t<span class=\"elementor-button-text\">SI DESEAS INSCRIBIR TU EMPRENDIMIENTO PARA ENTRAR EN LA FASE DE LANZAMIENTO DE\nSOYMIGRANTE.COM\/MERCADO, HAZ CLIC AQU\u00cd Y REG\u00cdSTRATE.<\/span>\n\t\t\t\t\t<\/span>\n\t\t\t\t\t<\/a>\n\t\t\t\t\t\t\t\t<\/div>\n\t\t\t\t\t<\/div>\n\t\t\t\t<\/div>\n\t\t<div data-particle_enable=\"false\" data-particle-mobile-disabled=\"false\" class=\"elementor-element elementor-element-ee312a3 e-flex e-con-boxed e-con e-parent\" data-id=\"ee312a3\" data-element_type=\"container\" data-e-type=\"container\">\n\t\t\t\t\t<div class=\"e-con-inner\">\n\t\t\t\t<div class=\"elementor-element elementor-element-d3ae4f1 elementor-widget elementor-widget-heading\" data-id=\"d3ae4f1\" data-element_type=\"widget\" data-e-type=\"widget\" data-widget_type=\"heading.default\">\n\t\t\t\t\t<h3 class=\"elementor-heading-title elementor-size-default\">Potencial econ\u00f3mico para el desarrollo<\/h3>\t\t\t\t<\/div>\n\t\t\t\t\t<\/div>\n\t\t\t\t<\/div>\n\t\t<div data-particle_enable=\"false\" data-particle-mobile-disabled=\"false\" class=\"elementor-element elementor-element-c75f4c3 e-flex e-con-boxed e-con e-parent\" data-id=\"c75f4c3\" data-element_type=\"container\" data-e-type=\"container\">\n\t\t\t\t\t<div class=\"e-con-inner\">\n\t\t\t\t<div class=\"elementor-element elementor-element-8812456 elementor-widget elementor-widget-text-editor\" data-id=\"8812456\" data-element_type=\"widget\" data-e-type=\"widget\" data-widget_type=\"text-editor.default\">\n\t\t\t\t\t\t\t\t\t<p><span style=\"color: var( --e-global-color-text ); text-align: var(--text-align);\">Potencial econ\u00f3mico: La producci\u00f3n artesanal tiene un alto potencial econ\u00f3mico para las comunidades locales, especialmente en \u00e1reas rurales. El turismo y los mercados internacionales cada vez valoran m\u00e1s los productos aut\u00e9nticos y hechos a mano, lo que abre oportunidades para que los artesanos guatemaltecos accedan a mercados globales. Esto no solo genera ingresos para las familias, sino que tambi\u00e9n fomenta el comercio justo y la sostenibilidad.<\/span><\/p>\t\t\t\t\t\t\t\t<\/div>\n\t\t\t\t\t<\/div>\n\t\t\t\t<\/div>\n\t\t<div data-particle_enable=\"false\" data-particle-mobile-disabled=\"false\" class=\"elementor-element elementor-element-e560661 e-flex e-con-boxed e-con e-parent\" data-id=\"e560661\" data-element_type=\"container\" data-e-type=\"container\">\n\t\t\t\t\t<div class=\"e-con-inner\">\n\t\t\t\t<div class=\"elementor-element elementor-element-a0baa2a elementor-widget elementor-widget-facebook-embed\" data-id=\"a0baa2a\" data-element_type=\"widget\" data-e-type=\"widget\" data-widget_type=\"facebook-embed.default\">\n\t\t\t\t\t<div style=\"min-height: 1px\" class=\"elementor-facebook-widget fb-video\" data-href=\"https:\/\/www.facebook.com\/MarcosAndresAntil\/videos\/924983298170488\" data-show-text=\"false\" data-allowfullscreen=\"false\" data-autoplay=\"false\" data-show-captions=\"false\"><\/div>\t\t\t\t<\/div>\n\t\t\t\t\t<\/div>\n\t\t\t\t<\/div>\n\t\t<div data-particle_enable=\"false\" data-particle-mobile-disabled=\"false\" class=\"elementor-element elementor-element-2995972 e-flex e-con-boxed e-con e-parent\" data-id=\"2995972\" data-element_type=\"container\" data-e-type=\"container\">\n\t\t\t\t\t<div class=\"e-con-inner\">\n\t\t\t\t<div class=\"elementor-element elementor-element-aa721bd elementor-widget elementor-widget-heading\" data-id=\"aa721bd\" data-element_type=\"widget\" data-e-type=\"widget\" data-widget_type=\"heading.default\">\n\t\t\t\t\t<h3 class=\"elementor-heading-title elementor-size-default\">Empoderamiento de mujeres y madres<\/h3>\t\t\t\t<\/div>\n\t\t\t\t\t<\/div>\n\t\t\t\t<\/div>\n\t\t<div data-particle_enable=\"false\" data-particle-mobile-disabled=\"false\" class=\"elementor-element elementor-element-eb41a13 e-flex e-con-boxed e-con e-parent\" data-id=\"eb41a13\" data-element_type=\"container\" data-e-type=\"container\">\n\t\t\t\t\t<div class=\"e-con-inner\">\n\t\t\t\t<div class=\"elementor-element elementor-element-923d69a elementor-widget elementor-widget-text-editor\" data-id=\"923d69a\" data-element_type=\"widget\" data-e-type=\"widget\" data-widget_type=\"text-editor.default\">\n\t\t\t\t\t\t\t\t\t<p><span style=\"color: var( --e-global-color-text ); text-align: var(--text-align);\">Empoderamiento de las mujeres: En muchas comunidades guatemaltecas, las mujeres juegan un rol fundamental en la producci\u00f3n artesanal. A trav\u00e9s de su participaci\u00f3n, no solo preservan las tradiciones, sino que tambi\u00e9n encuentran una fuente de ingresos y autonom\u00eda econ\u00f3mica. Esto es particularmente importante en regiones donde las oportunidades para las mujeres son limitadas. La artesan\u00eda, por tanto, se convierte en una v\u00eda para su empoderamiento y su inclusi\u00f3n social y econ\u00f3mica.\u00a0<\/span><\/p><p>\u00a0<\/p>\t\t\t\t\t\t\t\t<\/div>\n\t\t\t\t\t<\/div>\n\t\t\t\t<\/div>\n\t\t<div data-particle_enable=\"false\" data-particle-mobile-disabled=\"false\" class=\"elementor-element elementor-element-1743669 e-flex e-con-boxed e-con e-parent\" data-id=\"1743669\" data-element_type=\"container\" data-e-type=\"container\">\n\t\t\t\t\t<div class=\"e-con-inner\">\n\t\t\t\t<div class=\"elementor-element elementor-element-48fe414 elementor-widget elementor-widget-image\" data-id=\"48fe414\" data-element_type=\"widget\" data-e-type=\"widget\" data-widget_type=\"image.default\">\n\t\t\t\t\t\t\t\t\t\t\t\t<figure class=\"wp-caption\">\n\t\t\t\t\t\t\t\t\t\t<img decoding=\"async\" width=\"768\" height=\"512\" src=\"https:\/\/soymigrante.com\/revista\/wp-content\/uploads\/2024\/10\/artesanias-guatemala-3-1024x683.webp\" class=\"attachment-large size-large wp-image-10410\" alt=\"Artesan\u00edas de barro en venta en una feria tradicional mexicana, destacando la cultura y migraci\u00f3n en M\u00e9xico, con mujeres ind\u00edgenas elaborando figuritas y objetos cer\u00e1micos en un entorno comunitario.\" srcset=\"https:\/\/soymigrante.com\/revista\/wp-content\/uploads\/2024\/10\/artesanias-guatemala-3-1024x683.webp 1024w, https:\/\/soymigrante.com\/revista\/wp-content\/uploads\/2024\/10\/artesanias-guatemala-3-300x200.webp 300w, https:\/\/soymigrante.com\/revista\/wp-content\/uploads\/2024\/10\/artesanias-guatemala-3-768x512.webp 768w, https:\/\/soymigrante.com\/revista\/wp-content\/uploads\/2024\/10\/artesanias-guatemala-3-1536x1024.webp 1536w, https:\/\/soymigrante.com\/revista\/wp-content\/uploads\/2024\/10\/artesanias-guatemala-3-750x500.webp 750w, https:\/\/soymigrante.com\/revista\/wp-content\/uploads\/2024\/10\/artesanias-guatemala-3-1140x760.webp 1140w, https:\/\/soymigrante.com\/revista\/wp-content\/uploads\/2024\/10\/artesanias-guatemala-3.webp 1920w\" sizes=\"(max-width: 768px) 100vw, 768px\" title=\"En todas partes de Guatemala hay talleres de artesan\u00eda y elaboraci\u00f3n de productos a mano, como esta alfarer\u00eda en Chinautla a cargo de mujeres de la etnia Poqomam. Foto cortes\u00eda Oscar Rivas. \u2013 SoyMigrante.com REVISTA\" \/>\t\t\t\t\t\t\t\t\t\t\t<figcaption class=\"widget-image-caption wp-caption-text\">Taller de cer\u00e1mica artesanal mexicana con mujeres ind\u00edgenas, exhibiendo figuritas de barro en una calle de M\u00e9xico, reflejando tradici\u00f3n, cultura y migraci\u00f3n en comunidad.<\/figcaption>\n\t\t\t\t\t\t\t\t\t\t<\/figure>\n\t\t\t\t\t\t\t\t\t<\/div>\n\t\t\t\t\t<\/div>\n\t\t\t\t<\/div>\n\t\t<div data-particle_enable=\"false\" data-particle-mobile-disabled=\"false\" class=\"elementor-element elementor-element-8974c32 e-flex e-con-boxed e-con e-parent\" data-id=\"8974c32\" data-element_type=\"container\" data-e-type=\"container\">\n\t\t\t\t\t<div class=\"e-con-inner\">\n\t\t\t\t<div class=\"elementor-element elementor-element-f96ecb2 elementor-widget elementor-widget-heading\" data-id=\"f96ecb2\" data-element_type=\"widget\" data-e-type=\"widget\" data-widget_type=\"heading.default\">\n\t\t\t\t\t<h3 class=\"elementor-heading-title elementor-size-default\">Impulso a la mejora comunitaria<\/h3>\t\t\t\t<\/div>\n\t\t\t\t\t<\/div>\n\t\t\t\t<\/div>\n\t\t<div data-particle_enable=\"false\" data-particle-mobile-disabled=\"false\" class=\"elementor-element elementor-element-109aad2 e-flex e-con-boxed e-con e-parent\" data-id=\"109aad2\" data-element_type=\"container\" data-e-type=\"container\">\n\t\t\t\t\t<div class=\"e-con-inner\">\n\t\t\t\t<div class=\"elementor-element elementor-element-6b79af6 elementor-widget elementor-widget-text-editor\" data-id=\"6b79af6\" data-element_type=\"widget\" data-e-type=\"widget\" data-widget_type=\"text-editor.default\">\n\t\t\t\t\t\t\t\t\t<p><span style=\"color: var( --e-global-color-text ); text-align: var(--text-align);\">Desarrollo comunitario: El fortalecimiento de la industria artesanal contribuye al desarrollo integral de las comunidades. Al proporcionar empleo y generar ingresos, se mejora la calidad de vida de los artesanos y sus familias. Adem\u00e1s, muchos proyectos comunitarios se basan en cooperativas artesanales que promueven la colaboraci\u00f3n, el sentido de pertenencia y la cohesi\u00f3n social dentro de las comunidades.<\/span><\/p><p>\u00a0<\/p>\t\t\t\t\t\t\t\t<\/div>\n\t\t\t\t\t<\/div>\n\t\t\t\t<\/div>\n\t\t<div data-particle_enable=\"false\" data-particle-mobile-disabled=\"false\" class=\"elementor-element elementor-element-1f3d793 e-flex e-con-boxed e-con e-parent\" data-id=\"1f3d793\" data-element_type=\"container\" data-e-type=\"container\">\n\t\t\t\t\t<div class=\"e-con-inner\">\n\t\t\t\t<div class=\"elementor-element elementor-element-c36ae79 elementor-grid-eael-col-1 elementor-grid-tablet-eael-col-2 elementor-grid-mobile-eael-col-1 elementor-widget elementor-widget-eael-post-grid\" data-id=\"c36ae79\" data-element_type=\"widget\" data-e-type=\"widget\" data-settings=\"{&quot;eael_post_grid_columns&quot;:&quot;eael-col-1&quot;,&quot;eael_post_grid_columns_tablet&quot;:&quot;eael-col-2&quot;,&quot;eael_post_grid_columns_mobile&quot;:&quot;eael-col-1&quot;}\" data-widget_type=\"eael-post-grid.default\">\n\t\t\t\t\t<div id=\"eael-post-grid-c36ae79\" class=\"eael-post-grid-container\">\n            <div class=\"eael-post-grid eael-post-appender eael-post-appender-c36ae79 eael-post-grid-style-one\" data-layout-mode=\"masonry\"><article class=\"eael-grid-post  eael-post-grid-column eael-pg-post-10038 category-editorial\" data-id=\"10038\">\n        <div class=\"eael-grid-post-holder\">\n            <div class=\"eael-grid-post-holder-inner\"><div class=\"eael-entry-media\"><div class=\"eael-entry-overlay fade-in\"><i class=\"far fa-hand-pointer\" aria-hidden=\"true\"><\/i><a href=\"https:\/\/soymigrante.com\/revista\/mercado-es-una-comunidad-digital-para-emprendedores-guatemaltecos\/\"><\/a><\/div><div class=\"eael-entry-thumbnail \">\n                <img decoding=\"async\" width=\"823\" height=\"823\" src=\"https:\/\/soymigrante.com\/revista\/wp-content\/uploads\/2024\/10\/empren.webp\" class=\"attachment-large size-large wp-image-10041\" alt=\"Colaborador mostrando su obra art\u00edstica en una exposici\u00f3n de la revista SoyMigrante.com REVISTA en Guatemala. Destaca la cultura y el talento migrante a trav\u00e9s del arte y la fotograf\u00eda.\" srcset=\"https:\/\/soymigrante.com\/revista\/wp-content\/uploads\/2024\/10\/empren.webp 823w, https:\/\/soymigrante.com\/revista\/wp-content\/uploads\/2024\/10\/empren-300x300.webp 300w, https:\/\/soymigrante.com\/revista\/wp-content\/uploads\/2024\/10\/empren-150x150.webp 150w, https:\/\/soymigrante.com\/revista\/wp-content\/uploads\/2024\/10\/empren-768x768.webp 768w, https:\/\/soymigrante.com\/revista\/wp-content\/uploads\/2024\/10\/empren-75x75.webp 75w, https:\/\/soymigrante.com\/revista\/wp-content\/uploads\/2024\/10\/empren-750x750.webp 750w\" sizes=\"(max-width: 823px) 100vw, 823px\" \/>\n            <\/div>\n        <\/div><div class=\"eael-entry-wrapper\"><header class=\"eael-entry-header\"><h2 class=\"eael-entry-title\"><a class=\"eael-grid-post-link\" href=\"https:\/\/soymigrante.com\/revista\/mercado-es-una-comunidad-digital-para-emprendedores-guatemaltecos\/\" title=\"MERCADO es una comunidad digital para emprendedores guatemaltecos\">MERCADO es una comunidad digital para emprendedores guatemaltecos<\/a><\/h2><\/header><div class=\"eael-entry-content\">\n                        <div class=\"eael-grid-post-excerpt\"><a href=\"https:\/\/soymigrante.com\/revista\/mercado-es-una-comunidad-digital-para-emprendedores-guatemaltecos\/\" class=\"eael-post-elements-readmore-btn\">CONOCE SU HISTORIA <\/a><\/div>\n                    <\/div><\/div><\/div>\n        <\/div>\n    <\/article><\/div>\n            <div class=\"clearfix\"><\/div>\n        <\/div>\t\t\t\t<\/div>\n\t\t\t\t\t<\/div>\n\t\t\t\t<\/div>\n\t\t<div data-particle_enable=\"false\" data-particle-mobile-disabled=\"false\" class=\"elementor-element elementor-element-136aedc e-flex e-con-boxed e-con e-parent\" data-id=\"136aedc\" data-element_type=\"container\" data-e-type=\"container\">\n\t\t\t\t\t<div class=\"e-con-inner\">\n\t\t\t\t<div class=\"elementor-element elementor-element-be5da54 elementor-widget elementor-widget-heading\" data-id=\"be5da54\" data-element_type=\"widget\" data-e-type=\"widget\" data-widget_type=\"heading.default\">\n\t\t\t\t\t<h3 class=\"elementor-heading-title elementor-size-default\">Impulso a la innovaci\u00f3n y creatividad<\/h3>\t\t\t\t<\/div>\n\t\t\t\t\t<\/div>\n\t\t\t\t<\/div>\n\t\t<div data-particle_enable=\"false\" data-particle-mobile-disabled=\"false\" class=\"elementor-element elementor-element-785ce0e e-flex e-con-boxed e-con e-parent\" data-id=\"785ce0e\" data-element_type=\"container\" data-e-type=\"container\">\n\t\t\t\t\t<div class=\"e-con-inner\">\n\t\t\t\t<div class=\"elementor-element elementor-element-1c26cbb elementor-widget elementor-widget-text-editor\" data-id=\"1c26cbb\" data-element_type=\"widget\" data-e-type=\"widget\" data-widget_type=\"text-editor.default\">\n\t\t\t\t\t\t\t\t\t<p>Los artesanos y fabricantes de productos a mano saben que siempre deben reinventar sus productos, a\u00f1adirles caracter\u00edsticas, funcionalidades, colores, variantes para mantenerlos vigentes y adaptados alos gustos del p\u00fablico.<\/p><p>Pero tambi\u00e9n es neceario encontrar nuevas v\u00edas de comercializarlos, de manera m\u00e1s justa, equitativa y \u00e1gil. Por ello surge Mercado de SoyMigrante.com, como una herramienta abierta a todos los emprendedores, porque se trata de un producto aut\u00e9nticamente guatemalteco que merece perdurar, ser adquirido y ser lucido en los hogares guatemaltecos.<\/p>\t\t\t\t\t\t\t\t<\/div>\n\t\t\t\t\t<\/div>\n\t\t\t\t<\/div>\n\t\t<div data-particle_enable=\"false\" data-particle-mobile-disabled=\"false\" class=\"elementor-element elementor-element-0567ec7 e-flex e-con-boxed e-con e-parent\" data-id=\"0567ec7\" data-element_type=\"container\" data-e-type=\"container\">\n\t\t\t\t\t<div class=\"e-con-inner\">\n\t\t\t\t<div class=\"elementor-element elementor-element-9b062c0 elementor-widget elementor-widget-text-editor\" data-id=\"9b062c0\" data-element_type=\"widget\" data-e-type=\"widget\" data-widget_type=\"text-editor.default\">\n\t\t\t\t\t\t\t\t\t<p><span style=\"color: var( --e-global-color-text ); text-align: var(--text-align);\">En conclusi\u00f3n, las artesan\u00edas guatemaltecas no solo representan una herencia cultural invaluable, sino que tambi\u00e9n son una fuente de desarrollo econ\u00f3mico y social para las comunidades. Al valorarlas y promover su producci\u00f3n, se fomenta la preservaci\u00f3n de tradiciones, el empoderamiento de las mujeres, el respeto por el medio ambiente y el crecimiento econ\u00f3mico sostenible<\/span><\/p>\t\t\t\t\t\t\t\t<\/div>\n\t\t\t\t\t<\/div>\n\t\t\t\t<\/div>\n\t\t<div data-particle_enable=\"false\" data-particle-mobile-disabled=\"false\" class=\"elementor-element elementor-element-21634d2 e-flex e-con-boxed e-con e-parent\" data-id=\"21634d2\" data-element_type=\"container\" data-e-type=\"container\">\n\t\t\t\t\t<div class=\"e-con-inner\">\n\t\t\t\t<div class=\"elementor-element elementor-element-f7ae24f elementor-widget elementor-widget-heading\" data-id=\"f7ae24f\" data-element_type=\"widget\" data-e-type=\"widget\" data-widget_type=\"heading.default\">\n\t\t\t\t\t<h2 class=\"elementor-heading-title elementor-size-default\">\u00bfDeseas unirte a la comunidad de SoyMigrante.com\/Mercado?<\/h2>\t\t\t\t<\/div>\n\t\t\t\t\t<\/div>\n\t\t\t\t<\/div>\n\t\t<div data-particle_enable=\"false\" data-particle-mobile-disabled=\"false\" class=\"elementor-element elementor-element-37e524d e-flex e-con-boxed e-con e-parent\" data-id=\"37e524d\" data-element_type=\"container\" data-e-type=\"container\">\n\t\t\t\t\t<div class=\"e-con-inner\">\n\t\t\t\t<div class=\"elementor-element elementor-element-f6b1689 elementor-align-center elementor-invisible elementor-widget elementor-widget-button\" data-id=\"f6b1689\" data-element_type=\"widget\" data-e-type=\"widget\" data-settings=\"{&quot;_animation&quot;:&quot;bounceInDown&quot;}\" data-widget_type=\"button.default\">\n\t\t\t\t\t\t\t\t\t\t<a class=\"elementor-button elementor-button-link elementor-size-sm\" href=\"https:\/\/bit.ly\/3MwSGcU\">\n\t\t\t\t\t\t<span class=\"elementor-button-content-wrapper\">\n\t\t\t\t\t\t\t\t\t<span class=\"elementor-button-text\">SI DESEAS INSCRIBIR TU EMPRENDIMIENTO PARA ENTRAR EN LA FASE DE LANZAMIENTO DE\nSOYMIGRANTE.COM\/MERCADO, HAZ CLIC AQU\u00cd Y REG\u00cdSTRATE.<\/span>\n\t\t\t\t\t<\/span>\n\t\t\t\t\t<\/a>\n\t\t\t\t\t\t\t\t<\/div>\n\t\t\t\t\t<\/div>\n\t\t\t\t<\/div>\n\t\t\t\t<\/div>\n\t\t","protected":false},"excerpt":{"rendered":"<p>La plataforma SoyMigrante.com\/MERCADO surge para apoyar al emprendedor, al artesano, al fabricante de art\u00edculos hechos a mano: un sector de producci\u00f3n integrado por peque\u00f1os talleres personales o familiares, que integran tradici\u00f3n, creatividad y ra\u00edces culturales. He ah\u00ed su gran valor econ\u00f3mico y de identidad. Las artesan\u00edas y la fabricaci\u00f3n de art\u00edculos a mano en Guatemala [&hellip;]<\/p>\n","protected":false},"author":7,"featured_media":10407,"comment_status":"open","ping_status":"open","sticky":false,"template":"","format":"standard","meta":{"_acf_changed":true,"_eb_attr":"","footnotes":""},"categories":[58],"tags":[],"class_list":["post-10384","post","type-post","status-publish","format-standard","has-post-thumbnail","hentry","category-guate-nuestra"],"acf":[],"aioseo_notices":[],"aioseo_head":"\n\t\t<!-- All in One SEO Pro 4.9.6.2 - aioseo.com -->\n\t<meta name=\"description\" content=\"SoyMigrante.com comenz\u00f3 con una revista digital y ahora est\u00e1 por abrir su nueva fase: MERCADO, una herramienta digital desarrollada para apoyar a emprendedores.\" \/>\n\t<meta name=\"robots\" content=\"max-snippet:-1, max-image-preview:large, max-video-preview:-1\" \/>\n\t<meta name=\"author\" content=\"SoyMigrante.com REVISTA\"\/>\n\t<link rel=\"canonical\" href=\"https:\/\/soymigrante.com\/revista\/mercado-es-una-comunidad-digital-para-emprendedores-guatemaltecos\/\" \/>\n\t<meta name=\"generator\" content=\"All in One SEO Pro (AIOSEO) 4.9.6.2\" \/>\n\n\t\t<link rel=\"preconnect\" href=\"https:\/\/fonts.googleapis.com\" crossorigin>\n<link rel=\"preconnect\" href=\"https:\/\/fonts.gstatic.com\" crossorigin>\n\t\t<meta property=\"og:locale\" content=\"es_ES\" \/>\n\t\t<meta property=\"og:site_name\" content=\"SoyMigrante.com REVISTA \u2013 Nuestra misi\u00f3n es reconocer y dignificar al migrante.\" \/>\n\t\t<meta property=\"og:type\" content=\"article\" \/>\n\t\t<meta property=\"og:title\" content=\"MERCADO es una comunidad digital abierta para emprendedores\" \/>\n\t\t<meta property=\"og:description\" content=\"SoyMigrante.com comenz\u00f3 con una revista digital y ahora est\u00e1 por abrir su nueva fase: MERCADO, una herramienta digital desarrollada para apoyar a emprendedores.\" \/>\n\t\t<meta property=\"og:url\" content=\"https:\/\/soymigrante.com\/revista\/mercado-es-una-comunidad-digital-para-emprendedores-guatemaltecos\/\" \/>\n\t\t<meta property=\"og:image\" content=\"https:\/\/soymigrante.com\/revista\/wp-content\/uploads\/2024\/10\/empren.webp\" \/>\n\t\t<meta property=\"og:image:secure_url\" content=\"https:\/\/soymigrante.com\/revista\/wp-content\/uploads\/2024\/10\/empren.webp\" \/>\n\t\t<meta property=\"og:image:width\" content=\"823\" \/>\n\t\t<meta property=\"og:image:height\" content=\"823\" \/>\n\t\t<meta property=\"article:published_time\" content=\"2024-10-04T21:54:55+00:00\" \/>\n\t\t<meta property=\"article:modified_time\" content=\"2025-07-05T20:20:10+00:00\" \/>\n\t\t<meta property=\"article:publisher\" content=\"https:\/\/www.facebook.com\/soymigrantecom\" \/>\n\t\t<meta name=\"twitter:card\" content=\"summary_large_image\" \/>\n\t\t<meta name=\"twitter:site\" content=\"@SoyMigrante_com\" \/>\n\t\t<meta name=\"twitter:title\" content=\"MERCADO es una comunidad digital abierta para emprendedores\" \/>\n\t\t<meta name=\"twitter:description\" content=\"SoyMigrante.com comenz\u00f3 con una revista digital y ahora est\u00e1 por abrir su nueva fase: MERCADO, una herramienta digital desarrollada para apoyar a emprendedores.\" \/>\n\t\t<meta name=\"twitter:creator\" content=\"@SoyMigrante_com\" \/>\n\t\t<meta name=\"twitter:image\" content=\"https:\/\/soymigrante.com\/revista\/wp-content\/uploads\/2024\/10\/empren.webp\" \/>\n\t\t<!-- All in One SEO Pro -->\r\n\t\t<title>MERCADO es una comunidad digital abierta para emprendedores<\/title>\n\n","aioseo_head_json":{"title":"MERCADO es una comunidad digital abierta para emprendedores","description":"SoyMigrante.com comenz\u00f3 con una revista digital y ahora est\u00e1 por abrir su nueva fase: MERCADO, una herramienta digital desarrollada para apoyar a emprendedores.","canonical_url":"https:\/\/soymigrante.com\/revista\/mercado-es-una-comunidad-digital-para-emprendedores-guatemaltecos\/","robots":"max-snippet:-1, max-image-preview:large, max-video-preview:-1","keywords":"","webmasterTools":{"miscellaneous":"&lt;link rel=\"preconnect\" href=\"https:\/\/fonts.googleapis.com\" crossorigin&gt;\n&lt;link rel=\"preconnect\" href=\"https:\/\/fonts.gstatic.com\" crossorigin&gt;"},"schema":null,"og:locale":"es_ES","og:site_name":"SoyMigrante.com REVISTA \u2013 Nuestra misi\u00f3n es reconocer y dignificar al migrante.","og:type":"article","og:title":"MERCADO es una comunidad digital abierta para emprendedores","og:description":"SoyMigrante.com comenz\u00f3 con una revista digital y ahora est\u00e1 por abrir su nueva fase: MERCADO, una herramienta digital desarrollada para apoyar a emprendedores.","og:url":"https:\/\/soymigrante.com\/revista\/mercado-es-una-comunidad-digital-para-emprendedores-guatemaltecos\/","og:image":"https:\/\/soymigrante.com\/revista\/wp-content\/uploads\/2024\/10\/empren.webp","og:image:secure_url":"https:\/\/soymigrante.com\/revista\/wp-content\/uploads\/2024\/10\/empren.webp","og:image:width":823,"og:image:height":823,"article:published_time":"2024-10-04T21:54:55+00:00","article:modified_time":"2025-07-05T20:20:10+00:00","article:publisher":"https:\/\/www.facebook.com\/soymigrantecom","twitter:card":"summary_large_image","twitter:site":"@SoyMigrante_com","twitter:title":"MERCADO es una comunidad digital abierta para emprendedores","twitter:description":"SoyMigrante.com comenz\u00f3 con una revista digital y ahora est\u00e1 por abrir su nueva fase: MERCADO, una herramienta digital desarrollada para apoyar a emprendedores.","twitter:creator":"@SoyMigrante_com","twitter:image":"https:\/\/soymigrante.com\/revista\/wp-content\/uploads\/2024\/10\/empren.webp"},"aioseo_meta_data":{"post_id":"10384","title":"Ingenio guatemalteco brilla art\u00edculos elaborados a mano","description":"Historias personales y familiares, innovaci\u00f3n e identidad cultural se conjugan en cada art\u00edculo elaborado manualmente por emprendedores y artesanos de Guatemala.","keywords":null,"keyphrases":{"focus":{"keyphrase":"Ingenio artesanal","score":63,"analysis":{"keyphraseInTitle":{"score":3,"maxScore":9,"error":1},"keyphraseInDescription":{"score":3,"maxScore":9,"error":1},"keyphraseLength":{"score":9,"maxScore":9,"error":0,"length":2},"keyphraseInURL":{"score":5,"maxScore":5,"error":0}}},"additional":[{"keyphrase":"Guatemala","score":100,"analysis":{"keyphraseInDescription":{"score":9,"maxScore":9,"error":0},"keyphraseLength":{"score":9,"maxScore":9,"error":0,"length":1}}},{"keyphrase":"Artesan\u00eda","score":67,"analysis":{"keyphraseInDescription":{"score":3,"maxScore":9,"error":1},"keyphraseLength":{"score":9,"maxScore":9,"error":0,"length":2}}}]},"primary_term":null,"canonical_url":null,"og_title":null,"og_description":null,"og_object_type":"default","og_image_type":"default","og_image_url":null,"og_image_width":null,"og_image_height":null,"og_image_custom_url":null,"og_image_custom_fields":null,"og_video":"","og_custom_url":null,"og_article_section":null,"og_article_tags":null,"twitter_use_og":false,"twitter_card":"default","twitter_image_type":"default","twitter_image_url":null,"twitter_image_custom_url":null,"twitter_image_custom_fields":null,"twitter_title":null,"twitter_description":null,"schema":{"blockGraphs":[],"customGraphs":[],"default":{"data":{"Article":[],"Course":[],"Dataset":[],"FAQPage":[],"Movie":[],"Person":[],"Product":[],"ProductReview":[],"Car":[],"Recipe":[],"Service":[],"SoftwareApplication":[],"WebPage":[]},"graphName":"Article","isEnabled":true},"graphs":[]},"schema_type":"default","schema_type_options":null,"pillar_content":false,"robots_default":true,"robots_noindex":false,"robots_noarchive":false,"robots_nosnippet":false,"robots_nofollow":false,"robots_noimageindex":false,"robots_noodp":false,"robots_notranslate":false,"robots_max_snippet":"-1","robots_max_videopreview":"-1","robots_max_imagepreview":"large","priority":null,"frequency":"default","local_seo":null,"seo_analyzer_scan_date":"2025-10-08 23:42:05","breadcrumb_settings":null,"limit_modified_date":false,"reviewed_by":null,"open_ai":"{\"title\":{\"suggestions\":[],\"usage\":0},\"description\":{\"suggestions\":[],\"usage\":0}}","ai":null,"created":"2024-10-15 21:29:50","updated":"2026-02-04 15:02:43"},"aioseo_breadcrumb":"<div class=\"aioseo-breadcrumbs\"><span class=\"aioseo-breadcrumb\">\n\t<a href=\"https:\/\/soymigrante.com\/revista\" title=\"Home\">Home<\/a>\n<\/span><span class=\"aioseo-breadcrumb-separator\">\u00bb<\/span><span class=\"aioseo-breadcrumb\">\n\t<a href=\"https:\/\/soymigrante.com\/revista\/category\/guate-nuestra\/\" title=\"Guate Nuestra\">Guate Nuestra<\/a>\n<\/span><span class=\"aioseo-breadcrumb-separator\">\u00bb<\/span><span class=\"aioseo-breadcrumb\">\n\tHistorias, creatividad y econom\u00eda se integran en el ingenio artesanal de Guatemala\n<\/span><\/div>","aioseo_breadcrumb_json":[{"label":"Home","link":"https:\/\/soymigrante.com\/revista"},{"label":"Guate Nuestra","link":"https:\/\/soymigrante.com\/revista\/category\/guate-nuestra\/"},{"label":"Historias, creatividad y econom\u00eda se integran en el ingenio artesanal de Guatemala","link":"https:\/\/soymigrante.com\/revista\/historias-creatividad-y-economia-se-integran-en-el-ingenio-artesanal-de-guatemala\/"}],"_links":{"self":[{"href":"https:\/\/soymigrante.com\/revista\/wp-json\/wp\/v2\/posts\/10384","targetHints":{"allow":["GET"]}}],"collection":[{"href":"https:\/\/soymigrante.com\/revista\/wp-json\/wp\/v2\/posts"}],"about":[{"href":"https:\/\/soymigrante.com\/revista\/wp-json\/wp\/v2\/types\/post"}],"author":[{"embeddable":true,"href":"https:\/\/soymigrante.com\/revista\/wp-json\/wp\/v2\/users\/7"}],"replies":[{"embeddable":true,"href":"https:\/\/soymigrante.com\/revista\/wp-json\/wp\/v2\/comments?post=10384"}],"version-history":[{"count":0,"href":"https:\/\/soymigrante.com\/revista\/wp-json\/wp\/v2\/posts\/10384\/revisions"}],"wp:featuredmedia":[{"embeddable":true,"href":"https:\/\/soymigrante.com\/revista\/wp-json\/wp\/v2\/media\/10407"}],"wp:attachment":[{"href":"https:\/\/soymigrante.com\/revista\/wp-json\/wp\/v2\/media?parent=10384"}],"wp:term":[{"taxonomy":"category","embeddable":true,"href":"https:\/\/soymigrante.com\/revista\/wp-json\/wp\/v2\/categories?post=10384"},{"taxonomy":"post_tag","embeddable":true,"href":"https:\/\/soymigrante.com\/revista\/wp-json\/wp\/v2\/tags?post=10384"}],"curies":[{"name":"wp","href":"https:\/\/api.w.org\/{rel}","templated":true}]}}