{"id":10382,"date":"2024-10-16T09:56:50","date_gmt":"2024-10-16T15:56:50","guid":{"rendered":"https:\/\/soymigrante.com\/revista\/?p=10382"},"modified":"2024-11-01T13:59:59","modified_gmt":"2024-11-01T19:59:59","slug":"compromiso-con-el-trabajo-hay-que-saber-ser-realista-y-eficiente","status":"publish","type":"post","link":"https:\/\/soymigrante.com\/revista\/compromiso-con-el-trabajo-hay-que-saber-ser-realista-y-eficiente\/","title":{"rendered":"Compromiso con el trabajo: hay que saber ser realista y eficiente"},"content":{"rendered":"\t\t<div data-elementor-type=\"wp-post\" data-elementor-id=\"10382\" class=\"elementor elementor-10382\" data-elementor-post-type=\"post\">\n\t\t\t\t<div data-particle_enable=\"false\" data-particle-mobile-disabled=\"false\" class=\"elementor-element elementor-element-2331839 e-flex e-con-boxed e-con e-parent\" data-id=\"2331839\" data-element_type=\"container\" data-e-type=\"container\">\n\t\t\t\t\t<div class=\"e-con-inner\">\n\t\t\t\t<div class=\"elementor-element elementor-element-1b28d66 elementor-widget elementor-widget-heading\" data-id=\"1b28d66\" data-element_type=\"widget\" data-e-type=\"widget\" data-widget_type=\"heading.default\">\n\t\t\t\t\t<h2 class=\"elementor-heading-title elementor-size-default\">Ser realista con los tiempos de entrega es esencial para el \u00e9xito en cualquier \u00e1mbito profesional y en el trabajo.<\/h2>\t\t\t\t<\/div>\n\t\t\t\t\t<\/div>\n\t\t\t\t<\/div>\n\t\t<div data-particle_enable=\"false\" data-particle-mobile-disabled=\"false\" class=\"elementor-element elementor-element-9a3a214 e-flex e-con-boxed e-con e-parent\" data-id=\"9a3a214\" data-element_type=\"container\" data-e-type=\"container\">\n\t\t\t\t\t<div class=\"e-con-inner\">\n\t\t\t\t<div class=\"elementor-element elementor-element-dc4f38b elementor-widget elementor-widget-text-editor\" data-id=\"dc4f38b\" data-element_type=\"widget\" data-e-type=\"widget\" data-widget_type=\"text-editor.default\">\n\t\t\t\t\t\t\t\t\t<p>En un entorno laboral cada vez m\u00e1s competitivo y demandante, <a href=\"https:\/\/soymigrante.com\/revista\/category\/mejor\/\" target=\"_blank\" rel=\"noopener\">cumplir con los tiempos de entrega es clave para mantener la confianza y la reputaci\u00f3n profesional.<\/a> Sin embargo, uno de los errores m\u00e1s comunes es subestimar el tiempo necesario para realizar una tarea, lo que lleva a peticiones de \u201c5 minutos m\u00e1s\u201d o extensiones constantes. Establecer compromisos realistas desde el inicio no solo aumenta la productividad, sino que tambi\u00e9n fortalece la relaci\u00f3n con colegas, clientes y supervisores.<\/p>\t\t\t\t\t\t\t\t<\/div>\n\t\t\t\t\t<\/div>\n\t\t\t\t<\/div>\n\t\t<div data-particle_enable=\"false\" data-particle-mobile-disabled=\"false\" class=\"elementor-element elementor-element-1dd206b e-flex e-con-boxed e-con e-parent\" data-id=\"1dd206b\" data-element_type=\"container\" data-e-type=\"container\">\n\t\t\t\t\t<div class=\"e-con-inner\">\n\t\t\t\t<div class=\"elementor-element elementor-element-f4a3dc6 elementor-widget elementor-widget-heading\" data-id=\"f4a3dc6\" data-element_type=\"widget\" data-e-type=\"widget\" data-widget_type=\"heading.default\">\n\t\t\t\t\t<h3 class=\"elementor-heading-title elementor-size-default\">La importancia de ser realista con los tiempos<\/h3>\t\t\t\t<\/div>\n\t\t\t\t\t<\/div>\n\t\t\t\t<\/div>\n\t\t<div data-particle_enable=\"false\" data-particle-mobile-disabled=\"false\" class=\"elementor-element elementor-element-6f13bd0 e-flex e-con-boxed e-con e-parent\" data-id=\"6f13bd0\" data-element_type=\"container\" data-e-type=\"container\">\n\t\t\t\t\t<div class=\"e-con-inner\">\n\t\t\t\t<div class=\"elementor-element elementor-element-4997e3a elementor-widget elementor-widget-text-editor\" data-id=\"4997e3a\" data-element_type=\"widget\" data-e-type=\"widget\" data-widget_type=\"text-editor.default\">\n\t\t\t\t\t\t\t\t\t<p>Prometer plazos irreales puede generar tensi\u00f3n, estr\u00e9s y una disminuci\u00f3n en la calidad del trabajo. Aunque el deseo de impresionar con una entrega r\u00e1pida es com\u00fan, a menudo resulta en resultados apresurados que no cumplen con los est\u00e1ndares requeridos.<a href=\"https:\/\/soymigrante.com\/revista\/category\/mejor\/\" target=\"_blank\" rel=\"noopener\"> Ser honesto acerca del tiempo que tomar\u00e1 completar una tarea es una muestra de profesionalismo y responsabilidad<\/a>.<\/p><p>Cuando alguien dice \u201csolo dame 5 minutos m\u00e1s\u201d, no solo est\u00e1 extendiendo el plazo, sino que est\u00e1 mostrando una falta de planificaci\u00f3n que puede afectar negativamente la confianza en su capacidad de gesti\u00f3n del tiempo, seg\u00fan el psic\u00f3logo industrial, Alan Flores.<\/p>\t\t\t\t\t\t\t\t<\/div>\n\t\t\t\t\t<\/div>\n\t\t\t\t<\/div>\n\t\t<div data-particle_enable=\"false\" data-particle-mobile-disabled=\"false\" class=\"elementor-element elementor-element-d5f2430 e-flex e-con-boxed e-con e-parent\" data-id=\"d5f2430\" data-element_type=\"container\" data-e-type=\"container\">\n\t\t\t\t\t<div class=\"e-con-inner\">\n\t\t\t\t<div class=\"elementor-element elementor-element-7d97bbf elementor-widget elementor-widget-image\" data-id=\"7d97bbf\" data-element_type=\"widget\" data-e-type=\"widget\" data-widget_type=\"image.default\">\n\t\t\t\t\t\t\t\t\t\t\t\t<figure class=\"wp-caption\">\n\t\t\t\t\t\t\t\t\t\t<img fetchpriority=\"high\" decoding=\"async\" width=\"768\" height=\"512\" src=\"https:\/\/soymigrante.com\/revista\/wp-content\/uploads\/2024\/10\/Compromiso-con-el-trabajo-como-ser-realista-y-eficiente-4-1024x683.jpg\" class=\"attachment-large size-large wp-image-10386\" alt=\"Mujer migrante trabajando desde casa con laptop y tel\u00e9fono, promoviendo derechos y cultura hispana en la comunidad migrante.\" srcset=\"https:\/\/soymigrante.com\/revista\/wp-content\/uploads\/2024\/10\/Compromiso-con-el-trabajo-como-ser-realista-y-eficiente-4-1024x683.jpg 1024w, https:\/\/soymigrante.com\/revista\/wp-content\/uploads\/2024\/10\/Compromiso-con-el-trabajo-como-ser-realista-y-eficiente-4-300x200.jpg 300w, https:\/\/soymigrante.com\/revista\/wp-content\/uploads\/2024\/10\/Compromiso-con-el-trabajo-como-ser-realista-y-eficiente-4-768x512.jpg 768w, https:\/\/soymigrante.com\/revista\/wp-content\/uploads\/2024\/10\/Compromiso-con-el-trabajo-como-ser-realista-y-eficiente-4-1536x1024.jpg 1536w, https:\/\/soymigrante.com\/revista\/wp-content\/uploads\/2024\/10\/Compromiso-con-el-trabajo-como-ser-realista-y-eficiente-4-750x500.webp 750w, https:\/\/soymigrante.com\/revista\/wp-content\/uploads\/2024\/10\/Compromiso-con-el-trabajo-como-ser-realista-y-eficiente-4-1140x760.webp 1140w, https:\/\/soymigrante.com\/revista\/wp-content\/uploads\/2024\/10\/Compromiso-con-el-trabajo-como-ser-realista-y-eficiente-4.webp 1920w\" sizes=\"(max-width: 768px) 100vw, 768px\" title=\"Young Woman Working on Laptop \u2013 SoyMigrante.com REVISTA\" \/>\t\t\t\t\t\t\t\t\t\t\t<figcaption class=\"widget-image-caption wp-caption-text\">Mujer en home office con laptop y tel\u00e9fono, enfocada en derechos y cultura hispana en comunidad migrante.<\/figcaption>\n\t\t\t\t\t\t\t\t\t\t<\/figure>\n\t\t\t\t\t\t\t\t\t<\/div>\n\t\t\t\t\t<\/div>\n\t\t\t\t<\/div>\n\t\t<div data-particle_enable=\"false\" data-particle-mobile-disabled=\"false\" class=\"elementor-element elementor-element-d32513e e-flex e-con-boxed e-con e-parent\" data-id=\"d32513e\" data-element_type=\"container\" data-e-type=\"container\">\n\t\t\t\t\t<div class=\"e-con-inner\">\n\t\t\t\t<div class=\"elementor-element elementor-element-ef4206e elementor-widget elementor-widget-heading\" data-id=\"ef4206e\" data-element_type=\"widget\" data-e-type=\"widget\" data-widget_type=\"heading.default\">\n\t\t\t\t\t<h3 class=\"elementor-heading-title elementor-size-default\">Recomendaciones para establecer compromisos de entrega realistas<\/h3>\t\t\t\t<\/div>\n\t\t\t\t\t<\/div>\n\t\t\t\t<\/div>\n\t\t<div data-particle_enable=\"false\" data-particle-mobile-disabled=\"false\" class=\"elementor-element elementor-element-25036c3 e-flex e-con-boxed e-con e-parent\" data-id=\"25036c3\" data-element_type=\"container\" data-e-type=\"container\">\n\t\t\t\t\t<div class=\"e-con-inner\">\n\t\t\t\t<div class=\"elementor-element elementor-element-956b42b elementor-widget elementor-widget-text-editor\" data-id=\"956b42b\" data-element_type=\"widget\" data-e-type=\"widget\" data-widget_type=\"text-editor.default\">\n\t\t\t\t\t\t\t\t\t<div><strong>1. Eval\u00faa la tarea con precisi\u00f3n:<\/strong><\/div><div>Antes de comprometerte con un plazo, es crucial comprender completamente el alcance de la tarea. Analiza los detalles y los posibles obst\u00e1culos. Preg\u00fantate: \u00bfCu\u00e1nto tiempo suele tomarme una tarea de esta naturaleza? \u00bfQu\u00e9 imprevistos podr\u00edan surgir?<\/div><div>\u00a0<\/div>\t\t\t\t\t\t\t\t<\/div>\n\t\t\t\t\t<\/div>\n\t\t\t\t<\/div>\n\t\t<div data-particle_enable=\"false\" data-particle-mobile-disabled=\"false\" class=\"elementor-element elementor-element-508893c e-flex e-con-boxed e-con e-parent\" data-id=\"508893c\" data-element_type=\"container\" data-e-type=\"container\">\n\t\t\t\t\t<div class=\"e-con-inner\">\n\t\t\t\t<div class=\"elementor-element elementor-element-705cef6 elementor-widget elementor-widget-text-editor\" data-id=\"705cef6\" data-element_type=\"widget\" data-e-type=\"widget\" data-widget_type=\"text-editor.default\">\n\t\t\t\t\t\t\t\t\t<div><strong>2. Divide el trabajo en etapas:<\/strong><\/div><div>Dividir una tarea grande en varias peque\u00f1as puede ayudarte a tener una idea m\u00e1s clara del tiempo que necesitas. Esto tambi\u00e9n permite hacer ajustes a medida que avanzas, sin que afecte la totalidad del proyecto.<\/div><div>\u00a0<\/div>\t\t\t\t\t\t\t\t<\/div>\n\t\t\t\t\t<\/div>\n\t\t\t\t<\/div>\n\t\t<div data-particle_enable=\"false\" data-particle-mobile-disabled=\"false\" class=\"elementor-element elementor-element-04f2091 e-flex e-con-boxed e-con e-parent\" data-id=\"04f2091\" data-element_type=\"container\" data-e-type=\"container\">\n\t\t\t\t\t<div class=\"e-con-inner\">\n\t\t\t\t<div class=\"elementor-element elementor-element-c6d5881 elementor-widget elementor-widget-text-editor\" data-id=\"c6d5881\" data-element_type=\"widget\" data-e-type=\"widget\" data-widget_type=\"text-editor.default\">\n\t\t\t\t\t\t\t\t\t<div><strong>3. A\u00f1ade un margen de error:<\/strong><\/div><div>A la hora de estimar el tiempo de entrega, siempre es \u00fatil a\u00f1adir un margen de tiempo adicional. <a href=\"https:\/\/soymigrante.com\/revista\/category\/mejor\/\" target=\"_blank\" rel=\"noopener\">Esto te dar\u00e1 espacio para resolver problemas imprevistos o realizar ajustes de \u00faltima hora sin afectar el plazo final.<\/a> Si estimas que una tarea te llevar\u00e1 2 horas, considera comprometerte a entregarla en 2 horas y 30 minutos.<\/div><div>\u00a0<\/div>\t\t\t\t\t\t\t\t<\/div>\n\t\t\t\t\t<\/div>\n\t\t\t\t<\/div>\n\t\t<div data-particle_enable=\"false\" data-particle-mobile-disabled=\"false\" class=\"elementor-element elementor-element-de397ed e-flex e-con-boxed e-con e-parent\" data-id=\"de397ed\" data-element_type=\"container\" data-e-type=\"container\">\n\t\t\t\t\t<div class=\"e-con-inner\">\n\t\t\t\t<div class=\"elementor-element elementor-element-d6f1250 elementor-widget elementor-widget-image\" data-id=\"d6f1250\" data-element_type=\"widget\" data-e-type=\"widget\" data-widget_type=\"image.default\">\n\t\t\t\t\t\t\t\t\t\t\t\t\t\t\t<img decoding=\"async\" width=\"768\" height=\"512\" src=\"https:\/\/soymigrante.com\/revista\/wp-content\/uploads\/2024\/10\/Compromiso-con-el-trabajo-como-ser-realista-y-eficiente-2-1024x683.webp\" class=\"attachment-large size-large wp-image-10388\" alt=\"Joven mujer leyendo peri\u00f3dico en cafeter\u00eda con estilo industrial y plantas verdes al lado de gran ventana, inspirando a inmigrantes y migrantes en su mundo laboral.\" srcset=\"https:\/\/soymigrante.com\/revista\/wp-content\/uploads\/2024\/10\/Compromiso-con-el-trabajo-como-ser-realista-y-eficiente-2-1024x683.webp 1024w, https:\/\/soymigrante.com\/revista\/wp-content\/uploads\/2024\/10\/Compromiso-con-el-trabajo-como-ser-realista-y-eficiente-2-300x200.webp 300w, https:\/\/soymigrante.com\/revista\/wp-content\/uploads\/2024\/10\/Compromiso-con-el-trabajo-como-ser-realista-y-eficiente-2-768x512.webp 768w, https:\/\/soymigrante.com\/revista\/wp-content\/uploads\/2024\/10\/Compromiso-con-el-trabajo-como-ser-realista-y-eficiente-2-1536x1024.webp 1536w, https:\/\/soymigrante.com\/revista\/wp-content\/uploads\/2024\/10\/Compromiso-con-el-trabajo-como-ser-realista-y-eficiente-2-scaled.webp 1920w, https:\/\/soymigrante.com\/revista\/wp-content\/uploads\/2024\/10\/Compromiso-con-el-trabajo-como-ser-realista-y-eficiente-2-750x500.webp 750w, https:\/\/soymigrante.com\/revista\/wp-content\/uploads\/2024\/10\/Compromiso-con-el-trabajo-como-ser-realista-y-eficiente-2-1140x760.webp 1140w\" sizes=\"(max-width: 768px) 100vw, 768px\" title=\"Compromiso con el trabajo: c\u00f3mo ser realista y eficiente \u2013 SoyMigrante.com REVISTA\" \/>\t\t\t\t\t\t\t\t\t\t\t\t\t\t\t<\/div>\n\t\t\t\t\t<\/div>\n\t\t\t\t<\/div>\n\t\t<div data-particle_enable=\"false\" data-particle-mobile-disabled=\"false\" class=\"elementor-element elementor-element-4d43b91 e-flex e-con-boxed e-con e-parent\" data-id=\"4d43b91\" data-element_type=\"container\" data-e-type=\"container\">\n\t\t\t\t\t<div class=\"e-con-inner\">\n\t\t\t\t<div class=\"elementor-element elementor-element-78bca1e elementor-widget elementor-widget-text-editor\" data-id=\"78bca1e\" data-element_type=\"widget\" data-e-type=\"widget\" data-widget_type=\"text-editor.default\">\n\t\t\t\t\t\t\t\t\t<div><strong>4. Evita comprometerte a entregas inmediatas:<\/strong><\/div><div>Aunque pueda parecer m\u00e1s eficiente, rara vez resulta beneficioso aceptar tareas con plazos demasiado cortos. Decir \u201cdame 5 minutos m\u00e1s\u201d se convierte en una cadena de extensiones que refleja una mala gesti\u00f3n del tiempo. En lugar de eso, es preferible dar un plazo que permita margen para realizar el trabajo correctamente.<\/div><div>\u00a0<\/div>\t\t\t\t\t\t\t\t<\/div>\n\t\t\t\t\t<\/div>\n\t\t\t\t<\/div>\n\t\t<div data-particle_enable=\"false\" data-particle-mobile-disabled=\"false\" class=\"elementor-element elementor-element-049b5c6 e-flex e-con-boxed e-con e-parent\" data-id=\"049b5c6\" data-element_type=\"container\" data-e-type=\"container\">\n\t\t\t\t\t<div class=\"e-con-inner\">\n\t\t\t\t<div class=\"elementor-element elementor-element-1bc4c6c elementor-widget elementor-widget-text-editor\" data-id=\"1bc4c6c\" data-element_type=\"widget\" data-e-type=\"widget\" data-widget_type=\"text-editor.default\">\n\t\t\t\t\t\t\t\t\t<div><strong>5. S\u00e9 transparente desde el principio:<\/strong><\/div><div>Si el plazo sugerido por un cliente o superior no es realista, es mejor aclararlo de inmediato. Negociar un plazo m\u00e1s adecuado desde el principio evitar\u00e1 problemas de calidad o entregas tard\u00edas.<\/div><div>\u00a0<\/div>\t\t\t\t\t\t\t\t<\/div>\n\t\t\t\t\t<\/div>\n\t\t\t\t<\/div>\n\t\t<div data-particle_enable=\"false\" data-particle-mobile-disabled=\"false\" class=\"elementor-element elementor-element-e62a17f e-flex e-con-boxed e-con e-parent\" data-id=\"e62a17f\" data-element_type=\"container\" data-e-type=\"container\">\n\t\t\t\t\t<div class=\"e-con-inner\">\n\t\t\t\t<div class=\"elementor-element elementor-element-d297565 elementor-widget elementor-widget-text-editor\" data-id=\"d297565\" data-element_type=\"widget\" data-e-type=\"widget\" data-widget_type=\"text-editor.default\">\n\t\t\t\t\t\t\t\t\t<div><strong>6. Utiliza herramientas de gesti\u00f3n del tiempo:<\/strong><\/div><div><a href=\"https:\/\/soymigrante.com\/revista\/category\/mejor\/\" target=\"_blank\" rel=\"noopener\">Aplicaciones y herramientas como calendarios digitales, recordatorios o software de gesti\u00f3n de proyectos pueden ser grandes aliados para mantenerte organizado<\/a>. Estas herramientas permiten visualizar cu\u00e1nto tiempo tienes disponible para una tarea y te ayudan a evitar sobrecargar tu agenda.<\/div><div>\u00a0<\/div>\t\t\t\t\t\t\t\t<\/div>\n\t\t\t\t\t<\/div>\n\t\t\t\t<\/div>\n\t\t<div data-particle_enable=\"false\" data-particle-mobile-disabled=\"false\" class=\"elementor-element elementor-element-ddacfbd e-flex e-con-boxed e-con e-parent\" data-id=\"ddacfbd\" data-element_type=\"container\" data-e-type=\"container\">\n\t\t\t\t\t<div class=\"e-con-inner\">\n\t\t\t\t<div class=\"elementor-element elementor-element-b065257 elementor-widget elementor-widget-text-editor\" data-id=\"b065257\" data-element_type=\"widget\" data-e-type=\"widget\" data-widget_type=\"text-editor.default\">\n\t\t\t\t\t\t\t\t\t<p><strong>7. Revisa tu progreso regularmente:<\/strong><br \/>Es importante monitorear tu avance a lo largo del proceso. Esto te permitir\u00e1 ajustar tu enfoque si notas que est\u00e1s avanzando m\u00e1s lento de lo esperado. Hacer revisiones peri\u00f3dicas tambi\u00e9n te ayuda a comunicar posibles retrasos con anticipaci\u00f3n, lo que es preferible a una excusa de \u00faltimo minuto.<\/p>\t\t\t\t\t\t\t\t<\/div>\n\t\t\t\t\t<\/div>\n\t\t\t\t<\/div>\n\t\t<div data-particle_enable=\"false\" data-particle-mobile-disabled=\"false\" class=\"elementor-element elementor-element-3db8735 e-flex e-con-boxed e-con e-parent\" data-id=\"3db8735\" data-element_type=\"container\" data-e-type=\"container\">\n\t\t\t\t\t<div class=\"e-con-inner\">\n\t\t\t\t<div class=\"elementor-element elementor-element-36ddf4f elementor-widget elementor-widget-image\" data-id=\"36ddf4f\" data-element_type=\"widget\" data-e-type=\"widget\" data-widget_type=\"image.default\">\n\t\t\t\t\t\t\t\t\t\t\t\t\t\t\t<img decoding=\"async\" width=\"768\" height=\"512\" src=\"https:\/\/soymigrante.com\/revista\/wp-content\/uploads\/2024\/10\/Compromiso-con-el-trabajo-como-ser-realista-y-eficiente--1024x683.webp\" class=\"attachment-large size-large wp-image-10387\" alt=\"Joven migrante y mujer trabajando en oficina con computadora port\u00e1til, promoviendo integraci\u00f3n y oportunidades para migrantes en el \u00e1mbito laboral.\" srcset=\"https:\/\/soymigrante.com\/revista\/wp-content\/uploads\/2024\/10\/Compromiso-con-el-trabajo-como-ser-realista-y-eficiente--1024x683.webp 1024w, https:\/\/soymigrante.com\/revista\/wp-content\/uploads\/2024\/10\/Compromiso-con-el-trabajo-como-ser-realista-y-eficiente--300x200.webp 300w, https:\/\/soymigrante.com\/revista\/wp-content\/uploads\/2024\/10\/Compromiso-con-el-trabajo-como-ser-realista-y-eficiente--768x512.webp 768w, https:\/\/soymigrante.com\/revista\/wp-content\/uploads\/2024\/10\/Compromiso-con-el-trabajo-como-ser-realista-y-eficiente--1536x1025.webp 1536w, https:\/\/soymigrante.com\/revista\/wp-content\/uploads\/2024\/10\/Compromiso-con-el-trabajo-como-ser-realista-y-eficiente--scaled.webp 1920w, https:\/\/soymigrante.com\/revista\/wp-content\/uploads\/2024\/10\/Compromiso-con-el-trabajo-como-ser-realista-y-eficiente--750x500.webp 750w, https:\/\/soymigrante.com\/revista\/wp-content\/uploads\/2024\/10\/Compromiso-con-el-trabajo-como-ser-realista-y-eficiente--1140x760.webp 1140w\" sizes=\"(max-width: 768px) 100vw, 768px\" title=\"Compromiso con el trabajo: c\u00f3mo ser realista y eficiente \u2013 SoyMigrante.com REVISTA\" \/>\t\t\t\t\t\t\t\t\t\t\t\t\t\t\t<\/div>\n\t\t\t\t\t<\/div>\n\t\t\t\t<\/div>\n\t\t<div data-particle_enable=\"false\" data-particle-mobile-disabled=\"false\" class=\"elementor-element elementor-element-200f3a9 e-flex e-con-boxed e-con e-parent\" data-id=\"200f3a9\" data-element_type=\"container\" data-e-type=\"container\">\n\t\t\t\t\t<div class=\"e-con-inner\">\n\t\t\t\t<div class=\"elementor-element elementor-element-055b5b2 elementor-widget elementor-widget-heading\" data-id=\"055b5b2\" data-element_type=\"widget\" data-e-type=\"widget\" data-widget_type=\"heading.default\">\n\t\t\t\t\t<h3 class=\"elementor-heading-title elementor-size-default\">C\u00f3mo gestionar la presi\u00f3n por cumplir plazos ajustados<\/h3>\t\t\t\t<\/div>\n\t\t\t\t\t<\/div>\n\t\t\t\t<\/div>\n\t\t<div data-particle_enable=\"false\" data-particle-mobile-disabled=\"false\" class=\"elementor-element elementor-element-37cee84 e-flex e-con-boxed e-con e-parent\" data-id=\"37cee84\" data-element_type=\"container\" data-e-type=\"container\">\n\t\t\t\t\t<div class=\"e-con-inner\">\n\t\t\t\t<div class=\"elementor-element elementor-element-bea0086 elementor-widget elementor-widget-text-editor\" data-id=\"bea0086\" data-element_type=\"widget\" data-e-type=\"widget\" data-widget_type=\"text-editor.default\">\n\t\t\t\t\t\t\t\t\t<div>Muchas veces, la presi\u00f3n por cumplir con un plazo estrecho viene de la expectativa de otros. En estos casos, es importante saber c\u00f3mo manejar la situaci\u00f3n:<\/div><div>\u00a0<\/div>\t\t\t\t\t\t\t\t<\/div>\n\t\t\t\t\t<\/div>\n\t\t\t\t<\/div>\n\t\t<div data-particle_enable=\"false\" data-particle-mobile-disabled=\"false\" class=\"elementor-element elementor-element-4c6cc0d e-flex e-con-boxed e-con e-parent\" data-id=\"4c6cc0d\" data-element_type=\"container\" data-e-type=\"container\">\n\t\t\t\t\t<div class=\"e-con-inner\">\n\t\t\t\t<div class=\"elementor-element elementor-element-7bc0046 elementor-widget elementor-widget-text-editor\" data-id=\"7bc0046\" data-element_type=\"widget\" data-e-type=\"widget\" data-widget_type=\"text-editor.default\">\n\t\t\t\t\t\t\t\t\t<div><strong>\u2022Comunicaci\u00f3n abierta:<\/strong> Si sientes que el plazo establecido no es realista, es fundamental hablarlo desde el principio. Explica por qu\u00e9 consideras que necesitas m\u00e1s tiempo y ofrece un plazo alternativo que asegure un trabajo bien hecho.<\/div><div><strong>\u2022Prioriza las tareas:<\/strong> Si tienes varias responsabilidades, establece cu\u00e1les requieren m\u00e1s atenci\u00f3n y ordena tu trabajo en funci\u00f3n de la urgencia y la importancia. As\u00ed evitar\u00e1s sobrecargarte y podr\u00e1s centrarte en cumplir con los plazos m\u00e1s cercanos sin comprometer la calidad.<\/div><div><strong>\u2022Aprende a decir no:<\/strong> Negarse a asumir m\u00e1s tareas de las que puedes manejar tambi\u00e9n es un signo de profesionalismo. Es mejor rechazar un trabajo que no podr\u00e1s cumplir a tiempo que comprometerte y no cumplir con el plazo.<\/div><div>\u00a0<\/div>\t\t\t\t\t\t\t\t<\/div>\n\t\t\t\t\t<\/div>\n\t\t\t\t<\/div>\n\t\t<div data-particle_enable=\"false\" data-particle-mobile-disabled=\"false\" class=\"elementor-element elementor-element-ec5feac e-flex e-con-boxed e-con e-parent\" data-id=\"ec5feac\" data-element_type=\"container\" data-e-type=\"container\">\n\t\t\t\t\t<div class=\"e-con-inner\">\n\t\t\t\t<div class=\"elementor-element elementor-element-04797d5 elementor-widget elementor-widget-text-editor\" data-id=\"04797d5\" data-element_type=\"widget\" data-e-type=\"widget\" data-widget_type=\"text-editor.default\">\n\t\t\t\t\t\t\t\t\t<p>Evitar el \u201cdame 5 minutos m\u00e1s\u201d y establecer un compromiso claro desde el principio genera confianza y asegura la calidad del trabajo. <a href=\"https:\/\/soymigrante.com\/revista\/category\/mejor\/\" target=\"_blank\" rel=\"noopener\">Planificar, evaluar y comunicar de manera efectiva son las claves para cumplir con los plazos de manera eficiente, sin caer en el estr\u00e9s o la presi\u00f3n innecesaria.<\/a><\/p>\t\t\t\t\t\t\t\t<\/div>\n\t\t\t\t\t<\/div>\n\t\t\t\t<\/div>\n\t\t<div data-particle_enable=\"false\" data-particle-mobile-disabled=\"false\" class=\"elementor-element elementor-element-fb42dbe e-flex e-con-boxed e-con e-parent\" data-id=\"fb42dbe\" data-element_type=\"container\" data-e-type=\"container\">\n\t\t\t\t\t<div class=\"e-con-inner\">\n\t\t\t\t<div class=\"elementor-element elementor-element-ff10a0f elementor-widget elementor-widget-video\" data-id=\"ff10a0f\" data-element_type=\"widget\" data-e-type=\"widget\" data-settings=\"{&quot;youtube_url&quot;:&quot;https:\\\/\\\/www.youtube.com\\\/watch?v=IZZnnTMRMgs&quot;,&quot;video_type&quot;:&quot;youtube&quot;,&quot;controls&quot;:&quot;yes&quot;}\" data-widget_type=\"video.default\">\n\t\t\t\t\t\t\t<div class=\"elementor-wrapper elementor-open-inline\">\n\t\t\t<div class=\"elementor-video\"><\/div>\t\t<\/div>\n\t\t\t\t\t\t<\/div>\n\t\t\t\t\t<\/div>\n\t\t\t\t<\/div>\n\t\t<div data-particle_enable=\"false\" data-particle-mobile-disabled=\"false\" class=\"elementor-element elementor-element-fa7655f e-flex e-con-boxed e-con e-parent\" data-id=\"fa7655f\" data-element_type=\"container\" data-e-type=\"container\">\n\t\t\t\t\t<div class=\"e-con-inner\">\n\t\t\t\t<div class=\"elementor-element elementor-element-0fcddc1 elementor-widget elementor-widget-heading\" data-id=\"0fcddc1\" data-element_type=\"widget\" data-e-type=\"widget\" data-widget_type=\"heading.default\">\n\t\t\t\t\t<h2 class=\"elementor-heading-title elementor-size-default\">Te puede interesar...<\/h2>\t\t\t\t<\/div>\n\t\t\t\t\t<\/div>\n\t\t\t\t<\/div>\n\t\t<div data-particle_enable=\"false\" data-particle-mobile-disabled=\"false\" class=\"elementor-element elementor-element-fc99821 e-flex e-con-boxed e-con e-parent\" data-id=\"fc99821\" data-element_type=\"container\" data-e-type=\"container\">\n\t\t\t\t\t<div class=\"e-con-inner\">\n\t\t\t\t<div class=\"elementor-element elementor-element-00c3e9e elementor-widget elementor-widget-blfe-post-grid\" data-id=\"00c3e9e\" data-element_type=\"widget\" data-e-type=\"widget\" data-settings=\"{&quot;columns&quot;:&quot;3&quot;,&quot;columns_tablet&quot;:&quot;6&quot;,&quot;columns_mobile&quot;:&quot;12&quot;,&quot;hero1_layout_column_gap&quot;:{&quot;unit&quot;:&quot;px&quot;,&quot;size&quot;:30,&quot;sizes&quot;:[]},&quot;hero1_layout_column_gap_tablet&quot;:{&quot;unit&quot;:&quot;px&quot;,&quot;size&quot;:&quot;&quot;,&quot;sizes&quot;:[]},&quot;hero1_layout_column_gap_mobile&quot;:{&quot;unit&quot;:&quot;px&quot;,&quot;size&quot;:&quot;&quot;,&quot;sizes&quot;:[]},&quot;hero1_layout_row_gap&quot;:{&quot;unit&quot;:&quot;px&quot;,&quot;size&quot;:30,&quot;sizes&quot;:[]},&quot;hero1_layout_row_gap_tablet&quot;:{&quot;unit&quot;:&quot;px&quot;,&quot;size&quot;:&quot;&quot;,&quot;sizes&quot;:[]},&quot;hero1_layout_row_gap_mobile&quot;:{&quot;unit&quot;:&quot;px&quot;,&quot;size&quot;:&quot;&quot;,&quot;sizes&quot;:[]}}\" data-widget_type=\"blfe-post-grid.hero1\">\n\t\t\t\t<div class=\"elementor-widget-container\">\n\t\t\t\t\t\n                        <div class=\"blfe-post-grid-container \">\n            \n                <div data-skin=\"hero1\" class=\"blfe-row blfe-posts-inner blfe-hero1 blfe-posts-inner blfe-col-3 blfe-col-tab-6 blfe-col-mob-12     \">\n                            <div class=\"blfe-post-grid-item\">\n            <div class=\"blfe-post-grid-item-inner blfe-modern-zoom\">\n                        <div class=\"blfe-post-grid-bg-image\">\n            <a class=\"blfe-post-grid-image-inner\" href=\"https:\/\/soymigrante.com\/revista\/mira-arte-guatemalteco-ernesto-boesche-rizo-sigue-dibujando-inspirando-y-ensenando\/\" title=\"Ernesto Boesche Rizo sigue dibujando, inspirando y ense\u00f1ando\" rel=\"nofollow\" target=\"_blank\"><img decoding=\"async\" src=\"https:\/\/soymigrante.com\/revista\/wp-content\/uploads\/2025\/09\/maestro-ernesto-boesche.jpg\" alt=\"Ernesto Boesche Rizo sigue dibujando, inspirando y ense\u00f1ando\"\/><\/a>        <\/div>\n                        <div class=\"blfe-post-grid-details\">\n                    <div class=\"blfe-post-grid-details-inner\">\n                        <span class=\"blfe-post-category\"><a href=\"https:\/\/soymigrante.com\/revista\/category\/guate-nuestra\/arte-cultura\/\">Cultura de Guatemala<\/a><\/span>                        <h3 class=\"blfe-post-grid-title\">\n            <a href=\"https:\/\/soymigrante.com\/revista\/mira-arte-guatemalteco-ernesto-boesche-rizo-sigue-dibujando-inspirando-y-ensenando\/\" title=\"Ernesto Boesche Rizo sigue dibujando, inspirando y ense\u00f1ando\" rel=\"nofollow\" target=\"_blank\">Ernesto Boesche Rizo sigue dibujando, inspirando y ense\u00f1ando<\/a>\n            <\/h3>                                                            <div class=\"blfe-post-grid-meta\">\n                <span class=\"blfe-post-grid-time\"><i class=\"fas fa-book-reader\"><\/i>5 Min read<\/span>            <\/div>\n                                                        <\/div>\n                <\/div>\n\n            <\/div>\n        <\/div>\n                <div class=\"blfe-post-grid-item\">\n            <div class=\"blfe-post-grid-item-inner blfe-modern-zoom\">\n                        <div class=\"blfe-post-grid-bg-image\">\n            <a class=\"blfe-post-grid-image-inner\" href=\"https:\/\/soymigrante.com\/revista\/museo-miraflores-recibe-triple-reconocimiento-del-travelers-choice-award-de-tripadvisor\/\" title=\"Museo Miraflores recibe triple reconocimiento del Travelers\u2019 Choice Award de TripAdvisor\" rel=\"nofollow\" target=\"_blank\"><img decoding=\"async\" src=\"https:\/\/soymigrante.com\/revista\/wp-content\/uploads\/2025\/08\/Museo-Miraflores-vista-360-google.webp\" alt=\"Museo Miraflores recibe triple reconocimiento del Travelers\u2019 Choice Award de TripAdvisor\"\/><\/a>        <\/div>\n                        <div class=\"blfe-post-grid-details\">\n                    <div class=\"blfe-post-grid-details-inner\">\n                        <span class=\"blfe-post-category\"><a href=\"https:\/\/soymigrante.com\/revista\/category\/guate-nuestra\/\">Guate Nuestra<\/a><\/span>                        <h3 class=\"blfe-post-grid-title\">\n            <a href=\"https:\/\/soymigrante.com\/revista\/museo-miraflores-recibe-triple-reconocimiento-del-travelers-choice-award-de-tripadvisor\/\" title=\"Museo Miraflores recibe triple reconocimiento del Travelers\u2019 Choice Award de TripAdvisor\" rel=\"nofollow\" target=\"_blank\">Museo Miraflores recibe triple reconocimiento del Travelers\u2019 Choice Award de TripAdvisor<\/a>\n            <\/h3>                                                            <div class=\"blfe-post-grid-meta\">\n                <span class=\"blfe-post-grid-time\"><i class=\"fas fa-book-reader\"><\/i>3 Min read<\/span>            <\/div>\n                                                        <\/div>\n                <\/div>\n\n            <\/div>\n        <\/div>\n                <div class=\"blfe-post-grid-item\">\n            <div class=\"blfe-post-grid-item-inner blfe-modern-zoom\">\n                        <div class=\"blfe-post-grid-bg-image\">\n            <a class=\"blfe-post-grid-image-inner\" href=\"https:\/\/soymigrante.com\/revista\/siete-lugares-perfectos-para-una-boda-en-guatemala\/\" title=\"Siete lugares perfectos para una boda en Guatemala\" rel=\"nofollow\" target=\"_blank\"><img decoding=\"async\" src=\"https:\/\/soymigrante.com\/revista\/wp-content\/uploads\/2025\/02\/foto-boda-jorge-ortiz.webp\" alt=\"Siete lugares perfectos para una boda en Guatemala\"\/><\/a>        <\/div>\n                        <div class=\"blfe-post-grid-details\">\n                    <div class=\"blfe-post-grid-details-inner\">\n                        <span class=\"blfe-post-category\"><a href=\"https:\/\/soymigrante.com\/revista\/category\/guate-nuestra\/\">Guate Nuestra<\/a><\/span>                        <h3 class=\"blfe-post-grid-title\">\n            <a href=\"https:\/\/soymigrante.com\/revista\/siete-lugares-perfectos-para-una-boda-en-guatemala\/\" title=\"Siete lugares perfectos para una boda en Guatemala\" rel=\"nofollow\" target=\"_blank\">Siete lugares perfectos para una boda en Guatemala<\/a>\n            <\/h3>                                                            <div class=\"blfe-post-grid-meta\">\n                <span class=\"blfe-post-grid-time\"><i class=\"fas fa-book-reader\"><\/i>4 Min read<\/span>            <\/div>\n                                                        <\/div>\n                <\/div>\n\n            <\/div>\n        <\/div>\n                        <\/div>\n\n                        <\/div>\n            \n                        <div class=\"blfe-post-footer\">\n                        <\/div>\n            \t\t\t\t<\/div>\n\t\t\t\t<\/div>\n\t\t\t\t\t<\/div>\n\t\t\t\t<\/div>\n\t\t\t\t<\/div>\n\t\t","protected":false},"excerpt":{"rendered":"<p>Ser realista con los tiempos de entrega es esencial para el \u00e9xito en cualquier \u00e1mbito profesional y en el trabajo. En un entorno laboral cada vez m\u00e1s competitivo y demandante, cumplir con los tiempos de entrega es clave para mantener la confianza y la reputaci\u00f3n profesional. Sin embargo, uno de los errores m\u00e1s comunes es [&hellip;]<\/p>\n","protected":false},"author":19,"featured_media":10383,"comment_status":"open","ping_status":"open","sticky":false,"template":"","format":"standard","meta":{"_acf_changed":false,"_eb_attr":"","footnotes":""},"categories":[55],"tags":[],"class_list":["post-10382","post","type-post","status-publish","format-standard","has-post-thumbnail","hentry","category-bienestar"],"acf":[],"aioseo_notices":[],"aioseo_head":"\n\t\t<!-- All in One SEO Pro 4.9.6.2 - aioseo.com -->\n\t<meta name=\"description\" content=\"Conozca estos 7 destinos para hacer una boda en Guatemala, puede ser a la luz de las velas, en el puerto o hasta en unas ruinas.\" \/>\n\t<meta name=\"robots\" content=\"max-snippet:-1, max-image-preview:large, max-video-preview:-1\" \/>\n\t<meta name=\"author\" content=\"Marysabel Aldana\"\/>\n\t<link rel=\"canonical\" href=\"https:\/\/soymigrante.com\/revista\/siete-lugares-perfectos-para-una-boda-en-guatemala\/\" \/>\n\t<meta name=\"generator\" content=\"All in One SEO Pro (AIOSEO) 4.9.6.2\" \/>\n\n\t\t<link rel=\"preconnect\" href=\"https:\/\/fonts.googleapis.com\" crossorigin>\n<link rel=\"preconnect\" href=\"https:\/\/fonts.gstatic.com\" crossorigin>\n\t\t<meta property=\"og:locale\" content=\"es_ES\" \/>\n\t\t<meta property=\"og:site_name\" content=\"SoyMigrante.com REVISTA \u2013 Nuestra misi\u00f3n es reconocer y dignificar al migrante.\" \/>\n\t\t<meta property=\"og:type\" content=\"article\" \/>\n\t\t<meta property=\"og:title\" content=\"Siete lugares perfectos para una boda en Guatemala\" \/>\n\t\t<meta property=\"og:description\" content=\"Conozca estos 7 destinos para hacer una boda en Guatemala, puede ser a la luz de las velas, en el puerto o hasta en unas ruinas.\" \/>\n\t\t<meta property=\"og:url\" content=\"https:\/\/soymigrante.com\/revista\/siete-lugares-perfectos-para-una-boda-en-guatemala\/\" \/>\n\t\t<meta property=\"og:image\" content=\"https:\/\/soymigrante.com\/revista\/wp-content\/uploads\/2025\/02\/foto-boda-jorge-ortiz.webp\" \/>\n\t\t<meta property=\"og:image:secure_url\" content=\"https:\/\/soymigrante.com\/revista\/wp-content\/uploads\/2025\/02\/foto-boda-jorge-ortiz.webp\" \/>\n\t\t<meta property=\"og:image:width\" content=\"525\" \/>\n\t\t<meta property=\"og:image:height\" content=\"521\" \/>\n\t\t<meta property=\"article:published_time\" content=\"2025-02-12T12:00:00+00:00\" \/>\n\t\t<meta property=\"article:modified_time\" content=\"2025-03-10T20:54:21+00:00\" \/>\n\t\t<meta property=\"article:publisher\" content=\"https:\/\/www.facebook.com\/soymigrantecom\" \/>\n\t\t<meta name=\"twitter:card\" content=\"summary_large_image\" \/>\n\t\t<meta name=\"twitter:site\" content=\"@SoyMigrante_com\" \/>\n\t\t<meta name=\"twitter:title\" content=\"Siete lugares perfectos para una boda en Guatemala\" \/>\n\t\t<meta name=\"twitter:description\" content=\"Conozca estos 7 destinos para hacer una boda en Guatemala, puede ser a la luz de las velas, en el puerto o hasta en unas ruinas.\" \/>\n\t\t<meta name=\"twitter:creator\" content=\"@SoyMigrante_com\" \/>\n\t\t<meta name=\"twitter:image\" content=\"https:\/\/soymigrante.com\/revista\/wp-content\/uploads\/2025\/02\/foto-boda-jorge-ortiz.webp\" \/>\n\t\t<!-- All in One SEO Pro -->\r\n\t\t<title>Siete lugares perfectos para una boda en Guatemala<\/title>\n\n","aioseo_head_json":{"title":"Siete lugares perfectos para una boda en Guatemala","description":"Conozca estos 7 destinos para hacer una boda en Guatemala, puede ser a la luz de las velas, en el puerto o hasta en unas ruinas.","canonical_url":"https:\/\/soymigrante.com\/revista\/siete-lugares-perfectos-para-una-boda-en-guatemala\/","robots":"max-snippet:-1, max-image-preview:large, max-video-preview:-1","keywords":"","webmasterTools":{"miscellaneous":"&lt;link rel=\"preconnect\" href=\"https:\/\/fonts.googleapis.com\" crossorigin&gt;\n&lt;link rel=\"preconnect\" href=\"https:\/\/fonts.gstatic.com\" crossorigin&gt;"},"schema":null,"og:locale":"es_ES","og:site_name":"SoyMigrante.com REVISTA \u2013 Nuestra misi\u00f3n es reconocer y dignificar al migrante.","og:type":"article","og:title":"Siete lugares perfectos para una boda en Guatemala","og:description":"Conozca estos 7 destinos para hacer una boda en Guatemala, puede ser a la luz de las velas, en el puerto o hasta en unas ruinas.","og:url":"https:\/\/soymigrante.com\/revista\/siete-lugares-perfectos-para-una-boda-en-guatemala\/","og:image":"https:\/\/soymigrante.com\/revista\/wp-content\/uploads\/2025\/02\/foto-boda-jorge-ortiz.webp","og:image:secure_url":"https:\/\/soymigrante.com\/revista\/wp-content\/uploads\/2025\/02\/foto-boda-jorge-ortiz.webp","og:image:width":525,"og:image:height":521,"article:published_time":"2025-02-12T12:00:00+00:00","article:modified_time":"2025-03-10T20:54:21+00:00","article:publisher":"https:\/\/www.facebook.com\/soymigrantecom","twitter:card":"summary_large_image","twitter:site":"@SoyMigrante_com","twitter:title":"Siete lugares perfectos para una boda en Guatemala","twitter:description":"Conozca estos 7 destinos para hacer una boda en Guatemala, puede ser a la luz de las velas, en el puerto o hasta en unas ruinas.","twitter:creator":"@SoyMigrante_com","twitter:image":"https:\/\/soymigrante.com\/revista\/wp-content\/uploads\/2025\/02\/foto-boda-jorge-ortiz.webp"},"aioseo_meta_data":{"post_id":"10382","title":null,"description":"Es muy bueno buscar la competitividad y trabajar fuerte. Pero tambi\u00e9n hay que reconocer los l\u00edmites f\u00edsicos y las posibilidades reales. Claves de productividad.","keywords":null,"keyphrases":{"focus":{"keyphrase":"trabajo","score":74,"analysis":{"keyphraseInTitle":{"score":9,"maxScore":9,"error":0},"keyphraseInDescription":{"score":3,"maxScore":9,"error":1},"keyphraseLength":{"score":9,"maxScore":9,"error":0,"length":1},"keyphraseInURL":{"score":5,"maxScore":5,"error":0},"keyphraseInIntroduction":{"score":3,"maxScore":9,"error":1},"keyphraseInSubHeadings":{"score":3,"maxScore":9,"error":1},"keyphraseInImageAlt":{"score":9,"maxScore":9,"error":0},"keywordDensity":{"type":"best","score":9,"maxScore":9,"error":0}}},"additional":[{"keyphrase":"Trabajo","score":73,"analysis":{"keyphraseInDescription":{"score":3,"maxScore":9,"error":1},"keyphraseLength":{"score":9,"maxScore":9,"error":0,"length":1},"keyphraseInIntroduction":{"score":3,"maxScore":9,"error":1},"keyphraseInImageAlt":{"score":9,"maxScore":9,"error":0},"keywordDensity":{"type":"best","score":9,"maxScore":9,"error":0}}},{"keyphrase":"compromiso","score":53,"analysis":{"keyphraseInDescription":{"score":3,"maxScore":9,"error":1},"keyphraseLength":{"score":9,"maxScore":9,"error":0,"length":1},"keyphraseInIntroduction":{"score":3,"maxScore":9,"error":1},"keyphraseInImageAlt":{"score":9,"maxScore":9,"error":0},"keywordDensity":{"score":0,"type":"low","maxScore":9,"error":1}}}]},"primary_term":null,"canonical_url":null,"og_title":null,"og_description":null,"og_object_type":"default","og_image_type":"default","og_image_url":null,"og_image_width":null,"og_image_height":null,"og_image_custom_url":null,"og_image_custom_fields":null,"og_video":"","og_custom_url":null,"og_article_section":null,"og_article_tags":null,"twitter_use_og":false,"twitter_card":"default","twitter_image_type":"default","twitter_image_url":null,"twitter_image_custom_url":null,"twitter_image_custom_fields":null,"twitter_title":null,"twitter_description":null,"schema":{"blockGraphs":[],"customGraphs":[],"default":{"data":{"Article":[],"Course":[],"Dataset":[],"FAQPage":[],"Movie":[],"Person":[],"Product":[],"ProductReview":[],"Car":[],"Recipe":[],"Service":[],"SoftwareApplication":[],"WebPage":[]},"graphName":"Article","isEnabled":true},"graphs":[]},"schema_type":"default","schema_type_options":null,"pillar_content":false,"robots_default":true,"robots_noindex":false,"robots_noarchive":false,"robots_nosnippet":false,"robots_nofollow":false,"robots_noimageindex":false,"robots_noodp":false,"robots_notranslate":false,"robots_max_snippet":"-1","robots_max_videopreview":"-1","robots_max_imagepreview":"large","priority":null,"frequency":"default","local_seo":null,"seo_analyzer_scan_date":"2025-10-08 23:43:48","breadcrumb_settings":null,"limit_modified_date":false,"reviewed_by":null,"open_ai":"{\"title\":{\"suggestions\":[],\"usage\":0},\"description\":{\"suggestions\":[],\"usage\":0}}","ai":null,"created":"2024-10-15 21:00:00","updated":"2026-02-04 15:02:44"},"aioseo_breadcrumb":"<div class=\"aioseo-breadcrumbs\"><span class=\"aioseo-breadcrumb\">\n\t<a href=\"https:\/\/soymigrante.com\/revista\" title=\"Home\">Home<\/a>\n<\/span><span class=\"aioseo-breadcrumb-separator\">\u00bb<\/span><span class=\"aioseo-breadcrumb\">\n\t<a href=\"https:\/\/soymigrante.com\/revista\/category\/bienestar\/\" title=\"Bienestar\">Bienestar<\/a>\n<\/span><span class=\"aioseo-breadcrumb-separator\">\u00bb<\/span><span class=\"aioseo-breadcrumb\">\n\tCompromiso con el trabajo: hay que saber ser realista y eficiente\n<\/span><\/div>","aioseo_breadcrumb_json":[{"label":"Home","link":"https:\/\/soymigrante.com\/revista"},{"label":"Bienestar","link":"https:\/\/soymigrante.com\/revista\/category\/bienestar\/"},{"label":"Compromiso con el trabajo: hay que saber ser realista y eficiente","link":"https:\/\/soymigrante.com\/revista\/compromiso-con-el-trabajo-hay-que-saber-ser-realista-y-eficiente\/"}],"_links":{"self":[{"href":"https:\/\/soymigrante.com\/revista\/wp-json\/wp\/v2\/posts\/10382","targetHints":{"allow":["GET"]}}],"collection":[{"href":"https:\/\/soymigrante.com\/revista\/wp-json\/wp\/v2\/posts"}],"about":[{"href":"https:\/\/soymigrante.com\/revista\/wp-json\/wp\/v2\/types\/post"}],"author":[{"embeddable":true,"href":"https:\/\/soymigrante.com\/revista\/wp-json\/wp\/v2\/users\/19"}],"replies":[{"embeddable":true,"href":"https:\/\/soymigrante.com\/revista\/wp-json\/wp\/v2\/comments?post=10382"}],"version-history":[{"count":0,"href":"https:\/\/soymigrante.com\/revista\/wp-json\/wp\/v2\/posts\/10382\/revisions"}],"wp:featuredmedia":[{"embeddable":true,"href":"https:\/\/soymigrante.com\/revista\/wp-json\/wp\/v2\/media\/10383"}],"wp:attachment":[{"href":"https:\/\/soymigrante.com\/revista\/wp-json\/wp\/v2\/media?parent=10382"}],"wp:term":[{"taxonomy":"category","embeddable":true,"href":"https:\/\/soymigrante.com\/revista\/wp-json\/wp\/v2\/categories?post=10382"},{"taxonomy":"post_tag","embeddable":true,"href":"https:\/\/soymigrante.com\/revista\/wp-json\/wp\/v2\/tags?post=10382"}],"curies":[{"name":"wp","href":"https:\/\/api.w.org\/{rel}","templated":true}]}}