{"id":10377,"date":"2024-10-15T18:19:08","date_gmt":"2024-10-16T00:19:08","guid":{"rendered":"https:\/\/soymigrante.com\/revista\/?p=10377"},"modified":"2024-11-01T13:59:59","modified_gmt":"2024-11-01T19:59:59","slug":"la-importancia-de-descansar-cuerpo-y-mente-piden-pausa","status":"publish","type":"post","link":"https:\/\/soymigrante.com\/revista\/la-importancia-de-descansar-cuerpo-y-mente-piden-pausa\/","title":{"rendered":"La importancia de descansar: cuerpo y mente piden pausa"},"content":{"rendered":"\t\t<div data-elementor-type=\"wp-post\" data-elementor-id=\"10377\" class=\"elementor elementor-10377\" data-elementor-post-type=\"post\">\n\t\t\t\t<div data-particle_enable=\"false\" data-particle-mobile-disabled=\"false\" class=\"elementor-element elementor-element-aec0953 e-flex e-con-boxed e-con e-parent\" data-id=\"aec0953\" data-element_type=\"container\" data-e-type=\"container\">\n\t\t\t\t\t<div class=\"e-con-inner\">\n\t\t\t\t<div class=\"elementor-element elementor-element-2781f4d elementor-widget elementor-widget-heading\" data-id=\"2781f4d\" data-element_type=\"widget\" data-e-type=\"widget\" data-widget_type=\"heading.default\">\n\t\t\t\t\t<h2 class=\"elementor-heading-title elementor-size-default\"> Saber cu\u00e1ndo y c\u00f3mo descansar es clave para preservar tanto el bienestar f\u00edsico como el mental.<\/h2>\t\t\t\t<\/div>\n\t\t\t\t\t<\/div>\n\t\t\t\t<\/div>\n\t\t<div data-particle_enable=\"false\" data-particle-mobile-disabled=\"false\" class=\"elementor-element elementor-element-35fa2f7 e-flex e-con-boxed e-con e-parent\" data-id=\"35fa2f7\" data-element_type=\"container\" data-e-type=\"container\">\n\t\t\t\t\t<div class=\"e-con-inner\">\n\t\t\t\t<div class=\"elementor-element elementor-element-d992719 elementor-widget elementor-widget-text-editor\" data-id=\"d992719\" data-element_type=\"widget\" data-e-type=\"widget\" data-widget_type=\"text-editor.default\">\n\t\t\t\t\t\t\t\t\t<p>En un mundo que constantemente demanda productividad y resultados inmediatos,<a href=\"https:\/\/soymigrante.com\/revista\/category\/mejor\/\" target=\"_blank\" rel=\"noopener\"> el descanso se ha vuelto un lujo que muchos se niegan a concederse.<\/a> Sin embargo, descansar no es un signo de debilidad o falta de ambici\u00f3n, sino una necesidad fundamental para mantener un equilibrio saludable en nuestras vidas.<\/p>\t\t\t\t\t\t\t\t<\/div>\n\t\t\t\t\t<\/div>\n\t\t\t\t<\/div>\n\t\t<div data-particle_enable=\"false\" data-particle-mobile-disabled=\"false\" class=\"elementor-element elementor-element-83a334d e-flex e-con-boxed e-con e-parent\" data-id=\"83a334d\" data-element_type=\"container\" data-e-type=\"container\">\n\t\t\t\t\t<div class=\"e-con-inner\">\n\t\t\t\t<div class=\"elementor-element elementor-element-b7272dd elementor-widget elementor-widget-heading\" data-id=\"b7272dd\" data-element_type=\"widget\" data-e-type=\"widget\" data-widget_type=\"heading.default\">\n\t\t\t\t\t<h3 class=\"elementor-heading-title elementor-size-default\">\u00bfCu\u00e1ndo es necesario el descanso?<\/h3>\t\t\t\t<\/div>\n\t\t\t\t\t<\/div>\n\t\t\t\t<\/div>\n\t\t<div data-particle_enable=\"false\" data-particle-mobile-disabled=\"false\" class=\"elementor-element elementor-element-defd65d e-flex e-con-boxed e-con e-parent\" data-id=\"defd65d\" data-element_type=\"container\" data-e-type=\"container\">\n\t\t\t\t\t<div class=\"e-con-inner\">\n\t\t\t\t<div class=\"elementor-element elementor-element-5f0ec66 elementor-widget elementor-widget-text-editor\" data-id=\"5f0ec66\" data-element_type=\"widget\" data-e-type=\"widget\" data-widget_type=\"text-editor.default\">\n\t\t\t\t\t\t\t\t\t<p>El cuerpo y la mente env\u00edan se\u00f1ales claras cuando necesitan una pausa, pero a menudo las ignoramos. <a href=\"https:\/\/soymigrante.com\/revista\/category\/mejor\/\" target=\"_blank\" rel=\"noopener\">Estas son algunas claves para saber cu\u00e1ndo es el momento de detenerse<\/a>, seg\u00fan el doctor, Antonio Contreras:<\/p>\t\t\t\t\t\t\t\t<\/div>\n\t\t\t\t\t<\/div>\n\t\t\t\t<\/div>\n\t\t<div data-particle_enable=\"false\" data-particle-mobile-disabled=\"false\" class=\"elementor-element elementor-element-a212f24 e-flex e-con-boxed e-con e-parent\" data-id=\"a212f24\" data-element_type=\"container\" data-e-type=\"container\">\n\t\t\t\t\t<div class=\"e-con-inner\">\n\t\t\t\t<div class=\"elementor-element elementor-element-d2fe5c5 elementor-widget elementor-widget-text-editor\" data-id=\"d2fe5c5\" data-element_type=\"widget\" data-e-type=\"widget\" data-widget_type=\"text-editor.default\">\n\t\t\t\t\t\t\t\t\t<div><strong>1. Fatiga constante:<\/strong> Sentirse cansado a todas horas, incluso despu\u00e9s de una noche de sue\u00f1o, es una se\u00f1al de que el cuerpo no est\u00e1 recuperando energ\u00eda como deber\u00eda. Esta fatiga cr\u00f3nica puede ser un indicativo de que se ha sobrepasado el l\u00edmite f\u00edsico.<\/div><div><strong>2.Irritabilidad y cambios de humor:<\/strong> La falta de descanso afecta el sistema nervioso, lo que puede manifestarse en cambios repentinos de humor, irritabilidad, o incluso en dificultad para concentrarse. Estos s\u00edntomas son una alerta de que la mente est\u00e1 saturada y necesita descanso.<\/div><div><strong>3.Dolores f\u00edsicos recurrentes:<\/strong> Tensi\u00f3n muscular, dolores de cabeza o malestar general pueden ser respuestas del cuerpo a un sobreesfuerzo o a la falta de pausas. Estos s\u00edntomas indican que el cuerpo necesita tiempo para recuperarse.<\/div><div><strong>4.Bajo rendimiento:<\/strong> Si tareas simples parecen complejas, o si el nivel de productividad y creatividad ha disminuido, es un indicativo claro de que tanto el cerebro como el cuerpo necesitan descanso para volver a funcionar \u00f3ptimamente.<\/div>\t\t\t\t\t\t\t\t<\/div>\n\t\t\t\t\t<\/div>\n\t\t\t\t<\/div>\n\t\t<div data-particle_enable=\"false\" data-particle-mobile-disabled=\"false\" class=\"elementor-element elementor-element-f7a5923 e-flex e-con-boxed e-con e-parent\" data-id=\"f7a5923\" data-element_type=\"container\" data-e-type=\"container\">\n\t\t\t\t\t<div class=\"e-con-inner\">\n\t\t\t\t<div class=\"elementor-element elementor-element-77afd92 elementor-widget elementor-widget-image\" data-id=\"77afd92\" data-element_type=\"widget\" data-e-type=\"widget\" data-widget_type=\"image.default\">\n\t\t\t\t\t\t\t\t\t\t\t\t<figure class=\"wp-caption\">\n\t\t\t\t\t\t\t\t\t\t<img fetchpriority=\"high\" decoding=\"async\" width=\"768\" height=\"512\" src=\"https:\/\/soymigrante.com\/revista\/wp-content\/uploads\/2024\/10\/La-importancia-de-descansar-el-cuerpo-y-la-mente-piden-pausa-1024x683.webp\" class=\"attachment-large size-large wp-image-10379\" alt=\"Sue\u00f1o y descanso nocturno, mujer durmiendo en cama con ropa c\u00f3moda, imagen en blanco y negro, temas de bienestar y migrantes en revista SoyMigrante.com REVISTA.\" srcset=\"https:\/\/soymigrante.com\/revista\/wp-content\/uploads\/2024\/10\/La-importancia-de-descansar-el-cuerpo-y-la-mente-piden-pausa-1024x683.webp 1024w, https:\/\/soymigrante.com\/revista\/wp-content\/uploads\/2024\/10\/La-importancia-de-descansar-el-cuerpo-y-la-mente-piden-pausa-300x200.webp 300w, https:\/\/soymigrante.com\/revista\/wp-content\/uploads\/2024\/10\/La-importancia-de-descansar-el-cuerpo-y-la-mente-piden-pausa-768x513.webp 768w, https:\/\/soymigrante.com\/revista\/wp-content\/uploads\/2024\/10\/La-importancia-de-descansar-el-cuerpo-y-la-mente-piden-pausa-1536x1025.webp 1536w, https:\/\/soymigrante.com\/revista\/wp-content\/uploads\/2024\/10\/La-importancia-de-descansar-el-cuerpo-y-la-mente-piden-pausa-scaled.webp 1920w, https:\/\/soymigrante.com\/revista\/wp-content\/uploads\/2024\/10\/La-importancia-de-descansar-el-cuerpo-y-la-mente-piden-pausa-750x501.webp 750w, https:\/\/soymigrante.com\/revista\/wp-content\/uploads\/2024\/10\/La-importancia-de-descansar-el-cuerpo-y-la-mente-piden-pausa-1140x761.webp 1140w\" sizes=\"(max-width: 768px) 100vw, 768px\" title=\"A Caucasian woman sleeping on her bed \u2013 SoyMigrante.com REVISTA\" \/>\t\t\t\t\t\t\t\t\t\t\t<figcaption class=\"widget-image-caption wp-caption-text\">Dormir bien, bienestar femenino, salud y descanso, mujer en cama, autocuidado mujer.<\/figcaption>\n\t\t\t\t\t\t\t\t\t\t<\/figure>\n\t\t\t\t\t\t\t\t\t<\/div>\n\t\t\t\t\t<\/div>\n\t\t\t\t<\/div>\n\t\t<div data-particle_enable=\"false\" data-particle-mobile-disabled=\"false\" class=\"elementor-element elementor-element-27ed8ca e-flex e-con-boxed e-con e-parent\" data-id=\"27ed8ca\" data-element_type=\"container\" data-e-type=\"container\">\n\t\t\t\t\t<div class=\"e-con-inner\">\n\t\t\t\t<div class=\"elementor-element elementor-element-29f0cbb elementor-widget elementor-widget-heading\" data-id=\"29f0cbb\" data-element_type=\"widget\" data-e-type=\"widget\" data-widget_type=\"heading.default\">\n\t\t\t\t\t<h3 class=\"elementor-heading-title elementor-size-default\">Sugerencias para descansar f\u00edsicamente<\/h3>\t\t\t\t<\/div>\n\t\t\t\t\t<\/div>\n\t\t\t\t<\/div>\n\t\t<div data-particle_enable=\"false\" data-particle-mobile-disabled=\"false\" class=\"elementor-element elementor-element-417be69 e-flex e-con-boxed e-con e-parent\" data-id=\"417be69\" data-element_type=\"container\" data-e-type=\"container\">\n\t\t\t\t\t<div class=\"e-con-inner\">\n\t\t\t\t<div class=\"elementor-element elementor-element-41cf7e5 elementor-widget elementor-widget-text-editor\" data-id=\"41cf7e5\" data-element_type=\"widget\" data-e-type=\"widget\" data-widget_type=\"text-editor.default\">\n\t\t\t\t\t\t\t\t\t<p><a href=\"https:\/\/soymigrante.com\/revista\/category\/mejor\/\" target=\"_blank\" rel=\"noopener\">El descanso f\u00edsico es esencial para que el cuerpo se recupere del desgaste diario.<\/a> Aqu\u00ed algunas formas de asegurarse de que el descanso sea efectivo:<\/p>\t\t\t\t\t\t\t\t<\/div>\n\t\t\t\t\t<\/div>\n\t\t\t\t<\/div>\n\t\t<div data-particle_enable=\"false\" data-particle-mobile-disabled=\"false\" class=\"elementor-element elementor-element-bf20977 e-flex e-con-boxed e-con e-parent\" data-id=\"bf20977\" data-element_type=\"container\" data-e-type=\"container\">\n\t\t\t\t\t<div class=\"e-con-inner\">\n\t\t\t\t<div class=\"elementor-element elementor-element-6b34b12 elementor-widget elementor-widget-text-editor\" data-id=\"6b34b12\" data-element_type=\"widget\" data-e-type=\"widget\" data-widget_type=\"text-editor.default\">\n\t\t\t\t\t\t\t\t\t<div><strong>\u2022 Dormir lo suficiente:<\/strong> El sue\u00f1o es la forma m\u00e1s natural y efectiva de descansar. Es importante priorizar al menos 7 a 9 horas de sue\u00f1o de calidad cada noche, respetando un horario regular.<\/div><div><strong>\u2022Practicar la relajaci\u00f3n muscular progresiva:<\/strong> Esta t\u00e9cnica consiste en tensar y relajar distintos grupos musculares, comenzando por los pies y subiendo lentamente hasta la cabeza. Ayuda a liberar tensiones acumuladas durante el d\u00eda.<\/div><div><strong>\u2022D\u00edas de descanso activo:<\/strong> Aunque suene contradictorio, el descanso no siempre implica inactividad total. Actividades ligeras como caminar o practicar yoga pueden ser formas de descansar activamente, ya que permiten que el cuerpo se recupere sin quedarse inm\u00f3vil.<\/div><div><strong>\u2022Estiramientos diarios:<\/strong> Incorporar estiramientos suaves al comenzar y al finalizar el d\u00eda puede liberar tensiones musculares acumuladas, ayudando a un descanso f\u00edsico m\u00e1s efectivo.<\/div>\t\t\t\t\t\t\t\t<\/div>\n\t\t\t\t\t<\/div>\n\t\t\t\t<\/div>\n\t\t<div data-particle_enable=\"false\" data-particle-mobile-disabled=\"false\" class=\"elementor-element elementor-element-baa7d24 e-flex e-con-boxed e-con e-parent\" data-id=\"baa7d24\" data-element_type=\"container\" data-e-type=\"container\">\n\t\t\t\t\t<div class=\"e-con-inner\">\n\t\t\t\t<div class=\"elementor-element elementor-element-3488906 elementor-widget elementor-widget-image\" data-id=\"3488906\" data-element_type=\"widget\" data-e-type=\"widget\" data-widget_type=\"image.default\">\n\t\t\t\t\t\t\t\t\t\t\t\t<figure class=\"wp-caption\">\n\t\t\t\t\t\t\t\t\t\t<img decoding=\"async\" width=\"768\" height=\"512\" src=\"https:\/\/soymigrante.com\/revista\/wp-content\/uploads\/2024\/10\/La-importancia-de-descansar-el-cuerpo-y-la-mente-piden-pausa3-1024x683.webp\" class=\"attachment-large size-large wp-image-10380\" alt=\"Sue\u00f1o, mujer durmiendo con tel\u00e9fono m\u00f3vil en la mano en una habitaci\u00f3n oscura, relajaci\u00f3n y tecnolog\u00eda, contenido de revista SoyMigrante.com REVISTA con temas de migraci\u00f3n, bienestar y estilo de vida.\" srcset=\"https:\/\/soymigrante.com\/revista\/wp-content\/uploads\/2024\/10\/La-importancia-de-descansar-el-cuerpo-y-la-mente-piden-pausa3-1024x683.webp 1024w, https:\/\/soymigrante.com\/revista\/wp-content\/uploads\/2024\/10\/La-importancia-de-descansar-el-cuerpo-y-la-mente-piden-pausa3-300x200.webp 300w, https:\/\/soymigrante.com\/revista\/wp-content\/uploads\/2024\/10\/La-importancia-de-descansar-el-cuerpo-y-la-mente-piden-pausa3-768x512.webp 768w, https:\/\/soymigrante.com\/revista\/wp-content\/uploads\/2024\/10\/La-importancia-de-descansar-el-cuerpo-y-la-mente-piden-pausa3-1536x1024.webp 1536w, https:\/\/soymigrante.com\/revista\/wp-content\/uploads\/2024\/10\/La-importancia-de-descansar-el-cuerpo-y-la-mente-piden-pausa3-scaled.webp 1920w, https:\/\/soymigrante.com\/revista\/wp-content\/uploads\/2024\/10\/La-importancia-de-descansar-el-cuerpo-y-la-mente-piden-pausa3-750x500.webp 750w, https:\/\/soymigrante.com\/revista\/wp-content\/uploads\/2024\/10\/La-importancia-de-descansar-el-cuerpo-y-la-mente-piden-pausa3-1140x760.webp 1140w\" sizes=\"(max-width: 768px) 100vw, 768px\" title=\"La importancia de descansar: el cuerpo y la mente piden pausa \u2013 SoyMigrante.com REVISTA\" \/>\t\t\t\t\t\t\t\t\t\t\t<figcaption class=\"widget-image-caption wp-caption-text\">Foto: Envato<\/figcaption>\n\t\t\t\t\t\t\t\t\t\t<\/figure>\n\t\t\t\t\t\t\t\t\t<\/div>\n\t\t\t\t\t<\/div>\n\t\t\t\t<\/div>\n\t\t<div data-particle_enable=\"false\" data-particle-mobile-disabled=\"false\" class=\"elementor-element elementor-element-399da3d e-flex e-con-boxed e-con e-parent\" data-id=\"399da3d\" data-element_type=\"container\" data-e-type=\"container\">\n\t\t\t\t\t<div class=\"e-con-inner\">\n\t\t\t\t<div class=\"elementor-element elementor-element-916bad8 elementor-widget elementor-widget-heading\" data-id=\"916bad8\" data-element_type=\"widget\" data-e-type=\"widget\" data-widget_type=\"heading.default\">\n\t\t\t\t\t<h3 class=\"elementor-heading-title elementor-size-default\">Sugerencias para descansar mentalmente<\/h3>\t\t\t\t<\/div>\n\t\t\t\t\t<\/div>\n\t\t\t\t<\/div>\n\t\t<div data-particle_enable=\"false\" data-particle-mobile-disabled=\"false\" class=\"elementor-element elementor-element-d403d6f e-flex e-con-boxed e-con e-parent\" data-id=\"d403d6f\" data-element_type=\"container\" data-e-type=\"container\">\n\t\t\t\t\t<div class=\"e-con-inner\">\n\t\t\t\t<div class=\"elementor-element elementor-element-56f8062 elementor-widget elementor-widget-text-editor\" data-id=\"56f8062\" data-element_type=\"widget\" data-e-type=\"widget\" data-widget_type=\"text-editor.default\">\n\t\t\t\t\t\t\t\t\t<p>El descanso mental es igual de importante que el f\u00edsico, ya que <a href=\"https:\/\/soymigrante.com\/revista\/category\/mejor\/\" target=\"_blank\" rel=\"noopener\">la mente tambi\u00e9n se fatiga.<\/a> Aqu\u00ed algunas formas de permitirle una pausa al cerebro:<\/p>\t\t\t\t\t\t\t\t<\/div>\n\t\t\t\t\t<\/div>\n\t\t\t\t<\/div>\n\t\t<div data-particle_enable=\"false\" data-particle-mobile-disabled=\"false\" class=\"elementor-element elementor-element-7d4ceff e-flex e-con-boxed e-con e-parent\" data-id=\"7d4ceff\" data-element_type=\"container\" data-e-type=\"container\">\n\t\t\t\t\t<div class=\"e-con-inner\">\n\t\t\t\t<div class=\"elementor-element elementor-element-be45c72 elementor-widget elementor-widget-text-editor\" data-id=\"be45c72\" data-element_type=\"widget\" data-e-type=\"widget\" data-widget_type=\"text-editor.default\">\n\t\t\t\t\t\t\t\t\t<div><strong>\u2022 Desconectar de la tecnolog\u00eda:<\/strong> La sobrecarga de informaci\u00f3n que recibimos a trav\u00e9s de los dispositivos electr\u00f3nicos puede saturar la mente. Tomarse descansos regulares de pantallas, o establecer momentos espec\u00edficos para desconectar del tel\u00e9fono o la computadora, puede ser muy beneficioso.<\/div><div><strong>\u2022Mindfulness y meditaci\u00f3n:<\/strong> Practicar la atenci\u00f3n plena (mindfulness) o la meditaci\u00f3n permite que la mente se relaje y se enfoque en el presente, alej\u00e1ndose de pensamientos acelerados o preocupaciones constantes. Solo 10 minutos al d\u00eda pueden hacer una gran diferencia.<\/div><div><strong>\u2022Pasar tiempo en la naturaleza:<\/strong> Estar al aire libre, rodeado de naturaleza, ayuda a despejar la mente. Caminar por un parque, visitar la playa o el campo puede ofrecer una sensaci\u00f3n de renovaci\u00f3n mental.<\/div><div><strong>\u2022Hobbies relajantes:<\/strong> Realizar actividades creativas o recreativas, como leer, pintar, cocinar o escuchar m\u00fasica, permite que la mente se enfoque en algo diferente y placentero, reduciendo el estr\u00e9s.<\/div>\t\t\t\t\t\t\t\t<\/div>\n\t\t\t\t\t<\/div>\n\t\t\t\t<\/div>\n\t\t<div data-particle_enable=\"false\" data-particle-mobile-disabled=\"false\" class=\"elementor-element elementor-element-6c00084 e-flex e-con-boxed e-con e-parent\" data-id=\"6c00084\" data-element_type=\"container\" data-e-type=\"container\">\n\t\t\t\t\t<div class=\"e-con-inner\">\n\t\t\t\t<div class=\"elementor-element elementor-element-299804b elementor-widget elementor-widget-image\" data-id=\"299804b\" data-element_type=\"widget\" data-e-type=\"widget\" data-widget_type=\"image.default\">\n\t\t\t\t\t\t\t\t\t\t\t\t<figure class=\"wp-caption\">\n\t\t\t\t\t\t\t\t\t\t<img decoding=\"async\" width=\"768\" height=\"512\" src=\"https:\/\/soymigrante.com\/revista\/wp-content\/uploads\/2024\/10\/La-importancia-de-descansar-el-cuerpo-y-la-mente-piden-pausa4-1024x683.jpg\" class=\"attachment-large size-large wp-image-10381\" alt=\"Fatiga laboral en migrantes y trabajadores expatriados, reflejada en sue\u00f1o profundo en oficina con laptop, tel\u00e9fono m\u00f3vil y ambiente de oficina moderna para abordar temas de migraci\u00f3n y trabajo.\" srcset=\"https:\/\/soymigrante.com\/revista\/wp-content\/uploads\/2024\/10\/La-importancia-de-descansar-el-cuerpo-y-la-mente-piden-pausa4-1024x683.jpg 1024w, https:\/\/soymigrante.com\/revista\/wp-content\/uploads\/2024\/10\/La-importancia-de-descansar-el-cuerpo-y-la-mente-piden-pausa4-300x200.jpg 300w, https:\/\/soymigrante.com\/revista\/wp-content\/uploads\/2024\/10\/La-importancia-de-descansar-el-cuerpo-y-la-mente-piden-pausa4-768x512.jpg 768w, https:\/\/soymigrante.com\/revista\/wp-content\/uploads\/2024\/10\/La-importancia-de-descansar-el-cuerpo-y-la-mente-piden-pausa4-1536x1025.jpg 1536w, https:\/\/soymigrante.com\/revista\/wp-content\/uploads\/2024\/10\/La-importancia-de-descansar-el-cuerpo-y-la-mente-piden-pausa4-750x500.webp 750w, https:\/\/soymigrante.com\/revista\/wp-content\/uploads\/2024\/10\/La-importancia-de-descansar-el-cuerpo-y-la-mente-piden-pausa4-1140x760.webp 1140w, https:\/\/soymigrante.com\/revista\/wp-content\/uploads\/2024\/10\/La-importancia-de-descansar-el-cuerpo-y-la-mente-piden-pausa4.webp 1920w\" sizes=\"(max-width: 768px) 100vw, 768px\" title=\"La importancia de descansar: el cuerpo y la mente piden pausa \u2013 SoyMigrante.com REVISTA\" \/>\t\t\t\t\t\t\t\t\t\t\t<figcaption class=\"widget-image-caption wp-caption-text\">Imagen de un joven profesional durmiendo en su escritorio de oficina durante horas laborales, representando el agotamiento y estr\u00e9s del migrante trabajador.<\/figcaption>\n\t\t\t\t\t\t\t\t\t\t<\/figure>\n\t\t\t\t\t\t\t\t\t<\/div>\n\t\t\t\t\t<\/div>\n\t\t\t\t<\/div>\n\t\t<div data-particle_enable=\"false\" data-particle-mobile-disabled=\"false\" class=\"elementor-element elementor-element-46ea2b0 e-flex e-con-boxed e-con e-parent\" data-id=\"46ea2b0\" data-element_type=\"container\" data-e-type=\"container\">\n\t\t\t\t\t<div class=\"e-con-inner\">\n\t\t\t\t<div class=\"elementor-element elementor-element-1086d5d elementor-widget elementor-widget-heading\" data-id=\"1086d5d\" data-element_type=\"widget\" data-e-type=\"widget\" data-widget_type=\"heading.default\">\n\t\t\t\t\t<h3 class=\"elementor-heading-title elementor-size-default\">Claves para equilibrar el descanso y la productividad<\/h3>\t\t\t\t<\/div>\n\t\t\t\t\t<\/div>\n\t\t\t\t<\/div>\n\t\t<div data-particle_enable=\"false\" data-particle-mobile-disabled=\"false\" class=\"elementor-element elementor-element-255a12e e-flex e-con-boxed e-con e-parent\" data-id=\"255a12e\" data-element_type=\"container\" data-e-type=\"container\">\n\t\t\t\t\t<div class=\"e-con-inner\">\n\t\t\t\t<div class=\"elementor-element elementor-element-8f0fa97 elementor-widget elementor-widget-text-editor\" data-id=\"8f0fa97\" data-element_type=\"widget\" data-e-type=\"widget\" data-widget_type=\"text-editor.default\">\n\t\t\t\t\t\t\t\t\t<p>Descansar <a href=\"https:\/\/soymigrante.com\/revista\/category\/mejor\/\" target=\"_blank\" rel=\"noopener\">no es una excusa para abandonar responsabilidades, sino una estrategia para ser m\u00e1s efectivos a largo plazo.<\/a> Saber equilibrar el descanso y la productividad es esencial:<\/p>\t\t\t\t\t\t\t\t<\/div>\n\t\t\t\t\t<\/div>\n\t\t\t\t<\/div>\n\t\t<div data-particle_enable=\"false\" data-particle-mobile-disabled=\"false\" class=\"elementor-element elementor-element-fa01cea e-flex e-con-boxed e-con e-parent\" data-id=\"fa01cea\" data-element_type=\"container\" data-e-type=\"container\">\n\t\t\t\t\t<div class=\"e-con-inner\">\n\t\t\t\t<div class=\"elementor-element elementor-element-f2226b0 elementor-widget elementor-widget-text-editor\" data-id=\"f2226b0\" data-element_type=\"widget\" data-e-type=\"widget\" data-widget_type=\"text-editor.default\">\n\t\t\t\t\t\t\t\t\t<div><strong>\u2022 Escucha a tu cuerpo y mente:<\/strong> Aprender a reconocer las se\u00f1ales de cansancio f\u00edsico y mental es clave para evitar el agotamiento. Tomarse pausas regulares durante el d\u00eda, aunque sean cortas, es m\u00e1s efectivo que trabajar hasta el agotamiento.<\/div><div><strong>\u2022Organiza tu tiempo de descanso:<\/strong> No esperes a sentirte exhausto para descansar. Incorporar pausas programadas a tu d\u00eda, como tiempos para estiramientos o minutos de relajaci\u00f3n, ayuda a mantener el equilibrio.<\/div><div><strong>\u2022No te sientas culpable por descansar:<\/strong> Una de las mayores barreras para descansar es la culpa de sentir que estamos perdiendo el tiempo. Es fundamental entender que el descanso es parte de la productividad, no su enemigo. Sin descanso, el rendimiento a largo plazo se deteriora.<\/div>\t\t\t\t\t\t\t\t<\/div>\n\t\t\t\t\t<\/div>\n\t\t\t\t<\/div>\n\t\t<div data-particle_enable=\"false\" data-particle-mobile-disabled=\"false\" class=\"elementor-element elementor-element-204b1a5 e-flex e-con-boxed e-con e-parent\" data-id=\"204b1a5\" data-element_type=\"container\" data-e-type=\"container\">\n\t\t\t\t\t<div class=\"e-con-inner\">\n\t\t\t\t<div class=\"elementor-element elementor-element-dc52ee1 elementor-widget elementor-widget-text-editor\" data-id=\"dc52ee1\" data-element_type=\"widget\" data-e-type=\"widget\" data-widget_type=\"text-editor.default\">\n\t\t\t\t\t\t\t\t\t<p><a href=\"https:\/\/soymigrante.com\/revista\/category\/mejor\/\" target=\"_blank\" rel=\"noopener\">Saber cu\u00e1ndo y c\u00f3mo descansar es una habilidad que debemos desarrollar para preservar nuestra salud f\u00edsica y mental.<\/a> Las se\u00f1ales de agotamiento son una advertencia de que nuestro cuerpo y mente necesitan tiempo para recuperarse. Incorporar descansos regulares y adoptar pr\u00e1cticas de relajaci\u00f3n son claves para mantener un equilibrio saludable entre productividad y bienestar. Al final del d\u00eda, descansar no solo es necesario, sino una inversi\u00f3n en nuestra calidad de vida.<\/p>\t\t\t\t\t\t\t\t<\/div>\n\t\t\t\t\t<\/div>\n\t\t\t\t<\/div>\n\t\t<div data-particle_enable=\"false\" data-particle-mobile-disabled=\"false\" class=\"elementor-element elementor-element-0a257e0 e-flex e-con-boxed e-con e-parent\" data-id=\"0a257e0\" data-element_type=\"container\" data-e-type=\"container\">\n\t\t\t\t\t<div class=\"e-con-inner\">\n\t\t\t\t<div class=\"elementor-element elementor-element-c35c230 elementor-widget elementor-widget-video\" data-id=\"c35c230\" data-element_type=\"widget\" data-e-type=\"widget\" data-settings=\"{&quot;youtube_url&quot;:&quot;https:\\\/\\\/www.youtube.com\\\/watch?v=v-0_rUW1VvM&quot;,&quot;video_type&quot;:&quot;youtube&quot;,&quot;controls&quot;:&quot;yes&quot;}\" data-widget_type=\"video.default\">\n\t\t\t\t\t\t\t<div class=\"elementor-wrapper elementor-open-inline\">\n\t\t\t<div class=\"elementor-video\"><\/div>\t\t<\/div>\n\t\t\t\t\t\t<\/div>\n\t\t\t\t\t<\/div>\n\t\t\t\t<\/div>\n\t\t<div data-particle_enable=\"false\" data-particle-mobile-disabled=\"false\" class=\"elementor-element elementor-element-fd613c6 e-flex e-con-boxed e-con e-parent\" data-id=\"fd613c6\" data-element_type=\"container\" data-e-type=\"container\">\n\t\t\t\t\t<div class=\"e-con-inner\">\n\t\t\t\t<div class=\"elementor-element elementor-element-a856852 elementor-widget elementor-widget-heading\" data-id=\"a856852\" data-element_type=\"widget\" data-e-type=\"widget\" data-widget_type=\"heading.default\">\n\t\t\t\t\t<h2 class=\"elementor-heading-title elementor-size-default\">Te puede interesar...<\/h2>\t\t\t\t<\/div>\n\t\t\t\t\t<\/div>\n\t\t\t\t<\/div>\n\t\t<div data-particle_enable=\"false\" data-particle-mobile-disabled=\"false\" class=\"elementor-element elementor-element-1829be9 e-flex e-con-boxed e-con e-parent\" data-id=\"1829be9\" data-element_type=\"container\" data-e-type=\"container\">\n\t\t\t\t\t<div class=\"e-con-inner\">\n\t\t\t\t<div class=\"elementor-element elementor-element-76801f8 elementor-widget elementor-widget-blfe-post-grid\" data-id=\"76801f8\" data-element_type=\"widget\" data-e-type=\"widget\" data-settings=\"{&quot;columns&quot;:&quot;3&quot;,&quot;columns_tablet&quot;:&quot;6&quot;,&quot;columns_mobile&quot;:&quot;12&quot;,&quot;hero1_layout_column_gap&quot;:{&quot;unit&quot;:&quot;px&quot;,&quot;size&quot;:30,&quot;sizes&quot;:[]},&quot;hero1_layout_column_gap_tablet&quot;:{&quot;unit&quot;:&quot;px&quot;,&quot;size&quot;:&quot;&quot;,&quot;sizes&quot;:[]},&quot;hero1_layout_column_gap_mobile&quot;:{&quot;unit&quot;:&quot;px&quot;,&quot;size&quot;:&quot;&quot;,&quot;sizes&quot;:[]},&quot;hero1_layout_row_gap&quot;:{&quot;unit&quot;:&quot;px&quot;,&quot;size&quot;:30,&quot;sizes&quot;:[]},&quot;hero1_layout_row_gap_tablet&quot;:{&quot;unit&quot;:&quot;px&quot;,&quot;size&quot;:&quot;&quot;,&quot;sizes&quot;:[]},&quot;hero1_layout_row_gap_mobile&quot;:{&quot;unit&quot;:&quot;px&quot;,&quot;size&quot;:&quot;&quot;,&quot;sizes&quot;:[]}}\" data-widget_type=\"blfe-post-grid.hero1\">\n\t\t\t\t<div class=\"elementor-widget-container\">\n\t\t\t\t\t\n                        <div class=\"blfe-post-grid-container \">\n            \n                <div data-skin=\"hero1\" class=\"blfe-row blfe-posts-inner blfe-hero1 blfe-posts-inner blfe-col-3 blfe-col-tab-6 blfe-col-mob-12     \">\n                            <div class=\"blfe-post-grid-item\">\n            <div class=\"blfe-post-grid-item-inner blfe-modern-zoom\">\n                        <div class=\"blfe-post-grid-bg-image\">\n            <a class=\"blfe-post-grid-image-inner\" href=\"https:\/\/soymigrante.com\/revista\/que-belleza-las-7-cascadas-mas-impresionantes-de-guatemala\/\" title=\"Siete cascadas emblem\u00e1ticas de Guatemala  \u00bfCu\u00e1les conoces?\" rel=\"nofollow\" target=\"_blank\"><img decoding=\"async\" src=\"https:\/\/soymigrante.com\/revista\/wp-content\/uploads\/2024\/10\/jolotes-abel-juarez-e1729266704972.webp\" alt=\"Siete cascadas emblem\u00e1ticas de Guatemala  \u00bfCu\u00e1les conoces?\"\/><\/a>        <\/div>\n                        <div class=\"blfe-post-grid-details\">\n                    <div class=\"blfe-post-grid-details-inner\">\n                        <span class=\"blfe-post-category\"><a href=\"https:\/\/soymigrante.com\/revista\/category\/guate-nuestra\/\">Guate Nuestra<\/a><\/span>                        <h3 class=\"blfe-post-grid-title\">\n            <a href=\"https:\/\/soymigrante.com\/revista\/que-belleza-las-7-cascadas-mas-impresionantes-de-guatemala\/\" title=\"Siete cascadas emblem\u00e1ticas de Guatemala  \u00bfCu\u00e1les conoces?\" rel=\"nofollow\" target=\"_blank\">Siete cascadas emblem\u00e1ticas de Guatemala  \u00bfCu\u00e1les conoces?<\/a>\n            <\/h3>                                                            <div class=\"blfe-post-grid-meta\">\n                <span class=\"blfe-post-grid-time\"><i class=\"fas fa-book-reader\"><\/i>5 Min read<\/span>            <\/div>\n                                                        <\/div>\n                <\/div>\n\n            <\/div>\n        <\/div>\n                <div class=\"blfe-post-grid-item\">\n            <div class=\"blfe-post-grid-item-inner blfe-modern-zoom\">\n                        <div class=\"blfe-post-grid-bg-image\">\n            <a class=\"blfe-post-grid-image-inner\" href=\"https:\/\/soymigrante.com\/revista\/marbel-ofrece-cafe-de-las-altas-montanas-de-san-miguel-acatan-huehuetenango\/\" title=\"Marbel ofrece caf\u00e9 de las altas monta\u00f1as de San Miguel Acat\u00e1n, Huehuetenango\" rel=\"nofollow\" target=\"_blank\"><img decoding=\"async\" src=\"https:\/\/soymigrante.com\/revista\/wp-content\/uploads\/2025\/09\/cafe-marbel-acatan-huehuetenango-soymigrante-MERCADO.png\" alt=\"Marbel ofrece caf\u00e9 de las altas monta\u00f1as de San Miguel Acat\u00e1n, Huehuetenango\"\/><\/a>        <\/div>\n                        <div class=\"blfe-post-grid-details\">\n                    <div class=\"blfe-post-grid-details-inner\">\n                        <span class=\"blfe-post-category\"><a href=\"https:\/\/soymigrante.com\/revista\/category\/guate-nuestra\/\">Guate Nuestra<\/a><\/span>                        <h3 class=\"blfe-post-grid-title\">\n            <a href=\"https:\/\/soymigrante.com\/revista\/marbel-ofrece-cafe-de-las-altas-montanas-de-san-miguel-acatan-huehuetenango\/\" title=\"Marbel ofrece caf\u00e9 de las altas monta\u00f1as de San Miguel Acat\u00e1n, Huehuetenango\" rel=\"nofollow\" target=\"_blank\">Marbel ofrece caf\u00e9 de las altas monta\u00f1as de San Miguel Acat\u00e1n, Huehuetenango<\/a>\n            <\/h3>                                                            <div class=\"blfe-post-grid-meta\">\n                <span class=\"blfe-post-grid-time\"><i class=\"fas fa-book-reader\"><\/i>4 Min read<\/span>            <\/div>\n                                                        <\/div>\n                <\/div>\n\n            <\/div>\n        <\/div>\n                <div class=\"blfe-post-grid-item\">\n            <div class=\"blfe-post-grid-item-inner blfe-modern-zoom\">\n                        <div class=\"blfe-post-grid-bg-image\">\n            <a class=\"blfe-post-grid-image-inner\" href=\"https:\/\/soymigrante.com\/revista\/danzas-de-guatemala-el-baile-de-los-animalitos-fusiona-alegria-devocion-y-cosmovision-ancestral\/\" title=\"Danzas de Guatemala: El Baile de Los Animalitos fusiona alegr\u00eda, devoci\u00f3n y cosmovisi\u00f3n ancestral\" rel=\"nofollow\" target=\"_blank\"><img decoding=\"async\" src=\"https:\/\/soymigrante.com\/revista\/wp-content\/uploads\/2026\/02\/baile-de-los-animalitos-2.png\" alt=\"Danzas de Guatemala: El Baile de Los Animalitos fusiona alegr\u00eda, devoci\u00f3n y cosmovisi\u00f3n ancestral\"\/><\/a>        <\/div>\n                        <div class=\"blfe-post-grid-details\">\n                    <div class=\"blfe-post-grid-details-inner\">\n                        <span class=\"blfe-post-category\"><a href=\"https:\/\/soymigrante.com\/revista\/category\/guate-nuestra\/arte-cultura\/\">Cultura de Guatemala<\/a><\/span>                        <h3 class=\"blfe-post-grid-title\">\n            <a href=\"https:\/\/soymigrante.com\/revista\/danzas-de-guatemala-el-baile-de-los-animalitos-fusiona-alegria-devocion-y-cosmovision-ancestral\/\" title=\"Danzas de Guatemala: El Baile de Los Animalitos fusiona alegr\u00eda, devoci\u00f3n y cosmovisi\u00f3n ancestral\" rel=\"nofollow\" target=\"_blank\">Danzas de Guatemala: El Baile de Los Animalitos fusiona alegr\u00eda, devoci\u00f3n y cosmovisi\u00f3n ancestral<\/a>\n            <\/h3>                                                            <div class=\"blfe-post-grid-meta\">\n                <span class=\"blfe-post-grid-time\"><i class=\"fas fa-book-reader\"><\/i>6 Min read<\/span>            <\/div>\n                                                        <\/div>\n                <\/div>\n\n            <\/div>\n        <\/div>\n                        <\/div>\n\n                        <\/div>\n            \n                        <div class=\"blfe-post-footer\">\n                        <\/div>\n            \t\t\t\t<\/div>\n\t\t\t\t<\/div>\n\t\t\t\t\t<\/div>\n\t\t\t\t<\/div>\n\t\t\t\t<\/div>\n\t\t","protected":false},"excerpt":{"rendered":"<p>Saber cu\u00e1ndo y c\u00f3mo descansar es clave para preservar tanto el bienestar f\u00edsico como el mental. En un mundo que constantemente demanda productividad y resultados inmediatos, el descanso se ha vuelto un lujo que muchos se niegan a concederse. Sin embargo, descansar no es un signo de debilidad o falta de ambici\u00f3n, sino una necesidad [&hellip;]<\/p>\n","protected":false},"author":19,"featured_media":10378,"comment_status":"open","ping_status":"open","sticky":false,"template":"","format":"standard","meta":{"_acf_changed":false,"_eb_attr":"","footnotes":""},"categories":[55],"tags":[],"class_list":["post-10377","post","type-post","status-publish","format-standard","has-post-thumbnail","hentry","category-bienestar"],"acf":[],"aioseo_notices":[],"aioseo_head":"\n\t\t<!-- All in One SEO Pro 4.9.6.2 - aioseo.com -->\n\t<meta name=\"description\" content=\"En Rabinal y Cubulco este baile tradicional que evoca fiesta, fe y respeto a la Naturaleza. Tambi\u00e9n hay danzas parecidas en otros lugares de Guatemala\" \/>\n\t<meta name=\"robots\" content=\"max-snippet:-1, max-image-preview:large, max-video-preview:-1\" \/>\n\t<meta name=\"author\" content=\"SoyMigrante.com REVISTA\"\/>\n\t<link rel=\"canonical\" href=\"https:\/\/soymigrante.com\/revista\/danzas-de-guatemala-el-baile-de-los-animalitos-fusiona-alegria-devocion-y-cosmovision-ancestral\/\" \/>\n\t<meta name=\"generator\" content=\"All in One SEO Pro (AIOSEO) 4.9.6.2\" \/>\n\n\t\t<link rel=\"preconnect\" href=\"https:\/\/fonts.googleapis.com\" crossorigin>\n<link rel=\"preconnect\" href=\"https:\/\/fonts.gstatic.com\" crossorigin>\n\t\t<meta property=\"og:locale\" content=\"es_ES\" \/>\n\t\t<meta property=\"og:site_name\" content=\"SoyMigrante.com REVISTA \u2013 Nuestra misi\u00f3n es reconocer y dignificar al migrante.\" \/>\n\t\t<meta property=\"og:type\" content=\"article\" \/>\n\t\t<meta property=\"og:title\" content=\"Danzas de Guatemala: el alegre Baile de los Animalitos\" \/>\n\t\t<meta property=\"og:description\" content=\"En Rabinal y Cubulco este baile tradicional que evoca fiesta, fe y respeto a la Naturaleza. Tambi\u00e9n hay danzas parecidas en otros lugares de Guatemala\" \/>\n\t\t<meta property=\"og:url\" content=\"https:\/\/soymigrante.com\/revista\/danzas-de-guatemala-el-baile-de-los-animalitos-fusiona-alegria-devocion-y-cosmovision-ancestral\/\" \/>\n\t\t<meta property=\"og:image\" content=\"https:\/\/soymigrante.com\/revista\/wp-content\/uploads\/2026\/02\/baile-de-los-animalitos-2.png\" \/>\n\t\t<meta property=\"og:image:secure_url\" content=\"https:\/\/soymigrante.com\/revista\/wp-content\/uploads\/2026\/02\/baile-de-los-animalitos-2.png\" \/>\n\t\t<meta property=\"og:image:width\" content=\"744\" \/>\n\t\t<meta property=\"og:image:height\" content=\"744\" \/>\n\t\t<meta property=\"article:published_time\" content=\"2026-02-04T19:40:15+00:00\" \/>\n\t\t<meta property=\"article:modified_time\" content=\"2026-02-05T01:34:27+00:00\" \/>\n\t\t<meta property=\"article:publisher\" content=\"https:\/\/www.facebook.com\/soymigrantecom\" \/>\n\t\t<meta name=\"twitter:card\" content=\"summary_large_image\" \/>\n\t\t<meta name=\"twitter:site\" content=\"@SoyMigrante_com\" \/>\n\t\t<meta name=\"twitter:title\" content=\"Danzas de Guatemala: el alegre Baile de los Animalitos\" \/>\n\t\t<meta name=\"twitter:description\" content=\"En Rabinal y Cubulco este baile tradicional que evoca fiesta, fe y respeto a la Naturaleza. Tambi\u00e9n hay danzas parecidas en otros lugares de Guatemala\" \/>\n\t\t<meta name=\"twitter:creator\" content=\"@SoyMigrante_com\" \/>\n\t\t<meta name=\"twitter:image\" content=\"https:\/\/soymigrante.com\/revista\/wp-content\/uploads\/2026\/02\/baile-de-los-animalitos-2.png\" \/>\n\t\t<!-- All in One SEO Pro -->\r\n\t\t<title>Danzas de Guatemala: el alegre Baile de los Animalitos<\/title>\n\n","aioseo_head_json":{"title":"Danzas de Guatemala: el alegre Baile de los Animalitos","description":"En Rabinal y Cubulco este baile tradicional que evoca fiesta, fe y respeto a la Naturaleza. Tambi\u00e9n hay danzas parecidas en otros lugares de Guatemala","canonical_url":"https:\/\/soymigrante.com\/revista\/danzas-de-guatemala-el-baile-de-los-animalitos-fusiona-alegria-devocion-y-cosmovision-ancestral\/","robots":"max-snippet:-1, max-image-preview:large, max-video-preview:-1","keywords":"","webmasterTools":{"miscellaneous":"&lt;link rel=\"preconnect\" href=\"https:\/\/fonts.googleapis.com\" crossorigin&gt;\n&lt;link rel=\"preconnect\" href=\"https:\/\/fonts.gstatic.com\" crossorigin&gt;"},"schema":null,"og:locale":"es_ES","og:site_name":"SoyMigrante.com REVISTA \u2013 Nuestra misi\u00f3n es reconocer y dignificar al migrante.","og:type":"article","og:title":"Danzas de Guatemala: el alegre Baile de los Animalitos","og:description":"En Rabinal y Cubulco este baile tradicional que evoca fiesta, fe y respeto a la Naturaleza. Tambi\u00e9n hay danzas parecidas en otros lugares de Guatemala","og:url":"https:\/\/soymigrante.com\/revista\/danzas-de-guatemala-el-baile-de-los-animalitos-fusiona-alegria-devocion-y-cosmovision-ancestral\/","og:image":"https:\/\/soymigrante.com\/revista\/wp-content\/uploads\/2026\/02\/baile-de-los-animalitos-2.png","og:image:secure_url":"https:\/\/soymigrante.com\/revista\/wp-content\/uploads\/2026\/02\/baile-de-los-animalitos-2.png","og:image:width":744,"og:image:height":744,"article:published_time":"2026-02-04T19:40:15+00:00","article:modified_time":"2026-02-05T01:34:27+00:00","article:publisher":"https:\/\/www.facebook.com\/soymigrantecom","twitter:card":"summary_large_image","twitter:site":"@SoyMigrante_com","twitter:title":"Danzas de Guatemala: el alegre Baile de los Animalitos","twitter:description":"En Rabinal y Cubulco este baile tradicional que evoca fiesta, fe y respeto a la Naturaleza. Tambi\u00e9n hay danzas parecidas en otros lugares de Guatemala","twitter:creator":"@SoyMigrante_com","twitter:image":"https:\/\/soymigrante.com\/revista\/wp-content\/uploads\/2026\/02\/baile-de-los-animalitos-2.png"},"aioseo_meta_data":{"post_id":"10377","title":null,"description":"Saber cu\u00e1ndo y c\u00f3mo descansar es clave para preservar tanto el bienestar f\u00edsico como el mental.","keywords":null,"keyphrases":{"focus":{"keyphrase":"descansar","score":100,"analysis":{"keyphraseInTitle":{"score":9,"maxScore":9,"error":0},"keyphraseInDescription":{"score":9,"maxScore":9,"error":0},"keyphraseLength":{"score":9,"maxScore":9,"error":0,"length":1},"keyphraseInURL":{"score":5,"maxScore":5,"error":0},"keyphraseInIntroduction":{"score":9,"maxScore":9,"error":0},"keyphraseInSubHeadings":{"score":9,"maxScore":9,"error":0},"keyphraseInImageAlt":{"score":9,"maxScore":9,"error":0},"keywordDensity":{"type":"best","score":9,"maxScore":9,"error":0}}},"additional":[{"keyphrase":"importancia","score":53,"analysis":{"keyphraseInDescription":{"score":3,"maxScore":9,"error":1},"keyphraseLength":{"score":9,"maxScore":9,"error":0,"length":1},"keyphraseInIntroduction":{"score":3,"maxScore":9,"error":1},"keyphraseInImageAlt":{"score":9,"maxScore":9,"error":0},"keywordDensity":{"score":0,"type":"low","maxScore":9,"error":1}}},{"keyphrase":"descansar","score":100,"analysis":{"keyphraseInDescription":{"score":9,"maxScore":9,"error":0},"keyphraseLength":{"score":9,"maxScore":9,"error":0,"length":1},"keyphraseInIntroduction":{"score":9,"maxScore":9,"error":0},"keyphraseInImageAlt":{"score":9,"maxScore":9,"error":0},"keywordDensity":{"type":"best","score":9,"maxScore":9,"error":0}}}]},"primary_term":null,"canonical_url":null,"og_title":null,"og_description":null,"og_object_type":"default","og_image_type":"default","og_image_url":null,"og_image_width":null,"og_image_height":null,"og_image_custom_url":null,"og_image_custom_fields":null,"og_video":"","og_custom_url":null,"og_article_section":null,"og_article_tags":null,"twitter_use_og":false,"twitter_card":"default","twitter_image_type":"default","twitter_image_url":null,"twitter_image_custom_url":null,"twitter_image_custom_fields":null,"twitter_title":null,"twitter_description":null,"schema":{"blockGraphs":[],"customGraphs":[],"default":{"data":{"Article":[],"Course":[],"Dataset":[],"FAQPage":[],"Movie":[],"Person":[],"Product":[],"ProductReview":[],"Car":[],"Recipe":[],"Service":[],"SoftwareApplication":[],"WebPage":[]},"graphName":"Article","isEnabled":true},"graphs":[]},"schema_type":"default","schema_type_options":null,"pillar_content":false,"robots_default":true,"robots_noindex":false,"robots_noarchive":false,"robots_nosnippet":false,"robots_nofollow":false,"robots_noimageindex":false,"robots_noodp":false,"robots_notranslate":false,"robots_max_snippet":"-1","robots_max_videopreview":"-1","robots_max_imagepreview":"large","priority":null,"frequency":"default","local_seo":null,"seo_analyzer_scan_date":"2025-10-08 23:42:06","breadcrumb_settings":null,"limit_modified_date":false,"reviewed_by":null,"open_ai":"{\"title\":{\"suggestions\":[],\"usage\":0},\"description\":{\"suggestions\":[],\"usage\":0}}","ai":null,"created":"2024-10-15 18:33:59","updated":"2026-02-04 15:02:43"},"aioseo_breadcrumb":"<div class=\"aioseo-breadcrumbs\"><span class=\"aioseo-breadcrumb\">\n\t<a href=\"https:\/\/soymigrante.com\/revista\" title=\"Home\">Home<\/a>\n<\/span><span class=\"aioseo-breadcrumb-separator\">\u00bb<\/span><span class=\"aioseo-breadcrumb\">\n\t<a href=\"https:\/\/soymigrante.com\/revista\/category\/bienestar\/\" title=\"Bienestar\">Bienestar<\/a>\n<\/span><span class=\"aioseo-breadcrumb-separator\">\u00bb<\/span><span class=\"aioseo-breadcrumb\">\n\tLa importancia de descansar: cuerpo y mente piden pausa\n<\/span><\/div>","aioseo_breadcrumb_json":[{"label":"Home","link":"https:\/\/soymigrante.com\/revista"},{"label":"Bienestar","link":"https:\/\/soymigrante.com\/revista\/category\/bienestar\/"},{"label":"La importancia de descansar: cuerpo y mente piden pausa","link":"https:\/\/soymigrante.com\/revista\/la-importancia-de-descansar-cuerpo-y-mente-piden-pausa\/"}],"_links":{"self":[{"href":"https:\/\/soymigrante.com\/revista\/wp-json\/wp\/v2\/posts\/10377","targetHints":{"allow":["GET"]}}],"collection":[{"href":"https:\/\/soymigrante.com\/revista\/wp-json\/wp\/v2\/posts"}],"about":[{"href":"https:\/\/soymigrante.com\/revista\/wp-json\/wp\/v2\/types\/post"}],"author":[{"embeddable":true,"href":"https:\/\/soymigrante.com\/revista\/wp-json\/wp\/v2\/users\/19"}],"replies":[{"embeddable":true,"href":"https:\/\/soymigrante.com\/revista\/wp-json\/wp\/v2\/comments?post=10377"}],"version-history":[{"count":0,"href":"https:\/\/soymigrante.com\/revista\/wp-json\/wp\/v2\/posts\/10377\/revisions"}],"wp:featuredmedia":[{"embeddable":true,"href":"https:\/\/soymigrante.com\/revista\/wp-json\/wp\/v2\/media\/10378"}],"wp:attachment":[{"href":"https:\/\/soymigrante.com\/revista\/wp-json\/wp\/v2\/media?parent=10377"}],"wp:term":[{"taxonomy":"category","embeddable":true,"href":"https:\/\/soymigrante.com\/revista\/wp-json\/wp\/v2\/categories?post=10377"},{"taxonomy":"post_tag","embeddable":true,"href":"https:\/\/soymigrante.com\/revista\/wp-json\/wp\/v2\/tags?post=10377"}],"curies":[{"name":"wp","href":"https:\/\/api.w.org\/{rel}","templated":true}]}}