{"id":10362,"date":"2025-10-08T10:00:00","date_gmt":"2025-10-08T16:00:00","guid":{"rendered":"https:\/\/soymigrante.com\/revista\/?p=10362"},"modified":"2025-10-08T09:04:39","modified_gmt":"2025-10-08T15:04:39","slug":"un-tema-dificil-que-hacer-para-repatriar-un-cuerpo-desde-usa-a-guatemala","status":"publish","type":"post","link":"https:\/\/soymigrante.com\/revista\/un-tema-dificil-que-hacer-para-repatriar-un-cuerpo-desde-usa-a-guatemala\/","title":{"rendered":"Un tema dif\u00edcil: \u00bfQu\u00e9 hacer para repatriar un cuerpo desde USA a Guatemala?"},"content":{"rendered":"\t\t<div data-elementor-type=\"wp-post\" data-elementor-id=\"10362\" class=\"elementor elementor-10362\" data-elementor-post-type=\"post\">\n\t\t\t\t<div data-particle_enable=\"false\" data-particle-mobile-disabled=\"false\" class=\"elementor-element elementor-element-faf97d4 e-flex e-con-boxed e-con e-parent\" data-id=\"faf97d4\" data-element_type=\"container\" data-e-type=\"container\">\n\t\t\t\t\t<div class=\"e-con-inner\">\n\t\t\t\t<div class=\"elementor-element elementor-element-1deffab elementor-widget elementor-widget-heading\" data-id=\"1deffab\" data-element_type=\"widget\" data-e-type=\"widget\" data-widget_type=\"heading.default\">\n\t\t\t\t\t<h2 class=\"elementor-heading-title elementor-size-default\">Te compartimos una gu\u00eda sobre el proceso de repatriaci\u00f3n de un cuerpo de Estados Unidos a Guatemala. \n<\/h2>\t\t\t\t<\/div>\n\t\t\t\t\t<\/div>\n\t\t\t\t<\/div>\n\t\t<div data-particle_enable=\"false\" data-particle-mobile-disabled=\"false\" class=\"elementor-element elementor-element-e77f783 e-flex e-con-boxed e-con e-parent\" data-id=\"e77f783\" data-element_type=\"container\" data-e-type=\"container\">\n\t\t\t\t\t<div class=\"e-con-inner\">\n\t\t\t\t<div class=\"elementor-element elementor-element-e17f45c elementor-widget elementor-widget-text-editor\" data-id=\"e17f45c\" data-element_type=\"widget\" data-e-type=\"widget\" data-widget_type=\"text-editor.default\">\n\t\t\t\t\t\t\t\t\t<p>El fallecimiento de un familiar o amigo es un dolor inigualable que lamentablemente sucede en cualquier momento y lugar. Te compartimos esta gu\u00eda para que conozcas cu\u00e1l es el proceso que debes seguir para repatriar un cuerpo desde Estados Unidos.<\/p><p>Es importante resaltar que el proceso de una repatriaci\u00f3n de una persona en estado irregular puede ser m\u00e1s tardado, ya que identificar el mismo y comunicarlo a la familia para efectuar los tr\u00e1mites llevar\u00e1 m\u00e1s tiempo.<\/p>\t\t\t\t\t\t\t\t<\/div>\n\t\t\t\t\t<\/div>\n\t\t\t\t<\/div>\n\t\t<div data-particle_enable=\"false\" data-particle-mobile-disabled=\"false\" class=\"elementor-element elementor-element-c4e006a e-flex e-con-boxed e-con e-parent\" data-id=\"c4e006a\" data-element_type=\"container\" data-e-type=\"container\">\n\t\t\t\t\t<div class=\"e-con-inner\">\n\t\t\t\t<div class=\"elementor-element elementor-element-558989d elementor-widget elementor-widget-image\" data-id=\"558989d\" data-element_type=\"widget\" data-e-type=\"widget\" data-widget_type=\"image.default\">\n\t\t\t\t\t\t\t\t\t\t\t\t<figure class=\"wp-caption\">\n\t\t\t\t\t\t\t\t\t\t<img fetchpriority=\"high\" decoding=\"async\" width=\"1024\" height=\"682\" src=\"https:\/\/soymigrante.com\/revista\/wp-content\/uploads\/2024\/10\/Minex-1024x682.webp\" class=\"attachment-large size-large wp-image-10363\" alt=\"Oficina del Ministerio de Relaciones Exteriores en M\u00e9xico, infraestructura gubernamental y sede oficial.\" srcset=\"https:\/\/soymigrante.com\/revista\/wp-content\/uploads\/2024\/10\/Minex-1024x682.webp 1024w, https:\/\/soymigrante.com\/revista\/wp-content\/uploads\/2024\/10\/Minex-300x200.webp 300w, https:\/\/soymigrante.com\/revista\/wp-content\/uploads\/2024\/10\/Minex-768x512.webp 768w, https:\/\/soymigrante.com\/revista\/wp-content\/uploads\/2024\/10\/Minex-750x500.webp 750w, https:\/\/soymigrante.com\/revista\/wp-content\/uploads\/2024\/10\/Minex-1140x759.webp 1140w, https:\/\/soymigrante.com\/revista\/wp-content\/uploads\/2024\/10\/Minex.webp 1536w\" sizes=\"(max-width: 1024px) 100vw, 1024px\" title=\"Minex \u2013 SoyMigrante.com REVISTA\" \/>\t\t\t\t\t\t\t\t\t\t\t<figcaption class=\"widget-image-caption wp-caption-text\">Entrada principal al Ministerio de Relaciones Exteriores en M\u00e9xico, edificio institucional de relaciones exteriores y pol\u00edtica exterior.<\/figcaption>\n\t\t\t\t\t\t\t\t\t\t<\/figure>\n\t\t\t\t\t\t\t\t\t<\/div>\n\t\t\t\t\t<\/div>\n\t\t\t\t<\/div>\n\t\t<div data-particle_enable=\"false\" data-particle-mobile-disabled=\"false\" class=\"elementor-element elementor-element-b8d3d0f e-flex e-con-boxed e-con e-parent\" data-id=\"b8d3d0f\" data-element_type=\"container\" data-e-type=\"container\">\n\t\t\t\t\t<div class=\"e-con-inner\">\n\t\t\t\t<div class=\"elementor-element elementor-element-2935c9b elementor-widget elementor-widget-heading\" data-id=\"2935c9b\" data-element_type=\"widget\" data-e-type=\"widget\" data-widget_type=\"heading.default\">\n\t\t\t\t\t<h3 class=\"elementor-heading-title elementor-size-default\">Qu\u00e9 es la repatriaci\u00f3n<\/h3>\t\t\t\t<\/div>\n\t\t\t\t\t<\/div>\n\t\t\t\t<\/div>\n\t\t<div data-particle_enable=\"false\" data-particle-mobile-disabled=\"false\" class=\"elementor-element elementor-element-9a6b32e e-flex e-con-boxed e-con e-parent\" data-id=\"9a6b32e\" data-element_type=\"container\" data-e-type=\"container\">\n\t\t\t\t\t<div class=\"e-con-inner\">\n\t\t\t\t<div class=\"elementor-element elementor-element-8ab4963 elementor-widget elementor-widget-text-editor\" data-id=\"8ab4963\" data-element_type=\"widget\" data-e-type=\"widget\" data-widget_type=\"text-editor.default\">\n\t\t\t\t\t\t\t\t\t<p>Es la devoluci\u00f3n de una persona de forma voluntaria o forzada a su pa\u00eds de origen, refiere el Minex. A nivel migratorio aplica para refugiados, solicitantes de asilo o migrantes.\u00a0<a href=\"https:\/\/www.minex.gob.gt\/Visor_Pagina.aspx?PaginaID=152\" target=\"_blank\" rel=\"noopener\">El Minex<\/a>\u00a0tambi\u00e9n a\u00f1ade que se utiliza este t\u00e9rmino para devolver un activo o art\u00edculo simb\u00f3lico.<\/p><p>En Guatemala este es un proceso para \u201cel retorno al pa\u00eds de los restos mortales de connacionales, en su mayor\u00eda migrante\u201d, explica el Minex.<\/p><p>\u00a0<\/p>\t\t\t\t\t\t\t\t<\/div>\n\t\t\t\t\t<\/div>\n\t\t\t\t<\/div>\n\t\t<div data-particle_enable=\"false\" data-particle-mobile-disabled=\"false\" class=\"elementor-element elementor-element-a4f3c5a e-flex e-con-boxed e-con e-parent\" data-id=\"a4f3c5a\" data-element_type=\"container\" data-e-type=\"container\">\n\t\t\t\t\t<div class=\"e-con-inner\">\n\t\t\t\t<div class=\"elementor-element elementor-element-c6794c7 elementor-widget elementor-widget-heading\" data-id=\"c6794c7\" data-element_type=\"widget\" data-e-type=\"widget\" data-widget_type=\"heading.default\">\n\t\t\t\t\t<h3 class=\"elementor-heading-title elementor-size-default\">T\u00f3malo en cuenta<\/h3>\t\t\t\t<\/div>\n\t\t\t\t\t<\/div>\n\t\t\t\t<\/div>\n\t\t<div data-particle_enable=\"false\" data-particle-mobile-disabled=\"false\" class=\"elementor-element elementor-element-0b51bdf e-flex e-con-boxed e-con e-parent\" data-id=\"0b51bdf\" data-element_type=\"container\" data-e-type=\"container\">\n\t\t\t\t\t<div class=\"e-con-inner\">\n\t\t\t\t<div class=\"elementor-element elementor-element-84b7eb7 elementor-widget elementor-widget-text-editor\" data-id=\"84b7eb7\" data-element_type=\"widget\" data-e-type=\"widget\" data-widget_type=\"text-editor.default\">\n\t\t\t\t\t\t\t\t\t<p>El primer paso es que el familiar del migrante fallecido acuda a una oficina de la Misi\u00f3n Diplom\u00e1tica, Consular, Minex o delegaci\u00f3n regional de la canciller\u00eda para solicitar apoyo y\/o notificar del deceso para la repatriaci\u00f3n de los restos. <\/p><ul><li>En Estados Unidos la Canciller\u00eda tiene a disposici\u00f3n 25 consulados.\u00a0<a href=\"https:\/\/www.minex.gob.gt\/Visor_Pagina.aspx?PaginaID=1200\" target=\"_blank\" rel=\"noopener\">Consulta cu\u00e1l est\u00e1 en tu localidad.\u00a0<\/a><\/li><li>Si eres familiar del fallecido y vives en Guatemala,\u00a0<a href=\"https:\/\/www.minex.gob.gt\/Visor_Pagina.aspx?PaginaID=185\" target=\"_blank\" rel=\"noopener\">consulta d\u00f3nde est\u00e1n las delegaciones regionales.\u00a0<\/a><br \/>La persona encargada efectuar\u00e1 una entrevista, revisar\u00e1 la documentaci\u00f3n y completar\u00e1 la solicitud de apoyo y ficha econ\u00f3mica para evaluar si el caso lo amerita y as\u00ed proceder con el tr\u00e1mite.<\/li><\/ul>\t\t\t\t\t\t\t\t<\/div>\n\t\t\t\t\t<\/div>\n\t\t\t\t<\/div>\n\t\t<div data-particle_enable=\"false\" data-particle-mobile-disabled=\"false\" class=\"elementor-element elementor-element-12ed13c e-flex e-con-boxed e-con e-parent\" data-id=\"12ed13c\" data-element_type=\"container\" data-e-type=\"container\">\n\t\t\t\t\t<div class=\"e-con-inner\">\n\t\t\t\t<div class=\"elementor-element elementor-element-a100409 elementor-widget elementor-widget-image\" data-id=\"a100409\" data-element_type=\"widget\" data-e-type=\"widget\" data-widget_type=\"image.default\">\n\t\t\t\t\t\t\t\t\t\t\t\t<figure class=\"wp-caption\">\n\t\t\t\t\t\t\t\t\t\t<img decoding=\"async\" width=\"1024\" height=\"682\" src=\"https:\/\/soymigrante.com\/revista\/wp-content\/uploads\/2024\/10\/repatriacion-minex-soy-migrante-1024x682.webp\" class=\"attachment-large size-large wp-image-10364\" alt=\"Personas con mascarillas en aeropuerto, inmigrantes llegando, viaje internacional, seguridad sanitaria, movilidad migrante, Revista SoyMigrante.\" srcset=\"https:\/\/soymigrante.com\/revista\/wp-content\/uploads\/2024\/10\/repatriacion-minex-soy-migrante-1024x682.webp 1024w, https:\/\/soymigrante.com\/revista\/wp-content\/uploads\/2024\/10\/repatriacion-minex-soy-migrante-300x200.webp 300w, https:\/\/soymigrante.com\/revista\/wp-content\/uploads\/2024\/10\/repatriacion-minex-soy-migrante-768x512.webp 768w, https:\/\/soymigrante.com\/revista\/wp-content\/uploads\/2024\/10\/repatriacion-minex-soy-migrante-750x500.webp 750w, https:\/\/soymigrante.com\/revista\/wp-content\/uploads\/2024\/10\/repatriacion-minex-soy-migrante-1140x760.webp 1140w, https:\/\/soymigrante.com\/revista\/wp-content\/uploads\/2024\/10\/repatriacion-minex-soy-migrante.webp 1280w\" sizes=\"(max-width: 1024px) 100vw, 1024px\" title=\"repatriacion minex soy migrante \u2013 SoyMigrante.com REVISTA\" \/>\t\t\t\t\t\t\t\t\t\t\t<figcaption class=\"widget-image-caption wp-caption-text\">Migrantes en aeropuerto con mascarillas, viajando hacia formalidades internacionales, en entorno de control y seguridad.<\/figcaption>\n\t\t\t\t\t\t\t\t\t\t<\/figure>\n\t\t\t\t\t\t\t\t\t<\/div>\n\t\t\t\t\t<\/div>\n\t\t\t\t<\/div>\n\t\t<div data-particle_enable=\"false\" data-particle-mobile-disabled=\"false\" class=\"elementor-element elementor-element-f3f1c5b e-flex e-con-boxed e-con e-parent\" data-id=\"f3f1c5b\" data-element_type=\"container\" data-e-type=\"container\">\n\t\t\t\t\t<div class=\"e-con-inner\">\n\t\t\t\t<div class=\"elementor-element elementor-element-d3fbe91 elementor-widget elementor-widget-text-editor\" data-id=\"d3fbe91\" data-element_type=\"widget\" data-e-type=\"widget\" data-widget_type=\"text-editor.default\">\n\t\t\t\t\t\t\t\t\t<p><strong>El apoyo que la Canciller\u00eda facilita es:<\/strong><br \/>\u2022 Gastos funerarios<br \/>\u2022 Transporte, a\u00e9reo y terrestre<br \/>\u2022\u00a0<a href=\"https:\/\/soymigrante.com\/revista\/salud-preventiva-enfermedades-cronicas-afectan-mas-a-hombres-en-usa\/\" target=\"_blank\" rel=\"noopener\">Ex\u00e1menes m\u00e9dicos<\/a>\u00a0y de laboratorio<br \/>\u2022 Asistencia consular<br \/>\u2022 Documentaci\u00f3n:\u00a0<a href=\"https:\/\/soymigrante.com\/revista\/que-hacer-si-un-familiar-es-detenido-por-su-situacion-migratoria-en-estados-unidos\/\" target=\"_blank\" rel=\"noopener\">procesos migratorios<\/a>, judiciales, legales.<br \/>\u2022 Otros.<\/p><p><strong>Seg\u00fan el Minex, la duraci\u00f3n del proceso de repatriaci\u00f3n es la siguiente:<\/strong><br \/>\u2022 Un mes, aproximadamente (var\u00eda seg\u00fan el Estado, Condados, o si es fronterizo).<br \/>\u2022 De 6 a 8 meses cuando no se logra identificaci\u00f3n del cuerpo debido al estado en el que se encuentra.<\/p>\t\t\t\t\t\t\t\t<\/div>\n\t\t\t\t\t<\/div>\n\t\t\t\t<\/div>\n\t\t<div data-particle_enable=\"false\" data-particle-mobile-disabled=\"false\" class=\"elementor-element elementor-element-a7a05b1 e-flex e-con-boxed e-con e-parent\" data-id=\"a7a05b1\" data-element_type=\"container\" data-e-type=\"container\">\n\t\t\t\t\t<div class=\"e-con-inner\">\n\t\t\t\t<div class=\"elementor-element elementor-element-6067167 elementor-widget elementor-widget-heading\" data-id=\"6067167\" data-element_type=\"widget\" data-e-type=\"widget\" data-widget_type=\"heading.default\">\n\t\t\t\t\t<h3 class=\"elementor-heading-title elementor-size-default\">Proceso<\/h3>\t\t\t\t<\/div>\n\t\t\t\t\t<\/div>\n\t\t\t\t<\/div>\n\t\t<div data-particle_enable=\"false\" data-particle-mobile-disabled=\"false\" class=\"elementor-element elementor-element-92f3d24 e-flex e-con-boxed e-con e-parent\" data-id=\"92f3d24\" data-element_type=\"container\" data-e-type=\"container\">\n\t\t\t\t\t<div class=\"e-con-inner\">\n\t\t\t\t<div class=\"elementor-element elementor-element-94f54fa elementor-widget elementor-widget-text-editor\" data-id=\"94f54fa\" data-element_type=\"widget\" data-e-type=\"widget\" data-widget_type=\"text-editor.default\">\n\t\t\t\t\t\t\t\t\t<p>Puedes buscar el apoyo de un abogado o a veces la funeraria puede ofrecerte el servicio para reunir toda la documentaci\u00f3n que tanto Guatemala como el\u00a0<a href=\"https:\/\/soymigrante.com\/revista\/loteria-de-visas-de-residencia-en-ee-uu-2026-esta-abierta-para-guatemaltecos\/\" target=\"_blank\" rel=\"noopener\">Gobierno de EE. UU.<\/a>\u00a0solicitan. Ten en cuenta esto:<b> (Despliega los detalles en +)<\/b><\/p>\t\t\t\t\t\t\t\t<\/div>\n\t\t\t\t\t<\/div>\n\t\t\t\t<\/div>\n\t\t<div data-particle_enable=\"false\" data-particle-mobile-disabled=\"false\" class=\"elementor-element elementor-element-e7bc84a e-flex e-con-boxed e-con e-parent\" data-id=\"e7bc84a\" data-element_type=\"container\" data-e-type=\"container\">\n\t\t\t\t\t<div class=\"e-con-inner\">\n\t\t\t\t<div class=\"elementor-element elementor-element-64e0520 elementor-widget elementor-widget-accordion\" data-id=\"64e0520\" data-element_type=\"widget\" data-e-type=\"widget\" data-widget_type=\"accordion.default\">\n\t\t\t\t\t\t\t<div class=\"elementor-accordion\">\n\t\t\t\t\t\t\t<div class=\"elementor-accordion-item\">\n\t\t\t\t\t<div id=\"elementor-tab-title-1051\" class=\"elementor-tab-title\" data-tab=\"1\" role=\"button\" aria-controls=\"elementor-tab-content-1051\" aria-expanded=\"false\">\n\t\t\t\t\t\t\t\t\t\t\t\t\t<span class=\"elementor-accordion-icon elementor-accordion-icon-left\" aria-hidden=\"true\">\n\t\t\t\t\t\t\t\t\t\t\t\t\t\t\t<span class=\"elementor-accordion-icon-closed\"><i class=\"fas fa-plus\"><\/i><\/span>\n\t\t\t\t\t\t\t\t<span class=\"elementor-accordion-icon-opened\"><i class=\"fas fa-minus\"><\/i><\/span>\n\t\t\t\t\t\t\t\t\t\t\t\t\t\t<\/span>\n\t\t\t\t\t\t\t\t\t\t\t\t<a class=\"elementor-accordion-title\" tabindex=\"0\">Certificaci\u00f3n de defunci\u00f3n<\/a>\n\t\t\t\t\t<\/div>\n\t\t\t\t\t<div id=\"elementor-tab-content-1051\" class=\"elementor-tab-content elementor-clearfix\" data-tab=\"1\" role=\"region\" aria-labelledby=\"elementor-tab-title-1051\"><p>\u2022 Emitido por las autoridades del estado de EE.UU. donde ocurri\u00f3 el fallecimiento.<br \/>\u2022 Debe estar apostillado, ya que Guatemala y Estados Unidos son parte de la Convenci\u00f3n de La Haya.<\/p><\/div>\n\t\t\t\t<\/div>\n\t\t\t\t\t\t\t<div class=\"elementor-accordion-item\">\n\t\t\t\t\t<div id=\"elementor-tab-title-1052\" class=\"elementor-tab-title\" data-tab=\"2\" role=\"button\" aria-controls=\"elementor-tab-content-1052\" aria-expanded=\"false\">\n\t\t\t\t\t\t\t\t\t\t\t\t\t<span class=\"elementor-accordion-icon elementor-accordion-icon-left\" aria-hidden=\"true\">\n\t\t\t\t\t\t\t\t\t\t\t\t\t\t\t<span class=\"elementor-accordion-icon-closed\"><i class=\"fas fa-plus\"><\/i><\/span>\n\t\t\t\t\t\t\t\t<span class=\"elementor-accordion-icon-opened\"><i class=\"fas fa-minus\"><\/i><\/span>\n\t\t\t\t\t\t\t\t\t\t\t\t\t\t<\/span>\n\t\t\t\t\t\t\t\t\t\t\t\t<a class=\"elementor-accordion-title\" tabindex=\"0\">Certificado de Embalsamamiento y Certificado de No Contagio<\/a>\n\t\t\t\t\t<\/div>\n\t\t\t\t\t<div id=\"elementor-tab-content-1052\" class=\"elementor-tab-content elementor-clearfix\" data-tab=\"2\" role=\"region\" aria-labelledby=\"elementor-tab-title-1052\"><p><br \/>\u2022 El certificado de embalsamamiento lo emite la funeraria que realiz\u00f3 el proceso de preparaci\u00f3n del cuerpo para el traslado.<br \/>\u2022 El certificado de no contagio (No Contagion Certificate) certifica que la persona no falleci\u00f3 por una enfermedad contagiosa. Este documento es necesario para evitar la propagaci\u00f3n de enfermedades durante el transporte del cuerpo.<\/p><\/div>\n\t\t\t\t<\/div>\n\t\t\t\t\t\t\t<div class=\"elementor-accordion-item\">\n\t\t\t\t\t<div id=\"elementor-tab-title-1053\" class=\"elementor-tab-title\" data-tab=\"3\" role=\"button\" aria-controls=\"elementor-tab-content-1053\" aria-expanded=\"false\">\n\t\t\t\t\t\t\t\t\t\t\t\t\t<span class=\"elementor-accordion-icon elementor-accordion-icon-left\" aria-hidden=\"true\">\n\t\t\t\t\t\t\t\t\t\t\t\t\t\t\t<span class=\"elementor-accordion-icon-closed\"><i class=\"fas fa-plus\"><\/i><\/span>\n\t\t\t\t\t\t\t\t<span class=\"elementor-accordion-icon-opened\"><i class=\"fas fa-minus\"><\/i><\/span>\n\t\t\t\t\t\t\t\t\t\t\t\t\t\t<\/span>\n\t\t\t\t\t\t\t\t\t\t\t\t<a class=\"elementor-accordion-title\" tabindex=\"0\">Permiso de Transporte (Transit Permit)<\/a>\n\t\t\t\t\t<\/div>\n\t\t\t\t\t<div id=\"elementor-tab-content-1053\" class=\"elementor-tab-content elementor-clearfix\" data-tab=\"3\" role=\"region\" aria-labelledby=\"elementor-tab-title-1053\"><p>\u2022 Este documento lo emiten las autoridades locales de salud o la funeraria en el estado de EE.UU. donde ocurri\u00f3 el deceso.<br \/>\u2022 Permite que el cuerpo sea trasladado en un ata\u00fad sellado a trav\u00e9s de las fronteras, ya sea por avi\u00f3n o por otros medios.<\/p><\/div>\n\t\t\t\t<\/div>\n\t\t\t\t\t\t\t<div class=\"elementor-accordion-item\">\n\t\t\t\t\t<div id=\"elementor-tab-title-1054\" class=\"elementor-tab-title\" data-tab=\"4\" role=\"button\" aria-controls=\"elementor-tab-content-1054\" aria-expanded=\"false\">\n\t\t\t\t\t\t\t\t\t\t\t\t\t<span class=\"elementor-accordion-icon elementor-accordion-icon-left\" aria-hidden=\"true\">\n\t\t\t\t\t\t\t\t\t\t\t\t\t\t\t<span class=\"elementor-accordion-icon-closed\"><i class=\"fas fa-plus\"><\/i><\/span>\n\t\t\t\t\t\t\t\t<span class=\"elementor-accordion-icon-opened\"><i class=\"fas fa-minus\"><\/i><\/span>\n\t\t\t\t\t\t\t\t\t\t\t\t\t\t<\/span>\n\t\t\t\t\t\t\t\t\t\t\t\t<a class=\"elementor-accordion-title\" tabindex=\"0\">Pasaporte del Fallecido o Documento de Identificaci\u00f3n<\/a>\n\t\t\t\t\t<\/div>\n\t\t\t\t\t<div id=\"elementor-tab-content-1054\" class=\"elementor-tab-content elementor-clearfix\" data-tab=\"4\" role=\"region\" aria-labelledby=\"elementor-tab-title-1054\"><p>\u2022 Es necesario presentar el pasaporte o una copia del mismo del fallecido para corroborar la identidad.<\/p><\/div>\n\t\t\t\t<\/div>\n\t\t\t\t\t\t\t<div class=\"elementor-accordion-item\">\n\t\t\t\t\t<div id=\"elementor-tab-title-1055\" class=\"elementor-tab-title\" data-tab=\"5\" role=\"button\" aria-controls=\"elementor-tab-content-1055\" aria-expanded=\"false\">\n\t\t\t\t\t\t\t\t\t\t\t\t\t<span class=\"elementor-accordion-icon elementor-accordion-icon-left\" aria-hidden=\"true\">\n\t\t\t\t\t\t\t\t\t\t\t\t\t\t\t<span class=\"elementor-accordion-icon-closed\"><i class=\"fas fa-plus\"><\/i><\/span>\n\t\t\t\t\t\t\t\t<span class=\"elementor-accordion-icon-opened\"><i class=\"fas fa-minus\"><\/i><\/span>\n\t\t\t\t\t\t\t\t\t\t\t\t\t\t<\/span>\n\t\t\t\t\t\t\t\t\t\t\t\t<a class=\"elementor-accordion-title\" tabindex=\"0\">Carta de Autorizaci\u00f3n del Familiar Directo<\/a>\n\t\t\t\t\t<\/div>\n\t\t\t\t\t<div id=\"elementor-tab-content-1055\" class=\"elementor-tab-content elementor-clearfix\" data-tab=\"5\" role=\"region\" aria-labelledby=\"elementor-tab-title-1055\"><p>\u2022 Una carta escrita y firmada por un familiar cercano (padre, madre, c\u00f3nyuge, hijo, etc.) autorizando la repatriaci\u00f3n del cuerpo. Esta carta debe estar notariada.<\/p><\/div>\n\t\t\t\t<\/div>\n\t\t\t\t\t\t\t<div class=\"elementor-accordion-item\">\n\t\t\t\t\t<div id=\"elementor-tab-title-1056\" class=\"elementor-tab-title\" data-tab=\"6\" role=\"button\" aria-controls=\"elementor-tab-content-1056\" aria-expanded=\"false\">\n\t\t\t\t\t\t\t\t\t\t\t\t\t<span class=\"elementor-accordion-icon elementor-accordion-icon-left\" aria-hidden=\"true\">\n\t\t\t\t\t\t\t\t\t\t\t\t\t\t\t<span class=\"elementor-accordion-icon-closed\"><i class=\"fas fa-plus\"><\/i><\/span>\n\t\t\t\t\t\t\t\t<span class=\"elementor-accordion-icon-opened\"><i class=\"fas fa-minus\"><\/i><\/span>\n\t\t\t\t\t\t\t\t\t\t\t\t\t\t<\/span>\n\t\t\t\t\t\t\t\t\t\t\t\t<a class=\"elementor-accordion-title\" tabindex=\"0\">Solicitud de Repatriaci\u00f3n ante el Consulado de Guatemala en Estados Unidos<\/a>\n\t\t\t\t\t<\/div>\n\t\t\t\t\t<div id=\"elementor-tab-content-1056\" class=\"elementor-tab-content elementor-clearfix\" data-tab=\"6\" role=\"region\" aria-labelledby=\"elementor-tab-title-1056\"><p>\u2022 El familiar o representante debe presentar una solicitud formal ante el consulado guatemalteco m\u00e1s cercano al lugar del fallecimiento. Esta solicitud es fundamental para la autorizaci\u00f3n del ingreso del cuerpo a Guatemala.<br \/>\u2022 El consulado proporcionar\u00e1 orientaci\u00f3n sobre los documentos necesarios y, en algunos casos, puede emitir una carta de no objeci\u00f3n para el traslado.<\/p><\/div>\n\t\t\t\t<\/div>\n\t\t\t\t\t\t\t<div class=\"elementor-accordion-item\">\n\t\t\t\t\t<div id=\"elementor-tab-title-1057\" class=\"elementor-tab-title\" data-tab=\"7\" role=\"button\" aria-controls=\"elementor-tab-content-1057\" aria-expanded=\"false\">\n\t\t\t\t\t\t\t\t\t\t\t\t\t<span class=\"elementor-accordion-icon elementor-accordion-icon-left\" aria-hidden=\"true\">\n\t\t\t\t\t\t\t\t\t\t\t\t\t\t\t<span class=\"elementor-accordion-icon-closed\"><i class=\"fas fa-plus\"><\/i><\/span>\n\t\t\t\t\t\t\t\t<span class=\"elementor-accordion-icon-opened\"><i class=\"fas fa-minus\"><\/i><\/span>\n\t\t\t\t\t\t\t\t\t\t\t\t\t\t<\/span>\n\t\t\t\t\t\t\t\t\t\t\t\t<a class=\"elementor-accordion-title\" tabindex=\"0\">Acta de Defunci\u00f3n Traducida al Espa\u00f1ol (si es necesario)<\/a>\n\t\t\t\t\t<\/div>\n\t\t\t\t\t<div id=\"elementor-tab-content-1057\" class=\"elementor-tab-content elementor-clearfix\" data-tab=\"7\" role=\"region\" aria-labelledby=\"elementor-tab-title-1057\"><p>\u2022 Aunque el acta de defunci\u00f3n puede estar en ingl\u00e9s, en ocasiones se solicita una traducci\u00f3n oficial al espa\u00f1ol para ser presentada en Guatemala. Debe ser realizada por un traductor certificado y, si es necesario, apostillada.<\/p><\/div>\n\t\t\t\t<\/div>\n\t\t\t\t\t\t\t<div class=\"elementor-accordion-item\">\n\t\t\t\t\t<div id=\"elementor-tab-title-1058\" class=\"elementor-tab-title\" data-tab=\"8\" role=\"button\" aria-controls=\"elementor-tab-content-1058\" aria-expanded=\"false\">\n\t\t\t\t\t\t\t\t\t\t\t\t\t<span class=\"elementor-accordion-icon elementor-accordion-icon-left\" aria-hidden=\"true\">\n\t\t\t\t\t\t\t\t\t\t\t\t\t\t\t<span class=\"elementor-accordion-icon-closed\"><i class=\"fas fa-plus\"><\/i><\/span>\n\t\t\t\t\t\t\t\t<span class=\"elementor-accordion-icon-opened\"><i class=\"fas fa-minus\"><\/i><\/span>\n\t\t\t\t\t\t\t\t\t\t\t\t\t\t<\/span>\n\t\t\t\t\t\t\t\t\t\t\t\t<a class=\"elementor-accordion-title\" tabindex=\"0\">Documentos de la Funeraria Encargada del Traslado<\/a>\n\t\t\t\t\t<\/div>\n\t\t\t\t\t<div id=\"elementor-tab-content-1058\" class=\"elementor-tab-content elementor-clearfix\" data-tab=\"8\" role=\"region\" aria-labelledby=\"elementor-tab-title-1058\"><p>&nbsp;La funeraria en EE.UU. que maneje el proceso deber\u00e1 proporcionar detalles del embalaje del ata\u00fad, el certificado de embalsamamiento, y otros documentos relacionados con la preparaci\u00f3n y el transporte del cuerpo.<br>\u2022 Tambi\u00e9n se necesitar\u00e1n facturas o recibos de los servicios prestados para los tr\u00e1mites de traslado.<\/p><\/div>\n\t\t\t\t<\/div>\n\t\t\t\t\t\t\t<div class=\"elementor-accordion-item\">\n\t\t\t\t\t<div id=\"elementor-tab-title-1059\" class=\"elementor-tab-title\" data-tab=\"9\" role=\"button\" aria-controls=\"elementor-tab-content-1059\" aria-expanded=\"false\">\n\t\t\t\t\t\t\t\t\t\t\t\t\t<span class=\"elementor-accordion-icon elementor-accordion-icon-left\" aria-hidden=\"true\">\n\t\t\t\t\t\t\t\t\t\t\t\t\t\t\t<span class=\"elementor-accordion-icon-closed\"><i class=\"fas fa-plus\"><\/i><\/span>\n\t\t\t\t\t\t\t\t<span class=\"elementor-accordion-icon-opened\"><i class=\"fas fa-minus\"><\/i><\/span>\n\t\t\t\t\t\t\t\t\t\t\t\t\t\t<\/span>\n\t\t\t\t\t\t\t\t\t\t\t\t<a class=\"elementor-accordion-title\" tabindex=\"0\">Proceso General y Otros Detalles:<\/a>\n\t\t\t\t\t<\/div>\n\t\t\t\t\t<div id=\"elementor-tab-content-1059\" class=\"elementor-tab-content elementor-clearfix\" data-tab=\"9\" role=\"region\" aria-labelledby=\"elementor-tab-title-1059\"><p>\u2022 Es importante coordinar con una funeraria tanto en Estados Unidos como en Guatemala, ya que esto facilitar\u00e1 el proceso y asegurar\u00e1 que todos los documentos est\u00e9n en regla.<br \/>\u2022 El consulado de Guatemala en Estados Unidos es una fuente clave de informaci\u00f3n y apoyo durante este proceso, ya que pueden proporcionar una lista actualizada de documentos y requisitos seg\u00fan el estado donde ocurri\u00f3 el deceso.<br \/>\u2022 Aseg\u00farate de tener los documentos en regla antes de la reserva de vuelo para el traslado del cuerpo, ya que las aerol\u00edneas tambi\u00e9n pueden tener requisitos espec\u00edficos.<\/p><\/div>\n\t\t\t\t<\/div>\n\t\t\t\t\t\t\t\t<\/div>\n\t\t\t\t\t\t<\/div>\n\t\t\t\t\t<\/div>\n\t\t\t\t<\/div>\n\t\t<div data-particle_enable=\"false\" data-particle-mobile-disabled=\"false\" class=\"elementor-element elementor-element-85d65c4 e-flex e-con-boxed e-con e-parent\" data-id=\"85d65c4\" data-element_type=\"container\" data-e-type=\"container\">\n\t\t\t\t\t<div class=\"e-con-inner\">\n\t\t\t\t<div class=\"elementor-element elementor-element-7b51c39 elementor-widget elementor-widget-text-editor\" data-id=\"7b51c39\" data-element_type=\"widget\" data-e-type=\"widget\" data-widget_type=\"text-editor.default\">\n\t\t\t\t\t\t\t\t\t<p>\u2022<\/p>\t\t\t\t\t\t\t\t<\/div>\n\t\t\t\t\t<\/div>\n\t\t\t\t<\/div>\n\t\t<div data-particle_enable=\"false\" data-particle-mobile-disabled=\"false\" class=\"elementor-element elementor-element-74adeba e-flex e-con-boxed e-con e-parent\" data-id=\"74adeba\" data-element_type=\"container\" data-e-type=\"container\">\n\t\t\t\t\t<div class=\"e-con-inner\">\n\t\t\t\t<div class=\"elementor-element elementor-element-cf5ed55 elementor-widget elementor-widget-text-editor\" data-id=\"cf5ed55\" data-element_type=\"widget\" data-e-type=\"widget\" data-widget_type=\"text-editor.default\">\n\t\t\t\t\t\t\t\t\t<p>El tiempo y costo de este proceso pueden variar, por lo que es importante iniciar los tr\u00e1mites lo antes posible y mantener comunicaci\u00f3n constante con las autoridades consulares y la funeraria que se encargar\u00e1 de la log\u00edstica del traslado. Hasta julio de este a\u00f1o hab\u00edan sido repatriado 180 cuerpos, seg\u00fan el Minex.<\/p><p>Te recomendamos tambi\u00e9n\u00a0<a href=\"https:\/\/soymigrante.com\/revista\/pablo-pineda-un-aliado-humanitario-en-chicago-con-su-restaurante-latin-patio\/\" target=\"_blank\" rel=\"noopener\">buscar apoyo de alguna comunidad guatemalteca<\/a>\u00a0en un zona de residencia, pues muchos grupos de chapines efect\u00faan colecta de fondos para ayudar en estos casos.<\/p>\t\t\t\t\t\t\t\t<\/div>\n\t\t\t\t\t<\/div>\n\t\t\t\t<\/div>\n\t\t<div data-particle_enable=\"false\" data-particle-mobile-disabled=\"false\" class=\"elementor-element elementor-element-dc7b819 e-flex e-con-boxed e-con e-parent\" data-id=\"dc7b819\" data-element_type=\"container\" data-e-type=\"container\">\n\t\t\t\t\t<div class=\"e-con-inner\">\n\t\t\t\t<div class=\"elementor-element elementor-element-0a1a710 elementor-widget elementor-widget-heading\" data-id=\"0a1a710\" data-element_type=\"widget\" data-e-type=\"widget\" data-widget_type=\"heading.default\">\n\t\t\t\t\t<h3 class=\"elementor-heading-title elementor-size-default\">Por si no lo sabes...<\/h3>\t\t\t\t<\/div>\n\t\t\t\t\t<\/div>\n\t\t\t\t<\/div>\n\t\t<div data-particle_enable=\"false\" data-particle-mobile-disabled=\"false\" class=\"elementor-element elementor-element-9346e63 e-flex e-con-boxed e-con e-parent\" data-id=\"9346e63\" data-element_type=\"container\" data-e-type=\"container\">\n\t\t\t\t\t<div class=\"e-con-inner\">\n\t\t\t\t<div class=\"elementor-element elementor-element-fc40bfd elementor-grid-eael-col-3 elementor-grid-tablet-eael-col-2 elementor-grid-mobile-eael-col-1 elementor-widget elementor-widget-eael-post-grid\" data-id=\"fc40bfd\" data-element_type=\"widget\" data-e-type=\"widget\" data-settings=\"{&quot;eael_post_grid_columns&quot;:&quot;eael-col-3&quot;,&quot;eael_post_grid_columns_tablet&quot;:&quot;eael-col-2&quot;,&quot;eael_post_grid_columns_mobile&quot;:&quot;eael-col-1&quot;}\" data-widget_type=\"eael-post-grid.default\">\n\t\t\t\t\t<div id=\"eael-post-grid-fc40bfd\" class=\"eael-post-grid-container\">\n            <div class=\"eael-post-grid eael-post-appender eael-post-appender-fc40bfd eael-post-grid-style-one\" data-layout-mode=\"masonry\"><article class=\"eael-grid-post  eael-post-grid-column eael-pg-post-9976 category-recursos-migratorios\" data-id=\"9976\">\n        <div class=\"eael-grid-post-holder\">\n            <div class=\"eael-grid-post-holder-inner\"><div class=\"eael-entry-media\"><div class=\"eael-entry-overlay fade-in\"><i class=\"far fa-hand-pointer\" aria-hidden=\"true\"><\/i><a href=\"https:\/\/soymigrante.com\/revista\/loteria-de-visas-de-residencia-en-ee-uu-2026-esta-abierta-para-guatemaltecos\/\"><\/a><\/div><div class=\"eael-entry-thumbnail \">\n                <img decoding=\"async\" width=\"1024\" height=\"1024\" src=\"https:\/\/soymigrante.com\/revista\/wp-content\/uploads\/2024\/10\/visa-loteria-2026-1-1024x1024.webp\" class=\"attachment-large size-large wp-image-9981\" alt=\"Bandera de Guatemala y Estados Unidos ondeadas en s\u00edmbolo de migraci\u00f3n y uni\u00f3n en evento p\u00fablico.\" srcset=\"https:\/\/soymigrante.com\/revista\/wp-content\/uploads\/2024\/10\/visa-loteria-2026-1-1024x1024.webp 1024w, https:\/\/soymigrante.com\/revista\/wp-content\/uploads\/2024\/10\/visa-loteria-2026-1-300x300.webp 300w, https:\/\/soymigrante.com\/revista\/wp-content\/uploads\/2024\/10\/visa-loteria-2026-1-150x150.webp 150w, https:\/\/soymigrante.com\/revista\/wp-content\/uploads\/2024\/10\/visa-loteria-2026-1-768x768.webp 768w, https:\/\/soymigrante.com\/revista\/wp-content\/uploads\/2024\/10\/visa-loteria-2026-1-75x75.webp 75w, https:\/\/soymigrante.com\/revista\/wp-content\/uploads\/2024\/10\/visa-loteria-2026-1-750x750.webp 750w, https:\/\/soymigrante.com\/revista\/wp-content\/uploads\/2024\/10\/visa-loteria-2026-1-1140x1140.webp 1140w, https:\/\/soymigrante.com\/revista\/wp-content\/uploads\/2024\/10\/visa-loteria-2026-1.webp 1463w\" sizes=\"(max-width: 1024px) 100vw, 1024px\" \/>\n            <\/div>\n        <\/div><div class=\"eael-entry-wrapper\"><header class=\"eael-entry-header\"><h2 class=\"eael-entry-title\"><a class=\"eael-grid-post-link\" href=\"https:\/\/soymigrante.com\/revista\/loteria-de-visas-de-residencia-en-ee-uu-2026-esta-abierta-para-guatemaltecos\/\" title=\"Loter\u00eda de Visas de residencia en EE.UU. 2026 est\u00e1 abierta para guatemaltecos\">Loter\u00eda de Visas de residencia en EE.UU. 2026 est\u00e1 abierta para guatemaltecos<\/a><\/h2><\/header><div class=\"eael-entry-content\">\n                        <div class=\"eael-grid-post-excerpt\"><a href=\"https:\/\/soymigrante.com\/revista\/loteria-de-visas-de-residencia-en-ee-uu-2026-esta-abierta-para-guatemaltecos\/\" class=\"eael-post-elements-readmore-btn\">CONOCE SU HISTORIA <\/a><\/div>\n                    <\/div><\/div><\/div>\n        <\/div>\n    <\/article><article class=\"eael-grid-post  eael-post-grid-column eael-pg-post-9690 category-recursos-migratorios\" data-id=\"9690\">\n        <div class=\"eael-grid-post-holder\">\n            <div class=\"eael-grid-post-holder-inner\"><div class=\"eael-entry-media\"><div class=\"eael-entry-overlay fade-in\"><i class=\"far fa-hand-pointer\" aria-hidden=\"true\"><\/i><a href=\"https:\/\/soymigrante.com\/revista\/asi-funciona-el-nuevo-sistema-para-solicitud-de-visa-americana-en-guatemala\/\"><\/a><\/div><div class=\"eael-entry-thumbnail \">\n                <img loading=\"lazy\" decoding=\"async\" width=\"886\" height=\"886\" src=\"https:\/\/soymigrante.com\/revista\/wp-content\/uploads\/2024\/08\/visa-americana-2.webp\" class=\"attachment-large size-large wp-image-8067\" alt=\"Tarjeta de inmigraci\u00f3n en EE.UU. y sello de ingreso con bandera estadounidense en una oficina migratoria. Documentaci\u00f3n migratoria y proceso de visas para migrantes en Estados Unidos.\" srcset=\"https:\/\/soymigrante.com\/revista\/wp-content\/uploads\/2024\/08\/visa-americana-2.webp 886w, https:\/\/soymigrante.com\/revista\/wp-content\/uploads\/2024\/08\/visa-americana-2-300x300.webp 300w, https:\/\/soymigrante.com\/revista\/wp-content\/uploads\/2024\/08\/visa-americana-2-150x150.webp 150w, https:\/\/soymigrante.com\/revista\/wp-content\/uploads\/2024\/08\/visa-americana-2-768x768.webp 768w, https:\/\/soymigrante.com\/revista\/wp-content\/uploads\/2024\/08\/visa-americana-2-75x75.webp 75w, https:\/\/soymigrante.com\/revista\/wp-content\/uploads\/2024\/08\/visa-americana-2-750x750.webp 750w\" sizes=\"(max-width: 886px) 100vw, 886px\" \/>\n            <\/div>\n        <\/div><div class=\"eael-entry-wrapper\"><header class=\"eael-entry-header\"><h2 class=\"eael-entry-title\"><a class=\"eael-grid-post-link\" href=\"https:\/\/soymigrante.com\/revista\/asi-funciona-el-nuevo-sistema-para-solicitud-de-visa-americana-en-guatemala\/\" title=\"As\u00ed funciona el nuevo sistema para solicitud de visa americana en Guatemala\">As\u00ed funciona el nuevo sistema para solicitud de visa americana en Guatemala<\/a><\/h2><\/header><div class=\"eael-entry-content\">\n                        <div class=\"eael-grid-post-excerpt\"><a href=\"https:\/\/soymigrante.com\/revista\/asi-funciona-el-nuevo-sistema-para-solicitud-de-visa-americana-en-guatemala\/\" class=\"eael-post-elements-readmore-btn\">CONOCE SU HISTORIA <\/a><\/div>\n                    <\/div><\/div><\/div>\n        <\/div>\n    <\/article><article class=\"eael-grid-post  eael-post-grid-column eael-pg-post-7902 category-recursos-migratorios\" data-id=\"7902\">\n        <div class=\"eael-grid-post-holder\">\n            <div class=\"eael-grid-post-holder-inner\"><div class=\"eael-entry-media\"><div class=\"eael-entry-overlay fade-in\"><i class=\"far fa-hand-pointer\" aria-hidden=\"true\"><\/i><a href=\"https:\/\/soymigrante.com\/revista\/evita-cometer-estos-errores-al-solicitar-visa-mexicana-o-permiso-tvr\/\"><\/a><\/div><div class=\"eael-entry-thumbnail \">\n                <img loading=\"lazy\" decoding=\"async\" width=\"1024\" height=\"508\" src=\"https:\/\/soymigrante.com\/revista\/wp-content\/uploads\/2024\/08\/Embajada-de-Mexico-visa-Soy-Migrante2-1024x508.webp\" class=\"attachment-large size-large wp-image-7913\" alt=\"M\u00e9xico, bandera mexicana en un espacio p\u00fablico con vegetaci\u00f3n y se\u00f1al\u00e9tica, s\u00edmbolo de cultura y orgullo nacional en un entorno verde y luminoso.\" srcset=\"https:\/\/soymigrante.com\/revista\/wp-content\/uploads\/2024\/08\/Embajada-de-Mexico-visa-Soy-Migrante2-1024x508.webp 1024w, https:\/\/soymigrante.com\/revista\/wp-content\/uploads\/2024\/08\/Embajada-de-Mexico-visa-Soy-Migrante2-300x149.webp 300w, https:\/\/soymigrante.com\/revista\/wp-content\/uploads\/2024\/08\/Embajada-de-Mexico-visa-Soy-Migrante2-768x381.webp 768w, https:\/\/soymigrante.com\/revista\/wp-content\/uploads\/2024\/08\/Embajada-de-Mexico-visa-Soy-Migrante2-360x180.webp 360w, https:\/\/soymigrante.com\/revista\/wp-content\/uploads\/2024\/08\/Embajada-de-Mexico-visa-Soy-Migrante2-750x372.webp 750w, https:\/\/soymigrante.com\/revista\/wp-content\/uploads\/2024\/08\/Embajada-de-Mexico-visa-Soy-Migrante2.webp 1071w\" sizes=\"(max-width: 1024px) 100vw, 1024px\" \/>\n            <\/div>\n        <\/div><div class=\"eael-entry-wrapper\"><header class=\"eael-entry-header\"><h2 class=\"eael-entry-title\"><a class=\"eael-grid-post-link\" href=\"https:\/\/soymigrante.com\/revista\/evita-cometer-estos-errores-al-solicitar-visa-mexicana-o-permiso-tvr\/\" title=\"Claves que ya conoc\u00edas (o quiz\u00e1 no) para tramitar visa mexicana en Guatemala\">Claves que ya conoc\u00edas (o quiz\u00e1 no) para tramitar visa mexicana en Guatemala<\/a><\/h2><\/header><div class=\"eael-entry-content\">\n                        <div class=\"eael-grid-post-excerpt\"><a href=\"https:\/\/soymigrante.com\/revista\/evita-cometer-estos-errores-al-solicitar-visa-mexicana-o-permiso-tvr\/\" class=\"eael-post-elements-readmore-btn\">CONOCE SU HISTORIA <\/a><\/div>\n                    <\/div><\/div><\/div>\n        <\/div>\n    <\/article><\/div>\n            <div class=\"clearfix\"><\/div>\n        <\/div>\t\t\t\t<\/div>\n\t\t\t\t\t<\/div>\n\t\t\t\t<\/div>\n\t\t\t\t<\/div>\n\t\t","protected":false},"excerpt":{"rendered":"<p>Te compartimos una gu\u00eda sobre el proceso de repatriaci\u00f3n de un cuerpo de Estados Unidos a Guatemala. El fallecimiento de un familiar o amigo es un dolor inigualable que lamentablemente sucede en cualquier momento y lugar. Te compartimos esta gu\u00eda para que conozcas cu\u00e1l es el proceso que debes seguir para repatriar un cuerpo desde [&hellip;]<\/p>\n","protected":false},"author":1,"featured_media":10406,"comment_status":"open","ping_status":"open","sticky":false,"template":"","format":"standard","meta":{"_acf_changed":false,"_eb_attr":"","footnotes":""},"categories":[59],"tags":[],"class_list":["post-10362","post","type-post","status-publish","format-standard","has-post-thumbnail","hentry","category-recursos-migratorios"],"acf":[],"aioseo_notices":[],"aioseo_head":"\n\t\t<!-- All in One SEO Pro 4.9.6.2 - aioseo.com -->\n\t<meta name=\"description\" content=\"En este art\u00edculo te recomendamos qu\u00e9 hacer durante tu proceso para solicitar tu visa mexicana, cu\u00e1l es la diferencia entre un visado y una tarjeta de visitante.\" \/>\n\t<meta name=\"robots\" content=\"max-snippet:-1, max-image-preview:large, max-video-preview:-1\" \/>\n\t<meta name=\"author\" content=\"Beatriz Tercero\"\/>\n\t<link rel=\"canonical\" href=\"https:\/\/soymigrante.com\/revista\/evita-cometer-estos-errores-al-solicitar-visa-mexicana-o-permiso-tvr\/\" \/>\n\t<meta name=\"generator\" content=\"All in One SEO Pro (AIOSEO) 4.9.6.2\" \/>\n\n\t\t<link rel=\"preconnect\" href=\"https:\/\/fonts.googleapis.com\" crossorigin>\n<link rel=\"preconnect\" href=\"https:\/\/fonts.gstatic.com\" crossorigin>\n\t\t<meta property=\"og:locale\" content=\"es_ES\" \/>\n\t\t<meta property=\"og:site_name\" content=\"SoyMigrante.com REVISTA \u2013 Nuestra misi\u00f3n es reconocer y dignificar al migrante.\" \/>\n\t\t<meta property=\"og:type\" content=\"article\" \/>\n\t\t<meta property=\"og:title\" content=\"Claves para solicitar la visa mexicana en Guatemala\" \/>\n\t\t<meta property=\"og:description\" content=\"En este art\u00edculo te recomendamos qu\u00e9 hacer durante tu proceso para solicitar tu visa mexicana, cu\u00e1l es la diferencia entre un visado y una tarjeta de visitante.\" \/>\n\t\t<meta property=\"og:url\" content=\"https:\/\/soymigrante.com\/revista\/evita-cometer-estos-errores-al-solicitar-visa-mexicana-o-permiso-tvr\/\" \/>\n\t\t<meta property=\"og:image\" content=\"https:\/\/soymigrante.com\/revista\/wp-content\/uploads\/2024\/08\/Embajada-de-Mexico-visa-Soy-Migrante2.webp\" \/>\n\t\t<meta property=\"og:image:secure_url\" content=\"https:\/\/soymigrante.com\/revista\/wp-content\/uploads\/2024\/08\/Embajada-de-Mexico-visa-Soy-Migrante2.webp\" \/>\n\t\t<meta property=\"og:image:width\" content=\"1071\" \/>\n\t\t<meta property=\"og:image:height\" content=\"531\" \/>\n\t\t<meta property=\"article:published_time\" content=\"2024-08-09T01:01:46+00:00\" \/>\n\t\t<meta property=\"article:modified_time\" content=\"2024-11-01T20:31:42+00:00\" \/>\n\t\t<meta property=\"article:publisher\" content=\"https:\/\/www.facebook.com\/soymigrantecom\" \/>\n\t\t<meta name=\"twitter:card\" content=\"summary_large_image\" \/>\n\t\t<meta name=\"twitter:site\" content=\"@SoyMigrante_com\" \/>\n\t\t<meta name=\"twitter:title\" content=\"Claves para solicitar la visa mexicana en Guatemala\" \/>\n\t\t<meta name=\"twitter:description\" content=\"En este art\u00edculo te recomendamos qu\u00e9 hacer durante tu proceso para solicitar tu visa mexicana, cu\u00e1l es la diferencia entre un visado y una tarjeta de visitante.\" \/>\n\t\t<meta name=\"twitter:creator\" content=\"@SoyMigrante_com\" \/>\n\t\t<meta name=\"twitter:image\" content=\"https:\/\/soymigrante.com\/revista\/wp-content\/uploads\/2024\/08\/Embajada-de-Mexico-visa-Soy-Migrante2.webp\" \/>\n\t\t<!-- All in One SEO Pro -->\r\n\t\t<title>Claves para solicitar la visa mexicana en Guatemala<\/title>\n\n","aioseo_head_json":{"title":"Claves para solicitar la visa mexicana en Guatemala","description":"En este art\u00edculo te recomendamos qu\u00e9 hacer durante tu proceso para solicitar tu visa mexicana, cu\u00e1l es la diferencia entre un visado y una tarjeta de visitante.","canonical_url":"https:\/\/soymigrante.com\/revista\/evita-cometer-estos-errores-al-solicitar-visa-mexicana-o-permiso-tvr\/","robots":"max-snippet:-1, max-image-preview:large, max-video-preview:-1","keywords":"","webmasterTools":{"miscellaneous":"&lt;link rel=\"preconnect\" href=\"https:\/\/fonts.googleapis.com\" crossorigin&gt;\n&lt;link rel=\"preconnect\" href=\"https:\/\/fonts.gstatic.com\" crossorigin&gt;"},"schema":null,"og:locale":"es_ES","og:site_name":"SoyMigrante.com REVISTA \u2013 Nuestra misi\u00f3n es reconocer y dignificar al migrante.","og:type":"article","og:title":"Claves para solicitar la visa mexicana en Guatemala","og:description":"En este art\u00edculo te recomendamos qu\u00e9 hacer durante tu proceso para solicitar tu visa mexicana, cu\u00e1l es la diferencia entre un visado y una tarjeta de visitante.","og:url":"https:\/\/soymigrante.com\/revista\/evita-cometer-estos-errores-al-solicitar-visa-mexicana-o-permiso-tvr\/","og:image":"https:\/\/soymigrante.com\/revista\/wp-content\/uploads\/2024\/08\/Embajada-de-Mexico-visa-Soy-Migrante2.webp","og:image:secure_url":"https:\/\/soymigrante.com\/revista\/wp-content\/uploads\/2024\/08\/Embajada-de-Mexico-visa-Soy-Migrante2.webp","og:image:width":1071,"og:image:height":531,"article:published_time":"2024-08-09T01:01:46+00:00","article:modified_time":"2024-11-01T20:31:42+00:00","article:publisher":"https:\/\/www.facebook.com\/soymigrantecom","twitter:card":"summary_large_image","twitter:site":"@SoyMigrante_com","twitter:title":"Claves para solicitar la visa mexicana en Guatemala","twitter:description":"En este art\u00edculo te recomendamos qu\u00e9 hacer durante tu proceso para solicitar tu visa mexicana, cu\u00e1l es la diferencia entre un visado y una tarjeta de visitante.","twitter:creator":"@SoyMigrante_com","twitter:image":"https:\/\/soymigrante.com\/revista\/wp-content\/uploads\/2024\/08\/Embajada-de-Mexico-visa-Soy-Migrante2.webp"},"aioseo_meta_data":{"post_id":"10362","title":"Proceso para la repatriaci\u00f3n de un cuerpo de EE. UU. a Guatemala","description":"Se acerca la conmemoraci\u00f3n de d\u00eda de difuntos, pero los sucesos infaustos ocurren todo el a\u00f1o. \u00bfQu\u00e9 se requiere repatriar los restos de un guatemalteco?","keywords":null,"keyphrases":{"focus":{"keyphrase":"Repatriaci\u00f3n de un cuerpo","score":41,"analysis":{"keyphraseInTitle":{"score":9,"maxScore":9,"error":0},"keyphraseInDescription":{"score":3,"maxScore":9,"error":1},"keyphraseLength":{"score":6,"maxScore":9,"error":1,"length":5},"keyphraseInURL":{"score":1,"maxScore":5,"error":1},"keyphraseInIntroduction":{"score":3,"maxScore":9,"error":1},"keyphraseInSubHeadings":{"score":3,"maxScore":9,"error":1},"keyphraseInImageAlt":{"score":3,"maxScore":9,"error":1},"keywordDensity":{"score":0,"type":"low","maxScore":9,"error":1}}},"additional":[{"keyphrase":"soy migrante","score":53,"analysis":{"keyphraseInDescription":{"score":3,"maxScore":9,"error":1},"keyphraseLength":{"score":9,"maxScore":9,"error":0,"length":2},"keyphraseInIntroduction":{"score":3,"maxScore":9,"error":1},"keyphraseInImageAlt":{"score":9,"maxScore":9,"error":0},"keywordDensity":{"score":0,"type":"low","maxScore":9,"error":1}}},{"keyphrase":"migrante","score":53,"analysis":{"keyphraseInDescription":{"score":3,"maxScore":9,"error":1},"keyphraseLength":{"score":9,"maxScore":9,"error":0,"length":1},"keyphraseInIntroduction":{"score":3,"maxScore":9,"error":1},"keyphraseInImageAlt":{"score":9,"maxScore":9,"error":0},"keywordDensity":{"score":0,"type":"low","maxScore":9,"error":1}}}]},"primary_term":null,"canonical_url":null,"og_title":null,"og_description":null,"og_object_type":"default","og_image_type":"default","og_image_url":null,"og_image_width":null,"og_image_height":null,"og_image_custom_url":null,"og_image_custom_fields":null,"og_video":"","og_custom_url":null,"og_article_section":null,"og_article_tags":null,"twitter_use_og":false,"twitter_card":"default","twitter_image_type":"default","twitter_image_url":null,"twitter_image_custom_url":null,"twitter_image_custom_fields":null,"twitter_title":null,"twitter_description":null,"schema":{"blockGraphs":[],"customGraphs":[],"default":{"data":{"Article":[],"Course":[],"Dataset":[],"FAQPage":[],"Movie":[],"Person":[],"Product":[],"ProductReview":[],"Car":[],"Recipe":[],"Service":[],"SoftwareApplication":[],"WebPage":[]},"graphName":"none","isEnabled":true},"graphs":[]},"schema_type":"default","schema_type_options":null,"pillar_content":false,"robots_default":true,"robots_noindex":false,"robots_noarchive":false,"robots_nosnippet":false,"robots_nofollow":false,"robots_noimageindex":false,"robots_noodp":false,"robots_notranslate":false,"robots_max_snippet":"-1","robots_max_videopreview":"-1","robots_max_imagepreview":"large","priority":null,"frequency":"default","local_seo":null,"seo_analyzer_scan_date":"2025-10-09 09:09:15","breadcrumb_settings":null,"limit_modified_date":false,"reviewed_by":"0","open_ai":"{\"title\":{\"suggestions\":[],\"usage\":0},\"description\":{\"suggestions\":[],\"usage\":0}}","ai":{"faqs":[],"keyPoints":[],"titles":[],"descriptions":[],"socialPosts":{"email":[],"linkedin":[],"twitter":[],"facebook":[],"instagram":[]}},"created":"2024-10-15 00:27:10","updated":"2026-02-05 06:27:54"},"aioseo_breadcrumb":"<div class=\"aioseo-breadcrumbs\"><span class=\"aioseo-breadcrumb\">\n\t<a href=\"https:\/\/soymigrante.com\/revista\" title=\"Home\">Home<\/a>\n<\/span><span class=\"aioseo-breadcrumb-separator\">\u00bb<\/span><span class=\"aioseo-breadcrumb\">\n\t<a href=\"https:\/\/soymigrante.com\/revista\/category\/recursos-migratorios\/\" title=\"Recursos Migratorios\">Recursos Migratorios<\/a>\n<\/span><span class=\"aioseo-breadcrumb-separator\">\u00bb<\/span><span class=\"aioseo-breadcrumb\">\n\tUn tema dif\u00edcil: \u00bfQu\u00e9 hacer para repatriar un cuerpo desde USA a Guatemala?\n<\/span><\/div>","aioseo_breadcrumb_json":[{"label":"Home","link":"https:\/\/soymigrante.com\/revista"},{"label":"Recursos Migratorios","link":"https:\/\/soymigrante.com\/revista\/category\/recursos-migratorios\/"},{"label":"Un tema dif\u00edcil: \u00bfQu\u00e9 hacer para repatriar un cuerpo desde USA a Guatemala?","link":"https:\/\/soymigrante.com\/revista\/un-tema-dificil-que-hacer-para-repatriar-un-cuerpo-desde-usa-a-guatemala\/"}],"_links":{"self":[{"href":"https:\/\/soymigrante.com\/revista\/wp-json\/wp\/v2\/posts\/10362","targetHints":{"allow":["GET"]}}],"collection":[{"href":"https:\/\/soymigrante.com\/revista\/wp-json\/wp\/v2\/posts"}],"about":[{"href":"https:\/\/soymigrante.com\/revista\/wp-json\/wp\/v2\/types\/post"}],"author":[{"embeddable":true,"href":"https:\/\/soymigrante.com\/revista\/wp-json\/wp\/v2\/users\/1"}],"replies":[{"embeddable":true,"href":"https:\/\/soymigrante.com\/revista\/wp-json\/wp\/v2\/comments?post=10362"}],"version-history":[{"count":1,"href":"https:\/\/soymigrante.com\/revista\/wp-json\/wp\/v2\/posts\/10362\/revisions"}],"predecessor-version":[{"id":46969,"href":"https:\/\/soymigrante.com\/revista\/wp-json\/wp\/v2\/posts\/10362\/revisions\/46969"}],"wp:featuredmedia":[{"embeddable":true,"href":"https:\/\/soymigrante.com\/revista\/wp-json\/wp\/v2\/media\/10406"}],"wp:attachment":[{"href":"https:\/\/soymigrante.com\/revista\/wp-json\/wp\/v2\/media?parent=10362"}],"wp:term":[{"taxonomy":"category","embeddable":true,"href":"https:\/\/soymigrante.com\/revista\/wp-json\/wp\/v2\/categories?post=10362"},{"taxonomy":"post_tag","embeddable":true,"href":"https:\/\/soymigrante.com\/revista\/wp-json\/wp\/v2\/tags?post=10362"}],"curies":[{"name":"wp","href":"https:\/\/api.w.org\/{rel}","templated":true}]}}