{"id":10355,"date":"2025-04-05T09:03:01","date_gmt":"2025-04-05T15:03:01","guid":{"rendered":"https:\/\/soymigrante.com\/revista\/?p=10355"},"modified":"2025-06-12T08:14:40","modified_gmt":"2025-06-12T14:14:40","slug":"tres-hermanos-tres-guardianes-del-lago-los-volcanes-atitlan-toliman-y-san-pedro","status":"publish","type":"post","link":"https:\/\/soymigrante.com\/revista\/tres-hermanos-tres-guardianes-del-lago-los-volcanes-atitlan-toliman-y-san-pedro\/","title":{"rendered":"Tres gigantes custodian el lago de Atitl\u00e1n: los volcanes Atitl\u00e1n, Tolim\u00e1n y San Pedro"},"content":{"rendered":"\t\t<div data-elementor-type=\"wp-post\" data-elementor-id=\"10355\" class=\"elementor elementor-10355\" data-elementor-post-type=\"post\">\n\t\t\t\t<div data-particle_enable=\"false\" data-particle-mobile-disabled=\"false\" class=\"elementor-element elementor-element-b84a71d e-flex e-con-boxed e-con e-parent\" data-id=\"b84a71d\" data-element_type=\"container\" data-e-type=\"container\">\n\t\t\t\t\t<div class=\"e-con-inner\">\n\t\t\t\t<div class=\"elementor-element elementor-element-8720920 elementor-widget elementor-widget-heading\" data-id=\"8720920\" data-element_type=\"widget\" data-e-type=\"widget\" data-widget_type=\"heading.default\">\n\t\t\t\t\t<h2 class=\"elementor-heading-title elementor-size-default\">Ubicados en el coraz\u00f3n del altiplano guatemalteco, los volcanes Atitl\u00e1n, Tolim\u00e1n y San Pedro conforman un imponente paisaje alrededor del lago de Atitl\u00e1n.\n<\/h2>\t\t\t\t<\/div>\n\t\t\t\t\t<\/div>\n\t\t\t\t<\/div>\n\t\t<div data-particle_enable=\"false\" data-particle-mobile-disabled=\"false\" class=\"elementor-element elementor-element-f582859 e-flex e-con-boxed e-con e-parent\" data-id=\"f582859\" data-element_type=\"container\" data-e-type=\"container\">\n\t\t\t\t\t<div class=\"e-con-inner\">\n\t\t\t\t<div class=\"elementor-element elementor-element-f6b2dd0 elementor-widget elementor-widget-text-editor\" data-id=\"f6b2dd0\" data-element_type=\"widget\" data-e-type=\"widget\" data-widget_type=\"text-editor.default\">\n\t\t\t\t\t\t\t\t\t<p><a href=\"https:\/\/soymigrante.com\/revista\/atitlan\/\">El lago de Atitl\u00e1n<\/a> es considerado uno de los m\u00e1s bellos del mundo. E<a href=\"https:\/\/soymigrante.com\/revista\/category\/guate-nuestra\/\" target=\"_blank\" rel=\"noopener\">stos volcanes gigantes\u00a0 no solo son atractivos tur\u00edsticos, sino tambi\u00e9n s\u00edmbolos de la conexi\u00f3n entre la naturaleza y las comunidades mayas locales.<\/a> Cada volc\u00e1n ofrece una experiencia \u00fanica para los aventureros, con alturas, rutas y cuidados que todo monta\u00f1ista debe considerar antes de embarcarse en la traves\u00eda.<\/p>\t\t\t\t\t\t\t\t<\/div>\n\t\t\t\t\t<\/div>\n\t\t\t\t<\/div>\n\t\t<div data-particle_enable=\"false\" data-particle-mobile-disabled=\"false\" class=\"elementor-element elementor-element-504906a e-flex e-con-boxed e-con e-parent\" data-id=\"504906a\" data-element_type=\"container\" data-e-type=\"container\">\n\t\t\t\t\t<div class=\"e-con-inner\">\n\t\t\t\t<div class=\"elementor-element elementor-element-7e2a35b elementor-widget elementor-widget-heading\" data-id=\"7e2a35b\" data-element_type=\"widget\" data-e-type=\"widget\" data-widget_type=\"heading.default\">\n\t\t\t\t\t<h3 class=\"elementor-heading-title elementor-size-default\">1. Volc\u00e1n Atitl\u00e1n<\/h3>\t\t\t\t<\/div>\n\t\t\t\t\t<\/div>\n\t\t\t\t<\/div>\n\t\t<div data-particle_enable=\"false\" data-particle-mobile-disabled=\"false\" class=\"elementor-element elementor-element-34e5ce3 e-flex e-con-boxed e-con e-parent\" data-id=\"34e5ce3\" data-element_type=\"container\" data-e-type=\"container\">\n\t\t\t\t\t<div class=\"e-con-inner\">\n\t\t\t\t<div class=\"elementor-element elementor-element-acc74bc elementor-widget elementor-widget-text-editor\" data-id=\"acc74bc\" data-element_type=\"widget\" data-e-type=\"widget\" data-widget_type=\"text-editor.default\">\n\t\t\t\t\t\t\t\t\t<p>Con sus 3,535 metros sobre el nivel del mar, el volc\u00e1n Atitl\u00e1n es el m\u00e1s alto de los tres y uno de los favoritos de los excursionistas m\u00e1s experimentados. <a href=\"https:\/\/soymigrante.com\/revista\/category\/guate-nuestra\/\" target=\"_blank\" rel=\"noopener\">Su cumbre ofrece una vista inigualable del lago y de otros volcanes de la regi\u00f3n,<\/a> adem\u00e1s de ser un excelente lugar para observar el amanecer.<\/p><p><strong>Rutas<\/strong><\/p><p>El ascenso m\u00e1s com\u00fan parte del pueblo de Santiago Atitl\u00e1n, donde se pueden contratar gu\u00edas locales. La caminata suele durar entre 6 y 8 horas de subida, dependiendo de la condici\u00f3n f\u00edsica. Existen varios puntos de campamento para aquellos que deseen pasar la noche antes de alcanzar la cima.<\/p><p><strong>Cuidados<\/strong><\/p><p>Es importante aclimatarse antes de emprender el ascenso, llevar suficiente agua, ropa para cambios bruscos de temperatura, y considerar que es una caminata extenuante. Debido a la altura, se recomienda hacer pausas regulares para evitar el mal de monta\u00f1a. Contar con un gu\u00eda local es fundamental tanto por seguridad como para conocer las rutas mejor conservadas.<\/p><p><strong>Puntos recomendables<\/strong><\/p><p>Los excursionistas suelen recomendar ver el amanecer desde la cima o el mirador a unos 2,500 metros, ya que ofrece una vista clara del lago y el horizonte en un d\u00eda despejado.<\/p>\t\t\t\t\t\t\t\t<\/div>\n\t\t\t\t\t<\/div>\n\t\t\t\t<\/div>\n\t\t<div data-particle_enable=\"false\" data-particle-mobile-disabled=\"false\" class=\"elementor-element elementor-element-3b682f4 e-flex e-con-boxed e-con e-parent\" data-id=\"3b682f4\" data-element_type=\"container\" data-e-type=\"container\">\n\t\t\t\t\t<div class=\"e-con-inner\">\n\t\t\t\t<div class=\"elementor-element elementor-element-60d08de elementor-widget elementor-widget-image\" data-id=\"60d08de\" data-element_type=\"widget\" data-e-type=\"widget\" data-widget_type=\"image.default\">\n\t\t\t\t\t\t\t\t\t\t\t\t<figure class=\"wp-caption\">\n\t\t\t\t\t\t\t\t\t\t\t<a href=\"https:\/\/soymigrante.com\/revista\/atitlan\/\">\n\t\t\t\t\t\t\t<img fetchpriority=\"high\" decoding=\"async\" width=\"768\" height=\"512\" src=\"https:\/\/soymigrante.com\/revista\/wp-content\/uploads\/2024\/10\/Los-volcanes-del-lago-de-Atitlan-Atitlan-Toliman-y-San-Pedro2-1024x683.webp\" class=\"attachment-large size-large wp-image-10357\" alt=\"Embarcaciones en el lago con volc\u00e1n en el fondo, paisaje natural, turismo en Guatemala, vista del Volc\u00e1n de Fuego, instrumentos n\u00e1uticos en barco, clima despejado, destino tur\u00edstico en Centroam\u00e9rica.\" srcset=\"https:\/\/soymigrante.com\/revista\/wp-content\/uploads\/2024\/10\/Los-volcanes-del-lago-de-Atitlan-Atitlan-Toliman-y-San-Pedro2-1024x683.webp 1024w, https:\/\/soymigrante.com\/revista\/wp-content\/uploads\/2024\/10\/Los-volcanes-del-lago-de-Atitlan-Atitlan-Toliman-y-San-Pedro2-300x200.webp 300w, https:\/\/soymigrante.com\/revista\/wp-content\/uploads\/2024\/10\/Los-volcanes-del-lago-de-Atitlan-Atitlan-Toliman-y-San-Pedro2-768x512.webp 768w, https:\/\/soymigrante.com\/revista\/wp-content\/uploads\/2024\/10\/Los-volcanes-del-lago-de-Atitlan-Atitlan-Toliman-y-San-Pedro2-1536x1024.webp 1536w, https:\/\/soymigrante.com\/revista\/wp-content\/uploads\/2024\/10\/Los-volcanes-del-lago-de-Atitlan-Atitlan-Toliman-y-San-Pedro2-scaled.webp 1920w, https:\/\/soymigrante.com\/revista\/wp-content\/uploads\/2024\/10\/Los-volcanes-del-lago-de-Atitlan-Atitlan-Toliman-y-San-Pedro2-750x500.webp 750w, https:\/\/soymigrante.com\/revista\/wp-content\/uploads\/2024\/10\/Los-volcanes-del-lago-de-Atitlan-Atitlan-Toliman-y-San-Pedro2-1140x760.webp 1140w\" sizes=\"(max-width: 768px) 100vw, 768px\" title=\"Los volcanes del lago de Atitl\u00e1n: Atitl\u00e1n, Tolim\u00e1n y San Pedro \u2013 SoyMigrante.com REVISTA\" \/>\t\t\t\t\t\t\t\t<\/a>\n\t\t\t\t\t\t\t\t\t\t\t<figcaption class=\"widget-image-caption wp-caption-text\">Explora el hermoso paisaje del lago de Atitl\u00e1n en Guatemala con barcos en calma y el majestuoso Volc\u00e1n de Fuego en el fondo, ideal para turismo y actividades n\u00e1uticas en Centroam\u00e9rica.<\/figcaption>\n\t\t\t\t\t\t\t\t\t\t<\/figure>\n\t\t\t\t\t\t\t\t\t<\/div>\n\t\t\t\t\t<\/div>\n\t\t\t\t<\/div>\n\t\t<div data-particle_enable=\"false\" data-particle-mobile-disabled=\"false\" class=\"elementor-element elementor-element-250f473 e-flex e-con-boxed e-con e-parent\" data-id=\"250f473\" data-element_type=\"container\" data-e-type=\"container\">\n\t\t\t\t\t<div class=\"e-con-inner\">\n\t\t\t\t<div class=\"elementor-element elementor-element-3a96c7b elementor-widget elementor-widget-heading\" data-id=\"3a96c7b\" data-element_type=\"widget\" data-e-type=\"widget\" data-widget_type=\"heading.default\">\n\t\t\t\t\t<h3 class=\"elementor-heading-title elementor-size-default\">2. Volc\u00e1n Tolim\u00e1n<\/h3>\t\t\t\t<\/div>\n\t\t\t\t\t<\/div>\n\t\t\t\t<\/div>\n\t\t<div data-particle_enable=\"false\" data-particle-mobile-disabled=\"false\" class=\"elementor-element elementor-element-cb783f8 e-flex e-con-boxed e-con e-parent\" data-id=\"cb783f8\" data-element_type=\"container\" data-e-type=\"container\">\n\t\t\t\t\t<div class=\"e-con-inner\">\n\t\t\t\t<div class=\"elementor-element elementor-element-3d9459c elementor-widget elementor-widget-text-editor\" data-id=\"3d9459c\" data-element_type=\"widget\" data-e-type=\"widget\" data-widget_type=\"text-editor.default\">\n\t\t\t\t\t\t\t\t\t<p>El volc\u00e1n Tolim\u00e1n, con sus 3,158 metros de altura, es conocido por su forma c\u00f3nica sim\u00e9trica y su vegetaci\u00f3n densa. Comparado con Atitl\u00e1n, su ascenso es menos t\u00e9cnico, lo que lo convierte en <a href=\"https:\/\/soymigrante.com\/revista\/category\/guate-nuestra\/\" target=\"_blank\" rel=\"noopener\">una opci\u00f3n accesible para excursionistas principiantes con buen estado f\u00edsico.<\/a><\/p><p><strong>Rutas<\/strong><\/p><p>La ruta m\u00e1s com\u00fan parte desde Santiago Atitl\u00e1n. La caminata tiene una duraci\u00f3n de entre 5 y 7 horas hasta la cumbre, atravesando bosques nubosos y plantaciones de caf\u00e9. Aunque menos concurrido, Tolim\u00e1n ofrece una experiencia m\u00e1s aislada y tranquila.<\/p><p><strong>Cuidados<\/strong><\/p><p>Debido a la vegetaci\u00f3n densa, es f\u00e1cil perderse, por lo que un gu\u00eda experimentado es esencial. Tambi\u00e9n es recomendable llevar repelente para insectos, ya que los mosquitos pueden ser abundantes, especialmente durante la temporada de lluvias.<\/p><p><strong>Puntos recomendables<\/strong><\/p><p>Un mirador natural, conocido como \u201cEl Nariz de Tolim\u00e1n\u201d, es muy popular entre los excursionistas por su vista privilegiada del lago y del volc\u00e1n Atitl\u00e1n al fondo. Tambi\u00e9n es ideal para acampar en los claros del bosque.<\/p>\t\t\t\t\t\t\t\t<\/div>\n\t\t\t\t\t<\/div>\n\t\t\t\t<\/div>\n\t\t<div data-particle_enable=\"false\" data-particle-mobile-disabled=\"false\" class=\"elementor-element elementor-element-727a45f e-flex e-con-boxed e-con e-parent\" data-id=\"727a45f\" data-element_type=\"container\" data-e-type=\"container\">\n\t\t\t\t\t<div class=\"e-con-inner\">\n\t\t\t\t<div class=\"elementor-element elementor-element-d1ff9b5 elementor-widget elementor-widget-html\" data-id=\"d1ff9b5\" data-element_type=\"widget\" data-e-type=\"widget\" data-widget_type=\"html.default\">\n\t\t\t\t\t<iframe src=\"https:\/\/www.facebook.com\/plugins\/video.php?height=476&href=https%3A%2F%2Fwww.facebook.com%2FViajaconNosotrosGT%2Fvideos%2F918570499398450%2F&show_text=true&width=267&t=0\" width=\"267\" height=\"591\" style=\"border:none;overflow:hidden\" scrolling=\"no\" frameborder=\"0\" allowfullscreen=\"true\" allow=\"autoplay; clipboard-write; encrypted-media; picture-in-picture; web-share\" allowFullScreen=\"true\"><\/iframe>\t\t\t\t<\/div>\n\t\t\t\t\t<\/div>\n\t\t\t\t<\/div>\n\t\t<div data-particle_enable=\"false\" data-particle-mobile-disabled=\"false\" class=\"elementor-element elementor-element-6290bf2 e-flex e-con-boxed e-con e-parent\" data-id=\"6290bf2\" data-element_type=\"container\" data-e-type=\"container\">\n\t\t\t\t\t<div class=\"e-con-inner\">\n\t\t\t\t<div class=\"elementor-element elementor-element-3eac82c elementor-widget elementor-widget-image\" data-id=\"3eac82c\" data-element_type=\"widget\" data-e-type=\"widget\" data-widget_type=\"image.default\">\n\t\t\t\t\t\t\t\t\t\t\t\t<figure class=\"wp-caption\">\n\t\t\t\t\t\t\t\t\t\t<img decoding=\"async\" width=\"768\" height=\"496\" src=\"https:\/\/soymigrante.com\/revista\/wp-content\/uploads\/2024\/10\/Los-volcanes-del-lago-de-Atitlan-Atitlan-Toliman-y-San-Pedro1-1024x661.webp\" class=\"attachment-large size-large wp-image-10358\" alt=\"Puente de madera azul sobre un lago tranquilo con monta\u00f1as y volc\u00e1n en el fondo, en un paisaje sereno y natural, ideal para la reflexi\u00f3n o el descanso.\" srcset=\"https:\/\/soymigrante.com\/revista\/wp-content\/uploads\/2024\/10\/Los-volcanes-del-lago-de-Atitlan-Atitlan-Toliman-y-San-Pedro1-1024x661.webp 1024w, https:\/\/soymigrante.com\/revista\/wp-content\/uploads\/2024\/10\/Los-volcanes-del-lago-de-Atitlan-Atitlan-Toliman-y-San-Pedro1-300x194.webp 300w, https:\/\/soymigrante.com\/revista\/wp-content\/uploads\/2024\/10\/Los-volcanes-del-lago-de-Atitlan-Atitlan-Toliman-y-San-Pedro1-768x496.webp 768w, https:\/\/soymigrante.com\/revista\/wp-content\/uploads\/2024\/10\/Los-volcanes-del-lago-de-Atitlan-Atitlan-Toliman-y-San-Pedro1-1536x992.webp 1536w, https:\/\/soymigrante.com\/revista\/wp-content\/uploads\/2024\/10\/Los-volcanes-del-lago-de-Atitlan-Atitlan-Toliman-y-San-Pedro1-scaled.webp 1920w, https:\/\/soymigrante.com\/revista\/wp-content\/uploads\/2024\/10\/Los-volcanes-del-lago-de-Atitlan-Atitlan-Toliman-y-San-Pedro1-750x484.webp 750w, https:\/\/soymigrante.com\/revista\/wp-content\/uploads\/2024\/10\/Los-volcanes-del-lago-de-Atitlan-Atitlan-Toliman-y-San-Pedro1-1140x736.webp 1140w\" sizes=\"(max-width: 768px) 100vw, 768px\" title=\"Los volcanes del lago de Atitl\u00e1n: Atitl\u00e1n, Tolim\u00e1n y San Pedro \u2013 SoyMigrante.com REVISTA\" \/>\t\t\t\t\t\t\t\t\t\t\t<figcaption class=\"widget-image-caption wp-caption-text\">Un muelle de madera pintado de azul en un lago en calma con monta\u00f1as al fondo, creando una escena apacible y contemplativa, perfecta para relajarse y conectar con la naturaleza.<\/figcaption>\n\t\t\t\t\t\t\t\t\t\t<\/figure>\n\t\t\t\t\t\t\t\t\t<\/div>\n\t\t\t\t\t<\/div>\n\t\t\t\t<\/div>\n\t\t<div data-particle_enable=\"false\" data-particle-mobile-disabled=\"false\" class=\"elementor-element elementor-element-d345977 e-flex e-con-boxed e-con e-parent\" data-id=\"d345977\" data-element_type=\"container\" data-e-type=\"container\">\n\t\t\t\t\t<div class=\"e-con-inner\">\n\t\t\t\t<div class=\"elementor-element elementor-element-dbd1e50 elementor-widget elementor-widget-heading\" data-id=\"dbd1e50\" data-element_type=\"widget\" data-e-type=\"widget\" data-widget_type=\"heading.default\">\n\t\t\t\t\t<h3 class=\"elementor-heading-title elementor-size-default\">3. Volc\u00e1n San Pedro<\/h3>\t\t\t\t<\/div>\n\t\t\t\t\t<\/div>\n\t\t\t\t<\/div>\n\t\t<div data-particle_enable=\"false\" data-particle-mobile-disabled=\"false\" class=\"elementor-element elementor-element-b7bd337 e-flex e-con-boxed e-con e-parent\" data-id=\"b7bd337\" data-element_type=\"container\" data-e-type=\"container\">\n\t\t\t\t\t<div class=\"e-con-inner\">\n\t\t\t\t<div class=\"elementor-element elementor-element-866267d elementor-widget elementor-widget-text-editor\" data-id=\"866267d\" data-element_type=\"widget\" data-e-type=\"widget\" data-widget_type=\"text-editor.default\">\n\t\t\t\t\t\t\t\t\t<p>El volc\u00e1n San Pedro es el m\u00e1s bajo de los tres, con una altura de 3,020 metros, pero no menos imponente. Ubicado al suroeste del lago, <a href=\"https:\/\/soymigrante.com\/revista\/category\/guate-nuestra\/\" target=\"_blank\" rel=\"noopener\">es el volc\u00e1n m\u00e1s frecuentado por los turistas debido a la accesibilidad y las rutas bien se\u00f1alizadas.<\/a><\/p><p><strong>Rutas<\/strong><\/p><p>El acceso m\u00e1s com\u00fan se encuentra en el pueblo de San Pedro La Laguna. El recorrido hacia la cima dura entre 4 y 6 horas, dependiendo del ritmo del excursionista. La ruta atraviesa bosques densos y plantaciones de caf\u00e9, ofreciendo vistas impresionantes del lago desde varios puntos del trayecto.<\/p><p><strong>Cuidados<\/strong><\/p><p>La ruta es popular, pero no por ello exenta de dificultades. Se recomienda llevar buen calzado de monta\u00f1a, protector solar y suficiente hidrataci\u00f3n, especialmente durante los meses m\u00e1s c\u00e1lidos. Un gu\u00eda no es obligatorio, pero puede ser \u00fatil para quienes deseen conocer m\u00e1s sobre la flora y fauna locales.<\/p><p><strong>Puntos recomendables<\/strong><\/p><p>El punto m\u00e1s alto del volc\u00e1n ofrece una vista panor\u00e1mica del lago, con los volcanes Atitl\u00e1n y Tolim\u00e1n al fondo. Muchos excursionistas prefieren ascender de madrugada para ver el amanecer, un espect\u00e1culo que ilumina los volcanes y el lago con colores dorados.<\/p>\t\t\t\t\t\t\t\t<\/div>\n\t\t\t\t\t<\/div>\n\t\t\t\t<\/div>\n\t\t<div data-particle_enable=\"false\" data-particle-mobile-disabled=\"false\" class=\"elementor-element elementor-element-d0349fa e-flex e-con-boxed e-con e-parent\" data-id=\"d0349fa\" data-element_type=\"container\" data-e-type=\"container\">\n\t\t\t\t\t<div class=\"e-con-inner\">\n\t\t\t\t<div class=\"elementor-element elementor-element-b3e6643 elementor-widget elementor-widget-text-editor\" data-id=\"b3e6643\" data-element_type=\"widget\" data-e-type=\"widget\" data-widget_type=\"text-editor.default\">\n\t\t\t\t\t\t\t\t\t<p><a href=\"https:\/\/soymigrante.com\/revista\/category\/guate-nuestra\/\" target=\"_blank\" rel=\"noopener\">Independientemente del volc\u00e1n que se elija para escalar, es fundamental tomar en cuenta varias recomendaciones<\/a> para asegurar una experiencia segura y gratificante. Siempre es recomendable contratar gu\u00edas locales, no solo por cuestiones de seguridad, sino tambi\u00e9n como una forma de apoyar a las comunidades alrededor del lago. Llevar equipo adecuado, suficiente agua, y respetar el entorno natural, evitando dejar basura, son aspectos clave. <a href=\"https:\/\/soymigrante.com\/revista\/category\/guate-nuestra\/\" target=\"_blank\" rel=\"noopener\">Los volcanes de Atitl\u00e1n ofrecen una experiencia \u00fanica de conexi\u00f3n con la naturaleza y la cultura ancestral maya,<\/a> lo que convierte cada ascenso en una aventura inolvidable.<\/p>\t\t\t\t\t\t\t\t<\/div>\n\t\t\t\t\t<\/div>\n\t\t\t\t<\/div>\n\t\t<div data-particle_enable=\"false\" data-particle-mobile-disabled=\"false\" class=\"elementor-element elementor-element-7cbbd11 e-flex e-con-boxed e-con e-parent\" data-id=\"7cbbd11\" data-element_type=\"container\" data-e-type=\"container\">\n\t\t\t\t\t<div class=\"e-con-inner\">\n\t\t\t\t<div class=\"elementor-element elementor-element-297ecae elementor-widget elementor-widget-facebook-embed\" data-id=\"297ecae\" data-element_type=\"widget\" data-e-type=\"widget\" data-widget_type=\"facebook-embed.default\">\n\t\t\t\t\t<div style=\"min-height: 1px\" class=\"elementor-facebook-widget fb-post\" data-href=\"https:\/\/www.facebook.com\/desdeguate\/posts\/pfbid05aVjqEXDbjHfsrJ4sypD9MXSprNdEbcsb9DzV6PXG2uPuBo8deQrJEXcwD83mqNJl\" data-show-text=\"false\"><\/div>\t\t\t\t<\/div>\n\t\t\t\t\t<\/div>\n\t\t\t\t<\/div>\n\t\t<div data-particle_enable=\"false\" data-particle-mobile-disabled=\"false\" class=\"elementor-element elementor-element-12d1a01 e-flex e-con-boxed e-con e-parent\" data-id=\"12d1a01\" data-element_type=\"container\" data-e-type=\"container\">\n\t\t\t\t\t<div class=\"e-con-inner\">\n\t\t\t\t<div class=\"elementor-element elementor-element-7fc98dc elementor-widget elementor-widget-video\" data-id=\"7fc98dc\" data-element_type=\"widget\" data-e-type=\"widget\" data-settings=\"{&quot;youtube_url&quot;:&quot;https:\\\/\\\/www.youtube.com\\\/watch?v=74tT0iXQYf8&quot;,&quot;video_type&quot;:&quot;youtube&quot;,&quot;controls&quot;:&quot;yes&quot;}\" data-widget_type=\"video.default\">\n\t\t\t\t\t\t\t<div class=\"elementor-wrapper elementor-open-inline\">\n\t\t\t<div class=\"elementor-video\"><\/div>\t\t<\/div>\n\t\t\t\t\t\t<\/div>\n\t\t\t\t\t<\/div>\n\t\t\t\t<\/div>\n\t\t<div data-particle_enable=\"false\" data-particle-mobile-disabled=\"false\" class=\"elementor-element elementor-element-a34e6f8 e-flex e-con-boxed e-con e-parent\" data-id=\"a34e6f8\" data-element_type=\"container\" data-e-type=\"container\">\n\t\t\t\t\t<div class=\"e-con-inner\">\n\t\t\t\t<div class=\"elementor-element elementor-element-642f98e elementor-widget elementor-widget-heading\" data-id=\"642f98e\" data-element_type=\"widget\" data-e-type=\"widget\" data-widget_type=\"heading.default\">\n\t\t\t\t\t<h2 class=\"elementor-heading-title elementor-size-default\">Guatemala es deslumbrante<\/h2>\t\t\t\t<\/div>\n\t\t\t\t\t<\/div>\n\t\t\t\t<\/div>\n\t\t<div data-particle_enable=\"false\" data-particle-mobile-disabled=\"false\" class=\"elementor-element elementor-element-6fbaa95 e-flex e-con-boxed e-con e-parent\" data-id=\"6fbaa95\" data-element_type=\"container\" data-e-type=\"container\">\n\t\t\t\t\t<div class=\"e-con-inner\">\n\t\t\t\t<div class=\"elementor-element elementor-element-cdc01d8 elementor-widget elementor-widget-blfe-post-grid\" data-id=\"cdc01d8\" data-element_type=\"widget\" data-e-type=\"widget\" data-settings=\"{&quot;columns&quot;:&quot;3&quot;,&quot;columns_tablet&quot;:&quot;6&quot;,&quot;columns_mobile&quot;:&quot;12&quot;,&quot;hero1_layout_column_gap&quot;:{&quot;unit&quot;:&quot;px&quot;,&quot;size&quot;:30,&quot;sizes&quot;:[]},&quot;hero1_layout_column_gap_tablet&quot;:{&quot;unit&quot;:&quot;px&quot;,&quot;size&quot;:&quot;&quot;,&quot;sizes&quot;:[]},&quot;hero1_layout_column_gap_mobile&quot;:{&quot;unit&quot;:&quot;px&quot;,&quot;size&quot;:&quot;&quot;,&quot;sizes&quot;:[]},&quot;hero1_layout_row_gap&quot;:{&quot;unit&quot;:&quot;px&quot;,&quot;size&quot;:30,&quot;sizes&quot;:[]},&quot;hero1_layout_row_gap_tablet&quot;:{&quot;unit&quot;:&quot;px&quot;,&quot;size&quot;:&quot;&quot;,&quot;sizes&quot;:[]},&quot;hero1_layout_row_gap_mobile&quot;:{&quot;unit&quot;:&quot;px&quot;,&quot;size&quot;:&quot;&quot;,&quot;sizes&quot;:[]}}\" data-widget_type=\"blfe-post-grid.hero1\">\n\t\t\t\t<div class=\"elementor-widget-container\">\n\t\t\t\t\t\n                        <div class=\"blfe-post-grid-container \">\n            \n                <div data-skin=\"hero1\" class=\"blfe-row blfe-posts-inner blfe-hero1 blfe-posts-inner blfe-col-3 blfe-col-tab-6 blfe-col-mob-12     \">\n                            <div class=\"blfe-post-grid-item\">\n            <div class=\"blfe-post-grid-item-inner blfe-modern-zoom\">\n                        <div class=\"blfe-post-grid-bg-image\">\n            <a class=\"blfe-post-grid-image-inner\" href=\"https:\/\/soymigrante.com\/revista\/cerebrex-ultimate-ingenioso-videojuego-guatemalteco-potencia-habilidades-cognitivas-de-los-ninos\/\" title=\"Cerebrex Ultimate:  ingenioso videojuego guatemalteco potencia habilidades cognitivas de los ni\u00f1os\" rel=\"nofollow\" target=\"_blank\"><img decoding=\"async\" src=\"https:\/\/soymigrante.com\/revista\/wp-content\/uploads\/2025\/05\/Cerebrex-Ultimate-1-e1747856655651.webp\" alt=\"Cerebrex Ultimate:  ingenioso videojuego guatemalteco potencia habilidades cognitivas de los ni\u00f1os\"\/><\/a>        <\/div>\n                        <div class=\"blfe-post-grid-details\">\n                    <div class=\"blfe-post-grid-details-inner\">\n                        <span class=\"blfe-post-category\"><a href=\"https:\/\/soymigrante.com\/revista\/category\/guate-nuestra\/\">Guate Nuestra<\/a><\/span>                        <h3 class=\"blfe-post-grid-title\">\n            <a href=\"https:\/\/soymigrante.com\/revista\/cerebrex-ultimate-ingenioso-videojuego-guatemalteco-potencia-habilidades-cognitivas-de-los-ninos\/\" title=\"Cerebrex Ultimate:  ingenioso videojuego guatemalteco potencia habilidades cognitivas de los ni\u00f1os\" rel=\"nofollow\" target=\"_blank\">Cerebrex Ultimate:  ingenioso videojuego guatemalteco potencia habilidades cognitivas de los ni\u00f1os<\/a>\n            <\/h3>                                                            <div class=\"blfe-post-grid-meta\">\n                <span class=\"blfe-post-grid-time\"><i class=\"fas fa-book-reader\"><\/i>3 Min read<\/span>            <\/div>\n                                                        <\/div>\n                <\/div>\n\n            <\/div>\n        <\/div>\n                <div class=\"blfe-post-grid-item\">\n            <div class=\"blfe-post-grid-item-inner blfe-modern-zoom\">\n                        <div class=\"blfe-post-grid-bg-image\">\n            <a class=\"blfe-post-grid-image-inner\" href=\"https:\/\/soymigrante.com\/revista\/chiles-rellenos-de-guatemala-historia-y-preparacion\/\" title=\"Chiles rellenos de Guatemala: una delicia que siempre trae recuerdos. As\u00ed se preparan.\" rel=\"nofollow\" target=\"_blank\"><img decoding=\"async\" src=\"https:\/\/soymigrante.com\/revista\/wp-content\/uploads\/2025\/04\/Chiles-rellenos-e1743539723239.webp\" alt=\"Chiles rellenos de Guatemala: una delicia que siempre trae recuerdos. As\u00ed se preparan.\"\/><\/a>        <\/div>\n                        <div class=\"blfe-post-grid-details\">\n                    <div class=\"blfe-post-grid-details-inner\">\n                        <span class=\"blfe-post-category\"><a href=\"https:\/\/soymigrante.com\/revista\/category\/guate-nuestra\/recetas-guatemaltecas\/\">Recetas guatemaltecas<\/a><\/span>                        <h3 class=\"blfe-post-grid-title\">\n            <a href=\"https:\/\/soymigrante.com\/revista\/chiles-rellenos-de-guatemala-historia-y-preparacion\/\" title=\"Chiles rellenos de Guatemala: una delicia que siempre trae recuerdos. As\u00ed se preparan.\" rel=\"nofollow\" target=\"_blank\">Chiles rellenos de Guatemala: una delicia que siempre trae recuerdos. As\u00ed se preparan.<\/a>\n            <\/h3>                                                            <div class=\"blfe-post-grid-meta\">\n                <span class=\"blfe-post-grid-time\"><i class=\"fas fa-book-reader\"><\/i>4 Min read<\/span>            <\/div>\n                                                        <\/div>\n                <\/div>\n\n            <\/div>\n        <\/div>\n                <div class=\"blfe-post-grid-item\">\n            <div class=\"blfe-post-grid-item-inner blfe-modern-zoom\">\n                        <div class=\"blfe-post-grid-bg-image\">\n            <a class=\"blfe-post-grid-image-inner\" href=\"https:\/\/soymigrante.com\/revista\/antonio-pichilla-quiacain-proyecta-arte-maya-sin-fronteras\/\" title=\"Antonio Pichill\u00e1 Quiaca\u00edn proyecta arte maya sin fronteras\" rel=\"nofollow\" target=\"_blank\"><img decoding=\"async\" src=\"https:\/\/soymigrante.com\/revista\/wp-content\/uploads\/2025\/07\/Antonio-Pichilla.webp\" alt=\"Antonio Pichill\u00e1 Quiaca\u00edn proyecta arte maya sin fronteras\"\/><\/a>        <\/div>\n                        <div class=\"blfe-post-grid-details\">\n                    <div class=\"blfe-post-grid-details-inner\">\n                        <span class=\"blfe-post-category\"><a href=\"https:\/\/soymigrante.com\/revista\/category\/guate-nuestra\/\">Guate Nuestra<\/a><\/span>                        <h3 class=\"blfe-post-grid-title\">\n            <a href=\"https:\/\/soymigrante.com\/revista\/antonio-pichilla-quiacain-proyecta-arte-maya-sin-fronteras\/\" title=\"Antonio Pichill\u00e1 Quiaca\u00edn proyecta arte maya sin fronteras\" rel=\"nofollow\" target=\"_blank\">Antonio Pichill\u00e1 Quiaca\u00edn proyecta arte maya sin fronteras<\/a>\n            <\/h3>                                                            <div class=\"blfe-post-grid-meta\">\n                <span class=\"blfe-post-grid-time\"><i class=\"fas fa-book-reader\"><\/i>5 Min read<\/span>            <\/div>\n                                                        <\/div>\n                <\/div>\n\n            <\/div>\n        <\/div>\n                        <\/div>\n\n                        <\/div>\n            \n                        <div class=\"blfe-post-footer\">\n                        <\/div>\n            \t\t\t\t<\/div>\n\t\t\t\t<\/div>\n\t\t\t\t\t<\/div>\n\t\t\t\t<\/div>\n\t\t\t\t<\/div>\n\t\t","protected":false},"excerpt":{"rendered":"<p>Ubicados en el coraz\u00f3n del altiplano guatemalteco, los volcanes Atitl\u00e1n, Tolim\u00e1n y San Pedro conforman un imponente paisaje alrededor del lago de Atitl\u00e1n. El lago de Atitl\u00e1n es considerado uno de los m\u00e1s bellos del mundo. Estos volcanes gigantes\u00a0 no solo son atractivos tur\u00edsticos, sino tambi\u00e9n s\u00edmbolos de la conexi\u00f3n entre la naturaleza y las [&hellip;]<\/p>\n","protected":false},"author":19,"featured_media":366,"comment_status":"open","ping_status":"open","sticky":false,"template":"","format":"standard","meta":{"_acf_changed":false,"_eb_attr":"","footnotes":""},"categories":[58],"tags":[245],"class_list":["post-10355","post","type-post","status-publish","format-standard","has-post-thumbnail","hentry","category-guate-nuestra","tag-volcanes-de-guatemala"],"acf":[],"aioseo_notices":[],"aioseo_head":"\n\t\t<!-- All in One SEO Pro 4.9.6.2 - aioseo.com -->\n\t<meta name=\"description\" content=\"Antonio Pichill\u00e1 lleva su arte a la esfera global con &quot;Hilos de Eternidad&quot;, una propuesta llena de identidad maya tzutujil, pero con un mensaje para todos\" \/>\n\t<meta name=\"robots\" content=\"max-snippet:-1, max-image-preview:large, max-video-preview:-1\" \/>\n\t<meta name=\"author\" content=\"Marysabel Aldana\"\/>\n\t<link rel=\"canonical\" href=\"https:\/\/soymigrante.com\/revista\/antonio-pichilla-quiacain-proyecta-arte-maya-sin-fronteras\/\" \/>\n\t<meta name=\"generator\" content=\"All in One SEO Pro (AIOSEO) 4.9.6.2\" \/>\n\n\t\t<link rel=\"preconnect\" href=\"https:\/\/fonts.googleapis.com\" crossorigin>\n<link rel=\"preconnect\" href=\"https:\/\/fonts.gstatic.com\" crossorigin>\n\t\t<meta property=\"og:locale\" content=\"es_ES\" \/>\n\t\t<meta property=\"og:site_name\" content=\"SoyMigrante.com REVISTA \u2013 Nuestra misi\u00f3n es reconocer y dignificar al migrante.\" \/>\n\t\t<meta property=\"og:type\" content=\"article\" \/>\n\t\t<meta property=\"og:title\" content=\"Antonio Pichill\u00e1 Quiaca\u00edn proyecta arte maya sin fronteras\" \/>\n\t\t<meta property=\"og:description\" content=\"Antonio Pichill\u00e1 lleva su arte a la esfera global con &quot;Hilos de Eternidad&quot;, una propuesta llena de identidad maya tzutujil, pero con un mensaje para todos\" \/>\n\t\t<meta property=\"og:url\" content=\"https:\/\/soymigrante.com\/revista\/antonio-pichilla-quiacain-proyecta-arte-maya-sin-fronteras\/\" \/>\n\t\t<meta property=\"og:image\" content=\"https:\/\/soymigrante.com\/revista\/wp-content\/uploads\/2025\/07\/Antonio-Pichilla.webp\" \/>\n\t\t<meta property=\"og:image:secure_url\" content=\"https:\/\/soymigrante.com\/revista\/wp-content\/uploads\/2025\/07\/Antonio-Pichilla.webp\" \/>\n\t\t<meta property=\"og:image:width\" content=\"1920\" \/>\n\t\t<meta property=\"og:image:height\" content=\"1229\" \/>\n\t\t<meta property=\"article:published_time\" content=\"2025-07-08T21:33:59+00:00\" \/>\n\t\t<meta property=\"article:modified_time\" content=\"2025-07-08T21:34:09+00:00\" \/>\n\t\t<meta property=\"article:publisher\" content=\"https:\/\/www.facebook.com\/soymigrantecom\" \/>\n\t\t<meta name=\"twitter:card\" content=\"summary_large_image\" \/>\n\t\t<meta name=\"twitter:site\" content=\"@SoyMigrante_com\" \/>\n\t\t<meta name=\"twitter:title\" content=\"Antonio Pichill\u00e1 Quiaca\u00edn proyecta arte maya sin fronteras\" \/>\n\t\t<meta name=\"twitter:description\" content=\"Antonio Pichill\u00e1 lleva su arte a la esfera global con &quot;Hilos de Eternidad&quot;, una propuesta llena de identidad maya tzutujil, pero con un mensaje para todos\" \/>\n\t\t<meta name=\"twitter:creator\" content=\"@SoyMigrante_com\" \/>\n\t\t<meta name=\"twitter:image\" content=\"https:\/\/soymigrante.com\/revista\/wp-content\/uploads\/2025\/07\/Antonio-Pichilla.webp\" \/>\n\t\t<!-- All in One SEO Pro -->\r\n\t\t<title>Antonio Pichill\u00e1 Quiaca\u00edn proyecta arte maya sin fronteras<\/title>\n\n","aioseo_head_json":{"title":"Antonio Pichill\u00e1 Quiaca\u00edn proyecta arte maya sin fronteras","description":"Antonio Pichill\u00e1 lleva su arte a la esfera global con \"Hilos de Eternidad\", una propuesta llena de identidad maya tzutujil, pero con un mensaje para todos","canonical_url":"https:\/\/soymigrante.com\/revista\/antonio-pichilla-quiacain-proyecta-arte-maya-sin-fronteras\/","robots":"max-snippet:-1, max-image-preview:large, max-video-preview:-1","keywords":"","webmasterTools":{"miscellaneous":"&lt;link rel=\"preconnect\" href=\"https:\/\/fonts.googleapis.com\" crossorigin&gt;\n&lt;link rel=\"preconnect\" href=\"https:\/\/fonts.gstatic.com\" crossorigin&gt;"},"schema":null,"og:locale":"es_ES","og:site_name":"SoyMigrante.com REVISTA \u2013 Nuestra misi\u00f3n es reconocer y dignificar al migrante.","og:type":"article","og:title":"Antonio Pichill\u00e1 Quiaca\u00edn proyecta arte maya sin fronteras","og:description":"Antonio Pichill\u00e1 lleva su arte a la esfera global con &quot;Hilos de Eternidad&quot;, una propuesta llena de identidad maya tzutujil, pero con un mensaje para todos","og:url":"https:\/\/soymigrante.com\/revista\/antonio-pichilla-quiacain-proyecta-arte-maya-sin-fronteras\/","og:image":"https:\/\/soymigrante.com\/revista\/wp-content\/uploads\/2025\/07\/Antonio-Pichilla.webp","og:image:secure_url":"https:\/\/soymigrante.com\/revista\/wp-content\/uploads\/2025\/07\/Antonio-Pichilla.webp","og:image:width":1920,"og:image:height":1229,"article:published_time":"2025-07-08T21:33:59+00:00","article:modified_time":"2025-07-08T21:34:09+00:00","article:publisher":"https:\/\/www.facebook.com\/soymigrantecom","twitter:card":"summary_large_image","twitter:site":"@SoyMigrante_com","twitter:title":"Antonio Pichill\u00e1 Quiaca\u00edn proyecta arte maya sin fronteras","twitter:description":"Antonio Pichill\u00e1 lleva su arte a la esfera global con &quot;Hilos de Eternidad&quot;, una propuesta llena de identidad maya tzutujil, pero con un mensaje para todos","twitter:creator":"@SoyMigrante_com","twitter:image":"https:\/\/soymigrante.com\/revista\/wp-content\/uploads\/2025\/07\/Antonio-Pichilla.webp"},"aioseo_meta_data":{"post_id":"10355","title":"Guardianes del lago: los volcanes Atitl\u00e1n, Tolim\u00e1n y San Pedro","description":"El paisaje del lago m\u00e1s hermoso del mundo no ser\u00eda igual sin la presencia majestuosa de tres gigantes: los volcanes Atitl\u00e1n, Tolim\u00e1n y San Pedro. Conoce m\u00e1s sobre ellos.","keywords":null,"keyphrases":{"focus":{"keyphrase":"Atitl\u00e1n","score":91,"analysis":{"keyphraseInTitle":{"score":9,"maxScore":9,"error":0},"keyphraseInDescription":{"score":9,"maxScore":9,"error":0},"keyphraseLength":{"score":9,"maxScore":9,"error":0,"length":2},"keyphraseInURL":{"score":5,"maxScore":5,"error":0},"keyphraseInIntroduction":{"score":9,"maxScore":9,"error":0},"keyphraseInSubHeadings":{"score":3,"maxScore":9,"error":1},"keyphraseInImageAlt":{"score":9,"maxScore":9,"error":0},"keywordDensity":{"type":"best","score":9,"maxScore":9,"error":0}}},"additional":[{"keyphrase":"Atitl\u00e1n","score":100,"analysis":{"keyphraseInDescription":{"score":9,"maxScore":9,"error":0},"keyphraseLength":{"score":9,"maxScore":9,"error":0,"length":2},"keyphraseInIntroduction":{"score":9,"maxScore":9,"error":0},"keyphraseInImageAlt":{"score":9,"maxScore":9,"error":0},"keywordDensity":{"type":"best","score":9,"maxScore":9,"error":0}}},{"keyphrase":"Volcanes","score":100,"analysis":{"keyphraseInDescription":{"score":9,"maxScore":9,"error":0},"keyphraseLength":{"score":9,"maxScore":9,"error":0,"length":1},"keyphraseInIntroduction":{"score":9,"maxScore":9,"error":0},"keyphraseInImageAlt":{"score":9,"maxScore":9,"error":0},"keywordDensity":{"type":"best","score":9,"maxScore":9,"error":0}}}]},"primary_term":null,"canonical_url":null,"og_title":null,"og_description":null,"og_object_type":"default","og_image_type":"default","og_image_url":null,"og_image_width":null,"og_image_height":null,"og_image_custom_url":null,"og_image_custom_fields":null,"og_video":"","og_custom_url":null,"og_article_section":null,"og_article_tags":null,"twitter_use_og":false,"twitter_card":"default","twitter_image_type":"default","twitter_image_url":null,"twitter_image_custom_url":null,"twitter_image_custom_fields":null,"twitter_title":null,"twitter_description":null,"schema":{"blockGraphs":[],"customGraphs":[],"default":{"data":{"Article":[],"Course":[],"Dataset":[],"FAQPage":[],"Movie":[],"Person":[],"Product":[],"ProductReview":[],"Car":[],"Recipe":[],"Service":[],"SoftwareApplication":[],"WebPage":[]},"graphName":"none","isEnabled":true},"graphs":[]},"schema_type":"default","schema_type_options":null,"pillar_content":false,"robots_default":true,"robots_noindex":false,"robots_noarchive":false,"robots_nosnippet":false,"robots_nofollow":false,"robots_noimageindex":false,"robots_noodp":false,"robots_notranslate":false,"robots_max_snippet":"-1","robots_max_videopreview":"-1","robots_max_imagepreview":"large","priority":null,"frequency":"default","local_seo":null,"seo_analyzer_scan_date":"2025-10-09 04:06:09","breadcrumb_settings":null,"limit_modified_date":false,"reviewed_by":"0","open_ai":"{\"title\":{\"suggestions\":[],\"usage\":0},\"description\":{\"suggestions\":[],\"usage\":0}}","ai":null,"created":"2024-10-14 21:06:32","updated":"2026-02-04 22:42:01"},"aioseo_breadcrumb":"<div class=\"aioseo-breadcrumbs\"><span class=\"aioseo-breadcrumb\">\n\t<a href=\"https:\/\/soymigrante.com\/revista\" title=\"Home\">Home<\/a>\n<\/span><span class=\"aioseo-breadcrumb-separator\">\u00bb<\/span><span class=\"aioseo-breadcrumb\">\n\t<a href=\"https:\/\/soymigrante.com\/revista\/category\/guate-nuestra\/\" title=\"Guate Nuestra\">Guate Nuestra<\/a>\n<\/span><span class=\"aioseo-breadcrumb-separator\">\u00bb<\/span><span class=\"aioseo-breadcrumb\">\n\tTres gigantes custodian el lago de Atitl\u00e1n: los volcanes Atitl\u00e1n, Tolim\u00e1n y San Pedro\n<\/span><\/div>","aioseo_breadcrumb_json":[{"label":"Home","link":"https:\/\/soymigrante.com\/revista"},{"label":"Guate Nuestra","link":"https:\/\/soymigrante.com\/revista\/category\/guate-nuestra\/"},{"label":"Tres gigantes custodian el lago de Atitl\u00e1n: los volcanes Atitl\u00e1n, Tolim\u00e1n y San Pedro","link":"https:\/\/soymigrante.com\/revista\/tres-hermanos-tres-guardianes-del-lago-los-volcanes-atitlan-toliman-y-san-pedro\/"}],"_links":{"self":[{"href":"https:\/\/soymigrante.com\/revista\/wp-json\/wp\/v2\/posts\/10355","targetHints":{"allow":["GET"]}}],"collection":[{"href":"https:\/\/soymigrante.com\/revista\/wp-json\/wp\/v2\/posts"}],"about":[{"href":"https:\/\/soymigrante.com\/revista\/wp-json\/wp\/v2\/types\/post"}],"author":[{"embeddable":true,"href":"https:\/\/soymigrante.com\/revista\/wp-json\/wp\/v2\/users\/19"}],"replies":[{"embeddable":true,"href":"https:\/\/soymigrante.com\/revista\/wp-json\/wp\/v2\/comments?post=10355"}],"version-history":[{"count":1,"href":"https:\/\/soymigrante.com\/revista\/wp-json\/wp\/v2\/posts\/10355\/revisions"}],"predecessor-version":[{"id":36141,"href":"https:\/\/soymigrante.com\/revista\/wp-json\/wp\/v2\/posts\/10355\/revisions\/36141"}],"wp:featuredmedia":[{"embeddable":true,"href":"https:\/\/soymigrante.com\/revista\/wp-json\/wp\/v2\/media\/366"}],"wp:attachment":[{"href":"https:\/\/soymigrante.com\/revista\/wp-json\/wp\/v2\/media?parent=10355"}],"wp:term":[{"taxonomy":"category","embeddable":true,"href":"https:\/\/soymigrante.com\/revista\/wp-json\/wp\/v2\/categories?post=10355"},{"taxonomy":"post_tag","embeddable":true,"href":"https:\/\/soymigrante.com\/revista\/wp-json\/wp\/v2\/tags?post=10355"}],"curies":[{"name":"wp","href":"https:\/\/api.w.org\/{rel}","templated":true}]}}