{"id":10335,"date":"2024-10-15T11:06:42","date_gmt":"2024-10-15T17:06:42","guid":{"rendered":"https:\/\/soymigrante.com\/revista\/?p=10335"},"modified":"2024-10-31T21:27:45","modified_gmt":"2024-11-01T03:27:45","slug":"conoce-a-los-connacionales-que-seran-homenajeados-el-dia-del-guatemalteco-en-los-angeles","status":"publish","type":"post","link":"https:\/\/soymigrante.com\/revista\/conoce-a-los-connacionales-que-seran-homenajeados-el-dia-del-guatemalteco-en-los-angeles\/","title":{"rendered":"El D\u00eda del Guatemalteco en Los Angeles: conoce a los connacionales que ser\u00e1n homenajeados"},"content":{"rendered":"\t\t<div data-elementor-type=\"wp-post\" data-elementor-id=\"10335\" class=\"elementor elementor-10335\" data-elementor-post-type=\"post\">\n\t\t\t\t<div data-particle_enable=\"false\" data-particle-mobile-disabled=\"false\" class=\"elementor-element elementor-element-14012e0 e-flex e-con-boxed e-con e-parent\" data-id=\"14012e0\" data-element_type=\"container\" data-e-type=\"container\">\n\t\t\t\t\t<div class=\"e-con-inner\">\n\t\t\t\t<div class=\"elementor-element elementor-element-890daf4 elementor-widget elementor-widget-heading\" data-id=\"890daf4\" data-element_type=\"widget\" data-e-type=\"widget\" data-widget_type=\"heading.default\">\n\t\t\t\t\t<h2 class=\"elementor-heading-title elementor-size-default\">Ellos son los guatemaltecos que recibir\u00e1n un reconocimiento en el D\u00eda del Guatemalteco, que se celebrar\u00e1 el pr\u00f3ximo 20 de octubre en la ciudad de Los Angeles.<\/h2>\t\t\t\t<\/div>\n\t\t\t\t\t<\/div>\n\t\t\t\t<\/div>\n\t\t<div data-particle_enable=\"false\" data-particle-mobile-disabled=\"false\" class=\"elementor-element elementor-element-0ed94ff e-flex e-con-boxed e-con e-parent\" data-id=\"0ed94ff\" data-element_type=\"container\" data-e-type=\"container\">\n\t\t\t\t\t<div class=\"e-con-inner\">\n\t\t\t\t<div class=\"elementor-element elementor-element-164d32c elementor-widget elementor-widget-text-editor\" data-id=\"164d32c\" data-element_type=\"widget\" data-e-type=\"widget\" data-widget_type=\"text-editor.default\">\n\t\t\t\t\t\t\t\t\t<p>En el&nbsp;<a href=\"https:\/\/soymigrante.com\/revista\/el-dia-del-guatemalteco-en-los-angeles-dignifica-y-resalta-la-presencia-chapina-en-usa\/\" target=\"_blank\" rel=\"noopener\">D\u00eda del Guatemalteco<\/a>, las autoridades de Los Angeles han decido apoyar en tan importante conmemoraci\u00f3n para la comunidad guatemalteca que vive en esa ciudad. Sera esa el gobierno de esa ciudad en conjunto con la Asociaci\u00f3n Guatemalteca Americana que esta noche ser\u00e1n homenajeados varios guatemaltecos&nbsp;<span style=\"font-family: Roboto, sans-serif;font-size: 16px;font-style: normal;font-weight: 400;color: var( --e-global-color-text );text-align: var(--text-align)\">&nbsp;que llenan de orgullo a la comunidad local, se dar\u00e1<\/span><span style=\"color: var( --e-global-color-text );text-align: var(--text-align)\">&nbsp;un brindis y una cena.<\/span><\/p>\n<p>Entre las categor\u00edas para los reconocimientos est\u00e1n Empresario del A\u00f1o, Embajador de la Cultura, Premio a la Excelencia, &nbsp;Periodista del A\u00f1o, Empresa del A\u00f1o, Organizaci\u00f3n No Lucrativa del A\u00f1o y Embajador Humanitario. Estos son los 15 guatemaltecos a ser homenajeados esa noche.&nbsp;<\/p>\t\t\t\t\t\t\t\t<\/div>\n\t\t\t\t\t<\/div>\n\t\t\t\t<\/div>\n\t\t<div data-particle_enable=\"false\" data-particle-mobile-disabled=\"false\" class=\"elementor-element elementor-element-11e9b5d e-flex e-con-boxed e-con e-parent\" data-id=\"11e9b5d\" data-element_type=\"container\" data-e-type=\"container\">\n\t\t\t\t\t<div class=\"e-con-inner\">\n\t\t\t\t<div class=\"elementor-element elementor-element-8aaa134 elementor-widget elementor-widget-image\" data-id=\"8aaa134\" data-element_type=\"widget\" data-e-type=\"widget\" data-widget_type=\"image.default\">\n\t\t\t\t\t\t\t\t\t\t\t\t\t\t\t<img fetchpriority=\"high\" decoding=\"async\" width=\"768\" height=\"1024\" src=\"https:\/\/soymigrante.com\/revista\/wp-content\/uploads\/2024\/10\/protocolar-768x1024.webp\" class=\"attachment-large size-large wp-image-10351\" alt=\"Celebraci\u00f3n del D\u00eda del Guatemalteco por la Asociaci\u00f3n Guatemalteca Americana en Los \u00c1ngeles, con ceremonia oficial por 15 a\u00f1os de fundaci\u00f3n, en un evento cultural que une a la comunidad guatemalteca en EE. UU.\" srcset=\"https:\/\/soymigrante.com\/revista\/wp-content\/uploads\/2024\/10\/protocolar-768x1024.webp 768w, https:\/\/soymigrante.com\/revista\/wp-content\/uploads\/2024\/10\/protocolar-225x300.webp 225w, https:\/\/soymigrante.com\/revista\/wp-content\/uploads\/2024\/10\/protocolar-750x1000.webp 750w, https:\/\/soymigrante.com\/revista\/wp-content\/uploads\/2024\/10\/protocolar.webp 1080w\" sizes=\"(max-width: 768px) 100vw, 768px\" title=\"protocolar \u2013 SoyMigrante.com REVISTA\" \/>\t\t\t\t\t\t\t\t\t\t\t\t\t\t\t<\/div>\n\t\t\t\t\t<\/div>\n\t\t\t\t<\/div>\n\t\t<div data-particle_enable=\"false\" data-particle-mobile-disabled=\"false\" class=\"elementor-element elementor-element-2dc8582 e-flex e-con-boxed e-con e-parent\" data-id=\"2dc8582\" data-element_type=\"container\" data-e-type=\"container\">\n\t\t\t\t\t<div class=\"e-con-inner\">\n\t\t\t\t<div class=\"elementor-element elementor-element-35bb14d elementor-widget elementor-widget-heading\" data-id=\"35bb14d\" data-element_type=\"widget\" data-e-type=\"widget\" data-widget_type=\"heading.default\">\n\t\t\t\t\t<h3 class=\"elementor-heading-title elementor-size-default\">Herlindo Ord\u00f3\u00f1ez<\/h3>\t\t\t\t<\/div>\n\t\t\t\t\t<\/div>\n\t\t\t\t<\/div>\n\t\t<div data-particle_enable=\"false\" data-particle-mobile-disabled=\"false\" class=\"elementor-element elementor-element-3c84097 e-flex e-con-boxed e-con e-parent\" data-id=\"3c84097\" data-element_type=\"container\" data-e-type=\"container\">\n\t\t\t\t\t<div class=\"e-con-inner\">\n\t\t\t\t<div class=\"elementor-element elementor-element-dc377ae elementor-widget elementor-widget-text-editor\" data-id=\"dc377ae\" data-element_type=\"widget\" data-e-type=\"widget\" data-widget_type=\"text-editor.default\">\n\t\t\t\t\t\t\t\t\t<p><strong>Empresario del A\u00f1o<\/strong><\/p><p><span style=\"color: var( --e-global-color-text );text-align: var(--text-align)\">Migr\u00f3 a Estados Unidos hace 25 a\u00f1os. Comenz\u00f3 a en la construcci\u00f3n, ventas y jardiner\u00eda luego empez\u00f3 a trabajar en negocios de shucos donde aprendi\u00f3 a preparar variedad de este popular pan. Ahora tiene dos restaurantes de comida guatemalteca. Despu\u00e9s de 8 a\u00f1os desde la creaci\u00f3n de Don Shuco, Herlindo Ordo\u00f1ez es uno de los galardonados en el D\u00eda del <a href=\"https:\/\/soymigrante.com\/revista\/siete-expresiones-de-multiculturalidad-guatemalteca-ganan-fuerza-en-usa\/\">Guatemalteca.<\/a> \u201cYo tengo un seu\u00f1o, que alg\u00fan d\u00eda los shucos sean tan famosos como los tacos mexicanos\u201d.\u00a0 \u00a0<\/span><\/p>\t\t\t\t\t\t\t\t<\/div>\n\t\t\t\t\t<\/div>\n\t\t\t\t<\/div>\n\t\t<div data-particle_enable=\"false\" data-particle-mobile-disabled=\"false\" class=\"elementor-element elementor-element-6016665 e-flex e-con-boxed e-con e-parent\" data-id=\"6016665\" data-element_type=\"container\" data-e-type=\"container\">\n\t\t\t\t\t<div class=\"e-con-inner\">\n\t\t\t\t<div class=\"elementor-element elementor-element-0b96702 elementor-widget elementor-widget-image\" data-id=\"0b96702\" data-element_type=\"widget\" data-e-type=\"widget\" data-widget_type=\"image.default\">\n\t\t\t\t\t\t\t\t\t\t\t\t<figure class=\"wp-caption\">\n\t\t\t\t\t\t\t\t\t\t<img decoding=\"async\" width=\"441\" height=\"487\" src=\"https:\/\/soymigrante.com\/revista\/wp-content\/uploads\/2024\/10\/Herlindo-ortodonez-semana-del-guatemalteco2.webp\" class=\"attachment-large size-large wp-image-10339\" alt=\"Reconocido profesional en evento cultural y social, celebrando el orgullo guatemalteco 2024, en el marco de la revista SoyMigrante.com Revista.\" srcset=\"https:\/\/soymigrante.com\/revista\/wp-content\/uploads\/2024\/10\/Herlindo-ortodonez-semana-del-guatemalteco2.webp 441w, https:\/\/soymigrante.com\/revista\/wp-content\/uploads\/2024\/10\/Herlindo-ortodonez-semana-del-guatemalteco2-272x300.webp 272w\" sizes=\"(max-width: 441px) 100vw, 441px\" title=\"Herlindo ortodo\u00f1ez semana del guatemalteco2 \u2013 SoyMigrante.com REVISTA\" \/>\t\t\t\t\t\t\t\t\t\t\t<figcaption class=\"widget-image-caption wp-caption-text\">Mujer de negocios en evento de orgullo guatemalteco 2024, promoviendo cultura y migraci\u00f3n positiva en la revista SoyMigrante.com.<\/figcaption>\n\t\t\t\t\t\t\t\t\t\t<\/figure>\n\t\t\t\t\t\t\t\t\t<\/div>\n\t\t\t\t\t<\/div>\n\t\t\t\t<\/div>\n\t\t<div data-particle_enable=\"false\" data-particle-mobile-disabled=\"false\" class=\"elementor-element elementor-element-5617665 e-flex e-con-boxed e-con e-parent\" data-id=\"5617665\" data-element_type=\"container\" data-e-type=\"container\">\n\t\t\t\t\t<div class=\"e-con-inner\">\n\t\t\t\t<div class=\"elementor-element elementor-element-9f62e01 elementor-widget elementor-widget-heading\" data-id=\"9f62e01\" data-element_type=\"widget\" data-e-type=\"widget\" data-widget_type=\"heading.default\">\n\t\t\t\t\t<h3 class=\"elementor-heading-title elementor-size-default\">Mariela Osorio Pozuelos<\/h3>\t\t\t\t<\/div>\n\t\t\t\t\t<\/div>\n\t\t\t\t<\/div>\n\t\t<div data-particle_enable=\"false\" data-particle-mobile-disabled=\"false\" class=\"elementor-element elementor-element-9f07158 e-flex e-con-boxed e-con e-parent\" data-id=\"9f07158\" data-element_type=\"container\" data-e-type=\"container\">\n\t\t\t\t\t<div class=\"e-con-inner\">\n\t\t\t\t<div class=\"elementor-element elementor-element-bf0fe1c elementor-widget elementor-widget-text-editor\" data-id=\"bf0fe1c\" data-element_type=\"widget\" data-e-type=\"widget\" data-widget_type=\"text-editor.default\">\n\t\t\t\t\t\t\t\t\t<p><strong>Embajadora de la cultura<\/strong><\/p><p>Originaria es Oriente, Santa Rosa. Ha laborado como ama de llaves, asistente, chofer y ni\u00f1era en hogar de familias jud\u00edas reconocidas. \u201cSin duda alguna ha sido mi mayor bendici\u00f3n\u201d, refiere Mariela Osorio Pozuelos.<\/p>\t\t\t\t\t\t\t\t<\/div>\n\t\t\t\t\t<\/div>\n\t\t\t\t<\/div>\n\t\t<div data-particle_enable=\"false\" data-particle-mobile-disabled=\"false\" class=\"elementor-element elementor-element-03c4979 e-flex e-con-boxed e-con e-parent\" data-id=\"03c4979\" data-element_type=\"container\" data-e-type=\"container\">\n\t\t\t\t\t<div class=\"e-con-inner\">\n\t\t\t\t<div class=\"elementor-element elementor-element-88f3c7f elementor-widget elementor-widget-image\" data-id=\"88f3c7f\" data-element_type=\"widget\" data-e-type=\"widget\" data-widget_type=\"image.default\">\n\t\t\t\t\t\t\t\t\t\t\t\t<figure class=\"wp-caption\">\n\t\t\t\t\t\t\t\t\t\t<img decoding=\"async\" width=\"445\" height=\"336\" src=\"https:\/\/soymigrante.com\/revista\/wp-content\/uploads\/2024\/10\/Mariela-Pozuelo.webp\" class=\"attachment-large size-large wp-image-10340\" alt=\"Una mujer guatemalteca vestida con traje tradicional, sonriendo, en celebraci\u00f3n cultural, en un evento del D\u00eda del Guatemalteco 2024.\" srcset=\"https:\/\/soymigrante.com\/revista\/wp-content\/uploads\/2024\/10\/Mariela-Pozuelo.webp 445w, https:\/\/soymigrante.com\/revista\/wp-content\/uploads\/2024\/10\/Mariela-Pozuelo-300x227.webp 300w\" sizes=\"(max-width: 445px) 100vw, 445px\" title=\"Mariela Pozuelo \u2013 SoyMigrante.com REVISTA\" \/>\t\t\t\t\t\t\t\t\t\t\t<figcaption class=\"widget-image-caption wp-caption-text\">Celebramos el Orgullo Guatemalteco 2024 en el D\u00eda del Guatemalteco, destacando la cultura, tradiciones y orgullo nacional en una celebraci\u00f3n especial y festiva.<\/figcaption>\n\t\t\t\t\t\t\t\t\t\t<\/figure>\n\t\t\t\t\t\t\t\t\t<\/div>\n\t\t\t\t\t<\/div>\n\t\t\t\t<\/div>\n\t\t<div data-particle_enable=\"false\" data-particle-mobile-disabled=\"false\" class=\"elementor-element elementor-element-e10b37d e-flex e-con-boxed e-con e-parent\" data-id=\"e10b37d\" data-element_type=\"container\" data-e-type=\"container\">\n\t\t\t\t\t<div class=\"e-con-inner\">\n\t\t\t\t<div class=\"elementor-element elementor-element-44e2386 elementor-widget elementor-widget-heading\" data-id=\"44e2386\" data-element_type=\"widget\" data-e-type=\"widget\" data-widget_type=\"heading.default\">\n\t\t\t\t\t<h3 class=\"elementor-heading-title elementor-size-default\">Rosauro Esteban Chonay<\/h3>\t\t\t\t<\/div>\n\t\t\t\t\t<\/div>\n\t\t\t\t<\/div>\n\t\t<div data-particle_enable=\"false\" data-particle-mobile-disabled=\"false\" class=\"elementor-element elementor-element-83ab78a e-flex e-con-boxed e-con e-parent\" data-id=\"83ab78a\" data-element_type=\"container\" data-e-type=\"container\">\n\t\t\t\t\t<div class=\"e-con-inner\">\n\t\t\t\t<div class=\"elementor-element elementor-element-378ae14 elementor-widget elementor-widget-text-editor\" data-id=\"378ae14\" data-element_type=\"widget\" data-e-type=\"widget\" data-widget_type=\"text-editor.default\">\n\t\t\t\t\t\t\t\t\t<p><strong>Premio a la excelencia<\/strong><\/p><p>Rosauro Chonay naci\u00f3 en Suchitepquez, San Francisco Sapotitl\u00e1n. Su padre le ense\u00f1o el amor por la marimba desde muy peque\u00f1o. \u00c9l ten\u00eda un taller de carpinter\u00eda y le fascinaba trabajar las teclas del instrumento. As\u00ed que Rosauro junto a sus hermanos aprendieron ese noble oficio. Ahora es integrante de la Marimba Perla Tuneca, en honor a su madre. Como compositor tambi\u00e9n da clases de marimba. Gracias a su pasi\u00f3n por la marimba ha recorrido varias ciudades de Estados Unidos<\/p>\t\t\t\t\t\t\t\t<\/div>\n\t\t\t\t\t<\/div>\n\t\t\t\t<\/div>\n\t\t<div data-particle_enable=\"false\" data-particle-mobile-disabled=\"false\" class=\"elementor-element elementor-element-8e6244e e-flex e-con-boxed e-con e-parent\" data-id=\"8e6244e\" data-element_type=\"container\" data-e-type=\"container\">\n\t\t\t\t\t<div class=\"e-con-inner\">\n\t\t\t\t<div class=\"elementor-element elementor-element-944e29a elementor-widget elementor-widget-image\" data-id=\"944e29a\" data-element_type=\"widget\" data-e-type=\"widget\" data-widget_type=\"image.default\">\n\t\t\t\t\t\t\t\t\t\t\t\t<figure class=\"wp-caption\">\n\t\t\t\t\t\t\t\t\t\t<img loading=\"lazy\" decoding=\"async\" width=\"492\" height=\"360\" src=\"https:\/\/soymigrante.com\/revista\/wp-content\/uploads\/2024\/10\/Rosauro-marimba-tuneca-soy-migrante.webp\" class=\"attachment-large size-large wp-image-10341\" alt=\"Arpa de percusi\u00f3n tradicional guatemalteca en celebraci\u00f3n cultural, con s\u00edmbolo de orgullo nacional y reconocimiento para el D\u00eda del Guatemalteco 2024. Relacionado con la revista SoyMigrante.com.\" srcset=\"https:\/\/soymigrante.com\/revista\/wp-content\/uploads\/2024\/10\/Rosauro-marimba-tuneca-soy-migrante.webp 492w, https:\/\/soymigrante.com\/revista\/wp-content\/uploads\/2024\/10\/Rosauro-marimba-tuneca-soy-migrante-300x220.webp 300w\" sizes=\"(max-width: 492px) 100vw, 492px\" title=\"Rosauro marimba tuneca soy migrante \u2013 SoyMigrante.com REVISTA\" \/>\t\t\t\t\t\t\t\t\t\t\t<figcaption class=\"widget-image-caption wp-caption-text\">Guatemalteco celebrando D\u00eda del Guatemalteco 2024, orgullo nacional, cultura y tradiciones guatemaltecas, en la revista SoyMigrante.com.<\/figcaption>\n\t\t\t\t\t\t\t\t\t\t<\/figure>\n\t\t\t\t\t\t\t\t\t<\/div>\n\t\t\t\t\t<\/div>\n\t\t\t\t<\/div>\n\t\t<div data-particle_enable=\"false\" data-particle-mobile-disabled=\"false\" class=\"elementor-element elementor-element-5f8116a e-flex e-con-boxed e-con e-parent\" data-id=\"5f8116a\" data-element_type=\"container\" data-e-type=\"container\">\n\t\t\t\t\t<div class=\"e-con-inner\">\n\t\t\t\t<div class=\"elementor-element elementor-element-ddf5b29 elementor-widget elementor-widget-heading\" data-id=\"ddf5b29\" data-element_type=\"widget\" data-e-type=\"widget\" data-widget_type=\"heading.default\">\n\t\t\t\t\t<h3 class=\"elementor-heading-title elementor-size-default\">Alejandro L\u00f3pez Gramajo<\/h3>\t\t\t\t<\/div>\n\t\t\t\t\t<\/div>\n\t\t\t\t<\/div>\n\t\t<div data-particle_enable=\"false\" data-particle-mobile-disabled=\"false\" class=\"elementor-element elementor-element-886cd53 e-flex e-con-boxed e-con e-parent\" data-id=\"886cd53\" data-element_type=\"container\" data-e-type=\"container\">\n\t\t\t\t\t<div class=\"e-con-inner\">\n\t\t\t\t<div class=\"elementor-element elementor-element-fb952b5 elementor-widget elementor-widget-text-editor\" data-id=\"fb952b5\" data-element_type=\"widget\" data-e-type=\"widget\" data-widget_type=\"text-editor.default\">\n\t\t\t\t\t\t\t\t\t<p><strong>Premio a la Excelencia<\/strong><\/p><p>Alejandro L\u00f3pez es originario de Coatepeque, Quetzaltenango. En 1980 se gradu\u00f3 de contador p\u00fablico. Tambi\u00e9n aprendi\u00f3 a elaborar planos t\u00e9cnicos para el \u00e1rea de construcci\u00f3n en el Intecap. Durante 10 a\u00f1os trabaj\u00f3 como asistente en una planta de agroqu\u00edmica en Guatemala. En 1985 migr\u00f3 a Estados Unidos y estudi\u00f3 sobre el mantenimiento de piscinas y se gradu\u00f3 con licencia B como contratista general para la construcci\u00f3n de viviendas y edificios. Fund\u00f3 el\u00a0<a href=\"https:\/\/soymigrante.com\/revista\/la-emocion-de-ir-al-estadio-migrantes-guatemaltecos-en-usa\/\" target=\"_blank\" rel=\"noopener\">equipo de futbol<\/a>\u00a0Deportivo Coatepeque hace 35 a\u00f1os, equipo que preside. Hace 30 a\u00f1os obtuvo la ciudadan\u00eda estadounidense. \u201cMe siento orgulloso de ser guatemalteco\u201d.<\/p><p>\u00a0<\/p>\t\t\t\t\t\t\t\t<\/div>\n\t\t\t\t\t<\/div>\n\t\t\t\t<\/div>\n\t\t<div data-particle_enable=\"false\" data-particle-mobile-disabled=\"false\" class=\"elementor-element elementor-element-0f3b507 e-flex e-con-boxed e-con e-parent\" data-id=\"0f3b507\" data-element_type=\"container\" data-e-type=\"container\">\n\t\t\t\t\t<div class=\"e-con-inner\">\n\t\t\t\t<div class=\"elementor-element elementor-element-f85b467 elementor-widget elementor-widget-image\" data-id=\"f85b467\" data-element_type=\"widget\" data-e-type=\"widget\" data-widget_type=\"image.default\">\n\t\t\t\t\t\t\t\t\t\t\t\t<figure class=\"wp-caption\">\n\t\t\t\t\t\t\t\t\t\t<img loading=\"lazy\" decoding=\"async\" width=\"498\" height=\"371\" src=\"https:\/\/soymigrante.com\/revista\/wp-content\/uploads\/2024\/10\/Alejandro-Lopez-Gramajo-Semana-del-Guatemalteco.webp\" class=\"attachment-large size-large wp-image-10342\" alt=\"Hombre guatemalteco con expresi\u00f3n seria, retrato cercano, en un fondo blanco.\" srcset=\"https:\/\/soymigrante.com\/revista\/wp-content\/uploads\/2024\/10\/Alejandro-Lopez-Gramajo-Semana-del-Guatemalteco.webp 498w, https:\/\/soymigrante.com\/revista\/wp-content\/uploads\/2024\/10\/Alejandro-Lopez-Gramajo-Semana-del-Guatemalteco-300x223.webp 300w\" sizes=\"(max-width: 498px) 100vw, 498px\" title=\"Alejandro Lopez Gramajo Semana del Guatemalteco \u2013 SoyMigrante.com REVISTA\" \/>\t\t\t\t\t\t\t\t\t\t\t<figcaption class=\"widget-image-caption wp-caption-text\">Celebraci\u00f3n del orgullo guatemalteco 2024, con reconocimiento a la identidad y cultura de Guatemala, para la comunidad migrantada, en el marco del D\u00eda del Guatemalteco.<\/figcaption>\n\t\t\t\t\t\t\t\t\t\t<\/figure>\n\t\t\t\t\t\t\t\t\t<\/div>\n\t\t\t\t\t<\/div>\n\t\t\t\t<\/div>\n\t\t<div data-particle_enable=\"false\" data-particle-mobile-disabled=\"false\" class=\"elementor-element elementor-element-fcd881c e-flex e-con-boxed e-con e-parent\" data-id=\"fcd881c\" data-element_type=\"container\" data-e-type=\"container\">\n\t\t\t\t\t<div class=\"e-con-inner\">\n\t\t\t\t<div class=\"elementor-element elementor-element-01e2127 elementor-widget elementor-widget-heading\" data-id=\"01e2127\" data-element_type=\"widget\" data-e-type=\"widget\" data-widget_type=\"heading.default\">\n\t\t\t\t\t<h3 class=\"elementor-heading-title elementor-size-default\">Ernesto Cornejo<\/h3>\t\t\t\t<\/div>\n\t\t\t\t\t<\/div>\n\t\t\t\t<\/div>\n\t\t<div data-particle_enable=\"false\" data-particle-mobile-disabled=\"false\" class=\"elementor-element elementor-element-46ff290 e-flex e-con-boxed e-con e-parent\" data-id=\"46ff290\" data-element_type=\"container\" data-e-type=\"container\">\n\t\t\t\t\t<div class=\"e-con-inner\">\n\t\t\t\t<div class=\"elementor-element elementor-element-f54b909 elementor-widget elementor-widget-text-editor\" data-id=\"f54b909\" data-element_type=\"widget\" data-e-type=\"widget\" data-widget_type=\"text-editor.default\">\n\t\t\t\t\t\t\t\t\t<p><strong>Periodista del A\u00f1o<\/strong> <\/p><p>Es un joven periodista que desde hace 12 a\u00f1os se dedica a los medios de comunicaci\u00f3n. Desde hace 4 a\u00f1os trabaja como corresponsal de noticias en RNA Latinoam\u00e9rica en la Ciudad de Los \u00c1ngeles C.A desde ah\u00ed informa para M\u00e9xico, Centroam\u00e9rica y Suram\u00e9rica sobre los hechos m\u00e1s destacados de la comunidad latina como eventos culturas, sociales, econ\u00f3micos e historias de migrantes que dejaron sus pa\u00edses de origen en b\u00fasqueda de mejores oportunidades y ahora descantan dentro de la sociedad estadounidense.<\/p>\t\t\t\t\t\t\t\t<\/div>\n\t\t\t\t\t<\/div>\n\t\t\t\t<\/div>\n\t\t<div data-particle_enable=\"false\" data-particle-mobile-disabled=\"false\" class=\"elementor-element elementor-element-618aac3 e-flex e-con-boxed e-con e-parent\" data-id=\"618aac3\" data-element_type=\"container\" data-e-type=\"container\">\n\t\t\t\t\t<div class=\"e-con-inner\">\n\t\t\t\t<div class=\"elementor-element elementor-element-cc58dc4 elementor-widget elementor-widget-image\" data-id=\"cc58dc4\" data-element_type=\"widget\" data-e-type=\"widget\" data-widget_type=\"image.default\">\n\t\t\t\t\t\t\t\t\t\t\t\t<figure class=\"wp-caption\">\n\t\t\t\t\t\t\t\t\t\t<img loading=\"lazy\" decoding=\"async\" width=\"501\" height=\"248\" src=\"https:\/\/soymigrante.com\/revista\/wp-content\/uploads\/2024\/10\/Ernesto-Cornejo-soy-migrante.webp\" class=\"attachment-1536x1536 size-1536x1536 wp-image-10343\" alt=\"Innovador programa de televisi\u00f3n en SoyMigrante.com REVISTA que resalta historias de migrantes y cultura guatemalteca, promoviendo orgullo y comunidad en Guatemala y la di\u00e1spora.\" srcset=\"https:\/\/soymigrante.com\/revista\/wp-content\/uploads\/2024\/10\/Ernesto-Cornejo-soy-migrante.webp 501w, https:\/\/soymigrante.com\/revista\/wp-content\/uploads\/2024\/10\/Ernesto-Cornejo-soy-migrante-300x149.webp 300w\" sizes=\"(max-width: 501px) 100vw, 501px\" title=\"Ernesto Cornejo soy migrante \u2013 SoyMigrante.com REVISTA\" \/>\t\t\t\t\t\t\t\t\t\t\t<figcaption class=\"widget-image-caption wp-caption-text\">Celebramos el orgullo guatemalteco con eventos y actividades que promueven la cultura, historia y logros de Guatemala en 2024, fortaleciendo la identidad y el esp\u00edritu nacional.<\/figcaption>\n\t\t\t\t\t\t\t\t\t\t<\/figure>\n\t\t\t\t\t\t\t\t\t<\/div>\n\t\t\t\t\t<\/div>\n\t\t\t\t<\/div>\n\t\t<div data-particle_enable=\"false\" data-particle-mobile-disabled=\"false\" class=\"elementor-element elementor-element-519d0cc e-flex e-con-boxed e-con e-parent\" data-id=\"519d0cc\" data-element_type=\"container\" data-e-type=\"container\">\n\t\t\t\t\t<div class=\"e-con-inner\">\n\t\t\t\t<div class=\"elementor-element elementor-element-835e18f elementor-widget elementor-widget-heading\" data-id=\"835e18f\" data-element_type=\"widget\" data-e-type=\"widget\" data-widget_type=\"heading.default\">\n\t\t\t\t\t<h3 class=\"elementor-heading-title elementor-size-default\">Luis Donis<\/h3>\t\t\t\t<\/div>\n\t\t\t\t\t<\/div>\n\t\t\t\t<\/div>\n\t\t<div data-particle_enable=\"false\" data-particle-mobile-disabled=\"false\" class=\"elementor-element elementor-element-b5e17b3 e-flex e-con-boxed e-con e-parent\" data-id=\"b5e17b3\" data-element_type=\"container\" data-e-type=\"container\">\n\t\t\t\t\t<div class=\"e-con-inner\">\n\t\t\t\t<div class=\"elementor-element elementor-element-deb4337 elementor-widget elementor-widget-text-editor\" data-id=\"deb4337\" data-element_type=\"widget\" data-e-type=\"widget\" data-widget_type=\"text-editor.default\">\n\t\t\t\t\t\t\t\t\t<p><strong>Premi\u00f3 a la Excelencia\u00a0<\/strong><\/p><p>Luis Donis es m\u00fasico, compositor y l\u00edder cultural guatemalteco. Fund\u00f3 la banda Radio Viejo, reconocida banda de rock en espa\u00f1ol. Lleva en la industria musical m\u00e1s de 30 a\u00f1os. Su agrupaci\u00f3n ha lanzado 4 \u00e1lbumes y varios sencillos. Lucha para mejorar las condiciones de los m\u00fasicos guatemaltecos. En Estados Unidos participa activamente en iniciativas sociales y culturales. Adem\u00e1s promueve la equidad, justicia y creatividad en el \u00e1mbito musical en la ciudad de Los Angeles.<\/p><p>\u00a0<\/p>\t\t\t\t\t\t\t\t<\/div>\n\t\t\t\t\t<\/div>\n\t\t\t\t<\/div>\n\t\t<div data-particle_enable=\"false\" data-particle-mobile-disabled=\"false\" class=\"elementor-element elementor-element-5da2f14 e-flex e-con-boxed e-con e-parent\" data-id=\"5da2f14\" data-element_type=\"container\" data-e-type=\"container\">\n\t\t\t\t\t<div class=\"e-con-inner\">\n\t\t\t\t<div class=\"elementor-element elementor-element-a45f05b elementor-widget elementor-widget-image\" data-id=\"a45f05b\" data-element_type=\"widget\" data-e-type=\"widget\" data-widget_type=\"image.default\">\n\t\t\t\t\t\t\t\t\t\t\t\t<figure class=\"wp-caption\">\n\t\t\t\t\t\t\t\t\t\t<img loading=\"lazy\" decoding=\"async\" width=\"476\" height=\"305\" src=\"https:\/\/soymigrante.com\/revista\/wp-content\/uploads\/2024\/10\/radio-viejo-soy-migrante.webp\" class=\"attachment-large size-large wp-image-10344\" alt=\"Guitarrista guatemalteco en escenario durante celebraci\u00f3n del D\u00eda del Guatemalteco 2024 con fondo oscuro y decoraci\u00f3n festiva.\" srcset=\"https:\/\/soymigrante.com\/revista\/wp-content\/uploads\/2024\/10\/radio-viejo-soy-migrante.webp 476w, https:\/\/soymigrante.com\/revista\/wp-content\/uploads\/2024\/10\/radio-viejo-soy-migrante-300x192.webp 300w\" sizes=\"(max-width: 476px) 100vw, 476px\" title=\"radio viejo soy migrante \u2013 SoyMigrante.com REVISTA\" \/>\t\t\t\t\t\t\t\t\t\t\t<figcaption class=\"widget-image-caption wp-caption-text\">Celebraci\u00f3n del D\u00eda del Guatemalteco 2024 en SoyMigrante.com, destacando el orgullo e identidad guatemalteca con motivos patri\u00f3ticos y culturales.<\/figcaption>\n\t\t\t\t\t\t\t\t\t\t<\/figure>\n\t\t\t\t\t\t\t\t\t<\/div>\n\t\t\t\t\t<\/div>\n\t\t\t\t<\/div>\n\t\t<div data-particle_enable=\"false\" data-particle-mobile-disabled=\"false\" class=\"elementor-element elementor-element-a548a5b e-flex e-con-boxed e-con e-parent\" data-id=\"a548a5b\" data-element_type=\"container\" data-e-type=\"container\">\n\t\t\t\t\t<div class=\"e-con-inner\">\n\t\t\t\t<div class=\"elementor-element elementor-element-c8180a9 elementor-widget elementor-widget-heading\" data-id=\"c8180a9\" data-element_type=\"widget\" data-e-type=\"widget\" data-widget_type=\"heading.default\">\n\t\t\t\t\t<h3 class=\"elementor-heading-title elementor-size-default\">Sergio Manuel Baechli Reyes<\/h3>\t\t\t\t<\/div>\n\t\t\t\t\t<\/div>\n\t\t\t\t<\/div>\n\t\t<div data-particle_enable=\"false\" data-particle-mobile-disabled=\"false\" class=\"elementor-element elementor-element-e5c2121 e-flex e-con-boxed e-con e-parent\" data-id=\"e5c2121\" data-element_type=\"container\" data-e-type=\"container\">\n\t\t\t\t\t<div class=\"e-con-inner\">\n\t\t\t\t<div class=\"elementor-element elementor-element-2ff75fb elementor-widget elementor-widget-text-editor\" data-id=\"2ff75fb\" data-element_type=\"widget\" data-e-type=\"widget\" data-widget_type=\"text-editor.default\">\n\t\t\t\t\t\t\t\t\t<p><strong>Embajador humanitario<\/strong><\/p><p>Sergio Baechli naci\u00f3 en el municipio de La Blanca,\u00a0<a href=\"https:\/\/soymigrante.com\/revista\/guatemala-danza-el-baile-de-la-paach-de-san-marcos-es-patrimonio-de-la-humanidad\/\" target=\"_blank\" rel=\"noopener\">San Marcos.<\/a>\u00a0Estudio en Coatepeque, Quetzaltenango. Tiene una licenciatura en Ciencias Jur\u00eddicas y Sociales. Tiene un diplomado en Relaciones Internacionales tambi\u00e9n en Criminal\u00edstica y Ciencias Forenses, En su \u00e1mbito laboral a integrado la Auxiliatura Departamental de la PDH en Coatepeque, Quetzaltenango; ha sido registrador civil de las personas en el Renap en San Carlos, Retalhuleu; catedr\u00e1tico universitario en la Universidad Panamericana. Fue candidato a la Alcald\u00eda de G\u00e9nova, Coatepeque en el 2023. Es asesor legal y pol\u00edtico en la Junta de Vecinos de Coatepeque, Quetzaltenango.<\/p>\t\t\t\t\t\t\t\t<\/div>\n\t\t\t\t\t<\/div>\n\t\t\t\t<\/div>\n\t\t<div data-particle_enable=\"false\" data-particle-mobile-disabled=\"false\" class=\"elementor-element elementor-element-5458935 e-flex e-con-boxed e-con e-parent\" data-id=\"5458935\" data-element_type=\"container\" data-e-type=\"container\">\n\t\t\t\t\t<div class=\"e-con-inner\">\n\t\t\t\t<div class=\"elementor-element elementor-element-a25489f elementor-widget elementor-widget-image\" data-id=\"a25489f\" data-element_type=\"widget\" data-e-type=\"widget\" data-widget_type=\"image.default\">\n\t\t\t\t\t\t\t\t\t\t\t\t<figure class=\"wp-caption\">\n\t\t\t\t\t\t\t\t\t\t<img loading=\"lazy\" decoding=\"async\" width=\"493\" height=\"359\" src=\"https:\/\/soymigrante.com\/revista\/wp-content\/uploads\/2024\/10\/Sergio-Baechli-reconocimiento-humanitario-soy-migrante.webp\" class=\"attachment-large size-large wp-image-10345\" alt=\"Celebramos el orgullo guatemalteco 2024 en SoyMigrante.com, en honor al D\u00eda del Guatemalteco, destacando la cultura, historia y logros de Guatemala para la comunidad migrante y sus ra\u00edces.\" srcset=\"https:\/\/soymigrante.com\/revista\/wp-content\/uploads\/2024\/10\/Sergio-Baechli-reconocimiento-humanitario-soy-migrante.webp 493w, https:\/\/soymigrante.com\/revista\/wp-content\/uploads\/2024\/10\/Sergio-Baechli-reconocimiento-humanitario-soy-migrante-300x218.webp 300w, https:\/\/soymigrante.com\/revista\/wp-content\/uploads\/2024\/10\/Sergio-Baechli-reconocimiento-humanitario-soy-migrante-120x86.webp 120w\" sizes=\"(max-width: 493px) 100vw, 493px\" title=\"Sergio Baechli reconocimiento humanitario soy migrante \u2013 SoyMigrante.com REVISTA\" \/>\t\t\t\t\t\t\t\t\t\t\t<figcaption class=\"widget-image-caption wp-caption-text\">Celebramos el D\u00eda del Guatemalteco 2024 con orgullo en SoyMigrante.com Revista, resaltando la cultura y tradici\u00f3n en nuestro pa\u00eds y la comunidad migrante en el extranjero.<\/figcaption>\n\t\t\t\t\t\t\t\t\t\t<\/figure>\n\t\t\t\t\t\t\t\t\t<\/div>\n\t\t\t\t\t<\/div>\n\t\t\t\t<\/div>\n\t\t<div data-particle_enable=\"false\" data-particle-mobile-disabled=\"false\" class=\"elementor-element elementor-element-0f989d1 e-flex e-con-boxed e-con e-parent\" data-id=\"0f989d1\" data-element_type=\"container\" data-e-type=\"container\">\n\t\t\t\t\t<div class=\"e-con-inner\">\n\t\t\t\t<div class=\"elementor-element elementor-element-34ef694 elementor-widget elementor-widget-heading\" data-id=\"34ef694\" data-element_type=\"widget\" data-e-type=\"widget\" data-widget_type=\"heading.default\">\n\t\t\t\t\t<h3 class=\"elementor-heading-title elementor-size-default\">Carlos David Olivares Carrillos<\/h3>\t\t\t\t<\/div>\n\t\t\t\t\t<\/div>\n\t\t\t\t<\/div>\n\t\t<div data-particle_enable=\"false\" data-particle-mobile-disabled=\"false\" class=\"elementor-element elementor-element-a533861 e-flex e-con-boxed e-con e-parent\" data-id=\"a533861\" data-element_type=\"container\" data-e-type=\"container\">\n\t\t\t\t\t<div class=\"e-con-inner\">\n\t\t\t\t<div class=\"elementor-element elementor-element-86330c3 elementor-widget elementor-widget-text-editor\" data-id=\"86330c3\" data-element_type=\"widget\" data-e-type=\"widget\" data-widget_type=\"text-editor.default\">\n\t\t\t\t\t\t\t\t\t<p><strong>Empresario del A\u00f1o<\/strong><\/p><p>Carlos Olivares naci\u00f3 en la ciudad de Guatemala y creci\u00f3 en Boca del Monte, Villa Canales. Decidi\u00f3 migrar a Estados Unidos en el 2004 para reencontrarse con su madre con la idea de regresar a Guatemala en poco tiempo. Desde entonces vive en Estados Unidos, hace 20 a\u00f1os para ser exactos. Comenz\u00f3 a trabajar en la construcci\u00f3n luego decidi\u00f3 abrir sus propias compa\u00f1\u00edas como David &amp; David Services, Olivares Painters, Olisan Construction Group inc , Elite Luxury Services, Olive Season Landscaping y Olivares Entertainment.<\/p>\t\t\t\t\t\t\t\t<\/div>\n\t\t\t\t\t<\/div>\n\t\t\t\t<\/div>\n\t\t<div data-particle_enable=\"false\" data-particle-mobile-disabled=\"false\" class=\"elementor-element elementor-element-d6e5038 e-flex e-con-boxed e-con e-parent\" data-id=\"d6e5038\" data-element_type=\"container\" data-e-type=\"container\">\n\t\t\t\t\t<div class=\"e-con-inner\">\n\t\t\t\t<div class=\"elementor-element elementor-element-63213c4 elementor-widget elementor-widget-image\" data-id=\"63213c4\" data-element_type=\"widget\" data-e-type=\"widget\" data-widget_type=\"image.default\">\n\t\t\t\t\t\t\t\t\t\t\t\t<figure class=\"wp-caption\">\n\t\t\t\t\t\t\t\t\t\t<img loading=\"lazy\" decoding=\"async\" width=\"499\" height=\"367\" src=\"https:\/\/soymigrante.com\/revista\/wp-content\/uploads\/2024\/10\/Carlos-Olivares-soy-migrante.webp\" class=\"attachment-large size-large wp-image-10346\" alt=\"Reconocimiento del orgullo guatemalteco 2024 celebraci\u00f3n a la comunidad guatemalteca en el extranjero.\" srcset=\"https:\/\/soymigrante.com\/revista\/wp-content\/uploads\/2024\/10\/Carlos-Olivares-soy-migrante.webp 499w, https:\/\/soymigrante.com\/revista\/wp-content\/uploads\/2024\/10\/Carlos-Olivares-soy-migrante-300x221.webp 300w\" sizes=\"(max-width: 499px) 100vw, 499px\" title=\"Carlos Olivares soy migrante \u2013 SoyMigrante.com REVISTA\" \/>\t\t\t\t\t\t\t\t\t\t\t<figcaption class=\"widget-image-caption wp-caption-text\">Celebremos el D\u00eda del Guatemalteco 2024 con orgullo y tradici\u00f3n en el marco de la revista SoyMigrante.com.<\/figcaption>\n\t\t\t\t\t\t\t\t\t\t<\/figure>\n\t\t\t\t\t\t\t\t\t<\/div>\n\t\t\t\t\t<\/div>\n\t\t\t\t<\/div>\n\t\t<div data-particle_enable=\"false\" data-particle-mobile-disabled=\"false\" class=\"elementor-element elementor-element-993a105 e-flex e-con-boxed e-con e-parent\" data-id=\"993a105\" data-element_type=\"container\" data-e-type=\"container\">\n\t\t\t\t\t<div class=\"e-con-inner\">\n\t\t\t\t<div class=\"elementor-element elementor-element-a05d28b elementor-widget elementor-widget-heading\" data-id=\"a05d28b\" data-element_type=\"widget\" data-e-type=\"widget\" data-widget_type=\"heading.default\">\n\t\t\t\t\t<h3 class=\"elementor-heading-title elementor-size-default\">Evelyn Mendoza Alonzo.<\/h3>\t\t\t\t<\/div>\n\t\t\t\t\t<\/div>\n\t\t\t\t<\/div>\n\t\t<div data-particle_enable=\"false\" data-particle-mobile-disabled=\"false\" class=\"elementor-element elementor-element-aa720ad e-flex e-con-boxed e-con e-parent\" data-id=\"aa720ad\" data-element_type=\"container\" data-e-type=\"container\">\n\t\t\t\t\t<div class=\"e-con-inner\">\n\t\t\t\t<div class=\"elementor-element elementor-element-1512a18 elementor-widget elementor-widget-text-editor\" data-id=\"1512a18\" data-element_type=\"widget\" data-e-type=\"widget\" data-widget_type=\"text-editor.default\">\n\t\t\t\t\t\t\t\t\t<p><strong>Premio a la Excelencia<\/strong><\/p><p>Evelyn Mendoza ama el trabajo voluntario, a sus 44 a\u00f1os de edad tienen 5 hijos y desde que naci\u00f3 el primero ha dedicado a donar parte de su tiempo a diferentes causas. Adem\u00e1s le apasiona la fotograf\u00eda. Tambi\u00e9n colabora como maestra de ceremonias. \u201cA trav\u00e9s del lente de mi c\u00e1mara puedo transmitir historias que a trav\u00e9s del tiempo se convierten en grandes sonrisas\u201d.<\/p>\t\t\t\t\t\t\t\t<\/div>\n\t\t\t\t\t<\/div>\n\t\t\t\t<\/div>\n\t\t<div data-particle_enable=\"false\" data-particle-mobile-disabled=\"false\" class=\"elementor-element elementor-element-14b7fde e-flex e-con-boxed e-con e-parent\" data-id=\"14b7fde\" data-element_type=\"container\" data-e-type=\"container\">\n\t\t\t\t\t<div class=\"e-con-inner\">\n\t\t\t\t<div class=\"elementor-element elementor-element-3bcf25b elementor-widget elementor-widget-image\" data-id=\"3bcf25b\" data-element_type=\"widget\" data-e-type=\"widget\" data-widget_type=\"image.default\">\n\t\t\t\t\t\t\t\t\t\t\t\t<figure class=\"wp-caption\">\n\t\t\t\t\t\t\t\t\t\t<img loading=\"lazy\" decoding=\"async\" width=\"485\" height=\"359\" src=\"https:\/\/soymigrante.com\/revista\/wp-content\/uploads\/2024\/10\/Evelyn-Mendoza-soy-migrante.webp\" class=\"attachment-large size-large wp-image-10350\" alt=\"Celebrando a nuestro orgullo guatemalteco 2024, conmemorando el D\u00eda del Guatemalteco en SoyMigrante.com Revista, comunidad de migrantes y cultura guatemalteca.\" srcset=\"https:\/\/soymigrante.com\/revista\/wp-content\/uploads\/2024\/10\/Evelyn-Mendoza-soy-migrante.webp 485w, https:\/\/soymigrante.com\/revista\/wp-content\/uploads\/2024\/10\/Evelyn-Mendoza-soy-migrante-300x222.webp 300w\" sizes=\"(max-width: 485px) 100vw, 485px\" title=\"Evelyn Mendoza soy migrante \u2013 SoyMigrante.com REVISTA\" \/>\t\t\t\t\t\t\t\t\t\t\t<figcaption class=\"widget-image-caption wp-caption-text\">Evelyn Mendoza se destaca por su trabajo voluntaria en diferentes causas.<\/figcaption>\n\t\t\t\t\t\t\t\t\t\t<\/figure>\n\t\t\t\t\t\t\t\t\t<\/div>\n\t\t\t\t\t<\/div>\n\t\t\t\t<\/div>\n\t\t<div data-particle_enable=\"false\" data-particle-mobile-disabled=\"false\" class=\"elementor-element elementor-element-beb2719 e-flex e-con-boxed e-con e-parent\" data-id=\"beb2719\" data-element_type=\"container\" data-e-type=\"container\">\n\t\t\t\t\t<div class=\"e-con-inner\">\n\t\t\t\t<div class=\"elementor-element elementor-element-ff16121 elementor-widget elementor-widget-heading\" data-id=\"ff16121\" data-element_type=\"widget\" data-e-type=\"widget\" data-widget_type=\"heading.default\">\n\t\t\t\t\t<h3 class=\"elementor-heading-title elementor-size-default\">Restaurante Amalia<\/h3>\t\t\t\t<\/div>\n\t\t\t\t\t<\/div>\n\t\t\t\t<\/div>\n\t\t<div data-particle_enable=\"false\" data-particle-mobile-disabled=\"false\" class=\"elementor-element elementor-element-4c5c9df e-flex e-con-boxed e-con e-parent\" data-id=\"4c5c9df\" data-element_type=\"container\" data-e-type=\"container\">\n\t\t\t\t\t<div class=\"e-con-inner\">\n\t\t\t\t<div class=\"elementor-element elementor-element-4bac2cf elementor-widget elementor-widget-text-editor\" data-id=\"4bac2cf\" data-element_type=\"widget\" data-e-type=\"widget\" data-widget_type=\"text-editor.default\">\n\t\t\t\t\t\t\t\t\t<p><strong>Empresa del A\u00f1o<\/strong><\/p><p>Este restaurante es propiedad de una familia guatemalteca, adem\u00e1s de ser un legado generacional. Abri\u00f3 sus puertas en 1994, es decir que desde hace 30 a\u00f1os deleita con los antojitos guatemaltecos. El nombre se deriva de la madre de los actuales propietarios. \u201cNos sentimos muy orgullosos de servir a nuestros clientes deliciosa comida guatemalteca\u201d.<\/p>\t\t\t\t\t\t\t\t<\/div>\n\t\t\t\t\t<\/div>\n\t\t\t\t<\/div>\n\t\t<div data-particle_enable=\"false\" data-particle-mobile-disabled=\"false\" class=\"elementor-element elementor-element-a1f8c26 e-flex e-con-boxed e-con e-parent\" data-id=\"a1f8c26\" data-element_type=\"container\" data-e-type=\"container\">\n\t\t\t\t\t<div class=\"e-con-inner\">\n\t\t\t\t<div class=\"elementor-element elementor-element-640dd23 elementor-widget elementor-widget-image\" data-id=\"640dd23\" data-element_type=\"widget\" data-e-type=\"widget\" data-widget_type=\"image.default\">\n\t\t\t\t\t\t\t\t\t\t\t\t<figure class=\"wp-caption\">\n\t\t\t\t\t\t\t\t\t\t<img loading=\"lazy\" decoding=\"async\" width=\"500\" height=\"243\" src=\"https:\/\/soymigrante.com\/revista\/wp-content\/uploads\/2024\/10\/amalias-restaurante-dia-del-guatemalteco.webp\" class=\"attachment-large size-large wp-image-10365\" alt=\"Revista SoyMigrante.com: contenido sobre migraci\u00f3n, historia y cultura guatemalteca, celebrando el orgullo guatemalteco en 2024, y resaltando logros y eventos importantes del pa\u00eds.\" srcset=\"https:\/\/soymigrante.com\/revista\/wp-content\/uploads\/2024\/10\/amalias-restaurante-dia-del-guatemalteco.webp 500w, https:\/\/soymigrante.com\/revista\/wp-content\/uploads\/2024\/10\/amalias-restaurante-dia-del-guatemalteco-300x146.webp 300w\" sizes=\"(max-width: 500px) 100vw, 500px\" title=\"amalias restaurante dia del guatemalteco \u2013 SoyMigrante.com REVISTA\" \/>\t\t\t\t\t\t\t\t\t\t\t<figcaption class=\"widget-image-caption wp-caption-text\">Celebramos el orgullo guatemalteco 2024, con un escudo decorativo que resalta el patrimonio y la identidad de Guatemala en un evento especial del D\u00eda del Guatemalteco.<\/figcaption>\n\t\t\t\t\t\t\t\t\t\t<\/figure>\n\t\t\t\t\t\t\t\t\t<\/div>\n\t\t\t\t\t<\/div>\n\t\t\t\t<\/div>\n\t\t<div data-particle_enable=\"false\" data-particle-mobile-disabled=\"false\" class=\"elementor-element elementor-element-32e9baa e-flex e-con-boxed e-con e-parent\" data-id=\"32e9baa\" data-element_type=\"container\" data-e-type=\"container\">\n\t\t\t\t\t<div class=\"e-con-inner\">\n\t\t\t\t<div class=\"elementor-element elementor-element-ec92264 elementor-widget elementor-widget-heading\" data-id=\"ec92264\" data-element_type=\"widget\" data-e-type=\"widget\" data-widget_type=\"heading.default\">\n\t\t\t\t\t<h3 class=\"elementor-heading-title elementor-size-default\">La Chapinlandia<\/h3>\t\t\t\t<\/div>\n\t\t\t\t\t<\/div>\n\t\t\t\t<\/div>\n\t\t<div data-particle_enable=\"false\" data-particle-mobile-disabled=\"false\" class=\"elementor-element elementor-element-a872617 e-flex e-con-boxed e-con e-parent\" data-id=\"a872617\" data-element_type=\"container\" data-e-type=\"container\">\n\t\t\t\t\t<div class=\"e-con-inner\">\n\t\t\t\t<div class=\"elementor-element elementor-element-9b190c8 elementor-widget elementor-widget-text-editor\" data-id=\"9b190c8\" data-element_type=\"widget\" data-e-type=\"widget\" data-widget_type=\"text-editor.default\">\n\t\t\t\t\t\t\t\t\t<p><strong>Premi\u00f3 Empresa Del A\u00f1o<\/strong><\/p><p>La Chapinlandia es una tienda que naci\u00f3 en plena pandemia, un proyecto fundado por dos j\u00f3venes propietarios con el fin de crear mascarillas para ser distribuidas en Estados Unidos durante esa crisis. Luego abrieron una tienda de serigraf\u00eda que se ha popularizado por la elaborac\u00edon de playeras, souvenirs y artesan\u00eda guatemalteca. Como parte de su responsabilidad social, La Chapinlandia aporta fondos para construir escuelas.<\/p>\t\t\t\t\t\t\t\t<\/div>\n\t\t\t\t\t<\/div>\n\t\t\t\t<\/div>\n\t\t<div data-particle_enable=\"false\" data-particle-mobile-disabled=\"false\" class=\"elementor-element elementor-element-5bf939b e-flex e-con-boxed e-con e-parent\" data-id=\"5bf939b\" data-element_type=\"container\" data-e-type=\"container\">\n\t\t\t\t\t<div class=\"e-con-inner\">\n\t\t\t\t<div class=\"elementor-element elementor-element-ff9ddb7 elementor-widget elementor-widget-image\" data-id=\"ff9ddb7\" data-element_type=\"widget\" data-e-type=\"widget\" data-widget_type=\"image.default\">\n\t\t\t\t\t\t\t\t\t\t\t\t<figure class=\"wp-caption\">\n\t\t\t\t\t\t\t\t\t\t<img loading=\"lazy\" decoding=\"async\" width=\"435\" height=\"492\" src=\"https:\/\/soymigrante.com\/revista\/wp-content\/uploads\/2024\/10\/Chapinlandia.webp\" class=\"attachment-large size-large wp-image-10371\" alt=\"Diversas camisetas con dise\u00f1os de la cultura guatemalteca y frases que celebran el orgullo guatemalteco, ideales para quienes apreci\u00e1n el arte y la orgullo nacional.\" srcset=\"https:\/\/soymigrante.com\/revista\/wp-content\/uploads\/2024\/10\/Chapinlandia.webp 435w, https:\/\/soymigrante.com\/revista\/wp-content\/uploads\/2024\/10\/Chapinlandia-265x300.webp 265w\" sizes=\"(max-width: 435px) 100vw, 435px\" title=\"Chapinlandia \u2013 SoyMigrante.com REVISTA\" \/>\t\t\t\t\t\t\t\t\t\t\t<figcaption class=\"widget-image-caption wp-caption-text\">Camisas con estilo y orgullo guatemalteco, perfectas para celebrar la cultura y tradiciones en 2024.<\/figcaption>\n\t\t\t\t\t\t\t\t\t\t<\/figure>\n\t\t\t\t\t\t\t\t\t<\/div>\n\t\t\t\t\t<\/div>\n\t\t\t\t<\/div>\n\t\t<div data-particle_enable=\"false\" data-particle-mobile-disabled=\"false\" class=\"elementor-element elementor-element-5b308e7 e-flex e-con-boxed e-con e-parent\" data-id=\"5b308e7\" data-element_type=\"container\" data-e-type=\"container\">\n\t\t\t\t\t<div class=\"e-con-inner\">\n\t\t\t\t<div class=\"elementor-element elementor-element-338eb83 elementor-widget elementor-widget-heading\" data-id=\"338eb83\" data-element_type=\"widget\" data-e-type=\"widget\" data-widget_type=\"heading.default\">\n\t\t\t\t\t<h3 class=\"elementor-heading-title elementor-size-default\">Asociaci\u00f3n de Migrantes Guatemaltecos (Amgla)<\/h3>\t\t\t\t<\/div>\n\t\t\t\t\t<\/div>\n\t\t\t\t<\/div>\n\t\t<div data-particle_enable=\"false\" data-particle-mobile-disabled=\"false\" class=\"elementor-element elementor-element-234a96c e-flex e-con-boxed e-con e-parent\" data-id=\"234a96c\" data-element_type=\"container\" data-e-type=\"container\">\n\t\t\t\t\t<div class=\"e-con-inner\">\n\t\t\t\t<div class=\"elementor-element elementor-element-e822b38 elementor-widget elementor-widget-text-editor\" data-id=\"e822b38\" data-element_type=\"widget\" data-e-type=\"widget\" data-widget_type=\"text-editor.default\">\n\t\t\t\t\t\t\t\t\t<p><strong>Organizaci\u00f3n No Lucrativa Del A\u00f1o<\/strong><\/p><p>Gracias a la Asociaci\u00f3n de Migrantes Guatemaltecos (Amgla) la conmemoraci\u00f3n de actividades culturales para dignificar a la comunidad guatemalteca en Los Angeles son un hecho. Amgla ha tenido la iniciativa de crear el primer desfile guatemalteco, la Feria Cultural Guatemalteca, el Desfile Navide\u00f1o Guatemalteco, Festival Navide\u00f1o Guatemalteco, Festival de Independencia de Guatemala. Tambi\u00e9n crearon la primera oficina de Atenci\u00f3n al Migrante en USA, adem\u00e1s de promocionar la m\u00fasica y el folclor guatemalteco en la ciudad de Los Angeles, California. Otro de los logros de Amgla es la reunificaci\u00f3n de familias guatemaltecas. Tambi\u00e9n apoya constantemente en asesor\u00eda para tr\u00e1mites legales y en el proceso de repatriaci\u00f3n de connacionales.<\/p>\t\t\t\t\t\t\t\t<\/div>\n\t\t\t\t\t<\/div>\n\t\t\t\t<\/div>\n\t\t<div data-particle_enable=\"false\" data-particle-mobile-disabled=\"false\" class=\"elementor-element elementor-element-75dda41 e-flex e-con-boxed e-con e-parent\" data-id=\"75dda41\" data-element_type=\"container\" data-e-type=\"container\">\n\t\t\t\t\t<div class=\"e-con-inner\">\n\t\t\t\t<div class=\"elementor-element elementor-element-43579f4 elementor-widget elementor-widget-image\" data-id=\"43579f4\" data-element_type=\"widget\" data-e-type=\"widget\" data-widget_type=\"image.default\">\n\t\t\t\t\t\t\t\t\t\t\t\t<figure class=\"wp-caption\">\n\t\t\t\t\t\t\t\t\t\t<img loading=\"lazy\" decoding=\"async\" width=\"443\" height=\"330\" src=\"https:\/\/soymigrante.com\/revista\/wp-content\/uploads\/2024\/10\/amgla-dia-del-guatemalteco-soy-migrante.webp\" class=\"attachment-large size-large wp-image-10372\" alt=\"AMGLA logo y celebraci\u00f3n del D\u00eda del Migrante en Guatemala 2024, resaltando la importancia de la comunidad guatemalteca y sus logros, con \u00e9nfasis en migrantes, Guatemala, y orgullo guatemalteco.\" srcset=\"https:\/\/soymigrante.com\/revista\/wp-content\/uploads\/2024\/10\/amgla-dia-del-guatemalteco-soy-migrante.webp 443w, https:\/\/soymigrante.com\/revista\/wp-content\/uploads\/2024\/10\/amgla-dia-del-guatemalteco-soy-migrante-300x223.webp 300w\" sizes=\"(max-width: 443px) 100vw, 443px\" title=\"amgla dia del guatemalteco soy migrante \u2013 SoyMigrante.com REVISTA\" \/>\t\t\t\t\t\t\t\t\t\t\t<figcaption class=\"widget-image-caption wp-caption-text\">Logo de AMGLA, Asociaci\u00f3n de Migrantes Guatemaltecos, junto a un escudo conmemorativo del D\u00eda del Migrante en Guatemala 2024, destacando la participaci\u00f3n de la comunidad migrante en eventos de orgullo y reconocimiento nacional.<\/figcaption>\n\t\t\t\t\t\t\t\t\t\t<\/figure>\n\t\t\t\t\t\t\t\t\t<\/div>\n\t\t\t\t\t<\/div>\n\t\t\t\t<\/div>\n\t\t<div data-particle_enable=\"false\" data-particle-mobile-disabled=\"false\" class=\"elementor-element elementor-element-a071560 e-flex e-con-boxed e-con e-parent\" data-id=\"a071560\" data-element_type=\"container\" data-e-type=\"container\">\n\t\t\t\t\t<div class=\"e-con-inner\">\n\t\t\t\t<div class=\"elementor-element elementor-element-22c2f0a elementor-widget elementor-widget-heading\" data-id=\"22c2f0a\" data-element_type=\"widget\" data-e-type=\"widget\" data-widget_type=\"heading.default\">\n\t\t\t\t\t<h3 class=\"elementor-heading-title elementor-size-default\">Baile del Torito en Los \u00c1ngeles<\/h3>\t\t\t\t<\/div>\n\t\t\t\t\t<\/div>\n\t\t\t\t<\/div>\n\t\t<div data-particle_enable=\"false\" data-particle-mobile-disabled=\"false\" class=\"elementor-element elementor-element-30c3ef8 e-flex e-con-boxed e-con e-parent\" data-id=\"30c3ef8\" data-element_type=\"container\" data-e-type=\"container\">\n\t\t\t\t\t<div class=\"e-con-inner\">\n\t\t\t\t<div class=\"elementor-element elementor-element-845a2b0 elementor-widget elementor-widget-text-editor\" data-id=\"845a2b0\" data-element_type=\"widget\" data-e-type=\"widget\" data-widget_type=\"text-editor.default\">\n\t\t\t\t\t\t\t\t\t<p><strong>Premi\u00f3 a la Excelencia<\/strong><\/p><p>El Baile del Torito en Los Angeles es un grupo de danzantes que interpretan el folclor al comp\u00e1s de la marimba y la chirim\u00eda para mostrar la cultura ancestral de Chichicastenango en Estados Unidos, con la finalidad de trasladar el sentimiento y tradici\u00f3n de ese pueblo en honor a Santo Tom\u00e1s. Tambi\u00e9n busca dignificar la importancia de la indumentaria maya ancestral. <\/p>\t\t\t\t\t\t\t\t<\/div>\n\t\t\t\t\t<\/div>\n\t\t\t\t<\/div>\n\t\t<div data-particle_enable=\"false\" data-particle-mobile-disabled=\"false\" class=\"elementor-element elementor-element-feefa18 e-flex e-con-boxed e-con e-parent\" data-id=\"feefa18\" data-element_type=\"container\" data-e-type=\"container\">\n\t\t\t\t\t<div class=\"e-con-inner\">\n\t\t\t\t<div class=\"elementor-element elementor-element-4e21161 elementor-widget elementor-widget-image\" data-id=\"4e21161\" data-element_type=\"widget\" data-e-type=\"widget\" data-widget_type=\"image.default\">\n\t\t\t\t\t\t\t\t\t\t\t\t<figure class=\"wp-caption\">\n\t\t\t\t\t\t\t\t\t\t<img loading=\"lazy\" decoding=\"async\" width=\"534\" height=\"264\" src=\"https:\/\/soymigrante.com\/revista\/wp-content\/uploads\/2024\/10\/baile-el-torito-semana-del-guatemalteco.webp\" class=\"attachment-large size-large wp-image-10374\" alt=\"Bailes del Torito 2023 en Los \u00c1ngeles CA, celebrando la cultura guatemalteca y el orgullo migrant, con eventos tradicionales y festivos en Chichicastenango.\" srcset=\"https:\/\/soymigrante.com\/revista\/wp-content\/uploads\/2024\/10\/baile-el-torito-semana-del-guatemalteco.webp 534w, https:\/\/soymigrante.com\/revista\/wp-content\/uploads\/2024\/10\/baile-el-torito-semana-del-guatemalteco-300x148.webp 300w\" sizes=\"(max-width: 534px) 100vw, 534px\" title=\"baile el torito semana del guatemalteco \u2013 SoyMigrante.com REVISTA\" \/>\t\t\t\t\t\t\t\t\t\t\t<figcaption class=\"widget-image-caption wp-caption-text\">Celebramos el orgullo guatemalteco en 2024 con actividades y eventos culturales en honor al D\u00eda del Guatemalteco, resaltando la identidad y la historia de Guatemala.<\/figcaption>\n\t\t\t\t\t\t\t\t\t\t<\/figure>\n\t\t\t\t\t\t\t\t\t<\/div>\n\t\t\t\t\t<\/div>\n\t\t\t\t<\/div>\n\t\t<div data-particle_enable=\"false\" data-particle-mobile-disabled=\"false\" class=\"elementor-element elementor-element-b43fefa e-flex e-con-boxed e-con e-parent\" data-id=\"b43fefa\" data-element_type=\"container\" data-e-type=\"container\">\n\t\t\t\t\t<div class=\"e-con-inner\">\n\t\t\t\t<div class=\"elementor-element elementor-element-80d701f elementor-widget elementor-widget-heading\" data-id=\"80d701f\" data-element_type=\"widget\" data-e-type=\"widget\" data-widget_type=\"heading.default\">\n\t\t\t\t\t<h3 class=\"elementor-heading-title elementor-size-default\">Don Shuco<\/h3>\t\t\t\t<\/div>\n\t\t\t\t\t<\/div>\n\t\t\t\t<\/div>\n\t\t<div data-particle_enable=\"false\" data-particle-mobile-disabled=\"false\" class=\"elementor-element elementor-element-2977f2c e-flex e-con-boxed e-con e-parent\" data-id=\"2977f2c\" data-element_type=\"container\" data-e-type=\"container\">\n\t\t\t\t\t<div class=\"e-con-inner\">\n\t\t\t\t<div class=\"elementor-element elementor-element-44721f1 elementor-widget elementor-widget-text-editor\" data-id=\"44721f1\" data-element_type=\"widget\" data-e-type=\"widget\" data-widget_type=\"text-editor.default\">\n\t\t\t\t\t\t\t\t\t<p><strong>Empresa Del A\u00f1o<\/strong> <\/p><p>Es una empresa que fue creada por el guatemalteco Herlindo Ordo\u00f1ez con la finalidad de conservar la cultura gastron\u00f3mica de Guatemala en el Valle de San Fernando, California. A trav\u00e9s de la venta de los tradicionales \u201cshucos\u201d se busca que la comunidad guatemalteca no extra\u00f1e ese delicioso pan que se elabora en Guatemala.<\/p>\t\t\t\t\t\t\t\t<\/div>\n\t\t\t\t\t<\/div>\n\t\t\t\t<\/div>\n\t\t<div data-particle_enable=\"false\" data-particle-mobile-disabled=\"false\" class=\"elementor-element elementor-element-3f8f556 e-flex e-con-boxed e-con e-parent\" data-id=\"3f8f556\" data-element_type=\"container\" data-e-type=\"container\">\n\t\t\t\t\t<div class=\"e-con-inner\">\n\t\t\t\t<div class=\"elementor-element elementor-element-736639c elementor-widget elementor-widget-image\" data-id=\"736639c\" data-element_type=\"widget\" data-e-type=\"widget\" data-widget_type=\"image.default\">\n\t\t\t\t\t\t\t\t\t\t\t\t\t\t\t<img loading=\"lazy\" decoding=\"async\" width=\"334\" height=\"368\" src=\"https:\/\/soymigrante.com\/revista\/wp-content\/uploads\/2024\/10\/Don-Shuco-dia-del-guatemalteco.webp\" class=\"attachment-large size-large wp-image-10375\" alt=\"Orgullo guatemalteco 2024 celebraci\u00f3n con ilustraci\u00f3n de ni\u00f1a sorriente y bandera, destacando el fervor nacional y la cultura en el D\u00eda de Guatemala.\" srcset=\"https:\/\/soymigrante.com\/revista\/wp-content\/uploads\/2024\/10\/Don-Shuco-dia-del-guatemalteco.webp 334w, https:\/\/soymigrante.com\/revista\/wp-content\/uploads\/2024\/10\/Don-Shuco-dia-del-guatemalteco-272x300.webp 272w\" sizes=\"(max-width: 334px) 100vw, 334px\" title=\"Don Shuco dia del guatemalteco \u2013 SoyMigrante.com REVISTA\" \/>\t\t\t\t\t\t\t\t\t\t\t\t\t\t\t<\/div>\n\t\t\t\t\t<\/div>\n\t\t\t\t<\/div>\n\t\t<div data-particle_enable=\"false\" data-particle-mobile-disabled=\"false\" class=\"elementor-element elementor-element-0f73b09 e-flex e-con-boxed e-con e-parent\" data-id=\"0f73b09\" data-element_type=\"container\" data-e-type=\"container\">\n\t\t\t\t\t<div class=\"e-con-inner\">\n\t\t\t\t<div class=\"elementor-element elementor-element-2823532 elementor-widget elementor-widget-heading\" data-id=\"2823532\" data-element_type=\"widget\" data-e-type=\"widget\" data-widget_type=\"heading.default\">\n\t\t\t\t\t<h3 class=\"elementor-heading-title elementor-size-default\">Baile de mujeres Chapinas en Los \u00c1ngeles<\/h3>\t\t\t\t<\/div>\n\t\t\t\t\t<\/div>\n\t\t\t\t<\/div>\n\t\t<div data-particle_enable=\"false\" data-particle-mobile-disabled=\"false\" class=\"elementor-element elementor-element-98e2120 e-flex e-con-boxed e-con e-parent\" data-id=\"98e2120\" data-element_type=\"container\" data-e-type=\"container\">\n\t\t\t\t\t<div class=\"e-con-inner\">\n\t\t\t\t<div class=\"elementor-element elementor-element-82ee490 elementor-widget elementor-widget-text-editor\" data-id=\"82ee490\" data-element_type=\"widget\" data-e-type=\"widget\" data-widget_type=\"text-editor.default\">\n\t\t\t\t\t\t\t\t\t<p><strong>Premi\u00f3 a la Excelencia<\/strong><\/p><p>Esta agrupaci\u00f3n conformada por ocho mujeres busca resaltar la cultura guatemalteca a trav\u00e9s de la danza y con ello tambi\u00e9n resaltar a la mujer maya, gracias al uso de su indumentaria ancestral, los cuales son elaborados con t\u00e9cnicas particulares del tejido.<\/p>\t\t\t\t\t\t\t\t<\/div>\n\t\t\t\t\t<\/div>\n\t\t\t\t<\/div>\n\t\t<div data-particle_enable=\"false\" data-particle-mobile-disabled=\"false\" class=\"elementor-element elementor-element-3d64157 e-flex e-con-boxed e-con e-parent\" data-id=\"3d64157\" data-element_type=\"container\" data-e-type=\"container\">\n\t\t\t\t\t<div class=\"e-con-inner\">\n\t\t\t\t<div class=\"elementor-element elementor-element-9f990cd elementor-widget elementor-widget-image\" data-id=\"9f990cd\" data-element_type=\"widget\" data-e-type=\"widget\" data-widget_type=\"image.default\">\n\t\t\t\t\t\t\t\t\t\t\t\t<figure class=\"wp-caption\">\n\t\t\t\t\t\t\t\t\t\t<img loading=\"lazy\" decoding=\"async\" width=\"440\" height=\"327\" src=\"https:\/\/soymigrante.com\/revista\/wp-content\/uploads\/2024\/10\/Baile-de-mujeres-chapinas-dia-del-guatemalteco-.webp\" class=\"attachment-large size-large wp-image-10376\" alt=\"De mujeres chapinas de Los Angeles en trajes tradicionales para celebrar el orgullo guatemalteco 2024 en SoyMigrante.com REVISTA.\" srcset=\"https:\/\/soymigrante.com\/revista\/wp-content\/uploads\/2024\/10\/Baile-de-mujeres-chapinas-dia-del-guatemalteco-.webp 440w, https:\/\/soymigrante.com\/revista\/wp-content\/uploads\/2024\/10\/Baile-de-mujeres-chapinas-dia-del-guatemalteco--300x223.webp 300w\" sizes=\"(max-width: 440px) 100vw, 440px\" title=\"Baile de mujeres chapinas dia del guatemalteco \u2013 SoyMigrante.com REVISTA\" \/>\t\t\t\t\t\t\t\t\t\t\t<figcaption class=\"widget-image-caption wp-caption-text\">Celebraci\u00f3n del D\u00eda del Guatemalteco 2024 con homenaje a la cultura y orgullo guatemalteco en SoyMigrante.com REVISTA.<\/figcaption>\n\t\t\t\t\t\t\t\t\t\t<\/figure>\n\t\t\t\t\t\t\t\t\t<\/div>\n\t\t\t\t\t<\/div>\n\t\t\t\t<\/div>\n\t\t<div data-particle_enable=\"false\" data-particle-mobile-disabled=\"false\" class=\"elementor-element elementor-element-12595d6 e-flex e-con-boxed e-con e-parent\" data-id=\"12595d6\" data-element_type=\"container\" data-e-type=\"container\">\n\t\t\t\t\t<div class=\"e-con-inner\">\n\t\t\t\t<div class=\"elementor-element elementor-element-c46ef2a elementor-widget elementor-widget-text-editor\" data-id=\"c46ef2a\" data-element_type=\"widget\" data-e-type=\"widget\" data-widget_type=\"text-editor.default\">\n\t\t\t\t\t\t\t\t\t<p>Las actividades del D\u00eda del Guatemalteco comenzar\u00e1n\u00a0<a href=\"https:\/\/soymigrante.com\/revista\/el-dia-del-guatemalteco-en-los-angeles-dignifica-y-resalta-la-presencia-chapina-en-usa\/\" target=\"_blank\" rel=\"noopener\">el 17 de octubre con una noche de gala.<\/a><\/p>\t\t\t\t\t\t\t\t<\/div>\n\t\t\t\t\t<\/div>\n\t\t\t\t<\/div>\n\t\t<div data-particle_enable=\"false\" data-particle-mobile-disabled=\"false\" class=\"elementor-element elementor-element-61bef99 e-flex e-con-boxed e-con e-parent\" data-id=\"61bef99\" data-element_type=\"container\" data-e-type=\"container\">\n\t\t\t\t\t<div class=\"e-con-inner\">\n\t\t\t\t<div class=\"elementor-element elementor-element-2446929 elementor-widget elementor-widget-facebook-embed\" data-id=\"2446929\" data-element_type=\"widget\" data-e-type=\"widget\" data-widget_type=\"facebook-embed.default\">\n\t\t\t\t\t<div style=\"min-height: 1px\" class=\"elementor-facebook-widget fb-post\" data-href=\"https:\/\/www.facebook.com\/photo?fbid=506383435545678&#038;set=a.102838595900166\" data-show-text=\"false\"><\/div>\t\t\t\t<\/div>\n\t\t\t\t\t<\/div>\n\t\t\t\t<\/div>\n\t\t<div data-particle_enable=\"false\" data-particle-mobile-disabled=\"false\" class=\"elementor-element elementor-element-78bd79f e-flex e-con-boxed e-con e-parent\" data-id=\"78bd79f\" data-element_type=\"container\" data-e-type=\"container\">\n\t\t\t\t\t<div class=\"e-con-inner\">\n\t\t\t\t<div class=\"elementor-element elementor-element-85e627d elementor-widget elementor-widget-heading\" data-id=\"85e627d\" data-element_type=\"widget\" data-e-type=\"widget\" data-widget_type=\"heading.default\">\n\t\t\t\t\t<h3 class=\"elementor-heading-title elementor-size-default\">Cultura guatemalteca que debes explorar<\/h3>\t\t\t\t<\/div>\n\t\t\t\t\t<\/div>\n\t\t\t\t<\/div>\n\t\t<div data-particle_enable=\"false\" data-particle-mobile-disabled=\"false\" class=\"elementor-element elementor-element-34a25f3 e-flex e-con-boxed e-con e-parent\" data-id=\"34a25f3\" data-element_type=\"container\" data-e-type=\"container\">\n\t\t\t\t\t<div class=\"e-con-inner\">\n\t\t\t\t<div class=\"elementor-element elementor-element-e11229f elementor-grid-eael-col-3 elementor-grid-tablet-eael-col-2 elementor-grid-mobile-eael-col-1 elementor-widget elementor-widget-eael-post-grid\" data-id=\"e11229f\" data-element_type=\"widget\" data-e-type=\"widget\" data-settings=\"{&quot;eael_post_grid_columns&quot;:&quot;eael-col-3&quot;,&quot;eael_post_grid_columns_tablet&quot;:&quot;eael-col-2&quot;,&quot;eael_post_grid_columns_mobile&quot;:&quot;eael-col-1&quot;}\" data-widget_type=\"eael-post-grid.default\">\n\t\t\t\t\t<div id=\"eael-post-grid-e11229f\" class=\"eael-post-grid-container\">\n            <div class=\"eael-post-grid eael-post-appender eael-post-appender-e11229f eael-post-grid-style-one\" data-layout-mode=\"masonry\"><article class=\"eael-grid-post  eael-post-grid-column eael-pg-post-9026 category-guate-nuestra\" data-id=\"9026\">\n        <div class=\"eael-grid-post-holder\">\n            <div class=\"eael-grid-post-holder-inner\"><div class=\"eael-entry-media\"><div class=\"eael-entry-overlay fade-in\"><i class=\"far fa-hand-pointer\" aria-hidden=\"true\"><\/i><a href=\"https:\/\/soymigrante.com\/revista\/jose-a-pelico-descubre-totonicapan-para-ojos-sin-fronteras\/\"><\/a><\/div><div class=\"eael-entry-thumbnail \">\n                <img loading=\"lazy\" decoding=\"async\" width=\"717\" height=\"717\" src=\"https:\/\/soymigrante.com\/revista\/wp-content\/uploads\/2024\/09\/Captura-de-pantalla-2024-09-11-145626.webp\" class=\"attachment-large size-large wp-image-9114\" alt=\"At alt: Atardecer en un paisaje monta\u00f1oso con niebla y un sol creciente, mostrando belleza natural y tranquilidad en un entorno rural.\" srcset=\"https:\/\/soymigrante.com\/revista\/wp-content\/uploads\/2024\/09\/Captura-de-pantalla-2024-09-11-145626.webp 717w, https:\/\/soymigrante.com\/revista\/wp-content\/uploads\/2024\/09\/Captura-de-pantalla-2024-09-11-145626-300x300.webp 300w, https:\/\/soymigrante.com\/revista\/wp-content\/uploads\/2024\/09\/Captura-de-pantalla-2024-09-11-145626-150x150.webp 150w, https:\/\/soymigrante.com\/revista\/wp-content\/uploads\/2024\/09\/Captura-de-pantalla-2024-09-11-145626-75x75.webp 75w\" sizes=\"(max-width: 717px) 100vw, 717px\" \/>\n            <\/div>\n        <\/div><div class=\"eael-entry-wrapper\"><header class=\"eael-entry-header\"><h2 class=\"eael-entry-title\"><a class=\"eael-grid-post-link\" href=\"https:\/\/soymigrante.com\/revista\/jose-a-pelico-descubre-totonicapan-para-ojos-sin-fronteras\/\" title=\"El fot\u00f3grafo Jos\u00e9 Pelic\u00f3 descubre Guatemala para ojos sin fronteras\">El fot\u00f3grafo Jos\u00e9 Pelic\u00f3 descubre Guatemala para ojos sin fronteras<\/a><\/h2><\/header><div class=\"eael-entry-content\">\n                        <div class=\"eael-grid-post-excerpt\"><a href=\"https:\/\/soymigrante.com\/revista\/jose-a-pelico-descubre-totonicapan-para-ojos-sin-fronteras\/\" class=\"eael-post-elements-readmore-btn\">CONOCE SU HISTORIA <\/a><\/div>\n                    <\/div><\/div><\/div>\n        <\/div>\n    <\/article><article class=\"eael-grid-post  eael-post-grid-column eael-pg-post-8882 category-guate-nuestra\" data-id=\"8882\">\n        <div class=\"eael-grid-post-holder\">\n            <div class=\"eael-grid-post-holder-inner\"><div class=\"eael-entry-media\"><div class=\"eael-entry-overlay fade-in\"><i class=\"far fa-hand-pointer\" aria-hidden=\"true\"><\/i><a href=\"https:\/\/soymigrante.com\/revista\/zaculeu-antigua-capital-mam-no-deja-de-sorprender\/\"><\/a><\/div><div class=\"eael-entry-thumbnail \">\n                <img loading=\"lazy\" decoding=\"async\" width=\"1024\" height=\"1024\" src=\"https:\/\/soymigrante.com\/revista\/wp-content\/uploads\/2024\/09\/Zaculue2-1024x1024.webp\" class=\"attachment-large size-large wp-image-8887\" alt=\"Ancient Mayan pyramids in Mexico, archaeological site surrounded by lush green forests, showcasing Mayan architecture and history, part of the cultural heritage featured in SoyMigrante.com REVISTA.\" srcset=\"https:\/\/soymigrante.com\/revista\/wp-content\/uploads\/2024\/09\/Zaculue2-1024x1024.webp 1024w, https:\/\/soymigrante.com\/revista\/wp-content\/uploads\/2024\/09\/Zaculue2-300x300.webp 300w, https:\/\/soymigrante.com\/revista\/wp-content\/uploads\/2024\/09\/Zaculue2-150x150.webp 150w, https:\/\/soymigrante.com\/revista\/wp-content\/uploads\/2024\/09\/Zaculue2-768x768.webp 768w, https:\/\/soymigrante.com\/revista\/wp-content\/uploads\/2024\/09\/Zaculue2-75x75.webp 75w, https:\/\/soymigrante.com\/revista\/wp-content\/uploads\/2024\/09\/Zaculue2-750x750.webp 750w, https:\/\/soymigrante.com\/revista\/wp-content\/uploads\/2024\/09\/Zaculue2.webp 1080w\" sizes=\"(max-width: 1024px) 100vw, 1024px\" \/>\n            <\/div>\n        <\/div><div class=\"eael-entry-wrapper\"><header class=\"eael-entry-header\"><h2 class=\"eael-entry-title\"><a class=\"eael-grid-post-link\" href=\"https:\/\/soymigrante.com\/revista\/zaculeu-antigua-capital-mam-no-deja-de-sorprender\/\" title=\"Zaculeu, antigua capital Mam no deja de sorprender\">Zaculeu, antigua capital Mam no deja de sorprender<\/a><\/h2><\/header><div class=\"eael-entry-content\">\n                        <div class=\"eael-grid-post-excerpt\"><a href=\"https:\/\/soymigrante.com\/revista\/zaculeu-antigua-capital-mam-no-deja-de-sorprender\/\" class=\"eael-post-elements-readmore-btn\">CONOCE SU HISTORIA <\/a><\/div>\n                    <\/div><\/div><\/div>\n        <\/div>\n    <\/article><article class=\"eael-grid-post  eael-post-grid-column eael-pg-post-8757 category-guate-nuestra\" data-id=\"8757\">\n        <div class=\"eael-grid-post-holder\">\n            <div class=\"eael-grid-post-holder-inner\"><div class=\"eael-entry-media\"><div class=\"eael-entry-overlay fade-in\"><i class=\"far fa-hand-pointer\" aria-hidden=\"true\"><\/i><a href=\"https:\/\/soymigrante.com\/revista\/asi-refleja-quiche-tierra-de-eternos-celajes-el-lente-de-peter-hernandez\/\"><\/a><\/div><div class=\"eael-entry-thumbnail \">\n                <img loading=\"lazy\" decoding=\"async\" width=\"1024\" height=\"1024\" src=\"https:\/\/soymigrante.com\/revista\/wp-content\/uploads\/2024\/09\/Peter-Hernandez-Quiche-soy-migrante6-1-1024x1024.webp\" class=\"attachment-large size-large wp-image-8818\" alt=\"Vestido tradicional mexicano con plumas y accesorios coloridos, en un desfile cultural en un pueblo hist\u00f3rico de M\u00e9xico.\" srcset=\"https:\/\/soymigrante.com\/revista\/wp-content\/uploads\/2024\/09\/Peter-Hernandez-Quiche-soy-migrante6-1-1024x1024.webp 1024w, https:\/\/soymigrante.com\/revista\/wp-content\/uploads\/2024\/09\/Peter-Hernandez-Quiche-soy-migrante6-1-300x300.webp 300w, https:\/\/soymigrante.com\/revista\/wp-content\/uploads\/2024\/09\/Peter-Hernandez-Quiche-soy-migrante6-1-150x150.webp 150w, https:\/\/soymigrante.com\/revista\/wp-content\/uploads\/2024\/09\/Peter-Hernandez-Quiche-soy-migrante6-1-768x768.webp 768w, https:\/\/soymigrante.com\/revista\/wp-content\/uploads\/2024\/09\/Peter-Hernandez-Quiche-soy-migrante6-1-1536x1536.webp 1536w, https:\/\/soymigrante.com\/revista\/wp-content\/uploads\/2024\/09\/Peter-Hernandez-Quiche-soy-migrante6-1-scaled.webp 1920w, https:\/\/soymigrante.com\/revista\/wp-content\/uploads\/2024\/09\/Peter-Hernandez-Quiche-soy-migrante6-1-75x75.webp 75w, https:\/\/soymigrante.com\/revista\/wp-content\/uploads\/2024\/09\/Peter-Hernandez-Quiche-soy-migrante6-1-750x750.webp 750w, https:\/\/soymigrante.com\/revista\/wp-content\/uploads\/2024\/09\/Peter-Hernandez-Quiche-soy-migrante6-1-1140x1140.webp 1140w\" sizes=\"(max-width: 1024px) 100vw, 1024px\" \/>\n            <\/div>\n        <\/div><div class=\"eael-entry-wrapper\"><header class=\"eael-entry-header\"><h2 class=\"eael-entry-title\"><a class=\"eael-grid-post-link\" href=\"https:\/\/soymigrante.com\/revista\/asi-refleja-quiche-tierra-de-eternos-celajes-el-lente-de-peter-hernandez\/\" title=\"As\u00ed refleja Quich\u00e9, tierra de eternos celajes,  el lente de Peter Hern\u00e1ndez\">As\u00ed refleja Quich\u00e9, tierra de eternos celajes,  el lente de Peter Hern\u00e1ndez<\/a><\/h2><\/header><div class=\"eael-entry-content\">\n                        <div class=\"eael-grid-post-excerpt\"><a href=\"https:\/\/soymigrante.com\/revista\/asi-refleja-quiche-tierra-de-eternos-celajes-el-lente-de-peter-hernandez\/\" class=\"eael-post-elements-readmore-btn\">CONOCE SU HISTORIA <\/a><\/div>\n                    <\/div><\/div><\/div>\n        <\/div>\n    <\/article><\/div>\n            <div class=\"clearfix\"><\/div>\n        <\/div>\t\t\t\t<\/div>\n\t\t\t\t\t<\/div>\n\t\t\t\t<\/div>\n\t\t\t\t<\/div>\n\t\t","protected":false},"excerpt":{"rendered":"<p>Ellos son los guatemaltecos que recibir\u00e1n un reconocimiento en el D\u00eda del Guatemalteco, que se celebrar\u00e1 el pr\u00f3ximo 20 de octubre en la ciudad de Los Angeles. En el&nbsp;D\u00eda del Guatemalteco, las autoridades de Los Angeles han decido apoyar en tan importante conmemoraci\u00f3n para la comunidad guatemalteca que vive en esa ciudad. Sera esa el [&hellip;]<\/p>\n","protected":false},"author":23,"featured_media":8268,"comment_status":"open","ping_status":"open","sticky":false,"template":"","format":"standard","meta":{"_acf_changed":false,"_eb_attr":"","footnotes":""},"categories":[54],"tags":[],"class_list":["post-10335","post","type-post","status-publish","format-standard","has-post-thumbnail","hentry","category-estamos-unidos"],"acf":[],"aioseo_notices":[],"aioseo_head":"\n\t\t<!-- All in One SEO Pro 4.9.6.2 - aioseo.com -->\n\t<meta name=\"description\" content=\"As\u00ed capta los paisajes admirables de Santa Cruz del Quich\u00e9 y alrededores el fot\u00f3grafo Peter Hern\u00e1ndez con cari\u00f1o y creatividad.\" \/>\n\t<meta name=\"robots\" content=\"max-snippet:-1, max-image-preview:large, max-video-preview:-1\" \/>\n\t<meta name=\"author\" content=\"Beatriz Tercero\"\/>\n\t<link rel=\"canonical\" href=\"https:\/\/soymigrante.com\/revista\/asi-refleja-quiche-tierra-de-eternos-celajes-el-lente-de-peter-hernandez\/\" \/>\n\t<meta name=\"generator\" content=\"All in One SEO Pro (AIOSEO) 4.9.6.2\" \/>\n\n\t\t<link rel=\"preconnect\" href=\"https:\/\/fonts.googleapis.com\" crossorigin>\n<link rel=\"preconnect\" href=\"https:\/\/fonts.gstatic.com\" crossorigin>\n\t\t<meta property=\"og:locale\" content=\"es_ES\" \/>\n\t\t<meta property=\"og:site_name\" content=\"SoyMigrante.com REVISTA \u2013 Nuestra misi\u00f3n es reconocer y dignificar al migrante.\" \/>\n\t\t<meta property=\"og:type\" content=\"article\" \/>\n\t\t<meta property=\"og:title\" content=\"Quich\u00e9 es retratado por el fot\u00f3grafo Peter Hern\u00e1ndez\" \/>\n\t\t<meta property=\"og:description\" content=\"As\u00ed capta los paisajes admirables de Santa Cruz del Quich\u00e9 y alrededores el fot\u00f3grafo Peter Hern\u00e1ndez con cari\u00f1o y creatividad.\" \/>\n\t\t<meta property=\"og:url\" content=\"https:\/\/soymigrante.com\/revista\/asi-refleja-quiche-tierra-de-eternos-celajes-el-lente-de-peter-hernandez\/\" \/>\n\t\t<meta property=\"og:image\" content=\"https:\/\/soymigrante.com\/revista\/wp-content\/uploads\/2024\/09\/Peter-Hernandez-Quiche-soy-migrante6-1-scaled.webp\" \/>\n\t\t<meta property=\"og:image:secure_url\" content=\"https:\/\/soymigrante.com\/revista\/wp-content\/uploads\/2024\/09\/Peter-Hernandez-Quiche-soy-migrante6-1-scaled.webp\" \/>\n\t\t<meta property=\"og:image:width\" content=\"1920\" \/>\n\t\t<meta property=\"og:image:height\" content=\"1920\" \/>\n\t\t<meta property=\"article:published_time\" content=\"2024-09-07T21:05:00+00:00\" \/>\n\t\t<meta property=\"article:modified_time\" content=\"2024-09-07T16:13:05+00:00\" \/>\n\t\t<meta property=\"article:publisher\" content=\"https:\/\/www.facebook.com\/soymigrantecom\" \/>\n\t\t<meta name=\"twitter:card\" content=\"summary_large_image\" \/>\n\t\t<meta name=\"twitter:site\" content=\"@SoyMigrante_com\" \/>\n\t\t<meta name=\"twitter:title\" content=\"Quich\u00e9 es retratado por el fot\u00f3grafo Peter Hern\u00e1ndez\" \/>\n\t\t<meta name=\"twitter:description\" content=\"As\u00ed capta los paisajes admirables de Santa Cruz del Quich\u00e9 y alrededores el fot\u00f3grafo Peter Hern\u00e1ndez con cari\u00f1o y creatividad.\" \/>\n\t\t<meta name=\"twitter:creator\" content=\"@SoyMigrante_com\" \/>\n\t\t<meta name=\"twitter:image\" content=\"https:\/\/soymigrante.com\/revista\/wp-content\/uploads\/2024\/09\/Peter-Hernandez-Quiche-soy-migrante6-1-scaled.webp\" \/>\n\t\t<!-- All in One SEO Pro -->\r\n\t\t<title>Quich\u00e9 es retratado por el fot\u00f3grafo Peter Hern\u00e1ndez<\/title>\n\n","aioseo_head_json":{"title":"Quich\u00e9 es retratado por el fot\u00f3grafo Peter Hern\u00e1ndez","description":"As\u00ed capta los paisajes admirables de Santa Cruz del Quich\u00e9 y alrededores el fot\u00f3grafo Peter Hern\u00e1ndez con cari\u00f1o y creatividad.","canonical_url":"https:\/\/soymigrante.com\/revista\/asi-refleja-quiche-tierra-de-eternos-celajes-el-lente-de-peter-hernandez\/","robots":"max-snippet:-1, max-image-preview:large, max-video-preview:-1","keywords":"","webmasterTools":{"miscellaneous":"&lt;link rel=\"preconnect\" href=\"https:\/\/fonts.googleapis.com\" crossorigin&gt;\n&lt;link rel=\"preconnect\" href=\"https:\/\/fonts.gstatic.com\" crossorigin&gt;"},"schema":null,"og:locale":"es_ES","og:site_name":"SoyMigrante.com REVISTA \u2013 Nuestra misi\u00f3n es reconocer y dignificar al migrante.","og:type":"article","og:title":"Quich\u00e9 es retratado por el fot\u00f3grafo Peter Hern\u00e1ndez","og:description":"As\u00ed capta los paisajes admirables de Santa Cruz del Quich\u00e9 y alrededores el fot\u00f3grafo Peter Hern\u00e1ndez con cari\u00f1o y creatividad.","og:url":"https:\/\/soymigrante.com\/revista\/asi-refleja-quiche-tierra-de-eternos-celajes-el-lente-de-peter-hernandez\/","og:image":"https:\/\/soymigrante.com\/revista\/wp-content\/uploads\/2024\/09\/Peter-Hernandez-Quiche-soy-migrante6-1-scaled.webp","og:image:secure_url":"https:\/\/soymigrante.com\/revista\/wp-content\/uploads\/2024\/09\/Peter-Hernandez-Quiche-soy-migrante6-1-scaled.webp","og:image:width":1920,"og:image:height":1920,"article:published_time":"2024-09-07T21:05:00+00:00","article:modified_time":"2024-09-07T16:13:05+00:00","article:publisher":"https:\/\/www.facebook.com\/soymigrantecom","twitter:card":"summary_large_image","twitter:site":"@SoyMigrante_com","twitter:title":"Quich\u00e9 es retratado por el fot\u00f3grafo Peter Hern\u00e1ndez","twitter:description":"As\u00ed capta los paisajes admirables de Santa Cruz del Quich\u00e9 y alrededores el fot\u00f3grafo Peter Hern\u00e1ndez con cari\u00f1o y creatividad.","twitter:creator":"@SoyMigrante_com","twitter:image":"https:\/\/soymigrante.com\/revista\/wp-content\/uploads\/2024\/09\/Peter-Hernandez-Quiche-soy-migrante6-1-scaled.webp"},"aioseo_meta_data":{"post_id":"10335","title":"Galardonados en el D\u00eda del Guatemalteco 2024","description":"Ellos son los guatemaltecos que recibir\u00e1n un reconocimiento en el D\u00eda del Guatemalteco, que se celebrar\u00e1 en pr\u00f3ximo 20 de octubre en la ciudad de Los Angeles.","keywords":null,"keyphrases":{"focus":{"keyphrase":"D\u00eda del Guatemalteco","score":69,"analysis":{"keyphraseInTitle":{"score":9,"maxScore":9,"error":0},"keyphraseInDescription":{"score":9,"maxScore":9,"error":0},"keyphraseLength":{"score":9,"maxScore":9,"error":0,"length":4},"keyphraseInURL":{"score":5,"maxScore":5,"error":0},"keyphraseInIntroduction":{"score":9,"maxScore":9,"error":0},"keyphraseInSubHeadings":{"score":3,"maxScore":9,"error":1},"keyphraseInImageAlt":{"score":3,"maxScore":9,"error":1},"keywordDensity":{"score":0,"type":"low","maxScore":9,"error":1}}},"additional":[{"keyphrase":"Los Angeles","score":67,"analysis":{"keyphraseInDescription":{"score":9,"maxScore":9,"error":0},"keyphraseLength":{"score":9,"maxScore":9,"error":0,"length":2},"keyphraseInIntroduction":{"score":9,"maxScore":9,"error":0},"keyphraseInImageAlt":{"score":3,"maxScore":9,"error":1},"keywordDensity":{"score":0,"type":"low","maxScore":9,"error":1}}},{"keyphrase":"Soy Guatemalteco","score":40,"analysis":{"keyphraseInDescription":{"score":3,"maxScore":9,"error":1},"keyphraseLength":{"score":9,"maxScore":9,"error":0,"length":2},"keyphraseInIntroduction":{"score":3,"maxScore":9,"error":1},"keyphraseInImageAlt":{"score":3,"maxScore":9,"error":1},"keywordDensity":{"score":0,"type":"low","maxScore":9,"error":1}}},{"keyphrase":"Migrantes","score":40,"analysis":{"keyphraseInDescription":{"score":3,"maxScore":9,"error":1},"keyphraseLength":{"score":9,"maxScore":9,"error":0,"length":1},"keyphraseInIntroduction":{"score":3,"maxScore":9,"error":1},"keyphraseInImageAlt":{"score":3,"maxScore":9,"error":1},"keywordDensity":{"score":0,"type":"low","maxScore":9,"error":1}}}]},"primary_term":null,"canonical_url":null,"og_title":null,"og_description":null,"og_object_type":"default","og_image_type":"default","og_image_url":null,"og_image_width":null,"og_image_height":null,"og_image_custom_url":null,"og_image_custom_fields":null,"og_video":"","og_custom_url":null,"og_article_section":null,"og_article_tags":null,"twitter_use_og":false,"twitter_card":"default","twitter_image_type":"default","twitter_image_url":null,"twitter_image_custom_url":null,"twitter_image_custom_fields":null,"twitter_title":null,"twitter_description":null,"schema":{"blockGraphs":[],"customGraphs":[],"default":{"data":{"Article":[],"Course":[],"Dataset":[],"FAQPage":[],"Movie":[],"Person":[],"Product":[],"ProductReview":[],"Car":[],"Recipe":[],"Service":[],"SoftwareApplication":[],"WebPage":[]},"graphName":"Article","isEnabled":true},"graphs":[]},"schema_type":"default","schema_type_options":null,"pillar_content":false,"robots_default":true,"robots_noindex":false,"robots_noarchive":false,"robots_nosnippet":false,"robots_nofollow":false,"robots_noimageindex":false,"robots_noodp":false,"robots_notranslate":false,"robots_max_snippet":"-1","robots_max_videopreview":"-1","robots_max_imagepreview":"large","priority":null,"frequency":"default","local_seo":null,"seo_analyzer_scan_date":"2025-10-08 23:42:05","breadcrumb_settings":null,"limit_modified_date":false,"reviewed_by":null,"open_ai":"{\"title\":{\"suggestions\":[],\"usage\":0},\"description\":{\"suggestions\":[],\"usage\":0}}","ai":null,"created":"2024-10-14 19:26:23","updated":"2026-02-04 15:02:43"},"aioseo_breadcrumb":"<div class=\"aioseo-breadcrumbs\"><span class=\"aioseo-breadcrumb\">\n\t<a href=\"https:\/\/soymigrante.com\/revista\" title=\"Home\">Home<\/a>\n<\/span><span class=\"aioseo-breadcrumb-separator\">\u00bb<\/span><span class=\"aioseo-breadcrumb\">\n\t<a href=\"https:\/\/soymigrante.com\/revista\/category\/estamos-unidos\/\" title=\"Estamos Unidos\">Estamos Unidos<\/a>\n<\/span><span class=\"aioseo-breadcrumb-separator\">\u00bb<\/span><span class=\"aioseo-breadcrumb\">\n\tEl D\u00eda del Guatemalteco en Los Angeles: conoce a los connacionales que ser\u00e1n homenajeados\n<\/span><\/div>","aioseo_breadcrumb_json":[{"label":"Home","link":"https:\/\/soymigrante.com\/revista"},{"label":"Estamos Unidos","link":"https:\/\/soymigrante.com\/revista\/category\/estamos-unidos\/"},{"label":"El D\u00eda del Guatemalteco en Los Angeles: conoce a los connacionales que ser\u00e1n homenajeados","link":"https:\/\/soymigrante.com\/revista\/conoce-a-los-connacionales-que-seran-homenajeados-el-dia-del-guatemalteco-en-los-angeles\/"}],"_links":{"self":[{"href":"https:\/\/soymigrante.com\/revista\/wp-json\/wp\/v2\/posts\/10335","targetHints":{"allow":["GET"]}}],"collection":[{"href":"https:\/\/soymigrante.com\/revista\/wp-json\/wp\/v2\/posts"}],"about":[{"href":"https:\/\/soymigrante.com\/revista\/wp-json\/wp\/v2\/types\/post"}],"author":[{"embeddable":true,"href":"https:\/\/soymigrante.com\/revista\/wp-json\/wp\/v2\/users\/23"}],"replies":[{"embeddable":true,"href":"https:\/\/soymigrante.com\/revista\/wp-json\/wp\/v2\/comments?post=10335"}],"version-history":[{"count":0,"href":"https:\/\/soymigrante.com\/revista\/wp-json\/wp\/v2\/posts\/10335\/revisions"}],"wp:featuredmedia":[{"embeddable":true,"href":"https:\/\/soymigrante.com\/revista\/wp-json\/wp\/v2\/media\/8268"}],"wp:attachment":[{"href":"https:\/\/soymigrante.com\/revista\/wp-json\/wp\/v2\/media?parent=10335"}],"wp:term":[{"taxonomy":"category","embeddable":true,"href":"https:\/\/soymigrante.com\/revista\/wp-json\/wp\/v2\/categories?post=10335"},{"taxonomy":"post_tag","embeddable":true,"href":"https:\/\/soymigrante.com\/revista\/wp-json\/wp\/v2\/tags?post=10335"}],"curies":[{"name":"wp","href":"https:\/\/api.w.org\/{rel}","templated":true}]}}