{"id":10331,"date":"2024-10-16T11:33:01","date_gmt":"2024-10-16T17:33:01","guid":{"rendered":"https:\/\/soymigrante.com\/revista\/?p=10331"},"modified":"2024-10-31T21:29:49","modified_gmt":"2024-11-01T03:29:49","slug":"hearts-of-eternal-spring-puente-de-ayuda-migrante-desde-oklahoma-a-guatemala","status":"publish","type":"post","link":"https:\/\/soymigrante.com\/revista\/hearts-of-eternal-spring-puente-de-ayuda-migrante-desde-oklahoma-a-guatemala\/","title":{"rendered":"Hearts of Eternal Spring: puente de ayuda migrante desde Oklahoma a Guatemala"},"content":{"rendered":"\t\t<div data-elementor-type=\"wp-post\" data-elementor-id=\"10331\" class=\"elementor elementor-10331\" data-elementor-post-type=\"post\">\n\t\t\t\t<div data-particle_enable=\"false\" data-particle-mobile-disabled=\"false\" class=\"elementor-element elementor-element-33257f6 e-flex e-con-boxed e-con e-parent\" data-id=\"33257f6\" data-element_type=\"container\" data-e-type=\"container\">\n\t\t\t\t\t<div class=\"e-con-inner\">\n\t\t\t\t<div class=\"elementor-element elementor-element-b4dde6c elementor-widget elementor-widget-heading\" data-id=\"b4dde6c\" data-element_type=\"widget\" data-e-type=\"widget\" data-widget_type=\"heading.default\">\n\t\t\t\t\t<h2 class=\"elementor-heading-title elementor-size-default\">Hearts from the Eternal Spring Foundation (Fundaci\u00f3n Corazones de la Eterna Primavera) es una organizaci\u00f3n que apoya proyectos ben\u00e9ficos en Quetzaltenango, lugar de origen de sus integrantes, pero tambi\u00e9n apoya a migrantes en Oklahoma, donde residen.  \n<\/h2>\t\t\t\t<\/div>\n\t\t\t\t\t<\/div>\n\t\t\t\t<\/div>\n\t\t<div data-particle_enable=\"false\" data-particle-mobile-disabled=\"false\" class=\"elementor-element elementor-element-f31ff4e e-flex e-con-boxed e-con e-parent\" data-id=\"f31ff4e\" data-element_type=\"container\" data-e-type=\"container\">\n\t\t\t\t\t<div class=\"e-con-inner\">\n\t\t\t\t<div class=\"elementor-element elementor-element-1e28d6b elementor-widget elementor-widget-text-editor\" data-id=\"1e28d6b\" data-element_type=\"widget\" data-e-type=\"widget\" data-widget_type=\"text-editor.default\">\n\t\t\t\t\t\t\t\t\t<p>El D\u00eda del Ni\u00f1o, 1 de octubre de 2024, no fue igual en la escuela Llanos de Urbina, en Cantel, Quetzaltenango. Ese d\u00eda hubo un festejo especial para los ni\u00f1os, con sorpresas y regalos aportados por migrantes guatemaltecos.\u00a0<\/p><p>Pero adem\u00e1s, el establecimiento escolar ten\u00eda nuevos servicios sanitarios construidos con el aporte de connacionales radicados en Oklahoma y organizados en la fundaci\u00f3n Hearts from the Eternal Spring Foundation (Fundaci\u00f3n Corazones de la Eterna Primavera): una mano hermana tendida para ayudar.<\/p><p><a href=\"https:\/\/www.facebook.com\/profile.php?id=100090015152070\" target=\"_blank\" rel=\"noopener\">La Hearts from the Eternal Spring Foundation<\/a> es una organizaci\u00f3n sin fines de lucro que tiene como objetivo brindar apoyo a los guatemaltecos en situaciones vulnerables, tanto dentro de Guatemala como en el extranjero.<\/p><p>Fundada por C\u00e9sar Reyes, un guatemalteco que <a href=\"https:\/\/www.facebook.com\/photo.php?fbid=469022058674655&amp;set=pb.100067005948006.-2207520000&amp;type=3\" target=\"_blank\" rel=\"noopener\">logr\u00f3 destacarse en Estados Unidos como Mister Oklahoma Guatemala<\/a>, esta fundaci\u00f3n ha demostrado c\u00f3mo el altruismo puede florecer desde cualquier escenario.<\/p><p>El t\u00edtulo de Mister Oklahoma Guatemala no solo le dio a C\u00e9sar Reyes un reconocimiento en la comunidad migrante, sino que tambi\u00e9n le abri\u00f3 las puertas para involucrarse en iniciativas que impactan directamente la vida de guatemaltecos de escasos recursos.<\/p>\t\t\t\t\t\t\t\t<\/div>\n\t\t\t\t\t<\/div>\n\t\t\t\t<\/div>\n\t\t<div data-particle_enable=\"false\" data-particle-mobile-disabled=\"false\" class=\"elementor-element elementor-element-ee6e5b9 e-flex e-con-boxed e-con e-parent\" data-id=\"ee6e5b9\" data-element_type=\"container\" data-e-type=\"container\">\n\t\t\t\t\t<div class=\"e-con-inner\">\n\t\t\t\t<div class=\"elementor-element elementor-element-b44e28f elementor-widget elementor-widget-facebook-embed\" data-id=\"b44e28f\" data-element_type=\"widget\" data-e-type=\"widget\" data-widget_type=\"facebook-embed.default\">\n\t\t\t\t\t<div style=\"min-height: 1px\" class=\"elementor-facebook-widget fb-post\" data-href=\"https:\/\/www.facebook.com\/photo\/?fbid=479038231773345&#038;set=pb.100090015152070.-2207520000\" data-show-text=\"false\"><\/div>\t\t\t\t<\/div>\n\t\t\t\t\t<\/div>\n\t\t\t\t<\/div>\n\t\t<div data-particle_enable=\"false\" data-particle-mobile-disabled=\"false\" class=\"elementor-element elementor-element-f01af25 e-flex e-con-boxed e-con e-parent\" data-id=\"f01af25\" data-element_type=\"container\" data-e-type=\"container\">\n\t\t\t\t\t<div class=\"e-con-inner\">\n\t\t\t\t<div class=\"elementor-element elementor-element-408dc85 elementor-widget elementor-widget-text-editor\" data-id=\"408dc85\" data-element_type=\"widget\" data-e-type=\"widget\" data-widget_type=\"text-editor.default\">\n\t\t\t\t\t\t\t\t\t<p>A partir de su experiencia personal como migrante, C\u00e9sar Reyes sinti\u00f3 la necesidad de retribuir a su comunidad, utilizando su plataforma para recaudar fondos, organizar eventos comunitarios y proveer recursos esenciales a quienes m\u00e1s lo necesitan.<\/p><p>La fundaci\u00f3n, cuyo nombre evoca las ra\u00edces guatemaltecas y la eterna esperanza de un futuro mejor, ha enfocado sus esfuerzos en apoyar a migrantes guatemaltecos en Estados Unidos, proporcion\u00e1ndoles ayuda humanitaria. Adem\u00e1s, en Guatemala, <a href=\"https:\/\/www.facebook.com\/photo\/?fbid=352402594436910&amp;set=a.100817432928762\" target=\"_blank\" rel=\"noopener\">Hearts from the Eternal Spring Foundation<\/a> ha impulsado proyectos para mejorar la calidad de vida de comunidades rurales, brindando asistencia en \u00e1reas como la educaci\u00f3n y la salud.<\/p><p>C\u00e9sar Reyes ha sido clave en el crecimiento de esta organizaci\u00f3n, utilizando su influencia y red de contactos para movilizar recursos que llegan a las manos de quienes m\u00e1s lo necesitan.<\/p>\t\t\t\t\t\t\t\t<\/div>\n\t\t\t\t\t<\/div>\n\t\t\t\t<\/div>\n\t\t<div data-particle_enable=\"false\" data-particle-mobile-disabled=\"false\" class=\"elementor-element elementor-element-74bf695 e-flex e-con-boxed e-con e-parent\" data-id=\"74bf695\" data-element_type=\"container\" data-e-type=\"container\">\n\t\t\t\t\t<div class=\"e-con-inner\">\n\t\t\t\t<div class=\"elementor-element elementor-element-d27dc91 elementor-widget elementor-widget-image\" data-id=\"d27dc91\" data-element_type=\"widget\" data-e-type=\"widget\" data-widget_type=\"image.default\">\n\t\t\t\t\t\t\t\t\t\t\t\t\t\t\t<img fetchpriority=\"high\" decoding=\"async\" width=\"768\" height=\"770\" src=\"https:\/\/soymigrante.com\/revista\/wp-content\/uploads\/2024\/10\/cesar-reyes-1021x1024.webp\" class=\"attachment-large size-large wp-image-10429\" alt=\"Intepretaci\u00f3n cultural y celebraci\u00f3n ind\u00edgena en el contexto de la revista SoyMigrante.com REVISTA en comunidad migrante.\" srcset=\"https:\/\/soymigrante.com\/revista\/wp-content\/uploads\/2024\/10\/cesar-reyes-1021x1024.webp 1021w, https:\/\/soymigrante.com\/revista\/wp-content\/uploads\/2024\/10\/cesar-reyes-300x300.webp 300w, https:\/\/soymigrante.com\/revista\/wp-content\/uploads\/2024\/10\/cesar-reyes-150x150.webp 150w, https:\/\/soymigrante.com\/revista\/wp-content\/uploads\/2024\/10\/cesar-reyes-768x771.webp 768w, https:\/\/soymigrante.com\/revista\/wp-content\/uploads\/2024\/10\/cesar-reyes-1531x1536.webp 1531w, https:\/\/soymigrante.com\/revista\/wp-content\/uploads\/2024\/10\/cesar-reyes-75x75.webp 75w, https:\/\/soymigrante.com\/revista\/wp-content\/uploads\/2024\/10\/cesar-reyes-750x752.webp 750w, https:\/\/soymigrante.com\/revista\/wp-content\/uploads\/2024\/10\/cesar-reyes-1140x1144.webp 1140w, https:\/\/soymigrante.com\/revista\/wp-content\/uploads\/2024\/10\/cesar-reyes.webp 1536w\" sizes=\"(max-width: 768px) 100vw, 768px\" title=\"C\u00e9sar Reyes particip\u00f3 en actividades del Mes de la Herencia Hispana en Oklahoma. En una de ellas fue invitada especial la Rabin Ajau 2024 Arly Cholot\u00edo. \u2013 SoyMigrante.com REVISTA\" \/>\t\t\t\t\t\t\t\t\t\t\t\t\t\t\t<\/div>\n\t\t\t\t\t<\/div>\n\t\t\t\t<\/div>\n\t\t<div data-particle_enable=\"false\" data-particle-mobile-disabled=\"false\" class=\"elementor-element elementor-element-912d49f e-flex e-con-boxed e-con e-parent\" data-id=\"912d49f\" data-element_type=\"container\" data-e-type=\"container\">\n\t\t\t\t\t<div class=\"e-con-inner\">\n\t\t\t\t<div class=\"elementor-element elementor-element-06b7f3e elementor-widget elementor-widget-text-editor\" data-id=\"06b7f3e\" data-element_type=\"widget\" data-e-type=\"widget\" data-widget_type=\"text-editor.default\">\n\t\t\t\t\t\t\t\t\t<p>Para muchos, la<a href=\"https:\/\/www.facebook.com\/profile.php?id=100090015152070\" target=\"_blank\" rel=\"noopener\">\u00a0fundaci\u00f3n no solo representa una ayuda tangible, sino tambi\u00e9n una fuente de esperanza y orgullo<\/a>, ya que refleja el compromiso de los guatemaltecos migrantes de no olvidar sus ra\u00edces y extender una mano amiga a sus compatriotas.<\/p><p><a href=\"https:\/\/www.facebook.com\/profile.php?id=100090015152070\" target=\"_blank\" rel=\"noopener\">Hearts from the Eternal Spring Foundation<\/a> es un ejemplo de c\u00f3mo, a trav\u00e9s del liderazgo y el deseo de servir, los migrantes pueden generar un impacto significativo tanto en sus nuevas comunidades como en su pa\u00eds de origen.<\/p>\t\t\t\t\t\t\t\t<\/div>\n\t\t\t\t\t<\/div>\n\t\t\t\t<\/div>\n\t\t<div data-particle_enable=\"false\" data-particle-mobile-disabled=\"false\" class=\"elementor-element elementor-element-063b7f6 e-flex e-con-boxed e-con e-parent\" data-id=\"063b7f6\" data-element_type=\"container\" data-e-type=\"container\">\n\t\t\t\t\t<div class=\"e-con-inner\">\n\t\t\t\t<div class=\"elementor-element elementor-element-1e43941 elementor-widget elementor-widget-image\" data-id=\"1e43941\" data-element_type=\"widget\" data-e-type=\"widget\" data-widget_type=\"image.default\">\n\t\t\t\t\t\t\t\t\t\t\t\t<figure class=\"wp-caption\">\n\t\t\t\t\t\t\t\t\t\t<img decoding=\"async\" width=\"768\" height=\"1024\" src=\"https:\/\/soymigrante.com\/revista\/wp-content\/uploads\/2024\/10\/Hearts-from-the-Eternal-Spring-Foundation-Un-puente-de-ayuda-para-los-guatemaltecos2-768x1024.webp\" class=\"attachment-large size-large wp-image-10333\" alt=\"Ni\u00f1as y ni\u00f1os en un parque recibiendo regalos, promoviendo integraci\u00f3n y cultura migrante, con \u00e1rboles y actividades comunitarias de fondo.\" srcset=\"https:\/\/soymigrante.com\/revista\/wp-content\/uploads\/2024\/10\/Hearts-from-the-Eternal-Spring-Foundation-Un-puente-de-ayuda-para-los-guatemaltecos2-768x1024.webp 768w, https:\/\/soymigrante.com\/revista\/wp-content\/uploads\/2024\/10\/Hearts-from-the-Eternal-Spring-Foundation-Un-puente-de-ayuda-para-los-guatemaltecos2-225x300.webp 225w, https:\/\/soymigrante.com\/revista\/wp-content\/uploads\/2024\/10\/Hearts-from-the-Eternal-Spring-Foundation-Un-puente-de-ayuda-para-los-guatemaltecos2-1152x1536.webp 1152w, https:\/\/soymigrante.com\/revista\/wp-content\/uploads\/2024\/10\/Hearts-from-the-Eternal-Spring-Foundation-Un-puente-de-ayuda-para-los-guatemaltecos2-750x1000.webp 750w, https:\/\/soymigrante.com\/revista\/wp-content\/uploads\/2024\/10\/Hearts-from-the-Eternal-Spring-Foundation-Un-puente-de-ayuda-para-los-guatemaltecos2-1140x1520.jpeg 1140w, https:\/\/soymigrante.com\/revista\/wp-content\/uploads\/2024\/10\/Hearts-from-the-Eternal-Spring-Foundation-Un-puente-de-ayuda-para-los-guatemaltecos2.webp 1200w\" sizes=\"(max-width: 768px) 100vw, 768px\" title=\"Hearts from the Eternal Spring Foundation Un puente de ayuda para los guatemaltecos2 \u2013 SoyMigrante.com REVISTA\" \/>\t\t\t\t\t\t\t\t\t\t\t<figcaption class=\"widget-image-caption wp-caption-text\">Mucha alegr\u00eda y sonrisas hubo en la eescuela Llanos de Urbina, Cantel, Quetzaltenango, el 1 de octubre de 2024, porque la asociaci\u00f3n Corazones de la Eterna Primavera festej\u00f3 el D\u00eda del Ni\u00f1o a los alumnos.<\/figcaption>\n\t\t\t\t\t\t\t\t\t\t<\/figure>\n\t\t\t\t\t\t\t\t\t<\/div>\n\t\t\t\t\t<\/div>\n\t\t\t\t<\/div>\n\t\t<div data-particle_enable=\"false\" data-particle-mobile-disabled=\"false\" class=\"elementor-element elementor-element-a13216e e-flex e-con-boxed e-con e-parent\" data-id=\"a13216e\" data-element_type=\"container\" data-e-type=\"container\">\n\t\t\t\t\t<div class=\"e-con-inner\">\n\t\t\t\t<div class=\"elementor-element elementor-element-1930bd8 elementor-widget elementor-widget-heading\" data-id=\"1930bd8\" data-element_type=\"widget\" data-e-type=\"widget\" data-widget_type=\"heading.default\">\n\t\t\t\t\t<h3 class=\"elementor-heading-title elementor-size-default\">Actividades de hermandad y solidaridad<\/h3>\t\t\t\t<\/div>\n\t\t\t\t\t<\/div>\n\t\t\t\t<\/div>\n\t\t<div data-particle_enable=\"false\" data-particle-mobile-disabled=\"false\" class=\"elementor-element elementor-element-6872c1f e-flex e-con-boxed e-con e-parent\" data-id=\"6872c1f\" data-element_type=\"container\" data-e-type=\"container\">\n\t\t\t\t\t<div class=\"e-con-inner\">\n\t\t\t\t<div class=\"elementor-element elementor-element-a59b979 elementor-widget elementor-widget-text-editor\" data-id=\"a59b979\" data-element_type=\"widget\" data-e-type=\"widget\" data-widget_type=\"text-editor.default\">\n\t\t\t\t\t\t\t\t\t<p>Desde su fundaci\u00f3n, <a href=\"https:\/\/www.facebook.com\/profile.php?id=100090015152070\" target=\"_blank\" rel=\"noopener\">Hearts from the Eternal Spring<\/a> ha desarrollado diversas actividades en favor de los m\u00e1s necesitados, destac\u00e1ndose en el bienestar de los guatemaltecos. <\/p>\t\t\t\t\t\t\t\t<\/div>\n\t\t\t\t\t<\/div>\n\t\t\t\t<\/div>\n\t\t<div data-particle_enable=\"false\" data-particle-mobile-disabled=\"false\" class=\"elementor-element elementor-element-2806778 e-flex e-con-boxed e-con e-parent\" data-id=\"2806778\" data-element_type=\"container\" data-e-type=\"container\">\n\t\t\t\t\t<div class=\"e-con-inner\">\n\t\t\t\t<div class=\"elementor-element elementor-element-0bcde43 elementor-widget elementor-widget-text-editor\" data-id=\"0bcde43\" data-element_type=\"widget\" data-e-type=\"widget\" data-widget_type=\"text-editor.default\">\n\t\t\t\t\t\t\t\t\t<p><strong>1. Entrega de juguetes a ni\u00f1os de escasos recursos en Quetzaltenango<\/strong><br \/>En una de sus primeras actividades, la fundaci\u00f3n organiz\u00f3 una campa\u00f1a para llevar alegr\u00eda a los ni\u00f1os de comunidades vulnerables en Quetzaltenango. Con el apoyo de voluntarios y donantes, lograron recaudar y entregar juguetes, en un evento que no solo ilumin\u00f3 los rostros de los peque\u00f1os, sino que tambi\u00e9n fortaleci\u00f3 el v\u00ednculo entre los guatemaltecos en el extranjero y las comunidades m\u00e1s desfavorecidas del pa\u00eds.<\/p>\t\t\t\t\t\t\t\t<\/div>\n\t\t\t\t\t<\/div>\n\t\t\t\t<\/div>\n\t\t<div data-particle_enable=\"false\" data-particle-mobile-disabled=\"false\" class=\"elementor-element elementor-element-124da66 e-flex e-con-boxed e-con e-parent\" data-id=\"124da66\" data-element_type=\"container\" data-e-type=\"container\">\n\t\t\t\t\t<div class=\"e-con-inner\">\n\t\t\t\t<div class=\"elementor-element elementor-element-a439257 elementor-widget elementor-widget-facebook-embed\" data-id=\"a439257\" data-element_type=\"widget\" data-e-type=\"widget\" data-widget_type=\"facebook-embed.default\">\n\t\t\t\t\t<div style=\"min-height: 1px\" class=\"elementor-facebook-widget fb-post\" data-href=\"https:\/\/www.facebook.com\/photo.php?fbid=352402594436910&#038;set=pb.100090015152070.-2207520000&#038;type=3\" data-show-text=\"false\"><\/div>\t\t\t\t<\/div>\n\t\t\t\t\t<\/div>\n\t\t\t\t<\/div>\n\t\t<div data-particle_enable=\"false\" data-particle-mobile-disabled=\"false\" class=\"elementor-element elementor-element-c4bb643 e-flex e-con-boxed e-con e-parent\" data-id=\"c4bb643\" data-element_type=\"container\" data-e-type=\"container\">\n\t\t\t\t\t<div class=\"e-con-inner\">\n\t\t\t\t<div class=\"elementor-element elementor-element-d316506 elementor-widget elementor-widget-text-editor\" data-id=\"d316506\" data-element_type=\"widget\" data-e-type=\"widget\" data-widget_type=\"text-editor.default\">\n\t\t\t\t\t\t\t\t\t<p><strong>2. Donaci\u00f3n de v\u00edveres a un asilo de ancianos en Guatemala<\/strong><br \/>En una muestra de solidaridad con los adultos mayores, Hearts from the Eternal Spring Foundation organiz\u00f3 una entrega de v\u00edveres en un asilo de ancianos en Guatemala. Esta actividad incluy\u00f3 alimentos b\u00e1sicos, art\u00edculos de higiene personal y productos esenciales que mejoraron las condiciones de vida de los ancianos residentes. Para C\u00e9sar Reyes, esta iniciativa fue particularmente significativa, ya que subray\u00f3 la importancia de cuidar y dignificar a los miembros m\u00e1s vulnerables de la sociedad.<\/p>\t\t\t\t\t\t\t\t<\/div>\n\t\t\t\t\t<\/div>\n\t\t\t\t<\/div>\n\t\t<div data-particle_enable=\"false\" data-particle-mobile-disabled=\"false\" class=\"elementor-element elementor-element-a596a28 e-flex e-con-boxed e-con e-parent\" data-id=\"a596a28\" data-element_type=\"container\" data-e-type=\"container\">\n\t\t\t\t\t<div class=\"e-con-inner\">\n\t\t\t\t<div class=\"elementor-element elementor-element-761eaa0 elementor-widget elementor-widget-facebook-embed\" data-id=\"761eaa0\" data-element_type=\"widget\" data-e-type=\"widget\" data-widget_type=\"facebook-embed.default\">\n\t\t\t\t\t<div style=\"min-height: 1px\" class=\"elementor-facebook-widget fb-post\" data-href=\"https:\/\/www.facebook.com\/photo.php?fbid=269675299376307&#038;set=pb.100090015152070.-2207520000&#038;type=3\" data-show-text=\"false\"><\/div>\t\t\t\t<\/div>\n\t\t\t\t\t<\/div>\n\t\t\t\t<\/div>\n\t\t<div data-particle_enable=\"false\" data-particle-mobile-disabled=\"false\" class=\"elementor-element elementor-element-2d038ff e-flex e-con-boxed e-con e-parent\" data-id=\"2d038ff\" data-element_type=\"container\" data-e-type=\"container\">\n\t\t\t\t\t<div class=\"e-con-inner\">\n\t\t\t\t<div class=\"elementor-element elementor-element-34cb6ad elementor-widget elementor-widget-text-editor\" data-id=\"34cb6ad\" data-element_type=\"widget\" data-e-type=\"widget\" data-widget_type=\"text-editor.default\">\n\t\t\t\t\t\t\t\t\t<p><strong>3. Entrega de alimentos a personas de escasos recursos<\/strong><br \/>Con el prop\u00f3sito de mitigar los efectos de la pobreza extrema, la fundaci\u00f3n ha organizado varias campa\u00f1as de distribuci\u00f3n de alimentos a familias guatemaltecas en situaci\u00f3n de necesidad. Una de las m\u00e1s recientes tuvo lugar en \u00e1reas rurales. La distribuci\u00f3n no solo cubri\u00f3 necesidades inmediatas, sino que tambi\u00e9n brind\u00f3 esperanza y alivio a familias que enfrentan desaf\u00edos diarios para obtener lo b\u00e1sico.<\/p>\t\t\t\t\t\t\t\t<\/div>\n\t\t\t\t\t<\/div>\n\t\t\t\t<\/div>\n\t\t<div data-particle_enable=\"false\" data-particle-mobile-disabled=\"false\" class=\"elementor-element elementor-element-292e3a6 e-flex e-con-boxed e-con e-parent\" data-id=\"292e3a6\" data-element_type=\"container\" data-e-type=\"container\">\n\t\t\t\t\t<div class=\"e-con-inner\">\n\t\t\t\t<div class=\"elementor-element elementor-element-ce3b79a elementor-widget elementor-widget-facebook-embed\" data-id=\"ce3b79a\" data-element_type=\"widget\" data-e-type=\"widget\" data-widget_type=\"facebook-embed.default\">\n\t\t\t\t\t<div style=\"min-height: 1px\" class=\"elementor-facebook-widget fb-post\" data-href=\"https:\/\/www.facebook.com\/110428118622277\/photos\/pb.100090015152070.-2207520000\/411946575137095\/?type=3\" data-show-text=\"false\"><\/div>\t\t\t\t<\/div>\n\t\t\t\t\t<\/div>\n\t\t\t\t<\/div>\n\t\t<div data-particle_enable=\"false\" data-particle-mobile-disabled=\"false\" class=\"elementor-element elementor-element-8bb8f4d e-flex e-con-boxed e-con e-parent\" data-id=\"8bb8f4d\" data-element_type=\"container\" data-e-type=\"container\">\n\t\t\t\t\t<div class=\"e-con-inner\">\n\t\t\t\t<div class=\"elementor-element elementor-element-debd353 elementor-widget elementor-widget-text-editor\" data-id=\"debd353\" data-element_type=\"widget\" data-e-type=\"widget\" data-widget_type=\"text-editor.default\">\n\t\t\t\t\t\t\t\t\t<p><strong>4. Reparaci\u00f3n de ba\u00f1os en una escuela p\u00fablica en Quetzaltenango<\/strong><br \/>En el \u00e1mbito de la educaci\u00f3n, Hearts from the Eternal Spring Foundation se comprometi\u00f3 a mejorar la infraestructura escolar en Quetzaltenango. Uno de sus proyectos m\u00e1s destacados fue la reparaci\u00f3n de los ba\u00f1os de una escuela p\u00fablica que se encontraban en condiciones deplorables. Esta intervenci\u00f3n no solo mejor\u00f3 la higiene y la comodidad de los estudiantes, sino que tambi\u00e9n resalt\u00f3 la importancia de proporcionar espacios dignos para la educaci\u00f3n de los ni\u00f1os guatemaltecos.<\/p>\t\t\t\t\t\t\t\t<\/div>\n\t\t\t\t\t<\/div>\n\t\t\t\t<\/div>\n\t\t<div data-particle_enable=\"false\" data-particle-mobile-disabled=\"false\" class=\"elementor-element elementor-element-e218456 e-flex e-con-boxed e-con e-parent\" data-id=\"e218456\" data-element_type=\"container\" data-e-type=\"container\">\n\t\t\t\t\t<div class=\"e-con-inner\">\n\t\t\t\t<div class=\"elementor-element elementor-element-72635e9 elementor-widget elementor-widget-facebook-embed\" data-id=\"72635e9\" data-element_type=\"widget\" data-e-type=\"widget\" data-widget_type=\"facebook-embed.default\">\n\t\t\t\t\t<div style=\"min-height: 1px\" class=\"elementor-facebook-widget fb-post\" data-href=\"https:\/\/www.facebook.com\/photo\/?fbid=479038231773345&#038;set=pb.100090015152070.-2207520000\" data-show-text=\"false\"><\/div>\t\t\t\t<\/div>\n\t\t\t\t\t<\/div>\n\t\t\t\t<\/div>\n\t\t<div data-particle_enable=\"false\" data-particle-mobile-disabled=\"false\" class=\"elementor-element elementor-element-8dfed23 e-flex e-con-boxed e-con e-parent\" data-id=\"8dfed23\" data-element_type=\"container\" data-e-type=\"container\">\n\t\t\t\t\t<div class=\"e-con-inner\">\n\t\t\t\t<div class=\"elementor-element elementor-element-bab88a8 elementor-widget elementor-widget-text-editor\" data-id=\"bab88a8\" data-element_type=\"widget\" data-e-type=\"widget\" data-widget_type=\"text-editor.default\">\n\t\t\t\t\t\t\t\t\t<p>A trav\u00e9s de estas actividades, C\u00e9sar Reyes y <a href=\"https:\/\/www.facebook.com\/profile.php?id=100090015152070&amp;sk=photos\" target=\"_blank\" rel=\"noopener\">Hearts from the Eternal Spring Foundation<\/a> han demostrado que el altruismo y el compromiso con el bienestar de los dem\u00e1s pueden tener un impacto duradero.<\/p><p>La organizaci\u00f3n sigue trabajando para ser un canal de apoyo, proporcionando recursos y esperanza a quienes m\u00e1s lo necesitan. Para Reyes, cada proyecto es una reafirmaci\u00f3n del deber que siente hacia su pa\u00eds y su gente, reflejando el esp\u00edritu de solidaridad que une a los guatemaltecos, sin importar d\u00f3nde se encuentren.<\/p>\t\t\t\t\t\t\t\t<\/div>\n\t\t\t\t\t<\/div>\n\t\t\t\t<\/div>\n\t\t<div data-particle_enable=\"false\" data-particle-mobile-disabled=\"false\" class=\"elementor-element elementor-element-f678c72 e-flex e-con-boxed e-con e-parent\" data-id=\"f678c72\" data-element_type=\"container\" data-e-type=\"container\">\n\t\t\t\t\t<div class=\"e-con-inner\">\n\t\t\t\t<div class=\"elementor-element elementor-element-7b5aa91 elementor-widget elementor-widget-image\" data-id=\"7b5aa91\" data-element_type=\"widget\" data-e-type=\"widget\" data-widget_type=\"image.default\">\n\t\t\t\t\t\t\t\t\t\t\t\t\t\t\t<img decoding=\"async\" width=\"768\" height=\"1024\" src=\"https:\/\/soymigrante.com\/revista\/wp-content\/uploads\/2024\/10\/Hearts-from-the-Eternal-Spring-Foundation-Un-puente-de-ayuda-para-los-guatemaltecos5-768x1024.webp\" class=\"attachment-large size-large wp-image-10336\" alt=\"Alto text: Mujer entregando ayuda a ni\u00f1os en una escuela con materiales de apoyo y actividades educativas en un entorno escolar.\" srcset=\"https:\/\/soymigrante.com\/revista\/wp-content\/uploads\/2024\/10\/Hearts-from-the-Eternal-Spring-Foundation-Un-puente-de-ayuda-para-los-guatemaltecos5-768x1024.webp 768w, https:\/\/soymigrante.com\/revista\/wp-content\/uploads\/2024\/10\/Hearts-from-the-Eternal-Spring-Foundation-Un-puente-de-ayuda-para-los-guatemaltecos5-225x300.webp 225w, https:\/\/soymigrante.com\/revista\/wp-content\/uploads\/2024\/10\/Hearts-from-the-Eternal-Spring-Foundation-Un-puente-de-ayuda-para-los-guatemaltecos5-1152x1536.webp 1152w, https:\/\/soymigrante.com\/revista\/wp-content\/uploads\/2024\/10\/Hearts-from-the-Eternal-Spring-Foundation-Un-puente-de-ayuda-para-los-guatemaltecos5-750x1000.webp 750w, https:\/\/soymigrante.com\/revista\/wp-content\/uploads\/2024\/10\/Hearts-from-the-Eternal-Spring-Foundation-Un-puente-de-ayuda-para-los-guatemaltecos5-1140x1520.webp 1140w, https:\/\/soymigrante.com\/revista\/wp-content\/uploads\/2024\/10\/Hearts-from-the-Eternal-Spring-Foundation-Un-puente-de-ayuda-para-los-guatemaltecos5.webp 1200w\" sizes=\"(max-width: 768px) 100vw, 768px\" title=\"Hearts from the Eternal Spring Foundation Un puente de ayuda para los guatemaltecos5 \u2013 SoyMigrante.com REVISTA\" \/>\t\t\t\t\t\t\t\t\t\t\t\t\t\t\t<\/div>\n\t\t\t\t\t<\/div>\n\t\t\t\t<\/div>\n\t\t<div data-particle_enable=\"false\" data-particle-mobile-disabled=\"false\" class=\"elementor-element elementor-element-8c2f257 e-flex e-con-boxed e-con e-parent\" data-id=\"8c2f257\" data-element_type=\"container\" data-e-type=\"container\">\n\t\t\t\t\t<div class=\"e-con-inner\">\n\t\t\t\t<div class=\"elementor-element elementor-element-67426aa elementor-widget elementor-widget-text-editor\" data-id=\"67426aa\" data-element_type=\"widget\" data-e-type=\"widget\" data-widget_type=\"text-editor.default\">\n\t\t\t\t\t\t\t\t\t<p>Este es el equipo que trabaja con Reyes por llevar esperanza a los necesitados:<\/p><p>En Guatemala:<br \/>Gardenia Ch\u00e1vez <br \/>Esmeralda Alvarado <br \/>Nict\u00e9 Samayoa<\/p><p>Equipo en Estados Unidos: <br \/>Laisha de Le\u00f3n <br \/>Akash Patel <br \/>Hilda de Le\u00f3n Xavier<br \/>Cesar Reyes<\/p><p><br \/>Este grupo se ha encargado de llevar alegr\u00eda y esperanza a los m\u00e1s necesitados, pero tambi\u00e9n de dar un respiro en medio de las necesidades.<\/p><p>\u00a0<\/p>\t\t\t\t\t\t\t\t<\/div>\n\t\t\t\t\t<\/div>\n\t\t\t\t<\/div>\n\t\t<div data-particle_enable=\"false\" data-particle-mobile-disabled=\"false\" class=\"elementor-element elementor-element-afd71aa e-flex e-con-boxed e-con e-parent\" data-id=\"afd71aa\" data-element_type=\"container\" data-e-type=\"container\">\n\t\t\t\t\t<div class=\"e-con-inner\">\n\t\t\t\t<div class=\"elementor-element elementor-element-058087e elementor-widget elementor-widget-facebook-embed\" data-id=\"058087e\" data-element_type=\"widget\" data-e-type=\"widget\" data-widget_type=\"facebook-embed.default\">\n\t\t\t\t\t<div style=\"min-height: 1px\" class=\"elementor-facebook-widget fb-post\" data-href=\"https:\/\/www.facebook.com\/photo.php?fbid=437079821868879&#038;set=pb.100067005948006.-2207520000&#038;type=3\" data-show-text=\"false\"><\/div>\t\t\t\t<\/div>\n\t\t\t\t\t<\/div>\n\t\t\t\t<\/div>\n\t\t<div data-particle_enable=\"false\" data-particle-mobile-disabled=\"false\" class=\"elementor-element elementor-element-0af59ff e-flex e-con-boxed e-con e-parent\" data-id=\"0af59ff\" data-element_type=\"container\" data-e-type=\"container\">\n\t\t\t\t\t<div class=\"e-con-inner\">\n\t\t\t\t<div class=\"elementor-element elementor-element-8515c7b elementor-widget elementor-widget-heading\" data-id=\"8515c7b\" data-element_type=\"widget\" data-e-type=\"widget\" data-widget_type=\"heading.default\">\n\t\t\t\t\t<h2 class=\"elementor-heading-title elementor-size-default\">Se siente: la solidaridad migrante est\u00e1 presente<\/h2>\t\t\t\t<\/div>\n\t\t\t\t\t<\/div>\n\t\t\t\t<\/div>\n\t\t<div data-particle_enable=\"false\" data-particle-mobile-disabled=\"false\" class=\"elementor-element elementor-element-d6d6841 e-flex e-con-boxed e-con e-parent\" data-id=\"d6d6841\" data-element_type=\"container\" data-e-type=\"container\">\n\t\t\t\t\t<div class=\"e-con-inner\">\n\t\t\t\t<div class=\"elementor-element elementor-element-38cf4f1 elementor-grid-eael-col-3 elementor-grid-tablet-eael-col-2 elementor-grid-mobile-eael-col-1 elementor-widget elementor-widget-eael-post-grid\" data-id=\"38cf4f1\" data-element_type=\"widget\" data-e-type=\"widget\" data-settings=\"{&quot;eael_post_grid_columns&quot;:&quot;eael-col-3&quot;,&quot;eael_post_grid_columns_tablet&quot;:&quot;eael-col-2&quot;,&quot;eael_post_grid_columns_mobile&quot;:&quot;eael-col-1&quot;}\" data-widget_type=\"eael-post-grid.default\">\n\t\t\t\t\t<div id=\"eael-post-grid-38cf4f1\" class=\"eael-post-grid-container\">\n            <div class=\"eael-post-grid eael-post-appender eael-post-appender-38cf4f1 eael-post-grid-style-one\" data-layout-mode=\"masonry\"><article class=\"eael-grid-post  eael-post-grid-column eael-pg-post-9925 category-estamos-unidos\" data-id=\"9925\">\n        <div class=\"eael-grid-post-holder\">\n            <div class=\"eael-grid-post-holder-inner\"><div class=\"eael-entry-media\"><div class=\"eael-entry-overlay fade-in\"><i class=\"far fa-hand-pointer\" aria-hidden=\"true\"><\/i><a href=\"https:\/\/soymigrante.com\/revista\/ninos-festejan-su-dia-gracias-a-aportes-de-migrantes-guatemaltecos\/\"><\/a><\/div><div class=\"eael-entry-thumbnail \">\n                <img loading=\"lazy\" decoding=\"async\" width=\"1024\" height=\"1024\" src=\"https:\/\/soymigrante.com\/revista\/wp-content\/uploads\/2024\/10\/dia-del-nino-2024-1024x1024.webp\" class=\"attachment-large size-large wp-image-9926\" alt=\"Torta de cumplea\u00f1os con ni\u00f1os en aula escolar, celebraci\u00f3n en comunidad educativa, actividades culturales y sociales, Revista SoyMigrante.com, integraci\u00f3n y alegr\u00eda infantil.\" srcset=\"https:\/\/soymigrante.com\/revista\/wp-content\/uploads\/2024\/10\/dia-del-nino-2024-1024x1024.webp 1024w, https:\/\/soymigrante.com\/revista\/wp-content\/uploads\/2024\/10\/dia-del-nino-2024-300x300.webp 300w, https:\/\/soymigrante.com\/revista\/wp-content\/uploads\/2024\/10\/dia-del-nino-2024-150x150.webp 150w, https:\/\/soymigrante.com\/revista\/wp-content\/uploads\/2024\/10\/dia-del-nino-2024-768x768.webp 768w, https:\/\/soymigrante.com\/revista\/wp-content\/uploads\/2024\/10\/dia-del-nino-2024-75x75.webp 75w, https:\/\/soymigrante.com\/revista\/wp-content\/uploads\/2024\/10\/dia-del-nino-2024-750x750.webp 750w, https:\/\/soymigrante.com\/revista\/wp-content\/uploads\/2024\/10\/dia-del-nino-2024-1140x1140.webp 1140w, https:\/\/soymigrante.com\/revista\/wp-content\/uploads\/2024\/10\/dia-del-nino-2024.webp 1200w\" sizes=\"(max-width: 1024px) 100vw, 1024px\" \/>\n            <\/div>\n        <\/div><div class=\"eael-entry-wrapper\"><header class=\"eael-entry-header\"><h2 class=\"eael-entry-title\"><a class=\"eael-grid-post-link\" href=\"https:\/\/soymigrante.com\/revista\/ninos-festejan-su-dia-gracias-a-aportes-de-migrantes-guatemaltecos\/\" title=\"Ni\u00f1os festejan su D\u00eda gracias a aportes de migrantes guatemaltecos\">Ni\u00f1os festejan su D\u00eda gracias a aportes de migrantes guatemaltecos<\/a><\/h2><\/header><div class=\"eael-entry-content\">\n                        <div class=\"eael-grid-post-excerpt\"><a href=\"https:\/\/soymigrante.com\/revista\/ninos-festejan-su-dia-gracias-a-aportes-de-migrantes-guatemaltecos\/\" class=\"eael-post-elements-readmore-btn\">CONOCE SU HISTORIA <\/a><\/div>\n                    <\/div><\/div><\/div>\n        <\/div>\n    <\/article><article class=\"eael-grid-post  eael-post-grid-column eael-pg-post-6429 category-lugar-de-voces\" data-id=\"6429\">\n        <div class=\"eael-grid-post-holder\">\n            <div class=\"eael-grid-post-holder-inner\"><div class=\"eael-entry-media\"><div class=\"eael-entry-overlay fade-in\"><i class=\"far fa-hand-pointer\" aria-hidden=\"true\"><\/i><a href=\"https:\/\/soymigrante.com\/revista\/donativo-migrantes-guatemaltecos-escuela-palencia-quetzi\/\"><\/a><\/div><div class=\"eael-entry-thumbnail \">\n                <img loading=\"lazy\" decoding=\"async\" width=\"1024\" height=\"1024\" src=\"https:\/\/soymigrante.com\/revista\/wp-content\/uploads\/2024\/05\/IMG-20240513-WA0045-e1718760507162-1024x1024.webp\" class=\"attachment-large size-large wp-image-6435\" alt=\"D\u00eda de la diversidad cultural en el colegio, ni\u00f1os celebrando con juguetes y actividades relacionadas con sus ra\u00edces y tradiciones en un entorno escolar.\" srcset=\"https:\/\/soymigrante.com\/revista\/wp-content\/uploads\/2024\/05\/IMG-20240513-WA0045-e1718760507162-1024x1024.webp 1024w, https:\/\/soymigrante.com\/revista\/wp-content\/uploads\/2024\/05\/IMG-20240513-WA0045-e1718760507162-300x300.webp 300w, https:\/\/soymigrante.com\/revista\/wp-content\/uploads\/2024\/05\/IMG-20240513-WA0045-e1718760507162-150x150.webp 150w, https:\/\/soymigrante.com\/revista\/wp-content\/uploads\/2024\/05\/IMG-20240513-WA0045-e1718760507162-768x768.webp 768w, https:\/\/soymigrante.com\/revista\/wp-content\/uploads\/2024\/05\/IMG-20240513-WA0045-e1718760507162-75x75.webp 75w, https:\/\/soymigrante.com\/revista\/wp-content\/uploads\/2024\/05\/IMG-20240513-WA0045-e1718760507162-750x750.webp 750w, https:\/\/soymigrante.com\/revista\/wp-content\/uploads\/2024\/05\/IMG-20240513-WA0045-e1718760507162-1140x1140.webp 1140w, https:\/\/soymigrante.com\/revista\/wp-content\/uploads\/2024\/05\/IMG-20240513-WA0045-e1718760507162.webp 1244w\" sizes=\"(max-width: 1024px) 100vw, 1024px\" \/>\n            <\/div>\n        <\/div><div class=\"eael-entry-wrapper\"><header class=\"eael-entry-header\"><h2 class=\"eael-entry-title\"><a class=\"eael-grid-post-link\" href=\"https:\/\/soymigrante.com\/revista\/donativo-migrantes-guatemaltecos-escuela-palencia-quetzi\/\" title=\"Proyecto Quetzi: donaci\u00f3n migrante para ni\u00f1os y j\u00f3venes de una escuela en Guatemala\">Proyecto Quetzi: donaci\u00f3n migrante para ni\u00f1os y j\u00f3venes de una escuela en Guatemala<\/a><\/h2><\/header><div class=\"eael-entry-content\">\n                        <div class=\"eael-grid-post-excerpt\"><a href=\"https:\/\/soymigrante.com\/revista\/donativo-migrantes-guatemaltecos-escuela-palencia-quetzi\/\" class=\"eael-post-elements-readmore-btn\">CONOCE SU HISTORIA <\/a><\/div>\n                    <\/div><\/div><\/div>\n        <\/div>\n    <\/article><article class=\"eael-grid-post  eael-post-grid-column eael-pg-post-4929 category-estamos-unidos\" data-id=\"4929\">\n        <div class=\"eael-grid-post-holder\">\n            <div class=\"eael-grid-post-holder-inner\"><div class=\"eael-entry-media\"><div class=\"eael-entry-overlay fade-in\"><i class=\"far fa-hand-pointer\" aria-hidden=\"true\"><\/i><a href=\"https:\/\/soymigrante.com\/revista\/migrante-fallecido-junior-gonzalez-24-anos-repatriado-solidaridad-texas-a-jutiapa\/\"><\/a><\/div><div class=\"eael-entry-thumbnail \">\n                <img loading=\"lazy\" decoding=\"async\" width=\"891\" height=\"1024\" src=\"https:\/\/soymigrante.com\/revista\/wp-content\/uploads\/2024\/02\/fallecio-primo-891x1024.webp\" class=\"attachment-large size-large wp-image-4930\" alt=\"Junior B. Gonzalez joven migrante guatemalteco fallecido en Corpus Christi Texas, donde trabajaba en construcci\u00f3n.\" srcset=\"https:\/\/soymigrante.com\/revista\/wp-content\/uploads\/2024\/02\/fallecio-primo-891x1024.webp 891w, https:\/\/soymigrante.com\/revista\/wp-content\/uploads\/2024\/02\/fallecio-primo-261x300.webp 261w, https:\/\/soymigrante.com\/revista\/wp-content\/uploads\/2024\/02\/fallecio-primo-768x882.webp 768w, https:\/\/soymigrante.com\/revista\/wp-content\/uploads\/2024\/02\/fallecio-primo-750x862.webp 750w, https:\/\/soymigrante.com\/revista\/wp-content\/uploads\/2024\/02\/fallecio-primo-1140x1310.webp 1140w, https:\/\/soymigrante.com\/revista\/wp-content\/uploads\/2024\/02\/fallecio-primo.webp 1203w\" sizes=\"(max-width: 891px) 100vw, 891px\" \/>\n            <\/div>\n        <\/div><div class=\"eael-entry-wrapper\"><header class=\"eael-entry-header\"><h2 class=\"eael-entry-title\"><a class=\"eael-grid-post-link\" href=\"https:\/\/soymigrante.com\/revista\/migrante-fallecido-junior-gonzalez-24-anos-repatriado-solidaridad-texas-a-jutiapa\/\" title=\"Migrantes en Texas ayudan a repatriaci\u00f3n de joven migrante  de Jutiapa que muri\u00f3 en su trabajo\">Migrantes en Texas ayudan a repatriaci\u00f3n de joven migrante  de Jutiapa que muri\u00f3 en su trabajo<\/a><\/h2><\/header><div class=\"eael-entry-content\">\n                        <div class=\"eael-grid-post-excerpt\"><a href=\"https:\/\/soymigrante.com\/revista\/migrante-fallecido-junior-gonzalez-24-anos-repatriado-solidaridad-texas-a-jutiapa\/\" class=\"eael-post-elements-readmore-btn\">CONOCE SU HISTORIA <\/a><\/div>\n                    <\/div><\/div><\/div>\n        <\/div>\n    <\/article><\/div>\n            <div class=\"clearfix\"><\/div>\n        <\/div>\t\t\t\t<\/div>\n\t\t\t\t\t<\/div>\n\t\t\t\t<\/div>\n\t\t\t\t<\/div>\n\t\t","protected":false},"excerpt":{"rendered":"<p>Hearts from the Eternal Spring Foundation (Fundaci\u00f3n Corazones de la Eterna Primavera) es una organizaci\u00f3n que apoya proyectos ben\u00e9ficos en Quetzaltenango, lugar de origen de sus integrantes, pero tambi\u00e9n apoya a migrantes en Oklahoma, donde residen. El D\u00eda del Ni\u00f1o, 1 de octubre de 2024, no fue igual en la escuela Llanos de Urbina, en [&hellip;]<\/p>\n","protected":false},"author":19,"featured_media":10431,"comment_status":"open","ping_status":"open","sticky":false,"template":"","format":"standard","meta":{"_acf_changed":false,"_eb_attr":"","footnotes":""},"categories":[58],"tags":[],"class_list":["post-10331","post","type-post","status-publish","format-standard","has-post-thumbnail","hentry","category-guate-nuestra"],"acf":[],"aioseo_notices":[],"aioseo_head":"\n\t\t<!-- All in One SEO Pro 4.9.6.2 - aioseo.com -->\n\t<meta name=\"description\" content=\"Su nombre era Junior B. Gonz\u00e1lez, nacido el 6 de julio de 1999 en Jutiapa. Ten\u00eda 8 a\u00f1os de haber llegado como migrante a EE.UU. Falleci\u00f3 s\u00fabitamente el 2 de febrero en Corpus Christi. Su primo y compatriotas solidarios recaudaron fondos para su repatriaci\u00f3n. &quot;Era muy trabajador&quot; \u201cSu modo era siempre amable, amigable, bondadoso. Quer\u00eda\" \/>\n\t<meta name=\"robots\" content=\"max-snippet:-1, max-image-preview:large, max-video-preview:-1\" \/>\n\t<meta name=\"author\" content=\"Marysabel Aldana\"\/>\n\t<link rel=\"canonical\" href=\"https:\/\/soymigrante.com\/revista\/hearts-of-eternal-spring-puente-de-ayuda-migrante-desde-oklahoma-a-guatemala\/\" \/>\n\t<meta name=\"generator\" content=\"All in One SEO Pro (AIOSEO) 4.9.6.2\" \/>\n\n\t\t<link rel=\"preconnect\" href=\"https:\/\/fonts.googleapis.com\" crossorigin>\n<link rel=\"preconnect\" href=\"https:\/\/fonts.gstatic.com\" crossorigin>\n\t\t<meta property=\"og:locale\" content=\"es_ES\" \/>\n\t\t<meta property=\"og:site_name\" content=\"SoyMigrante.com REVISTA \u2013 Nuestra misi\u00f3n es reconocer y dignificar al migrante.\" \/>\n\t\t<meta property=\"og:type\" content=\"article\" \/>\n\t\t<meta property=\"og:title\" content=\"Corazones de primavera: una mano migrante tendida a Guatemala\" \/>\n\t\t<meta property=\"og:description\" content=\"Una escuela de Quetzaltenango tiene nuevos sanitarios gracias al aporte de migrantes guatemaltecos que apoyan, desde Oklahoma, proyectos de beneficio comunitario\" \/>\n\t\t<meta property=\"og:url\" content=\"https:\/\/soymigrante.com\/revista\/hearts-of-eternal-spring-puente-de-ayuda-migrante-desde-oklahoma-a-guatemala\/\" \/>\n\t\t<meta property=\"og:image\" content=\"https:\/\/soymigrante.com\/revista\/wp-content\/uploads\/2024\/10\/escuela-quetzaltenango-1.webp\" \/>\n\t\t<meta property=\"og:image:secure_url\" content=\"https:\/\/soymigrante.com\/revista\/wp-content\/uploads\/2024\/10\/escuela-quetzaltenango-1.webp\" \/>\n\t\t<meta property=\"og:image:width\" content=\"568\" \/>\n\t\t<meta property=\"og:image:height\" content=\"568\" \/>\n\t\t<meta property=\"article:published_time\" content=\"2024-10-16T17:33:01+00:00\" \/>\n\t\t<meta property=\"article:modified_time\" content=\"2024-11-01T03:29:49+00:00\" \/>\n\t\t<meta property=\"article:publisher\" content=\"https:\/\/www.facebook.com\/soymigrantecom\" \/>\n\t\t<meta name=\"twitter:card\" content=\"summary_large_image\" \/>\n\t\t<meta name=\"twitter:site\" content=\"@SoyMigrante_com\" \/>\n\t\t<meta name=\"twitter:title\" content=\"Corazones de primavera: una mano migrante tendida a Guatemala\" \/>\n\t\t<meta name=\"twitter:description\" content=\"Una escuela de Quetzaltenango tiene nuevos sanitarios gracias al aporte de migrantes guatemaltecos que apoyan, desde Oklahoma, proyectos de beneficio comunitario\" \/>\n\t\t<meta name=\"twitter:creator\" content=\"@SoyMigrante_com\" \/>\n\t\t<meta name=\"twitter:image\" content=\"https:\/\/soymigrante.com\/revista\/wp-content\/uploads\/2024\/10\/escuela-quetzaltenango-1.webp\" \/>\n\t\t<!-- All in One SEO Pro -->\r\n\t\t<title>Corazones de primavera: una mano migrante tendida a Guatemala<\/title>\n\n","aioseo_head_json":{"title":"Corazones de primavera: una mano migrante tendida a Guatemala","description":"Una escuela de Quetzaltenango tiene nuevos sanitarios gracias al aporte de migrantes guatemaltecos que apoyan, desde Oklahoma, proyectos de beneficio comunitario","canonical_url":"https:\/\/soymigrante.com\/revista\/hearts-of-eternal-spring-puente-de-ayuda-migrante-desde-oklahoma-a-guatemala\/","robots":"max-snippet:-1, max-image-preview:large, max-video-preview:-1","keywords":"","webmasterTools":{"miscellaneous":"&lt;link rel=\"preconnect\" href=\"https:\/\/fonts.googleapis.com\" crossorigin&gt;\n&lt;link rel=\"preconnect\" href=\"https:\/\/fonts.gstatic.com\" crossorigin&gt;"},"schema":null,"og:locale":"es_ES","og:site_name":"SoyMigrante.com REVISTA \u2013 Nuestra misi\u00f3n es reconocer y dignificar al migrante.","og:type":"article","og:title":"Corazones de primavera: una mano migrante tendida a Guatemala","og:description":"Una escuela de Quetzaltenango tiene nuevos sanitarios gracias al aporte de migrantes guatemaltecos que apoyan, desde Oklahoma, proyectos de beneficio comunitario","og:url":"https:\/\/soymigrante.com\/revista\/hearts-of-eternal-spring-puente-de-ayuda-migrante-desde-oklahoma-a-guatemala\/","og:image":"https:\/\/soymigrante.com\/revista\/wp-content\/uploads\/2024\/10\/escuela-quetzaltenango-1.webp","og:image:secure_url":"https:\/\/soymigrante.com\/revista\/wp-content\/uploads\/2024\/10\/escuela-quetzaltenango-1.webp","og:image:width":568,"og:image:height":568,"article:published_time":"2024-10-16T17:33:01+00:00","article:modified_time":"2024-11-01T03:29:49+00:00","article:publisher":"https:\/\/www.facebook.com\/soymigrantecom","twitter:card":"summary_large_image","twitter:site":"@SoyMigrante_com","twitter:title":"Corazones de primavera: una mano migrante tendida a Guatemala","twitter:description":"Una escuela de Quetzaltenango tiene nuevos sanitarios gracias al aporte de migrantes guatemaltecos que apoyan, desde Oklahoma, proyectos de beneficio comunitario","twitter:creator":"@SoyMigrante_com","twitter:image":"https:\/\/soymigrante.com\/revista\/wp-content\/uploads\/2024\/10\/escuela-quetzaltenango-1.webp"},"aioseo_meta_data":{"post_id":"10331","title":"Corazones de primavera: una mano migrante tendida a Guatemala","description":"Una escuela de Quetzaltenango tiene nuevos sanitarios gracias al aporte de migrantes guatemaltecos que apoyan, desde Oklahoma, proyectos de beneficio comunitario","keywords":null,"keyphrases":{"focus":{"keyphrase":"guatemaltecos","score":76,"analysis":{"keyphraseInTitle":{"score":3,"maxScore":9,"error":1},"keyphraseInDescription":{"score":9,"maxScore":9,"error":0},"keyphraseLength":{"score":9,"maxScore":9,"error":0,"length":1},"keyphraseInURL":{"score":1,"maxScore":5,"error":1},"keyphraseInIntroduction":{"score":9,"maxScore":9,"error":0},"keyphraseInSubHeadings":{"score":3,"maxScore":9,"error":1},"keyphraseInImageAlt":{"score":9,"maxScore":9,"error":0},"keywordDensity":{"type":"best","score":9,"maxScore":9,"error":0}}},"additional":[{"keyphrase":"migrantes","score":87,"analysis":{"keyphraseInDescription":{"score":9,"maxScore":9,"error":0},"keyphraseLength":{"score":9,"maxScore":9,"error":0,"length":1},"keyphraseInIntroduction":{"score":9,"maxScore":9,"error":0},"keyphraseInImageAlt":{"score":3,"maxScore":9,"error":1},"keywordDensity":{"type":"best","score":9,"maxScore":9,"error":0}}},{"keyphrase":"Guatemaltecos","score":100,"analysis":{"keyphraseInDescription":{"score":9,"maxScore":9,"error":0},"keyphraseLength":{"score":9,"maxScore":9,"error":0,"length":1},"keyphraseInIntroduction":{"score":9,"maxScore":9,"error":0},"keyphraseInImageAlt":{"score":9,"maxScore":9,"error":0},"keywordDensity":{"type":"best","score":9,"maxScore":9,"error":0}}},{"keyphrase":"Oklahoma","score":67,"analysis":{"keyphraseInDescription":{"score":9,"maxScore":9,"error":0},"keyphraseLength":{"score":9,"maxScore":9,"error":0,"length":1},"keyphraseInIntroduction":{"score":3,"maxScore":9,"error":1},"keyphraseInImageAlt":{"score":9,"maxScore":9,"error":0},"keywordDensity":{"score":0,"type":"low","maxScore":9,"error":1}}}]},"primary_term":null,"canonical_url":null,"og_title":null,"og_description":null,"og_object_type":"default","og_image_type":"default","og_image_url":null,"og_image_width":null,"og_image_height":null,"og_image_custom_url":null,"og_image_custom_fields":null,"og_video":"","og_custom_url":null,"og_article_section":null,"og_article_tags":null,"twitter_use_og":false,"twitter_card":"default","twitter_image_type":"default","twitter_image_url":null,"twitter_image_custom_url":null,"twitter_image_custom_fields":null,"twitter_title":null,"twitter_description":null,"schema":{"blockGraphs":[],"customGraphs":[],"default":{"data":{"Article":[],"Course":[],"Dataset":[],"FAQPage":[],"Movie":[],"Person":[],"Product":[],"ProductReview":[],"Car":[],"Recipe":[],"Service":[],"SoftwareApplication":[],"WebPage":[]},"graphName":"Article","isEnabled":true},"graphs":[]},"schema_type":"default","schema_type_options":null,"pillar_content":false,"robots_default":true,"robots_noindex":false,"robots_noarchive":false,"robots_nosnippet":false,"robots_nofollow":false,"robots_noimageindex":false,"robots_noodp":false,"robots_notranslate":false,"robots_max_snippet":"-1","robots_max_videopreview":"-1","robots_max_imagepreview":"large","priority":null,"frequency":"default","local_seo":null,"seo_analyzer_scan_date":"2025-10-08 23:43:49","breadcrumb_settings":null,"limit_modified_date":false,"reviewed_by":null,"open_ai":"{\"title\":{\"suggestions\":[],\"usage\":0},\"description\":{\"suggestions\":[],\"usage\":0}}","ai":null,"created":"2024-10-14 18:55:22","updated":"2026-02-04 15:02:44"},"aioseo_breadcrumb":"<div class=\"aioseo-breadcrumbs\"><span class=\"aioseo-breadcrumb\">\n\t<a href=\"https:\/\/soymigrante.com\/revista\" title=\"Home\">Home<\/a>\n<\/span><span class=\"aioseo-breadcrumb-separator\">\u00bb<\/span><span class=\"aioseo-breadcrumb\">\n\t<a href=\"https:\/\/soymigrante.com\/revista\/category\/guate-nuestra\/\" title=\"Guate Nuestra\">Guate Nuestra<\/a>\n<\/span><span class=\"aioseo-breadcrumb-separator\">\u00bb<\/span><span class=\"aioseo-breadcrumb\">\n\tHearts of Eternal Spring: puente de ayuda migrante desde Oklahoma a Guatemala\n<\/span><\/div>","aioseo_breadcrumb_json":[{"label":"Home","link":"https:\/\/soymigrante.com\/revista"},{"label":"Guate Nuestra","link":"https:\/\/soymigrante.com\/revista\/category\/guate-nuestra\/"},{"label":"Hearts of Eternal Spring: puente de ayuda migrante desde Oklahoma a Guatemala","link":"https:\/\/soymigrante.com\/revista\/hearts-of-eternal-spring-puente-de-ayuda-migrante-desde-oklahoma-a-guatemala\/"}],"_links":{"self":[{"href":"https:\/\/soymigrante.com\/revista\/wp-json\/wp\/v2\/posts\/10331","targetHints":{"allow":["GET"]}}],"collection":[{"href":"https:\/\/soymigrante.com\/revista\/wp-json\/wp\/v2\/posts"}],"about":[{"href":"https:\/\/soymigrante.com\/revista\/wp-json\/wp\/v2\/types\/post"}],"author":[{"embeddable":true,"href":"https:\/\/soymigrante.com\/revista\/wp-json\/wp\/v2\/users\/19"}],"replies":[{"embeddable":true,"href":"https:\/\/soymigrante.com\/revista\/wp-json\/wp\/v2\/comments?post=10331"}],"version-history":[{"count":0,"href":"https:\/\/soymigrante.com\/revista\/wp-json\/wp\/v2\/posts\/10331\/revisions"}],"wp:featuredmedia":[{"embeddable":true,"href":"https:\/\/soymigrante.com\/revista\/wp-json\/wp\/v2\/media\/10431"}],"wp:attachment":[{"href":"https:\/\/soymigrante.com\/revista\/wp-json\/wp\/v2\/media?parent=10331"}],"wp:term":[{"taxonomy":"category","embeddable":true,"href":"https:\/\/soymigrante.com\/revista\/wp-json\/wp\/v2\/categories?post=10331"},{"taxonomy":"post_tag","embeddable":true,"href":"https:\/\/soymigrante.com\/revista\/wp-json\/wp\/v2\/tags?post=10331"}],"curies":[{"name":"wp","href":"https:\/\/api.w.org\/{rel}","templated":true}]}}