{"id":10304,"date":"2024-10-19T09:25:10","date_gmt":"2024-10-19T15:25:10","guid":{"rendered":"https:\/\/soymigrante.com\/revista\/?p=10304"},"modified":"2024-11-01T13:59:58","modified_gmt":"2024-11-01T19:59:58","slug":"siete-hierbas-muy-guatemaltecas-su-origen-y-uso-tradicional","status":"publish","type":"post","link":"https:\/\/soymigrante.com\/revista\/siete-hierbas-muy-guatemaltecas-su-origen-y-uso-tradicional\/","title":{"rendered":"Siete hierbas muy guatemaltecas: su origen y uso tradicional"},"content":{"rendered":"\t\t<div data-elementor-type=\"wp-post\" data-elementor-id=\"10304\" class=\"elementor elementor-10304\" data-elementor-post-type=\"post\">\n\t\t\t\t<div data-particle_enable=\"false\" data-particle-mobile-disabled=\"false\" class=\"elementor-element elementor-element-ac19456 e-flex e-con-boxed e-con e-parent\" data-id=\"ac19456\" data-element_type=\"container\" data-e-type=\"container\">\n\t\t\t\t\t<div class=\"e-con-inner\">\n\t\t\t\t<div class=\"elementor-element elementor-element-0f51ce2 elementor-widget elementor-widget-heading\" data-id=\"0f51ce2\" data-element_type=\"widget\" data-e-type=\"widget\" data-widget_type=\"heading.default\">\n\t\t\t\t\t<h2 class=\"elementor-heading-title elementor-size-default\">Guatemala es un pa\u00eds con una riqueza natural incre\u00edble, y dentro de su biodiversidad destacan las hierbas que han sido utilizadas desde tiempos ancestrales por los mayas y las comunidades ind\u00edgenas. \n<\/h2>\t\t\t\t<\/div>\n\t\t\t\t\t<\/div>\n\t\t\t\t<\/div>\n\t\t<div data-particle_enable=\"false\" data-particle-mobile-disabled=\"false\" class=\"elementor-element elementor-element-5e3427f e-flex e-con-boxed e-con e-parent\" data-id=\"5e3427f\" data-element_type=\"container\" data-e-type=\"container\">\n\t\t\t\t\t<div class=\"e-con-inner\">\n\t\t\t\t<div class=\"elementor-element elementor-element-91cd578 elementor-widget elementor-widget-text-editor\" data-id=\"91cd578\" data-element_type=\"widget\" data-e-type=\"widget\" data-widget_type=\"text-editor.default\">\n\t\t\t\t\t\t\t\t\t<p>Estas hierbas o plantas guatemaltecas no solo son parte de la<a href=\"https:\/\/soymigrante.com\/revista\/category\/mejor\/\" target=\"_blank\" rel=\"noopener\"> tradici\u00f3n culinaria<\/a>, sino tambi\u00e9n tienen un rol importante en la medicina tradicional.<\/p><p>A continuaci\u00f3n, te presentamos siete hierbas t\u00edpicas de Guatemala, su origen y c\u00f3mo se usan en la vida diaria.<\/p>\t\t\t\t\t\t\t\t<\/div>\n\t\t\t\t\t<\/div>\n\t\t\t\t<\/div>\n\t\t<div data-particle_enable=\"false\" data-particle-mobile-disabled=\"false\" class=\"elementor-element elementor-element-fec7fe6 e-flex e-con-boxed e-con e-parent\" data-id=\"fec7fe6\" data-element_type=\"container\" data-e-type=\"container\">\n\t\t\t\t\t<div class=\"e-con-inner\">\n\t\t\t\t<div class=\"elementor-element elementor-element-023708d elementor-widget elementor-widget-heading\" data-id=\"023708d\" data-element_type=\"widget\" data-e-type=\"widget\" data-widget_type=\"heading.default\">\n\t\t\t\t\t<h3 class=\"elementor-heading-title elementor-size-default\">1.\tHierba Mora (Solanum nigrum)<\/h3>\t\t\t\t<\/div>\n\t\t\t\t\t<\/div>\n\t\t\t\t<\/div>\n\t\t<div data-particle_enable=\"false\" data-particle-mobile-disabled=\"false\" class=\"elementor-element elementor-element-a99966a e-flex e-con-boxed e-con e-parent\" data-id=\"a99966a\" data-element_type=\"container\" data-e-type=\"container\">\n\t\t\t\t\t<div class=\"e-con-inner\">\n\t\t\t\t<div class=\"elementor-element elementor-element-c95d8cc elementor-widget elementor-widget-text-editor\" data-id=\"c95d8cc\" data-element_type=\"widget\" data-e-type=\"widget\" data-widget_type=\"text-editor.default\">\n\t\t\t\t\t\t\t\t\t<div>\u2022 Origen: La hierba mora es originaria de Am\u00e9rica y ha sido utilizada en la cultura maya por sus propiedades medicinales.<\/div><div>\u2022Uso: En Guatemala, <a href=\"https:\/\/soymigrante.com\/revista\/category\/mejor\/\" target=\"_blank\" rel=\"noopener\">se utiliza principalmente en la cocina, en especial en caldos y sopas<\/a>. Es com\u00fan en los recados y en platos tradicionales como el pepi\u00e1n. Adem\u00e1s, en la medicina tradicional, las hojas se usan en cataplasmas para tratar infecciones de la piel y como infusi\u00f3n para aliviar problemas digestivos.<\/div>\t\t\t\t\t\t\t\t<\/div>\n\t\t\t\t\t<\/div>\n\t\t\t\t<\/div>\n\t\t<div data-particle_enable=\"false\" data-particle-mobile-disabled=\"false\" class=\"elementor-element elementor-element-c3d07d4 e-flex e-con-boxed e-con e-parent\" data-id=\"c3d07d4\" data-element_type=\"container\" data-e-type=\"container\">\n\t\t\t\t\t<div class=\"e-con-inner\">\n\t\t\t\t<div class=\"elementor-element elementor-element-048e161 elementor-widget elementor-widget-image\" data-id=\"048e161\" data-element_type=\"widget\" data-e-type=\"widget\" data-widget_type=\"image.default\">\n\t\t\t\t\t\t\t\t\t\t\t\t\t\t\t<img fetchpriority=\"high\" decoding=\"async\" width=\"768\" height=\"768\" src=\"https:\/\/soymigrante.com\/revista\/wp-content\/uploads\/2024\/10\/hierba-mora--1024x1024.webp\" class=\"attachment-large size-large wp-image-10306\" alt=\"Bayas de tomate cherry, imagen de cultivo agr\u00edcola saludable y natural en jard\u00edn, enfocado en agricultura sostenible y producci\u00f3n de alimentos org\u00e1nicos para la revista SoyMigrante.com REVISTA.\" srcset=\"https:\/\/soymigrante.com\/revista\/wp-content\/uploads\/2024\/10\/hierba-mora--1024x1024.webp 1024w, https:\/\/soymigrante.com\/revista\/wp-content\/uploads\/2024\/10\/hierba-mora--300x300.webp 300w, https:\/\/soymigrante.com\/revista\/wp-content\/uploads\/2024\/10\/hierba-mora--150x150.webp 150w, https:\/\/soymigrante.com\/revista\/wp-content\/uploads\/2024\/10\/hierba-mora--768x768.webp 768w, https:\/\/soymigrante.com\/revista\/wp-content\/uploads\/2024\/10\/hierba-mora--75x75.webp 75w, https:\/\/soymigrante.com\/revista\/wp-content\/uploads\/2024\/10\/hierba-mora--750x750.webp 750w, https:\/\/soymigrante.com\/revista\/wp-content\/uploads\/2024\/10\/hierba-mora--1140x1140.webp 1140w, https:\/\/soymigrante.com\/revista\/wp-content\/uploads\/2024\/10\/hierba-mora-.webp 1365w\" sizes=\"(max-width: 768px) 100vw, 768px\" title=\"Siete hierbas muy guatemaltecas: su origen y uso tradicional \u2013 SoyMigrante.com REVISTA\" \/>\t\t\t\t\t\t\t\t\t\t\t\t\t\t\t<\/div>\n\t\t\t\t\t<\/div>\n\t\t\t\t<\/div>\n\t\t<div data-particle_enable=\"false\" data-particle-mobile-disabled=\"false\" class=\"elementor-element elementor-element-3fd1611 e-flex e-con-boxed e-con e-parent\" data-id=\"3fd1611\" data-element_type=\"container\" data-e-type=\"container\">\n\t\t\t\t\t<div class=\"e-con-inner\">\n\t\t\t\t<div class=\"elementor-element elementor-element-cfc0174 elementor-widget elementor-widget-heading\" data-id=\"cfc0174\" data-element_type=\"widget\" data-e-type=\"widget\" data-widget_type=\"heading.default\">\n\t\t\t\t\t<h3 class=\"elementor-heading-title elementor-size-default\">2.\tCulantro (Eryngium foetidum)<\/h3>\t\t\t\t<\/div>\n\t\t\t\t\t<\/div>\n\t\t\t\t<\/div>\n\t\t<div data-particle_enable=\"false\" data-particle-mobile-disabled=\"false\" class=\"elementor-element elementor-element-b8ba689 e-flex e-con-boxed e-con e-parent\" data-id=\"b8ba689\" data-element_type=\"container\" data-e-type=\"container\">\n\t\t\t\t\t<div class=\"e-con-inner\">\n\t\t\t\t<div class=\"elementor-element elementor-element-2a7f70b elementor-widget elementor-widget-text-editor\" data-id=\"2a7f70b\" data-element_type=\"widget\" data-e-type=\"widget\" data-widget_type=\"text-editor.default\">\n\t\t\t\t\t\t\t\t\t<div>\u2022 Origen: Nativo de Am\u00e9rica tropical, el culantro ha sido usado por los pueblos ind\u00edgenas de Guatemala durante siglos.<\/div><div>\u2022Uso: El culantro es una hierba fundamental en la cocina guatemalteca. Se utiliza para dar sabor a <a href=\"https:\/\/soymigrante.com\/revista\/category\/mejor\/\" target=\"_blank\" rel=\"noopener\">platos como el caldo de res, los tamales y el kak\u2019ik,<\/a> un caldo tradicional maya. Tambi\u00e9n se emplea en infusiones para aliviar dolores estomacales, fiebre y resfriados.<\/div><div>\u00a0<\/div>\t\t\t\t\t\t\t\t<\/div>\n\t\t\t\t\t<\/div>\n\t\t\t\t<\/div>\n\t\t<div data-particle_enable=\"false\" data-particle-mobile-disabled=\"false\" class=\"elementor-element elementor-element-5f44663 e-flex e-con-boxed e-con e-parent\" data-id=\"5f44663\" data-element_type=\"container\" data-e-type=\"container\">\n\t\t\t\t\t<div class=\"e-con-inner\">\n\t\t\t\t<div class=\"elementor-element elementor-element-1d97e8c elementor-widget elementor-widget-image\" data-id=\"1d97e8c\" data-element_type=\"widget\" data-e-type=\"widget\" data-widget_type=\"image.default\">\n\t\t\t\t\t\t\t\t\t\t\t\t\t\t\t<img decoding=\"async\" width=\"683\" height=\"1024\" src=\"https:\/\/soymigrante.com\/revista\/wp-content\/uploads\/2024\/10\/Culantro--683x1024.jpeg\" class=\"attachment-large size-large wp-image-10307\" alt=\"Hoja fresca de cilantro, hierba arom\u00e1tica y medicinal, utilizada en la cocina mexicana y latinoamericana, conocida por sus propiedades antioxidantes y su aporte de nutrientes esenciales.\" srcset=\"https:\/\/soymigrante.com\/revista\/wp-content\/uploads\/2024\/10\/Culantro--683x1024.jpeg 683w, https:\/\/soymigrante.com\/revista\/wp-content\/uploads\/2024\/10\/Culantro--200x300.webp 200w, https:\/\/soymigrante.com\/revista\/wp-content\/uploads\/2024\/10\/Culantro--768x1152.jpeg 768w, https:\/\/soymigrante.com\/revista\/wp-content\/uploads\/2024\/10\/Culantro--750x1125.webp 750w, https:\/\/soymigrante.com\/revista\/wp-content\/uploads\/2024\/10\/Culantro-.webp 900w\" sizes=\"(max-width: 683px) 100vw, 683px\" title=\"Culantro \u2013 SoyMigrante.com REVISTA\" \/>\t\t\t\t\t\t\t\t\t\t\t\t\t\t\t<\/div>\n\t\t\t\t\t<\/div>\n\t\t\t\t<\/div>\n\t\t<div data-particle_enable=\"false\" data-particle-mobile-disabled=\"false\" class=\"elementor-element elementor-element-51e4bd8 e-flex e-con-boxed e-con e-parent\" data-id=\"51e4bd8\" data-element_type=\"container\" data-e-type=\"container\">\n\t\t\t\t\t<div class=\"e-con-inner\">\n\t\t\t\t<div class=\"elementor-element elementor-element-7196c61 elementor-widget elementor-widget-heading\" data-id=\"7196c61\" data-element_type=\"widget\" data-e-type=\"widget\" data-widget_type=\"heading.default\">\n\t\t\t\t\t<h3 class=\"elementor-heading-title elementor-size-default\">3.\tApazote (Dysphania ambrosioides)<\/h3>\t\t\t\t<\/div>\n\t\t\t\t\t<\/div>\n\t\t\t\t<\/div>\n\t\t<div data-particle_enable=\"false\" data-particle-mobile-disabled=\"false\" class=\"elementor-element elementor-element-61f1848 e-flex e-con-boxed e-con e-parent\" data-id=\"61f1848\" data-element_type=\"container\" data-e-type=\"container\">\n\t\t\t\t\t<div class=\"e-con-inner\">\n\t\t\t\t<div class=\"elementor-element elementor-element-7c4a8cd elementor-widget elementor-widget-text-editor\" data-id=\"7c4a8cd\" data-element_type=\"widget\" data-e-type=\"widget\" data-widget_type=\"text-editor.default\">\n\t\t\t\t\t\t\t\t\t<div>\u2022 Origen: El apazote es originario de Mesoam\u00e9rica y se ha utilizado desde la \u00e9poca precolombina, tanto en la gastronom\u00eda como en la medicina tradicional.<\/div><div>\u2022Uso: Se usa com\u00fanmente para condimentar frijoles y evitar que causen malestar estomacal. En la medicina tradicional guatemalteca, <a href=\"https:\/\/soymigrante.com\/revista\/category\/mejor\/\" target=\"_blank\" rel=\"noopener\">se emplea como remedio para problemas digestivos, par\u00e1sitos intestinales y c\u00f3licos.<\/a><\/div><div>\u00a0<\/div>\t\t\t\t\t\t\t\t<\/div>\n\t\t\t\t\t<\/div>\n\t\t\t\t<\/div>\n\t\t<div data-particle_enable=\"false\" data-particle-mobile-disabled=\"false\" class=\"elementor-element elementor-element-d0bc1f3 e-flex e-con-boxed e-con e-parent\" data-id=\"d0bc1f3\" data-element_type=\"container\" data-e-type=\"container\">\n\t\t\t\t\t<div class=\"e-con-inner\">\n\t\t\t\t<div class=\"elementor-element elementor-element-f1611a4 elementor-widget elementor-widget-image\" data-id=\"f1611a4\" data-element_type=\"widget\" data-e-type=\"widget\" data-widget_type=\"image.default\">\n\t\t\t\t\t\t\t\t\t\t\t\t\t\t\t<img decoding=\"async\" width=\"768\" height=\"473\" src=\"https:\/\/soymigrante.com\/revista\/wp-content\/uploads\/2024\/10\/apazote-1024x631.webp\" class=\"attachment-large size-large wp-image-10308\" alt=\"Verde hoja de tomate cultivado en huerto urbano, posible cultivo org\u00e1nico, agricultura sostenible y alimentaci\u00f3 saludable, foco en cultivo ecol\u00f3gico y agroecolog\u00eda.\" srcset=\"https:\/\/soymigrante.com\/revista\/wp-content\/uploads\/2024\/10\/apazote-1024x631.webp 1024w, https:\/\/soymigrante.com\/revista\/wp-content\/uploads\/2024\/10\/apazote-300x185.webp 300w, https:\/\/soymigrante.com\/revista\/wp-content\/uploads\/2024\/10\/apazote-768x474.webp 768w, https:\/\/soymigrante.com\/revista\/wp-content\/uploads\/2024\/10\/apazote-750x463.webp 750w, https:\/\/soymigrante.com\/revista\/wp-content\/uploads\/2024\/10\/apazote-1140x703.webp 1140w, https:\/\/soymigrante.com\/revista\/wp-content\/uploads\/2024\/10\/apazote.webp 1200w\" sizes=\"(max-width: 768px) 100vw, 768px\" title=\"apazote \u2013 SoyMigrante.com REVISTA\" \/>\t\t\t\t\t\t\t\t\t\t\t\t\t\t\t<\/div>\n\t\t\t\t\t<\/div>\n\t\t\t\t<\/div>\n\t\t<div data-particle_enable=\"false\" data-particle-mobile-disabled=\"false\" class=\"elementor-element elementor-element-0d27582 e-flex e-con-boxed e-con e-parent\" data-id=\"0d27582\" data-element_type=\"container\" data-e-type=\"container\">\n\t\t\t\t\t<div class=\"e-con-inner\">\n\t\t\t\t<div class=\"elementor-element elementor-element-20bd0ca elementor-widget elementor-widget-heading\" data-id=\"20bd0ca\" data-element_type=\"widget\" data-e-type=\"widget\" data-widget_type=\"heading.default\">\n\t\t\t\t\t<h3 class=\"elementor-heading-title elementor-size-default\">4.\tRuda (Ruta graveolens)<\/h3>\t\t\t\t<\/div>\n\t\t\t\t\t<\/div>\n\t\t\t\t<\/div>\n\t\t<div data-particle_enable=\"false\" data-particle-mobile-disabled=\"false\" class=\"elementor-element elementor-element-1d4c4c6 e-flex e-con-boxed e-con e-parent\" data-id=\"1d4c4c6\" data-element_type=\"container\" data-e-type=\"container\">\n\t\t\t\t\t<div class=\"e-con-inner\">\n\t\t\t\t<div class=\"elementor-element elementor-element-3f8a760 elementor-widget elementor-widget-text-editor\" data-id=\"3f8a760\" data-element_type=\"widget\" data-e-type=\"widget\" data-widget_type=\"text-editor.default\">\n\t\t\t\t\t\t\t\t\t<div>\u2022 Origen: Aunque la ruda no es nativa de Guatemala, fue introducida por los colonizadores espa\u00f1oles y adoptada r\u00e1pidamente en la medicina popular.<\/div><div>\u2022Uso: En Guatemala, la ruda se utiliza principalmente como una planta medicinal <a href=\"https:\/\/soymigrante.com\/revista\/category\/mejor\/\" target=\"_blank\" rel=\"noopener\">para tratar dolores menstruales, problemas digestivos y como repelente natural de insectos.<\/a> Tambi\u00e9n se cree que tiene propiedades protectoras y se utiliza en rituales para alejar malas energ\u00edas.<\/div><div>\u00a0<\/div>\t\t\t\t\t\t\t\t<\/div>\n\t\t\t\t\t<\/div>\n\t\t\t\t<\/div>\n\t\t<div data-particle_enable=\"false\" data-particle-mobile-disabled=\"false\" class=\"elementor-element elementor-element-db1180e e-flex e-con-boxed e-con e-parent\" data-id=\"db1180e\" data-element_type=\"container\" data-e-type=\"container\">\n\t\t\t\t\t<div class=\"e-con-inner\">\n\t\t\t\t<div class=\"elementor-element elementor-element-4b07bf5 elementor-widget elementor-widget-image\" data-id=\"4b07bf5\" data-element_type=\"widget\" data-e-type=\"widget\" data-widget_type=\"image.default\">\n\t\t\t\t\t\t\t\t\t\t\t\t\t\t\t<img loading=\"lazy\" decoding=\"async\" width=\"768\" height=\"1013\" src=\"https:\/\/soymigrante.com\/revista\/wp-content\/uploads\/2024\/10\/ruda-1-776x1024.webp\" class=\"attachment-large size-large wp-image-10309\" alt=\"Hierba de Moringa en maceta, s\u00edmbolo de plantas medicinales para bienestar y salud natural, destacada en publicaciones de SoyMigrante.com REVISTA.\" srcset=\"https:\/\/soymigrante.com\/revista\/wp-content\/uploads\/2024\/10\/ruda-1-776x1024.webp 776w, https:\/\/soymigrante.com\/revista\/wp-content\/uploads\/2024\/10\/ruda-1-227x300.webp 227w, https:\/\/soymigrante.com\/revista\/wp-content\/uploads\/2024\/10\/ruda-1-768x1013.webp 768w, https:\/\/soymigrante.com\/revista\/wp-content\/uploads\/2024\/10\/ruda-1-1165x1536.webp 1165w, https:\/\/soymigrante.com\/revista\/wp-content\/uploads\/2024\/10\/ruda-1.webp 1456w, https:\/\/soymigrante.com\/revista\/wp-content\/uploads\/2024\/10\/ruda-1-750x989.jpeg 750w, https:\/\/soymigrante.com\/revista\/wp-content\/uploads\/2024\/10\/ruda-1-1140x1504.jpeg 1140w\" sizes=\"(max-width: 768px) 100vw, 768px\" title=\"ruda \u2013 SoyMigrante.com REVISTA\" \/>\t\t\t\t\t\t\t\t\t\t\t\t\t\t\t<\/div>\n\t\t\t\t\t<\/div>\n\t\t\t\t<\/div>\n\t\t<div data-particle_enable=\"false\" data-particle-mobile-disabled=\"false\" class=\"elementor-element elementor-element-fc6b01b e-flex e-con-boxed e-con e-parent\" data-id=\"fc6b01b\" data-element_type=\"container\" data-e-type=\"container\">\n\t\t\t\t\t<div class=\"e-con-inner\">\n\t\t\t\t<div class=\"elementor-element elementor-element-626de94 elementor-widget elementor-widget-heading\" data-id=\"626de94\" data-element_type=\"widget\" data-e-type=\"widget\" data-widget_type=\"heading.default\">\n\t\t\t\t\t<h3 class=\"elementor-heading-title elementor-size-default\">5.\tPeric\u00f3n (Tagetes lucida)<\/h3>\t\t\t\t<\/div>\n\t\t\t\t\t<\/div>\n\t\t\t\t<\/div>\n\t\t<div data-particle_enable=\"false\" data-particle-mobile-disabled=\"false\" class=\"elementor-element elementor-element-897f762 e-flex e-con-boxed e-con e-parent\" data-id=\"897f762\" data-element_type=\"container\" data-e-type=\"container\">\n\t\t\t\t\t<div class=\"e-con-inner\">\n\t\t\t\t<div class=\"elementor-element elementor-element-4daf9b4 elementor-widget elementor-widget-text-editor\" data-id=\"4daf9b4\" data-element_type=\"widget\" data-e-type=\"widget\" data-widget_type=\"text-editor.default\">\n\t\t\t\t\t\t\t\t\t<div>\u2022 Origen: Originaria de Mesoam\u00e9rica, esta planta ha sido utilizada por los mayas y otras culturas prehisp\u00e1nicas en rituales y como medicina.<\/div><div>\u2022Uso: El peric\u00f3n es una planta arom\u00e1tica que se usa en infusiones para tratar problemas respiratorios, dolores de cabeza y para calmar los nervios. En la cocina guatemalteca, tambi\u00e9n se utiliza para <a href=\"https:\/\/soymigrante.com\/revista\/category\/mejor\/\" target=\"_blank\" rel=\"noopener\">aromatizar caldos y bebidas tradicionales como el atol.<\/a><\/div><div>\u00a0<\/div>\t\t\t\t\t\t\t\t<\/div>\n\t\t\t\t\t<\/div>\n\t\t\t\t<\/div>\n\t\t<div data-particle_enable=\"false\" data-particle-mobile-disabled=\"false\" class=\"elementor-element elementor-element-206c67f e-flex e-con-boxed e-con e-parent\" data-id=\"206c67f\" data-element_type=\"container\" data-e-type=\"container\">\n\t\t\t\t\t<div class=\"e-con-inner\">\n\t\t\t\t<div class=\"elementor-element elementor-element-6365005 elementor-widget elementor-widget-image\" data-id=\"6365005\" data-element_type=\"widget\" data-e-type=\"widget\" data-widget_type=\"image.default\">\n\t\t\t\t\t\t\t\t\t\t\t\t\t\t\t<img loading=\"lazy\" decoding=\"async\" width=\"338\" height=\"450\" src=\"https:\/\/soymigrante.com\/revista\/wp-content\/uploads\/2024\/10\/pericon-.webp\" class=\"attachment-large size-large wp-image-10310\" alt=\"Flores silvestres secas en mano, ideal para decoraciones r\u00fasticas y florales, tendencia en dise\u00f1o y eventos eco-amigables.\" srcset=\"https:\/\/soymigrante.com\/revista\/wp-content\/uploads\/2024\/10\/pericon-.webp 338w, https:\/\/soymigrante.com\/revista\/wp-content\/uploads\/2024\/10\/pericon--225x300.webp 225w\" sizes=\"(max-width: 338px) 100vw, 338px\" title=\"pericon \u2013 SoyMigrante.com REVISTA\" \/>\t\t\t\t\t\t\t\t\t\t\t\t\t\t\t<\/div>\n\t\t\t\t\t<\/div>\n\t\t\t\t<\/div>\n\t\t<div data-particle_enable=\"false\" data-particle-mobile-disabled=\"false\" class=\"elementor-element elementor-element-c8919a1 e-flex e-con-boxed e-con e-parent\" data-id=\"c8919a1\" data-element_type=\"container\" data-e-type=\"container\">\n\t\t\t\t\t<div class=\"e-con-inner\">\n\t\t\t\t<div class=\"elementor-element elementor-element-82ac2a0 elementor-widget elementor-widget-heading\" data-id=\"82ac2a0\" data-element_type=\"widget\" data-e-type=\"widget\" data-widget_type=\"heading.default\">\n\t\t\t\t\t<h3 class=\"elementor-heading-title elementor-size-default\">6.\tHierbabuena (Mentha spicata)<\/h3>\t\t\t\t<\/div>\n\t\t\t\t\t<\/div>\n\t\t\t\t<\/div>\n\t\t<div data-particle_enable=\"false\" data-particle-mobile-disabled=\"false\" class=\"elementor-element elementor-element-3d3fe6e e-flex e-con-boxed e-con e-parent\" data-id=\"3d3fe6e\" data-element_type=\"container\" data-e-type=\"container\">\n\t\t\t\t\t<div class=\"e-con-inner\">\n\t\t\t\t<div class=\"elementor-element elementor-element-ae663c2 elementor-widget elementor-widget-text-editor\" data-id=\"ae663c2\" data-element_type=\"widget\" data-e-type=\"widget\" data-widget_type=\"text-editor.default\">\n\t\t\t\t\t\t\t\t\t<div>\u2022 Origen: Originaria de Europa y Asia, la hierbabuena lleg\u00f3 a Guatemala durante la \u00e9poca colonial, pero ha sido adoptada como una hierba esencial en la cultura guatemalteca.<\/div><div>\u2022Uso: La hierbabuena se usa tanto en la cocina como en la medicina. Es com\u00fan encontrarla en refrescos y postres, as\u00ed como en caldos y salsas. Medicinalmente, se utiliza para aliviar problemas digestivos, como dolores de est\u00f3mago y gases, y en infusiones relajantes.<\/div><div>\u00a0<\/div>\t\t\t\t\t\t\t\t<\/div>\n\t\t\t\t\t<\/div>\n\t\t\t\t<\/div>\n\t\t<div data-particle_enable=\"false\" data-particle-mobile-disabled=\"false\" class=\"elementor-element elementor-element-652938d e-flex e-con-boxed e-con e-parent\" data-id=\"652938d\" data-element_type=\"container\" data-e-type=\"container\">\n\t\t\t\t\t<div class=\"e-con-inner\">\n\t\t\t\t<div class=\"elementor-element elementor-element-232b913 elementor-widget elementor-widget-image\" data-id=\"232b913\" data-element_type=\"widget\" data-e-type=\"widget\" data-widget_type=\"image.default\">\n\t\t\t\t\t\t\t\t\t\t\t\t\t\t\t<img loading=\"lazy\" decoding=\"async\" width=\"480\" height=\"360\" src=\"https:\/\/soymigrante.com\/revista\/wp-content\/uploads\/2024\/10\/hierba-buena.webp\" class=\"attachment-large size-large wp-image-10311\" alt=\"Hierba de menta fresca en maceta, cercana a la cosecha, para infusiones y remedios naturales.\" srcset=\"https:\/\/soymigrante.com\/revista\/wp-content\/uploads\/2024\/10\/hierba-buena.webp 480w, https:\/\/soymigrante.com\/revista\/wp-content\/uploads\/2024\/10\/hierba-buena-300x225.webp 300w\" sizes=\"(max-width: 480px) 100vw, 480px\" title=\"hierba buena \u2013 SoyMigrante.com REVISTA\" \/>\t\t\t\t\t\t\t\t\t\t\t\t\t\t\t<\/div>\n\t\t\t\t\t<\/div>\n\t\t\t\t<\/div>\n\t\t<div data-particle_enable=\"false\" data-particle-mobile-disabled=\"false\" class=\"elementor-element elementor-element-c20ddaa e-flex e-con-boxed e-con e-parent\" data-id=\"c20ddaa\" data-element_type=\"container\" data-e-type=\"container\">\n\t\t\t\t\t<div class=\"e-con-inner\">\n\t\t\t\t<div class=\"elementor-element elementor-element-77672c3 elementor-widget elementor-widget-heading\" data-id=\"77672c3\" data-element_type=\"widget\" data-e-type=\"widget\" data-widget_type=\"heading.default\">\n\t\t\t\t\t<h3 class=\"elementor-heading-title elementor-size-default\">7.\tAlbahaca (Ocimum basilicum)<\/h3>\t\t\t\t<\/div>\n\t\t\t\t\t<\/div>\n\t\t\t\t<\/div>\n\t\t<div data-particle_enable=\"false\" data-particle-mobile-disabled=\"false\" class=\"elementor-element elementor-element-42d0b3e e-flex e-con-boxed e-con e-parent\" data-id=\"42d0b3e\" data-element_type=\"container\" data-e-type=\"container\">\n\t\t\t\t\t<div class=\"e-con-inner\">\n\t\t\t\t<div class=\"elementor-element elementor-element-719cf48 elementor-widget elementor-widget-text-editor\" data-id=\"719cf48\" data-element_type=\"widget\" data-e-type=\"widget\" data-widget_type=\"text-editor.default\">\n\t\t\t\t\t\t\t\t\t<div>\u2022 Origen: Nativa de Asia, la albahaca fue introducida en Guatemala por los espa\u00f1oles, pero se ha integrado plenamente en la cocina local.<\/div><div>\u2022Uso: Se usa como condimento en platos como salsas, sopas y ensaladas. En la medicina tradicional guatemalteca, la albahaca se emplea en infusiones para tratar <a href=\"https:\/\/soymigrante.com\/revista\/category\/mejor\/\" target=\"_blank\" rel=\"noopener\">el insomnio, el estr\u00e9s y problemas digestivos.<\/a><\/div>\t\t\t\t\t\t\t\t<\/div>\n\t\t\t\t\t<\/div>\n\t\t\t\t<\/div>\n\t\t<div data-particle_enable=\"false\" data-particle-mobile-disabled=\"false\" class=\"elementor-element elementor-element-f4849f0 e-flex e-con-boxed e-con e-parent\" data-id=\"f4849f0\" data-element_type=\"container\" data-e-type=\"container\">\n\t\t\t\t\t<div class=\"e-con-inner\">\n\t\t\t\t<div class=\"elementor-element elementor-element-24e4559 elementor-widget elementor-widget-image\" data-id=\"24e4559\" data-element_type=\"widget\" data-e-type=\"widget\" data-widget_type=\"image.default\">\n\t\t\t\t\t\t\t\t\t\t\t\t\t\t\t<img loading=\"lazy\" decoding=\"async\" width=\"768\" height=\"984\" src=\"https:\/\/soymigrante.com\/revista\/wp-content\/uploads\/2024\/10\/albahaca.webp\" class=\"attachment-large size-large wp-image-10312\" alt=\"Alcachofas, plantas arom\u00e1ticas, cultivo ecol\u00f3gico, hortalizas de jard\u00edn, hortalizas verdes, plantas comestibles, jardiner\u00eda org\u00e1nica, cultivo de verduras, alimentos saludables, huerto urbano plantaci\u00f3n, huertos ecol\u00f3gicos.\" srcset=\"https:\/\/soymigrante.com\/revista\/wp-content\/uploads\/2024\/10\/albahaca.webp 777w, https:\/\/soymigrante.com\/revista\/wp-content\/uploads\/2024\/10\/albahaca-234x300.webp 234w, https:\/\/soymigrante.com\/revista\/wp-content\/uploads\/2024\/10\/albahaca-768x984.webp 768w, https:\/\/soymigrante.com\/revista\/wp-content\/uploads\/2024\/10\/albahaca-750x961.webp 750w\" sizes=\"(max-width: 768px) 100vw, 768px\" title=\"albahaca \u2013 SoyMigrante.com REVISTA\" \/>\t\t\t\t\t\t\t\t\t\t\t\t\t\t\t<\/div>\n\t\t\t\t\t<\/div>\n\t\t\t\t<\/div>\n\t\t<div data-particle_enable=\"false\" data-particle-mobile-disabled=\"false\" class=\"elementor-element elementor-element-9cae195 e-flex e-con-boxed e-con e-parent\" data-id=\"9cae195\" data-element_type=\"container\" data-e-type=\"container\">\n\t\t\t\t\t<div class=\"e-con-inner\">\n\t\t\t\t<div class=\"elementor-element elementor-element-fecef42 elementor-widget elementor-widget-text-editor\" data-id=\"fecef42\" data-element_type=\"widget\" data-e-type=\"widget\" data-widget_type=\"text-editor.default\">\n\t\t\t\t\t\t\t\t\t<p>Estas siete hierbas no solo aportan sabor a la cocina guatemalteca, sino que tambi\u00e9n reflejan la conexi\u00f3n de las comunidades locales con la naturaleza y su sabidur\u00eda ancestral. Cada una tiene un lugar especial en la vida cotidiana, ya sea por sus propiedades curativas o por su contribuci\u00f3n a los sabores \u00fanicos de la gastronom\u00eda guatemalteca.<\/p>\t\t\t\t\t\t\t\t<\/div>\n\t\t\t\t\t<\/div>\n\t\t\t\t<\/div>\n\t\t<div data-particle_enable=\"false\" data-particle-mobile-disabled=\"false\" class=\"elementor-element elementor-element-5924527 e-flex e-con-boxed e-con e-parent\" data-id=\"5924527\" data-element_type=\"container\" data-e-type=\"container\">\n\t\t\t\t\t<div class=\"e-con-inner\">\n\t\t\t\t<div class=\"elementor-element elementor-element-3fd4420 elementor-widget elementor-widget-video\" data-id=\"3fd4420\" data-element_type=\"widget\" data-e-type=\"widget\" data-settings=\"{&quot;youtube_url&quot;:&quot;https:\\\/\\\/www.youtube.com\\\/watch?v=QcVFLVshXFw&quot;,&quot;video_type&quot;:&quot;youtube&quot;,&quot;controls&quot;:&quot;yes&quot;}\" data-widget_type=\"video.default\">\n\t\t\t\t\t\t\t<div class=\"elementor-wrapper elementor-open-inline\">\n\t\t\t<div class=\"elementor-video\"><\/div>\t\t<\/div>\n\t\t\t\t\t\t<\/div>\n\t\t\t\t\t<\/div>\n\t\t\t\t<\/div>\n\t\t<div data-particle_enable=\"false\" data-particle-mobile-disabled=\"false\" class=\"elementor-element elementor-element-94ff17e e-flex e-con-boxed e-con e-parent\" data-id=\"94ff17e\" data-element_type=\"container\" data-e-type=\"container\">\n\t\t\t\t\t<div class=\"e-con-inner\">\n\t\t\t\t<div class=\"elementor-element elementor-element-0b9d8f4 elementor-widget elementor-widget-heading\" data-id=\"0b9d8f4\" data-element_type=\"widget\" data-e-type=\"widget\" data-widget_type=\"heading.default\">\n\t\t\t\t\t<h2 class=\"elementor-heading-title elementor-size-default\">Te puede interesar...<\/h2>\t\t\t\t<\/div>\n\t\t\t\t\t<\/div>\n\t\t\t\t<\/div>\n\t\t<div data-particle_enable=\"false\" data-particle-mobile-disabled=\"false\" class=\"elementor-element elementor-element-c4aa18b e-flex e-con-boxed e-con e-parent\" data-id=\"c4aa18b\" data-element_type=\"container\" data-e-type=\"container\">\n\t\t\t\t\t<div class=\"e-con-inner\">\n\t\t\t\t<div class=\"elementor-element elementor-element-b69564f elementor-widget elementor-widget-blfe-post-grid\" data-id=\"b69564f\" data-element_type=\"widget\" data-e-type=\"widget\" data-settings=\"{&quot;columns&quot;:&quot;3&quot;,&quot;columns_tablet&quot;:&quot;6&quot;,&quot;columns_mobile&quot;:&quot;12&quot;,&quot;hero1_layout_column_gap&quot;:{&quot;unit&quot;:&quot;px&quot;,&quot;size&quot;:30,&quot;sizes&quot;:[]},&quot;hero1_layout_column_gap_tablet&quot;:{&quot;unit&quot;:&quot;px&quot;,&quot;size&quot;:&quot;&quot;,&quot;sizes&quot;:[]},&quot;hero1_layout_column_gap_mobile&quot;:{&quot;unit&quot;:&quot;px&quot;,&quot;size&quot;:&quot;&quot;,&quot;sizes&quot;:[]},&quot;hero1_layout_row_gap&quot;:{&quot;unit&quot;:&quot;px&quot;,&quot;size&quot;:30,&quot;sizes&quot;:[]},&quot;hero1_layout_row_gap_tablet&quot;:{&quot;unit&quot;:&quot;px&quot;,&quot;size&quot;:&quot;&quot;,&quot;sizes&quot;:[]},&quot;hero1_layout_row_gap_mobile&quot;:{&quot;unit&quot;:&quot;px&quot;,&quot;size&quot;:&quot;&quot;,&quot;sizes&quot;:[]}}\" data-widget_type=\"blfe-post-grid.hero1\">\n\t\t\t\t<div class=\"elementor-widget-container\">\n\t\t\t\t\t\n                        <div class=\"blfe-post-grid-container \">\n            \n                <div data-skin=\"hero1\" class=\"blfe-row blfe-posts-inner blfe-hero1 blfe-posts-inner blfe-col-3 blfe-col-tab-6 blfe-col-mob-12     \">\n                            <div class=\"blfe-post-grid-item\">\n            <div class=\"blfe-post-grid-item-inner blfe-modern-zoom\">\n                        <div class=\"blfe-post-grid-bg-image\">\n            <a class=\"blfe-post-grid-image-inner\" href=\"https:\/\/soymigrante.com\/revista\/danza-guatemala-el-ancestral-baile-del-venado\/\" title=\"Danzas de Guatemala: El  Baile del Venado est\u00e1 en la memoria de muchos migrantes.\" rel=\"nofollow\" target=\"_blank\"><img decoding=\"async\" src=\"https:\/\/soymigrante.com\/revista\/wp-content\/uploads\/2023\/09\/DANZA-DEL-VENADO-CUNEN-QUICHE.webp\" alt=\"Danzas de Guatemala: El  Baile del Venado est\u00e1 en la memoria de muchos migrantes.\"\/><\/a>        <\/div>\n                        <div class=\"blfe-post-grid-details\">\n                    <div class=\"blfe-post-grid-details-inner\">\n                        <span class=\"blfe-post-category\"><a href=\"https:\/\/soymigrante.com\/revista\/category\/guate-nuestra\/\">Guate Nuestra<\/a><\/span>                        <h3 class=\"blfe-post-grid-title\">\n            <a href=\"https:\/\/soymigrante.com\/revista\/danza-guatemala-el-ancestral-baile-del-venado\/\" title=\"Danzas de Guatemala: El  Baile del Venado est\u00e1 en la memoria de muchos migrantes.\" rel=\"nofollow\" target=\"_blank\">Danzas de Guatemala: El  Baile del Venado est\u00e1 en la memoria de muchos migrantes.<\/a>\n            <\/h3>                                                            <div class=\"blfe-post-grid-meta\">\n                <span class=\"blfe-post-grid-time\"><i class=\"fas fa-book-reader\"><\/i>4 Min read<\/span>            <\/div>\n                                                        <\/div>\n                <\/div>\n\n            <\/div>\n        <\/div>\n                <div class=\"blfe-post-grid-item\">\n            <div class=\"blfe-post-grid-item-inner blfe-modern-zoom\">\n                        <div class=\"blfe-post-grid-bg-image\">\n            <a class=\"blfe-post-grid-image-inner\" href=\"https:\/\/soymigrante.com\/revista\/recetas-chapinas-subanik-comida-ceremonial-de-los-reyes\/\" title=\"El Suban&#8217;ik es comida de reyes y es un platillo ideal para festejar\" rel=\"nofollow\" target=\"_blank\"><img decoding=\"async\" src=\"https:\/\/soymigrante.com\/revista\/wp-content\/uploads\/2024\/05\/recados-guatemaltecos-una-delicia-de-la-cultura-maya-.webp\" alt=\"El Suban&#8217;ik es comida de reyes y es un platillo ideal para festejar\"\/><\/a>        <\/div>\n                        <div class=\"blfe-post-grid-details\">\n                    <div class=\"blfe-post-grid-details-inner\">\n                        <span class=\"blfe-post-category\"><a href=\"https:\/\/soymigrante.com\/revista\/category\/guate-nuestra\/\">Guate Nuestra<\/a><\/span>                        <h3 class=\"blfe-post-grid-title\">\n            <a href=\"https:\/\/soymigrante.com\/revista\/recetas-chapinas-subanik-comida-ceremonial-de-los-reyes\/\" title=\"El Suban&#8217;ik es comida de reyes y es un platillo ideal para festejar\" rel=\"nofollow\" target=\"_blank\">El Suban&#8217;ik es comida de reyes y es un platillo ideal para festejar<\/a>\n            <\/h3>                                                            <div class=\"blfe-post-grid-meta\">\n                <span class=\"blfe-post-grid-time\"><i class=\"fas fa-book-reader\"><\/i>3 Min read<\/span>            <\/div>\n                                                        <\/div>\n                <\/div>\n\n            <\/div>\n        <\/div>\n                <div class=\"blfe-post-grid-item\">\n            <div class=\"blfe-post-grid-item-inner blfe-modern-zoom\">\n                        <div class=\"blfe-post-grid-bg-image\">\n            <a class=\"blfe-post-grid-image-inner\" href=\"https:\/\/soymigrante.com\/revista\/cerebrex-ultimate-ingenioso-videojuego-guatemalteco-potencia-habilidades-cognitivas-de-los-ninos\/\" title=\"Cerebrex Ultimate:  ingenioso videojuego guatemalteco potencia habilidades cognitivas de los ni\u00f1os\" rel=\"nofollow\" target=\"_blank\"><img decoding=\"async\" src=\"https:\/\/soymigrante.com\/revista\/wp-content\/uploads\/2025\/05\/Cerebrex-Ultimate-1-e1747856655651.webp\" alt=\"Cerebrex Ultimate:  ingenioso videojuego guatemalteco potencia habilidades cognitivas de los ni\u00f1os\"\/><\/a>        <\/div>\n                        <div class=\"blfe-post-grid-details\">\n                    <div class=\"blfe-post-grid-details-inner\">\n                        <span class=\"blfe-post-category\"><a href=\"https:\/\/soymigrante.com\/revista\/category\/guate-nuestra\/\">Guate Nuestra<\/a><\/span>                        <h3 class=\"blfe-post-grid-title\">\n            <a href=\"https:\/\/soymigrante.com\/revista\/cerebrex-ultimate-ingenioso-videojuego-guatemalteco-potencia-habilidades-cognitivas-de-los-ninos\/\" title=\"Cerebrex Ultimate:  ingenioso videojuego guatemalteco potencia habilidades cognitivas de los ni\u00f1os\" rel=\"nofollow\" target=\"_blank\">Cerebrex Ultimate:  ingenioso videojuego guatemalteco potencia habilidades cognitivas de los ni\u00f1os<\/a>\n            <\/h3>                                                            <div class=\"blfe-post-grid-meta\">\n                <span class=\"blfe-post-grid-time\"><i class=\"fas fa-book-reader\"><\/i>3 Min read<\/span>            <\/div>\n                                                        <\/div>\n                <\/div>\n\n            <\/div>\n        <\/div>\n                        <\/div>\n\n                        <\/div>\n            \n                        <div class=\"blfe-post-footer\">\n                        <\/div>\n            \t\t\t\t<\/div>\n\t\t\t\t<\/div>\n\t\t\t\t\t<\/div>\n\t\t\t\t<\/div>\n\t\t\t\t<\/div>\n\t\t","protected":false},"excerpt":{"rendered":"<p>Guatemala es un pa\u00eds con una riqueza natural incre\u00edble, y dentro de su biodiversidad destacan las hierbas que han sido utilizadas desde tiempos ancestrales por los mayas y las comunidades ind\u00edgenas. Estas hierbas o plantas guatemaltecas no solo son parte de la tradici\u00f3n culinaria, sino tambi\u00e9n tienen un rol importante en la medicina tradicional. A [&hellip;]<\/p>\n","protected":false},"author":19,"featured_media":10305,"comment_status":"open","ping_status":"open","sticky":false,"template":"","format":"standard","meta":{"_acf_changed":false,"_eb_attr":"","footnotes":""},"categories":[55],"tags":[],"class_list":["post-10304","post","type-post","status-publish","format-standard","has-post-thumbnail","hentry","category-bienestar"],"acf":[],"aioseo_notices":[],"aioseo_head":"\n\t\t<!-- All in One SEO Pro 4.9.6.2 - aioseo.com -->\n\t<meta name=\"description\" content=\"Celebrex Ultimate es un videojuego guatemalteco, es una colaboraci\u00f3n entre el laboratorio Turing de la Universidad Galileo.\" \/>\n\t<meta name=\"robots\" content=\"max-snippet:-1, max-image-preview:large, max-video-preview:-1\" \/>\n\t<meta name=\"author\" content=\"Marysabel Aldana\"\/>\n\t<link rel=\"canonical\" href=\"https:\/\/soymigrante.com\/revista\/cerebrex-ultimate-ingenioso-videojuego-guatemalteco-potencia-habilidades-cognitivas-de-los-ninos\/\" \/>\n\t<meta name=\"generator\" content=\"All in One SEO Pro (AIOSEO) 4.9.6.2\" \/>\n\n\t\t<link rel=\"preconnect\" href=\"https:\/\/fonts.googleapis.com\" crossorigin>\n<link rel=\"preconnect\" href=\"https:\/\/fonts.gstatic.com\" crossorigin>\n\t\t<meta property=\"og:locale\" content=\"es_ES\" \/>\n\t\t<meta property=\"og:site_name\" content=\"SoyMigrante.com REVISTA \u2013 Nuestra misi\u00f3n es reconocer y dignificar al migrante.\" \/>\n\t\t<meta property=\"og:type\" content=\"article\" \/>\n\t\t<meta property=\"og:title\" content=\"Cerebrex Ultimate: ingenioso videojuego guatemalteco potencia habilidades cognitivas de los ni\u00f1os\" \/>\n\t\t<meta property=\"og:description\" content=\"Celebrex Ultimate es un videojuego guatemalteco, es una colaboraci\u00f3n entre el laboratorio Turing de la Universidad Galileo.\" \/>\n\t\t<meta property=\"og:url\" content=\"https:\/\/soymigrante.com\/revista\/cerebrex-ultimate-ingenioso-videojuego-guatemalteco-potencia-habilidades-cognitivas-de-los-ninos\/\" \/>\n\t\t<meta property=\"og:image\" content=\"https:\/\/soymigrante.com\/revista\/wp-content\/uploads\/2025\/05\/Cerebrex-Ultimate-1-e1747856655651.webp\" \/>\n\t\t<meta property=\"og:image:secure_url\" content=\"https:\/\/soymigrante.com\/revista\/wp-content\/uploads\/2025\/05\/Cerebrex-Ultimate-1-e1747856655651.webp\" \/>\n\t\t<meta property=\"og:image:width\" content=\"792\" \/>\n\t\t<meta property=\"og:image:height\" content=\"792\" \/>\n\t\t<meta property=\"article:published_time\" content=\"2025-05-23T11:00:00+00:00\" \/>\n\t\t<meta property=\"article:modified_time\" content=\"2025-05-23T04:00:43+00:00\" \/>\n\t\t<meta property=\"article:publisher\" content=\"https:\/\/www.facebook.com\/soymigrantecom\" \/>\n\t\t<meta name=\"twitter:card\" content=\"summary_large_image\" \/>\n\t\t<meta name=\"twitter:site\" content=\"@SoyMigrante_com\" \/>\n\t\t<meta name=\"twitter:title\" content=\"Cerebrex Ultimate: ingenioso videojuego guatemalteco potencia habilidades cognitivas de los ni\u00f1os\" \/>\n\t\t<meta name=\"twitter:description\" content=\"Celebrex Ultimate es un videojuego guatemalteco, es una colaboraci\u00f3n entre el laboratorio Turing de la Universidad Galileo.\" \/>\n\t\t<meta name=\"twitter:creator\" content=\"@SoyMigrante_com\" \/>\n\t\t<meta name=\"twitter:image\" content=\"https:\/\/soymigrante.com\/revista\/wp-content\/uploads\/2025\/05\/Cerebrex-Ultimate-1-e1747856655651.webp\" \/>\n\t\t<!-- All in One SEO Pro -->\r\n\t\t<title>Cerebrex Ultimate: ingenioso videojuego guatemalteco potencia habilidades cognitivas de los ni\u00f1os<\/title>\n\n","aioseo_head_json":{"title":"Cerebrex Ultimate: ingenioso videojuego guatemalteco potencia habilidades cognitivas de los ni\u00f1os","description":"Celebrex Ultimate es un videojuego guatemalteco, es una colaboraci\u00f3n entre el laboratorio Turing de la Universidad Galileo.","canonical_url":"https:\/\/soymigrante.com\/revista\/cerebrex-ultimate-ingenioso-videojuego-guatemalteco-potencia-habilidades-cognitivas-de-los-ninos\/","robots":"max-snippet:-1, max-image-preview:large, max-video-preview:-1","keywords":"","webmasterTools":{"miscellaneous":"&lt;link rel=\"preconnect\" href=\"https:\/\/fonts.googleapis.com\" crossorigin&gt;\n&lt;link rel=\"preconnect\" href=\"https:\/\/fonts.gstatic.com\" crossorigin&gt;"},"schema":null,"og:locale":"es_ES","og:site_name":"SoyMigrante.com REVISTA \u2013 Nuestra misi\u00f3n es reconocer y dignificar al migrante.","og:type":"article","og:title":"Cerebrex Ultimate: ingenioso videojuego guatemalteco potencia habilidades cognitivas de los ni\u00f1os","og:description":"Celebrex Ultimate es un videojuego guatemalteco, es una colaboraci\u00f3n entre el laboratorio Turing de la Universidad Galileo.","og:url":"https:\/\/soymigrante.com\/revista\/cerebrex-ultimate-ingenioso-videojuego-guatemalteco-potencia-habilidades-cognitivas-de-los-ninos\/","og:image":"https:\/\/soymigrante.com\/revista\/wp-content\/uploads\/2025\/05\/Cerebrex-Ultimate-1-e1747856655651.webp","og:image:secure_url":"https:\/\/soymigrante.com\/revista\/wp-content\/uploads\/2025\/05\/Cerebrex-Ultimate-1-e1747856655651.webp","og:image:width":792,"og:image:height":792,"article:published_time":"2025-05-23T11:00:00+00:00","article:modified_time":"2025-05-23T04:00:43+00:00","article:publisher":"https:\/\/www.facebook.com\/soymigrantecom","twitter:card":"summary_large_image","twitter:site":"@SoyMigrante_com","twitter:title":"Cerebrex Ultimate: ingenioso videojuego guatemalteco potencia habilidades cognitivas de los ni\u00f1os","twitter:description":"Celebrex Ultimate es un videojuego guatemalteco, es una colaboraci\u00f3n entre el laboratorio Turing de la Universidad Galileo.","twitter:creator":"@SoyMigrante_com","twitter:image":"https:\/\/soymigrante.com\/revista\/wp-content\/uploads\/2025\/05\/Cerebrex-Ultimate-1-e1747856655651.webp"},"aioseo_meta_data":{"post_id":"10304","title":null,"description":"Guatemala es un pa\u00eds con una riqueza natural incre\u00edble, y dentro de su biodiversidad destacan las hierbas que han sido utilizadas desde tiempos ancestrales.","keywords":null,"keyphrases":{"focus":{"keyphrase":"guatemaltecas","score":69,"analysis":{"keyphraseInTitle":{"score":9,"maxScore":9,"error":0},"keyphraseInDescription":{"score":3,"maxScore":9,"error":1},"keyphraseLength":{"score":9,"maxScore":9,"error":0,"length":1},"keyphraseInURL":{"score":5,"maxScore":5,"error":0},"keyphraseInIntroduction":{"score":9,"maxScore":9,"error":0},"keyphraseInSubHeadings":{"score":3,"maxScore":9,"error":1},"keyphraseInImageAlt":{"score":9,"maxScore":9,"error":0},"keywordDensity":{"score":0,"type":"low","maxScore":9,"error":1}}},"additional":[{"keyphrase":"hierbas","score":100,"analysis":{"keyphraseInDescription":{"score":9,"maxScore":9,"error":0},"keyphraseLength":{"score":9,"maxScore":9,"error":0,"length":1},"keyphraseInIntroduction":{"score":9,"maxScore":9,"error":0},"keyphraseInImageAlt":{"score":9,"maxScore":9,"error":0},"keywordDensity":{"type":"best","score":9,"maxScore":9,"error":0}}},{"keyphrase":"guatemaltecas","score":67,"analysis":{"keyphraseInDescription":{"score":3,"maxScore":9,"error":1},"keyphraseLength":{"score":9,"maxScore":9,"error":0,"length":1},"keyphraseInIntroduction":{"score":9,"maxScore":9,"error":0},"keyphraseInImageAlt":{"score":9,"maxScore":9,"error":0},"keywordDensity":{"score":0,"type":"low","maxScore":9,"error":1}}}]},"primary_term":null,"canonical_url":null,"og_title":null,"og_description":null,"og_object_type":"default","og_image_type":"default","og_image_url":null,"og_image_width":null,"og_image_height":null,"og_image_custom_url":null,"og_image_custom_fields":null,"og_video":"","og_custom_url":null,"og_article_section":null,"og_article_tags":null,"twitter_use_og":false,"twitter_card":"default","twitter_image_type":"default","twitter_image_url":null,"twitter_image_custom_url":null,"twitter_image_custom_fields":null,"twitter_title":null,"twitter_description":null,"schema":{"blockGraphs":[],"customGraphs":[],"default":{"data":{"Article":[],"Course":[],"Dataset":[],"FAQPage":[],"Movie":[],"Person":[],"Product":[],"ProductReview":[],"Car":[],"Recipe":[],"Service":[],"SoftwareApplication":[],"WebPage":[]},"graphName":"Article","isEnabled":true},"graphs":[]},"schema_type":"default","schema_type_options":null,"pillar_content":false,"robots_default":true,"robots_noindex":false,"robots_noarchive":false,"robots_nosnippet":false,"robots_nofollow":false,"robots_noimageindex":false,"robots_noodp":false,"robots_notranslate":false,"robots_max_snippet":"-1","robots_max_videopreview":"-1","robots_max_imagepreview":"large","priority":null,"frequency":"default","local_seo":null,"seo_analyzer_scan_date":"2025-10-08 23:46:54","breadcrumb_settings":null,"limit_modified_date":false,"reviewed_by":null,"open_ai":"{\"title\":{\"suggestions\":[],\"usage\":0},\"description\":{\"suggestions\":[],\"usage\":0}}","ai":null,"created":"2024-10-11 18:53:23","updated":"2026-02-04 15:08:59"},"aioseo_breadcrumb":"<div class=\"aioseo-breadcrumbs\"><span class=\"aioseo-breadcrumb\">\n\t<a href=\"https:\/\/soymigrante.com\/revista\" title=\"Home\">Home<\/a>\n<\/span><span class=\"aioseo-breadcrumb-separator\">\u00bb<\/span><span class=\"aioseo-breadcrumb\">\n\t<a href=\"https:\/\/soymigrante.com\/revista\/category\/bienestar\/\" title=\"Bienestar\">Bienestar<\/a>\n<\/span><span class=\"aioseo-breadcrumb-separator\">\u00bb<\/span><span class=\"aioseo-breadcrumb\">\n\tSiete hierbas muy guatemaltecas: su origen y uso tradicional\n<\/span><\/div>","aioseo_breadcrumb_json":[{"label":"Home","link":"https:\/\/soymigrante.com\/revista"},{"label":"Bienestar","link":"https:\/\/soymigrante.com\/revista\/category\/bienestar\/"},{"label":"Siete hierbas muy guatemaltecas: su origen y uso tradicional","link":"https:\/\/soymigrante.com\/revista\/siete-hierbas-muy-guatemaltecas-su-origen-y-uso-tradicional\/"}],"_links":{"self":[{"href":"https:\/\/soymigrante.com\/revista\/wp-json\/wp\/v2\/posts\/10304","targetHints":{"allow":["GET"]}}],"collection":[{"href":"https:\/\/soymigrante.com\/revista\/wp-json\/wp\/v2\/posts"}],"about":[{"href":"https:\/\/soymigrante.com\/revista\/wp-json\/wp\/v2\/types\/post"}],"author":[{"embeddable":true,"href":"https:\/\/soymigrante.com\/revista\/wp-json\/wp\/v2\/users\/19"}],"replies":[{"embeddable":true,"href":"https:\/\/soymigrante.com\/revista\/wp-json\/wp\/v2\/comments?post=10304"}],"version-history":[{"count":0,"href":"https:\/\/soymigrante.com\/revista\/wp-json\/wp\/v2\/posts\/10304\/revisions"}],"wp:featuredmedia":[{"embeddable":true,"href":"https:\/\/soymigrante.com\/revista\/wp-json\/wp\/v2\/media\/10305"}],"wp:attachment":[{"href":"https:\/\/soymigrante.com\/revista\/wp-json\/wp\/v2\/media?parent=10304"}],"wp:term":[{"taxonomy":"category","embeddable":true,"href":"https:\/\/soymigrante.com\/revista\/wp-json\/wp\/v2\/categories?post=10304"},{"taxonomy":"post_tag","embeddable":true,"href":"https:\/\/soymigrante.com\/revista\/wp-json\/wp\/v2\/tags?post=10304"}],"curies":[{"name":"wp","href":"https:\/\/api.w.org\/{rel}","templated":true}]}}