{"id":10289,"date":"2026-04-12T07:18:53","date_gmt":"2026-04-12T13:18:53","guid":{"rendered":"https:\/\/soymigrante.com\/revista\/?p=10289"},"modified":"2026-04-12T07:19:00","modified_gmt":"2026-04-12T13:19:00","slug":"10-datos-de-la-laguna-yaxha-que-quizas-no-conocias","status":"publish","type":"post","link":"https:\/\/soymigrante.com\/revista\/10-datos-de-la-laguna-yaxha-que-quizas-no-conocias\/","title":{"rendered":"10 datos de la admirada Laguna Yaxh\u00e1 en Pet\u00e9n que quiz\u00e1s ya conoc\u00edas&#8230; (O tal vez no)"},"content":{"rendered":"\t\t<div data-elementor-type=\"wp-post\" data-elementor-id=\"10289\" class=\"elementor elementor-10289\" data-elementor-post-type=\"post\">\n\t\t\t\t<div data-particle_enable=\"false\" data-particle-mobile-disabled=\"false\" class=\"elementor-element elementor-element-6b79b69 e-flex e-con-boxed e-con e-parent\" data-id=\"6b79b69\" data-element_type=\"container\" data-e-type=\"container\">\n\t\t\t\t\t<div class=\"e-con-inner\">\n\t\t\t\t<div class=\"elementor-element elementor-element-c341623 elementor-widget elementor-widget-heading\" data-id=\"c341623\" data-element_type=\"widget\" data-e-type=\"widget\" data-widget_type=\"heading.default\">\n\t\t\t\t\t<h2 class=\"elementor-heading-title elementor-size-default\">La Laguna Yaxh\u00e1, es una de las joyas ocultas de Guatemala. Ubicada en la regi\u00f3n del Pet\u00e9n, esta laguna es una maravilla natural. <\/h2>\t\t\t\t<\/div>\n\t\t\t\t\t<\/div>\n\t\t\t\t<\/div>\n\t\t<div data-particle_enable=\"false\" data-particle-mobile-disabled=\"false\" class=\"elementor-element elementor-element-6f19ed8 e-flex e-con-boxed e-con e-parent\" data-id=\"6f19ed8\" data-element_type=\"container\" data-e-type=\"container\">\n\t\t\t\t\t<div class=\"e-con-inner\">\n\t\t\t\t<div class=\"elementor-element elementor-element-d2a01cf elementor-widget elementor-widget-text-editor\" data-id=\"d2a01cf\" data-element_type=\"widget\" data-e-type=\"widget\" data-widget_type=\"text-editor.default\">\n\t\t\t\t\t\t\t\t\t<p>La Laguna de Yaxh\u00e1 es un tesoro natural escondido en el coraz\u00f3n de Pet\u00e9n. Con su rica biodiversidad, conexi\u00f3n con la cultura maya y su importancia para la conservaci\u00f3n, este cuerpo de agua <a href=\"https:\/\/soymigrante.com\/revista\/category\/guate-nuestra\/pueblos-de-guatemala\/\" target=\"_blank\" rel=\"noopener\">se destaca como uno de los lugares m\u00e1s fascinantes de Guatemala.<\/a><\/p><p>Para aquellos que buscan aventura, historia y una experiencia en contacto con la naturaleza, este destino es sin duda uno de los mejores del pa\u00eds.<\/p>\t\t\t\t\t\t\t\t<\/div>\n\t\t\t\t\t<\/div>\n\t\t\t\t<\/div>\n\t\t<div data-particle_enable=\"false\" data-particle-mobile-disabled=\"false\" class=\"elementor-element elementor-element-371e488 e-flex e-con-boxed e-con e-parent\" data-id=\"371e488\" data-element_type=\"container\" data-e-type=\"container\">\n\t\t\t\t\t<div class=\"e-con-inner\">\n\t\t\t\t<div class=\"elementor-element elementor-element-e643d4b elementor-widget elementor-widget-text-editor\" data-id=\"e643d4b\" data-element_type=\"widget\" data-e-type=\"widget\" data-widget_type=\"text-editor.default\">\n\t\t\t\t\t\t\t\t\t<p>A continuaci\u00f3n, te presentamos 10 datos fascinantes sobre este lugar.<\/p>\t\t\t\t\t\t\t\t<\/div>\n\t\t\t\t\t<\/div>\n\t\t\t\t<\/div>\n\t\t<div data-particle_enable=\"false\" data-particle-mobile-disabled=\"false\" class=\"elementor-element elementor-element-7a51b55 e-flex e-con-boxed e-con e-parent\" data-id=\"7a51b55\" data-element_type=\"container\" data-e-type=\"container\">\n\t\t\t\t\t<div class=\"e-con-inner\">\n\t\t\t\t<div class=\"elementor-element elementor-element-d4edda9 elementor-widget elementor-widget-heading\" data-id=\"d4edda9\" data-element_type=\"widget\" data-e-type=\"widget\" data-widget_type=\"heading.default\">\n\t\t\t\t\t<h3 class=\"elementor-heading-title elementor-size-default\">1.\tUbicaci\u00f3n en el coraz\u00f3n del Pet\u00e9n<\/h3>\t\t\t\t<\/div>\n\t\t\t\t\t<\/div>\n\t\t\t\t<\/div>\n\t\t<div data-particle_enable=\"false\" data-particle-mobile-disabled=\"false\" class=\"elementor-element elementor-element-1ce742a e-flex e-con-boxed e-con e-parent\" data-id=\"1ce742a\" data-element_type=\"container\" data-e-type=\"container\">\n\t\t\t\t\t<div class=\"e-con-inner\">\n\t\t\t\t<div class=\"elementor-element elementor-element-9db1f29 elementor-widget elementor-widget-text-editor\" data-id=\"9db1f29\" data-element_type=\"widget\" data-e-type=\"widget\" data-widget_type=\"text-editor.default\">\n\t\t\t\t\t\t\t\t\t<p>La Laguna de Yaxh\u00e1 se encuentra en el departamento de Pet\u00e9n, al noreste de Guatemala. <a href=\"https:\/\/soymigrante.com\/revista\/category\/guate-nuestra\/pueblos-de-guatemala\/\" target=\"_blank\" rel=\"noopener\">Est\u00e1 situada dentro del Parque Nacional Yaxh\u00e1-Nakum-Naranjo, una zona arqueol\u00f3gica y natural de gran importancia<\/a>. La laguna es accesible desde la Isla de Flores, que est\u00e1 a unos 60 kil\u00f3metros de distancia, un trayecto que puede tomar alrededor de una hora y media en autom\u00f3vil.<\/p>\t\t\t\t\t\t\t\t<\/div>\n\t\t\t\t\t<\/div>\n\t\t\t\t<\/div>\n\t\t<div data-particle_enable=\"false\" data-particle-mobile-disabled=\"false\" class=\"elementor-element elementor-element-e7f02d5 e-flex e-con-boxed e-con e-parent\" data-id=\"e7f02d5\" data-element_type=\"container\" data-e-type=\"container\">\n\t\t\t\t\t<div class=\"e-con-inner\">\n\t\t\t\t<div class=\"elementor-element elementor-element-731dd28 elementor-widget elementor-widget-google_maps\" data-id=\"731dd28\" data-element_type=\"widget\" data-e-type=\"widget\" data-widget_type=\"google_maps.default\">\n\t\t\t\t\t\t\t<div class=\"elementor-custom-embed\">\n\t\t\t<iframe loading=\"lazy\"\n\t\t\t\t\tsrc=\"https:\/\/maps.google.com\/maps?q=laguna%20yaxha&#038;t=m&#038;z=10&#038;output=embed&#038;iwloc=near\"\n\t\t\t\t\ttitle=\"laguna yaxha\"\n\t\t\t\t\taria-label=\"laguna yaxha\"\n\t\t\t><\/iframe>\n\t\t<\/div>\n\t\t\t\t\t\t<\/div>\n\t\t\t\t\t<\/div>\n\t\t\t\t<\/div>\n\t\t<div data-particle_enable=\"false\" data-particle-mobile-disabled=\"false\" class=\"elementor-element elementor-element-59ebc3b e-flex e-con-boxed e-con e-parent\" data-id=\"59ebc3b\" data-element_type=\"container\" data-e-type=\"container\">\n\t\t\t\t\t<div class=\"e-con-inner\">\n\t\t\t\t<div class=\"elementor-element elementor-element-5a4fd73 elementor-widget elementor-widget-heading\" data-id=\"5a4fd73\" data-element_type=\"widget\" data-e-type=\"widget\" data-widget_type=\"heading.default\">\n\t\t\t\t\t<h3 class=\"elementor-heading-title elementor-size-default\">2.\tDistancia desde la Ciudad de Guatemala<\/h3>\t\t\t\t<\/div>\n\t\t\t\t\t<\/div>\n\t\t\t\t<\/div>\n\t\t<div data-particle_enable=\"false\" data-particle-mobile-disabled=\"false\" class=\"elementor-element elementor-element-7d7f0af e-flex e-con-boxed e-con e-parent\" data-id=\"7d7f0af\" data-element_type=\"container\" data-e-type=\"container\">\n\t\t\t\t\t<div class=\"e-con-inner\">\n\t\t\t\t<div class=\"elementor-element elementor-element-b719e52 elementor-widget elementor-widget-text-editor\" data-id=\"b719e52\" data-element_type=\"widget\" data-e-type=\"widget\" data-widget_type=\"text-editor.default\">\n\t\t\t\t\t\t\t\t\t<p>Desde la Ciudad de Guatemala, la Laguna Yaxh\u00e1 se encuentra a unos 530 kil\u00f3metros de distancia, lo que equivale a un viaje de aproximadamente 8 a 10 horas en autom\u00f3vil. La mejor forma de llegar es tomar la carretera hacia Pet\u00e9n y desde all\u00ed dirigirse a la zona arqueol\u00f3gica de Yaxh\u00e1.<\/p>\t\t\t\t\t\t\t\t<\/div>\n\t\t\t\t\t<\/div>\n\t\t\t\t<\/div>\n\t\t<div data-particle_enable=\"false\" data-particle-mobile-disabled=\"false\" class=\"elementor-element elementor-element-fc7af26 e-flex e-con-boxed e-con e-parent\" data-id=\"fc7af26\" data-element_type=\"container\" data-e-type=\"container\">\n\t\t\t\t\t<div class=\"e-con-inner\">\n\t\t\t\t<div class=\"elementor-element elementor-element-b5ad4ff elementor-widget elementor-widget-heading\" data-id=\"b5ad4ff\" data-element_type=\"widget\" data-e-type=\"widget\" data-widget_type=\"heading.default\">\n\t\t\t\t\t<h3 class=\"elementor-heading-title elementor-size-default\">3.\tUna laguna rodeada de historia maya<\/h3>\t\t\t\t<\/div>\n\t\t\t\t\t<\/div>\n\t\t\t\t<\/div>\n\t\t<div data-particle_enable=\"false\" data-particle-mobile-disabled=\"false\" class=\"elementor-element elementor-element-35e6e0f e-flex e-con-boxed e-con e-parent\" data-id=\"35e6e0f\" data-element_type=\"container\" data-e-type=\"container\">\n\t\t\t\t\t<div class=\"e-con-inner\">\n\t\t\t\t<div class=\"elementor-element elementor-element-ff797cf elementor-widget elementor-widget-text-editor\" data-id=\"ff797cf\" data-element_type=\"widget\" data-e-type=\"widget\" data-widget_type=\"text-editor.default\">\n\t\t\t\t\t\t\t\t\t<p>La Laguna Yaxh\u00e1 est\u00e1 ubicada en una regi\u00f3n de gran importancia arqueol\u00f3gica. Est\u00e1 cerca del sitio maya de Yaxh\u00e1, una antigua ciudad que floreci\u00f3 durante el periodo cl\u00e1sico. <a href=\"https:\/\/soymigrante.com\/revista\/category\/guate-nuestra\/pueblos-de-guatemala\/\" target=\"_blank\" rel=\"noopener\">Desde algunos puntos de la laguna, se pueden ver las ruinas mayas<\/a> que emergen de la selva, lo que la convierte en un destino doblemente atractivo para los amantes de la naturaleza y la historia.<\/p>\t\t\t\t\t\t\t\t<\/div>\n\t\t\t\t\t<\/div>\n\t\t\t\t<\/div>\n\t\t<div data-particle_enable=\"false\" data-particle-mobile-disabled=\"false\" class=\"elementor-element elementor-element-44f7211 e-flex e-con-boxed e-con e-parent\" data-id=\"44f7211\" data-element_type=\"container\" data-e-type=\"container\">\n\t\t\t\t\t<div class=\"e-con-inner\">\n\t\t\t\t<div class=\"elementor-element elementor-element-fddfe28 elementor-widget elementor-widget-heading\" data-id=\"fddfe28\" data-element_type=\"widget\" data-e-type=\"widget\" data-widget_type=\"heading.default\">\n\t\t\t\t\t<h3 class=\"elementor-heading-title elementor-size-default\">4.\tFauna diversa y rica en la regi\u00f3n<\/h3>\t\t\t\t<\/div>\n\t\t\t\t\t<\/div>\n\t\t\t\t<\/div>\n\t\t<div data-particle_enable=\"false\" data-particle-mobile-disabled=\"false\" class=\"elementor-element elementor-element-0c6a976 e-flex e-con-boxed e-con e-parent\" data-id=\"0c6a976\" data-element_type=\"container\" data-e-type=\"container\">\n\t\t\t\t\t<div class=\"e-con-inner\">\n\t\t\t\t<div class=\"elementor-element elementor-element-9b4f3ad elementor-widget elementor-widget-text-editor\" data-id=\"9b4f3ad\" data-element_type=\"widget\" data-e-type=\"widget\" data-widget_type=\"text-editor.default\">\n\t\t\t\t\t\t\t\t\t<p>La laguna es hogar de una rica biodiversidad. Entre los animales que habitan en sus alrededores se encuentran aves como los tucanes y loros, adem\u00e1s de especies como el cocodrilo de Morelet, que frecuenta las aguas de la laguna. Tambi\u00e9n es com\u00fan ver monos aulladores y monos ara\u00f1a en los \u00e1rboles cercanos.<\/p>\t\t\t\t\t\t\t\t<\/div>\n\t\t\t\t\t<\/div>\n\t\t\t\t<\/div>\n\t\t<div data-particle_enable=\"false\" data-particle-mobile-disabled=\"false\" class=\"elementor-element elementor-element-a990c5e e-flex e-con-boxed e-con e-parent\" data-id=\"a990c5e\" data-element_type=\"container\" data-e-type=\"container\">\n\t\t\t\t\t<div class=\"e-con-inner\">\n\t\t\t\t<div class=\"elementor-element elementor-element-5eafb3b elementor-widget elementor-widget-image\" data-id=\"5eafb3b\" data-element_type=\"widget\" data-e-type=\"widget\" data-widget_type=\"image.default\">\n\t\t\t\t\t\t\t\t\t\t\t\t\t\t\t<img fetchpriority=\"high\" decoding=\"async\" width=\"1024\" height=\"614\" src=\"https:\/\/soymigrante.com\/revista\/wp-content\/uploads\/2024\/10\/Laguna-Yaxha-1024x614.webp\" class=\"attachment-large size-large wp-image-10297\" alt=\"Barco en un r\u00edo con una peque\u00f1a plataforma de madera, paisaje natural y una comunidad local disfrutando del entorno, reflejando cultura, naturaleza y turismo en comunidades rurales.\" srcset=\"https:\/\/soymigrante.com\/revista\/wp-content\/uploads\/2024\/10\/Laguna-Yaxha-1024x614.webp 1024w, https:\/\/soymigrante.com\/revista\/wp-content\/uploads\/2024\/10\/Laguna-Yaxha-300x180.webp 300w, https:\/\/soymigrante.com\/revista\/wp-content\/uploads\/2024\/10\/Laguna-Yaxha-768x461.webp 768w, https:\/\/soymigrante.com\/revista\/wp-content\/uploads\/2024\/10\/Laguna-Yaxha-1536x922.webp 1536w, https:\/\/soymigrante.com\/revista\/wp-content\/uploads\/2024\/10\/Laguna-Yaxha-750x450.webp 750w, https:\/\/soymigrante.com\/revista\/wp-content\/uploads\/2024\/10\/Laguna-Yaxha-1140x684.webp 1140w, https:\/\/soymigrante.com\/revista\/wp-content\/uploads\/2024\/10\/Laguna-Yaxha.webp 1600w\" sizes=\"(max-width: 1024px) 100vw, 1024px\" title=\"10 datos de la Laguna Yaxh\u00e1 que quiz\u00e1s no conoc\u00edas \u2013 SoyMigrante.com REVISTA\" \/>\t\t\t\t\t\t\t\t\t\t\t\t\t\t\t<\/div>\n\t\t\t\t\t<\/div>\n\t\t\t\t<\/div>\n\t\t<div data-particle_enable=\"false\" data-particle-mobile-disabled=\"false\" class=\"elementor-element elementor-element-8804bc3 e-flex e-con-boxed e-con e-parent\" data-id=\"8804bc3\" data-element_type=\"container\" data-e-type=\"container\">\n\t\t\t\t\t<div class=\"e-con-inner\">\n\t\t\t\t<div class=\"elementor-element elementor-element-07312e2 elementor-widget elementor-widget-heading\" data-id=\"07312e2\" data-element_type=\"widget\" data-e-type=\"widget\" data-widget_type=\"heading.default\">\n\t\t\t\t\t<h3 class=\"elementor-heading-title elementor-size-default\">5.\tEspecies de peces end\u00e9micos<\/h3>\t\t\t\t<\/div>\n\t\t\t\t\t<\/div>\n\t\t\t\t<\/div>\n\t\t<div data-particle_enable=\"false\" data-particle-mobile-disabled=\"false\" class=\"elementor-element elementor-element-a196e85 e-flex e-con-boxed e-con e-parent\" data-id=\"a196e85\" data-element_type=\"container\" data-e-type=\"container\">\n\t\t\t\t\t<div class=\"e-con-inner\">\n\t\t\t\t<div class=\"elementor-element elementor-element-2dd4571 elementor-widget elementor-widget-text-editor\" data-id=\"2dd4571\" data-element_type=\"widget\" data-e-type=\"widget\" data-widget_type=\"text-editor.default\">\n\t\t\t\t\t\t\t\t\t<p>Las aguas de la laguna tambi\u00e9n son hogar de varias especies de peces, algunas de ellas end\u00e9micas de la regi\u00f3n. Los pescadores locales practican la pesca artesanal de manera sostenible, utilizando t\u00e9cnicas tradicionales que se han transmitido de generaci\u00f3n en generaci\u00f3n.<\/p>\t\t\t\t\t\t\t\t<\/div>\n\t\t\t\t\t<\/div>\n\t\t\t\t<\/div>\n\t\t<div data-particle_enable=\"false\" data-particle-mobile-disabled=\"false\" class=\"elementor-element elementor-element-9ce5942 e-flex e-con-boxed e-con e-parent\" data-id=\"9ce5942\" data-element_type=\"container\" data-e-type=\"container\">\n\t\t\t\t\t<div class=\"e-con-inner\">\n\t\t\t\t<div class=\"elementor-element elementor-element-90bae44 elementor-widget elementor-widget-heading\" data-id=\"90bae44\" data-element_type=\"widget\" data-e-type=\"widget\" data-widget_type=\"heading.default\">\n\t\t\t\t\t<h3 class=\"elementor-heading-title elementor-size-default\">6.\tConexi\u00f3n con otras lagunas del parque<\/h3>\t\t\t\t<\/div>\n\t\t\t\t\t<\/div>\n\t\t\t\t<\/div>\n\t\t<div data-particle_enable=\"false\" data-particle-mobile-disabled=\"false\" class=\"elementor-element elementor-element-00eb221 e-flex e-con-boxed e-con e-parent\" data-id=\"00eb221\" data-element_type=\"container\" data-e-type=\"container\">\n\t\t\t\t\t<div class=\"e-con-inner\">\n\t\t\t\t<div class=\"elementor-element elementor-element-05051d2 elementor-widget elementor-widget-text-editor\" data-id=\"05051d2\" data-element_type=\"widget\" data-e-type=\"widget\" data-widget_type=\"text-editor.default\">\n\t\t\t\t\t\t\t\t\t<p><a href=\"https:\/\/soymigrante.com\/revista\/category\/guate-nuestra\/pueblos-de-guatemala\/\" target=\"_blank\" rel=\"noopener\">La Laguna Yaxh\u00e1 forma parte de un sistema de cuerpos de agua en la regi\u00f3n del Parque Nacional Yaxh\u00e1-Nakum-Naranjo,<\/a> donde tambi\u00e9n se encuentran las lagunas de Sacnab y La Guitarra. Estas lagunas est\u00e1n interconectadas y juegan un papel vital en el ecosistema del parque, manteniendo la biodiversidad y sirviendo de fuente de agua para los animales locales.<\/p>\t\t\t\t\t\t\t\t<\/div>\n\t\t\t\t\t<\/div>\n\t\t\t\t<\/div>\n\t\t<div data-particle_enable=\"false\" data-particle-mobile-disabled=\"false\" class=\"elementor-element elementor-element-1209282 e-flex e-con-boxed e-con e-parent\" data-id=\"1209282\" data-element_type=\"container\" data-e-type=\"container\">\n\t\t\t\t\t<div class=\"e-con-inner\">\n\t\t\t\t<div class=\"elementor-element elementor-element-70703cc elementor-widget elementor-widget-heading\" data-id=\"70703cc\" data-element_type=\"widget\" data-e-type=\"widget\" data-widget_type=\"heading.default\">\n\t\t\t\t\t<h3 class=\"elementor-heading-title elementor-size-default\">7.\tUn destino ideal para el avistamiento de aves<\/h3>\t\t\t\t<\/div>\n\t\t\t\t\t<\/div>\n\t\t\t\t<\/div>\n\t\t<div data-particle_enable=\"false\" data-particle-mobile-disabled=\"false\" class=\"elementor-element elementor-element-a8fbc59 e-flex e-con-boxed e-con e-parent\" data-id=\"a8fbc59\" data-element_type=\"container\" data-e-type=\"container\">\n\t\t\t\t\t<div class=\"e-con-inner\">\n\t\t\t\t<div class=\"elementor-element elementor-element-9435429 elementor-widget elementor-widget-text-editor\" data-id=\"9435429\" data-element_type=\"widget\" data-e-type=\"widget\" data-widget_type=\"text-editor.default\">\n\t\t\t\t\t\t\t\t\t<p>La regi\u00f3n de la Laguna Yaxh\u00e1 es famosa por ser un para\u00edso para los observadores de aves. Con m\u00e1s de 150 especies de aves identificadas en el \u00e1rea, es un sitio ideal para avistar desde garzas y \u00e1guilas pescadoras hasta especies m\u00e1s ex\u00f3ticas como los quetzales y los motmots.<\/p>\t\t\t\t\t\t\t\t<\/div>\n\t\t\t\t\t<\/div>\n\t\t\t\t<\/div>\n\t\t<div data-particle_enable=\"false\" data-particle-mobile-disabled=\"false\" class=\"elementor-element elementor-element-4cd3a1a e-flex e-con-boxed e-con e-parent\" data-id=\"4cd3a1a\" data-element_type=\"container\" data-e-type=\"container\">\n\t\t\t\t\t<div class=\"e-con-inner\">\n\t\t\t\t<div class=\"elementor-element elementor-element-881b2ea elementor-widget elementor-widget-image\" data-id=\"881b2ea\" data-element_type=\"widget\" data-e-type=\"widget\" data-widget_type=\"image.default\">\n\t\t\t\t\t\t\t\t\t\t\t\t\t\t\t<img decoding=\"async\" width=\"1024\" height=\"576\" src=\"https:\/\/soymigrante.com\/revista\/wp-content\/uploads\/2024\/10\/laguna-Yaxha-4-1024x576.webp\" class=\"attachment-large size-large wp-image-10298\" alt=\"Especies acu\u00e1ticas y \u00e1reas verdes en un para\u00edso natural en Latinoam\u00e9rica, imagen a\u00e9rea de lagos y selvas, reflejo del impacto del cambio clim\u00e1tico en el ecosistema.\" srcset=\"https:\/\/soymigrante.com\/revista\/wp-content\/uploads\/2024\/10\/laguna-Yaxha-4-1024x576.webp 1024w, https:\/\/soymigrante.com\/revista\/wp-content\/uploads\/2024\/10\/laguna-Yaxha-4-300x169.webp 300w, https:\/\/soymigrante.com\/revista\/wp-content\/uploads\/2024\/10\/laguna-Yaxha-4-768x432.webp 768w, https:\/\/soymigrante.com\/revista\/wp-content\/uploads\/2024\/10\/laguna-Yaxha-4-750x422.webp 750w, https:\/\/soymigrante.com\/revista\/wp-content\/uploads\/2024\/10\/laguna-Yaxha-4-1140x641.webp 1140w, https:\/\/soymigrante.com\/revista\/wp-content\/uploads\/2024\/10\/laguna-Yaxha-4.webp 1280w\" sizes=\"(max-width: 1024px) 100vw, 1024px\" title=\"laguna Yaxha 4 \u2013 SoyMigrante.com REVISTA\" \/>\t\t\t\t\t\t\t\t\t\t\t\t\t\t\t<\/div>\n\t\t\t\t\t<\/div>\n\t\t\t\t<\/div>\n\t\t<div data-particle_enable=\"false\" data-particle-mobile-disabled=\"false\" class=\"elementor-element elementor-element-8992156 e-flex e-con-boxed e-con e-parent\" data-id=\"8992156\" data-element_type=\"container\" data-e-type=\"container\">\n\t\t\t\t\t<div class=\"e-con-inner\">\n\t\t\t\t<div class=\"elementor-element elementor-element-e39015f elementor-widget elementor-widget-heading\" data-id=\"e39015f\" data-element_type=\"widget\" data-e-type=\"widget\" data-widget_type=\"heading.default\">\n\t\t\t\t\t<h3 class=\"elementor-heading-title elementor-size-default\">8.\tTurismo ecol\u00f3gico en auge<\/h3>\t\t\t\t<\/div>\n\t\t\t\t\t<\/div>\n\t\t\t\t<\/div>\n\t\t<div data-particle_enable=\"false\" data-particle-mobile-disabled=\"false\" class=\"elementor-element elementor-element-2dc4d6d e-flex e-con-boxed e-con e-parent\" data-id=\"2dc4d6d\" data-element_type=\"container\" data-e-type=\"container\">\n\t\t\t\t\t<div class=\"e-con-inner\">\n\t\t\t\t<div class=\"elementor-element elementor-element-2f6825c elementor-widget elementor-widget-text-editor\" data-id=\"2f6825c\" data-element_type=\"widget\" data-e-type=\"widget\" data-widget_type=\"text-editor.default\">\n\t\t\t\t\t\t\t\t\t<p>La Laguna Yaxh\u00e1 se ha convertido en un destino cada vez m\u00e1s popular para el turismo ecol\u00f3gico. Las actividades que se pueden realizar incluyen paseos en kayak, caminatas por la selva y visitas a las ruinas mayas. Adem\u00e1s, varios ecolodges han sido construidos en la zona, promoviendo un turismo sostenible que respeta el entorno natural.<\/p>\t\t\t\t\t\t\t\t<\/div>\n\t\t\t\t\t<\/div>\n\t\t\t\t<\/div>\n\t\t<div data-particle_enable=\"false\" data-particle-mobile-disabled=\"false\" class=\"elementor-element elementor-element-f4b985e e-flex e-con-boxed e-con e-parent\" data-id=\"f4b985e\" data-element_type=\"container\" data-e-type=\"container\">\n\t\t\t\t\t<div class=\"e-con-inner\">\n\t\t\t\t<div class=\"elementor-element elementor-element-39c9b5c elementor-widget elementor-widget-heading\" data-id=\"39c9b5c\" data-element_type=\"widget\" data-e-type=\"widget\" data-widget_type=\"heading.default\">\n\t\t\t\t\t<h3 class=\"elementor-heading-title elementor-size-default\">9.\tPreservaci\u00f3n de la laguna y el parque<\/h3>\t\t\t\t<\/div>\n\t\t\t\t\t<\/div>\n\t\t\t\t<\/div>\n\t\t<div data-particle_enable=\"false\" data-particle-mobile-disabled=\"false\" class=\"elementor-element elementor-element-df21082 e-flex e-con-boxed e-con e-parent\" data-id=\"df21082\" data-element_type=\"container\" data-e-type=\"container\">\n\t\t\t\t\t<div class=\"e-con-inner\">\n\t\t\t\t<div class=\"elementor-element elementor-element-1032a1e elementor-widget elementor-widget-text-editor\" data-id=\"1032a1e\" data-element_type=\"widget\" data-e-type=\"widget\" data-widget_type=\"text-editor.default\">\n\t\t\t\t\t\t\t\t\t<p><a href=\"https:\/\/soymigrante.com\/revista\/category\/guate-nuestra\/pueblos-de-guatemala\/\" target=\"_blank\" rel=\"noopener\">Debido a su importancia ecol\u00f3gica y arqueol\u00f3gica, la laguna y el Parque Nacional Yaxh\u00e1-Nakum-Naranjo est\u00e1n bajo protecci\u00f3n gubernamental.<\/a> Esta \u00e1rea es clave para la conservaci\u00f3n de varias especies en peligro y para la preservaci\u00f3n del patrimonio cultural maya. Las autoridades locales trabajan junto con organizaciones internacionales para mantener el equilibrio entre la conservaci\u00f3n y el desarrollo tur\u00edstico.<\/p>\t\t\t\t\t\t\t\t<\/div>\n\t\t\t\t\t<\/div>\n\t\t\t\t<\/div>\n\t\t<div data-particle_enable=\"false\" data-particle-mobile-disabled=\"false\" class=\"elementor-element elementor-element-dbcb651 e-flex e-con-boxed e-con e-parent\" data-id=\"dbcb651\" data-element_type=\"container\" data-e-type=\"container\">\n\t\t\t\t\t<div class=\"e-con-inner\">\n\t\t\t\t<div class=\"elementor-element elementor-element-356b900 elementor-widget elementor-widget-image\" data-id=\"356b900\" data-element_type=\"widget\" data-e-type=\"widget\" data-widget_type=\"image.default\">\n\t\t\t\t\t\t\t\t\t\t\t\t\t\t\t<img decoding=\"async\" width=\"1024\" height=\"647\" src=\"https:\/\/soymigrante.com\/revista\/wp-content\/uploads\/2024\/10\/Laguna-Yaxha-2-1024x647.webp\" class=\"attachment-large size-large wp-image-10299\" alt=\"Paisaje natural con r\u00edo, \u00e1rboles y vegetaci\u00f3n en un entorno tranquilo, resaltando belleza del medio ambiente y aspectos ecol\u00f3gicos en el contexto de la Revista SoyMigrante.com.\" srcset=\"https:\/\/soymigrante.com\/revista\/wp-content\/uploads\/2024\/10\/Laguna-Yaxha-2-1024x647.webp 1024w, https:\/\/soymigrante.com\/revista\/wp-content\/uploads\/2024\/10\/Laguna-Yaxha-2-300x189.webp 300w, https:\/\/soymigrante.com\/revista\/wp-content\/uploads\/2024\/10\/Laguna-Yaxha-2-768x485.webp 768w, https:\/\/soymigrante.com\/revista\/wp-content\/uploads\/2024\/10\/Laguna-Yaxha-2-1536x970.webp 1536w, https:\/\/soymigrante.com\/revista\/wp-content\/uploads\/2024\/10\/Laguna-Yaxha-2-750x474.webp 750w, https:\/\/soymigrante.com\/revista\/wp-content\/uploads\/2024\/10\/Laguna-Yaxha-2-1140x720.webp 1140w, https:\/\/soymigrante.com\/revista\/wp-content\/uploads\/2024\/10\/Laguna-Yaxha-2.webp 1920w\" sizes=\"(max-width: 1024px) 100vw, 1024px\" title=\"10 datos de la Laguna Yaxh\u00e1 que quiz\u00e1s no conoc\u00edas \u2013 SoyMigrante.com REVISTA\" \/>\t\t\t\t\t\t\t\t\t\t\t\t\t\t\t<\/div>\n\t\t\t\t\t<\/div>\n\t\t\t\t<\/div>\n\t\t<div data-particle_enable=\"false\" data-particle-mobile-disabled=\"false\" class=\"elementor-element elementor-element-963f7ab e-flex e-con-boxed e-con e-parent\" data-id=\"963f7ab\" data-element_type=\"container\" data-e-type=\"container\">\n\t\t\t\t\t<div class=\"e-con-inner\">\n\t\t\t\t<div class=\"elementor-element elementor-element-5aa373b elementor-widget elementor-widget-heading\" data-id=\"5aa373b\" data-element_type=\"widget\" data-e-type=\"widget\" data-widget_type=\"heading.default\">\n\t\t\t\t\t<h3 class=\"elementor-heading-title elementor-size-default\">10.\tClima tropical y belleza esc\u00e9nica<\/h3>\t\t\t\t<\/div>\n\t\t\t\t\t<\/div>\n\t\t\t\t<\/div>\n\t\t<div data-particle_enable=\"false\" data-particle-mobile-disabled=\"false\" class=\"elementor-element elementor-element-b4168af e-flex e-con-boxed e-con e-parent\" data-id=\"b4168af\" data-element_type=\"container\" data-e-type=\"container\">\n\t\t\t\t\t<div class=\"e-con-inner\">\n\t\t\t\t<div class=\"elementor-element elementor-element-9c8b5ee elementor-widget elementor-widget-text-editor\" data-id=\"9c8b5ee\" data-element_type=\"widget\" data-e-type=\"widget\" data-widget_type=\"text-editor.default\">\n\t\t\t\t\t\t\t\t\t<p>La Laguna Yaxh\u00e1 est\u00e1 rodeada de un paisaje de selva tropical exuberante. El clima en la regi\u00f3n es c\u00e1lido y h\u00famedo durante todo el a\u00f1o, lo que favorece la presencia de una vegetaci\u00f3n densa y una vida silvestre rica. La laguna en s\u00ed ofrece una vista impresionante, con aguas tranquilas y cristalinas que reflejan la vegetaci\u00f3n circundante.<\/p>\t\t\t\t\t\t\t\t<\/div>\n\t\t\t\t\t<\/div>\n\t\t\t\t<\/div>\n\t\t<div data-particle_enable=\"false\" data-particle-mobile-disabled=\"false\" class=\"elementor-element elementor-element-78cfa6b e-flex e-con-boxed e-con e-parent\" data-id=\"78cfa6b\" data-element_type=\"container\" data-e-type=\"container\">\n\t\t\t\t\t<div class=\"e-con-inner\">\n\t\t\t\t<div class=\"elementor-element elementor-element-4fca4d2 elementor-widget elementor-widget-video\" data-id=\"4fca4d2\" data-element_type=\"widget\" data-e-type=\"widget\" data-settings=\"{&quot;youtube_url&quot;:&quot;https:\\\/\\\/www.youtube.com\\\/watch?v=dKOyacwNokg&quot;,&quot;video_type&quot;:&quot;youtube&quot;,&quot;controls&quot;:&quot;yes&quot;}\" data-widget_type=\"video.default\">\n\t\t\t\t\t\t\t<div class=\"elementor-wrapper elementor-open-inline\">\n\t\t\t<div class=\"elementor-video\"><\/div>\t\t<\/div>\n\t\t\t\t\t\t<\/div>\n\t\t\t\t\t<\/div>\n\t\t\t\t<\/div>\n\t\t<div data-particle_enable=\"false\" data-particle-mobile-disabled=\"false\" class=\"elementor-element elementor-element-4fcafaf e-flex e-con-boxed e-con e-parent\" data-id=\"4fcafaf\" data-element_type=\"container\" data-e-type=\"container\">\n\t\t\t\t\t<div class=\"e-con-inner\">\n\t\t\t\t<div class=\"elementor-element elementor-element-78f9ccf elementor-widget elementor-widget-heading\" data-id=\"78f9ccf\" data-element_type=\"widget\" data-e-type=\"widget\" data-widget_type=\"heading.default\">\n\t\t\t\t\t<h2 class=\"elementor-heading-title elementor-size-default\">Te puede interesar...<\/h2>\t\t\t\t<\/div>\n\t\t\t\t\t<\/div>\n\t\t\t\t<\/div>\n\t\t<div data-particle_enable=\"false\" data-particle-mobile-disabled=\"false\" class=\"elementor-element elementor-element-2099c42 e-flex e-con-boxed e-con e-parent\" data-id=\"2099c42\" data-element_type=\"container\" data-e-type=\"container\">\n\t\t\t\t\t<div class=\"e-con-inner\">\n\t\t\t\t<div class=\"elementor-element elementor-element-f403b75 elementor-widget elementor-widget-blfe-post-grid\" data-id=\"f403b75\" data-element_type=\"widget\" data-e-type=\"widget\" data-settings=\"{&quot;columns&quot;:&quot;3&quot;,&quot;columns_tablet&quot;:&quot;6&quot;,&quot;columns_mobile&quot;:&quot;12&quot;,&quot;hero1_layout_column_gap&quot;:{&quot;unit&quot;:&quot;px&quot;,&quot;size&quot;:30,&quot;sizes&quot;:[]},&quot;hero1_layout_column_gap_tablet&quot;:{&quot;unit&quot;:&quot;px&quot;,&quot;size&quot;:&quot;&quot;,&quot;sizes&quot;:[]},&quot;hero1_layout_column_gap_mobile&quot;:{&quot;unit&quot;:&quot;px&quot;,&quot;size&quot;:&quot;&quot;,&quot;sizes&quot;:[]},&quot;hero1_layout_row_gap&quot;:{&quot;unit&quot;:&quot;px&quot;,&quot;size&quot;:30,&quot;sizes&quot;:[]},&quot;hero1_layout_row_gap_tablet&quot;:{&quot;unit&quot;:&quot;px&quot;,&quot;size&quot;:&quot;&quot;,&quot;sizes&quot;:[]},&quot;hero1_layout_row_gap_mobile&quot;:{&quot;unit&quot;:&quot;px&quot;,&quot;size&quot;:&quot;&quot;,&quot;sizes&quot;:[]}}\" data-widget_type=\"blfe-post-grid.hero1\">\n\t\t\t\t<div class=\"elementor-widget-container\">\n\t\t\t\t\t\n                        <div class=\"blfe-post-grid-container \">\n            \n                <div data-skin=\"hero1\" class=\"blfe-row blfe-posts-inner blfe-hero1 blfe-posts-inner blfe-col-3 blfe-col-tab-6 blfe-col-mob-12     \">\n                            <div class=\"blfe-post-grid-item\">\n            <div class=\"blfe-post-grid-item-inner blfe-modern-zoom\">\n                        <div class=\"blfe-post-grid-bg-image\">\n            <a class=\"blfe-post-grid-image-inner\" href=\"https:\/\/soymigrante.com\/revista\/mira-arte-guatemalteco-elmar-rojas-exploro-mundos-alternos-y-misticos\/\" title=\"Mira arte guatemalteco: Elmar Ren\u00e9 Rojas explor\u00f3 mundos alternos y m\u00edsticos\" rel=\"nofollow\" target=\"_blank\"><img decoding=\"async\" src=\"https:\/\/soymigrante.com\/revista\/wp-content\/uploads\/2025\/09\/elmar-rojas-artista-guatemalteco-1.jpg\" alt=\"Mira arte guatemalteco: Elmar Ren\u00e9 Rojas explor\u00f3 mundos alternos y m\u00edsticos\"\/><\/a>        <\/div>\n                        <div class=\"blfe-post-grid-details\">\n                    <div class=\"blfe-post-grid-details-inner\">\n                        <span class=\"blfe-post-category\"><a href=\"https:\/\/soymigrante.com\/revista\/category\/guate-nuestra\/arte-cultura\/\">Cultura de Guatemala<\/a><\/span>                        <h3 class=\"blfe-post-grid-title\">\n            <a href=\"https:\/\/soymigrante.com\/revista\/mira-arte-guatemalteco-elmar-rojas-exploro-mundos-alternos-y-misticos\/\" title=\"Mira arte guatemalteco: Elmar Ren\u00e9 Rojas explor\u00f3 mundos alternos y m\u00edsticos\" rel=\"nofollow\" target=\"_blank\">Mira arte guatemalteco: Elmar Ren\u00e9 Rojas explor\u00f3 mundos alternos y m\u00edsticos<\/a>\n            <\/h3>                                                            <div class=\"blfe-post-grid-meta\">\n                <span class=\"blfe-post-grid-time\"><i class=\"fas fa-book-reader\"><\/i>4 Min read<\/span>            <\/div>\n                                                        <\/div>\n                <\/div>\n\n            <\/div>\n        <\/div>\n                <div class=\"blfe-post-grid-item\">\n            <div class=\"blfe-post-grid-item-inner blfe-modern-zoom\">\n                        <div class=\"blfe-post-grid-bg-image\">\n            <a class=\"blfe-post-grid-image-inner\" href=\"https:\/\/soymigrante.com\/revista\/unam-lanza-ukux-ixim-videojuego-para-preservar-la-lengua-kiche\/\" title=\"UNAM lanza videojuego Uk\u2019ux Ixim para preservar el idioma maya k\u2019iche\u2019\" rel=\"nofollow\" target=\"_blank\"><img decoding=\"async\" src=\"https:\/\/soymigrante.com\/revista\/wp-content\/uploads\/2025\/07\/videojuego-preservar-idioma.webp\" alt=\"UNAM lanza videojuego Uk\u2019ux Ixim para preservar el idioma maya k\u2019iche\u2019\"\/><\/a>        <\/div>\n                        <div class=\"blfe-post-grid-details\">\n                    <div class=\"blfe-post-grid-details-inner\">\n                        <span class=\"blfe-post-category\"><a href=\"https:\/\/soymigrante.com\/revista\/category\/guate-nuestra\/\">Guate Nuestra<\/a><\/span>                        <h3 class=\"blfe-post-grid-title\">\n            <a href=\"https:\/\/soymigrante.com\/revista\/unam-lanza-ukux-ixim-videojuego-para-preservar-la-lengua-kiche\/\" title=\"UNAM lanza videojuego Uk\u2019ux Ixim para preservar el idioma maya k\u2019iche\u2019\" rel=\"nofollow\" target=\"_blank\">UNAM lanza videojuego Uk\u2019ux Ixim para preservar el idioma maya k\u2019iche\u2019<\/a>\n            <\/h3>                                                            <div class=\"blfe-post-grid-meta\">\n                <span class=\"blfe-post-grid-time\"><i class=\"fas fa-book-reader\"><\/i>3 Min read<\/span>            <\/div>\n                                                        <\/div>\n                <\/div>\n\n            <\/div>\n        <\/div>\n                <div class=\"blfe-post-grid-item\">\n            <div class=\"blfe-post-grid-item-inner blfe-modern-zoom\">\n                        <div class=\"blfe-post-grid-bg-image\">\n            <a class=\"blfe-post-grid-image-inner\" href=\"https:\/\/soymigrante.com\/revista\/que-procesion-sale-en-cada-domingo-de-cuaresma-en-la-antigua-guatemala-2026\/\" title=\"\u00bfQu\u00e9 procesion sale en cada domingo de cuaresma en La Antigua Guatemala 2026?\" rel=\"nofollow\" target=\"_blank\"><img decoding=\"async\" src=\"https:\/\/soymigrante.com\/revista\/wp-content\/uploads\/2026\/01\/486611529_1046679814150401_883870928885025028_n.jpg\" alt=\"\u00bfQu\u00e9 procesion sale en cada domingo de cuaresma en La Antigua Guatemala 2026?\"\/><\/a>        <\/div>\n                        <div class=\"blfe-post-grid-details\">\n                    <div class=\"blfe-post-grid-details-inner\">\n                        <span class=\"blfe-post-category\"><a href=\"https:\/\/soymigrante.com\/revista\/category\/guate-nuestra\/arte-cultura\/\">Cultura de Guatemala<\/a><\/span>                        <h3 class=\"blfe-post-grid-title\">\n            <a href=\"https:\/\/soymigrante.com\/revista\/que-procesion-sale-en-cada-domingo-de-cuaresma-en-la-antigua-guatemala-2026\/\" title=\"\u00bfQu\u00e9 procesion sale en cada domingo de cuaresma en La Antigua Guatemala 2026?\" rel=\"nofollow\" target=\"_blank\">\u00bfQu\u00e9 procesion sale en cada domingo de cuaresma en La Antigua Guatemala 2026?<\/a>\n            <\/h3>                                                            <div class=\"blfe-post-grid-meta\">\n                <span class=\"blfe-post-grid-time\"><i class=\"fas fa-book-reader\"><\/i>3 Min read<\/span>            <\/div>\n                                                        <\/div>\n                <\/div>\n\n            <\/div>\n        <\/div>\n                        <\/div>\n\n                        <\/div>\n            \n                        <div class=\"blfe-post-footer\">\n                        <\/div>\n            \t\t\t\t<\/div>\n\t\t\t\t<\/div>\n\t\t\t\t\t<\/div>\n\t\t\t\t<\/div>\n\t\t\t\t<\/div>\n\t\t","protected":false},"excerpt":{"rendered":"<p>La Laguna Yaxh\u00e1, es una de las joyas ocultas de Guatemala. Ubicada en la regi\u00f3n del Pet\u00e9n, esta laguna es una maravilla natural. La Laguna de Yaxh\u00e1 es un tesoro natural escondido en el coraz\u00f3n de Pet\u00e9n. Con su rica biodiversidad, conexi\u00f3n con la cultura maya y su importancia para la conservaci\u00f3n, este cuerpo de [&hellip;]<\/p>\n","protected":false},"author":1,"featured_media":10290,"comment_status":"open","ping_status":"open","sticky":false,"template":"","format":"standard","meta":{"_acf_changed":false,"_eb_attr":"","footnotes":""},"categories":[58],"tags":[],"class_list":["post-10289","post","type-post","status-publish","format-standard","has-post-thumbnail","hentry","category-guate-nuestra"],"acf":[],"aioseo_notices":[],"aioseo_head":"\n\t\t<!-- All in One SEO Pro 4.9.6.2 - aioseo.com -->\n\t<meta name=\"description\" content=\"Los domingos de Cuaresma convierten a Antigua Guatemala en la Jerusal\u00e9n de Am\u00e9rica. \u00bfQu\u00e9 cortejos salen, en qu\u00e9 fecha y de qu\u00e9 templos antig\u00fce\u00f1os este 2026?\" \/>\n\t<meta name=\"robots\" content=\"max-snippet:-1, max-image-preview:large, max-video-preview:-1\" \/>\n\t<meta name=\"author\" content=\"SoyMigrante.com REVISTA\"\/>\n\t<link rel=\"canonical\" href=\"https:\/\/soymigrante.com\/revista\/que-procesion-sale-en-cada-domingo-de-cuaresma-en-la-antigua-guatemala-2026\/\" \/>\n\t<meta name=\"generator\" content=\"All in One SEO Pro (AIOSEO) 4.9.6.2\" \/>\n\n\t\t<link rel=\"preconnect\" href=\"https:\/\/fonts.googleapis.com\" crossorigin>\n<link rel=\"preconnect\" href=\"https:\/\/fonts.gstatic.com\" crossorigin>\n\t\t<meta property=\"og:locale\" content=\"es_ES\" \/>\n\t\t<meta property=\"og:site_name\" content=\"SoyMigrante.com REVISTA \u2013 Nuestra misi\u00f3n es reconocer y dignificar al migrante.\" \/>\n\t\t<meta property=\"og:type\" content=\"article\" \/>\n\t\t<meta property=\"og:title\" content=\"Procesiones en Antigua Guatemala: domingos de Cuaresma 2026\" \/>\n\t\t<meta property=\"og:description\" content=\"Los domingos de Cuaresma convierten a Antigua Guatemala en la Jerusal\u00e9n de Am\u00e9rica. \u00bfQu\u00e9 cortejos salen, en qu\u00e9 fecha y de qu\u00e9 templos antig\u00fce\u00f1os este 2026?\" \/>\n\t\t<meta property=\"og:url\" content=\"https:\/\/soymigrante.com\/revista\/que-procesion-sale-en-cada-domingo-de-cuaresma-en-la-antigua-guatemala-2026\/\" \/>\n\t\t<meta property=\"og:image\" content=\"https:\/\/soymigrante.com\/revista\/wp-content\/uploads\/2026\/01\/486611529_1046679814150401_883870928885025028_n.jpg\" \/>\n\t\t<meta property=\"og:image:secure_url\" content=\"https:\/\/soymigrante.com\/revista\/wp-content\/uploads\/2026\/01\/486611529_1046679814150401_883870928885025028_n.jpg\" \/>\n\t\t<meta property=\"og:image:width\" content=\"588\" \/>\n\t\t<meta property=\"og:image:height\" content=\"588\" \/>\n\t\t<meta property=\"article:published_time\" content=\"2026-01-22T20:30:38+00:00\" \/>\n\t\t<meta property=\"article:modified_time\" content=\"2026-01-22T20:30:48+00:00\" \/>\n\t\t<meta property=\"article:publisher\" content=\"https:\/\/www.facebook.com\/soymigrantecom\" \/>\n\t\t<meta name=\"twitter:card\" content=\"summary_large_image\" \/>\n\t\t<meta name=\"twitter:site\" content=\"@SoyMigrante_com\" \/>\n\t\t<meta name=\"twitter:title\" content=\"Procesiones en Antigua Guatemala: domingos de Cuaresma 2026\" \/>\n\t\t<meta name=\"twitter:description\" content=\"Los domingos de Cuaresma convierten a Antigua Guatemala en la Jerusal\u00e9n de Am\u00e9rica. \u00bfQu\u00e9 cortejos salen, en qu\u00e9 fecha y de qu\u00e9 templos antig\u00fce\u00f1os este 2026?\" \/>\n\t\t<meta name=\"twitter:creator\" content=\"@SoyMigrante_com\" \/>\n\t\t<meta name=\"twitter:image\" content=\"https:\/\/soymigrante.com\/revista\/wp-content\/uploads\/2026\/01\/486611529_1046679814150401_883870928885025028_n.jpg\" \/>\n\t\t<!-- All in One SEO Pro -->\r\n\t\t<title>Procesiones en Antigua Guatemala: domingos de Cuaresma 2026<\/title>\n\n","aioseo_head_json":{"title":"Procesiones en Antigua Guatemala: domingos de Cuaresma 2026","description":"Los domingos de Cuaresma convierten a Antigua Guatemala en la Jerusal\u00e9n de Am\u00e9rica. \u00bfQu\u00e9 cortejos salen, en qu\u00e9 fecha y de qu\u00e9 templos antig\u00fce\u00f1os este 2026?","canonical_url":"https:\/\/soymigrante.com\/revista\/que-procesion-sale-en-cada-domingo-de-cuaresma-en-la-antigua-guatemala-2026\/","robots":"max-snippet:-1, max-image-preview:large, max-video-preview:-1","keywords":"","webmasterTools":{"miscellaneous":"&lt;link rel=\"preconnect\" href=\"https:\/\/fonts.googleapis.com\" crossorigin&gt;\n&lt;link rel=\"preconnect\" href=\"https:\/\/fonts.gstatic.com\" crossorigin&gt;"},"schema":null,"og:locale":"es_ES","og:site_name":"SoyMigrante.com REVISTA \u2013 Nuestra misi\u00f3n es reconocer y dignificar al migrante.","og:type":"article","og:title":"Procesiones en Antigua Guatemala: domingos de Cuaresma 2026","og:description":"Los domingos de Cuaresma convierten a Antigua Guatemala en la Jerusal\u00e9n de Am\u00e9rica. \u00bfQu\u00e9 cortejos salen, en qu\u00e9 fecha y de qu\u00e9 templos antig\u00fce\u00f1os este 2026?","og:url":"https:\/\/soymigrante.com\/revista\/que-procesion-sale-en-cada-domingo-de-cuaresma-en-la-antigua-guatemala-2026\/","og:image":"https:\/\/soymigrante.com\/revista\/wp-content\/uploads\/2026\/01\/486611529_1046679814150401_883870928885025028_n.jpg","og:image:secure_url":"https:\/\/soymigrante.com\/revista\/wp-content\/uploads\/2026\/01\/486611529_1046679814150401_883870928885025028_n.jpg","og:image:width":588,"og:image:height":588,"article:published_time":"2026-01-22T20:30:38+00:00","article:modified_time":"2026-01-22T20:30:48+00:00","article:publisher":"https:\/\/www.facebook.com\/soymigrantecom","twitter:card":"summary_large_image","twitter:site":"@SoyMigrante_com","twitter:title":"Procesiones en Antigua Guatemala: domingos de Cuaresma 2026","twitter:description":"Los domingos de Cuaresma convierten a Antigua Guatemala en la Jerusal\u00e9n de Am\u00e9rica. \u00bfQu\u00e9 cortejos salen, en qu\u00e9 fecha y de qu\u00e9 templos antig\u00fce\u00f1os este 2026?","twitter:creator":"@SoyMigrante_com","twitter:image":"https:\/\/soymigrante.com\/revista\/wp-content\/uploads\/2026\/01\/486611529_1046679814150401_883870928885025028_n.jpg"},"aioseo_meta_data":{"post_id":"10289","title":null,"description":"La Laguna Yaxh\u00e1, es una de las joyas ocultas de Guatemala. Ubicada en la regi\u00f3n del Pet\u00e9n, esta laguna es una maravilla natural.","keywords":null,"keyphrases":{"focus":{"keyphrase":"laguna","score":78,"analysis":{"keyphraseInTitle":{"score":9,"maxScore":9,"error":0},"keyphraseInDescription":{"score":9,"maxScore":9,"error":0},"keyphraseLength":{"score":9,"maxScore":9,"error":0,"length":1},"keyphraseInURL":{"score":5,"maxScore":5,"error":0},"keyphraseInIntroduction":{"score":9,"maxScore":9,"error":0},"keyphraseInSubHeadings":{"score":3,"maxScore":9,"error":1},"keyphraseInImageAlt":{"score":9,"maxScore":9,"error":0},"keywordDensity":{"type":"high","score":0,"maxScore":9,"error":1}}},"additional":[{"keyphrase":"laguna","score":80,"analysis":{"keyphraseInDescription":{"score":9,"maxScore":9,"error":0},"keyphraseLength":{"score":9,"maxScore":9,"error":0,"length":1},"keyphraseInIntroduction":{"score":9,"maxScore":9,"error":0},"keyphraseInImageAlt":{"score":9,"maxScore":9,"error":0},"keywordDensity":{"type":"high","score":0,"maxScore":9,"error":1}}},{"keyphrase":"Yaxha","score":40,"analysis":{"keyphraseInDescription":{"score":3,"maxScore":9,"error":1},"keyphraseLength":{"score":9,"maxScore":9,"error":0,"length":1},"keyphraseInIntroduction":{"score":3,"maxScore":9,"error":1},"keyphraseInImageAlt":{"score":3,"maxScore":9,"error":1},"keywordDensity":{"score":0,"type":"low","maxScore":9,"error":1}}}]},"primary_term":null,"canonical_url":null,"og_title":null,"og_description":null,"og_object_type":"default","og_image_type":"default","og_image_url":null,"og_image_width":null,"og_image_height":null,"og_image_custom_url":null,"og_image_custom_fields":null,"og_video":"","og_custom_url":null,"og_article_section":null,"og_article_tags":null,"twitter_use_og":false,"twitter_card":"default","twitter_image_type":"default","twitter_image_url":null,"twitter_image_custom_url":null,"twitter_image_custom_fields":null,"twitter_title":null,"twitter_description":null,"schema":{"blockGraphs":[],"customGraphs":[],"default":{"data":{"Article":[],"Course":[],"Dataset":[],"FAQPage":[],"Movie":[],"Person":[],"Product":[],"ProductReview":[],"Car":[],"Recipe":[],"Service":[],"SoftwareApplication":[],"WebPage":[]},"graphName":"NewsArticle","isEnabled":true},"graphs":[]},"schema_type":"default","schema_type_options":null,"pillar_content":false,"robots_default":true,"robots_noindex":false,"robots_noarchive":false,"robots_nosnippet":false,"robots_nofollow":false,"robots_noimageindex":false,"robots_noodp":false,"robots_notranslate":false,"robots_max_snippet":"-1","robots_max_videopreview":"-1","robots_max_imagepreview":"large","priority":null,"frequency":"default","local_seo":null,"seo_analyzer_scan_date":null,"breadcrumb_settings":null,"limit_modified_date":false,"reviewed_by":"0","open_ai":"{\"title\":{\"suggestions\":[],\"usage\":0},\"description\":{\"suggestions\":[],\"usage\":0}}","ai":{"faqs":[],"keyPoints":[],"titles":[],"descriptions":[],"socialPosts":{"email":[],"linkedin":[],"twitter":[],"facebook":[],"instagram":[]}},"created":"2024-10-11 16:56:30","updated":"2026-04-12 13:31:35"},"aioseo_breadcrumb":"<div class=\"aioseo-breadcrumbs\"><span class=\"aioseo-breadcrumb\">\n\t<a href=\"https:\/\/soymigrante.com\/revista\" title=\"Home\">Home<\/a>\n<\/span><span class=\"aioseo-breadcrumb-separator\">\u00bb<\/span><span class=\"aioseo-breadcrumb\">\n\t<a href=\"https:\/\/soymigrante.com\/revista\/category\/guate-nuestra\/\" title=\"Guate Nuestra\">Guate Nuestra<\/a>\n<\/span><span class=\"aioseo-breadcrumb-separator\">\u00bb<\/span><span class=\"aioseo-breadcrumb\">\n\t10 datos de la admirada Laguna Yaxh\u00e1 en Pet\u00e9n que quiz\u00e1s ya conoc\u00edas\u2026 (O tal vez no)\n<\/span><\/div>","aioseo_breadcrumb_json":[{"label":"Home","link":"https:\/\/soymigrante.com\/revista"},{"label":"Guate Nuestra","link":"https:\/\/soymigrante.com\/revista\/category\/guate-nuestra\/"},{"label":"10 datos de la admirada Laguna Yaxh\u00e1 en Pet\u00e9n que quiz\u00e1s ya conoc\u00edas&#8230; (O tal vez no)","link":"https:\/\/soymigrante.com\/revista\/10-datos-de-la-laguna-yaxha-que-quizas-no-conocias\/"}],"_links":{"self":[{"href":"https:\/\/soymigrante.com\/revista\/wp-json\/wp\/v2\/posts\/10289","targetHints":{"allow":["GET"]}}],"collection":[{"href":"https:\/\/soymigrante.com\/revista\/wp-json\/wp\/v2\/posts"}],"about":[{"href":"https:\/\/soymigrante.com\/revista\/wp-json\/wp\/v2\/types\/post"}],"author":[{"embeddable":true,"href":"https:\/\/soymigrante.com\/revista\/wp-json\/wp\/v2\/users\/1"}],"replies":[{"embeddable":true,"href":"https:\/\/soymigrante.com\/revista\/wp-json\/wp\/v2\/comments?post=10289"}],"version-history":[{"count":2,"href":"https:\/\/soymigrante.com\/revista\/wp-json\/wp\/v2\/posts\/10289\/revisions"}],"predecessor-version":[{"id":54879,"href":"https:\/\/soymigrante.com\/revista\/wp-json\/wp\/v2\/posts\/10289\/revisions\/54879"}],"wp:featuredmedia":[{"embeddable":true,"href":"https:\/\/soymigrante.com\/revista\/wp-json\/wp\/v2\/media\/10290"}],"wp:attachment":[{"href":"https:\/\/soymigrante.com\/revista\/wp-json\/wp\/v2\/media?parent=10289"}],"wp:term":[{"taxonomy":"category","embeddable":true,"href":"https:\/\/soymigrante.com\/revista\/wp-json\/wp\/v2\/categories?post=10289"},{"taxonomy":"post_tag","embeddable":true,"href":"https:\/\/soymigrante.com\/revista\/wp-json\/wp\/v2\/tags?post=10289"}],"curies":[{"name":"wp","href":"https:\/\/api.w.org\/{rel}","templated":true}]}}