{"id":10287,"date":"2024-10-11T10:39:54","date_gmt":"2024-10-11T16:39:54","guid":{"rendered":"https:\/\/soymigrante.com\/revista\/?p=10287"},"modified":"2024-10-11T11:08:01","modified_gmt":"2024-10-11T17:08:01","slug":"pueblos-de-guatemala","status":"publish","type":"post","link":"https:\/\/soymigrante.com\/revista\/pueblos-de-guatemala\/","title":{"rendered":"12 de octubre: D\u00eda de respeto y  encuentro de todos los Pueblos dentro y fuera de Guatemala"},"content":{"rendered":"\t\t<div data-elementor-type=\"wp-post\" data-elementor-id=\"10287\" class=\"elementor elementor-10287\" data-elementor-post-type=\"post\">\n\t\t\t\t<div data-particle_enable=\"false\" data-particle-mobile-disabled=\"false\" class=\"elementor-element elementor-element-a1628e0 e-flex e-con-boxed e-con e-parent\" data-id=\"a1628e0\" data-element_type=\"container\" data-e-type=\"container\">\n\t\t\t\t\t<div class=\"e-con-inner\">\n\t\t\t\t<div class=\"elementor-element elementor-element-e31bf87 elementor-widget elementor-widget-heading\" data-id=\"e31bf87\" data-element_type=\"widget\" data-e-type=\"widget\" data-widget_type=\"heading.default\">\n\t\t\t\t\t<h2 class=\"elementor-heading-title elementor-size-default\">Guatemala es crisol de identidades, coraz\u00f3n multicultural de Mesoam\u00e9rica, territorio tejido por 25 pueblos: 22 mayas, m\u00e1s gar\u00edfuna, xinca y ladinos o mestizos. Todos comparten expresiones y tradiciones diversas, pero todos unidos  por la pertenencia a la Tierra del Quetzal.<\/h2>\t\t\t\t<\/div>\n\t\t\t\t\t<\/div>\n\t\t\t\t<\/div>\n\t\t<div data-particle_enable=\"false\" data-particle-mobile-disabled=\"false\" class=\"elementor-element elementor-element-7d50a2a e-flex e-con-boxed e-con e-parent\" data-id=\"7d50a2a\" data-element_type=\"container\" data-e-type=\"container\">\n\t\t\t\t\t<div class=\"e-con-inner\">\n\t\t\t\t<div class=\"elementor-element elementor-element-0837895 elementor-widget elementor-widget-text-editor\" data-id=\"0837895\" data-element_type=\"widget\" data-e-type=\"widget\" data-widget_type=\"text-editor.default\">\n\t\t\t\t\t\t\t\t\t<p>Guatemala es como un huipil maya tejido por las manos de Dios y de la historia. su registro hist\u00f3rico <a href=\"https:\/\/soymigrante.com\/revista\/nombre-guatemala-cumple-500-anos-escrito-carta-conquistador-pedro-de-alvrado\/\">comenz\u00f3 en 1524 cuando fue nombrada por primera vez como un sitio plenamente identificado<\/a> durante el proceso de conquista o invasi\u00f3n espa\u00f1ola. Ese mismo a\u00f1o, es decir hace 500 a\u00f1os, se fund\u00f3 la primera capital de Guatemala.<\/p><p>En este territorio habitaban pueblos, entre los cuales los m\u00e1s fuertes eran los K&#8217;iche&#8217;, los Kaqchikel, los Mam y los Tz&#8217;utujil, descendientes de los mayas y que erigieron ciudades en tierras altas. En una de ellas,<a href=\"https:\/\/soymigrante.com\/revista\/en-iximche-se-fundo-la-primera-capital-de-guatemala-hace-500-anos\/\"> Iximch\u00e9, se asent\u00f3 la primera capital de Santiago de los Caballeros hace 500 a\u00f1os.<\/a><\/p><p>Ellos a su vez hab\u00edan tenido sus propias expansiones y dominios a lo largo de cientos de a\u00f1os. Tras el proceso de conquista y a pesar de numerosos condicionamientos, esos pueblos sobrevivieron, mantuvieron s\u00edmbolos de identidad, tradiciones, pr\u00e1cticas espirituales y valores.<\/p><p>A su vez, los procesos de mestizaje entre espa\u00f1oles e ind\u00edgenas, la llegada forzosa de esclavos africanos o el arribo de los Gar\u00edfuna en 1802, contribuyeron a seguir ampliando las ra\u00edces e influencias culturales guatemaltecas.<\/p><p>\u00a0<\/p>\t\t\t\t\t\t\t\t<\/div>\n\t\t\t\t\t<\/div>\n\t\t\t\t<\/div>\n\t\t<div data-particle_enable=\"false\" data-particle-mobile-disabled=\"false\" class=\"elementor-element elementor-element-a56b4ea e-flex e-con-boxed e-con e-parent\" data-id=\"a56b4ea\" data-element_type=\"container\" data-e-type=\"container\">\n\t\t\t\t\t<div class=\"e-con-inner\">\n\t\t\t\t<div class=\"elementor-element elementor-element-9e6936a elementor-grid-eael-col-1 elementor-grid-tablet-eael-col-2 elementor-grid-mobile-eael-col-1 elementor-invisible elementor-widget elementor-widget-eael-post-grid\" data-id=\"9e6936a\" data-element_type=\"widget\" data-e-type=\"widget\" data-settings=\"{&quot;eael_post_grid_columns&quot;:&quot;eael-col-1&quot;,&quot;_animation&quot;:&quot;fadeInRight&quot;,&quot;eael_post_grid_columns_tablet&quot;:&quot;eael-col-2&quot;,&quot;eael_post_grid_columns_mobile&quot;:&quot;eael-col-1&quot;}\" data-widget_type=\"eael-post-grid.default\">\n\t\t\t\t\t<div id=\"eael-post-grid-9e6936a\" class=\"eael-post-grid-container\">\n            <div class=\"eael-post-grid eael-post-appender eael-post-appender-9e6936a eael-post-grid-style-one\" data-layout-mode=\"masonry\"><article class=\"eael-grid-post  eael-post-grid-column eael-pg-post-7275 category-guate-nuestra tags-capitales-de-guatemala\" data-id=\"7275\">\n        <div class=\"eael-grid-post-holder\">\n            <div class=\"eael-grid-post-holder-inner\"><div class=\"eael-entry-media\"><div class=\"eael-entry-overlay fade-in\"><i class=\"far fa-hand-pointer\" aria-hidden=\"true\"><\/i><a href=\"https:\/\/soymigrante.com\/revista\/en-iximche-se-fundo-la-primera-capital-de-guatemala-hace-500-anos\/\"><\/a><\/div><div class=\"eael-entry-thumbnail \">\n                <img fetchpriority=\"high\" decoding=\"async\" width=\"782\" height=\"782\" src=\"https:\/\/soymigrante.com\/revista\/wp-content\/uploads\/2024\/07\/Captura-de-pantalla-2024-07-02-144947.webp\" class=\"attachment-large size-large wp-image-7277\" alt=\"Ruinas arqueol\u00f3gicas en medio de un bosque, vista a\u00e9rea, exploraci\u00f3n hist\u00f3rica y cultura ancestral, vestigios de una antigua civilizaci\u00f3n en un entorno natural.\" srcset=\"https:\/\/soymigrante.com\/revista\/wp-content\/uploads\/2024\/07\/Captura-de-pantalla-2024-07-02-144947.webp 782w, https:\/\/soymigrante.com\/revista\/wp-content\/uploads\/2024\/07\/Captura-de-pantalla-2024-07-02-144947-300x300.webp 300w, https:\/\/soymigrante.com\/revista\/wp-content\/uploads\/2024\/07\/Captura-de-pantalla-2024-07-02-144947-150x150.webp 150w, https:\/\/soymigrante.com\/revista\/wp-content\/uploads\/2024\/07\/Captura-de-pantalla-2024-07-02-144947-768x768.webp 768w, https:\/\/soymigrante.com\/revista\/wp-content\/uploads\/2024\/07\/Captura-de-pantalla-2024-07-02-144947-75x75.webp 75w, https:\/\/soymigrante.com\/revista\/wp-content\/uploads\/2024\/07\/Captura-de-pantalla-2024-07-02-144947-750x750.webp 750w\" sizes=\"(max-width: 782px) 100vw, 782px\" \/>\n            <\/div>\n        <\/div><div class=\"eael-entry-wrapper\"><header class=\"eael-entry-header\"><h2 class=\"eael-entry-title\"><a class=\"eael-grid-post-link\" href=\"https:\/\/soymigrante.com\/revista\/en-iximche-se-fundo-la-primera-capital-de-guatemala-hace-500-anos\/\" title=\"En Iximche se fund\u00f3 la primera capital de Guatemala en 1524\">En Iximche se fund\u00f3 la primera capital de Guatemala en 1524<\/a><\/h2><\/header><div class=\"eael-entry-content\">\n                        <div class=\"eael-grid-post-excerpt\"><a href=\"https:\/\/soymigrante.com\/revista\/en-iximche-se-fundo-la-primera-capital-de-guatemala-hace-500-anos\/\" class=\"eael-post-elements-readmore-btn\">CONOCE SU HISTORIA <\/a><\/div>\n                    <\/div><\/div><\/div>\n        <\/div>\n    <\/article><\/div>\n            <div class=\"clearfix\"><\/div>\n        <\/div>\t\t\t\t<\/div>\n\t\t\t\t\t<\/div>\n\t\t\t\t<\/div>\n\t\t<div data-particle_enable=\"false\" data-particle-mobile-disabled=\"false\" class=\"elementor-element elementor-element-20b1a0a e-flex e-con-boxed e-con e-parent\" data-id=\"20b1a0a\" data-element_type=\"container\" data-e-type=\"container\">\n\t\t\t\t\t<div class=\"e-con-inner\">\n\t\t\t\t<div class=\"elementor-element elementor-element-9c52fb2 elementor-widget elementor-widget-text-editor\" data-id=\"9c52fb2\" data-element_type=\"widget\" data-e-type=\"widget\" data-widget_type=\"text-editor.default\">\n\t\t\t\t\t\t\t\t\t<p><span style=\"color: var( --e-global-color-text ); text-align: var(--text-align);\">No podemos cambiar la historia, pero s\u00ed valorar el mosaico multicultural, pluriling\u00fce y las tradiciones de diversos or\u00edgenes que hoy configuran la riqueza de <a href=\"https:\/\/soymigrante.com\/revista\/otras-20-palabras-chapinas-que-solo-un-guatemalteco-reconoce\/\">manifestaciones guatemaltecas.\u00a0\u00a0<\/a><\/span><\/p><p>En este 12 de octubre, fecha en que oficialmente se dio el llamado &#8220;descubrimiento&#8221; de Am\u00e9rica por parte de los Espa\u00f1oles, antes llamado err\u00f3neamente D\u00eda de la Raza, y hoy conocido bajo diversos nombres, como D\u00eda de la Hispanidad, o d\u00eda del Respeto a las Culturas Americanas,\u00a0 presentamos de nuevo la serie elaborada por SoyMigrante.com para reflejar la riqueza, diversidad y unidad de los pueblos de Guatemala.<\/p><p>Muchas de estas comunidades se han expandido a territorio de Estados Unidos, por efecto de la migraci\u00f3n, en busca de oportunidades econ\u00f3micas y de superaci\u00f3n. Y hasta ese pa\u00eds han llevado sus expresiones, tradiciones\u00a0 y memoria, en una muestra de que la cultura siempre busca sus caminos para demostrar su grandeza.<\/p><p><a href=\"https:\/\/soymigrante.com\/revista\/category\/guate-nuestra\/pueblos-de-guatemala\/\">Los Pueblos de Guatemala son un mosaico, un crisol, un tejido de expresiones.<\/a><\/p>\t\t\t\t\t\t\t\t<\/div>\n\t\t\t\t\t<\/div>\n\t\t\t\t<\/div>\n\t\t<div data-particle_enable=\"false\" data-particle-mobile-disabled=\"false\" class=\"elementor-element elementor-element-32529d9 e-flex e-con-boxed e-con e-parent\" data-id=\"32529d9\" data-element_type=\"container\" data-e-type=\"container\">\n\t\t\t\t\t<div class=\"e-con-inner\">\n\t\t\t\t\t<\/div>\n\t\t\t\t<\/div>\n\t\t<div data-particle_enable=\"false\" data-particle-mobile-disabled=\"false\" class=\"elementor-element elementor-element-1dada2d e-flex e-con-boxed e-con e-parent\" data-id=\"1dada2d\" data-element_type=\"container\" data-e-type=\"container\">\n\t\t\t\t\t<div class=\"e-con-inner\">\n\t\t\t\t<div class=\"elementor-element elementor-element-049d56b elementor-widget elementor-widget-heading\" data-id=\"049d56b\" data-element_type=\"widget\" data-e-type=\"widget\" data-widget_type=\"heading.default\">\n\t\t\t\t\t<h3 class=\"elementor-heading-title elementor-size-default\">Cifras de los Pueblos que habitan Guatemala<\/h3>\t\t\t\t<\/div>\n\t\t\t\t\t<\/div>\n\t\t\t\t<\/div>\n\t\t<div data-particle_enable=\"false\" data-particle-mobile-disabled=\"false\" class=\"elementor-element elementor-element-fc0761b e-flex e-con-boxed e-con e-parent\" data-id=\"fc0761b\" data-element_type=\"container\" data-e-type=\"container\">\n\t\t\t\t\t<div class=\"e-con-inner\">\n\t\t\t\t<div class=\"elementor-element elementor-element-845d8cb elementor-widget elementor-widget-text-editor\" data-id=\"845d8cb\" data-element_type=\"widget\" data-e-type=\"widget\" data-widget_type=\"text-editor.default\">\n\t\t\t\t\t\t\t\t\t<p>Seg\u00fan los datos del Censo 2018, los guatemaltecos se declararon como pertenecientes a un pueblo:\u00a0<span style=\"color: var( --e-global-color-text ); text-align: var(--text-align);\">Ladino el 56%, Maya el 41%, Xinca 1.8%, Gar\u00edfuna 0.1%, Afrodescendiente o afromestizo 0.2%.<\/span><\/p><p>Esta proporci\u00f3n es a nivel nacional, pero la distribuci\u00f3n porcentual de los pueblos predominantes\u00a0 var\u00eda seg\u00fan el departamento. Por ejemplo Totonicap\u00e1n (98.0%) y Solol\u00e1 (96.4%) registran los m\u00e1s altos porcentajes de\u00a0<span style=\"color: var( --e-global-color-text ); text-align: var(--text-align);\">autoidentificaci\u00f3n Maya. A su vez, en el departamento de Jalapa, 3 de cada 10 personas se\u00a0<\/span><span style=\"color: var( --e-global-color-text ); text-align: var(--text-align);\">autoidentific\u00f3 como Xinka, mientras que 2 de cada 10 pertenece a este pueblo, en Jutiapa.\u00a0<\/span><\/p><p>En los departamentos de El Progreso (98.2%) y Zacapa (97.4%), la poblaci\u00f3n se identific\u00f3 como\u00a0<span style=\"color: var( --e-global-color-text ); text-align: var(--text-align);\">Ladina en los porcentajes mayoritarios.<\/span><\/p>\t\t\t\t\t\t\t\t<\/div>\n\t\t\t\t\t<\/div>\n\t\t\t\t<\/div>\n\t\t<div data-particle_enable=\"false\" data-particle-mobile-disabled=\"false\" class=\"elementor-element elementor-element-a109374 e-flex e-con-boxed e-con e-parent\" data-id=\"a109374\" data-element_type=\"container\" data-e-type=\"container\">\n\t\t\t\t\t<div class=\"e-con-inner\">\n\t\t\t\t<div class=\"elementor-element elementor-element-3c64e31 elementor-widget elementor-widget-image\" data-id=\"3c64e31\" data-element_type=\"widget\" data-e-type=\"widget\" data-widget_type=\"image.default\">\n\t\t\t\t\t\t\t\t\t\t\t\t\t\t\t\t<a href=\"https:\/\/soymigrante.com\/revista\/category\/guate-nuestra\/pueblos-de-guatemala\/\">\n\t\t\t\t\t\t\t<img decoding=\"async\" width=\"626\" height=\"527\" src=\"https:\/\/soymigrante.com\/revista\/wp-content\/uploads\/2024\/10\/pueblos-de-guatemala.webp\" class=\"attachment-large size-large wp-image-10288\" alt=\"Guatemalan cultural celebration with traditional masks and vibrant costumes, highlighting the rich heritage of Guatemala&#039;s diverse communities.\" srcset=\"https:\/\/soymigrante.com\/revista\/wp-content\/uploads\/2024\/10\/pueblos-de-guatemala.webp 626w, https:\/\/soymigrante.com\/revista\/wp-content\/uploads\/2024\/10\/pueblos-de-guatemala-300x253.webp 300w\" sizes=\"(max-width: 626px) 100vw, 626px\" title=\"pueblos de guatemala \u2013 SoyMigrante.com REVISTA\" \/>\t\t\t\t\t\t\t\t<\/a>\n\t\t\t\t\t\t\t\t\t\t\t\t\t\t\t<\/div>\n\t\t\t\t\t<\/div>\n\t\t\t\t<\/div>\n\t\t<div data-particle_enable=\"false\" data-particle-mobile-disabled=\"false\" class=\"elementor-element elementor-element-6fcff8b e-flex e-con-boxed e-con e-parent\" data-id=\"6fcff8b\" data-element_type=\"container\" data-e-type=\"container\">\n\t\t\t\t\t<div class=\"e-con-inner\">\n\t\t\t\t<div class=\"elementor-element elementor-element-e4558e7 elementor-widget elementor-widget-text-editor\" data-id=\"e4558e7\" data-element_type=\"widget\" data-e-type=\"widget\" data-widget_type=\"text-editor.default\">\n\t\t\t\t\t\t\t\t\t<p>De las 13,566,897 personas de 4 a\u00f1os y m\u00e1s, 9,488,838 aprendieron a hablar en\u00a0<span style=\"color: var( --e-global-color-text ); text-align: var(--text-align);\">espa\u00f1ol, lo que representa el 69.9% del total, mientras el 29.6% aprendi\u00f3 a hablar\u00a0<\/span><span style=\"color: var( --e-global-color-text ); text-align: var(--text-align);\">en un idioma maya.\u00a0<\/span><\/p><p><span style=\"color: var( --e-global-color-text ); text-align: var(--text-align);\">Esto no necesariamente coincide con el dato de quienes afirman tener un origen maya, ya que el uso del idioma es solo un indicador mas no define la pertenencia, pues ello depende de la autoidentificaci\u00f3n familiar, comunitaria y cultural.<\/span><\/p>\t\t\t\t\t\t\t\t<\/div>\n\t\t\t\t\t<\/div>\n\t\t\t\t<\/div>\n\t\t<div data-particle_enable=\"false\" data-particle-mobile-disabled=\"false\" class=\"elementor-element elementor-element-46428e1 e-flex e-con-boxed e-con e-parent\" data-id=\"46428e1\" data-element_type=\"container\" data-e-type=\"container\">\n\t\t\t\t\t<div class=\"e-con-inner\">\n\t\t\t\t\t<\/div>\n\t\t\t\t<\/div>\n\t\t<div data-particle_enable=\"false\" data-particle-mobile-disabled=\"false\" class=\"elementor-element elementor-element-3892626 e-flex e-con-boxed e-con e-parent\" data-id=\"3892626\" data-element_type=\"container\" data-e-type=\"container\">\n\t\t\t\t\t<div class=\"e-con-inner\">\n\t\t\t\t<div class=\"elementor-element elementor-element-524b4f0 elementor-widget elementor-widget-heading\" data-id=\"524b4f0\" data-element_type=\"widget\" data-e-type=\"widget\" data-widget_type=\"heading.default\">\n\t\t\t\t\t<h4 class=\"elementor-heading-title elementor-size-default\">Si deseas conocer m\u00e1s sobre cada uno de los pueblos de Guatemala puedes dar clic en el que t\u00fa elijas. <\/h4>\t\t\t\t<\/div>\n\t\t\t\t\t<\/div>\n\t\t\t\t<\/div>\n\t\t<div data-particle_enable=\"false\" data-particle-mobile-disabled=\"false\" class=\"elementor-element elementor-element-3efdcf4 e-flex e-con-boxed e-con e-parent\" data-id=\"3efdcf4\" data-element_type=\"container\" data-e-type=\"container\">\n\t\t\t\t\t<div class=\"e-con-inner\">\n\t\t\t\t<div class=\"elementor-element elementor-element-26a6fd7 elementor-widget elementor-widget-blfe-post-grid\" data-id=\"26a6fd7\" data-element_type=\"widget\" data-e-type=\"widget\" data-settings=\"{&quot;columns&quot;:&quot;3&quot;,&quot;columns_tablet&quot;:&quot;6&quot;,&quot;columns_mobile&quot;:&quot;12&quot;,&quot;hero3_navigation&quot;:&quot;arrows&quot;,&quot;hero3_layout_column_gap&quot;:{&quot;unit&quot;:&quot;px&quot;,&quot;size&quot;:5,&quot;sizes&quot;:[]},&quot;hero3_layout_column_gap_tablet&quot;:{&quot;unit&quot;:&quot;px&quot;,&quot;size&quot;:&quot;&quot;,&quot;sizes&quot;:[]},&quot;hero3_layout_column_gap_mobile&quot;:{&quot;unit&quot;:&quot;px&quot;,&quot;size&quot;:&quot;&quot;,&quot;sizes&quot;:[]},&quot;hero3_layout_row_gap&quot;:{&quot;unit&quot;:&quot;px&quot;,&quot;size&quot;:5,&quot;sizes&quot;:[]},&quot;hero3_layout_row_gap_tablet&quot;:{&quot;unit&quot;:&quot;px&quot;,&quot;size&quot;:&quot;&quot;,&quot;sizes&quot;:[]},&quot;hero3_layout_row_gap_mobile&quot;:{&quot;unit&quot;:&quot;px&quot;,&quot;size&quot;:&quot;&quot;,&quot;sizes&quot;:[]}}\" data-widget_type=\"blfe-post-grid.hero3\">\n\t\t\t\t<div class=\"elementor-widget-container\">\n\t\t\t\t\t\n                        <div class=\"blfe-post-grid-container \">\n            \n                <div data-skin=\"hero3\" class=\"blfe-row blfe-posts-inner blfe-hero3 blfe-posts-inner blfe-col-3 blfe-col-tab-6 blfe-col-mob-12     \">\n                            <div class=\"blfe-post-grid-item \">\n            <div class=\"blfe-post-grid-item-inner blfe-modern-zoom\">\n                        <div class=\"blfe-post-grid-bg-image\">\n            <a class=\"blfe-post-grid-image-inner\" href=\"https:\/\/soymigrante.com\/revista\/etnias-de-guatemala-los-achi\/\" title=\"El pueblo Achi&#8217; es descendiente de los se\u00f1ores Rabinaleb\" rel=\"nofollow\" target=\"_blank\"><img decoding=\"async\" src=\"https:\/\/soymigrante.com\/revista\/wp-content\/uploads\/2024\/08\/Achi-14-La-Conquista-e1724976866589.webp\" alt=\"El pueblo Achi&#8217; es descendiente de los se\u00f1ores Rabinaleb\"\/><\/a>        <\/div>\n                        <div class=\"blfe-post-grid-details\">\n                    <div class=\"blfe-post-grid-details-inner\">\n                        <span class=\"blfe-post-category\"><a href=\"https:\/\/soymigrante.com\/revista\/category\/guate-nuestra\/pueblos-de-guatemala\/\">Pueblos de Guatemala<\/a><\/span>                        <h3 class=\"blfe-post-grid-title\">\n            <a href=\"https:\/\/soymigrante.com\/revista\/etnias-de-guatemala-los-achi\/\" title=\"El pueblo Achi&#8217; es descendiente de los se\u00f1ores Rabinaleb\" rel=\"nofollow\" target=\"_blank\">El pueblo Achi&#8217; es descendiente de los se\u00f1ores Rabinaleb<\/a>\n            <\/h3>                                    <div class=\"blfe-post-grid-meta\">\n                <span class=\"blfe-post-grid-time\"><i class=\"fas fa-book-reader\"><\/i>7 Min read<\/span>            <\/div>\n                                                                                <\/div>\n                <\/div>\n\n            <\/div>\n        <\/div>\n                <div class=\"blfe-post-grid-item \">\n            <div class=\"blfe-post-grid-item-inner blfe-modern-zoom\">\n                        <div class=\"blfe-post-grid-bg-image\">\n            <a class=\"blfe-post-grid-image-inner\" href=\"https:\/\/soymigrante.com\/revista\/el-pueblo-awakateko-llevan-siglos-al-pie-de-los-cuchumatanes\/\" title=\"El pueblo Awakateko lleva siglos al pie de los Cuchumatanes\" rel=\"nofollow\" target=\"_blank\"><img decoding=\"async\" src=\"https:\/\/soymigrante.com\/revista\/wp-content\/uploads\/2024\/08\/awakateko-1.webp\" alt=\"El pueblo Awakateko lleva siglos al pie de los Cuchumatanes\"\/><\/a>        <\/div>\n                        <div class=\"blfe-post-grid-details\">\n                    <div class=\"blfe-post-grid-details-inner\">\n                        <span class=\"blfe-post-category\"><a href=\"https:\/\/soymigrante.com\/revista\/category\/guate-nuestra\/pueblos-de-guatemala\/\">Pueblos de Guatemala<\/a><\/span>                        <h3 class=\"blfe-post-grid-title\">\n            <a href=\"https:\/\/soymigrante.com\/revista\/el-pueblo-awakateko-llevan-siglos-al-pie-de-los-cuchumatanes\/\" title=\"El pueblo Awakateko lleva siglos al pie de los Cuchumatanes\" rel=\"nofollow\" target=\"_blank\">El pueblo Awakateko lleva siglos al pie de los Cuchumatanes<\/a>\n            <\/h3>                                    <div class=\"blfe-post-grid-meta\">\n                <span class=\"blfe-post-grid-time\"><i class=\"fas fa-book-reader\"><\/i>6 Min read<\/span>            <\/div>\n                                                                                <\/div>\n                <\/div>\n\n            <\/div>\n        <\/div>\n                <div class=\"blfe-post-grid-item \">\n            <div class=\"blfe-post-grid-item-inner blfe-modern-zoom\">\n                        <div class=\"blfe-post-grid-bg-image\">\n            <a class=\"blfe-post-grid-image-inner\" href=\"https:\/\/soymigrante.com\/revista\/etnias-de-guatemala-akateko-el-pueblo-que-vino-de-tenam-y-sigue-floreciendo\/\" title=\"El pueblo Akateko vino de Tenam y sigue floreciendo\" rel=\"nofollow\" target=\"_blank\"><img decoding=\"async\" src=\"https:\/\/soymigrante.com\/revista\/wp-content\/uploads\/2024\/08\/maya-akateko-4.webp\" alt=\"El pueblo Akateko vino de Tenam y sigue floreciendo\"\/><\/a>        <\/div>\n                        <div class=\"blfe-post-grid-details\">\n                    <div class=\"blfe-post-grid-details-inner\">\n                        <span class=\"blfe-post-category\"><a href=\"https:\/\/soymigrante.com\/revista\/category\/guate-nuestra\/pueblos-de-guatemala\/\">Pueblos de Guatemala<\/a><\/span>                        <h3 class=\"blfe-post-grid-title\">\n            <a href=\"https:\/\/soymigrante.com\/revista\/etnias-de-guatemala-akateko-el-pueblo-que-vino-de-tenam-y-sigue-floreciendo\/\" title=\"El pueblo Akateko vino de Tenam y sigue floreciendo\" rel=\"nofollow\" target=\"_blank\">El pueblo Akateko vino de Tenam y sigue floreciendo<\/a>\n            <\/h3>                                    <div class=\"blfe-post-grid-meta\">\n                <span class=\"blfe-post-grid-time\"><i class=\"fas fa-book-reader\"><\/i>6 Min read<\/span>            <\/div>\n                                                                                <\/div>\n                <\/div>\n\n            <\/div>\n        <\/div>\n                <div class=\"blfe-post-grid-item \">\n            <div class=\"blfe-post-grid-item-inner blfe-modern-zoom\">\n                        <div class=\"blfe-post-grid-bg-image\">\n            <a class=\"blfe-post-grid-image-inner\" href=\"https:\/\/soymigrante.com\/revista\/el-pueblo-chalchiteko-es-antiquisimo-pero-fue-reconocido-oficialmente-hasta-el-2003\/\" title=\"El pueblo Chalchiteko es  antiqu\u00edsimo pero fue reconocido oficialmente hasta el 2003\" rel=\"nofollow\" target=\"_blank\"><img decoding=\"async\" src=\"https:\/\/soymigrante.com\/revista\/wp-content\/uploads\/2024\/08\/etnias-de-guatemala-chalchiteko-3.webp\" alt=\"El pueblo Chalchiteko es  antiqu\u00edsimo pero fue reconocido oficialmente hasta el 2003\"\/><\/a>        <\/div>\n                        <div class=\"blfe-post-grid-details\">\n                    <div class=\"blfe-post-grid-details-inner\">\n                        <span class=\"blfe-post-category\"><a href=\"https:\/\/soymigrante.com\/revista\/category\/guate-nuestra\/pueblos-de-guatemala\/\">Pueblos de Guatemala<\/a><\/span>                        <h3 class=\"blfe-post-grid-title\">\n            <a href=\"https:\/\/soymigrante.com\/revista\/el-pueblo-chalchiteko-es-antiquisimo-pero-fue-reconocido-oficialmente-hasta-el-2003\/\" title=\"El pueblo Chalchiteko es  antiqu\u00edsimo pero fue reconocido oficialmente hasta el 2003\" rel=\"nofollow\" target=\"_blank\">El pueblo Chalchiteko es  antiqu\u00edsimo pero fue reconocido oficialmente hasta el 2003<\/a>\n            <\/h3>                                    <div class=\"blfe-post-grid-meta\">\n                <span class=\"blfe-post-grid-time\"><i class=\"fas fa-book-reader\"><\/i>6 Min read<\/span>            <\/div>\n                                                                                <\/div>\n                <\/div>\n\n            <\/div>\n        <\/div>\n                <div class=\"blfe-post-grid-item \">\n            <div class=\"blfe-post-grid-item-inner blfe-modern-zoom\">\n                        <div class=\"blfe-post-grid-bg-image\">\n            <a class=\"blfe-post-grid-image-inner\" href=\"https:\/\/soymigrante.com\/revista\/el-pueblo-chorti-es-el-corazon-maya-del-oriente-guatemalteco\/\" title=\"El pueblo Ch&#8217;orti&#8217; es el coraz\u00f3n maya del oriente guatemalteco\" rel=\"nofollow\" target=\"_blank\"><img decoding=\"async\" src=\"https:\/\/soymigrante.com\/revista\/wp-content\/uploads\/2024\/09\/chorti-princesas-2024.webp\" alt=\"El pueblo Ch&#8217;orti&#8217; es el coraz\u00f3n maya del oriente guatemalteco\"\/><\/a>        <\/div>\n                        <div class=\"blfe-post-grid-details\">\n                    <div class=\"blfe-post-grid-details-inner\">\n                        <span class=\"blfe-post-category\"><a href=\"https:\/\/soymigrante.com\/revista\/category\/guate-nuestra\/pueblos-de-guatemala\/\">Pueblos de Guatemala<\/a><\/span>                        <h3 class=\"blfe-post-grid-title\">\n            <a href=\"https:\/\/soymigrante.com\/revista\/el-pueblo-chorti-es-el-corazon-maya-del-oriente-guatemalteco\/\" title=\"El pueblo Ch&#8217;orti&#8217; es el coraz\u00f3n maya del oriente guatemalteco\" rel=\"nofollow\" target=\"_blank\">El pueblo Ch&#8217;orti&#8217; es el coraz\u00f3n maya del oriente guatemalteco<\/a>\n            <\/h3>                                    <div class=\"blfe-post-grid-meta\">\n                <span class=\"blfe-post-grid-time\"><i class=\"fas fa-book-reader\"><\/i>7 Min read<\/span>            <\/div>\n                                                                                <\/div>\n                <\/div>\n\n            <\/div>\n        <\/div>\n                <div class=\"blfe-post-grid-item \">\n            <div class=\"blfe-post-grid-item-inner blfe-modern-zoom\">\n                        <div class=\"blfe-post-grid-bg-image\">\n            <a class=\"blfe-post-grid-image-inner\" href=\"https:\/\/soymigrante.com\/revista\/pueblo-garinagu-garifuna-lleva-mas-de-dos-siglos-en-guatemala\/\" title=\"Pueblo Gar\u00ednagu (Gar\u00edfuna) lleva m\u00e1s de 200 a\u00f1os en Guatemala y el 26 noviembre es su d\u00eda\" rel=\"nofollow\" target=\"_blank\"><img decoding=\"async\" src=\"https:\/\/soymigrante.com\/revista\/wp-content\/uploads\/2024\/09\/garifuna-garinagu.webp\" alt=\"Pueblo Gar\u00ednagu (Gar\u00edfuna) lleva m\u00e1s de 200 a\u00f1os en Guatemala y el 26 noviembre es su d\u00eda\"\/><\/a>        <\/div>\n                        <div class=\"blfe-post-grid-details\">\n                    <div class=\"blfe-post-grid-details-inner\">\n                        <span class=\"blfe-post-category\"><a href=\"https:\/\/soymigrante.com\/revista\/category\/guate-nuestra\/pueblos-de-guatemala\/\">Pueblos de Guatemala<\/a><\/span>                        <h3 class=\"blfe-post-grid-title\">\n            <a href=\"https:\/\/soymigrante.com\/revista\/pueblo-garinagu-garifuna-lleva-mas-de-dos-siglos-en-guatemala\/\" title=\"Pueblo Gar\u00ednagu (Gar\u00edfuna) lleva m\u00e1s de 200 a\u00f1os en Guatemala y el 26 noviembre es su d\u00eda\" rel=\"nofollow\" target=\"_blank\">Pueblo Gar\u00ednagu (Gar\u00edfuna) lleva m\u00e1s de 200 a\u00f1os en Guatemala y el 26 noviembre es su d\u00eda<\/a>\n            <\/h3>                                    <div class=\"blfe-post-grid-meta\">\n                <span class=\"blfe-post-grid-time\"><i class=\"fas fa-book-reader\"><\/i>8 Min read<\/span>            <\/div>\n                                                                                <\/div>\n                <\/div>\n\n            <\/div>\n        <\/div>\n                <div class=\"blfe-post-grid-item \">\n            <div class=\"blfe-post-grid-item-inner blfe-modern-zoom\">\n                        <div class=\"blfe-post-grid-bg-image\">\n            <a class=\"blfe-post-grid-image-inner\" href=\"https:\/\/soymigrante.com\/revista\/el-pueblo-chuj-tiene-firme-raiz-en-las-montanas-de-huehuetenango\/\" title=\"El pueblo Chuj tiene firme ra\u00edz en las monta\u00f1as de Huehuetenango\" rel=\"nofollow\" target=\"_blank\"><img decoding=\"async\" src=\"https:\/\/soymigrante.com\/revista\/wp-content\/uploads\/2024\/09\/chuj-abel-juarez.webp\" alt=\"El pueblo Chuj tiene firme ra\u00edz en las monta\u00f1as de Huehuetenango\"\/><\/a>        <\/div>\n                        <div class=\"blfe-post-grid-details\">\n                    <div class=\"blfe-post-grid-details-inner\">\n                        <span class=\"blfe-post-category\"><a href=\"https:\/\/soymigrante.com\/revista\/category\/guate-nuestra\/pueblos-de-guatemala\/\">Pueblos de Guatemala<\/a><\/span>                        <h3 class=\"blfe-post-grid-title\">\n            <a href=\"https:\/\/soymigrante.com\/revista\/el-pueblo-chuj-tiene-firme-raiz-en-las-montanas-de-huehuetenango\/\" title=\"El pueblo Chuj tiene firme ra\u00edz en las monta\u00f1as de Huehuetenango\" rel=\"nofollow\" target=\"_blank\">El pueblo Chuj tiene firme ra\u00edz en las monta\u00f1as de Huehuetenango<\/a>\n            <\/h3>                                    <div class=\"blfe-post-grid-meta\">\n                <span class=\"blfe-post-grid-time\"><i class=\"fas fa-book-reader\"><\/i>8 Min read<\/span>            <\/div>\n                                                                                <\/div>\n                <\/div>\n\n            <\/div>\n        <\/div>\n                <div class=\"blfe-post-grid-item \">\n            <div class=\"blfe-post-grid-item-inner blfe-modern-zoom\">\n                        <div class=\"blfe-post-grid-bg-image\">\n            <a class=\"blfe-post-grid-image-inner\" href=\"https:\/\/soymigrante.com\/revista\/el-itza-es-el-idioma-maya-que-lucha-por-sobrevivir\/\" title=\"El Itza&#8217; es el idioma maya que lucha por sobrevivir\" rel=\"nofollow\" target=\"_blank\"><img decoding=\"async\" src=\"https:\/\/soymigrante.com\/revista\/wp-content\/uploads\/2024\/09\/maya-itza.webp\" alt=\"El Itza&#8217; es el idioma maya que lucha por sobrevivir\"\/><\/a>        <\/div>\n                        <div class=\"blfe-post-grid-details\">\n                    <div class=\"blfe-post-grid-details-inner\">\n                        <span class=\"blfe-post-category\"><a href=\"https:\/\/soymigrante.com\/revista\/category\/guate-nuestra\/pueblos-de-guatemala\/\">Pueblos de Guatemala<\/a><\/span>                        <h3 class=\"blfe-post-grid-title\">\n            <a href=\"https:\/\/soymigrante.com\/revista\/el-itza-es-el-idioma-maya-que-lucha-por-sobrevivir\/\" title=\"El Itza&#8217; es el idioma maya que lucha por sobrevivir\" rel=\"nofollow\" target=\"_blank\">El Itza&#8217; es el idioma maya que lucha por sobrevivir<\/a>\n            <\/h3>                                    <div class=\"blfe-post-grid-meta\">\n                <span class=\"blfe-post-grid-time\"><i class=\"fas fa-book-reader\"><\/i>8 Min read<\/span>            <\/div>\n                                                                                <\/div>\n                <\/div>\n\n            <\/div>\n        <\/div>\n                <div class=\"blfe-post-grid-item \">\n            <div class=\"blfe-post-grid-item-inner blfe-modern-zoom\">\n                        <div class=\"blfe-post-grid-bg-image\">\n            <a class=\"blfe-post-grid-image-inner\" href=\"https:\/\/soymigrante.com\/revista\/el-pueblo-ixil-habito-las-tierras-bajas-de-el-mirador-peten\/\" title=\"El pueblo Ixil habit\u00f3 las tierras bajas de El Mirador, Pet\u00e9n\" rel=\"nofollow\" target=\"_blank\"><img decoding=\"async\" src=\"https:\/\/soymigrante.com\/revista\/wp-content\/uploads\/2024\/09\/Captura-de-pantalla-2024-09-05-124437.webp\" alt=\"El pueblo Ixil habit\u00f3 las tierras bajas de El Mirador, Pet\u00e9n\"\/><\/a>        <\/div>\n                        <div class=\"blfe-post-grid-details\">\n                    <div class=\"blfe-post-grid-details-inner\">\n                        <span class=\"blfe-post-category\"><a href=\"https:\/\/soymigrante.com\/revista\/category\/guate-nuestra\/pueblos-de-guatemala\/\">Pueblos de Guatemala<\/a><\/span>                        <h3 class=\"blfe-post-grid-title\">\n            <a href=\"https:\/\/soymigrante.com\/revista\/el-pueblo-ixil-habito-las-tierras-bajas-de-el-mirador-peten\/\" title=\"El pueblo Ixil habit\u00f3 las tierras bajas de El Mirador, Pet\u00e9n\" rel=\"nofollow\" target=\"_blank\">El pueblo Ixil habit\u00f3 las tierras bajas de El Mirador, Pet\u00e9n<\/a>\n            <\/h3>                                    <div class=\"blfe-post-grid-meta\">\n                <span class=\"blfe-post-grid-time\"><i class=\"fas fa-book-reader\"><\/i>11 Min read<\/span>            <\/div>\n                                                                                <\/div>\n                <\/div>\n\n            <\/div>\n        <\/div>\n                <div class=\"blfe-post-grid-item \">\n            <div class=\"blfe-post-grid-item-inner blfe-modern-zoom\">\n                        <div class=\"blfe-post-grid-bg-image\">\n            <a class=\"blfe-post-grid-image-inner\" href=\"https:\/\/soymigrante.com\/revista\/el-pueblo-kaqchikel-abarca-a-1-millon-68-mil-guatemaltecos\/\" title=\"El pueblo Kaqchikel abarca a 1 mill\u00f3n 68 mil guatemaltecos\" rel=\"nofollow\" target=\"_blank\"><img decoding=\"async\" src=\"https:\/\/soymigrante.com\/revista\/wp-content\/uploads\/2024\/09\/Captura-de-pantalla-2024-09-05-170648-e1725577693900.webp\" alt=\"El pueblo Kaqchikel abarca a 1 mill\u00f3n 68 mil guatemaltecos\"\/><\/a>        <\/div>\n                        <div class=\"blfe-post-grid-details\">\n                    <div class=\"blfe-post-grid-details-inner\">\n                        <span class=\"blfe-post-category\"><a href=\"https:\/\/soymigrante.com\/revista\/category\/guate-nuestra\/pueblos-de-guatemala\/\">Pueblos de Guatemala<\/a><\/span>                        <h3 class=\"blfe-post-grid-title\">\n            <a href=\"https:\/\/soymigrante.com\/revista\/el-pueblo-kaqchikel-abarca-a-1-millon-68-mil-guatemaltecos\/\" title=\"El pueblo Kaqchikel abarca a 1 mill\u00f3n 68 mil guatemaltecos\" rel=\"nofollow\" target=\"_blank\">El pueblo Kaqchikel abarca a 1 mill\u00f3n 68 mil guatemaltecos<\/a>\n            <\/h3>                                    <div class=\"blfe-post-grid-meta\">\n                <span class=\"blfe-post-grid-time\"><i class=\"fas fa-book-reader\"><\/i>7 Min read<\/span>            <\/div>\n                                                                                <\/div>\n                <\/div>\n\n            <\/div>\n        <\/div>\n                <div class=\"blfe-post-grid-item \">\n            <div class=\"blfe-post-grid-item-inner blfe-modern-zoom\">\n                        <div class=\"blfe-post-grid-bg-image\">\n            <a class=\"blfe-post-grid-image-inner\" href=\"https:\/\/soymigrante.com\/revista\/el-pueblo-kiche-es-heredero-y-continuador-de-la-tradicion-del-popol-vuh\/\" title=\"El pueblo K&#8217;iche&#8217; es heredero y continuador de la tradici\u00f3n del Popol Vuh\" rel=\"nofollow\" target=\"_blank\"><img decoding=\"async\" src=\"https:\/\/soymigrante.com\/revista\/wp-content\/uploads\/2024\/09\/pueblo-kiche.webp\" alt=\"El pueblo K&#8217;iche&#8217; es heredero y continuador de la tradici\u00f3n del Popol Vuh\"\/><\/a>        <\/div>\n                        <div class=\"blfe-post-grid-details\">\n                    <div class=\"blfe-post-grid-details-inner\">\n                        <span class=\"blfe-post-category\"><a href=\"https:\/\/soymigrante.com\/revista\/category\/guate-nuestra\/pueblos-de-guatemala\/\">Pueblos de Guatemala<\/a><\/span>                        <h3 class=\"blfe-post-grid-title\">\n            <a href=\"https:\/\/soymigrante.com\/revista\/el-pueblo-kiche-es-heredero-y-continuador-de-la-tradicion-del-popol-vuh\/\" title=\"El pueblo K&#8217;iche&#8217; es heredero y continuador de la tradici\u00f3n del Popol Vuh\" rel=\"nofollow\" target=\"_blank\">El pueblo K&#8217;iche&#8217; es heredero y continuador de la tradici\u00f3n del Popol Vuh<\/a>\n            <\/h3>                                    <div class=\"blfe-post-grid-meta\">\n                <span class=\"blfe-post-grid-time\"><i class=\"fas fa-book-reader\"><\/i>7 Min read<\/span>            <\/div>\n                                                                                <\/div>\n                <\/div>\n\n            <\/div>\n        <\/div>\n                <div class=\"blfe-post-grid-item \">\n            <div class=\"blfe-post-grid-item-inner blfe-modern-zoom\">\n                        <div class=\"blfe-post-grid-bg-image\">\n            <a class=\"blfe-post-grid-image-inner\" href=\"https:\/\/soymigrante.com\/revista\/el-pueblo-mam-brilla-crece-y-se-expresa-fiel-a-sus-raices-de-identidad\/\" title=\"El pueblo Mam trabaja, crece y vive fiel a sus ra\u00edces de identidad\" rel=\"nofollow\" target=\"_blank\"><img decoding=\"async\" src=\"https:\/\/soymigrante.com\/revista\/wp-content\/uploads\/2024\/09\/mam-1-scaled.webp\" alt=\"El pueblo Mam trabaja, crece y vive fiel a sus ra\u00edces de identidad\"\/><\/a>        <\/div>\n                        <div class=\"blfe-post-grid-details\">\n                    <div class=\"blfe-post-grid-details-inner\">\n                        <span class=\"blfe-post-category\"><a href=\"https:\/\/soymigrante.com\/revista\/category\/guate-nuestra\/pueblos-de-guatemala\/\">Pueblos de Guatemala<\/a><\/span>                        <h3 class=\"blfe-post-grid-title\">\n            <a href=\"https:\/\/soymigrante.com\/revista\/el-pueblo-mam-brilla-crece-y-se-expresa-fiel-a-sus-raices-de-identidad\/\" title=\"El pueblo Mam trabaja, crece y vive fiel a sus ra\u00edces de identidad\" rel=\"nofollow\" target=\"_blank\">El pueblo Mam trabaja, crece y vive fiel a sus ra\u00edces de identidad<\/a>\n            <\/h3>                                    <div class=\"blfe-post-grid-meta\">\n                <span class=\"blfe-post-grid-time\"><i class=\"fas fa-book-reader\"><\/i>7 Min read<\/span>            <\/div>\n                                                                                <\/div>\n                <\/div>\n\n            <\/div>\n        <\/div>\n                <div class=\"blfe-post-grid-item \">\n            <div class=\"blfe-post-grid-item-inner blfe-modern-zoom\">\n                        <div class=\"blfe-post-grid-bg-image\">\n            <a class=\"blfe-post-grid-image-inner\" href=\"https:\/\/soymigrante.com\/revista\/el-pueblo-mopan-surgio-junto-a-un-rio-que-une-peten-y-belice\/\" title=\"El Pueblo Mop\u00e1n surgi\u00f3 junto a un r\u00edo que une Pet\u00e9n y Belice\" rel=\"nofollow\" target=\"_blank\"><img decoding=\"async\" src=\"https:\/\/soymigrante.com\/revista\/wp-content\/uploads\/2024\/09\/mopan-muni-san-luis-peten2-1.webp\" alt=\"El Pueblo Mop\u00e1n surgi\u00f3 junto a un r\u00edo que une Pet\u00e9n y Belice\"\/><\/a>        <\/div>\n                        <div class=\"blfe-post-grid-details\">\n                    <div class=\"blfe-post-grid-details-inner\">\n                        <span class=\"blfe-post-category\"><a href=\"https:\/\/soymigrante.com\/revista\/category\/guate-nuestra\/pueblos-de-guatemala\/\">Pueblos de Guatemala<\/a><\/span>                        <h3 class=\"blfe-post-grid-title\">\n            <a href=\"https:\/\/soymigrante.com\/revista\/el-pueblo-mopan-surgio-junto-a-un-rio-que-une-peten-y-belice\/\" title=\"El Pueblo Mop\u00e1n surgi\u00f3 junto a un r\u00edo que une Pet\u00e9n y Belice\" rel=\"nofollow\" target=\"_blank\">El Pueblo Mop\u00e1n surgi\u00f3 junto a un r\u00edo que une Pet\u00e9n y Belice<\/a>\n            <\/h3>                                    <div class=\"blfe-post-grid-meta\">\n                <span class=\"blfe-post-grid-time\"><i class=\"fas fa-book-reader\"><\/i>6 Min read<\/span>            <\/div>\n                                                                                <\/div>\n                <\/div>\n\n            <\/div>\n        <\/div>\n                <div class=\"blfe-post-grid-item \">\n            <div class=\"blfe-post-grid-item-inner blfe-modern-zoom\">\n                        <div class=\"blfe-post-grid-bg-image\">\n            <a class=\"blfe-post-grid-image-inner\" href=\"https:\/\/soymigrante.com\/revista\/tzunun-tzii-es-el-nombre-prehispanico-del-pueblo-uspanteko-y-su-nahual-es-un-colibri\/\" title=\"Tz&#8217;unun Tziij es el nombre prehisp\u00e1nico del pueblo Uspanteko y su nahual es un colibr\u00ed\" rel=\"nofollow\" target=\"_blank\"><img decoding=\"async\" src=\"https:\/\/soymigrante.com\/revista\/wp-content\/uploads\/2024\/09\/uspanteko.webp\" alt=\"Tz&#8217;unun Tziij es el nombre prehisp\u00e1nico del pueblo Uspanteko y su nahual es un colibr\u00ed\"\/><\/a>        <\/div>\n                        <div class=\"blfe-post-grid-details\">\n                    <div class=\"blfe-post-grid-details-inner\">\n                        <span class=\"blfe-post-category\"><a href=\"https:\/\/soymigrante.com\/revista\/category\/guate-nuestra\/pueblos-de-guatemala\/\">Pueblos de Guatemala<\/a><\/span>                        <h3 class=\"blfe-post-grid-title\">\n            <a href=\"https:\/\/soymigrante.com\/revista\/tzunun-tzii-es-el-nombre-prehispanico-del-pueblo-uspanteko-y-su-nahual-es-un-colibri\/\" title=\"Tz&#8217;unun Tziij es el nombre prehisp\u00e1nico del pueblo Uspanteko y su nahual es un colibr\u00ed\" rel=\"nofollow\" target=\"_blank\">Tz&#8217;unun Tziij es el nombre prehisp\u00e1nico del pueblo Uspanteko y su nahual es un colibr\u00ed<\/a>\n            <\/h3>                                    <div class=\"blfe-post-grid-meta\">\n                <span class=\"blfe-post-grid-time\"><i class=\"fas fa-book-reader\"><\/i>7 Min read<\/span>            <\/div>\n                                                                                <\/div>\n                <\/div>\n\n            <\/div>\n        <\/div>\n                <div class=\"blfe-post-grid-item \">\n            <div class=\"blfe-post-grid-item-inner blfe-modern-zoom\">\n                        <div class=\"blfe-post-grid-bg-image\">\n            <a class=\"blfe-post-grid-image-inner\" href=\"https:\/\/soymigrante.com\/revista\/el-pueblo-popti-jakalteko-desciende-de-balunh-qana-y-hun-imox\/\" title=\"El pueblo Popt\u00ed (Jakalteko) desciende de B\u2019alunh Q\u2019ana\u2019 y Hun Imox\" rel=\"nofollow\" target=\"_blank\"><img decoding=\"async\" src=\"https:\/\/soymigrante.com\/revista\/wp-content\/uploads\/2024\/09\/popti-o-jakalteko-4.webp\" alt=\"El pueblo Popt\u00ed (Jakalteko) desciende de B\u2019alunh Q\u2019ana\u2019 y Hun Imox\"\/><\/a>        <\/div>\n                        <div class=\"blfe-post-grid-details\">\n                    <div class=\"blfe-post-grid-details-inner\">\n                        <span class=\"blfe-post-category\"><a href=\"https:\/\/soymigrante.com\/revista\/category\/guate-nuestra\/pueblos-de-guatemala\/\">Pueblos de Guatemala<\/a><\/span>                        <h3 class=\"blfe-post-grid-title\">\n            <a href=\"https:\/\/soymigrante.com\/revista\/el-pueblo-popti-jakalteko-desciende-de-balunh-qana-y-hun-imox\/\" title=\"El pueblo Popt\u00ed (Jakalteko) desciende de B\u2019alunh Q\u2019ana\u2019 y Hun Imox\" rel=\"nofollow\" target=\"_blank\">El pueblo Popt\u00ed (Jakalteko) desciende de B\u2019alunh Q\u2019ana\u2019 y Hun Imox<\/a>\n            <\/h3>                                    <div class=\"blfe-post-grid-meta\">\n                <span class=\"blfe-post-grid-time\"><i class=\"fas fa-book-reader\"><\/i>6 Min read<\/span>            <\/div>\n                                                                                <\/div>\n                <\/div>\n\n            <\/div>\n        <\/div>\n                <div class=\"blfe-post-grid-item \">\n            <div class=\"blfe-post-grid-item-inner blfe-modern-zoom\">\n                        <div class=\"blfe-post-grid-bg-image\">\n            <a class=\"blfe-post-grid-image-inner\" href=\"https:\/\/soymigrante.com\/revista\/pueblo-poqomam-los-nietos-de-la-luna-estan-presentes-en-4-territorios\/\" title=\"Pueblo Poqomam (Los Nietos de la Luna) radica en cuatro \u00e1reas unidas por un mismo idioma\" rel=\"nofollow\" target=\"_blank\"><img decoding=\"async\" src=\"https:\/\/soymigrante.com\/revista\/wp-content\/uploads\/2024\/09\/Palin-Poqomam-MUJERES-3.webp\" alt=\"Pueblo Poqomam (Los Nietos de la Luna) radica en cuatro \u00e1reas unidas por un mismo idioma\"\/><\/a>        <\/div>\n                        <div class=\"blfe-post-grid-details\">\n                    <div class=\"blfe-post-grid-details-inner\">\n                        <span class=\"blfe-post-category\"><a href=\"https:\/\/soymigrante.com\/revista\/category\/guate-nuestra\/pueblos-de-guatemala\/\">Pueblos de Guatemala<\/a><\/span>                        <h3 class=\"blfe-post-grid-title\">\n            <a href=\"https:\/\/soymigrante.com\/revista\/pueblo-poqomam-los-nietos-de-la-luna-estan-presentes-en-4-territorios\/\" title=\"Pueblo Poqomam (Los Nietos de la Luna) radica en cuatro \u00e1reas unidas por un mismo idioma\" rel=\"nofollow\" target=\"_blank\">Pueblo Poqomam (Los Nietos de la Luna) radica en cuatro \u00e1reas unidas por un mismo idioma<\/a>\n            <\/h3>                                    <div class=\"blfe-post-grid-meta\">\n                <span class=\"blfe-post-grid-time\"><i class=\"fas fa-book-reader\"><\/i>7 Min read<\/span>            <\/div>\n                                                                                <\/div>\n                <\/div>\n\n            <\/div>\n        <\/div>\n                <div class=\"blfe-post-grid-item \">\n            <div class=\"blfe-post-grid-item-inner blfe-modern-zoom\">\n                        <div class=\"blfe-post-grid-bg-image\">\n            <a class=\"blfe-post-grid-image-inner\" href=\"https:\/\/soymigrante.com\/revista\/pueblo-tzutujil-se-cobija-en-el-lago-atitlan-hace-mas-de-7-siglos\/\" title=\"Pueblo Tz&#8217;utujil lleva m\u00e1s de 700 a\u00f1os en las riberas del  lago de Atitl\u00e1n\" rel=\"nofollow\" target=\"_blank\"><img decoding=\"async\" src=\"https:\/\/soymigrante.com\/revista\/wp-content\/uploads\/2024\/09\/tzutujil-2-1.webp\" alt=\"Pueblo Tz&#8217;utujil lleva m\u00e1s de 700 a\u00f1os en las riberas del  lago de Atitl\u00e1n\"\/><\/a>        <\/div>\n                        <div class=\"blfe-post-grid-details\">\n                    <div class=\"blfe-post-grid-details-inner\">\n                        <span class=\"blfe-post-category\"><a href=\"https:\/\/soymigrante.com\/revista\/category\/guate-nuestra\/pueblos-de-guatemala\/\">Pueblos de Guatemala<\/a><\/span>                        <h3 class=\"blfe-post-grid-title\">\n            <a href=\"https:\/\/soymigrante.com\/revista\/pueblo-tzutujil-se-cobija-en-el-lago-atitlan-hace-mas-de-7-siglos\/\" title=\"Pueblo Tz&#8217;utujil lleva m\u00e1s de 700 a\u00f1os en las riberas del  lago de Atitl\u00e1n\" rel=\"nofollow\" target=\"_blank\">Pueblo Tz&#8217;utujil lleva m\u00e1s de 700 a\u00f1os en las riberas del  lago de Atitl\u00e1n<\/a>\n            <\/h3>                                    <div class=\"blfe-post-grid-meta\">\n                <span class=\"blfe-post-grid-time\"><i class=\"fas fa-book-reader\"><\/i>5 Min read<\/span>            <\/div>\n                                                                                <\/div>\n                <\/div>\n\n            <\/div>\n        <\/div>\n                <div class=\"blfe-post-grid-item \">\n            <div class=\"blfe-post-grid-item-inner blfe-modern-zoom\">\n                        <div class=\"blfe-post-grid-bg-image\">\n            <a class=\"blfe-post-grid-image-inner\" href=\"https:\/\/soymigrante.com\/revista\/pueblo-poqomchi-existe-y-vive-en-torno-al-mayijinic-y-el-kuxanik\/\" title=\"Pueblo Poqomchi&#8217; existe y vive en torno al Mayijinic y el Kuxanik\" rel=\"nofollow\" target=\"_blank\"><img decoding=\"async\" src=\"https:\/\/soymigrante.com\/revista\/wp-content\/uploads\/2024\/09\/danza-guacamayas-poqomchi-2.webp\" alt=\"Pueblo Poqomchi&#8217; existe y vive en torno al Mayijinic y el Kuxanik\"\/><\/a>        <\/div>\n                        <div class=\"blfe-post-grid-details\">\n                    <div class=\"blfe-post-grid-details-inner\">\n                        <span class=\"blfe-post-category\"><a href=\"https:\/\/soymigrante.com\/revista\/category\/guate-nuestra\/pueblos-de-guatemala\/\">Pueblos de Guatemala<\/a><\/span>                        <h3 class=\"blfe-post-grid-title\">\n            <a href=\"https:\/\/soymigrante.com\/revista\/pueblo-poqomchi-existe-y-vive-en-torno-al-mayijinic-y-el-kuxanik\/\" title=\"Pueblo Poqomchi&#8217; existe y vive en torno al Mayijinic y el Kuxanik\" rel=\"nofollow\" target=\"_blank\">Pueblo Poqomchi&#8217; existe y vive en torno al Mayijinic y el Kuxanik<\/a>\n            <\/h3>                                    <div class=\"blfe-post-grid-meta\">\n                <span class=\"blfe-post-grid-time\"><i class=\"fas fa-book-reader\"><\/i>6 Min read<\/span>            <\/div>\n                                                                                <\/div>\n                <\/div>\n\n            <\/div>\n        <\/div>\n                <div class=\"blfe-post-grid-item \">\n            <div class=\"blfe-post-grid-item-inner blfe-modern-zoom\">\n                        <div class=\"blfe-post-grid-bg-image\">\n            <a class=\"blfe-post-grid-image-inner\" href=\"https:\/\/soymigrante.com\/revista\/pueblo-qeqchi-es-el-idioma-maya-con-mayor-cifra-de-hablantes\/\" title=\"Pueblo Q&#8217;eqchi&#8217; es el idioma maya con mayor cifra de hablantes\" rel=\"nofollow\" target=\"_blank\"><img decoding=\"async\" src=\"https:\/\/soymigrante.com\/revista\/wp-content\/uploads\/2024\/09\/jpg4555_7-scaled.webp\" alt=\"Pueblo Q&#8217;eqchi&#8217; es el idioma maya con mayor cifra de hablantes\"\/><\/a>        <\/div>\n                        <div class=\"blfe-post-grid-details\">\n                    <div class=\"blfe-post-grid-details-inner\">\n                        <span class=\"blfe-post-category\"><a href=\"https:\/\/soymigrante.com\/revista\/category\/guate-nuestra\/pueblos-de-guatemala\/\">Pueblos de Guatemala<\/a><\/span>                        <h3 class=\"blfe-post-grid-title\">\n            <a href=\"https:\/\/soymigrante.com\/revista\/pueblo-qeqchi-es-el-idioma-maya-con-mayor-cifra-de-hablantes\/\" title=\"Pueblo Q&#8217;eqchi&#8217; es el idioma maya con mayor cifra de hablantes\" rel=\"nofollow\" target=\"_blank\">Pueblo Q&#8217;eqchi&#8217; es el idioma maya con mayor cifra de hablantes<\/a>\n            <\/h3>                                    <div class=\"blfe-post-grid-meta\">\n                <span class=\"blfe-post-grid-time\"><i class=\"fas fa-book-reader\"><\/i>11 Min read<\/span>            <\/div>\n                                                                                <\/div>\n                <\/div>\n\n            <\/div>\n        <\/div>\n                <div class=\"blfe-post-grid-item \">\n            <div class=\"blfe-post-grid-item-inner blfe-modern-zoom\">\n                        <div class=\"blfe-post-grid-bg-image\">\n            <a class=\"blfe-post-grid-image-inner\" href=\"https:\/\/soymigrante.com\/revista\/el-pueblo-qanjobal-tiene-el-corazon-en-jolom-konob\/\" title=\"El pueblo Q&#8217;anjob&#8217;al tiene una larga historia y el coraz\u00f3n en Jolom Konob&#8217;\" rel=\"nofollow\" target=\"_blank\"><img decoding=\"async\" src=\"https:\/\/soymigrante.com\/revista\/wp-content\/uploads\/2024\/09\/santa-eulalia.webp\" alt=\"El pueblo Q&#8217;anjob&#8217;al tiene una larga historia y el coraz\u00f3n en Jolom Konob&#8217;\"\/><\/a>        <\/div>\n                        <div class=\"blfe-post-grid-details\">\n                    <div class=\"blfe-post-grid-details-inner\">\n                        <span class=\"blfe-post-category\"><a href=\"https:\/\/soymigrante.com\/revista\/category\/guate-nuestra\/pueblos-de-guatemala\/\">Pueblos de Guatemala<\/a><\/span>                        <h3 class=\"blfe-post-grid-title\">\n            <a href=\"https:\/\/soymigrante.com\/revista\/el-pueblo-qanjobal-tiene-el-corazon-en-jolom-konob\/\" title=\"El pueblo Q&#8217;anjob&#8217;al tiene una larga historia y el coraz\u00f3n en Jolom Konob&#8217;\" rel=\"nofollow\" target=\"_blank\">El pueblo Q&#8217;anjob&#8217;al tiene una larga historia y el coraz\u00f3n en Jolom Konob&#8217;<\/a>\n            <\/h3>                                    <div class=\"blfe-post-grid-meta\">\n                <span class=\"blfe-post-grid-time\"><i class=\"fas fa-book-reader\"><\/i>8 Min read<\/span>            <\/div>\n                                                                                <\/div>\n                <\/div>\n\n            <\/div>\n        <\/div>\n                <div class=\"blfe-post-grid-item \">\n            <div class=\"blfe-post-grid-item-inner blfe-modern-zoom\">\n                        <div class=\"blfe-post-grid-bg-image\">\n            <a class=\"blfe-post-grid-image-inner\" href=\"https:\/\/soymigrante.com\/revista\/pueblo-sakapulteko-se-concentro-en-tajul-hace-mil-anos\/\" title=\"Pueblo Sakapulteko se concentr\u00f3 en la gran Tujaal hace mil a\u00f1os\" rel=\"nofollow\" target=\"_blank\"><img decoding=\"async\" src=\"https:\/\/soymigrante.com\/revista\/wp-content\/uploads\/2024\/09\/sakapulteko.webp\" alt=\"Pueblo Sakapulteko se concentr\u00f3 en la gran Tujaal hace mil a\u00f1os\"\/><\/a>        <\/div>\n                        <div class=\"blfe-post-grid-details\">\n                    <div class=\"blfe-post-grid-details-inner\">\n                        <span class=\"blfe-post-category\"><a href=\"https:\/\/soymigrante.com\/revista\/category\/guate-nuestra\/pueblos-de-guatemala\/\">Pueblos de Guatemala<\/a><\/span>                        <h3 class=\"blfe-post-grid-title\">\n            <a href=\"https:\/\/soymigrante.com\/revista\/pueblo-sakapulteko-se-concentro-en-tajul-hace-mil-anos\/\" title=\"Pueblo Sakapulteko se concentr\u00f3 en la gran Tujaal hace mil a\u00f1os\" rel=\"nofollow\" target=\"_blank\">Pueblo Sakapulteko se concentr\u00f3 en la gran Tujaal hace mil a\u00f1os<\/a>\n            <\/h3>                                    <div class=\"blfe-post-grid-meta\">\n                <span class=\"blfe-post-grid-time\"><i class=\"fas fa-book-reader\"><\/i>7 Min read<\/span>            <\/div>\n                                                                                <\/div>\n                <\/div>\n\n            <\/div>\n        <\/div>\n                <div class=\"blfe-post-grid-item \">\n            <div class=\"blfe-post-grid-item-inner blfe-modern-zoom\">\n                        <div class=\"blfe-post-grid-bg-image\">\n            <a class=\"blfe-post-grid-image-inner\" href=\"https:\/\/soymigrante.com\/revista\/el-idioma-del-pueblo-sipakapense-fue-reconocido-hasta-1987\/\" title=\"El idioma del Pueblo Sipakapense fue reconocido hasta 1987\" rel=\"nofollow\" target=\"_blank\"><img decoding=\"async\" src=\"https:\/\/soymigrante.com\/revista\/wp-content\/uploads\/2024\/09\/producciones-ixchel.webp\" alt=\"El idioma del Pueblo Sipakapense fue reconocido hasta 1987\"\/><\/a>        <\/div>\n                        <div class=\"blfe-post-grid-details\">\n                    <div class=\"blfe-post-grid-details-inner\">\n                        <span class=\"blfe-post-category\"><a href=\"https:\/\/soymigrante.com\/revista\/category\/guate-nuestra\/pueblos-de-guatemala\/\">Pueblos de Guatemala<\/a><\/span>                        <h3 class=\"blfe-post-grid-title\">\n            <a href=\"https:\/\/soymigrante.com\/revista\/el-idioma-del-pueblo-sipakapense-fue-reconocido-hasta-1987\/\" title=\"El idioma del Pueblo Sipakapense fue reconocido hasta 1987\" rel=\"nofollow\" target=\"_blank\">El idioma del Pueblo Sipakapense fue reconocido hasta 1987<\/a>\n            <\/h3>                                    <div class=\"blfe-post-grid-meta\">\n                <span class=\"blfe-post-grid-time\"><i class=\"fas fa-book-reader\"><\/i>7 Min read<\/span>            <\/div>\n                                                                                <\/div>\n                <\/div>\n\n            <\/div>\n        <\/div>\n                <div class=\"blfe-post-grid-item \">\n            <div class=\"blfe-post-grid-item-inner blfe-modern-zoom\">\n                        <div class=\"blfe-post-grid-bg-image\">\n            <a class=\"blfe-post-grid-image-inner\" href=\"https:\/\/soymigrante.com\/revista\/pueblo-tektikeko-tiene-1500-anos-de-existencia-y-18-giros-para-llegar\/\" title=\"Pueblo Tektikeko tiene 1,500 a\u00f1os de existencia y 18 giros para llegar\" rel=\"nofollow\" target=\"_blank\"><img decoding=\"async\" src=\"https:\/\/soymigrante.com\/revista\/wp-content\/uploads\/2024\/09\/tektiteka-almg.webp\" alt=\"Pueblo Tektikeko tiene 1,500 a\u00f1os de existencia y 18 giros para llegar\"\/><\/a>        <\/div>\n                        <div class=\"blfe-post-grid-details\">\n                    <div class=\"blfe-post-grid-details-inner\">\n                        <span class=\"blfe-post-category\"><a href=\"https:\/\/soymigrante.com\/revista\/category\/guate-nuestra\/pueblos-de-guatemala\/\">Pueblos de Guatemala<\/a><\/span>                        <h3 class=\"blfe-post-grid-title\">\n            <a href=\"https:\/\/soymigrante.com\/revista\/pueblo-tektikeko-tiene-1500-anos-de-existencia-y-18-giros-para-llegar\/\" title=\"Pueblo Tektikeko tiene 1,500 a\u00f1os de existencia y 18 giros para llegar\" rel=\"nofollow\" target=\"_blank\">Pueblo Tektikeko tiene 1,500 a\u00f1os de existencia y 18 giros para llegar<\/a>\n            <\/h3>                                    <div class=\"blfe-post-grid-meta\">\n                <span class=\"blfe-post-grid-time\"><i class=\"fas fa-book-reader\"><\/i>7 Min read<\/span>            <\/div>\n                                                                                <\/div>\n                <\/div>\n\n            <\/div>\n        <\/div>\n                <div class=\"blfe-post-grid-item \">\n            <div class=\"blfe-post-grid-item-inner blfe-modern-zoom\">\n                        <div class=\"blfe-post-grid-bg-image\">\n            <a class=\"blfe-post-grid-image-inner\" href=\"https:\/\/soymigrante.com\/revista\/pueblo-xinka-esta-vivo-y-presente-en-el-suroriente-guatemalteco\/\" title=\"Pueblo Xinka est\u00e1 vivo y presente en el suroriente guatemalteco\" rel=\"nofollow\" target=\"_blank\"><img decoding=\"async\" src=\"https:\/\/soymigrante.com\/revista\/wp-content\/uploads\/2024\/09\/xincas.webp\" alt=\"Pueblo Xinka est\u00e1 vivo y presente en el suroriente guatemalteco\"\/><\/a>        <\/div>\n                        <div class=\"blfe-post-grid-details\">\n                    <div class=\"blfe-post-grid-details-inner\">\n                        <span class=\"blfe-post-category\"><a href=\"https:\/\/soymigrante.com\/revista\/category\/guate-nuestra\/pueblos-de-guatemala\/\">Pueblos de Guatemala<\/a><\/span>                        <h3 class=\"blfe-post-grid-title\">\n            <a href=\"https:\/\/soymigrante.com\/revista\/pueblo-xinka-esta-vivo-y-presente-en-el-suroriente-guatemalteco\/\" title=\"Pueblo Xinka est\u00e1 vivo y presente en el suroriente guatemalteco\" rel=\"nofollow\" target=\"_blank\">Pueblo Xinka est\u00e1 vivo y presente en el suroriente guatemalteco<\/a>\n            <\/h3>                                    <div class=\"blfe-post-grid-meta\">\n                <span class=\"blfe-post-grid-time\"><i class=\"fas fa-book-reader\"><\/i>10 Min read<\/span>            <\/div>\n                                                                                <\/div>\n                <\/div>\n\n            <\/div>\n        <\/div>\n                <div class=\"blfe-post-grid-item \">\n            <div class=\"blfe-post-grid-item-inner blfe-modern-zoom\">\n                        <div class=\"blfe-post-grid-bg-image\">\n            <a class=\"blfe-post-grid-image-inner\" href=\"https:\/\/soymigrante.com\/revista\/pueblo-ladino-integra-raices-y-mestizajes-de-guatemala\/\" title=\"Pueblo ladino integra ra\u00edces, identidades y mestizajes culturales de Guatemala\" rel=\"nofollow\" target=\"_blank\"><img decoding=\"async\" src=\"https:\/\/soymigrante.com\/revista\/wp-content\/uploads\/2024\/09\/mestizos.webp\" alt=\"Pueblo ladino integra ra\u00edces, identidades y mestizajes culturales de Guatemala\"\/><\/a>        <\/div>\n                        <div class=\"blfe-post-grid-details\">\n                    <div class=\"blfe-post-grid-details-inner\">\n                        <span class=\"blfe-post-category\"><a href=\"https:\/\/soymigrante.com\/revista\/category\/guate-nuestra\/pueblos-de-guatemala\/\">Pueblos de Guatemala<\/a><\/span>                        <h3 class=\"blfe-post-grid-title\">\n            <a href=\"https:\/\/soymigrante.com\/revista\/pueblo-ladino-integra-raices-y-mestizajes-de-guatemala\/\" title=\"Pueblo ladino integra ra\u00edces, identidades y mestizajes culturales de Guatemala\" rel=\"nofollow\" target=\"_blank\">Pueblo ladino integra ra\u00edces, identidades y mestizajes culturales de Guatemala<\/a>\n            <\/h3>                                    <div class=\"blfe-post-grid-meta\">\n                <span class=\"blfe-post-grid-time\"><i class=\"fas fa-book-reader\"><\/i>7 Min read<\/span>            <\/div>\n                                                                                <\/div>\n                <\/div>\n\n            <\/div>\n        <\/div>\n                        <\/div>\n\n                        <\/div>\n            \n                        <div class=\"blfe-post-footer\">\n                        <\/div>\n            \t\t\t\t<\/div>\n\t\t\t\t<\/div>\n\t\t\t\t\t<\/div>\n\t\t\t\t<\/div>\n\t\t\t\t<\/div>\n\t\t","protected":false},"excerpt":{"rendered":"<p>Guatemala es crisol de identidades, coraz\u00f3n multicultural de Mesoam\u00e9rica, territorio tejido por 25 pueblos: 22 mayas, m\u00e1s gar\u00edfuna, xinca y ladinos o mestizos. Todos comparten expresiones y tradiciones diversas, pero todos unidos por la pertenencia a la Tierra del Quetzal. Guatemala es como un huipil maya tejido por las manos de Dios y de la [&hellip;]<\/p>\n","protected":false},"author":7,"featured_media":10291,"comment_status":"open","ping_status":"open","sticky":false,"template":"","format":"standard","meta":{"_acf_changed":true,"_eb_attr":"","footnotes":""},"categories":[58],"tags":[],"class_list":["post-10287","post","type-post","status-publish","format-standard","has-post-thumbnail","hentry","category-guate-nuestra"],"acf":[],"aioseo_notices":[],"aioseo_head":"\n\t\t<!-- All in One SEO Pro 4.9.6.2 - aioseo.com -->\n\t<meta name=\"description\" content=\"Seg\u00fan el Censo de Poblaci\u00f3n, el 58% de guatemaltecos se identifica como ladino o mestizo: una confluencia de or\u00edgenes con elementos ind\u00edgenas, espa\u00f1oles y m\u00e1s.\" \/>\n\t<meta name=\"robots\" content=\"max-snippet:-1, max-image-preview:large, max-video-preview:-1\" \/>\n\t<meta name=\"author\" content=\"Gustavo Montenegro\"\/>\n\t<link rel=\"canonical\" href=\"https:\/\/soymigrante.com\/revista\/pueblo-ladino-integra-raices-y-mestizajes-de-guatemala\/\" \/>\n\t<meta name=\"generator\" content=\"All in One SEO Pro (AIOSEO) 4.9.6.2\" \/>\n\n\t\t<link rel=\"preconnect\" href=\"https:\/\/fonts.googleapis.com\" crossorigin>\n<link rel=\"preconnect\" href=\"https:\/\/fonts.gstatic.com\" crossorigin>\n\t\t<meta property=\"og:locale\" content=\"es_ES\" \/>\n\t\t<meta property=\"og:site_name\" content=\"SoyMigrante.com REVISTA \u2013 Nuestra misi\u00f3n es reconocer y dignificar al migrante.\" \/>\n\t\t<meta property=\"og:type\" content=\"article\" \/>\n\t\t<meta property=\"og:title\" content=\"Pueblo ladino integra ra\u00edces y mestizajes de Guatemala\" \/>\n\t\t<meta property=\"og:description\" content=\"Seg\u00fan el Censo de Poblaci\u00f3n, el 58% de guatemaltecos se identifica como ladino o mestizo: una confluencia de or\u00edgenes con elementos ind\u00edgenas, espa\u00f1oles y m\u00e1s.\" \/>\n\t\t<meta property=\"og:url\" content=\"https:\/\/soymigrante.com\/revista\/pueblo-ladino-integra-raices-y-mestizajes-de-guatemala\/\" \/>\n\t\t<meta property=\"og:image\" content=\"https:\/\/soymigrante.com\/revista\/wp-content\/uploads\/2024\/09\/mestizos.webp\" \/>\n\t\t<meta property=\"og:image:secure_url\" content=\"https:\/\/soymigrante.com\/revista\/wp-content\/uploads\/2024\/09\/mestizos.webp\" \/>\n\t\t<meta property=\"og:image:width\" content=\"968\" \/>\n\t\t<meta property=\"og:image:height\" content=\"968\" \/>\n\t\t<meta property=\"article:published_time\" content=\"2024-09-20T17:19:36+00:00\" \/>\n\t\t<meta property=\"article:modified_time\" content=\"2025-09-16T13:59:01+00:00\" \/>\n\t\t<meta property=\"article:publisher\" content=\"https:\/\/www.facebook.com\/soymigrantecom\" \/>\n\t\t<meta name=\"twitter:card\" content=\"summary_large_image\" \/>\n\t\t<meta name=\"twitter:site\" content=\"@SoyMigrante_com\" \/>\n\t\t<meta name=\"twitter:title\" content=\"Pueblo ladino integra ra\u00edces y mestizajes de Guatemala\" \/>\n\t\t<meta name=\"twitter:description\" content=\"Seg\u00fan el Censo de Poblaci\u00f3n, el 58% de guatemaltecos se identifica como ladino o mestizo: una confluencia de or\u00edgenes con elementos ind\u00edgenas, espa\u00f1oles y m\u00e1s.\" \/>\n\t\t<meta name=\"twitter:creator\" content=\"@SoyMigrante_com\" \/>\n\t\t<meta name=\"twitter:image\" content=\"https:\/\/soymigrante.com\/revista\/wp-content\/uploads\/2024\/09\/mestizos.webp\" \/>\n\t\t<!-- All in One SEO Pro -->\r\n\t\t<title>Pueblo ladino integra ra\u00edces y mestizajes de Guatemala<\/title>\n\n","aioseo_head_json":{"title":"Pueblo ladino integra ra\u00edces y mestizajes de Guatemala","description":"Seg\u00fan el Censo de Poblaci\u00f3n, el 58% de guatemaltecos se identifica como ladino o mestizo: una confluencia de or\u00edgenes con elementos ind\u00edgenas, espa\u00f1oles y m\u00e1s.","canonical_url":"https:\/\/soymigrante.com\/revista\/pueblo-ladino-integra-raices-y-mestizajes-de-guatemala\/","robots":"max-snippet:-1, max-image-preview:large, max-video-preview:-1","keywords":"","webmasterTools":{"miscellaneous":"&lt;link rel=\"preconnect\" href=\"https:\/\/fonts.googleapis.com\" crossorigin&gt;\n&lt;link rel=\"preconnect\" href=\"https:\/\/fonts.gstatic.com\" crossorigin&gt;"},"schema":null,"og:locale":"es_ES","og:site_name":"SoyMigrante.com REVISTA \u2013 Nuestra misi\u00f3n es reconocer y dignificar al migrante.","og:type":"article","og:title":"Pueblo ladino integra ra\u00edces y mestizajes de Guatemala","og:description":"Seg\u00fan el Censo de Poblaci\u00f3n, el 58% de guatemaltecos se identifica como ladino o mestizo: una confluencia de or\u00edgenes con elementos ind\u00edgenas, espa\u00f1oles y m\u00e1s.","og:url":"https:\/\/soymigrante.com\/revista\/pueblo-ladino-integra-raices-y-mestizajes-de-guatemala\/","og:image":"https:\/\/soymigrante.com\/revista\/wp-content\/uploads\/2024\/09\/mestizos.webp","og:image:secure_url":"https:\/\/soymigrante.com\/revista\/wp-content\/uploads\/2024\/09\/mestizos.webp","og:image:width":968,"og:image:height":968,"article:published_time":"2024-09-20T17:19:36+00:00","article:modified_time":"2025-09-16T13:59:01+00:00","article:publisher":"https:\/\/www.facebook.com\/soymigrantecom","twitter:card":"summary_large_image","twitter:site":"@SoyMigrante_com","twitter:title":"Pueblo ladino integra ra\u00edces y mestizajes de Guatemala","twitter:description":"Seg\u00fan el Censo de Poblaci\u00f3n, el 58% de guatemaltecos se identifica como ladino o mestizo: una confluencia de or\u00edgenes con elementos ind\u00edgenas, espa\u00f1oles y m\u00e1s.","twitter:creator":"@SoyMigrante_com","twitter:image":"https:\/\/soymigrante.com\/revista\/wp-content\/uploads\/2024\/09\/mestizos.webp"},"aioseo_meta_data":{"post_id":"10287","title":"12 de octubre: D\u00eda de encuentro de los pueblos de Guatemala","description":null,"keywords":null,"keyphrases":{"focus":{"keyphrase":"Guatemala","score":78,"analysis":{"keyphraseInTitle":{"score":9,"maxScore":9,"error":0},"keyphraseInDescription":{"score":9,"maxScore":9,"error":0},"keyphraseLength":{"score":9,"maxScore":9,"error":0,"length":1},"keyphraseInURL":{"score":5,"maxScore":5,"error":0},"keyphraseInIntroduction":{"score":9,"maxScore":9,"error":0},"keyphraseInSubHeadings":{"score":3,"maxScore":9,"error":1},"keyphraseInImageAlt":{"score":9,"maxScore":9,"error":0},"keywordDensity":{"type":"high","score":0,"maxScore":9,"error":1}}},"additional":[{"keyphrase":"Pueblos","score":53,"analysis":{"keyphraseInDescription":{"score":9,"maxScore":9,"error":0},"keyphraseLength":{"score":9,"maxScore":9,"error":0,"length":1},"keyphraseInIntroduction":{"score":3,"maxScore":9,"error":1},"keyphraseInImageAlt":{"score":3,"maxScore":9,"error":1},"keywordDensity":{"type":"high","score":0,"maxScore":9,"error":1}}}]},"primary_term":null,"canonical_url":null,"og_title":null,"og_description":null,"og_object_type":"default","og_image_type":"default","og_image_url":null,"og_image_width":null,"og_image_height":null,"og_image_custom_url":null,"og_image_custom_fields":null,"og_video":"","og_custom_url":null,"og_article_section":null,"og_article_tags":null,"twitter_use_og":false,"twitter_card":"default","twitter_image_type":"default","twitter_image_url":null,"twitter_image_custom_url":null,"twitter_image_custom_fields":null,"twitter_title":null,"twitter_description":null,"schema":{"blockGraphs":[],"customGraphs":[],"default":{"data":{"Article":[],"Course":[],"Dataset":[],"FAQPage":[],"Movie":[],"Person":[],"Product":[],"ProductReview":[],"Car":[],"Recipe":[],"Service":[],"SoftwareApplication":[],"WebPage":[]},"graphName":"Article","isEnabled":true},"graphs":[]},"schema_type":"default","schema_type_options":null,"pillar_content":false,"robots_default":true,"robots_noindex":false,"robots_noarchive":false,"robots_nosnippet":false,"robots_nofollow":false,"robots_noimageindex":false,"robots_noodp":false,"robots_notranslate":false,"robots_max_snippet":"-1","robots_max_videopreview":"-1","robots_max_imagepreview":"large","priority":null,"frequency":"default","local_seo":null,"seo_analyzer_scan_date":"2025-10-08 23:38:22","breadcrumb_settings":null,"limit_modified_date":false,"reviewed_by":null,"open_ai":"{\"title\":{\"suggestions\":[],\"usage\":0},\"description\":{\"suggestions\":[],\"usage\":0}}","ai":null,"created":"2024-10-11 15:26:22","updated":"2026-02-04 14:55:19"},"aioseo_breadcrumb":"<div class=\"aioseo-breadcrumbs\"><span class=\"aioseo-breadcrumb\">\n\t<a href=\"https:\/\/soymigrante.com\/revista\" title=\"Home\">Home<\/a>\n<\/span><span class=\"aioseo-breadcrumb-separator\">\u00bb<\/span><span class=\"aioseo-breadcrumb\">\n\t<a href=\"https:\/\/soymigrante.com\/revista\/category\/guate-nuestra\/\" title=\"Guate Nuestra\">Guate Nuestra<\/a>\n<\/span><span class=\"aioseo-breadcrumb-separator\">\u00bb<\/span><span class=\"aioseo-breadcrumb\">\n\t12 de octubre: D\u00eda de respeto y  encuentro de todos los Pueblos dentro y fuera de Guatemala\n<\/span><\/div>","aioseo_breadcrumb_json":[{"label":"Home","link":"https:\/\/soymigrante.com\/revista"},{"label":"Guate Nuestra","link":"https:\/\/soymigrante.com\/revista\/category\/guate-nuestra\/"},{"label":"12 de octubre: D\u00eda de respeto y  encuentro de todos los Pueblos dentro y fuera de Guatemala","link":"https:\/\/soymigrante.com\/revista\/pueblos-de-guatemala\/"}],"_links":{"self":[{"href":"https:\/\/soymigrante.com\/revista\/wp-json\/wp\/v2\/posts\/10287","targetHints":{"allow":["GET"]}}],"collection":[{"href":"https:\/\/soymigrante.com\/revista\/wp-json\/wp\/v2\/posts"}],"about":[{"href":"https:\/\/soymigrante.com\/revista\/wp-json\/wp\/v2\/types\/post"}],"author":[{"embeddable":true,"href":"https:\/\/soymigrante.com\/revista\/wp-json\/wp\/v2\/users\/7"}],"replies":[{"embeddable":true,"href":"https:\/\/soymigrante.com\/revista\/wp-json\/wp\/v2\/comments?post=10287"}],"version-history":[{"count":0,"href":"https:\/\/soymigrante.com\/revista\/wp-json\/wp\/v2\/posts\/10287\/revisions"}],"wp:featuredmedia":[{"embeddable":true,"href":"https:\/\/soymigrante.com\/revista\/wp-json\/wp\/v2\/media\/10291"}],"wp:attachment":[{"href":"https:\/\/soymigrante.com\/revista\/wp-json\/wp\/v2\/media?parent=10287"}],"wp:term":[{"taxonomy":"category","embeddable":true,"href":"https:\/\/soymigrante.com\/revista\/wp-json\/wp\/v2\/categories?post=10287"},{"taxonomy":"post_tag","embeddable":true,"href":"https:\/\/soymigrante.com\/revista\/wp-json\/wp\/v2\/tags?post=10287"}],"curies":[{"name":"wp","href":"https:\/\/api.w.org\/{rel}","templated":true}]}}