{"id":10243,"date":"2025-04-26T10:53:49","date_gmt":"2025-04-26T16:53:49","guid":{"rendered":"https:\/\/soymigrante.com\/revista\/?p=10243"},"modified":"2025-04-26T10:53:52","modified_gmt":"2025-04-26T16:53:52","slug":"10-cosas-que-ya-conocias-o-quiza-no-del-lago-peten-itza","status":"publish","type":"post","link":"https:\/\/soymigrante.com\/revista\/10-cosas-que-ya-conocias-o-quiza-no-del-lago-peten-itza\/","title":{"rendered":"10 cosas que ya conoc\u00edas (o quiz\u00e1 no) del Lago Pet\u00e9n Itz\u00e1"},"content":{"rendered":"\t\t<div data-elementor-type=\"wp-post\" data-elementor-id=\"10243\" class=\"elementor elementor-10243\" data-elementor-post-type=\"post\">\n\t\t\t\t<div data-particle_enable=\"false\" data-particle-mobile-disabled=\"false\" class=\"elementor-element elementor-element-ec34bf1 e-flex e-con-boxed e-con e-parent\" data-id=\"ec34bf1\" data-element_type=\"container\" data-e-type=\"container\">\n\t\t\t\t\t<div class=\"e-con-inner\">\n\t\t\t\t<div class=\"elementor-element elementor-element-2b0f481 elementor-widget elementor-widget-heading\" data-id=\"2b0f481\" data-element_type=\"widget\" data-e-type=\"widget\" data-widget_type=\"heading.default\">\n\t\t\t\t\t<h2 class=\"elementor-heading-title elementor-size-default\">El Lago Pet\u00e9n Itz\u00e1, ubicado en el coraz\u00f3n de la regi\u00f3n selv\u00e1tica de Pet\u00e9n, es uno de los cuerpos de agua m\u00e1s fascinantes de Guatemala. \n<\/h2>\t\t\t\t<\/div>\n\t\t\t\t\t<\/div>\n\t\t\t\t<\/div>\n\t\t<div data-particle_enable=\"false\" data-particle-mobile-disabled=\"false\" class=\"elementor-element elementor-element-fff8da7 e-flex e-con-boxed e-con e-parent\" data-id=\"fff8da7\" data-element_type=\"container\" data-e-type=\"container\">\n\t\t\t\t\t<div class=\"e-con-inner\">\n\t\t\t\t<div class=\"elementor-element elementor-element-f7ee8e4 elementor-widget elementor-widget-text-editor\" data-id=\"f7ee8e4\" data-element_type=\"widget\" data-e-type=\"widget\" data-widget_type=\"text-editor.default\">\n\t\t\t\t\t\t\t\t\t<p>El Lago Pet\u00e9n Itza est\u00e1 rodeado de historia, biodiversidad y paisajes \u00fanicos, este lago tiene muchos secretos que quiz\u00e1s no conoc\u00edas. Aqu\u00ed te contamos diez cosas que hacen de este lugar un destino imprescindible.<\/p>\t\t\t\t\t\t\t\t<\/div>\n\t\t\t\t\t<\/div>\n\t\t\t\t<\/div>\n\t\t<div data-particle_enable=\"false\" data-particle-mobile-disabled=\"false\" class=\"elementor-element elementor-element-8300791 e-flex e-con-boxed e-con e-parent\" data-id=\"8300791\" data-element_type=\"container\" data-e-type=\"container\">\n\t\t\t\t\t<div class=\"e-con-inner\">\n\t\t\t\t<div class=\"elementor-element elementor-element-2fc05cb elementor-widget elementor-widget-heading\" data-id=\"2fc05cb\" data-element_type=\"widget\" data-e-type=\"widget\" data-widget_type=\"heading.default\">\n\t\t\t\t\t<h3 class=\"elementor-heading-title elementor-size-default\">1.\tUbicaci\u00f3n en el centro del mundo maya<\/h3>\t\t\t\t<\/div>\n\t\t\t\t\t<\/div>\n\t\t\t\t<\/div>\n\t\t<div data-particle_enable=\"false\" data-particle-mobile-disabled=\"false\" class=\"elementor-element elementor-element-a63ef21 e-flex e-con-boxed e-con e-parent\" data-id=\"a63ef21\" data-element_type=\"container\" data-e-type=\"container\">\n\t\t\t\t\t<div class=\"e-con-inner\">\n\t\t\t\t<div class=\"elementor-element elementor-element-0e88f90 elementor-widget elementor-widget-text-editor\" data-id=\"0e88f90\" data-element_type=\"widget\" data-e-type=\"widget\" data-widget_type=\"text-editor.default\">\n\t\t\t\t\t\t\t\t\t<p>El Lago Pet\u00e9n Itz\u00e1 est\u00e1 situado en el departamento de Pet\u00e9n, al norte de Guatemala. Este lago es el centro de la regi\u00f3n que fu<a href=\"https:\/\/soymigrante.com\/revista\/category\/guate-nuestra\/pueblos-de-guatemala\/\" target=\"_blank\" rel=\"noopener\">e hogar de la antigua civilizaci\u00f3n maya, con sitios arqueol\u00f3gicos como Tikal, Yaxh\u00e1 y Uaxact\u00fan a su alrededor.<\/a> Se encuentra a aproximadamente 527 kil\u00f3metros de la Ciudad de Guatemala, un viaje que puede durar entre 8 y 10 horas en autom\u00f3vil.<\/p>\t\t\t\t\t\t\t\t<\/div>\n\t\t\t\t\t<\/div>\n\t\t\t\t<\/div>\n\t\t<div data-particle_enable=\"false\" data-particle-mobile-disabled=\"false\" class=\"elementor-element elementor-element-fed7427 e-flex e-con-boxed e-con e-parent\" data-id=\"fed7427\" data-element_type=\"container\" data-e-type=\"container\">\n\t\t\t\t\t<div class=\"e-con-inner\">\n\t\t\t\t<div class=\"elementor-element elementor-element-47f8af0 elementor-widget elementor-widget-google_maps\" data-id=\"47f8af0\" data-element_type=\"widget\" data-e-type=\"widget\" data-widget_type=\"google_maps.default\">\n\t\t\t\t\t\t\t<div class=\"elementor-custom-embed\">\n\t\t\t<iframe loading=\"lazy\"\n\t\t\t\t\tsrc=\"https:\/\/maps.google.com\/maps?q=lago%20peten%20i&#038;t=m&#038;z=10&#038;output=embed&#038;iwloc=near\"\n\t\t\t\t\ttitle=\"lago peten i\"\n\t\t\t\t\taria-label=\"lago peten i\"\n\t\t\t><\/iframe>\n\t\t<\/div>\n\t\t\t\t\t\t<\/div>\n\t\t\t\t\t<\/div>\n\t\t\t\t<\/div>\n\t\t<div data-particle_enable=\"false\" data-particle-mobile-disabled=\"false\" class=\"elementor-element elementor-element-b8f8022 e-flex e-con-boxed e-con e-parent\" data-id=\"b8f8022\" data-element_type=\"container\" data-e-type=\"container\">\n\t\t\t\t\t<div class=\"e-con-inner\">\n\t\t\t\t<div class=\"elementor-element elementor-element-87fd606 elementor-widget elementor-widget-heading\" data-id=\"87fd606\" data-element_type=\"widget\" data-e-type=\"widget\" data-widget_type=\"heading.default\">\n\t\t\t\t\t<h3 class=\"elementor-heading-title elementor-size-default\">2.\tEl tercer lago m\u00e1s grande de Guatemala<\/h3>\t\t\t\t<\/div>\n\t\t\t\t\t<\/div>\n\t\t\t\t<\/div>\n\t\t<div data-particle_enable=\"false\" data-particle-mobile-disabled=\"false\" class=\"elementor-element elementor-element-4d8774e e-flex e-con-boxed e-con e-parent\" data-id=\"4d8774e\" data-element_type=\"container\" data-e-type=\"container\">\n\t\t\t\t\t<div class=\"e-con-inner\">\n\t\t\t\t<div class=\"elementor-element elementor-element-f7b9fc7 elementor-widget elementor-widget-text-editor\" data-id=\"f7b9fc7\" data-element_type=\"widget\" data-e-type=\"widget\" data-widget_type=\"text-editor.default\">\n\t\t\t\t\t\t\t\t\t<p>Con una superficie de alrededor de 99 kil\u00f3metros cuadrados, el Lago Pet\u00e9n Itz\u00e1 es el tercer lago m\u00e1s grande del pa\u00eds, despu\u00e9s del Lago de Izabal y el Lago de Atitl\u00e1n. Su tama\u00f1o lo convierte en un ecosistema vital y un atractivo tur\u00edstico de gran relevancia en la regi\u00f3n.<\/p>\t\t\t\t\t\t\t\t<\/div>\n\t\t\t\t\t<\/div>\n\t\t\t\t<\/div>\n\t\t<div data-particle_enable=\"false\" data-particle-mobile-disabled=\"false\" class=\"elementor-element elementor-element-4871c1e e-flex e-con-boxed e-con e-parent\" data-id=\"4871c1e\" data-element_type=\"container\" data-e-type=\"container\">\n\t\t\t\t\t<div class=\"e-con-inner\">\n\t\t\t\t<div class=\"elementor-element elementor-element-7639599 elementor-widget elementor-widget-heading\" data-id=\"7639599\" data-element_type=\"widget\" data-e-type=\"widget\" data-widget_type=\"heading.default\">\n\t\t\t\t\t<h3 class=\"elementor-heading-title elementor-size-default\">3.\tProfundidad impresionante<\/h3>\t\t\t\t<\/div>\n\t\t\t\t\t<\/div>\n\t\t\t\t<\/div>\n\t\t<div data-particle_enable=\"false\" data-particle-mobile-disabled=\"false\" class=\"elementor-element elementor-element-073c507 e-flex e-con-boxed e-con e-parent\" data-id=\"073c507\" data-element_type=\"container\" data-e-type=\"container\">\n\t\t\t\t\t<div class=\"e-con-inner\">\n\t\t\t\t<div class=\"elementor-element elementor-element-efcd0f3 elementor-widget elementor-widget-text-editor\" data-id=\"efcd0f3\" data-element_type=\"widget\" data-e-type=\"widget\" data-widget_type=\"text-editor.default\">\n\t\t\t\t\t\t\t\t\t<p>Este lago tiene una profundidad promedio de 50 metros, pero en algunas \u00e1reas puede alcanzar los 160 metros, lo que lo convierte en uno de los lagos m\u00e1s profundos de Guatemala. Las aguas cristalinas permiten observar su vida acu\u00e1tica con claridad en muchas zonas.<\/p>\t\t\t\t\t\t\t\t<\/div>\n\t\t\t\t\t<\/div>\n\t\t\t\t<\/div>\n\t\t<div data-particle_enable=\"false\" data-particle-mobile-disabled=\"false\" class=\"elementor-element elementor-element-caf96e5 e-flex e-con-boxed e-con e-parent\" data-id=\"caf96e5\" data-element_type=\"container\" data-e-type=\"container\">\n\t\t\t\t\t<div class=\"e-con-inner\">\n\t\t\t\t<div class=\"elementor-element elementor-element-c6c2b8a elementor-widget elementor-widget-facebook-embed\" data-id=\"c6c2b8a\" data-element_type=\"widget\" data-e-type=\"widget\" data-widget_type=\"facebook-embed.default\">\n\t\t\t\t\t<div style=\"min-height: 1px\" class=\"elementor-facebook-widget fb-post\" data-href=\"https:\/\/www.facebook.com\/ConociendoGuatemala502\/posts\/pfbid02VvaarL9UnoD7w5dXEAnpzExGtgLGNpRy3JZ1t1GmHMSukfapwRcUhcnDKj4ir22el\" data-show-text=\"false\"><\/div>\t\t\t\t<\/div>\n\t\t\t\t\t<\/div>\n\t\t\t\t<\/div>\n\t\t<div data-particle_enable=\"false\" data-particle-mobile-disabled=\"false\" class=\"elementor-element elementor-element-af0f608 e-flex e-con-boxed e-con e-parent\" data-id=\"af0f608\" data-element_type=\"container\" data-e-type=\"container\">\n\t\t\t\t\t<div class=\"e-con-inner\">\n\t\t\t\t<div class=\"elementor-element elementor-element-4b77e81 elementor-widget elementor-widget-heading\" data-id=\"4b77e81\" data-element_type=\"widget\" data-e-type=\"widget\" data-widget_type=\"heading.default\">\n\t\t\t\t\t<h3 class=\"elementor-heading-title elementor-size-default\">4.\tIsla de Flores, un para\u00edso flotante<\/h3>\t\t\t\t<\/div>\n\t\t\t\t\t<\/div>\n\t\t\t\t<\/div>\n\t\t<div data-particle_enable=\"false\" data-particle-mobile-disabled=\"false\" class=\"elementor-element elementor-element-cefac65 e-flex e-con-boxed e-con e-parent\" data-id=\"cefac65\" data-element_type=\"container\" data-e-type=\"container\">\n\t\t\t\t\t<div class=\"e-con-inner\">\n\t\t\t\t<div class=\"elementor-element elementor-element-d1fd02a elementor-widget elementor-widget-text-editor\" data-id=\"d1fd02a\" data-element_type=\"widget\" data-e-type=\"widget\" data-widget_type=\"text-editor.default\">\n\t\t\t\t\t\t\t\t\t<p>En el lago se encuentra la Isla de Flores, una peque\u00f1a isla que hoy es la cabecera municipal del departamento de Pet\u00e9n. Flores est\u00e1 llena de historia, ya que fue el \u00faltimo basti\u00f3n de la civilizaci\u00f3n maya, que resisti\u00f3 la conquista espa\u00f1ola hasta 1697. Hoy, la isla es un encantador destino tur\u00edstico con calles empedradas, restaurantes y una rica herencia cultural.<\/p>\t\t\t\t\t\t\t\t<\/div>\n\t\t\t\t\t<\/div>\n\t\t\t\t<\/div>\n\t\t<div data-particle_enable=\"false\" data-particle-mobile-disabled=\"false\" class=\"elementor-element elementor-element-a124eb7 e-flex e-con-boxed e-con e-parent\" data-id=\"a124eb7\" data-element_type=\"container\" data-e-type=\"container\">\n\t\t\t\t\t<div class=\"e-con-inner\">\n\t\t\t\t<div class=\"elementor-element elementor-element-1b2c66d elementor-widget elementor-widget-heading\" data-id=\"1b2c66d\" data-element_type=\"widget\" data-e-type=\"widget\" data-widget_type=\"heading.default\">\n\t\t\t\t\t<h3 class=\"elementor-heading-title elementor-size-default\">5.\tHogar de una biodiversidad asombrosa<\/h3>\t\t\t\t<\/div>\n\t\t\t\t\t<\/div>\n\t\t\t\t<\/div>\n\t\t<div data-particle_enable=\"false\" data-particle-mobile-disabled=\"false\" class=\"elementor-element elementor-element-1ad7214 e-flex e-con-boxed e-con e-parent\" data-id=\"1ad7214\" data-element_type=\"container\" data-e-type=\"container\">\n\t\t\t\t\t<div class=\"e-con-inner\">\n\t\t\t\t<div class=\"elementor-element elementor-element-5cb17eb elementor-widget elementor-widget-text-editor\" data-id=\"5cb17eb\" data-element_type=\"widget\" data-e-type=\"widget\" data-widget_type=\"text-editor.default\">\n\t\t\t\t\t\t\t\t\t<p>Las aguas y alrededores del<a href=\"https:\/\/soymigrante.com\/revista\/category\/guate-nuestra\/pueblos-de-guatemala\/\" target=\"_blank\" rel=\"noopener\"> Lago Pet\u00e9n Itz\u00e1 albergan una gran cantidad de fauna<\/a>. Entre los animales que puedes encontrar est\u00e1n el cocodrilo americano, varias especies de tortugas, y aves como garzas, tucanes y guacamayas. Las selvas cercanas tambi\u00e9n son el hogar de jaguares, monos aulladores y una gran variedad de insectos.<\/p>\t\t\t\t\t\t\t\t<\/div>\n\t\t\t\t\t<\/div>\n\t\t\t\t<\/div>\n\t\t<div data-particle_enable=\"false\" data-particle-mobile-disabled=\"false\" class=\"elementor-element elementor-element-3ad46cf e-flex e-con-boxed e-con e-parent\" data-id=\"3ad46cf\" data-element_type=\"container\" data-e-type=\"container\">\n\t\t\t\t\t<div class=\"e-con-inner\">\n\t\t\t\t<div class=\"elementor-element elementor-element-1462dae elementor-widget elementor-widget-heading\" data-id=\"1462dae\" data-element_type=\"widget\" data-e-type=\"widget\" data-widget_type=\"heading.default\">\n\t\t\t\t\t<h3 class=\"elementor-heading-title elementor-size-default\">6.\tPeces end\u00e9micos del lago<\/h3>\t\t\t\t<\/div>\n\t\t\t\t\t<\/div>\n\t\t\t\t<\/div>\n\t\t<div data-particle_enable=\"false\" data-particle-mobile-disabled=\"false\" class=\"elementor-element elementor-element-9bdc416 e-flex e-con-boxed e-con e-parent\" data-id=\"9bdc416\" data-element_type=\"container\" data-e-type=\"container\">\n\t\t\t\t\t<div class=\"e-con-inner\">\n\t\t\t\t<div class=\"elementor-element elementor-element-93c7923 elementor-widget elementor-widget-text-editor\" data-id=\"93c7923\" data-element_type=\"widget\" data-e-type=\"widget\" data-widget_type=\"text-editor.default\">\n\t\t\t\t\t\t\t\t\t<p>El Lago Pet\u00e9n Itz\u00e1 es conocido por albergar varias especies de peces, entre ellas algunas end\u00e9micas que no se encuentran en ning\u00fan otro lugar. Entre los m\u00e1s destacados est\u00e1n la mojarra Petenia splendida y la tilapia. La pesca artesanal es una actividad com\u00fan en la zona, tanto para la subsistencia como para el turismo.<\/p>\t\t\t\t\t\t\t\t<\/div>\n\t\t\t\t\t<\/div>\n\t\t\t\t<\/div>\n\t\t<div data-particle_enable=\"false\" data-particle-mobile-disabled=\"false\" class=\"elementor-element elementor-element-87f4de3 e-flex e-con-boxed e-con e-parent\" data-id=\"87f4de3\" data-element_type=\"container\" data-e-type=\"container\">\n\t\t\t\t\t<div class=\"e-con-inner\">\n\t\t\t\t<div class=\"elementor-element elementor-element-50f39b6 elementor-widget elementor-widget-image\" data-id=\"50f39b6\" data-element_type=\"widget\" data-e-type=\"widget\" data-widget_type=\"image.default\">\n\t\t\t\t\t\t\t\t\t\t\t\t\t\t\t<img fetchpriority=\"high\" decoding=\"async\" width=\"768\" height=\"768\" src=\"https:\/\/soymigrante.com\/revista\/wp-content\/uploads\/2024\/10\/peten-ottoniel-e1738564431118-1024x1024.webp\" class=\"attachment-large size-large wp-image-10279\" alt=\"Atardecer en la naturaleza con cielo nublado, sol en el horizonte y reflejo en el agua, simbolizando paz y belleza natural.\" srcset=\"https:\/\/soymigrante.com\/revista\/wp-content\/uploads\/2024\/10\/peten-ottoniel-e1738564431118-1024x1024.webp 1024w, https:\/\/soymigrante.com\/revista\/wp-content\/uploads\/2024\/10\/peten-ottoniel-e1738564431118-300x300.webp 300w, https:\/\/soymigrante.com\/revista\/wp-content\/uploads\/2024\/10\/peten-ottoniel-e1738564431118-150x150.webp 150w, https:\/\/soymigrante.com\/revista\/wp-content\/uploads\/2024\/10\/peten-ottoniel-e1738564431118-768x768.webp 768w, https:\/\/soymigrante.com\/revista\/wp-content\/uploads\/2024\/10\/peten-ottoniel-e1738564431118-75x75.webp 75w, https:\/\/soymigrante.com\/revista\/wp-content\/uploads\/2024\/10\/peten-ottoniel-e1738564431118-750x750.webp 750w, https:\/\/soymigrante.com\/revista\/wp-content\/uploads\/2024\/10\/peten-ottoniel-e1738564431118-1140x1140.webp 1140w, https:\/\/soymigrante.com\/revista\/wp-content\/uploads\/2024\/10\/peten-ottoniel-e1738564431118.webp 1437w\" sizes=\"(max-width: 768px) 100vw, 768px\" title=\"peten ottoniel \u2013 SoyMigrante.com REVISTA\" \/>\t\t\t\t\t\t\t\t\t\t\t\t\t\t\t<\/div>\n\t\t\t\t\t<\/div>\n\t\t\t\t<\/div>\n\t\t<div data-particle_enable=\"false\" data-particle-mobile-disabled=\"false\" class=\"elementor-element elementor-element-c289159 e-flex e-con-boxed e-con e-parent\" data-id=\"c289159\" data-element_type=\"container\" data-e-type=\"container\">\n\t\t\t\t\t<div class=\"e-con-inner\">\n\t\t\t\t<div class=\"elementor-element elementor-element-81810fa elementor-widget elementor-widget-heading\" data-id=\"81810fa\" data-element_type=\"widget\" data-e-type=\"widget\" data-widget_type=\"heading.default\">\n\t\t\t\t\t<h3 class=\"elementor-heading-title elementor-size-default\">7.\tCercan\u00eda a sitios arqueol\u00f3gicos<\/h3>\t\t\t\t<\/div>\n\t\t\t\t\t<\/div>\n\t\t\t\t<\/div>\n\t\t<div data-particle_enable=\"false\" data-particle-mobile-disabled=\"false\" class=\"elementor-element elementor-element-53491c2 e-flex e-con-boxed e-con e-parent\" data-id=\"53491c2\" data-element_type=\"container\" data-e-type=\"container\">\n\t\t\t\t\t<div class=\"e-con-inner\">\n\t\t\t\t<div class=\"elementor-element elementor-element-c383222 elementor-widget elementor-widget-text-editor\" data-id=\"c383222\" data-element_type=\"widget\" data-e-type=\"widget\" data-widget_type=\"text-editor.default\">\n\t\t\t\t\t\t\t\t\t<p>Uno de los aspectos m\u00e1s impresionantes del Lago Pet\u00e9n Itz\u00e1 es su proximidad a importantes sitios arqueol\u00f3gicos mayas. Desde la orilla del lago, puedes realizar excursiones a ruinas como Tikal, considerado uno de los centros m\u00e1s poderosos de la civilizaci\u00f3n maya. La cercan\u00eda a estas maravillas arqueol\u00f3gicas convierte al lago en un punto estrat\u00e9gico para los exploradores.<\/p>\t\t\t\t\t\t\t\t<\/div>\n\t\t\t\t\t<\/div>\n\t\t\t\t<\/div>\n\t\t<div data-particle_enable=\"false\" data-particle-mobile-disabled=\"false\" class=\"elementor-element elementor-element-d177f88 e-flex e-con-boxed e-con e-parent\" data-id=\"d177f88\" data-element_type=\"container\" data-e-type=\"container\">\n\t\t\t\t\t<div class=\"e-con-inner\">\n\t\t\t\t<div class=\"elementor-element elementor-element-95f3410 elementor-widget elementor-widget-heading\" data-id=\"95f3410\" data-element_type=\"widget\" data-e-type=\"widget\" data-widget_type=\"heading.default\">\n\t\t\t\t\t<h3 class=\"elementor-heading-title elementor-size-default\">8.\tLeyendas mayas<\/h3>\t\t\t\t<\/div>\n\t\t\t\t\t<\/div>\n\t\t\t\t<\/div>\n\t\t<div data-particle_enable=\"false\" data-particle-mobile-disabled=\"false\" class=\"elementor-element elementor-element-f354156 e-flex e-con-boxed e-con e-parent\" data-id=\"f354156\" data-element_type=\"container\" data-e-type=\"container\">\n\t\t\t\t\t<div class=\"e-con-inner\">\n\t\t\t\t<div class=\"elementor-element elementor-element-5c373a7 elementor-widget elementor-widget-text-editor\" data-id=\"5c373a7\" data-element_type=\"widget\" data-e-type=\"widget\" data-widget_type=\"text-editor.default\">\n\t\t\t\t\t\t\t\t\t<p>El Lago Pet\u00e9n Itz\u00e1 est\u00e1 envuelto en mitos y leyendas mayas. Seg\u00fan la tradici\u00f3n, los Itzaes, un grupo de mayas que habit\u00f3 la regi\u00f3n, consideraban el lago sagrado. <a href=\"https:\/\/soymigrante.com\/revista\/category\/guate-nuestra\/pueblos-de-guatemala\/\" target=\"_blank\" rel=\"noopener\">Cuenta la leyenda que los antiguos l\u00edderes mayas hac\u00edan ofrendas a los dioses en sus aguas,<\/a> y que sus almas a\u00fan protegen el lago desde sus profundidades.<\/p>\t\t\t\t\t\t\t\t<\/div>\n\t\t\t\t\t<\/div>\n\t\t\t\t<\/div>\n\t\t<div data-particle_enable=\"false\" data-particle-mobile-disabled=\"false\" class=\"elementor-element elementor-element-2f29a30 e-flex e-con-boxed e-con e-parent\" data-id=\"2f29a30\" data-element_type=\"container\" data-e-type=\"container\">\n\t\t\t\t\t<div class=\"e-con-inner\">\n\t\t\t\t<div class=\"elementor-element elementor-element-7dc52e1 elementor-widget elementor-widget-heading\" data-id=\"7dc52e1\" data-element_type=\"widget\" data-e-type=\"widget\" data-widget_type=\"heading.default\">\n\t\t\t\t\t<h3 class=\"elementor-heading-title elementor-size-default\">9.\tTemperatura del agua y clima tropical<\/h3>\t\t\t\t<\/div>\n\t\t\t\t\t<\/div>\n\t\t\t\t<\/div>\n\t\t<div data-particle_enable=\"false\" data-particle-mobile-disabled=\"false\" class=\"elementor-element elementor-element-a11289e e-flex e-con-boxed e-con e-parent\" data-id=\"a11289e\" data-element_type=\"container\" data-e-type=\"container\">\n\t\t\t\t\t<div class=\"e-con-inner\">\n\t\t\t\t<div class=\"elementor-element elementor-element-c6c86fa elementor-widget elementor-widget-text-editor\" data-id=\"c6c86fa\" data-element_type=\"widget\" data-e-type=\"widget\" data-widget_type=\"text-editor.default\">\n\t\t\t\t\t\t\t\t\t<p>El agua del lago mantiene una temperatura agradable durante todo el a\u00f1o, oscilando entre los 26 y 30 grados Celsius, lo que lo hace ideal para nadar y practicar deportes acu\u00e1ticos. Adem\u00e1s, el clima de la regi\u00f3n es tropical, con lluvias frecuentes, lo que favorece la abundante vegetaci\u00f3n y la vida silvestre.<\/p>\t\t\t\t\t\t\t\t<\/div>\n\t\t\t\t\t<\/div>\n\t\t\t\t<\/div>\n\t\t<div data-particle_enable=\"false\" data-particle-mobile-disabled=\"false\" class=\"elementor-element elementor-element-15feb5e e-flex e-con-boxed e-con e-parent\" data-id=\"15feb5e\" data-element_type=\"container\" data-e-type=\"container\">\n\t\t\t\t\t<div class=\"e-con-inner\">\n\t\t\t\t<div class=\"elementor-element elementor-element-ab638c1 elementor-widget elementor-widget-video\" data-id=\"ab638c1\" data-element_type=\"widget\" data-e-type=\"widget\" data-settings=\"{&quot;youtube_url&quot;:&quot;https:\\\/\\\/www.youtube.com\\\/watch?v=m_WDQ5WHMxM&quot;,&quot;video_type&quot;:&quot;youtube&quot;,&quot;controls&quot;:&quot;yes&quot;}\" data-widget_type=\"video.default\">\n\t\t\t\t\t\t\t<div class=\"elementor-wrapper elementor-open-inline\">\n\t\t\t<div class=\"elementor-video\"><\/div>\t\t<\/div>\n\t\t\t\t\t\t<\/div>\n\t\t\t\t\t<\/div>\n\t\t\t\t<\/div>\n\t\t<div data-particle_enable=\"false\" data-particle-mobile-disabled=\"false\" class=\"elementor-element elementor-element-7f6fd76 e-flex e-con-boxed e-con e-parent\" data-id=\"7f6fd76\" data-element_type=\"container\" data-e-type=\"container\">\n\t\t\t\t\t<div class=\"e-con-inner\">\n\t\t\t\t<div class=\"elementor-element elementor-element-858e5e7 elementor-widget elementor-widget-heading\" data-id=\"858e5e7\" data-element_type=\"widget\" data-e-type=\"widget\" data-widget_type=\"heading.default\">\n\t\t\t\t\t<h3 class=\"elementor-heading-title elementor-size-default\">10.\tTurismo ecol\u00f3gico y sostenible<\/h3>\t\t\t\t<\/div>\n\t\t\t\t\t<\/div>\n\t\t\t\t<\/div>\n\t\t<div data-particle_enable=\"false\" data-particle-mobile-disabled=\"false\" class=\"elementor-element elementor-element-ae8678a e-flex e-con-boxed e-con e-parent\" data-id=\"ae8678a\" data-element_type=\"container\" data-e-type=\"container\">\n\t\t\t\t\t<div class=\"e-con-inner\">\n\t\t\t\t<div class=\"elementor-element elementor-element-b492153 elementor-widget elementor-widget-text-editor\" data-id=\"b492153\" data-element_type=\"widget\" data-e-type=\"widget\" data-widget_type=\"text-editor.default\">\n\t\t\t\t\t\t\t\t\t<p><a href=\"https:\/\/soymigrante.com\/revista\/category\/guate-nuestra\/pueblos-de-guatemala\/\" target=\"_blank\" rel=\"noopener\">El Lago Pet\u00e9n Itz\u00e1 se ha convertido en un destino popular para el turismo ecol\u00f3gico y sostenible.<\/a> A lo largo de sus orillas, se pueden encontrar ecolodges y centros tur\u00edsticos que promueven pr\u00e1cticas respetuosas con el medio ambiente. Adem\u00e1s, es un sitio perfecto para el avistamiento de aves, la exploraci\u00f3n de la selva y el disfrute de paisajes \u00fanicos.<\/p>\t\t\t\t\t\t\t\t<\/div>\n\t\t\t\t\t<\/div>\n\t\t\t\t<\/div>\n\t\t<div data-particle_enable=\"false\" data-particle-mobile-disabled=\"false\" class=\"elementor-element elementor-element-5c73648 e-flex e-con-boxed e-con e-parent\" data-id=\"5c73648\" data-element_type=\"container\" data-e-type=\"container\">\n\t\t\t\t\t<div class=\"e-con-inner\">\n\t\t\t\t<div class=\"elementor-element elementor-element-f889fe2 elementor-widget elementor-widget-text-editor\" data-id=\"f889fe2\" data-element_type=\"widget\" data-e-type=\"widget\" data-widget_type=\"text-editor.default\">\n\t\t\t\t\t\t\t\t\t<p>El Lago Pet\u00e9n Itz\u00e1 es mucho m\u00e1s que un simple cuerpo de agua. Rodeado de historia maya, fauna espectacular y paisajes naturales impresionantes, este lago es un verdadero tesoro escondido en el norte de Guatemala. Cada visita al Lago Pet\u00e9n Itz\u00e1 ofrece la oportunidad de sumergirse en la historia, la naturaleza y la magia de la regi\u00f3n m\u00e1s enigm\u00e1tica del pa\u00eds.<\/p>\t\t\t\t\t\t\t\t<\/div>\n\t\t\t\t\t<\/div>\n\t\t\t\t<\/div>\n\t\t<div data-particle_enable=\"false\" data-particle-mobile-disabled=\"false\" class=\"elementor-element elementor-element-eb51457 e-flex e-con-boxed e-con e-parent\" data-id=\"eb51457\" data-element_type=\"container\" data-e-type=\"container\">\n\t\t\t\t\t<div class=\"e-con-inner\">\n\t\t\t\t<div class=\"elementor-element elementor-element-4fe404e elementor-widget elementor-widget-video\" data-id=\"4fe404e\" data-element_type=\"widget\" data-e-type=\"widget\" data-settings=\"{&quot;youtube_url&quot;:&quot;https:\\\/\\\/www.youtube.com\\\/watch?v=bpeAQN-2LQU&quot;,&quot;video_type&quot;:&quot;youtube&quot;,&quot;controls&quot;:&quot;yes&quot;}\" data-widget_type=\"video.default\">\n\t\t\t\t\t\t\t<div class=\"elementor-wrapper elementor-open-inline\">\n\t\t\t<div class=\"elementor-video\"><\/div>\t\t<\/div>\n\t\t\t\t\t\t<\/div>\n\t\t\t\t\t<\/div>\n\t\t\t\t<\/div>\n\t\t<div data-particle_enable=\"false\" data-particle-mobile-disabled=\"false\" class=\"elementor-element elementor-element-bbc6c23 e-flex e-con-boxed e-con e-parent\" data-id=\"bbc6c23\" data-element_type=\"container\" data-e-type=\"container\">\n\t\t\t\t\t<div class=\"e-con-inner\">\n\t\t\t\t<div class=\"elementor-element elementor-element-01e5d7e elementor-widget elementor-widget-heading\" data-id=\"01e5d7e\" data-element_type=\"widget\" data-e-type=\"widget\" data-widget_type=\"heading.default\">\n\t\t\t\t\t<h3 class=\"elementor-heading-title elementor-size-default\">Te puede interesar...<\/h3>\t\t\t\t<\/div>\n\t\t\t\t\t<\/div>\n\t\t\t\t<\/div>\n\t\t<div data-particle_enable=\"false\" data-particle-mobile-disabled=\"false\" class=\"elementor-element elementor-element-4242b9f e-flex e-con-boxed e-con e-parent\" data-id=\"4242b9f\" data-element_type=\"container\" data-e-type=\"container\">\n\t\t\t\t\t<div class=\"e-con-inner\">\n\t\t\t\t<div class=\"elementor-element elementor-element-245034c elementor-widget elementor-widget-blfe-post-grid\" data-id=\"245034c\" data-element_type=\"widget\" data-e-type=\"widget\" data-settings=\"{&quot;columns&quot;:&quot;3&quot;,&quot;columns_tablet&quot;:&quot;6&quot;,&quot;columns_mobile&quot;:&quot;12&quot;,&quot;hero1_layout_column_gap&quot;:{&quot;unit&quot;:&quot;px&quot;,&quot;size&quot;:30,&quot;sizes&quot;:[]},&quot;hero1_layout_column_gap_tablet&quot;:{&quot;unit&quot;:&quot;px&quot;,&quot;size&quot;:&quot;&quot;,&quot;sizes&quot;:[]},&quot;hero1_layout_column_gap_mobile&quot;:{&quot;unit&quot;:&quot;px&quot;,&quot;size&quot;:&quot;&quot;,&quot;sizes&quot;:[]},&quot;hero1_layout_row_gap&quot;:{&quot;unit&quot;:&quot;px&quot;,&quot;size&quot;:30,&quot;sizes&quot;:[]},&quot;hero1_layout_row_gap_tablet&quot;:{&quot;unit&quot;:&quot;px&quot;,&quot;size&quot;:&quot;&quot;,&quot;sizes&quot;:[]},&quot;hero1_layout_row_gap_mobile&quot;:{&quot;unit&quot;:&quot;px&quot;,&quot;size&quot;:&quot;&quot;,&quot;sizes&quot;:[]}}\" data-widget_type=\"blfe-post-grid.hero1\">\n\t\t\t\t<div class=\"elementor-widget-container\">\n\t\t\t\t\t\n                        <div class=\"blfe-post-grid-container \">\n            \n                <div data-skin=\"hero1\" class=\"blfe-row blfe-posts-inner blfe-hero1 blfe-posts-inner blfe-col-3 blfe-col-tab-6 blfe-col-mob-12     \">\n                            <div class=\"blfe-post-grid-item\">\n            <div class=\"blfe-post-grid-item-inner blfe-modern-zoom\">\n                        <div class=\"blfe-post-grid-bg-image\">\n            <a class=\"blfe-post-grid-image-inner\" href=\"https:\/\/soymigrante.com\/revista\/juegos-pirotecnicos-que-muchos-guatemaltecos-en-ee-uu-aun-recuerdan\/\" title=\"Juegos pirot\u00e9cnicos que muchos guatemaltecos en EE.UU. a\u00fan recuerdan\" rel=\"nofollow\" target=\"_blank\"><img decoding=\"async\" src=\"https:\/\/soymigrante.com\/revista\/wp-content\/uploads\/2024\/11\/juegos-artificiales-e1731963858295.webp\" alt=\"Juegos pirot\u00e9cnicos que muchos guatemaltecos en EE.UU. a\u00fan recuerdan\"\/><\/a>        <\/div>\n                        <div class=\"blfe-post-grid-details\">\n                    <div class=\"blfe-post-grid-details-inner\">\n                        <span class=\"blfe-post-category\"><a href=\"https:\/\/soymigrante.com\/revista\/category\/guate-nuestra\/\">Guate Nuestra<\/a><\/span>                        <h3 class=\"blfe-post-grid-title\">\n            <a href=\"https:\/\/soymigrante.com\/revista\/juegos-pirotecnicos-que-muchos-guatemaltecos-en-ee-uu-aun-recuerdan\/\" title=\"Juegos pirot\u00e9cnicos que muchos guatemaltecos en EE.UU. a\u00fan recuerdan\" rel=\"nofollow\" target=\"_blank\">Juegos pirot\u00e9cnicos que muchos guatemaltecos en EE.UU. a\u00fan recuerdan<\/a>\n            <\/h3>                                                            <div class=\"blfe-post-grid-meta\">\n                <span class=\"blfe-post-grid-time\"><i class=\"fas fa-book-reader\"><\/i>7 Min read<\/span>            <\/div>\n                                                        <\/div>\n                <\/div>\n\n            <\/div>\n        <\/div>\n                <div class=\"blfe-post-grid-item\">\n            <div class=\"blfe-post-grid-item-inner blfe-modern-zoom\">\n                        <div class=\"blfe-post-grid-bg-image\">\n            <a class=\"blfe-post-grid-image-inner\" href=\"https:\/\/soymigrante.com\/revista\/descubre-la-ruta-historica-de-la-ciudad-de-guatemala-un-viaje-de-memorias\/\" title=\"Descubre la ruta hist\u00f3rica de la ciudad de Guatemala: un viaje de memorias\" rel=\"nofollow\" target=\"_blank\"><img decoding=\"async\" src=\"https:\/\/soymigrante.com\/revista\/wp-content\/uploads\/2025\/06\/catedral-metropolitana.webp\" alt=\"Descubre la ruta hist\u00f3rica de la ciudad de Guatemala: un viaje de memorias\"\/><\/a>        <\/div>\n                        <div class=\"blfe-post-grid-details\">\n                    <div class=\"blfe-post-grid-details-inner\">\n                        <span class=\"blfe-post-category\"><a href=\"https:\/\/soymigrante.com\/revista\/category\/guate-nuestra\/\">Guate Nuestra<\/a><\/span>                        <h3 class=\"blfe-post-grid-title\">\n            <a href=\"https:\/\/soymigrante.com\/revista\/descubre-la-ruta-historica-de-la-ciudad-de-guatemala-un-viaje-de-memorias\/\" title=\"Descubre la ruta hist\u00f3rica de la ciudad de Guatemala: un viaje de memorias\" rel=\"nofollow\" target=\"_blank\">Descubre la ruta hist\u00f3rica de la ciudad de Guatemala: un viaje de memorias<\/a>\n            <\/h3>                                                            <div class=\"blfe-post-grid-meta\">\n                <span class=\"blfe-post-grid-time\"><i class=\"fas fa-book-reader\"><\/i>4 Min read<\/span>            <\/div>\n                                                        <\/div>\n                <\/div>\n\n            <\/div>\n        <\/div>\n                <div class=\"blfe-post-grid-item\">\n            <div class=\"blfe-post-grid-item-inner blfe-modern-zoom\">\n                        <div class=\"blfe-post-grid-bg-image\">\n            <a class=\"blfe-post-grid-image-inner\" href=\"https:\/\/soymigrante.com\/revista\/estas-son-siete-iglesias-historicas-y-emblematicas-de-guatemala\/\" title=\"Siete iglesias hist\u00f3ricas y emblem\u00e1ticas de Guatemala \u00bfCu\u00e1les conoces?\" rel=\"nofollow\" target=\"_blank\"><img decoding=\"async\" src=\"https:\/\/soymigrante.com\/revista\/wp-content\/uploads\/2024\/11\/san-andres-xecul-1.webp\" alt=\"Siete iglesias hist\u00f3ricas y emblem\u00e1ticas de Guatemala \u00bfCu\u00e1les conoces?\"\/><\/a>        <\/div>\n                        <div class=\"blfe-post-grid-details\">\n                    <div class=\"blfe-post-grid-details-inner\">\n                        <span class=\"blfe-post-category\"><a href=\"https:\/\/soymigrante.com\/revista\/category\/guate-nuestra\/\">Guate Nuestra<\/a><\/span>                        <h3 class=\"blfe-post-grid-title\">\n            <a href=\"https:\/\/soymigrante.com\/revista\/estas-son-siete-iglesias-historicas-y-emblematicas-de-guatemala\/\" title=\"Siete iglesias hist\u00f3ricas y emblem\u00e1ticas de Guatemala \u00bfCu\u00e1les conoces?\" rel=\"nofollow\" target=\"_blank\">Siete iglesias hist\u00f3ricas y emblem\u00e1ticas de Guatemala \u00bfCu\u00e1les conoces?<\/a>\n            <\/h3>                                                            <div class=\"blfe-post-grid-meta\">\n                <span class=\"blfe-post-grid-time\"><i class=\"fas fa-book-reader\"><\/i>4 Min read<\/span>            <\/div>\n                                                        <\/div>\n                <\/div>\n\n            <\/div>\n        <\/div>\n                        <\/div>\n\n                        <\/div>\n            \n                        <div class=\"blfe-post-footer\">\n                        <\/div>\n            \t\t\t\t<\/div>\n\t\t\t\t<\/div>\n\t\t\t\t\t<\/div>\n\t\t\t\t<\/div>\n\t\t\t\t<\/div>\n\t\t","protected":false},"excerpt":{"rendered":"<p>El Lago Pet\u00e9n Itz\u00e1, ubicado en el coraz\u00f3n de la regi\u00f3n selv\u00e1tica de Pet\u00e9n, es uno de los cuerpos de agua m\u00e1s fascinantes de Guatemala. El Lago Pet\u00e9n Itza est\u00e1 rodeado de historia, biodiversidad y paisajes \u00fanicos, este lago tiene muchos secretos que quiz\u00e1s no conoc\u00edas. Aqu\u00ed te contamos diez cosas que hacen de este [&hellip;]<\/p>\n","protected":false},"author":19,"featured_media":10278,"comment_status":"open","ping_status":"open","sticky":false,"template":"","format":"standard","meta":{"_acf_changed":false,"_eb_attr":"","footnotes":""},"categories":[58],"tags":[],"class_list":["post-10243","post","type-post","status-publish","format-standard","has-post-thumbnail","hentry","category-guate-nuestra"],"acf":[],"aioseo_notices":[],"aioseo_head":"\n\t\t<!-- All in One SEO Pro 4.9.6.2 - aioseo.com -->\n\t<meta name=\"description\" content=\"Cada uno de estas iglesias coloniales o neocl\u00e1sicas son testimonio de historia y la espiritualidad en Guatemala. Su arquitectura cautiva e invita a meditar\" \/>\n\t<meta name=\"robots\" content=\"max-snippet:-1, max-image-preview:large, max-video-preview:-1\" \/>\n\t<meta name=\"author\" content=\"Marysabel Aldana\"\/>\n\t<link rel=\"canonical\" href=\"https:\/\/soymigrante.com\/revista\/estas-son-siete-iglesias-historicas-y-emblematicas-de-guatemala\/\" \/>\n\t<meta name=\"generator\" content=\"All in One SEO Pro (AIOSEO) 4.9.6.2\" \/>\n\n\t\t<link rel=\"preconnect\" href=\"https:\/\/fonts.googleapis.com\" crossorigin>\n<link rel=\"preconnect\" href=\"https:\/\/fonts.gstatic.com\" crossorigin>\n\t\t<meta property=\"og:locale\" content=\"es_ES\" \/>\n\t\t<meta property=\"og:site_name\" content=\"SoyMigrante.com REVISTA \u2013 Nuestra misi\u00f3n es reconocer y dignificar al migrante.\" \/>\n\t\t<meta property=\"og:type\" content=\"article\" \/>\n\t\t<meta property=\"og:title\" content=\"Siete iglesias emblem\u00e1ticas de Guatemala \u00bfCu\u00e1les conoces?\" \/>\n\t\t<meta property=\"og:description\" content=\"Cada uno de estas iglesias coloniales o neocl\u00e1sicas son testimonio de historia y la espiritualidad en Guatemala. Su arquitectura cautiva e invita a meditar\" \/>\n\t\t<meta property=\"og:url\" content=\"https:\/\/soymigrante.com\/revista\/estas-son-siete-iglesias-historicas-y-emblematicas-de-guatemala\/\" \/>\n\t\t<meta property=\"og:image\" content=\"https:\/\/soymigrante.com\/revista\/wp-content\/uploads\/2024\/11\/san-andres-xecul-1.webp\" \/>\n\t\t<meta property=\"og:image:secure_url\" content=\"https:\/\/soymigrante.com\/revista\/wp-content\/uploads\/2024\/11\/san-andres-xecul-1.webp\" \/>\n\t\t<meta property=\"og:image:width\" content=\"945\" \/>\n\t\t<meta property=\"og:image:height\" content=\"862\" \/>\n\t\t<meta property=\"article:published_time\" content=\"2024-11-15T13:30:00+00:00\" \/>\n\t\t<meta property=\"article:modified_time\" content=\"2025-07-01T01:15:10+00:00\" \/>\n\t\t<meta property=\"article:publisher\" content=\"https:\/\/www.facebook.com\/soymigrantecom\" \/>\n\t\t<meta name=\"twitter:card\" content=\"summary_large_image\" \/>\n\t\t<meta name=\"twitter:site\" content=\"@SoyMigrante_com\" \/>\n\t\t<meta name=\"twitter:title\" content=\"Siete iglesias emblem\u00e1ticas de Guatemala \u00bfCu\u00e1les conoces?\" \/>\n\t\t<meta name=\"twitter:description\" content=\"Cada uno de estas iglesias coloniales o neocl\u00e1sicas son testimonio de historia y la espiritualidad en Guatemala. Su arquitectura cautiva e invita a meditar\" \/>\n\t\t<meta name=\"twitter:creator\" content=\"@SoyMigrante_com\" \/>\n\t\t<meta name=\"twitter:image\" content=\"https:\/\/soymigrante.com\/revista\/wp-content\/uploads\/2024\/11\/san-andres-xecul-1.webp\" \/>\n\t\t<!-- All in One SEO Pro -->\r\n\t\t<title>Siete iglesias emblem\u00e1ticas de Guatemala \u00bfCu\u00e1les conoces?<\/title>\n\n","aioseo_head_json":{"title":"Siete iglesias emblem\u00e1ticas de Guatemala \u00bfCu\u00e1les conoces?","description":"Cada uno de estas iglesias coloniales o neocl\u00e1sicas son testimonio de historia y la espiritualidad en Guatemala. Su arquitectura cautiva e invita a meditar","canonical_url":"https:\/\/soymigrante.com\/revista\/estas-son-siete-iglesias-historicas-y-emblematicas-de-guatemala\/","robots":"max-snippet:-1, max-image-preview:large, max-video-preview:-1","keywords":"","webmasterTools":{"miscellaneous":"&lt;link rel=\"preconnect\" href=\"https:\/\/fonts.googleapis.com\" crossorigin&gt;\n&lt;link rel=\"preconnect\" href=\"https:\/\/fonts.gstatic.com\" crossorigin&gt;"},"schema":null,"og:locale":"es_ES","og:site_name":"SoyMigrante.com REVISTA \u2013 Nuestra misi\u00f3n es reconocer y dignificar al migrante.","og:type":"article","og:title":"Siete iglesias emblem\u00e1ticas de Guatemala \u00bfCu\u00e1les conoces?","og:description":"Cada uno de estas iglesias coloniales o neocl\u00e1sicas son testimonio de historia y la espiritualidad en Guatemala. Su arquitectura cautiva e invita a meditar","og:url":"https:\/\/soymigrante.com\/revista\/estas-son-siete-iglesias-historicas-y-emblematicas-de-guatemala\/","og:image":"https:\/\/soymigrante.com\/revista\/wp-content\/uploads\/2024\/11\/san-andres-xecul-1.webp","og:image:secure_url":"https:\/\/soymigrante.com\/revista\/wp-content\/uploads\/2024\/11\/san-andres-xecul-1.webp","og:image:width":945,"og:image:height":862,"article:published_time":"2024-11-15T13:30:00+00:00","article:modified_time":"2025-07-01T01:15:10+00:00","article:publisher":"https:\/\/www.facebook.com\/soymigrantecom","twitter:card":"summary_large_image","twitter:site":"@SoyMigrante_com","twitter:title":"Siete iglesias emblem\u00e1ticas de Guatemala \u00bfCu\u00e1les conoces?","twitter:description":"Cada uno de estas iglesias coloniales o neocl\u00e1sicas son testimonio de historia y la espiritualidad en Guatemala. Su arquitectura cautiva e invita a meditar","twitter:creator":"@SoyMigrante_com","twitter:image":"https:\/\/soymigrante.com\/revista\/wp-content\/uploads\/2024\/11\/san-andres-xecul-1.webp"},"aioseo_meta_data":{"post_id":"10243","title":null,"description":"El Lago Pet\u00e9n Itz\u00e1, ubicado en el coraz\u00f3n de Pet\u00e9n, es el tercer mayor lago de Guatemala, despu\u00e9s del de Izabal y Atitl\u00e1n. Conoce estos y otros detalles ac\u00e1.","keywords":null,"keyphrases":{"focus":{"keyphrase":"Pet\u00e9n","score":91,"analysis":{"keyphraseInTitle":{"score":9,"maxScore":9,"error":0},"keyphraseInDescription":{"score":9,"maxScore":9,"error":0},"keyphraseLength":{"score":9,"maxScore":9,"error":0,"length":2},"keyphraseInURL":{"score":5,"maxScore":5,"error":0},"keyphraseInIntroduction":{"score":9,"maxScore":9,"error":0},"keyphraseInSubHeadings":{"score":3,"maxScore":9,"error":1},"keyphraseInImageAlt":{"score":9,"maxScore":9,"error":0},"keywordDensity":{"type":"best","score":9,"maxScore":9,"error":0}}},"additional":[{"keyphrase":"Lago","score":67,"analysis":{"keyphraseInDescription":{"score":9,"maxScore":9,"error":0},"keyphraseLength":{"score":9,"maxScore":9,"error":0,"length":1},"keyphraseInIntroduction":{"score":9,"maxScore":9,"error":0},"keyphraseInImageAlt":{"score":3,"maxScore":9,"error":1},"keywordDensity":{"type":"high","score":0,"maxScore":9,"error":1}}},{"keyphrase":"Pet\u00e9n","score":100,"analysis":{"keyphraseInDescription":{"score":9,"maxScore":9,"error":0},"keyphraseLength":{"score":9,"maxScore":9,"error":0,"length":2},"keyphraseInIntroduction":{"score":9,"maxScore":9,"error":0},"keyphraseInImageAlt":{"score":9,"maxScore":9,"error":0},"keywordDensity":{"type":"best","score":9,"maxScore":9,"error":0}}}]},"primary_term":null,"canonical_url":null,"og_title":null,"og_description":null,"og_object_type":"default","og_image_type":"default","og_image_url":null,"og_image_width":null,"og_image_height":null,"og_image_custom_url":null,"og_image_custom_fields":null,"og_video":"","og_custom_url":null,"og_article_section":null,"og_article_tags":null,"twitter_use_og":false,"twitter_card":"default","twitter_image_type":"default","twitter_image_url":null,"twitter_image_custom_url":null,"twitter_image_custom_fields":null,"twitter_title":null,"twitter_description":null,"schema":{"blockGraphs":[],"customGraphs":[],"default":{"data":{"Article":[],"Course":[],"Dataset":[],"FAQPage":[],"Movie":[],"Person":[],"Product":[],"ProductReview":[],"Car":[],"Recipe":[],"Service":[],"SoftwareApplication":[],"WebPage":[]},"graphName":"none","isEnabled":true},"graphs":[]},"schema_type":"default","schema_type_options":null,"pillar_content":false,"robots_default":true,"robots_noindex":false,"robots_noarchive":false,"robots_nosnippet":false,"robots_nofollow":false,"robots_noimageindex":false,"robots_noodp":false,"robots_notranslate":false,"robots_max_snippet":"-1","robots_max_videopreview":"-1","robots_max_imagepreview":"large","priority":null,"frequency":"default","local_seo":null,"seo_analyzer_scan_date":"2025-10-09 04:38:00","breadcrumb_settings":null,"limit_modified_date":false,"reviewed_by":null,"open_ai":"{\"title\":{\"suggestions\":[],\"usage\":0},\"description\":{\"suggestions\":[],\"usage\":0}}","ai":null,"created":"2024-10-10 20:17:36","updated":"2026-02-04 23:21:21"},"aioseo_breadcrumb":"<div class=\"aioseo-breadcrumbs\"><span class=\"aioseo-breadcrumb\">\n\t<a href=\"https:\/\/soymigrante.com\/revista\" title=\"Home\">Home<\/a>\n<\/span><span class=\"aioseo-breadcrumb-separator\">\u00bb<\/span><span class=\"aioseo-breadcrumb\">\n\t<a href=\"https:\/\/soymigrante.com\/revista\/category\/guate-nuestra\/\" title=\"Guate Nuestra\">Guate Nuestra<\/a>\n<\/span><span class=\"aioseo-breadcrumb-separator\">\u00bb<\/span><span class=\"aioseo-breadcrumb\">\n\t10 cosas que ya conoc\u00edas (o quiz\u00e1 no) del Lago Pet\u00e9n Itz\u00e1\n<\/span><\/div>","aioseo_breadcrumb_json":[{"label":"Home","link":"https:\/\/soymigrante.com\/revista"},{"label":"Guate Nuestra","link":"https:\/\/soymigrante.com\/revista\/category\/guate-nuestra\/"},{"label":"10 cosas que ya conoc\u00edas (o quiz\u00e1 no) del Lago Pet\u00e9n Itz\u00e1","link":"https:\/\/soymigrante.com\/revista\/10-cosas-que-ya-conocias-o-quiza-no-del-lago-peten-itza\/"}],"_links":{"self":[{"href":"https:\/\/soymigrante.com\/revista\/wp-json\/wp\/v2\/posts\/10243","targetHints":{"allow":["GET"]}}],"collection":[{"href":"https:\/\/soymigrante.com\/revista\/wp-json\/wp\/v2\/posts"}],"about":[{"href":"https:\/\/soymigrante.com\/revista\/wp-json\/wp\/v2\/types\/post"}],"author":[{"embeddable":true,"href":"https:\/\/soymigrante.com\/revista\/wp-json\/wp\/v2\/users\/19"}],"replies":[{"embeddable":true,"href":"https:\/\/soymigrante.com\/revista\/wp-json\/wp\/v2\/comments?post=10243"}],"version-history":[{"count":2,"href":"https:\/\/soymigrante.com\/revista\/wp-json\/wp\/v2\/posts\/10243\/revisions"}],"predecessor-version":[{"id":31989,"href":"https:\/\/soymigrante.com\/revista\/wp-json\/wp\/v2\/posts\/10243\/revisions\/31989"}],"wp:featuredmedia":[{"embeddable":true,"href":"https:\/\/soymigrante.com\/revista\/wp-json\/wp\/v2\/media\/10278"}],"wp:attachment":[{"href":"https:\/\/soymigrante.com\/revista\/wp-json\/wp\/v2\/media?parent=10243"}],"wp:term":[{"taxonomy":"category","embeddable":true,"href":"https:\/\/soymigrante.com\/revista\/wp-json\/wp\/v2\/categories?post=10243"},{"taxonomy":"post_tag","embeddable":true,"href":"https:\/\/soymigrante.com\/revista\/wp-json\/wp\/v2\/tags?post=10243"}],"curies":[{"name":"wp","href":"https:\/\/api.w.org\/{rel}","templated":true}]}}