{"id":10236,"date":"2026-04-02T09:15:27","date_gmt":"2026-04-02T15:15:27","guid":{"rendered":"https:\/\/soymigrante.com\/revista\/?p=10236"},"modified":"2026-04-02T09:15:30","modified_gmt":"2026-04-02T15:15:30","slug":"10-datos-que-ya-sabias-o-quiza-no-acerca-del-lago-de-izabal","status":"publish","type":"post","link":"https:\/\/soymigrante.com\/revista\/10-datos-que-ya-sabias-o-quiza-no-acerca-del-lago-de-izabal\/","title":{"rendered":"10 datos que ya sab\u00edas (o quiz\u00e1 no) acerca del Lago de Izabal"},"content":{"rendered":"\t\t<div data-elementor-type=\"wp-post\" data-elementor-id=\"10236\" class=\"elementor elementor-10236\" data-elementor-post-type=\"post\">\n\t\t\t\t<div data-particle_enable=\"false\" data-particle-mobile-disabled=\"false\" class=\"elementor-element elementor-element-2893f08 e-flex e-con-boxed e-con e-parent\" data-id=\"2893f08\" data-element_type=\"container\" data-e-type=\"container\">\n\t\t\t\t\t<div class=\"e-con-inner\">\n\t\t\t\t<div class=\"elementor-element elementor-element-b103cde elementor-widget elementor-widget-heading\" data-id=\"b103cde\" data-element_type=\"widget\" data-e-type=\"widget\" data-widget_type=\"heading.default\">\n\t\t\t\t\t<h2 class=\"elementor-heading-title elementor-size-default\">El Lago de Izabal, el m\u00e1s grande de Guatemala, es un cuerpo de agua que no solo es rico en biodiversidad, sino tambi\u00e9n en historia y cultura. \n<\/h2>\t\t\t\t<\/div>\n\t\t\t\t\t<\/div>\n\t\t\t\t<\/div>\n\t\t<div data-particle_enable=\"false\" data-particle-mobile-disabled=\"false\" class=\"elementor-element elementor-element-d6b3049 e-flex e-con-boxed e-con e-parent\" data-id=\"d6b3049\" data-element_type=\"container\" data-e-type=\"container\">\n\t\t\t\t\t<div class=\"e-con-inner\">\n\t\t\t\t<div class=\"elementor-element elementor-element-182644f elementor-widget elementor-widget-text-editor\" data-id=\"182644f\" data-element_type=\"widget\" data-e-type=\"widget\" data-widget_type=\"text-editor.default\">\n\t\t\t\t\t\t\t\t\t<p>El Lago de Izabal est\u00e1 situado en el departamento de Izabal, este lago es un destino tur\u00edstico que esconde muchos secretos. A continuaci\u00f3n, te compartimos diez datos curiosos que quiz\u00e1s no sab\u00edas sobre este majestuoso lago.<\/p>\t\t\t\t\t\t\t\t<\/div>\n\t\t\t\t\t<\/div>\n\t\t\t\t<\/div>\n\t\t<div data-particle_enable=\"false\" data-particle-mobile-disabled=\"false\" class=\"elementor-element elementor-element-120a2fb e-flex e-con-boxed e-con e-parent\" data-id=\"120a2fb\" data-element_type=\"container\" data-e-type=\"container\">\n\t\t\t\t\t<div class=\"e-con-inner\">\n\t\t\t\t<div class=\"elementor-element elementor-element-33ddc87 elementor-widget elementor-widget-heading\" data-id=\"33ddc87\" data-element_type=\"widget\" data-e-type=\"widget\" data-widget_type=\"heading.default\">\n\t\t\t\t\t<h3 class=\"elementor-heading-title elementor-size-default\">1.\tUbicaci\u00f3n y acceso<\/h3>\t\t\t\t<\/div>\n\t\t\t\t\t<\/div>\n\t\t\t\t<\/div>\n\t\t<div data-particle_enable=\"false\" data-particle-mobile-disabled=\"false\" class=\"elementor-element elementor-element-d3f32be e-flex e-con-boxed e-con e-parent\" data-id=\"d3f32be\" data-element_type=\"container\" data-e-type=\"container\">\n\t\t\t\t\t<div class=\"e-con-inner\">\n\t\t\t\t<div class=\"elementor-element elementor-element-70f7a12 elementor-widget elementor-widget-text-editor\" data-id=\"70f7a12\" data-element_type=\"widget\" data-e-type=\"widget\" data-widget_type=\"text-editor.default\">\n\t\t\t\t\t\t\t\t\t<p>El Lago de Izabal est\u00e1 ubicado en el noreste de Guatemala, en el departamento de Izabal, cerca del Mar Caribe. Se encuentra a aproximadamente 260 kil\u00f3metros de la Ciudad de Guatemala, lo que equivale a un viaje de unas 5 horas en autom\u00f3vil por carretera. <a href=\"https:\/\/soymigrante.com\/revista\/category\/guate-nuestra\/pueblos-de-guatemala\/\" target=\"_blank\" rel=\"noopener\">A pesar de la distancia, su acceso es relativamente f\u00e1cil gracias a la carretera CA-9<\/a>, que conecta con varios municipios de la regi\u00f3n.<\/p>\t\t\t\t\t\t\t\t<\/div>\n\t\t\t\t\t<\/div>\n\t\t\t\t<\/div>\n\t\t<div data-particle_enable=\"false\" data-particle-mobile-disabled=\"false\" class=\"elementor-element elementor-element-540129f e-flex e-con-boxed e-con e-parent\" data-id=\"540129f\" data-element_type=\"container\" data-e-type=\"container\">\n\t\t\t\t\t<div class=\"e-con-inner\">\n\t\t\t\t<div class=\"elementor-element elementor-element-3d401a0 elementor-widget elementor-widget-google_maps\" data-id=\"3d401a0\" data-element_type=\"widget\" data-e-type=\"widget\" data-widget_type=\"google_maps.default\">\n\t\t\t\t\t\t\t<div class=\"elementor-custom-embed\">\n\t\t\t<iframe loading=\"lazy\"\n\t\t\t\t\tsrc=\"https:\/\/maps.google.com\/maps?q=lago%20de%20izabal&#038;t=m&#038;z=10&#038;output=embed&#038;iwloc=near\"\n\t\t\t\t\ttitle=\"lago de izabal\"\n\t\t\t\t\taria-label=\"lago de izabal\"\n\t\t\t><\/iframe>\n\t\t<\/div>\n\t\t\t\t\t\t<\/div>\n\t\t\t\t\t<\/div>\n\t\t\t\t<\/div>\n\t\t<div data-particle_enable=\"false\" data-particle-mobile-disabled=\"false\" class=\"elementor-element elementor-element-47a3d7c e-flex e-con-boxed e-con e-parent\" data-id=\"47a3d7c\" data-element_type=\"container\" data-e-type=\"container\">\n\t\t\t\t\t<div class=\"e-con-inner\">\n\t\t\t\t<div class=\"elementor-element elementor-element-85b1bd6 elementor-widget elementor-widget-heading\" data-id=\"85b1bd6\" data-element_type=\"widget\" data-e-type=\"widget\" data-widget_type=\"heading.default\">\n\t\t\t\t\t<h3 class=\"elementor-heading-title elementor-size-default\">2.\tEl lago m\u00e1s grande de Guatemala<\/h3>\t\t\t\t<\/div>\n\t\t\t\t\t<\/div>\n\t\t\t\t<\/div>\n\t\t<div data-particle_enable=\"false\" data-particle-mobile-disabled=\"false\" class=\"elementor-element elementor-element-19bc01b e-flex e-con-boxed e-con e-parent\" data-id=\"19bc01b\" data-element_type=\"container\" data-e-type=\"container\">\n\t\t\t\t\t<div class=\"e-con-inner\">\n\t\t\t\t<div class=\"elementor-element elementor-element-acef9c6 elementor-widget elementor-widget-text-editor\" data-id=\"acef9c6\" data-element_type=\"widget\" data-e-type=\"widget\" data-widget_type=\"text-editor.default\">\n\t\t\t\t\t\t\t\t\t<p>Con una extensi\u00f3n de aproximadamente 590 kil\u00f3metros cuadrados, el Lago de Izabal es el lago m\u00e1s grande del pa\u00eds. Su magnitud lo convierte en un ecosistema vital para la fauna y flora local, <a href=\"https:\/\/soymigrante.com\/revista\/category\/guate-nuestra\/pueblos-de-guatemala\/\" target=\"_blank\" rel=\"noopener\">as\u00ed como en una fuente de vida para las comunidades que lo rodean.<\/a><\/p>\t\t\t\t\t\t\t\t<\/div>\n\t\t\t\t\t<\/div>\n\t\t\t\t<\/div>\n\t\t<div data-particle_enable=\"false\" data-particle-mobile-disabled=\"false\" class=\"elementor-element elementor-element-1145c54 e-flex e-con-boxed e-con e-parent\" data-id=\"1145c54\" data-element_type=\"container\" data-e-type=\"container\">\n\t\t\t\t\t<div class=\"e-con-inner\">\n\t\t\t\t<div class=\"elementor-element elementor-element-55ebadd elementor-widget elementor-widget-heading\" data-id=\"55ebadd\" data-element_type=\"widget\" data-e-type=\"widget\" data-widget_type=\"heading.default\">\n\t\t\t\t\t<h3 class=\"elementor-heading-title elementor-size-default\">3.\tSu profundidad sorprendente<\/h3>\t\t\t\t<\/div>\n\t\t\t\t\t<\/div>\n\t\t\t\t<\/div>\n\t\t<div data-particle_enable=\"false\" data-particle-mobile-disabled=\"false\" class=\"elementor-element elementor-element-b0ee21e e-flex e-con-boxed e-con e-parent\" data-id=\"b0ee21e\" data-element_type=\"container\" data-e-type=\"container\">\n\t\t\t\t\t<div class=\"e-con-inner\">\n\t\t\t\t<div class=\"elementor-element elementor-element-e522de0 elementor-widget elementor-widget-text-editor\" data-id=\"e522de0\" data-element_type=\"widget\" data-e-type=\"widget\" data-widget_type=\"text-editor.default\">\n\t\t\t\t\t\t\t\t\t<p>El Lago de Izabal tiene una profundidad promedio de 18 metros, pero en algunas zonas alcanza profundidades de hasta 40 metros. Estas aguas profundas albergan diversas especies de peces y otras formas de vida acu\u00e1tica, haciendo del lago un recurso natural importante para la regi\u00f3n.<\/p>\t\t\t\t\t\t\t\t<\/div>\n\t\t\t\t\t<\/div>\n\t\t\t\t<\/div>\n\t\t<div data-particle_enable=\"false\" data-particle-mobile-disabled=\"false\" class=\"elementor-element elementor-element-01d588a e-flex e-con-boxed e-con e-parent\" data-id=\"01d588a\" data-element_type=\"container\" data-e-type=\"container\">\n\t\t\t\t\t<div class=\"e-con-inner\">\n\t\t\t\t<div class=\"elementor-element elementor-element-f06c5c2 elementor-widget elementor-widget-heading\" data-id=\"f06c5c2\" data-element_type=\"widget\" data-e-type=\"widget\" data-widget_type=\"heading.default\">\n\t\t\t\t\t<h3 class=\"elementor-heading-title elementor-size-default\">4.\tMunicipios a su alrededor<\/h3>\t\t\t\t<\/div>\n\t\t\t\t\t<\/div>\n\t\t\t\t<\/div>\n\t\t<div data-particle_enable=\"false\" data-particle-mobile-disabled=\"false\" class=\"elementor-element elementor-element-885a5af e-flex e-con-boxed e-con e-parent\" data-id=\"885a5af\" data-element_type=\"container\" data-e-type=\"container\">\n\t\t\t\t\t<div class=\"e-con-inner\">\n\t\t\t\t<div class=\"elementor-element elementor-element-edf9872 elementor-widget elementor-widget-text-editor\" data-id=\"edf9872\" data-element_type=\"widget\" data-e-type=\"widget\" data-widget_type=\"text-editor.default\">\n\t\t\t\t\t\t\t\t\t<p>El lago colinda con varios municipios, entre ellos Morales, El Estor, Livingston y Los Amates. Cada uno de estos municipios tiene su propio car\u00e1cter, pero <a href=\"https:\/\/soymigrante.com\/revista\/category\/guate-nuestra\/pueblos-de-guatemala\/\" target=\"_blank\" rel=\"noopener\">todos dependen de alguna manera del lago<\/a>, ya sea por la pesca, el turismo o el transporte.<\/p>\t\t\t\t\t\t\t\t<\/div>\n\t\t\t\t\t<\/div>\n\t\t\t\t<\/div>\n\t\t<div data-particle_enable=\"false\" data-particle-mobile-disabled=\"false\" class=\"elementor-element elementor-element-554c1c0 e-flex e-con-boxed e-con e-parent\" data-id=\"554c1c0\" data-element_type=\"container\" data-e-type=\"container\">\n\t\t\t\t\t<div class=\"e-con-inner\">\n\t\t\t\t<div class=\"elementor-element elementor-element-c17583e elementor-widget elementor-widget-image\" data-id=\"c17583e\" data-element_type=\"widget\" data-e-type=\"widget\" data-widget_type=\"image.default\">\n\t\t\t\t\t\t\t\t\t\t\t\t\t\t\t<img fetchpriority=\"high\" decoding=\"async\" width=\"1024\" height=\"738\" src=\"https:\/\/soymigrante.com\/revista\/wp-content\/uploads\/2024\/10\/10-cosas-que-no-sabias-o-tal-vez-si-sobre-el-Lago-de-Izabal3-1024x738.webp\" class=\"attachment-large size-large wp-image-10240\" alt=\"Lagos en un entorno tropical con caba\u00f1as junto a la playa y vegetaci\u00f3n exuberante, ideal para turismo y relajaci\u00f3n en destinos de naturaleza en Am\u00e9rica Central.\" srcset=\"https:\/\/soymigrante.com\/revista\/wp-content\/uploads\/2024\/10\/10-cosas-que-no-sabias-o-tal-vez-si-sobre-el-Lago-de-Izabal3-1024x738.webp 1024w, https:\/\/soymigrante.com\/revista\/wp-content\/uploads\/2024\/10\/10-cosas-que-no-sabias-o-tal-vez-si-sobre-el-Lago-de-Izabal3-300x216.webp 300w, https:\/\/soymigrante.com\/revista\/wp-content\/uploads\/2024\/10\/10-cosas-que-no-sabias-o-tal-vez-si-sobre-el-Lago-de-Izabal3-768x554.jpeg 768w, https:\/\/soymigrante.com\/revista\/wp-content\/uploads\/2024\/10\/10-cosas-que-no-sabias-o-tal-vez-si-sobre-el-Lago-de-Izabal3-1536x1107.jpeg 1536w, https:\/\/soymigrante.com\/revista\/wp-content\/uploads\/2024\/10\/10-cosas-que-no-sabias-o-tal-vez-si-sobre-el-Lago-de-Izabal3-2048x1476.jpeg 2048w, https:\/\/soymigrante.com\/revista\/wp-content\/uploads\/2024\/10\/10-cosas-que-no-sabias-o-tal-vez-si-sobre-el-Lago-de-Izabal3-120x86.webp 120w, https:\/\/soymigrante.com\/revista\/wp-content\/uploads\/2024\/10\/10-cosas-que-no-sabias-o-tal-vez-si-sobre-el-Lago-de-Izabal3-750x541.webp 750w, https:\/\/soymigrante.com\/revista\/wp-content\/uploads\/2024\/10\/10-cosas-que-no-sabias-o-tal-vez-si-sobre-el-Lago-de-Izabal3-1140x822.jpeg 1140w, https:\/\/soymigrante.com\/revista\/wp-content\/uploads\/2024\/10\/10-cosas-que-no-sabias-o-tal-vez-si-sobre-el-Lago-de-Izabal3-scaled.webp 1920w\" sizes=\"(max-width: 1024px) 100vw, 1024px\" title=\"10 cosas que no sab\u00edas o tal vez s\u00ed sobre el Lago de Izabal \u2013 SoyMigrante.com REVISTA\" \/>\t\t\t\t\t\t\t\t\t\t\t\t\t\t\t<\/div>\n\t\t\t\t\t<\/div>\n\t\t\t\t<\/div>\n\t\t<div data-particle_enable=\"false\" data-particle-mobile-disabled=\"false\" class=\"elementor-element elementor-element-796ad83 e-flex e-con-boxed e-con e-parent\" data-id=\"796ad83\" data-element_type=\"container\" data-e-type=\"container\">\n\t\t\t\t\t<div class=\"e-con-inner\">\n\t\t\t\t<div class=\"elementor-element elementor-element-6fd7d5f elementor-widget elementor-widget-heading\" data-id=\"6fd7d5f\" data-element_type=\"widget\" data-e-type=\"widget\" data-widget_type=\"heading.default\">\n\t\t\t\t\t<h3 class=\"elementor-heading-title elementor-size-default\">5.\tR\u00edo Dulce: el v\u00ednculo con el Caribe<\/h3>\t\t\t\t<\/div>\n\t\t\t\t\t<\/div>\n\t\t\t\t<\/div>\n\t\t<div data-particle_enable=\"false\" data-particle-mobile-disabled=\"false\" class=\"elementor-element elementor-element-9d43291 e-flex e-con-boxed e-con e-parent\" data-id=\"9d43291\" data-element_type=\"container\" data-e-type=\"container\">\n\t\t\t\t\t<div class=\"e-con-inner\">\n\t\t\t\t<div class=\"elementor-element elementor-element-be402c9 elementor-widget elementor-widget-text-editor\" data-id=\"be402c9\" data-element_type=\"widget\" data-e-type=\"widget\" data-widget_type=\"text-editor.default\">\n\t\t\t\t\t\t\t\t\t<p>El Lago de Izabal no est\u00e1 aislado. Est\u00e1 conectado al Mar Caribe a trav\u00e9s del R\u00edo Dulce, <a href=\"https:\/\/soymigrante.com\/revista\/category\/guate-nuestra\/pueblos-de-guatemala\/\" target=\"_blank\" rel=\"noopener\">un canal natural que tambi\u00e9n es una atracci\u00f3n tur\u00edstica por su belleza esc\u00e9nica y su biodiversidad.<\/a> A lo largo del r\u00edo, los viajeros pueden ver manglares, ca\u00f1ones y diversas especies de aves.<\/p>\t\t\t\t\t\t\t\t<\/div>\n\t\t\t\t\t<\/div>\n\t\t\t\t<\/div>\n\t\t<div data-particle_enable=\"false\" data-particle-mobile-disabled=\"false\" class=\"elementor-element elementor-element-b7731f2 e-flex e-con-boxed e-con e-parent\" data-id=\"b7731f2\" data-element_type=\"container\" data-e-type=\"container\">\n\t\t\t\t\t<div class=\"e-con-inner\">\n\t\t\t\t<div class=\"elementor-element elementor-element-d64af7b elementor-widget elementor-widget-heading\" data-id=\"d64af7b\" data-element_type=\"widget\" data-e-type=\"widget\" data-widget_type=\"heading.default\">\n\t\t\t\t\t<h3 class=\"elementor-heading-title elementor-size-default\">6.\tCastillo de San Felipe, una fortaleza colonial<\/h3>\t\t\t\t<\/div>\n\t\t\t\t\t<\/div>\n\t\t\t\t<\/div>\n\t\t<div data-particle_enable=\"false\" data-particle-mobile-disabled=\"false\" class=\"elementor-element elementor-element-316f82a e-flex e-con-boxed e-con e-parent\" data-id=\"316f82a\" data-element_type=\"container\" data-e-type=\"container\">\n\t\t\t\t\t<div class=\"e-con-inner\">\n\t\t\t\t<div class=\"elementor-element elementor-element-8f808cd elementor-widget elementor-widget-text-editor\" data-id=\"8f808cd\" data-element_type=\"widget\" data-e-type=\"widget\" data-widget_type=\"text-editor.default\">\n\t\t\t\t\t\t\t\t\t<p>En la entrada del lago se encuentra el hist\u00f3rico Castillo de San Felipe, una fortaleza construida por los espa\u00f1oles en el siglo XVII para proteger las rutas comerciales de los piratas. Hoy en d\u00eda, es un popular destino tur\u00edstico y un recordatorio de la rica historia colonial de la regi\u00f3n.<\/p>\t\t\t\t\t\t\t\t<\/div>\n\t\t\t\t\t<\/div>\n\t\t\t\t<\/div>\n\t\t<div data-particle_enable=\"false\" data-particle-mobile-disabled=\"false\" class=\"elementor-element elementor-element-c1d1297 e-flex e-con-boxed e-con e-parent\" data-id=\"c1d1297\" data-element_type=\"container\" data-e-type=\"container\">\n\t\t\t\t\t<div class=\"e-con-inner\">\n\t\t\t\t<div class=\"elementor-element elementor-element-8b92f52 elementor-widget elementor-widget-image\" data-id=\"8b92f52\" data-element_type=\"widget\" data-e-type=\"widget\" data-widget_type=\"image.default\">\n\t\t\t\t\t\t\t\t\t\t\t\t\t\t\t<img decoding=\"async\" width=\"1024\" height=\"581\" src=\"https:\/\/soymigrante.com\/revista\/wp-content\/uploads\/2024\/10\/10-cosas-que-no-sabias-o-tal-vez-si-sobre-el-Lago-de-Izabal4-1024x581.webp\" class=\"attachment-large size-large wp-image-10238\" alt=\"Castillo en una isla en el mar, rodeado de palmeras y vegetaci\u00f3n, con un bote navegando en el agua cercano, en un entorno tropical y tur\u00edstico.\" srcset=\"https:\/\/soymigrante.com\/revista\/wp-content\/uploads\/2024\/10\/10-cosas-que-no-sabias-o-tal-vez-si-sobre-el-Lago-de-Izabal4-1024x581.webp 1024w, https:\/\/soymigrante.com\/revista\/wp-content\/uploads\/2024\/10\/10-cosas-que-no-sabias-o-tal-vez-si-sobre-el-Lago-de-Izabal4-300x170.webp 300w, https:\/\/soymigrante.com\/revista\/wp-content\/uploads\/2024\/10\/10-cosas-que-no-sabias-o-tal-vez-si-sobre-el-Lago-de-Izabal4-768x436.webp 768w, https:\/\/soymigrante.com\/revista\/wp-content\/uploads\/2024\/10\/10-cosas-que-no-sabias-o-tal-vez-si-sobre-el-Lago-de-Izabal4-1536x871.webp 1536w, https:\/\/soymigrante.com\/revista\/wp-content\/uploads\/2024\/10\/10-cosas-que-no-sabias-o-tal-vez-si-sobre-el-Lago-de-Izabal4.webp 1920w\" sizes=\"(max-width: 1024px) 100vw, 1024px\" title=\"10 cosas que no sab\u00edas o tal vez s\u00ed sobre el Lago de Izabal \u2013 SoyMigrante.com REVISTA\" \/>\t\t\t\t\t\t\t\t\t\t\t\t\t\t\t<\/div>\n\t\t\t\t\t<\/div>\n\t\t\t\t<\/div>\n\t\t<div data-particle_enable=\"false\" data-particle-mobile-disabled=\"false\" class=\"elementor-element elementor-element-33c8d91 e-flex e-con-boxed e-con e-parent\" data-id=\"33c8d91\" data-element_type=\"container\" data-e-type=\"container\">\n\t\t\t\t\t<div class=\"e-con-inner\">\n\t\t\t\t<div class=\"elementor-element elementor-element-957b2a5 elementor-widget elementor-widget-heading\" data-id=\"957b2a5\" data-element_type=\"widget\" data-e-type=\"widget\" data-widget_type=\"heading.default\">\n\t\t\t\t\t<h3 class=\"elementor-heading-title elementor-size-default\">7.\tBiodiversidad impresionante<\/h3>\t\t\t\t<\/div>\n\t\t\t\t\t<\/div>\n\t\t\t\t<\/div>\n\t\t<div data-particle_enable=\"false\" data-particle-mobile-disabled=\"false\" class=\"elementor-element elementor-element-4a0ca1d e-flex e-con-boxed e-con e-parent\" data-id=\"4a0ca1d\" data-element_type=\"container\" data-e-type=\"container\">\n\t\t\t\t\t<div class=\"e-con-inner\">\n\t\t\t\t<div class=\"elementor-element elementor-element-b0dd98d elementor-widget elementor-widget-text-editor\" data-id=\"b0dd98d\" data-element_type=\"widget\" data-e-type=\"widget\" data-widget_type=\"text-editor.default\">\n\t\t\t\t\t\t\t\t\t<p>El Lago de Izabal y sus alrededores son el hogar de una diversidad de especies animales. Entre ellas destacan el manat\u00ed, un mam\u00edfero acu\u00e1tico en peligro de extinci\u00f3n que encuentra refugio en las tranquilas aguas del lago y el R\u00edo Dulce. Tambi\u00e9n es un lugar ideal para observar aves como garzas, pel\u00edcanos y cormoranes.<\/p>\t\t\t\t\t\t\t\t<\/div>\n\t\t\t\t\t<\/div>\n\t\t\t\t<\/div>\n\t\t<div data-particle_enable=\"false\" data-particle-mobile-disabled=\"false\" class=\"elementor-element elementor-element-89fe5ae e-flex e-con-boxed e-con e-parent\" data-id=\"89fe5ae\" data-element_type=\"container\" data-e-type=\"container\">\n\t\t\t\t\t<div class=\"e-con-inner\">\n\t\t\t\t<div class=\"elementor-element elementor-element-ada7d52 elementor-widget elementor-widget-heading\" data-id=\"ada7d52\" data-element_type=\"widget\" data-e-type=\"widget\" data-widget_type=\"heading.default\">\n\t\t\t\t\t<h3 class=\"elementor-heading-title elementor-size-default\">8.\tPueblo maya q\u2019eqchi\u2019<\/h3>\t\t\t\t<\/div>\n\t\t\t\t\t<\/div>\n\t\t\t\t<\/div>\n\t\t<div data-particle_enable=\"false\" data-particle-mobile-disabled=\"false\" class=\"elementor-element elementor-element-0f2f005 e-flex e-con-boxed e-con e-parent\" data-id=\"0f2f005\" data-element_type=\"container\" data-e-type=\"container\">\n\t\t\t\t\t<div class=\"e-con-inner\">\n\t\t\t\t<div class=\"elementor-element elementor-element-a8893c1 elementor-widget elementor-widget-text-editor\" data-id=\"a8893c1\" data-element_type=\"widget\" data-e-type=\"widget\" data-widget_type=\"text-editor.default\">\n\t\t\t\t\t\t\t\t\t<p><a href=\"https:\/\/soymigrante.com\/revista\/category\/guate-nuestra\/pueblos-de-guatemala\/\" target=\"_blank\" rel=\"noopener\">El pueblo maya q\u2019eqchi\u2019 tiene una fuerte presencia en los alrededores del Lago de Izabal.<\/a> Muchas de las comunidades ind\u00edgenas que viven en esta regi\u00f3n han mantenido sus costumbres y tradiciones a lo largo de los siglos, y el lago sigue siendo una parte vital de su vida cotidiana, no solo como fuente de alimento, sino tambi\u00e9n como un elemento espiritual.<\/p>\t\t\t\t\t\t\t\t<\/div>\n\t\t\t\t\t<\/div>\n\t\t\t\t<\/div>\n\t\t<div data-particle_enable=\"false\" data-particle-mobile-disabled=\"false\" class=\"elementor-element elementor-element-1d59437 e-flex e-con-boxed e-con e-parent\" data-id=\"1d59437\" data-element_type=\"container\" data-e-type=\"container\">\n\t\t\t\t\t<div class=\"e-con-inner\">\n\t\t\t\t<div class=\"elementor-element elementor-element-e3d1faa elementor-widget elementor-widget-heading\" data-id=\"e3d1faa\" data-element_type=\"widget\" data-e-type=\"widget\" data-widget_type=\"heading.default\">\n\t\t\t\t\t<h3 class=\"elementor-heading-title elementor-size-default\">\t9.\tLeyendas misteriosas<\/h3>\t\t\t\t<\/div>\n\t\t\t\t\t<\/div>\n\t\t\t\t<\/div>\n\t\t<div data-particle_enable=\"false\" data-particle-mobile-disabled=\"false\" class=\"elementor-element elementor-element-5dfb234 e-flex e-con-boxed e-con e-parent\" data-id=\"5dfb234\" data-element_type=\"container\" data-e-type=\"container\">\n\t\t\t\t\t<div class=\"e-con-inner\">\n\t\t\t\t<div class=\"elementor-element elementor-element-a4b1ac3 elementor-widget elementor-widget-text-editor\" data-id=\"a4b1ac3\" data-element_type=\"widget\" data-e-type=\"widget\" data-widget_type=\"text-editor.default\">\n\t\t\t\t\t\t\t\t\t<p>Como muchos cuerpos de agua importantes, el Lago de Izabal est\u00e1 envuelto en leyendas y mitos locales. Una de las m\u00e1s conocidas es la leyenda del \u201cCaim\u00e1n de Oro\u201d, un reptil gigante que, seg\u00fan los relatos, aparece en las noches de luna llena para proteger el lago y sus habitantes de cualquier amenaza.<\/p>\t\t\t\t\t\t\t\t<\/div>\n\t\t\t\t\t<\/div>\n\t\t\t\t<\/div>\n\t\t<div data-particle_enable=\"false\" data-particle-mobile-disabled=\"false\" class=\"elementor-element elementor-element-56cfe49 e-flex e-con-boxed e-con e-parent\" data-id=\"56cfe49\" data-element_type=\"container\" data-e-type=\"container\">\n\t\t\t\t\t<div class=\"e-con-inner\">\n\t\t\t\t<div class=\"elementor-element elementor-element-a9fc072 elementor-widget elementor-widget-image\" data-id=\"a9fc072\" data-element_type=\"widget\" data-e-type=\"widget\" data-widget_type=\"image.default\">\n\t\t\t\t\t\t\t\t\t\t\t\t\t\t\t<img decoding=\"async\" width=\"700\" height=\"442\" src=\"https:\/\/soymigrante.com\/revista\/wp-content\/uploads\/2024\/10\/10-cosas-que-no-sabias-o-tal-vez-si-sobre-el-Lago-de-Izabal2.webp\" class=\"attachment-large size-large wp-image-10239\" alt=\"Una vista tranquila del lago al atardecer con un muelle y un refugio de madera, ideal para disfrutar de momentos de paz y reflexi\u00f3n en medio de la naturaleza.\" srcset=\"https:\/\/soymigrante.com\/revista\/wp-content\/uploads\/2024\/10\/10-cosas-que-no-sabias-o-tal-vez-si-sobre-el-Lago-de-Izabal2.webp 700w, https:\/\/soymigrante.com\/revista\/wp-content\/uploads\/2024\/10\/10-cosas-que-no-sabias-o-tal-vez-si-sobre-el-Lago-de-Izabal2-300x189.webp 300w\" sizes=\"(max-width: 700px) 100vw, 700px\" title=\"10 cosas que no sabi\u0301as o tal vez si\u0301 sobre el Lago de Izabal2 \u2013 SoyMigrante.com REVISTA\" \/>\t\t\t\t\t\t\t\t\t\t\t\t\t\t\t<\/div>\n\t\t\t\t\t<\/div>\n\t\t\t\t<\/div>\n\t\t<div data-particle_enable=\"false\" data-particle-mobile-disabled=\"false\" class=\"elementor-element elementor-element-584f78d e-flex e-con-boxed e-con e-parent\" data-id=\"584f78d\" data-element_type=\"container\" data-e-type=\"container\">\n\t\t\t\t\t<div class=\"e-con-inner\">\n\t\t\t\t<div class=\"elementor-element elementor-element-7eb02b0 elementor-widget elementor-widget-heading\" data-id=\"7eb02b0\" data-element_type=\"widget\" data-e-type=\"widget\" data-widget_type=\"heading.default\">\n\t\t\t\t\t<h3 class=\"elementor-heading-title elementor-size-default\">10.\tReservas naturales a su alrededor<\/h3>\t\t\t\t<\/div>\n\t\t\t\t\t<\/div>\n\t\t\t\t<\/div>\n\t\t<div data-particle_enable=\"false\" data-particle-mobile-disabled=\"false\" class=\"elementor-element elementor-element-26eda80 e-flex e-con-boxed e-con e-parent\" data-id=\"26eda80\" data-element_type=\"container\" data-e-type=\"container\">\n\t\t\t\t\t<div class=\"e-con-inner\">\n\t\t\t\t<div class=\"elementor-element elementor-element-ad63bbe elementor-widget elementor-widget-text-editor\" data-id=\"ad63bbe\" data-element_type=\"widget\" data-e-type=\"widget\" data-widget_type=\"text-editor.default\">\n\t\t\t\t\t\t\t\t\t<p>El Lago de Izabal est\u00e1 rodeado por \u00e1reas protegidas que buscan conservar la rica biodiversidad de la regi\u00f3n. Una de las m\u00e1s importantes es la Reserva Biol\u00f3gica Bocas del Polochic, que protege los humedales y es el hogar de numerosas especies de aves, reptiles y mam\u00edferos. <a href=\"https:\/\/soymigrante.com\/revista\/category\/guate-nuestra\/pueblos-de-guatemala\/\" target=\"_blank\" rel=\"noopener\">Estas reservas juegan un papel clave en la preservaci\u00f3n del entorno natural del lago.<\/a>\u00a0Una de las especies en peligro de extinci\u00f3n que tiene aqu\u00ed su hogar es el Manat\u00ed, un mam\u00edfero acu\u00e1tico, pac\u00edfico y pr\u00e1cticamente indefenso que con un poco de suerte puede ser avistado.<\/p>\t\t\t\t\t\t\t\t<\/div>\n\t\t\t\t\t<\/div>\n\t\t\t\t<\/div>\n\t\t<div data-particle_enable=\"false\" data-particle-mobile-disabled=\"false\" class=\"elementor-element elementor-element-a7d20b0 e-flex e-con-boxed e-con e-parent\" data-id=\"a7d20b0\" data-element_type=\"container\" data-e-type=\"container\">\n\t\t\t\t\t<div class=\"e-con-inner\">\n\t\t\t\t<div class=\"elementor-element elementor-element-036b3fc elementor-widget elementor-widget-video\" data-id=\"036b3fc\" data-element_type=\"widget\" data-e-type=\"widget\" data-settings=\"{&quot;youtube_url&quot;:&quot;https:\\\/\\\/www.youtube.com\\\/watch?v=74lyMCSKKiQ&quot;,&quot;video_type&quot;:&quot;youtube&quot;,&quot;controls&quot;:&quot;yes&quot;}\" data-widget_type=\"video.default\">\n\t\t\t\t\t\t\t<div class=\"elementor-wrapper elementor-open-inline\">\n\t\t\t<div class=\"elementor-video\"><\/div>\t\t<\/div>\n\t\t\t\t\t\t<\/div>\n\t\t\t\t\t<\/div>\n\t\t\t\t<\/div>\n\t\t<div data-particle_enable=\"false\" data-particle-mobile-disabled=\"false\" class=\"elementor-element elementor-element-c95d9c8 e-flex e-con-boxed e-con e-parent\" data-id=\"c95d9c8\" data-element_type=\"container\" data-e-type=\"container\">\n\t\t\t\t\t<div class=\"e-con-inner\">\n\t\t\t\t<div class=\"elementor-element elementor-element-78fae83 elementor-widget elementor-widget-text-editor\" data-id=\"78fae83\" data-element_type=\"widget\" data-e-type=\"widget\" data-widget_type=\"text-editor.default\">\n\t\t\t\t\t\t\t\t\t<p>El Lago de Izabal es mucho m\u00e1s que un simple cuerpo de agua. Su historia, su biodiversidad y su importancia para las comunidades locales lo convierten en uno de los tesoros naturales m\u00e1s impresionantes de Guatemala. A pesar de su distancia de la capital, vale la pena descubrir todo lo que este lago tiene para ofrecer, desde su profundidad hasta sus leyendas. Cada visita al Lago de Izabal es una oportunidad para conectarse con la naturaleza y la historia del pa\u00eds.<\/p>\t\t\t\t\t\t\t\t<\/div>\n\t\t\t\t\t<\/div>\n\t\t\t\t<\/div>\n\t\t<div data-particle_enable=\"false\" data-particle-mobile-disabled=\"false\" class=\"elementor-element elementor-element-a43bfa0 e-flex e-con-boxed e-con e-parent\" data-id=\"a43bfa0\" data-element_type=\"container\" data-e-type=\"container\">\n\t\t\t\t\t<div class=\"e-con-inner\">\n\t\t\t\t<div class=\"elementor-element elementor-element-27e244c elementor-widget elementor-widget-video\" data-id=\"27e244c\" data-element_type=\"widget\" data-e-type=\"widget\" data-settings=\"{&quot;youtube_url&quot;:&quot;https:\\\/\\\/www.youtube.com\\\/watch?v=mmTASeXVWsA&quot;,&quot;video_type&quot;:&quot;youtube&quot;,&quot;controls&quot;:&quot;yes&quot;}\" data-widget_type=\"video.default\">\n\t\t\t\t\t\t\t<div class=\"elementor-wrapper elementor-open-inline\">\n\t\t\t<div class=\"elementor-video\"><\/div>\t\t<\/div>\n\t\t\t\t\t\t<\/div>\n\t\t\t\t\t<\/div>\n\t\t\t\t<\/div>\n\t\t<div data-particle_enable=\"false\" data-particle-mobile-disabled=\"false\" class=\"elementor-element elementor-element-f3b54ae e-flex e-con-boxed e-con e-parent\" data-id=\"f3b54ae\" data-element_type=\"container\" data-e-type=\"container\">\n\t\t\t\t\t<div class=\"e-con-inner\">\n\t\t\t\t<div class=\"elementor-element elementor-element-d5a14e0 elementor-widget elementor-widget-heading\" data-id=\"d5a14e0\" data-element_type=\"widget\" data-e-type=\"widget\" data-widget_type=\"heading.default\">\n\t\t\t\t\t<h2 class=\"elementor-heading-title elementor-size-default\">Te puede interesar...<\/h2>\t\t\t\t<\/div>\n\t\t\t\t\t<\/div>\n\t\t\t\t<\/div>\n\t\t<div data-particle_enable=\"false\" data-particle-mobile-disabled=\"false\" class=\"elementor-element elementor-element-5e4556f e-flex e-con-boxed e-con e-parent\" data-id=\"5e4556f\" data-element_type=\"container\" data-e-type=\"container\">\n\t\t\t\t\t<div class=\"e-con-inner\">\n\t\t\t\t<div class=\"elementor-element elementor-element-3cb9996 elementor-widget elementor-widget-blfe-post-grid\" data-id=\"3cb9996\" data-element_type=\"widget\" data-e-type=\"widget\" data-settings=\"{&quot;columns&quot;:&quot;3&quot;,&quot;columns_tablet&quot;:&quot;6&quot;,&quot;columns_mobile&quot;:&quot;12&quot;,&quot;hero1_layout_column_gap&quot;:{&quot;unit&quot;:&quot;px&quot;,&quot;size&quot;:30,&quot;sizes&quot;:[]},&quot;hero1_layout_column_gap_tablet&quot;:{&quot;unit&quot;:&quot;px&quot;,&quot;size&quot;:&quot;&quot;,&quot;sizes&quot;:[]},&quot;hero1_layout_column_gap_mobile&quot;:{&quot;unit&quot;:&quot;px&quot;,&quot;size&quot;:&quot;&quot;,&quot;sizes&quot;:[]},&quot;hero1_layout_row_gap&quot;:{&quot;unit&quot;:&quot;px&quot;,&quot;size&quot;:30,&quot;sizes&quot;:[]},&quot;hero1_layout_row_gap_tablet&quot;:{&quot;unit&quot;:&quot;px&quot;,&quot;size&quot;:&quot;&quot;,&quot;sizes&quot;:[]},&quot;hero1_layout_row_gap_mobile&quot;:{&quot;unit&quot;:&quot;px&quot;,&quot;size&quot;:&quot;&quot;,&quot;sizes&quot;:[]}}\" data-widget_type=\"blfe-post-grid.hero1\">\n\t\t\t\t<div class=\"elementor-widget-container\">\n\t\t\t\t\t\n                        <div class=\"blfe-post-grid-container \">\n            \n                <div data-skin=\"hero1\" class=\"blfe-row blfe-posts-inner blfe-hero1 blfe-posts-inner blfe-col-3 blfe-col-tab-6 blfe-col-mob-12     \">\n                            <div class=\"blfe-post-grid-item\">\n            <div class=\"blfe-post-grid-item-inner blfe-modern-zoom\">\n                        <div class=\"blfe-post-grid-bg-image\">\n            <a class=\"blfe-post-grid-image-inner\" href=\"https:\/\/soymigrante.com\/revista\/torrejas-guatemaltecas-tienen-historia-tradicion-y-una-dulce-receta\/\" title=\"Las torrejas guatemaltecas tienen historia, tradici\u00f3n y una dulce receta\" rel=\"nofollow\" target=\"_blank\"><img decoding=\"async\" src=\"https:\/\/soymigrante.com\/revista\/wp-content\/uploads\/2025\/03\/Torrejas-guatemaltecas-4-e1742926731883.webp\" alt=\"Las torrejas guatemaltecas tienen historia, tradici\u00f3n y una dulce receta\"\/><\/a>        <\/div>\n                        <div class=\"blfe-post-grid-details\">\n                    <div class=\"blfe-post-grid-details-inner\">\n                        <span class=\"blfe-post-category\"><a href=\"https:\/\/soymigrante.com\/revista\/category\/guate-nuestra\/\">Guate Nuestra<\/a><\/span>                        <h3 class=\"blfe-post-grid-title\">\n            <a href=\"https:\/\/soymigrante.com\/revista\/torrejas-guatemaltecas-tienen-historia-tradicion-y-una-dulce-receta\/\" title=\"Las torrejas guatemaltecas tienen historia, tradici\u00f3n y una dulce receta\" rel=\"nofollow\" target=\"_blank\">Las torrejas guatemaltecas tienen historia, tradici\u00f3n y una dulce receta<\/a>\n            <\/h3>                                                            <div class=\"blfe-post-grid-meta\">\n                <span class=\"blfe-post-grid-time\"><i class=\"fas fa-book-reader\"><\/i>3 Min read<\/span>            <\/div>\n                                                        <\/div>\n                <\/div>\n\n            <\/div>\n        <\/div>\n                <div class=\"blfe-post-grid-item\">\n            <div class=\"blfe-post-grid-item-inner blfe-modern-zoom\">\n                        <div class=\"blfe-post-grid-bg-image\">\n            <a class=\"blfe-post-grid-image-inner\" href=\"https:\/\/soymigrante.com\/revista\/el-arco-de-gucumatz-es-la-entrada-sagrada-a-chichicastenango\/\" title=\"El Arco de Gucumatz es la entrada sagrada a Chichicastenango\" rel=\"nofollow\" target=\"_blank\"><img decoding=\"async\" src=\"https:\/\/soymigrante.com\/revista\/wp-content\/uploads\/2025\/07\/El-Arco-de-Gucumatz-la-entrada-sagrada-de-Chichicastenango4-e1752182270774.webp\" alt=\"El Arco de Gucumatz es la entrada sagrada a Chichicastenango\"\/><\/a>        <\/div>\n                        <div class=\"blfe-post-grid-details\">\n                    <div class=\"blfe-post-grid-details-inner\">\n                        <span class=\"blfe-post-category\"><a href=\"https:\/\/soymigrante.com\/revista\/category\/guate-nuestra\/\">Guate Nuestra<\/a><\/span>                        <h3 class=\"blfe-post-grid-title\">\n            <a href=\"https:\/\/soymigrante.com\/revista\/el-arco-de-gucumatz-es-la-entrada-sagrada-a-chichicastenango\/\" title=\"El Arco de Gucumatz es la entrada sagrada a Chichicastenango\" rel=\"nofollow\" target=\"_blank\">El Arco de Gucumatz es la entrada sagrada a Chichicastenango<\/a>\n            <\/h3>                                                            <div class=\"blfe-post-grid-meta\">\n                <span class=\"blfe-post-grid-time\"><i class=\"fas fa-book-reader\"><\/i>4 Min read<\/span>            <\/div>\n                                                        <\/div>\n                <\/div>\n\n            <\/div>\n        <\/div>\n                <div class=\"blfe-post-grid-item\">\n            <div class=\"blfe-post-grid-item-inner blfe-modern-zoom\">\n                        <div class=\"blfe-post-grid-bg-image\">\n            <a class=\"blfe-post-grid-image-inner\" href=\"https:\/\/soymigrante.com\/revista\/textiles-kem-colorido-e-identidad-de-adelina-nicho-desde-comalapa\/\" title=\"Kem Textiles Mayas: colorido e identidad de Adelina Nicho desde Comalapa\" rel=\"nofollow\" target=\"_blank\"><img decoding=\"async\" src=\"https:\/\/soymigrante.com\/revista\/wp-content\/uploads\/2025\/08\/adelina-nicho-cumez-textiles-kem-comalapa-mercado-1.webp\" alt=\"Kem Textiles Mayas: colorido e identidad de Adelina Nicho desde Comalapa\"\/><\/a>        <\/div>\n                        <div class=\"blfe-post-grid-details\">\n                    <div class=\"blfe-post-grid-details-inner\">\n                        <span class=\"blfe-post-category\"><a href=\"https:\/\/soymigrante.com\/revista\/category\/guate-nuestra\/\">Guate Nuestra<\/a><\/span>                        <h3 class=\"blfe-post-grid-title\">\n            <a href=\"https:\/\/soymigrante.com\/revista\/textiles-kem-colorido-e-identidad-de-adelina-nicho-desde-comalapa\/\" title=\"Kem Textiles Mayas: colorido e identidad de Adelina Nicho desde Comalapa\" rel=\"nofollow\" target=\"_blank\">Kem Textiles Mayas: colorido e identidad de Adelina Nicho desde Comalapa<\/a>\n            <\/h3>                                                            <div class=\"blfe-post-grid-meta\">\n                <span class=\"blfe-post-grid-time\"><i class=\"fas fa-book-reader\"><\/i>4 Min read<\/span>            <\/div>\n                                                        <\/div>\n                <\/div>\n\n            <\/div>\n        <\/div>\n                        <\/div>\n\n                        <\/div>\n            \n                        <div class=\"blfe-post-footer\">\n                        <\/div>\n            \t\t\t\t<\/div>\n\t\t\t\t<\/div>\n\t\t\t\t\t<\/div>\n\t\t\t\t<\/div>\n\t\t\t\t<\/div>\n\t\t","protected":false},"excerpt":{"rendered":"<p>El Lago de Izabal, el m\u00e1s grande de Guatemala, es un cuerpo de agua que no solo es rico en biodiversidad, sino tambi\u00e9n en historia y cultura. El Lago de Izabal est\u00e1 situado en el departamento de Izabal, este lago es un destino tur\u00edstico que esconde muchos secretos. A continuaci\u00f3n, te compartimos diez datos curiosos [&hellip;]<\/p>\n","protected":false},"author":1,"featured_media":11924,"comment_status":"open","ping_status":"open","sticky":false,"template":"","format":"standard","meta":{"_acf_changed":false,"_eb_attr":"","footnotes":""},"categories":[58],"tags":[],"class_list":["post-10236","post","type-post","status-publish","format-standard","has-post-thumbnail","hentry","category-guate-nuestra"],"acf":[],"aioseo_notices":[],"aioseo_head":"\n\t\t<!-- All in One SEO Pro 4.9.6.2 - aioseo.com -->\n\t<meta name=\"description\" content=\"Fundado por Adelina Nicho C\u00famez, Kem Textiles Mayas impulsa el tejido artesanal y genera oportunidades. Tiene tienda digital en MERCADO. Conoce su historia.\" \/>\n\t<meta name=\"robots\" content=\"max-snippet:-1, max-image-preview:large, max-video-preview:-1\" \/>\n\t<meta name=\"author\" content=\"Gustavo Montenegro\"\/>\n\t<link rel=\"canonical\" href=\"https:\/\/soymigrante.com\/revista\/textiles-kem-colorido-e-identidad-de-adelina-nicho-desde-comalapa\/\" \/>\n\t<meta name=\"generator\" content=\"All in One SEO Pro (AIOSEO) 4.9.6.2\" \/>\n\n\t\t<link rel=\"preconnect\" href=\"https:\/\/fonts.googleapis.com\" crossorigin>\n<link rel=\"preconnect\" href=\"https:\/\/fonts.gstatic.com\" crossorigin>\n\t\t<meta property=\"og:locale\" content=\"es_ES\" \/>\n\t\t<meta property=\"og:site_name\" content=\"SoyMigrante.com REVISTA \u2013 Nuestra misi\u00f3n es reconocer y dignificar al migrante.\" \/>\n\t\t<meta property=\"og:type\" content=\"article\" \/>\n\t\t<meta property=\"og:title\" content=\"Textiles Kem: tradici\u00f3n desde Comalapa ya est\u00e1 en MERCADO\" \/>\n\t\t<meta property=\"og:description\" content=\"Fundado por Adelina Nicho C\u00famez, Kem Textiles Mayas impulsa el tejido artesanal y genera oportunidades. Tiene tienda digital en MERCADO. Conoce su historia.\" \/>\n\t\t<meta property=\"og:url\" content=\"https:\/\/soymigrante.com\/revista\/textiles-kem-colorido-e-identidad-de-adelina-nicho-desde-comalapa\/\" \/>\n\t\t<meta property=\"og:image\" content=\"https:\/\/soymigrante.com\/revista\/wp-content\/uploads\/2025\/08\/adelina-nicho-cumez-textiles-kem-comalapa-mercado-1.webp\" \/>\n\t\t<meta property=\"og:image:secure_url\" content=\"https:\/\/soymigrante.com\/revista\/wp-content\/uploads\/2025\/08\/adelina-nicho-cumez-textiles-kem-comalapa-mercado-1.webp\" \/>\n\t\t<meta property=\"og:image:width\" content=\"1187\" \/>\n\t\t<meta property=\"og:image:height\" content=\"1187\" \/>\n\t\t<meta property=\"article:published_time\" content=\"2025-08-05T22:26:21+00:00\" \/>\n\t\t<meta property=\"article:modified_time\" content=\"2025-08-06T18:36:23+00:00\" \/>\n\t\t<meta property=\"article:publisher\" content=\"https:\/\/www.facebook.com\/soymigrantecom\" \/>\n\t\t<meta name=\"twitter:card\" content=\"summary_large_image\" \/>\n\t\t<meta name=\"twitter:site\" content=\"@SoyMigrante_com\" \/>\n\t\t<meta name=\"twitter:title\" content=\"Textiles Kem: tradici\u00f3n desde Comalapa ya est\u00e1 en MERCADO\" \/>\n\t\t<meta name=\"twitter:description\" content=\"Fundado por Adelina Nicho C\u00famez, Kem Textiles Mayas impulsa el tejido artesanal y genera oportunidades. Tiene tienda digital en MERCADO. Conoce su historia.\" \/>\n\t\t<meta name=\"twitter:creator\" content=\"@SoyMigrante_com\" \/>\n\t\t<meta name=\"twitter:image\" content=\"https:\/\/soymigrante.com\/revista\/wp-content\/uploads\/2025\/08\/adelina-nicho-cumez-textiles-kem-comalapa-mercado-1.webp\" \/>\n\t\t<!-- All in One SEO Pro -->\r\n\t\t<title>Textiles Kem: tradici\u00f3n desde Comalapa ya est\u00e1 en MERCADO<\/title>\n\n","aioseo_head_json":{"title":"Textiles Kem: tradici\u00f3n desde Comalapa ya est\u00e1 en MERCADO","description":"Fundado por Adelina Nicho C\u00famez, Kem Textiles Mayas impulsa el tejido artesanal y genera oportunidades. Tiene tienda digital en MERCADO. Conoce su historia.","canonical_url":"https:\/\/soymigrante.com\/revista\/textiles-kem-colorido-e-identidad-de-adelina-nicho-desde-comalapa\/","robots":"max-snippet:-1, max-image-preview:large, max-video-preview:-1","keywords":"","webmasterTools":{"miscellaneous":"&lt;link rel=\"preconnect\" href=\"https:\/\/fonts.googleapis.com\" crossorigin&gt;\n&lt;link rel=\"preconnect\" href=\"https:\/\/fonts.gstatic.com\" crossorigin&gt;"},"schema":null,"og:locale":"es_ES","og:site_name":"SoyMigrante.com REVISTA \u2013 Nuestra misi\u00f3n es reconocer y dignificar al migrante.","og:type":"article","og:title":"Textiles Kem: tradici\u00f3n desde Comalapa ya est\u00e1 en MERCADO","og:description":"Fundado por Adelina Nicho C\u00famez, Kem Textiles Mayas impulsa el tejido artesanal y genera oportunidades. Tiene tienda digital en MERCADO. Conoce su historia.","og:url":"https:\/\/soymigrante.com\/revista\/textiles-kem-colorido-e-identidad-de-adelina-nicho-desde-comalapa\/","og:image":"https:\/\/soymigrante.com\/revista\/wp-content\/uploads\/2025\/08\/adelina-nicho-cumez-textiles-kem-comalapa-mercado-1.webp","og:image:secure_url":"https:\/\/soymigrante.com\/revista\/wp-content\/uploads\/2025\/08\/adelina-nicho-cumez-textiles-kem-comalapa-mercado-1.webp","og:image:width":1187,"og:image:height":1187,"article:published_time":"2025-08-05T22:26:21+00:00","article:modified_time":"2025-08-06T18:36:23+00:00","article:publisher":"https:\/\/www.facebook.com\/soymigrantecom","twitter:card":"summary_large_image","twitter:site":"@SoyMigrante_com","twitter:title":"Textiles Kem: tradici\u00f3n desde Comalapa ya est\u00e1 en MERCADO","twitter:description":"Fundado por Adelina Nicho C\u00famez, Kem Textiles Mayas impulsa el tejido artesanal y genera oportunidades. Tiene tienda digital en MERCADO. Conoce su historia.","twitter:creator":"@SoyMigrante_com","twitter:image":"https:\/\/soymigrante.com\/revista\/wp-content\/uploads\/2025\/08\/adelina-nicho-cumez-textiles-kem-comalapa-mercado-1.webp"},"aioseo_meta_data":{"post_id":"10236","title":null,"description":"El Lago de Izabal, el m\u00e1s grande de Guatemala, es un cuerpo de agua que no solo es rico en biodiversidad, sino tambi\u00e9n en historia y cultura.","keywords":null,"keyphrases":{"focus":{"keyphrase":"izabal","score":82,"analysis":{"keyphraseInTitle":{"score":9,"maxScore":9,"error":0},"keyphraseInDescription":{"score":9,"maxScore":9,"error":0},"keyphraseLength":{"score":9,"maxScore":9,"error":0,"length":1},"keyphraseInURL":{"score":5,"maxScore":5,"error":0},"keyphraseInIntroduction":{"score":9,"maxScore":9,"error":0},"keyphraseInSubHeadings":{"score":3,"maxScore":9,"error":1},"keyphraseInImageAlt":{"score":3,"maxScore":9,"error":1},"keywordDensity":{"type":"best","score":9,"maxScore":9,"error":0}}},"additional":[{"keyphrase":"lago","score":80,"analysis":{"keyphraseInDescription":{"score":9,"maxScore":9,"error":0},"keyphraseLength":{"score":9,"maxScore":9,"error":0,"length":1},"keyphraseInIntroduction":{"score":9,"maxScore":9,"error":0},"keyphraseInImageAlt":{"score":9,"maxScore":9,"error":0},"keywordDensity":{"type":"high","score":0,"maxScore":9,"error":1}}},{"keyphrase":"izabal","score":87,"analysis":{"keyphraseInDescription":{"score":9,"maxScore":9,"error":0},"keyphraseLength":{"score":9,"maxScore":9,"error":0,"length":1},"keyphraseInIntroduction":{"score":9,"maxScore":9,"error":0},"keyphraseInImageAlt":{"score":3,"maxScore":9,"error":1},"keywordDensity":{"type":"best","score":9,"maxScore":9,"error":0}}}]},"primary_term":null,"canonical_url":null,"og_title":null,"og_description":null,"og_object_type":"default","og_image_type":"default","og_image_url":null,"og_image_width":null,"og_image_height":null,"og_image_custom_url":null,"og_image_custom_fields":null,"og_video":"","og_custom_url":null,"og_article_section":null,"og_article_tags":null,"twitter_use_og":false,"twitter_card":"default","twitter_image_type":"default","twitter_image_url":null,"twitter_image_custom_url":null,"twitter_image_custom_fields":null,"twitter_title":null,"twitter_description":null,"schema":{"blockGraphs":[],"customGraphs":[],"default":{"data":{"Article":[],"Course":[],"Dataset":[],"FAQPage":[],"Movie":[],"Person":[],"Product":[],"ProductReview":[],"Car":[],"Recipe":[],"Service":[],"SoftwareApplication":[],"WebPage":[]},"graphName":"NewsArticle","isEnabled":true},"graphs":[]},"schema_type":"default","schema_type_options":null,"pillar_content":false,"robots_default":true,"robots_noindex":false,"robots_noarchive":false,"robots_nosnippet":false,"robots_nofollow":false,"robots_noimageindex":false,"robots_noodp":false,"robots_notranslate":false,"robots_max_snippet":"-1","robots_max_videopreview":"-1","robots_max_imagepreview":"large","priority":null,"frequency":"default","local_seo":null,"seo_analyzer_scan_date":null,"breadcrumb_settings":null,"limit_modified_date":false,"reviewed_by":"0","open_ai":"{\"title\":{\"suggestions\":[],\"usage\":0},\"description\":{\"suggestions\":[],\"usage\":0}}","ai":{"faqs":[],"keyPoints":[],"titles":[],"descriptions":[],"socialPosts":{"email":[],"linkedin":[],"twitter":[],"facebook":[],"instagram":[]}},"created":"2024-10-10 18:36:24","updated":"2026-04-02 15:28:24"},"aioseo_breadcrumb":"<div class=\"aioseo-breadcrumbs\"><span class=\"aioseo-breadcrumb\">\n\t<a href=\"https:\/\/soymigrante.com\/revista\" title=\"Home\">Home<\/a>\n<\/span><span class=\"aioseo-breadcrumb-separator\">\u00bb<\/span><span class=\"aioseo-breadcrumb\">\n\t<a href=\"https:\/\/soymigrante.com\/revista\/category\/guate-nuestra\/\" title=\"Guate Nuestra\">Guate Nuestra<\/a>\n<\/span><span class=\"aioseo-breadcrumb-separator\">\u00bb<\/span><span class=\"aioseo-breadcrumb\">\n\t10 datos que ya sab\u00edas (o quiz\u00e1 no) acerca del Lago de Izabal\n<\/span><\/div>","aioseo_breadcrumb_json":[{"label":"Home","link":"https:\/\/soymigrante.com\/revista"},{"label":"Guate Nuestra","link":"https:\/\/soymigrante.com\/revista\/category\/guate-nuestra\/"},{"label":"10 datos que ya sab\u00edas (o quiz\u00e1 no) acerca del Lago de Izabal","link":"https:\/\/soymigrante.com\/revista\/10-datos-que-ya-sabias-o-quiza-no-acerca-del-lago-de-izabal\/"}],"_links":{"self":[{"href":"https:\/\/soymigrante.com\/revista\/wp-json\/wp\/v2\/posts\/10236","targetHints":{"allow":["GET"]}}],"collection":[{"href":"https:\/\/soymigrante.com\/revista\/wp-json\/wp\/v2\/posts"}],"about":[{"href":"https:\/\/soymigrante.com\/revista\/wp-json\/wp\/v2\/types\/post"}],"author":[{"embeddable":true,"href":"https:\/\/soymigrante.com\/revista\/wp-json\/wp\/v2\/users\/1"}],"replies":[{"embeddable":true,"href":"https:\/\/soymigrante.com\/revista\/wp-json\/wp\/v2\/comments?post=10236"}],"version-history":[{"count":1,"href":"https:\/\/soymigrante.com\/revista\/wp-json\/wp\/v2\/posts\/10236\/revisions"}],"predecessor-version":[{"id":54452,"href":"https:\/\/soymigrante.com\/revista\/wp-json\/wp\/v2\/posts\/10236\/revisions\/54452"}],"wp:featuredmedia":[{"embeddable":true,"href":"https:\/\/soymigrante.com\/revista\/wp-json\/wp\/v2\/media\/11924"}],"wp:attachment":[{"href":"https:\/\/soymigrante.com\/revista\/wp-json\/wp\/v2\/media?parent=10236"}],"wp:term":[{"taxonomy":"category","embeddable":true,"href":"https:\/\/soymigrante.com\/revista\/wp-json\/wp\/v2\/categories?post=10236"},{"taxonomy":"post_tag","embeddable":true,"href":"https:\/\/soymigrante.com\/revista\/wp-json\/wp\/v2\/tags?post=10236"}],"curies":[{"name":"wp","href":"https:\/\/api.w.org\/{rel}","templated":true}]}}