{"id":10224,"date":"2024-10-10T12:20:14","date_gmt":"2024-10-10T18:20:14","guid":{"rendered":"https:\/\/soymigrante.com\/revista\/?p=10224"},"modified":"2024-10-31T21:36:31","modified_gmt":"2024-11-01T03:36:31","slug":"tuve-que-buscar-un-mejor-futuro-amarilys-ortiz-lider-guatemalteca-que-migro-a-california-desde-hace-mas-de-tres-decadas","status":"publish","type":"post","link":"https:\/\/soymigrante.com\/revista\/tuve-que-buscar-un-mejor-futuro-amarilys-ortiz-lider-guatemalteca-que-migro-a-california-desde-hace-mas-de-tres-decadas\/","title":{"rendered":"El camino de la l\u00edder migrante Amarilys Ortiz ha sido de servicio, dedicaci\u00f3n y amor a Guatemala"},"content":{"rendered":"\t\t<div data-elementor-type=\"wp-post\" data-elementor-id=\"10224\" class=\"elementor elementor-10224\" data-elementor-post-type=\"post\">\n\t\t\t\t<div data-particle_enable=\"false\" data-particle-mobile-disabled=\"false\" class=\"elementor-element elementor-element-058414e e-flex e-con-boxed e-con e-parent\" data-id=\"058414e\" data-element_type=\"container\" data-e-type=\"container\">\n\t\t\t\t\t<div class=\"e-con-inner\">\n\t\t\t\t<div class=\"elementor-element elementor-element-4084016 elementor-widget elementor-widget-heading\" data-id=\"4084016\" data-element_type=\"widget\" data-e-type=\"widget\" data-widget_type=\"heading.default\">\n\t\t\t\t\t<h2 class=\"elementor-heading-title elementor-size-default\">Amarilys Ortiz lleg\u00f3 a Estados Unidos a finales de los 80, comenz\u00f3 a trabajar como ni\u00f1era, cuidadora de casas y cocinera. Ahora se ha convertido en una  l\u00edder migrante, que impuls\u00f3 la creaci\u00f3n del D\u00eda del Guatemalteco, instituido en 2009 en Los Angeles.<\/h2>\t\t\t\t<\/div>\n\t\t\t\t\t<\/div>\n\t\t\t\t<\/div>\n\t\t<div data-particle_enable=\"false\" data-particle-mobile-disabled=\"false\" class=\"elementor-element elementor-element-62e0be6 e-flex e-con-boxed e-con e-parent\" data-id=\"62e0be6\" data-element_type=\"container\" data-e-type=\"container\">\n\t\t\t\t\t<div class=\"e-con-inner\">\n\t\t\t\t<div class=\"elementor-element elementor-element-6877823 elementor-widget elementor-widget-text-editor\" data-id=\"6877823\" data-element_type=\"widget\" data-e-type=\"widget\" data-widget_type=\"text-editor.default\">\n\t\t\t\t\t\t\t\t\t<p>\u201cYo vine huyendo del conflicto armado. Mi esposo desapareci\u00f3 durante esa situaci\u00f3n. Tuve que buscar un mejor futuro\u201d, comparte Amarilys Ortiz al preguntarle por qu\u00e9 migr\u00f3 a Estados Unidos, quien decidi\u00f3 llegar a ese pa\u00eds durante la \u00e9poca de los 80 cuando Guatemala viv\u00eda uno de los peores momentos pol\u00edticos.<\/p><p>Compartir su historia la ha llevado a recordar esa etapa en Guatemala que le emotiva mucho, entre l\u00e1grimas, Amarilys recuerda que ten\u00eda 24 a\u00f1os de edad cuando se vio obligada a dejar a sus tres hijos bajo el cuidado de su hermana. Su objetivo era migrar a Estados Unidos para trabajar y con ello ayudar a su familia en Guatemala, sobre todo, a sus hijos para que ellos siguieran estudiando.<\/p>\t\t\t\t\t\t\t\t<\/div>\n\t\t\t\t\t<\/div>\n\t\t\t\t<\/div>\n\t\t<div data-particle_enable=\"false\" data-particle-mobile-disabled=\"false\" class=\"elementor-element elementor-element-199bf21 e-flex e-con-boxed e-con e-parent\" data-id=\"199bf21\" data-element_type=\"container\" data-e-type=\"container\">\n\t\t\t\t\t<div class=\"e-con-inner\">\n\t\t\t\t<div class=\"elementor-element elementor-element-2e668cf elementor-widget elementor-widget-image\" data-id=\"2e668cf\" data-element_type=\"widget\" data-e-type=\"widget\" data-widget_type=\"image.default\">\n\t\t\t\t\t\t\t\t\t\t\t\t<figure class=\"wp-caption\">\n\t\t\t\t\t\t\t\t\t\t<img fetchpriority=\"high\" decoding=\"async\" width=\"768\" height=\"768\" src=\"https:\/\/soymigrante.com\/revista\/wp-content\/uploads\/2024\/10\/Amaralys-Ortiz6.webp\" class=\"attachment-large size-large wp-image-10227\" alt=\"SoyMigrante revista - Ministerio de migraci\u00f3n, derechos de migrantes y asuntos internacionales en Am\u00e9rica latina.\" srcset=\"https:\/\/soymigrante.com\/revista\/wp-content\/uploads\/2024\/10\/Amaralys-Ortiz6.webp 960w, https:\/\/soymigrante.com\/revista\/wp-content\/uploads\/2024\/10\/Amaralys-Ortiz6-300x300.webp 300w, https:\/\/soymigrante.com\/revista\/wp-content\/uploads\/2024\/10\/Amaralys-Ortiz6-150x150.webp 150w, https:\/\/soymigrante.com\/revista\/wp-content\/uploads\/2024\/10\/Amaralys-Ortiz6-768x768.webp 768w, https:\/\/soymigrante.com\/revista\/wp-content\/uploads\/2024\/10\/Amaralys-Ortiz6-75x75.webp 75w, https:\/\/soymigrante.com\/revista\/wp-content\/uploads\/2024\/10\/Amaralys-Ortiz6-750x750.webp 750w\" sizes=\"(max-width: 768px) 100vw, 768px\" title=\"Amaralys Ortiz6 \u2013 SoyMigrante.com REVISTA\" \/>\t\t\t\t\t\t\t\t\t\t\t<figcaption class=\"widget-image-caption wp-caption-text\">Mujer sonriente sosteniendo cartel con hashtags #SoyMigrante y #DiMundoYa en oficina moderna.<\/figcaption>\n\t\t\t\t\t\t\t\t\t\t<\/figure>\n\t\t\t\t\t\t\t\t\t<\/div>\n\t\t\t\t\t<\/div>\n\t\t\t\t<\/div>\n\t\t<div data-particle_enable=\"false\" data-particle-mobile-disabled=\"false\" class=\"elementor-element elementor-element-5dc6a83 e-flex e-con-boxed e-con e-parent\" data-id=\"5dc6a83\" data-element_type=\"container\" data-e-type=\"container\">\n\t\t\t\t\t<div class=\"e-con-inner\">\n\t\t\t\t<div class=\"elementor-element elementor-element-1db7807 elementor-widget elementor-widget-heading\" data-id=\"1db7807\" data-element_type=\"widget\" data-e-type=\"widget\" data-widget_type=\"heading.default\">\n\t\t\t\t\t<h3 class=\"elementor-heading-title elementor-size-default\">Una realidad migrante<\/h3>\t\t\t\t<\/div>\n\t\t\t\t\t<\/div>\n\t\t\t\t<\/div>\n\t\t<div data-particle_enable=\"false\" data-particle-mobile-disabled=\"false\" class=\"elementor-element elementor-element-9a62e4d e-flex e-con-boxed e-con e-parent\" data-id=\"9a62e4d\" data-element_type=\"container\" data-e-type=\"container\">\n\t\t\t\t\t<div class=\"e-con-inner\">\n\t\t\t\t<div class=\"elementor-element elementor-element-38780c7 elementor-widget elementor-widget-text-editor\" data-id=\"38780c7\" data-element_type=\"widget\" data-e-type=\"widget\" data-widget_type=\"text-editor.default\">\n\t\t\t\t\t\t\t\t\t<p>\u201cSentirse amenazada es duro, pero deb\u00eda seguir adelante por mis hijos. Pens\u00e9 en venirme solamente 1 a\u00f1o. Ac\u00e1 yo lucho por la mujer guatemalteca y trabajo para que nuestra comunidad conozca sus derechos y oportunidades viviendo en Estados Unidos\u201d , enfatiza Amarilys quien despu\u00e9s de permanecer 15 a\u00f1os en ese pa\u00eds logr\u00f3 la ciudadan\u00eda. Para lograr su objetivo en suelo estadounidense, Amarilys ten\u00eda tres trabajos; era ni\u00f1era, cuidaba casas y\u00a0<a href=\"https:\/\/soymigrante.com\/revista\/thelma-carrera-cocina-con-el-sabor-de-la-generosidad-en-connecticut\/\" target=\"_blank\" rel=\"noopener\">preparaba comida<\/a>\u00a0para vender.<\/p><p>\u201cViviendo ac\u00e1 es dif\u00edcil tener contacto con los hijos\u201d, refiere Amarilys. Se propuso aprender ingl\u00e9s y a partir de ello se le facilit\u00f3 m\u00e1s la oportunidad laboral.<\/p><p>Una de las historias que marcaron sus comienzos fue el de ni\u00f1era, pues tuvo la oportunidad de cuidar a la hija de una princesa indonesa durante 11 a\u00f1os, lo peculiar del caso era que la peque\u00f1a naci\u00f3 con autismo.\u00a0<\/p><p>\u201cLa llegu\u00e9 a querer como si fuera mi hija. Cuidar a un ni\u00f1o autista requiere de mucho tiempo. Ellos hacen y quieren las mismas cosas todo el tiempo. Les gusta vestir lo mismo, pueden ver la misma pel\u00edcula todo el d\u00eda\u201d, explica Amarilys.<\/p>\t\t\t\t\t\t\t\t<\/div>\n\t\t\t\t\t<\/div>\n\t\t\t\t<\/div>\n\t\t<div data-particle_enable=\"false\" data-particle-mobile-disabled=\"false\" class=\"elementor-element elementor-element-e918e9f e-flex e-con-boxed e-con e-parent\" data-id=\"e918e9f\" data-element_type=\"container\" data-e-type=\"container\">\n\t\t\t\t\t<div class=\"e-con-inner\">\n\t\t\t\t<div class=\"elementor-element elementor-element-ebf020b elementor-widget elementor-widget-image\" data-id=\"ebf020b\" data-element_type=\"widget\" data-e-type=\"widget\" data-widget_type=\"image.default\">\n\t\t\t\t\t\t\t\t\t\t\t\t<figure class=\"wp-caption\">\n\t\t\t\t\t\t\t\t\t\t<img decoding=\"async\" width=\"768\" height=\"501\" src=\"https:\/\/soymigrante.com\/revista\/wp-content\/uploads\/2024\/10\/dia-del-guatemalteco2-2-1024x668.webp\" class=\"attachment-large size-large wp-image-10228\" alt=\"Fotograf\u00eda de un grupo de ni\u00f1os y dos adultas en un evento cultural, vistiendo ropa tradicional guatemalteca, rodeados de ofrendas florales en un espacio cerrado, promoviendo la cultura y tradiciones ind\u00edgenas.\" srcset=\"https:\/\/soymigrante.com\/revista\/wp-content\/uploads\/2024\/10\/dia-del-guatemalteco2-2-1024x668.webp 1024w, https:\/\/soymigrante.com\/revista\/wp-content\/uploads\/2024\/10\/dia-del-guatemalteco2-2-300x196.webp 300w, https:\/\/soymigrante.com\/revista\/wp-content\/uploads\/2024\/10\/dia-del-guatemalteco2-2-768x501.webp 768w, https:\/\/soymigrante.com\/revista\/wp-content\/uploads\/2024\/10\/dia-del-guatemalteco2-2-1536x1001.webp 1536w, https:\/\/soymigrante.com\/revista\/wp-content\/uploads\/2024\/10\/dia-del-guatemalteco2-2-750x489.webp 750w, https:\/\/soymigrante.com\/revista\/wp-content\/uploads\/2024\/10\/dia-del-guatemalteco2-2-1140x743.jpg 1140w, https:\/\/soymigrante.com\/revista\/wp-content\/uploads\/2024\/10\/dia-del-guatemalteco2-2.webp 1600w\" sizes=\"(max-width: 768px) 100vw, 768px\" title=\"dia del guatemalteco2 \u2013 SoyMigrante.com REVISTA\" \/>\t\t\t\t\t\t\t\t\t\t\t<figcaption class=\"widget-image-caption wp-caption-text\">Celebraci\u00f3n cultural ind\u00edgena en Guatemala con ni\u00f1os y adultos vistiendo trajes tradicionales, mostrando sombreros decorados y flores en un evento de orgullo y preservaci\u00f3n cultural.<\/figcaption>\n\t\t\t\t\t\t\t\t\t\t<\/figure>\n\t\t\t\t\t\t\t\t\t<\/div>\n\t\t\t\t\t<\/div>\n\t\t\t\t<\/div>\n\t\t<div data-particle_enable=\"false\" data-particle-mobile-disabled=\"false\" class=\"elementor-element elementor-element-e64a6ed e-flex e-con-boxed e-con e-parent\" data-id=\"e64a6ed\" data-element_type=\"container\" data-e-type=\"container\">\n\t\t\t\t\t<div class=\"e-con-inner\">\n\t\t\t\t<div class=\"elementor-element elementor-element-758b4d6 elementor-widget elementor-widget-heading\" data-id=\"758b4d6\" data-element_type=\"widget\" data-e-type=\"widget\" data-widget_type=\"heading.default\">\n\t\t\t\t\t<h3 class=\"elementor-heading-title elementor-size-default\">Dedicaci\u00f3n guatemalteca<\/h3>\t\t\t\t<\/div>\n\t\t\t\t\t<\/div>\n\t\t\t\t<\/div>\n\t\t<div data-particle_enable=\"false\" data-particle-mobile-disabled=\"false\" class=\"elementor-element elementor-element-a196cc4 e-flex e-con-boxed e-con e-parent\" data-id=\"a196cc4\" data-element_type=\"container\" data-e-type=\"container\">\n\t\t\t\t\t<div class=\"e-con-inner\">\n\t\t\t\t<div class=\"elementor-element elementor-element-9710d55 elementor-widget elementor-widget-text-editor\" data-id=\"9710d55\" data-element_type=\"widget\" data-e-type=\"widget\" data-widget_type=\"text-editor.default\">\n\t\t\t\t\t\t\t\t\t<p>Amarilys tuvo especial dedicaci\u00f3n y esmero para atender a la hija de la princesa. Son cualidades muy guatemaltecas. Y por ello\u00a0<span style=\"color: var( --e-global-color-text ); text-align: var(--text-align);\">se volvi\u00f3 pr\u00e1cticamente indispensable en esa familia ya que conoc\u00eda muy bien las necesidades y preferencias de la ni\u00f1a. Fue en esa etapa que viaj\u00f3 junto a ellos por muchos pa\u00edses como Egipto, Singapur y visit\u00f3 Europa.\u00a0<\/span><\/p><p>La ciudad de las Vegas se convirti\u00f3 en un segundo hogar pues ah\u00ed vivi\u00f3 bastante tiempo la princesa indonesa con su hija. Tambi\u00e9n vivieron en Beverly Hills. \u201cDios es el que me ha puesto bendiciones en el camino. Uno trata se der buena persona, uno comete errores, pero Dios lo bendice a uno\u201d, a\u00f1ade Amarilys.<\/p>\t\t\t\t\t\t\t\t<\/div>\n\t\t\t\t\t<\/div>\n\t\t\t\t<\/div>\n\t\t<div data-particle_enable=\"false\" data-particle-mobile-disabled=\"false\" class=\"elementor-element elementor-element-96ffb29 e-flex e-con-boxed e-con e-parent\" data-id=\"96ffb29\" data-element_type=\"container\" data-e-type=\"container\">\n\t\t\t\t\t<div class=\"e-con-inner\">\n\t\t\t\t<div class=\"elementor-element elementor-element-a5f0816 elementor-widget elementor-widget-testimonial\" data-id=\"a5f0816\" data-element_type=\"widget\" data-e-type=\"widget\" data-widget_type=\"testimonial.default\">\n\t\t\t\t\t\t\t<div class=\"elementor-testimonial-wrapper\">\n\t\t\t\t\t\t\t<div class=\"elementor-testimonial-content\">\u201cSentirse amenazada es duro, pero deb\u00eda seguir adelante por mis hijos. Ac\u00e1 yo lucho por la mujer guatemalteca y trabajo para que nuestra comunidad conozca sus derechos y oportunidades viviendo en Estados Unidos.\"<\/div>\n\t\t\t\n\t\t\t\t\t\t<div class=\"elementor-testimonial-meta elementor-has-image elementor-testimonial-image-position-aside\">\n\t\t\t\t<div class=\"elementor-testimonial-meta-inner\">\n\t\t\t\t\t\t\t\t\t\t\t<div class=\"elementor-testimonial-image\">\n\t\t\t\t\t\t\t<img decoding=\"async\" width=\"953\" height=\"960\" src=\"https:\/\/soymigrante.com\/revista\/wp-content\/uploads\/2024\/10\/Amaralys-Ortiz2.webp\" class=\"attachment-full size-full wp-image-10225\" alt=\"Mujer mayor con cabello rubio en iglesia, celebraci\u00f3n religiosa, sosteniendo celebraci\u00f3n, comunidad, fe y espiritualidad, inter\u00e9s social, personajes religiosos, entorno interior, asistencia a misa, convivencia social en iglesia, evento comunitario, participaci\u00f3n activa, alegr\u00eda y esperanza.\" title=\"Amaralis Ortiz2 \u2013 SoyMigrante.com REVISTA\" srcset=\"https:\/\/soymigrante.com\/revista\/wp-content\/uploads\/2024\/10\/Amaralys-Ortiz2.webp 953w, https:\/\/soymigrante.com\/revista\/wp-content\/uploads\/2024\/10\/Amaralys-Ortiz2-298x300.webp 298w, https:\/\/soymigrante.com\/revista\/wp-content\/uploads\/2024\/10\/Amaralys-Ortiz2-150x150.webp 150w, https:\/\/soymigrante.com\/revista\/wp-content\/uploads\/2024\/10\/Amaralys-Ortiz2-768x774.webp 768w, https:\/\/soymigrante.com\/revista\/wp-content\/uploads\/2024\/10\/Amaralys-Ortiz2-75x75.webp 75w, https:\/\/soymigrante.com\/revista\/wp-content\/uploads\/2024\/10\/Amaralys-Ortiz2-750x756.webp 750w\" sizes=\"(max-width: 953px) 100vw, 953px\" \/>\t\t\t\t\t\t<\/div>\n\t\t\t\t\t\n\t\t\t\t\t\t\t\t\t\t<div class=\"elementor-testimonial-details\">\n\t\t\t\t\t\t\t\t\t\t\t\t\t\t<div class=\"elementor-testimonial-name\">Amarilys Ortiz<\/div>\n\t\t\t\t\t\t\t\t\t\t\t\t\t\t\t\t\t\t\t\t\t\t<div class=\"elementor-testimonial-job\">L\u00edder guatemalteca<\/div>\n\t\t\t\t\t\t\t\t\t\t\t\t\t<\/div>\n\t\t\t\t\t\t\t\t\t<\/div>\n\t\t\t<\/div>\n\t\t\t\t\t<\/div>\n\t\t\t\t\t\t<\/div>\n\t\t\t\t\t<\/div>\n\t\t\t\t<\/div>\n\t\t<div data-particle_enable=\"false\" data-particle-mobile-disabled=\"false\" class=\"elementor-element elementor-element-c17d0ff e-flex e-con-boxed e-con e-parent\" data-id=\"c17d0ff\" data-element_type=\"container\" data-e-type=\"container\">\n\t\t\t\t\t<div class=\"e-con-inner\">\n\t\t\t\t<div class=\"elementor-element elementor-element-48584d9 elementor-widget elementor-widget-heading\" data-id=\"48584d9\" data-element_type=\"widget\" data-e-type=\"widget\" data-widget_type=\"heading.default\">\n\t\t\t\t\t<h3 class=\"elementor-heading-title elementor-size-default\">Contribuci\u00f3n migrante<\/h3>\t\t\t\t<\/div>\n\t\t\t\t\t<\/div>\n\t\t\t\t<\/div>\n\t\t<div data-particle_enable=\"false\" data-particle-mobile-disabled=\"false\" class=\"elementor-element elementor-element-76d9e4a e-flex e-con-boxed e-con e-parent\" data-id=\"76d9e4a\" data-element_type=\"container\" data-e-type=\"container\">\n\t\t\t\t\t<div class=\"e-con-inner\">\n\t\t\t\t<div class=\"elementor-element elementor-element-5800c13 elementor-widget elementor-widget-text-editor\" data-id=\"5800c13\" data-element_type=\"widget\" data-e-type=\"widget\" data-widget_type=\"text-editor.default\">\n\t\t\t\t\t\t\t\t\t<p>Luego de la pandemia, Amarilys ha tenido dificultades laborales pero no as\u00ed en el trabajo que hace para promover la cultura guatemalteca junto\u00a0<a href=\"https:\/\/soymigrante.com\/revista\/esvin-gomez-retalteco-migrante-impulsa-el-movimiento-tps-en-california\/\" target=\"_blank\" rel=\"noopener\">a otros l\u00edderes comprometidos.<\/a>\u00a0Desde Santa M\u00f3nica, California, donde radica ella se organiza para promover desde diferentes grupos la comunidad guatemalteca. No solo ha impulsado el D\u00eda del Guatemalteco en Los Angeles. Como l\u00edder activista participa constantemente en reuniones de trabajo con la Asociaci\u00f3n Guatemalteca Americana, de la que es integrante.<\/p><p>Amarilys es una de los dos guatemaltecas promotoras del D\u00eda del Guatemala que se conmemora cada 20 de octubre y que este a\u00f1o se cumplir\u00e1n 15 a\u00f1os de la resoluci\u00f3n emitida por el gobierno de Los \u00c1ngeles.\u00a0<\/p><p>Amarilys logr\u00f3 regresar a Guatemala, despu\u00e9s de muchos a\u00f1os, en el 2004. Recuerda que ten\u00eda miedo de salir del aeropuerto, no sab\u00eda a lo que se enfrentaba despu\u00e9s de d\u00e9cadas fuera de este territorio. Reunirse con sus hijos fue un reencuentro lleno de sentimientos encontrados. La recibieron con flores. Pudo recordar sus momentos de infancia, jugaba en una de las \u00e1reas del Teatro Nacional, pues ella naci\u00f3 en una de las viviendas aleda\u00f1as.\u00a0<\/p>\t\t\t\t\t\t\t\t<\/div>\n\t\t\t\t\t<\/div>\n\t\t\t\t<\/div>\n\t\t<div data-particle_enable=\"false\" data-particle-mobile-disabled=\"false\" class=\"elementor-element elementor-element-a6f198d e-flex e-con-boxed e-con e-parent\" data-id=\"a6f198d\" data-element_type=\"container\" data-e-type=\"container\">\n\t\t\t\t\t<div class=\"e-con-inner\">\n\t\t\t\t<div class=\"elementor-element elementor-element-8ea3b70 elementor-arrows-position-inside elementor-pagination-position-outside elementor-widget elementor-widget-image-carousel\" data-id=\"8ea3b70\" data-element_type=\"widget\" data-e-type=\"widget\" data-settings=\"{&quot;slides_to_show&quot;:&quot;1&quot;,&quot;navigation&quot;:&quot;both&quot;,&quot;autoplay&quot;:&quot;yes&quot;,&quot;pause_on_hover&quot;:&quot;yes&quot;,&quot;pause_on_interaction&quot;:&quot;yes&quot;,&quot;autoplay_speed&quot;:5000,&quot;infinite&quot;:&quot;yes&quot;,&quot;effect&quot;:&quot;slide&quot;,&quot;speed&quot;:500}\" data-widget_type=\"image-carousel.default\">\n\t\t\t\t\t\t\t<div class=\"elementor-image-carousel-wrapper swiper\" role=\"region\" aria-roledescription=\"carousel\" aria-label=\"Carrusel de im\u00e1genes\" dir=\"ltr\">\n\t\t\t<div class=\"elementor-image-carousel swiper-wrapper\" aria-live=\"off\">\n\t\t\t\t\t\t\t\t<div class=\"swiper-slide\" role=\"group\" aria-roledescription=\"slide\" aria-label=\"1 de 3\"><figure class=\"swiper-slide-inner\"><img decoding=\"async\" class=\"swiper-slide-image\" src=\"https:\/\/soymigrante.com\/revista\/wp-content\/uploads\/2024\/10\/Amaralys-Ortiz7-705x1024.webp\" alt=\"Estadounidense con banderas en un parque, celebrando la cultura y la reivindicaci\u00f3n de migrantes en Estados Unidos. Enfocado en temas de inmigraci\u00f3n y diversidad.\" \/><\/figure><\/div><div class=\"swiper-slide\" role=\"group\" aria-roledescription=\"slide\" aria-label=\"2 de 3\"><figure class=\"swiper-slide-inner\"><img decoding=\"async\" class=\"swiper-slide-image\" src=\"https:\/\/soymigrante.com\/revista\/wp-content\/uploads\/2024\/10\/Amaralys-Ortiz.webp\" alt=\"Guatemalan woman at government office with flag of Guatemala, representing official or diplomatic context.\" \/><\/figure><\/div><div class=\"swiper-slide\" role=\"group\" aria-roledescription=\"slide\" aria-label=\"3 de 3\"><figure class=\"swiper-slide-inner\"><img decoding=\"async\" class=\"swiper-slide-image\" src=\"https:\/\/soymigrante.com\/revista\/wp-content\/uploads\/2024\/10\/Dia-del-Guatemalteco-proclamacion-768x1024.webp\" alt=\"Reconocimiento de migrantes y comunidad en edificio hist\u00f3rico iluminado con luces rosas en la noche.\" \/><\/figure><\/div>\t\t\t<\/div>\n\t\t\t\t\t\t\t\t\t\t\t\t<div class=\"elementor-swiper-button elementor-swiper-button-prev\" role=\"button\" tabindex=\"0\">\n\t\t\t\t\t\t<i aria-hidden=\"true\" class=\"eicon-chevron-left\"><\/i>\t\t\t\t\t<\/div>\n\t\t\t\t\t<div class=\"elementor-swiper-button elementor-swiper-button-next\" role=\"button\" tabindex=\"0\">\n\t\t\t\t\t\t<i aria-hidden=\"true\" class=\"eicon-chevron-right\"><\/i>\t\t\t\t\t<\/div>\n\t\t\t\t\n\t\t\t\t\t\t\t\t\t<div class=\"swiper-pagination\"><\/div>\n\t\t\t\t\t\t\t\t\t<\/div>\n\t\t\t\t\t\t<\/div>\n\t\t\t\t\t<\/div>\n\t\t\t\t<\/div>\n\t\t<div data-particle_enable=\"false\" data-particle-mobile-disabled=\"false\" class=\"elementor-element elementor-element-4e216ed e-flex e-con-boxed e-con e-parent\" data-id=\"4e216ed\" data-element_type=\"container\" data-e-type=\"container\">\n\t\t\t\t\t<div class=\"e-con-inner\">\n\t\t\t\t<div class=\"elementor-element elementor-element-c4b8ae9 elementor-widget elementor-widget-text-editor\" data-id=\"c4b8ae9\" data-element_type=\"widget\" data-e-type=\"widget\" data-widget_type=\"text-editor.default\">\n\t\t\t\t\t\t\t\t\t<p>Una de las iniciativas de su parte es reunir fondos para ayudar con compra de \u00fatiles a ni\u00f1os en Guatemala, con apoyo de su familia, Amarilys logra dar esperanzas a esos ni\u00f1os. Afortunadamente sus hijos la apoyan es estas actividadades para que el apoyo sea una realidad.<\/p>\n<p><span style=\"color: var( --e-global-color-text );text-align: var(--text-align)\">\u201cTengo casi los mismos a\u00f1os que el Teatro\u201d, dice orgullosa pues durante su ni\u00f1ez recuerda el momento en que el Teatro Nacional era pintado de azul.&nbsp;Y con esos sentimientos, Amarilys est\u00e1 convencida de que trabajar Ad Honorem por la comunidad guatemalteca no tiene ning\u00fan precio sino mucha satisfacci\u00f3n, como buena chapina.<\/span><\/p><p><span style=\"color: var( --e-global-color-text );text-align: var(--text-align)\">Actualmente promueve la ya pr\u00f3xima celebraci\u00f3n del D\u00eda del Guatemalteco, con la convicci\u00f3n de que son muchas las cualidades y aportes de los migrantes nacidos en la Tierra del Quetzal.&nbsp;<\/span><\/p>\t\t\t\t\t\t\t\t<\/div>\n\t\t\t\t\t<\/div>\n\t\t\t\t<\/div>\n\t\t<div data-particle_enable=\"false\" data-particle-mobile-disabled=\"false\" class=\"elementor-element elementor-element-0a4418f e-flex e-con-boxed e-con e-parent\" data-id=\"0a4418f\" data-element_type=\"container\" data-e-type=\"container\">\n\t\t\t\t\t<div class=\"e-con-inner\">\n\t\t\t\t<div class=\"elementor-element elementor-element-9cd6210 elementor-widget elementor-widget-heading\" data-id=\"9cd6210\" data-element_type=\"widget\" data-e-type=\"widget\" data-widget_type=\"heading.default\">\n\t\t\t\t\t<h3 class=\"elementor-heading-title elementor-size-default\">Historias que inspiran<\/h3>\t\t\t\t<\/div>\n\t\t\t\t\t<\/div>\n\t\t\t\t<\/div>\n\t\t<div data-particle_enable=\"false\" data-particle-mobile-disabled=\"false\" class=\"elementor-element elementor-element-dba8c61 e-flex e-con-boxed e-con e-parent\" data-id=\"dba8c61\" data-element_type=\"container\" data-e-type=\"container\">\n\t\t\t\t\t<div class=\"e-con-inner\">\n\t\t\t\t<div class=\"elementor-element elementor-element-79a9f9d elementor-grid-eael-col-3 elementor-grid-tablet-eael-col-2 elementor-grid-mobile-eael-col-1 elementor-widget elementor-widget-eael-post-grid\" data-id=\"79a9f9d\" data-element_type=\"widget\" data-e-type=\"widget\" data-settings=\"{&quot;eael_post_grid_columns&quot;:&quot;eael-col-3&quot;,&quot;eael_post_grid_columns_tablet&quot;:&quot;eael-col-2&quot;,&quot;eael_post_grid_columns_mobile&quot;:&quot;eael-col-1&quot;}\" data-widget_type=\"eael-post-grid.default\">\n\t\t\t\t\t<div id=\"eael-post-grid-79a9f9d\" class=\"eael-post-grid-container\">\n            <div class=\"eael-post-grid eael-post-appender eael-post-appender-79a9f9d eael-post-grid-style-one\" data-layout-mode=\"masonry\"><article class=\"eael-grid-post  eael-post-grid-column eael-pg-post-10027 category-exitos\" data-id=\"10027\">\n        <div class=\"eael-grid-post-holder\">\n            <div class=\"eael-grid-post-holder-inner\"><div class=\"eael-entry-media\"><div class=\"eael-entry-overlay fade-in\"><i class=\"far fa-hand-pointer\" aria-hidden=\"true\"><\/i><a href=\"https:\/\/soymigrante.com\/revista\/es-un-honor-ser-guatemalteco-rudy-perez-subjefe-de-policia-en-minneapolis-minnesota\/\"><\/a><\/div><div class=\"eael-entry-thumbnail \">\n                <img loading=\"lazy\" decoding=\"async\" width=\"1024\" height=\"1024\" src=\"https:\/\/soymigrante.com\/revista\/wp-content\/uploads\/2024\/10\/Rudy-Perez-subjefe-policial-guatemalteco-americano-1-1024x1024.webp\" class=\"attachment-large size-large wp-image-10094\" alt=\"Polic\u00eda de tr\u00e1nsito en uniforme, sonriendo, en un parque con edificio hist\u00f3rico al fondo, representando autoridad y seguridad ciudadana en un entorno urbano.\" srcset=\"https:\/\/soymigrante.com\/revista\/wp-content\/uploads\/2024\/10\/Rudy-Perez-subjefe-policial-guatemalteco-americano-1-1024x1024.webp 1024w, https:\/\/soymigrante.com\/revista\/wp-content\/uploads\/2024\/10\/Rudy-Perez-subjefe-policial-guatemalteco-americano-1-300x300.webp 300w, https:\/\/soymigrante.com\/revista\/wp-content\/uploads\/2024\/10\/Rudy-Perez-subjefe-policial-guatemalteco-americano-1-150x150.webp 150w, https:\/\/soymigrante.com\/revista\/wp-content\/uploads\/2024\/10\/Rudy-Perez-subjefe-policial-guatemalteco-americano-1-768x768.webp 768w, https:\/\/soymigrante.com\/revista\/wp-content\/uploads\/2024\/10\/Rudy-Perez-subjefe-policial-guatemalteco-americano-1-75x75.webp 75w, https:\/\/soymigrante.com\/revista\/wp-content\/uploads\/2024\/10\/Rudy-Perez-subjefe-policial-guatemalteco-americano-1-750x750.webp 750w, https:\/\/soymigrante.com\/revista\/wp-content\/uploads\/2024\/10\/Rudy-Perez-subjefe-policial-guatemalteco-americano-1.webp 1206w\" sizes=\"(max-width: 1024px) 100vw, 1024px\" \/>\n            <\/div>\n        <\/div><div class=\"eael-entry-wrapper\"><header class=\"eael-entry-header\"><h2 class=\"eael-entry-title\"><a class=\"eael-grid-post-link\" href=\"https:\/\/soymigrante.com\/revista\/es-un-honor-ser-guatemalteco-rudy-perez-subjefe-de-policia-en-minneapolis-minnesota\/\" title=\"\u201cEs un honor ser guatemalteco\u201d: Rudy P\u00e9rez, subjefe de polic\u00eda en Minneapolis, Minnesota.\">\u201cEs un honor ser guatemalteco\u201d: Rudy P\u00e9rez, subjefe de polic\u00eda en Minneapolis, Minnesota.<\/a><\/h2><\/header><div class=\"eael-entry-content\">\n                        <div class=\"eael-grid-post-excerpt\"><a href=\"https:\/\/soymigrante.com\/revista\/es-un-honor-ser-guatemalteco-rudy-perez-subjefe-de-policia-en-minneapolis-minnesota\/\" class=\"eael-post-elements-readmore-btn\">CONOCE SU HISTORIA <\/a><\/div>\n                    <\/div><\/div><\/div>\n        <\/div>\n    <\/article><article class=\"eael-grid-post  eael-post-grid-column eael-pg-post-9747 category-exitos\" data-id=\"9747\">\n        <div class=\"eael-grid-post-holder\">\n            <div class=\"eael-grid-post-holder-inner\"><div class=\"eael-entry-media\"><div class=\"eael-entry-overlay fade-in\"><i class=\"far fa-hand-pointer\" aria-hidden=\"true\"><\/i><a href=\"https:\/\/soymigrante.com\/revista\/pablo-pineda-un-aliado-humanitario-en-chicago-con-su-restaurante-latin-patio\/\"><\/a><\/div><div class=\"eael-entry-thumbnail \">\n                <img loading=\"lazy\" decoding=\"async\" width=\"1024\" height=\"1024\" src=\"https:\/\/soymigrante.com\/revista\/wp-content\/uploads\/2024\/09\/Pablo-Pineda-lider-comunitario-Illinois-Chicago2-1024x1024.webp\" class=\"attachment-large size-large wp-image-9796\" alt=\"Trabajador migrante feliz sonrisa positiva revistamodelmigrante.\" \/>\n            <\/div>\n        <\/div><div class=\"eael-entry-wrapper\"><header class=\"eael-entry-header\"><h2 class=\"eael-entry-title\"><a class=\"eael-grid-post-link\" href=\"https:\/\/soymigrante.com\/revista\/pablo-pineda-un-aliado-humanitario-en-chicago-con-su-restaurante-latin-patio\/\" title=\"El guatemalteco Pablo Pineda es un aliado humanitario de los migrantes en Chicago\">El guatemalteco Pablo Pineda es un aliado humanitario de los migrantes en Chicago<\/a><\/h2><\/header><div class=\"eael-entry-content\">\n                        <div class=\"eael-grid-post-excerpt\"><a href=\"https:\/\/soymigrante.com\/revista\/pablo-pineda-un-aliado-humanitario-en-chicago-con-su-restaurante-latin-patio\/\" class=\"eael-post-elements-readmore-btn\">CONOCE SU HISTORIA <\/a><\/div>\n                    <\/div><\/div><\/div>\n        <\/div>\n    <\/article><article class=\"eael-grid-post  eael-post-grid-column eael-pg-post-9776 category-exitos\" data-id=\"9776\">\n        <div class=\"eael-grid-post-holder\">\n            <div class=\"eael-grid-post-holder-inner\"><div class=\"eael-entry-media\"><div class=\"eael-entry-overlay fade-in\"><i class=\"far fa-hand-pointer\" aria-hidden=\"true\"><\/i><a href=\"https:\/\/soymigrante.com\/revista\/esvin-gomez-retalteco-migrante-impulsa-el-movimiento-tps-en-california\/\"><\/a><\/div><div class=\"eael-entry-thumbnail \">\n                <img loading=\"lazy\" decoding=\"async\" width=\"1024\" height=\"1024\" src=\"https:\/\/soymigrante.com\/revista\/wp-content\/uploads\/2024\/09\/Esvin-Gomez-defiende-el-TPS-en-USA3-e1727724241599-1024x1024.webp\" class=\"attachment-large size-large wp-image-9830\" alt=\"Turista en un centro comercial de EE.UU., sostiene una hoja con el logotipo de TPS, en un entorno urbano con decoraciones de Halloween y figura de Mickey Mouse disfrazada.\" srcset=\"https:\/\/soymigrante.com\/revista\/wp-content\/uploads\/2024\/09\/Esvin-Gomez-defiende-el-TPS-en-USA3-e1727724241599-1024x1024.webp 1024w, https:\/\/soymigrante.com\/revista\/wp-content\/uploads\/2024\/09\/Esvin-Gomez-defiende-el-TPS-en-USA3-e1727724241599-300x300.webp 300w, https:\/\/soymigrante.com\/revista\/wp-content\/uploads\/2024\/09\/Esvin-Gomez-defiende-el-TPS-en-USA3-e1727724241599-150x150.webp 150w, https:\/\/soymigrante.com\/revista\/wp-content\/uploads\/2024\/09\/Esvin-Gomez-defiende-el-TPS-en-USA3-e1727724241599-768x768.webp 768w, https:\/\/soymigrante.com\/revista\/wp-content\/uploads\/2024\/09\/Esvin-Gomez-defiende-el-TPS-en-USA3-e1727724241599-75x75.webp 75w, https:\/\/soymigrante.com\/revista\/wp-content\/uploads\/2024\/09\/Esvin-Gomez-defiende-el-TPS-en-USA3-e1727724241599-750x750.webp 750w, https:\/\/soymigrante.com\/revista\/wp-content\/uploads\/2024\/09\/Esvin-Gomez-defiende-el-TPS-en-USA3-e1727724241599-1140x1140.webp 1140w, https:\/\/soymigrante.com\/revista\/wp-content\/uploads\/2024\/09\/Esvin-Gomez-defiende-el-TPS-en-USA3-e1727724241599.webp 1440w\" sizes=\"(max-width: 1024px) 100vw, 1024px\" \/>\n            <\/div>\n        <\/div><div class=\"eael-entry-wrapper\"><header class=\"eael-entry-header\"><h2 class=\"eael-entry-title\"><a class=\"eael-grid-post-link\" href=\"https:\/\/soymigrante.com\/revista\/esvin-gomez-retalteco-migrante-impulsa-el-movimiento-tps-en-california\/\" title=\"&#8220;Lo vamos a lograr&#8221;: Esvin G\u00f3mez, migrante retalteco apoya el movimiento TPS en California\">&#8220;Lo vamos a lograr&#8221;: Esvin G\u00f3mez, migrante retalteco apoya el movimiento TPS en California<\/a><\/h2><\/header><div class=\"eael-entry-content\">\n                        <div class=\"eael-grid-post-excerpt\"><a href=\"https:\/\/soymigrante.com\/revista\/esvin-gomez-retalteco-migrante-impulsa-el-movimiento-tps-en-california\/\" class=\"eael-post-elements-readmore-btn\">CONOCE SU HISTORIA <\/a><\/div>\n                    <\/div><\/div><\/div>\n        <\/div>\n    <\/article><\/div>\n            <div class=\"clearfix\"><\/div>\n        <\/div>\t\t\t\t<\/div>\n\t\t\t\t\t<\/div>\n\t\t\t\t<\/div>\n\t\t\t\t<\/div>\n\t\t","protected":false},"excerpt":{"rendered":"<p>Amarilys Ortiz lleg\u00f3 a Estados Unidos a finales de los 80, comenz\u00f3 a trabajar como ni\u00f1era, cuidadora de casas y cocinera. Ahora se ha convertido en una l\u00edder migrante, que impuls\u00f3 la creaci\u00f3n del D\u00eda del Guatemalteco, instituido en 2009 en Los Angeles. \u201cYo vine huyendo del conflicto armado. Mi esposo desapareci\u00f3 durante esa situaci\u00f3n. [&hellip;]<\/p>\n","protected":false},"author":23,"featured_media":10233,"comment_status":"open","ping_status":"open","sticky":false,"template":"","format":"standard","meta":{"_acf_changed":false,"_eb_attr":"","footnotes":""},"categories":[50],"tags":[],"class_list":["post-10224","post","type-post","status-publish","format-standard","has-post-thumbnail","hentry","category-exitos"],"acf":[],"aioseo_notices":[],"aioseo_head":"\n\t\t<!-- All in One SEO Pro 4.9.6.2 - aioseo.com -->\n\t<meta name=\"description\" content=\"Ten\u00eda 23 a\u00f1os cuando dej\u00f3 su natal San Felipe Retalhuleu. Lleg\u00f3 a North Hollywood en California hace 31 a\u00f1os. Es ciudadano pero apoya un TPS para connacionales.\" \/>\n\t<meta name=\"robots\" content=\"max-snippet:-1, max-image-preview:large, max-video-preview:-1\" \/>\n\t<meta name=\"author\" content=\"Beatriz Tercero\"\/>\n\t<link rel=\"canonical\" href=\"https:\/\/soymigrante.com\/revista\/esvin-gomez-retalteco-migrante-impulsa-el-movimiento-tps-en-california\/\" \/>\n\t<meta name=\"generator\" content=\"All in One SEO Pro (AIOSEO) 4.9.6.2\" \/>\n\n\t\t<link rel=\"preconnect\" href=\"https:\/\/fonts.googleapis.com\" crossorigin>\n<link rel=\"preconnect\" href=\"https:\/\/fonts.gstatic.com\" crossorigin>\n\t\t<meta property=\"og:locale\" content=\"es_ES\" \/>\n\t\t<meta property=\"og:site_name\" content=\"SoyMigrante.com REVISTA \u2013 Nuestra misi\u00f3n es reconocer y dignificar al migrante.\" \/>\n\t\t<meta property=\"og:type\" content=\"article\" \/>\n\t\t<meta property=\"og:title\" content=\"Esvin G\u00f3mez re\u00fane firmas en California para TPS Guatemalteco\" \/>\n\t\t<meta property=\"og:description\" content=\"Ten\u00eda 23 a\u00f1os cuando dej\u00f3 su natal San Felipe Retalhuleu. Lleg\u00f3 a North Hollywood en California hace 31 a\u00f1os. Es ciudadano pero apoya un TPS para connacionales.\" \/>\n\t\t<meta property=\"og:url\" content=\"https:\/\/soymigrante.com\/revista\/esvin-gomez-retalteco-migrante-impulsa-el-movimiento-tps-en-california\/\" \/>\n\t\t<meta property=\"og:image\" content=\"https:\/\/soymigrante.com\/revista\/wp-content\/uploads\/2024\/09\/Esvin-Gomez-defiende-el-TPS-en-USA3-e1727724241599.webp\" \/>\n\t\t<meta property=\"og:image:secure_url\" content=\"https:\/\/soymigrante.com\/revista\/wp-content\/uploads\/2024\/09\/Esvin-Gomez-defiende-el-TPS-en-USA3-e1727724241599.webp\" \/>\n\t\t<meta property=\"og:image:width\" content=\"1440\" \/>\n\t\t<meta property=\"og:image:height\" content=\"1440\" \/>\n\t\t<meta property=\"article:published_time\" content=\"2024-09-30T19:53:29+00:00\" \/>\n\t\t<meta property=\"article:modified_time\" content=\"2024-10-02T14:02:12+00:00\" \/>\n\t\t<meta property=\"article:publisher\" content=\"https:\/\/www.facebook.com\/soymigrantecom\" \/>\n\t\t<meta name=\"twitter:card\" content=\"summary_large_image\" \/>\n\t\t<meta name=\"twitter:site\" content=\"@SoyMigrante_com\" \/>\n\t\t<meta name=\"twitter:title\" content=\"Esvin G\u00f3mez re\u00fane firmas en California para TPS Guatemalteco\" \/>\n\t\t<meta name=\"twitter:description\" content=\"Ten\u00eda 23 a\u00f1os cuando dej\u00f3 su natal San Felipe Retalhuleu. Lleg\u00f3 a North Hollywood en California hace 31 a\u00f1os. Es ciudadano pero apoya un TPS para connacionales.\" \/>\n\t\t<meta name=\"twitter:creator\" content=\"@SoyMigrante_com\" \/>\n\t\t<meta name=\"twitter:image\" content=\"https:\/\/soymigrante.com\/revista\/wp-content\/uploads\/2024\/09\/Esvin-Gomez-defiende-el-TPS-en-USA3-e1727724241599.webp\" \/>\n\t\t<!-- All in One SEO Pro -->\r\n\t\t<title>Esvin G\u00f3mez re\u00fane firmas en California para TPS Guatemalteco<\/title>\n\n","aioseo_head_json":{"title":"Esvin G\u00f3mez re\u00fane firmas en California para TPS Guatemalteco","description":"Ten\u00eda 23 a\u00f1os cuando dej\u00f3 su natal San Felipe Retalhuleu. Lleg\u00f3 a North Hollywood en California hace 31 a\u00f1os. Es ciudadano pero apoya un TPS para connacionales.","canonical_url":"https:\/\/soymigrante.com\/revista\/esvin-gomez-retalteco-migrante-impulsa-el-movimiento-tps-en-california\/","robots":"max-snippet:-1, max-image-preview:large, max-video-preview:-1","keywords":"","webmasterTools":{"miscellaneous":"&lt;link rel=\"preconnect\" href=\"https:\/\/fonts.googleapis.com\" crossorigin&gt;\n&lt;link rel=\"preconnect\" href=\"https:\/\/fonts.gstatic.com\" crossorigin&gt;"},"schema":null,"og:locale":"es_ES","og:site_name":"SoyMigrante.com REVISTA \u2013 Nuestra misi\u00f3n es reconocer y dignificar al migrante.","og:type":"article","og:title":"Esvin G\u00f3mez re\u00fane firmas en California para TPS Guatemalteco","og:description":"Ten\u00eda 23 a\u00f1os cuando dej\u00f3 su natal San Felipe Retalhuleu. Lleg\u00f3 a North Hollywood en California hace 31 a\u00f1os. Es ciudadano pero apoya un TPS para connacionales.","og:url":"https:\/\/soymigrante.com\/revista\/esvin-gomez-retalteco-migrante-impulsa-el-movimiento-tps-en-california\/","og:image":"https:\/\/soymigrante.com\/revista\/wp-content\/uploads\/2024\/09\/Esvin-Gomez-defiende-el-TPS-en-USA3-e1727724241599.webp","og:image:secure_url":"https:\/\/soymigrante.com\/revista\/wp-content\/uploads\/2024\/09\/Esvin-Gomez-defiende-el-TPS-en-USA3-e1727724241599.webp","og:image:width":1440,"og:image:height":1440,"article:published_time":"2024-09-30T19:53:29+00:00","article:modified_time":"2024-10-02T14:02:12+00:00","article:publisher":"https:\/\/www.facebook.com\/soymigrantecom","twitter:card":"summary_large_image","twitter:site":"@SoyMigrante_com","twitter:title":"Esvin G\u00f3mez re\u00fane firmas en California para TPS Guatemalteco","twitter:description":"Ten\u00eda 23 a\u00f1os cuando dej\u00f3 su natal San Felipe Retalhuleu. Lleg\u00f3 a North Hollywood en California hace 31 a\u00f1os. Es ciudadano pero apoya un TPS para connacionales.","twitter:creator":"@SoyMigrante_com","twitter:image":"https:\/\/soymigrante.com\/revista\/wp-content\/uploads\/2024\/09\/Esvin-Gomez-defiende-el-TPS-en-USA3-e1727724241599.webp"},"aioseo_meta_data":{"post_id":"10224","title":"Amarilys Ortiz: \"Tuve que buscar un mejor futuro\"","description":"Amarilys Ortiz lleg\u00f3 a Estados Unidos a finales de los 80, comenz\u00f3 a trabajar como ni\u00f1era, cuidadora de casas y cocinera. Ahora se ha convertido en una guatemalteca l\u00edder en Los \u00c1ngeles. Conoce su historia.","keywords":null,"keyphrases":{"focus":{"keyphrase":"Un mejor futuro","score":60,"analysis":{"keyphraseInTitle":{"score":9,"maxScore":9,"error":0},"keyphraseInDescription":{"score":3,"maxScore":9,"error":1},"keyphraseLength":{"score":9,"maxScore":9,"error":0,"length":3},"keyphraseInURL":{"score":5,"maxScore":5,"error":0},"keyphraseInIntroduction":{"score":9,"maxScore":9,"error":0},"keyphraseInSubHeadings":{"score":3,"maxScore":9,"error":1},"keyphraseInImageAlt":{"score":3,"maxScore":9,"error":1},"keywordDensity":{"score":0,"type":"low","maxScore":9,"error":1}}},"additional":[{"keyphrase":"Migrante guatemalteca","score":40,"analysis":{"keyphraseInDescription":{"score":3,"maxScore":9,"error":1},"keyphraseLength":{"score":9,"maxScore":9,"error":0,"length":2},"keyphraseInIntroduction":{"score":3,"maxScore":9,"error":1},"keyphraseInImageAlt":{"score":3,"maxScore":9,"error":1},"keywordDensity":{"score":0,"type":"low","maxScore":9,"error":1}}},{"keyphrase":"California","score":53,"analysis":{"keyphraseInDescription":{"score":3,"maxScore":9,"error":1},"keyphraseLength":{"score":9,"maxScore":9,"error":0,"length":1},"keyphraseInIntroduction":{"score":3,"maxScore":9,"error":1},"keyphraseInImageAlt":{"score":9,"maxScore":9,"error":0},"keywordDensity":{"score":0,"type":"low","maxScore":9,"error":1}}},{"keyphrase":"Conflicto armado interno","score":40,"analysis":{"keyphraseInDescription":{"score":3,"maxScore":9,"error":1},"keyphraseLength":{"score":9,"maxScore":9,"error":0,"length":3},"keyphraseInIntroduction":{"score":3,"maxScore":9,"error":1},"keyphraseInImageAlt":{"score":3,"maxScore":9,"error":1},"keywordDensity":{"score":0,"type":"low","maxScore":9,"error":1}}}]},"primary_term":null,"canonical_url":null,"og_title":null,"og_description":null,"og_object_type":"default","og_image_type":"default","og_image_url":null,"og_image_width":null,"og_image_height":null,"og_image_custom_url":null,"og_image_custom_fields":null,"og_video":"","og_custom_url":null,"og_article_section":null,"og_article_tags":null,"twitter_use_og":false,"twitter_card":"default","twitter_image_type":"default","twitter_image_url":null,"twitter_image_custom_url":null,"twitter_image_custom_fields":null,"twitter_title":null,"twitter_description":null,"schema":{"blockGraphs":[],"customGraphs":[],"default":{"data":{"Article":[],"Course":[],"Dataset":[],"FAQPage":[],"Movie":[],"Person":[],"Product":[],"ProductReview":[],"Car":[],"Recipe":[],"Service":[],"SoftwareApplication":[],"WebPage":[]},"graphName":"Article","isEnabled":true},"graphs":[]},"schema_type":"default","schema_type_options":null,"pillar_content":false,"robots_default":true,"robots_noindex":false,"robots_noarchive":false,"robots_nosnippet":false,"robots_nofollow":false,"robots_noimageindex":false,"robots_noodp":false,"robots_notranslate":false,"robots_max_snippet":"-1","robots_max_videopreview":"-1","robots_max_imagepreview":"large","priority":null,"frequency":"default","local_seo":null,"seo_analyzer_scan_date":"2025-10-08 23:38:21","breadcrumb_settings":null,"limit_modified_date":false,"reviewed_by":null,"open_ai":"{\"title\":{\"suggestions\":[],\"usage\":0},\"description\":{\"suggestions\":[],\"usage\":0}}","ai":null,"created":"2024-10-10 16:07:44","updated":"2026-02-04 14:55:18"},"aioseo_breadcrumb":"<div class=\"aioseo-breadcrumbs\"><span class=\"aioseo-breadcrumb\">\n\t<a href=\"https:\/\/soymigrante.com\/revista\" title=\"Home\">Home<\/a>\n<\/span><span class=\"aioseo-breadcrumb-separator\">\u00bb<\/span><span class=\"aioseo-breadcrumb\">\n\t<a href=\"https:\/\/soymigrante.com\/revista\/category\/exitos\/\" title=\"\u00c9xitos\">\u00c9xitos<\/a>\n<\/span><span class=\"aioseo-breadcrumb-separator\">\u00bb<\/span><span class=\"aioseo-breadcrumb\">\n\tEl camino de la l\u00edder migrante Amarilys Ortiz ha sido de servicio, dedicaci\u00f3n y amor a Guatemala\n<\/span><\/div>","aioseo_breadcrumb_json":[{"label":"Home","link":"https:\/\/soymigrante.com\/revista"},{"label":"\u00c9xitos","link":"https:\/\/soymigrante.com\/revista\/category\/exitos\/"},{"label":"El camino de la l\u00edder migrante Amarilys Ortiz ha sido de servicio, dedicaci\u00f3n y amor a Guatemala","link":"https:\/\/soymigrante.com\/revista\/tuve-que-buscar-un-mejor-futuro-amarilys-ortiz-lider-guatemalteca-que-migro-a-california-desde-hace-mas-de-tres-decadas\/"}],"_links":{"self":[{"href":"https:\/\/soymigrante.com\/revista\/wp-json\/wp\/v2\/posts\/10224","targetHints":{"allow":["GET"]}}],"collection":[{"href":"https:\/\/soymigrante.com\/revista\/wp-json\/wp\/v2\/posts"}],"about":[{"href":"https:\/\/soymigrante.com\/revista\/wp-json\/wp\/v2\/types\/post"}],"author":[{"embeddable":true,"href":"https:\/\/soymigrante.com\/revista\/wp-json\/wp\/v2\/users\/23"}],"replies":[{"embeddable":true,"href":"https:\/\/soymigrante.com\/revista\/wp-json\/wp\/v2\/comments?post=10224"}],"version-history":[{"count":0,"href":"https:\/\/soymigrante.com\/revista\/wp-json\/wp\/v2\/posts\/10224\/revisions"}],"wp:featuredmedia":[{"embeddable":true,"href":"https:\/\/soymigrante.com\/revista\/wp-json\/wp\/v2\/media\/10233"}],"wp:attachment":[{"href":"https:\/\/soymigrante.com\/revista\/wp-json\/wp\/v2\/media?parent=10224"}],"wp:term":[{"taxonomy":"category","embeddable":true,"href":"https:\/\/soymigrante.com\/revista\/wp-json\/wp\/v2\/categories?post=10224"},{"taxonomy":"post_tag","embeddable":true,"href":"https:\/\/soymigrante.com\/revista\/wp-json\/wp\/v2\/tags?post=10224"}],"curies":[{"name":"wp","href":"https:\/\/api.w.org\/{rel}","templated":true}]}}