{"id":10210,"date":"2024-10-11T13:00:00","date_gmt":"2024-10-11T19:00:00","guid":{"rendered":"https:\/\/soymigrante.com\/revista\/?p=10210"},"modified":"2024-10-31T21:37:43","modified_gmt":"2024-11-01T03:37:43","slug":"asi-se-honran-las-tradiciones-guatemaltecas-mas-alla-de-las-fronteras-patrias","status":"publish","type":"post","link":"https:\/\/soymigrante.com\/revista\/asi-se-honran-las-tradiciones-guatemaltecas-mas-alla-de-las-fronteras-patrias\/","title":{"rendered":"As\u00ed se honran las tradiciones guatemaltecas m\u00e1s all\u00e1 de las fronteras patrias"},"content":{"rendered":"\t\t<div data-elementor-type=\"wp-post\" data-elementor-id=\"10210\" class=\"elementor elementor-10210\" data-elementor-post-type=\"post\">\n\t\t\t\t<div data-particle_enable=\"false\" data-particle-mobile-disabled=\"false\" class=\"elementor-element elementor-element-adaf169 e-flex e-con-boxed e-con e-parent\" data-id=\"adaf169\" data-element_type=\"container\" data-e-type=\"container\">\n\t\t\t\t\t<div class=\"e-con-inner\">\n\t\t\t\t<div class=\"elementor-element elementor-element-69bd96d elementor-widget elementor-widget-heading\" data-id=\"69bd96d\" data-element_type=\"widget\" data-e-type=\"widget\" data-widget_type=\"heading.default\">\n\t\t\t\t\t<h2 class=\"elementor-heading-title elementor-size-default\">Para los migrantes guatemaltecos en Estados Unidos, honrar las tradiciones de su pa\u00eds es una forma de mantenerse conectados con sus ra\u00edces. <\/h2>\t\t\t\t<\/div>\n\t\t\t\t\t<\/div>\n\t\t\t\t<\/div>\n\t\t<div data-particle_enable=\"false\" data-particle-mobile-disabled=\"false\" class=\"elementor-element elementor-element-478c770 e-flex e-con-boxed e-con e-parent\" data-id=\"478c770\" data-element_type=\"container\" data-e-type=\"container\">\n\t\t\t\t\t<div class=\"e-con-inner\">\n\t\t\t\t<div class=\"elementor-element elementor-element-7ede0ea elementor-widget elementor-widget-text-editor\" data-id=\"7ede0ea\" data-element_type=\"widget\" data-e-type=\"widget\" data-widget_type=\"text-editor.default\">\n\t\t\t\t\t\t\t\t\t<p>Para los guatemaltecos migrantes en Estados Unidos, <a href=\"https:\/\/soymigrante.com\/revista\/el-baile-de-la-conquista-tiene-realidades-leyendas-y-muchos-rostros\/\" target=\"_blank\" rel=\"noopener\">mantener vivas sus tradiciones no es solo un acto cultural, sino una manera de resistir la asimilaci\u00f3n total<\/a> y de recordar de d\u00f3nde vienen. A pesar de las dificultades que implica la vida en un pa\u00eds extranjero, muchas familias guatemaltecas encuentran formas creativas de celebrar sus costumbres, adapt\u00e1ndolas al contexto estadounidense sin perder su esencia.<\/p>\t\t\t\t\t\t\t\t<\/div>\n\t\t\t\t\t<\/div>\n\t\t\t\t<\/div>\n\t\t<div data-particle_enable=\"false\" data-particle-mobile-disabled=\"false\" class=\"elementor-element elementor-element-c619cdf e-flex e-con-boxed e-con e-parent\" data-id=\"c619cdf\" data-element_type=\"container\" data-e-type=\"container\">\n\t\t\t\t\t<div class=\"e-con-inner\">\n\t\t\t\t<div class=\"elementor-element elementor-element-0899756 elementor-widget elementor-widget-heading\" data-id=\"0899756\" data-element_type=\"widget\" data-e-type=\"widget\" data-widget_type=\"heading.default\">\n\t\t\t\t\t<h3 class=\"elementor-heading-title elementor-size-default\">Las celebraciones familiares como pilares<\/h3>\t\t\t\t<\/div>\n\t\t\t\t\t<\/div>\n\t\t\t\t<\/div>\n\t\t<div data-particle_enable=\"false\" data-particle-mobile-disabled=\"false\" class=\"elementor-element elementor-element-bb7a44e e-flex e-con-boxed e-con e-parent\" data-id=\"bb7a44e\" data-element_type=\"container\" data-e-type=\"container\">\n\t\t\t\t\t<div class=\"e-con-inner\">\n\t\t\t\t<div class=\"elementor-element elementor-element-fe13449 elementor-widget elementor-widget-text-editor\" data-id=\"fe13449\" data-element_type=\"widget\" data-e-type=\"widget\" data-widget_type=\"text-editor.default\">\n\t\t\t\t\t\t\t\t\t<p><a href=\"https:\/\/soymigrante.com\/revista\/el-baile-de-la-conquista-tiene-realidades-leyendas-y-muchos-rostros\/\" target=\"_blank\" rel=\"noopener\">En muchas familias guatemaltecas, las fiestas y las reuniones familiares son momentos clave para honrar sus ra\u00edces<\/a>. Aunque las distancias, los trabajos y la rutina diaria en Estados Unidos complican la vida social, los guatemaltecos se organizan para celebrar sus d\u00edas festivos m\u00e1s importantes, como el D\u00eda de la Independencia, el D\u00eda de Todos los Santos y, por supuesto, la Semana Santa.<\/p><p>\u201cMi familia siempre se re\u00fane para hacer tamales en Navidad, igual que lo hac\u00edamos en Guatemala. Es una manera de recordar nuestra tierra y mantener a nuestros hijos conectados con su cultura\u201d, cuenta Mar\u00eda L\u00f3pez, residente en Chicago. En estas reuniones, no solo se comparte la comida, sino tambi\u00e9n las historias y las tradiciones que se pasan de generaci\u00f3n en generaci\u00f3n.<\/p>\t\t\t\t\t\t\t\t<\/div>\n\t\t\t\t\t<\/div>\n\t\t\t\t<\/div>\n\t\t<div data-particle_enable=\"false\" data-particle-mobile-disabled=\"false\" class=\"elementor-element elementor-element-b28698f e-flex e-con-boxed e-con e-parent\" data-id=\"b28698f\" data-element_type=\"container\" data-e-type=\"container\">\n\t\t\t\t\t<div class=\"e-con-inner\">\n\t\t\t\t<div class=\"elementor-element elementor-element-b933e0f elementor-widget elementor-widget-image\" data-id=\"b933e0f\" data-element_type=\"widget\" data-e-type=\"widget\" data-widget_type=\"image.default\">\n\t\t\t\t\t\t\t\t\t\t\t\t\t\t\t<img fetchpriority=\"high\" decoding=\"async\" width=\"768\" height=\"512\" src=\"https:\/\/soymigrante.com\/revista\/wp-content\/uploads\/2024\/10\/Asi-se-honran-las-tradiciones-guatemaltecas-en-el-extranjero3-1024x683.jpg\" class=\"attachment-large size-large wp-image-10216\" alt=\"Colores vibrantes de artesan\u00edas mexicanas en una exposici\u00f3n cultural en M\u00e9xico. Enfocado en cultura, arte popular, M\u00e9xico y manualidades tradicionales.\" srcset=\"https:\/\/soymigrante.com\/revista\/wp-content\/uploads\/2024\/10\/Asi-se-honran-las-tradiciones-guatemaltecas-en-el-extranjero3-1024x683.jpg 1024w, https:\/\/soymigrante.com\/revista\/wp-content\/uploads\/2024\/10\/Asi-se-honran-las-tradiciones-guatemaltecas-en-el-extranjero3-300x200.webp 300w, https:\/\/soymigrante.com\/revista\/wp-content\/uploads\/2024\/10\/Asi-se-honran-las-tradiciones-guatemaltecas-en-el-extranjero3-768x512.jpg 768w, https:\/\/soymigrante.com\/revista\/wp-content\/uploads\/2024\/10\/Asi-se-honran-las-tradiciones-guatemaltecas-en-el-extranjero3-1536x1024.jpg 1536w, https:\/\/soymigrante.com\/revista\/wp-content\/uploads\/2024\/10\/Asi-se-honran-las-tradiciones-guatemaltecas-en-el-extranjero3-2048x1365.jpg 2048w, https:\/\/soymigrante.com\/revista\/wp-content\/uploads\/2024\/10\/Asi-se-honran-las-tradiciones-guatemaltecas-en-el-extranjero3-750x500.webp 750w, https:\/\/soymigrante.com\/revista\/wp-content\/uploads\/2024\/10\/Asi-se-honran-las-tradiciones-guatemaltecas-en-el-extranjero3-1140x760.jpg 1140w, https:\/\/soymigrante.com\/revista\/wp-content\/uploads\/2024\/10\/Asi-se-honran-las-tradiciones-guatemaltecas-en-el-extranjero3-scaled.webp 1920w\" sizes=\"(max-width: 768px) 100vw, 768px\" title=\"Asi\u0301 se honran las tradiciones guatemaltecas en el extranjero3 \u2013 SoyMigrante.com REVISTA\" \/>\t\t\t\t\t\t\t\t\t\t\t\t\t\t\t<\/div>\n\t\t\t\t\t<\/div>\n\t\t\t\t<\/div>\n\t\t<div data-particle_enable=\"false\" data-particle-mobile-disabled=\"false\" class=\"elementor-element elementor-element-ed65035 e-flex e-con-boxed e-con e-parent\" data-id=\"ed65035\" data-element_type=\"container\" data-e-type=\"container\">\n\t\t\t\t\t<div class=\"e-con-inner\">\n\t\t\t\t<div class=\"elementor-element elementor-element-c11671a elementor-widget elementor-widget-heading\" data-id=\"c11671a\" data-element_type=\"widget\" data-e-type=\"widget\" data-widget_type=\"heading.default\">\n\t\t\t\t\t<h3 class=\"elementor-heading-title elementor-size-default\">Procesiones en nuevos espacios<\/h3>\t\t\t\t<\/div>\n\t\t\t\t\t<\/div>\n\t\t\t\t<\/div>\n\t\t<div data-particle_enable=\"false\" data-particle-mobile-disabled=\"false\" class=\"elementor-element elementor-element-cf7c0bc e-flex e-con-boxed e-con e-parent\" data-id=\"cf7c0bc\" data-element_type=\"container\" data-e-type=\"container\">\n\t\t\t\t\t<div class=\"e-con-inner\">\n\t\t\t\t<div class=\"elementor-element elementor-element-edcdb5c elementor-widget elementor-widget-text-editor\" data-id=\"edcdb5c\" data-element_type=\"widget\" data-e-type=\"widget\" data-widget_type=\"text-editor.default\">\n\t\t\t\t\t\t\t\t\t<p>Una de las tradiciones m\u00e1s importantes para los guatemaltecos es la celebraci\u00f3n de la Semana Santa. En Guatemala, las calles se llenan de procesiones y alfombras de aserr\u00edn. En Estados Unidos, aunque no es posible replicar la magnitud de estas celebraciones, muchas comunidades migrantes organizan sus propias procesiones en ciudades con alta concentraci\u00f3n de guatemaltecos, como Los \u00c1ngeles y Nueva York.<\/p><p><a href=\"https:\/\/soymigrante.com\/revista\/el-baile-de-la-conquista-tiene-realidades-leyendas-y-muchos-rostros\/\" target=\"_blank\" rel=\"noopener\">Estas actividades son una forma poderosa de reafirmar la identidad guatemalteca<\/a> y mostrar al resto del mundo la riqueza de su cultura. \u201cEs dif\u00edcil estar lejos de Guatemala durante la Semana Santa, pero aqu\u00ed nos organizamos para hacer nuestras propias procesiones, aunque sea a peque\u00f1a escala\u201d, explica Jos\u00e9 Mart\u00ednez, quien vive en Los \u00c1ngeles.<\/p>\t\t\t\t\t\t\t\t<\/div>\n\t\t\t\t\t<\/div>\n\t\t\t\t<\/div>\n\t\t<div data-particle_enable=\"false\" data-particle-mobile-disabled=\"false\" class=\"elementor-element elementor-element-2deb62c e-flex e-con-boxed e-con e-parent\" data-id=\"2deb62c\" data-element_type=\"container\" data-e-type=\"container\">\n\t\t\t\t\t<div class=\"e-con-inner\">\n\t\t\t\t<div class=\"elementor-element elementor-element-4d4f737 elementor-widget elementor-widget-image\" data-id=\"4d4f737\" data-element_type=\"widget\" data-e-type=\"widget\" data-widget_type=\"image.default\">\n\t\t\t\t\t\t\t\t\t\t\t\t\t\t\t<img decoding=\"async\" width=\"576\" height=\"1024\" src=\"https:\/\/soymigrante.com\/revista\/wp-content\/uploads\/2024\/10\/Asi-se-honran-las-tradiciones-guatemaltecas-en-el-extranjero4-576x1024.webp\" class=\"attachment-large size-large wp-image-10217\" alt=\"Especie de ave ex\u00f3tica con plumaje colorido en un entorno natural, resaltando la biodiversidad y aves tropicales para contenido sobre naturaleza y conservaci\u00f3n.\" srcset=\"https:\/\/soymigrante.com\/revista\/wp-content\/uploads\/2024\/10\/Asi-se-honran-las-tradiciones-guatemaltecas-en-el-extranjero4-576x1024.webp 576w, https:\/\/soymigrante.com\/revista\/wp-content\/uploads\/2024\/10\/Asi-se-honran-las-tradiciones-guatemaltecas-en-el-extranjero4-169x300.webp 169w, https:\/\/soymigrante.com\/revista\/wp-content\/uploads\/2024\/10\/Asi-se-honran-las-tradiciones-guatemaltecas-en-el-extranjero4-768x1365.webp 768w, https:\/\/soymigrante.com\/revista\/wp-content\/uploads\/2024\/10\/Asi-se-honran-las-tradiciones-guatemaltecas-en-el-extranjero4-864x1536.webp 864w, https:\/\/soymigrante.com\/revista\/wp-content\/uploads\/2024\/10\/Asi-se-honran-las-tradiciones-guatemaltecas-en-el-extranjero4-scaled.webp 1080w, https:\/\/soymigrante.com\/revista\/wp-content\/uploads\/2024\/10\/Asi-se-honran-las-tradiciones-guatemaltecas-en-el-extranjero4-750x1333.webp 750w\" sizes=\"(max-width: 576px) 100vw, 576px\" title=\"Asi\u0301 se honran las tradiciones guatemaltecas en el extranjero4 \u2013 SoyMigrante.com REVISTA\" \/>\t\t\t\t\t\t\t\t\t\t\t\t\t\t\t<\/div>\n\t\t\t\t\t<\/div>\n\t\t\t\t<\/div>\n\t\t<div data-particle_enable=\"false\" data-particle-mobile-disabled=\"false\" class=\"elementor-element elementor-element-5d2d26f e-flex e-con-boxed e-con e-parent\" data-id=\"5d2d26f\" data-element_type=\"container\" data-e-type=\"container\">\n\t\t\t\t\t<div class=\"e-con-inner\">\n\t\t\t\t<div class=\"elementor-element elementor-element-04edf96 elementor-widget elementor-widget-heading\" data-id=\"04edf96\" data-element_type=\"widget\" data-e-type=\"widget\" data-widget_type=\"heading.default\">\n\t\t\t\t\t<h3 class=\"elementor-heading-title elementor-size-default\">La comida como veh\u00edculo cultural<\/h3>\t\t\t\t<\/div>\n\t\t\t\t\t<\/div>\n\t\t\t\t<\/div>\n\t\t<div data-particle_enable=\"false\" data-particle-mobile-disabled=\"false\" class=\"elementor-element elementor-element-6d00aa6 e-flex e-con-boxed e-con e-parent\" data-id=\"6d00aa6\" data-element_type=\"container\" data-e-type=\"container\">\n\t\t\t\t\t<div class=\"e-con-inner\">\n\t\t\t\t<div class=\"elementor-element elementor-element-2031229 elementor-widget elementor-widget-text-editor\" data-id=\"2031229\" data-element_type=\"widget\" data-e-type=\"widget\" data-widget_type=\"text-editor.default\">\n\t\t\t\t\t\t\t\t\t<p><a href=\"https:\/\/soymigrante.com\/revista\/el-baile-de-la-conquista-tiene-realidades-leyendas-y-muchos-rostros\/\" target=\"_blank\" rel=\"noopener\">Otro aspecto esencial para mantener vivas las tradiciones es la cocina.<\/a> Platillos tradicionales como el fiambre, el pepi\u00e1n o los chuchitos no solo son una manera de recordar los sabores de casa, sino tambi\u00e9n de ense\u00f1ar a las nuevas generaciones sobre sus ra\u00edces. \u201cA mis hijos les encanta el fiambre, y cada D\u00eda de Todos los Santos nos juntamos con otros guatemaltecos para prepararlo. As\u00ed les ense\u00f1amos de d\u00f3nde vienen\u201d, comenta Rosa Melgar, migrante en Houston.<\/p><p>Adem\u00e1s, en mercados locales o en peque\u00f1os negocios guatemaltecos que surgen en las principales ciudades de Estados Unidos, es posible encontrar ingredientes y productos t\u00edpicos de Guatemala. Esto facilita la continuidad de las costumbres culinarias que tanto unen a las familias.<\/p>\t\t\t\t\t\t\t\t<\/div>\n\t\t\t\t\t<\/div>\n\t\t\t\t<\/div>\n\t\t<div data-particle_enable=\"false\" data-particle-mobile-disabled=\"false\" class=\"elementor-element elementor-element-be19007 e-flex e-con-boxed e-con e-parent\" data-id=\"be19007\" data-element_type=\"container\" data-e-type=\"container\">\n\t\t\t\t\t<div class=\"e-con-inner\">\n\t\t\t\t<div class=\"elementor-element elementor-element-e94c690 elementor-widget elementor-widget-image\" data-id=\"e94c690\" data-element_type=\"widget\" data-e-type=\"widget\" data-widget_type=\"image.default\">\n\t\t\t\t\t\t\t\t\t\t\t\t\t\t\t<img decoding=\"async\" width=\"768\" height=\"512\" src=\"https:\/\/soymigrante.com\/revista\/wp-content\/uploads\/2024\/10\/Asi-se-honran-las-tradiciones-guatemaltecas-en-el-extranjero5-1024x683.webp\" class=\"attachment-large size-large wp-image-10218\" alt=\"Colorido festival de ram packed con personas en celebraci\u00f3n tradicional, con grandes estructuras decorativas en un entorno monta\u00f1oso, representando cultura, identidad y festividad en Guatemala.\" srcset=\"https:\/\/soymigrante.com\/revista\/wp-content\/uploads\/2024\/10\/Asi-se-honran-las-tradiciones-guatemaltecas-en-el-extranjero5-1024x683.webp 1024w, https:\/\/soymigrante.com\/revista\/wp-content\/uploads\/2024\/10\/Asi-se-honran-las-tradiciones-guatemaltecas-en-el-extranjero5-300x200.webp 300w, https:\/\/soymigrante.com\/revista\/wp-content\/uploads\/2024\/10\/Asi-se-honran-las-tradiciones-guatemaltecas-en-el-extranjero5-768x512.webp 768w, https:\/\/soymigrante.com\/revista\/wp-content\/uploads\/2024\/10\/Asi-se-honran-las-tradiciones-guatemaltecas-en-el-extranjero5-1536x1024.webp 1536w, https:\/\/soymigrante.com\/revista\/wp-content\/uploads\/2024\/10\/Asi-se-honran-las-tradiciones-guatemaltecas-en-el-extranjero5-scaled.webp 1920w, https:\/\/soymigrante.com\/revista\/wp-content\/uploads\/2024\/10\/Asi-se-honran-las-tradiciones-guatemaltecas-en-el-extranjero5-750x500.webp 750w, https:\/\/soymigrante.com\/revista\/wp-content\/uploads\/2024\/10\/Asi-se-honran-las-tradiciones-guatemaltecas-en-el-extranjero5-1140x760.webp 1140w\" sizes=\"(max-width: 768px) 100vw, 768px\" title=\"Asi\u0301 se honran las tradiciones guatemaltecas en el extranjero5 \u2013 SoyMigrante.com REVISTA\" \/>\t\t\t\t\t\t\t\t\t\t\t\t\t\t\t<\/div>\n\t\t\t\t\t<\/div>\n\t\t\t\t<\/div>\n\t\t<div data-particle_enable=\"false\" data-particle-mobile-disabled=\"false\" class=\"elementor-element elementor-element-3d0b4ce e-flex e-con-boxed e-con e-parent\" data-id=\"3d0b4ce\" data-element_type=\"container\" data-e-type=\"container\">\n\t\t\t\t\t<div class=\"e-con-inner\">\n\t\t\t\t<div class=\"elementor-element elementor-element-6ebcd6e elementor-widget elementor-widget-heading\" data-id=\"6ebcd6e\" data-element_type=\"widget\" data-e-type=\"widget\" data-widget_type=\"heading.default\">\n\t\t\t\t\t<h3 class=\"elementor-heading-title elementor-size-default\">Las nuevas generaciones: entre dos culturas<\/h3>\t\t\t\t<\/div>\n\t\t\t\t\t<\/div>\n\t\t\t\t<\/div>\n\t\t<div data-particle_enable=\"false\" data-particle-mobile-disabled=\"false\" class=\"elementor-element elementor-element-799d8c5 e-flex e-con-boxed e-con e-parent\" data-id=\"799d8c5\" data-element_type=\"container\" data-e-type=\"container\">\n\t\t\t\t\t<div class=\"e-con-inner\">\n\t\t\t\t<div class=\"elementor-element elementor-element-3486e64 elementor-widget elementor-widget-text-editor\" data-id=\"3486e64\" data-element_type=\"widget\" data-e-type=\"widget\" data-widget_type=\"text-editor.default\">\n\t\t\t\t\t\t\t\t\t<p>Honrar las tradiciones guatemaltecas en Estados Unidos tambi\u00e9n es un reto para las nuevas generaciones, que a menudo crecen entre dos culturas. Los hijos de migrantes guatemaltecos enfrentan el desaf\u00edo de integrarse en la sociedad estadounidense sin perder el v\u00ednculo con su herencia. La participaci\u00f3n en actividades culturales, las festividades y la ense\u00f1anza del idioma son esenciales para que los j\u00f3venes comprendan su identidad bicultural.<\/p><p>\u201cEs importante que mis hijos conozcan y celebren nuestras costumbres, aunque crezcan aqu\u00ed. Quiero que se sientan orgullosos de ser guatemaltecos\u201d, afirma Julio Castro, un migrante que vive en Nueva Jersey y que ha inculcado en sus hijos el valor de participar en las celebraciones tradicionales de su comunidad.<\/p><p><a href=\"https:\/\/soymigrante.com\/revista\/el-baile-de-la-conquista-tiene-realidades-leyendas-y-muchos-rostros\/\" target=\"_blank\" rel=\"noopener\">A trav\u00e9s de celebraciones familiares, procesiones religiosas, y la cocina, estas costumbres siguen vivas,<\/a> brindando un sentido de comunidad y pertenencia. Aunque la distancia f\u00edsica los separa de su pa\u00eds natal, su compromiso con las tradiciones guatemaltecas sigue siendo un lazo inquebrantable que atraviesa fronteras y generaciones.<\/p>\t\t\t\t\t\t\t\t<\/div>\n\t\t\t\t\t<\/div>\n\t\t\t\t<\/div>\n\t\t<div data-particle_enable=\"false\" data-particle-mobile-disabled=\"false\" class=\"elementor-element elementor-element-3b63981 e-flex e-con-boxed e-con e-parent\" data-id=\"3b63981\" data-element_type=\"container\" data-e-type=\"container\">\n\t\t\t\t\t<div class=\"e-con-inner\">\n\t\t\t\t<div class=\"elementor-element elementor-element-9b8955e elementor-widget elementor-widget-heading\" data-id=\"9b8955e\" data-element_type=\"widget\" data-e-type=\"widget\" data-widget_type=\"heading.default\">\n\t\t\t\t\t<h2 class=\"elementor-heading-title elementor-size-default\">Te puede interesar...<\/h2>\t\t\t\t<\/div>\n\t\t\t\t\t<\/div>\n\t\t\t\t<\/div>\n\t\t<div data-particle_enable=\"false\" data-particle-mobile-disabled=\"false\" class=\"elementor-element elementor-element-b09d5a2 e-flex e-con-boxed e-con e-parent\" data-id=\"b09d5a2\" data-element_type=\"container\" data-e-type=\"container\">\n\t\t\t\t\t<div class=\"e-con-inner\">\n\t\t\t\t<div class=\"elementor-element elementor-element-bdcd892 elementor-widget elementor-widget-blfe-post-grid\" data-id=\"bdcd892\" data-element_type=\"widget\" data-e-type=\"widget\" data-settings=\"{&quot;columns&quot;:&quot;3&quot;,&quot;columns_tablet&quot;:&quot;6&quot;,&quot;columns_mobile&quot;:&quot;12&quot;,&quot;hero1_layout_column_gap&quot;:{&quot;unit&quot;:&quot;px&quot;,&quot;size&quot;:30,&quot;sizes&quot;:[]},&quot;hero1_layout_column_gap_tablet&quot;:{&quot;unit&quot;:&quot;px&quot;,&quot;size&quot;:&quot;&quot;,&quot;sizes&quot;:[]},&quot;hero1_layout_column_gap_mobile&quot;:{&quot;unit&quot;:&quot;px&quot;,&quot;size&quot;:&quot;&quot;,&quot;sizes&quot;:[]},&quot;hero1_layout_row_gap&quot;:{&quot;unit&quot;:&quot;px&quot;,&quot;size&quot;:30,&quot;sizes&quot;:[]},&quot;hero1_layout_row_gap_tablet&quot;:{&quot;unit&quot;:&quot;px&quot;,&quot;size&quot;:&quot;&quot;,&quot;sizes&quot;:[]},&quot;hero1_layout_row_gap_mobile&quot;:{&quot;unit&quot;:&quot;px&quot;,&quot;size&quot;:&quot;&quot;,&quot;sizes&quot;:[]}}\" data-widget_type=\"blfe-post-grid.hero1\">\n\t\t\t\t<div class=\"elementor-widget-container\">\n\t\t\t\t\t\n                        <div class=\"blfe-post-grid-container \">\n            \n                <div data-skin=\"hero1\" class=\"blfe-row blfe-posts-inner blfe-hero1 blfe-posts-inner blfe-col-3 blfe-col-tab-6 blfe-col-mob-12     \">\n                            <div class=\"blfe-post-grid-item\">\n            <div class=\"blfe-post-grid-item-inner blfe-modern-zoom\">\n                        <div class=\"blfe-post-grid-bg-image\">\n            <a class=\"blfe-post-grid-image-inner\" href=\"https:\/\/soymigrante.com\/revista\/como-se-celebra-la-navidad-en-guatemala-alguna-vez-te-lo-han-preguntado\/\" title=\"C\u00f3mo se celebra la Navidad en Guatemala \u00bfAlguna vez te lo han preguntado?\" rel=\"nofollow\" target=\"_blank\"><img decoding=\"async\" src=\"https:\/\/soymigrante.com\/revista\/wp-content\/uploads\/2025\/12\/asi-se-celebra-la-navidad-en-guatemala-3.png\" alt=\"C\u00f3mo se celebra la Navidad en Guatemala \u00bfAlguna vez te lo han preguntado?\"\/><\/a>        <\/div>\n                        <div class=\"blfe-post-grid-details\">\n                    <div class=\"blfe-post-grid-details-inner\">\n                        <span class=\"blfe-post-category\"><a href=\"https:\/\/soymigrante.com\/revista\/category\/guate-nuestra\/\">Guate Nuestra<\/a><\/span>                        <h3 class=\"blfe-post-grid-title\">\n            <a href=\"https:\/\/soymigrante.com\/revista\/como-se-celebra-la-navidad-en-guatemala-alguna-vez-te-lo-han-preguntado\/\" title=\"C\u00f3mo se celebra la Navidad en Guatemala \u00bfAlguna vez te lo han preguntado?\" rel=\"nofollow\" target=\"_blank\">C\u00f3mo se celebra la Navidad en Guatemala \u00bfAlguna vez te lo han preguntado?<\/a>\n            <\/h3>                                                            <div class=\"blfe-post-grid-meta\">\n                <span class=\"blfe-post-grid-time\"><i class=\"fas fa-book-reader\"><\/i>7 Min read<\/span>            <\/div>\n                                                        <\/div>\n                <\/div>\n\n            <\/div>\n        <\/div>\n                <div class=\"blfe-post-grid-item\">\n            <div class=\"blfe-post-grid-item-inner blfe-modern-zoom\">\n                        <div class=\"blfe-post-grid-bg-image\">\n            <a class=\"blfe-post-grid-image-inner\" href=\"https:\/\/soymigrante.com\/revista\/joyas-mayas-migrantes-guatemaltecos-pueden-admirar-vaso-de-los-11-dioses-en-los-angeles\/\" title=\"Joyas mayas migrantes: Guatemaltecos en Los Angeles pueden admirar el Vaso de los 11 Dioses\" rel=\"nofollow\" target=\"_blank\"><img decoding=\"async\" src=\"https:\/\/soymigrante.com\/revista\/wp-content\/uploads\/2024\/12\/vaso-maya-imagen-del-museo-Lacma-de-Los-Angeles.webp\" alt=\"Joyas mayas migrantes: Guatemaltecos en Los Angeles pueden admirar el Vaso de los 11 Dioses\"\/><\/a>        <\/div>\n                        <div class=\"blfe-post-grid-details\">\n                    <div class=\"blfe-post-grid-details-inner\">\n                        <span class=\"blfe-post-category\"><a href=\"https:\/\/soymigrante.com\/revista\/category\/guate-nuestra\/\">Guate Nuestra<\/a><\/span>                        <h3 class=\"blfe-post-grid-title\">\n            <a href=\"https:\/\/soymigrante.com\/revista\/joyas-mayas-migrantes-guatemaltecos-pueden-admirar-vaso-de-los-11-dioses-en-los-angeles\/\" title=\"Joyas mayas migrantes: Guatemaltecos en Los Angeles pueden admirar el Vaso de los 11 Dioses\" rel=\"nofollow\" target=\"_blank\">Joyas mayas migrantes: Guatemaltecos en Los Angeles pueden admirar el Vaso de los 11 Dioses<\/a>\n            <\/h3>                                                            <div class=\"blfe-post-grid-meta\">\n                <span class=\"blfe-post-grid-time\"><i class=\"fas fa-book-reader\"><\/i>5 Min read<\/span>            <\/div>\n                                                        <\/div>\n                <\/div>\n\n            <\/div>\n        <\/div>\n                <div class=\"blfe-post-grid-item\">\n            <div class=\"blfe-post-grid-item-inner blfe-modern-zoom\">\n                        <div class=\"blfe-post-grid-bg-image\">\n            <a class=\"blfe-post-grid-image-inner\" href=\"https:\/\/soymigrante.com\/revista\/el-camino-de-yoselyn-y-su-tienda-yox-brand-que-ya-abrio-en-mercado\/\" title=\"El camino de Yoselyn y su tienda Yox Brand, que ya abri\u00f3 en MERCADO\" rel=\"nofollow\" target=\"_blank\"><img decoding=\"async\" src=\"https:\/\/soymigrante.com\/revista\/wp-content\/uploads\/2025\/07\/Yox-Brand-emprendedora-Yoselin-Xpantzay-en-Tecpan-1.webp\" alt=\"El camino de Yoselyn y su tienda Yox Brand, que ya abri\u00f3 en MERCADO\"\/><\/a>        <\/div>\n                        <div class=\"blfe-post-grid-details\">\n                    <div class=\"blfe-post-grid-details-inner\">\n                        <span class=\"blfe-post-category\"><a href=\"https:\/\/soymigrante.com\/revista\/category\/guate-nuestra\/\">Guate Nuestra<\/a><\/span>                        <h3 class=\"blfe-post-grid-title\">\n            <a href=\"https:\/\/soymigrante.com\/revista\/el-camino-de-yoselyn-y-su-tienda-yox-brand-que-ya-abrio-en-mercado\/\" title=\"El camino de Yoselyn y su tienda Yox Brand, que ya abri\u00f3 en MERCADO\" rel=\"nofollow\" target=\"_blank\">El camino de Yoselyn y su tienda Yox Brand, que ya abri\u00f3 en MERCADO<\/a>\n            <\/h3>                                                            <div class=\"blfe-post-grid-meta\">\n                <span class=\"blfe-post-grid-time\"><i class=\"fas fa-book-reader\"><\/i>6 Min read<\/span>            <\/div>\n                                                        <\/div>\n                <\/div>\n\n            <\/div>\n        <\/div>\n                        <\/div>\n\n                        <\/div>\n            \n                        <div class=\"blfe-post-footer\">\n                        <\/div>\n            \t\t\t\t<\/div>\n\t\t\t\t<\/div>\n\t\t\t\t\t<\/div>\n\t\t\t\t<\/div>\n\t\t\t\t<\/div>\n\t\t","protected":false},"excerpt":{"rendered":"<p>Para los migrantes guatemaltecos en Estados Unidos, honrar las tradiciones de su pa\u00eds es una forma de mantenerse conectados con sus ra\u00edces. Para los guatemaltecos migrantes en Estados Unidos, mantener vivas sus tradiciones no es solo un acto cultural, sino una manera de resistir la asimilaci\u00f3n total y de recordar de d\u00f3nde vienen. A pesar [&hellip;]<\/p>\n","protected":false},"author":19,"featured_media":7305,"comment_status":"open","ping_status":"open","sticky":false,"template":"","format":"standard","meta":{"_acf_changed":false,"_eb_attr":"","footnotes":""},"categories":[58],"tags":[],"class_list":["post-10210","post","type-post","status-publish","format-standard","has-post-thumbnail","hentry","category-guate-nuestra"],"acf":[],"aioseo_notices":[],"aioseo_head":"\n\t\t<!-- All in One SEO Pro 4.9.6.2 - aioseo.com -->\n\t<meta name=\"description\" content=\"El esfuerzo y la creatividad emprendedora le vienen de familia a Yoselyn Xpantzay, de Tecp\u00e1n Guatemala, Chimaltenango. Su tienda digital Yox Brand ya abri\u00f3 MERCADO\" \/>\n\t<meta name=\"robots\" content=\"max-snippet:-1, max-image-preview:large, max-video-preview:-1\" \/>\n\t<meta name=\"author\" content=\"Gustavo Montenegro\"\/>\n\t<link rel=\"canonical\" href=\"https:\/\/soymigrante.com\/revista\/el-camino-de-yoselyn-y-su-tienda-yox-brand-que-ya-abrio-en-mercado\/\" \/>\n\t<meta name=\"generator\" content=\"All in One SEO Pro (AIOSEO) 4.9.6.2\" \/>\n\n\t\t<link rel=\"preconnect\" href=\"https:\/\/fonts.googleapis.com\" crossorigin>\n<link rel=\"preconnect\" href=\"https:\/\/fonts.gstatic.com\" crossorigin>\n\t\t<meta property=\"og:locale\" content=\"es_ES\" \/>\n\t\t<meta property=\"og:site_name\" content=\"SoyMigrante.com REVISTA \u2013 Nuestra misi\u00f3n es reconocer y dignificar al migrante.\" \/>\n\t\t<meta property=\"og:type\" content=\"article\" \/>\n\t\t<meta property=\"og:title\" content=\"Yox Brand ya abri\u00f3 su tienda digital en MERCADO\" \/>\n\t\t<meta property=\"og:description\" content=\"El esfuerzo y la creatividad emprendedora le vienen de familia a Yoselyn Xpantzay, de Tecp\u00e1n Guatemala, Chimaltenango. Su tienda digital Yox Brand ya abri\u00f3 MERCADO\" \/>\n\t\t<meta property=\"og:url\" content=\"https:\/\/soymigrante.com\/revista\/el-camino-de-yoselyn-y-su-tienda-yox-brand-que-ya-abrio-en-mercado\/\" \/>\n\t\t<meta property=\"og:image\" content=\"https:\/\/soymigrante.com\/revista\/wp-content\/uploads\/2025\/07\/Yox-Brand-emprendedora-Yoselin-Xpantzay-en-Tecpan-1.webp\" \/>\n\t\t<meta property=\"og:image:secure_url\" content=\"https:\/\/soymigrante.com\/revista\/wp-content\/uploads\/2025\/07\/Yox-Brand-emprendedora-Yoselin-Xpantzay-en-Tecpan-1.webp\" \/>\n\t\t<meta property=\"og:image:width\" content=\"868\" \/>\n\t\t<meta property=\"og:image:height\" content=\"868\" \/>\n\t\t<meta property=\"article:published_time\" content=\"2025-07-16T20:22:25+00:00\" \/>\n\t\t<meta property=\"article:modified_time\" content=\"2025-08-03T20:41:58+00:00\" \/>\n\t\t<meta property=\"article:publisher\" content=\"https:\/\/www.facebook.com\/soymigrantecom\" \/>\n\t\t<meta name=\"twitter:card\" content=\"summary_large_image\" \/>\n\t\t<meta name=\"twitter:site\" content=\"@SoyMigrante_com\" \/>\n\t\t<meta name=\"twitter:title\" content=\"Yox Brand ya abri\u00f3 su tienda digital en MERCADO\" \/>\n\t\t<meta name=\"twitter:description\" content=\"El esfuerzo y la creatividad emprendedora le vienen de familia a Yoselyn Xpantzay, de Tecp\u00e1n Guatemala, Chimaltenango. Su tienda digital Yox Brand ya abri\u00f3 MERCADO\" \/>\n\t\t<meta name=\"twitter:creator\" content=\"@SoyMigrante_com\" \/>\n\t\t<meta name=\"twitter:image\" content=\"https:\/\/soymigrante.com\/revista\/wp-content\/uploads\/2025\/07\/Yox-Brand-emprendedora-Yoselin-Xpantzay-en-Tecpan-1.webp\" \/>\n\t\t<!-- All in One SEO Pro -->\r\n\t\t<title>Yox Brand ya abri\u00f3 su tienda digital en MERCADO<\/title>\n\n","aioseo_head_json":{"title":"Yox Brand ya abri\u00f3 su tienda digital en MERCADO","description":"El esfuerzo y la creatividad emprendedora le vienen de familia a Yoselyn Xpantzay, de Tecp\u00e1n Guatemala, Chimaltenango. Su tienda digital Yox Brand ya abri\u00f3 MERCADO","canonical_url":"https:\/\/soymigrante.com\/revista\/el-camino-de-yoselyn-y-su-tienda-yox-brand-que-ya-abrio-en-mercado\/","robots":"max-snippet:-1, max-image-preview:large, max-video-preview:-1","keywords":"","webmasterTools":{"miscellaneous":"&lt;link rel=\"preconnect\" href=\"https:\/\/fonts.googleapis.com\" crossorigin&gt;\n&lt;link rel=\"preconnect\" href=\"https:\/\/fonts.gstatic.com\" crossorigin&gt;"},"schema":null,"og:locale":"es_ES","og:site_name":"SoyMigrante.com REVISTA \u2013 Nuestra misi\u00f3n es reconocer y dignificar al migrante.","og:type":"article","og:title":"Yox Brand ya abri\u00f3 su tienda digital en MERCADO","og:description":"El esfuerzo y la creatividad emprendedora le vienen de familia a Yoselyn Xpantzay, de Tecp\u00e1n Guatemala, Chimaltenango. Su tienda digital Yox Brand ya abri\u00f3 MERCADO","og:url":"https:\/\/soymigrante.com\/revista\/el-camino-de-yoselyn-y-su-tienda-yox-brand-que-ya-abrio-en-mercado\/","og:image":"https:\/\/soymigrante.com\/revista\/wp-content\/uploads\/2025\/07\/Yox-Brand-emprendedora-Yoselin-Xpantzay-en-Tecpan-1.webp","og:image:secure_url":"https:\/\/soymigrante.com\/revista\/wp-content\/uploads\/2025\/07\/Yox-Brand-emprendedora-Yoselin-Xpantzay-en-Tecpan-1.webp","og:image:width":868,"og:image:height":868,"article:published_time":"2025-07-16T20:22:25+00:00","article:modified_time":"2025-08-03T20:41:58+00:00","article:publisher":"https:\/\/www.facebook.com\/soymigrantecom","twitter:card":"summary_large_image","twitter:site":"@SoyMigrante_com","twitter:title":"Yox Brand ya abri\u00f3 su tienda digital en MERCADO","twitter:description":"El esfuerzo y la creatividad emprendedora le vienen de familia a Yoselyn Xpantzay, de Tecp\u00e1n Guatemala, Chimaltenango. Su tienda digital Yox Brand ya abri\u00f3 MERCADO","twitter:creator":"@SoyMigrante_com","twitter:image":"https:\/\/soymigrante.com\/revista\/wp-content\/uploads\/2025\/07\/Yox-Brand-emprendedora-Yoselin-Xpantzay-en-Tecpan-1.webp"},"aioseo_meta_data":{"post_id":"10210","title":null,"description":"Para los migrantes guatemaltecos en Estados Unidos, honrar las tradiciones de su pa\u00eds es una forma de mantenerse conectados con sus ra\u00edces.","keywords":null,"keyphrases":{"focus":{"keyphrase":"Tradiciones","score":91,"analysis":{"keyphraseInTitle":{"score":9,"maxScore":9,"error":0},"keyphraseInDescription":{"score":9,"maxScore":9,"error":0},"keyphraseLength":{"score":9,"maxScore":9,"error":0,"length":1},"keyphraseInURL":{"score":5,"maxScore":5,"error":0},"keyphraseInIntroduction":{"score":9,"maxScore":9,"error":0},"keyphraseInSubHeadings":{"score":3,"maxScore":9,"error":1},"keyphraseInImageAlt":{"score":9,"maxScore":9,"error":0},"keywordDensity":{"type":"best","score":9,"maxScore":9,"error":0}}},"additional":[{"keyphrase":"tradiciones","score":100,"analysis":{"keyphraseInDescription":{"score":9,"maxScore":9,"error":0},"keyphraseLength":{"score":9,"maxScore":9,"error":0,"length":1},"keyphraseInIntroduction":{"score":9,"maxScore":9,"error":0},"keyphraseInImageAlt":{"score":9,"maxScore":9,"error":0},"keywordDensity":{"type":"best","score":9,"maxScore":9,"error":0}}},{"keyphrase":"guatemaltecas","score":87,"analysis":{"keyphraseInDescription":{"score":3,"maxScore":9,"error":1},"keyphraseLength":{"score":9,"maxScore":9,"error":0,"length":1},"keyphraseInIntroduction":{"score":9,"maxScore":9,"error":0},"keyphraseInImageAlt":{"score":9,"maxScore":9,"error":0},"keywordDensity":{"type":"best","score":9,"maxScore":9,"error":0}}}]},"primary_term":null,"canonical_url":null,"og_title":null,"og_description":null,"og_object_type":"default","og_image_type":"default","og_image_url":null,"og_image_width":null,"og_image_height":null,"og_image_custom_url":null,"og_image_custom_fields":null,"og_video":"","og_custom_url":null,"og_article_section":null,"og_article_tags":null,"twitter_use_og":false,"twitter_card":"default","twitter_image_type":"default","twitter_image_url":null,"twitter_image_custom_url":null,"twitter_image_custom_fields":null,"twitter_title":null,"twitter_description":null,"schema":{"blockGraphs":[],"customGraphs":[],"default":{"data":{"Article":[],"Course":[],"Dataset":[],"FAQPage":[],"Movie":[],"Person":[],"Product":[],"ProductReview":[],"Car":[],"Recipe":[],"Service":[],"SoftwareApplication":[],"WebPage":[]},"graphName":"Article","isEnabled":true},"graphs":[]},"schema_type":"default","schema_type_options":null,"pillar_content":false,"robots_default":true,"robots_noindex":false,"robots_noarchive":false,"robots_nosnippet":false,"robots_nofollow":false,"robots_noimageindex":false,"robots_noodp":false,"robots_notranslate":false,"robots_max_snippet":"-1","robots_max_videopreview":"-1","robots_max_imagepreview":"large","priority":null,"frequency":"default","local_seo":null,"seo_analyzer_scan_date":"2025-10-08 23:39:33","breadcrumb_settings":null,"limit_modified_date":false,"reviewed_by":null,"open_ai":"{\"title\":{\"suggestions\":[],\"usage\":0},\"description\":{\"suggestions\":[],\"usage\":0}}","ai":null,"created":"2024-10-09 19:25:35","updated":"2026-02-04 14:55:19"},"aioseo_breadcrumb":"<div class=\"aioseo-breadcrumbs\"><span class=\"aioseo-breadcrumb\">\n\t<a href=\"https:\/\/soymigrante.com\/revista\" title=\"Home\">Home<\/a>\n<\/span><span class=\"aioseo-breadcrumb-separator\">\u00bb<\/span><span class=\"aioseo-breadcrumb\">\n\t<a href=\"https:\/\/soymigrante.com\/revista\/category\/guate-nuestra\/\" title=\"Guate Nuestra\">Guate Nuestra<\/a>\n<\/span><span class=\"aioseo-breadcrumb-separator\">\u00bb<\/span><span class=\"aioseo-breadcrumb\">\n\tAs\u00ed se honran las tradiciones guatemaltecas m\u00e1s all\u00e1 de las fronteras patrias\n<\/span><\/div>","aioseo_breadcrumb_json":[{"label":"Home","link":"https:\/\/soymigrante.com\/revista"},{"label":"Guate Nuestra","link":"https:\/\/soymigrante.com\/revista\/category\/guate-nuestra\/"},{"label":"As\u00ed se honran las tradiciones guatemaltecas m\u00e1s all\u00e1 de las fronteras patrias","link":"https:\/\/soymigrante.com\/revista\/asi-se-honran-las-tradiciones-guatemaltecas-mas-alla-de-las-fronteras-patrias\/"}],"_links":{"self":[{"href":"https:\/\/soymigrante.com\/revista\/wp-json\/wp\/v2\/posts\/10210","targetHints":{"allow":["GET"]}}],"collection":[{"href":"https:\/\/soymigrante.com\/revista\/wp-json\/wp\/v2\/posts"}],"about":[{"href":"https:\/\/soymigrante.com\/revista\/wp-json\/wp\/v2\/types\/post"}],"author":[{"embeddable":true,"href":"https:\/\/soymigrante.com\/revista\/wp-json\/wp\/v2\/users\/19"}],"replies":[{"embeddable":true,"href":"https:\/\/soymigrante.com\/revista\/wp-json\/wp\/v2\/comments?post=10210"}],"version-history":[{"count":0,"href":"https:\/\/soymigrante.com\/revista\/wp-json\/wp\/v2\/posts\/10210\/revisions"}],"wp:featuredmedia":[{"embeddable":true,"href":"https:\/\/soymigrante.com\/revista\/wp-json\/wp\/v2\/media\/7305"}],"wp:attachment":[{"href":"https:\/\/soymigrante.com\/revista\/wp-json\/wp\/v2\/media?parent=10210"}],"wp:term":[{"taxonomy":"category","embeddable":true,"href":"https:\/\/soymigrante.com\/revista\/wp-json\/wp\/v2\/categories?post=10210"},{"taxonomy":"post_tag","embeddable":true,"href":"https:\/\/soymigrante.com\/revista\/wp-json\/wp\/v2\/tags?post=10210"}],"curies":[{"name":"wp","href":"https:\/\/api.w.org\/{rel}","templated":true}]}}