{"id":10194,"date":"2024-10-14T14:11:42","date_gmt":"2024-10-14T20:11:42","guid":{"rendered":"https:\/\/soymigrante.com\/revista\/?p=10194"},"modified":"2024-10-14T14:25:30","modified_gmt":"2024-10-14T20:25:30","slug":"lo-que-mas-extranan-los-migrantes-en-estados-unidos","status":"publish","type":"post","link":"https:\/\/soymigrante.com\/revista\/lo-que-mas-extranan-los-migrantes-en-estados-unidos\/","title":{"rendered":"Lo que m\u00e1s extra\u00f1an los migrantes guatemaltecos en Estados Unidos"},"content":{"rendered":"\t\t<div data-elementor-type=\"wp-post\" data-elementor-id=\"10194\" class=\"elementor elementor-10194\" data-elementor-post-type=\"post\">\n\t\t\t\t<div data-particle_enable=\"false\" data-particle-mobile-disabled=\"false\" class=\"elementor-element elementor-element-81f02e9 e-flex e-con-boxed e-con e-parent\" data-id=\"81f02e9\" data-element_type=\"container\" data-e-type=\"container\">\n\t\t\t\t\t<div class=\"e-con-inner\">\n\t\t\t\t<div class=\"elementor-element elementor-element-5cd6b10 elementor-widget elementor-widget-heading\" data-id=\"5cd6b10\" data-element_type=\"widget\" data-e-type=\"widget\" data-widget_type=\"heading.default\">\n\t\t\t\t\t<h2 class=\"elementor-heading-title elementor-size-default\">La vida en Estados Unidos trae consigo oportunidades que muchos guatemaltecos migrantes no encuentran en su pa\u00eds, pero tambi\u00e9n deja un espacio de nostalgia. \n<\/h2>\t\t\t\t<\/div>\n\t\t\t\t\t<\/div>\n\t\t\t\t<\/div>\n\t\t<div data-particle_enable=\"false\" data-particle-mobile-disabled=\"false\" class=\"elementor-element elementor-element-bac1bac e-flex e-con-boxed e-con e-parent\" data-id=\"bac1bac\" data-element_type=\"container\" data-e-type=\"container\">\n\t\t\t\t\t<div class=\"e-con-inner\">\n\t\t\t\t<div class=\"elementor-element elementor-element-2ef3819 elementor-widget elementor-widget-text-editor\" data-id=\"2ef3819\" data-element_type=\"widget\" data-e-type=\"widget\" data-widget_type=\"text-editor.default\">\n\t\t\t\t\t\t\t\t\t<p>Para los miles de guatemaltecos que han dejado su pa\u00eds en busca de mejores oportunidades en Estados Unidos, la vida lejos de casa no solo significa adaptaci\u00f3n a un nuevo idioma, cultura y ritmo de vida, sino tambi\u00e9n un profundo anhelo por los elementos que constituyen su identidad. <a href=\"https:\/\/soymigrante.com\/revista\/claves-para-la-valorar-el-origen-guatemalteco-y-reforzar-la-dignidad-como-migrante-en-ee-uu\/\" target=\"_blank\" rel=\"noopener\">Aunque muchos migrantes logran establecerse, prosperar e incluso formar nuevas comunidades, hay aspectos de la vida en Guatemala que se mantienen siempre presentes en su memoria y coraz\u00f3n.<\/a><\/p>\t\t\t\t\t\t\t\t<\/div>\n\t\t\t\t\t<\/div>\n\t\t\t\t<\/div>\n\t\t<div data-particle_enable=\"false\" data-particle-mobile-disabled=\"false\" class=\"elementor-element elementor-element-e9e4a0f e-flex e-con-boxed e-con e-parent\" data-id=\"e9e4a0f\" data-element_type=\"container\" data-e-type=\"container\">\n\t\t\t\t\t<div class=\"e-con-inner\">\n\t\t\t\t<div class=\"elementor-element elementor-element-b76cc8e elementor-widget elementor-widget-heading\" data-id=\"b76cc8e\" data-element_type=\"widget\" data-e-type=\"widget\" data-widget_type=\"heading.default\">\n\t\t\t\t\t<h3 class=\"elementor-heading-title elementor-size-default\">Sabores que evocan recuerdos de Guatemala <\/h3>\t\t\t\t<\/div>\n\t\t\t\t\t<\/div>\n\t\t\t\t<\/div>\n\t\t<div data-particle_enable=\"false\" data-particle-mobile-disabled=\"false\" class=\"elementor-element elementor-element-fba3594 e-flex e-con-boxed e-con e-parent\" data-id=\"fba3594\" data-element_type=\"container\" data-e-type=\"container\">\n\t\t\t\t\t<div class=\"e-con-inner\">\n\t\t\t\t<div class=\"elementor-element elementor-element-523cb43 elementor-widget elementor-widget-text-editor\" data-id=\"523cb43\" data-element_type=\"widget\" data-e-type=\"widget\" data-widget_type=\"text-editor.default\">\n\t\t\t\t\t\t\t\t\t<p>Uno de los aspectos que los migrantes guatemaltecos extra\u00f1an con mayor intensidad es la comida. Los platillos tradicionales como los tamales, el pepi\u00e1n, los chuchitos y el kak\u2019ik son s\u00edmbolos culinarios de la cultura guatemalteca. <a href=\"https:\/\/soymigrante.com\/revista\/claves-para-la-valorar-el-origen-guatemalteco-y-reforzar-la-dignidad-como-migrante-en-ee-uu\/\" target=\"_blank\" rel=\"noopener\">Estos sabores est\u00e1n profundamente ligados a las experiencias familiares y festividades en Guatemala.<\/a> Aunque en Estados Unidos hay lugares que ofrecen comida guatemalteca, muchos migrantes coinciden en que no es lo mismo. La falta de ingredientes frescos y la atm\u00f3sfera de una cocina hecha en casa por madres o abuelas es dif\u00edcil de replicar.<\/p><p>\u201cEl sabor de un tamal en Navidad es algo que no se olvida. Aqu\u00ed trato de hacerlos, pero nunca salen igual\u201d, dice Juana Morales, una migrante guatemalteca en Los \u00c1ngeles. Para Juana, como para muchos otros, los momentos familiares alrededor de la comida representan un lazo inquebrantable con su pa\u00eds de origen.<\/p>\t\t\t\t\t\t\t\t<\/div>\n\t\t\t\t\t<\/div>\n\t\t\t\t<\/div>\n\t\t<div data-particle_enable=\"false\" data-particle-mobile-disabled=\"false\" class=\"elementor-element elementor-element-9ccf3b7 e-flex e-con-boxed e-con e-parent\" data-id=\"9ccf3b7\" data-element_type=\"container\" data-e-type=\"container\">\n\t\t\t\t\t<div class=\"e-con-inner\">\n\t\t\t\t<div class=\"elementor-element elementor-element-2f342b5 elementor-widget elementor-widget-image\" data-id=\"2f342b5\" data-element_type=\"widget\" data-e-type=\"widget\" data-widget_type=\"image.default\">\n\t\t\t\t\t\t\t\t\t\t\t\t\t\t\t<img fetchpriority=\"high\" decoding=\"async\" width=\"768\" height=\"512\" src=\"https:\/\/soymigrante.com\/revista\/wp-content\/uploads\/2024\/10\/Lo-que-mas-extranan-los-migrantes-en-Estados-Unidos-1-1024x683.webp\" class=\"attachment-large size-large wp-image-10196\" alt=\"Comunidad ind\u00edgena en un mercado tradicional de Guatemala, resaltando cultura y tradici\u00f3n.\" srcset=\"https:\/\/soymigrante.com\/revista\/wp-content\/uploads\/2024\/10\/Lo-que-mas-extranan-los-migrantes-en-Estados-Unidos-1-1024x683.webp 1024w, https:\/\/soymigrante.com\/revista\/wp-content\/uploads\/2024\/10\/Lo-que-mas-extranan-los-migrantes-en-Estados-Unidos-1-300x200.webp 300w, https:\/\/soymigrante.com\/revista\/wp-content\/uploads\/2024\/10\/Lo-que-mas-extranan-los-migrantes-en-Estados-Unidos-1-768x512.webp 768w, https:\/\/soymigrante.com\/revista\/wp-content\/uploads\/2024\/10\/Lo-que-mas-extranan-los-migrantes-en-Estados-Unidos-1-1536x1024.webp 1536w, https:\/\/soymigrante.com\/revista\/wp-content\/uploads\/2024\/10\/Lo-que-mas-extranan-los-migrantes-en-Estados-Unidos-1-scaled.webp 1920w, https:\/\/soymigrante.com\/revista\/wp-content\/uploads\/2024\/10\/Lo-que-mas-extranan-los-migrantes-en-Estados-Unidos-1-750x500.webp 750w, https:\/\/soymigrante.com\/revista\/wp-content\/uploads\/2024\/10\/Lo-que-mas-extranan-los-migrantes-en-Estados-Unidos-1-1140x760.webp 1140w\" sizes=\"(max-width: 768px) 100vw, 768px\" title=\"Lo que ma\u0301s extran\u0303an los migrantes en Estados Unidos 1 \u2013 SoyMigrante.com REVISTA\" \/>\t\t\t\t\t\t\t\t\t\t\t\t\t\t\t<\/div>\n\t\t\t\t\t<\/div>\n\t\t\t\t<\/div>\n\t\t<div data-particle_enable=\"false\" data-particle-mobile-disabled=\"false\" class=\"elementor-element elementor-element-5b0819e e-flex e-con-boxed e-con e-parent\" data-id=\"5b0819e\" data-element_type=\"container\" data-e-type=\"container\">\n\t\t\t\t\t<div class=\"e-con-inner\">\n\t\t\t\t<div class=\"elementor-element elementor-element-75689cf elementor-widget elementor-widget-heading\" data-id=\"75689cf\" data-element_type=\"widget\" data-e-type=\"widget\" data-widget_type=\"heading.default\">\n\t\t\t\t\t<h3 class=\"elementor-heading-title elementor-size-default\">Las festividades y el calor de la comunidad<\/h3>\t\t\t\t<\/div>\n\t\t\t\t\t<\/div>\n\t\t\t\t<\/div>\n\t\t<div data-particle_enable=\"false\" data-particle-mobile-disabled=\"false\" class=\"elementor-element elementor-element-1bbe186 e-flex e-con-boxed e-con e-parent\" data-id=\"1bbe186\" data-element_type=\"container\" data-e-type=\"container\">\n\t\t\t\t\t<div class=\"e-con-inner\">\n\t\t\t\t<div class=\"elementor-element elementor-element-3abb70a elementor-widget elementor-widget-text-editor\" data-id=\"3abb70a\" data-element_type=\"widget\" data-e-type=\"widget\" data-widget_type=\"text-editor.default\">\n\t\t\t\t\t\t\t\t\t<p><a href=\"https:\/\/soymigrante.com\/revista\/claves-para-la-valorar-el-origen-guatemalteco-y-reforzar-la-dignidad-como-migrante-en-ee-uu\/\" target=\"_blank\" rel=\"noopener\">Las celebraciones tradicionales tambi\u00e9n son profundamente extra\u00f1adas.<\/a> Fiestas como la Semana Santa, el D\u00eda de Todos los Santos y la Feria Patronal en cada pueblo o ciudad son momentos especiales donde la comunidad guatemalteca se une. Las procesiones, las alfombras de aserr\u00edn colorido y los festivales con juegos pirot\u00e9cnicos crean un sentido de pertenencia y alegr\u00eda que es dif\u00edcil de encontrar en otro lugar.<\/p><p>Muchos migrantes sienten que estas festividades en Estados Unidos, aunque se celebren en peque\u00f1os grupos, no logran capturar la misma esencia. En su lugar, se enfrentan a una vida con horarios ocupados, distancias entre familiares y comunidades m\u00e1s dispersas. \u201cExtra\u00f1o esas noches de feria en mi pueblo, donde toda la gente se re\u00fane, se siente el bullicio, los ni\u00f1os corriendo, la m\u00fasica. Aqu\u00ed es diferente, todo es m\u00e1s fr\u00edo y r\u00e1pido\u201d, comenta Manuel Gonz\u00e1lez, residente en Nueva York.<\/p>\t\t\t\t\t\t\t\t<\/div>\n\t\t\t\t\t<\/div>\n\t\t\t\t<\/div>\n\t\t<div data-particle_enable=\"false\" data-particle-mobile-disabled=\"false\" class=\"elementor-element elementor-element-e05c43b e-flex e-con-boxed e-con e-parent\" data-id=\"e05c43b\" data-element_type=\"container\" data-e-type=\"container\">\n\t\t\t\t\t<div class=\"e-con-inner\">\n\t\t\t\t<div class=\"elementor-element elementor-element-300c315 elementor-widget elementor-widget-image\" data-id=\"300c315\" data-element_type=\"widget\" data-e-type=\"widget\" data-widget_type=\"image.default\">\n\t\t\t\t\t\t\t\t\t\t\t\t\t\t\t<img decoding=\"async\" width=\"683\" height=\"1024\" src=\"https:\/\/soymigrante.com\/revista\/wp-content\/uploads\/2024\/10\/Lo-que-mas-extranan-los-migrantes-en-Estados-Unidos-3-683x1024.webp\" class=\"attachment-large size-large wp-image-10197\" alt=\"Vendedora ind\u00edgena con ropa tradicional y accesorios coloridos en una calle, promoviendo cultura y artesan\u00eda mexicana.\" srcset=\"https:\/\/soymigrante.com\/revista\/wp-content\/uploads\/2024\/10\/Lo-que-mas-extranan-los-migrantes-en-Estados-Unidos-3-683x1024.webp 683w, https:\/\/soymigrante.com\/revista\/wp-content\/uploads\/2024\/10\/Lo-que-mas-extranan-los-migrantes-en-Estados-Unidos-3-200x300.webp 200w, https:\/\/soymigrante.com\/revista\/wp-content\/uploads\/2024\/10\/Lo-que-mas-extranan-los-migrantes-en-Estados-Unidos-3-768x1152.webp 768w, https:\/\/soymigrante.com\/revista\/wp-content\/uploads\/2024\/10\/Lo-que-mas-extranan-los-migrantes-en-Estados-Unidos-3-1024x1536.webp 1024w, https:\/\/soymigrante.com\/revista\/wp-content\/uploads\/2024\/10\/Lo-que-mas-extranan-los-migrantes-en-Estados-Unidos-3-scaled.webp 1280w, https:\/\/soymigrante.com\/revista\/wp-content\/uploads\/2024\/10\/Lo-que-mas-extranan-los-migrantes-en-Estados-Unidos-3-750x1125.webp 750w, https:\/\/soymigrante.com\/revista\/wp-content\/uploads\/2024\/10\/Lo-que-mas-extranan-los-migrantes-en-Estados-Unidos-3-1140x1710.jpg 1140w\" sizes=\"(max-width: 683px) 100vw, 683px\" title=\"Lo que ma\u0301s extran\u0303an los migrantes en Estados Unidos 3 \u2013 SoyMigrante.com REVISTA\" \/>\t\t\t\t\t\t\t\t\t\t\t\t\t\t\t<\/div>\n\t\t\t\t\t<\/div>\n\t\t\t\t<\/div>\n\t\t<div data-particle_enable=\"false\" data-particle-mobile-disabled=\"false\" class=\"elementor-element elementor-element-64170c8 e-flex e-con-boxed e-con e-parent\" data-id=\"64170c8\" data-element_type=\"container\" data-e-type=\"container\">\n\t\t\t\t\t<div class=\"e-con-inner\">\n\t\t\t\t<div class=\"elementor-element elementor-element-5318de1 elementor-widget elementor-widget-heading\" data-id=\"5318de1\" data-element_type=\"widget\" data-e-type=\"widget\" data-widget_type=\"heading.default\">\n\t\t\t\t\t<h3 class=\"elementor-heading-title elementor-size-default\">Los paisajes y la conexi\u00f3n con la tierra<\/h3>\t\t\t\t<\/div>\n\t\t\t\t\t<\/div>\n\t\t\t\t<\/div>\n\t\t<div data-particle_enable=\"false\" data-particle-mobile-disabled=\"false\" class=\"elementor-element elementor-element-c3932be e-flex e-con-boxed e-con e-parent\" data-id=\"c3932be\" data-element_type=\"container\" data-e-type=\"container\">\n\t\t\t\t\t<div class=\"e-con-inner\">\n\t\t\t\t<div class=\"elementor-element elementor-element-ce01d6b elementor-widget elementor-widget-text-editor\" data-id=\"ce01d6b\" data-element_type=\"widget\" data-e-type=\"widget\" data-widget_type=\"text-editor.default\">\n\t\t\t\t\t\t\t\t\t<p>Otro aspecto que se extra\u00f1a con nostalgia son los paisajes naturales de Guatemala. <a href=\"https:\/\/soymigrante.com\/revista\/claves-para-la-valorar-el-origen-guatemalteco-y-reforzar-la-dignidad-como-migrante-en-ee-uu\/\" target=\"_blank\" rel=\"noopener\">La vista de los volcanes, los colores vibrantes de los mercados al aire libre y el clima templado de muchas regiones son elementos que los migrantes evocan con frecuencia.<\/a> \u201cUno piensa que solo es paisaje, pero no. Extra\u00f1as esos cielos, el olor de la lluvia, las monta\u00f1as. Aqu\u00ed todo es muy plano o concreto\u201d, expresa Carmen P\u00e9rez, quien vive en Houston.<\/p><p>Esa conexi\u00f3n con la tierra es tambi\u00e9n simb\u00f3lica de las ra\u00edces profundas que tienen con sus lugares de origen. Muchos migrantes recuerdan sus pueblos y ciudades no solo por lo que ven, sino por lo que representa: el hogar, la historia familiar, las tradiciones y los amigos de la infancia.<\/p>\t\t\t\t\t\t\t\t<\/div>\n\t\t\t\t\t<\/div>\n\t\t\t\t<\/div>\n\t\t<div data-particle_enable=\"false\" data-particle-mobile-disabled=\"false\" class=\"elementor-element elementor-element-e748e62 e-flex e-con-boxed e-con e-parent\" data-id=\"e748e62\" data-element_type=\"container\" data-e-type=\"container\">\n\t\t\t\t\t<div class=\"e-con-inner\">\n\t\t\t\t<div class=\"elementor-element elementor-element-1e4fbcf elementor-widget elementor-widget-image\" data-id=\"1e4fbcf\" data-element_type=\"widget\" data-e-type=\"widget\" data-widget_type=\"image.default\">\n\t\t\t\t\t\t\t\t\t\t\t\t\t\t\t<img decoding=\"async\" width=\"768\" height=\"512\" src=\"https:\/\/soymigrante.com\/revista\/wp-content\/uploads\/2024\/10\/Lo-que-mas-extranan-los-migrantes-en-Estados-Unidos-4-1024x683.webp\" class=\"attachment-large size-large wp-image-10198\" alt=\"M\u00e1scaras tradicionales de Carnaval en Bolivia, con vibrantes colores y detailed artesan\u00eda, representan la cultura y folclore de la pa\u00eds en festivales y celebraciones culturales.\" srcset=\"https:\/\/soymigrante.com\/revista\/wp-content\/uploads\/2024\/10\/Lo-que-mas-extranan-los-migrantes-en-Estados-Unidos-4-1024x683.webp 1024w, https:\/\/soymigrante.com\/revista\/wp-content\/uploads\/2024\/10\/Lo-que-mas-extranan-los-migrantes-en-Estados-Unidos-4-300x200.webp 300w, https:\/\/soymigrante.com\/revista\/wp-content\/uploads\/2024\/10\/Lo-que-mas-extranan-los-migrantes-en-Estados-Unidos-4-768x512.webp 768w, https:\/\/soymigrante.com\/revista\/wp-content\/uploads\/2024\/10\/Lo-que-mas-extranan-los-migrantes-en-Estados-Unidos-4-1536x1024.webp 1536w, https:\/\/soymigrante.com\/revista\/wp-content\/uploads\/2024\/10\/Lo-que-mas-extranan-los-migrantes-en-Estados-Unidos-4-scaled.webp 1920w, https:\/\/soymigrante.com\/revista\/wp-content\/uploads\/2024\/10\/Lo-que-mas-extranan-los-migrantes-en-Estados-Unidos-4-750x500.webp 750w, https:\/\/soymigrante.com\/revista\/wp-content\/uploads\/2024\/10\/Lo-que-mas-extranan-los-migrantes-en-Estados-Unidos-4-1140x760.webp 1140w\" sizes=\"(max-width: 768px) 100vw, 768px\" title=\"Lo que ma\u0301s extran\u0303an los migrantes en Estados Unidos 4 \u2013 SoyMigrante.com REVISTA\" \/>\t\t\t\t\t\t\t\t\t\t\t\t\t\t\t<\/div>\n\t\t\t\t\t<\/div>\n\t\t\t\t<\/div>\n\t\t<div data-particle_enable=\"false\" data-particle-mobile-disabled=\"false\" class=\"elementor-element elementor-element-83a9a31 e-flex e-con-boxed e-con e-parent\" data-id=\"83a9a31\" data-element_type=\"container\" data-e-type=\"container\">\n\t\t\t\t\t<div class=\"e-con-inner\">\n\t\t\t\t<div class=\"elementor-element elementor-element-a6e741d elementor-widget elementor-widget-heading\" data-id=\"a6e741d\" data-element_type=\"widget\" data-e-type=\"widget\" data-widget_type=\"heading.default\">\n\t\t\t\t\t<h3 class=\"elementor-heading-title elementor-size-default\">La familia, el coraz\u00f3n de todo<\/h3>\t\t\t\t<\/div>\n\t\t\t\t\t<\/div>\n\t\t\t\t<\/div>\n\t\t<div data-particle_enable=\"false\" data-particle-mobile-disabled=\"false\" class=\"elementor-element elementor-element-87d3834 e-flex e-con-boxed e-con e-parent\" data-id=\"87d3834\" data-element_type=\"container\" data-e-type=\"container\">\n\t\t\t\t\t<div class=\"e-con-inner\">\n\t\t\t\t<div class=\"elementor-element elementor-element-c74b09c elementor-widget elementor-widget-text-editor\" data-id=\"c74b09c\" data-element_type=\"widget\" data-e-type=\"widget\" data-widget_type=\"text-editor.default\">\n\t\t\t\t\t\t\t\t\t<p>Pero por encima de todo, lo que m\u00e1s extra\u00f1an los guatemaltecos es la cercan\u00eda con sus seres queridos. Aunque la tecnolog\u00eda permite estar m\u00e1s conectados que nunca, el abrazo de una madre, las conversaciones cara a cara con los amigos y la posibilidad de participar en los momentos cotidianos de la vida familiar son insustituibles.<\/p><p>El sacrificio de estar lejos de sus familias es uno de los precios m\u00e1s altos que pagan los migrantes. Muchos env\u00edan remesas con la esperanza de mejorar las condiciones de vida de los suyos en Guatemala, pero ese acto no borra el vac\u00edo emocional que sienten.<\/p><p>Desde la comida hasta las festividades, pasando por los paisajes y, sobre todo, la familia, <a href=\"https:\/\/soymigrante.com\/revista\/claves-para-la-valorar-el-origen-guatemalteco-y-reforzar-la-dignidad-como-migrante-en-ee-uu\/\" target=\"_blank\" rel=\"noopener\">la vida en Guatemala sigue siendo una parte esencial de quienes han emigrado.<\/a> Para estos migrantes, su pa\u00eds no es solo un recuerdo, sino un anhelo constante que los impulsa a mantener vivas sus tradiciones y su cultura, aun a miles de kil\u00f3metros de distancia.<\/p>\t\t\t\t\t\t\t\t<\/div>\n\t\t\t\t\t<\/div>\n\t\t\t\t<\/div>\n\t\t<div data-particle_enable=\"false\" data-particle-mobile-disabled=\"false\" class=\"elementor-element elementor-element-b129dfa e-flex e-con-boxed e-con e-parent\" data-id=\"b129dfa\" data-element_type=\"container\" data-e-type=\"container\">\n\t\t\t\t\t<div class=\"e-con-inner\">\n\t\t\t\t<div class=\"elementor-element elementor-element-40eeb39 elementor-widget elementor-widget-heading\" data-id=\"40eeb39\" data-element_type=\"widget\" data-e-type=\"widget\" data-widget_type=\"heading.default\">\n\t\t\t\t\t<h2 class=\"elementor-heading-title elementor-size-default\">Te puede interesar...<\/h2>\t\t\t\t<\/div>\n\t\t\t\t\t<\/div>\n\t\t\t\t<\/div>\n\t\t<div data-particle_enable=\"false\" data-particle-mobile-disabled=\"false\" class=\"elementor-element elementor-element-6b56ab3 e-flex e-con-boxed e-con e-parent\" data-id=\"6b56ab3\" data-element_type=\"container\" data-e-type=\"container\">\n\t\t\t\t\t<div class=\"e-con-inner\">\n\t\t\t\t<div class=\"elementor-element elementor-element-3b93582 elementor-widget elementor-widget-blfe-post-grid\" data-id=\"3b93582\" data-element_type=\"widget\" data-e-type=\"widget\" data-settings=\"{&quot;columns&quot;:&quot;3&quot;,&quot;columns_tablet&quot;:&quot;6&quot;,&quot;columns_mobile&quot;:&quot;12&quot;,&quot;hero1_layout_column_gap&quot;:{&quot;unit&quot;:&quot;px&quot;,&quot;size&quot;:30,&quot;sizes&quot;:[]},&quot;hero1_layout_column_gap_tablet&quot;:{&quot;unit&quot;:&quot;px&quot;,&quot;size&quot;:&quot;&quot;,&quot;sizes&quot;:[]},&quot;hero1_layout_column_gap_mobile&quot;:{&quot;unit&quot;:&quot;px&quot;,&quot;size&quot;:&quot;&quot;,&quot;sizes&quot;:[]},&quot;hero1_layout_row_gap&quot;:{&quot;unit&quot;:&quot;px&quot;,&quot;size&quot;:30,&quot;sizes&quot;:[]},&quot;hero1_layout_row_gap_tablet&quot;:{&quot;unit&quot;:&quot;px&quot;,&quot;size&quot;:&quot;&quot;,&quot;sizes&quot;:[]},&quot;hero1_layout_row_gap_mobile&quot;:{&quot;unit&quot;:&quot;px&quot;,&quot;size&quot;:&quot;&quot;,&quot;sizes&quot;:[]}}\" data-widget_type=\"blfe-post-grid.hero1\">\n\t\t\t\t<div class=\"elementor-widget-container\">\n\t\t\t\t\t\n                        <div class=\"blfe-post-grid-container \">\n            \n                <div data-skin=\"hero1\" class=\"blfe-row blfe-posts-inner blfe-hero1 blfe-posts-inner blfe-col-3 blfe-col-tab-6 blfe-col-mob-12     \">\n                            <div class=\"blfe-post-grid-item\">\n            <div class=\"blfe-post-grid-item-inner blfe-modern-zoom\">\n                        <div class=\"blfe-post-grid-bg-image\">\n            <a class=\"blfe-post-grid-image-inner\" href=\"https:\/\/soymigrante.com\/revista\/que-significan-nombres-de-lugares-de-guatemala-letra-p\/\" title=\"\u00bfQu\u00e9 significan  nombres de lugares de Guatemala? Letra P\" rel=\"nofollow\" target=\"_blank\"><img decoding=\"async\" src=\"https:\/\/soymigrante.com\/revista\/wp-content\/uploads\/2026\/03\/significados-nombres-guatemala-letra-P.png\" alt=\"\u00bfQu\u00e9 significan  nombres de lugares de Guatemala? Letra P\"\/><\/a>        <\/div>\n                        <div class=\"blfe-post-grid-details\">\n                    <div class=\"blfe-post-grid-details-inner\">\n                        <span class=\"blfe-post-category\"><a href=\"https:\/\/soymigrante.com\/revista\/category\/guate-nuestra\/nombres-de-guatemala\/\">Nombres de Guatemala<\/a><\/span>                        <h3 class=\"blfe-post-grid-title\">\n            <a href=\"https:\/\/soymigrante.com\/revista\/que-significan-nombres-de-lugares-de-guatemala-letra-p\/\" title=\"\u00bfQu\u00e9 significan  nombres de lugares de Guatemala? Letra P\" rel=\"nofollow\" target=\"_blank\">\u00bfQu\u00e9 significan  nombres de lugares de Guatemala? Letra P<\/a>\n            <\/h3>                                                            <div class=\"blfe-post-grid-meta\">\n                <span class=\"blfe-post-grid-time\"><i class=\"fas fa-book-reader\"><\/i>6 Min read<\/span>            <\/div>\n                                                        <\/div>\n                <\/div>\n\n            <\/div>\n        <\/div>\n                <div class=\"blfe-post-grid-item\">\n            <div class=\"blfe-post-grid-item-inner blfe-modern-zoom\">\n                        <div class=\"blfe-post-grid-bg-image\">\n            <a class=\"blfe-post-grid-image-inner\" href=\"https:\/\/soymigrante.com\/revista\/piedras-de-kabtzin-huehuetenango-cuchumatanes-leyenda-misterio\/\" title=\"\u00bfConoces la leyenda de las piedras de Kab&#8217;Tzin en Huehuetenango?\" rel=\"nofollow\" target=\"_blank\"><img decoding=\"async\" src=\"https:\/\/soymigrante.com\/revista\/wp-content\/uploads\/2025\/07\/piedras-de-capsin-5-e1753064925683.webp\" alt=\"\u00bfConoces la leyenda de las piedras de Kab&#8217;Tzin en Huehuetenango?\"\/><\/a>        <\/div>\n                        <div class=\"blfe-post-grid-details\">\n                    <div class=\"blfe-post-grid-details-inner\">\n                        <span class=\"blfe-post-category\"><a href=\"https:\/\/soymigrante.com\/revista\/category\/guate-nuestra\/\">Guate Nuestra<\/a><\/span>                        <h3 class=\"blfe-post-grid-title\">\n            <a href=\"https:\/\/soymigrante.com\/revista\/piedras-de-kabtzin-huehuetenango-cuchumatanes-leyenda-misterio\/\" title=\"\u00bfConoces la leyenda de las piedras de Kab&#8217;Tzin en Huehuetenango?\" rel=\"nofollow\" target=\"_blank\">\u00bfConoces la leyenda de las piedras de Kab&#8217;Tzin en Huehuetenango?<\/a>\n            <\/h3>                                                            <div class=\"blfe-post-grid-meta\">\n                <span class=\"blfe-post-grid-time\"><i class=\"fas fa-book-reader\"><\/i>4 Min read<\/span>            <\/div>\n                                                        <\/div>\n                <\/div>\n\n            <\/div>\n        <\/div>\n                <div class=\"blfe-post-grid-item\">\n            <div class=\"blfe-post-grid-item-inner blfe-modern-zoom\">\n                        <div class=\"blfe-post-grid-bg-image\">\n            <a class=\"blfe-post-grid-image-inner\" href=\"https:\/\/soymigrante.com\/revista\/departamentos-de-guatemala-santa-rosa-es-considerado-el-centro-de-las-americas\/\" title=\"Departamentos de Guatemala: Santa Rosa es considerado el Centro de las Am\u00e9ricas\" rel=\"nofollow\" target=\"_blank\"><img decoding=\"async\" src=\"https:\/\/soymigrante.com\/revista\/wp-content\/uploads\/2025\/03\/Santa-Rosa-2-e1741027930671.webp\" alt=\"Departamentos de Guatemala: Santa Rosa es considerado el Centro de las Am\u00e9ricas\"\/><\/a>        <\/div>\n                        <div class=\"blfe-post-grid-details\">\n                    <div class=\"blfe-post-grid-details-inner\">\n                        <span class=\"blfe-post-category\"><a href=\"https:\/\/soymigrante.com\/revista\/category\/guate-nuestra\/\">Guate Nuestra<\/a><\/span>                        <h3 class=\"blfe-post-grid-title\">\n            <a href=\"https:\/\/soymigrante.com\/revista\/departamentos-de-guatemala-santa-rosa-es-considerado-el-centro-de-las-americas\/\" title=\"Departamentos de Guatemala: Santa Rosa es considerado el Centro de las Am\u00e9ricas\" rel=\"nofollow\" target=\"_blank\">Departamentos de Guatemala: Santa Rosa es considerado el Centro de las Am\u00e9ricas<\/a>\n            <\/h3>                                                            <div class=\"blfe-post-grid-meta\">\n                <span class=\"blfe-post-grid-time\"><i class=\"fas fa-book-reader\"><\/i>6 Min read<\/span>            <\/div>\n                                                        <\/div>\n                <\/div>\n\n            <\/div>\n        <\/div>\n                        <\/div>\n\n                        <\/div>\n            \n                        <div class=\"blfe-post-footer\">\n                        <\/div>\n            \t\t\t\t<\/div>\n\t\t\t\t<\/div>\n\t\t\t\t\t<\/div>\n\t\t\t\t<\/div>\n\t\t\t\t<\/div>\n\t\t","protected":false},"excerpt":{"rendered":"<p>La vida en Estados Unidos trae consigo oportunidades que muchos guatemaltecos migrantes no encuentran en su pa\u00eds, pero tambi\u00e9n deja un espacio de nostalgia. Para los miles de guatemaltecos que han dejado su pa\u00eds en busca de mejores oportunidades en Estados Unidos, la vida lejos de casa no solo significa adaptaci\u00f3n a un nuevo idioma, [&hellip;]<\/p>\n","protected":false},"author":19,"featured_media":10195,"comment_status":"open","ping_status":"open","sticky":false,"template":"","format":"standard","meta":{"_acf_changed":false,"_eb_attr":"","footnotes":""},"categories":[58],"tags":[127],"class_list":["post-10194","post","type-post","status-publish","format-standard","has-post-thumbnail","hentry","category-guate-nuestra","tag-semana-del-guatemalteco"],"acf":[],"aioseo_notices":[],"aioseo_head":"\n\t\t<!-- All in One SEO Pro 4.9.6.2 - aioseo.com -->\n\t<meta name=\"description\" content=\"Santa Rosa fue alguna vez un distrito de Escuintla pero en 1852 fue decretado como departamento. Tiene todos los climas desde monta\u00f1a hasta sus famosas playas.\" \/>\n\t<meta name=\"robots\" content=\"max-snippet:-1, max-image-preview:large, max-video-preview:-1\" \/>\n\t<meta name=\"author\" content=\"Marysabel Aldana\"\/>\n\t<link rel=\"canonical\" href=\"https:\/\/soymigrante.com\/revista\/departamentos-de-guatemala-santa-rosa-es-considerado-el-centro-de-las-americas\/\" \/>\n\t<meta name=\"generator\" content=\"All in One SEO Pro (AIOSEO) 4.9.6.2\" \/>\n\n\t\t<link rel=\"preconnect\" href=\"https:\/\/fonts.googleapis.com\" crossorigin>\n<link rel=\"preconnect\" href=\"https:\/\/fonts.gstatic.com\" crossorigin>\n\t\t<meta property=\"og:locale\" content=\"es_ES\" \/>\n\t\t<meta property=\"og:site_name\" content=\"SoyMigrante.com REVISTA \u2013 Nuestra misi\u00f3n es reconocer y dignificar al migrante.\" \/>\n\t\t<meta property=\"og:type\" content=\"article\" \/>\n\t\t<meta property=\"og:title\" content=\"Santa Rosa es considerado el &quot;centro de Las Am\u00e9ricas&quot;\" \/>\n\t\t<meta property=\"og:description\" content=\"Santa Rosa fue alguna vez un distrito de Escuintla pero en 1852 fue decretado como departamento. Tiene todos los climas desde monta\u00f1a hasta sus famosas playas.\" \/>\n\t\t<meta property=\"og:url\" content=\"https:\/\/soymigrante.com\/revista\/departamentos-de-guatemala-santa-rosa-es-considerado-el-centro-de-las-americas\/\" \/>\n\t\t<meta property=\"og:image\" content=\"https:\/\/soymigrante.com\/revista\/wp-content\/uploads\/2025\/03\/Santa-Rosa-2-e1741027930671.webp\" \/>\n\t\t<meta property=\"og:image:secure_url\" content=\"https:\/\/soymigrante.com\/revista\/wp-content\/uploads\/2025\/03\/Santa-Rosa-2-e1741027930671.webp\" \/>\n\t\t<meta property=\"og:image:width\" content=\"1075\" \/>\n\t\t<meta property=\"og:image:height\" content=\"1075\" \/>\n\t\t<meta property=\"article:published_time\" content=\"2025-03-04T11:04:00+00:00\" \/>\n\t\t<meta property=\"article:modified_time\" content=\"2025-03-04T18:19:25+00:00\" \/>\n\t\t<meta property=\"article:publisher\" content=\"https:\/\/www.facebook.com\/soymigrantecom\" \/>\n\t\t<meta name=\"twitter:card\" content=\"summary_large_image\" \/>\n\t\t<meta name=\"twitter:site\" content=\"@SoyMigrante_com\" \/>\n\t\t<meta name=\"twitter:title\" content=\"Santa Rosa es considerado el &quot;centro de Las Am\u00e9ricas&quot;\" \/>\n\t\t<meta name=\"twitter:description\" content=\"Santa Rosa fue alguna vez un distrito de Escuintla pero en 1852 fue decretado como departamento. Tiene todos los climas desde monta\u00f1a hasta sus famosas playas.\" \/>\n\t\t<meta name=\"twitter:creator\" content=\"@SoyMigrante_com\" \/>\n\t\t<meta name=\"twitter:image\" content=\"https:\/\/soymigrante.com\/revista\/wp-content\/uploads\/2025\/03\/Santa-Rosa-2-e1741027930671.webp\" \/>\n\t\t<!-- All in One SEO Pro -->\r\n\t\t<title>Santa Rosa es considerado el &quot;centro de Las Am\u00e9ricas&quot;<\/title>\n\n","aioseo_head_json":{"title":"Santa Rosa es considerado el \"centro de Las Am\u00e9ricas\"","description":"Santa Rosa fue alguna vez un distrito de Escuintla pero en 1852 fue decretado como departamento. Tiene todos los climas desde monta\u00f1a hasta sus famosas playas.","canonical_url":"https:\/\/soymigrante.com\/revista\/departamentos-de-guatemala-santa-rosa-es-considerado-el-centro-de-las-americas\/","robots":"max-snippet:-1, max-image-preview:large, max-video-preview:-1","keywords":"","webmasterTools":{"miscellaneous":"&lt;link rel=\"preconnect\" href=\"https:\/\/fonts.googleapis.com\" crossorigin&gt;\n&lt;link rel=\"preconnect\" href=\"https:\/\/fonts.gstatic.com\" crossorigin&gt;"},"schema":null,"og:locale":"es_ES","og:site_name":"SoyMigrante.com REVISTA \u2013 Nuestra misi\u00f3n es reconocer y dignificar al migrante.","og:type":"article","og:title":"Santa Rosa es considerado el &quot;centro de Las Am\u00e9ricas&quot;","og:description":"Santa Rosa fue alguna vez un distrito de Escuintla pero en 1852 fue decretado como departamento. Tiene todos los climas desde monta\u00f1a hasta sus famosas playas.","og:url":"https:\/\/soymigrante.com\/revista\/departamentos-de-guatemala-santa-rosa-es-considerado-el-centro-de-las-americas\/","og:image":"https:\/\/soymigrante.com\/revista\/wp-content\/uploads\/2025\/03\/Santa-Rosa-2-e1741027930671.webp","og:image:secure_url":"https:\/\/soymigrante.com\/revista\/wp-content\/uploads\/2025\/03\/Santa-Rosa-2-e1741027930671.webp","og:image:width":1075,"og:image:height":1075,"article:published_time":"2025-03-04T11:04:00+00:00","article:modified_time":"2025-03-04T18:19:25+00:00","article:publisher":"https:\/\/www.facebook.com\/soymigrantecom","twitter:card":"summary_large_image","twitter:site":"@SoyMigrante_com","twitter:title":"Santa Rosa es considerado el &quot;centro de Las Am\u00e9ricas&quot;","twitter:description":"Santa Rosa fue alguna vez un distrito de Escuintla pero en 1852 fue decretado como departamento. Tiene todos los climas desde monta\u00f1a hasta sus famosas playas.","twitter:creator":"@SoyMigrante_com","twitter:image":"https:\/\/soymigrante.com\/revista\/wp-content\/uploads\/2025\/03\/Santa-Rosa-2-e1741027930671.webp"},"aioseo_meta_data":{"post_id":"10194","title":"Lo que m\u00e1s extra\u00f1an los guatemaltecos en USA.","description":"Dicen que lo que no se va en recuerdos se va en suspiros. Los guatemaltecos siempre extra\u00f1an un sabor, un ambiente, una vivencia. Esa ra\u00edz que los une a su tierra.","keywords":null,"keyphrases":{"focus":{"keyphrase":"migrantes","score":69,"analysis":{"keyphraseInTitle":{"score":3,"maxScore":9,"error":1},"keyphraseInDescription":{"score":3,"maxScore":9,"error":1},"keyphraseLength":{"score":9,"maxScore":9,"error":0,"length":1},"keyphraseInURL":{"score":5,"maxScore":5,"error":0},"keyphraseInIntroduction":{"score":9,"maxScore":9,"error":0},"keyphraseInSubHeadings":{"score":3,"maxScore":9,"error":1},"keyphraseInImageAlt":[],"keywordDensity":{"type":"best","score":9,"maxScore":9,"error":0}}},"additional":[{"keyphrase":"migrantes","score":83,"analysis":{"keyphraseInDescription":{"score":3,"maxScore":9,"error":1},"keyphraseLength":{"score":9,"maxScore":9,"error":0,"length":1},"keyphraseInIntroduction":{"score":9,"maxScore":9,"error":0},"keyphraseInImageAlt":[],"keywordDensity":{"type":"best","score":9,"maxScore":9,"error":0}}},{"keyphrase":"Estados Unidos ","score":58,"analysis":{"keyphraseInDescription":{"score":3,"maxScore":9,"error":1},"keyphraseLength":{"score":9,"maxScore":9,"error":0,"length":2},"keyphraseInIntroduction":{"score":9,"maxScore":9,"error":0},"keyphraseInImageAlt":[],"keywordDensity":{"score":0,"type":"low","maxScore":9,"error":1}}}]},"primary_term":null,"canonical_url":null,"og_title":null,"og_description":null,"og_object_type":"default","og_image_type":"default","og_image_url":null,"og_image_width":null,"og_image_height":null,"og_image_custom_url":null,"og_image_custom_fields":null,"og_video":"","og_custom_url":null,"og_article_section":null,"og_article_tags":null,"twitter_use_og":false,"twitter_card":"default","twitter_image_type":"default","twitter_image_url":null,"twitter_image_custom_url":null,"twitter_image_custom_fields":null,"twitter_title":null,"twitter_description":null,"schema":{"blockGraphs":[],"customGraphs":[],"default":{"data":{"Article":[],"Course":[],"Dataset":[],"FAQPage":[],"Movie":[],"Person":[],"Product":[],"ProductReview":[],"Car":[],"Recipe":[],"Service":[],"SoftwareApplication":[],"WebPage":[]},"graphName":"Article","isEnabled":true},"graphs":[]},"schema_type":"default","schema_type_options":null,"pillar_content":false,"robots_default":true,"robots_noindex":false,"robots_noarchive":false,"robots_nosnippet":false,"robots_nofollow":false,"robots_noimageindex":false,"robots_noodp":false,"robots_notranslate":false,"robots_max_snippet":"-1","robots_max_videopreview":"-1","robots_max_imagepreview":"large","priority":null,"frequency":"default","local_seo":null,"seo_analyzer_scan_date":"2025-10-08 23:39:36","breadcrumb_settings":null,"limit_modified_date":false,"reviewed_by":null,"open_ai":"{\"title\":{\"suggestions\":[],\"usage\":0},\"description\":{\"suggestions\":[],\"usage\":0}}","ai":null,"created":"2024-10-09 18:13:40","updated":"2026-02-04 15:02:42"},"aioseo_breadcrumb":"<div class=\"aioseo-breadcrumbs\"><span class=\"aioseo-breadcrumb\">\n\t<a href=\"https:\/\/soymigrante.com\/revista\" title=\"Home\">Home<\/a>\n<\/span><span class=\"aioseo-breadcrumb-separator\">\u00bb<\/span><span class=\"aioseo-breadcrumb\">\n\t<a href=\"https:\/\/soymigrante.com\/revista\/category\/guate-nuestra\/\" title=\"Guate Nuestra\">Guate Nuestra<\/a>\n<\/span><span class=\"aioseo-breadcrumb-separator\">\u00bb<\/span><span class=\"aioseo-breadcrumb\">\n\tLo que m\u00e1s extra\u00f1an los migrantes guatemaltecos en Estados Unidos\n<\/span><\/div>","aioseo_breadcrumb_json":[{"label":"Home","link":"https:\/\/soymigrante.com\/revista"},{"label":"Guate Nuestra","link":"https:\/\/soymigrante.com\/revista\/category\/guate-nuestra\/"},{"label":"Lo que m\u00e1s extra\u00f1an los migrantes guatemaltecos en Estados Unidos","link":"https:\/\/soymigrante.com\/revista\/lo-que-mas-extranan-los-migrantes-en-estados-unidos\/"}],"_links":{"self":[{"href":"https:\/\/soymigrante.com\/revista\/wp-json\/wp\/v2\/posts\/10194","targetHints":{"allow":["GET"]}}],"collection":[{"href":"https:\/\/soymigrante.com\/revista\/wp-json\/wp\/v2\/posts"}],"about":[{"href":"https:\/\/soymigrante.com\/revista\/wp-json\/wp\/v2\/types\/post"}],"author":[{"embeddable":true,"href":"https:\/\/soymigrante.com\/revista\/wp-json\/wp\/v2\/users\/19"}],"replies":[{"embeddable":true,"href":"https:\/\/soymigrante.com\/revista\/wp-json\/wp\/v2\/comments?post=10194"}],"version-history":[{"count":0,"href":"https:\/\/soymigrante.com\/revista\/wp-json\/wp\/v2\/posts\/10194\/revisions"}],"wp:featuredmedia":[{"embeddable":true,"href":"https:\/\/soymigrante.com\/revista\/wp-json\/wp\/v2\/media\/10195"}],"wp:attachment":[{"href":"https:\/\/soymigrante.com\/revista\/wp-json\/wp\/v2\/media?parent=10194"}],"wp:term":[{"taxonomy":"category","embeddable":true,"href":"https:\/\/soymigrante.com\/revista\/wp-json\/wp\/v2\/categories?post=10194"},{"taxonomy":"post_tag","embeddable":true,"href":"https:\/\/soymigrante.com\/revista\/wp-json\/wp\/v2\/tags?post=10194"}],"curies":[{"name":"wp","href":"https:\/\/api.w.org\/{rel}","templated":true}]}}