{"id":10152,"date":"2024-12-17T05:00:00","date_gmt":"2024-12-17T11:00:00","guid":{"rendered":"https:\/\/soymigrante.com\/revista\/?p=10152"},"modified":"2024-12-16T10:37:17","modified_gmt":"2024-12-16T16:37:17","slug":"el-orgullo-de-ser-guatemalteco-esta-en-las-raices-de-los-migrantes-en-usa","status":"publish","type":"post","link":"https:\/\/soymigrante.com\/revista\/el-orgullo-de-ser-guatemalteco-esta-en-las-raices-de-los-migrantes-en-usa\/","title":{"rendered":"El orgullo de ser guatemalteco est\u00e1 en las ra\u00edces de los migrantes en USA"},"content":{"rendered":"\t\t<div data-elementor-type=\"wp-post\" data-elementor-id=\"10152\" class=\"elementor elementor-10152\" data-elementor-post-type=\"post\">\n\t\t\t\t<div data-particle_enable=\"false\" data-particle-mobile-disabled=\"false\" class=\"elementor-element elementor-element-20c73f1 e-flex e-con-boxed e-con e-parent\" data-id=\"20c73f1\" data-element_type=\"container\" data-e-type=\"container\">\n\t\t\t\t\t<div class=\"e-con-inner\">\n\t\t\t\t<div class=\"elementor-element elementor-element-e919d29 elementor-widget elementor-widget-heading\" data-id=\"e919d29\" data-element_type=\"widget\" data-e-type=\"widget\" data-widget_type=\"heading.default\">\n\t\t\t\t\t<h2 class=\"elementor-heading-title elementor-size-default\">Uno de los mayores orgullos de los guatemaltecos en el extranjero es su capacidad para preservar y transmitir su cultura.<\/h2>\t\t\t\t<\/div>\n\t\t\t\t\t<\/div>\n\t\t\t\t<\/div>\n\t\t<div data-particle_enable=\"false\" data-particle-mobile-disabled=\"false\" class=\"elementor-element elementor-element-853a369 e-flex e-con-boxed e-con e-parent\" data-id=\"853a369\" data-element_type=\"container\" data-e-type=\"container\">\n\t\t\t\t\t<div class=\"e-con-inner\">\n\t\t\t\t<div class=\"elementor-element elementor-element-3d8d28a elementor-widget elementor-widget-text-editor\" data-id=\"3d8d28a\" data-element_type=\"widget\" data-e-type=\"widget\" data-widget_type=\"text-editor.default\">\n\t\t\t\t\t\t\t\t\t<p>Para muchos <a href=\"https:\/\/soymigrante.com\/revista\/estas-son-cinco-grandes-cualidades-que-identifican-a-los-guatemaltecos\/\" target=\"_blank\" rel=\"noopener\">guatemaltecos que residen en Estados Unidos<\/a>, la experiencia de migrar no solo est\u00e1 marcada por los desaf\u00edos de adaptaci\u00f3n y trabajo, sino tambi\u00e9n por un profundo sentido de orgullo que llevan consigo. Lejos de casa, estos migrantes encuentran en sus ra\u00edces una fuente de fortaleza y orgullo que se refleja en diversas \u00e1reas de sus vidas cotidianas.<\/p>\t\t\t\t\t\t\t\t<\/div>\n\t\t\t\t\t<\/div>\n\t\t\t\t<\/div>\n\t\t<div data-particle_enable=\"false\" data-particle-mobile-disabled=\"false\" class=\"elementor-element elementor-element-62e4b9b e-flex e-con-boxed e-con e-parent\" data-id=\"62e4b9b\" data-element_type=\"container\" data-e-type=\"container\">\n\t\t\t\t\t<div class=\"e-con-inner\">\n\t\t\t\t<div class=\"elementor-element elementor-element-4df1062 elementor-widget elementor-widget-heading\" data-id=\"4df1062\" data-element_type=\"widget\" data-e-type=\"widget\" data-widget_type=\"heading.default\">\n\t\t\t\t\t<h3 class=\"elementor-heading-title elementor-size-default\">1. Persistencia de la cultura y tradiciones<\/h3>\t\t\t\t<\/div>\n\t\t\t\t\t<\/div>\n\t\t\t\t<\/div>\n\t\t<div data-particle_enable=\"false\" data-particle-mobile-disabled=\"false\" class=\"elementor-element elementor-element-ecaf898 e-flex e-con-boxed e-con e-parent\" data-id=\"ecaf898\" data-element_type=\"container\" data-e-type=\"container\">\n\t\t\t\t\t<div class=\"e-con-inner\">\n\t\t\t\t<div class=\"elementor-element elementor-element-eaf3ba9 elementor-widget elementor-widget-text-editor\" data-id=\"eaf3ba9\" data-element_type=\"widget\" data-e-type=\"widget\" data-widget_type=\"text-editor.default\">\n\t\t\t\t\t\t\t\t\t<p>En medio de la diversidad cultural de Estados Unidos, las celebraciones de festividades como el D\u00eda de la Independencia de Guatemala o la Semana Santa se vuelven <a href=\"https:\/\/soymigrante.com\/revista\/estas-son-cinco-grandes-cualidades-que-identifican-a-los-guatemaltecos\/\" target=\"_blank\" rel=\"noopener\">momentos esenciales para reunir a la comunidad<\/a>. Las marimbas, los trajes t\u00edpicos y la gastronom\u00eda, como los tamales o el fiambre, representan mucho m\u00e1s que simples tradiciones: son s\u00edmbolos de identidad y resistencia cultural.<\/p><p>En ciudades con grandes comunidades de migrantes guatemaltecos, como Los \u00c1ngeles o Nueva York, se organizan ferias y desfiles que celebran la riqueza de la herencia guatemalteca. Estos eventos no solo son un recordatorio de sus ra\u00edces, sino que tambi\u00e9n son una manera de mantener viva la cultura para las nuevas generaciones nacidas en Estados Unidos.<\/p><p>\u201cYo nunca voy a dejar de querer a mi tierra, me siento triste por no estar, pero le pude construir una casita a mis padres que se esforzaron por m\u00ed\u201d, coment\u00f3 Donaldo Puaj, un migrante guatemalteco que tiene 20 a\u00f1os de vivir en Los \u00c1ngeles.<\/p>\t\t\t\t\t\t\t\t<\/div>\n\t\t\t\t\t<\/div>\n\t\t\t\t<\/div>\n\t\t<div data-particle_enable=\"false\" data-particle-mobile-disabled=\"false\" class=\"elementor-element elementor-element-2b28825 e-flex e-con-boxed e-con e-parent\" data-id=\"2b28825\" data-element_type=\"container\" data-e-type=\"container\">\n\t\t\t\t\t<div class=\"e-con-inner\">\n\t\t\t\t<div class=\"elementor-element elementor-element-5430152 elementor-widget elementor-widget-heading\" data-id=\"5430152\" data-element_type=\"widget\" data-e-type=\"widget\" data-widget_type=\"heading.default\">\n\t\t\t\t\t<h3 class=\"elementor-heading-title elementor-size-default\">2. Contribuci\u00f3n al crecimiento econ\u00f3mico<\/h3>\t\t\t\t<\/div>\n\t\t\t\t\t<\/div>\n\t\t\t\t<\/div>\n\t\t<div data-particle_enable=\"false\" data-particle-mobile-disabled=\"false\" class=\"elementor-element elementor-element-fad7ef0 e-flex e-con-boxed e-con e-parent\" data-id=\"fad7ef0\" data-element_type=\"container\" data-e-type=\"container\">\n\t\t\t\t\t<div class=\"e-con-inner\">\n\t\t\t\t<div class=\"elementor-element elementor-element-3cddc12 elementor-widget elementor-widget-text-editor\" data-id=\"3cddc12\" data-element_type=\"widget\" data-e-type=\"widget\" data-widget_type=\"text-editor.default\">\n\t\t\t\t\t\t\t\t\t<p><a href=\"https:\/\/soymigrante.com\/revista\/estas-son-cinco-grandes-cualidades-que-identifican-a-los-guatemaltecos\/\" target=\"_blank\" rel=\"noopener\">Los migrantes guatemaltecos tambi\u00e9n sienten un gran orgullo por el papel que desempe\u00f1an en la econom\u00eda tanto de Estados Unidos como de Guatemala.<\/a> Muchos trabajan arduamente en sectores como la construcci\u00f3n, la agricultura y los servicios, aportando al desarrollo de la naci\u00f3n que los acogi\u00f3. Al mismo tiempo, las remesas que env\u00edan a sus familias en Guatemala representan un soporte vital para sus seres queridos y una contribuci\u00f3n significativa a la econom\u00eda nacional.<\/p>\n<p>Este esfuerzo por sacar adelante a sus familias, muchas veces trabajando largas jornadas en empleos que implican un gran sacrificio, es una fuente de orgullo personal. Los migrantes saben que, a pesar de las dificultades, su trabajo diario tiene un impacto directo en el bienestar de sus familias y en la prosperidad de sus comunidades en Guatemala.<\/p><p>Adem\u00e1s, con sus impuestos en EE.UU tambi\u00e9n contribuyen con la naci\u00f3n que se ha convertido en su nuevo entorno de oportunidades.<\/p>\t\t\t\t\t\t\t\t<\/div>\n\t\t\t\t\t<\/div>\n\t\t\t\t<\/div>\n\t\t<div data-particle_enable=\"false\" data-particle-mobile-disabled=\"false\" class=\"elementor-element elementor-element-1418d40 e-flex e-con-boxed e-con e-parent\" data-id=\"1418d40\" data-element_type=\"container\" data-e-type=\"container\">\n\t\t\t\t\t<div class=\"e-con-inner\">\n\t\t\t\t<div class=\"elementor-element elementor-element-be693bb elementor-widget elementor-widget-image\" data-id=\"be693bb\" data-element_type=\"widget\" data-e-type=\"widget\" data-widget_type=\"image.default\">\n\t\t\t\t\t\t\t\t\t\t\t\t\t\t\t<img fetchpriority=\"high\" decoding=\"async\" width=\"576\" height=\"1024\" src=\"https:\/\/soymigrante.com\/revista\/wp-content\/uploads\/2024\/10\/El-orgullo-de-ser-guatemalteco-La-voz-de-los-migrantes2-576x1024.webp\" class=\"attachment-large size-large wp-image-10155\" alt=\"Bandera de Guatemala ondeando en un paisaje lacustre con monta\u00f1as al fondo, representando la migraci\u00f3n y la cultura guatemalteca.\" srcset=\"https:\/\/soymigrante.com\/revista\/wp-content\/uploads\/2024\/10\/El-orgullo-de-ser-guatemalteco-La-voz-de-los-migrantes2-576x1024.webp 576w, https:\/\/soymigrante.com\/revista\/wp-content\/uploads\/2024\/10\/El-orgullo-de-ser-guatemalteco-La-voz-de-los-migrantes2-169x300.webp 169w, https:\/\/soymigrante.com\/revista\/wp-content\/uploads\/2024\/10\/El-orgullo-de-ser-guatemalteco-La-voz-de-los-migrantes2-768x1365.webp 768w, https:\/\/soymigrante.com\/revista\/wp-content\/uploads\/2024\/10\/El-orgullo-de-ser-guatemalteco-La-voz-de-los-migrantes2-864x1536.webp 864w, https:\/\/soymigrante.com\/revista\/wp-content\/uploads\/2024\/10\/El-orgullo-de-ser-guatemalteco-La-voz-de-los-migrantes2-scaled.webp 1080w, https:\/\/soymigrante.com\/revista\/wp-content\/uploads\/2024\/10\/El-orgullo-de-ser-guatemalteco-La-voz-de-los-migrantes2-750x1333.webp 750w\" sizes=\"(max-width: 576px) 100vw, 576px\" \/>\t\t\t\t\t\t\t\t\t\t\t\t\t\t\t<\/div>\n\t\t\t\t\t<\/div>\n\t\t\t\t<\/div>\n\t\t<div data-particle_enable=\"false\" data-particle-mobile-disabled=\"false\" class=\"elementor-element elementor-element-2c9517d e-flex e-con-boxed e-con e-parent\" data-id=\"2c9517d\" data-element_type=\"container\" data-e-type=\"container\">\n\t\t\t\t\t<div class=\"e-con-inner\">\n\t\t\t\t<div class=\"elementor-element elementor-element-9edebd1 elementor-widget elementor-widget-heading\" data-id=\"9edebd1\" data-element_type=\"widget\" data-e-type=\"widget\" data-widget_type=\"heading.default\">\n\t\t\t\t\t<h3 class=\"elementor-heading-title elementor-size-default\">3. Unidad y solidaridad comunitaria<\/h3>\t\t\t\t<\/div>\n\t\t\t\t\t<\/div>\n\t\t\t\t<\/div>\n\t\t<div data-particle_enable=\"false\" data-particle-mobile-disabled=\"false\" class=\"elementor-element elementor-element-54c4efc e-flex e-con-boxed e-con e-parent\" data-id=\"54c4efc\" data-element_type=\"container\" data-e-type=\"container\">\n\t\t\t\t\t<div class=\"e-con-inner\">\n\t\t\t\t<div class=\"elementor-element elementor-element-33f4a7f elementor-widget elementor-widget-text-editor\" data-id=\"33f4a7f\" data-element_type=\"widget\" data-e-type=\"widget\" data-widget_type=\"text-editor.default\">\n\t\t\t\t\t\t\t\t\t<p>La comunidad guatemalteca en Estados Unidos se caracteriza por su unidad y solidaridad. <a href=\"https:\/\/soymigrante.com\/revista\/estas-son-cinco-grandes-cualidades-que-identifican-a-los-guatemaltecos\/\" target=\"_blank\" rel=\"noopener\">A trav\u00e9s de asociaciones comunitarias y organizaciones sin fines de lucro, los migrantes guatemaltecos se apoyan mutuamente en la b\u00fasqueda de mejores oportunidades<\/a>. Desde el acompa\u00f1amiento legal hasta la asistencia para encontrar empleo o vivienda, estas redes de apoyo refuerzan el sentido de pertenencia y hermandad.<\/p><p>Para muchos, el orgullo tambi\u00e9n se refleja en la manera en que ayudan a otros, brindando una mano a los reci\u00e9n llegados que necesitan orientaci\u00f3n o promoviendo la educaci\u00f3n de las nuevas generaciones. El sentimiento de que, a pesar de estar lejos de casa, siempre hay alguien dispuesto a apoyar, es una fuente de fortaleza y orgullo.<\/p><p>\u201cEstar aqu\u00ed solo y sin familia es dif\u00edcil, pero me encontr\u00e9 con unos paisanos que tambi\u00e9n estaban solos y ahora parecemos hermanos todos, porque todos \u00e9ramos de San Marcos, de distinta aldea, pero al final somos parecidos\u201d, mencion\u00f3 Andr\u00e9s Mario, un migrante guatemalteco que vive en Los \u00c1ngeles.<\/p>\t\t\t\t\t\t\t\t<\/div>\n\t\t\t\t\t<\/div>\n\t\t\t\t<\/div>\n\t\t<div data-particle_enable=\"false\" data-particle-mobile-disabled=\"false\" class=\"elementor-element elementor-element-933349e e-flex e-con-boxed e-con e-parent\" data-id=\"933349e\" data-element_type=\"container\" data-e-type=\"container\">\n\t\t\t\t\t<div class=\"e-con-inner\">\n\t\t\t\t<div class=\"elementor-element elementor-element-b5d4e22 elementor-widget elementor-widget-heading\" data-id=\"b5d4e22\" data-element_type=\"widget\" data-e-type=\"widget\" data-widget_type=\"heading.default\">\n\t\t\t\t\t<h3 class=\"elementor-heading-title elementor-size-default\">4. El legado que dejan a las nuevas generaciones<\/h3>\t\t\t\t<\/div>\n\t\t\t\t\t<\/div>\n\t\t\t\t<\/div>\n\t\t<div data-particle_enable=\"false\" data-particle-mobile-disabled=\"false\" class=\"elementor-element elementor-element-c141adc e-flex e-con-boxed e-con e-parent\" data-id=\"c141adc\" data-element_type=\"container\" data-e-type=\"container\">\n\t\t\t\t\t<div class=\"e-con-inner\">\n\t\t\t\t<div class=\"elementor-element elementor-element-0532aee elementor-widget elementor-widget-text-editor\" data-id=\"0532aee\" data-element_type=\"widget\" data-e-type=\"widget\" data-widget_type=\"text-editor.default\">\n\t\t\t\t\t\t\t\t\t<p>Los migrantes guatemaltecos en Estados Unidos tambi\u00e9n se sienten orgullosos de su capacidad para dejar un legado positivo a las nuevas generaciones. A pesar de los retos, muchos padres guatemaltecos se esfuerzan por brindar a sus hijos las oportunidades que ellos no tuvieron, ya sea en t\u00e9rminos de educaci\u00f3n o en el acceso a mejores condiciones de vida.<\/p><p><a href=\"https:\/\/soymigrante.com\/revista\/estas-son-cinco-grandes-cualidades-que-identifican-a-los-guatemaltecos\/\" target=\"_blank\" rel=\"noopener\">Los j\u00f3venes guatemaltecos que crecen en Estados Unidos, aunque muchas veces enfrentan el desaf\u00edo de navegar entre dos culturas,<\/a> se convierten en un motivo de orgullo para sus familias. Cada logro, ya sea en la educaci\u00f3n, el deporte o en sus carreras profesionales, es visto como un triunfo no solo individual, sino tambi\u00e9n colectivo, pues representa el esfuerzo de sus padres y abuelos por forjar un futuro mejor.<\/p>\t\t\t\t\t\t\t\t<\/div>\n\t\t\t\t\t<\/div>\n\t\t\t\t<\/div>\n\t\t<div data-particle_enable=\"false\" data-particle-mobile-disabled=\"false\" class=\"elementor-element elementor-element-4e8d688 e-flex e-con-boxed e-con e-parent\" data-id=\"4e8d688\" data-element_type=\"container\" data-e-type=\"container\">\n\t\t\t\t\t<div class=\"e-con-inner\">\n\t\t\t\t<div class=\"elementor-element elementor-element-4523ec4 elementor-widget elementor-widget-image\" data-id=\"4523ec4\" data-element_type=\"widget\" data-e-type=\"widget\" data-widget_type=\"image.default\">\n\t\t\t\t\t\t\t\t\t\t\t\t\t\t\t<img decoding=\"async\" width=\"683\" height=\"1024\" src=\"https:\/\/soymigrante.com\/revista\/wp-content\/uploads\/2024\/10\/El-orgullo-de-ser-guatemalteco-La-voz-de-los-migrantes3-683x1024.webp\" class=\"attachment-large size-large wp-image-10156\" alt=\"Paisaje volc\u00e1nico con ciudad y vegetaci\u00f3n en primer plano, volc\u00e1n activo en el fondo, cielo parcialmente nublado, vista panor\u00e1mica de \u00e1reas residenciales y urbanas en un pa\u00eds con volc\u00e1n famoso.\" srcset=\"https:\/\/soymigrante.com\/revista\/wp-content\/uploads\/2024\/10\/El-orgullo-de-ser-guatemalteco-La-voz-de-los-migrantes3-683x1024.webp 683w, https:\/\/soymigrante.com\/revista\/wp-content\/uploads\/2024\/10\/El-orgullo-de-ser-guatemalteco-La-voz-de-los-migrantes3-200x300.webp 200w, https:\/\/soymigrante.com\/revista\/wp-content\/uploads\/2024\/10\/El-orgullo-de-ser-guatemalteco-La-voz-de-los-migrantes3-768x1152.webp 768w, https:\/\/soymigrante.com\/revista\/wp-content\/uploads\/2024\/10\/El-orgullo-de-ser-guatemalteco-La-voz-de-los-migrantes3-1024x1536.webp 1024w, https:\/\/soymigrante.com\/revista\/wp-content\/uploads\/2024\/10\/El-orgullo-de-ser-guatemalteco-La-voz-de-los-migrantes3-scaled.webp 1280w, https:\/\/soymigrante.com\/revista\/wp-content\/uploads\/2024\/10\/El-orgullo-de-ser-guatemalteco-La-voz-de-los-migrantes3-750x1125.webp 750w, https:\/\/soymigrante.com\/revista\/wp-content\/uploads\/2024\/10\/El-orgullo-de-ser-guatemalteco-La-voz-de-los-migrantes3-1140x1710.webp 1140w\" sizes=\"(max-width: 683px) 100vw, 683px\" \/>\t\t\t\t\t\t\t\t\t\t\t\t\t\t\t<\/div>\n\t\t\t\t\t<\/div>\n\t\t\t\t<\/div>\n\t\t<div data-particle_enable=\"false\" data-particle-mobile-disabled=\"false\" class=\"elementor-element elementor-element-284affd e-flex e-con-boxed e-con e-parent\" data-id=\"284affd\" data-element_type=\"container\" data-e-type=\"container\">\n\t\t\t\t\t<div class=\"e-con-inner\">\n\t\t\t\t<div class=\"elementor-element elementor-element-6fe67e8 elementor-widget elementor-widget-heading\" data-id=\"6fe67e8\" data-element_type=\"widget\" data-e-type=\"widget\" data-widget_type=\"heading.default\">\n\t\t\t\t\t<h3 class=\"elementor-heading-title elementor-size-default\">5. La fe y la espiritualidad<\/h3>\t\t\t\t<\/div>\n\t\t\t\t\t<\/div>\n\t\t\t\t<\/div>\n\t\t<div data-particle_enable=\"false\" data-particle-mobile-disabled=\"false\" class=\"elementor-element elementor-element-19212eb e-flex e-con-boxed e-con e-parent\" data-id=\"19212eb\" data-element_type=\"container\" data-e-type=\"container\">\n\t\t\t\t\t<div class=\"e-con-inner\">\n\t\t\t\t<div class=\"elementor-element elementor-element-1a4cecd elementor-widget elementor-widget-text-editor\" data-id=\"1a4cecd\" data-element_type=\"widget\" data-e-type=\"widget\" data-widget_type=\"text-editor.default\">\n\t\t\t\t\t\t\t\t\t<p>Finalmente, para muchos guatemaltecos, <a href=\"https:\/\/soymigrante.com\/revista\/estas-son-cinco-grandes-cualidades-que-identifican-a-los-guatemaltecos\/\" target=\"_blank\" rel=\"noopener\">la fe sigue siendo una fuente de orgullo y fortaleza.<\/a> Las comunidades religiosas, tanto cat\u00f3licas como evang\u00e9licas, juegan un rol central en la vida de los migrantes, ofreciendo consuelo y un sentido de comunidad. La devoci\u00f3n a figuras religiosas como la Virgen del Rosario o el Cristo Negro de Esquipulas es llevada consigo y se convierte en un pilar emocional y espiritual.<\/p><p>En resumen, el orgullo que los migrantes guatemaltecos sienten en Estados Unidos proviene de su capacidad para mantener vivas sus tradiciones, contribuir al bienestar de dos pa\u00edses, apoyar a sus comunidades y dejar un legado de perseverancia y fe. En cada paso que dan, reafirman su identidad como guatemaltecos y como agentes de cambio en una tierra lejana.<\/p>\t\t\t\t\t\t\t\t<\/div>\n\t\t\t\t\t<\/div>\n\t\t\t\t<\/div>\n\t\t<div data-particle_enable=\"false\" data-particle-mobile-disabled=\"false\" class=\"elementor-element elementor-element-1e42f02 e-flex e-con-boxed e-con e-parent\" data-id=\"1e42f02\" data-element_type=\"container\" data-e-type=\"container\">\n\t\t\t\t\t<div class=\"e-con-inner\">\n\t\t\t\t<div class=\"elementor-element elementor-element-f111c8c elementor-widget elementor-widget-facebook-embed\" data-id=\"f111c8c\" data-element_type=\"widget\" data-e-type=\"widget\" data-widget_type=\"facebook-embed.default\">\n\t\t\t\t\t<div style=\"min-height: 1px\" class=\"elementor-facebook-widget fb-post\" data-href=\"https:\/\/www.facebook.com\/reel\/819196740420124\" data-show-text=\"false\"><\/div>\t\t\t\t<\/div>\n\t\t\t\t\t<\/div>\n\t\t\t\t<\/div>\n\t\t<div data-particle_enable=\"false\" data-particle-mobile-disabled=\"false\" class=\"elementor-element elementor-element-52c05c4 e-flex e-con-boxed e-con e-parent\" data-id=\"52c05c4\" data-element_type=\"container\" data-e-type=\"container\">\n\t\t\t\t\t<div class=\"e-con-inner\">\n\t\t\t\t<div class=\"elementor-element elementor-element-2895502 elementor-widget elementor-widget-heading\" data-id=\"2895502\" data-element_type=\"widget\" data-e-type=\"widget\" data-widget_type=\"heading.default\">\n\t\t\t\t\t<h2 class=\"elementor-heading-title elementor-size-default\">Te puede interesar... <\/h2>\t\t\t\t<\/div>\n\t\t\t\t\t<\/div>\n\t\t\t\t<\/div>\n\t\t<div data-particle_enable=\"false\" data-particle-mobile-disabled=\"false\" class=\"elementor-element elementor-element-2893a4a e-flex e-con-boxed e-con e-parent\" data-id=\"2893a4a\" data-element_type=\"container\" data-e-type=\"container\">\n\t\t\t\t\t<div class=\"e-con-inner\">\n\t\t\t\t<div class=\"elementor-element elementor-element-be0c757 elementor-widget elementor-widget-blfe-post-grid\" data-id=\"be0c757\" data-element_type=\"widget\" data-e-type=\"widget\" data-settings=\"{&quot;columns&quot;:&quot;3&quot;,&quot;columns_tablet&quot;:&quot;6&quot;,&quot;columns_mobile&quot;:&quot;12&quot;,&quot;hero1_layout_column_gap&quot;:{&quot;unit&quot;:&quot;px&quot;,&quot;size&quot;:30,&quot;sizes&quot;:[]},&quot;hero1_layout_column_gap_tablet&quot;:{&quot;unit&quot;:&quot;px&quot;,&quot;size&quot;:&quot;&quot;,&quot;sizes&quot;:[]},&quot;hero1_layout_column_gap_mobile&quot;:{&quot;unit&quot;:&quot;px&quot;,&quot;size&quot;:&quot;&quot;,&quot;sizes&quot;:[]},&quot;hero1_layout_row_gap&quot;:{&quot;unit&quot;:&quot;px&quot;,&quot;size&quot;:30,&quot;sizes&quot;:[]},&quot;hero1_layout_row_gap_tablet&quot;:{&quot;unit&quot;:&quot;px&quot;,&quot;size&quot;:&quot;&quot;,&quot;sizes&quot;:[]},&quot;hero1_layout_row_gap_mobile&quot;:{&quot;unit&quot;:&quot;px&quot;,&quot;size&quot;:&quot;&quot;,&quot;sizes&quot;:[]}}\" data-widget_type=\"blfe-post-grid.hero1\">\n\t\t\t\t<div class=\"elementor-widget-container\">\n\t\t\t\t\t\n                        <div class=\"blfe-post-grid-container \">\n            \n                <div data-skin=\"hero1\" class=\"blfe-row blfe-posts-inner blfe-hero1 blfe-posts-inner blfe-col-3 blfe-col-tab-6 blfe-col-mob-12     \">\n                            <div class=\"blfe-post-grid-item\">\n            <div class=\"blfe-post-grid-item-inner blfe-modern-zoom\">\n                        <div class=\"blfe-post-grid-bg-image\">\n            <a class=\"blfe-post-grid-image-inner\" href=\"https:\/\/soymigrante.com\/revista\/el-arco-de-gucumatz-es-la-entrada-sagrada-a-chichicastenango\/\" title=\"El Arco de Gucumatz es la entrada sagrada a Chichicastenango\" rel=\"nofollow\" target=\"_blank\"><img decoding=\"async\" src=\"https:\/\/soymigrante.com\/revista\/wp-content\/uploads\/2025\/07\/El-Arco-de-Gucumatz-la-entrada-sagrada-de-Chichicastenango4-e1752182270774.webp\" alt=\"El Arco de Gucumatz es la entrada sagrada a Chichicastenango\"\/><\/a>        <\/div>\n                        <div class=\"blfe-post-grid-details\">\n                    <div class=\"blfe-post-grid-details-inner\">\n                        <span class=\"blfe-post-category\"><a href=\"https:\/\/soymigrante.com\/revista\/category\/guate-nuestra\/\">Guate Nuestra<\/a><\/span>                        <h3 class=\"blfe-post-grid-title\">\n            <a href=\"https:\/\/soymigrante.com\/revista\/el-arco-de-gucumatz-es-la-entrada-sagrada-a-chichicastenango\/\" title=\"El Arco de Gucumatz es la entrada sagrada a Chichicastenango\" rel=\"nofollow\" target=\"_blank\">El Arco de Gucumatz es la entrada sagrada a Chichicastenango<\/a>\n            <\/h3>                                                            <div class=\"blfe-post-grid-meta\">\n                <span class=\"blfe-post-grid-time\"><i class=\"fas fa-book-reader\"><\/i>4 Min read<\/span>            <\/div>\n                                                        <\/div>\n                <\/div>\n\n            <\/div>\n        <\/div>\n                <div class=\"blfe-post-grid-item\">\n            <div class=\"blfe-post-grid-item-inner blfe-modern-zoom\">\n                        <div class=\"blfe-post-grid-bg-image\">\n            <a class=\"blfe-post-grid-image-inner\" href=\"https:\/\/soymigrante.com\/revista\/torrons-cafe-y-chocolate-sabores-unicos-de-un-sueno-emprendedor\/\" title=\"Torrons Caf\u00e9 y Chocolate: sabores muy originales de un sue\u00f1o emprendedor\" rel=\"nofollow\" target=\"_blank\"><img decoding=\"async\" src=\"https:\/\/soymigrante.com\/revista\/wp-content\/uploads\/2024\/11\/torrons2.webp\" alt=\"Torrons Caf\u00e9 y Chocolate: sabores muy originales de un sue\u00f1o emprendedor\"\/><\/a>        <\/div>\n                        <div class=\"blfe-post-grid-details\">\n                    <div class=\"blfe-post-grid-details-inner\">\n                        <span class=\"blfe-post-category\"><a href=\"https:\/\/soymigrante.com\/revista\/category\/guate-nuestra\/\">Guate Nuestra<\/a><\/span>                        <h3 class=\"blfe-post-grid-title\">\n            <a href=\"https:\/\/soymigrante.com\/revista\/torrons-cafe-y-chocolate-sabores-unicos-de-un-sueno-emprendedor\/\" title=\"Torrons Caf\u00e9 y Chocolate: sabores muy originales de un sue\u00f1o emprendedor\" rel=\"nofollow\" target=\"_blank\">Torrons Caf\u00e9 y Chocolate: sabores muy originales de un sue\u00f1o emprendedor<\/a>\n            <\/h3>                                                            <div class=\"blfe-post-grid-meta\">\n                <span class=\"blfe-post-grid-time\"><i class=\"fas fa-book-reader\"><\/i>4 Min read<\/span>            <\/div>\n                                                        <\/div>\n                <\/div>\n\n            <\/div>\n        <\/div>\n                <div class=\"blfe-post-grid-item\">\n            <div class=\"blfe-post-grid-item-inner blfe-modern-zoom\">\n                        <div class=\"blfe-post-grid-bg-image\">\n            <a class=\"blfe-post-grid-image-inner\" href=\"https:\/\/soymigrante.com\/revista\/ixpaco-es-una-autentica-laguna-volcanica-en-santa-rosa-mira-como-hierve\/\" title=\"Ixpaco es una aut\u00e9ntica laguna volc\u00e1nica en Santa Rosa: mira como hierve\" rel=\"nofollow\" target=\"_blank\"><img decoding=\"async\" src=\"https:\/\/soymigrante.com\/revista\/wp-content\/uploads\/2025\/03\/laguna-de-ixpaco-3.webp\" alt=\"Ixpaco es una aut\u00e9ntica laguna volc\u00e1nica en Santa Rosa: mira como hierve\"\/><\/a>        <\/div>\n                        <div class=\"blfe-post-grid-details\">\n                    <div class=\"blfe-post-grid-details-inner\">\n                        <span class=\"blfe-post-category\"><a href=\"https:\/\/soymigrante.com\/revista\/category\/guate-nuestra\/\">Guate Nuestra<\/a><\/span>                        <h3 class=\"blfe-post-grid-title\">\n            <a href=\"https:\/\/soymigrante.com\/revista\/ixpaco-es-una-autentica-laguna-volcanica-en-santa-rosa-mira-como-hierve\/\" title=\"Ixpaco es una aut\u00e9ntica laguna volc\u00e1nica en Santa Rosa: mira como hierve\" rel=\"nofollow\" target=\"_blank\">Ixpaco es una aut\u00e9ntica laguna volc\u00e1nica en Santa Rosa: mira como hierve<\/a>\n            <\/h3>                                                            <div class=\"blfe-post-grid-meta\">\n                <span class=\"blfe-post-grid-time\"><i class=\"fas fa-book-reader\"><\/i>4 Min read<\/span>            <\/div>\n                                                        <\/div>\n                <\/div>\n\n            <\/div>\n        <\/div>\n                        <\/div>\n\n                        <\/div>\n            \n                        <div class=\"blfe-post-footer\">\n                        <\/div>\n            \t\t\t\t<\/div>\n\t\t\t\t<\/div>\n\t\t\t\t\t<\/div>\n\t\t\t\t<\/div>\n\t\t\t\t<\/div>\n\t\t","protected":false},"excerpt":{"rendered":"<p>Uno de los mayores orgullos de los guatemaltecos en el extranjero es su capacidad para preservar y transmitir su cultura. Para muchos guatemaltecos que residen en Estados Unidos, la experiencia de migrar no solo est\u00e1 marcada por los desaf\u00edos de adaptaci\u00f3n y trabajo, sino tambi\u00e9n por un profundo sentido de orgullo que llevan consigo. Lejos [&hellip;]<\/p>\n","protected":false},"author":19,"featured_media":9740,"comment_status":"open","ping_status":"open","sticky":false,"template":"","format":"standard","meta":{"_acf_changed":false,"_eb_attr":"","footnotes":""},"categories":[58],"tags":[98],"class_list":["post-10152","post","type-post","status-publish","format-standard","has-post-thumbnail","hentry","category-guate-nuestra","tag-18-diciembre-dia-del-migrante"],"acf":[],"aioseo_notices":[],"aioseo_head":"\n\t\t<!-- All in One SEO Pro 4.9.6.2 - aioseo.com -->\n\t<meta name=\"description\" content=\"Las aguas de la laguna de Ixpac\u00f3 emanan olor de azufre y hay fumrolas; est\u00e1 cerca del volc\u00e1n Tecuamburro, Santa Rosa. Visitarla es una vivencia inolvidable.\" \/>\n\t<meta name=\"robots\" content=\"max-snippet:-1, max-image-preview:large, max-video-preview:-1\" \/>\n\t<meta name=\"author\" content=\"Marysabel Aldana\"\/>\n\t<link rel=\"canonical\" href=\"https:\/\/soymigrante.com\/revista\/ixpaco-es-una-autentica-laguna-volcanica-en-santa-rosa-mira-como-hierve\/\" \/>\n\t<meta name=\"generator\" content=\"All in One SEO Pro (AIOSEO) 4.9.6.2\" \/>\n\n\t\t<link rel=\"preconnect\" href=\"https:\/\/fonts.googleapis.com\" crossorigin>\n<link rel=\"preconnect\" href=\"https:\/\/fonts.gstatic.com\" crossorigin>\n\t\t<meta property=\"og:locale\" content=\"es_ES\" \/>\n\t\t<meta property=\"og:site_name\" content=\"SoyMigrante.com REVISTA \u2013 Nuestra misi\u00f3n es reconocer y dignificar al migrante.\" \/>\n\t\t<meta property=\"og:type\" content=\"article\" \/>\n\t\t<meta property=\"og:title\" content=\"Laguna volc\u00e1nica de Ixpaco Santa Rosa es un lugar de paz\" \/>\n\t\t<meta property=\"og:description\" content=\"Las aguas de la laguna de Ixpac\u00f3 emanan olor de azufre y hay fumrolas; est\u00e1 cerca del volc\u00e1n Tecuamburro, Santa Rosa. Visitarla es una vivencia inolvidable.\" \/>\n\t\t<meta property=\"og:url\" content=\"https:\/\/soymigrante.com\/revista\/ixpaco-es-una-autentica-laguna-volcanica-en-santa-rosa-mira-como-hierve\/\" \/>\n\t\t<meta property=\"og:image\" content=\"https:\/\/soymigrante.com\/revista\/wp-content\/uploads\/2025\/03\/laguna-de-ixpaco-3.webp\" \/>\n\t\t<meta property=\"og:image:secure_url\" content=\"https:\/\/soymigrante.com\/revista\/wp-content\/uploads\/2025\/03\/laguna-de-ixpaco-3.webp\" \/>\n\t\t<meta property=\"og:image:width\" content=\"812\" \/>\n\t\t<meta property=\"og:image:height\" content=\"812\" \/>\n\t\t<meta property=\"article:published_time\" content=\"2025-03-11T13:00:00+00:00\" \/>\n\t\t<meta property=\"article:modified_time\" content=\"2025-06-12T14:16:27+00:00\" \/>\n\t\t<meta property=\"article:publisher\" content=\"https:\/\/www.facebook.com\/soymigrantecom\" \/>\n\t\t<meta name=\"twitter:card\" content=\"summary_large_image\" \/>\n\t\t<meta name=\"twitter:site\" content=\"@SoyMigrante_com\" \/>\n\t\t<meta name=\"twitter:title\" content=\"Laguna volc\u00e1nica de Ixpaco Santa Rosa es un lugar de paz\" \/>\n\t\t<meta name=\"twitter:description\" content=\"Las aguas de la laguna de Ixpac\u00f3 emanan olor de azufre y hay fumrolas; est\u00e1 cerca del volc\u00e1n Tecuamburro, Santa Rosa. Visitarla es una vivencia inolvidable.\" \/>\n\t\t<meta name=\"twitter:creator\" content=\"@SoyMigrante_com\" \/>\n\t\t<meta name=\"twitter:image\" content=\"https:\/\/soymigrante.com\/revista\/wp-content\/uploads\/2025\/03\/laguna-de-ixpaco-3.webp\" \/>\n\t\t<!-- All in One SEO Pro -->\r\n\t\t<title>Laguna volc\u00e1nica de Ixpaco Santa Rosa es un lugar de paz<\/title>\n\n","aioseo_head_json":{"title":"Laguna volc\u00e1nica de Ixpaco Santa Rosa es un lugar de paz","description":"Las aguas de la laguna de Ixpac\u00f3 emanan olor de azufre y hay fumrolas; est\u00e1 cerca del volc\u00e1n Tecuamburro, Santa Rosa. Visitarla es una vivencia inolvidable.","canonical_url":"https:\/\/soymigrante.com\/revista\/ixpaco-es-una-autentica-laguna-volcanica-en-santa-rosa-mira-como-hierve\/","robots":"max-snippet:-1, max-image-preview:large, max-video-preview:-1","keywords":"","webmasterTools":{"miscellaneous":"&lt;link rel=\"preconnect\" href=\"https:\/\/fonts.googleapis.com\" crossorigin&gt;\n&lt;link rel=\"preconnect\" href=\"https:\/\/fonts.gstatic.com\" crossorigin&gt;"},"schema":null,"og:locale":"es_ES","og:site_name":"SoyMigrante.com REVISTA \u2013 Nuestra misi\u00f3n es reconocer y dignificar al migrante.","og:type":"article","og:title":"Laguna volc\u00e1nica de Ixpaco Santa Rosa es un lugar de paz","og:description":"Las aguas de la laguna de Ixpac\u00f3 emanan olor de azufre y hay fumrolas; est\u00e1 cerca del volc\u00e1n Tecuamburro, Santa Rosa. Visitarla es una vivencia inolvidable.","og:url":"https:\/\/soymigrante.com\/revista\/ixpaco-es-una-autentica-laguna-volcanica-en-santa-rosa-mira-como-hierve\/","og:image":"https:\/\/soymigrante.com\/revista\/wp-content\/uploads\/2025\/03\/laguna-de-ixpaco-3.webp","og:image:secure_url":"https:\/\/soymigrante.com\/revista\/wp-content\/uploads\/2025\/03\/laguna-de-ixpaco-3.webp","og:image:width":812,"og:image:height":812,"article:published_time":"2025-03-11T13:00:00+00:00","article:modified_time":"2025-06-12T14:16:27+00:00","article:publisher":"https:\/\/www.facebook.com\/soymigrantecom","twitter:card":"summary_large_image","twitter:site":"@SoyMigrante_com","twitter:title":"Laguna volc\u00e1nica de Ixpaco Santa Rosa es un lugar de paz","twitter:description":"Las aguas de la laguna de Ixpac\u00f3 emanan olor de azufre y hay fumrolas; est\u00e1 cerca del volc\u00e1n Tecuamburro, Santa Rosa. Visitarla es una vivencia inolvidable.","twitter:creator":"@SoyMigrante_com","twitter:image":"https:\/\/soymigrante.com\/revista\/wp-content\/uploads\/2025\/03\/laguna-de-ixpaco-3.webp"},"aioseo_meta_data":{"post_id":"10152","title":"D\u00eda del Migrante: 5 fortalezas del ser guatemalteco en USA","description":"Uno de los mayores orgullos de los guatemaltecos migrantes en el extranjero es su capacidad para preservar y transmitir su cultura.","keywords":null,"keyphrases":{"focus":{"keyphrase":"migrantes","score":82,"analysis":{"keyphraseInTitle":{"score":3,"maxScore":9,"error":1},"keyphraseInDescription":{"score":9,"maxScore":9,"error":0},"keyphraseLength":{"score":9,"maxScore":9,"error":0,"length":1},"keyphraseInURL":{"score":5,"maxScore":5,"error":0},"keyphraseInIntroduction":{"score":9,"maxScore":9,"error":0},"keyphraseInSubHeadings":{"score":3,"maxScore":9,"error":1},"keyphraseInImageAlt":{"score":9,"maxScore":9,"error":0},"keywordDensity":{"type":"best","score":9,"maxScore":9,"error":0}}},"additional":[{"keyphrase":"guatemaltecos","score":100,"analysis":{"keyphraseInDescription":{"score":9,"maxScore":9,"error":0},"keyphraseLength":{"score":9,"maxScore":9,"error":0,"length":1},"keyphraseInIntroduction":{"score":9,"maxScore":9,"error":0},"keyphraseInImageAlt":{"score":9,"maxScore":9,"error":0},"keywordDensity":{"type":"best","score":9,"maxScore":9,"error":0}}},{"keyphrase":"migrantes","score":100,"analysis":{"keyphraseInDescription":{"score":9,"maxScore":9,"error":0},"keyphraseLength":{"score":9,"maxScore":9,"error":0,"length":1},"keyphraseInIntroduction":{"score":9,"maxScore":9,"error":0},"keyphraseInImageAlt":{"score":9,"maxScore":9,"error":0},"keywordDensity":{"type":"best","score":9,"maxScore":9,"error":0}}}]},"primary_term":null,"canonical_url":null,"og_title":null,"og_description":null,"og_object_type":"default","og_image_type":"default","og_image_url":null,"og_image_width":null,"og_image_height":null,"og_image_custom_url":null,"og_image_custom_fields":null,"og_video":"","og_custom_url":null,"og_article_section":null,"og_article_tags":null,"twitter_use_og":false,"twitter_card":"default","twitter_image_type":"default","twitter_image_url":null,"twitter_image_custom_url":null,"twitter_image_custom_fields":null,"twitter_title":null,"twitter_description":null,"schema":{"blockGraphs":[],"customGraphs":[],"default":{"data":{"Article":[],"Course":[],"Dataset":[],"FAQPage":[],"Movie":[],"Person":[],"Product":[],"ProductReview":[],"Car":[],"Recipe":[],"Service":[],"SoftwareApplication":[],"WebPage":[]},"graphName":"Article","isEnabled":true},"graphs":[]},"schema_type":"default","schema_type_options":null,"pillar_content":false,"robots_default":true,"robots_noindex":false,"robots_noarchive":false,"robots_nosnippet":false,"robots_nofollow":false,"robots_noimageindex":false,"robots_noodp":false,"robots_notranslate":false,"robots_max_snippet":"-1","robots_max_videopreview":"-1","robots_max_imagepreview":"large","priority":null,"frequency":"default","local_seo":null,"seo_analyzer_scan_date":"2025-10-09 01:06:10","breadcrumb_settings":null,"limit_modified_date":false,"reviewed_by":null,"open_ai":"{\"title\":{\"suggestions\":[],\"usage\":0},\"description\":{\"suggestions\":[],\"usage\":0}}","ai":null,"created":"2024-10-08 18:42:18","updated":"2026-02-04 18:27:06"},"aioseo_breadcrumb":"<div class=\"aioseo-breadcrumbs\"><span class=\"aioseo-breadcrumb\">\n\t<a href=\"https:\/\/soymigrante.com\/revista\" title=\"Home\">Home<\/a>\n<\/span><span class=\"aioseo-breadcrumb-separator\">\u00bb<\/span><span class=\"aioseo-breadcrumb\">\n\t<a href=\"https:\/\/soymigrante.com\/revista\/category\/guate-nuestra\/\" title=\"Guate Nuestra\">Guate Nuestra<\/a>\n<\/span><span class=\"aioseo-breadcrumb-separator\">\u00bb<\/span><span class=\"aioseo-breadcrumb\">\n\tEl orgullo de ser guatemalteco est\u00e1 en las ra\u00edces de los migrantes en USA\n<\/span><\/div>","aioseo_breadcrumb_json":[{"label":"Home","link":"https:\/\/soymigrante.com\/revista"},{"label":"Guate Nuestra","link":"https:\/\/soymigrante.com\/revista\/category\/guate-nuestra\/"},{"label":"El orgullo de ser guatemalteco est\u00e1 en las ra\u00edces de los migrantes en USA","link":"https:\/\/soymigrante.com\/revista\/el-orgullo-de-ser-guatemalteco-esta-en-las-raices-de-los-migrantes-en-usa\/"}],"_links":{"self":[{"href":"https:\/\/soymigrante.com\/revista\/wp-json\/wp\/v2\/posts\/10152","targetHints":{"allow":["GET"]}}],"collection":[{"href":"https:\/\/soymigrante.com\/revista\/wp-json\/wp\/v2\/posts"}],"about":[{"href":"https:\/\/soymigrante.com\/revista\/wp-json\/wp\/v2\/types\/post"}],"author":[{"embeddable":true,"href":"https:\/\/soymigrante.com\/revista\/wp-json\/wp\/v2\/users\/19"}],"replies":[{"embeddable":true,"href":"https:\/\/soymigrante.com\/revista\/wp-json\/wp\/v2\/comments?post=10152"}],"version-history":[{"count":0,"href":"https:\/\/soymigrante.com\/revista\/wp-json\/wp\/v2\/posts\/10152\/revisions"}],"wp:featuredmedia":[{"embeddable":true,"href":"https:\/\/soymigrante.com\/revista\/wp-json\/wp\/v2\/media\/9740"}],"wp:attachment":[{"href":"https:\/\/soymigrante.com\/revista\/wp-json\/wp\/v2\/media?parent=10152"}],"wp:term":[{"taxonomy":"category","embeddable":true,"href":"https:\/\/soymigrante.com\/revista\/wp-json\/wp\/v2\/categories?post=10152"},{"taxonomy":"post_tag","embeddable":true,"href":"https:\/\/soymigrante.com\/revista\/wp-json\/wp\/v2\/tags?post=10152"}],"curies":[{"name":"wp","href":"https:\/\/api.w.org\/{rel}","templated":true}]}}