{"id":10116,"date":"2024-10-14T08:21:28","date_gmt":"2024-10-14T14:21:28","guid":{"rendered":"https:\/\/soymigrante.com\/revista\/?p=10116"},"modified":"2024-10-17T20:09:10","modified_gmt":"2024-10-18T02:09:10","slug":"de-monjas-a-stamford-connecticut-maria-sandoval-preside-el-grupo-quetzal","status":"publish","type":"post","link":"https:\/\/soymigrante.com\/revista\/de-monjas-a-stamford-connecticut-maria-sandoval-preside-el-grupo-quetzal\/","title":{"rendered":"De Monjas a Stamford, Connecticut: Mar\u00eda Sandoval preside el Grupo Quetzal"},"content":{"rendered":"\t\t<div data-elementor-type=\"wp-post\" data-elementor-id=\"10116\" class=\"elementor elementor-10116\" data-elementor-post-type=\"post\">\n\t\t\t\t<div data-particle_enable=\"false\" data-particle-mobile-disabled=\"false\" class=\"elementor-element elementor-element-cebc790 e-flex e-con-boxed e-con e-parent\" data-id=\"cebc790\" data-element_type=\"container\" data-e-type=\"container\">\n\t\t\t\t\t<div class=\"e-con-inner\">\n\t\t\t\t<div class=\"elementor-element elementor-element-fee357c elementor-widget elementor-widget-heading\" data-id=\"fee357c\" data-element_type=\"widget\" data-e-type=\"widget\" data-widget_type=\"heading.default\">\n\t\t\t\t\t<h2 class=\"elementor-heading-title elementor-size-default\">Mar\u00eda Sandoval es una guatemalteca que vive desde hace 36 a\u00f1os en Connecticut, EE. UU. Preside el Grupo Quetzal que tiene una misi\u00f3n peculiar. Conoce esta historia.\n<\/h2>\t\t\t\t<\/div>\n\t\t\t\t\t<\/div>\n\t\t\t\t<\/div>\n\t\t<div data-particle_enable=\"false\" data-particle-mobile-disabled=\"false\" class=\"elementor-element elementor-element-045de8a e-flex e-con-boxed e-con e-parent\" data-id=\"045de8a\" data-element_type=\"container\" data-e-type=\"container\">\n\t\t\t\t\t<div class=\"e-con-inner\">\n\t\t\t\t<div class=\"elementor-element elementor-element-42f8e7d elementor-widget elementor-widget-text-editor\" data-id=\"42f8e7d\" data-element_type=\"widget\" data-e-type=\"widget\" data-widget_type=\"text-editor.default\">\n\t\t\t\t\t\t\t\t\t<p>Mar\u00eda Sandoval lleg\u00f3 a\u00a0<a href=\"https:\/\/soymigrante.com\/revista\/thelma-carrera-cocina-con-el-sabor-de-la-generosidad-en-connecticut\/\" target=\"_blank\" rel=\"noopener\">Connecticut<\/a>, Estados Unidos en 1989, dejando atr\u00e1s a sus padres y su hogar en Monjas, Jalapa. Con solo 20 a\u00f1os y un coraz\u00f3n lleno de esperanza, tom\u00f3 su primer avi\u00f3n, decidida a buscar un futuro mejor. Al poco tiempo de llegar a Estados Unidos, gracias a unas primas que la conectaron con empresas de trabajo, comenz\u00f3 a laborar en una f\u00e1brica.<\/p><p><span style=\"font-family: Roboto, sans-serif;font-size: 16px;font-style: normal;font-weight: 400\">La necesidad de ayudar a su familia fue su motivaci\u00f3n constante, y en un a\u00f1o de vivir en Estados Unidos se cas\u00f3, dando la bienvenida a su primer hijo. Tambi\u00e9n trabaj\u00f3 limpiando casas. \u201cHe sido bendecida. Mi sue\u00f1o ya lo he logrado. Estoy feliz con la familia y el trabajo\u201d, refiere Mar\u00eda muy agradecida por las oportunidades que se le han presentado en EE. UU.<\/span><\/p>\t\t\t\t\t\t\t\t<\/div>\n\t\t\t\t\t<\/div>\n\t\t\t\t<\/div>\n\t\t<div data-particle_enable=\"false\" data-particle-mobile-disabled=\"false\" class=\"elementor-element elementor-element-2cfc946 e-flex e-con-boxed e-con e-parent\" data-id=\"2cfc946\" data-element_type=\"container\" data-e-type=\"container\">\n\t\t\t\t\t<div class=\"e-con-inner\">\n\t\t\t\t<div class=\"elementor-element elementor-element-fc7deb4 elementor-widget elementor-widget-image\" data-id=\"fc7deb4\" data-element_type=\"widget\" data-e-type=\"widget\" data-widget_type=\"image.default\">\n\t\t\t\t\t\t\t\t\t\t\t\t<figure class=\"wp-caption\">\n\t\t\t\t\t\t\t\t\t\t<img fetchpriority=\"high\" decoding=\"async\" width=\"768\" height=\"568\" src=\"https:\/\/soymigrante.com\/revista\/wp-content\/uploads\/2024\/10\/Maria-Sandoval-Grupo-Quetzal-soy-migrante-1024x757.webp\" class=\"attachment-large size-large wp-image-10130\" alt=\"Vestido tradicional mexicano de mujer en celebraci\u00f3n cultural, con detalles en bordado y colores vivos, participando en evento folkl\u00f3rico.\" srcset=\"https:\/\/soymigrante.com\/revista\/wp-content\/uploads\/2024\/10\/Maria-Sandoval-Grupo-Quetzal-soy-migrante-1024x757.webp 1024w, https:\/\/soymigrante.com\/revista\/wp-content\/uploads\/2024\/10\/Maria-Sandoval-Grupo-Quetzal-soy-migrante-300x222.webp 300w, https:\/\/soymigrante.com\/revista\/wp-content\/uploads\/2024\/10\/Maria-Sandoval-Grupo-Quetzal-soy-migrante-768x568.webp 768w, https:\/\/soymigrante.com\/revista\/wp-content\/uploads\/2024\/10\/Maria-Sandoval-Grupo-Quetzal-soy-migrante-1536x1136.webp 1536w, https:\/\/soymigrante.com\/revista\/wp-content\/uploads\/2024\/10\/Maria-Sandoval-Grupo-Quetzal-soy-migrante-750x554.webp 750w, https:\/\/soymigrante.com\/revista\/wp-content\/uploads\/2024\/10\/Maria-Sandoval-Grupo-Quetzal-soy-migrante-1140x843.webp 1140w, https:\/\/soymigrante.com\/revista\/wp-content\/uploads\/2024\/10\/Maria-Sandoval-Grupo-Quetzal-soy-migrante.webp 1920w\" sizes=\"(max-width: 768px) 100vw, 768px\" title=\"Mar\u00eda Sandoval Grupo Quetzal soy migrante \u2013 SoyMigrante.com REVISTA\" \/>\t\t\t\t\t\t\t\t\t\t\t<figcaption class=\"widget-image-caption wp-caption-text\">Mujer con vestimenta folkl\u00f3rica mexicana en celebraci\u00f3n cultural, llevando un vestido con bordados y colores vivos, participando en una festividad tradicional.<\/figcaption>\n\t\t\t\t\t\t\t\t\t\t<\/figure>\n\t\t\t\t\t\t\t\t\t<\/div>\n\t\t\t\t\t<\/div>\n\t\t\t\t<\/div>\n\t\t<div data-particle_enable=\"false\" data-particle-mobile-disabled=\"false\" class=\"elementor-element elementor-element-a87fb27 e-flex e-con-boxed e-con e-parent\" data-id=\"a87fb27\" data-element_type=\"container\" data-e-type=\"container\">\n\t\t\t\t\t<div class=\"e-con-inner\">\n\t\t\t\t<div class=\"elementor-element elementor-element-611bee3 elementor-widget elementor-widget-text-editor\" data-id=\"611bee3\" data-element_type=\"widget\" data-e-type=\"widget\" data-widget_type=\"text-editor.default\">\n\t\t\t\t\t\t\t\t\t<p><span style=\"color: var( --e-global-color-text );text-align: var(--text-align)\">Los a\u00f1os pasaron y Mar\u00eda, junto a su esposo y unos t\u00edos, logr\u00f3 abrir dos restaurantes en Stamford: Maya y La Caba\u00f1a, donde sirven antojitos guatemaltecos con recetas familiares. A pesar de los retos, su deseo de que sus hijos se convirtieran en profesionales la impuls\u00f3 a seguir adelante.<\/span><\/p>\t\t\t\t\t\t\t\t<\/div>\n\t\t\t\t\t<\/div>\n\t\t\t\t<\/div>\n\t\t<div data-particle_enable=\"false\" data-particle-mobile-disabled=\"false\" class=\"elementor-element elementor-element-1e337cb e-flex e-con-boxed e-con e-parent\" data-id=\"1e337cb\" data-element_type=\"container\" data-e-type=\"container\">\n\t\t\t\t\t<div class=\"e-con-inner\">\n\t\t\t\t<div class=\"elementor-element elementor-element-781c2ba elementor-widget elementor-widget-heading\" data-id=\"781c2ba\" data-element_type=\"widget\" data-e-type=\"widget\" data-widget_type=\"heading.default\">\n\t\t\t\t\t<h3 class=\"elementor-heading-title elementor-size-default\"><a href=\"https:\/\/www.facebook.com\/grupo.quetzal.1\/posts\/6434937736611645\">Un grupo \u00fanico<\/a><\/h3>\t\t\t\t<\/div>\n\t\t\t\t\t<\/div>\n\t\t\t\t<\/div>\n\t\t<div data-particle_enable=\"false\" data-particle-mobile-disabled=\"false\" class=\"elementor-element elementor-element-5fec151 e-flex e-con-boxed e-con e-parent\" data-id=\"5fec151\" data-element_type=\"container\" data-e-type=\"container\">\n\t\t\t\t\t<div class=\"e-con-inner\">\n\t\t\t\t<div class=\"elementor-element elementor-element-f57c223 elementor-widget elementor-widget-text-editor\" data-id=\"f57c223\" data-element_type=\"widget\" data-e-type=\"widget\" data-widget_type=\"text-editor.default\">\n\t\t\t\t\t\t\t\t\t<p>\u201cLos guatemaltecos apoyan para lo que usted los busque. En todo apoyan a sus connacionales\u201d, refiere Mar\u00eda Sandoval. Adem\u00e1s de su trabajo, Mar\u00eda fund\u00f3 el Grupo Quetzal en 2010, un colectivo que apoya a la comunidad guatemalteca a trav\u00e9s de recaudaciones de fondos y eventos culturales. A pesar de la distancia, su amor por Guatemala se mantiene vivo, y cada regreso a su tierra es un momento emocional.<\/p><p>En una ocasi\u00f3n una familia necesitaba repatriar a un guatemalteco que hab\u00eda fallecido en Connecticut, pero no ten\u00edan los fondos necesarios para hacerlo as\u00ed que ella junto a otros guatemaltecos se unieron para recaudar fondos. Fue as\u00ed como vieron la necesidad de canalizar de alguna forma actividades dentro de la comunidad guatemalteca\u00a0<a href=\"https:\/\/soymigrante.com\/revista\/leonel-arenas-conecta-a-migrantes-en-connecticut-con-nobles-causas\/\" target=\"_blank\" rel=\"noopener\">para poder ayudar a m\u00e1s connacionales<\/a>\u00a0que solicitaran apoyo.<\/p><p>Surge entonces el Grupo Quetzal con el fin de recaudar ayuda monetaria a trav\u00e9s de rifas y venta de comida. Pero este grupo fomenta la cultura guatemalteca a trav\u00e9s de bailes al son de la marimba y se caracterizan por el uso de indumentaria maya. En la actualidad est\u00e1 integrada por 12 personas, todas guatemaltecas.<\/p>\t\t\t\t\t\t\t\t<\/div>\n\t\t\t\t\t<\/div>\n\t\t\t\t<\/div>\n\t\t<div data-particle_enable=\"false\" data-particle-mobile-disabled=\"false\" class=\"elementor-element elementor-element-d59f136 e-flex e-con-boxed e-con e-parent\" data-id=\"d59f136\" data-element_type=\"container\" data-e-type=\"container\">\n\t\t\t\t\t<div class=\"e-con-inner\">\n\t\t\t\t<div class=\"elementor-element elementor-element-47e97ee elementor-arrows-position-inside elementor-pagination-position-outside elementor-widget elementor-widget-image-carousel\" data-id=\"47e97ee\" data-element_type=\"widget\" data-e-type=\"widget\" data-settings=\"{&quot;slides_to_show&quot;:&quot;1&quot;,&quot;navigation&quot;:&quot;both&quot;,&quot;autoplay&quot;:&quot;yes&quot;,&quot;pause_on_hover&quot;:&quot;yes&quot;,&quot;pause_on_interaction&quot;:&quot;yes&quot;,&quot;autoplay_speed&quot;:5000,&quot;infinite&quot;:&quot;yes&quot;,&quot;effect&quot;:&quot;slide&quot;,&quot;speed&quot;:500}\" data-widget_type=\"image-carousel.default\">\n\t\t\t\t\t\t\t<div class=\"elementor-image-carousel-wrapper swiper\" role=\"region\" aria-roledescription=\"carousel\" aria-label=\"Carrusel de im\u00e1genes\" dir=\"ltr\">\n\t\t\t<div class=\"elementor-image-carousel swiper-wrapper\" aria-live=\"off\">\n\t\t\t\t\t\t\t\t<div class=\"swiper-slide\" role=\"group\" aria-roledescription=\"slide\" aria-label=\"1 de 8\"><figure class=\"swiper-slide-inner\"><img decoding=\"async\" class=\"swiper-slide-image\" src=\"https:\/\/soymigrante.com\/revista\/wp-content\/uploads\/2024\/10\/Grupo-Quetzal-soy-migrante-1024x683.webp\" alt=\"M\u00e1scara tradicional mexicana en celebraci\u00f3n cultural y festividad ind\u00edgena en un evento al aire libre, resaltando la identidad y diversidad cultural mexicana.\" \/><\/figure><\/div><div class=\"swiper-slide\" role=\"group\" aria-roledescription=\"slide\" aria-label=\"2 de 8\"><figure class=\"swiper-slide-inner\"><img decoding=\"async\" class=\"swiper-slide-image\" src=\"https:\/\/soymigrante.com\/revista\/wp-content\/uploads\/2024\/10\/grupo-quetzal-soy-migrante3-1024x683.webp\" alt=\"Vestimenta tradicional mexicana durante una celebraci\u00f3n cultural en un parque con \u00e1rboles, homenaje y danza folkl\u00f3rica, resaltando la identidad mexicana y la cultura ind\u00edgena.\" \/><\/figure><\/div><div class=\"swiper-slide\" role=\"group\" aria-roledescription=\"slide\" aria-label=\"3 de 8\"><figure class=\"swiper-slide-inner\"><img decoding=\"async\" class=\"swiper-slide-image\" src=\"https:\/\/soymigrante.com\/revista\/wp-content\/uploads\/2024\/10\/grupo-quetzal-soy-migrante4-1024x683.jpg\" alt=\"Vestigios culturales guatemaltecos en celebraci\u00f3n tradicional. Personas vestidas con ropa t\u00edpica, participando en un evento cultural con bandera de Guatemala.\" \/><\/figure><\/div><div class=\"swiper-slide\" role=\"group\" aria-roledescription=\"slide\" aria-label=\"4 de 8\"><figure class=\"swiper-slide-inner\"><img decoding=\"async\" class=\"swiper-slide-image\" src=\"https:\/\/soymigrante.com\/revista\/wp-content\/uploads\/2024\/10\/grupo-quetzal-soy-migrante5-1024x683.webp\" alt=\"Marcha c\u00edvica en honor a la independencia en Guatemala, con participaci\u00f3n de autoridades y comunidad, en un evento cultural lleno de colores y tradiciones mexicanas y guatemaltecas.\" \/><\/figure><\/div><div class=\"swiper-slide\" role=\"group\" aria-roledescription=\"slide\" aria-label=\"5 de 8\"><figure class=\"swiper-slide-inner\"><img decoding=\"async\" class=\"swiper-slide-image\" src=\"https:\/\/soymigrante.com\/revista\/wp-content\/uploads\/2024\/10\/grupo-quetzal-soy-migrante6-1024x683.webp\" alt=\"Colores y tradiciones mexicanas en celebraci\u00f3n cultural, con mujeres vestidas con trajes t\u00edpicos y flores, en evento de migrantes en Estados Unidos.\" \/><\/figure><\/div><div class=\"swiper-slide\" role=\"group\" aria-roledescription=\"slide\" aria-label=\"6 de 8\"><figure class=\"swiper-slide-inner\"><img decoding=\"async\" class=\"swiper-slide-image\" src=\"https:\/\/soymigrante.com\/revista\/wp-content\/uploads\/2024\/10\/grupo-quetzal-soy-migrante2-1024x683.webp\" alt=\"Vendedor de mascaras tradicionales aguanta un disfraz de jaguar en una celebraci\u00f3n cultural en una plaza en la ciudad. La imagen destaca la riqueza cultural y el orgullo de las comunidades ind\u00edgenas en eventos tradicionales en M\u00e9xico.\" \/><\/figure><\/div><div class=\"swiper-slide\" role=\"group\" aria-roledescription=\"slide\" aria-label=\"7 de 8\"><figure class=\"swiper-slide-inner\"><img decoding=\"async\" class=\"swiper-slide-image\" src=\"https:\/\/soymigrante.com\/revista\/wp-content\/uploads\/2024\/10\/grupo-quetzal-soy-migrante8-1024x683.webp\" alt=\"Bailarines y personas bailando en celebraci\u00f3n del D\u00eda de los Muertos en una calle con banderas de Guatemala y EE. UU., transmitiendo cultura, migraci\u00f3n y comunidad.\" \/><\/figure><\/div><div class=\"swiper-slide\" role=\"group\" aria-roledescription=\"slide\" aria-label=\"8 de 8\"><figure class=\"swiper-slide-inner\"><img decoding=\"async\" class=\"swiper-slide-image\" src=\"https:\/\/soymigrante.com\/revista\/wp-content\/uploads\/2024\/10\/grupo-quetzal-soy-migrante10-1024x683.webp\" alt=\"Vestido tradicional latinoamericano en celebraci\u00f3n cultural, desfile de trajes t\u00edpicos en evento de la comunidad hispana, orgullo de herencia cultural en la feria de cultura y migrantes.\" \/><\/figure><\/div>\t\t\t<\/div>\n\t\t\t\t\t\t\t\t\t\t\t\t<div class=\"elementor-swiper-button elementor-swiper-button-prev\" role=\"button\" tabindex=\"0\">\n\t\t\t\t\t\t<i aria-hidden=\"true\" class=\"eicon-chevron-left\"><\/i>\t\t\t\t\t<\/div>\n\t\t\t\t\t<div class=\"elementor-swiper-button elementor-swiper-button-next\" role=\"button\" tabindex=\"0\">\n\t\t\t\t\t\t<i aria-hidden=\"true\" class=\"eicon-chevron-right\"><\/i>\t\t\t\t\t<\/div>\n\t\t\t\t\n\t\t\t\t\t\t\t\t\t<div class=\"swiper-pagination\"><\/div>\n\t\t\t\t\t\t\t\t\t<\/div>\n\t\t\t\t\t\t<\/div>\n\t\t\t\t\t<\/div>\n\t\t\t\t<\/div>\n\t\t<div data-particle_enable=\"false\" data-particle-mobile-disabled=\"false\" class=\"elementor-element elementor-element-4599ad1 e-flex e-con-boxed e-con e-parent\" data-id=\"4599ad1\" data-element_type=\"container\" data-e-type=\"container\">\n\t\t\t\t\t<div class=\"e-con-inner\">\n\t\t\t\t<div class=\"elementor-element elementor-element-a74590a elementor-widget elementor-widget-text-editor\" data-id=\"a74590a\" data-element_type=\"widget\" data-e-type=\"widget\" data-widget_type=\"text-editor.default\">\n\t\t\t\t\t\t\t\t\t<p>El Grupo Quetzal y la comunidad guatemalteca en Connecticut ayudan constantemente a diferentes causas. Este grupo tambi\u00e9n gestion\u00f3 hospedaje y comida para el grupo estudiantil de Latin Band del Instituto Pedro Molina, quien en el 2010 particip\u00f3 en el desfile Las Rosas que se celebra cada 1 de enero.<\/p><p>A la hora de presentar una danza, el Grupo Quetzal suele bailar al son de melod\u00edas como Rey Quich\u00e9, una de las solicitadas, luego Luna de Xelaj\u00fa, entre otras. Este grupo tambi\u00e9n mantiene una cercan\u00eda con la Polic\u00eda local para as\u00ed coordinar o ayudar en cualquier situaci\u00f3n en la que la comunidad guatemalteca tiene que intervenir.<\/p>\t\t\t\t\t\t\t\t<\/div>\n\t\t\t\t\t<\/div>\n\t\t\t\t<\/div>\n\t\t<div data-particle_enable=\"false\" data-particle-mobile-disabled=\"false\" class=\"elementor-element elementor-element-59312e7 e-flex e-con-boxed e-con e-parent\" data-id=\"59312e7\" data-element_type=\"container\" data-e-type=\"container\">\n\t\t\t\t\t<div class=\"e-con-inner\">\n\t\t\t\t<div class=\"elementor-element elementor-element-b325633 elementor-widget elementor-widget-testimonial\" data-id=\"b325633\" data-element_type=\"widget\" data-e-type=\"widget\" data-widget_type=\"testimonial.default\">\n\t\t\t\t\t\t\t<div class=\"elementor-testimonial-wrapper\">\n\t\t\t\t\t\t\t<div class=\"elementor-testimonial-content\">\u201cLa unidad es lo m\u00e1s importante\u201d.-<\/div>\n\t\t\t\n\t\t\t\t\t\t<div class=\"elementor-testimonial-meta elementor-has-image elementor-testimonial-image-position-aside\">\n\t\t\t\t<div class=\"elementor-testimonial-meta-inner\">\n\t\t\t\t\t\t\t\t\t\t\t<div class=\"elementor-testimonial-image\">\n\t\t\t\t\t\t\t<img decoding=\"async\" width=\"1791\" height=\"1920\" src=\"https:\/\/soymigrante.com\/revista\/wp-content\/uploads\/2024\/10\/Maria-Sandoval-Grupo-Quetzal.webp\" class=\"attachment-full size-full wp-image-10131\" alt=\"Migrante mujer en entrevista para SoyMigrante.com REVISTA, con aspecto alegre y entorno profesional.\" title=\"Mar\u00eda Sandoval Grupo Quetzal \u2013 SoyMigrante.com REVISTA\" srcset=\"https:\/\/soymigrante.com\/revista\/wp-content\/uploads\/2024\/10\/Maria-Sandoval-Grupo-Quetzal.webp 1791w, https:\/\/soymigrante.com\/revista\/wp-content\/uploads\/2024\/10\/Maria-Sandoval-Grupo-Quetzal-280x300.webp 280w, https:\/\/soymigrante.com\/revista\/wp-content\/uploads\/2024\/10\/Maria-Sandoval-Grupo-Quetzal-955x1024.webp 955w, https:\/\/soymigrante.com\/revista\/wp-content\/uploads\/2024\/10\/Maria-Sandoval-Grupo-Quetzal-768x823.webp 768w, https:\/\/soymigrante.com\/revista\/wp-content\/uploads\/2024\/10\/Maria-Sandoval-Grupo-Quetzal-1433x1536.webp 1433w, https:\/\/soymigrante.com\/revista\/wp-content\/uploads\/2024\/10\/Maria-Sandoval-Grupo-Quetzal-750x804.webp 750w, https:\/\/soymigrante.com\/revista\/wp-content\/uploads\/2024\/10\/Maria-Sandoval-Grupo-Quetzal-1140x1222.webp 1140w\" sizes=\"(max-width: 1791px) 100vw, 1791px\" \/>\t\t\t\t\t\t<\/div>\n\t\t\t\t\t\n\t\t\t\t\t\t\t\t\t\t<div class=\"elementor-testimonial-details\">\n\t\t\t\t\t\t\t\t\t\t\t\t\t\t<div class=\"elementor-testimonial-name\">Mar\u00eda Sandoval<\/div>\n\t\t\t\t\t\t\t\t\t\t\t\t\t\t\t\t\t\t\t\t\t\t<div class=\"elementor-testimonial-job\">Presidenta del Grupo Quetzal<\/div>\n\t\t\t\t\t\t\t\t\t\t\t\t\t<\/div>\n\t\t\t\t\t\t\t\t\t<\/div>\n\t\t\t<\/div>\n\t\t\t\t\t<\/div>\n\t\t\t\t\t\t<\/div>\n\t\t\t\t\t<\/div>\n\t\t\t\t<\/div>\n\t\t<div data-particle_enable=\"false\" data-particle-mobile-disabled=\"false\" class=\"elementor-element elementor-element-ecd4824 e-flex e-con-boxed e-con e-parent\" data-id=\"ecd4824\" data-element_type=\"container\" data-e-type=\"container\">\n\t\t\t\t\t<div class=\"e-con-inner\">\n\t\t\t\t<div class=\"elementor-element elementor-element-cd989d2 elementor-widget elementor-widget-heading\" data-id=\"cd989d2\" data-element_type=\"widget\" data-e-type=\"widget\" data-widget_type=\"heading.default\">\n\t\t\t\t\t<h3 class=\"elementor-heading-title elementor-size-default\">Un sue\u00f1os construido<\/h3>\t\t\t\t<\/div>\n\t\t\t\t\t<\/div>\n\t\t\t\t<\/div>\n\t\t<div data-particle_enable=\"false\" data-particle-mobile-disabled=\"false\" class=\"elementor-element elementor-element-06ef7bc e-flex e-con-boxed e-con e-parent\" data-id=\"06ef7bc\" data-element_type=\"container\" data-e-type=\"container\">\n\t\t\t\t\t<div class=\"e-con-inner\">\n\t\t\t\t<div class=\"elementor-element elementor-element-78ac887 elementor-widget elementor-widget-text-editor\" data-id=\"78ac887\" data-element_type=\"widget\" data-e-type=\"widget\" data-widget_type=\"text-editor.default\">\n\t\t\t\t\t\t\t\t\t<p>Al compartir sobre sus sue\u00f1os, ella con orgullo dice que este ya est\u00e1 cumplido. Es madre de dos j\u00f3venes, uno de ellos es maestro de Historia y otro es un economista.&nbsp;<\/p>\n<p>Con 36 a\u00f1os de vivir en&nbsp;<a href=\"https:\/\/soymigrante.com\/revista\/datos-que-quiza-ya-sabias-o-tal-vez-no-de-las-autopistas-estatales-en-usa\/\" target=\"_blank\">Estados Unidos<\/a>, Mar\u00eda ha enfrentado desaf\u00edos, pero siempre con la convicci\u00f3n de que este es un pa\u00eds de oportunidades. \u201cLa unidad es lo m\u00e1s importante\u201d, dice, mientras sigue cuidando no solo de su familia sino tambi\u00e9n de la comunidad guatemalteca.<\/p>\t\t\t\t\t\t\t\t<\/div>\n\t\t\t\t\t<\/div>\n\t\t\t\t<\/div>\n\t\t<div data-particle_enable=\"false\" data-particle-mobile-disabled=\"false\" class=\"elementor-element elementor-element-01e3aa6 e-flex e-con-boxed e-con e-parent\" data-id=\"01e3aa6\" data-element_type=\"container\" data-e-type=\"container\">\n\t\t\t\t\t<div class=\"e-con-inner\">\n\t\t\t\t<div class=\"elementor-element elementor-element-a3e2e53 elementor-widget elementor-widget-facebook-embed\" data-id=\"a3e2e53\" data-element_type=\"widget\" data-e-type=\"widget\" data-widget_type=\"facebook-embed.default\">\n\t\t\t\t\t<div style=\"min-height: 1px\" class=\"elementor-facebook-widget fb-post\" data-href=\"https:\/\/www.facebook.com\/grupo.quetzal.1\/posts\/6434937736611645\" data-show-text=\"false\"><\/div>\t\t\t\t<\/div>\n\t\t\t\t\t<\/div>\n\t\t\t\t<\/div>\n\t\t\t\t<\/div>\n\t\t","protected":false},"excerpt":{"rendered":"<p>Mar\u00eda Sandoval es una guatemalteca que vive desde hace 36 a\u00f1os en Connecticut, EE. UU. Preside el Grupo Quetzal que tiene una misi\u00f3n peculiar. Conoce esta historia. Mar\u00eda Sandoval lleg\u00f3 a\u00a0Connecticut, Estados Unidos en 1989, dejando atr\u00e1s a sus padres y su hogar en Monjas, Jalapa. Con solo 20 a\u00f1os y un coraz\u00f3n lleno de [&hellip;]<\/p>\n","protected":false},"author":23,"featured_media":10135,"comment_status":"open","ping_status":"open","sticky":false,"template":"","format":"standard","meta":{"_acf_changed":true,"_eb_attr":"","footnotes":""},"categories":[50],"tags":[],"class_list":["post-10116","post","type-post","status-publish","format-standard","has-post-thumbnail","hentry","category-exitos"],"acf":[],"aioseo_notices":[],"aioseo_head":"\n\t\t<!-- All in One SEO Pro 4.9.6.2 - aioseo.com -->\n\t<meta name=\"description\" content=\"Mar\u00eda Sandoval es una guatemalteca que vive desde hace 36 a\u00f1os en Connecticut, EE. UU., impulsa las tradiciones y pone en pr\u00e1ctica los valores\" \/>\n\t<meta name=\"robots\" content=\"max-snippet:-1, max-image-preview:large, max-video-preview:-1\" \/>\n\t<meta name=\"author\" content=\"Beatriz Tercero\"\/>\n\t<link rel=\"canonical\" href=\"https:\/\/soymigrante.com\/revista\/de-monjas-a-stamford-connecticut-maria-sandoval-preside-el-grupo-quetzal\/\" \/>\n\t<meta name=\"generator\" content=\"All in One SEO Pro (AIOSEO) 4.9.6.2\" \/>\n\n\t\t<link rel=\"preconnect\" href=\"https:\/\/fonts.googleapis.com\" crossorigin>\n<link rel=\"preconnect\" href=\"https:\/\/fonts.gstatic.com\" crossorigin>\n\t\t<meta property=\"og:locale\" content=\"es_ES\" \/>\n\t\t<meta property=\"og:site_name\" content=\"SoyMigrante.com REVISTA \u2013 Nuestra misi\u00f3n es reconocer y dignificar al migrante.\" \/>\n\t\t<meta property=\"og:type\" content=\"article\" \/>\n\t\t<meta property=\"og:title\" content=\"Mar\u00eda Sandoval preside el Grupo Quetzal en USA\" \/>\n\t\t<meta property=\"og:description\" content=\"Mar\u00eda Sandoval es una guatemalteca que vive desde hace 36 a\u00f1os en Connecticut, EE. UU., impulsa las tradiciones y pone en pr\u00e1ctica los valores\" \/>\n\t\t<meta property=\"og:url\" content=\"https:\/\/soymigrante.com\/revista\/de-monjas-a-stamford-connecticut-maria-sandoval-preside-el-grupo-quetzal\/\" \/>\n\t\t<meta property=\"og:image\" content=\"https:\/\/soymigrante.com\/revista\/wp-content\/uploads\/2024\/10\/Maria-Sandoval-Grupo-Quetzal-soy-migrante-1.webp\" \/>\n\t\t<meta property=\"og:image:secure_url\" content=\"https:\/\/soymigrante.com\/revista\/wp-content\/uploads\/2024\/10\/Maria-Sandoval-Grupo-Quetzal-soy-migrante-1.webp\" \/>\n\t\t<meta property=\"og:image:width\" content=\"1514\" \/>\n\t\t<meta property=\"og:image:height\" content=\"1514\" \/>\n\t\t<meta property=\"article:published_time\" content=\"2024-10-14T14:21:28+00:00\" \/>\n\t\t<meta property=\"article:modified_time\" content=\"2024-10-18T02:09:10+00:00\" \/>\n\t\t<meta property=\"article:publisher\" content=\"https:\/\/www.facebook.com\/soymigrantecom\" \/>\n\t\t<meta name=\"twitter:card\" content=\"summary_large_image\" \/>\n\t\t<meta name=\"twitter:site\" content=\"@SoyMigrante_com\" \/>\n\t\t<meta name=\"twitter:title\" content=\"Mar\u00eda Sandoval preside el Grupo Quetzal en USA\" \/>\n\t\t<meta name=\"twitter:description\" content=\"Mar\u00eda Sandoval es una guatemalteca que vive desde hace 36 a\u00f1os en Connecticut, EE. UU., impulsa las tradiciones y pone en pr\u00e1ctica los valores\" \/>\n\t\t<meta name=\"twitter:creator\" content=\"@SoyMigrante_com\" \/>\n\t\t<meta name=\"twitter:image\" content=\"https:\/\/soymigrante.com\/revista\/wp-content\/uploads\/2024\/10\/Maria-Sandoval-Grupo-Quetzal-soy-migrante-1.webp\" \/>\n\t\t<!-- All in One SEO Pro -->\r\n\t\t<title>Mar\u00eda Sandoval preside el Grupo Quetzal en USA<\/title>\n\n","aioseo_head_json":{"title":"Mar\u00eda Sandoval preside el Grupo Quetzal en USA","description":"Mar\u00eda Sandoval es una guatemalteca que vive desde hace 36 a\u00f1os en Connecticut, EE. UU., impulsa las tradiciones y pone en pr\u00e1ctica los valores","canonical_url":"https:\/\/soymigrante.com\/revista\/de-monjas-a-stamford-connecticut-maria-sandoval-preside-el-grupo-quetzal\/","robots":"max-snippet:-1, max-image-preview:large, max-video-preview:-1","keywords":"","webmasterTools":{"miscellaneous":"&lt;link rel=\"preconnect\" href=\"https:\/\/fonts.googleapis.com\" crossorigin&gt;\n&lt;link rel=\"preconnect\" href=\"https:\/\/fonts.gstatic.com\" crossorigin&gt;"},"schema":null,"og:locale":"es_ES","og:site_name":"SoyMigrante.com REVISTA \u2013 Nuestra misi\u00f3n es reconocer y dignificar al migrante.","og:type":"article","og:title":"Mar\u00eda Sandoval preside el Grupo Quetzal en USA","og:description":"Mar\u00eda Sandoval es una guatemalteca que vive desde hace 36 a\u00f1os en Connecticut, EE. UU., impulsa las tradiciones y pone en pr\u00e1ctica los valores","og:url":"https:\/\/soymigrante.com\/revista\/de-monjas-a-stamford-connecticut-maria-sandoval-preside-el-grupo-quetzal\/","og:image":"https:\/\/soymigrante.com\/revista\/wp-content\/uploads\/2024\/10\/Maria-Sandoval-Grupo-Quetzal-soy-migrante-1.webp","og:image:secure_url":"https:\/\/soymigrante.com\/revista\/wp-content\/uploads\/2024\/10\/Maria-Sandoval-Grupo-Quetzal-soy-migrante-1.webp","og:image:width":1514,"og:image:height":1514,"article:published_time":"2024-10-14T14:21:28+00:00","article:modified_time":"2024-10-18T02:09:10+00:00","article:publisher":"https:\/\/www.facebook.com\/soymigrantecom","twitter:card":"summary_large_image","twitter:site":"@SoyMigrante_com","twitter:title":"Mar\u00eda Sandoval preside el Grupo Quetzal en USA","twitter:description":"Mar\u00eda Sandoval es una guatemalteca que vive desde hace 36 a\u00f1os en Connecticut, EE. UU., impulsa las tradiciones y pone en pr\u00e1ctica los valores","twitter:creator":"@SoyMigrante_com","twitter:image":"https:\/\/soymigrante.com\/revista\/wp-content\/uploads\/2024\/10\/Maria-Sandoval-Grupo-Quetzal-soy-migrante-1.webp"},"aioseo_meta_data":{"post_id":"10116","title":"Mar\u00eda Sandoval preside el Grupo Quetzal en USA","description":"Mar\u00eda Sandoval es una guatemalteca que vive desde hace 36 a\u00f1os en Connecticut, EE. UU., impulsa las tradiciones y pone en pr\u00e1ctica los valores","keywords":null,"keyphrases":{"focus":{"keyphrase":"Mar\u00eda Sandoval","score":82,"analysis":{"keyphraseInTitle":{"score":9,"maxScore":9,"error":0},"keyphraseInDescription":{"score":9,"maxScore":9,"error":0},"keyphraseLength":{"score":9,"maxScore":9,"error":0,"length":3},"keyphraseInURL":{"score":5,"maxScore":5,"error":0},"keyphraseInIntroduction":{"score":9,"maxScore":9,"error":0},"keyphraseInSubHeadings":{"score":3,"maxScore":9,"error":1},"keyphraseInImageAlt":{"score":3,"maxScore":9,"error":1},"keywordDensity":{"type":"best","score":9,"maxScore":9,"error":0}}},"additional":[]},"primary_term":null,"canonical_url":null,"og_title":null,"og_description":null,"og_object_type":"default","og_image_type":"default","og_image_url":null,"og_image_width":null,"og_image_height":null,"og_image_custom_url":null,"og_image_custom_fields":null,"og_video":"","og_custom_url":null,"og_article_section":null,"og_article_tags":null,"twitter_use_og":false,"twitter_card":"default","twitter_image_type":"default","twitter_image_url":null,"twitter_image_custom_url":null,"twitter_image_custom_fields":null,"twitter_title":null,"twitter_description":null,"schema":{"blockGraphs":[],"customGraphs":[],"default":{"data":{"Article":[],"Course":[],"Dataset":[],"FAQPage":[],"Movie":[],"Person":[],"Product":[],"ProductReview":[],"Car":[],"Recipe":[],"Service":[],"SoftwareApplication":[],"WebPage":[]},"graphName":"Article","isEnabled":true},"graphs":[]},"schema_type":"default","schema_type_options":null,"pillar_content":false,"robots_default":true,"robots_noindex":false,"robots_noarchive":false,"robots_nosnippet":false,"robots_nofollow":false,"robots_noimageindex":false,"robots_noodp":false,"robots_notranslate":false,"robots_max_snippet":"-1","robots_max_videopreview":"-1","robots_max_imagepreview":"large","priority":null,"frequency":"default","local_seo":null,"seo_analyzer_scan_date":"2025-10-08 23:39:34","breadcrumb_settings":null,"limit_modified_date":false,"reviewed_by":null,"open_ai":"{\"title\":{\"suggestions\":[],\"usage\":0},\"description\":{\"suggestions\":[],\"usage\":0}}","ai":null,"created":"2024-10-07 18:46:20","updated":"2026-02-04 15:02:42"},"aioseo_breadcrumb":"<div class=\"aioseo-breadcrumbs\"><span class=\"aioseo-breadcrumb\">\n\t<a href=\"https:\/\/soymigrante.com\/revista\" title=\"Home\">Home<\/a>\n<\/span><span class=\"aioseo-breadcrumb-separator\">\u00bb<\/span><span class=\"aioseo-breadcrumb\">\n\t<a href=\"https:\/\/soymigrante.com\/revista\/category\/exitos\/\" title=\"\u00c9xitos\">\u00c9xitos<\/a>\n<\/span><span class=\"aioseo-breadcrumb-separator\">\u00bb<\/span><span class=\"aioseo-breadcrumb\">\n\tDe Monjas a Stamford, Connecticut: Mar\u00eda Sandoval preside el Grupo Quetzal\n<\/span><\/div>","aioseo_breadcrumb_json":[{"label":"Home","link":"https:\/\/soymigrante.com\/revista"},{"label":"\u00c9xitos","link":"https:\/\/soymigrante.com\/revista\/category\/exitos\/"},{"label":"De Monjas a Stamford, Connecticut: Mar\u00eda Sandoval preside el Grupo Quetzal","link":"https:\/\/soymigrante.com\/revista\/de-monjas-a-stamford-connecticut-maria-sandoval-preside-el-grupo-quetzal\/"}],"_links":{"self":[{"href":"https:\/\/soymigrante.com\/revista\/wp-json\/wp\/v2\/posts\/10116","targetHints":{"allow":["GET"]}}],"collection":[{"href":"https:\/\/soymigrante.com\/revista\/wp-json\/wp\/v2\/posts"}],"about":[{"href":"https:\/\/soymigrante.com\/revista\/wp-json\/wp\/v2\/types\/post"}],"author":[{"embeddable":true,"href":"https:\/\/soymigrante.com\/revista\/wp-json\/wp\/v2\/users\/23"}],"replies":[{"embeddable":true,"href":"https:\/\/soymigrante.com\/revista\/wp-json\/wp\/v2\/comments?post=10116"}],"version-history":[{"count":0,"href":"https:\/\/soymigrante.com\/revista\/wp-json\/wp\/v2\/posts\/10116\/revisions"}],"wp:featuredmedia":[{"embeddable":true,"href":"https:\/\/soymigrante.com\/revista\/wp-json\/wp\/v2\/media\/10135"}],"wp:attachment":[{"href":"https:\/\/soymigrante.com\/revista\/wp-json\/wp\/v2\/media?parent=10116"}],"wp:term":[{"taxonomy":"category","embeddable":true,"href":"https:\/\/soymigrante.com\/revista\/wp-json\/wp\/v2\/categories?post=10116"},{"taxonomy":"post_tag","embeddable":true,"href":"https:\/\/soymigrante.com\/revista\/wp-json\/wp\/v2\/tags?post=10116"}],"curies":[{"name":"wp","href":"https:\/\/api.w.org\/{rel}","templated":true}]}}