{"id":10111,"date":"2024-11-17T14:09:15","date_gmt":"2024-11-17T20:09:15","guid":{"rendered":"https:\/\/soymigrante.com\/revista\/?p=10111"},"modified":"2024-11-21T00:24:27","modified_gmt":"2024-11-21T06:24:27","slug":"los-helados-de-carreta-un-sabor-de-nostalgia-para-migrantes","status":"publish","type":"post","link":"https:\/\/soymigrante.com\/revista\/los-helados-de-carreta-un-sabor-de-nostalgia-para-migrantes\/","title":{"rendered":"Helados artesanales de carretilla: Un sabor guatemalteco  de fresca nostalgia"},"content":{"rendered":"\t\t<div data-elementor-type=\"wp-post\" data-elementor-id=\"10111\" class=\"elementor elementor-10111\" data-elementor-post-type=\"post\">\n\t\t\t\t<div data-particle_enable=\"false\" data-particle-mobile-disabled=\"false\" class=\"elementor-element elementor-element-4a3e3b9 e-flex e-con-boxed e-con e-parent\" data-id=\"4a3e3b9\" data-element_type=\"container\" data-e-type=\"container\">\n\t\t\t\t\t<div class=\"e-con-inner\">\n\t\t\t\t<div class=\"elementor-element elementor-element-38204e3 elementor-widget elementor-widget-heading\" data-id=\"38204e3\" data-element_type=\"widget\" data-e-type=\"widget\" data-widget_type=\"heading.default\">\n\t\t\t\t\t<h2 class=\"elementor-heading-title elementor-size-default\">Los helados de carreta son un s\u00edmbolo de las calles y nostalgia guatemaltecas. Sabor a tradici\u00f3n, a infancia y a pueblo. Es una golosina artesanal que a\u00fan se disfruta pero que tambi\u00e9n ya lleg\u00f3 a Estados Unidos. <\/h2>\t\t\t\t<\/div>\n\t\t\t\t\t<\/div>\n\t\t\t\t<\/div>\n\t\t<div data-particle_enable=\"false\" data-particle-mobile-disabled=\"false\" class=\"elementor-element elementor-element-a846b7b e-flex e-con-boxed e-con e-parent\" data-id=\"a846b7b\" data-element_type=\"container\" data-e-type=\"container\">\n\t\t\t\t\t<div class=\"e-con-inner\">\n\t\t\t\t<div class=\"elementor-element elementor-element-1b47431 elementor-widget elementor-widget-text-editor\" data-id=\"1b47431\" data-element_type=\"widget\" data-e-type=\"widget\" data-widget_type=\"text-editor.default\">\n\t\t\t\t\t\t\t\t\t<p>Los helados de carreta son ese dulce y refrescante manjar, vendido por ambulantes en carretas que recorren plazas, parques y barrios, <a href=\"https:\/\/soymigrante.com\/revista\/dulces-guatemaltecos-se-saborean-en-la-feria-la-memoria-y-el-corazon\/\" target=\"_blank\" rel=\"noopener\">es mucho m\u00e1s que un simple postre<\/a>. Para muchos migrantes guatemaltecos que viven en el extranjero, los helados de carreta evocan recuerdos de infancia, de tardes soleadas y de momentos compartidos con amigos y familiares.\u00a0<\/p><p>En un pa\u00eds donde las tradiciones y costumbres son un lazo fuerte con la identidad, <a href=\"https:\/\/soymigrante.com\/revista\/dulces-guatemaltecos-se-saborean-en-la-feria-la-memoria-y-el-corazon\/\" target=\"_blank\" rel=\"noopener\">este peque\u00f1o lujo callejero representa un pedazo de Guatemala<\/a> que se lleva en el coraz\u00f3n, aunque est\u00e9n a miles de kil\u00f3metros de distancia.<\/p>\t\t\t\t\t\t\t\t<\/div>\n\t\t\t\t\t<\/div>\n\t\t\t\t<\/div>\n\t\t<div data-particle_enable=\"false\" data-particle-mobile-disabled=\"false\" class=\"elementor-element elementor-element-85d7a01 e-flex e-con-boxed e-con e-parent\" data-id=\"85d7a01\" data-element_type=\"container\" data-e-type=\"container\">\n\t\t\t\t\t<div class=\"e-con-inner\">\n\t\t\t\t<div class=\"elementor-element elementor-element-648346f elementor-widget elementor-widget-image\" data-id=\"648346f\" data-element_type=\"widget\" data-e-type=\"widget\" data-widget_type=\"image.default\">\n\t\t\t\t\t\t\t\t\t\t\t\t\t\t\t<img fetchpriority=\"high\" decoding=\"async\" width=\"768\" height=\"768\" src=\"https:\/\/soymigrante.com\/revista\/wp-content\/uploads\/2024\/11\/HELADO-DIONICIO-1-1024x1024.jpg\" class=\"attachment-large size-large wp-image-13449\" alt=\"Vendedor de helados y nieves artesanales en mercado tradicional, promoci\u00f3n de productos mexicanos y cultura popular en el contexto de la comunidad inmigrante.\" srcset=\"https:\/\/soymigrante.com\/revista\/wp-content\/uploads\/2024\/11\/HELADO-DIONICIO-1-1024x1024.jpg 1024w, https:\/\/soymigrante.com\/revista\/wp-content\/uploads\/2024\/11\/HELADO-DIONICIO-1-300x300.jpg 300w, https:\/\/soymigrante.com\/revista\/wp-content\/uploads\/2024\/11\/HELADO-DIONICIO-1-150x150.jpg 150w, https:\/\/soymigrante.com\/revista\/wp-content\/uploads\/2024\/11\/HELADO-DIONICIO-1-768x768.jpg 768w, https:\/\/soymigrante.com\/revista\/wp-content\/uploads\/2024\/11\/HELADO-DIONICIO-1-1536x1536.jpg 1536w, https:\/\/soymigrante.com\/revista\/wp-content\/uploads\/2024\/11\/HELADO-DIONICIO-1-2048x2048.jpg 2048w, https:\/\/soymigrante.com\/revista\/wp-content\/uploads\/2024\/11\/HELADO-DIONICIO-1-75x75.webp 75w, https:\/\/soymigrante.com\/revista\/wp-content\/uploads\/2024\/11\/HELADO-DIONICIO-1-750x750.webp 750w, https:\/\/soymigrante.com\/revista\/wp-content\/uploads\/2024\/11\/HELADO-DIONICIO-1-1140x1140.webp 1140w, https:\/\/soymigrante.com\/revista\/wp-content\/uploads\/2024\/11\/HELADO-DIONICIO-1-scaled.webp 1920w\" sizes=\"(max-width: 768px) 100vw, 768px\" title=\"HELADO DIONICIO \u2013 SoyMigrante.com REVISTA\" \/>\t\t\t\t\t\t\t\t\t\t\t\t\t\t\t<\/div>\n\t\t\t\t\t<\/div>\n\t\t\t\t<\/div>\n\t\t<div data-particle_enable=\"false\" data-particle-mobile-disabled=\"false\" class=\"elementor-element elementor-element-4581c5e e-flex e-con-boxed e-con e-parent\" data-id=\"4581c5e\" data-element_type=\"container\" data-e-type=\"container\">\n\t\t\t\t\t<div class=\"e-con-inner\">\n\t\t\t\t<div class=\"elementor-element elementor-element-c97fe92 elementor-widget elementor-widget-heading\" data-id=\"c97fe92\" data-element_type=\"widget\" data-e-type=\"widget\" data-widget_type=\"heading.default\">\n\t\t\t\t\t<h3 class=\"elementor-heading-title elementor-size-default\">Un sabor a infancia<\/h3>\t\t\t\t<\/div>\n\t\t\t\t\t<\/div>\n\t\t\t\t<\/div>\n\t\t<div data-particle_enable=\"false\" data-particle-mobile-disabled=\"false\" class=\"elementor-element elementor-element-8d60dc0 e-flex e-con-boxed e-con e-parent\" data-id=\"8d60dc0\" data-element_type=\"container\" data-e-type=\"container\">\n\t\t\t\t\t<div class=\"e-con-inner\">\n\t\t\t\t<div class=\"elementor-element elementor-element-02f9fa8 elementor-widget elementor-widget-text-editor\" data-id=\"02f9fa8\" data-element_type=\"widget\" data-e-type=\"widget\" data-widget_type=\"text-editor.default\">\n\t\t\t\t\t\t\t\t\t<p>Para la mayor\u00eda de los guatemaltecos, los<a href=\"https:\/\/soymigrante.com\/revista\/dulces-guatemaltecos-se-saborean-en-la-feria-la-memoria-y-el-corazon\/\" target=\"_blank\" rel=\"noopener\"> helados de carreta forman parte de la experiencia cotidiana desde la ni\u00f1ez<\/a>. Con sus sabores tradicionales como fresa, chocolate, vainilla y chicle, cada bocado es una explosi\u00f3n de recuerdos. \u201cCuando \u00e9ramos ni\u00f1os, el sonido de la campanilla de la carreta de helados era m\u00e1gico\u201d, comenta Francisco, un guatemalteco que lleva diez a\u00f1os viviendo en Los \u00c1ngeles. \u201cMis amigos y yo corr\u00edamos a pedirle a nuestras mam\u00e1s unas monedas para comprar un helado. Ese momento de esperar a que el heladero te sirviera en esos conos peque\u00f1os era un ritual que extra\u00f1amos todos los d\u00edas\u201d.<\/p><p>Para migrantes como Francisco, recordar esos momentos de infancia a trav\u00e9s de los sabores es una manera de mantener vivas las ra\u00edces. La vida lejos de casa puede ser dif\u00edcil, pero peque\u00f1os <a href=\"https:\/\/soymigrante.com\/revista\/dulces-guatemaltecos-se-saborean-en-la-feria-la-memoria-y-el-corazon\/\" target=\"_blank\" rel=\"noopener\">detalles como el recuerdo de los helados de carreta permiten reconectar emocionalmente con Guatemala,<\/a> incluso cuando la distancia es f\u00edsica.<\/p>\t\t\t\t\t\t\t\t<\/div>\n\t\t\t\t\t<\/div>\n\t\t\t\t<\/div>\n\t\t<div data-particle_enable=\"false\" data-particle-mobile-disabled=\"false\" class=\"elementor-element elementor-element-6490936 e-flex e-con-boxed e-con e-parent\" data-id=\"6490936\" data-element_type=\"container\" data-e-type=\"container\">\n\t\t\t\t\t<div class=\"e-con-inner\">\n\t\t\t\t<div class=\"elementor-element elementor-element-394c128 elementor-widget elementor-widget-image\" data-id=\"394c128\" data-element_type=\"widget\" data-e-type=\"widget\" data-widget_type=\"image.default\">\n\t\t\t\t\t\t\t\t\t\t\t\t\t\t\t<img decoding=\"async\" width=\"375\" height=\"480\" src=\"https:\/\/soymigrante.com\/revista\/wp-content\/uploads\/2024\/10\/HELADDOS-DE-CARRETA-3.webp\" class=\"attachment-large size-large wp-image-10133\" alt=\"Disfruta de un helado artesanal con salsa dulce en un puesto callejero, perfecto para los d\u00edas calurosos y para experimentar sabores tradicionales en las ferias locales.\" srcset=\"https:\/\/soymigrante.com\/revista\/wp-content\/uploads\/2024\/10\/HELADDOS-DE-CARRETA-3.webp 375w, https:\/\/soymigrante.com\/revista\/wp-content\/uploads\/2024\/10\/HELADDOS-DE-CARRETA-3-234x300.webp 234w\" sizes=\"(max-width: 375px) 100vw, 375px\" title=\"HELADDOS DE CARRETA 3 \u2013 SoyMigrante.com REVISTA\" \/>\t\t\t\t\t\t\t\t\t\t\t\t\t\t\t<\/div>\n\t\t\t\t\t<\/div>\n\t\t\t\t<\/div>\n\t\t<div data-particle_enable=\"false\" data-particle-mobile-disabled=\"false\" class=\"elementor-element elementor-element-594d95a e-flex e-con-boxed e-con e-parent\" data-id=\"594d95a\" data-element_type=\"container\" data-e-type=\"container\">\n\t\t\t\t\t<div class=\"e-con-inner\">\n\t\t\t\t<div class=\"elementor-element elementor-element-44a2d23 elementor-widget elementor-widget-heading\" data-id=\"44a2d23\" data-element_type=\"widget\" data-e-type=\"widget\" data-widget_type=\"heading.default\">\n\t\t\t\t\t<h3 class=\"elementor-heading-title elementor-size-default\">El helado como conexi\u00f3n cultural<\/h3>\t\t\t\t<\/div>\n\t\t\t\t\t<\/div>\n\t\t\t\t<\/div>\n\t\t<div data-particle_enable=\"false\" data-particle-mobile-disabled=\"false\" class=\"elementor-element elementor-element-3b276a4 e-flex e-con-boxed e-con e-parent\" data-id=\"3b276a4\" data-element_type=\"container\" data-e-type=\"container\">\n\t\t\t\t\t<div class=\"e-con-inner\">\n\t\t\t\t<div class=\"elementor-element elementor-element-073ab6f elementor-widget elementor-widget-text-editor\" data-id=\"073ab6f\" data-element_type=\"widget\" data-e-type=\"widget\" data-widget_type=\"text-editor.default\">\n\t\t\t\t\t\t\t\t\t<p>En el extranjero, donde las tradiciones locales muchas veces difieren de las propias,<a href=\"https:\/\/soymigrante.com\/revista\/dulces-guatemaltecos-se-saborean-en-la-feria-la-memoria-y-el-corazon\/\" target=\"_blank\" rel=\"noopener\"> los migrantes guatemaltecos buscan maneras de preservar sus costumbres<\/a> y de compartirlas con sus hijos. Sin embargo, la experiencia de los helados de carreta es \u00fanica, ya que no se puede replicar completamente. Las carretas, el sonido de la campana, la interacci\u00f3n con el vendedor, son elementos inseparables de este recuerdo. Aunque algunos pueden encontrar versiones similares en tiendas, el contexto en el que disfrutaron esos helados es lo que genera mayor a\u00f1oranza.<\/p><p>\u201cUna vez encontr\u00e9 un helado de vainilla parecido en un mercado hispano, pero no era lo mismo\u201d, dice Mar\u00eda, una guatemalteca residente en Nueva York. \u201cAqu\u00ed puedo encontrar muchos sabores, pero no puedo encontrar la experiencia de estar en el parque central de mi pueblo, viendo a los ni\u00f1os correr, con el sol y la risa de mis primos alrededor. Eso es lo que me hace falta\u201d.<\/p>\t\t\t\t\t\t\t\t<\/div>\n\t\t\t\t\t<\/div>\n\t\t\t\t<\/div>\n\t\t<div data-particle_enable=\"false\" data-particle-mobile-disabled=\"false\" class=\"elementor-element elementor-element-c601c29 e-flex e-con-boxed e-con e-parent\" data-id=\"c601c29\" data-element_type=\"container\" data-e-type=\"container\">\n\t\t\t\t\t<div class=\"e-con-inner\">\n\t\t\t\t<div class=\"elementor-element elementor-element-bbc926f elementor-grid-eael-col-1 elementor-grid-tablet-eael-col-2 elementor-grid-mobile-eael-col-1 elementor-widget elementor-widget-eael-post-grid\" data-id=\"bbc926f\" data-element_type=\"widget\" data-e-type=\"widget\" data-settings=\"{&quot;eael_post_grid_columns&quot;:&quot;eael-col-1&quot;,&quot;eael_post_grid_columns_tablet&quot;:&quot;eael-col-2&quot;,&quot;eael_post_grid_columns_mobile&quot;:&quot;eael-col-1&quot;}\" data-widget_type=\"eael-post-grid.default\">\n\t\t\t\t\t<div id=\"eael-post-grid-bbc926f\" class=\"eael-post-grid-container\">\n            <div class=\"eael-post-grid eael-post-appender eael-post-appender-bbc926f eael-post-grid-style-one\" data-layout-mode=\"masonry\"><article class=\"eael-grid-post  eael-post-grid-column eael-pg-post-3138 category-exitos\" data-id=\"3138\">\n        <div class=\"eael-grid-post-holder\">\n            <div class=\"eael-grid-post-holder-inner\"><div class=\"eael-entry-media\"><div class=\"eael-entry-overlay fade-in\"><i class=\"far fa-hand-pointer\" aria-hidden=\"true\"><\/i><a href=\"https:\/\/soymigrante.com\/revista\/helados-sin-fronteras-y-mucho-mas-logran-los-migrantes-marleny-y-elias\/\"><\/a><\/div><div class=\"eael-entry-thumbnail \">\n                <img decoding=\"async\" width=\"1024\" height=\"717\" src=\"https:\/\/soymigrante.com\/revista\/wp-content\/uploads\/2023\/11\/HELATISO-e1698866184851-1024x717.webp\" class=\"attachment-large size-large wp-image-3164\" alt=\"Helados migrantes Xelaj\u00fa y sus fundadores los migrantes guatemaltecos El\u00edas Rojas y Marleny P\u00e9rez.\" srcset=\"https:\/\/soymigrante.com\/revista\/wp-content\/uploads\/2023\/11\/HELATISO-e1698866184851-1024x717.webp 1024w, https:\/\/soymigrante.com\/revista\/wp-content\/uploads\/2023\/11\/HELATISO-e1698866184851-300x210.webp 300w, https:\/\/soymigrante.com\/revista\/wp-content\/uploads\/2023\/11\/HELATISO-e1698866184851-768x538.webp 768w, https:\/\/soymigrante.com\/revista\/wp-content\/uploads\/2023\/11\/HELATISO-e1698866184851-750x525.webp 750w, https:\/\/soymigrante.com\/revista\/wp-content\/uploads\/2023\/11\/HELATISO-e1698866184851.webp 1030w\" sizes=\"(max-width: 1024px) 100vw, 1024px\" \/>\n            <\/div>\n        <\/div><div class=\"eael-entry-wrapper\"><header class=\"eael-entry-header\"><h2 class=\"eael-entry-title\"><a class=\"eael-grid-post-link\" href=\"https:\/\/soymigrante.com\/revista\/helados-sin-fronteras-y-mucho-mas-logran-los-migrantes-marleny-y-elias\/\" title=\"Helados sin fronteras y mucho m\u00e1s logran los migrantes Marleny y El\u00edas en Virginia\">Helados sin fronteras y mucho m\u00e1s logran los migrantes Marleny y El\u00edas en Virginia<\/a><\/h2><\/header><div class=\"eael-entry-content\">\n                        <div class=\"eael-grid-post-excerpt\"><a href=\"https:\/\/soymigrante.com\/revista\/helados-sin-fronteras-y-mucho-mas-logran-los-migrantes-marleny-y-elias\/\" class=\"eael-post-elements-readmore-btn\">CONOCE SU HISTORIA <\/a><\/div>\n                    <\/div><\/div><\/div>\n        <\/div>\n    <\/article><\/div>\n            <div class=\"clearfix\"><\/div>\n        <\/div>\t\t\t\t<\/div>\n\t\t\t\t\t<\/div>\n\t\t\t\t<\/div>\n\t\t<div data-particle_enable=\"false\" data-particle-mobile-disabled=\"false\" class=\"elementor-element elementor-element-49f82ae e-flex e-con-boxed e-con e-parent\" data-id=\"49f82ae\" data-element_type=\"container\" data-e-type=\"container\">\n\t\t\t\t\t<div class=\"e-con-inner\">\n\t\t\t\t<div class=\"elementor-element elementor-element-ed153d4 elementor-widget elementor-widget-heading\" data-id=\"ed153d4\" data-element_type=\"widget\" data-e-type=\"widget\" data-widget_type=\"heading.default\">\n\t\t\t\t\t<h3 class=\"elementor-heading-title elementor-size-default\">La nostalgia como motor de adaptaci\u00f3n<\/h3>\t\t\t\t<\/div>\n\t\t\t\t\t<\/div>\n\t\t\t\t<\/div>\n\t\t<div data-particle_enable=\"false\" data-particle-mobile-disabled=\"false\" class=\"elementor-element elementor-element-8b23f45 e-flex e-con-boxed e-con e-parent\" data-id=\"8b23f45\" data-element_type=\"container\" data-e-type=\"container\">\n\t\t\t\t\t<div class=\"e-con-inner\">\n\t\t\t\t<div class=\"elementor-element elementor-element-cbef3b5 elementor-widget elementor-widget-text-editor\" data-id=\"cbef3b5\" data-element_type=\"widget\" data-e-type=\"widget\" data-widget_type=\"text-editor.default\">\n\t\t\t\t\t\t\t\t\t<p><a href=\"https:\/\/soymigrante.com\/revista\/dulces-guatemaltecos-se-saborean-en-la-feria-la-memoria-y-el-corazon\/\" target=\"_blank\" rel=\"noopener\">La nostalgia es un sentimiento que acompa\u00f1a a la mayor\u00eda de los migrantes<\/a>. En medio del proceso de adaptaci\u00f3n a un nuevo pa\u00eds, esos peque\u00f1os recuerdos del hogar ayudan a mantener un sentido de identidad. Los helados de carreta, al igual que otras tradiciones gastron\u00f3micas, son una manera de reconectar con el pasado y de transmitir las ra\u00edces guatemaltecas a las nuevas generaciones que nacen en el extranjero.<\/p><p>Para algunos, la a\u00f1oranza por estos detalles lleva incluso a emprender proyectos en sus nuevos pa\u00edses. \u201cSiempre so\u00f1\u00e9 con traer esa parte de mi cultura aqu\u00ed\u201d, explica Luis, un guatemalteco en Chicago que est\u00e1 planeando abrir una peque\u00f1a helader\u00eda inspirada en los helados de carreta tradicionales. \u201cQuiero que mis hijos y otros ni\u00f1os guatemaltecos tengan la oportunidad de conocer una parte de lo que viv\u00ed cuando era ni\u00f1o\u201d.<\/p>\t\t\t\t\t\t\t\t<\/div>\n\t\t\t\t\t<\/div>\n\t\t\t\t<\/div>\n\t\t<div data-particle_enable=\"false\" data-particle-mobile-disabled=\"false\" class=\"elementor-element elementor-element-6cf007e e-flex e-con-boxed e-con e-parent\" data-id=\"6cf007e\" data-element_type=\"container\" data-e-type=\"container\">\n\t\t\t\t\t<div class=\"e-con-inner\">\n\t\t\t\t<div class=\"elementor-element elementor-element-1b48dce elementor-widget elementor-widget-image\" data-id=\"1b48dce\" data-element_type=\"widget\" data-e-type=\"widget\" data-widget_type=\"image.default\">\n\t\t\t\t\t\t\t\t\t\t\t\t\t\t\t<img loading=\"lazy\" decoding=\"async\" width=\"768\" height=\"518\" src=\"https:\/\/soymigrante.com\/revista\/wp-content\/uploads\/2024\/11\/Antigua-Guatemala-colonial-y-moderna-Imagenes-y-sabores-13-1024x691.jpg\" class=\"attachment-large size-large wp-image-13445\" alt=\"Heladero ambulante en festivales mexicanos, promoviendo helados artesanales y tradicionales en calles de ciudad. Personas disfrutando de la feria y ambiente festivo en un d\u00eda soleado.\" srcset=\"https:\/\/soymigrante.com\/revista\/wp-content\/uploads\/2024\/11\/Antigua-Guatemala-colonial-y-moderna-Imagenes-y-sabores-13-1024x691.jpg 1024w, https:\/\/soymigrante.com\/revista\/wp-content\/uploads\/2024\/11\/Antigua-Guatemala-colonial-y-moderna-Imagenes-y-sabores-13-300x202.jpg 300w, https:\/\/soymigrante.com\/revista\/wp-content\/uploads\/2024\/11\/Antigua-Guatemala-colonial-y-moderna-Imagenes-y-sabores-13-768x518.jpg 768w, https:\/\/soymigrante.com\/revista\/wp-content\/uploads\/2024\/11\/Antigua-Guatemala-colonial-y-moderna-Imagenes-y-sabores-13-750x506.webp 750w, https:\/\/soymigrante.com\/revista\/wp-content\/uploads\/2024\/11\/Antigua-Guatemala-colonial-y-moderna-Imagenes-y-sabores-13-1140x769.webp 1140w, https:\/\/soymigrante.com\/revista\/wp-content\/uploads\/2024\/11\/Antigua-Guatemala-colonial-y-moderna-Imagenes-y-sabores-13.webp 1210w\" sizes=\"(max-width: 768px) 100vw, 768px\" title=\"Antigua Guatemala colonial y moderna Imagenes y sabores 13 \u2013 SoyMigrante.com REVISTA\" \/>\t\t\t\t\t\t\t\t\t\t\t\t\t\t\t<\/div>\n\t\t\t\t\t<\/div>\n\t\t\t\t<\/div>\n\t\t<div data-particle_enable=\"false\" data-particle-mobile-disabled=\"false\" class=\"elementor-element elementor-element-2b636cd e-flex e-con-boxed e-con e-parent\" data-id=\"2b636cd\" data-element_type=\"container\" data-e-type=\"container\">\n\t\t\t\t\t<div class=\"e-con-inner\">\n\t\t\t\t<div class=\"elementor-element elementor-element-b7f938a elementor-widget elementor-widget-heading\" data-id=\"b7f938a\" data-element_type=\"widget\" data-e-type=\"widget\" data-widget_type=\"heading.default\">\n\t\t\t\t\t<h3 class=\"elementor-heading-title elementor-size-default\">Un lazo dulce con Guatemala<\/h3>\t\t\t\t<\/div>\n\t\t\t\t\t<\/div>\n\t\t\t\t<\/div>\n\t\t<div data-particle_enable=\"false\" data-particle-mobile-disabled=\"false\" class=\"elementor-element elementor-element-4680e7b e-flex e-con-boxed e-con e-parent\" data-id=\"4680e7b\" data-element_type=\"container\" data-e-type=\"container\">\n\t\t\t\t\t<div class=\"e-con-inner\">\n\t\t\t\t<div class=\"elementor-element elementor-element-c5b7346 elementor-widget elementor-widget-text-editor\" data-id=\"c5b7346\" data-element_type=\"widget\" data-e-type=\"widget\" data-widget_type=\"text-editor.default\">\n\t\t\t\t\t\t\t\t\t<p>Para los migrantes guatemaltecos, los helados de carreta representan mucho m\u00e1s que un postre. Son un recordatorio tangible de su hogar, una forma de saborear la infancia y la cultura que dejaron atr\u00e1s. Aunque la vida en el extranjero trae consigo nuevas oportunidades y desaf\u00edos,<a href=\"https:\/\/soymigrante.com\/revista\/dulces-guatemaltecos-se-saborean-en-la-feria-la-memoria-y-el-corazon\/\" target=\"_blank\" rel=\"noopener\"> la nostalgia por esos peque\u00f1os placeres del pasado nunca se desvanece<\/a>. Es a trav\u00e9s de esos recuerdos que muchos migrantes encuentran consuelo y se mantienen conectados con sus ra\u00edces.<\/p>\t\t\t\t\t\t\t\t<\/div>\n\t\t\t\t\t<\/div>\n\t\t\t\t<\/div>\n\t\t<div data-particle_enable=\"false\" data-particle-mobile-disabled=\"false\" class=\"elementor-element elementor-element-c9d37c7 e-flex e-con-boxed e-con e-parent\" data-id=\"c9d37c7\" data-element_type=\"container\" data-e-type=\"container\">\n\t\t\t\t\t<div class=\"e-con-inner\">\n\t\t\t\t<div class=\"elementor-element elementor-element-ccf1a94 elementor-widget elementor-widget-video\" data-id=\"ccf1a94\" data-element_type=\"widget\" data-e-type=\"widget\" data-settings=\"{&quot;youtube_url&quot;:&quot;https:\\\/\\\/www.youtube.com\\\/watch?v=rzn6wPLv4aA&quot;,&quot;video_type&quot;:&quot;youtube&quot;,&quot;controls&quot;:&quot;yes&quot;}\" data-widget_type=\"video.default\">\n\t\t\t\t\t\t\t<div class=\"elementor-wrapper elementor-open-inline\">\n\t\t\t<div class=\"elementor-video\"><\/div>\t\t<\/div>\n\t\t\t\t\t\t<\/div>\n\t\t\t\t\t<\/div>\n\t\t\t\t<\/div>\n\t\t<div data-particle_enable=\"false\" data-particle-mobile-disabled=\"false\" class=\"elementor-element elementor-element-436d679 e-flex e-con-boxed e-con e-parent\" data-id=\"436d679\" data-element_type=\"container\" data-e-type=\"container\">\n\t\t\t\t\t<div class=\"e-con-inner\">\n\t\t\t\t<div class=\"elementor-element elementor-element-2ad15a6 elementor-widget elementor-widget-heading\" data-id=\"2ad15a6\" data-element_type=\"widget\" data-e-type=\"widget\" data-widget_type=\"heading.default\">\n\t\t\t\t\t<h2 class=\"elementor-heading-title elementor-size-default\">Guatemala tiene tantos tesoros<\/h2>\t\t\t\t<\/div>\n\t\t\t\t\t<\/div>\n\t\t\t\t<\/div>\n\t\t<div data-particle_enable=\"false\" data-particle-mobile-disabled=\"false\" class=\"elementor-element elementor-element-f809045 e-flex e-con-boxed e-con e-parent\" data-id=\"f809045\" data-element_type=\"container\" data-e-type=\"container\">\n\t\t\t\t\t<div class=\"e-con-inner\">\n\t\t\t\t<div class=\"elementor-element elementor-element-ca317c3 elementor-widget elementor-widget-blfe-post-grid\" data-id=\"ca317c3\" data-element_type=\"widget\" data-e-type=\"widget\" data-settings=\"{&quot;columns&quot;:&quot;3&quot;,&quot;columns_tablet&quot;:&quot;6&quot;,&quot;columns_mobile&quot;:&quot;12&quot;,&quot;hero1_layout_column_gap&quot;:{&quot;unit&quot;:&quot;px&quot;,&quot;size&quot;:30,&quot;sizes&quot;:[]},&quot;hero1_layout_column_gap_tablet&quot;:{&quot;unit&quot;:&quot;px&quot;,&quot;size&quot;:&quot;&quot;,&quot;sizes&quot;:[]},&quot;hero1_layout_column_gap_mobile&quot;:{&quot;unit&quot;:&quot;px&quot;,&quot;size&quot;:&quot;&quot;,&quot;sizes&quot;:[]},&quot;hero1_layout_row_gap&quot;:{&quot;unit&quot;:&quot;px&quot;,&quot;size&quot;:30,&quot;sizes&quot;:[]},&quot;hero1_layout_row_gap_tablet&quot;:{&quot;unit&quot;:&quot;px&quot;,&quot;size&quot;:&quot;&quot;,&quot;sizes&quot;:[]},&quot;hero1_layout_row_gap_mobile&quot;:{&quot;unit&quot;:&quot;px&quot;,&quot;size&quot;:&quot;&quot;,&quot;sizes&quot;:[]}}\" data-widget_type=\"blfe-post-grid.hero1\">\n\t\t\t\t<div class=\"elementor-widget-container\">\n\t\t\t\t\t\n                        <div class=\"blfe-post-grid-container \">\n            \n                <div data-skin=\"hero1\" class=\"blfe-row blfe-posts-inner blfe-hero1 blfe-posts-inner blfe-col-3 blfe-col-tab-6 blfe-col-mob-12     \">\n                            <div class=\"blfe-post-grid-item\">\n            <div class=\"blfe-post-grid-item-inner blfe-modern-zoom\">\n                        <div class=\"blfe-post-grid-bg-image\">\n            <a class=\"blfe-post-grid-image-inner\" href=\"https:\/\/soymigrante.com\/revista\/de-la-tierra-de-los-mayas-a-los-laboratorios-de-francia-asi-destaca-yucely-beb\/\" title=\"De la Tierra de los Mayas a los laboratorios de Francia: as\u00ed destaca Yucely Beb\" rel=\"nofollow\" target=\"_blank\"><img decoding=\"async\" src=\"https:\/\/soymigrante.com\/revista\/wp-content\/uploads\/2025\/07\/De-la-cuna-maya-a-los-laboratorios-de-Francia-la-historia-de-Yucely-Beb.webp\" alt=\"De la Tierra de los Mayas a los laboratorios de Francia: as\u00ed destaca Yucely Beb\"\/><\/a>        <\/div>\n                        <div class=\"blfe-post-grid-details\">\n                    <div class=\"blfe-post-grid-details-inner\">\n                        <span class=\"blfe-post-category\"><a href=\"https:\/\/soymigrante.com\/revista\/category\/guate-nuestra\/\">Guate Nuestra<\/a><\/span>                        <h3 class=\"blfe-post-grid-title\">\n            <a href=\"https:\/\/soymigrante.com\/revista\/de-la-tierra-de-los-mayas-a-los-laboratorios-de-francia-asi-destaca-yucely-beb\/\" title=\"De la Tierra de los Mayas a los laboratorios de Francia: as\u00ed destaca Yucely Beb\" rel=\"nofollow\" target=\"_blank\">De la Tierra de los Mayas a los laboratorios de Francia: as\u00ed destaca Yucely Beb<\/a>\n            <\/h3>                                                            <div class=\"blfe-post-grid-meta\">\n                <span class=\"blfe-post-grid-time\"><i class=\"fas fa-book-reader\"><\/i>5 Min read<\/span>            <\/div>\n                                                        <\/div>\n                <\/div>\n\n            <\/div>\n        <\/div>\n                <div class=\"blfe-post-grid-item\">\n            <div class=\"blfe-post-grid-item-inner blfe-modern-zoom\">\n                        <div class=\"blfe-post-grid-bg-image\">\n            <a class=\"blfe-post-grid-image-inner\" href=\"https:\/\/soymigrante.com\/revista\/persistir-es-dignidad-cantautora-maya-kaqchikel-sara-curruchich-desde-francia\/\" title=\"&#8220;Persistir es dignidad&#8221;: cantautora maya kaqchikel Sara Curruchich desde Francia\" rel=\"nofollow\" target=\"_blank\"><img decoding=\"async\" src=\"https:\/\/soymigrante.com\/revista\/wp-content\/uploads\/2025\/10\/sara-curruchich-cantautora-maya-4.jpg\" alt=\"&#8220;Persistir es dignidad&#8221;: cantautora maya kaqchikel Sara Curruchich desde Francia\"\/><\/a>        <\/div>\n                        <div class=\"blfe-post-grid-details\">\n                    <div class=\"blfe-post-grid-details-inner\">\n                        <span class=\"blfe-post-category\"><a href=\"https:\/\/soymigrante.com\/revista\/category\/guate-nuestra\/\">Guate Nuestra<\/a><\/span>                        <h3 class=\"blfe-post-grid-title\">\n            <a href=\"https:\/\/soymigrante.com\/revista\/persistir-es-dignidad-cantautora-maya-kaqchikel-sara-curruchich-desde-francia\/\" title=\"&#8220;Persistir es dignidad&#8221;: cantautora maya kaqchikel Sara Curruchich desde Francia\" rel=\"nofollow\" target=\"_blank\">&#8220;Persistir es dignidad&#8221;: cantautora maya kaqchikel Sara Curruchich desde Francia<\/a>\n            <\/h3>                                                            <div class=\"blfe-post-grid-meta\">\n                <span class=\"blfe-post-grid-time\"><i class=\"fas fa-book-reader\"><\/i>7 Min read<\/span>            <\/div>\n                                                        <\/div>\n                <\/div>\n\n            <\/div>\n        <\/div>\n                <div class=\"blfe-post-grid-item\">\n            <div class=\"blfe-post-grid-item-inner blfe-modern-zoom\">\n                        <div class=\"blfe-post-grid-bg-image\">\n            <a class=\"blfe-post-grid-image-inner\" href=\"https:\/\/soymigrante.com\/revista\/el-fervor-de-semana-santa-en-momostenango-refleja-el-fotografo-marcos-zarate\/\" title=\"El fervor de Viernes Santo en Momostenango retrata el fot\u00f3grafo Marcos Z\u00e1rate\" rel=\"nofollow\" target=\"_blank\"><img decoding=\"async\" src=\"https:\/\/soymigrante.com\/revista\/wp-content\/uploads\/2025\/04\/momostenango-foto-marcos-zarate.webp\" alt=\"El fervor de Viernes Santo en Momostenango retrata el fot\u00f3grafo Marcos Z\u00e1rate\"\/><\/a>        <\/div>\n                        <div class=\"blfe-post-grid-details\">\n                    <div class=\"blfe-post-grid-details-inner\">\n                        <span class=\"blfe-post-category\"><a href=\"https:\/\/soymigrante.com\/revista\/category\/guate-nuestra\/\">Guate Nuestra<\/a><\/span>                        <h3 class=\"blfe-post-grid-title\">\n            <a href=\"https:\/\/soymigrante.com\/revista\/el-fervor-de-semana-santa-en-momostenango-refleja-el-fotografo-marcos-zarate\/\" title=\"El fervor de Viernes Santo en Momostenango retrata el fot\u00f3grafo Marcos Z\u00e1rate\" rel=\"nofollow\" target=\"_blank\">El fervor de Viernes Santo en Momostenango retrata el fot\u00f3grafo Marcos Z\u00e1rate<\/a>\n            <\/h3>                                                            <div class=\"blfe-post-grid-meta\">\n                <span class=\"blfe-post-grid-time\"><i class=\"fas fa-book-reader\"><\/i>3 Min read<\/span>            <\/div>\n                                                        <\/div>\n                <\/div>\n\n            <\/div>\n        <\/div>\n                        <\/div>\n\n                        <\/div>\n            \n                        <div class=\"blfe-post-footer\">\n                        <\/div>\n            \t\t\t\t<\/div>\n\t\t\t\t<\/div>\n\t\t\t\t\t<\/div>\n\t\t\t\t<\/div>\n\t\t\t\t<\/div>\n\t\t","protected":false},"excerpt":{"rendered":"<p>Los helados de carreta son un s\u00edmbolo de las calles y nostalgia guatemaltecas. Sabor a tradici\u00f3n, a infancia y a pueblo. Es una golosina artesanal que a\u00fan se disfruta pero que tambi\u00e9n ya lleg\u00f3 a Estados Unidos. Los helados de carreta son ese dulce y refrescante manjar, vendido por ambulantes en carretas que recorren plazas, [&hellip;]<\/p>\n","protected":false},"author":19,"featured_media":13443,"comment_status":"open","ping_status":"open","sticky":false,"template":"","format":"standard","meta":{"_acf_changed":false,"_eb_attr":"","footnotes":""},"categories":[55],"tags":[],"class_list":["post-10111","post","type-post","status-publish","format-standard","has-post-thumbnail","hentry","category-bienestar"],"acf":[],"aioseo_notices":[],"aioseo_head":"\n\t\t<!-- All in One SEO Pro 4.9.6.2 - aioseo.com -->\n\t<meta name=\"description\" content=\"El fervor de Semana Santa en Momostenango, Totonicap\u00e1n es deslumbrante y a la vez a\u00fan muy poco conocido. Fot\u00f3grafo Marcos Z\u00e1rate capta la devoci\u00f3n de su pueblo\" \/>\n\t<meta name=\"robots\" content=\"max-snippet:-1, max-image-preview:large, max-video-preview:-1\" \/>\n\t<meta name=\"author\" content=\"Gustavo Montenegro\"\/>\n\t<link rel=\"canonical\" href=\"https:\/\/soymigrante.com\/revista\/el-fervor-de-semana-santa-en-momostenango-refleja-el-fotografo-marcos-zarate\/\" \/>\n\t<meta name=\"generator\" content=\"All in One SEO Pro (AIOSEO) 4.9.6.2\" \/>\n\n\t\t<link rel=\"preconnect\" href=\"https:\/\/fonts.googleapis.com\" crossorigin>\n<link rel=\"preconnect\" href=\"https:\/\/fonts.gstatic.com\" crossorigin>\n\t\t<meta property=\"og:locale\" content=\"es_ES\" \/>\n\t\t<meta property=\"og:site_name\" content=\"SoyMigrante.com REVISTA \u2013 Nuestra misi\u00f3n es reconocer y dignificar al migrante.\" \/>\n\t\t<meta property=\"og:type\" content=\"article\" \/>\n\t\t<meta property=\"og:title\" content=\"Viernes Santo en Momostenango en im\u00e1genes de Marcos Z\u00e1rate\" \/>\n\t\t<meta property=\"og:description\" content=\"El fervor de Semana Santa en Momostenango, Totonicap\u00e1n es deslumbrante y a la vez a\u00fan muy poco conocido. Fot\u00f3grafo Marcos Z\u00e1rate capta la devoci\u00f3n de su pueblo\" \/>\n\t\t<meta property=\"og:url\" content=\"https:\/\/soymigrante.com\/revista\/el-fervor-de-semana-santa-en-momostenango-refleja-el-fotografo-marcos-zarate\/\" \/>\n\t\t<meta property=\"og:image\" content=\"https:\/\/soymigrante.com\/revista\/wp-content\/uploads\/2025\/04\/momostenango-foto-marcos-zarate.webp\" \/>\n\t\t<meta property=\"og:image:secure_url\" content=\"https:\/\/soymigrante.com\/revista\/wp-content\/uploads\/2025\/04\/momostenango-foto-marcos-zarate.webp\" \/>\n\t\t<meta property=\"og:image:width\" content=\"1365\" \/>\n\t\t<meta property=\"og:image:height\" content=\"1365\" \/>\n\t\t<meta property=\"article:published_time\" content=\"2025-04-18T14:48:37+00:00\" \/>\n\t\t<meta property=\"article:modified_time\" content=\"2025-04-18T14:48:42+00:00\" \/>\n\t\t<meta property=\"article:publisher\" content=\"https:\/\/www.facebook.com\/soymigrantecom\" \/>\n\t\t<meta name=\"twitter:card\" content=\"summary_large_image\" \/>\n\t\t<meta name=\"twitter:site\" content=\"@SoyMigrante_com\" \/>\n\t\t<meta name=\"twitter:title\" content=\"Viernes Santo en Momostenango en im\u00e1genes de Marcos Z\u00e1rate\" \/>\n\t\t<meta name=\"twitter:description\" content=\"El fervor de Semana Santa en Momostenango, Totonicap\u00e1n es deslumbrante y a la vez a\u00fan muy poco conocido. Fot\u00f3grafo Marcos Z\u00e1rate capta la devoci\u00f3n de su pueblo\" \/>\n\t\t<meta name=\"twitter:creator\" content=\"@SoyMigrante_com\" \/>\n\t\t<meta name=\"twitter:image\" content=\"https:\/\/soymigrante.com\/revista\/wp-content\/uploads\/2025\/04\/momostenango-foto-marcos-zarate.webp\" \/>\n\t\t<!-- All in One SEO Pro -->\r\n\t\t<title>Viernes Santo en Momostenango en im\u00e1genes de Marcos Z\u00e1rate<\/title>\n\n","aioseo_head_json":{"title":"Viernes Santo en Momostenango en im\u00e1genes de Marcos Z\u00e1rate","description":"El fervor de Semana Santa en Momostenango, Totonicap\u00e1n es deslumbrante y a la vez a\u00fan muy poco conocido. Fot\u00f3grafo Marcos Z\u00e1rate capta la devoci\u00f3n de su pueblo","canonical_url":"https:\/\/soymigrante.com\/revista\/el-fervor-de-semana-santa-en-momostenango-refleja-el-fotografo-marcos-zarate\/","robots":"max-snippet:-1, max-image-preview:large, max-video-preview:-1","keywords":"","webmasterTools":{"miscellaneous":"&lt;link rel=\"preconnect\" href=\"https:\/\/fonts.googleapis.com\" crossorigin&gt;\n&lt;link rel=\"preconnect\" href=\"https:\/\/fonts.gstatic.com\" crossorigin&gt;"},"schema":null,"og:locale":"es_ES","og:site_name":"SoyMigrante.com REVISTA \u2013 Nuestra misi\u00f3n es reconocer y dignificar al migrante.","og:type":"article","og:title":"Viernes Santo en Momostenango en im\u00e1genes de Marcos Z\u00e1rate","og:description":"El fervor de Semana Santa en Momostenango, Totonicap\u00e1n es deslumbrante y a la vez a\u00fan muy poco conocido. Fot\u00f3grafo Marcos Z\u00e1rate capta la devoci\u00f3n de su pueblo","og:url":"https:\/\/soymigrante.com\/revista\/el-fervor-de-semana-santa-en-momostenango-refleja-el-fotografo-marcos-zarate\/","og:image":"https:\/\/soymigrante.com\/revista\/wp-content\/uploads\/2025\/04\/momostenango-foto-marcos-zarate.webp","og:image:secure_url":"https:\/\/soymigrante.com\/revista\/wp-content\/uploads\/2025\/04\/momostenango-foto-marcos-zarate.webp","og:image:width":1365,"og:image:height":1365,"article:published_time":"2025-04-18T14:48:37+00:00","article:modified_time":"2025-04-18T14:48:42+00:00","article:publisher":"https:\/\/www.facebook.com\/soymigrantecom","twitter:card":"summary_large_image","twitter:site":"@SoyMigrante_com","twitter:title":"Viernes Santo en Momostenango en im\u00e1genes de Marcos Z\u00e1rate","twitter:description":"El fervor de Semana Santa en Momostenango, Totonicap\u00e1n es deslumbrante y a la vez a\u00fan muy poco conocido. Fot\u00f3grafo Marcos Z\u00e1rate capta la devoci\u00f3n de su pueblo","twitter:creator":"@SoyMigrante_com","twitter:image":"https:\/\/soymigrante.com\/revista\/wp-content\/uploads\/2025\/04\/momostenango-foto-marcos-zarate.webp"},"aioseo_meta_data":{"post_id":"10111","title":null,"description":"Los helados de carreta son un s\u00edmbolo de las calles guatemaltecas, de su sabor, tradici\u00f3n, ocurrencias e ingenio. Y ya llegaron a Estados Unidos.","keywords":null,"keyphrases":{"focus":{"keyphrase":"migrantes","score":74,"analysis":{"keyphraseInTitle":{"score":3,"maxScore":9,"error":1},"keyphraseInDescription":{"score":3,"maxScore":9,"error":1},"keyphraseLength":{"score":9,"maxScore":9,"error":0,"length":1},"keyphraseInURL":{"score":5,"maxScore":5,"error":0},"keyphraseInIntroduction":{"score":9,"maxScore":9,"error":0},"keyphraseInSubHeadings":{"score":3,"maxScore":9,"error":1},"keyphraseInImageAlt":{"score":9,"maxScore":9,"error":0},"keywordDensity":{"type":"best","score":9,"maxScore":9,"error":0}}},"additional":[{"keyphrase":"migrantes","score":87,"analysis":{"keyphraseInDescription":{"score":3,"maxScore":9,"error":1},"keyphraseLength":{"score":9,"maxScore":9,"error":0,"length":1},"keyphraseInIntroduction":{"score":9,"maxScore":9,"error":0},"keyphraseInImageAlt":{"score":9,"maxScore":9,"error":0},"keywordDensity":{"type":"best","score":9,"maxScore":9,"error":0}}},{"keyphrase":"helados","score":100,"analysis":{"keyphraseInDescription":{"score":9,"maxScore":9,"error":0},"keyphraseLength":{"score":9,"maxScore":9,"error":0,"length":1},"keyphraseInIntroduction":{"score":9,"maxScore":9,"error":0},"keyphraseInImageAlt":{"score":9,"maxScore":9,"error":0},"keywordDensity":{"type":"best","score":9,"maxScore":9,"error":0}}}]},"primary_term":null,"canonical_url":null,"og_title":null,"og_description":null,"og_object_type":"default","og_image_type":"default","og_image_url":null,"og_image_width":null,"og_image_height":null,"og_image_custom_url":null,"og_image_custom_fields":null,"og_video":"","og_custom_url":null,"og_article_section":null,"og_article_tags":null,"twitter_use_og":false,"twitter_card":"default","twitter_image_type":"default","twitter_image_url":null,"twitter_image_custom_url":null,"twitter_image_custom_fields":null,"twitter_title":null,"twitter_description":null,"schema":{"blockGraphs":[],"customGraphs":[],"default":{"data":{"Article":[],"Course":[],"Dataset":[],"FAQPage":[],"Movie":[],"Person":[],"Product":[],"ProductReview":[],"Car":[],"Recipe":[],"Service":[],"SoftwareApplication":[],"WebPage":[]},"graphName":"Article","isEnabled":true},"graphs":[]},"schema_type":"default","schema_type_options":null,"pillar_content":false,"robots_default":true,"robots_noindex":false,"robots_noarchive":false,"robots_nosnippet":false,"robots_nofollow":false,"robots_noimageindex":false,"robots_noodp":false,"robots_notranslate":false,"robots_max_snippet":"-1","robots_max_videopreview":"-1","robots_max_imagepreview":"large","priority":null,"frequency":"default","local_seo":null,"seo_analyzer_scan_date":"2025-10-09 00:19:12","breadcrumb_settings":null,"limit_modified_date":false,"reviewed_by":null,"open_ai":"{\"title\":{\"suggestions\":[],\"usage\":0},\"description\":{\"suggestions\":[],\"usage\":0}}","ai":null,"created":"2024-10-07 18:38:51","updated":"2026-02-04 16:33:47"},"aioseo_breadcrumb":"<div class=\"aioseo-breadcrumbs\"><span class=\"aioseo-breadcrumb\">\n\t<a href=\"https:\/\/soymigrante.com\/revista\" title=\"Home\">Home<\/a>\n<\/span><span class=\"aioseo-breadcrumb-separator\">\u00bb<\/span><span class=\"aioseo-breadcrumb\">\n\t<a href=\"https:\/\/soymigrante.com\/revista\/category\/bienestar\/\" title=\"Bienestar\">Bienestar<\/a>\n<\/span><span class=\"aioseo-breadcrumb-separator\">\u00bb<\/span><span class=\"aioseo-breadcrumb\">\n\tHelados artesanales de carretilla: Un sabor guatemalteco  de fresca nostalgia\n<\/span><\/div>","aioseo_breadcrumb_json":[{"label":"Home","link":"https:\/\/soymigrante.com\/revista"},{"label":"Bienestar","link":"https:\/\/soymigrante.com\/revista\/category\/bienestar\/"},{"label":"Helados artesanales de carretilla: Un sabor guatemalteco  de fresca nostalgia","link":"https:\/\/soymigrante.com\/revista\/los-helados-de-carreta-un-sabor-de-nostalgia-para-migrantes\/"}],"_links":{"self":[{"href":"https:\/\/soymigrante.com\/revista\/wp-json\/wp\/v2\/posts\/10111","targetHints":{"allow":["GET"]}}],"collection":[{"href":"https:\/\/soymigrante.com\/revista\/wp-json\/wp\/v2\/posts"}],"about":[{"href":"https:\/\/soymigrante.com\/revista\/wp-json\/wp\/v2\/types\/post"}],"author":[{"embeddable":true,"href":"https:\/\/soymigrante.com\/revista\/wp-json\/wp\/v2\/users\/19"}],"replies":[{"embeddable":true,"href":"https:\/\/soymigrante.com\/revista\/wp-json\/wp\/v2\/comments?post=10111"}],"version-history":[{"count":0,"href":"https:\/\/soymigrante.com\/revista\/wp-json\/wp\/v2\/posts\/10111\/revisions"}],"wp:featuredmedia":[{"embeddable":true,"href":"https:\/\/soymigrante.com\/revista\/wp-json\/wp\/v2\/media\/13443"}],"wp:attachment":[{"href":"https:\/\/soymigrante.com\/revista\/wp-json\/wp\/v2\/media?parent=10111"}],"wp:term":[{"taxonomy":"category","embeddable":true,"href":"https:\/\/soymigrante.com\/revista\/wp-json\/wp\/v2\/categories?post=10111"},{"taxonomy":"post_tag","embeddable":true,"href":"https:\/\/soymigrante.com\/revista\/wp-json\/wp\/v2\/tags?post=10111"}],"curies":[{"name":"wp","href":"https:\/\/api.w.org\/{rel}","templated":true}]}}