{"id":10078,"date":"2024-10-07T21:00:00","date_gmt":"2024-10-08T03:00:00","guid":{"rendered":"https:\/\/soymigrante.com\/revista\/?p=10078"},"modified":"2025-05-19T02:30:02","modified_gmt":"2025-05-19T08:30:02","slug":"joyas-mayas-migrantes-la-ofrenda-de-un-gobernante-dintel-en-el-museo-met-de-nueva-york","status":"publish","type":"post","link":"https:\/\/soymigrante.com\/revista\/joyas-mayas-migrantes-la-ofrenda-de-un-gobernante-dintel-en-el-museo-met-de-nueva-york\/","title":{"rendered":"Joyas mayas migrantes: La ofrenda del se\u00f1or Tiloom, dintel de madera en el Museo Met NY"},"content":{"rendered":"\t\t<div data-elementor-type=\"wp-post\" data-elementor-id=\"10078\" class=\"elementor elementor-10078\" data-elementor-post-type=\"post\">\n\t\t\t\t<div data-particle_enable=\"false\" data-particle-mobile-disabled=\"false\" class=\"elementor-element elementor-element-eb5cff6 e-flex e-con-boxed e-con e-parent\" data-id=\"eb5cff6\" data-element_type=\"container\" data-e-type=\"container\">\n\t\t\t\t\t<div class=\"e-con-inner\">\n\t\t\t\t<div class=\"elementor-element elementor-element-b91aa2f elementor-widget elementor-widget-heading\" data-id=\"b91aa2f\" data-element_type=\"widget\" data-e-type=\"widget\" data-widget_type=\"heading.default\">\n\t\t\t\t\t<h2 class=\"elementor-heading-title elementor-size-default\"><span style=\"font-size: 31.2px\">Las ciudades de Piedras Negras y Yaxchil\u00e1n, a los lados del R\u00edo Usumacinta, eran rivales y ten\u00edan cada una peque\u00f1as ciudades aliadas. El gobernante de La Pasadita, Tiloom, aparece aqu\u00ed entregando una ofrenda al se\u00f1or de Yaxchil\u00e1n. Esta escena tallada en madera se resguarda <\/span><span style=\"font-size: 31.2px\">en el Museo Metropolitano de Nueva York.<\/span><\/h2>\t\t\t\t<\/div>\n\t\t\t\t<div class=\"elementor-element elementor-element-fbdd925 elementor-widget elementor-widget-html\" data-id=\"fbdd925\" data-element_type=\"widget\" data-e-type=\"widget\" data-widget_type=\"html.default\">\n\t\t\t\t\t<div id=\"buzzsprout-player-17186791\"><\/div><script src=\"https:\/\/www.buzzsprout.com\/2444168\/episodes\/17186791-gobernante-maya-tiloom-en-dintel-de-madera-resguardado-en-el-met-ny.js?container_id=buzzsprout-player-17186791&player=small\" type=\"text\/javascript\" charset=\"utf-8\"><\/script>\t\t\t\t<\/div>\n\t\t\t\t\t<\/div>\n\t\t\t\t<\/div>\n\t\t<div data-particle_enable=\"false\" data-particle-mobile-disabled=\"false\" class=\"elementor-element elementor-element-5ecd149 e-flex e-con-boxed e-con e-parent\" data-id=\"5ecd149\" data-element_type=\"container\" data-e-type=\"container\">\n\t\t\t\t\t<div class=\"e-con-inner\">\n\t\t\t\t<div class=\"elementor-element elementor-element-743ba10 elementor-widget elementor-widget-text-editor\" data-id=\"743ba10\" data-element_type=\"widget\" data-e-type=\"widget\" data-widget_type=\"text-editor.default\">\n\t\t\t\t\t\t\t\t\t<p>\u00a0<\/p><p>Este dintel de madera, resguardado hoy en el Museo Metropolitano de Nueva York, estuvo muy probablemente instalado en el techo de la entrada de un templo del sitio llamado La Pasadita, cerca del r\u00edo Usumacinta, en el noroccidente de Pet\u00e9n y cuyo nombre prehisp\u00e1nico se desconoce.<\/p><p>El objetivo de estos dinteles era exhibir a qui\u00e9n rend\u00edan fidelidad los gobernantes de sitios peque\u00f1os, es decir, propaganda. El gobernante Tiloom, que gobern\u00f3 entre 750 y 770, ofrece un tocado muy elaborado al l\u00edder sentado,\u00a0 el gobernante Escudo Jaguar de Yaxchil\u00e1n, quien se inclina hacia sus visitantes, luciendo un elaborado adorno de plumas para el cabello, un tap\u00f3n nasal con plumas y un collar de cuentas de jade con un colgante de barra.\u00a0<\/p>\t\t\t\t\t\t\t\t<\/div>\n\t\t\t\t\t<\/div>\n\t\t\t\t<\/div>\n\t\t<div data-particle_enable=\"false\" data-particle-mobile-disabled=\"false\" class=\"elementor-element elementor-element-2330eef e-flex e-con-boxed e-con e-parent\" data-id=\"2330eef\" data-element_type=\"container\" data-e-type=\"container\">\n\t\t\t\t\t<div class=\"e-con-inner\">\n\t\t\t\t<div class=\"elementor-element elementor-element-eddde3b elementor-widget elementor-widget-image\" data-id=\"eddde3b\" data-element_type=\"widget\" data-e-type=\"widget\" data-widget_type=\"image.default\">\n\t\t\t\t\t\t\t\t\t\t\t\t<figure class=\"wp-caption\">\n\t\t\t\t\t\t\t\t\t\t<img fetchpriority=\"high\" decoding=\"async\" width=\"768\" height=\"776\" src=\"https:\/\/soymigrante.com\/revista\/wp-content\/uploads\/2024\/10\/la-pasadita-1014x1024.webp\" class=\"attachment-large size-large wp-image-10080\" alt=\"Paisaje de esculturas mayas en piedra que representan dioses y rituales ancestrales, simbolizando la cultura, historia y mitolog\u00eda de Mesoam\u00e9rica en un art\u00edculo de SoyMigrante.\" srcset=\"https:\/\/soymigrante.com\/revista\/wp-content\/uploads\/2024\/10\/la-pasadita-1014x1024.webp 1014w, https:\/\/soymigrante.com\/revista\/wp-content\/uploads\/2024\/10\/la-pasadita-297x300.webp 297w, https:\/\/soymigrante.com\/revista\/wp-content\/uploads\/2024\/10\/la-pasadita-768x776.webp 768w, https:\/\/soymigrante.com\/revista\/wp-content\/uploads\/2024\/10\/la-pasadita-1520x1536.webp 1520w, https:\/\/soymigrante.com\/revista\/wp-content\/uploads\/2024\/10\/la-pasadita-2027x2048.webp 1900w, https:\/\/soymigrante.com\/revista\/wp-content\/uploads\/2024\/10\/la-pasadita-75x75.webp 75w, https:\/\/soymigrante.com\/revista\/wp-content\/uploads\/2024\/10\/la-pasadita-750x758.webp 750w, https:\/\/soymigrante.com\/revista\/wp-content\/uploads\/2024\/10\/la-pasadita-1140x1152.webp 1140w, https:\/\/soymigrante.com\/revista\/wp-content\/uploads\/2024\/10\/la-pasadita-scaled.webp 1901w\" sizes=\"(max-width: 768px) 100vw, 768px\" title=\"Dintel de madera de La Pasadita, en la cual se representa al  se\u00f1or Escudo Jaguar, sentado, recibiendo una ofrenda del se\u00f1or Tiloom, de La Pasadita y detr\u00e1s de este un posible comerciante o aliado. (Fotograf\u00eda Museo Met NY, en donde se encuentra conservado) \u2013 SoyMigrante.com REVISTA\" \/>\t\t\t\t\t\t\t\t\t\t\t<figcaption class=\"widget-image-caption wp-caption-text\">Esculturas mayas en piedra con motivos religiosos y culturales, ilustrando la riqueza arqueol\u00f3gica y tradiciones ancestrales mexicanas en SoyMigrante.<\/figcaption>\n\t\t\t\t\t\t\t\t\t\t<\/figure>\n\t\t\t\t\t\t\t\t\t<\/div>\n\t\t\t\t\t<\/div>\n\t\t\t\t<\/div>\n\t\t<div data-particle_enable=\"false\" data-particle-mobile-disabled=\"false\" class=\"elementor-element elementor-element-7a57ae7 e-flex e-con-boxed e-con e-parent\" data-id=\"7a57ae7\" data-element_type=\"container\" data-e-type=\"container\">\n\t\t\t\t\t<div class=\"e-con-inner\">\n\t\t\t\t<div class=\"elementor-element elementor-element-42dfe8a elementor-widget elementor-widget-text-editor\" data-id=\"42dfe8a\" data-element_type=\"widget\" data-e-type=\"widget\" data-widget_type=\"text-editor.default\">\n\t\t\t\t\t\t\t\t\t<p>\u00a0<\/p><p>Este dintel de madera, resguardado hoy en el Museo Metropolitano de Nueva York, estuvo muy probablemente instalado en el techo de la entrada de un templo del sitio llamado La Pasadita, cerca del r\u00edo Usumacinta, en el noroccidente de Pet\u00e9n y cuyo nombre prehisp\u00e1nico se desconoce.<\/p><p>El objetivo de estos dinteles era exhibir a qui\u00e9n rend\u00edan fidelidad los gobernantes de sitios peque\u00f1os, es decir, propaganda. El gobernante Tiloom, que gobern\u00f3 entre 750 y 770, ofrece un tocado muy elaborado al l\u00edder sentado,\u00a0 el gobernante Escudo Jaguar de Yaxchil\u00e1n, quien se inclina hacia sus visitantes, luciendo un elaborado adorno de plumas para el cabello, un tap\u00f3n nasal con plumas y un collar de cuentas de jade con un colgante de barra.\u00a0<\/p><p><span style=\"color: var( --e-global-color-text ); text-align: var(--text-align);\">Justo en esos a\u00f1os, Piedras Negras y Yaxchil\u00e1n estaban en una fuerte rivalidad que lleg\u00f3 a la guerra. Tiloom era aliado de Yaxchil\u00e1n y as\u00ed se muestra en otras estelas donde aparece.\u00a0<\/span><span style=\"color: var( --e-global-color-text ); text-align: var(--text-align);\">El sitio La Pasadita fue explorado en la d\u00e9cada 1960, tiempo en el cual varias piezas fueron extra\u00eddas.<\/span><\/p>\t\t\t\t\t\t\t\t<\/div>\n\t\t\t\t\t<\/div>\n\t\t\t\t<\/div>\n\t\t<div data-particle_enable=\"false\" data-particle-mobile-disabled=\"false\" class=\"elementor-element elementor-element-1412522 e-flex e-con-boxed e-con e-parent\" data-id=\"1412522\" data-element_type=\"container\" data-e-type=\"container\">\n\t\t\t\t\t<div class=\"e-con-inner\">\n\t\t\t\t<div class=\"elementor-element elementor-element-72efbcc elementor-widget elementor-widget-google_maps\" data-id=\"72efbcc\" data-element_type=\"widget\" data-e-type=\"widget\" data-widget_type=\"google_maps.default\">\n\t\t\t\t\t\t\t<div class=\"elementor-custom-embed\">\n\t\t\t<iframe loading=\"lazy\"\n\t\t\t\t\tsrc=\"https:\/\/maps.google.com\/maps?q=Met%20Museum&#038;t=m&#038;z=10&#038;output=embed&#038;iwloc=near\"\n\t\t\t\t\ttitle=\"Met Museum\"\n\t\t\t\t\taria-label=\"Met Museum\"\n\t\t\t><\/iframe>\n\t\t<\/div>\n\t\t\t\t\t\t<\/div>\n\t\t\t\t\t<\/div>\n\t\t\t\t<\/div>\n\t\t<div data-particle_enable=\"false\" data-particle-mobile-disabled=\"false\" class=\"elementor-element elementor-element-2387586 e-flex e-con-boxed e-con e-parent\" data-id=\"2387586\" data-element_type=\"container\" data-e-type=\"container\">\n\t\t\t\t\t<div class=\"e-con-inner\">\n\t\t\t\t<div class=\"elementor-element elementor-element-c872b3a elementor-widget elementor-widget-image\" data-id=\"c872b3a\" data-element_type=\"widget\" data-e-type=\"widget\" data-widget_type=\"image.default\">\n\t\t\t\t\t\t\t\t\t\t\t\t<figure class=\"wp-caption\">\n\t\t\t\t\t\t\t\t\t\t<img decoding=\"async\" width=\"768\" height=\"768\" src=\"https:\/\/soymigrante.com\/revista\/wp-content\/uploads\/2024\/10\/la-pasadita2-1024x1024.webp\" class=\"attachment-large size-large wp-image-10081\" alt=\"Antiguo relieve de civilizaci\u00f3n prehisp\u00e1nica en piedra con detalles de guerrero con penacho y s\u00edmbolos mayas.\" srcset=\"https:\/\/soymigrante.com\/revista\/wp-content\/uploads\/2024\/10\/la-pasadita2-1024x1024.webp 1024w, https:\/\/soymigrante.com\/revista\/wp-content\/uploads\/2024\/10\/la-pasadita2-300x300.webp 300w, https:\/\/soymigrante.com\/revista\/wp-content\/uploads\/2024\/10\/la-pasadita2-150x150.webp 150w, https:\/\/soymigrante.com\/revista\/wp-content\/uploads\/2024\/10\/la-pasadita2-768x768.webp 768w, https:\/\/soymigrante.com\/revista\/wp-content\/uploads\/2024\/10\/la-pasadita2-1536x1536.webp 1536w, https:\/\/soymigrante.com\/revista\/wp-content\/uploads\/2024\/10\/la-pasadita2-scaled.webp 1920w, https:\/\/soymigrante.com\/revista\/wp-content\/uploads\/2024\/10\/la-pasadita2-75x75.webp 75w, https:\/\/soymigrante.com\/revista\/wp-content\/uploads\/2024\/10\/la-pasadita2-750x750.webp 750w, https:\/\/soymigrante.com\/revista\/wp-content\/uploads\/2024\/10\/la-pasadita2-1140x1140.webp 1140w\" sizes=\"(max-width: 768px) 100vw, 768px\" title=\"Tiloom presenta un tocado de plumas como ofrenda a Escudo Jaguar. (Fotograf\u00eda Met Museum reproducida bajo licencia Creative Commons) \u2013 SoyMigrante.com REVISTA\" \/>\t\t\t\t\t\t\t\t\t\t\t<figcaption class=\"widget-image-caption wp-caption-text\">Revista SoyMigrante presenta arte, cultura y historia de las civilizaciones mexicanas y su legado ancestral.<\/figcaption>\n\t\t\t\t\t\t\t\t\t\t<\/figure>\n\t\t\t\t\t\t\t\t\t<\/div>\n\t\t\t\t\t<\/div>\n\t\t\t\t<\/div>\n\t\t<div data-particle_enable=\"false\" data-particle-mobile-disabled=\"false\" class=\"elementor-element elementor-element-d8ca8fe e-flex e-con-boxed e-con e-parent\" data-id=\"d8ca8fe\" data-element_type=\"container\" data-e-type=\"container\">\n\t\t\t\t\t<div class=\"e-con-inner\">\n\t\t\t\t<div class=\"elementor-element elementor-element-082196a elementor-widget elementor-widget-text-editor\" data-id=\"082196a\" data-element_type=\"widget\" data-e-type=\"widget\" data-widget_type=\"text-editor.default\">\n\t\t\t\t\t\t\t\t\t<p><span style=\"color: var( --e-global-color-text ); text-align: var(--text-align);\">Es llamativa la excelente conservaci\u00f3n del dintel, por la cantidad de pigmento preservado en la superficie. Tiene colores rojos, amarillo-naranja y azul-verdes, que permiten tener una buena idea de la apariencia original de colores brillantes de los dinteles.\u00a0<\/span><\/p><p>De hecho, las joyas de jade de los personajes principales, as\u00ed como detalles del trono, tienen tonos azulados y verdes, que evocan jade.<\/p><p><span style=\"color: var( --e-global-color-text ); text-align: var(--text-align);\">Otro de los aspectos fascinantes del dintel es que tiene la &#8220;firma&#8221; del autor: un artista llamado Chakalt\u00e9. &#8220;Las firmas de los escultores son relativamente raras en el arte maya, aunque se conocen muchas en el \u00e1rea alrededor de Yaxchil\u00e1n y Piedras Negras. Chakalte&#8217; probablemente fue un escultor que trabaj\u00f3 bajo el patrocinio de Escudo Jaguar IV. Se sab\u00eda que ese l\u00edder enviaba escultores a los dem\u00e1s se\u00f1ores provinciales&#8221;, explica el sitio del Met Museum.<\/span><\/p><p>\u00a0<\/p>\t\t\t\t\t\t\t\t<\/div>\n\t\t\t\t\t<\/div>\n\t\t\t\t<\/div>\n\t\t<div data-particle_enable=\"false\" data-particle-mobile-disabled=\"false\" class=\"elementor-element elementor-element-4374664 e-flex e-con-boxed e-con e-parent\" data-id=\"4374664\" data-element_type=\"container\" data-e-type=\"container\">\n\t\t\t\t\t<div class=\"e-con-inner\">\n\t\t\t\t<div class=\"elementor-element elementor-element-35cce56 elementor-widget elementor-widget-image\" data-id=\"35cce56\" data-element_type=\"widget\" data-e-type=\"widget\" data-widget_type=\"image.default\">\n\t\t\t\t\t\t\t\t\t\t\t\t<figure class=\"wp-caption\">\n\t\t\t\t\t\t\t\t\t\t<img decoding=\"async\" width=\"768\" height=\"537\" src=\"https:\/\/soymigrante.com\/revista\/wp-content\/uploads\/2024\/10\/dintel-la-pasadita-joyas-mayas-migrantes-1-1024x716.webp\" class=\"attachment-large size-large wp-image-10085\" alt=\"C\u00f3dice prehisp\u00e1nico de piedra con detalles en relieve y pigmentos antiguos, representando escenas culturales y mitol\u00f3gicas mayas.\" srcset=\"https:\/\/soymigrante.com\/revista\/wp-content\/uploads\/2024\/10\/dintel-la-pasadita-joyas-mayas-migrantes-1-1024x716.webp 1024w, https:\/\/soymigrante.com\/revista\/wp-content\/uploads\/2024\/10\/dintel-la-pasadita-joyas-mayas-migrantes-1-300x210.webp 300w, https:\/\/soymigrante.com\/revista\/wp-content\/uploads\/2024\/10\/dintel-la-pasadita-joyas-mayas-migrantes-1-768x537.webp 768w, https:\/\/soymigrante.com\/revista\/wp-content\/uploads\/2024\/10\/dintel-la-pasadita-joyas-mayas-migrantes-1-750x524.webp 750w, https:\/\/soymigrante.com\/revista\/wp-content\/uploads\/2024\/10\/dintel-la-pasadita-joyas-mayas-migrantes-1.webp 1097w\" sizes=\"(max-width: 768px) 100vw, 768px\" title=\"Son llamativos los colores conservados por el dintel: pigmentos rojizos y tambi\u00e9n verdes, que simbolizan jade. \u2013 SoyMigrante.com REVISTA\" \/>\t\t\t\t\t\t\t\t\t\t\t<figcaption class=\"widget-image-caption wp-caption-text\">Revista SoyMigrante: historia y cultura de migrantes, arte y patrimonio, actualidad social y derechos humanos en Am\u00e9rica Latina y beyond.<\/figcaption>\n\t\t\t\t\t\t\t\t\t\t<\/figure>\n\t\t\t\t\t\t\t\t\t<\/div>\n\t\t\t\t\t<\/div>\n\t\t\t\t<\/div>\n\t\t<div data-particle_enable=\"false\" data-particle-mobile-disabled=\"false\" class=\"elementor-element elementor-element-5bde19a e-flex e-con-boxed e-con e-parent\" data-id=\"5bde19a\" data-element_type=\"container\" data-e-type=\"container\">\n\t\t\t\t\t<div class=\"e-con-inner\">\n\t\t\t\t<div class=\"elementor-element elementor-element-4b39668 elementor-widget elementor-widget-text-editor\" data-id=\"4b39668\" data-element_type=\"widget\" data-e-type=\"widget\" data-widget_type=\"text-editor.default\">\n\t\t\t\t\t\t\t\t\t<p><span style=\"color: var( --e-global-color-text ); text-align: var(--text-align);\">Tiloom se para orgullosamente presentando al se\u00f1or sagrado de Yaxchil\u00e1n un tocado y lo que podr\u00edan ser paquetes de incienso o un plato de tamales. Tiloom usa una diadema de jade y un pectoral con cabeza humana, con una elaborada falda tejida con un patr\u00f3n geom\u00e9trico.\u00a0<\/span><\/p><p><span style=\"color: var( --e-global-color-text ); text-align: var(--text-align);\">Un tercer personaje se encuentra de pie detr\u00e1s de Tiloom con un atuendo similar pero con un tipo de sombrero asociado en otras escenas con viajeros o comerciantes.\u00a0<\/span><\/p><p>\u00a0<\/p><p>\u00a0<\/p>\t\t\t\t\t\t\t\t<\/div>\n\t\t\t\t\t<\/div>\n\t\t\t\t<\/div>\n\t\t<div data-particle_enable=\"false\" data-particle-mobile-disabled=\"false\" class=\"elementor-element elementor-element-0ab90b5 e-flex e-con-boxed e-con e-parent\" data-id=\"0ab90b5\" data-element_type=\"container\" data-e-type=\"container\">\n\t\t\t\t\t<div class=\"e-con-inner\">\n\t\t\t\t<div class=\"elementor-element elementor-element-71059a8 elementor-widget elementor-widget-image\" data-id=\"71059a8\" data-element_type=\"widget\" data-e-type=\"widget\" data-widget_type=\"image.default\">\n\t\t\t\t\t\t\t\t\t\t\t\t<figure class=\"wp-caption\">\n\t\t\t\t\t\t\t\t\t\t<img loading=\"lazy\" decoding=\"async\" width=\"752\" height=\"743\" src=\"https:\/\/soymigrante.com\/revista\/wp-content\/uploads\/2024\/10\/dintel-la-pasadita-joyas-mayas-migrantes-3.webp\" class=\"attachment-large size-large wp-image-10082\" alt=\"Guerrero maya en relieve en piedra roja, arte prehisp\u00e1nico, historia antigua de M\u00e9xico, arqueolog\u00eda, cer\u00e1mica y cultura ind\u00edgena.\" srcset=\"https:\/\/soymigrante.com\/revista\/wp-content\/uploads\/2024\/10\/dintel-la-pasadita-joyas-mayas-migrantes-3.webp 752w, https:\/\/soymigrante.com\/revista\/wp-content\/uploads\/2024\/10\/dintel-la-pasadita-joyas-mayas-migrantes-3-300x296.webp 300w, https:\/\/soymigrante.com\/revista\/wp-content\/uploads\/2024\/10\/dintel-la-pasadita-joyas-mayas-migrantes-3-75x75.webp 75w, https:\/\/soymigrante.com\/revista\/wp-content\/uploads\/2024\/10\/dintel-la-pasadita-joyas-mayas-migrantes-3-750x741.webp 750w\" sizes=\"(max-width: 752px) 100vw, 752px\" title=\"El gobernante Escudo Jaguar de Yaxchil\u00e1n fue el \u00faltimo de su dinast\u00eda. A inicios del siglo 8, la actividad ces\u00f3 en Yaxchil\u00e1n y Piedras Negras, despu\u00e9s de largas batallas. \u2013 SoyMigrante.com REVISTA\" \/>\t\t\t\t\t\t\t\t\t\t\t<figcaption class=\"widget-image-caption wp-caption-text\">Detalle de escultura maya en piedra, resaltando su expresi\u00f3n y vestimenta, representando la riqueza cultural de la civilizaci\u00f3n antigua en Mesoam\u00e9rica.<\/figcaption>\n\t\t\t\t\t\t\t\t\t\t<\/figure>\n\t\t\t\t\t\t\t\t\t<\/div>\n\t\t\t\t\t<\/div>\n\t\t\t\t<\/div>\n\t\t<div data-particle_enable=\"false\" data-particle-mobile-disabled=\"false\" class=\"elementor-element elementor-element-2906a23 e-flex e-con-boxed e-con e-parent\" data-id=\"2906a23\" data-element_type=\"container\" data-e-type=\"container\">\n\t\t\t\t\t<div class=\"e-con-inner\">\n\t\t\t\t<div class=\"elementor-element elementor-element-9c4fecc elementor-widget elementor-widget-text-editor\" data-id=\"9c4fecc\" data-element_type=\"widget\" data-e-type=\"widget\" data-widget_type=\"text-editor.default\">\n\t\t\t\t\t\t\t\t\t<p><span style=\"color: var( --e-global-color-text ); text-align: var(--text-align);\">Finalmente se puede ver el detalle de un cuenco de fruta cortada con semillas visibles se encuentra debajo del trono, presumiblemente parte de la ofrenda llevada al gobernante sentado. Este dintel es importante porque muestra al \u00faltimo gran se\u00f1or de Yaxchil\u00e1n recibiendo tributo en forma de comida y vestimentas de un se\u00f1or leal a su padre.\u00a0 A inicios del siglo 8, desaparecieron estas dinast\u00edas.<\/span><\/p><p>\u00a0<\/p>\t\t\t\t\t\t\t\t<\/div>\n\t\t\t\t\t<\/div>\n\t\t\t\t<\/div>\n\t\t<div data-particle_enable=\"false\" data-particle-mobile-disabled=\"false\" class=\"elementor-element elementor-element-24d84d5 e-flex e-con-boxed e-con e-parent\" data-id=\"24d84d5\" data-element_type=\"container\" data-e-type=\"container\">\n\t\t\t\t\t<div class=\"e-con-inner\">\n\t\t\t\t<div class=\"elementor-element elementor-element-7cc83d3 elementor-widget elementor-widget-image\" data-id=\"7cc83d3\" data-element_type=\"widget\" data-e-type=\"widget\" data-widget_type=\"image.default\">\n\t\t\t\t\t\t\t\t\t\t\t\t<figure class=\"wp-caption\">\n\t\t\t\t\t\t\t\t\t\t<img loading=\"lazy\" decoding=\"async\" width=\"762\" height=\"446\" src=\"https:\/\/soymigrante.com\/revista\/wp-content\/uploads\/2024\/10\/dintel-la-pasadita-joyas-mayas-migrantes-5.webp\" class=\"attachment-large size-large wp-image-10084\" alt=\"Antiguo relieve en piedra con figuras mayas, arte prehisp\u00e1nico de M\u00e9xico, representaci\u00f3n cultural y arqueol\u00f3gica.\" srcset=\"https:\/\/soymigrante.com\/revista\/wp-content\/uploads\/2024\/10\/dintel-la-pasadita-joyas-mayas-migrantes-5.webp 762w, https:\/\/soymigrante.com\/revista\/wp-content\/uploads\/2024\/10\/dintel-la-pasadita-joyas-mayas-migrantes-5-300x176.webp 300w, https:\/\/soymigrante.com\/revista\/wp-content\/uploads\/2024\/10\/dintel-la-pasadita-joyas-mayas-migrantes-5-750x439.webp 750w\" sizes=\"(max-width: 762px) 100vw, 762px\" title=\"El gobernante Tiloom va primero, seguido de un comerciante o noble. Ambos llevan un pectoral con una cabeza humana. \u2013 SoyMigrante.com REVISTA\" \/>\t\t\t\t\t\t\t\t\t\t\t<figcaption class=\"widget-image-caption wp-caption-text\">Relieve maya en piedra mostrando arte prehisp\u00e1nico y cultura ancestral mexicana.<\/figcaption>\n\t\t\t\t\t\t\t\t\t\t<\/figure>\n\t\t\t\t\t\t\t\t\t<\/div>\n\t\t\t\t\t<\/div>\n\t\t\t\t<\/div>\n\t\t<div data-particle_enable=\"false\" data-particle-mobile-disabled=\"false\" class=\"elementor-element elementor-element-107590d e-flex e-con-boxed e-con e-parent\" data-id=\"107590d\" data-element_type=\"container\" data-e-type=\"container\">\n\t\t\t\t\t<div class=\"e-con-inner\">\n\t\t\t\t<div class=\"elementor-element elementor-element-0587e55 elementor-widget elementor-widget-image\" data-id=\"0587e55\" data-element_type=\"widget\" data-e-type=\"widget\" data-widget_type=\"image.default\">\n\t\t\t\t\t\t\t\t\t\t\t\t<figure class=\"wp-caption\">\n\t\t\t\t\t\t\t\t\t\t<img loading=\"lazy\" decoding=\"async\" width=\"768\" height=\"538\" src=\"https:\/\/soymigrante.com\/revista\/wp-content\/uploads\/2024\/10\/area-del-usumacinta.webp\" class=\"attachment-large size-large wp-image-10087\" alt=\"Camino tradicional en la regi\u00f3n de La Pasadita, en Yucat\u00e1n, con puntos destacados como Peto, Poblado Piedra Negras y El Cayo, ilustrando rutas culturales y paisaj\u00edsticas.\" srcset=\"https:\/\/soymigrante.com\/revista\/wp-content\/uploads\/2024\/10\/area-del-usumacinta.webp 983w, https:\/\/soymigrante.com\/revista\/wp-content\/uploads\/2024\/10\/area-del-usumacinta-300x210.webp 300w, https:\/\/soymigrante.com\/revista\/wp-content\/uploads\/2024\/10\/area-del-usumacinta-768x538.webp 768w, https:\/\/soymigrante.com\/revista\/wp-content\/uploads\/2024\/10\/area-del-usumacinta-750x525.webp 750w\" sizes=\"(max-width: 768px) 100vw, 768px\" title=\"Subrayado en amarillo est\u00e1 el r\u00edo Usumacinta, que hoy divide a Guatemala de M\u00e9xico. En tiempos prehisp\u00e1nicos, las ciudades de Piedras Negras y Yaxchil\u00e1n sostuvieron fuertes rivalidades por el dominio del paso fluvial, que era v\u00eda de comercio hacia el norte. \u2013 SoyMigrante.com REVISTA\" \/>\t\t\t\t\t\t\t\t\t\t\t<figcaption class=\"widget-image-caption wp-caption-text\">Ruta hist\u00f3rica en Yucat\u00e1n con pueblos y paisajes tradicionales, destacando La Pasadita y otros puntos importantes para la cultura y el turismo en la regi\u00f3n.<\/figcaption>\n\t\t\t\t\t\t\t\t\t\t<\/figure>\n\t\t\t\t\t\t\t\t\t<\/div>\n\t\t\t\t\t<\/div>\n\t\t\t\t<\/div>\n\t\t<div data-particle_enable=\"false\" data-particle-mobile-disabled=\"false\" class=\"elementor-element elementor-element-bf33b66 e-flex e-con-boxed e-con e-parent\" data-id=\"bf33b66\" data-element_type=\"container\" data-e-type=\"container\">\n\t\t\t\t\t<div class=\"e-con-inner\">\n\t\t\t\t<div class=\"elementor-element elementor-element-8eaec0b elementor-widget elementor-widget-heading\" data-id=\"8eaec0b\" data-element_type=\"widget\" data-e-type=\"widget\" data-widget_type=\"heading.default\">\n\t\t\t\t\t<h2 class=\"elementor-heading-title elementor-size-default\">M\u00e1s joyas mayas migrantes<\/h2>\t\t\t\t<\/div>\n\t\t\t\t\t<\/div>\n\t\t\t\t<\/div>\n\t\t<div data-particle_enable=\"false\" data-particle-mobile-disabled=\"false\" class=\"elementor-element elementor-element-97a5978 e-flex e-con-boxed e-con e-parent\" data-id=\"97a5978\" data-element_type=\"container\" data-e-type=\"container\">\n\t\t\t\t\t<div class=\"e-con-inner\">\n\t\t\t\t<div class=\"elementor-element elementor-element-5b94d20 elementor-grid-eael-col-3 elementor-grid-tablet-eael-col-2 elementor-grid-mobile-eael-col-1 elementor-widget elementor-widget-eael-post-grid\" data-id=\"5b94d20\" data-element_type=\"widget\" data-e-type=\"widget\" data-settings=\"{&quot;eael_post_grid_columns&quot;:&quot;eael-col-3&quot;,&quot;eael_post_grid_columns_tablet&quot;:&quot;eael-col-2&quot;,&quot;eael_post_grid_columns_mobile&quot;:&quot;eael-col-1&quot;}\" data-widget_type=\"eael-post-grid.default\">\n\t\t\t\t\t<div id=\"eael-post-grid-5b94d20\" class=\"eael-post-grid-container\">\n            <div class=\"eael-post-grid eael-post-appender eael-post-appender-5b94d20 eael-post-grid-style-one\" data-layout-mode=\"masonry\"><article class=\"eael-grid-post  eael-post-grid-column eael-pg-post-7989 category-guate-nuestra tags-joyas-mayas-migrantes\" data-id=\"7989\">\n        <div class=\"eael-grid-post-holder\">\n            <div class=\"eael-grid-post-holder-inner\"><div class=\"eael-entry-media\"><div class=\"eael-entry-overlay fade-in\"><i class=\"far fa-hand-pointer\" aria-hidden=\"true\"><\/i><a href=\"https:\/\/soymigrante.com\/revista\/joyas-mayas-migrantes-incensario-con-antepasado-y-concha-marina-en-baltimore\/\"><\/a><\/div><div class=\"eael-entry-thumbnail \">\n                <img loading=\"lazy\" decoding=\"async\" width=\"782\" height=\"782\" src=\"https:\/\/soymigrante.com\/revista\/wp-content\/uploads\/2024\/08\/pieza-maya-baltimore-8.webp\" class=\"attachment-large size-large wp-image-7990\" alt=\"Ancestro prehisp\u00e1nico en cer\u00e1mica con detalles de estilo ind\u00edgena mexicana.\" srcset=\"https:\/\/soymigrante.com\/revista\/wp-content\/uploads\/2024\/08\/pieza-maya-baltimore-8.webp 782w, https:\/\/soymigrante.com\/revista\/wp-content\/uploads\/2024\/08\/pieza-maya-baltimore-8-300x300.webp 300w, https:\/\/soymigrante.com\/revista\/wp-content\/uploads\/2024\/08\/pieza-maya-baltimore-8-150x150.webp 150w, https:\/\/soymigrante.com\/revista\/wp-content\/uploads\/2024\/08\/pieza-maya-baltimore-8-768x768.webp 768w, https:\/\/soymigrante.com\/revista\/wp-content\/uploads\/2024\/08\/pieza-maya-baltimore-8-75x75.webp 75w, https:\/\/soymigrante.com\/revista\/wp-content\/uploads\/2024\/08\/pieza-maya-baltimore-8-750x750.webp 750w\" sizes=\"(max-width: 782px) 100vw, 782px\" \/>\n            <\/div>\n        <\/div><div class=\"eael-entry-wrapper\"><header class=\"eael-entry-header\"><h2 class=\"eael-entry-title\"><a class=\"eael-grid-post-link\" href=\"https:\/\/soymigrante.com\/revista\/joyas-mayas-migrantes-incensario-con-antepasado-y-concha-marina-en-baltimore\/\" title=\"Joyas mayas migrantes: Incensario con antepasado y concha marina en Baltimore\">Joyas mayas migrantes: Incensario con antepasado y concha marina en Baltimore<\/a><\/h2><\/header><div class=\"eael-entry-content\">\n                        <div class=\"eael-grid-post-excerpt\"><a href=\"https:\/\/soymigrante.com\/revista\/joyas-mayas-migrantes-incensario-con-antepasado-y-concha-marina-en-baltimore\/\" class=\"eael-post-elements-readmore-btn\">CONOCE SU HISTORIA <\/a><\/div>\n                    <\/div><\/div><\/div>\n        <\/div>\n    <\/article><article class=\"eael-grid-post  eael-post-grid-column eael-pg-post-7795 category-guate-nuestra tags-joyas-mayas-migrantes\" data-id=\"7795\">\n        <div class=\"eael-grid-post-holder\">\n            <div class=\"eael-grid-post-holder-inner\"><div class=\"eael-entry-media\"><div class=\"eael-entry-overlay fade-in\"><i class=\"far fa-hand-pointer\" aria-hidden=\"true\"><\/i><a href=\"https:\/\/soymigrante.com\/revista\/joyas-mayas-migrantes-el-misterioso-trozo-de-dintel-de-tikal-en-washington\/\"><\/a><\/div><div class=\"eael-entry-thumbnail \">\n                <img loading=\"lazy\" decoding=\"async\" width=\"605\" height=\"605\" src=\"https:\/\/soymigrante.com\/revista\/wp-content\/uploads\/2024\/08\/dintel-maya-tikal.webp\" class=\"attachment-large size-large wp-image-7797\" alt=\"Rostro de piedra y dibujo esquem\u00e1tico, representaci\u00f3n art\u00edstica en la revista SoyMigrante.com sobre cultura y patrimonio.\" srcset=\"https:\/\/soymigrante.com\/revista\/wp-content\/uploads\/2024\/08\/dintel-maya-tikal.webp 605w, https:\/\/soymigrante.com\/revista\/wp-content\/uploads\/2024\/08\/dintel-maya-tikal-300x300.webp 300w, https:\/\/soymigrante.com\/revista\/wp-content\/uploads\/2024\/08\/dintel-maya-tikal-150x150.webp 150w, https:\/\/soymigrante.com\/revista\/wp-content\/uploads\/2024\/08\/dintel-maya-tikal-75x75.webp 75w\" sizes=\"(max-width: 605px) 100vw, 605px\" \/>\n            <\/div>\n        <\/div><div class=\"eael-entry-wrapper\"><header class=\"eael-entry-header\"><h2 class=\"eael-entry-title\"><a class=\"eael-grid-post-link\" href=\"https:\/\/soymigrante.com\/revista\/joyas-mayas-migrantes-el-misterioso-trozo-de-dintel-de-tikal-en-washington\/\" title=\"Joyas mayas migrantes: El misterioso trozo de dintel de Tikal en Washington\">Joyas mayas migrantes: El misterioso trozo de dintel de Tikal en Washington<\/a><\/h2><\/header><div class=\"eael-entry-content\">\n                        <div class=\"eael-grid-post-excerpt\"><a href=\"https:\/\/soymigrante.com\/revista\/joyas-mayas-migrantes-el-misterioso-trozo-de-dintel-de-tikal-en-washington\/\" class=\"eael-post-elements-readmore-btn\">CONOCE SU HISTORIA <\/a><\/div>\n                    <\/div><\/div><\/div>\n        <\/div>\n    <\/article><article class=\"eael-grid-post  eael-post-grid-column eael-pg-post-7722 category-guate-nuestra tags-joyas-mayas-migrantes\" data-id=\"7722\">\n        <div class=\"eael-grid-post-holder\">\n            <div class=\"eael-grid-post-holder-inner\"><div class=\"eael-entry-media\"><div class=\"eael-entry-overlay fade-in\"><i class=\"far fa-hand-pointer\" aria-hidden=\"true\"><\/i><a href=\"https:\/\/soymigrante.com\/revista\/joyas-mayas-migrantes-jarra-con-relieve-en-el-met-museum-ny\/\"><\/a><\/div><div class=\"eael-entry-thumbnail \">\n                <img loading=\"lazy\" decoding=\"async\" width=\"850\" height=\"850\" src=\"https:\/\/soymigrante.com\/revista\/wp-content\/uploads\/2024\/07\/jarra-maya-grabada-met-1.webp\" class=\"attachment-large size-large wp-image-7726\" alt=\"Antiguo recipiente de cer\u00e1mica olmeca con grabados y s\u00edmbolos ancestrales, muestra arte prehisp\u00e1nico y cultura ind\u00edgena mexicana.\" srcset=\"https:\/\/soymigrante.com\/revista\/wp-content\/uploads\/2024\/07\/jarra-maya-grabada-met-1.webp 850w, https:\/\/soymigrante.com\/revista\/wp-content\/uploads\/2024\/07\/jarra-maya-grabada-met-1-300x300.webp 300w, https:\/\/soymigrante.com\/revista\/wp-content\/uploads\/2024\/07\/jarra-maya-grabada-met-1-150x150.webp 150w, https:\/\/soymigrante.com\/revista\/wp-content\/uploads\/2024\/07\/jarra-maya-grabada-met-1-768x768.webp 768w, https:\/\/soymigrante.com\/revista\/wp-content\/uploads\/2024\/07\/jarra-maya-grabada-met-1-75x75.webp 75w, https:\/\/soymigrante.com\/revista\/wp-content\/uploads\/2024\/07\/jarra-maya-grabada-met-1-750x750.webp 750w\" sizes=\"(max-width: 850px) 100vw, 850px\" \/>\n            <\/div>\n        <\/div><div class=\"eael-entry-wrapper\"><header class=\"eael-entry-header\"><h2 class=\"eael-entry-title\"><a class=\"eael-grid-post-link\" href=\"https:\/\/soymigrante.com\/revista\/joyas-mayas-migrantes-jarra-con-relieve-en-el-met-museum-ny\/\" title=\"Joyas mayas migrantes: Chocolatera en el Met Museum NY. Conoce su significado\">Joyas mayas migrantes: Chocolatera en el Met Museum NY. Conoce su significado<\/a><\/h2><\/header><div class=\"eael-entry-content\">\n                        <div class=\"eael-grid-post-excerpt\"><a href=\"https:\/\/soymigrante.com\/revista\/joyas-mayas-migrantes-jarra-con-relieve-en-el-met-museum-ny\/\" class=\"eael-post-elements-readmore-btn\">CONOCE SU HISTORIA <\/a><\/div>\n                    <\/div><\/div><\/div>\n        <\/div>\n    <\/article><\/div>\n            <div class=\"clearfix\"><\/div>\n        <\/div>\t\t\t\t<\/div>\n\t\t\t\t\t<\/div>\n\t\t\t\t<\/div>\n\t\t\t\t<\/div>\n\t\t","protected":false},"excerpt":{"rendered":"<p>Las ciudades de Piedras Negras y Yaxchil\u00e1n, a los lados del R\u00edo Usumacinta, eran rivales y ten\u00edan cada una peque\u00f1as ciudades aliadas. El gobernante de La Pasadita, Tiloom, aparece aqu\u00ed entregando una ofrenda al se\u00f1or de Yaxchil\u00e1n. Esta escena tallada en madera se resguarda en el Museo Metropolitano de Nueva York. \u00a0 Este dintel de [&hellip;]<\/p>\n","protected":false},"author":7,"featured_media":10079,"comment_status":"open","ping_status":"open","sticky":false,"template":"","format":"standard","meta":{"_acf_changed":false,"_eb_attr":"","footnotes":""},"categories":[58],"tags":[134],"class_list":["post-10078","post","type-post","status-publish","format-standard","has-post-thumbnail","hentry","category-guate-nuestra","tag-joyas-mayas-migrantes"],"acf":[],"aioseo_notices":[],"aioseo_head":"\n\t\t<!-- All in One SEO Pro 4.9.6.2 - aioseo.com -->\n\t<meta name=\"description\" content=\"Recipiente maya con un fascinante dise\u00f1o tallado en relieve sobre material calizo. Se conserva en la colecci\u00f3n del Museo Metropolitano de Nueva York. Con\u00f3celo\" \/>\n\t<meta name=\"robots\" content=\"max-snippet:-1, max-image-preview:large, max-video-preview:-1\" \/>\n\t<meta name=\"author\" content=\"Gustavo Montenegro\"\/>\n\t<link rel=\"canonical\" href=\"https:\/\/soymigrante.com\/revista\/joyas-mayas-migrantes-jarra-con-relieve-en-el-met-museum-ny\/\" \/>\n\t<meta name=\"generator\" content=\"All in One SEO Pro (AIOSEO) 4.9.6.2\" \/>\n\n\t\t<link rel=\"preconnect\" href=\"https:\/\/fonts.googleapis.com\" crossorigin>\n<link rel=\"preconnect\" href=\"https:\/\/fonts.gstatic.com\" crossorigin>\n\t\t<meta property=\"og:locale\" content=\"es_ES\" \/>\n\t\t<meta property=\"og:site_name\" content=\"SoyMigrante.com REVISTA \u2013 Nuestra misi\u00f3n es reconocer y dignificar al migrante.\" \/>\n\t\t<meta property=\"og:type\" content=\"article\" \/>\n\t\t<meta property=\"og:title\" content=\"Joyas mayas migrantes: Chocolatera en el Met Museum NY\" \/>\n\t\t<meta property=\"og:description\" content=\"Recipiente maya con un fascinante dise\u00f1o tallado en relieve sobre material calizo. Se conserva en la colecci\u00f3n del Museo Metropolitano de Nueva York. Con\u00f3celo\" \/>\n\t\t<meta property=\"og:url\" content=\"https:\/\/soymigrante.com\/revista\/joyas-mayas-migrantes-jarra-con-relieve-en-el-met-museum-ny\/\" \/>\n\t\t<meta property=\"og:image\" content=\"https:\/\/soymigrante.com\/revista\/wp-content\/uploads\/2024\/07\/jarra-maya-grabada-met-1.webp\" \/>\n\t\t<meta property=\"og:image:secure_url\" content=\"https:\/\/soymigrante.com\/revista\/wp-content\/uploads\/2024\/07\/jarra-maya-grabada-met-1.webp\" \/>\n\t\t<meta property=\"og:image:width\" content=\"850\" \/>\n\t\t<meta property=\"og:image:height\" content=\"850\" \/>\n\t\t<meta property=\"article:published_time\" content=\"2024-07-29T16:46:14+00:00\" \/>\n\t\t<meta property=\"article:modified_time\" content=\"2025-05-16T17:07:26+00:00\" \/>\n\t\t<meta property=\"article:publisher\" content=\"https:\/\/www.facebook.com\/soymigrantecom\" \/>\n\t\t<meta name=\"twitter:card\" content=\"summary_large_image\" \/>\n\t\t<meta name=\"twitter:site\" content=\"@SoyMigrante_com\" \/>\n\t\t<meta name=\"twitter:title\" content=\"Joyas mayas migrantes: Chocolatera en el Met Museum NY\" \/>\n\t\t<meta name=\"twitter:description\" content=\"Recipiente maya con un fascinante dise\u00f1o tallado en relieve sobre material calizo. Se conserva en la colecci\u00f3n del Museo Metropolitano de Nueva York. Con\u00f3celo\" \/>\n\t\t<meta name=\"twitter:creator\" content=\"@SoyMigrante_com\" \/>\n\t\t<meta name=\"twitter:image\" content=\"https:\/\/soymigrante.com\/revista\/wp-content\/uploads\/2024\/07\/jarra-maya-grabada-met-1.webp\" \/>\n\t\t<!-- All in One SEO Pro -->\r\n\t\t<title>Joyas mayas migrantes: Chocolatera en el Met Museum NY<\/title>\n\n","aioseo_head_json":{"title":"Joyas mayas migrantes: Chocolatera en el Met Museum NY","description":"Recipiente maya con un fascinante dise\u00f1o tallado en relieve sobre material calizo. Se conserva en la colecci\u00f3n del Museo Metropolitano de Nueva York. Con\u00f3celo","canonical_url":"https:\/\/soymigrante.com\/revista\/joyas-mayas-migrantes-jarra-con-relieve-en-el-met-museum-ny\/","robots":"max-snippet:-1, max-image-preview:large, max-video-preview:-1","keywords":"","webmasterTools":{"miscellaneous":"&lt;link rel=\"preconnect\" href=\"https:\/\/fonts.googleapis.com\" crossorigin&gt;\n&lt;link rel=\"preconnect\" href=\"https:\/\/fonts.gstatic.com\" crossorigin&gt;"},"schema":null,"og:locale":"es_ES","og:site_name":"SoyMigrante.com REVISTA \u2013 Nuestra misi\u00f3n es reconocer y dignificar al migrante.","og:type":"article","og:title":"Joyas mayas migrantes: Chocolatera en el Met Museum NY","og:description":"Recipiente maya con un fascinante dise\u00f1o tallado en relieve sobre material calizo. Se conserva en la colecci\u00f3n del Museo Metropolitano de Nueva York. Con\u00f3celo","og:url":"https:\/\/soymigrante.com\/revista\/joyas-mayas-migrantes-jarra-con-relieve-en-el-met-museum-ny\/","og:image":"https:\/\/soymigrante.com\/revista\/wp-content\/uploads\/2024\/07\/jarra-maya-grabada-met-1.webp","og:image:secure_url":"https:\/\/soymigrante.com\/revista\/wp-content\/uploads\/2024\/07\/jarra-maya-grabada-met-1.webp","og:image:width":850,"og:image:height":850,"article:published_time":"2024-07-29T16:46:14+00:00","article:modified_time":"2025-05-16T17:07:26+00:00","article:publisher":"https:\/\/www.facebook.com\/soymigrantecom","twitter:card":"summary_large_image","twitter:site":"@SoyMigrante_com","twitter:title":"Joyas mayas migrantes: Chocolatera en el Met Museum NY","twitter:description":"Recipiente maya con un fascinante dise\u00f1o tallado en relieve sobre material calizo. Se conserva en la colecci\u00f3n del Museo Metropolitano de Nueva York. Con\u00f3celo","twitter:creator":"@SoyMigrante_com","twitter:image":"https:\/\/soymigrante.com\/revista\/wp-content\/uploads\/2024\/07\/jarra-maya-grabada-met-1.webp"},"aioseo_meta_data":{"post_id":"10078","title":"Joyas mayas migrantes: ofrenda de un gobernante a otro, en NY","description":"Un gobernante entrega una ofrenda a otro m\u00e1s poderoso: eso representa este dintel del sitio La Pasadita, Pet\u00e9n, conservado en el Museo Met. de Nueva York.","keywords":null,"keyphrases":{"focus":{"keyphrase":"Joyas mayas","score":60,"analysis":{"keyphraseInTitle":{"score":9,"maxScore":9,"error":0},"keyphraseInDescription":{"score":3,"maxScore":9,"error":1},"keyphraseLength":{"score":9,"maxScore":9,"error":0,"length":2},"keyphraseInURL":{"score":5,"maxScore":5,"error":0},"keyphraseInIntroduction":{"score":3,"maxScore":9,"error":1},"keyphraseInSubHeadings":{"score":9,"maxScore":9,"error":0},"keyphraseInImageAlt":{"score":3,"maxScore":9,"error":1},"keywordDensity":{"score":0,"type":"low","maxScore":9,"error":1}}},"additional":[{"keyphrase":"Dintel","score":87,"analysis":{"keyphraseInDescription":{"score":9,"maxScore":9,"error":0},"keyphraseLength":{"score":9,"maxScore":9,"error":0,"length":1},"keyphraseInIntroduction":{"score":3,"maxScore":9,"error":1},"keyphraseInImageAlt":{"score":9,"maxScore":9,"error":0},"keywordDensity":{"type":"best","score":9,"maxScore":9,"error":0}}}]},"primary_term":null,"canonical_url":null,"og_title":null,"og_description":null,"og_object_type":"default","og_image_type":"default","og_image_url":null,"og_image_width":null,"og_image_height":null,"og_image_custom_url":null,"og_image_custom_fields":null,"og_video":"","og_custom_url":null,"og_article_section":null,"og_article_tags":null,"twitter_use_og":false,"twitter_card":"default","twitter_image_type":"default","twitter_image_url":null,"twitter_image_custom_url":null,"twitter_image_custom_fields":null,"twitter_title":null,"twitter_description":null,"schema":{"blockGraphs":[],"customGraphs":[],"default":{"data":{"Article":[],"Course":[],"Dataset":[],"FAQPage":[],"Movie":[],"Person":[],"Product":[],"ProductReview":[],"Car":[],"Recipe":[],"Service":[],"SoftwareApplication":[],"WebPage":[]},"graphName":"none","isEnabled":true},"graphs":[]},"schema_type":"default","schema_type_options":null,"pillar_content":false,"robots_default":true,"robots_noindex":false,"robots_noarchive":false,"robots_nosnippet":false,"robots_nofollow":false,"robots_noimageindex":false,"robots_noodp":false,"robots_notranslate":false,"robots_max_snippet":"-1","robots_max_videopreview":"-1","robots_max_imagepreview":"large","priority":null,"frequency":"default","local_seo":null,"seo_analyzer_scan_date":"2025-10-08 23:33:51","breadcrumb_settings":null,"limit_modified_date":false,"reviewed_by":null,"open_ai":"{\"title\":{\"suggestions\":[],\"usage\":0},\"description\":{\"suggestions\":[],\"usage\":0}}","ai":null,"created":"2024-10-07 05:19:05","updated":"2026-02-04 14:49:03"},"aioseo_breadcrumb":"<div class=\"aioseo-breadcrumbs\"><span class=\"aioseo-breadcrumb\">\n\t<a href=\"https:\/\/soymigrante.com\/revista\" title=\"Home\">Home<\/a>\n<\/span><span class=\"aioseo-breadcrumb-separator\">\u00bb<\/span><span class=\"aioseo-breadcrumb\">\n\t<a href=\"https:\/\/soymigrante.com\/revista\/category\/guate-nuestra\/\" title=\"Guate Nuestra\">Guate Nuestra<\/a>\n<\/span><span class=\"aioseo-breadcrumb-separator\">\u00bb<\/span><span class=\"aioseo-breadcrumb\">\n\tJoyas mayas migrantes: La ofrenda del se\u00f1or Tiloom, dintel de madera en el Museo Met NY\n<\/span><\/div>","aioseo_breadcrumb_json":[{"label":"Home","link":"https:\/\/soymigrante.com\/revista"},{"label":"Guate Nuestra","link":"https:\/\/soymigrante.com\/revista\/category\/guate-nuestra\/"},{"label":"Joyas mayas migrantes: La ofrenda del se\u00f1or Tiloom, dintel de madera en el Museo Met NY","link":"https:\/\/soymigrante.com\/revista\/joyas-mayas-migrantes-la-ofrenda-de-un-gobernante-dintel-en-el-museo-met-de-nueva-york\/"}],"_links":{"self":[{"href":"https:\/\/soymigrante.com\/revista\/wp-json\/wp\/v2\/posts\/10078","targetHints":{"allow":["GET"]}}],"collection":[{"href":"https:\/\/soymigrante.com\/revista\/wp-json\/wp\/v2\/posts"}],"about":[{"href":"https:\/\/soymigrante.com\/revista\/wp-json\/wp\/v2\/types\/post"}],"author":[{"embeddable":true,"href":"https:\/\/soymigrante.com\/revista\/wp-json\/wp\/v2\/users\/7"}],"replies":[{"embeddable":true,"href":"https:\/\/soymigrante.com\/revista\/wp-json\/wp\/v2\/comments?post=10078"}],"version-history":[{"count":4,"href":"https:\/\/soymigrante.com\/revista\/wp-json\/wp\/v2\/posts\/10078\/revisions"}],"predecessor-version":[{"id":33872,"href":"https:\/\/soymigrante.com\/revista\/wp-json\/wp\/v2\/posts\/10078\/revisions\/33872"}],"wp:featuredmedia":[{"embeddable":true,"href":"https:\/\/soymigrante.com\/revista\/wp-json\/wp\/v2\/media\/10079"}],"wp:attachment":[{"href":"https:\/\/soymigrante.com\/revista\/wp-json\/wp\/v2\/media?parent=10078"}],"wp:term":[{"taxonomy":"category","embeddable":true,"href":"https:\/\/soymigrante.com\/revista\/wp-json\/wp\/v2\/categories?post=10078"},{"taxonomy":"post_tag","embeddable":true,"href":"https:\/\/soymigrante.com\/revista\/wp-json\/wp\/v2\/tags?post=10078"}],"curies":[{"name":"wp","href":"https:\/\/api.w.org\/{rel}","templated":true}]}}