{"id":10057,"date":"2024-10-05T22:24:33","date_gmt":"2024-10-06T04:24:33","guid":{"rendered":"https:\/\/soymigrante.com\/revista\/?p=10057"},"modified":"2024-10-31T21:54:34","modified_gmt":"2024-11-01T03:54:34","slug":"que-juegue-futbol-pero-que-estudie-winston-y-nancy-migrantes-y-papas-de-seleccionado-sub-17","status":"publish","type":"post","link":"https:\/\/soymigrante.com\/revista\/que-juegue-futbol-pero-que-estudie-winston-y-nancy-migrantes-y-papas-de-seleccionado-sub-17\/","title":{"rendered":"&#8220;Que juegue f\u00fatbol pero que estudie&#8221;: Winston y Nancy,  migrantes y pap\u00e1s de seleccionado sub-17 Christian Rodr\u00edguez"},"content":{"rendered":"\t\t<div data-elementor-type=\"wp-post\" data-elementor-id=\"10057\" class=\"elementor elementor-10057\" data-elementor-post-type=\"post\">\n\t\t\t\t<div data-particle_enable=\"false\" data-particle-mobile-disabled=\"false\" class=\"elementor-element elementor-element-835b715 e-flex e-con-boxed e-con e-parent\" data-id=\"835b715\" data-element_type=\"container\" data-e-type=\"container\">\n\t\t\t\t\t<div class=\"e-con-inner\">\n\t\t\t\t<div class=\"elementor-element elementor-element-da3294c elementor-widget elementor-widget-heading\" data-id=\"da3294c\" data-element_type=\"widget\" data-e-type=\"widget\" data-widget_type=\"heading.default\">\n\t\t\t\t\t<h2 class=\"elementor-heading-title elementor-size-default\"><span style=\"font-size: 31.2px\">Christian Rodr\u00edguez naci\u00f3 en Maryland, tiene 14 a\u00f1os y viaj\u00f3 a Guatemala para integrarse a la selecci\u00f3n sub 17. Su pap\u00e1 Winston Rodr\u00edguez, es de Chiquimulilla, Santa Rosa; su mam\u00e1, Nancy, naci\u00f3 en El Salvador. \"Es una emoci\u00f3n grande\", dice Winston y esta es la historia.\n<\/span><div><br><\/div><\/h2>\t\t\t\t<\/div>\n\t\t\t\t\t<\/div>\n\t\t\t\t<\/div>\n\t\t<div data-particle_enable=\"false\" data-particle-mobile-disabled=\"false\" class=\"elementor-element elementor-element-5043294 e-flex e-con-boxed e-con e-parent\" data-id=\"5043294\" data-element_type=\"container\" data-e-type=\"container\">\n\t\t\t\t\t<div class=\"e-con-inner\">\n\t\t\t\t<div class=\"elementor-element elementor-element-52eb625 elementor-widget elementor-widget-text-editor\" data-id=\"52eb625\" data-element_type=\"widget\" data-e-type=\"widget\" data-widget_type=\"text-editor.default\">\n\t\t\t\t\t\t\t\t\t<p>A los 14 a\u00f1os lleg\u00f3 a Estados Unidos Winston Rodr\u00edguez, originario de Chiquimulilla, Santa Rosa. Al cumplir los 18, apenas saliendo de High School,\u00a0\u00a0<span style=\"color: var( --e-global-color-text ); text-align: var(--text-align);\">se enlist\u00f3 en el Ej\u00e9rcito de Estados Unidos y prest\u00f3 servicio por siete a\u00f1os. Estuvo desplegado en Irak.\u00a0<\/span><\/p><p><span style=\"color: var( --e-global-color-text ); text-align: var(--text-align);\">Hoy, junto a su esposa Nancy viven en Maryland y son los padres de cuatro hijos, de los cuales Christian Rodr\u00edguez, de 14 a\u00f1os,\u00a0 fue convocado a la Selecci\u00f3n Sub17 de Gutemala. Al momento de esta entrevista ellos est\u00e1n en Estados Unidos, mientras su\u00a0 hijo est\u00e1 en la concentraci\u00f3n en suelo Guatemalteco.\u00a0<\/span><\/p><p><span style=\"color: var( --e-global-color-text ); text-align: var(--text-align);\">Esta es la historia.<\/span><\/p><p>\u00a0<\/p>\t\t\t\t\t\t\t\t<\/div>\n\t\t\t\t\t<\/div>\n\t\t\t\t<\/div>\n\t\t<div data-particle_enable=\"false\" data-particle-mobile-disabled=\"false\" class=\"elementor-element elementor-element-2e496e9 e-flex e-con-boxed e-con e-parent\" data-id=\"2e496e9\" data-element_type=\"container\" data-e-type=\"container\">\n\t\t\t\t\t<div class=\"e-con-inner\">\n\t\t\t\t<div class=\"elementor-element elementor-element-a244794 elementor-widget elementor-widget-image\" data-id=\"a244794\" data-element_type=\"widget\" data-e-type=\"widget\" data-widget_type=\"image.default\">\n\t\t\t\t\t\t\t\t\t\t\t\t\t\t\t<img fetchpriority=\"high\" decoding=\"async\" width=\"768\" height=\"854\" src=\"https:\/\/soymigrante.com\/revista\/wp-content\/uploads\/2024\/10\/sub-17-guatemala-921x1024.webp\" class=\"attachment-large size-large wp-image-10061\" alt=\"At alt: Jugador de f\u00fatbol juvenil en celebraci\u00f3n por convocatoria a la selecci\u00f3n nacional de Guatemala en el equipo sub-17, en un partido de f\u00fatbol profesional.\" srcset=\"https:\/\/soymigrante.com\/revista\/wp-content\/uploads\/2024\/10\/sub-17-guatemala-921x1024.webp 921w, https:\/\/soymigrante.com\/revista\/wp-content\/uploads\/2024\/10\/sub-17-guatemala-270x300.webp 270w, https:\/\/soymigrante.com\/revista\/wp-content\/uploads\/2024\/10\/sub-17-guatemala-768x854.webp 768w, https:\/\/soymigrante.com\/revista\/wp-content\/uploads\/2024\/10\/sub-17-guatemala-750x834.webp 750w, https:\/\/soymigrante.com\/revista\/wp-content\/uploads\/2024\/10\/sub-17-guatemala-1140x1268.webp 1140w, https:\/\/soymigrante.com\/revista\/wp-content\/uploads\/2024\/10\/sub-17-guatemala.webp 1179w\" sizes=\"(max-width: 768px) 100vw, 768px\" title=\"sub 17 guatemala \u2013 SoyMigrante.com REVISTA\" \/>\t\t\t\t\t\t\t\t\t\t\t\t\t\t\t<\/div>\n\t\t\t\t\t<\/div>\n\t\t\t\t<\/div>\n\t\t<div data-particle_enable=\"false\" data-particle-mobile-disabled=\"false\" class=\"elementor-element elementor-element-8bcb406 e-flex e-con-boxed e-con e-parent\" data-id=\"8bcb406\" data-element_type=\"container\" data-e-type=\"container\">\n\t\t\t\t\t<div class=\"e-con-inner\">\n\t\t\t\t<div class=\"elementor-element elementor-element-b75f748 elementor-widget elementor-widget-heading\" data-id=\"b75f748\" data-element_type=\"widget\" data-e-type=\"widget\" data-widget_type=\"heading.default\">\n\t\t\t\t\t<h4 class=\"elementor-heading-title elementor-size-default\">\u00bfC\u00f3mo nace el sue\u00f1o de futbol de su hijo Christian?<\/h4>\t\t\t\t<\/div>\n\t\t\t\t\t<\/div>\n\t\t\t\t<\/div>\n\t\t<div data-particle_enable=\"false\" data-particle-mobile-disabled=\"false\" class=\"elementor-element elementor-element-f02301e e-flex e-con-boxed e-con e-parent\" data-id=\"f02301e\" data-element_type=\"container\" data-e-type=\"container\">\n\t\t\t\t\t<div class=\"e-con-inner\">\n\t\t\t\t<div class=\"elementor-element elementor-element-44fa2a9 elementor-widget elementor-widget-text-editor\" data-id=\"44fa2a9\" data-element_type=\"widget\" data-e-type=\"widget\" data-widget_type=\"text-editor.default\">\n\t\t\t\t\t\t\t\t\t<p><span style=\"color: var( --e-global-color-text ); text-align: var(--text-align);\">Winston: Bueno, es como usted sabe, como la mayor\u00eda de los latinos, el f\u00fatbol lo llevamos en la sangre. No somos jugadores profesionales, pero nos fascina. Y bueno tenemos un hijo mayor, a quien yo\u00a0 llevaba a entrenar futbol, pero no le gustaba tanto. Christian era beb\u00e9 y en los entrenos del hermano andaba corriendo la pelota y ah\u00ed naci\u00f3 todo.<\/span><\/p><p>\u00a0<\/p><p>\u00a0<\/p>\t\t\t\t\t\t\t\t<\/div>\n\t\t\t\t\t<\/div>\n\t\t\t\t<\/div>\n\t\t<div data-particle_enable=\"false\" data-particle-mobile-disabled=\"false\" class=\"elementor-element elementor-element-01ca6a7 e-flex e-con-boxed e-con e-parent\" data-id=\"01ca6a7\" data-element_type=\"container\" data-e-type=\"container\">\n\t\t\t\t\t<div class=\"e-con-inner\">\n\t\t\t\t<div class=\"elementor-element elementor-element-e029941 elementor-widget elementor-widget-heading\" data-id=\"e029941\" data-element_type=\"widget\" data-e-type=\"widget\" data-widget_type=\"heading.default\">\n\t\t\t\t\t<h4 class=\"elementor-heading-title elementor-size-default\">\u00bfCu\u00e1ntos a\u00f1os tiene Christian de estar en la academia de Futbol? <\/h4>\t\t\t\t<\/div>\n\t\t\t\t\t<\/div>\n\t\t\t\t<\/div>\n\t\t<div data-particle_enable=\"false\" data-particle-mobile-disabled=\"false\" class=\"elementor-element elementor-element-5a1dbdc e-flex e-con-boxed e-con e-parent\" data-id=\"5a1dbdc\" data-element_type=\"container\" data-e-type=\"container\">\n\t\t\t\t\t<div class=\"e-con-inner\">\n\t\t\t\t<div class=\"elementor-element elementor-element-dc4df89 elementor-widget elementor-widget-text-editor\" data-id=\"dc4df89\" data-element_type=\"widget\" data-e-type=\"widget\" data-widget_type=\"text-editor.default\">\n\t\t\t\t\t\t\t\t\t<p><span style=\"color: var( --e-global-color-text ); text-align: var(--text-align);\">Winston: Christian entr\u00f3 a la Academia a los cuatro a\u00f1os y medio. Ahora tiene 14. Se encuentra en la Academia Cerritos.<\/span><\/p><p>\u00a0<\/p>\t\t\t\t\t\t\t\t<\/div>\n\t\t\t\t\t<\/div>\n\t\t\t\t<\/div>\n\t\t<div data-particle_enable=\"false\" data-particle-mobile-disabled=\"false\" class=\"elementor-element elementor-element-1219743 e-flex e-con-boxed e-con e-parent\" data-id=\"1219743\" data-element_type=\"container\" data-e-type=\"container\">\n\t\t\t\t\t<div class=\"e-con-inner\">\n\t\t\t\t<div class=\"elementor-element elementor-element-10e1e43 elementor-widget elementor-widget-heading\" data-id=\"10e1e43\" data-element_type=\"widget\" data-e-type=\"widget\" data-widget_type=\"heading.default\">\n\t\t\t\t\t<h4 class=\"elementor-heading-title elementor-size-default\">\u00bfC\u00f3mo se siente do\u00f1a Nancy con el seleccionado?<\/h4>\t\t\t\t<\/div>\n\t\t\t\t\t<\/div>\n\t\t\t\t<\/div>\n\t\t<div data-particle_enable=\"false\" data-particle-mobile-disabled=\"false\" class=\"elementor-element elementor-element-08508a3 e-flex e-con-boxed e-con e-parent\" data-id=\"08508a3\" data-element_type=\"container\" data-e-type=\"container\">\n\t\t\t\t\t<div class=\"e-con-inner\">\n\t\t\t\t<div class=\"elementor-element elementor-element-f016476 elementor-widget elementor-widget-text-editor\" data-id=\"f016476\" data-element_type=\"widget\" data-e-type=\"widget\" data-widget_type=\"text-editor.default\">\n\t\t\t\t\t\t\t\t\t<p><span style=\"color: var( --e-global-color-text ); text-align: var(--text-align);\">Nancy: Pues me siento muy orgullosa de \u00e9l. \u00c9l desde chiquito le ha gustado la pelota y mi esposo sabe a m\u00ed me gusta tomarle v\u00eddeo. Tengo uno muy divertido, cuando ten\u00eda cuatro a\u00f1os, le pregunto: Cristian cuando t\u00fa seas grande \u00bfpara qui\u00e9n vas a jugar? \u00c9l dice para el Barsa, pero su pap\u00e1 es Real Madrid.\u00a0<\/span><\/p><p><span style=\"font-family: Roboto, sans-serif; font-size: 16px; font-style: normal; font-variant-ligatures: normal; font-variant-caps: normal; font-weight: 400;\">Es un video muy tierno. De hecho al decirle que mencionara jugadores del Barsa, dec\u00eda nombres pero del Real. Christian siempre andaba con su camisola, shorts y sus zapatos de futbol. Naci\u00f3 para esto.<\/span><span style=\"color: var( --e-global-color-text ); text-align: var(--text-align);\"><br \/><\/span><\/p><p>\u00a0<\/p>\t\t\t\t\t\t\t\t<\/div>\n\t\t\t\t\t<\/div>\n\t\t\t\t<\/div>\n\t\t<div data-particle_enable=\"false\" data-particle-mobile-disabled=\"false\" class=\"elementor-element elementor-element-6dc3be0 e-flex e-con-boxed e-con e-parent\" data-id=\"6dc3be0\" data-element_type=\"container\" data-e-type=\"container\">\n\t\t\t\t\t<div class=\"e-con-inner\">\n\t\t\t\t<div class=\"elementor-element elementor-element-8e2fae5 elementor-widget elementor-widget-heading\" data-id=\"8e2fae5\" data-element_type=\"widget\" data-e-type=\"widget\" data-widget_type=\"heading.default\">\n\t\t\t\t\t<h4 class=\"elementor-heading-title elementor-size-default\">\u00bfC\u00f3mo es un d\u00eda en la rutina de Christian?<\/h4>\t\t\t\t<\/div>\n\t\t\t\t\t<\/div>\n\t\t\t\t<\/div>\n\t\t<div data-particle_enable=\"false\" data-particle-mobile-disabled=\"false\" class=\"elementor-element elementor-element-97a7dfe e-flex e-con-boxed e-con e-parent\" data-id=\"97a7dfe\" data-element_type=\"container\" data-e-type=\"container\">\n\t\t\t\t\t<div class=\"e-con-inner\">\n\t\t\t\t<div class=\"elementor-element elementor-element-2f558bb elementor-widget elementor-widget-text-editor\" data-id=\"2f558bb\" data-element_type=\"widget\" data-e-type=\"widget\" data-widget_type=\"text-editor.default\">\n\t\t\t\t\t\t\t\t\t<p><span style=\"color: var( --e-global-color-text ); text-align: var(--text-align);\">Winston: Se levanta a las 4 de la ma\u00f1ana para ir a entrenar. Despu\u00e9s se va a la escuela. Es un buen estudiante. Nunca ha tenido problemas con sus calificaciones entonces nosotros le apoyamos en su gusto con el futbol. Est\u00e1 en noveno grado. Y despu\u00e9s que sale de clases, tiene que ir al otro entreno del futbol desde las seis hasta las nueve de la noche.<\/span><\/p><p>\u00a0<\/p>\t\t\t\t\t\t\t\t<\/div>\n\t\t\t\t\t<\/div>\n\t\t\t\t<\/div>\n\t\t<div data-particle_enable=\"false\" data-particle-mobile-disabled=\"false\" class=\"elementor-element elementor-element-42fc449 e-flex e-con-boxed e-con e-parent\" data-id=\"42fc449\" data-element_type=\"container\" data-e-type=\"container\">\n\t\t\t\t\t<div class=\"e-con-inner\">\n\t\t\t\t<div class=\"elementor-element elementor-element-18f0d92 elementor-widget elementor-widget-image\" data-id=\"18f0d92\" data-element_type=\"widget\" data-e-type=\"widget\" data-widget_type=\"image.default\">\n\t\t\t\t\t\t\t\t\t\t\t\t<figure class=\"wp-caption\">\n\t\t\t\t\t\t\t\t\t\t<img decoding=\"async\" width=\"768\" height=\"388\" src=\"https:\/\/soymigrante.com\/revista\/wp-content\/uploads\/2024\/10\/Captura-de-pantalla-2024-10-05-221513.webp\" class=\"attachment-large size-large wp-image-10062\" alt=\"Familia en un muelle junto al r\u00edo al atardecer, imagen que representa la vida y cultura migrante en el contexto de SoyMigrante.com REVISTA.\" srcset=\"https:\/\/soymigrante.com\/revista\/wp-content\/uploads\/2024\/10\/Captura-de-pantalla-2024-10-05-221513.webp 781w, https:\/\/soymigrante.com\/revista\/wp-content\/uploads\/2024\/10\/Captura-de-pantalla-2024-10-05-221513-300x152.webp 300w, https:\/\/soymigrante.com\/revista\/wp-content\/uploads\/2024\/10\/Captura-de-pantalla-2024-10-05-221513-768x388.jpg 768w, https:\/\/soymigrante.com\/revista\/wp-content\/uploads\/2024\/10\/Captura-de-pantalla-2024-10-05-221513-750x379.webp 750w\" sizes=\"(max-width: 768px) 100vw, 768px\" title=\"Una familia unida es el m\u00e1s grande valor de los esposos Rodr\u00edguez, para animar el \u00e9xito en sus hijos. \u2013 SoyMigrante.com REVISTA\" \/>\t\t\t\t\t\t\t\t\t\t\t<figcaption class=\"widget-image-caption wp-caption-text\">Personas disfrutando de un momento en un muelle al atardecer, simbolizando la historia de migrantes y comunidades en movimiento, destacando temas de vida, cultura y experiencias migrantes.<\/figcaption>\n\t\t\t\t\t\t\t\t\t\t<\/figure>\n\t\t\t\t\t\t\t\t\t<\/div>\n\t\t\t\t\t<\/div>\n\t\t\t\t<\/div>\n\t\t<div data-particle_enable=\"false\" data-particle-mobile-disabled=\"false\" class=\"elementor-element elementor-element-5f1cc57 e-flex e-con-boxed e-con e-parent\" data-id=\"5f1cc57\" data-element_type=\"container\" data-e-type=\"container\">\n\t\t\t\t\t<div class=\"e-con-inner\">\n\t\t\t\t<div class=\"elementor-element elementor-element-5112fa0 elementor-widget elementor-widget-heading\" data-id=\"5112fa0\" data-element_type=\"widget\" data-e-type=\"widget\" data-widget_type=\"heading.default\">\n\t\t\t\t\t<h4 class=\"elementor-heading-title elementor-size-default\">\u00bfD\u00f3nde nacieron Winston y Nancy?<\/h4>\t\t\t\t<\/div>\n\t\t\t\t\t<\/div>\n\t\t\t\t<\/div>\n\t\t<div data-particle_enable=\"false\" data-particle-mobile-disabled=\"false\" class=\"elementor-element elementor-element-5ea4022 e-flex e-con-boxed e-con e-parent\" data-id=\"5ea4022\" data-element_type=\"container\" data-e-type=\"container\">\n\t\t\t\t\t<div class=\"e-con-inner\">\n\t\t\t\t<div class=\"elementor-element elementor-element-e814f64 elementor-widget elementor-widget-text-editor\" data-id=\"e814f64\" data-element_type=\"widget\" data-e-type=\"widget\" data-widget_type=\"text-editor.default\">\n\t\t\t\t\t\t\t\t\t<p><span style=\"color: var( --e-global-color-text ); text-align: var(--text-align);\">Winston: Yo soy originario de Chiquimulilla, Santa Rosa. Mi esposa, es originaria de El Salvador. Nos conocimos en una fiesta aqu\u00ed en Maryland.<\/span><\/p><p>\u00a0<\/p>\t\t\t\t\t\t\t\t<\/div>\n\t\t\t\t\t<\/div>\n\t\t\t\t<\/div>\n\t\t<div data-particle_enable=\"false\" data-particle-mobile-disabled=\"false\" class=\"elementor-element elementor-element-7cbb553 e-flex e-con-boxed e-con e-parent\" data-id=\"7cbb553\" data-element_type=\"container\" data-e-type=\"container\">\n\t\t\t\t\t<div class=\"e-con-inner\">\n\t\t\t\t<div class=\"elementor-element elementor-element-28cefce elementor-widget elementor-widget-heading\" data-id=\"28cefce\" data-element_type=\"widget\" data-e-type=\"widget\" data-widget_type=\"heading.default\">\n\t\t\t\t\t<h4 class=\"elementor-heading-title elementor-size-default\">\u00bfA qu\u00e9 edad lleg\u00f3 Winston a EE.UU. y como fue la adaptaci\u00f3n?<\/h4>\t\t\t\t<\/div>\n\t\t\t\t\t<\/div>\n\t\t\t\t<\/div>\n\t\t<div data-particle_enable=\"false\" data-particle-mobile-disabled=\"false\" class=\"elementor-element elementor-element-8fe3dde e-flex e-con-boxed e-con e-parent\" data-id=\"8fe3dde\" data-element_type=\"container\" data-e-type=\"container\">\n\t\t\t\t\t<div class=\"e-con-inner\">\n\t\t\t\t<div class=\"elementor-element elementor-element-3d51fc5 elementor-widget elementor-widget-text-editor\" data-id=\"3d51fc5\" data-element_type=\"widget\" data-e-type=\"widget\" data-widget_type=\"text-editor.default\">\n\t\t\t\t\t\t\t\t\t<p><span style=\"color: var( --e-global-color-text ); text-align: var(--text-align);\">Mis padres me trajeron a los 14 a\u00f1os. No sab\u00eda nada de ingl\u00e9s. Fue un choque cultural muy fuerte, pero me pusieron de inmediato a estudiar.<\/span><\/p><p>\u00a0<\/p><p>\u00a0<\/p>\t\t\t\t\t\t\t\t<\/div>\n\t\t\t\t\t<\/div>\n\t\t\t\t<\/div>\n\t\t<div data-particle_enable=\"false\" data-particle-mobile-disabled=\"false\" class=\"elementor-element elementor-element-f5c9abf e-flex e-con-boxed e-con e-parent\" data-id=\"f5c9abf\" data-element_type=\"container\" data-e-type=\"container\">\n\t\t\t\t\t<div class=\"e-con-inner\">\n\t\t\t\t<div class=\"elementor-element elementor-element-facdce8 elementor-widget elementor-widget-heading\" data-id=\"facdce8\" data-element_type=\"widget\" data-e-type=\"widget\" data-widget_type=\"heading.default\">\n\t\t\t\t\t<h4 class=\"elementor-heading-title elementor-size-default\">\u00bfY c\u00f3mo lleg\u00f3 al Ej\u00e9rcito?<\/h4>\t\t\t\t<\/div>\n\t\t\t\t\t<\/div>\n\t\t\t\t<\/div>\n\t\t<div data-particle_enable=\"false\" data-particle-mobile-disabled=\"false\" class=\"elementor-element elementor-element-60950cf e-flex e-con-boxed e-con e-parent\" data-id=\"60950cf\" data-element_type=\"container\" data-e-type=\"container\">\n\t\t\t\t\t<div class=\"e-con-inner\">\n\t\t\t\t<div class=\"elementor-element elementor-element-8a66d41 elementor-widget elementor-widget-text-editor\" data-id=\"8a66d41\" data-element_type=\"widget\" data-e-type=\"widget\" data-widget_type=\"text-editor.default\">\n\t\t\t\t\t\t\t\t\t<p>Yo no sab\u00eda nada del Ej\u00e9rcito, ni siquiera en Guatemala Ni hab\u00eda pensado en eso. Pero cuando estaba finalizando High School, se me meti\u00f3 que quer\u00eda entrar y as\u00ed lo hice.\u00a0Al principio fue duro, por el entrenamiento tan exigente.\u00a0<\/p><p>Cuando nos enviaron a misi\u00f3n, en Irak, pues uno siente nervios porque es algo para lo que uno entren\u00f3, pero tiene sus riesgos. Uno va y regresa o no regresa. Gracias a Dios aqu\u00ed estamos.<\/p>\t\t\t\t\t\t\t\t<\/div>\n\t\t\t\t\t<\/div>\n\t\t\t\t<\/div>\n\t\t<div data-particle_enable=\"false\" data-particle-mobile-disabled=\"false\" class=\"elementor-element elementor-element-61ee703 e-flex e-con-boxed e-con e-parent\" data-id=\"61ee703\" data-element_type=\"container\" data-e-type=\"container\">\n\t\t\t\t\t<div class=\"e-con-inner\">\n\t\t\t\t<div class=\"elementor-element elementor-element-9a05c04 elementor-widget elementor-widget-image\" data-id=\"9a05c04\" data-element_type=\"widget\" data-e-type=\"widget\" data-widget_type=\"image.default\">\n\t\t\t\t\t\t\t\t\t\t\t\t<figure class=\"wp-caption\">\n\t\t\t\t\t\t\t\t\t\t<img decoding=\"async\" width=\"604\" height=\"453\" src=\"https:\/\/soymigrante.com\/revista\/wp-content\/uploads\/2024\/10\/rodriguez-1.webp\" class=\"attachment-large size-large wp-image-10064\" alt=\"Soldados en misi\u00f3n nocturna con veh\u00edculo militar en estado de alerta.\" srcset=\"https:\/\/soymigrante.com\/revista\/wp-content\/uploads\/2024\/10\/rodriguez-1.webp 604w, https:\/\/soymigrante.com\/revista\/wp-content\/uploads\/2024\/10\/rodriguez-1-300x225.webp 300w\" sizes=\"(max-width: 604px) 100vw, 604px\" title=\"Winston Rodr\u00edguez, originario de Chiquimulilla, durante su servicio militar. \u2013 SoyMigrante.com REVISTA\" \/>\t\t\t\t\t\t\t\t\t\t\t<figcaption class=\"widget-image-caption wp-caption-text\">Autoridades militares mexicanas en operaci\u00f3n nocturna, reforzando la seguridad y protecci\u00f3n en zonas vulnerables.<\/figcaption>\n\t\t\t\t\t\t\t\t\t\t<\/figure>\n\t\t\t\t\t\t\t\t\t<\/div>\n\t\t\t\t\t<\/div>\n\t\t\t\t<\/div>\n\t\t<div data-particle_enable=\"false\" data-particle-mobile-disabled=\"false\" class=\"elementor-element elementor-element-fdcf4e2 e-flex e-con-boxed e-con e-parent\" data-id=\"fdcf4e2\" data-element_type=\"container\" data-e-type=\"container\">\n\t\t\t\t\t<div class=\"e-con-inner\">\n\t\t\t\t<div class=\"elementor-element elementor-element-8d605b9 elementor-widget elementor-widget-heading\" data-id=\"8d605b9\" data-element_type=\"widget\" data-e-type=\"widget\" data-widget_type=\"heading.default\">\n\t\t\t\t\t<h4 class=\"elementor-heading-title elementor-size-default\">\u00bfC\u00f3mo viv\u00eda Nancy esa situaci\u00f3n?<\/h4>\t\t\t\t<\/div>\n\t\t\t\t\t<\/div>\n\t\t\t\t<\/div>\n\t\t<div data-particle_enable=\"false\" data-particle-mobile-disabled=\"false\" class=\"elementor-element elementor-element-04acf54 e-flex e-con-boxed e-con e-parent\" data-id=\"04acf54\" data-element_type=\"container\" data-e-type=\"container\">\n\t\t\t\t\t<div class=\"e-con-inner\">\n\t\t\t\t<div class=\"elementor-element elementor-element-dc3a131 elementor-widget elementor-widget-text-editor\" data-id=\"dc3a131\" data-element_type=\"widget\" data-e-type=\"widget\" data-widget_type=\"text-editor.default\">\n\t\t\t\t\t\t\t\t\t<p><span style=\"color: var( --e-global-color-text ); text-align: var(--text-align);\">Nancy: Bueno, cuando le tocaba irse, nos manten\u00edamos en contacto, nos envi\u00e1bamos correos electr\u00f3nicos. Todav\u00eda no era tan f\u00e1cil mensajear como hoy, porque fue como en 2007.<\/span><\/p><p>Winston: Pero a m\u00ed me daba m\u00e1s ilusi\u00f3n poder regresar.<\/p><p>\u00a0<\/p>\t\t\t\t\t\t\t\t<\/div>\n\t\t\t\t\t<\/div>\n\t\t\t\t<\/div>\n\t\t<div data-particle_enable=\"false\" data-particle-mobile-disabled=\"false\" class=\"elementor-element elementor-element-8a30e37 e-flex e-con-boxed e-con e-parent\" data-id=\"8a30e37\" data-element_type=\"container\" data-e-type=\"container\">\n\t\t\t\t\t<div class=\"e-con-inner\">\n\t\t\t\t<div class=\"elementor-element elementor-element-585f54e elementor-widget elementor-widget-heading\" data-id=\"585f54e\" data-element_type=\"widget\" data-e-type=\"widget\" data-widget_type=\"heading.default\">\n\t\t\t\t\t<h4 class=\"elementor-heading-title elementor-size-default\">\u00bfC\u00f3mo vivieron la noticia de la convocatoria de Christian a la Sub-17?<\/h4>\t\t\t\t<\/div>\n\t\t\t\t\t<\/div>\n\t\t\t\t<\/div>\n\t\t<div data-particle_enable=\"false\" data-particle-mobile-disabled=\"false\" class=\"elementor-element elementor-element-269be35 e-flex e-con-boxed e-con e-parent\" data-id=\"269be35\" data-element_type=\"container\" data-e-type=\"container\">\n\t\t\t\t\t<div class=\"e-con-inner\">\n\t\t\t\t<div class=\"elementor-element elementor-element-dcc7844 elementor-widget elementor-widget-text-editor\" data-id=\"dcc7844\" data-element_type=\"widget\" data-e-type=\"widget\" data-widget_type=\"text-editor.default\">\n\t\t\t\t\t\t\t\t\t<p><span style=\"color: var( --e-global-color-text ); text-align: var(--text-align);\">Winston: Recuerdo que nos llega la invitaci\u00f3n de la convocatoria un domingo por la tarde. El preparador f\u00edsico de Christian aqu\u00ed nos dice: Dice el entrenador de la Selecci\u00f3n Sub-17 de Guatemala, Rigoberto G\u00f3mez, que te comuniques con \u00e9l, que quiere probarlo en la Selecci\u00f3n. Me dio el n\u00famero de whatsapp y le mand\u00e9 un mensaje. As\u00ed empez\u00f3 todo. Yo sent\u00eda que el pecho se me reventaba de alegr\u00eda y cuando sali\u00f3 ya nombrado en la convocatoria a\u00fan m\u00e1s.<\/span><\/p><p>\u00a0<\/p>\t\t\t\t\t\t\t\t<\/div>\n\t\t\t\t\t<\/div>\n\t\t\t\t<\/div>\n\t\t<div data-particle_enable=\"false\" data-particle-mobile-disabled=\"false\" class=\"elementor-element elementor-element-e3514ca e-flex e-con-boxed e-con e-parent\" data-id=\"e3514ca\" data-element_type=\"container\" data-e-type=\"container\">\n\t\t\t\t\t<div class=\"e-con-inner\">\n\t\t\t\t<div class=\"elementor-element elementor-element-02129db elementor-widget elementor-widget-image\" data-id=\"02129db\" data-element_type=\"widget\" data-e-type=\"widget\" data-widget_type=\"image.default\">\n\t\t\t\t\t\t\t\t\t\t\t\t<figure class=\"wp-caption\">\n\t\t\t\t\t\t\t\t\t\t<img loading=\"lazy\" decoding=\"async\" width=\"768\" height=\"848\" src=\"https:\/\/soymigrante.com\/revista\/wp-content\/uploads\/2024\/10\/cristian-rodriguez-sub-17-927x1024.webp\" class=\"attachment-large size-large wp-image-10065\" alt=\"Joven futbolista en entrenamiento con camiseta de la selecci\u00f3n, en un campo de f\u00fatbol, promoviendo la diversidad y el talento de los migrantes en deportes, en contexto de Revista SoyMigrante.com.\" srcset=\"https:\/\/soymigrante.com\/revista\/wp-content\/uploads\/2024\/10\/cristian-rodriguez-sub-17-927x1024.webp 927w, https:\/\/soymigrante.com\/revista\/wp-content\/uploads\/2024\/10\/cristian-rodriguez-sub-17-272x300.webp 272w, https:\/\/soymigrante.com\/revista\/wp-content\/uploads\/2024\/10\/cristian-rodriguez-sub-17-768x848.webp 768w, https:\/\/soymigrante.com\/revista\/wp-content\/uploads\/2024\/10\/cristian-rodriguez-sub-17-1391x1536.webp 1391w, https:\/\/soymigrante.com\/revista\/wp-content\/uploads\/2024\/10\/cristian-rodriguez-sub-17-750x828.webp 750w, https:\/\/soymigrante.com\/revista\/wp-content\/uploads\/2024\/10\/cristian-rodriguez-sub-17-1140x1259.webp 1140w, https:\/\/soymigrante.com\/revista\/wp-content\/uploads\/2024\/10\/cristian-rodriguez-sub-17.webp 1399w\" sizes=\"(max-width: 768px) 100vw, 768px\" title=\"Christian Rodr\u00edguez, seleccionado sub 17, hijo de migrantes, durante la pr\u00e1ctica en la concentraci\u00f3n de la Selecci\u00f3n en Guatemala. \u2013 SoyMigrante.com REVISTA\" \/>\t\t\t\t\t\t\t\t\t\t\t<figcaption class=\"widget-image-caption wp-caption-text\">Futbolista joven en entrenamiento, promoviendo inclusi\u00f3n y talento de migrantes en deportes, en un campo de f\u00fatbol con logotipo de Concacaf, en el marco de la Revista SoyMigrante.com.<\/figcaption>\n\t\t\t\t\t\t\t\t\t\t<\/figure>\n\t\t\t\t\t\t\t\t\t<\/div>\n\t\t\t\t\t<\/div>\n\t\t\t\t<\/div>\n\t\t<div data-particle_enable=\"false\" data-particle-mobile-disabled=\"false\" class=\"elementor-element elementor-element-7d02030 e-flex e-con-boxed e-con e-parent\" data-id=\"7d02030\" data-element_type=\"container\" data-e-type=\"container\">\n\t\t\t\t\t<div class=\"e-con-inner\">\n\t\t\t\t<div class=\"elementor-element elementor-element-8696e61 elementor-widget elementor-widget-heading\" data-id=\"8696e61\" data-element_type=\"widget\" data-e-type=\"widget\" data-widget_type=\"heading.default\">\n\t\t\t\t\t<h4 class=\"elementor-heading-title elementor-size-default\">\u00bfC\u00f3mo le hacen para que siga sus estudios?<\/h4>\t\t\t\t<\/div>\n\t\t\t\t\t<\/div>\n\t\t\t\t<\/div>\n\t\t<div data-particle_enable=\"false\" data-particle-mobile-disabled=\"false\" class=\"elementor-element elementor-element-0ef17a1 e-flex e-con-boxed e-con e-parent\" data-id=\"0ef17a1\" data-element_type=\"container\" data-e-type=\"container\">\n\t\t\t\t\t<div class=\"e-con-inner\">\n\t\t\t\t<div class=\"elementor-element elementor-element-3045d5b elementor-widget elementor-widget-text-editor\" data-id=\"3045d5b\" data-element_type=\"widget\" data-e-type=\"widget\" data-widget_type=\"text-editor.default\">\n\t\t\t\t\t\t\t\t\t<p><span style=\"color: var( --e-global-color-text ); text-align: var(--text-align);\">Winston: Esa es la condici\u00f3n. Hablamos con Christian. Le preguntamos: \u00bfQu\u00e9 es lo principal que nosotros queremos que t\u00fa hagas? &#8220;Que estudie&#8221;. Eso, entonces sabemos que te gusta el futbol y podes participar, pero tienes que seguir estudiando. Queremos que tengas la oportunidad de representar a Guatemala pero hay un mundo m\u00e1s all\u00e1 del futbol y debes lograr ir a la universidad, tener una carrera. As\u00ed que es futbol por resultados acad\u00e9micos.<\/span><\/p><p><span style=\"color: var( --e-global-color-text ); text-align: var(--text-align);\">Nancy: Sabemos que lo har\u00e1. El recibe clases avanzadas, sabe lo que esperamos de \u00e9l y lo cumplir\u00e1. La convocatoria terminaba este mi\u00e9rcoles, pero La Chula G\u00f3mez, el entrenador nos pidi\u00f3 si lo pod\u00eda tener una semana m\u00e1s en la cancha. As\u00ed que se qued\u00f3 esta semana.\u00a0\u00a0<\/span><\/p><p>\u00a0<\/p>\t\t\t\t\t\t\t\t<\/div>\n\t\t\t\t\t<\/div>\n\t\t\t\t<\/div>\n\t\t<div data-particle_enable=\"false\" data-particle-mobile-disabled=\"false\" class=\"elementor-element elementor-element-f3ff130 e-flex e-con-boxed e-con e-parent\" data-id=\"f3ff130\" data-element_type=\"container\" data-e-type=\"container\">\n\t\t\t\t\t<div class=\"e-con-inner\">\n\t\t\t\t<div class=\"elementor-element elementor-element-7f0f86a elementor-widget elementor-widget-heading\" data-id=\"7f0f86a\" data-element_type=\"widget\" data-e-type=\"widget\" data-widget_type=\"heading.default\">\n\t\t\t\t\t<h4 class=\"elementor-heading-title elementor-size-default\">\u00bfCu\u00e1l es su gran sue\u00f1o?<\/h4>\t\t\t\t<\/div>\n\t\t\t\t\t<\/div>\n\t\t\t\t<\/div>\n\t\t<div data-particle_enable=\"false\" data-particle-mobile-disabled=\"false\" class=\"elementor-element elementor-element-4d37e93 e-flex e-con-boxed e-con e-parent\" data-id=\"4d37e93\" data-element_type=\"container\" data-e-type=\"container\">\n\t\t\t\t\t<div class=\"e-con-inner\">\n\t\t\t\t<div class=\"elementor-element elementor-element-d35c25d elementor-widget elementor-widget-text-editor\" data-id=\"d35c25d\" data-element_type=\"widget\" data-e-type=\"widget\" data-widget_type=\"text-editor.default\">\n\t\t\t\t\t\t\t\t\t<p><span style=\"color: var( --e-global-color-text ); text-align: var(--text-align);\">Que Christian logre ser un gran futbolista y un gran profesional. Desea estudiar medicina del deporte en la Universidad y sabemos que lo har\u00e1.\u00a0<\/span><\/p><p>\u00a0<\/p><p>\u00a0<\/p>\t\t\t\t\t\t\t\t<\/div>\n\t\t\t\t\t<\/div>\n\t\t\t\t<\/div>\n\t\t<div data-particle_enable=\"false\" data-particle-mobile-disabled=\"false\" class=\"elementor-element elementor-element-b1589db e-flex e-con-boxed e-con e-parent\" data-id=\"b1589db\" data-element_type=\"container\" data-e-type=\"container\">\n\t\t\t\t\t<div class=\"e-con-inner\">\n\t\t\t\t<div class=\"elementor-element elementor-element-cde952d elementor-widget elementor-widget-text-editor\" data-id=\"cde952d\" data-element_type=\"widget\" data-e-type=\"widget\" data-widget_type=\"text-editor.default\">\n\t\t\t\t\t\t\t\t\t<p>Nota final: Este s\u00e1bado 5 de octubre de 2024, Winston viaj\u00f3 desde Guatemala a Maryland con su hijo Christian. Vino exclusivamente a eso, para seguirlo apoyando y cuidando.<\/p>\t\t\t\t\t\t\t\t<\/div>\n\t\t\t\t\t<\/div>\n\t\t\t\t<\/div>\n\t\t<div data-particle_enable=\"false\" data-particle-mobile-disabled=\"false\" class=\"elementor-element elementor-element-ab920f1 e-flex e-con-boxed e-con e-parent\" data-id=\"ab920f1\" data-element_type=\"container\" data-e-type=\"container\">\n\t\t\t\t\t<div class=\"e-con-inner\">\n\t\t\t\t<div class=\"elementor-element elementor-element-3e8162b elementor-widget elementor-widget-heading\" data-id=\"3e8162b\" data-element_type=\"widget\" data-e-type=\"widget\" data-widget_type=\"heading.default\">\n\t\t\t\t\t<h2 class=\"elementor-heading-title elementor-size-default\">Orgullosos de Guatemala y los guatemaltecos<\/h2>\t\t\t\t<\/div>\n\t\t\t\t\t<\/div>\n\t\t\t\t<\/div>\n\t\t<div data-particle_enable=\"false\" data-particle-mobile-disabled=\"false\" class=\"elementor-element elementor-element-2f15399 e-flex e-con-boxed e-con e-parent\" data-id=\"2f15399\" data-element_type=\"container\" data-e-type=\"container\">\n\t\t\t\t\t<div class=\"e-con-inner\">\n\t\t\t\t<div class=\"elementor-element elementor-element-b80adde elementor-grid-eael-col-3 elementor-grid-tablet-eael-col-2 elementor-grid-mobile-eael-col-1 elementor-widget elementor-widget-eael-post-grid\" data-id=\"b80adde\" data-element_type=\"widget\" data-e-type=\"widget\" data-settings=\"{&quot;eael_post_grid_columns&quot;:&quot;eael-col-3&quot;,&quot;eael_post_grid_columns_tablet&quot;:&quot;eael-col-2&quot;,&quot;eael_post_grid_columns_mobile&quot;:&quot;eael-col-1&quot;}\" data-widget_type=\"eael-post-grid.default\">\n\t\t\t\t\t<div id=\"eael-post-grid-b80adde\" class=\"eael-post-grid-container\">\n            <div class=\"eael-post-grid eael-post-appender eael-post-appender-b80adde eael-post-grid-style-one\" data-layout-mode=\"masonry\"><article class=\"eael-grid-post  eael-post-grid-column eael-pg-post-9834 category-estamos-unidos\" data-id=\"9834\">\n        <div class=\"eael-grid-post-holder\">\n            <div class=\"eael-grid-post-holder-inner\"><div class=\"eael-entry-media\"><div class=\"eael-entry-overlay fade-in\"><i class=\"far fa-hand-pointer\" aria-hidden=\"true\"><\/i><a href=\"https:\/\/soymigrante.com\/revista\/jared-solis-hijo-de-migrantes-guatemaltecos-en-misuri-es-convocado-a-seleccion-sub-17\/\"><\/a><\/div><div class=\"eael-entry-thumbnail \">\n                <img loading=\"lazy\" decoding=\"async\" width=\"1024\" height=\"1024\" src=\"https:\/\/soymigrante.com\/revista\/wp-content\/uploads\/2024\/09\/Seleccion-Sub17-Migrante-Guatemalteco-6-1024x1024.webp\" class=\"attachment-large size-large wp-image-9835\" alt=\"Juventud futbolista con bandera de Guatemala en campo de f\u00fatbol, promoviendo el deporte y la cultura migrante en Estados Unidos.\" srcset=\"https:\/\/soymigrante.com\/revista\/wp-content\/uploads\/2024\/09\/Seleccion-Sub17-Migrante-Guatemalteco-6-1024x1024.webp 1024w, https:\/\/soymigrante.com\/revista\/wp-content\/uploads\/2024\/09\/Seleccion-Sub17-Migrante-Guatemalteco-6-300x300.webp 300w, https:\/\/soymigrante.com\/revista\/wp-content\/uploads\/2024\/09\/Seleccion-Sub17-Migrante-Guatemalteco-6-150x150.webp 150w, https:\/\/soymigrante.com\/revista\/wp-content\/uploads\/2024\/09\/Seleccion-Sub17-Migrante-Guatemalteco-6-768x768.webp 768w, https:\/\/soymigrante.com\/revista\/wp-content\/uploads\/2024\/09\/Seleccion-Sub17-Migrante-Guatemalteco-6-75x75.webp 75w, https:\/\/soymigrante.com\/revista\/wp-content\/uploads\/2024\/09\/Seleccion-Sub17-Migrante-Guatemalteco-6-750x750.webp 750w, https:\/\/soymigrante.com\/revista\/wp-content\/uploads\/2024\/09\/Seleccion-Sub17-Migrante-Guatemalteco-6-1140x1140.webp 1140w, https:\/\/soymigrante.com\/revista\/wp-content\/uploads\/2024\/09\/Seleccion-Sub17-Migrante-Guatemalteco-6.webp 1430w\" sizes=\"(max-width: 1024px) 100vw, 1024px\" \/>\n            <\/div>\n        <\/div><div class=\"eael-entry-wrapper\"><header class=\"eael-entry-header\"><h2 class=\"eael-entry-title\"><a class=\"eael-grid-post-link\" href=\"https:\/\/soymigrante.com\/revista\/jared-solis-hijo-de-migrantes-guatemaltecos-en-misuri-es-convocado-a-seleccion-sub-17\/\" title=\"Jared Sol\u00eds, hijo de migrantes guatemaltecos en Misuri, es convocado a Selecci\u00f3n Sub-17\">Jared Sol\u00eds, hijo de migrantes guatemaltecos en Misuri, es convocado a Selecci\u00f3n Sub-17<\/a><\/h2><\/header><div class=\"eael-entry-content\">\n                        <div class=\"eael-grid-post-excerpt\"><a href=\"https:\/\/soymigrante.com\/revista\/jared-solis-hijo-de-migrantes-guatemaltecos-en-misuri-es-convocado-a-seleccion-sub-17\/\" class=\"eael-post-elements-readmore-btn\">CONOCE SU HISTORIA <\/a><\/div>\n                    <\/div><\/div><\/div>\n        <\/div>\n    <\/article><article class=\"eael-grid-post  eael-post-grid-column eael-pg-post-4008 category-exitos\" data-id=\"4008\">\n        <div class=\"eael-grid-post-holder\">\n            <div class=\"eael-grid-post-holder-inner\"><div class=\"eael-entry-media\"><div class=\"eael-entry-overlay fade-in\"><i class=\"far fa-hand-pointer\" aria-hidden=\"true\"><\/i><a href=\"https:\/\/soymigrante.com\/revista\/matrimonio-migrante-marine-corps-finanzas-amor-familia-guatemalteca-finanzas\/\"><\/a><\/div><div class=\"eael-entry-thumbnail \">\n                <img loading=\"lazy\" decoding=\"async\" width=\"1024\" height=\"835\" src=\"https:\/\/soymigrante.com\/revista\/wp-content\/uploads\/2023\/12\/JONATHANY-EYLI-MARINE-FOTO-e1703652746213-1024x835.webp\" class=\"attachment-large size-large wp-image-4013\" alt=\"\" srcset=\"https:\/\/soymigrante.com\/revista\/wp-content\/uploads\/2023\/12\/JONATHANY-EYLI-MARINE-FOTO-e1703652746213-1024x835.webp 1024w, https:\/\/soymigrante.com\/revista\/wp-content\/uploads\/2023\/12\/JONATHANY-EYLI-MARINE-FOTO-e1703652746213-300x244.webp 300w, https:\/\/soymigrante.com\/revista\/wp-content\/uploads\/2023\/12\/JONATHANY-EYLI-MARINE-FOTO-e1703652746213-768x626.webp 768w, https:\/\/soymigrante.com\/revista\/wp-content\/uploads\/2023\/12\/JONATHANY-EYLI-MARINE-FOTO-e1703652746213-1536x1252.webp 1536w, https:\/\/soymigrante.com\/revista\/wp-content\/uploads\/2023\/12\/JONATHANY-EYLI-MARINE-FOTO-e1703652746213-750x611.webp 750w, https:\/\/soymigrante.com\/revista\/wp-content\/uploads\/2023\/12\/JONATHANY-EYLI-MARINE-FOTO-e1703652746213-1140x929.webp 1140w, https:\/\/soymigrante.com\/revista\/wp-content\/uploads\/2023\/12\/JONATHANY-EYLI-MARINE-FOTO-e1703652746213.webp 1920w\" sizes=\"(max-width: 1024px) 100vw, 1024px\" \/>\n            <\/div>\n        <\/div><div class=\"eael-entry-wrapper\"><header class=\"eael-entry-header\"><h2 class=\"eael-entry-title\"><a class=\"eael-grid-post-link\" href=\"https:\/\/soymigrante.com\/revista\/matrimonio-migrante-marine-corps-finanzas-amor-familia-guatemalteca-finanzas\/\" title=\"Eyly y Jonathan Luna: historia de amor, lucha y superaci\u00f3n migrante\">Eyly y Jonathan Luna: historia de amor, lucha y superaci\u00f3n migrante<\/a><\/h2><\/header><div class=\"eael-entry-content\">\n                        <div class=\"eael-grid-post-excerpt\"><a href=\"https:\/\/soymigrante.com\/revista\/matrimonio-migrante-marine-corps-finanzas-amor-familia-guatemalteca-finanzas\/\" class=\"eael-post-elements-readmore-btn\">CONOCE SU HISTORIA <\/a><\/div>\n                    <\/div><\/div><\/div>\n        <\/div>\n    <\/article><article class=\"eael-grid-post  eael-post-grid-column eael-pg-post-1469 category-exitos tags-tennessee\" data-id=\"1469\">\n        <div class=\"eael-grid-post-holder\">\n            <div class=\"eael-grid-post-holder-inner\"><div class=\"eael-entry-media\"><div class=\"eael-entry-overlay fade-in\"><i class=\"far fa-hand-pointer\" aria-hidden=\"true\"><\/i><a href=\"https:\/\/soymigrante.com\/revista\/migrante-guatemalteca-apoya-a-compatriotas-en-tennessee\/\"><\/a><\/div><div class=\"eael-entry-thumbnail \">\n                <img loading=\"lazy\" decoding=\"async\" width=\"768\" height=\"1024\" src=\"https:\/\/soymigrante.com\/revista\/wp-content\/uploads\/2023\/06\/Migrante-guatemalteca-Velvet-Hernandez-Johnson-triunfa-como-profesional-en-Estados-Unidos-y-apoya-a-migrantes-hispanos-a-traves-de-voluntariados-2-768x1024.webp\" class=\"attachment-large size-large wp-image-1474\" alt=\"Velvet Hern\u00e1ndez-Johnson visita cada a\u00f1o a su familia en Guatemala y siempre lleva algo nuevo para la exposici\u00f3n permanente en el museo local.\" srcset=\"https:\/\/soymigrante.com\/revista\/wp-content\/uploads\/2023\/06\/Migrante-guatemalteca-Velvet-Hernandez-Johnson-triunfa-como-profesional-en-Estados-Unidos-y-apoya-a-migrantes-hispanos-a-traves-de-voluntariados-2-768x1024.webp 768w, https:\/\/soymigrante.com\/revista\/wp-content\/uploads\/2023\/06\/Migrante-guatemalteca-Velvet-Hernandez-Johnson-triunfa-como-profesional-en-Estados-Unidos-y-apoya-a-migrantes-hispanos-a-traves-de-voluntariados-2-225x300.webp 225w, https:\/\/soymigrante.com\/revista\/wp-content\/uploads\/2023\/06\/Migrante-guatemalteca-Velvet-Hernandez-Johnson-triunfa-como-profesional-en-Estados-Unidos-y-apoya-a-migrantes-hispanos-a-traves-de-voluntariados-2-750x1000.webp 750w, https:\/\/soymigrante.com\/revista\/wp-content\/uploads\/2023\/06\/Migrante-guatemalteca-Velvet-Hernandez-Johnson-triunfa-como-profesional-en-Estados-Unidos-y-apoya-a-migrantes-hispanos-a-traves-de-voluntariados-2.webp 960w\" sizes=\"(max-width: 768px) 100vw, 768px\" \/>\n            <\/div>\n        <\/div><div class=\"eael-entry-wrapper\"><header class=\"eael-entry-header\"><h2 class=\"eael-entry-title\"><a class=\"eael-grid-post-link\" href=\"https:\/\/soymigrante.com\/revista\/migrante-guatemalteca-apoya-a-compatriotas-en-tennessee\/\" title=\"Velvet Hern\u00e1ndez-Johnson triunfa en Tennessee y capacita a  migrantes\">Velvet Hern\u00e1ndez-Johnson triunfa en Tennessee y capacita a  migrantes<\/a><\/h2><\/header><div class=\"eael-entry-content\">\n                        <div class=\"eael-grid-post-excerpt\"><a href=\"https:\/\/soymigrante.com\/revista\/migrante-guatemalteca-apoya-a-compatriotas-en-tennessee\/\" class=\"eael-post-elements-readmore-btn\">CONOCE SU HISTORIA <\/a><\/div>\n                    <\/div><\/div><\/div>\n        <\/div>\n    <\/article><\/div>\n            <div class=\"clearfix\"><\/div>\n        <\/div>\t\t\t\t<\/div>\n\t\t\t\t\t<\/div>\n\t\t\t\t<\/div>\n\t\t\t\t<\/div>\n\t\t","protected":false},"excerpt":{"rendered":"<p>Christian Rodr\u00edguez naci\u00f3 en Maryland, tiene 14 a\u00f1os y viaj\u00f3 a Guatemala para integrarse a la selecci\u00f3n sub 17. Su pap\u00e1 Winston Rodr\u00edguez, es de Chiquimulilla, Santa Rosa; su mam\u00e1, Nancy, naci\u00f3 en El Salvador. &#8220;Es una emoci\u00f3n grande&#8221;, dice Winston y esta es la historia. A los 14 a\u00f1os lleg\u00f3 a Estados Unidos Winston [&hellip;]<\/p>\n","protected":false},"author":7,"featured_media":10058,"comment_status":"open","ping_status":"open","sticky":false,"template":"","format":"standard","meta":{"_acf_changed":false,"_eb_attr":"","footnotes":""},"categories":[54],"tags":[],"class_list":["post-10057","post","type-post","status-publish","format-standard","has-post-thumbnail","hentry","category-estamos-unidos"],"acf":[],"aioseo_notices":[],"aioseo_head":"\n\t\t<!-- All in One SEO Pro 4.9.6.2 - aioseo.com -->\n\t<meta name=\"description\" content=\"Exitosa profesional guatemalteca Velvet Hern\u00e1ndez-Johnson labora en una compa\u00f1\u00eda de Georgia y vive en Tennessee, en donde impulsa programas educativos para migrantes Velvet Hern\u00e1ndez no pensaba quedarse a vivir en Estados Unidos cuando migr\u00f3 en 2005 para estudiar su Bachelor en Negocios y Mercadeo, en la Universidad Harding de Arkansas. Despu\u00e9s siguieron los estudios de\" \/>\n\t<meta name=\"robots\" content=\"max-snippet:-1, max-image-preview:large, max-video-preview:-1\" \/>\n\t<meta name=\"author\" content=\"Gustavo Montenegro\"\/>\n\t<link rel=\"canonical\" href=\"https:\/\/soymigrante.com\/revista\/migrante-guatemalteca-apoya-a-compatriotas-en-tennessee\/\" \/>\n\t<meta name=\"generator\" content=\"All in One SEO Pro (AIOSEO) 4.9.6.2\" \/>\n\n\t\t<link rel=\"preconnect\" href=\"https:\/\/fonts.googleapis.com\" crossorigin>\n<link rel=\"preconnect\" href=\"https:\/\/fonts.gstatic.com\" crossorigin>\n\t\t<meta property=\"og:locale\" content=\"es_ES\" \/>\n\t\t<meta property=\"og:site_name\" content=\"SoyMigrante.com REVISTA \u2013 Nuestra misi\u00f3n es reconocer y dignificar al migrante.\" \/>\n\t\t<meta property=\"og:type\" content=\"article\" \/>\n\t\t<meta property=\"og:title\" content=\"Velvet Hern\u00e1ndez-Johnson triunfa en Tennessee y capacita a migrantes\" \/>\n\t\t<meta property=\"og:description\" content=\"Exitosa profesional guatemalteca Velvet Hern\u00e1ndez-Johnson labora en una compa\u00f1\u00eda de Georgia y vive en Tennessee, en donde impulsa programas educativos para migrantes Velvet Hern\u00e1ndez no pensaba quedarse a vivir en Estados Unidos cuando migr\u00f3 en 2005 para estudiar su Bachelor en Negocios y Mercadeo, en la Universidad Harding de Arkansas. Despu\u00e9s siguieron los estudios de\" \/>\n\t\t<meta property=\"og:url\" content=\"https:\/\/soymigrante.com\/revista\/migrante-guatemalteca-apoya-a-compatriotas-en-tennessee\/\" \/>\n\t\t<meta property=\"og:image\" content=\"https:\/\/soymigrante.com\/revista\/wp-content\/uploads\/2023\/06\/Migrante-guatemalteca-Velvet-Hernandez-Johnson-triunfa-como-profesional-en-Estados-Unidos-y-apoya-a-migrantes-hispanos-a-traves-de-voluntariados-2.webp\" \/>\n\t\t<meta property=\"og:image:secure_url\" content=\"https:\/\/soymigrante.com\/revista\/wp-content\/uploads\/2023\/06\/Migrante-guatemalteca-Velvet-Hernandez-Johnson-triunfa-como-profesional-en-Estados-Unidos-y-apoya-a-migrantes-hispanos-a-traves-de-voluntariados-2.webp\" \/>\n\t\t<meta property=\"og:image:width\" content=\"960\" \/>\n\t\t<meta property=\"og:image:height\" content=\"1280\" \/>\n\t\t<meta property=\"article:published_time\" content=\"2023-06-19T04:45:57+00:00\" \/>\n\t\t<meta property=\"article:modified_time\" content=\"2026-03-11T22:38:35+00:00\" \/>\n\t\t<meta property=\"article:publisher\" content=\"https:\/\/www.facebook.com\/soymigrantecom\" \/>\n\t\t<meta name=\"twitter:card\" content=\"summary_large_image\" \/>\n\t\t<meta name=\"twitter:site\" content=\"@SoyMigrante_com\" \/>\n\t\t<meta name=\"twitter:title\" content=\"Velvet Hern\u00e1ndez-Johnson triunfa en Tennessee y capacita a migrantes\" \/>\n\t\t<meta name=\"twitter:description\" content=\"Exitosa profesional guatemalteca Velvet Hern\u00e1ndez-Johnson labora en una compa\u00f1\u00eda de Georgia y vive en Tennessee, en donde impulsa programas educativos para migrantes Velvet Hern\u00e1ndez no pensaba quedarse a vivir en Estados Unidos cuando migr\u00f3 en 2005 para estudiar su Bachelor en Negocios y Mercadeo, en la Universidad Harding de Arkansas. Despu\u00e9s siguieron los estudios de\" \/>\n\t\t<meta name=\"twitter:creator\" content=\"@SoyMigrante_com\" \/>\n\t\t<meta name=\"twitter:image\" content=\"https:\/\/soymigrante.com\/revista\/wp-content\/uploads\/2023\/06\/Migrante-guatemalteca-Velvet-Hernandez-Johnson-triunfa-como-profesional-en-Estados-Unidos-y-apoya-a-migrantes-hispanos-a-traves-de-voluntariados-2.webp\" \/>\n\t\t<!-- All in One SEO Pro -->\r\n\t\t<title>Velvet Hern\u00e1ndez-Johnson triunfa en Tennessee y capacita a migrantes<\/title>\n\n","aioseo_head_json":{"title":"Velvet Hern\u00e1ndez-Johnson triunfa en Tennessee y capacita a migrantes","description":"Exitosa profesional guatemalteca Velvet Hern\u00e1ndez-Johnson labora en una compa\u00f1\u00eda de Georgia y vive en Tennessee, en donde impulsa programas educativos para migrantes Velvet Hern\u00e1ndez no pensaba quedarse a vivir en Estados Unidos cuando migr\u00f3 en 2005 para estudiar su Bachelor en Negocios y Mercadeo, en la Universidad Harding de Arkansas. Despu\u00e9s siguieron los estudios de","canonical_url":"https:\/\/soymigrante.com\/revista\/migrante-guatemalteca-apoya-a-compatriotas-en-tennessee\/","robots":"max-snippet:-1, max-image-preview:large, max-video-preview:-1","keywords":"","webmasterTools":{"miscellaneous":"&lt;link rel=\"preconnect\" href=\"https:\/\/fonts.googleapis.com\" crossorigin&gt;\n&lt;link rel=\"preconnect\" href=\"https:\/\/fonts.gstatic.com\" crossorigin&gt;"},"schema":null,"og:locale":"es_ES","og:site_name":"SoyMigrante.com REVISTA \u2013 Nuestra misi\u00f3n es reconocer y dignificar al migrante.","og:type":"article","og:title":"Velvet Hern\u00e1ndez-Johnson triunfa en Tennessee y capacita a migrantes","og:description":"Exitosa profesional guatemalteca Velvet Hern\u00e1ndez-Johnson labora en una compa\u00f1\u00eda de Georgia y vive en Tennessee, en donde impulsa programas educativos para migrantes Velvet Hern\u00e1ndez no pensaba quedarse a vivir en Estados Unidos cuando migr\u00f3 en 2005 para estudiar su Bachelor en Negocios y Mercadeo, en la Universidad Harding de Arkansas. Despu\u00e9s siguieron los estudios de","og:url":"https:\/\/soymigrante.com\/revista\/migrante-guatemalteca-apoya-a-compatriotas-en-tennessee\/","og:image":"https:\/\/soymigrante.com\/revista\/wp-content\/uploads\/2023\/06\/Migrante-guatemalteca-Velvet-Hernandez-Johnson-triunfa-como-profesional-en-Estados-Unidos-y-apoya-a-migrantes-hispanos-a-traves-de-voluntariados-2.webp","og:image:secure_url":"https:\/\/soymigrante.com\/revista\/wp-content\/uploads\/2023\/06\/Migrante-guatemalteca-Velvet-Hernandez-Johnson-triunfa-como-profesional-en-Estados-Unidos-y-apoya-a-migrantes-hispanos-a-traves-de-voluntariados-2.webp","og:image:width":960,"og:image:height":1280,"article:published_time":"2023-06-19T04:45:57+00:00","article:modified_time":"2026-03-11T22:38:35+00:00","article:publisher":"https:\/\/www.facebook.com\/soymigrantecom","twitter:card":"summary_large_image","twitter:site":"@SoyMigrante_com","twitter:title":"Velvet Hern\u00e1ndez-Johnson triunfa en Tennessee y capacita a migrantes","twitter:description":"Exitosa profesional guatemalteca Velvet Hern\u00e1ndez-Johnson labora en una compa\u00f1\u00eda de Georgia y vive en Tennessee, en donde impulsa programas educativos para migrantes Velvet Hern\u00e1ndez no pensaba quedarse a vivir en Estados Unidos cuando migr\u00f3 en 2005 para estudiar su Bachelor en Negocios y Mercadeo, en la Universidad Harding de Arkansas. Despu\u00e9s siguieron los estudios de","twitter:creator":"@SoyMigrante_com","twitter:image":"https:\/\/soymigrante.com\/revista\/wp-content\/uploads\/2023\/06\/Migrante-guatemalteca-Velvet-Hernandez-Johnson-triunfa-como-profesional-en-Estados-Unidos-y-apoya-a-migrantes-hispanos-a-traves-de-voluntariados-2.webp"},"aioseo_meta_data":{"post_id":"10057","title":"Padres de seleccionado sub-17 animan deporte y exigen estudio","description":"Winston y Nancy Rodr\u00edguez cultivan en su hijo Christian el entusiasmo por el futbol. Fue convocado al seleccionado guatemalteco sub-17, con una condici\u00f3n:","keywords":null,"keyphrases":{"focus":{"keyphrase":"Migrantes","score":51,"analysis":{"keyphraseInTitle":{"score":3,"maxScore":9,"error":1},"keyphraseInDescription":{"score":3,"maxScore":9,"error":1},"keyphraseLength":{"score":9,"maxScore":9,"error":0,"length":1},"keyphraseInURL":{"score":5,"maxScore":5,"error":0},"keyphraseInIntroduction":{"score":3,"maxScore":9,"error":1},"keyphraseInSubHeadings":{"score":3,"maxScore":9,"error":1},"keyphraseInImageAlt":{"score":9,"maxScore":9,"error":0},"keywordDensity":{"score":0,"type":"low","maxScore":9,"error":1}}},"additional":[{"keyphrase":"Sub 17","score":53,"analysis":{"keyphraseInDescription":{"score":3,"maxScore":9,"error":1},"keyphraseLength":{"score":9,"maxScore":9,"error":0,"length":2},"keyphraseInIntroduction":{"score":3,"maxScore":9,"error":1},"keyphraseInImageAlt":{"score":9,"maxScore":9,"error":0},"keywordDensity":{"score":0,"type":"low","maxScore":9,"error":1}}},{"keyphrase":"F\u00fatbol","score":53,"analysis":{"keyphraseInDescription":{"score":9,"maxScore":9,"error":0},"keyphraseLength":{"score":9,"maxScore":9,"error":0,"length":2},"keyphraseInIntroduction":{"score":3,"maxScore":9,"error":1},"keyphraseInImageAlt":{"score":3,"maxScore":9,"error":1},"keywordDensity":{"score":0,"type":"low","maxScore":9,"error":1}}}]},"primary_term":null,"canonical_url":null,"og_title":null,"og_description":null,"og_object_type":"default","og_image_type":"default","og_image_url":null,"og_image_width":null,"og_image_height":null,"og_image_custom_url":null,"og_image_custom_fields":null,"og_video":"","og_custom_url":null,"og_article_section":null,"og_article_tags":null,"twitter_use_og":false,"twitter_card":"default","twitter_image_type":"default","twitter_image_url":null,"twitter_image_custom_url":null,"twitter_image_custom_fields":null,"twitter_title":null,"twitter_description":null,"schema":{"blockGraphs":[],"customGraphs":[],"default":{"data":{"Article":[],"Course":[],"Dataset":[],"FAQPage":[],"Movie":[],"Person":[],"Product":[],"ProductReview":[],"Car":[],"Recipe":[],"Service":[],"SoftwareApplication":[],"WebPage":[]},"graphName":"Article","isEnabled":true},"graphs":[]},"schema_type":"default","schema_type_options":null,"pillar_content":false,"robots_default":true,"robots_noindex":false,"robots_noarchive":false,"robots_nosnippet":false,"robots_nofollow":false,"robots_noimageindex":false,"robots_noodp":false,"robots_notranslate":false,"robots_max_snippet":"-1","robots_max_videopreview":"-1","robots_max_imagepreview":"large","priority":null,"frequency":"default","local_seo":null,"seo_analyzer_scan_date":"2025-10-08 23:32:44","breadcrumb_settings":null,"limit_modified_date":false,"reviewed_by":null,"open_ai":"{\"title\":{\"suggestions\":[],\"usage\":0},\"description\":{\"suggestions\":[],\"usage\":0}}","ai":null,"created":"2024-10-06 03:47:12","updated":"2026-02-04 14:10:26"},"aioseo_breadcrumb":"<div class=\"aioseo-breadcrumbs\"><span class=\"aioseo-breadcrumb\">\n\t<a href=\"https:\/\/soymigrante.com\/revista\" title=\"Home\">Home<\/a>\n<\/span><span class=\"aioseo-breadcrumb-separator\">\u00bb<\/span><span class=\"aioseo-breadcrumb\">\n\t<a href=\"https:\/\/soymigrante.com\/revista\/category\/estamos-unidos\/\" title=\"Estamos Unidos\">Estamos Unidos<\/a>\n<\/span><span class=\"aioseo-breadcrumb-separator\">\u00bb<\/span><span class=\"aioseo-breadcrumb\">\n\t\u201cQue juegue f\u00fatbol pero que estudie\u201d: Winston y Nancy,  migrantes y pap\u00e1s de seleccionado sub-17 Christian Rodr\u00edguez\n<\/span><\/div>","aioseo_breadcrumb_json":[{"label":"Home","link":"https:\/\/soymigrante.com\/revista"},{"label":"Estamos Unidos","link":"https:\/\/soymigrante.com\/revista\/category\/estamos-unidos\/"},{"label":"&#8220;Que juegue f\u00fatbol pero que estudie&#8221;: Winston y Nancy,  migrantes y pap\u00e1s de seleccionado sub-17 Christian Rodr\u00edguez","link":"https:\/\/soymigrante.com\/revista\/que-juegue-futbol-pero-que-estudie-winston-y-nancy-migrantes-y-papas-de-seleccionado-sub-17\/"}],"_links":{"self":[{"href":"https:\/\/soymigrante.com\/revista\/wp-json\/wp\/v2\/posts\/10057","targetHints":{"allow":["GET"]}}],"collection":[{"href":"https:\/\/soymigrante.com\/revista\/wp-json\/wp\/v2\/posts"}],"about":[{"href":"https:\/\/soymigrante.com\/revista\/wp-json\/wp\/v2\/types\/post"}],"author":[{"embeddable":true,"href":"https:\/\/soymigrante.com\/revista\/wp-json\/wp\/v2\/users\/7"}],"replies":[{"embeddable":true,"href":"https:\/\/soymigrante.com\/revista\/wp-json\/wp\/v2\/comments?post=10057"}],"version-history":[{"count":0,"href":"https:\/\/soymigrante.com\/revista\/wp-json\/wp\/v2\/posts\/10057\/revisions"}],"wp:featuredmedia":[{"embeddable":true,"href":"https:\/\/soymigrante.com\/revista\/wp-json\/wp\/v2\/media\/10058"}],"wp:attachment":[{"href":"https:\/\/soymigrante.com\/revista\/wp-json\/wp\/v2\/media?parent=10057"}],"wp:term":[{"taxonomy":"category","embeddable":true,"href":"https:\/\/soymigrante.com\/revista\/wp-json\/wp\/v2\/categories?post=10057"},{"taxonomy":"post_tag","embeddable":true,"href":"https:\/\/soymigrante.com\/revista\/wp-json\/wp\/v2\/tags?post=10057"}],"curies":[{"name":"wp","href":"https:\/\/api.w.org\/{rel}","templated":true}]}}