{"id":10017,"date":"2024-10-08T11:10:15","date_gmt":"2024-10-08T17:10:15","guid":{"rendered":"https:\/\/soymigrante.com\/revista\/?p=10017"},"modified":"2024-10-08T11:12:49","modified_gmt":"2024-10-08T17:12:49","slug":"la-emocion-de-ir-al-estadio-migrantes-guatemaltecos-en-usa","status":"publish","type":"post","link":"https:\/\/soymigrante.com\/revista\/la-emocion-de-ir-al-estadio-migrantes-guatemaltecos-en-usa\/","title":{"rendered":"La emoci\u00f3n de ir al estadio: Migrantes guatemaltecos en USA"},"content":{"rendered":"\t\t<div data-elementor-type=\"wp-post\" data-elementor-id=\"10017\" class=\"elementor elementor-10017\" data-elementor-post-type=\"post\">\n\t\t\t\t<div data-particle_enable=\"false\" data-particle-mobile-disabled=\"false\" class=\"elementor-element elementor-element-ef3ff7f e-flex e-con-boxed e-con e-parent\" data-id=\"ef3ff7f\" data-element_type=\"container\" data-e-type=\"container\">\n\t\t\t\t\t<div class=\"e-con-inner\">\n\t\t\t\t<div class=\"elementor-element elementor-element-f2de854 elementor-widget elementor-widget-heading\" data-id=\"f2de854\" data-element_type=\"widget\" data-e-type=\"widget\" data-widget_type=\"heading.default\">\n\t\t\t\t\t<h2 class=\"elementor-heading-title elementor-size-default\">La emoci\u00f3n de ir al estadio se transforma en un reencuentro, en una fiesta comunitaria donde se vive, se sufre y se celebra al ritmo de los colores azul y blanco.\n <\/h2>\t\t\t\t<\/div>\n\t\t\t\t\t<\/div>\n\t\t\t\t<\/div>\n\t\t<div data-particle_enable=\"false\" data-particle-mobile-disabled=\"false\" class=\"elementor-element elementor-element-38a61a4 e-flex e-con-boxed e-con e-parent\" data-id=\"38a61a4\" data-element_type=\"container\" data-e-type=\"container\">\n\t\t\t\t\t<div class=\"e-con-inner\">\n\t\t\t\t<div class=\"elementor-element elementor-element-d4380c3 elementor-widget elementor-widget-text-editor\" data-id=\"d4380c3\" data-element_type=\"widget\" data-e-type=\"widget\" data-widget_type=\"text-editor.default\">\n\t\t\t\t\t\t\t\t\t<p>Cada vez que la selecci\u00f3n de Guatemala juega en Estados Unidos, miles de migrantes guatemaltecos se preparan para vivir uno de los momentos m\u00e1s emocionantes del a\u00f1o. No es solo un partido de f\u00fatbol; <a href=\"https:\/\/soymigrante.com\/revista\/claves-para-la-valorar-el-origen-guatemalteco-y-reforzar-la-dignidad-como-migrante-en-ee-uu\/\" target=\"_blank\" rel=\"noopener\">es una oportunidad de sentirse cerca de casa,<\/a> de conectar con sus ra\u00edces y de celebrar la pasi\u00f3n por el deporte que, aunque lejos de su tierra natal, sigue siendo una parte fundamental de sus vidas.<\/p>\t\t\t\t\t\t\t\t<\/div>\n\t\t\t\t\t<\/div>\n\t\t\t\t<\/div>\n\t\t<div data-particle_enable=\"false\" data-particle-mobile-disabled=\"false\" class=\"elementor-element elementor-element-b7a4f2b e-flex e-con-boxed e-con e-parent\" data-id=\"b7a4f2b\" data-element_type=\"container\" data-e-type=\"container\">\n\t\t\t\t\t<div class=\"e-con-inner\">\n\t\t\t\t<div class=\"elementor-element elementor-element-8965efd elementor-widget elementor-widget-heading\" data-id=\"8965efd\" data-element_type=\"widget\" data-e-type=\"widget\" data-widget_type=\"heading.default\">\n\t\t\t\t\t<h3 class=\"elementor-heading-title elementor-size-default\">Un evento lleno de emoci\u00f3n y nostalgia<\/h3>\t\t\t\t<\/div>\n\t\t\t\t\t<\/div>\n\t\t\t\t<\/div>\n\t\t<div data-particle_enable=\"false\" data-particle-mobile-disabled=\"false\" class=\"elementor-element elementor-element-fbb6458 e-flex e-con-boxed e-con e-parent\" data-id=\"fbb6458\" data-element_type=\"container\" data-e-type=\"container\">\n\t\t\t\t\t<div class=\"e-con-inner\">\n\t\t\t\t<div class=\"elementor-element elementor-element-22e6bea elementor-widget elementor-widget-text-editor\" data-id=\"22e6bea\" data-element_type=\"widget\" data-e-type=\"widget\" data-widget_type=\"text-editor.default\">\n\t\t\t\t\t\t\t\t\t<p>Para muchos migrantes guatemaltecos, ver a su selecci\u00f3n en un estadio de Estados Unidos es una experiencia que va mucho m\u00e1s all\u00e1 de un simple juego. En las tribunas, los c\u00e1nticos y <a href=\"https:\/\/soymigrante.com\/revista\/claves-para-la-valorar-el-origen-guatemalteco-y-reforzar-la-dignidad-como-migrante-en-ee-uu\/\" target=\"_blank\" rel=\"noopener\">el ambiente festivo crean un sentido de unidad que revive memorias de sus d\u00edas en Guatemala.<\/a><\/p><p>Familias enteras llegan al estadio luciendo camisetas de la selecci\u00f3n y banderas, listos para vivir una jornada que, aunque breve, les transporta a su tierra.<\/p><p>Carlos Hern\u00e1ndez, un migrante que lleva 15 a\u00f1os viviendo en Los \u00c1ngeles, describe la emoci\u00f3n de ver a Guatemala jugar: \u201cCada vez que la selecci\u00f3n viene, siento que parte de m\u00ed regresa a casa. Es como si nos reuni\u00e9ramos todos los guatemaltecos para recordar de d\u00f3nde venimos y para apoyar al equipo que representa nuestro orgullo nacional\u201d.<\/p>\t\t\t\t\t\t\t\t<\/div>\n\t\t\t\t\t<\/div>\n\t\t\t\t<\/div>\n\t\t<div data-particle_enable=\"false\" data-particle-mobile-disabled=\"false\" class=\"elementor-element elementor-element-6371a25 e-flex e-con-boxed e-con e-parent\" data-id=\"6371a25\" data-element_type=\"container\" data-e-type=\"container\">\n\t\t\t\t\t<div class=\"e-con-inner\">\n\t\t\t\t<div class=\"elementor-element elementor-element-8929aeb elementor-widget elementor-widget-image\" data-id=\"8929aeb\" data-element_type=\"widget\" data-e-type=\"widget\" data-widget_type=\"image.default\">\n\t\t\t\t\t\t\t\t\t\t\t\t\t\t\t<img fetchpriority=\"high\" decoding=\"async\" width=\"768\" height=\"576\" src=\"https:\/\/soymigrante.com\/revista\/wp-content\/uploads\/2024\/10\/La-emocion-de-ir-al-estadio-Migrantes-guatemaltecos-en-USA-2.webp\" class=\"attachment-large size-large wp-image-10019\" alt=\"Viajeros y futbolistas con camiseta de squadra en una excursi\u00f3n en autob\u00fas en un d\u00eda soleado.\" srcset=\"https:\/\/soymigrante.com\/revista\/wp-content\/uploads\/2024\/10\/La-emocion-de-ir-al-estadio-Migrantes-guatemaltecos-en-USA-2.webp 960w, https:\/\/soymigrante.com\/revista\/wp-content\/uploads\/2024\/10\/La-emocion-de-ir-al-estadio-Migrantes-guatemaltecos-en-USA-2-300x225.webp 300w, https:\/\/soymigrante.com\/revista\/wp-content\/uploads\/2024\/10\/La-emocion-de-ir-al-estadio-Migrantes-guatemaltecos-en-USA-2-768x576.webp 768w, https:\/\/soymigrante.com\/revista\/wp-content\/uploads\/2024\/10\/La-emocion-de-ir-al-estadio-Migrantes-guatemaltecos-en-USA-2-750x563.webp 750w\" sizes=\"(max-width: 768px) 100vw, 768px\" title=\"La emocio\u0301n de ir al estadio Migrantes guatemaltecos en USA 2 \u2013 SoyMigrante.com REVISTA\" \/>\t\t\t\t\t\t\t\t\t\t\t\t\t\t\t<\/div>\n\t\t\t\t\t<\/div>\n\t\t\t\t<\/div>\n\t\t<div data-particle_enable=\"false\" data-particle-mobile-disabled=\"false\" class=\"elementor-element elementor-element-b94b08c e-flex e-con-boxed e-con e-parent\" data-id=\"b94b08c\" data-element_type=\"container\" data-e-type=\"container\">\n\t\t\t\t\t<div class=\"e-con-inner\">\n\t\t\t\t<div class=\"elementor-element elementor-element-b4934e5 elementor-widget elementor-widget-heading\" data-id=\"b4934e5\" data-element_type=\"widget\" data-e-type=\"widget\" data-widget_type=\"heading.default\">\n\t\t\t\t\t<h3 class=\"elementor-heading-title elementor-size-default\">La selecci\u00f3n como s\u00edmbolo de identidad y uni\u00f3n<\/h3>\t\t\t\t<\/div>\n\t\t\t\t\t<\/div>\n\t\t\t\t<\/div>\n\t\t<div data-particle_enable=\"false\" data-particle-mobile-disabled=\"false\" class=\"elementor-element elementor-element-682a94c e-flex e-con-boxed e-con e-parent\" data-id=\"682a94c\" data-element_type=\"container\" data-e-type=\"container\">\n\t\t\t\t\t<div class=\"e-con-inner\">\n\t\t\t\t<div class=\"elementor-element elementor-element-39b033c elementor-widget elementor-widget-text-editor\" data-id=\"39b033c\" data-element_type=\"widget\" data-e-type=\"widget\" data-widget_type=\"text-editor.default\">\n\t\t\t\t\t\t\t\t\t<p>En cada partido de la selecci\u00f3n de Guatemala, se refleja la identidad y el orgullo de los guatemaltecos en el extranjero. <a href=\"https:\/\/soymigrante.com\/revista\/claves-para-la-valorar-el-origen-guatemalteco-y-reforzar-la-dignidad-como-migrante-en-ee-uu\/\" target=\"_blank\" rel=\"noopener\">M\u00e1s all\u00e1 del resultado, lo importante es la oportunidad de mostrar su cultura y su amor por el pa\u00eds.<\/a><\/p><p>La experiencia de ver jugar a la selecci\u00f3n se convierte en una especie de ritual donde cada gol, cada pase y cada oportunidad se celebra con la misma intensidad.<\/p><p>Para Ana Ju\u00e1rez, quien emigr\u00f3 hace 8 a\u00f1os, asistir a estos partidos es una manera de mostrarle a sus hijos, nacidos en Estados Unidos, sus ra\u00edces: \u201cEs una emoci\u00f3n \u00fanica. Quiero que mis hijos sepan de d\u00f3nde venimos, que sientan el orgullo de ser guatemaltecos. Verlos gritar y cantar el himno en el estadio es algo que no tiene precio\u201d.<\/p>\t\t\t\t\t\t\t\t<\/div>\n\t\t\t\t\t<\/div>\n\t\t\t\t<\/div>\n\t\t<div data-particle_enable=\"false\" data-particle-mobile-disabled=\"false\" class=\"elementor-element elementor-element-11046a8 e-flex e-con-boxed e-con e-parent\" data-id=\"11046a8\" data-element_type=\"container\" data-e-type=\"container\">\n\t\t\t\t\t<div class=\"e-con-inner\">\n\t\t\t\t<div class=\"elementor-element elementor-element-8e74674 elementor-widget elementor-widget-heading\" data-id=\"8e74674\" data-element_type=\"widget\" data-e-type=\"widget\" data-widget_type=\"heading.default\">\n\t\t\t\t\t<h3 class=\"elementor-heading-title elementor-size-default\">El ambiente en el estadio: un pedazo de Guatemala en EE.UU.<\/h3>\t\t\t\t<\/div>\n\t\t\t\t\t<\/div>\n\t\t\t\t<\/div>\n\t\t<div data-particle_enable=\"false\" data-particle-mobile-disabled=\"false\" class=\"elementor-element elementor-element-ad89d46 e-flex e-con-boxed e-con e-parent\" data-id=\"ad89d46\" data-element_type=\"container\" data-e-type=\"container\">\n\t\t\t\t\t<div class=\"e-con-inner\">\n\t\t\t\t<div class=\"elementor-element elementor-element-96511b6 elementor-widget elementor-widget-text-editor\" data-id=\"96511b6\" data-element_type=\"widget\" data-e-type=\"widget\" data-widget_type=\"text-editor.default\">\n\t\t\t\t\t\t\t\t\t<p>Cuando Guatemala juega en Estados Unidos, los estadios se transforman en peque\u00f1as sedes de la cultura guatemalteca. Los vendedores de banderas, las camisetas azul y blanco, los rostros pintados, y los platillos t\u00edpicos que se venden en los alrededores crean un ambiente que recuerda a las celebraciones de fiestas nacionales. <a href=\"https:\/\/soymigrante.com\/revista\/claves-para-la-valorar-el-origen-guatemalteco-y-reforzar-la-dignidad-como-migrante-en-ee-uu\/\" target=\"_blank\" rel=\"noopener\">Desde la emoci\u00f3n de entonar el himno nacional hasta los tambores y trompetas que marcan el ritmo en las tribunas<\/a>, el ambiente en el estadio es una mezcla de fiesta y nostalgia.<\/p><p>Incluso para quienes no son aficionados al f\u00fatbol, el evento se convierte en una oportunidad de reencontrarse con amigos y familiares. Los guatemaltecos que viven en diferentes ciudades aprovechan estos partidos para reunirse y celebrar juntos, compartiendo historias y recordando sus experiencias en Guatemala.<\/p>\t\t\t\t\t\t\t\t<\/div>\n\t\t\t\t\t<\/div>\n\t\t\t\t<\/div>\n\t\t<div data-particle_enable=\"false\" data-particle-mobile-disabled=\"false\" class=\"elementor-element elementor-element-a52fc48 e-flex e-con-boxed e-con e-parent\" data-id=\"a52fc48\" data-element_type=\"container\" data-e-type=\"container\">\n\t\t\t\t\t<div class=\"e-con-inner\">\n\t\t\t\t<div class=\"elementor-element elementor-element-7054182 elementor-widget elementor-widget-image\" data-id=\"7054182\" data-element_type=\"widget\" data-e-type=\"widget\" data-widget_type=\"image.default\">\n\t\t\t\t\t\t\t\t\t\t\t\t\t\t\t<img decoding=\"async\" width=\"768\" height=\"432\" src=\"https:\/\/soymigrante.com\/revista\/wp-content\/uploads\/2024\/10\/La-emocion-de-ir-al-estadio-Migrantes-guatemaltecos-en-USA-3-1024x576.webp\" class=\"attachment-large size-large wp-image-10020\" alt=\"Estadio de f\u00fatbol con c\u00e9sped y pista de atletismo, vista desde las gradas, con personas y equipos en los alrededores en un d\u00eda soleado, en un contexto deportivo.\" srcset=\"https:\/\/soymigrante.com\/revista\/wp-content\/uploads\/2024\/10\/La-emocion-de-ir-al-estadio-Migrantes-guatemaltecos-en-USA-3-1024x576.webp 1024w, https:\/\/soymigrante.com\/revista\/wp-content\/uploads\/2024\/10\/La-emocion-de-ir-al-estadio-Migrantes-guatemaltecos-en-USA-3-300x169.webp 300w, https:\/\/soymigrante.com\/revista\/wp-content\/uploads\/2024\/10\/La-emocion-de-ir-al-estadio-Migrantes-guatemaltecos-en-USA-3-768x432.webp 768w, https:\/\/soymigrante.com\/revista\/wp-content\/uploads\/2024\/10\/La-emocion-de-ir-al-estadio-Migrantes-guatemaltecos-en-USA-3-1536x864.webp 1536w, https:\/\/soymigrante.com\/revista\/wp-content\/uploads\/2024\/10\/La-emocion-de-ir-al-estadio-Migrantes-guatemaltecos-en-USA-3-750x422.webp 750w, https:\/\/soymigrante.com\/revista\/wp-content\/uploads\/2024\/10\/La-emocion-de-ir-al-estadio-Migrantes-guatemaltecos-en-USA-3-1140x641.jpeg 1140w, https:\/\/soymigrante.com\/revista\/wp-content\/uploads\/2024\/10\/La-emocion-de-ir-al-estadio-Migrantes-guatemaltecos-en-USA-3.webp 1600w\" sizes=\"(max-width: 768px) 100vw, 768px\" title=\"La emocio\u0301n de ir al estadio Migrantes guatemaltecos en USA 3 \u2013 SoyMigrante.com REVISTA\" \/>\t\t\t\t\t\t\t\t\t\t\t\t\t\t\t<\/div>\n\t\t\t\t\t<\/div>\n\t\t\t\t<\/div>\n\t\t<div data-particle_enable=\"false\" data-particle-mobile-disabled=\"false\" class=\"elementor-element elementor-element-d61c6fd e-flex e-con-boxed e-con e-parent\" data-id=\"d61c6fd\" data-element_type=\"container\" data-e-type=\"container\">\n\t\t\t\t\t<div class=\"e-con-inner\">\n\t\t\t\t<div class=\"elementor-element elementor-element-d680b52 elementor-widget elementor-widget-heading\" data-id=\"d680b52\" data-element_type=\"widget\" data-e-type=\"widget\" data-widget_type=\"heading.default\">\n\t\t\t\t\t<h3 class=\"elementor-heading-title elementor-size-default\">La conexi\u00f3n emocional de un partido de f\u00fatbol<\/h3>\t\t\t\t<\/div>\n\t\t\t\t\t<\/div>\n\t\t\t\t<\/div>\n\t\t<div data-particle_enable=\"false\" data-particle-mobile-disabled=\"false\" class=\"elementor-element elementor-element-e60cb3c e-flex e-con-boxed e-con e-parent\" data-id=\"e60cb3c\" data-element_type=\"container\" data-e-type=\"container\">\n\t\t\t\t\t<div class=\"e-con-inner\">\n\t\t\t\t<div class=\"elementor-element elementor-element-c26727e elementor-widget elementor-widget-text-editor\" data-id=\"c26727e\" data-element_type=\"widget\" data-e-type=\"widget\" data-widget_type=\"text-editor.default\">\n\t\t\t\t\t\t\t\t\t<p>Para muchos migrantes guatemaltecos, el f\u00fatbol se convierte en un s\u00edmbolo de resistencia y esperanza. La selecci\u00f3n nacional, al igual que ellos, ha enfrentado desaf\u00edos y momentos dif\u00edciles. En cierto sentido, el equipo nacional representa la lucha y el esfuerzo de todos los guatemaltecos que han emigrado en busca de un mejor futuro.<\/p><p>Jos\u00e9 Mart\u00ednez, quien viaj\u00f3 desde Houston para ver un partido en Los \u00c1ngeles, lo expresa con emoci\u00f3n: \u201cVer a Guatemala jugar es una manera de sentir que todo el esfuerzo ha valido la pena. Estar aqu\u00ed, entre guatemaltecos, gritar y apoyar al equipo, es como decir que no importa d\u00f3nde estemos, nuestro coraz\u00f3n sigue en Guatemala\u201d.<\/p>\t\t\t\t\t\t\t\t<\/div>\n\t\t\t\t\t<\/div>\n\t\t\t\t<\/div>\n\t\t<div data-particle_enable=\"false\" data-particle-mobile-disabled=\"false\" class=\"elementor-element elementor-element-e460398 e-flex e-con-boxed e-con e-parent\" data-id=\"e460398\" data-element_type=\"container\" data-e-type=\"container\">\n\t\t\t\t\t<div class=\"e-con-inner\">\n\t\t\t\t<div class=\"elementor-element elementor-element-91f11b6 elementor-widget elementor-widget-heading\" data-id=\"91f11b6\" data-element_type=\"widget\" data-e-type=\"widget\" data-widget_type=\"heading.default\">\n\t\t\t\t\t<h3 class=\"elementor-heading-title elementor-size-default\">La experiencia de asistir al estadio: una tradici\u00f3n que se hereda<\/h3>\t\t\t\t<\/div>\n\t\t\t\t\t<\/div>\n\t\t\t\t<\/div>\n\t\t<div data-particle_enable=\"false\" data-particle-mobile-disabled=\"false\" class=\"elementor-element elementor-element-6d0c923 e-flex e-con-boxed e-con e-parent\" data-id=\"6d0c923\" data-element_type=\"container\" data-e-type=\"container\">\n\t\t\t\t\t<div class=\"e-con-inner\">\n\t\t\t\t<div class=\"elementor-element elementor-element-2ee877a elementor-widget elementor-widget-text-editor\" data-id=\"2ee877a\" data-element_type=\"widget\" data-e-type=\"widget\" data-widget_type=\"text-editor.default\">\n\t\t\t\t\t\t\t\t\t<p>Para las nuevas generaciones de guatemaltecos nacidos en Estados Unidos, estos partidos son tambi\u00e9n una oportunidad para entender mejor sus ra\u00edces y compartir la pasi\u00f3n que sus padres y abuelos sienten por la selecci\u00f3n. <a href=\"https:\/\/soymigrante.com\/revista\/claves-para-la-valorar-el-origen-guatemalteco-y-reforzar-la-dignidad-como-migrante-en-ee-uu\/\" target=\"_blank\" rel=\"noopener\">Muchos migrantes aprovechan estos eventos para inculcar en sus hijos el amor por su cultura<\/a> y la importancia de no olvidar sus or\u00edgenes.<\/p><p>Laura G\u00f3mez, madre de dos ni\u00f1os, cuenta como estos partidos le permiten ense\u00f1arles sobre Guatemala: \u201cMis hijos no han tenido la oportunidad de conocer el pa\u00eds, pero cada vez que la selecci\u00f3n juega aqu\u00ed, siento que est\u00e1n m\u00e1s cerca de nuestra tierra. Les explico sobre los colores de la bandera, les ense\u00f1o el himno, y cuando estamos todos en el estadio, les digo que eso es parte de ser guatemalteco\u201d.<\/p><p>La emoci\u00f3n de ir al estadio para ver a la selecci\u00f3n de Guatemala se ha convertido en una tradici\u00f3n para muchos migrantes guatemaltecos en Estados Unidos. En cada partido, el sentimiento de pertenencia y orgullo se vive con intensidad, y el f\u00fatbol se transforma en un v\u00ednculo que conecta generaciones y celebra la identidad guatemalteca. Lejos de su pa\u00eds, la selecci\u00f3n se convierte en un s\u00edmbolo de esperanza y unidad, una manera de recordar que, sin importar la distancia, el coraz\u00f3n sigue latiendo por Guatemala.<\/p>\t\t\t\t\t\t\t\t<\/div>\n\t\t\t\t\t<\/div>\n\t\t\t\t<\/div>\n\t\t<div data-particle_enable=\"false\" data-particle-mobile-disabled=\"false\" class=\"elementor-element elementor-element-35dbb18 e-flex e-con-boxed e-con e-parent\" data-id=\"35dbb18\" data-element_type=\"container\" data-e-type=\"container\">\n\t\t\t\t\t<div class=\"e-con-inner\">\n\t\t\t\t<div class=\"elementor-element elementor-element-2e90131 elementor-widget elementor-widget-video\" data-id=\"2e90131\" data-element_type=\"widget\" data-e-type=\"widget\" data-settings=\"{&quot;youtube_url&quot;:&quot;https:\\\/\\\/www.youtube.com\\\/watch?v=PCe12pyjZ50&quot;,&quot;video_type&quot;:&quot;youtube&quot;,&quot;controls&quot;:&quot;yes&quot;}\" data-widget_type=\"video.default\">\n\t\t\t\t\t\t\t<div class=\"elementor-wrapper elementor-open-inline\">\n\t\t\t<div class=\"elementor-video\"><\/div>\t\t<\/div>\n\t\t\t\t\t\t<\/div>\n\t\t\t\t\t<\/div>\n\t\t\t\t<\/div>\n\t\t<div data-particle_enable=\"false\" data-particle-mobile-disabled=\"false\" class=\"elementor-element elementor-element-c07fdb0 e-flex e-con-boxed e-con e-parent\" data-id=\"c07fdb0\" data-element_type=\"container\" data-e-type=\"container\">\n\t\t\t\t\t<div class=\"e-con-inner\">\n\t\t\t\t<div class=\"elementor-element elementor-element-552ac97 elementor-widget elementor-widget-heading\" data-id=\"552ac97\" data-element_type=\"widget\" data-e-type=\"widget\" data-widget_type=\"heading.default\">\n\t\t\t\t\t<h2 class=\"elementor-heading-title elementor-size-default\">Te puede interesar...<\/h2>\t\t\t\t<\/div>\n\t\t\t\t\t<\/div>\n\t\t\t\t<\/div>\n\t\t<div data-particle_enable=\"false\" data-particle-mobile-disabled=\"false\" class=\"elementor-element elementor-element-729bffc e-flex e-con-boxed e-con e-parent\" data-id=\"729bffc\" data-element_type=\"container\" data-e-type=\"container\">\n\t\t\t\t\t<div class=\"e-con-inner\">\n\t\t\t\t<div class=\"elementor-element elementor-element-2895701 elementor-widget elementor-widget-blfe-post-grid\" data-id=\"2895701\" data-element_type=\"widget\" data-e-type=\"widget\" data-settings=\"{&quot;columns&quot;:&quot;3&quot;,&quot;columns_tablet&quot;:&quot;6&quot;,&quot;columns_mobile&quot;:&quot;12&quot;,&quot;hero1_layout_column_gap&quot;:{&quot;unit&quot;:&quot;px&quot;,&quot;size&quot;:30,&quot;sizes&quot;:[]},&quot;hero1_layout_column_gap_tablet&quot;:{&quot;unit&quot;:&quot;px&quot;,&quot;size&quot;:&quot;&quot;,&quot;sizes&quot;:[]},&quot;hero1_layout_column_gap_mobile&quot;:{&quot;unit&quot;:&quot;px&quot;,&quot;size&quot;:&quot;&quot;,&quot;sizes&quot;:[]},&quot;hero1_layout_row_gap&quot;:{&quot;unit&quot;:&quot;px&quot;,&quot;size&quot;:30,&quot;sizes&quot;:[]},&quot;hero1_layout_row_gap_tablet&quot;:{&quot;unit&quot;:&quot;px&quot;,&quot;size&quot;:&quot;&quot;,&quot;sizes&quot;:[]},&quot;hero1_layout_row_gap_mobile&quot;:{&quot;unit&quot;:&quot;px&quot;,&quot;size&quot;:&quot;&quot;,&quot;sizes&quot;:[]}}\" data-widget_type=\"blfe-post-grid.hero1\">\n\t\t\t\t<div class=\"elementor-widget-container\">\n\t\t\t\t\t\n                        <div class=\"blfe-post-grid-container \">\n            \n                <div data-skin=\"hero1\" class=\"blfe-row blfe-posts-inner blfe-hero1 blfe-posts-inner blfe-col-3 blfe-col-tab-6 blfe-col-mob-12     \">\n                            <div class=\"blfe-post-grid-item\">\n            <div class=\"blfe-post-grid-item-inner blfe-modern-zoom\">\n                        <div class=\"blfe-post-grid-bg-image\">\n            <a class=\"blfe-post-grid-image-inner\" href=\"https:\/\/soymigrante.com\/revista\/biologo-y-escritor-migrante-rene-corado-vive-asi-sus-vacaciones-y-su-cumpleanos-en-guatemala\/\" title=\"Bi\u00f3logo y escritor migrante  Ren\u00e9 Corado vive as\u00ed sus vacaciones \u00a1y su cumplea\u00f1os! en Guatemala\" rel=\"nofollow\" target=\"_blank\"><img decoding=\"async\" src=\"https:\/\/soymigrante.com\/revista\/wp-content\/uploads\/2024\/08\/Captura-de-pantalla-2024-08-30-095638.webp\" alt=\"Bi\u00f3logo y escritor migrante  Ren\u00e9 Corado vive as\u00ed sus vacaciones \u00a1y su cumplea\u00f1os! en Guatemala\"\/><\/a>        <\/div>\n                        <div class=\"blfe-post-grid-details\">\n                    <div class=\"blfe-post-grid-details-inner\">\n                        <span class=\"blfe-post-category\"><a href=\"https:\/\/soymigrante.com\/revista\/category\/guate-nuestra\/\">Guate Nuestra<\/a><\/span>                        <h3 class=\"blfe-post-grid-title\">\n            <a href=\"https:\/\/soymigrante.com\/revista\/biologo-y-escritor-migrante-rene-corado-vive-asi-sus-vacaciones-y-su-cumpleanos-en-guatemala\/\" title=\"Bi\u00f3logo y escritor migrante  Ren\u00e9 Corado vive as\u00ed sus vacaciones \u00a1y su cumplea\u00f1os! en Guatemala\" rel=\"nofollow\" target=\"_blank\">Bi\u00f3logo y escritor migrante  Ren\u00e9 Corado vive as\u00ed sus vacaciones \u00a1y su cumplea\u00f1os! en Guatemala<\/a>\n            <\/h3>                                                            <div class=\"blfe-post-grid-meta\">\n                <span class=\"blfe-post-grid-time\"><i class=\"fas fa-book-reader\"><\/i>6 Min read<\/span>            <\/div>\n                                                        <\/div>\n                <\/div>\n\n            <\/div>\n        <\/div>\n                <div class=\"blfe-post-grid-item\">\n            <div class=\"blfe-post-grid-item-inner blfe-modern-zoom\">\n                        <div class=\"blfe-post-grid-bg-image\">\n            <a class=\"blfe-post-grid-image-inner\" href=\"https:\/\/soymigrante.com\/revista\/que-significa-el-huerto-elaborado-para-velaciones-y-semana-santa-en-guatemala\/\" title=\"\u00bfQu\u00e9 significa el huerto elaborado para velaciones y Semana Santa en Guatemala?\" rel=\"nofollow\" target=\"_blank\"><img decoding=\"async\" src=\"https:\/\/soymigrante.com\/revista\/wp-content\/uploads\/2026\/03\/huertos-y-velaciones-fotos-michelle-gonzalez-2.jpeg\" alt=\"\u00bfQu\u00e9 significa el huerto elaborado para velaciones y Semana Santa en Guatemala?\"\/><\/a>        <\/div>\n                        <div class=\"blfe-post-grid-details\">\n                    <div class=\"blfe-post-grid-details-inner\">\n                        <span class=\"blfe-post-category\"><a href=\"https:\/\/soymigrante.com\/revista\/category\/guate-nuestra\/arte-cultura\/\">Cultura de Guatemala<\/a><\/span>                        <h3 class=\"blfe-post-grid-title\">\n            <a href=\"https:\/\/soymigrante.com\/revista\/que-significa-el-huerto-elaborado-para-velaciones-y-semana-santa-en-guatemala\/\" title=\"\u00bfQu\u00e9 significa el huerto elaborado para velaciones y Semana Santa en Guatemala?\" rel=\"nofollow\" target=\"_blank\">\u00bfQu\u00e9 significa el huerto elaborado para velaciones y Semana Santa en Guatemala?<\/a>\n            <\/h3>                                                            <div class=\"blfe-post-grid-meta\">\n                <span class=\"blfe-post-grid-time\"><i class=\"fas fa-book-reader\"><\/i>7 Min read<\/span>            <\/div>\n                                                        <\/div>\n                <\/div>\n\n            <\/div>\n        <\/div>\n                <div class=\"blfe-post-grid-item\">\n            <div class=\"blfe-post-grid-item-inner blfe-modern-zoom\">\n                        <div class=\"blfe-post-grid-bg-image\">\n            <a class=\"blfe-post-grid-image-inner\" href=\"https:\/\/soymigrante.com\/revista\/cronica-en-imagenes-asi-se-vivio-con-alegria-y-tradicion-la-fiesta-de-barriletes-gigantes-de-sumpango\/\" title=\"Cr\u00f3nica con im\u00e1genes: as\u00ed se vivi\u00f3 con alegr\u00eda y tradici\u00f3n la fiesta de Barriletes Gigantes de Sumpango\" rel=\"nofollow\" target=\"_blank\"><img decoding=\"async\" src=\"https:\/\/soymigrante.com\/revista\/wp-content\/uploads\/2024\/11\/Festival-de-Barriletes-de-Sumpango-c.webp\" alt=\"Cr\u00f3nica con im\u00e1genes: as\u00ed se vivi\u00f3 con alegr\u00eda y tradici\u00f3n la fiesta de Barriletes Gigantes de Sumpango\"\/><\/a>        <\/div>\n                        <div class=\"blfe-post-grid-details\">\n                    <div class=\"blfe-post-grid-details-inner\">\n                        <span class=\"blfe-post-category\"><a href=\"https:\/\/soymigrante.com\/revista\/category\/guate-nuestra\/\">Guate Nuestra<\/a><\/span>                        <h3 class=\"blfe-post-grid-title\">\n            <a href=\"https:\/\/soymigrante.com\/revista\/cronica-en-imagenes-asi-se-vivio-con-alegria-y-tradicion-la-fiesta-de-barriletes-gigantes-de-sumpango\/\" title=\"Cr\u00f3nica con im\u00e1genes: as\u00ed se vivi\u00f3 con alegr\u00eda y tradici\u00f3n la fiesta de Barriletes Gigantes de Sumpango\" rel=\"nofollow\" target=\"_blank\">Cr\u00f3nica con im\u00e1genes: as\u00ed se vivi\u00f3 con alegr\u00eda y tradici\u00f3n la fiesta de Barriletes Gigantes de Sumpango<\/a>\n            <\/h3>                                                            <div class=\"blfe-post-grid-meta\">\n                <span class=\"blfe-post-grid-time\"><i class=\"fas fa-book-reader\"><\/i>6 Min read<\/span>            <\/div>\n                                                        <\/div>\n                <\/div>\n\n            <\/div>\n        <\/div>\n                        <\/div>\n\n                        <\/div>\n            \n                        <div class=\"blfe-post-footer\">\n                        <\/div>\n            \t\t\t\t<\/div>\n\t\t\t\t<\/div>\n\t\t\t\t\t<\/div>\n\t\t\t\t<\/div>\n\t\t\t\t<\/div>\n\t\t","protected":false},"excerpt":{"rendered":"<p>La emoci\u00f3n de ir al estadio se transforma en un reencuentro, en una fiesta comunitaria donde se vive, se sufre y se celebra al ritmo de los colores azul y blanco. Cada vez que la selecci\u00f3n de Guatemala juega en Estados Unidos, miles de migrantes guatemaltecos se preparan para vivir uno de los momentos m\u00e1s [&hellip;]<\/p>\n","protected":false},"author":19,"featured_media":10018,"comment_status":"open","ping_status":"open","sticky":false,"template":"","format":"standard","meta":{"_acf_changed":false,"_eb_attr":"","footnotes":""},"categories":[58],"tags":[],"class_list":["post-10017","post","type-post","status-publish","format-standard","has-post-thumbnail","hentry","category-guate-nuestra"],"acf":[],"aioseo_notices":[],"aioseo_head":"\n\t\t<!-- All in One SEO Pro 4.9.6.2 - aioseo.com -->\n\t<meta name=\"description\" content=\"Como se esperaba, los barriletes gigantes de Sumpango Sacatep\u00e9quez deslumbraron a los visitantes. Algunos volaron, otros no, pero marcaron el Festival del 2024\" \/>\n\t<meta name=\"robots\" content=\"max-snippet:-1, max-image-preview:large, max-video-preview:-1\" \/>\n\t<meta name=\"author\" content=\"SoyMigrante.com REVISTA\"\/>\n\t<link rel=\"canonical\" href=\"https:\/\/soymigrante.com\/revista\/cronica-en-imagenes-asi-se-vivio-con-alegria-y-tradicion-la-fiesta-de-barriletes-gigantes-de-sumpango\/\" \/>\n\t<meta name=\"generator\" content=\"All in One SEO Pro (AIOSEO) 4.9.6.2\" \/>\n\n\t\t<link rel=\"preconnect\" href=\"https:\/\/fonts.googleapis.com\" crossorigin>\n<link rel=\"preconnect\" href=\"https:\/\/fonts.gstatic.com\" crossorigin>\n\t\t<meta property=\"og:locale\" content=\"es_ES\" \/>\n\t\t<meta property=\"og:site_name\" content=\"SoyMigrante.com REVISTA \u2013 Nuestra misi\u00f3n es reconocer y dignificar al migrante.\" \/>\n\t\t<meta property=\"og:type\" content=\"article\" \/>\n\t\t<meta property=\"og:title\" content=\"Alegr\u00edas y nostalgias elevaron los barriletes de Sumpango\" \/>\n\t\t<meta property=\"og:description\" content=\"Como se esperaba, los barriletes gigantes de Sumpango Sacatep\u00e9quez deslumbraron a los visitantes. Algunos volaron, otros no, pero marcaron el Festival del 2024\" \/>\n\t\t<meta property=\"og:url\" content=\"https:\/\/soymigrante.com\/revista\/cronica-en-imagenes-asi-se-vivio-con-alegria-y-tradicion-la-fiesta-de-barriletes-gigantes-de-sumpango\/\" \/>\n\t\t<meta property=\"og:image\" content=\"https:\/\/soymigrante.com\/revista\/wp-content\/uploads\/2024\/11\/Festival-de-Barriletes-de-Sumpango-c.webp\" \/>\n\t\t<meta property=\"og:image:secure_url\" content=\"https:\/\/soymigrante.com\/revista\/wp-content\/uploads\/2024\/11\/Festival-de-Barriletes-de-Sumpango-c.webp\" \/>\n\t\t<meta property=\"og:image:width\" content=\"1301\" \/>\n\t\t<meta property=\"og:image:height\" content=\"1301\" \/>\n\t\t<meta property=\"article:published_time\" content=\"2024-11-02T16:51:25+00:00\" \/>\n\t\t<meta property=\"article:modified_time\" content=\"2024-11-05T18:20:42+00:00\" \/>\n\t\t<meta property=\"article:publisher\" content=\"https:\/\/www.facebook.com\/soymigrantecom\" \/>\n\t\t<meta name=\"twitter:card\" content=\"summary_large_image\" \/>\n\t\t<meta name=\"twitter:site\" content=\"@SoyMigrante_com\" \/>\n\t\t<meta name=\"twitter:title\" content=\"Alegr\u00edas y nostalgias elevaron los barriletes de Sumpango\" \/>\n\t\t<meta name=\"twitter:description\" content=\"Como se esperaba, los barriletes gigantes de Sumpango Sacatep\u00e9quez deslumbraron a los visitantes. Algunos volaron, otros no, pero marcaron el Festival del 2024\" \/>\n\t\t<meta name=\"twitter:creator\" content=\"@SoyMigrante_com\" \/>\n\t\t<meta name=\"twitter:image\" content=\"https:\/\/soymigrante.com\/revista\/wp-content\/uploads\/2024\/11\/Festival-de-Barriletes-de-Sumpango-c.webp\" \/>\n\t\t<!-- All in One SEO Pro -->\r\n\t\t<title>Alegr\u00edas y nostalgias elevaron los barriletes de Sumpango<\/title>\n\n","aioseo_head_json":{"title":"Alegr\u00edas y nostalgias elevaron los barriletes de Sumpango","description":"Como se esperaba, los barriletes gigantes de Sumpango Sacatep\u00e9quez deslumbraron a los visitantes. Algunos volaron, otros no, pero marcaron el Festival del 2024","canonical_url":"https:\/\/soymigrante.com\/revista\/cronica-en-imagenes-asi-se-vivio-con-alegria-y-tradicion-la-fiesta-de-barriletes-gigantes-de-sumpango\/","robots":"max-snippet:-1, max-image-preview:large, max-video-preview:-1","keywords":"","webmasterTools":{"miscellaneous":"&lt;link rel=\"preconnect\" href=\"https:\/\/fonts.googleapis.com\" crossorigin&gt;\n&lt;link rel=\"preconnect\" href=\"https:\/\/fonts.gstatic.com\" crossorigin&gt;"},"schema":null,"og:locale":"es_ES","og:site_name":"SoyMigrante.com REVISTA \u2013 Nuestra misi\u00f3n es reconocer y dignificar al migrante.","og:type":"article","og:title":"Alegr\u00edas y nostalgias elevaron los barriletes de Sumpango","og:description":"Como se esperaba, los barriletes gigantes de Sumpango Sacatep\u00e9quez deslumbraron a los visitantes. Algunos volaron, otros no, pero marcaron el Festival del 2024","og:url":"https:\/\/soymigrante.com\/revista\/cronica-en-imagenes-asi-se-vivio-con-alegria-y-tradicion-la-fiesta-de-barriletes-gigantes-de-sumpango\/","og:image":"https:\/\/soymigrante.com\/revista\/wp-content\/uploads\/2024\/11\/Festival-de-Barriletes-de-Sumpango-c.webp","og:image:secure_url":"https:\/\/soymigrante.com\/revista\/wp-content\/uploads\/2024\/11\/Festival-de-Barriletes-de-Sumpango-c.webp","og:image:width":1301,"og:image:height":1301,"article:published_time":"2024-11-02T16:51:25+00:00","article:modified_time":"2024-11-05T18:20:42+00:00","article:publisher":"https:\/\/www.facebook.com\/soymigrantecom","twitter:card":"summary_large_image","twitter:site":"@SoyMigrante_com","twitter:title":"Alegr\u00edas y nostalgias elevaron los barriletes de Sumpango","twitter:description":"Como se esperaba, los barriletes gigantes de Sumpango Sacatep\u00e9quez deslumbraron a los visitantes. Algunos volaron, otros no, pero marcaron el Festival del 2024","twitter:creator":"@SoyMigrante_com","twitter:image":"https:\/\/soymigrante.com\/revista\/wp-content\/uploads\/2024\/11\/Festival-de-Barriletes-de-Sumpango-c.webp"},"aioseo_meta_data":{"post_id":"10017","title":null,"description":"Acudir a ver a la selecci\u00f3n guatemalteca, a equipos chapines o juegos entre equipos locales es siempre un ritual de nostalgia, alegr\u00eda y entusiasmo","keywords":null,"keyphrases":{"focus":{"keyphrase":"MIGRANTES","score":82,"analysis":{"keyphraseInTitle":{"score":9,"maxScore":9,"error":0},"keyphraseInDescription":{"score":3,"maxScore":9,"error":1},"keyphraseLength":{"score":9,"maxScore":9,"error":0,"length":1},"keyphraseInURL":{"score":5,"maxScore":5,"error":0},"keyphraseInIntroduction":{"score":9,"maxScore":9,"error":0},"keyphraseInSubHeadings":{"score":3,"maxScore":9,"error":1},"keyphraseInImageAlt":{"score":9,"maxScore":9,"error":0},"keywordDensity":{"type":"best","score":9,"maxScore":9,"error":0}}},"additional":[{"keyphrase":"MIGRANTES","score":87,"analysis":{"keyphraseInDescription":{"score":3,"maxScore":9,"error":1},"keyphraseLength":{"score":9,"maxScore":9,"error":0,"length":1},"keyphraseInIntroduction":{"score":9,"maxScore":9,"error":0},"keyphraseInImageAlt":{"score":9,"maxScore":9,"error":0},"keywordDensity":{"type":"best","score":9,"maxScore":9,"error":0}}},{"keyphrase":"GUATEMALTECOS","score":87,"analysis":{"keyphraseInDescription":{"score":3,"maxScore":9,"error":1},"keyphraseLength":{"score":9,"maxScore":9,"error":0,"length":1},"keyphraseInIntroduction":{"score":9,"maxScore":9,"error":0},"keyphraseInImageAlt":{"score":9,"maxScore":9,"error":0},"keywordDensity":{"type":"best","score":9,"maxScore":9,"error":0}}}]},"primary_term":null,"canonical_url":null,"og_title":null,"og_description":null,"og_object_type":"default","og_image_type":"default","og_image_url":null,"og_image_width":null,"og_image_height":null,"og_image_custom_url":null,"og_image_custom_fields":null,"og_video":"","og_custom_url":null,"og_article_section":null,"og_article_tags":null,"twitter_use_og":false,"twitter_card":"default","twitter_image_type":"default","twitter_image_url":null,"twitter_image_custom_url":null,"twitter_image_custom_fields":null,"twitter_title":null,"twitter_description":null,"schema":{"blockGraphs":[],"customGraphs":[],"default":{"data":{"Article":[],"Course":[],"Dataset":[],"FAQPage":[],"Movie":[],"Person":[],"Product":[],"ProductReview":[],"Car":[],"Recipe":[],"Service":[],"SoftwareApplication":[],"WebPage":[]},"graphName":"Article","isEnabled":true},"graphs":[]},"schema_type":"default","schema_type_options":null,"pillar_content":false,"robots_default":true,"robots_noindex":false,"robots_noarchive":false,"robots_nosnippet":false,"robots_nofollow":false,"robots_noimageindex":false,"robots_noodp":false,"robots_notranslate":false,"robots_max_snippet":"-1","robots_max_videopreview":"-1","robots_max_imagepreview":"large","priority":null,"frequency":"default","local_seo":null,"seo_analyzer_scan_date":"2025-10-08 23:33:52","breadcrumb_settings":null,"limit_modified_date":false,"reviewed_by":null,"open_ai":"{\"title\":{\"suggestions\":[],\"usage\":0},\"description\":{\"suggestions\":[],\"usage\":0}}","ai":null,"created":"2024-10-04 17:02:32","updated":"2026-02-04 14:49:03"},"aioseo_breadcrumb":"<div class=\"aioseo-breadcrumbs\"><span class=\"aioseo-breadcrumb\">\n\t<a href=\"https:\/\/soymigrante.com\/revista\" title=\"Home\">Home<\/a>\n<\/span><span class=\"aioseo-breadcrumb-separator\">\u00bb<\/span><span class=\"aioseo-breadcrumb\">\n\t<a href=\"https:\/\/soymigrante.com\/revista\/category\/guate-nuestra\/\" title=\"Guate Nuestra\">Guate Nuestra<\/a>\n<\/span><span class=\"aioseo-breadcrumb-separator\">\u00bb<\/span><span class=\"aioseo-breadcrumb\">\n\tLa emoci\u00f3n de ir al estadio: Migrantes guatemaltecos en USA\n<\/span><\/div>","aioseo_breadcrumb_json":[{"label":"Home","link":"https:\/\/soymigrante.com\/revista"},{"label":"Guate Nuestra","link":"https:\/\/soymigrante.com\/revista\/category\/guate-nuestra\/"},{"label":"La emoci\u00f3n de ir al estadio: Migrantes guatemaltecos en USA","link":"https:\/\/soymigrante.com\/revista\/la-emocion-de-ir-al-estadio-migrantes-guatemaltecos-en-usa\/"}],"_links":{"self":[{"href":"https:\/\/soymigrante.com\/revista\/wp-json\/wp\/v2\/posts\/10017","targetHints":{"allow":["GET"]}}],"collection":[{"href":"https:\/\/soymigrante.com\/revista\/wp-json\/wp\/v2\/posts"}],"about":[{"href":"https:\/\/soymigrante.com\/revista\/wp-json\/wp\/v2\/types\/post"}],"author":[{"embeddable":true,"href":"https:\/\/soymigrante.com\/revista\/wp-json\/wp\/v2\/users\/19"}],"replies":[{"embeddable":true,"href":"https:\/\/soymigrante.com\/revista\/wp-json\/wp\/v2\/comments?post=10017"}],"version-history":[{"count":0,"href":"https:\/\/soymigrante.com\/revista\/wp-json\/wp\/v2\/posts\/10017\/revisions"}],"wp:featuredmedia":[{"embeddable":true,"href":"https:\/\/soymigrante.com\/revista\/wp-json\/wp\/v2\/media\/10018"}],"wp:attachment":[{"href":"https:\/\/soymigrante.com\/revista\/wp-json\/wp\/v2\/media?parent=10017"}],"wp:term":[{"taxonomy":"category","embeddable":true,"href":"https:\/\/soymigrante.com\/revista\/wp-json\/wp\/v2\/categories?post=10017"},{"taxonomy":"post_tag","embeddable":true,"href":"https:\/\/soymigrante.com\/revista\/wp-json\/wp\/v2\/tags?post=10017"}],"curies":[{"name":"wp","href":"https:\/\/api.w.org\/{rel}","templated":true}]}}